{"id":71421,"date":"2024-02-20T20:56:27","date_gmt":"2024-02-20T23:56:27","guid":{"rendered":"https:\/\/portalnpm.com\/?p=71421"},"modified":"2024-02-20T20:57:12","modified_gmt":"2024-02-20T23:57:12","slug":"fatal-acidente-entre-carretas-na-br-316-deixa-uma-vitima-no-interior-do-piaui","status":"publish","type":"post","link":"https:\/\/portalnpm.com\/index.php\/2024\/02\/20\/fatal-acidente-entre-carretas-na-br-316-deixa-uma-vitima-no-interior-do-piaui\/","title":{"rendered":"Acidente fatal entre carretas na BR 316 deixa uma v\u00edtima no interior do Piau\u00ed"},"content":{"rendered":"<p>Na noite de segunda-feira (19\/02), um tr\u00e1gico acidente entre duas carretas na BR 316, em Monsenhor Gil, resultou na perda de uma vida. A v\u00edtima, Mario Neri de Sousa, de 37 anos, foi fatalmente atingida.<\/p>\n<div class=\"big-image-noticia\">\n<div id=\"nbtioout\">\n<figure class=\"wp-caption alignnone\">\n<div id=\"nbtio\"><\/div>\n<\/figure>\n<\/div>\n<\/div>\n<p>As primeiras informa\u00e7\u00f5es indicam que o acidente ocorreu em meio a chuvas. Ambas as carretas terminaram seu percurso \u00e0s margens da rodovia, causando bloqueio do tr\u00e1fego na \u00e1rea do incidente.<\/p>\n<p>O SAMU foi rapidamente chamado e transportou Mario Neri de Sousa para o Hospital de Urg\u00eancia de Teresina (HUT), por\u00e9m, infelizmente, ele n\u00e3o resistiu e faleceu durante a madrugada de ter\u00e7a-feira (20).<\/p>\n<p>A Pol\u00edcia Rodovi\u00e1ria Federal foi despachada para o local, onde iniciou as investiga\u00e7\u00f5es para determinar as circunst\u00e2ncias do acidente. N\u00e3o foram divulgadas informa\u00e7\u00f5es sobre outras v\u00edtimas.<\/p>\n<p><em><strong>Fonte: 180graus<\/strong><\/em><\/p>\n","protected":false},"excerpt":{"rendered":"<p>Na noite de segunda-feira (19\/02), um tr\u00e1gico acidente entre duas carretas na BR 316, em Monsenhor Gil, resultou na perda de uma vida. A v\u00edtima, Mario Neri de Sousa, de 37 anos, foi fatalmente atingida. As primeiras informa\u00e7\u00f5es indicam que o acidente ocorreu em meio a chuvas. Ambas as carretas terminaram seu percurso \u00e0s margens &hellip;<\/p>\n","protected":false},"author":2,"featured_media":71422,"comment_status":"open","ping_status":"open","sticky":false,"template":"","format":"standard","meta":{"content-type":"","rop_custom_images_group":[],"rop_custom_messages_group":[],"rop_publish_now":"initial","rop_publish_now_accounts":{"facebook_2648258775420054_1618374048415101":""},"rop_publish_now_history":[],"rop_publish_now_status":"pending","footnotes":"","_jetpack_memberships_contains_paid_content":false},"categories":[125],"tags":[11990,154,6047,3528,894,4159,4437,395,911,187,4144,2299],"yoast_head":"<!-- This site is optimized with the Yoast SEO plugin v22.3 - https:\/\/yoast.com\/wordpress\/plugins\/seo\/ -->\n<title>Acidente fatal entre carretas na BR 316 deixa uma v\u00edtima no interior do Piau\u00ed - Portal NPM<\/title>\n<meta name=\"robots\" content=\"index, follow, max-snippet:-1, max-image-preview:large, max-video-preview:-1\" \/>\n<link rel=\"canonical\" href=\"https:\/\/portalnpm.com\/index.php\/2024\/02\/20\/fatal-acidente-entre-carretas-na-br-316-deixa-uma-vitima-no-interior-do-piaui\/\" \/>\n<meta property=\"og:locale\" content=\"pt_BR\" \/>\n<meta property=\"og:type\" content=\"article\" \/>\n<meta property=\"og:title\" content=\"Acidente fatal entre carretas na BR 316 deixa uma v\u00edtima no interior do Piau\u00ed - Portal NPM\" \/>\n<meta property=\"og:description\" content=\"Na noite de segunda-feira (19\/02), um tr\u00e1gico acidente entre duas carretas na BR 316, em Monsenhor Gil, resultou na perda de uma vida. A v\u00edtima, Mario Neri de Sousa, de 37 anos, foi fatalmente atingida. As primeiras informa\u00e7\u00f5es indicam que o acidente ocorreu em meio a chuvas. Ambas as carretas terminaram seu percurso \u00e0s margens &hellip;\" \/>\n<meta property=\"og:url\" content=\"https:\/\/portalnpm.com\/index.php\/2024\/02\/20\/fatal-acidente-entre-carretas-na-br-316-deixa-uma-vitima-no-interior-do-piaui\/\" \/>\n<meta property=\"og:site_name\" content=\"Portal NPM\" \/>\n<meta property=\"article:published_time\" content=\"2024-02-20T23:56:27+00:00\" \/>\n<meta property=\"article:modified_time\" content=\"2024-02-20T23:57:12+00:00\" \/>\n<meta property=\"og:image\" content=\"https:\/\/portalnpm.com\/wp-content\/uploads\/2024\/02\/reproducaowhatsapp_4005558113318208041.jpeg\" \/>\n\t<meta property=\"og:image:width\" content=\"708\" \/>\n\t<meta property=\"og:image:height\" content=\"510\" \/>\n\t<meta property=\"og:image:type\" content=\"image\/jpeg\" \/>\n<meta name=\"author\" content=\"Genival Barbosa\" \/>\n<meta name=\"twitter:card\" content=\"summary_large_image\" \/>\n<meta name=\"twitter:label1\" content=\"Escrito por\" \/>\n\t<meta name=\"twitter:data1\" content=\"Genival Barbosa\" \/>\n\t<meta name=\"twitter:label2\" content=\"Est. tempo de leitura\" \/>\n\t<meta name=\"twitter:data2\" content=\"1 minuto\" \/>\n<script type=\"application\/ld+json\" class=\"yoast-schema-graph\">{\"@context\":\"https:\/\/schema.org\",\"@graph\":[{\"@type\":\"WebPage\",\"@id\":\"https:\/\/portalnpm.com\/index.php\/2024\/02\/20\/fatal-acidente-entre-carretas-na-br-316-deixa-uma-vitima-no-interior-do-piaui\/\",\"url\":\"https:\/\/portalnpm.com\/index.php\/2024\/02\/20\/fatal-acidente-entre-carretas-na-br-316-deixa-uma-vitima-no-interior-do-piaui\/\",\"name\":\"Acidente fatal entre carretas na BR 316 deixa uma v\u00edtima no interior do Piau\u00ed - Portal NPM\",\"isPartOf\":{\"@id\":\"https:\/\/portalnpm.com\/#website\"},\"primaryImageOfPage\":{\"@id\":\"https:\/\/portalnpm.com\/index.php\/2024\/02\/20\/fatal-acidente-entre-carretas-na-br-316-deixa-uma-vitima-no-interior-do-piaui\/#primaryimage\"},\"image\":{\"@id\":\"https:\/\/portalnpm.com\/index.php\/2024\/02\/20\/fatal-acidente-entre-carretas-na-br-316-deixa-uma-vitima-no-interior-do-piaui\/#primaryimage\"},\"thumbnailUrl\":\"https:\/\/portalnpm.com\/wp-content\/uploads\/2024\/02\/reproducaowhatsapp_4005558113318208041.jpeg\",\"datePublished\":\"2024-02-20T23:56:27+00:00\",\"dateModified\":\"2024-02-20T23:57:12+00:00\",\"author\":{\"@id\":\"https:\/\/portalnpm.com\/#\/schema\/person\/49313e563cfdefcc167f1ee4c017c294\"},\"breadcrumb\":{\"@id\":\"https:\/\/portalnpm.com\/index.php\/2024\/02\/20\/fatal-acidente-entre-carretas-na-br-316-deixa-uma-vitima-no-interior-do-piaui\/#breadcrumb\"},\"inLanguage\":\"pt-BR\",\"potentialAction\":[{\"@type\":\"ReadAction\",\"target\":[\"https:\/\/portalnpm.com\/index.php\/2024\/02\/20\/fatal-acidente-entre-carretas-na-br-316-deixa-uma-vitima-no-interior-do-piaui\/\"]}]},{\"@type\":\"ImageObject\",\"inLanguage\":\"pt-BR\",\"@id\":\"https:\/\/portalnpm.com\/index.php\/2024\/02\/20\/fatal-acidente-entre-carretas-na-br-316-deixa-uma-vitima-no-interior-do-piaui\/#primaryimage\",\"url\":\"https:\/\/portalnpm.com\/wp-content\/uploads\/2024\/02\/reproducaowhatsapp_4005558113318208041.jpeg\",\"contentUrl\":\"https:\/\/portalnpm.com\/wp-content\/uploads\/2024\/02\/reproducaowhatsapp_4005558113318208041.jpeg\",\"width\":708,\"height\":510},{\"@type\":\"BreadcrumbList\",\"@id\":\"https:\/\/portalnpm.com\/index.php\/2024\/02\/20\/fatal-acidente-entre-carretas-na-br-316-deixa-uma-vitima-no-interior-do-piaui\/#breadcrumb\",\"itemListElement\":[{\"@type\":\"ListItem\",\"position\":1,\"name\":\"In\u00edcio\",\"item\":\"https:\/\/portalnpm.com\/\"},{\"@type\":\"ListItem\",\"position\":2,\"name\":\"Acidente fatal entre carretas na BR 316 deixa uma v\u00edtima no interior do Piau\u00ed\"}]},{\"@type\":\"WebSite\",\"@id\":\"https:\/\/portalnpm.com\/#website\",\"url\":\"https:\/\/portalnpm.com\/\",\"name\":\"Portal NPM\",\"description\":\"Not\u00edcias em Primeira M\u00e3o\",\"potentialAction\":[{\"@type\":\"SearchAction\",\"target\":{\"@type\":\"EntryPoint\",\"urlTemplate\":\"https:\/\/portalnpm.com\/?s={search_term_string}\"},\"query-input\":\"required name=search_term_string\"}],\"inLanguage\":\"pt-BR\"},{\"@type\":\"Person\",\"@id\":\"https:\/\/portalnpm.com\/#\/schema\/person\/49313e563cfdefcc167f1ee4c017c294\",\"name\":\"Genival Barbosa\",\"image\":{\"@type\":\"ImageObject\",\"inLanguage\":\"pt-BR\",\"@id\":\"https:\/\/portalnpm.com\/#\/schema\/person\/image\/\",\"url\":\"https:\/\/portalnpm.com\/wp-content\/uploads\/2024\/02\/avatar_user_2_1707743258-96x96.jpeg\",\"contentUrl\":\"https:\/\/portalnpm.com\/wp-content\/uploads\/2024\/02\/avatar_user_2_1707743258-96x96.jpeg\",\"caption\":\"Genival Barbosa\"},\"url\":\"https:\/\/portalnpm.com\/index.php\/author\/genival\/\"}]}<\/script>\n<!-- \/ Yoast SEO plugin. -->","yoast_head_json":{"title":"Acidente fatal entre carretas na BR 316 deixa uma v\u00edtima no interior do Piau\u00ed - Portal NPM","robots":{"index":"index","follow":"follow","max-snippet":"max-snippet:-1","max-image-preview":"max-image-preview:large","max-video-preview":"max-video-preview:-1"},"canonical":"https:\/\/portalnpm.com\/index.php\/2024\/02\/20\/fatal-acidente-entre-carretas-na-br-316-deixa-uma-vitima-no-interior-do-piaui\/","og_locale":"pt_BR","og_type":"article","og_title":"Acidente fatal entre carretas na BR 316 deixa uma v\u00edtima no interior do Piau\u00ed - Portal NPM","og_description":"Na noite de segunda-feira (19\/02), um tr\u00e1gico acidente entre duas carretas na BR 316, em Monsenhor Gil, resultou na perda de uma vida. A v\u00edtima, Mario Neri de Sousa, de 37 anos, foi fatalmente atingida. As primeiras informa\u00e7\u00f5es indicam que o acidente ocorreu em meio a chuvas. Ambas as carretas terminaram seu percurso \u00e0s margens &hellip;","og_url":"https:\/\/portalnpm.com\/index.php\/2024\/02\/20\/fatal-acidente-entre-carretas-na-br-316-deixa-uma-vitima-no-interior-do-piaui\/","og_site_name":"Portal NPM","article_published_time":"2024-02-20T23:56:27+00:00","article_modified_time":"2024-02-20T23:57:12+00:00","og_image":[{"width":708,"height":510,"url":"https:\/\/portalnpm.com\/wp-content\/uploads\/2024\/02\/reproducaowhatsapp_4005558113318208041.jpeg","type":"image\/jpeg"}],"author":"Genival Barbosa","twitter_card":"summary_large_image","twitter_misc":{"Escrito por":"Genival Barbosa","Est. tempo de leitura":"1 minuto"},"schema":{"@context":"https:\/\/schema.org","@graph":[{"@type":"WebPage","@id":"https:\/\/portalnpm.com\/index.php\/2024\/02\/20\/fatal-acidente-entre-carretas-na-br-316-deixa-uma-vitima-no-interior-do-piaui\/","url":"https:\/\/portalnpm.com\/index.php\/2024\/02\/20\/fatal-acidente-entre-carretas-na-br-316-deixa-uma-vitima-no-interior-do-piaui\/","name":"Acidente fatal entre carretas na BR 316 deixa uma v\u00edtima no interior do Piau\u00ed - Portal NPM","isPartOf":{"@id":"https:\/\/portalnpm.com\/#website"},"primaryImageOfPage":{"@id":"https:\/\/portalnpm.com\/index.php\/2024\/02\/20\/fatal-acidente-entre-carretas-na-br-316-deixa-uma-vitima-no-interior-do-piaui\/#primaryimage"},"image":{"@id":"https:\/\/portalnpm.com\/index.php\/2024\/02\/20\/fatal-acidente-entre-carretas-na-br-316-deixa-uma-vitima-no-interior-do-piaui\/#primaryimage"},"thumbnailUrl":"https:\/\/portalnpm.com\/wp-content\/uploads\/2024\/02\/reproducaowhatsapp_4005558113318208041.jpeg","datePublished":"2024-02-20T23:56:27+00:00","dateModified":"2024-02-20T23:57:12+00:00","author":{"@id":"https:\/\/portalnpm.com\/#\/schema\/person\/49313e563cfdefcc167f1ee4c017c294"},"breadcrumb":{"@id":"https:\/\/portalnpm.com\/index.php\/2024\/02\/20\/fatal-acidente-entre-carretas-na-br-316-deixa-uma-vitima-no-interior-do-piaui\/#breadcrumb"},"inLanguage":"pt-BR","potentialAction":[{"@type":"ReadAction","target":["https:\/\/portalnpm.com\/index.php\/2024\/02\/20\/fatal-acidente-entre-carretas-na-br-316-deixa-uma-vitima-no-interior-do-piaui\/"]}]},{"@type":"ImageObject","inLanguage":"pt-BR","@id":"https:\/\/portalnpm.com\/index.php\/2024\/02\/20\/fatal-acidente-entre-carretas-na-br-316-deixa-uma-vitima-no-interior-do-piaui\/#primaryimage","url":"https:\/\/portalnpm.com\/wp-content\/uploads\/2024\/02\/reproducaowhatsapp_4005558113318208041.jpeg","contentUrl":"https:\/\/portalnpm.com\/wp-content\/uploads\/2024\/02\/reproducaowhatsapp_4005558113318208041.jpeg","width":708,"height":510},{"@type":"BreadcrumbList","@id":"https:\/\/portalnpm.com\/index.php\/2024\/02\/20\/fatal-acidente-entre-carretas-na-br-316-deixa-uma-vitima-no-interior-do-piaui\/#breadcrumb","itemListElement":[{"@type":"ListItem","position":1,"name":"In\u00edcio","item":"https:\/\/portalnpm.com\/"},{"@type":"ListItem","position":2,"name":"Acidente fatal entre carretas na BR 316 deixa uma v\u00edtima no interior do Piau\u00ed"}]},{"@type":"WebSite","@id":"https:\/\/portalnpm.com\/#website","url":"https:\/\/portalnpm.com\/","name":"Portal NPM","description":"Not\u00edcias em Primeira M\u00e3o","potentialAction":[{"@type":"SearchAction","target":{"@type":"EntryPoint","urlTemplate":"https:\/\/portalnpm.com\/?s={search_term_string}"},"query-input":"required name=search_term_string"}],"inLanguage":"pt-BR"},{"@type":"Person","@id":"https:\/\/portalnpm.com\/#\/schema\/person\/49313e563cfdefcc167f1ee4c017c294","name":"Genival Barbosa","image":{"@type":"ImageObject","inLanguage":"pt-BR","@id":"https:\/\/portalnpm.com\/#\/schema\/person\/image\/","url":"https:\/\/portalnpm.com\/wp-content\/uploads\/2024\/02\/avatar_user_2_1707743258-96x96.jpeg","contentUrl":"https:\/\/portalnpm.com\/wp-content\/uploads\/2024\/02\/avatar_user_2_1707743258-96x96.jpeg","caption":"Genival Barbosa"},"url":"https:\/\/portalnpm.com\/index.php\/author\/genival\/"}]}},"jetpack_sharing_enabled":true,"jetpack_featured_media_url":"https:\/\/portalnpm.com\/wp-content\/uploads\/2024\/02\/reproducaowhatsapp_4005558113318208041.jpeg","_links":{"self":[{"href":"https:\/\/portalnpm.com\/index.php\/wp-json\/wp\/v2\/posts\/71421"}],"collection":[{"href":"https:\/\/portalnpm.com\/index.php\/wp-json\/wp\/v2\/posts"}],"about":[{"href":"https:\/\/portalnpm.com\/index.php\/wp-json\/wp\/v2\/types\/post"}],"author":[{"embeddable":true,"href":"https:\/\/portalnpm.com\/index.php\/wp-json\/wp\/v2\/users\/2"}],"replies":[{"embeddable":true,"href":"https:\/\/portalnpm.com\/index.php\/wp-json\/wp\/v2\/comments?post=71421"}],"version-history":[{"count":2,"href":"https:\/\/portalnpm.com\/index.php\/wp-json\/wp\/v2\/posts\/71421\/revisions"}],"predecessor-version":[{"id":71424,"href":"https:\/\/portalnpm.com\/index.php\/wp-json\/wp\/v2\/posts\/71421\/revisions\/71424"}],"wp:featuredmedia":[{"embeddable":true,"href":"https:\/\/portalnpm.com\/index.php\/wp-json\/wp\/v2\/media\/71422"}],"wp:attachment":[{"href":"https:\/\/portalnpm.com\/index.php\/wp-json\/wp\/v2\/media?parent=71421"}],"wp:term":[{"taxonomy":"category","embeddable":true,"href":"https:\/\/portalnpm.com\/index.php\/wp-json\/wp\/v2\/categories?post=71421"},{"taxonomy":"post_tag","embeddable":true,"href":"https:\/\/portalnpm.com\/index.php\/wp-json\/wp\/v2\/tags?post=71421"}],"curies":[{"name":"wp","href":"https:\/\/api.w.org\/{rel}","templated":true}]}}