{"id":71449,"date":"2024-02-22T07:26:17","date_gmt":"2024-02-22T10:26:17","guid":{"rendered":"https:\/\/portalnpm.com\/?p=71449"},"modified":"2024-02-22T07:26:17","modified_gmt":"2024-02-22T10:26:17","slug":"grave-acidente-entre-ambulancia-e-carro-deixa-um-morto-e-dois-feridos","status":"publish","type":"post","link":"https:\/\/portalnpm.com\/index.php\/2024\/02\/22\/grave-acidente-entre-ambulancia-e-carro-deixa-um-morto-e-dois-feridos\/","title":{"rendered":"Grave acidente entre ambul\u00e2ncia e carro deixa um morto e dois feridos"},"content":{"rendered":"<div class=\"clearfix\">\n<div class=\"justify post-body\">\n<p><strong>Por Roberto Araujo &#8211; Cidade Verde\u00a0<\/strong><\/p>\n<p>Um acidente envolvendo uma ambul\u00e2ncia e um carro de passeio\u00a0<strong>deixou uma pessoa morta na PI-143<\/strong>\u00a0entre Oeiras e Col\u00f4nia do Piau\u00ed na tarde desta quarta-feira (21). A v\u00edtima, identificada como Josimar Sousa Reis, era o motorista da ambul\u00e2ncia.<\/p>\n<p>De acordo com informa\u00e7\u00f5es da Pol\u00edcia Militar, o condutor dirigia a ambul\u00e2ncia da cidade de Bela Vista do Piau\u00ed, que estava sem pacientes sendo transpotados ou outros passageiros. O outro carro, al\u00e9m do motorista, tinha uma passageira, que tiveram ferimentos: o motorista teve um corte e uma pancada na cabe\u00e7a e a mulher quebrou a clav\u00edcula. Eles foram atendidos pelo Servi\u00e7o de Atendimento M\u00f3vel de Urg\u00eancia (SAMU) e encaminhados para a Unidade de Pronto Atendimento (UPA) de Oeiras.<\/p>\n<p>Ainda conforme a PM,\u00a0<strong>ainda n\u00e3o \u00e9 poss\u00edvel precisar a din\u00e2mica do acidente<\/strong>. A per\u00edcia foi acionada, bem como o Instituto M\u00e9dico Legal (IML) e a Pol\u00edcia Civil, que ir\u00e1 proceder as investiga\u00e7\u00f5es do acidente.<\/p>\n<p><img decoding=\"async\" src=\"https:\/\/cidadeverde.com\/assets\/uploads\/posts\/ac_amb.jpg\" data-cfsrc=\"https:\/\/cidadeverde.com\/assets\/uploads\/posts\/ac_amb.jpg\" \/><\/p>\n<\/div>\n<\/div>\n<div class=\"clearfix\">\n<div class=\"p1\">\n<h5><\/h5>\n<\/div>\n<\/div>\n","protected":false},"excerpt":{"rendered":"<p>Por Roberto Araujo &#8211; Cidade Verde\u00a0 Um acidente envolvendo uma ambul\u00e2ncia e um carro de passeio\u00a0deixou uma pessoa morta na PI-143\u00a0entre Oeiras e Col\u00f4nia do Piau\u00ed na tarde desta quarta-feira (21). A v\u00edtima, identificada como Josimar Sousa Reis, era o motorista da ambul\u00e2ncia. De acordo com informa\u00e7\u00f5es da Pol\u00edcia Militar, o condutor dirigia a ambul\u00e2ncia &hellip;<\/p>\n","protected":false},"author":2,"featured_media":71450,"comment_status":"open","ping_status":"open","sticky":false,"template":"","format":"standard","meta":{"content-type":"","rop_custom_images_group":[],"rop_custom_messages_group":[],"rop_publish_now":"initial","rop_publish_now_accounts":{"facebook_2648258775420054_1618374048415101":""},"rop_publish_now_history":[],"rop_publish_now_status":"pending","footnotes":"","_jetpack_memberships_contains_paid_content":false},"categories":[125],"tags":[154,3738,412,894,1171,4159,2350,917,460,1212],"yoast_head":"<!-- This site is optimized with the Yoast SEO plugin v22.3 - https:\/\/yoast.com\/wordpress\/plugins\/seo\/ -->\n<title>Grave acidente entre ambul\u00e2ncia e carro deixa um morto e dois feridos - Portal NPM<\/title>\n<meta name=\"robots\" content=\"index, follow, max-snippet:-1, max-image-preview:large, max-video-preview:-1\" \/>\n<link rel=\"canonical\" href=\"https:\/\/portalnpm.com\/index.php\/2024\/02\/22\/grave-acidente-entre-ambulancia-e-carro-deixa-um-morto-e-dois-feridos\/\" \/>\n<meta property=\"og:locale\" content=\"pt_BR\" \/>\n<meta property=\"og:type\" content=\"article\" \/>\n<meta property=\"og:title\" content=\"Grave acidente entre ambul\u00e2ncia e carro deixa um morto e dois feridos - Portal NPM\" \/>\n<meta property=\"og:description\" content=\"Por Roberto Araujo &#8211; Cidade Verde\u00a0 Um acidente envolvendo uma ambul\u00e2ncia e um carro de passeio\u00a0deixou uma pessoa morta na PI-143\u00a0entre Oeiras e Col\u00f4nia do Piau\u00ed na tarde desta quarta-feira (21). A v\u00edtima, identificada como Josimar Sousa Reis, era o motorista da ambul\u00e2ncia. De acordo com informa\u00e7\u00f5es da Pol\u00edcia Militar, o condutor dirigia a ambul\u00e2ncia &hellip;\" \/>\n<meta property=\"og:url\" content=\"https:\/\/portalnpm.com\/index.php\/2024\/02\/22\/grave-acidente-entre-ambulancia-e-carro-deixa-um-morto-e-dois-feridos\/\" \/>\n<meta property=\"og:site_name\" content=\"Portal NPM\" \/>\n<meta property=\"article:published_time\" content=\"2024-02-22T10:26:17+00:00\" \/>\n<meta property=\"og:image\" content=\"https:\/\/portalnpm.com\/wp-content\/uploads\/2024\/02\/acidente_amb.jpg\" \/>\n\t<meta property=\"og:image:width\" content=\"607\" \/>\n\t<meta property=\"og:image:height\" content=\"467\" \/>\n\t<meta property=\"og:image:type\" content=\"image\/jpeg\" \/>\n<meta name=\"author\" content=\"Genival Barbosa\" \/>\n<meta name=\"twitter:card\" content=\"summary_large_image\" \/>\n<meta name=\"twitter:label1\" content=\"Escrito por\" \/>\n\t<meta name=\"twitter:data1\" content=\"Genival Barbosa\" \/>\n\t<meta name=\"twitter:label2\" content=\"Est. tempo de leitura\" \/>\n\t<meta name=\"twitter:data2\" content=\"2 minutos\" \/>\n<script type=\"application\/ld+json\" class=\"yoast-schema-graph\">{\"@context\":\"https:\/\/schema.org\",\"@graph\":[{\"@type\":\"WebPage\",\"@id\":\"https:\/\/portalnpm.com\/index.php\/2024\/02\/22\/grave-acidente-entre-ambulancia-e-carro-deixa-um-morto-e-dois-feridos\/\",\"url\":\"https:\/\/portalnpm.com\/index.php\/2024\/02\/22\/grave-acidente-entre-ambulancia-e-carro-deixa-um-morto-e-dois-feridos\/\",\"name\":\"Grave acidente entre ambul\u00e2ncia e carro deixa um morto e dois feridos - Portal NPM\",\"isPartOf\":{\"@id\":\"https:\/\/portalnpm.com\/#website\"},\"primaryImageOfPage\":{\"@id\":\"https:\/\/portalnpm.com\/index.php\/2024\/02\/22\/grave-acidente-entre-ambulancia-e-carro-deixa-um-morto-e-dois-feridos\/#primaryimage\"},\"image\":{\"@id\":\"https:\/\/portalnpm.com\/index.php\/2024\/02\/22\/grave-acidente-entre-ambulancia-e-carro-deixa-um-morto-e-dois-feridos\/#primaryimage\"},\"thumbnailUrl\":\"https:\/\/portalnpm.com\/wp-content\/uploads\/2024\/02\/acidente_amb.jpg\",\"datePublished\":\"2024-02-22T10:26:17+00:00\",\"dateModified\":\"2024-02-22T10:26:17+00:00\",\"author\":{\"@id\":\"https:\/\/portalnpm.com\/#\/schema\/person\/49313e563cfdefcc167f1ee4c017c294\"},\"breadcrumb\":{\"@id\":\"https:\/\/portalnpm.com\/index.php\/2024\/02\/22\/grave-acidente-entre-ambulancia-e-carro-deixa-um-morto-e-dois-feridos\/#breadcrumb\"},\"inLanguage\":\"pt-BR\",\"potentialAction\":[{\"@type\":\"ReadAction\",\"target\":[\"https:\/\/portalnpm.com\/index.php\/2024\/02\/22\/grave-acidente-entre-ambulancia-e-carro-deixa-um-morto-e-dois-feridos\/\"]}]},{\"@type\":\"ImageObject\",\"inLanguage\":\"pt-BR\",\"@id\":\"https:\/\/portalnpm.com\/index.php\/2024\/02\/22\/grave-acidente-entre-ambulancia-e-carro-deixa-um-morto-e-dois-feridos\/#primaryimage\",\"url\":\"https:\/\/portalnpm.com\/wp-content\/uploads\/2024\/02\/acidente_amb.jpg\",\"contentUrl\":\"https:\/\/portalnpm.com\/wp-content\/uploads\/2024\/02\/acidente_amb.jpg\",\"width\":607,\"height\":467},{\"@type\":\"BreadcrumbList\",\"@id\":\"https:\/\/portalnpm.com\/index.php\/2024\/02\/22\/grave-acidente-entre-ambulancia-e-carro-deixa-um-morto-e-dois-feridos\/#breadcrumb\",\"itemListElement\":[{\"@type\":\"ListItem\",\"position\":1,\"name\":\"In\u00edcio\",\"item\":\"https:\/\/portalnpm.com\/\"},{\"@type\":\"ListItem\",\"position\":2,\"name\":\"Grave acidente entre ambul\u00e2ncia e carro deixa um morto e dois feridos\"}]},{\"@type\":\"WebSite\",\"@id\":\"https:\/\/portalnpm.com\/#website\",\"url\":\"https:\/\/portalnpm.com\/\",\"name\":\"Portal NPM\",\"description\":\"Not\u00edcias em Primeira M\u00e3o\",\"potentialAction\":[{\"@type\":\"SearchAction\",\"target\":{\"@type\":\"EntryPoint\",\"urlTemplate\":\"https:\/\/portalnpm.com\/?s={search_term_string}\"},\"query-input\":\"required name=search_term_string\"}],\"inLanguage\":\"pt-BR\"},{\"@type\":\"Person\",\"@id\":\"https:\/\/portalnpm.com\/#\/schema\/person\/49313e563cfdefcc167f1ee4c017c294\",\"name\":\"Genival Barbosa\",\"image\":{\"@type\":\"ImageObject\",\"inLanguage\":\"pt-BR\",\"@id\":\"https:\/\/portalnpm.com\/#\/schema\/person\/image\/\",\"url\":\"https:\/\/portalnpm.com\/wp-content\/uploads\/2024\/02\/avatar_user_2_1707743258-96x96.jpeg\",\"contentUrl\":\"https:\/\/portalnpm.com\/wp-content\/uploads\/2024\/02\/avatar_user_2_1707743258-96x96.jpeg\",\"caption\":\"Genival Barbosa\"},\"url\":\"https:\/\/portalnpm.com\/index.php\/author\/genival\/\"}]}<\/script>\n<!-- \/ Yoast SEO plugin. -->","yoast_head_json":{"title":"Grave acidente entre ambul\u00e2ncia e carro deixa um morto e dois feridos - Portal NPM","robots":{"index":"index","follow":"follow","max-snippet":"max-snippet:-1","max-image-preview":"max-image-preview:large","max-video-preview":"max-video-preview:-1"},"canonical":"https:\/\/portalnpm.com\/index.php\/2024\/02\/22\/grave-acidente-entre-ambulancia-e-carro-deixa-um-morto-e-dois-feridos\/","og_locale":"pt_BR","og_type":"article","og_title":"Grave acidente entre ambul\u00e2ncia e carro deixa um morto e dois feridos - Portal NPM","og_description":"Por Roberto Araujo &#8211; Cidade Verde\u00a0 Um acidente envolvendo uma ambul\u00e2ncia e um carro de passeio\u00a0deixou uma pessoa morta na PI-143\u00a0entre Oeiras e Col\u00f4nia do Piau\u00ed na tarde desta quarta-feira (21). A v\u00edtima, identificada como Josimar Sousa Reis, era o motorista da ambul\u00e2ncia. De acordo com informa\u00e7\u00f5es da Pol\u00edcia Militar, o condutor dirigia a ambul\u00e2ncia &hellip;","og_url":"https:\/\/portalnpm.com\/index.php\/2024\/02\/22\/grave-acidente-entre-ambulancia-e-carro-deixa-um-morto-e-dois-feridos\/","og_site_name":"Portal NPM","article_published_time":"2024-02-22T10:26:17+00:00","og_image":[{"width":607,"height":467,"url":"https:\/\/portalnpm.com\/wp-content\/uploads\/2024\/02\/acidente_amb.jpg","type":"image\/jpeg"}],"author":"Genival Barbosa","twitter_card":"summary_large_image","twitter_misc":{"Escrito por":"Genival Barbosa","Est. tempo de leitura":"2 minutos"},"schema":{"@context":"https:\/\/schema.org","@graph":[{"@type":"WebPage","@id":"https:\/\/portalnpm.com\/index.php\/2024\/02\/22\/grave-acidente-entre-ambulancia-e-carro-deixa-um-morto-e-dois-feridos\/","url":"https:\/\/portalnpm.com\/index.php\/2024\/02\/22\/grave-acidente-entre-ambulancia-e-carro-deixa-um-morto-e-dois-feridos\/","name":"Grave acidente entre ambul\u00e2ncia e carro deixa um morto e dois feridos - Portal NPM","isPartOf":{"@id":"https:\/\/portalnpm.com\/#website"},"primaryImageOfPage":{"@id":"https:\/\/portalnpm.com\/index.php\/2024\/02\/22\/grave-acidente-entre-ambulancia-e-carro-deixa-um-morto-e-dois-feridos\/#primaryimage"},"image":{"@id":"https:\/\/portalnpm.com\/index.php\/2024\/02\/22\/grave-acidente-entre-ambulancia-e-carro-deixa-um-morto-e-dois-feridos\/#primaryimage"},"thumbnailUrl":"https:\/\/portalnpm.com\/wp-content\/uploads\/2024\/02\/acidente_amb.jpg","datePublished":"2024-02-22T10:26:17+00:00","dateModified":"2024-02-22T10:26:17+00:00","author":{"@id":"https:\/\/portalnpm.com\/#\/schema\/person\/49313e563cfdefcc167f1ee4c017c294"},"breadcrumb":{"@id":"https:\/\/portalnpm.com\/index.php\/2024\/02\/22\/grave-acidente-entre-ambulancia-e-carro-deixa-um-morto-e-dois-feridos\/#breadcrumb"},"inLanguage":"pt-BR","potentialAction":[{"@type":"ReadAction","target":["https:\/\/portalnpm.com\/index.php\/2024\/02\/22\/grave-acidente-entre-ambulancia-e-carro-deixa-um-morto-e-dois-feridos\/"]}]},{"@type":"ImageObject","inLanguage":"pt-BR","@id":"https:\/\/portalnpm.com\/index.php\/2024\/02\/22\/grave-acidente-entre-ambulancia-e-carro-deixa-um-morto-e-dois-feridos\/#primaryimage","url":"https:\/\/portalnpm.com\/wp-content\/uploads\/2024\/02\/acidente_amb.jpg","contentUrl":"https:\/\/portalnpm.com\/wp-content\/uploads\/2024\/02\/acidente_amb.jpg","width":607,"height":467},{"@type":"BreadcrumbList","@id":"https:\/\/portalnpm.com\/index.php\/2024\/02\/22\/grave-acidente-entre-ambulancia-e-carro-deixa-um-morto-e-dois-feridos\/#breadcrumb","itemListElement":[{"@type":"ListItem","position":1,"name":"In\u00edcio","item":"https:\/\/portalnpm.com\/"},{"@type":"ListItem","position":2,"name":"Grave acidente entre ambul\u00e2ncia e carro deixa um morto e dois feridos"}]},{"@type":"WebSite","@id":"https:\/\/portalnpm.com\/#website","url":"https:\/\/portalnpm.com\/","name":"Portal NPM","description":"Not\u00edcias em Primeira M\u00e3o","potentialAction":[{"@type":"SearchAction","target":{"@type":"EntryPoint","urlTemplate":"https:\/\/portalnpm.com\/?s={search_term_string}"},"query-input":"required name=search_term_string"}],"inLanguage":"pt-BR"},{"@type":"Person","@id":"https:\/\/portalnpm.com\/#\/schema\/person\/49313e563cfdefcc167f1ee4c017c294","name":"Genival Barbosa","image":{"@type":"ImageObject","inLanguage":"pt-BR","@id":"https:\/\/portalnpm.com\/#\/schema\/person\/image\/","url":"https:\/\/portalnpm.com\/wp-content\/uploads\/2024\/02\/avatar_user_2_1707743258-96x96.jpeg","contentUrl":"https:\/\/portalnpm.com\/wp-content\/uploads\/2024\/02\/avatar_user_2_1707743258-96x96.jpeg","caption":"Genival Barbosa"},"url":"https:\/\/portalnpm.com\/index.php\/author\/genival\/"}]}},"jetpack_sharing_enabled":true,"jetpack_featured_media_url":"https:\/\/portalnpm.com\/wp-content\/uploads\/2024\/02\/acidente_amb.jpg","_links":{"self":[{"href":"https:\/\/portalnpm.com\/index.php\/wp-json\/wp\/v2\/posts\/71449"}],"collection":[{"href":"https:\/\/portalnpm.com\/index.php\/wp-json\/wp\/v2\/posts"}],"about":[{"href":"https:\/\/portalnpm.com\/index.php\/wp-json\/wp\/v2\/types\/post"}],"author":[{"embeddable":true,"href":"https:\/\/portalnpm.com\/index.php\/wp-json\/wp\/v2\/users\/2"}],"replies":[{"embeddable":true,"href":"https:\/\/portalnpm.com\/index.php\/wp-json\/wp\/v2\/comments?post=71449"}],"version-history":[{"count":1,"href":"https:\/\/portalnpm.com\/index.php\/wp-json\/wp\/v2\/posts\/71449\/revisions"}],"predecessor-version":[{"id":71451,"href":"https:\/\/portalnpm.com\/index.php\/wp-json\/wp\/v2\/posts\/71449\/revisions\/71451"}],"wp:featuredmedia":[{"embeddable":true,"href":"https:\/\/portalnpm.com\/index.php\/wp-json\/wp\/v2\/media\/71450"}],"wp:attachment":[{"href":"https:\/\/portalnpm.com\/index.php\/wp-json\/wp\/v2\/media?parent=71449"}],"wp:term":[{"taxonomy":"category","embeddable":true,"href":"https:\/\/portalnpm.com\/index.php\/wp-json\/wp\/v2\/categories?post=71449"},{"taxonomy":"post_tag","embeddable":true,"href":"https:\/\/portalnpm.com\/index.php\/wp-json\/wp\/v2\/tags?post=71449"}],"curies":[{"name":"wp","href":"https:\/\/api.w.org\/{rel}","templated":true}]}}