{"id":71467,"date":"2024-02-22T08:26:44","date_gmt":"2024-02-22T11:26:44","guid":{"rendered":"https:\/\/portalnpm.com\/?p=71467"},"modified":"2024-02-22T08:26:44","modified_gmt":"2024-02-22T11:26:44","slug":"motorista-de-ambulancia-morre-apos-colidir-com-veiculo-na-pi-143-em-oeiras","status":"publish","type":"post","link":"https:\/\/portalnpm.com\/index.php\/2024\/02\/22\/motorista-de-ambulancia-morre-apos-colidir-com-veiculo-na-pi-143-em-oeiras\/","title":{"rendered":"Motorista de ambul\u00e2ncia morre ap\u00f3s colidir com ve\u00edculo na PI 143, em Oeiras"},"content":{"rendered":"<p><strong>Um pessoa morreu e outras duas ficaram feridas ap\u00f3s um acidente na PI 143, entre os munic\u00edpios de Oeiras e Col\u00f4nia do Piau\u00ed<\/strong>, nesta quarta-feira (21). Um casal, identificado como Erisvaldo e Diaelma, <strong>estava em um ve\u00edculo modelo Ford Ka quando colidiu frontalmente com uma ambul\u00e2ncia, que vinha em sentido contr\u00e1rio<\/strong>.<\/p>\n<p>Com a colis\u00e3o, o carro do casal saiu da pista e desceu por um barranco. <strong>O motorista da ambul\u00e2ncia, identificado como Josimar Sousa Reis, morreu no local.\u00a0<\/strong>O Corpo de Bombeiros e o Samu foram acionados para trabalhar no resgate das v\u00edtimas.<\/p>\n<p>O motorista do carro ficou preso \u00e0s ferragens. Ele e a esposa foram resgatados e conduzidos para a Unidade de Pronto Atendimento (UPA) de Oeiras.<\/p>\n<p>O Instituto M\u00e9dico Legal (IML) esteve no local e fez o recolhimento do corpo da v\u00edtima. A real causa do acidente ser\u00e1 investigada.<\/p>\n<figure id=\"attachment_71468\" aria-describedby=\"caption-attachment-71468\" style=\"width: 300px\" class=\"wp-caption alignnone\"><img fetchpriority=\"high\" decoding=\"async\" class=\"size-medium wp-image-71468\" src=\"https:\/\/portalnpm.com\/wp-content\/uploads\/2024\/02\/IMG_0030-300x284.jpeg\" alt=\"\" width=\"300\" height=\"284\" srcset=\"https:\/\/portalnpm.com\/wp-content\/uploads\/2024\/02\/IMG_0030-300x284.jpeg 300w, https:\/\/portalnpm.com\/wp-content\/uploads\/2024\/02\/IMG_0030.jpeg 739w\" sizes=\"(max-width: 300px) 100vw, 300px\" \/><figcaption id=\"caption-attachment-71468\" class=\"wp-caption-text\">Motorista de ambul\u00e2ncia morre ap\u00f3s colidir com ve\u00edculo na PI 143, em Oeiras<br \/>reprodu\u00e7\u00e3o<\/figcaption><\/figure>\n<p><em><strong>Fonte<\/strong>: Portal A10+ com informa\u00e7\u00f5es de T\u00f4 no Mural<\/em><\/p>\n","protected":false},"excerpt":{"rendered":"<p>Um pessoa morreu e outras duas ficaram feridas ap\u00f3s um acidente na PI 143, entre os munic\u00edpios de Oeiras e Col\u00f4nia do Piau\u00ed, nesta quarta-feira (21). Um casal, identificado como Erisvaldo e Diaelma, estava em um ve\u00edculo modelo Ford Ka quando colidiu frontalmente com uma ambul\u00e2ncia, que vinha em sentido contr\u00e1rio. Com a colis\u00e3o, o &hellip;<\/p>\n","protected":false},"author":8,"featured_media":71469,"comment_status":"open","ping_status":"open","sticky":false,"template":"","format":"standard","meta":{"content-type":"","rop_custom_images_group":[],"rop_custom_messages_group":[],"rop_publish_now":"initial","rop_publish_now_accounts":{"facebook_2648258775420054_1618374048415101":""},"rop_publish_now_history":[],"rop_publish_now_status":"pending","footnotes":"","_jetpack_memberships_contains_paid_content":false},"categories":[3890],"tags":[15461,3738,871,2280,230,855,132,1531,911,1666,1217,1317],"yoast_head":"<!-- This site is optimized with the Yoast SEO plugin v22.3 - https:\/\/yoast.com\/wordpress\/plugins\/seo\/ -->\n<title>Motorista de ambul\u00e2ncia morre ap\u00f3s colidir com ve\u00edculo na PI 143, em Oeiras - Portal NPM<\/title>\n<meta name=\"robots\" content=\"index, follow, max-snippet:-1, max-image-preview:large, max-video-preview:-1\" \/>\n<link rel=\"canonical\" href=\"https:\/\/portalnpm.com\/index.php\/2024\/02\/22\/motorista-de-ambulancia-morre-apos-colidir-com-veiculo-na-pi-143-em-oeiras\/\" \/>\n<meta property=\"og:locale\" content=\"pt_BR\" \/>\n<meta property=\"og:type\" content=\"article\" \/>\n<meta property=\"og:title\" content=\"Motorista de ambul\u00e2ncia morre ap\u00f3s colidir com ve\u00edculo na PI 143, em Oeiras - Portal NPM\" \/>\n<meta property=\"og:description\" content=\"Um pessoa morreu e outras duas ficaram feridas ap\u00f3s um acidente na PI 143, entre os munic\u00edpios de Oeiras e Col\u00f4nia do Piau\u00ed, nesta quarta-feira (21). Um casal, identificado como Erisvaldo e Diaelma, estava em um ve\u00edculo modelo Ford Ka quando colidiu frontalmente com uma ambul\u00e2ncia, que vinha em sentido contr\u00e1rio. Com a colis\u00e3o, o &hellip;\" \/>\n<meta property=\"og:url\" content=\"https:\/\/portalnpm.com\/index.php\/2024\/02\/22\/motorista-de-ambulancia-morre-apos-colidir-com-veiculo-na-pi-143-em-oeiras\/\" \/>\n<meta property=\"og:site_name\" content=\"Portal NPM\" \/>\n<meta property=\"article:published_time\" content=\"2024-02-22T11:26:44+00:00\" \/>\n<meta property=\"og:image\" content=\"https:\/\/portalnpm.com\/wp-content\/uploads\/2024\/02\/IMG_0031.jpeg\" \/>\n\t<meta property=\"og:image:width\" content=\"1290\" \/>\n\t<meta property=\"og:image:height\" content=\"726\" \/>\n\t<meta property=\"og:image:type\" content=\"image\/jpeg\" \/>\n<meta name=\"author\" content=\"Zenilton Lima\" \/>\n<meta name=\"twitter:card\" content=\"summary_large_image\" \/>\n<meta name=\"twitter:label1\" content=\"Escrito por\" \/>\n\t<meta name=\"twitter:data1\" content=\"Zenilton Lima\" \/>\n\t<meta name=\"twitter:label2\" content=\"Est. tempo de leitura\" \/>\n\t<meta name=\"twitter:data2\" content=\"2 minutos\" \/>\n<script type=\"application\/ld+json\" class=\"yoast-schema-graph\">{\"@context\":\"https:\/\/schema.org\",\"@graph\":[{\"@type\":\"WebPage\",\"@id\":\"https:\/\/portalnpm.com\/index.php\/2024\/02\/22\/motorista-de-ambulancia-morre-apos-colidir-com-veiculo-na-pi-143-em-oeiras\/\",\"url\":\"https:\/\/portalnpm.com\/index.php\/2024\/02\/22\/motorista-de-ambulancia-morre-apos-colidir-com-veiculo-na-pi-143-em-oeiras\/\",\"name\":\"Motorista de ambul\u00e2ncia morre ap\u00f3s colidir com ve\u00edculo na PI 143, em Oeiras - Portal NPM\",\"isPartOf\":{\"@id\":\"https:\/\/portalnpm.com\/#website\"},\"primaryImageOfPage\":{\"@id\":\"https:\/\/portalnpm.com\/index.php\/2024\/02\/22\/motorista-de-ambulancia-morre-apos-colidir-com-veiculo-na-pi-143-em-oeiras\/#primaryimage\"},\"image\":{\"@id\":\"https:\/\/portalnpm.com\/index.php\/2024\/02\/22\/motorista-de-ambulancia-morre-apos-colidir-com-veiculo-na-pi-143-em-oeiras\/#primaryimage\"},\"thumbnailUrl\":\"https:\/\/portalnpm.com\/wp-content\/uploads\/2024\/02\/IMG_0031.jpeg\",\"datePublished\":\"2024-02-22T11:26:44+00:00\",\"dateModified\":\"2024-02-22T11:26:44+00:00\",\"author\":{\"@id\":\"https:\/\/portalnpm.com\/#\/schema\/person\/35cb55186eae3f074b6783da6d35591e\"},\"breadcrumb\":{\"@id\":\"https:\/\/portalnpm.com\/index.php\/2024\/02\/22\/motorista-de-ambulancia-morre-apos-colidir-com-veiculo-na-pi-143-em-oeiras\/#breadcrumb\"},\"inLanguage\":\"pt-BR\",\"potentialAction\":[{\"@type\":\"ReadAction\",\"target\":[\"https:\/\/portalnpm.com\/index.php\/2024\/02\/22\/motorista-de-ambulancia-morre-apos-colidir-com-veiculo-na-pi-143-em-oeiras\/\"]}]},{\"@type\":\"ImageObject\",\"inLanguage\":\"pt-BR\",\"@id\":\"https:\/\/portalnpm.com\/index.php\/2024\/02\/22\/motorista-de-ambulancia-morre-apos-colidir-com-veiculo-na-pi-143-em-oeiras\/#primaryimage\",\"url\":\"https:\/\/portalnpm.com\/wp-content\/uploads\/2024\/02\/IMG_0031.jpeg\",\"contentUrl\":\"https:\/\/portalnpm.com\/wp-content\/uploads\/2024\/02\/IMG_0031.jpeg\",\"width\":1290,\"height\":726,\"caption\":\"Motorista de ambul\u00e2ncia morre ap\u00f3s colidir com ve\u00edculo na PI 143, em Oeiras Mural da Vila\"},{\"@type\":\"BreadcrumbList\",\"@id\":\"https:\/\/portalnpm.com\/index.php\/2024\/02\/22\/motorista-de-ambulancia-morre-apos-colidir-com-veiculo-na-pi-143-em-oeiras\/#breadcrumb\",\"itemListElement\":[{\"@type\":\"ListItem\",\"position\":1,\"name\":\"In\u00edcio\",\"item\":\"https:\/\/portalnpm.com\/\"},{\"@type\":\"ListItem\",\"position\":2,\"name\":\"Motorista de ambul\u00e2ncia morre ap\u00f3s colidir com ve\u00edculo na PI 143, em Oeiras\"}]},{\"@type\":\"WebSite\",\"@id\":\"https:\/\/portalnpm.com\/#website\",\"url\":\"https:\/\/portalnpm.com\/\",\"name\":\"Portal NPM\",\"description\":\"Not\u00edcias em Primeira M\u00e3o\",\"potentialAction\":[{\"@type\":\"SearchAction\",\"target\":{\"@type\":\"EntryPoint\",\"urlTemplate\":\"https:\/\/portalnpm.com\/?s={search_term_string}\"},\"query-input\":\"required name=search_term_string\"}],\"inLanguage\":\"pt-BR\"},{\"@type\":\"Person\",\"@id\":\"https:\/\/portalnpm.com\/#\/schema\/person\/35cb55186eae3f074b6783da6d35591e\",\"name\":\"Zenilton Lima\",\"image\":{\"@type\":\"ImageObject\",\"inLanguage\":\"pt-BR\",\"@id\":\"https:\/\/portalnpm.com\/#\/schema\/person\/image\/\",\"url\":\"https:\/\/portalnpm.com\/wp-content\/uploads\/2024\/12\/avatar_user_8_1733658137-96x96.jpeg\",\"contentUrl\":\"https:\/\/portalnpm.com\/wp-content\/uploads\/2024\/12\/avatar_user_8_1733658137-96x96.jpeg\",\"caption\":\"Zenilton Lima\"},\"url\":\"https:\/\/portalnpm.com\/index.php\/author\/zenilton\/\"}]}<\/script>\n<!-- \/ Yoast SEO plugin. -->","yoast_head_json":{"title":"Motorista de ambul\u00e2ncia morre ap\u00f3s colidir com ve\u00edculo na PI 143, em Oeiras - Portal NPM","robots":{"index":"index","follow":"follow","max-snippet":"max-snippet:-1","max-image-preview":"max-image-preview:large","max-video-preview":"max-video-preview:-1"},"canonical":"https:\/\/portalnpm.com\/index.php\/2024\/02\/22\/motorista-de-ambulancia-morre-apos-colidir-com-veiculo-na-pi-143-em-oeiras\/","og_locale":"pt_BR","og_type":"article","og_title":"Motorista de ambul\u00e2ncia morre ap\u00f3s colidir com ve\u00edculo na PI 143, em Oeiras - Portal NPM","og_description":"Um pessoa morreu e outras duas ficaram feridas ap\u00f3s um acidente na PI 143, entre os munic\u00edpios de Oeiras e Col\u00f4nia do Piau\u00ed, nesta quarta-feira (21). Um casal, identificado como Erisvaldo e Diaelma, estava em um ve\u00edculo modelo Ford Ka quando colidiu frontalmente com uma ambul\u00e2ncia, que vinha em sentido contr\u00e1rio. Com a colis\u00e3o, o &hellip;","og_url":"https:\/\/portalnpm.com\/index.php\/2024\/02\/22\/motorista-de-ambulancia-morre-apos-colidir-com-veiculo-na-pi-143-em-oeiras\/","og_site_name":"Portal NPM","article_published_time":"2024-02-22T11:26:44+00:00","og_image":[{"width":1290,"height":726,"url":"https:\/\/portalnpm.com\/wp-content\/uploads\/2024\/02\/IMG_0031.jpeg","type":"image\/jpeg"}],"author":"Zenilton Lima","twitter_card":"summary_large_image","twitter_misc":{"Escrito por":"Zenilton Lima","Est. tempo de leitura":"2 minutos"},"schema":{"@context":"https:\/\/schema.org","@graph":[{"@type":"WebPage","@id":"https:\/\/portalnpm.com\/index.php\/2024\/02\/22\/motorista-de-ambulancia-morre-apos-colidir-com-veiculo-na-pi-143-em-oeiras\/","url":"https:\/\/portalnpm.com\/index.php\/2024\/02\/22\/motorista-de-ambulancia-morre-apos-colidir-com-veiculo-na-pi-143-em-oeiras\/","name":"Motorista de ambul\u00e2ncia morre ap\u00f3s colidir com ve\u00edculo na PI 143, em Oeiras - Portal NPM","isPartOf":{"@id":"https:\/\/portalnpm.com\/#website"},"primaryImageOfPage":{"@id":"https:\/\/portalnpm.com\/index.php\/2024\/02\/22\/motorista-de-ambulancia-morre-apos-colidir-com-veiculo-na-pi-143-em-oeiras\/#primaryimage"},"image":{"@id":"https:\/\/portalnpm.com\/index.php\/2024\/02\/22\/motorista-de-ambulancia-morre-apos-colidir-com-veiculo-na-pi-143-em-oeiras\/#primaryimage"},"thumbnailUrl":"https:\/\/portalnpm.com\/wp-content\/uploads\/2024\/02\/IMG_0031.jpeg","datePublished":"2024-02-22T11:26:44+00:00","dateModified":"2024-02-22T11:26:44+00:00","author":{"@id":"https:\/\/portalnpm.com\/#\/schema\/person\/35cb55186eae3f074b6783da6d35591e"},"breadcrumb":{"@id":"https:\/\/portalnpm.com\/index.php\/2024\/02\/22\/motorista-de-ambulancia-morre-apos-colidir-com-veiculo-na-pi-143-em-oeiras\/#breadcrumb"},"inLanguage":"pt-BR","potentialAction":[{"@type":"ReadAction","target":["https:\/\/portalnpm.com\/index.php\/2024\/02\/22\/motorista-de-ambulancia-morre-apos-colidir-com-veiculo-na-pi-143-em-oeiras\/"]}]},{"@type":"ImageObject","inLanguage":"pt-BR","@id":"https:\/\/portalnpm.com\/index.php\/2024\/02\/22\/motorista-de-ambulancia-morre-apos-colidir-com-veiculo-na-pi-143-em-oeiras\/#primaryimage","url":"https:\/\/portalnpm.com\/wp-content\/uploads\/2024\/02\/IMG_0031.jpeg","contentUrl":"https:\/\/portalnpm.com\/wp-content\/uploads\/2024\/02\/IMG_0031.jpeg","width":1290,"height":726,"caption":"Motorista de ambul\u00e2ncia morre ap\u00f3s colidir com ve\u00edculo na PI 143, em Oeiras Mural da Vila"},{"@type":"BreadcrumbList","@id":"https:\/\/portalnpm.com\/index.php\/2024\/02\/22\/motorista-de-ambulancia-morre-apos-colidir-com-veiculo-na-pi-143-em-oeiras\/#breadcrumb","itemListElement":[{"@type":"ListItem","position":1,"name":"In\u00edcio","item":"https:\/\/portalnpm.com\/"},{"@type":"ListItem","position":2,"name":"Motorista de ambul\u00e2ncia morre ap\u00f3s colidir com ve\u00edculo na PI 143, em Oeiras"}]},{"@type":"WebSite","@id":"https:\/\/portalnpm.com\/#website","url":"https:\/\/portalnpm.com\/","name":"Portal NPM","description":"Not\u00edcias em Primeira M\u00e3o","potentialAction":[{"@type":"SearchAction","target":{"@type":"EntryPoint","urlTemplate":"https:\/\/portalnpm.com\/?s={search_term_string}"},"query-input":"required name=search_term_string"}],"inLanguage":"pt-BR"},{"@type":"Person","@id":"https:\/\/portalnpm.com\/#\/schema\/person\/35cb55186eae3f074b6783da6d35591e","name":"Zenilton Lima","image":{"@type":"ImageObject","inLanguage":"pt-BR","@id":"https:\/\/portalnpm.com\/#\/schema\/person\/image\/","url":"https:\/\/portalnpm.com\/wp-content\/uploads\/2024\/12\/avatar_user_8_1733658137-96x96.jpeg","contentUrl":"https:\/\/portalnpm.com\/wp-content\/uploads\/2024\/12\/avatar_user_8_1733658137-96x96.jpeg","caption":"Zenilton Lima"},"url":"https:\/\/portalnpm.com\/index.php\/author\/zenilton\/"}]}},"jetpack_sharing_enabled":true,"jetpack_featured_media_url":"https:\/\/portalnpm.com\/wp-content\/uploads\/2024\/02\/IMG_0031.jpeg","_links":{"self":[{"href":"https:\/\/portalnpm.com\/index.php\/wp-json\/wp\/v2\/posts\/71467"}],"collection":[{"href":"https:\/\/portalnpm.com\/index.php\/wp-json\/wp\/v2\/posts"}],"about":[{"href":"https:\/\/portalnpm.com\/index.php\/wp-json\/wp\/v2\/types\/post"}],"author":[{"embeddable":true,"href":"https:\/\/portalnpm.com\/index.php\/wp-json\/wp\/v2\/users\/8"}],"replies":[{"embeddable":true,"href":"https:\/\/portalnpm.com\/index.php\/wp-json\/wp\/v2\/comments?post=71467"}],"version-history":[{"count":1,"href":"https:\/\/portalnpm.com\/index.php\/wp-json\/wp\/v2\/posts\/71467\/revisions"}],"predecessor-version":[{"id":71470,"href":"https:\/\/portalnpm.com\/index.php\/wp-json\/wp\/v2\/posts\/71467\/revisions\/71470"}],"wp:featuredmedia":[{"embeddable":true,"href":"https:\/\/portalnpm.com\/index.php\/wp-json\/wp\/v2\/media\/71469"}],"wp:attachment":[{"href":"https:\/\/portalnpm.com\/index.php\/wp-json\/wp\/v2\/media?parent=71467"}],"wp:term":[{"taxonomy":"category","embeddable":true,"href":"https:\/\/portalnpm.com\/index.php\/wp-json\/wp\/v2\/categories?post=71467"},{"taxonomy":"post_tag","embeddable":true,"href":"https:\/\/portalnpm.com\/index.php\/wp-json\/wp\/v2\/tags?post=71467"}],"curies":[{"name":"wp","href":"https:\/\/api.w.org\/{rel}","templated":true}]}}