{"id":71593,"date":"2024-02-27T19:18:25","date_gmt":"2024-02-27T22:18:25","guid":{"rendered":"https:\/\/portalnpm.com\/?p=71593"},"modified":"2024-02-27T19:18:25","modified_gmt":"2024-02-27T22:18:25","slug":"fatima-bernardes-anuncia-saida-da-globo-apos-37-anos-de-parceria-com-a-emissora","status":"publish","type":"post","link":"https:\/\/portalnpm.com\/index.php\/2024\/02\/27\/fatima-bernardes-anuncia-saida-da-globo-apos-37-anos-de-parceria-com-a-emissora\/","title":{"rendered":"F\u00e1tima Bernardes anuncia sa\u00edda da Globo, ap\u00f3s 37 anos de parceria com a emissora"},"content":{"rendered":"<p>&nbsp;<\/p>\n<div class=\"pos-texto\">\n<div class=\"texto\">\n<p>F\u00e1tima Bernardes, jornalista e ex-apresentadora da Globo, usou as suas redes sociais para falar sobre o motivo da sua sa\u00edda da emissora, ap\u00f3s 37 anos de parceria e v\u00e1rios projetos trabalhados ao longo deste per\u00edodo. O contrato entre a jornalista e a empresa da fam\u00edlia Marinho acabou no fim de 2023 e n\u00e3o foi renovado, pelo menos n\u00e3o da mesma forma. F\u00e1tima decidiu renovar somente por um formato espec\u00edfico, diferente de como trabalhava dentro da companhia.<\/p>\n<p>\u201cHoje foi divulgado que meu \u00faltimo contrato com a Globo terminou em 31 de dezembro de 2023. Ao sair do Encontro, j\u00e1 renovei por obra certa, o novo formato de trabalho da empresa. Naquele momento, renovamos para apresentar os realities The Voice Brasil e Kids\u201d, explicou<\/p>\n<p>Ademais, a ex-apresentadora do programa Encontro, ficou feliz em comunicar que deve voltar \u00e0 apresentar algum projeto na TV Globo em breve, ap\u00f3s entregar novas propostas para a empresa.<\/p>\n<p>\u201cCom o t\u00e9rmino do The Voice, entreguei, em novembro, tr\u00eas propostas de novos programas. E fico feliz em dividir com voc\u00eas que j\u00e1 estamos desenvolvendo um deles\u201d, comentou.<\/p>\n<p>O novo programa desenvolvido por F\u00e1tima n\u00e3o possui ainda uma data de estreia, mas segue em desenvolvimento no mesmo estilo do Encontro, apresentado pela jornalista entre junho de 2012 at\u00e9 julho de 2022. Al\u00e9m disso, segundo informa\u00e7\u00f5es, o projeto est\u00e1 sendo trabalhado para que \u201cseja de qualidade, como o p\u00fablico merece\u201d, al\u00e9m de ser algo \u201cinteressante\u201d e com o perfil de F\u00e1tima Bernardes.<\/p>\n<p>\u201cAt\u00e9 ele ficar pronto, vou tocando outros projetos paralelamente, porque \u00e9 o que amo fazer. Nesses 37 anos na TV, tive todas as possibilidades de evoluir profissionalmente e continuo acreditando que algo muito bom para mim e para o p\u00fablico vir\u00e1 pela frente\u201d, finalizou.<\/p>\n<p>A \u00e2ncora do Jornal Nacional por anos, decidiu fechar contrato com a Play 9, ag\u00eancia brasileira de comunica\u00e7\u00e3o, e vai participar do Paris \u00c9 Brasa, que far\u00e1 a cobertura dos Jogos Ol\u00edmpicos 2024, como comunicado na \u00faltima sexta-feira (23).<\/p>\n<p>Fonte: R10<\/p>\n<\/div>\n<\/div>\n","protected":false},"excerpt":{"rendered":"<p>&nbsp; F\u00e1tima Bernardes, jornalista e ex-apresentadora da Globo, usou as suas redes sociais para falar sobre o motivo da sua sa\u00edda da emissora, ap\u00f3s 37 anos de parceria e v\u00e1rios projetos trabalhados ao longo deste per\u00edodo. O contrato entre a jornalista e a empresa da fam\u00edlia Marinho acabou no fim de 2023 e n\u00e3o foi &hellip;<\/p>\n","protected":false},"author":2,"featured_media":71594,"comment_status":"open","ping_status":"open","sticky":false,"template":"","format":"standard","meta":{"content-type":"","rop_custom_images_group":[],"rop_custom_messages_group":[],"rop_publish_now":"initial","rop_publish_now_accounts":{"facebook_2648258775420054_1618374048415101":""},"rop_publish_now_history":[],"rop_publish_now_status":"pending","footnotes":"","_jetpack_memberships_contains_paid_content":false},"categories":[125],"tags":[4428,221,223,871,7841,836,230,962,6234,895,1717,1879],"yoast_head":"<!-- This site is optimized with the Yoast SEO plugin v22.3 - https:\/\/yoast.com\/wordpress\/plugins\/seo\/ -->\n<title>F\u00e1tima Bernardes anuncia sa\u00edda da Globo, ap\u00f3s 37 anos de parceria com a emissora - Portal NPM<\/title>\n<meta name=\"robots\" content=\"index, follow, max-snippet:-1, max-image-preview:large, max-video-preview:-1\" \/>\n<link rel=\"canonical\" href=\"https:\/\/portalnpm.com\/index.php\/2024\/02\/27\/fatima-bernardes-anuncia-saida-da-globo-apos-37-anos-de-parceria-com-a-emissora\/\" \/>\n<meta property=\"og:locale\" content=\"pt_BR\" \/>\n<meta property=\"og:type\" content=\"article\" \/>\n<meta property=\"og:title\" content=\"F\u00e1tima Bernardes anuncia sa\u00edda da Globo, ap\u00f3s 37 anos de parceria com a emissora - Portal NPM\" \/>\n<meta property=\"og:description\" content=\"&nbsp; F\u00e1tima Bernardes, jornalista e ex-apresentadora da Globo, usou as suas redes sociais para falar sobre o motivo da sua sa\u00edda da emissora, ap\u00f3s 37 anos de parceria e v\u00e1rios projetos trabalhados ao longo deste per\u00edodo. O contrato entre a jornalista e a empresa da fam\u00edlia Marinho acabou no fim de 2023 e n\u00e3o foi &hellip;\" \/>\n<meta property=\"og:url\" content=\"https:\/\/portalnpm.com\/index.php\/2024\/02\/27\/fatima-bernardes-anuncia-saida-da-globo-apos-37-anos-de-parceria-com-a-emissora\/\" \/>\n<meta property=\"og:site_name\" content=\"Portal NPM\" \/>\n<meta property=\"article:published_time\" content=\"2024-02-27T22:18:25+00:00\" \/>\n<meta property=\"og:image\" content=\"https:\/\/portalnpm.com\/wp-content\/uploads\/2024\/02\/e214572282f214237f05863d6554b063.jpg\" \/>\n\t<meta property=\"og:image:width\" content=\"1000\" \/>\n\t<meta property=\"og:image:height\" content=\"872\" \/>\n\t<meta property=\"og:image:type\" content=\"image\/jpeg\" \/>\n<meta name=\"author\" content=\"Genival Barbosa\" \/>\n<meta name=\"twitter:card\" content=\"summary_large_image\" \/>\n<meta name=\"twitter:label1\" content=\"Escrito por\" \/>\n\t<meta name=\"twitter:data1\" content=\"Genival Barbosa\" \/>\n\t<meta name=\"twitter:label2\" content=\"Est. tempo de leitura\" \/>\n\t<meta name=\"twitter:data2\" content=\"3 minutos\" \/>\n<script type=\"application\/ld+json\" class=\"yoast-schema-graph\">{\"@context\":\"https:\/\/schema.org\",\"@graph\":[{\"@type\":\"WebPage\",\"@id\":\"https:\/\/portalnpm.com\/index.php\/2024\/02\/27\/fatima-bernardes-anuncia-saida-da-globo-apos-37-anos-de-parceria-com-a-emissora\/\",\"url\":\"https:\/\/portalnpm.com\/index.php\/2024\/02\/27\/fatima-bernardes-anuncia-saida-da-globo-apos-37-anos-de-parceria-com-a-emissora\/\",\"name\":\"F\u00e1tima Bernardes anuncia sa\u00edda da Globo, ap\u00f3s 37 anos de parceria com a emissora - Portal NPM\",\"isPartOf\":{\"@id\":\"https:\/\/portalnpm.com\/#website\"},\"primaryImageOfPage\":{\"@id\":\"https:\/\/portalnpm.com\/index.php\/2024\/02\/27\/fatima-bernardes-anuncia-saida-da-globo-apos-37-anos-de-parceria-com-a-emissora\/#primaryimage\"},\"image\":{\"@id\":\"https:\/\/portalnpm.com\/index.php\/2024\/02\/27\/fatima-bernardes-anuncia-saida-da-globo-apos-37-anos-de-parceria-com-a-emissora\/#primaryimage\"},\"thumbnailUrl\":\"https:\/\/portalnpm.com\/wp-content\/uploads\/2024\/02\/e214572282f214237f05863d6554b063.jpg\",\"datePublished\":\"2024-02-27T22:18:25+00:00\",\"dateModified\":\"2024-02-27T22:18:25+00:00\",\"author\":{\"@id\":\"https:\/\/portalnpm.com\/#\/schema\/person\/49313e563cfdefcc167f1ee4c017c294\"},\"breadcrumb\":{\"@id\":\"https:\/\/portalnpm.com\/index.php\/2024\/02\/27\/fatima-bernardes-anuncia-saida-da-globo-apos-37-anos-de-parceria-com-a-emissora\/#breadcrumb\"},\"inLanguage\":\"pt-BR\",\"potentialAction\":[{\"@type\":\"ReadAction\",\"target\":[\"https:\/\/portalnpm.com\/index.php\/2024\/02\/27\/fatima-bernardes-anuncia-saida-da-globo-apos-37-anos-de-parceria-com-a-emissora\/\"]}]},{\"@type\":\"ImageObject\",\"inLanguage\":\"pt-BR\",\"@id\":\"https:\/\/portalnpm.com\/index.php\/2024\/02\/27\/fatima-bernardes-anuncia-saida-da-globo-apos-37-anos-de-parceria-com-a-emissora\/#primaryimage\",\"url\":\"https:\/\/portalnpm.com\/wp-content\/uploads\/2024\/02\/e214572282f214237f05863d6554b063.jpg\",\"contentUrl\":\"https:\/\/portalnpm.com\/wp-content\/uploads\/2024\/02\/e214572282f214237f05863d6554b063.jpg\",\"width\":1000,\"height\":872},{\"@type\":\"BreadcrumbList\",\"@id\":\"https:\/\/portalnpm.com\/index.php\/2024\/02\/27\/fatima-bernardes-anuncia-saida-da-globo-apos-37-anos-de-parceria-com-a-emissora\/#breadcrumb\",\"itemListElement\":[{\"@type\":\"ListItem\",\"position\":1,\"name\":\"In\u00edcio\",\"item\":\"https:\/\/portalnpm.com\/\"},{\"@type\":\"ListItem\",\"position\":2,\"name\":\"F\u00e1tima Bernardes anuncia sa\u00edda da Globo, ap\u00f3s 37 anos de parceria com a emissora\"}]},{\"@type\":\"WebSite\",\"@id\":\"https:\/\/portalnpm.com\/#website\",\"url\":\"https:\/\/portalnpm.com\/\",\"name\":\"Portal NPM\",\"description\":\"Not\u00edcias em Primeira M\u00e3o\",\"potentialAction\":[{\"@type\":\"SearchAction\",\"target\":{\"@type\":\"EntryPoint\",\"urlTemplate\":\"https:\/\/portalnpm.com\/?s={search_term_string}\"},\"query-input\":\"required name=search_term_string\"}],\"inLanguage\":\"pt-BR\"},{\"@type\":\"Person\",\"@id\":\"https:\/\/portalnpm.com\/#\/schema\/person\/49313e563cfdefcc167f1ee4c017c294\",\"name\":\"Genival Barbosa\",\"image\":{\"@type\":\"ImageObject\",\"inLanguage\":\"pt-BR\",\"@id\":\"https:\/\/portalnpm.com\/#\/schema\/person\/image\/\",\"url\":\"https:\/\/portalnpm.com\/wp-content\/uploads\/2024\/02\/avatar_user_2_1707743258-96x96.jpeg\",\"contentUrl\":\"https:\/\/portalnpm.com\/wp-content\/uploads\/2024\/02\/avatar_user_2_1707743258-96x96.jpeg\",\"caption\":\"Genival Barbosa\"},\"url\":\"https:\/\/portalnpm.com\/index.php\/author\/genival\/\"}]}<\/script>\n<!-- \/ Yoast SEO plugin. -->","yoast_head_json":{"title":"F\u00e1tima Bernardes anuncia sa\u00edda da Globo, ap\u00f3s 37 anos de parceria com a emissora - Portal NPM","robots":{"index":"index","follow":"follow","max-snippet":"max-snippet:-1","max-image-preview":"max-image-preview:large","max-video-preview":"max-video-preview:-1"},"canonical":"https:\/\/portalnpm.com\/index.php\/2024\/02\/27\/fatima-bernardes-anuncia-saida-da-globo-apos-37-anos-de-parceria-com-a-emissora\/","og_locale":"pt_BR","og_type":"article","og_title":"F\u00e1tima Bernardes anuncia sa\u00edda da Globo, ap\u00f3s 37 anos de parceria com a emissora - Portal NPM","og_description":"&nbsp; F\u00e1tima Bernardes, jornalista e ex-apresentadora da Globo, usou as suas redes sociais para falar sobre o motivo da sua sa\u00edda da emissora, ap\u00f3s 37 anos de parceria e v\u00e1rios projetos trabalhados ao longo deste per\u00edodo. O contrato entre a jornalista e a empresa da fam\u00edlia Marinho acabou no fim de 2023 e n\u00e3o foi &hellip;","og_url":"https:\/\/portalnpm.com\/index.php\/2024\/02\/27\/fatima-bernardes-anuncia-saida-da-globo-apos-37-anos-de-parceria-com-a-emissora\/","og_site_name":"Portal NPM","article_published_time":"2024-02-27T22:18:25+00:00","og_image":[{"width":1000,"height":872,"url":"https:\/\/portalnpm.com\/wp-content\/uploads\/2024\/02\/e214572282f214237f05863d6554b063.jpg","type":"image\/jpeg"}],"author":"Genival Barbosa","twitter_card":"summary_large_image","twitter_misc":{"Escrito por":"Genival Barbosa","Est. tempo de leitura":"3 minutos"},"schema":{"@context":"https:\/\/schema.org","@graph":[{"@type":"WebPage","@id":"https:\/\/portalnpm.com\/index.php\/2024\/02\/27\/fatima-bernardes-anuncia-saida-da-globo-apos-37-anos-de-parceria-com-a-emissora\/","url":"https:\/\/portalnpm.com\/index.php\/2024\/02\/27\/fatima-bernardes-anuncia-saida-da-globo-apos-37-anos-de-parceria-com-a-emissora\/","name":"F\u00e1tima Bernardes anuncia sa\u00edda da Globo, ap\u00f3s 37 anos de parceria com a emissora - Portal NPM","isPartOf":{"@id":"https:\/\/portalnpm.com\/#website"},"primaryImageOfPage":{"@id":"https:\/\/portalnpm.com\/index.php\/2024\/02\/27\/fatima-bernardes-anuncia-saida-da-globo-apos-37-anos-de-parceria-com-a-emissora\/#primaryimage"},"image":{"@id":"https:\/\/portalnpm.com\/index.php\/2024\/02\/27\/fatima-bernardes-anuncia-saida-da-globo-apos-37-anos-de-parceria-com-a-emissora\/#primaryimage"},"thumbnailUrl":"https:\/\/portalnpm.com\/wp-content\/uploads\/2024\/02\/e214572282f214237f05863d6554b063.jpg","datePublished":"2024-02-27T22:18:25+00:00","dateModified":"2024-02-27T22:18:25+00:00","author":{"@id":"https:\/\/portalnpm.com\/#\/schema\/person\/49313e563cfdefcc167f1ee4c017c294"},"breadcrumb":{"@id":"https:\/\/portalnpm.com\/index.php\/2024\/02\/27\/fatima-bernardes-anuncia-saida-da-globo-apos-37-anos-de-parceria-com-a-emissora\/#breadcrumb"},"inLanguage":"pt-BR","potentialAction":[{"@type":"ReadAction","target":["https:\/\/portalnpm.com\/index.php\/2024\/02\/27\/fatima-bernardes-anuncia-saida-da-globo-apos-37-anos-de-parceria-com-a-emissora\/"]}]},{"@type":"ImageObject","inLanguage":"pt-BR","@id":"https:\/\/portalnpm.com\/index.php\/2024\/02\/27\/fatima-bernardes-anuncia-saida-da-globo-apos-37-anos-de-parceria-com-a-emissora\/#primaryimage","url":"https:\/\/portalnpm.com\/wp-content\/uploads\/2024\/02\/e214572282f214237f05863d6554b063.jpg","contentUrl":"https:\/\/portalnpm.com\/wp-content\/uploads\/2024\/02\/e214572282f214237f05863d6554b063.jpg","width":1000,"height":872},{"@type":"BreadcrumbList","@id":"https:\/\/portalnpm.com\/index.php\/2024\/02\/27\/fatima-bernardes-anuncia-saida-da-globo-apos-37-anos-de-parceria-com-a-emissora\/#breadcrumb","itemListElement":[{"@type":"ListItem","position":1,"name":"In\u00edcio","item":"https:\/\/portalnpm.com\/"},{"@type":"ListItem","position":2,"name":"F\u00e1tima Bernardes anuncia sa\u00edda da Globo, ap\u00f3s 37 anos de parceria com a emissora"}]},{"@type":"WebSite","@id":"https:\/\/portalnpm.com\/#website","url":"https:\/\/portalnpm.com\/","name":"Portal NPM","description":"Not\u00edcias em Primeira M\u00e3o","potentialAction":[{"@type":"SearchAction","target":{"@type":"EntryPoint","urlTemplate":"https:\/\/portalnpm.com\/?s={search_term_string}"},"query-input":"required name=search_term_string"}],"inLanguage":"pt-BR"},{"@type":"Person","@id":"https:\/\/portalnpm.com\/#\/schema\/person\/49313e563cfdefcc167f1ee4c017c294","name":"Genival Barbosa","image":{"@type":"ImageObject","inLanguage":"pt-BR","@id":"https:\/\/portalnpm.com\/#\/schema\/person\/image\/","url":"https:\/\/portalnpm.com\/wp-content\/uploads\/2024\/02\/avatar_user_2_1707743258-96x96.jpeg","contentUrl":"https:\/\/portalnpm.com\/wp-content\/uploads\/2024\/02\/avatar_user_2_1707743258-96x96.jpeg","caption":"Genival Barbosa"},"url":"https:\/\/portalnpm.com\/index.php\/author\/genival\/"}]}},"jetpack_sharing_enabled":true,"jetpack_featured_media_url":"https:\/\/portalnpm.com\/wp-content\/uploads\/2024\/02\/e214572282f214237f05863d6554b063.jpg","_links":{"self":[{"href":"https:\/\/portalnpm.com\/index.php\/wp-json\/wp\/v2\/posts\/71593"}],"collection":[{"href":"https:\/\/portalnpm.com\/index.php\/wp-json\/wp\/v2\/posts"}],"about":[{"href":"https:\/\/portalnpm.com\/index.php\/wp-json\/wp\/v2\/types\/post"}],"author":[{"embeddable":true,"href":"https:\/\/portalnpm.com\/index.php\/wp-json\/wp\/v2\/users\/2"}],"replies":[{"embeddable":true,"href":"https:\/\/portalnpm.com\/index.php\/wp-json\/wp\/v2\/comments?post=71593"}],"version-history":[{"count":1,"href":"https:\/\/portalnpm.com\/index.php\/wp-json\/wp\/v2\/posts\/71593\/revisions"}],"predecessor-version":[{"id":71595,"href":"https:\/\/portalnpm.com\/index.php\/wp-json\/wp\/v2\/posts\/71593\/revisions\/71595"}],"wp:featuredmedia":[{"embeddable":true,"href":"https:\/\/portalnpm.com\/index.php\/wp-json\/wp\/v2\/media\/71594"}],"wp:attachment":[{"href":"https:\/\/portalnpm.com\/index.php\/wp-json\/wp\/v2\/media?parent=71593"}],"wp:term":[{"taxonomy":"category","embeddable":true,"href":"https:\/\/portalnpm.com\/index.php\/wp-json\/wp\/v2\/categories?post=71593"},{"taxonomy":"post_tag","embeddable":true,"href":"https:\/\/portalnpm.com\/index.php\/wp-json\/wp\/v2\/tags?post=71593"}],"curies":[{"name":"wp","href":"https:\/\/api.w.org\/{rel}","templated":true}]}}