{"id":71626,"date":"2024-02-29T23:32:51","date_gmt":"2024-03-01T02:32:51","guid":{"rendered":"https:\/\/portalnpm.com\/?p=71626"},"modified":"2024-02-29T23:32:51","modified_gmt":"2024-03-01T02:32:51","slug":"em-sessao-ordinaria-camara-municipal-empossa-chico-neto-pt-como-novo-vereador-de-sao-juliao-veja","status":"publish","type":"post","link":"https:\/\/portalnpm.com\/index.php\/2024\/02\/29\/em-sessao-ordinaria-camara-municipal-empossa-chico-neto-pt-como-novo-vereador-de-sao-juliao-veja\/","title":{"rendered":"Em Sess\u00e3o Ordin\u00e1ria, C\u00e2mara Municipal empossa Chico Neto (PT) como novo vereador de S\u00e3o Juli\u00e3o; veja!"},"content":{"rendered":"<p>A C\u00e2mara Municipal de Vereadores de <strong>S\u00e3o Juli\u00e3o<\/strong> &#8211; PI, em Sess\u00e3o Ordin\u00e1ria, na noite desta quinta-feira, 29 de fevereiro, empossou o seu mais novo vereador.<\/p>\n<p><img fetchpriority=\"high\" decoding=\"async\" class=\"alignnone size-medium wp-image-71630\" src=\"https:\/\/portalnpm.com\/wp-content\/uploads\/2024\/02\/IMG-20240229-WA0748-300x167.jpg\" alt=\"\" width=\"300\" height=\"167\" srcset=\"https:\/\/portalnpm.com\/wp-content\/uploads\/2024\/02\/IMG-20240229-WA0748-300x167.jpg 300w, https:\/\/portalnpm.com\/wp-content\/uploads\/2024\/02\/IMG-20240229-WA0748-1024x571.jpg 1024w, https:\/\/portalnpm.com\/wp-content\/uploads\/2024\/02\/IMG-20240229-WA0748-768x428.jpg 768w, https:\/\/portalnpm.com\/wp-content\/uploads\/2024\/02\/IMG-20240229-WA0748-1536x856.jpg 1536w, https:\/\/portalnpm.com\/wp-content\/uploads\/2024\/02\/IMG-20240229-WA0748.jpg 1600w\" sizes=\"(max-width: 300px) 100vw, 300px\" \/><\/p>\n<p>A Sess\u00e3o foi presidida pelo presidente da casa, vereador <strong><em>Edisaldo Rocha<\/em><\/strong> (PSB) e empossou o segundo suplente do PT, <strong><em>Chico Neto<\/em><\/strong>, que retorna a casa legislativa.<\/p>\n<p><strong><em>Entenda o caso:<\/em><\/strong><\/p>\n<p>O vereador Francisco Leandro da Silva, conhecido como Tico dos Pipas (PT), renunciou recentemente ao cargo que ocupava e alegou assuntos pessoais.<\/p>\n<p>De acordo com a mesa diretora da C\u00e2mara, o primeiro suplente do PT, Luis Valente, desfiliou do partido em agosto e, com isso, perdeu o direito de assumir o cargo, j\u00e1 que a vaga pertence ao partido e n\u00e3o ao candidato.<\/p>\n<blockquote><p>&#8220;Atendendo ao pedido dessa casa, assumo mais uma vez o cargo de vereador deste munic\u00edpio, onde pretendo desempenhar um papel de fiscalizador para com o povo de S\u00e3o Juli\u00e3o. Respeito \u00e0s institui\u00e7\u00f5es de direito, atendo a esse a chamado e respeito a decis\u00e3o democr\u00e1tica da mesa em me apossar vereador nesta casa, honrando os votos e confian\u00e7a em mim depositada na elei\u00e7\u00e3o de 2020&#8221;, destacou o novo vereador Chico Neto.<\/p><\/blockquote>\n<p>Ainda na pauta da sess\u00e3o, foi apresentado pelo vereador Guaran\u00e1 (PT), um requerimento solicitando a limpeza do cemit\u00e9rio sede do munic\u00edpio e dos povoados Mandacaru e Fujona, que segundo o parlamentar, est\u00e3o cheios de matos e em prec\u00e1rias situa\u00e7\u00f5es. O parlamentar ainda cobrou melhorias nas estradas vicinais do munic\u00edpio.<\/p>\n<p>A C\u00e2mara Municipal ainda votou por unanimidade um projeto de lei encaminhado pelo executivo que garante aumento salarial aos profissionais de sa\u00fade, seguindo o crit\u00e9rio nacional.<\/p>\n<p>A sess\u00e3o contou com a presen\u00e7a de todos os vereadores e de um grande p\u00fablico, al\u00e9m da transmiss\u00e3o atrav\u00e9s da plataforma YouTube.<\/p>\n<p><strong>Segue o link da sess\u00e3o:\u00a0<\/strong><\/p>\n<p><iframe title=\"SEGUNDA SESS\u00c3O ORDIN\u00c1RIA DO LEGISLATIVO DA C\u00c2MARA DE S\u00c3O JULI\u00c3O - PI 2024.\" width=\"500\" height=\"375\" src=\"https:\/\/www.youtube.com\/embed\/d9W1QF6UU64?feature=oembed\" frameborder=\"0\" allow=\"accelerometer; autoplay; clipboard-write; encrypted-media; gyroscope; picture-in-picture; web-share\" allowfullscreen><\/iframe><\/p>\n","protected":false},"excerpt":{"rendered":"<p>A C\u00e2mara Municipal de Vereadores de S\u00e3o Juli\u00e3o &#8211; PI, em Sess\u00e3o Ordin\u00e1ria, na noite desta quinta-feira, 29 de fevereiro, empossou o seu mais novo vereador. A Sess\u00e3o foi presidida pelo presidente da casa, vereador Edisaldo Rocha (PSB) e empossou o segundo suplente do PT, Chico Neto, que retorna a casa legislativa. Entenda o caso: &hellip;<\/p>\n","protected":false},"author":3,"featured_media":71631,"comment_status":"open","ping_status":"open","sticky":false,"template":"","format":"standard","meta":{"content-type":"","rop_custom_images_group":[],"rop_custom_messages_group":[],"rop_publish_now":"initial","rop_publish_now_accounts":{"facebook_2648258775420054_1618374048415101":""},"rop_publish_now_history":[],"rop_publish_now_status":"pending","footnotes":"","_jetpack_memberships_contains_paid_content":false},"categories":[113,109,3998],"tags":[526,4004,1151,230,855,2550,1197,1923,3694,1105,14664,403,1196,4183,842,194],"yoast_head":"<!-- This site is optimized with the Yoast SEO plugin v22.3 - https:\/\/yoast.com\/wordpress\/plugins\/seo\/ -->\n<title>Em Sess\u00e3o Ordin\u00e1ria, C\u00e2mara Municipal empossa Chico Neto (PT) como novo vereador de S\u00e3o Juli\u00e3o; veja! - Portal NPM<\/title>\n<meta name=\"robots\" content=\"index, follow, max-snippet:-1, max-image-preview:large, max-video-preview:-1\" \/>\n<link rel=\"canonical\" href=\"https:\/\/portalnpm.com\/index.php\/2024\/02\/29\/em-sessao-ordinaria-camara-municipal-empossa-chico-neto-pt-como-novo-vereador-de-sao-juliao-veja\/\" \/>\n<meta property=\"og:locale\" content=\"pt_BR\" \/>\n<meta property=\"og:type\" content=\"article\" \/>\n<meta property=\"og:title\" content=\"Em Sess\u00e3o Ordin\u00e1ria, C\u00e2mara Municipal empossa Chico Neto (PT) como novo vereador de S\u00e3o Juli\u00e3o; veja! - Portal NPM\" \/>\n<meta property=\"og:description\" content=\"A C\u00e2mara Municipal de Vereadores de S\u00e3o Juli\u00e3o &#8211; PI, em Sess\u00e3o Ordin\u00e1ria, na noite desta quinta-feira, 29 de fevereiro, empossou o seu mais novo vereador. A Sess\u00e3o foi presidida pelo presidente da casa, vereador Edisaldo Rocha (PSB) e empossou o segundo suplente do PT, Chico Neto, que retorna a casa legislativa. Entenda o caso: &hellip;\" \/>\n<meta property=\"og:url\" content=\"https:\/\/portalnpm.com\/index.php\/2024\/02\/29\/em-sessao-ordinaria-camara-municipal-empossa-chico-neto-pt-como-novo-vereador-de-sao-juliao-veja\/\" \/>\n<meta property=\"og:site_name\" content=\"Portal NPM\" \/>\n<meta property=\"article:published_time\" content=\"2024-03-01T02:32:51+00:00\" \/>\n<meta property=\"og:image\" content=\"https:\/\/portalnpm.com\/wp-content\/uploads\/2024\/02\/IMG-20240229-WA0760.jpg\" \/>\n\t<meta property=\"og:image:width\" content=\"1600\" \/>\n\t<meta property=\"og:image:height\" content=\"1001\" \/>\n\t<meta property=\"og:image:type\" content=\"image\/jpeg\" \/>\n<meta name=\"author\" content=\"Luis Alberto\" \/>\n<meta name=\"twitter:card\" content=\"summary_large_image\" \/>\n<meta name=\"twitter:label1\" content=\"Escrito por\" \/>\n\t<meta name=\"twitter:data1\" content=\"Luis Alberto\" \/>\n\t<meta name=\"twitter:label2\" content=\"Est. tempo de leitura\" \/>\n\t<meta name=\"twitter:data2\" content=\"2 minutos\" \/>\n<script type=\"application\/ld+json\" class=\"yoast-schema-graph\">{\"@context\":\"https:\/\/schema.org\",\"@graph\":[{\"@type\":\"WebPage\",\"@id\":\"https:\/\/portalnpm.com\/index.php\/2024\/02\/29\/em-sessao-ordinaria-camara-municipal-empossa-chico-neto-pt-como-novo-vereador-de-sao-juliao-veja\/\",\"url\":\"https:\/\/portalnpm.com\/index.php\/2024\/02\/29\/em-sessao-ordinaria-camara-municipal-empossa-chico-neto-pt-como-novo-vereador-de-sao-juliao-veja\/\",\"name\":\"Em Sess\u00e3o Ordin\u00e1ria, C\u00e2mara Municipal empossa Chico Neto (PT) como novo vereador de S\u00e3o Juli\u00e3o; veja! - Portal NPM\",\"isPartOf\":{\"@id\":\"https:\/\/portalnpm.com\/#website\"},\"primaryImageOfPage\":{\"@id\":\"https:\/\/portalnpm.com\/index.php\/2024\/02\/29\/em-sessao-ordinaria-camara-municipal-empossa-chico-neto-pt-como-novo-vereador-de-sao-juliao-veja\/#primaryimage\"},\"image\":{\"@id\":\"https:\/\/portalnpm.com\/index.php\/2024\/02\/29\/em-sessao-ordinaria-camara-municipal-empossa-chico-neto-pt-como-novo-vereador-de-sao-juliao-veja\/#primaryimage\"},\"thumbnailUrl\":\"https:\/\/portalnpm.com\/wp-content\/uploads\/2024\/02\/IMG-20240229-WA0760.jpg\",\"datePublished\":\"2024-03-01T02:32:51+00:00\",\"dateModified\":\"2024-03-01T02:32:51+00:00\",\"author\":{\"@id\":\"https:\/\/portalnpm.com\/#\/schema\/person\/5c8006acdf71774cd4e7a5ab98482152\"},\"breadcrumb\":{\"@id\":\"https:\/\/portalnpm.com\/index.php\/2024\/02\/29\/em-sessao-ordinaria-camara-municipal-empossa-chico-neto-pt-como-novo-vereador-de-sao-juliao-veja\/#breadcrumb\"},\"inLanguage\":\"pt-BR\",\"potentialAction\":[{\"@type\":\"ReadAction\",\"target\":[\"https:\/\/portalnpm.com\/index.php\/2024\/02\/29\/em-sessao-ordinaria-camara-municipal-empossa-chico-neto-pt-como-novo-vereador-de-sao-juliao-veja\/\"]}]},{\"@type\":\"ImageObject\",\"inLanguage\":\"pt-BR\",\"@id\":\"https:\/\/portalnpm.com\/index.php\/2024\/02\/29\/em-sessao-ordinaria-camara-municipal-empossa-chico-neto-pt-como-novo-vereador-de-sao-juliao-veja\/#primaryimage\",\"url\":\"https:\/\/portalnpm.com\/wp-content\/uploads\/2024\/02\/IMG-20240229-WA0760.jpg\",\"contentUrl\":\"https:\/\/portalnpm.com\/wp-content\/uploads\/2024\/02\/IMG-20240229-WA0760.jpg\",\"width\":1600,\"height\":1001},{\"@type\":\"BreadcrumbList\",\"@id\":\"https:\/\/portalnpm.com\/index.php\/2024\/02\/29\/em-sessao-ordinaria-camara-municipal-empossa-chico-neto-pt-como-novo-vereador-de-sao-juliao-veja\/#breadcrumb\",\"itemListElement\":[{\"@type\":\"ListItem\",\"position\":1,\"name\":\"In\u00edcio\",\"item\":\"https:\/\/portalnpm.com\/\"},{\"@type\":\"ListItem\",\"position\":2,\"name\":\"Em Sess\u00e3o Ordin\u00e1ria, C\u00e2mara Municipal empossa Chico Neto (PT) como novo vereador de S\u00e3o Juli\u00e3o; veja!\"}]},{\"@type\":\"WebSite\",\"@id\":\"https:\/\/portalnpm.com\/#website\",\"url\":\"https:\/\/portalnpm.com\/\",\"name\":\"Portal NPM\",\"description\":\"Not\u00edcias em Primeira M\u00e3o\",\"potentialAction\":[{\"@type\":\"SearchAction\",\"target\":{\"@type\":\"EntryPoint\",\"urlTemplate\":\"https:\/\/portalnpm.com\/?s={search_term_string}\"},\"query-input\":\"required name=search_term_string\"}],\"inLanguage\":\"pt-BR\"},{\"@type\":\"Person\",\"@id\":\"https:\/\/portalnpm.com\/#\/schema\/person\/5c8006acdf71774cd4e7a5ab98482152\",\"name\":\"Luis Alberto\",\"image\":{\"@type\":\"ImageObject\",\"inLanguage\":\"pt-BR\",\"@id\":\"https:\/\/portalnpm.com\/#\/schema\/person\/image\/\",\"url\":\"https:\/\/portalnpm.com\/wp-content\/uploads\/2024\/12\/avatar_user_3_1734699769-96x96.jpeg\",\"contentUrl\":\"https:\/\/portalnpm.com\/wp-content\/uploads\/2024\/12\/avatar_user_3_1734699769-96x96.jpeg\",\"caption\":\"Luis Alberto\"},\"description\":\"Editor-geral do Portal NPM, \u00e9 formado como T\u00e9cnico em Seguran\u00e7a do Trabalho pela Escola Metropolitana de Cursos T\u00e9cnicos. Det\u00e9m ainda licenciatura em Educa\u00e7\u00e3o F\u00edsica e bacharelado em Ci\u00eancias Pol\u00edticas, ambos obtidos pela institui\u00e7\u00e3o Anhanguera\/UNOPAR.\",\"url\":\"https:\/\/portalnpm.com\/index.php\/author\/pereira\/\"}]}<\/script>\n<!-- \/ Yoast SEO plugin. -->","yoast_head_json":{"title":"Em Sess\u00e3o Ordin\u00e1ria, C\u00e2mara Municipal empossa Chico Neto (PT) como novo vereador de S\u00e3o Juli\u00e3o; veja! - Portal NPM","robots":{"index":"index","follow":"follow","max-snippet":"max-snippet:-1","max-image-preview":"max-image-preview:large","max-video-preview":"max-video-preview:-1"},"canonical":"https:\/\/portalnpm.com\/index.php\/2024\/02\/29\/em-sessao-ordinaria-camara-municipal-empossa-chico-neto-pt-como-novo-vereador-de-sao-juliao-veja\/","og_locale":"pt_BR","og_type":"article","og_title":"Em Sess\u00e3o Ordin\u00e1ria, C\u00e2mara Municipal empossa Chico Neto (PT) como novo vereador de S\u00e3o Juli\u00e3o; veja! - Portal NPM","og_description":"A C\u00e2mara Municipal de Vereadores de S\u00e3o Juli\u00e3o &#8211; PI, em Sess\u00e3o Ordin\u00e1ria, na noite desta quinta-feira, 29 de fevereiro, empossou o seu mais novo vereador. A Sess\u00e3o foi presidida pelo presidente da casa, vereador Edisaldo Rocha (PSB) e empossou o segundo suplente do PT, Chico Neto, que retorna a casa legislativa. Entenda o caso: &hellip;","og_url":"https:\/\/portalnpm.com\/index.php\/2024\/02\/29\/em-sessao-ordinaria-camara-municipal-empossa-chico-neto-pt-como-novo-vereador-de-sao-juliao-veja\/","og_site_name":"Portal NPM","article_published_time":"2024-03-01T02:32:51+00:00","og_image":[{"width":1600,"height":1001,"url":"https:\/\/portalnpm.com\/wp-content\/uploads\/2024\/02\/IMG-20240229-WA0760.jpg","type":"image\/jpeg"}],"author":"Luis Alberto","twitter_card":"summary_large_image","twitter_misc":{"Escrito por":"Luis Alberto","Est. tempo de leitura":"2 minutos"},"schema":{"@context":"https:\/\/schema.org","@graph":[{"@type":"WebPage","@id":"https:\/\/portalnpm.com\/index.php\/2024\/02\/29\/em-sessao-ordinaria-camara-municipal-empossa-chico-neto-pt-como-novo-vereador-de-sao-juliao-veja\/","url":"https:\/\/portalnpm.com\/index.php\/2024\/02\/29\/em-sessao-ordinaria-camara-municipal-empossa-chico-neto-pt-como-novo-vereador-de-sao-juliao-veja\/","name":"Em Sess\u00e3o Ordin\u00e1ria, C\u00e2mara Municipal empossa Chico Neto (PT) como novo vereador de S\u00e3o Juli\u00e3o; veja! - Portal NPM","isPartOf":{"@id":"https:\/\/portalnpm.com\/#website"},"primaryImageOfPage":{"@id":"https:\/\/portalnpm.com\/index.php\/2024\/02\/29\/em-sessao-ordinaria-camara-municipal-empossa-chico-neto-pt-como-novo-vereador-de-sao-juliao-veja\/#primaryimage"},"image":{"@id":"https:\/\/portalnpm.com\/index.php\/2024\/02\/29\/em-sessao-ordinaria-camara-municipal-empossa-chico-neto-pt-como-novo-vereador-de-sao-juliao-veja\/#primaryimage"},"thumbnailUrl":"https:\/\/portalnpm.com\/wp-content\/uploads\/2024\/02\/IMG-20240229-WA0760.jpg","datePublished":"2024-03-01T02:32:51+00:00","dateModified":"2024-03-01T02:32:51+00:00","author":{"@id":"https:\/\/portalnpm.com\/#\/schema\/person\/5c8006acdf71774cd4e7a5ab98482152"},"breadcrumb":{"@id":"https:\/\/portalnpm.com\/index.php\/2024\/02\/29\/em-sessao-ordinaria-camara-municipal-empossa-chico-neto-pt-como-novo-vereador-de-sao-juliao-veja\/#breadcrumb"},"inLanguage":"pt-BR","potentialAction":[{"@type":"ReadAction","target":["https:\/\/portalnpm.com\/index.php\/2024\/02\/29\/em-sessao-ordinaria-camara-municipal-empossa-chico-neto-pt-como-novo-vereador-de-sao-juliao-veja\/"]}]},{"@type":"ImageObject","inLanguage":"pt-BR","@id":"https:\/\/portalnpm.com\/index.php\/2024\/02\/29\/em-sessao-ordinaria-camara-municipal-empossa-chico-neto-pt-como-novo-vereador-de-sao-juliao-veja\/#primaryimage","url":"https:\/\/portalnpm.com\/wp-content\/uploads\/2024\/02\/IMG-20240229-WA0760.jpg","contentUrl":"https:\/\/portalnpm.com\/wp-content\/uploads\/2024\/02\/IMG-20240229-WA0760.jpg","width":1600,"height":1001},{"@type":"BreadcrumbList","@id":"https:\/\/portalnpm.com\/index.php\/2024\/02\/29\/em-sessao-ordinaria-camara-municipal-empossa-chico-neto-pt-como-novo-vereador-de-sao-juliao-veja\/#breadcrumb","itemListElement":[{"@type":"ListItem","position":1,"name":"In\u00edcio","item":"https:\/\/portalnpm.com\/"},{"@type":"ListItem","position":2,"name":"Em Sess\u00e3o Ordin\u00e1ria, C\u00e2mara Municipal empossa Chico Neto (PT) como novo vereador de S\u00e3o Juli\u00e3o; veja!"}]},{"@type":"WebSite","@id":"https:\/\/portalnpm.com\/#website","url":"https:\/\/portalnpm.com\/","name":"Portal NPM","description":"Not\u00edcias em Primeira M\u00e3o","potentialAction":[{"@type":"SearchAction","target":{"@type":"EntryPoint","urlTemplate":"https:\/\/portalnpm.com\/?s={search_term_string}"},"query-input":"required name=search_term_string"}],"inLanguage":"pt-BR"},{"@type":"Person","@id":"https:\/\/portalnpm.com\/#\/schema\/person\/5c8006acdf71774cd4e7a5ab98482152","name":"Luis Alberto","image":{"@type":"ImageObject","inLanguage":"pt-BR","@id":"https:\/\/portalnpm.com\/#\/schema\/person\/image\/","url":"https:\/\/portalnpm.com\/wp-content\/uploads\/2024\/12\/avatar_user_3_1734699769-96x96.jpeg","contentUrl":"https:\/\/portalnpm.com\/wp-content\/uploads\/2024\/12\/avatar_user_3_1734699769-96x96.jpeg","caption":"Luis Alberto"},"description":"Editor-geral do Portal NPM, \u00e9 formado como T\u00e9cnico em Seguran\u00e7a do Trabalho pela Escola Metropolitana de Cursos T\u00e9cnicos. Det\u00e9m ainda licenciatura em Educa\u00e7\u00e3o F\u00edsica e bacharelado em Ci\u00eancias Pol\u00edticas, ambos obtidos pela institui\u00e7\u00e3o Anhanguera\/UNOPAR.","url":"https:\/\/portalnpm.com\/index.php\/author\/pereira\/"}]}},"jetpack_sharing_enabled":true,"jetpack_featured_media_url":"https:\/\/portalnpm.com\/wp-content\/uploads\/2024\/02\/IMG-20240229-WA0760.jpg","_links":{"self":[{"href":"https:\/\/portalnpm.com\/index.php\/wp-json\/wp\/v2\/posts\/71626"}],"collection":[{"href":"https:\/\/portalnpm.com\/index.php\/wp-json\/wp\/v2\/posts"}],"about":[{"href":"https:\/\/portalnpm.com\/index.php\/wp-json\/wp\/v2\/types\/post"}],"author":[{"embeddable":true,"href":"https:\/\/portalnpm.com\/index.php\/wp-json\/wp\/v2\/users\/3"}],"replies":[{"embeddable":true,"href":"https:\/\/portalnpm.com\/index.php\/wp-json\/wp\/v2\/comments?post=71626"}],"version-history":[{"count":6,"href":"https:\/\/portalnpm.com\/index.php\/wp-json\/wp\/v2\/posts\/71626\/revisions"}],"predecessor-version":[{"id":71634,"href":"https:\/\/portalnpm.com\/index.php\/wp-json\/wp\/v2\/posts\/71626\/revisions\/71634"}],"wp:featuredmedia":[{"embeddable":true,"href":"https:\/\/portalnpm.com\/index.php\/wp-json\/wp\/v2\/media\/71631"}],"wp:attachment":[{"href":"https:\/\/portalnpm.com\/index.php\/wp-json\/wp\/v2\/media?parent=71626"}],"wp:term":[{"taxonomy":"category","embeddable":true,"href":"https:\/\/portalnpm.com\/index.php\/wp-json\/wp\/v2\/categories?post=71626"},{"taxonomy":"post_tag","embeddable":true,"href":"https:\/\/portalnpm.com\/index.php\/wp-json\/wp\/v2\/tags?post=71626"}],"curies":[{"name":"wp","href":"https:\/\/api.w.org\/{rel}","templated":true}]}}