{"id":71711,"date":"2024-03-05T18:37:46","date_gmt":"2024-03-05T21:37:46","guid":{"rendered":"https:\/\/portalnpm.com\/?p=71711"},"modified":"2024-03-05T20:24:14","modified_gmt":"2024-03-05T23:24:14","slug":"dr-geronimo-e-dr-hugo-leal-recebe-apoio-de-liderancas-estaduais-e-fortalece-a-oposicao-em-vila-nova-do-piaui-veja","status":"publish","type":"post","link":"https:\/\/portalnpm.com\/index.php\/2024\/03\/05\/dr-geronimo-e-dr-hugo-leal-recebe-apoio-de-liderancas-estaduais-e-fortalece-a-oposicao-em-vila-nova-do-piaui-veja\/","title":{"rendered":"Dr. Ger\u00f4nimo e Dr. Hugo Leal recebem apoio de lideran\u00e7as estaduais e fortalecem a oposi\u00e7\u00e3o em Vila Nova do Piau\u00ed; veja!"},"content":{"rendered":"<p>Os pr\u00e9-candidatos <strong>Dr. Ger\u00f4nimo<\/strong> e <strong>Hugo Leal<\/strong>, prefeito e vice, respectivamente, pelo campo da oposi\u00e7\u00e3o, em Vila Nova do Piau\u00ed, receberam importantes apoios de lideran\u00e7as estaduais na disputa pelo poder executivo municipal.<\/p>\n<p>Recentemente, Dr. Ger\u00f4nimo e Dr. Hugo Leal estiveram na capital piauiense e se reuniram com o <strong>senador<\/strong> <strong>Marcelo<\/strong> <strong>Castro<\/strong> e com os <strong>deputados federais Castro Neto<\/strong> e <strong>Francisco Costa<\/strong>, ocasi\u00e3o em que receberam apoios dos parlamentares na disputa majorit\u00e1ria em <strong>Vila Nova do<\/strong> <strong>Piau\u00ed<\/strong>.<\/p>\n<figure id=\"attachment_71717\" aria-describedby=\"caption-attachment-71717\" style=\"width: 300px\" class=\"wp-caption alignnone\"><img fetchpriority=\"high\" decoding=\"async\" class=\"size-medium wp-image-71717\" src=\"https:\/\/portalnpm.com\/wp-content\/uploads\/2024\/03\/IMG-20240305-WA0563-300x196.jpg\" alt=\"\" width=\"300\" height=\"196\" srcset=\"https:\/\/portalnpm.com\/wp-content\/uploads\/2024\/03\/IMG-20240305-WA0563-300x196.jpg 300w, https:\/\/portalnpm.com\/wp-content\/uploads\/2024\/03\/IMG-20240305-WA0563-1024x669.jpg 1024w, https:\/\/portalnpm.com\/wp-content\/uploads\/2024\/03\/IMG-20240305-WA0563-768x502.jpg 768w, https:\/\/portalnpm.com\/wp-content\/uploads\/2024\/03\/IMG-20240305-WA0563-1536x1004.jpg 1536w, https:\/\/portalnpm.com\/wp-content\/uploads\/2024\/03\/IMG-20240305-WA0563-2048x1338.jpg 2048w\" sizes=\"(max-width: 300px) 100vw, 300px\" \/><figcaption id=\"caption-attachment-71717\" class=\"wp-caption-text\">Da direita para a esquerda: senador Marcelo Castro, Dr. Ger\u00f4nimo, Dr. Hugo Leal e o deputado federal Castro Neto<\/figcaption><\/figure>\n<p>Marcelo Castro, Castro Neto e Francisco Costa, declararam total apoio ao projeto da oposi\u00e7\u00e3o na Cidade Poesia, que j\u00e1 contava com apoio do deputado estadual <strong>Aldo Gil<\/strong>. Agora, a oposi\u00e7\u00e3o est\u00e1 fortalecida, com importantes apoios rumo \u00e0 mudan\u00e7a em Vila Nova e apresentar\u00e1 uma chapa competitiva na disputa pelo executivo local, al\u00e9m do legislativo.<\/p>\n<figure id=\"attachment_71719\" aria-describedby=\"caption-attachment-71719\" style=\"width: 246px\" class=\"wp-caption alignnone\"><img decoding=\"async\" class=\"size-medium wp-image-71719\" src=\"https:\/\/portalnpm.com\/wp-content\/uploads\/2024\/03\/IMG-20240305-WA0564-246x300.jpg\" alt=\"\" width=\"246\" height=\"300\" srcset=\"https:\/\/portalnpm.com\/wp-content\/uploads\/2024\/03\/IMG-20240305-WA0564-246x300.jpg 246w, https:\/\/portalnpm.com\/wp-content\/uploads\/2024\/03\/IMG-20240305-WA0564-839x1024.jpg 839w, https:\/\/portalnpm.com\/wp-content\/uploads\/2024\/03\/IMG-20240305-WA0564-768x938.jpg 768w, https:\/\/portalnpm.com\/wp-content\/uploads\/2024\/03\/IMG-20240305-WA0564.jpg 1045w\" sizes=\"(max-width: 246px) 100vw, 246px\" \/><figcaption id=\"caption-attachment-71719\" class=\"wp-caption-text\">Da direita para a esquerda: Dr. Hugo Leal, deputado federal Francisco Costa, e Dr. Ger\u00f4nimo<\/figcaption><\/figure>\n<p>A cidade de Vila Nova do Piau\u00ed \u00e9 governada por um \u00fanico grupo pol\u00edtico desde a sua funda\u00e7\u00e3o. Na elei\u00e7\u00e3o passada, &#8216;Os Doutores&#8217; como s\u00e3o chamados pela popula\u00e7\u00e3o, quase vencem a elei\u00e7\u00e3o contra o grup\u00e3o, a diferen\u00e7a foi de apenas 46 votos.<\/p>\n<p>Para 2024, a dupla vem se fortalecendo e ganhando a simpatia popular, principalmente daqueles que acreditam e confiam na mudan\u00e7a e altern\u00e2ncia de poder.<\/p>\n<p>At\u00e9 final de mar\u00e7o, ser\u00e1 definido os respectivos partidos, al\u00e9m da chapa proporcional para \u00e0s elei\u00e7\u00f5es municipais.<\/p>\n","protected":false},"excerpt":{"rendered":"<p>Os pr\u00e9-candidatos Dr. Ger\u00f4nimo e Hugo Leal, prefeito e vice, respectivamente, pelo campo da oposi\u00e7\u00e3o, em Vila Nova do Piau\u00ed, receberam importantes apoios de lideran\u00e7as estaduais na disputa pelo poder executivo municipal. Recentemente, Dr. Ger\u00f4nimo e Dr. Hugo Leal estiveram na capital piauiense e se reuniram com o senador Marcelo Castro e com os deputados &hellip;<\/p>\n","protected":false},"author":3,"featured_media":71716,"comment_status":"open","ping_status":"open","sticky":false,"template":"","format":"standard","meta":{"content-type":"","rop_custom_images_group":[],"rop_custom_messages_group":[],"rop_publish_now":"initial","rop_publish_now_accounts":{"facebook_2648258775420054_1618374048415101":""},"rop_publish_now_history":[],"rop_publish_now_status":"pending","footnotes":"","_jetpack_memberships_contains_paid_content":false},"categories":[113,109,130,4315],"tags":[576,230,4262,855,2344,4522,6339,6340,1623,477,928,176,187,398,842,4322],"yoast_head":"<!-- This site is optimized with the Yoast SEO plugin v22.3 - https:\/\/yoast.com\/wordpress\/plugins\/seo\/ -->\n<title>Dr. Ger\u00f4nimo e Dr. Hugo Leal recebem apoio de lideran\u00e7as estaduais e fortalecem a oposi\u00e7\u00e3o em Vila Nova do Piau\u00ed; veja! - Portal NPM<\/title>\n<meta name=\"robots\" content=\"index, follow, max-snippet:-1, max-image-preview:large, max-video-preview:-1\" \/>\n<link rel=\"canonical\" href=\"https:\/\/portalnpm.com\/index.php\/2024\/03\/05\/dr-geronimo-e-dr-hugo-leal-recebe-apoio-de-liderancas-estaduais-e-fortalece-a-oposicao-em-vila-nova-do-piaui-veja\/\" \/>\n<meta property=\"og:locale\" content=\"pt_BR\" \/>\n<meta property=\"og:type\" content=\"article\" \/>\n<meta property=\"og:title\" content=\"Dr. Ger\u00f4nimo e Dr. Hugo Leal recebem apoio de lideran\u00e7as estaduais e fortalecem a oposi\u00e7\u00e3o em Vila Nova do Piau\u00ed; veja! - Portal NPM\" \/>\n<meta property=\"og:description\" content=\"Os pr\u00e9-candidatos Dr. Ger\u00f4nimo e Hugo Leal, prefeito e vice, respectivamente, pelo campo da oposi\u00e7\u00e3o, em Vila Nova do Piau\u00ed, receberam importantes apoios de lideran\u00e7as estaduais na disputa pelo poder executivo municipal. Recentemente, Dr. Ger\u00f4nimo e Dr. Hugo Leal estiveram na capital piauiense e se reuniram com o senador Marcelo Castro e com os deputados &hellip;\" \/>\n<meta property=\"og:url\" content=\"https:\/\/portalnpm.com\/index.php\/2024\/03\/05\/dr-geronimo-e-dr-hugo-leal-recebe-apoio-de-liderancas-estaduais-e-fortalece-a-oposicao-em-vila-nova-do-piaui-veja\/\" \/>\n<meta property=\"og:site_name\" content=\"Portal NPM\" \/>\n<meta property=\"article:published_time\" content=\"2024-03-05T21:37:46+00:00\" \/>\n<meta property=\"article:modified_time\" content=\"2024-03-05T23:24:14+00:00\" \/>\n<meta property=\"og:image\" content=\"https:\/\/portalnpm.com\/wp-content\/uploads\/2024\/03\/IMG-20240305-WA0603.jpg\" \/>\n\t<meta property=\"og:image:width\" content=\"700\" \/>\n\t<meta property=\"og:image:height\" content=\"700\" \/>\n\t<meta property=\"og:image:type\" content=\"image\/jpeg\" \/>\n<meta name=\"author\" content=\"Luis Alberto\" \/>\n<meta name=\"twitter:card\" content=\"summary_large_image\" \/>\n<meta name=\"twitter:label1\" content=\"Escrito por\" \/>\n\t<meta name=\"twitter:data1\" content=\"Luis Alberto\" \/>\n\t<meta name=\"twitter:label2\" content=\"Est. tempo de leitura\" \/>\n\t<meta name=\"twitter:data2\" content=\"3 minutos\" \/>\n<script type=\"application\/ld+json\" class=\"yoast-schema-graph\">{\"@context\":\"https:\/\/schema.org\",\"@graph\":[{\"@type\":\"WebPage\",\"@id\":\"https:\/\/portalnpm.com\/index.php\/2024\/03\/05\/dr-geronimo-e-dr-hugo-leal-recebe-apoio-de-liderancas-estaduais-e-fortalece-a-oposicao-em-vila-nova-do-piaui-veja\/\",\"url\":\"https:\/\/portalnpm.com\/index.php\/2024\/03\/05\/dr-geronimo-e-dr-hugo-leal-recebe-apoio-de-liderancas-estaduais-e-fortalece-a-oposicao-em-vila-nova-do-piaui-veja\/\",\"name\":\"Dr. Ger\u00f4nimo e Dr. Hugo Leal recebem apoio de lideran\u00e7as estaduais e fortalecem a oposi\u00e7\u00e3o em Vila Nova do Piau\u00ed; veja! - Portal NPM\",\"isPartOf\":{\"@id\":\"https:\/\/portalnpm.com\/#website\"},\"primaryImageOfPage\":{\"@id\":\"https:\/\/portalnpm.com\/index.php\/2024\/03\/05\/dr-geronimo-e-dr-hugo-leal-recebe-apoio-de-liderancas-estaduais-e-fortalece-a-oposicao-em-vila-nova-do-piaui-veja\/#primaryimage\"},\"image\":{\"@id\":\"https:\/\/portalnpm.com\/index.php\/2024\/03\/05\/dr-geronimo-e-dr-hugo-leal-recebe-apoio-de-liderancas-estaduais-e-fortalece-a-oposicao-em-vila-nova-do-piaui-veja\/#primaryimage\"},\"thumbnailUrl\":\"https:\/\/portalnpm.com\/wp-content\/uploads\/2024\/03\/IMG-20240305-WA0603.jpg\",\"datePublished\":\"2024-03-05T21:37:46+00:00\",\"dateModified\":\"2024-03-05T23:24:14+00:00\",\"author\":{\"@id\":\"https:\/\/portalnpm.com\/#\/schema\/person\/5c8006acdf71774cd4e7a5ab98482152\"},\"breadcrumb\":{\"@id\":\"https:\/\/portalnpm.com\/index.php\/2024\/03\/05\/dr-geronimo-e-dr-hugo-leal-recebe-apoio-de-liderancas-estaduais-e-fortalece-a-oposicao-em-vila-nova-do-piaui-veja\/#breadcrumb\"},\"inLanguage\":\"pt-BR\",\"potentialAction\":[{\"@type\":\"ReadAction\",\"target\":[\"https:\/\/portalnpm.com\/index.php\/2024\/03\/05\/dr-geronimo-e-dr-hugo-leal-recebe-apoio-de-liderancas-estaduais-e-fortalece-a-oposicao-em-vila-nova-do-piaui-veja\/\"]}]},{\"@type\":\"ImageObject\",\"inLanguage\":\"pt-BR\",\"@id\":\"https:\/\/portalnpm.com\/index.php\/2024\/03\/05\/dr-geronimo-e-dr-hugo-leal-recebe-apoio-de-liderancas-estaduais-e-fortalece-a-oposicao-em-vila-nova-do-piaui-veja\/#primaryimage\",\"url\":\"https:\/\/portalnpm.com\/wp-content\/uploads\/2024\/03\/IMG-20240305-WA0603.jpg\",\"contentUrl\":\"https:\/\/portalnpm.com\/wp-content\/uploads\/2024\/03\/IMG-20240305-WA0603.jpg\",\"width\":700,\"height\":700},{\"@type\":\"BreadcrumbList\",\"@id\":\"https:\/\/portalnpm.com\/index.php\/2024\/03\/05\/dr-geronimo-e-dr-hugo-leal-recebe-apoio-de-liderancas-estaduais-e-fortalece-a-oposicao-em-vila-nova-do-piaui-veja\/#breadcrumb\",\"itemListElement\":[{\"@type\":\"ListItem\",\"position\":1,\"name\":\"In\u00edcio\",\"item\":\"https:\/\/portalnpm.com\/\"},{\"@type\":\"ListItem\",\"position\":2,\"name\":\"Dr. Ger\u00f4nimo e Dr. Hugo Leal recebem apoio de lideran\u00e7as estaduais e fortalecem a oposi\u00e7\u00e3o em Vila Nova do Piau\u00ed; veja!\"}]},{\"@type\":\"WebSite\",\"@id\":\"https:\/\/portalnpm.com\/#website\",\"url\":\"https:\/\/portalnpm.com\/\",\"name\":\"Portal NPM\",\"description\":\"Not\u00edcias em Primeira M\u00e3o\",\"potentialAction\":[{\"@type\":\"SearchAction\",\"target\":{\"@type\":\"EntryPoint\",\"urlTemplate\":\"https:\/\/portalnpm.com\/?s={search_term_string}\"},\"query-input\":\"required name=search_term_string\"}],\"inLanguage\":\"pt-BR\"},{\"@type\":\"Person\",\"@id\":\"https:\/\/portalnpm.com\/#\/schema\/person\/5c8006acdf71774cd4e7a5ab98482152\",\"name\":\"Luis Alberto\",\"image\":{\"@type\":\"ImageObject\",\"inLanguage\":\"pt-BR\",\"@id\":\"https:\/\/portalnpm.com\/#\/schema\/person\/image\/\",\"url\":\"https:\/\/portalnpm.com\/wp-content\/uploads\/2024\/12\/avatar_user_3_1734699769-96x96.jpeg\",\"contentUrl\":\"https:\/\/portalnpm.com\/wp-content\/uploads\/2024\/12\/avatar_user_3_1734699769-96x96.jpeg\",\"caption\":\"Luis Alberto\"},\"description\":\"Editor-geral do Portal NPM, \u00e9 formado como T\u00e9cnico em Seguran\u00e7a do Trabalho pela Escola Metropolitana de Cursos T\u00e9cnicos. Det\u00e9m ainda licenciatura em Educa\u00e7\u00e3o F\u00edsica e bacharelado em Ci\u00eancias Pol\u00edticas, ambos obtidos pela institui\u00e7\u00e3o Anhanguera\/UNOPAR.\",\"url\":\"https:\/\/portalnpm.com\/index.php\/author\/pereira\/\"}]}<\/script>\n<!-- \/ Yoast SEO plugin. -->","yoast_head_json":{"title":"Dr. Ger\u00f4nimo e Dr. Hugo Leal recebem apoio de lideran\u00e7as estaduais e fortalecem a oposi\u00e7\u00e3o em Vila Nova do Piau\u00ed; veja! - Portal NPM","robots":{"index":"index","follow":"follow","max-snippet":"max-snippet:-1","max-image-preview":"max-image-preview:large","max-video-preview":"max-video-preview:-1"},"canonical":"https:\/\/portalnpm.com\/index.php\/2024\/03\/05\/dr-geronimo-e-dr-hugo-leal-recebe-apoio-de-liderancas-estaduais-e-fortalece-a-oposicao-em-vila-nova-do-piaui-veja\/","og_locale":"pt_BR","og_type":"article","og_title":"Dr. Ger\u00f4nimo e Dr. Hugo Leal recebem apoio de lideran\u00e7as estaduais e fortalecem a oposi\u00e7\u00e3o em Vila Nova do Piau\u00ed; veja! - Portal NPM","og_description":"Os pr\u00e9-candidatos Dr. Ger\u00f4nimo e Hugo Leal, prefeito e vice, respectivamente, pelo campo da oposi\u00e7\u00e3o, em Vila Nova do Piau\u00ed, receberam importantes apoios de lideran\u00e7as estaduais na disputa pelo poder executivo municipal. Recentemente, Dr. Ger\u00f4nimo e Dr. Hugo Leal estiveram na capital piauiense e se reuniram com o senador Marcelo Castro e com os deputados &hellip;","og_url":"https:\/\/portalnpm.com\/index.php\/2024\/03\/05\/dr-geronimo-e-dr-hugo-leal-recebe-apoio-de-liderancas-estaduais-e-fortalece-a-oposicao-em-vila-nova-do-piaui-veja\/","og_site_name":"Portal NPM","article_published_time":"2024-03-05T21:37:46+00:00","article_modified_time":"2024-03-05T23:24:14+00:00","og_image":[{"width":700,"height":700,"url":"https:\/\/portalnpm.com\/wp-content\/uploads\/2024\/03\/IMG-20240305-WA0603.jpg","type":"image\/jpeg"}],"author":"Luis Alberto","twitter_card":"summary_large_image","twitter_misc":{"Escrito por":"Luis Alberto","Est. tempo de leitura":"3 minutos"},"schema":{"@context":"https:\/\/schema.org","@graph":[{"@type":"WebPage","@id":"https:\/\/portalnpm.com\/index.php\/2024\/03\/05\/dr-geronimo-e-dr-hugo-leal-recebe-apoio-de-liderancas-estaduais-e-fortalece-a-oposicao-em-vila-nova-do-piaui-veja\/","url":"https:\/\/portalnpm.com\/index.php\/2024\/03\/05\/dr-geronimo-e-dr-hugo-leal-recebe-apoio-de-liderancas-estaduais-e-fortalece-a-oposicao-em-vila-nova-do-piaui-veja\/","name":"Dr. Ger\u00f4nimo e Dr. Hugo Leal recebem apoio de lideran\u00e7as estaduais e fortalecem a oposi\u00e7\u00e3o em Vila Nova do Piau\u00ed; veja! - Portal NPM","isPartOf":{"@id":"https:\/\/portalnpm.com\/#website"},"primaryImageOfPage":{"@id":"https:\/\/portalnpm.com\/index.php\/2024\/03\/05\/dr-geronimo-e-dr-hugo-leal-recebe-apoio-de-liderancas-estaduais-e-fortalece-a-oposicao-em-vila-nova-do-piaui-veja\/#primaryimage"},"image":{"@id":"https:\/\/portalnpm.com\/index.php\/2024\/03\/05\/dr-geronimo-e-dr-hugo-leal-recebe-apoio-de-liderancas-estaduais-e-fortalece-a-oposicao-em-vila-nova-do-piaui-veja\/#primaryimage"},"thumbnailUrl":"https:\/\/portalnpm.com\/wp-content\/uploads\/2024\/03\/IMG-20240305-WA0603.jpg","datePublished":"2024-03-05T21:37:46+00:00","dateModified":"2024-03-05T23:24:14+00:00","author":{"@id":"https:\/\/portalnpm.com\/#\/schema\/person\/5c8006acdf71774cd4e7a5ab98482152"},"breadcrumb":{"@id":"https:\/\/portalnpm.com\/index.php\/2024\/03\/05\/dr-geronimo-e-dr-hugo-leal-recebe-apoio-de-liderancas-estaduais-e-fortalece-a-oposicao-em-vila-nova-do-piaui-veja\/#breadcrumb"},"inLanguage":"pt-BR","potentialAction":[{"@type":"ReadAction","target":["https:\/\/portalnpm.com\/index.php\/2024\/03\/05\/dr-geronimo-e-dr-hugo-leal-recebe-apoio-de-liderancas-estaduais-e-fortalece-a-oposicao-em-vila-nova-do-piaui-veja\/"]}]},{"@type":"ImageObject","inLanguage":"pt-BR","@id":"https:\/\/portalnpm.com\/index.php\/2024\/03\/05\/dr-geronimo-e-dr-hugo-leal-recebe-apoio-de-liderancas-estaduais-e-fortalece-a-oposicao-em-vila-nova-do-piaui-veja\/#primaryimage","url":"https:\/\/portalnpm.com\/wp-content\/uploads\/2024\/03\/IMG-20240305-WA0603.jpg","contentUrl":"https:\/\/portalnpm.com\/wp-content\/uploads\/2024\/03\/IMG-20240305-WA0603.jpg","width":700,"height":700},{"@type":"BreadcrumbList","@id":"https:\/\/portalnpm.com\/index.php\/2024\/03\/05\/dr-geronimo-e-dr-hugo-leal-recebe-apoio-de-liderancas-estaduais-e-fortalece-a-oposicao-em-vila-nova-do-piaui-veja\/#breadcrumb","itemListElement":[{"@type":"ListItem","position":1,"name":"In\u00edcio","item":"https:\/\/portalnpm.com\/"},{"@type":"ListItem","position":2,"name":"Dr. Ger\u00f4nimo e Dr. Hugo Leal recebem apoio de lideran\u00e7as estaduais e fortalecem a oposi\u00e7\u00e3o em Vila Nova do Piau\u00ed; veja!"}]},{"@type":"WebSite","@id":"https:\/\/portalnpm.com\/#website","url":"https:\/\/portalnpm.com\/","name":"Portal NPM","description":"Not\u00edcias em Primeira M\u00e3o","potentialAction":[{"@type":"SearchAction","target":{"@type":"EntryPoint","urlTemplate":"https:\/\/portalnpm.com\/?s={search_term_string}"},"query-input":"required name=search_term_string"}],"inLanguage":"pt-BR"},{"@type":"Person","@id":"https:\/\/portalnpm.com\/#\/schema\/person\/5c8006acdf71774cd4e7a5ab98482152","name":"Luis Alberto","image":{"@type":"ImageObject","inLanguage":"pt-BR","@id":"https:\/\/portalnpm.com\/#\/schema\/person\/image\/","url":"https:\/\/portalnpm.com\/wp-content\/uploads\/2024\/12\/avatar_user_3_1734699769-96x96.jpeg","contentUrl":"https:\/\/portalnpm.com\/wp-content\/uploads\/2024\/12\/avatar_user_3_1734699769-96x96.jpeg","caption":"Luis Alberto"},"description":"Editor-geral do Portal NPM, \u00e9 formado como T\u00e9cnico em Seguran\u00e7a do Trabalho pela Escola Metropolitana de Cursos T\u00e9cnicos. Det\u00e9m ainda licenciatura em Educa\u00e7\u00e3o F\u00edsica e bacharelado em Ci\u00eancias Pol\u00edticas, ambos obtidos pela institui\u00e7\u00e3o Anhanguera\/UNOPAR.","url":"https:\/\/portalnpm.com\/index.php\/author\/pereira\/"}]}},"jetpack_sharing_enabled":true,"jetpack_featured_media_url":"https:\/\/portalnpm.com\/wp-content\/uploads\/2024\/03\/IMG-20240305-WA0603.jpg","_links":{"self":[{"href":"https:\/\/portalnpm.com\/index.php\/wp-json\/wp\/v2\/posts\/71711"}],"collection":[{"href":"https:\/\/portalnpm.com\/index.php\/wp-json\/wp\/v2\/posts"}],"about":[{"href":"https:\/\/portalnpm.com\/index.php\/wp-json\/wp\/v2\/types\/post"}],"author":[{"embeddable":true,"href":"https:\/\/portalnpm.com\/index.php\/wp-json\/wp\/v2\/users\/3"}],"replies":[{"embeddable":true,"href":"https:\/\/portalnpm.com\/index.php\/wp-json\/wp\/v2\/comments?post=71711"}],"version-history":[{"count":8,"href":"https:\/\/portalnpm.com\/index.php\/wp-json\/wp\/v2\/posts\/71711\/revisions"}],"predecessor-version":[{"id":71725,"href":"https:\/\/portalnpm.com\/index.php\/wp-json\/wp\/v2\/posts\/71711\/revisions\/71725"}],"wp:featuredmedia":[{"embeddable":true,"href":"https:\/\/portalnpm.com\/index.php\/wp-json\/wp\/v2\/media\/71716"}],"wp:attachment":[{"href":"https:\/\/portalnpm.com\/index.php\/wp-json\/wp\/v2\/media?parent=71711"}],"wp:term":[{"taxonomy":"category","embeddable":true,"href":"https:\/\/portalnpm.com\/index.php\/wp-json\/wp\/v2\/categories?post=71711"},{"taxonomy":"post_tag","embeddable":true,"href":"https:\/\/portalnpm.com\/index.php\/wp-json\/wp\/v2\/tags?post=71711"}],"curies":[{"name":"wp","href":"https:\/\/api.w.org\/{rel}","templated":true}]}}