{"id":71726,"date":"2024-03-06T19:56:34","date_gmt":"2024-03-06T22:56:34","guid":{"rendered":"https:\/\/portalnpm.com\/?p=71726"},"modified":"2024-03-06T19:58:19","modified_gmt":"2024-03-06T22:58:19","slug":"em-padre-marcos-ex-prefeito-ze-melado-presta-esclarecimentos-acerca-de-materia-veiculada-pelo-portal-que-presta-servico-para-a-prefeitura-veja","status":"publish","type":"post","link":"https:\/\/portalnpm.com\/index.php\/2024\/03\/06\/em-padre-marcos-ex-prefeito-ze-melado-presta-esclarecimentos-acerca-de-materia-veiculada-pelo-portal-que-presta-servico-para-a-prefeitura-veja\/","title":{"rendered":"Em Padre Marcos, ex-prefeito Z\u00e9 Melado presta esclarecimentos acerca de mat\u00e9ria veiculada pelo portal que presta servi\u00e7o para a prefeitura; veja!"},"content":{"rendered":"<p>Nesta ter\u00e7a-feira, 05\/03, o portal de not\u00edcias que presta servi\u00e7os de assessoria de imprensa e divulga\u00e7\u00e3o de a\u00e7\u00f5es para a Prefeitura Municipal de Padre Marcos divulgou em sua p\u00e1gina uma mat\u00e9ria com o titulo, \u201c<a href=\"https:\/\/cidadesnanet.com\/news\/municipios\/padre-marcus\/prefeitura-de-padre-marcos-e-condenada-a-pagar-r-235-mil-de-divida-herdada-de-gestao-anterior\/\">Prefeitura de Padre Marcos \u00e9 condenada a pagar R$ 235 mil de d\u00edvida herdada de gest\u00e3o anterior \u2013 Cidades na Net<\/a>\u201c.<\/p>\n<p>Segundo o ex-prefeito Jos\u00e9 de F\u00e1tima Ara\u00fajo Leal,\u00a0<strong><em>\u201cde forma estranha e proposital a mat\u00e9ria divulgada n\u00e3o consta todas as informa\u00e7\u00f5es do processo e as respectivas datas com o intuito de n\u00e3o mostrar toda a realidade dos fatos, o contrato foi firmado ent\u00e3o prefeito Jos\u00e9 de F\u00e1tima Ara\u00fajo Leal, o Z\u00e9 Melado, como \u00e9 popularmente conhecido, que administrou o Munic\u00edpio nos per\u00edodos de 2005\/2008 e 2009\/2012, referente a um conv\u00eanio com a Caixa Econ\u00f4mica Federal, em decorr\u00eancia da falta de repasse da \u00faltima parcela \u00e0 \u00e9poca ficou em aberto o pagamento residual do referido contrato, como tamb\u00e9m a mat\u00e9ria deixou de averiguar os fatos concretos constantes do processo, que s\u00f3 foi distribu\u00eddo em 2015 na Justi\u00e7a Federal, houve cita\u00e7\u00e3o do munic\u00edpio que deixou transcorrer o processo sem apresenta\u00e7\u00e3o de contesta\u00e7\u00e3o e defesa da municipalidade\u201d<\/em><\/strong>.<\/p>\n<p><img fetchpriority=\"high\" decoding=\"async\" class=\"aligncenter wp-image-94224 size-full\" src=\"https:\/\/cdn-diariogm.nuneshost.com\/wp-content\/uploads\/2024\/03\/sentenca-parte.jpg\" sizes=\"(max-width: 524px) 100vw, 524px\" srcset=\"https:\/\/cdn-diariogm.nuneshost.com\/wp-content\/uploads\/2024\/03\/sentenca-parte.jpg 524w, https:\/\/cdn-diariogm.nuneshost.com\/wp-content\/uploads\/2024\/03\/sentenca-parte-300x103.jpg 300w\" alt=\"\" width=\"524\" height=\"180\" data-pin-no-hover=\"true\" \/><\/p>\n<p>Relata ainda o ex-prefeito Jos\u00e9 de F\u00e1tima Ara\u00fajo Leal,\u00a0<strong><em>\u201coutro fato estranho \u00e9 que posteriormente o processo foi distribu\u00eddo na Comarca de Padre Marcos aos dias 31\/08\/2019 j\u00e1 durante a gest\u00e3o do atual gestor Valdinar, 2017\/2020 e 2021\/2024, n\u00e3o houve apresenta\u00e7\u00e3o de nenhuma manifesta\u00e7\u00e3o, n\u00e3o falou acerca das provas, n\u00e3o apresentou nenhuma alega\u00e7\u00e3o nos autos que levou o processo a ser julgado e sentenciado sem qualquer manifesta\u00e7\u00e3o nos autos da administra\u00e7\u00e3o municipal por quase 4 anos, entre 2019 a 2023, pois, s\u00f3 houve manifesta\u00e7\u00e3o nos autos ap\u00f3s o inicio do cumprimento de senten\u00e7a com o retorno dos autos do tribunal\u201d<\/em><\/strong>.<\/p>\n<p>O processo em quest\u00e3o referente a cobran\u00e7a do valor s\u00f3 foi distribu\u00eddo em 2015 perante a Justi\u00e7a Federal inicialmente aos dias 15\/06\/2015, conforme consta no andamento Processual\u00a0<a href=\"https:\/\/cdn-diariogm.nuneshost.com\/wp-content\/uploads\/2024\/03\/Andamento-Processo-2698.14.2015.4.01.4001.pdf\">Andamento Processo 2698.14.2015.4.01.4001<\/a>, a cita\u00e7\u00e3o foi realizada aos dias 08\/10\/2015, o processo tramitou sem qualquer interven\u00e7\u00e3o do Munic\u00edpio de Padre Marcos acarretando o julgamento antecipado do feito, conforme consta na\u00a0<a href=\"https:\/\/cdn-diariogm.nuneshost.com\/wp-content\/uploads\/2024\/03\/Sentenca.pdf\">Senten\u00e7a e na certid\u00e3o abaixo:<\/a><\/p>\n<p><img decoding=\"async\" class=\"aligncenter wp-image-94214 size-large\" src=\"https:\/\/cdn-diariogm.nuneshost.com\/wp-content\/uploads\/2024\/03\/WhatsApp-Image-2024-03-06-at-15.06.21-1024x576.jpeg\" sizes=\"(max-width: 1024px) 100vw, 1024px\" srcset=\"https:\/\/cdn-diariogm.nuneshost.com\/wp-content\/uploads\/2024\/03\/WhatsApp-Image-2024-03-06-at-15.06.21-1024x576.jpeg 1024w, https:\/\/cdn-diariogm.nuneshost.com\/wp-content\/uploads\/2024\/03\/WhatsApp-Image-2024-03-06-at-15.06.21-300x169.jpeg 300w, https:\/\/cdn-diariogm.nuneshost.com\/wp-content\/uploads\/2024\/03\/WhatsApp-Image-2024-03-06-at-15.06.21-768x432.jpeg 768w, https:\/\/cdn-diariogm.nuneshost.com\/wp-content\/uploads\/2024\/03\/WhatsApp-Image-2024-03-06-at-15.06.21-1536x864.jpeg 1536w, https:\/\/cdn-diariogm.nuneshost.com\/wp-content\/uploads\/2024\/03\/WhatsApp-Image-2024-03-06-at-15.06.21.jpeg 1599w\" alt=\"\" width=\"1024\" height=\"576\" data-pin-no-hover=\"true\" \/><\/p>\n<p>O processo foi julgado em agosto de 2017 pela Justi\u00e7a Federal reconhecendo a ilegitimidade de parte da Uni\u00e3o e da Caixa Econ\u00f4mica Federal e a incompet\u00eancia da Justi\u00e7a Federal, o Juiz determinou em\u00a0<a href=\"https:\/\/cdn-diariogm.nuneshost.com\/wp-content\/uploads\/2024\/03\/Decisao-no-Processo-2698.14.2015.4.01.4001.pdf\">Decis\u00e3o no Processo 2698.14.2015.4.01.4001\u00a0<\/a>\u00a0enviando os autos a Comarca de Padre Marcos\/PI.<\/p>\n<p><img decoding=\"async\" class=\"aligncenter wp-image-94199 size-full\" src=\"https:\/\/cdn-diariogm.nuneshost.com\/wp-content\/uploads\/2024\/03\/Decisao-no-Processo-2698.14.2015.4.01.4001.jpg\" sizes=\"(max-width: 548px) 100vw, 548px\" srcset=\"https:\/\/cdn-diariogm.nuneshost.com\/wp-content\/uploads\/2024\/03\/Decisao-no-Processo-2698.14.2015.4.01.4001.jpg 548w, https:\/\/cdn-diariogm.nuneshost.com\/wp-content\/uploads\/2024\/03\/Decisao-no-Processo-2698.14.2015.4.01.4001-265x300.jpg 265w\" alt=\"\" width=\"548\" height=\"621\" data-pin-no-hover=\"true\" \/><\/p>\n<p>Sendo que, os autos do processo ficaram parados na Justi\u00e7a Federal de 2017 a 2019, e, s\u00f3 foram enviados a Comarca de Padre Marcos e distribu\u00edda aos dias 31 de agosto de 2019, conforme consta no autos do processo\u00a0<a href=\"https:\/\/cdn-diariogm.nuneshost.com\/wp-content\/uploads\/2024\/03\/0800272-30.2019.8.18.0062_compressed-151-263.pdf\">0800272-30.2019.8.18.0062<\/a>:<\/p>\n<p><img loading=\"lazy\" decoding=\"async\" class=\"aligncenter wp-image-94212 size-large\" src=\"https:\/\/cdn-diariogm.nuneshost.com\/wp-content\/uploads\/2024\/03\/Distribuicao-Processo-2698.14.2015.4.01.4001-1024x578.jpg\" sizes=\"(max-width: 1024px) 100vw, 1024px\" srcset=\"https:\/\/cdn-diariogm.nuneshost.com\/wp-content\/uploads\/2024\/03\/Distribuicao-Processo-2698.14.2015.4.01.4001-1024x578.jpg 1024w, https:\/\/cdn-diariogm.nuneshost.com\/wp-content\/uploads\/2024\/03\/Distribuicao-Processo-2698.14.2015.4.01.4001-300x169.jpg 300w, https:\/\/cdn-diariogm.nuneshost.com\/wp-content\/uploads\/2024\/03\/Distribuicao-Processo-2698.14.2015.4.01.4001-768x434.jpg 768w, https:\/\/cdn-diariogm.nuneshost.com\/wp-content\/uploads\/2024\/03\/Distribuicao-Processo-2698.14.2015.4.01.4001.jpg 1360w\" alt=\"\" width=\"1024\" height=\"578\" data-pin-no-hover=\"true\" \/><\/p>\n<p>Analisando autos do Processo\u00a0\u00a0<a href=\"https:\/\/cdn-diariogm.nuneshost.com\/wp-content\/uploads\/2024\/03\/0800272-30.2019.8.18.0062_compressed-1-150-1-80.pdf\">0800272-30.2019.8.18.0062-FLS-1-80<\/a>,\u00a0<a href=\"https:\/\/cdn-diariogm.nuneshost.com\/wp-content\/uploads\/2024\/03\/0800272-30.2019.8.18.0062_compressed-1-150-81-150.pdf\">0800272-30.2019.8.18.0062-FLS-81-150<\/a>\u00a0<a href=\"https:\/\/cdn-diariogm.nuneshost.com\/wp-content\/uploads\/2024\/03\/0800272-30.2019.8.18.0062_compressed-151-263-1.pdf\">0800272-30.2019.8.18.0062-FLS-151-263<\/a>, verifica-se que houve in\u00fameras intima\u00e7\u00f5es da gest\u00e3o municipal para manifesta\u00e7\u00f5es nos autos que n\u00e3o foram atendidas, acarretando o julgamento dos autos, conforme a\u00a0<a href=\"https:\/\/cdn-diariogm.nuneshost.com\/wp-content\/uploads\/2024\/03\/Sentenca.pdf\">Senten\u00e7a<\/a>,\u00a0 conforme relatou o ex-prefeito Jos\u00e9 de F\u00e1tima Ara\u00fajo Leal, popularmente conhecido como Z\u00e9 Melado, a atual gest\u00e3o da administra\u00e7\u00e3o municipal por quase 4 (quatro) anos, entre 2019 a 2023, n\u00e3o realizou nenhuma manifesta\u00e7\u00e3o nos autos, n\u00e3o foram averiguar acerca dos valores e dos acontecimentos acerca do conv\u00eanio junto a Caixa Econ\u00f4mica e o hist\u00f3rico dos empenhos e seus respectivos pagamentos nas presta\u00e7\u00e3o de contas referente aos respectivos anos, mesmo ap\u00f3s as intima\u00e7\u00f5es e a senten\u00e7a, contra a qual n\u00e3o houve interposi\u00e7\u00e3o de recurso, s\u00f3 houve manifesta\u00e7\u00e3o nos autos ap\u00f3s o inicio do cumprimento de senten\u00e7a com o retorno dos autos do tribunal, conforme segue abaixo:<\/p>\n<p><img loading=\"lazy\" decoding=\"async\" class=\"aligncenter wp-image-94221 size-large\" src=\"https:\/\/cdn-diariogm.nuneshost.com\/wp-content\/uploads\/2024\/03\/WhatsApp-Image-2024-03-06-at-15.16.14-1024x576.jpeg\" sizes=\"(max-width: 1024px) 100vw, 1024px\" srcset=\"https:\/\/cdn-diariogm.nuneshost.com\/wp-content\/uploads\/2024\/03\/WhatsApp-Image-2024-03-06-at-15.16.14-1024x576.jpeg 1024w, https:\/\/cdn-diariogm.nuneshost.com\/wp-content\/uploads\/2024\/03\/WhatsApp-Image-2024-03-06-at-15.16.14-300x169.jpeg 300w, https:\/\/cdn-diariogm.nuneshost.com\/wp-content\/uploads\/2024\/03\/WhatsApp-Image-2024-03-06-at-15.16.14-768x432.jpeg 768w, https:\/\/cdn-diariogm.nuneshost.com\/wp-content\/uploads\/2024\/03\/WhatsApp-Image-2024-03-06-at-15.16.14-1536x864.jpeg 1536w, https:\/\/cdn-diariogm.nuneshost.com\/wp-content\/uploads\/2024\/03\/WhatsApp-Image-2024-03-06-at-15.16.14.jpeg 1599w\" alt=\"\" width=\"1024\" height=\"576\" data-pin-no-hover=\"true\" \/><\/p>\n<p><img loading=\"lazy\" decoding=\"async\" class=\"aligncenter wp-image-94219 size-large\" src=\"https:\/\/cdn-diariogm.nuneshost.com\/wp-content\/uploads\/2024\/03\/WhatsApp-Image-2024-03-06-at-15.17.21-1024x576.jpeg\" sizes=\"(max-width: 1024px) 100vw, 1024px\" srcset=\"https:\/\/cdn-diariogm.nuneshost.com\/wp-content\/uploads\/2024\/03\/WhatsApp-Image-2024-03-06-at-15.17.21-1024x576.jpeg 1024w, https:\/\/cdn-diariogm.nuneshost.com\/wp-content\/uploads\/2024\/03\/WhatsApp-Image-2024-03-06-at-15.17.21-300x169.jpeg 300w, https:\/\/cdn-diariogm.nuneshost.com\/wp-content\/uploads\/2024\/03\/WhatsApp-Image-2024-03-06-at-15.17.21-768x432.jpeg 768w, https:\/\/cdn-diariogm.nuneshost.com\/wp-content\/uploads\/2024\/03\/WhatsApp-Image-2024-03-06-at-15.17.21-1536x864.jpeg 1536w, https:\/\/cdn-diariogm.nuneshost.com\/wp-content\/uploads\/2024\/03\/WhatsApp-Image-2024-03-06-at-15.17.21.jpeg 1599w\" alt=\"\" width=\"1024\" height=\"576\" data-pin-no-hover=\"true\" \/><\/p>\n<p><img loading=\"lazy\" decoding=\"async\" class=\"aligncenter wp-image-94220 size-large\" src=\"https:\/\/cdn-diariogm.nuneshost.com\/wp-content\/uploads\/2024\/03\/WhatsApp-Image-2024-03-06-at-15.17.54-1024x576.jpeg\" sizes=\"(max-width: 1024px) 100vw, 1024px\" srcset=\"https:\/\/cdn-diariogm.nuneshost.com\/wp-content\/uploads\/2024\/03\/WhatsApp-Image-2024-03-06-at-15.17.54-1024x576.jpeg 1024w, https:\/\/cdn-diariogm.nuneshost.com\/wp-content\/uploads\/2024\/03\/WhatsApp-Image-2024-03-06-at-15.17.54-300x169.jpeg 300w, https:\/\/cdn-diariogm.nuneshost.com\/wp-content\/uploads\/2024\/03\/WhatsApp-Image-2024-03-06-at-15.17.54-768x432.jpeg 768w, https:\/\/cdn-diariogm.nuneshost.com\/wp-content\/uploads\/2024\/03\/WhatsApp-Image-2024-03-06-at-15.17.54-1536x864.jpeg 1536w, https:\/\/cdn-diariogm.nuneshost.com\/wp-content\/uploads\/2024\/03\/WhatsApp-Image-2024-03-06-at-15.17.54.jpeg 1599w\" alt=\"\" width=\"1024\" height=\"576\" data-pin-no-hover=\"true\" \/><\/p>\n<p>&nbsp;<\/p>\n<p>Para o ex-prefeito Jos\u00e9 de F\u00e1tima Ara\u00fajo Leal, popularmente conhecido como Z\u00e9 Melado,\u00a0<em><strong>\u201co Sr. Valdinar, atual gestor municipal, n\u00e3o cumpriu com seu dever de defender os interesses do munic\u00edpio, pois, o processo tramitou perante a Justi\u00e7a entre 2019 a 2023, sem manifesta\u00e7\u00e3o da municipalidade, mesmo ap\u00f3s v\u00e1rias intima\u00e7\u00f5es, inclusive a senten\u00e7a proferido pelo Ju\u00edzo sem manifesta\u00e7\u00e3o ou qualquer recurso, s\u00f3 veio apresentar manifesta\u00e7\u00e3o ap\u00f3s o inicio do cumprimento de senten\u00e7a\u201d<\/strong><\/em>.<\/p>\n<p>Na respectiva mat\u00e9ria consta<em><strong>\u00a0\u201cAo portal Cidades na Net, o atual prefeito do munic\u00edpio, Jos\u00e9 Valdinar da Silva, relatou que foi informado do envio da d\u00edvida para pagamento nesta segunda-feira, 04 de mar\u00e7o. \u201c\u00c9 mais uma preocupa\u00e7\u00e3o, pois a gente trabalha com planejamento financeiro.\u201d, disse. \u00a0Segundo Valdinar, Padre Marcos tem se tornado um munic\u00edpio dif\u00edcil de ser administrado, por possuir d\u00edvidas volumosas. \u201cAl\u00e9m de realizar as a\u00e7\u00f5es da nossa gest\u00e3o, cuidando da cidade, das pessoas, ainda temos que arcar com d\u00edvidas deixadas pelas outras gest\u00f5es, dinheiro que a gente poderia estar investindo em obras, em a\u00e7\u00f5es, gerando emprego.\u201d, pontuou<\/strong>.\u201d<\/em><\/p>\n<p>Para o ex-prefeito Jos\u00e9 de F\u00e1tima Ara\u00fajo Leal, popularmente conhecido como Z\u00e9 Melado,\u00a0<strong><em>\u201co atual gestor municipal como defensor dos interesses do munic\u00edpio deveria tomar conhecimento dos processos em andamentos e fazer as defesas dos interesses da municipalidade e acompanh\u00e1-los, inclusive fazendo planejamento da administra\u00e7\u00e3o do passivo judicial do munic\u00edpio, das demandas existentes, quem est\u00e1 no cargo desde 01 de janeiro de 2017, n\u00e3o pode alegar desconhecimento e falta de administra\u00e7\u00e3o num processo que esta tramitando desde 2015\u201d, que houve intima\u00e7\u00f5es em 2019, sem manifesta\u00e7\u00e3o, houve\u00a0<a href=\"https:\/\/cdn-diariogm.nuneshost.com\/wp-content\/uploads\/2024\/03\/Sentenca.pdf\">Senten\u00e7a<\/a>\u00a0proferida aos dias 17 de setembro de 2020, n\u00e3o apresentou recurso pelo recurso, o processo foi julgado a revelia, e s\u00f3 ap\u00f3s 4 anos da distribui\u00e7\u00e3o na Comarca de Padre Marcos \u00e9 que houve manifesta\u00e7\u00e3o da gest\u00e3o municipal nos autos\u201d.<\/em><\/strong><\/p>\n<p><img loading=\"lazy\" decoding=\"async\" class=\"aligncenter wp-image-94223 size-full\" src=\"https:\/\/cdn-diariogm.nuneshost.com\/wp-content\/uploads\/2024\/03\/Transito-em-Julgado-Processo-2698.14.2015.4.01.4001.jpg\" sizes=\"(max-width: 948px) 100vw, 948px\" srcset=\"https:\/\/cdn-diariogm.nuneshost.com\/wp-content\/uploads\/2024\/03\/Transito-em-Julgado-Processo-2698.14.2015.4.01.4001.jpg 948w, https:\/\/cdn-diariogm.nuneshost.com\/wp-content\/uploads\/2024\/03\/Transito-em-Julgado-Processo-2698.14.2015.4.01.4001-300x195.jpg 300w, https:\/\/cdn-diariogm.nuneshost.com\/wp-content\/uploads\/2024\/03\/Transito-em-Julgado-Processo-2698.14.2015.4.01.4001-768x500.jpg 768w\" alt=\"\" width=\"948\" height=\"617\" data-pin-no-hover=\"true\" \/><\/p>\n<p>O ex-prefeito Jos\u00e9 de F\u00e1tima Ara\u00fajo Leal, popularmente conhecido como Z\u00e9 Melado, finalizou dizendo que,<em><strong>\u00a0\u201co atual gestor se quer pode alegar que a referida divida impactou sua gest\u00e3o municipal j\u00e1 que esta no \u00faltimo ano do seu mandato, e a referida divida ser\u00e1 objeto de expedi\u00e7\u00e3o de Precat\u00f3rio para pagamento nos pr\u00f3ximos anos, no fundo o atual gestor deixou foi de defender os interesses do munic\u00edpio fazendo as devidas defesas e acompanhamento dos processos contra o munic\u00edpio no exerc\u00edcio das suas obriga\u00e7\u00f5es como gest\u00e3o da administra\u00e7\u00e3o municipal\u201d<\/strong><\/em>.<\/p>\n<p><img fetchpriority=\"high\" decoding=\"async\" class=\"aligncenter wp-image-94224 size-full\" src=\"https:\/\/cdn-diariogm.nuneshost.com\/wp-content\/uploads\/2024\/03\/sentenca-parte.jpg\" sizes=\"(max-width: 524px) 100vw, 524px\" srcset=\"https:\/\/cdn-diariogm.nuneshost.com\/wp-content\/uploads\/2024\/03\/sentenca-parte.jpg 524w, https:\/\/cdn-diariogm.nuneshost.com\/wp-content\/uploads\/2024\/03\/sentenca-parte-300x103.jpg 300w\" alt=\"\" width=\"524\" height=\"180\" data-pin-no-hover=\"true\" \/><\/p>\n<p>&nbsp;<\/p>\n<p><strong>Fonte: Com informa\u00e7\u00f5es do Portal Di\u00e1rio GM, via TRF1 e TJ\/PI.<\/strong><\/p>\n","protected":false},"excerpt":{"rendered":"<p>Nesta ter\u00e7a-feira, 05\/03, o portal de not\u00edcias que presta servi\u00e7os de assessoria de imprensa e divulga\u00e7\u00e3o de a\u00e7\u00f5es para a Prefeitura Municipal de Padre Marcos divulgou em sua p\u00e1gina uma mat\u00e9ria com o titulo, \u201cPrefeitura de Padre Marcos \u00e9 condenada a pagar R$ 235 mil de d\u00edvida herdada de gest\u00e3o anterior \u2013 Cidades na Net\u201c. &hellip;<\/p>\n","protected":false},"author":3,"featured_media":71735,"comment_status":"open","ping_status":"open","sticky":false,"template":"","format":"standard","meta":{"content-type":"","rop_custom_images_group":[],"rop_custom_messages_group":[],"rop_publish_now":"initial","rop_publish_now_accounts":{"facebook_2648258775420054_1618374048415101":""},"rop_publish_now_history":[],"rop_publish_now_status":"pending","footnotes":"","_jetpack_memberships_contains_paid_content":false},"categories":[113,109,4094],"tags":[15532,230,855,15531,4283,4196,12972,15529,397,852,1184,12117,222,15530,2950,15533,842,4523],"yoast_head":"<!-- This site is optimized with the Yoast SEO plugin v22.3 - https:\/\/yoast.com\/wordpress\/plugins\/seo\/ -->\n<title>Em Padre Marcos, ex-prefeito Z\u00e9 Melado presta esclarecimentos acerca de mat\u00e9ria veiculada pelo portal que presta servi\u00e7o para a prefeitura; veja! - Portal NPM<\/title>\n<meta name=\"robots\" content=\"index, follow, max-snippet:-1, max-image-preview:large, max-video-preview:-1\" \/>\n<link rel=\"canonical\" href=\"https:\/\/portalnpm.com\/index.php\/2024\/03\/06\/em-padre-marcos-ex-prefeito-ze-melado-presta-esclarecimentos-acerca-de-materia-veiculada-pelo-portal-que-presta-servico-para-a-prefeitura-veja\/\" \/>\n<meta property=\"og:locale\" content=\"pt_BR\" \/>\n<meta property=\"og:type\" content=\"article\" \/>\n<meta property=\"og:title\" content=\"Em Padre Marcos, ex-prefeito Z\u00e9 Melado presta esclarecimentos acerca de mat\u00e9ria veiculada pelo portal que presta servi\u00e7o para a prefeitura; veja! - Portal NPM\" \/>\n<meta property=\"og:description\" content=\"Nesta ter\u00e7a-feira, 05\/03, o portal de not\u00edcias que presta servi\u00e7os de assessoria de imprensa e divulga\u00e7\u00e3o de a\u00e7\u00f5es para a Prefeitura Municipal de Padre Marcos divulgou em sua p\u00e1gina uma mat\u00e9ria com o titulo, \u201cPrefeitura de Padre Marcos \u00e9 condenada a pagar R$ 235 mil de d\u00edvida herdada de gest\u00e3o anterior \u2013 Cidades na Net\u201c. &hellip;\" \/>\n<meta property=\"og:url\" content=\"https:\/\/portalnpm.com\/index.php\/2024\/03\/06\/em-padre-marcos-ex-prefeito-ze-melado-presta-esclarecimentos-acerca-de-materia-veiculada-pelo-portal-que-presta-servico-para-a-prefeitura-veja\/\" \/>\n<meta property=\"og:site_name\" content=\"Portal NPM\" \/>\n<meta property=\"article:published_time\" content=\"2024-03-06T22:56:34+00:00\" \/>\n<meta property=\"article:modified_time\" content=\"2024-03-06T22:58:19+00:00\" \/>\n<meta property=\"og:image\" content=\"https:\/\/portalnpm.com\/wp-content\/uploads\/2024\/03\/IMG-20240306-WA0392.jpg\" \/>\n\t<meta property=\"og:image:width\" content=\"1140\" \/>\n\t<meta property=\"og:image:height\" content=\"815\" \/>\n\t<meta property=\"og:image:type\" content=\"image\/jpeg\" \/>\n<meta name=\"author\" content=\"Luis Alberto\" \/>\n<meta name=\"twitter:card\" content=\"summary_large_image\" \/>\n<meta name=\"twitter:label1\" content=\"Escrito por\" \/>\n\t<meta name=\"twitter:data1\" content=\"Luis Alberto\" \/>\n\t<meta name=\"twitter:label2\" content=\"Est. tempo de leitura\" \/>\n\t<meta name=\"twitter:data2\" content=\"8 minutos\" \/>\n<script type=\"application\/ld+json\" class=\"yoast-schema-graph\">{\"@context\":\"https:\/\/schema.org\",\"@graph\":[{\"@type\":\"WebPage\",\"@id\":\"https:\/\/portalnpm.com\/index.php\/2024\/03\/06\/em-padre-marcos-ex-prefeito-ze-melado-presta-esclarecimentos-acerca-de-materia-veiculada-pelo-portal-que-presta-servico-para-a-prefeitura-veja\/\",\"url\":\"https:\/\/portalnpm.com\/index.php\/2024\/03\/06\/em-padre-marcos-ex-prefeito-ze-melado-presta-esclarecimentos-acerca-de-materia-veiculada-pelo-portal-que-presta-servico-para-a-prefeitura-veja\/\",\"name\":\"Em Padre Marcos, ex-prefeito Z\u00e9 Melado presta esclarecimentos acerca de mat\u00e9ria veiculada pelo portal que presta servi\u00e7o para a prefeitura; veja! - Portal NPM\",\"isPartOf\":{\"@id\":\"https:\/\/portalnpm.com\/#website\"},\"primaryImageOfPage\":{\"@id\":\"https:\/\/portalnpm.com\/index.php\/2024\/03\/06\/em-padre-marcos-ex-prefeito-ze-melado-presta-esclarecimentos-acerca-de-materia-veiculada-pelo-portal-que-presta-servico-para-a-prefeitura-veja\/#primaryimage\"},\"image\":{\"@id\":\"https:\/\/portalnpm.com\/index.php\/2024\/03\/06\/em-padre-marcos-ex-prefeito-ze-melado-presta-esclarecimentos-acerca-de-materia-veiculada-pelo-portal-que-presta-servico-para-a-prefeitura-veja\/#primaryimage\"},\"thumbnailUrl\":\"https:\/\/portalnpm.com\/wp-content\/uploads\/2024\/03\/IMG-20240306-WA0392.jpg\",\"datePublished\":\"2024-03-06T22:56:34+00:00\",\"dateModified\":\"2024-03-06T22:58:19+00:00\",\"author\":{\"@id\":\"https:\/\/portalnpm.com\/#\/schema\/person\/5c8006acdf71774cd4e7a5ab98482152\"},\"breadcrumb\":{\"@id\":\"https:\/\/portalnpm.com\/index.php\/2024\/03\/06\/em-padre-marcos-ex-prefeito-ze-melado-presta-esclarecimentos-acerca-de-materia-veiculada-pelo-portal-que-presta-servico-para-a-prefeitura-veja\/#breadcrumb\"},\"inLanguage\":\"pt-BR\",\"potentialAction\":[{\"@type\":\"ReadAction\",\"target\":[\"https:\/\/portalnpm.com\/index.php\/2024\/03\/06\/em-padre-marcos-ex-prefeito-ze-melado-presta-esclarecimentos-acerca-de-materia-veiculada-pelo-portal-que-presta-servico-para-a-prefeitura-veja\/\"]}]},{\"@type\":\"ImageObject\",\"inLanguage\":\"pt-BR\",\"@id\":\"https:\/\/portalnpm.com\/index.php\/2024\/03\/06\/em-padre-marcos-ex-prefeito-ze-melado-presta-esclarecimentos-acerca-de-materia-veiculada-pelo-portal-que-presta-servico-para-a-prefeitura-veja\/#primaryimage\",\"url\":\"https:\/\/portalnpm.com\/wp-content\/uploads\/2024\/03\/IMG-20240306-WA0392.jpg\",\"contentUrl\":\"https:\/\/portalnpm.com\/wp-content\/uploads\/2024\/03\/IMG-20240306-WA0392.jpg\",\"width\":1140,\"height\":815},{\"@type\":\"BreadcrumbList\",\"@id\":\"https:\/\/portalnpm.com\/index.php\/2024\/03\/06\/em-padre-marcos-ex-prefeito-ze-melado-presta-esclarecimentos-acerca-de-materia-veiculada-pelo-portal-que-presta-servico-para-a-prefeitura-veja\/#breadcrumb\",\"itemListElement\":[{\"@type\":\"ListItem\",\"position\":1,\"name\":\"In\u00edcio\",\"item\":\"https:\/\/portalnpm.com\/\"},{\"@type\":\"ListItem\",\"position\":2,\"name\":\"Em Padre Marcos, ex-prefeito Z\u00e9 Melado presta esclarecimentos acerca de mat\u00e9ria veiculada pelo portal que presta servi\u00e7o para a prefeitura; veja!\"}]},{\"@type\":\"WebSite\",\"@id\":\"https:\/\/portalnpm.com\/#website\",\"url\":\"https:\/\/portalnpm.com\/\",\"name\":\"Portal NPM\",\"description\":\"Not\u00edcias em Primeira M\u00e3o\",\"potentialAction\":[{\"@type\":\"SearchAction\",\"target\":{\"@type\":\"EntryPoint\",\"urlTemplate\":\"https:\/\/portalnpm.com\/?s={search_term_string}\"},\"query-input\":\"required name=search_term_string\"}],\"inLanguage\":\"pt-BR\"},{\"@type\":\"Person\",\"@id\":\"https:\/\/portalnpm.com\/#\/schema\/person\/5c8006acdf71774cd4e7a5ab98482152\",\"name\":\"Luis Alberto\",\"image\":{\"@type\":\"ImageObject\",\"inLanguage\":\"pt-BR\",\"@id\":\"https:\/\/portalnpm.com\/#\/schema\/person\/image\/\",\"url\":\"https:\/\/portalnpm.com\/wp-content\/uploads\/2024\/12\/avatar_user_3_1734699769-96x96.jpeg\",\"contentUrl\":\"https:\/\/portalnpm.com\/wp-content\/uploads\/2024\/12\/avatar_user_3_1734699769-96x96.jpeg\",\"caption\":\"Luis Alberto\"},\"description\":\"Editor-geral do Portal NPM, \u00e9 formado como T\u00e9cnico em Seguran\u00e7a do Trabalho pela Escola Metropolitana de Cursos T\u00e9cnicos. Det\u00e9m ainda licenciatura em Educa\u00e7\u00e3o F\u00edsica e bacharelado em Ci\u00eancias Pol\u00edticas, ambos obtidos pela institui\u00e7\u00e3o Anhanguera\/UNOPAR.\",\"url\":\"https:\/\/portalnpm.com\/index.php\/author\/pereira\/\"}]}<\/script>\n<!-- \/ Yoast SEO plugin. -->","yoast_head_json":{"title":"Em Padre Marcos, ex-prefeito Z\u00e9 Melado presta esclarecimentos acerca de mat\u00e9ria veiculada pelo portal que presta servi\u00e7o para a prefeitura; veja! - Portal NPM","robots":{"index":"index","follow":"follow","max-snippet":"max-snippet:-1","max-image-preview":"max-image-preview:large","max-video-preview":"max-video-preview:-1"},"canonical":"https:\/\/portalnpm.com\/index.php\/2024\/03\/06\/em-padre-marcos-ex-prefeito-ze-melado-presta-esclarecimentos-acerca-de-materia-veiculada-pelo-portal-que-presta-servico-para-a-prefeitura-veja\/","og_locale":"pt_BR","og_type":"article","og_title":"Em Padre Marcos, ex-prefeito Z\u00e9 Melado presta esclarecimentos acerca de mat\u00e9ria veiculada pelo portal que presta servi\u00e7o para a prefeitura; veja! - Portal NPM","og_description":"Nesta ter\u00e7a-feira, 05\/03, o portal de not\u00edcias que presta servi\u00e7os de assessoria de imprensa e divulga\u00e7\u00e3o de a\u00e7\u00f5es para a Prefeitura Municipal de Padre Marcos divulgou em sua p\u00e1gina uma mat\u00e9ria com o titulo, \u201cPrefeitura de Padre Marcos \u00e9 condenada a pagar R$ 235 mil de d\u00edvida herdada de gest\u00e3o anterior \u2013 Cidades na Net\u201c. &hellip;","og_url":"https:\/\/portalnpm.com\/index.php\/2024\/03\/06\/em-padre-marcos-ex-prefeito-ze-melado-presta-esclarecimentos-acerca-de-materia-veiculada-pelo-portal-que-presta-servico-para-a-prefeitura-veja\/","og_site_name":"Portal NPM","article_published_time":"2024-03-06T22:56:34+00:00","article_modified_time":"2024-03-06T22:58:19+00:00","og_image":[{"width":1140,"height":815,"url":"https:\/\/portalnpm.com\/wp-content\/uploads\/2024\/03\/IMG-20240306-WA0392.jpg","type":"image\/jpeg"}],"author":"Luis Alberto","twitter_card":"summary_large_image","twitter_misc":{"Escrito por":"Luis Alberto","Est. tempo de leitura":"8 minutos"},"schema":{"@context":"https:\/\/schema.org","@graph":[{"@type":"WebPage","@id":"https:\/\/portalnpm.com\/index.php\/2024\/03\/06\/em-padre-marcos-ex-prefeito-ze-melado-presta-esclarecimentos-acerca-de-materia-veiculada-pelo-portal-que-presta-servico-para-a-prefeitura-veja\/","url":"https:\/\/portalnpm.com\/index.php\/2024\/03\/06\/em-padre-marcos-ex-prefeito-ze-melado-presta-esclarecimentos-acerca-de-materia-veiculada-pelo-portal-que-presta-servico-para-a-prefeitura-veja\/","name":"Em Padre Marcos, ex-prefeito Z\u00e9 Melado presta esclarecimentos acerca de mat\u00e9ria veiculada pelo portal que presta servi\u00e7o para a prefeitura; veja! - Portal NPM","isPartOf":{"@id":"https:\/\/portalnpm.com\/#website"},"primaryImageOfPage":{"@id":"https:\/\/portalnpm.com\/index.php\/2024\/03\/06\/em-padre-marcos-ex-prefeito-ze-melado-presta-esclarecimentos-acerca-de-materia-veiculada-pelo-portal-que-presta-servico-para-a-prefeitura-veja\/#primaryimage"},"image":{"@id":"https:\/\/portalnpm.com\/index.php\/2024\/03\/06\/em-padre-marcos-ex-prefeito-ze-melado-presta-esclarecimentos-acerca-de-materia-veiculada-pelo-portal-que-presta-servico-para-a-prefeitura-veja\/#primaryimage"},"thumbnailUrl":"https:\/\/portalnpm.com\/wp-content\/uploads\/2024\/03\/IMG-20240306-WA0392.jpg","datePublished":"2024-03-06T22:56:34+00:00","dateModified":"2024-03-06T22:58:19+00:00","author":{"@id":"https:\/\/portalnpm.com\/#\/schema\/person\/5c8006acdf71774cd4e7a5ab98482152"},"breadcrumb":{"@id":"https:\/\/portalnpm.com\/index.php\/2024\/03\/06\/em-padre-marcos-ex-prefeito-ze-melado-presta-esclarecimentos-acerca-de-materia-veiculada-pelo-portal-que-presta-servico-para-a-prefeitura-veja\/#breadcrumb"},"inLanguage":"pt-BR","potentialAction":[{"@type":"ReadAction","target":["https:\/\/portalnpm.com\/index.php\/2024\/03\/06\/em-padre-marcos-ex-prefeito-ze-melado-presta-esclarecimentos-acerca-de-materia-veiculada-pelo-portal-que-presta-servico-para-a-prefeitura-veja\/"]}]},{"@type":"ImageObject","inLanguage":"pt-BR","@id":"https:\/\/portalnpm.com\/index.php\/2024\/03\/06\/em-padre-marcos-ex-prefeito-ze-melado-presta-esclarecimentos-acerca-de-materia-veiculada-pelo-portal-que-presta-servico-para-a-prefeitura-veja\/#primaryimage","url":"https:\/\/portalnpm.com\/wp-content\/uploads\/2024\/03\/IMG-20240306-WA0392.jpg","contentUrl":"https:\/\/portalnpm.com\/wp-content\/uploads\/2024\/03\/IMG-20240306-WA0392.jpg","width":1140,"height":815},{"@type":"BreadcrumbList","@id":"https:\/\/portalnpm.com\/index.php\/2024\/03\/06\/em-padre-marcos-ex-prefeito-ze-melado-presta-esclarecimentos-acerca-de-materia-veiculada-pelo-portal-que-presta-servico-para-a-prefeitura-veja\/#breadcrumb","itemListElement":[{"@type":"ListItem","position":1,"name":"In\u00edcio","item":"https:\/\/portalnpm.com\/"},{"@type":"ListItem","position":2,"name":"Em Padre Marcos, ex-prefeito Z\u00e9 Melado presta esclarecimentos acerca de mat\u00e9ria veiculada pelo portal que presta servi\u00e7o para a prefeitura; veja!"}]},{"@type":"WebSite","@id":"https:\/\/portalnpm.com\/#website","url":"https:\/\/portalnpm.com\/","name":"Portal NPM","description":"Not\u00edcias em Primeira M\u00e3o","potentialAction":[{"@type":"SearchAction","target":{"@type":"EntryPoint","urlTemplate":"https:\/\/portalnpm.com\/?s={search_term_string}"},"query-input":"required name=search_term_string"}],"inLanguage":"pt-BR"},{"@type":"Person","@id":"https:\/\/portalnpm.com\/#\/schema\/person\/5c8006acdf71774cd4e7a5ab98482152","name":"Luis Alberto","image":{"@type":"ImageObject","inLanguage":"pt-BR","@id":"https:\/\/portalnpm.com\/#\/schema\/person\/image\/","url":"https:\/\/portalnpm.com\/wp-content\/uploads\/2024\/12\/avatar_user_3_1734699769-96x96.jpeg","contentUrl":"https:\/\/portalnpm.com\/wp-content\/uploads\/2024\/12\/avatar_user_3_1734699769-96x96.jpeg","caption":"Luis Alberto"},"description":"Editor-geral do Portal NPM, \u00e9 formado como T\u00e9cnico em Seguran\u00e7a do Trabalho pela Escola Metropolitana de Cursos T\u00e9cnicos. Det\u00e9m ainda licenciatura em Educa\u00e7\u00e3o F\u00edsica e bacharelado em Ci\u00eancias Pol\u00edticas, ambos obtidos pela institui\u00e7\u00e3o Anhanguera\/UNOPAR.","url":"https:\/\/portalnpm.com\/index.php\/author\/pereira\/"}]}},"jetpack_sharing_enabled":true,"jetpack_featured_media_url":"https:\/\/portalnpm.com\/wp-content\/uploads\/2024\/03\/IMG-20240306-WA0392.jpg","_links":{"self":[{"href":"https:\/\/portalnpm.com\/index.php\/wp-json\/wp\/v2\/posts\/71726"}],"collection":[{"href":"https:\/\/portalnpm.com\/index.php\/wp-json\/wp\/v2\/posts"}],"about":[{"href":"https:\/\/portalnpm.com\/index.php\/wp-json\/wp\/v2\/types\/post"}],"author":[{"embeddable":true,"href":"https:\/\/portalnpm.com\/index.php\/wp-json\/wp\/v2\/users\/3"}],"replies":[{"embeddable":true,"href":"https:\/\/portalnpm.com\/index.php\/wp-json\/wp\/v2\/comments?post=71726"}],"version-history":[{"count":7,"href":"https:\/\/portalnpm.com\/index.php\/wp-json\/wp\/v2\/posts\/71726\/revisions"}],"predecessor-version":[{"id":71737,"href":"https:\/\/portalnpm.com\/index.php\/wp-json\/wp\/v2\/posts\/71726\/revisions\/71737"}],"wp:featuredmedia":[{"embeddable":true,"href":"https:\/\/portalnpm.com\/index.php\/wp-json\/wp\/v2\/media\/71735"}],"wp:attachment":[{"href":"https:\/\/portalnpm.com\/index.php\/wp-json\/wp\/v2\/media?parent=71726"}],"wp:term":[{"taxonomy":"category","embeddable":true,"href":"https:\/\/portalnpm.com\/index.php\/wp-json\/wp\/v2\/categories?post=71726"},{"taxonomy":"post_tag","embeddable":true,"href":"https:\/\/portalnpm.com\/index.php\/wp-json\/wp\/v2\/tags?post=71726"}],"curies":[{"name":"wp","href":"https:\/\/api.w.org\/{rel}","templated":true}]}}