{"id":71753,"date":"2024-03-06T21:20:32","date_gmt":"2024-03-07T00:20:32","guid":{"rendered":"https:\/\/portalnpm.com\/?p=71753"},"modified":"2024-03-06T21:20:32","modified_gmt":"2024-03-07T00:20:32","slug":"aneel-aprova-reducao-de-ate-37-nas-bandeiras-tarifarias","status":"publish","type":"post","link":"https:\/\/portalnpm.com\/index.php\/2024\/03\/06\/aneel-aprova-reducao-de-ate-37-nas-bandeiras-tarifarias\/","title":{"rendered":"Aneel aprova redu\u00e7\u00e3o de at\u00e9 37% nas bandeiras tarif\u00e1rias"},"content":{"rendered":"<p>A Ag\u00eancia Nacional de Energia El\u00e9trica (Aneel) aprovou, nessa ter\u00e7a-feira (5), a redu\u00e7\u00e3o de at\u00e9 37% nos valores das bandeiras tarif\u00e1rias. O sistema, criado em 2015, sinaliza o custo real da energia gerada no pa\u00eds, sobretudo quando as condi\u00e7\u00f5es n\u00e3o s\u00e3o favor\u00e1veis, como nos per\u00edodos de seca. Para custear as termel\u00e9tricas, a conta de luz sofre aumentos.<\/p>\n<p>As bandeiras de cores verde, amarela ou vermelha indicam se a energia custar\u00e1 mais ou menos em fun\u00e7\u00e3o das condi\u00e7\u00f5es de gera\u00e7\u00e3o. No caso da bandeira verde, atualmente em vigor, as condi\u00e7\u00f5es s\u00e3o favor\u00e1veis e n\u00e3o t\u00eam custo adicional.<\/p>\n<p>Na bandeira amarela, as condi\u00e7\u00f5es s\u00e3o menos favor\u00e1veis e \u00e9 cobrada uma taxa extra de R$ 29,89 a cada MWh (megawatt-hora) utilizado \u2014 valor que passar\u00e1 para R$ 18,85. J\u00e1 para a bandeira vermelha patamar 1, a medida reduz de R$ 65\/MWh para R$ 44,63\/MWh (-31,3%), enquanto a de patamar 2 cai de R$ 97,95\/MWh para R$ 78,77\/MWh (-20%).<\/p>\n<p>Segundo a Aneel, a aprova\u00e7\u00e3o da redu\u00e7\u00e3o dos valores acontece devido ao cen\u00e1rio hidrol\u00f3gico favor\u00e1vel e \u00e0 grande oferta de energia renov\u00e1vel no pa\u00eds. Os al\u00edvios verificados no pre\u00e7o dos combust\u00edveis f\u00f3sseis no mercado internacional tamb\u00e9m influenciaram a decis\u00e3o \u2014 que contou com 49 contribui\u00e7\u00f5es de 30 pessoas f\u00edsicas e jur\u00eddicas.<\/p>\n<p><em>Fonte: SBTNews<\/em><\/p>\n","protected":false},"excerpt":{"rendered":"<p>A Ag\u00eancia Nacional de Energia El\u00e9trica (Aneel) aprovou, nessa ter\u00e7a-feira (5), a redu\u00e7\u00e3o de at\u00e9 37% nos valores das bandeiras tarif\u00e1rias. O sistema, criado em 2015, sinaliza o custo real da energia gerada no pa\u00eds, sobretudo quando as condi\u00e7\u00f5es n\u00e3o s\u00e3o favor\u00e1veis, como nos per\u00edodos de seca. Para custear as termel\u00e9tricas, a conta de luz &hellip;<\/p>\n","protected":false},"author":2,"featured_media":71754,"comment_status":"open","ping_status":"open","sticky":false,"template":"","format":"standard","meta":{"content-type":"","rop_custom_images_group":[],"rop_custom_messages_group":[],"rop_publish_now":"initial","rop_publish_now_accounts":{"facebook_2648258775420054_1618374048415101":""},"rop_publish_now_history":[],"rop_publish_now_status":"pending","footnotes":"","_jetpack_memberships_contains_paid_content":false},"categories":[125],"tags":[4428,2512,525,4465,1757,230,1109,567,10552],"yoast_head":"<!-- This site is optimized with the Yoast SEO plugin v22.3 - https:\/\/yoast.com\/wordpress\/plugins\/seo\/ -->\n<title>Aneel aprova redu\u00e7\u00e3o de at\u00e9 37% nas bandeiras tarif\u00e1rias - Portal NPM<\/title>\n<meta name=\"robots\" content=\"index, follow, max-snippet:-1, max-image-preview:large, max-video-preview:-1\" \/>\n<link rel=\"canonical\" href=\"https:\/\/portalnpm.com\/index.php\/2024\/03\/06\/aneel-aprova-reducao-de-ate-37-nas-bandeiras-tarifarias\/\" \/>\n<meta property=\"og:locale\" content=\"pt_BR\" \/>\n<meta property=\"og:type\" content=\"article\" \/>\n<meta property=\"og:title\" content=\"Aneel aprova redu\u00e7\u00e3o de at\u00e9 37% nas bandeiras tarif\u00e1rias - Portal NPM\" \/>\n<meta property=\"og:description\" content=\"A Ag\u00eancia Nacional de Energia El\u00e9trica (Aneel) aprovou, nessa ter\u00e7a-feira (5), a redu\u00e7\u00e3o de at\u00e9 37% nos valores das bandeiras tarif\u00e1rias. O sistema, criado em 2015, sinaliza o custo real da energia gerada no pa\u00eds, sobretudo quando as condi\u00e7\u00f5es n\u00e3o s\u00e3o favor\u00e1veis, como nos per\u00edodos de seca. Para custear as termel\u00e9tricas, a conta de luz &hellip;\" \/>\n<meta property=\"og:url\" content=\"https:\/\/portalnpm.com\/index.php\/2024\/03\/06\/aneel-aprova-reducao-de-ate-37-nas-bandeiras-tarifarias\/\" \/>\n<meta property=\"og:site_name\" content=\"Portal NPM\" \/>\n<meta property=\"article:published_time\" content=\"2024-03-07T00:20:32+00:00\" \/>\n<meta property=\"og:image\" content=\"https:\/\/portalnpm.com\/wp-content\/uploads\/2024\/03\/40a342dc355c884ef99fe7e71bd411e2.jpg\" \/>\n\t<meta property=\"og:image:width\" content=\"790\" \/>\n\t<meta property=\"og:image:height\" content=\"450\" \/>\n\t<meta property=\"og:image:type\" content=\"image\/jpeg\" \/>\n<meta name=\"author\" content=\"Genival Barbosa\" \/>\n<meta name=\"twitter:card\" content=\"summary_large_image\" \/>\n<meta name=\"twitter:label1\" content=\"Escrito por\" \/>\n\t<meta name=\"twitter:data1\" content=\"Genival Barbosa\" \/>\n\t<meta name=\"twitter:label2\" content=\"Est. tempo de leitura\" \/>\n\t<meta name=\"twitter:data2\" content=\"2 minutos\" \/>\n<script type=\"application\/ld+json\" class=\"yoast-schema-graph\">{\"@context\":\"https:\/\/schema.org\",\"@graph\":[{\"@type\":\"WebPage\",\"@id\":\"https:\/\/portalnpm.com\/index.php\/2024\/03\/06\/aneel-aprova-reducao-de-ate-37-nas-bandeiras-tarifarias\/\",\"url\":\"https:\/\/portalnpm.com\/index.php\/2024\/03\/06\/aneel-aprova-reducao-de-ate-37-nas-bandeiras-tarifarias\/\",\"name\":\"Aneel aprova redu\u00e7\u00e3o de at\u00e9 37% nas bandeiras tarif\u00e1rias - Portal NPM\",\"isPartOf\":{\"@id\":\"https:\/\/portalnpm.com\/#website\"},\"primaryImageOfPage\":{\"@id\":\"https:\/\/portalnpm.com\/index.php\/2024\/03\/06\/aneel-aprova-reducao-de-ate-37-nas-bandeiras-tarifarias\/#primaryimage\"},\"image\":{\"@id\":\"https:\/\/portalnpm.com\/index.php\/2024\/03\/06\/aneel-aprova-reducao-de-ate-37-nas-bandeiras-tarifarias\/#primaryimage\"},\"thumbnailUrl\":\"https:\/\/portalnpm.com\/wp-content\/uploads\/2024\/03\/40a342dc355c884ef99fe7e71bd411e2.jpg\",\"datePublished\":\"2024-03-07T00:20:32+00:00\",\"dateModified\":\"2024-03-07T00:20:32+00:00\",\"author\":{\"@id\":\"https:\/\/portalnpm.com\/#\/schema\/person\/49313e563cfdefcc167f1ee4c017c294\"},\"breadcrumb\":{\"@id\":\"https:\/\/portalnpm.com\/index.php\/2024\/03\/06\/aneel-aprova-reducao-de-ate-37-nas-bandeiras-tarifarias\/#breadcrumb\"},\"inLanguage\":\"pt-BR\",\"potentialAction\":[{\"@type\":\"ReadAction\",\"target\":[\"https:\/\/portalnpm.com\/index.php\/2024\/03\/06\/aneel-aprova-reducao-de-ate-37-nas-bandeiras-tarifarias\/\"]}]},{\"@type\":\"ImageObject\",\"inLanguage\":\"pt-BR\",\"@id\":\"https:\/\/portalnpm.com\/index.php\/2024\/03\/06\/aneel-aprova-reducao-de-ate-37-nas-bandeiras-tarifarias\/#primaryimage\",\"url\":\"https:\/\/portalnpm.com\/wp-content\/uploads\/2024\/03\/40a342dc355c884ef99fe7e71bd411e2.jpg\",\"contentUrl\":\"https:\/\/portalnpm.com\/wp-content\/uploads\/2024\/03\/40a342dc355c884ef99fe7e71bd411e2.jpg\",\"width\":790,\"height\":450},{\"@type\":\"BreadcrumbList\",\"@id\":\"https:\/\/portalnpm.com\/index.php\/2024\/03\/06\/aneel-aprova-reducao-de-ate-37-nas-bandeiras-tarifarias\/#breadcrumb\",\"itemListElement\":[{\"@type\":\"ListItem\",\"position\":1,\"name\":\"In\u00edcio\",\"item\":\"https:\/\/portalnpm.com\/\"},{\"@type\":\"ListItem\",\"position\":2,\"name\":\"Aneel aprova redu\u00e7\u00e3o de at\u00e9 37% nas bandeiras tarif\u00e1rias\"}]},{\"@type\":\"WebSite\",\"@id\":\"https:\/\/portalnpm.com\/#website\",\"url\":\"https:\/\/portalnpm.com\/\",\"name\":\"Portal NPM\",\"description\":\"Not\u00edcias em Primeira M\u00e3o\",\"potentialAction\":[{\"@type\":\"SearchAction\",\"target\":{\"@type\":\"EntryPoint\",\"urlTemplate\":\"https:\/\/portalnpm.com\/?s={search_term_string}\"},\"query-input\":\"required name=search_term_string\"}],\"inLanguage\":\"pt-BR\"},{\"@type\":\"Person\",\"@id\":\"https:\/\/portalnpm.com\/#\/schema\/person\/49313e563cfdefcc167f1ee4c017c294\",\"name\":\"Genival Barbosa\",\"image\":{\"@type\":\"ImageObject\",\"inLanguage\":\"pt-BR\",\"@id\":\"https:\/\/portalnpm.com\/#\/schema\/person\/image\/\",\"url\":\"https:\/\/portalnpm.com\/wp-content\/uploads\/2024\/02\/avatar_user_2_1707743258-96x96.jpeg\",\"contentUrl\":\"https:\/\/portalnpm.com\/wp-content\/uploads\/2024\/02\/avatar_user_2_1707743258-96x96.jpeg\",\"caption\":\"Genival Barbosa\"},\"url\":\"https:\/\/portalnpm.com\/index.php\/author\/genival\/\"}]}<\/script>\n<!-- \/ Yoast SEO plugin. -->","yoast_head_json":{"title":"Aneel aprova redu\u00e7\u00e3o de at\u00e9 37% nas bandeiras tarif\u00e1rias - Portal NPM","robots":{"index":"index","follow":"follow","max-snippet":"max-snippet:-1","max-image-preview":"max-image-preview:large","max-video-preview":"max-video-preview:-1"},"canonical":"https:\/\/portalnpm.com\/index.php\/2024\/03\/06\/aneel-aprova-reducao-de-ate-37-nas-bandeiras-tarifarias\/","og_locale":"pt_BR","og_type":"article","og_title":"Aneel aprova redu\u00e7\u00e3o de at\u00e9 37% nas bandeiras tarif\u00e1rias - Portal NPM","og_description":"A Ag\u00eancia Nacional de Energia El\u00e9trica (Aneel) aprovou, nessa ter\u00e7a-feira (5), a redu\u00e7\u00e3o de at\u00e9 37% nos valores das bandeiras tarif\u00e1rias. O sistema, criado em 2015, sinaliza o custo real da energia gerada no pa\u00eds, sobretudo quando as condi\u00e7\u00f5es n\u00e3o s\u00e3o favor\u00e1veis, como nos per\u00edodos de seca. Para custear as termel\u00e9tricas, a conta de luz &hellip;","og_url":"https:\/\/portalnpm.com\/index.php\/2024\/03\/06\/aneel-aprova-reducao-de-ate-37-nas-bandeiras-tarifarias\/","og_site_name":"Portal NPM","article_published_time":"2024-03-07T00:20:32+00:00","og_image":[{"width":790,"height":450,"url":"https:\/\/portalnpm.com\/wp-content\/uploads\/2024\/03\/40a342dc355c884ef99fe7e71bd411e2.jpg","type":"image\/jpeg"}],"author":"Genival Barbosa","twitter_card":"summary_large_image","twitter_misc":{"Escrito por":"Genival Barbosa","Est. tempo de leitura":"2 minutos"},"schema":{"@context":"https:\/\/schema.org","@graph":[{"@type":"WebPage","@id":"https:\/\/portalnpm.com\/index.php\/2024\/03\/06\/aneel-aprova-reducao-de-ate-37-nas-bandeiras-tarifarias\/","url":"https:\/\/portalnpm.com\/index.php\/2024\/03\/06\/aneel-aprova-reducao-de-ate-37-nas-bandeiras-tarifarias\/","name":"Aneel aprova redu\u00e7\u00e3o de at\u00e9 37% nas bandeiras tarif\u00e1rias - Portal NPM","isPartOf":{"@id":"https:\/\/portalnpm.com\/#website"},"primaryImageOfPage":{"@id":"https:\/\/portalnpm.com\/index.php\/2024\/03\/06\/aneel-aprova-reducao-de-ate-37-nas-bandeiras-tarifarias\/#primaryimage"},"image":{"@id":"https:\/\/portalnpm.com\/index.php\/2024\/03\/06\/aneel-aprova-reducao-de-ate-37-nas-bandeiras-tarifarias\/#primaryimage"},"thumbnailUrl":"https:\/\/portalnpm.com\/wp-content\/uploads\/2024\/03\/40a342dc355c884ef99fe7e71bd411e2.jpg","datePublished":"2024-03-07T00:20:32+00:00","dateModified":"2024-03-07T00:20:32+00:00","author":{"@id":"https:\/\/portalnpm.com\/#\/schema\/person\/49313e563cfdefcc167f1ee4c017c294"},"breadcrumb":{"@id":"https:\/\/portalnpm.com\/index.php\/2024\/03\/06\/aneel-aprova-reducao-de-ate-37-nas-bandeiras-tarifarias\/#breadcrumb"},"inLanguage":"pt-BR","potentialAction":[{"@type":"ReadAction","target":["https:\/\/portalnpm.com\/index.php\/2024\/03\/06\/aneel-aprova-reducao-de-ate-37-nas-bandeiras-tarifarias\/"]}]},{"@type":"ImageObject","inLanguage":"pt-BR","@id":"https:\/\/portalnpm.com\/index.php\/2024\/03\/06\/aneel-aprova-reducao-de-ate-37-nas-bandeiras-tarifarias\/#primaryimage","url":"https:\/\/portalnpm.com\/wp-content\/uploads\/2024\/03\/40a342dc355c884ef99fe7e71bd411e2.jpg","contentUrl":"https:\/\/portalnpm.com\/wp-content\/uploads\/2024\/03\/40a342dc355c884ef99fe7e71bd411e2.jpg","width":790,"height":450},{"@type":"BreadcrumbList","@id":"https:\/\/portalnpm.com\/index.php\/2024\/03\/06\/aneel-aprova-reducao-de-ate-37-nas-bandeiras-tarifarias\/#breadcrumb","itemListElement":[{"@type":"ListItem","position":1,"name":"In\u00edcio","item":"https:\/\/portalnpm.com\/"},{"@type":"ListItem","position":2,"name":"Aneel aprova redu\u00e7\u00e3o de at\u00e9 37% nas bandeiras tarif\u00e1rias"}]},{"@type":"WebSite","@id":"https:\/\/portalnpm.com\/#website","url":"https:\/\/portalnpm.com\/","name":"Portal NPM","description":"Not\u00edcias em Primeira M\u00e3o","potentialAction":[{"@type":"SearchAction","target":{"@type":"EntryPoint","urlTemplate":"https:\/\/portalnpm.com\/?s={search_term_string}"},"query-input":"required name=search_term_string"}],"inLanguage":"pt-BR"},{"@type":"Person","@id":"https:\/\/portalnpm.com\/#\/schema\/person\/49313e563cfdefcc167f1ee4c017c294","name":"Genival Barbosa","image":{"@type":"ImageObject","inLanguage":"pt-BR","@id":"https:\/\/portalnpm.com\/#\/schema\/person\/image\/","url":"https:\/\/portalnpm.com\/wp-content\/uploads\/2024\/02\/avatar_user_2_1707743258-96x96.jpeg","contentUrl":"https:\/\/portalnpm.com\/wp-content\/uploads\/2024\/02\/avatar_user_2_1707743258-96x96.jpeg","caption":"Genival Barbosa"},"url":"https:\/\/portalnpm.com\/index.php\/author\/genival\/"}]}},"jetpack_sharing_enabled":true,"jetpack_featured_media_url":"https:\/\/portalnpm.com\/wp-content\/uploads\/2024\/03\/40a342dc355c884ef99fe7e71bd411e2.jpg","_links":{"self":[{"href":"https:\/\/portalnpm.com\/index.php\/wp-json\/wp\/v2\/posts\/71753"}],"collection":[{"href":"https:\/\/portalnpm.com\/index.php\/wp-json\/wp\/v2\/posts"}],"about":[{"href":"https:\/\/portalnpm.com\/index.php\/wp-json\/wp\/v2\/types\/post"}],"author":[{"embeddable":true,"href":"https:\/\/portalnpm.com\/index.php\/wp-json\/wp\/v2\/users\/2"}],"replies":[{"embeddable":true,"href":"https:\/\/portalnpm.com\/index.php\/wp-json\/wp\/v2\/comments?post=71753"}],"version-history":[{"count":1,"href":"https:\/\/portalnpm.com\/index.php\/wp-json\/wp\/v2\/posts\/71753\/revisions"}],"predecessor-version":[{"id":71755,"href":"https:\/\/portalnpm.com\/index.php\/wp-json\/wp\/v2\/posts\/71753\/revisions\/71755"}],"wp:featuredmedia":[{"embeddable":true,"href":"https:\/\/portalnpm.com\/index.php\/wp-json\/wp\/v2\/media\/71754"}],"wp:attachment":[{"href":"https:\/\/portalnpm.com\/index.php\/wp-json\/wp\/v2\/media?parent=71753"}],"wp:term":[{"taxonomy":"category","embeddable":true,"href":"https:\/\/portalnpm.com\/index.php\/wp-json\/wp\/v2\/categories?post=71753"},{"taxonomy":"post_tag","embeddable":true,"href":"https:\/\/portalnpm.com\/index.php\/wp-json\/wp\/v2\/tags?post=71753"}],"curies":[{"name":"wp","href":"https:\/\/api.w.org\/{rel}","templated":true}]}}