{"id":71918,"date":"2024-03-18T06:07:33","date_gmt":"2024-03-18T09:07:33","guid":{"rendered":"https:\/\/portalnpm.com\/?p=71918"},"modified":"2024-03-18T06:07:33","modified_gmt":"2024-03-18T09:07:33","slug":"motociclista-de-19-anos-morre-apos-colidir-com-caminhonete-na-br-343-em-campo-maior","status":"publish","type":"post","link":"https:\/\/portalnpm.com\/index.php\/2024\/03\/18\/motociclista-de-19-anos-morre-apos-colidir-com-caminhonete-na-br-343-em-campo-maior\/","title":{"rendered":"Motociclista de 19 anos morre ap\u00f3s colidir com caminhonete na BR-343 em Campo Maior"},"content":{"rendered":"<div class=\"clearfix\">\n<div class=\"justify post-body\">\n<p><strong>\u00a0<\/strong><\/p>\n<p>Um jovem de 19 anos morreu em um grave acidente envolvendo uma caminhonete e uma motocicleta na noite deste s\u00e1bado (16), por volta das 22h40, na BR-343, no munic\u00edpio de Campo Maior.<\/p>\n<p>Segundo informa\u00e7\u00f5es da Pol\u00edcia Rodovi\u00e1ria Federal (PRF), o jovem pilotava a moto quando colidiu na lateral esquerda da caminhonete que fazia manobra para entrar em uma via tamb\u00e9m \u00e0 esquerda.<\/p>\n<p>A v\u00edtima n\u00e3o resistiu aos ferimentos e faleceu no local. Equipes do Instituto M\u00e9dico Legal (IML) e da Per\u00edcia Criminal tamb\u00e9m foram acionadas. J\u00e1 o condutor da caminhonete, um homem de 46 anos, saiu ileso.<\/p>\n<p>A PRF acrescentou ainda que foi realizado teste de alcoolemia no homem e o resultado foi negativo.<\/p>\n<\/div>\n<p><strong>Por Rebeca Lima (com informa\u00e7\u00f5es da PRF)\u00a0<\/strong><\/p>\n<\/div>\n","protected":false},"excerpt":{"rendered":"<p>\u00a0 Um jovem de 19 anos morreu em um grave acidente envolvendo uma caminhonete e uma motocicleta na noite deste s\u00e1bado (16), por volta das 22h40, na BR-343, no munic\u00edpio de Campo Maior. Segundo informa\u00e7\u00f5es da Pol\u00edcia Rodovi\u00e1ria Federal (PRF), o jovem pilotava a moto quando colidiu na lateral esquerda da caminhonete que fazia manobra &hellip;<\/p>\n","protected":false},"author":2,"featured_media":71919,"comment_status":"open","ping_status":"open","sticky":false,"template":"","format":"standard","meta":{"content-type":"","rop_custom_images_group":[],"rop_custom_messages_group":[],"rop_publish_now":"initial","rop_publish_now_accounts":{"facebook_2648258775420054_1618374048415101":""},"rop_publish_now_history":[],"rop_publish_now_status":"pending","footnotes":"","_jetpack_memberships_contains_paid_content":false},"categories":[125],"tags":[4789,221,871,11657,1917,4136,2280,230,855,1632,132,1347,911],"yoast_head":"<!-- This site is optimized with the Yoast SEO plugin v22.3 - https:\/\/yoast.com\/wordpress\/plugins\/seo\/ -->\n<title>Motociclista de 19 anos morre ap\u00f3s colidir com caminhonete na BR-343 em Campo Maior - Portal NPM<\/title>\n<meta name=\"robots\" content=\"index, follow, max-snippet:-1, max-image-preview:large, max-video-preview:-1\" \/>\n<link rel=\"canonical\" href=\"https:\/\/portalnpm.com\/index.php\/2024\/03\/18\/motociclista-de-19-anos-morre-apos-colidir-com-caminhonete-na-br-343-em-campo-maior\/\" \/>\n<meta property=\"og:locale\" content=\"pt_BR\" \/>\n<meta property=\"og:type\" content=\"article\" \/>\n<meta property=\"og:title\" content=\"Motociclista de 19 anos morre ap\u00f3s colidir com caminhonete na BR-343 em Campo Maior - Portal NPM\" \/>\n<meta property=\"og:description\" content=\"\u00a0 Um jovem de 19 anos morreu em um grave acidente envolvendo uma caminhonete e uma motocicleta na noite deste s\u00e1bado (16), por volta das 22h40, na BR-343, no munic\u00edpio de Campo Maior. Segundo informa\u00e7\u00f5es da Pol\u00edcia Rodovi\u00e1ria Federal (PRF), o jovem pilotava a moto quando colidiu na lateral esquerda da caminhonete que fazia manobra &hellip;\" \/>\n<meta property=\"og:url\" content=\"https:\/\/portalnpm.com\/index.php\/2024\/03\/18\/motociclista-de-19-anos-morre-apos-colidir-com-caminhonete-na-br-343-em-campo-maior\/\" \/>\n<meta property=\"og:site_name\" content=\"Portal NPM\" \/>\n<meta property=\"article:published_time\" content=\"2024-03-18T09:07:33+00:00\" \/>\n<meta property=\"og:image\" content=\"https:\/\/portalnpm.com\/wp-content\/uploads\/2024\/03\/br_343_cm_edit.jpg\" \/>\n\t<meta property=\"og:image:width\" content=\"790\" \/>\n\t<meta property=\"og:image:height\" content=\"553\" \/>\n\t<meta property=\"og:image:type\" content=\"image\/jpeg\" \/>\n<meta name=\"author\" content=\"Genival Barbosa\" \/>\n<meta name=\"twitter:card\" content=\"summary_large_image\" \/>\n<meta name=\"twitter:label1\" content=\"Escrito por\" \/>\n\t<meta name=\"twitter:data1\" content=\"Genival Barbosa\" \/>\n\t<meta name=\"twitter:label2\" content=\"Est. tempo de leitura\" \/>\n\t<meta name=\"twitter:data2\" content=\"1 minuto\" \/>\n<script type=\"application\/ld+json\" class=\"yoast-schema-graph\">{\"@context\":\"https:\/\/schema.org\",\"@graph\":[{\"@type\":\"WebPage\",\"@id\":\"https:\/\/portalnpm.com\/index.php\/2024\/03\/18\/motociclista-de-19-anos-morre-apos-colidir-com-caminhonete-na-br-343-em-campo-maior\/\",\"url\":\"https:\/\/portalnpm.com\/index.php\/2024\/03\/18\/motociclista-de-19-anos-morre-apos-colidir-com-caminhonete-na-br-343-em-campo-maior\/\",\"name\":\"Motociclista de 19 anos morre ap\u00f3s colidir com caminhonete na BR-343 em Campo Maior - Portal NPM\",\"isPartOf\":{\"@id\":\"https:\/\/portalnpm.com\/#website\"},\"primaryImageOfPage\":{\"@id\":\"https:\/\/portalnpm.com\/index.php\/2024\/03\/18\/motociclista-de-19-anos-morre-apos-colidir-com-caminhonete-na-br-343-em-campo-maior\/#primaryimage\"},\"image\":{\"@id\":\"https:\/\/portalnpm.com\/index.php\/2024\/03\/18\/motociclista-de-19-anos-morre-apos-colidir-com-caminhonete-na-br-343-em-campo-maior\/#primaryimage\"},\"thumbnailUrl\":\"https:\/\/portalnpm.com\/wp-content\/uploads\/2024\/03\/br_343_cm_edit.jpg\",\"datePublished\":\"2024-03-18T09:07:33+00:00\",\"dateModified\":\"2024-03-18T09:07:33+00:00\",\"author\":{\"@id\":\"https:\/\/portalnpm.com\/#\/schema\/person\/49313e563cfdefcc167f1ee4c017c294\"},\"breadcrumb\":{\"@id\":\"https:\/\/portalnpm.com\/index.php\/2024\/03\/18\/motociclista-de-19-anos-morre-apos-colidir-com-caminhonete-na-br-343-em-campo-maior\/#breadcrumb\"},\"inLanguage\":\"pt-BR\",\"potentialAction\":[{\"@type\":\"ReadAction\",\"target\":[\"https:\/\/portalnpm.com\/index.php\/2024\/03\/18\/motociclista-de-19-anos-morre-apos-colidir-com-caminhonete-na-br-343-em-campo-maior\/\"]}]},{\"@type\":\"ImageObject\",\"inLanguage\":\"pt-BR\",\"@id\":\"https:\/\/portalnpm.com\/index.php\/2024\/03\/18\/motociclista-de-19-anos-morre-apos-colidir-com-caminhonete-na-br-343-em-campo-maior\/#primaryimage\",\"url\":\"https:\/\/portalnpm.com\/wp-content\/uploads\/2024\/03\/br_343_cm_edit.jpg\",\"contentUrl\":\"https:\/\/portalnpm.com\/wp-content\/uploads\/2024\/03\/br_343_cm_edit.jpg\",\"width\":790,\"height\":553},{\"@type\":\"BreadcrumbList\",\"@id\":\"https:\/\/portalnpm.com\/index.php\/2024\/03\/18\/motociclista-de-19-anos-morre-apos-colidir-com-caminhonete-na-br-343-em-campo-maior\/#breadcrumb\",\"itemListElement\":[{\"@type\":\"ListItem\",\"position\":1,\"name\":\"In\u00edcio\",\"item\":\"https:\/\/portalnpm.com\/\"},{\"@type\":\"ListItem\",\"position\":2,\"name\":\"Motociclista de 19 anos morre ap\u00f3s colidir com caminhonete na BR-343 em Campo Maior\"}]},{\"@type\":\"WebSite\",\"@id\":\"https:\/\/portalnpm.com\/#website\",\"url\":\"https:\/\/portalnpm.com\/\",\"name\":\"Portal NPM\",\"description\":\"Not\u00edcias em Primeira M\u00e3o\",\"potentialAction\":[{\"@type\":\"SearchAction\",\"target\":{\"@type\":\"EntryPoint\",\"urlTemplate\":\"https:\/\/portalnpm.com\/?s={search_term_string}\"},\"query-input\":\"required name=search_term_string\"}],\"inLanguage\":\"pt-BR\"},{\"@type\":\"Person\",\"@id\":\"https:\/\/portalnpm.com\/#\/schema\/person\/49313e563cfdefcc167f1ee4c017c294\",\"name\":\"Genival Barbosa\",\"image\":{\"@type\":\"ImageObject\",\"inLanguage\":\"pt-BR\",\"@id\":\"https:\/\/portalnpm.com\/#\/schema\/person\/image\/\",\"url\":\"https:\/\/portalnpm.com\/wp-content\/uploads\/2024\/02\/avatar_user_2_1707743258-96x96.jpeg\",\"contentUrl\":\"https:\/\/portalnpm.com\/wp-content\/uploads\/2024\/02\/avatar_user_2_1707743258-96x96.jpeg\",\"caption\":\"Genival Barbosa\"},\"url\":\"https:\/\/portalnpm.com\/index.php\/author\/genival\/\"}]}<\/script>\n<!-- \/ Yoast SEO plugin. -->","yoast_head_json":{"title":"Motociclista de 19 anos morre ap\u00f3s colidir com caminhonete na BR-343 em Campo Maior - Portal NPM","robots":{"index":"index","follow":"follow","max-snippet":"max-snippet:-1","max-image-preview":"max-image-preview:large","max-video-preview":"max-video-preview:-1"},"canonical":"https:\/\/portalnpm.com\/index.php\/2024\/03\/18\/motociclista-de-19-anos-morre-apos-colidir-com-caminhonete-na-br-343-em-campo-maior\/","og_locale":"pt_BR","og_type":"article","og_title":"Motociclista de 19 anos morre ap\u00f3s colidir com caminhonete na BR-343 em Campo Maior - Portal NPM","og_description":"\u00a0 Um jovem de 19 anos morreu em um grave acidente envolvendo uma caminhonete e uma motocicleta na noite deste s\u00e1bado (16), por volta das 22h40, na BR-343, no munic\u00edpio de Campo Maior. Segundo informa\u00e7\u00f5es da Pol\u00edcia Rodovi\u00e1ria Federal (PRF), o jovem pilotava a moto quando colidiu na lateral esquerda da caminhonete que fazia manobra &hellip;","og_url":"https:\/\/portalnpm.com\/index.php\/2024\/03\/18\/motociclista-de-19-anos-morre-apos-colidir-com-caminhonete-na-br-343-em-campo-maior\/","og_site_name":"Portal NPM","article_published_time":"2024-03-18T09:07:33+00:00","og_image":[{"width":790,"height":553,"url":"https:\/\/portalnpm.com\/wp-content\/uploads\/2024\/03\/br_343_cm_edit.jpg","type":"image\/jpeg"}],"author":"Genival Barbosa","twitter_card":"summary_large_image","twitter_misc":{"Escrito por":"Genival Barbosa","Est. tempo de leitura":"1 minuto"},"schema":{"@context":"https:\/\/schema.org","@graph":[{"@type":"WebPage","@id":"https:\/\/portalnpm.com\/index.php\/2024\/03\/18\/motociclista-de-19-anos-morre-apos-colidir-com-caminhonete-na-br-343-em-campo-maior\/","url":"https:\/\/portalnpm.com\/index.php\/2024\/03\/18\/motociclista-de-19-anos-morre-apos-colidir-com-caminhonete-na-br-343-em-campo-maior\/","name":"Motociclista de 19 anos morre ap\u00f3s colidir com caminhonete na BR-343 em Campo Maior - Portal NPM","isPartOf":{"@id":"https:\/\/portalnpm.com\/#website"},"primaryImageOfPage":{"@id":"https:\/\/portalnpm.com\/index.php\/2024\/03\/18\/motociclista-de-19-anos-morre-apos-colidir-com-caminhonete-na-br-343-em-campo-maior\/#primaryimage"},"image":{"@id":"https:\/\/portalnpm.com\/index.php\/2024\/03\/18\/motociclista-de-19-anos-morre-apos-colidir-com-caminhonete-na-br-343-em-campo-maior\/#primaryimage"},"thumbnailUrl":"https:\/\/portalnpm.com\/wp-content\/uploads\/2024\/03\/br_343_cm_edit.jpg","datePublished":"2024-03-18T09:07:33+00:00","dateModified":"2024-03-18T09:07:33+00:00","author":{"@id":"https:\/\/portalnpm.com\/#\/schema\/person\/49313e563cfdefcc167f1ee4c017c294"},"breadcrumb":{"@id":"https:\/\/portalnpm.com\/index.php\/2024\/03\/18\/motociclista-de-19-anos-morre-apos-colidir-com-caminhonete-na-br-343-em-campo-maior\/#breadcrumb"},"inLanguage":"pt-BR","potentialAction":[{"@type":"ReadAction","target":["https:\/\/portalnpm.com\/index.php\/2024\/03\/18\/motociclista-de-19-anos-morre-apos-colidir-com-caminhonete-na-br-343-em-campo-maior\/"]}]},{"@type":"ImageObject","inLanguage":"pt-BR","@id":"https:\/\/portalnpm.com\/index.php\/2024\/03\/18\/motociclista-de-19-anos-morre-apos-colidir-com-caminhonete-na-br-343-em-campo-maior\/#primaryimage","url":"https:\/\/portalnpm.com\/wp-content\/uploads\/2024\/03\/br_343_cm_edit.jpg","contentUrl":"https:\/\/portalnpm.com\/wp-content\/uploads\/2024\/03\/br_343_cm_edit.jpg","width":790,"height":553},{"@type":"BreadcrumbList","@id":"https:\/\/portalnpm.com\/index.php\/2024\/03\/18\/motociclista-de-19-anos-morre-apos-colidir-com-caminhonete-na-br-343-em-campo-maior\/#breadcrumb","itemListElement":[{"@type":"ListItem","position":1,"name":"In\u00edcio","item":"https:\/\/portalnpm.com\/"},{"@type":"ListItem","position":2,"name":"Motociclista de 19 anos morre ap\u00f3s colidir com caminhonete na BR-343 em Campo Maior"}]},{"@type":"WebSite","@id":"https:\/\/portalnpm.com\/#website","url":"https:\/\/portalnpm.com\/","name":"Portal NPM","description":"Not\u00edcias em Primeira M\u00e3o","potentialAction":[{"@type":"SearchAction","target":{"@type":"EntryPoint","urlTemplate":"https:\/\/portalnpm.com\/?s={search_term_string}"},"query-input":"required name=search_term_string"}],"inLanguage":"pt-BR"},{"@type":"Person","@id":"https:\/\/portalnpm.com\/#\/schema\/person\/49313e563cfdefcc167f1ee4c017c294","name":"Genival Barbosa","image":{"@type":"ImageObject","inLanguage":"pt-BR","@id":"https:\/\/portalnpm.com\/#\/schema\/person\/image\/","url":"https:\/\/portalnpm.com\/wp-content\/uploads\/2024\/02\/avatar_user_2_1707743258-96x96.jpeg","contentUrl":"https:\/\/portalnpm.com\/wp-content\/uploads\/2024\/02\/avatar_user_2_1707743258-96x96.jpeg","caption":"Genival Barbosa"},"url":"https:\/\/portalnpm.com\/index.php\/author\/genival\/"}]}},"jetpack_sharing_enabled":true,"jetpack_featured_media_url":"https:\/\/portalnpm.com\/wp-content\/uploads\/2024\/03\/br_343_cm_edit.jpg","_links":{"self":[{"href":"https:\/\/portalnpm.com\/index.php\/wp-json\/wp\/v2\/posts\/71918"}],"collection":[{"href":"https:\/\/portalnpm.com\/index.php\/wp-json\/wp\/v2\/posts"}],"about":[{"href":"https:\/\/portalnpm.com\/index.php\/wp-json\/wp\/v2\/types\/post"}],"author":[{"embeddable":true,"href":"https:\/\/portalnpm.com\/index.php\/wp-json\/wp\/v2\/users\/2"}],"replies":[{"embeddable":true,"href":"https:\/\/portalnpm.com\/index.php\/wp-json\/wp\/v2\/comments?post=71918"}],"version-history":[{"count":1,"href":"https:\/\/portalnpm.com\/index.php\/wp-json\/wp\/v2\/posts\/71918\/revisions"}],"predecessor-version":[{"id":71920,"href":"https:\/\/portalnpm.com\/index.php\/wp-json\/wp\/v2\/posts\/71918\/revisions\/71920"}],"wp:featuredmedia":[{"embeddable":true,"href":"https:\/\/portalnpm.com\/index.php\/wp-json\/wp\/v2\/media\/71919"}],"wp:attachment":[{"href":"https:\/\/portalnpm.com\/index.php\/wp-json\/wp\/v2\/media?parent=71918"}],"wp:term":[{"taxonomy":"category","embeddable":true,"href":"https:\/\/portalnpm.com\/index.php\/wp-json\/wp\/v2\/categories?post=71918"},{"taxonomy":"post_tag","embeddable":true,"href":"https:\/\/portalnpm.com\/index.php\/wp-json\/wp\/v2\/tags?post=71918"}],"curies":[{"name":"wp","href":"https:\/\/api.w.org\/{rel}","templated":true}]}}