{"id":71933,"date":"2024-03-18T07:23:33","date_gmt":"2024-03-18T10:23:33","guid":{"rendered":"https:\/\/portalnpm.com\/?p=71933"},"modified":"2024-03-18T07:23:33","modified_gmt":"2024-03-18T10:23:33","slug":"sao-paulo-perde-nos-penaltis-para-novorizontino-e-da-adeus-ao-paulistao","status":"publish","type":"post","link":"https:\/\/portalnpm.com\/index.php\/2024\/03\/18\/sao-paulo-perde-nos-penaltis-para-novorizontino-e-da-adeus-ao-paulistao\/","title":{"rendered":"S\u00e3o Paulo perde nos p\u00eanaltis para Novorizontino e d\u00e1 adeus ao Paulist\u00e3o"},"content":{"rendered":"<div class=\"fsNewsArticle__content\">\n<p>O\u00a0<a href=\"https:\/\/www.flashscore.com.br\/equipe\/novorizontino\/4lOgZPQl\/\">Novorizontino<\/a>\u00a0aguarda a defini\u00e7\u00e3o do \u00faltimo duelo das quartas,\u00a0<a href=\"https:\/\/www.flashscore.com.br\/jogo\/zN0vsF13\/#\/resumo-de-jogo\/\">entre Santos e Portuguesa<\/a>, para conhecer o advers\u00e1rio na semi. O certo \u00e9 que a equipe de Eduardo Baptista\u00a0<b>ser\u00e1 visitante<\/b>. Caso o Peixe avance, o Tigre\u00a0<b>encara o Palmeiras<\/b>; se der Lusa, o confronto \u00e9\u00a0<b>com o Red Bull Bragantino<\/b>.<\/p>\n<div class=\"adsenvelopeCont\"><\/div>\n<p><b><a href=\"https:\/\/www.flashscore.com.br\/futebol\/brasil\/paulista\/\">Confira a tabela completa do Paulist\u00e3o<\/a><\/b><\/p>\n<p>O futebol paulista, agora,\u00a0<b>pausa para a Data FIFA<\/b>. As semifinais devem ser daqui a 10 dias,\u00a0<b>em 27 de mar\u00e7o<\/b>. A FPF ainda confirmar\u00e1 datas, hor\u00e1rios e locais.<\/p>\n<div class=\"ui-media__embed ui-media__embed--youtube\">\n<div class=\"ui-media__placeholder ui-media__placeholder--youtube ska__di\"><iframe title=\"YouTube video player\" src=\"https:\/\/www.youtube.com\/embed\/D6mX1jzdzgw\" width=\"100%\" height=\"100%\" frameborder=\"0\" data-mce-fragment=\"1\"><\/iframe><\/div>\n<\/div>\n<h2>S\u00e3o Paulo manda vaga para longe<\/h2>\n<p><b>O S\u00e3o Paulo repetiu o filme do Paulist\u00e3o 2023<\/b>\u00a0e caiu nos p\u00eanaltis, nas quartas de final, contra um advers\u00e1rio modesto. A disputa at\u00e9 come\u00e7ou bem para o Tricolor, com gol de\u00a0<a href=\"https:\/\/www.flashscore.com.br\/jogador\/lucas-moura\/EcmXnnoo\/\">Lucas Moura<\/a>\u00a0e defesa de\u00a0<a href=\"https:\/\/www.flashscore.com.br\/jogador\/rafael-pires\/Cx5lvlAM\/\">Rafael<\/a>\u00a0em chute de Lucca. Na quarta cobran\u00e7a, por\u00e9m,\u00a0<a href=\"https:\/\/www.flashscore.com.br\/jogador\/michel-araujo\/hxPuBluD\/\">Michel Ara\u00fajo<\/a><b>\u00a0isolou<\/b>.\u00a0<a href=\"https:\/\/www.flashscore.com.br\/jogador\/diego-costa\/EegmC5G0\/\">Diego Costa<\/a>\u00a0<b>tamb\u00e9m mandou para longe<\/b>, na abertura das alternadas, e\u00a0<a href=\"https:\/\/www.flashscore.com.br\/jogador\/renato-silveira\/txhA5J8n\/\">Renato<\/a>\u00a0classificou o Novorizontino.<\/p>\n<div class=\"imageContainer\">\n<div class=\"imageContainer__element\">\n<figure class=\"ui-media ui-media--article ui-media--preview\"><picture class=\"ui-media__placeholder\"><source srcset=\"https:\/\/livesport-ott-images.ssl.cdn.cra.cz\/r120xfq60\/1248dc60-9b2e-4f47-9daf-ad3c1be2044c.avif 120w, https:\/\/livesport-ott-images.ssl.cdn.cra.cz\/r300xfq60\/1248dc60-9b2e-4f47-9daf-ad3c1be2044c.avif 300w, https:\/\/livesport-ott-images.ssl.cdn.cra.cz\/r600xfq60\/1248dc60-9b2e-4f47-9daf-ad3c1be2044c.avif 600w, https:\/\/livesport-ott-images.ssl.cdn.cra.cz\/r900xfq60\/1248dc60-9b2e-4f47-9daf-ad3c1be2044c.avif 900w, https:\/\/livesport-ott-images.ssl.cdn.cra.cz\/r1200xfq60\/1248dc60-9b2e-4f47-9daf-ad3c1be2044c.avif 1200w\" type=\"image\/avif\" sizes=\"(max-width: 1047px) 100vw, 614px\" \/><source srcset=\"https:\/\/livesport-ott-images.ssl.cdn.cra.cz\/r120xfq60\/1248dc60-9b2e-4f47-9daf-ad3c1be2044c.webp 120w, https:\/\/livesport-ott-images.ssl.cdn.cra.cz\/r300xfq60\/1248dc60-9b2e-4f47-9daf-ad3c1be2044c.webp 300w, https:\/\/livesport-ott-images.ssl.cdn.cra.cz\/r600xfq60\/1248dc60-9b2e-4f47-9daf-ad3c1be2044c.webp 600w, https:\/\/livesport-ott-images.ssl.cdn.cra.cz\/r900xfq60\/1248dc60-9b2e-4f47-9daf-ad3c1be2044c.webp 900w, https:\/\/livesport-ott-images.ssl.cdn.cra.cz\/r1200xfq60\/1248dc60-9b2e-4f47-9daf-ad3c1be2044c.webp 1200w\" type=\"image\/webp\" sizes=\"(max-width: 1047px) 100vw, 614px\" \/><source srcset=\"https:\/\/livesport-ott-images.ssl.cdn.cra.cz\/r120xfq60\/1248dc60-9b2e-4f47-9daf-ad3c1be2044c.jpg 120w, https:\/\/livesport-ott-images.ssl.cdn.cra.cz\/r300xfq60\/1248dc60-9b2e-4f47-9daf-ad3c1be2044c.jpg 300w, https:\/\/livesport-ott-images.ssl.cdn.cra.cz\/r600xfq60\/1248dc60-9b2e-4f47-9daf-ad3c1be2044c.jpg 600w, https:\/\/livesport-ott-images.ssl.cdn.cra.cz\/r900xfq60\/1248dc60-9b2e-4f47-9daf-ad3c1be2044c.jpg 900w, https:\/\/livesport-ott-images.ssl.cdn.cra.cz\/r1200xfq60\/1248dc60-9b2e-4f47-9daf-ad3c1be2044c.jpg 1200w\" type=\"image\/jpeg\" sizes=\"(max-width: 1047px) 100vw, 614px\" \/><img decoding=\"async\" class=\"ui-media__image ui-media__image--loaded\" title=\"Novorizontino vibra com vaga na semi do Paulist\u00e3o\" src=\"https:\/\/livesport-ott-images.ssl.cdn.cra.cz\/r900xfq60\/1248dc60-9b2e-4f47-9daf-ad3c1be2044c.jpg\" alt=\"Novorizontino vibra com vaga na semi do Paulist\u00e3o\" \/><\/picture><figcaption class=\"ui-media__caption fsNewsArticle__provider\">\n<div class=\"fsNewsArticle__label\">Novorizontino vibra com vaga na semi do Paulist\u00e3o<\/div>\n<p>Rebeca Reis\/Ag. Paulist\u00e3o<\/figcaption><\/figure>\n<\/div>\n<\/div>\n<p>Com a queda no estadual,\u00a0<b>o S\u00e3o Paulo ficar\u00e1 mais de duas semanas sem jogo<\/b>. O time s\u00f3 volta a campo na estreia da Libertadores, entre 2 e 4 de abril. A Conmebol sortear\u00e1 os grupos do torneio nesta segunda-feira (18), \u00e0s 20h.<\/p>\n<h2>Tudo igual no 1\u00ba tempo<\/h2>\n<p>Em um in\u00edcio equilibrado, o Novorizontino abriu o placar aos 12 minutos.\u00a0<a href=\"https:\/\/www.flashscore.com.br\/jogador\/romulo\/z3YFzk9I\/\">R\u00f4mulo<\/a>\u00a0apareceu livre na \u00e1rea, recebeu cruzamento de Willean Lepo e cabeceou para dentro.\u00a0<b>O gol n\u00e3o abalou o S\u00e3o Paulo, que se encontrou em campo e logo chegou ao empate.<\/b>\u00a0Lucas Moura fez \u00f3tima jogada pela direita e serviu\u00a0<a href=\"https:\/\/www.flashscore.com.br\/jogador\/ferreirinha\/hQWDKcGS\/\">Ferreira<\/a>, que tocou com categoria na sa\u00edda de Jordi.<\/p>\n<div class=\"imageContainer\">\n<div class=\"imageContainer__element\">\n<figure class=\"ui-media ui-media--article ui-media--preview\"><picture class=\"ui-media__placeholder\"><source srcset=\"https:\/\/livesport-ott-images.ssl.cdn.cra.cz\/r120xfq60\/2d535c76-d0f1-441c-aec1-09e1dae46ab0.avif 120w, https:\/\/livesport-ott-images.ssl.cdn.cra.cz\/r300xfq60\/2d535c76-d0f1-441c-aec1-09e1dae46ab0.avif 300w, https:\/\/livesport-ott-images.ssl.cdn.cra.cz\/r600xfq60\/2d535c76-d0f1-441c-aec1-09e1dae46ab0.avif 600w, https:\/\/livesport-ott-images.ssl.cdn.cra.cz\/r900xfq60\/2d535c76-d0f1-441c-aec1-09e1dae46ab0.avif 900w, https:\/\/livesport-ott-images.ssl.cdn.cra.cz\/r1200xfq60\/2d535c76-d0f1-441c-aec1-09e1dae46ab0.avif 1200w\" type=\"image\/avif\" sizes=\"(max-width: 1047px) 100vw, 614px\" \/><source srcset=\"https:\/\/livesport-ott-images.ssl.cdn.cra.cz\/r120xfq60\/2d535c76-d0f1-441c-aec1-09e1dae46ab0.webp 120w, https:\/\/livesport-ott-images.ssl.cdn.cra.cz\/r300xfq60\/2d535c76-d0f1-441c-aec1-09e1dae46ab0.webp 300w, https:\/\/livesport-ott-images.ssl.cdn.cra.cz\/r600xfq60\/2d535c76-d0f1-441c-aec1-09e1dae46ab0.webp 600w, https:\/\/livesport-ott-images.ssl.cdn.cra.cz\/r900xfq60\/2d535c76-d0f1-441c-aec1-09e1dae46ab0.webp 900w, https:\/\/livesport-ott-images.ssl.cdn.cra.cz\/r1200xfq60\/2d535c76-d0f1-441c-aec1-09e1dae46ab0.webp 1200w\" type=\"image\/webp\" sizes=\"(max-width: 1047px) 100vw, 614px\" \/><source srcset=\"https:\/\/livesport-ott-images.ssl.cdn.cra.cz\/r120xfq60\/2d535c76-d0f1-441c-aec1-09e1dae46ab0.jpg 120w, https:\/\/livesport-ott-images.ssl.cdn.cra.cz\/r300xfq60\/2d535c76-d0f1-441c-aec1-09e1dae46ab0.jpg 300w, https:\/\/livesport-ott-images.ssl.cdn.cra.cz\/r600xfq60\/2d535c76-d0f1-441c-aec1-09e1dae46ab0.jpg 600w, https:\/\/livesport-ott-images.ssl.cdn.cra.cz\/r900xfq60\/2d535c76-d0f1-441c-aec1-09e1dae46ab0.jpg 900w, https:\/\/livesport-ott-images.ssl.cdn.cra.cz\/r1200xfq60\/2d535c76-d0f1-441c-aec1-09e1dae46ab0.jpg 1200w\" type=\"image\/jpeg\" sizes=\"(max-width: 1047px) 100vw, 614px\" \/><img decoding=\"async\" class=\"ui-media__image ui-media__image--loaded\" title=\"Ferreira fez o gol do S\u00e3o Paulo no tempo normal\" src=\"https:\/\/livesport-ott-images.ssl.cdn.cra.cz\/r900xfq60\/2d535c76-d0f1-441c-aec1-09e1dae46ab0.jpg\" alt=\"Ferreira fez o gol do S\u00e3o Paulo no tempo normal\" \/><\/picture><figcaption class=\"ui-media__caption fsNewsArticle__provider\">\n<div class=\"fsNewsArticle__label\">Ferreira fez o gol do S\u00e3o Paulo no tempo normal<\/div>\n<p>Mauro Horita\/Ag. Paulist\u00e3o<\/figcaption><\/figure>\n<\/div>\n<\/div>\n<p>O atacante tricolor se lesionou na hora da finaliza\u00e7\u00e3o e precisou deixar o campo para a entrada de Erick. O S\u00e3o Paulo assumiu de vez o controle da partida, mas\u00a0<b>sofreu para traduzir o dom\u00ednio da posse em chances claras<\/b>.<\/p>\n<div class=\"imageContainer\">\n<div class=\"imageContainer__element\">\n<figure class=\"ui-media ui-media--article ui-media--preview\"><picture class=\"ui-media__placeholder\"><source srcset=\"https:\/\/livesport-ott-images.ssl.cdn.cra.cz\/r120xfq60\/804ff0d5-5665-4fff-aaa6-d51326ce99c8.avif 120w, https:\/\/livesport-ott-images.ssl.cdn.cra.cz\/r300xfq60\/804ff0d5-5665-4fff-aaa6-d51326ce99c8.avif 300w, https:\/\/livesport-ott-images.ssl.cdn.cra.cz\/r600xfq60\/804ff0d5-5665-4fff-aaa6-d51326ce99c8.avif 600w, https:\/\/livesport-ott-images.ssl.cdn.cra.cz\/r900xfq60\/804ff0d5-5665-4fff-aaa6-d51326ce99c8.avif 900w, https:\/\/livesport-ott-images.ssl.cdn.cra.cz\/r1200xfq60\/804ff0d5-5665-4fff-aaa6-d51326ce99c8.avif 1200w\" type=\"image\/avif\" sizes=\"(max-width: 1047px) 100vw, 614px\" \/><source srcset=\"https:\/\/livesport-ott-images.ssl.cdn.cra.cz\/r120xfq60\/804ff0d5-5665-4fff-aaa6-d51326ce99c8.webp 120w, https:\/\/livesport-ott-images.ssl.cdn.cra.cz\/r300xfq60\/804ff0d5-5665-4fff-aaa6-d51326ce99c8.webp 300w, https:\/\/livesport-ott-images.ssl.cdn.cra.cz\/r600xfq60\/804ff0d5-5665-4fff-aaa6-d51326ce99c8.webp 600w, https:\/\/livesport-ott-images.ssl.cdn.cra.cz\/r900xfq60\/804ff0d5-5665-4fff-aaa6-d51326ce99c8.webp 900w, https:\/\/livesport-ott-images.ssl.cdn.cra.cz\/r1200xfq60\/804ff0d5-5665-4fff-aaa6-d51326ce99c8.webp 1200w\" type=\"image\/webp\" sizes=\"(max-width: 1047px) 100vw, 614px\" \/><source srcset=\"https:\/\/livesport-ott-images.ssl.cdn.cra.cz\/r120xfq60\/804ff0d5-5665-4fff-aaa6-d51326ce99c8.jpg 120w, https:\/\/livesport-ott-images.ssl.cdn.cra.cz\/r300xfq60\/804ff0d5-5665-4fff-aaa6-d51326ce99c8.jpg 300w, https:\/\/livesport-ott-images.ssl.cdn.cra.cz\/r600xfq60\/804ff0d5-5665-4fff-aaa6-d51326ce99c8.jpg 600w, https:\/\/livesport-ott-images.ssl.cdn.cra.cz\/r900xfq60\/804ff0d5-5665-4fff-aaa6-d51326ce99c8.jpg 900w, https:\/\/livesport-ott-images.ssl.cdn.cra.cz\/r1200xfq60\/804ff0d5-5665-4fff-aaa6-d51326ce99c8.jpg 1200w\" type=\"image\/jpeg\" sizes=\"(max-width: 1047px) 100vw, 614px\" \/><img decoding=\"async\" class=\"ui-media__image ui-media__image--loaded\" title=\"R\u00f4mulo abriu o placar para o Novorizontino no come\u00e7o\" src=\"https:\/\/livesport-ott-images.ssl.cdn.cra.cz\/r900xfq60\/804ff0d5-5665-4fff-aaa6-d51326ce99c8.jpg\" alt=\"R\u00f4mulo abriu o placar para o Novorizontino no come\u00e7o\" \/><\/picture><figcaption class=\"ui-media__caption fsNewsArticle__provider\">\n<div class=\"fsNewsArticle__label\">R\u00f4mulo abriu o placar para o Novorizontino no come\u00e7o<\/div>\n<p>Mauro Horita\/Ag. Paulist\u00e3o<\/figcaption><\/figure>\n<\/div>\n<\/div>\n<h2>Nervosismo na etapa final<\/h2>\n<p><b>A tens\u00e3o tomou conta do MorumBIS no segundo tempo.<\/b>\u00a0O S\u00e3o Paulo seguiu com muitas dificuldades para converter o controle da posse de bola (71%) em lances de perigo, com\u00a0<b>apenas uma finaliza\u00e7\u00e3o no alvo<\/b>. O Novorizontino assustou nas chegadas ao ataque, mas sem dar grande trabalho a Rafael. O Tigre resistiu ao abafa do Tricolor na reta final.<\/p>\n<div class=\"imageContainer\">\n<div class=\"imageContainer__element\">\n<figure class=\"ui-media ui-media--article ui-media--preview\"><picture class=\"ui-media__placeholder\"><source srcset=\"https:\/\/livesport-ott-images.ssl.cdn.cra.cz\/r120xfq60\/4de6a59a-8cce-49ef-a576-21e892681560.avif 120w, https:\/\/livesport-ott-images.ssl.cdn.cra.cz\/r300xfq60\/4de6a59a-8cce-49ef-a576-21e892681560.avif 300w, https:\/\/livesport-ott-images.ssl.cdn.cra.cz\/r600xfq60\/4de6a59a-8cce-49ef-a576-21e892681560.avif 600w, https:\/\/livesport-ott-images.ssl.cdn.cra.cz\/r900xfq60\/4de6a59a-8cce-49ef-a576-21e892681560.avif 900w, https:\/\/livesport-ott-images.ssl.cdn.cra.cz\/r1200xfq60\/4de6a59a-8cce-49ef-a576-21e892681560.avif 1200w\" type=\"image\/avif\" sizes=\"(max-width: 1047px) 100vw, 614px\" \/><source srcset=\"https:\/\/livesport-ott-images.ssl.cdn.cra.cz\/r120xfq60\/4de6a59a-8cce-49ef-a576-21e892681560.webp 120w, https:\/\/livesport-ott-images.ssl.cdn.cra.cz\/r300xfq60\/4de6a59a-8cce-49ef-a576-21e892681560.webp 300w, https:\/\/livesport-ott-images.ssl.cdn.cra.cz\/r600xfq60\/4de6a59a-8cce-49ef-a576-21e892681560.webp 600w, https:\/\/livesport-ott-images.ssl.cdn.cra.cz\/r900xfq60\/4de6a59a-8cce-49ef-a576-21e892681560.webp 900w, https:\/\/livesport-ott-images.ssl.cdn.cra.cz\/r1200xfq60\/4de6a59a-8cce-49ef-a576-21e892681560.webp 1200w\" type=\"image\/webp\" sizes=\"(max-width: 1047px) 100vw, 614px\" \/><source srcset=\"https:\/\/livesport-ott-images.ssl.cdn.cra.cz\/r120xfq60\/4de6a59a-8cce-49ef-a576-21e892681560.jpg 120w, https:\/\/livesport-ott-images.ssl.cdn.cra.cz\/r300xfq60\/4de6a59a-8cce-49ef-a576-21e892681560.jpg 300w, https:\/\/livesport-ott-images.ssl.cdn.cra.cz\/r600xfq60\/4de6a59a-8cce-49ef-a576-21e892681560.jpg 600w, https:\/\/livesport-ott-images.ssl.cdn.cra.cz\/r900xfq60\/4de6a59a-8cce-49ef-a576-21e892681560.jpg 900w, https:\/\/livesport-ott-images.ssl.cdn.cra.cz\/r1200xfq60\/4de6a59a-8cce-49ef-a576-21e892681560.jpg 1200w\" type=\"image\/jpeg\" sizes=\"(max-width: 1047px) 100vw, 614px\" \/><img decoding=\"async\" class=\"ui-media__image ui-media__image--loaded\" title=\"Segundo tempo no MorumBIS teve poucas chances\" src=\"https:\/\/livesport-ott-images.ssl.cdn.cra.cz\/r900xfq60\/4de6a59a-8cce-49ef-a576-21e892681560.jpg\" alt=\"Segundo tempo no MorumBIS teve poucas chances\" \/><\/picture><figcaption class=\"ui-media__caption fsNewsArticle__provider\">\n<div class=\"fsNewsArticle__label\">Segundo tempo no MorumBIS teve poucas chances<\/div>\n<p>Divulga\u00e7\u00e3o\/S\u00e3o Paulo FC<\/figcaption><\/figure>\n<\/div>\n<\/div>\n<p><b><a href=\"https:\/\/www.flashscore.com.br\/jogo\/Uq0rtZG9\/#\/resumo-de-jogo\/\">Veja todos os detalhes de S\u00e3o Paulo x Novorizontino<\/a><\/b><\/p>\n<\/div>\n<div class=\"fsNewsArticle__mentions\">\n<div class=\"fsNewsArticle__mentionTitle\">FLASHSCORES<\/div>\n<\/div>\n","protected":false},"excerpt":{"rendered":"<p>O\u00a0Novorizontino\u00a0aguarda a defini\u00e7\u00e3o do \u00faltimo duelo das quartas,\u00a0entre Santos e Portuguesa, para conhecer o advers\u00e1rio na semi. O certo \u00e9 que a equipe de Eduardo Baptista\u00a0ser\u00e1 visitante. Caso o Peixe avance, o Tigre\u00a0encara o Palmeiras; se der Lusa, o confronto \u00e9\u00a0com o Red Bull Bragantino. Confira a tabela completa do Paulist\u00e3o O futebol paulista, agora,\u00a0pausa &hellip;<\/p>\n","protected":false},"author":2,"featured_media":71934,"comment_status":"open","ping_status":"open","sticky":false,"template":"","format":"standard","meta":{"content-type":"","rop_custom_images_group":[],"rop_custom_messages_group":[],"rop_publish_now":"initial","rop_publish_now_accounts":{"facebook_2648258775420054_1618374048415101":""},"rop_publish_now_history":[],"rop_publish_now_status":"pending","footnotes":"","_jetpack_memberships_contains_paid_content":false},"categories":[108],"tags":[2850,1204,836,1227,15590,852,4974,8040,8473,161,1196],"yoast_head":"<!-- This site is optimized with the Yoast SEO plugin v22.3 - https:\/\/yoast.com\/wordpress\/plugins\/seo\/ -->\n<title>S\u00e3o Paulo perde nos p\u00eanaltis para Novorizontino e d\u00e1 adeus ao Paulist\u00e3o - Portal NPM<\/title>\n<meta name=\"robots\" content=\"index, follow, max-snippet:-1, max-image-preview:large, max-video-preview:-1\" \/>\n<link rel=\"canonical\" href=\"https:\/\/portalnpm.com\/index.php\/2024\/03\/18\/sao-paulo-perde-nos-penaltis-para-novorizontino-e-da-adeus-ao-paulistao\/\" \/>\n<meta property=\"og:locale\" content=\"pt_BR\" \/>\n<meta property=\"og:type\" content=\"article\" \/>\n<meta property=\"og:title\" content=\"S\u00e3o Paulo perde nos p\u00eanaltis para Novorizontino e d\u00e1 adeus ao Paulist\u00e3o - Portal NPM\" \/>\n<meta property=\"og:description\" content=\"O\u00a0Novorizontino\u00a0aguarda a defini\u00e7\u00e3o do \u00faltimo duelo das quartas,\u00a0entre Santos e Portuguesa, para conhecer o advers\u00e1rio na semi. O certo \u00e9 que a equipe de Eduardo Baptista\u00a0ser\u00e1 visitante. Caso o Peixe avance, o Tigre\u00a0encara o Palmeiras; se der Lusa, o confronto \u00e9\u00a0com o Red Bull Bragantino. Confira a tabela completa do Paulist\u00e3o O futebol paulista, agora,\u00a0pausa &hellip;\" \/>\n<meta property=\"og:url\" content=\"https:\/\/portalnpm.com\/index.php\/2024\/03\/18\/sao-paulo-perde-nos-penaltis-para-novorizontino-e-da-adeus-ao-paulistao\/\" \/>\n<meta property=\"og:site_name\" content=\"Portal NPM\" \/>\n<meta property=\"article:published_time\" content=\"2024-03-18T10:23:33+00:00\" \/>\n<meta property=\"og:image\" content=\"https:\/\/portalnpm.com\/wp-content\/uploads\/2024\/03\/IMG-20240317-WA4329.jpg\" \/>\n\t<meta property=\"og:image:width\" content=\"1200\" \/>\n\t<meta property=\"og:image:height\" content=\"800\" \/>\n\t<meta property=\"og:image:type\" content=\"image\/jpeg\" \/>\n<meta name=\"author\" content=\"Genival Barbosa\" \/>\n<meta name=\"twitter:card\" content=\"summary_large_image\" \/>\n<meta name=\"twitter:label1\" content=\"Escrito por\" \/>\n\t<meta name=\"twitter:data1\" content=\"Genival Barbosa\" \/>\n\t<meta name=\"twitter:label2\" content=\"Est. tempo de leitura\" \/>\n\t<meta name=\"twitter:data2\" content=\"4 minutos\" \/>\n<script type=\"application\/ld+json\" class=\"yoast-schema-graph\">{\"@context\":\"https:\/\/schema.org\",\"@graph\":[{\"@type\":\"WebPage\",\"@id\":\"https:\/\/portalnpm.com\/index.php\/2024\/03\/18\/sao-paulo-perde-nos-penaltis-para-novorizontino-e-da-adeus-ao-paulistao\/\",\"url\":\"https:\/\/portalnpm.com\/index.php\/2024\/03\/18\/sao-paulo-perde-nos-penaltis-para-novorizontino-e-da-adeus-ao-paulistao\/\",\"name\":\"S\u00e3o Paulo perde nos p\u00eanaltis para Novorizontino e d\u00e1 adeus ao Paulist\u00e3o - Portal NPM\",\"isPartOf\":{\"@id\":\"https:\/\/portalnpm.com\/#website\"},\"primaryImageOfPage\":{\"@id\":\"https:\/\/portalnpm.com\/index.php\/2024\/03\/18\/sao-paulo-perde-nos-penaltis-para-novorizontino-e-da-adeus-ao-paulistao\/#primaryimage\"},\"image\":{\"@id\":\"https:\/\/portalnpm.com\/index.php\/2024\/03\/18\/sao-paulo-perde-nos-penaltis-para-novorizontino-e-da-adeus-ao-paulistao\/#primaryimage\"},\"thumbnailUrl\":\"https:\/\/portalnpm.com\/wp-content\/uploads\/2024\/03\/IMG-20240317-WA4329.jpg\",\"datePublished\":\"2024-03-18T10:23:33+00:00\",\"dateModified\":\"2024-03-18T10:23:33+00:00\",\"author\":{\"@id\":\"https:\/\/portalnpm.com\/#\/schema\/person\/49313e563cfdefcc167f1ee4c017c294\"},\"breadcrumb\":{\"@id\":\"https:\/\/portalnpm.com\/index.php\/2024\/03\/18\/sao-paulo-perde-nos-penaltis-para-novorizontino-e-da-adeus-ao-paulistao\/#breadcrumb\"},\"inLanguage\":\"pt-BR\",\"potentialAction\":[{\"@type\":\"ReadAction\",\"target\":[\"https:\/\/portalnpm.com\/index.php\/2024\/03\/18\/sao-paulo-perde-nos-penaltis-para-novorizontino-e-da-adeus-ao-paulistao\/\"]}]},{\"@type\":\"ImageObject\",\"inLanguage\":\"pt-BR\",\"@id\":\"https:\/\/portalnpm.com\/index.php\/2024\/03\/18\/sao-paulo-perde-nos-penaltis-para-novorizontino-e-da-adeus-ao-paulistao\/#primaryimage\",\"url\":\"https:\/\/portalnpm.com\/wp-content\/uploads\/2024\/03\/IMG-20240317-WA4329.jpg\",\"contentUrl\":\"https:\/\/portalnpm.com\/wp-content\/uploads\/2024\/03\/IMG-20240317-WA4329.jpg\",\"width\":1200,\"height\":800},{\"@type\":\"BreadcrumbList\",\"@id\":\"https:\/\/portalnpm.com\/index.php\/2024\/03\/18\/sao-paulo-perde-nos-penaltis-para-novorizontino-e-da-adeus-ao-paulistao\/#breadcrumb\",\"itemListElement\":[{\"@type\":\"ListItem\",\"position\":1,\"name\":\"In\u00edcio\",\"item\":\"https:\/\/portalnpm.com\/\"},{\"@type\":\"ListItem\",\"position\":2,\"name\":\"S\u00e3o Paulo perde nos p\u00eanaltis para Novorizontino e d\u00e1 adeus ao Paulist\u00e3o\"}]},{\"@type\":\"WebSite\",\"@id\":\"https:\/\/portalnpm.com\/#website\",\"url\":\"https:\/\/portalnpm.com\/\",\"name\":\"Portal NPM\",\"description\":\"Not\u00edcias em Primeira M\u00e3o\",\"potentialAction\":[{\"@type\":\"SearchAction\",\"target\":{\"@type\":\"EntryPoint\",\"urlTemplate\":\"https:\/\/portalnpm.com\/?s={search_term_string}\"},\"query-input\":\"required name=search_term_string\"}],\"inLanguage\":\"pt-BR\"},{\"@type\":\"Person\",\"@id\":\"https:\/\/portalnpm.com\/#\/schema\/person\/49313e563cfdefcc167f1ee4c017c294\",\"name\":\"Genival Barbosa\",\"image\":{\"@type\":\"ImageObject\",\"inLanguage\":\"pt-BR\",\"@id\":\"https:\/\/portalnpm.com\/#\/schema\/person\/image\/\",\"url\":\"https:\/\/portalnpm.com\/wp-content\/uploads\/2024\/02\/avatar_user_2_1707743258-96x96.jpeg\",\"contentUrl\":\"https:\/\/portalnpm.com\/wp-content\/uploads\/2024\/02\/avatar_user_2_1707743258-96x96.jpeg\",\"caption\":\"Genival Barbosa\"},\"url\":\"https:\/\/portalnpm.com\/index.php\/author\/genival\/\"}]}<\/script>\n<!-- \/ Yoast SEO plugin. -->","yoast_head_json":{"title":"S\u00e3o Paulo perde nos p\u00eanaltis para Novorizontino e d\u00e1 adeus ao Paulist\u00e3o - Portal NPM","robots":{"index":"index","follow":"follow","max-snippet":"max-snippet:-1","max-image-preview":"max-image-preview:large","max-video-preview":"max-video-preview:-1"},"canonical":"https:\/\/portalnpm.com\/index.php\/2024\/03\/18\/sao-paulo-perde-nos-penaltis-para-novorizontino-e-da-adeus-ao-paulistao\/","og_locale":"pt_BR","og_type":"article","og_title":"S\u00e3o Paulo perde nos p\u00eanaltis para Novorizontino e d\u00e1 adeus ao Paulist\u00e3o - Portal NPM","og_description":"O\u00a0Novorizontino\u00a0aguarda a defini\u00e7\u00e3o do \u00faltimo duelo das quartas,\u00a0entre Santos e Portuguesa, para conhecer o advers\u00e1rio na semi. O certo \u00e9 que a equipe de Eduardo Baptista\u00a0ser\u00e1 visitante. Caso o Peixe avance, o Tigre\u00a0encara o Palmeiras; se der Lusa, o confronto \u00e9\u00a0com o Red Bull Bragantino. Confira a tabela completa do Paulist\u00e3o O futebol paulista, agora,\u00a0pausa &hellip;","og_url":"https:\/\/portalnpm.com\/index.php\/2024\/03\/18\/sao-paulo-perde-nos-penaltis-para-novorizontino-e-da-adeus-ao-paulistao\/","og_site_name":"Portal NPM","article_published_time":"2024-03-18T10:23:33+00:00","og_image":[{"width":1200,"height":800,"url":"https:\/\/portalnpm.com\/wp-content\/uploads\/2024\/03\/IMG-20240317-WA4329.jpg","type":"image\/jpeg"}],"author":"Genival Barbosa","twitter_card":"summary_large_image","twitter_misc":{"Escrito por":"Genival Barbosa","Est. tempo de leitura":"4 minutos"},"schema":{"@context":"https:\/\/schema.org","@graph":[{"@type":"WebPage","@id":"https:\/\/portalnpm.com\/index.php\/2024\/03\/18\/sao-paulo-perde-nos-penaltis-para-novorizontino-e-da-adeus-ao-paulistao\/","url":"https:\/\/portalnpm.com\/index.php\/2024\/03\/18\/sao-paulo-perde-nos-penaltis-para-novorizontino-e-da-adeus-ao-paulistao\/","name":"S\u00e3o Paulo perde nos p\u00eanaltis para Novorizontino e d\u00e1 adeus ao Paulist\u00e3o - Portal NPM","isPartOf":{"@id":"https:\/\/portalnpm.com\/#website"},"primaryImageOfPage":{"@id":"https:\/\/portalnpm.com\/index.php\/2024\/03\/18\/sao-paulo-perde-nos-penaltis-para-novorizontino-e-da-adeus-ao-paulistao\/#primaryimage"},"image":{"@id":"https:\/\/portalnpm.com\/index.php\/2024\/03\/18\/sao-paulo-perde-nos-penaltis-para-novorizontino-e-da-adeus-ao-paulistao\/#primaryimage"},"thumbnailUrl":"https:\/\/portalnpm.com\/wp-content\/uploads\/2024\/03\/IMG-20240317-WA4329.jpg","datePublished":"2024-03-18T10:23:33+00:00","dateModified":"2024-03-18T10:23:33+00:00","author":{"@id":"https:\/\/portalnpm.com\/#\/schema\/person\/49313e563cfdefcc167f1ee4c017c294"},"breadcrumb":{"@id":"https:\/\/portalnpm.com\/index.php\/2024\/03\/18\/sao-paulo-perde-nos-penaltis-para-novorizontino-e-da-adeus-ao-paulistao\/#breadcrumb"},"inLanguage":"pt-BR","potentialAction":[{"@type":"ReadAction","target":["https:\/\/portalnpm.com\/index.php\/2024\/03\/18\/sao-paulo-perde-nos-penaltis-para-novorizontino-e-da-adeus-ao-paulistao\/"]}]},{"@type":"ImageObject","inLanguage":"pt-BR","@id":"https:\/\/portalnpm.com\/index.php\/2024\/03\/18\/sao-paulo-perde-nos-penaltis-para-novorizontino-e-da-adeus-ao-paulistao\/#primaryimage","url":"https:\/\/portalnpm.com\/wp-content\/uploads\/2024\/03\/IMG-20240317-WA4329.jpg","contentUrl":"https:\/\/portalnpm.com\/wp-content\/uploads\/2024\/03\/IMG-20240317-WA4329.jpg","width":1200,"height":800},{"@type":"BreadcrumbList","@id":"https:\/\/portalnpm.com\/index.php\/2024\/03\/18\/sao-paulo-perde-nos-penaltis-para-novorizontino-e-da-adeus-ao-paulistao\/#breadcrumb","itemListElement":[{"@type":"ListItem","position":1,"name":"In\u00edcio","item":"https:\/\/portalnpm.com\/"},{"@type":"ListItem","position":2,"name":"S\u00e3o Paulo perde nos p\u00eanaltis para Novorizontino e d\u00e1 adeus ao Paulist\u00e3o"}]},{"@type":"WebSite","@id":"https:\/\/portalnpm.com\/#website","url":"https:\/\/portalnpm.com\/","name":"Portal NPM","description":"Not\u00edcias em Primeira M\u00e3o","potentialAction":[{"@type":"SearchAction","target":{"@type":"EntryPoint","urlTemplate":"https:\/\/portalnpm.com\/?s={search_term_string}"},"query-input":"required name=search_term_string"}],"inLanguage":"pt-BR"},{"@type":"Person","@id":"https:\/\/portalnpm.com\/#\/schema\/person\/49313e563cfdefcc167f1ee4c017c294","name":"Genival Barbosa","image":{"@type":"ImageObject","inLanguage":"pt-BR","@id":"https:\/\/portalnpm.com\/#\/schema\/person\/image\/","url":"https:\/\/portalnpm.com\/wp-content\/uploads\/2024\/02\/avatar_user_2_1707743258-96x96.jpeg","contentUrl":"https:\/\/portalnpm.com\/wp-content\/uploads\/2024\/02\/avatar_user_2_1707743258-96x96.jpeg","caption":"Genival Barbosa"},"url":"https:\/\/portalnpm.com\/index.php\/author\/genival\/"}]}},"jetpack_sharing_enabled":true,"jetpack_featured_media_url":"https:\/\/portalnpm.com\/wp-content\/uploads\/2024\/03\/IMG-20240317-WA4329.jpg","_links":{"self":[{"href":"https:\/\/portalnpm.com\/index.php\/wp-json\/wp\/v2\/posts\/71933"}],"collection":[{"href":"https:\/\/portalnpm.com\/index.php\/wp-json\/wp\/v2\/posts"}],"about":[{"href":"https:\/\/portalnpm.com\/index.php\/wp-json\/wp\/v2\/types\/post"}],"author":[{"embeddable":true,"href":"https:\/\/portalnpm.com\/index.php\/wp-json\/wp\/v2\/users\/2"}],"replies":[{"embeddable":true,"href":"https:\/\/portalnpm.com\/index.php\/wp-json\/wp\/v2\/comments?post=71933"}],"version-history":[{"count":1,"href":"https:\/\/portalnpm.com\/index.php\/wp-json\/wp\/v2\/posts\/71933\/revisions"}],"predecessor-version":[{"id":71935,"href":"https:\/\/portalnpm.com\/index.php\/wp-json\/wp\/v2\/posts\/71933\/revisions\/71935"}],"wp:featuredmedia":[{"embeddable":true,"href":"https:\/\/portalnpm.com\/index.php\/wp-json\/wp\/v2\/media\/71934"}],"wp:attachment":[{"href":"https:\/\/portalnpm.com\/index.php\/wp-json\/wp\/v2\/media?parent=71933"}],"wp:term":[{"taxonomy":"category","embeddable":true,"href":"https:\/\/portalnpm.com\/index.php\/wp-json\/wp\/v2\/categories?post=71933"},{"taxonomy":"post_tag","embeddable":true,"href":"https:\/\/portalnpm.com\/index.php\/wp-json\/wp\/v2\/tags?post=71933"}],"curies":[{"name":"wp","href":"https:\/\/api.w.org\/{rel}","templated":true}]}}