{"id":71939,"date":"2024-03-18T07:28:12","date_gmt":"2024-03-18T10:28:12","guid":{"rendered":"https:\/\/portalnpm.com\/?p=71939"},"modified":"2024-03-18T07:28:12","modified_gmt":"2024-03-18T10:28:12","slug":"atletico-mg-perde-para-america-mg-mas-avanca-e-pegara-cruzeiro-na-final-do-mineiro","status":"publish","type":"post","link":"https:\/\/portalnpm.com\/index.php\/2024\/03\/18\/atletico-mg-perde-para-america-mg-mas-avanca-e-pegara-cruzeiro-na-final-do-mineiro\/","title":{"rendered":"Atl\u00e9tico-MG perde para Am\u00e9rica-MG, mas avan\u00e7a e pegar\u00e1 Cruzeiro na final do Mineiro"},"content":{"rendered":"<div class=\"fsNewsArticle__content\">\n<p>Atual tetracampe\u00e3o estadual, o\u00a0<a href=\"https:\/\/www.flashscore.com.br\/equipe\/atletico-mg\/hGLC5Bah\/\">Atl\u00e9tico-MG<\/a>\u00a0chegou \u00e0 impressionante marca de\u00a0<b>18 finais seguidas de Campeonato Mineiro<\/b>. A \u00faltima vez que o Galo n\u00e3o esteve na decis\u00e3o estadual foi em 2006. Essa \u00e9 a maior marca entre todos os torneios do futebol brasileiro.<\/p>\n<div class=\"adsenvelopeCont\"><\/div>\n<p><b><a href=\"https:\/\/www.flashscore.com.br\/futebol\/brasil\/mineiro\/calendario\/\">Veja a tabela completa do Campeonato Mineiro<\/a><\/b><\/p>\n<p><b>As finais do Mineiro est\u00e3o marcadas para os dias 30 de mar\u00e7o e 6 de abril, ambas \u00e0s 16h30<\/b>. O primeiro jogo ser\u00e1 na Arena MRV e o segundo, no Mineir\u00e3o. O\u00a0<a href=\"https:\/\/www.flashscore.com.br\/equipe\/cruzeiro\/0SwtclaU\/\">Cruzeiro<\/a>\u00a0ter\u00e1 vantagem do empate no placar agregado para recuperar o t\u00edtulo estadual.<\/p>\n<div class=\"ui-media__embed ui-media__embed--youtube\">\n<div class=\"ui-media__placeholder ui-media__placeholder--youtube ska__di\"><iframe title=\"YouTube video player\" src=\"https:\/\/www.youtube.com\/embed\/xSoOryihmp0\" width=\"100%\" height=\"100%\" frameborder=\"0\" data-mce-fragment=\"1\"><\/iframe><\/div>\n<\/div>\n<p>O\u00a0<a href=\"https:\/\/www.flashscore.com.br\/equipe\/america-mg\/xUT0Bp8o\/\">Am\u00e9rica-MG<\/a>\u00a0caiu mais uma vez para o Atl\u00e9tico-MG.\u00a0<b>Em seis dos \u00faltimos sete confrontos de mata-mata no estadual contra o rival, foi eliminado.<\/b>\u00a0O Coelho passa a se preparar para a disputa da S\u00e9rie B, que come\u00e7a em 20 de abril.<\/p>\n<div class=\"imageContainer\">\n<div class=\"imageContainer__element\">\n<figure class=\"ui-media ui-media--article ui-media--preview\"><picture class=\"ui-media__placeholder\"><source srcset=\"https:\/\/livesport-ott-images.ssl.cdn.cra.cz\/r120xfq60\/1281e6d9-677e-4bcc-b5e8-48bf2927112a.avif 120w, https:\/\/livesport-ott-images.ssl.cdn.cra.cz\/r300xfq60\/1281e6d9-677e-4bcc-b5e8-48bf2927112a.avif 300w, https:\/\/livesport-ott-images.ssl.cdn.cra.cz\/r600xfq60\/1281e6d9-677e-4bcc-b5e8-48bf2927112a.avif 600w, https:\/\/livesport-ott-images.ssl.cdn.cra.cz\/r900xfq60\/1281e6d9-677e-4bcc-b5e8-48bf2927112a.avif 900w, https:\/\/livesport-ott-images.ssl.cdn.cra.cz\/r1200xfq60\/1281e6d9-677e-4bcc-b5e8-48bf2927112a.avif 1200w\" type=\"image\/avif\" sizes=\"(max-width: 1047px) 100vw, 614px\" \/><source srcset=\"https:\/\/livesport-ott-images.ssl.cdn.cra.cz\/r120xfq60\/1281e6d9-677e-4bcc-b5e8-48bf2927112a.webp 120w, https:\/\/livesport-ott-images.ssl.cdn.cra.cz\/r300xfq60\/1281e6d9-677e-4bcc-b5e8-48bf2927112a.webp 300w, https:\/\/livesport-ott-images.ssl.cdn.cra.cz\/r600xfq60\/1281e6d9-677e-4bcc-b5e8-48bf2927112a.webp 600w, https:\/\/livesport-ott-images.ssl.cdn.cra.cz\/r900xfq60\/1281e6d9-677e-4bcc-b5e8-48bf2927112a.webp 900w, https:\/\/livesport-ott-images.ssl.cdn.cra.cz\/r1200xfq60\/1281e6d9-677e-4bcc-b5e8-48bf2927112a.webp 1200w\" type=\"image\/webp\" sizes=\"(max-width: 1047px) 100vw, 614px\" \/><source srcset=\"https:\/\/livesport-ott-images.ssl.cdn.cra.cz\/r120xfq60\/1281e6d9-677e-4bcc-b5e8-48bf2927112a.jpg 120w, https:\/\/livesport-ott-images.ssl.cdn.cra.cz\/r300xfq60\/1281e6d9-677e-4bcc-b5e8-48bf2927112a.jpg 300w, https:\/\/livesport-ott-images.ssl.cdn.cra.cz\/r600xfq60\/1281e6d9-677e-4bcc-b5e8-48bf2927112a.jpg 600w, https:\/\/livesport-ott-images.ssl.cdn.cra.cz\/r900xfq60\/1281e6d9-677e-4bcc-b5e8-48bf2927112a.jpg 900w, https:\/\/livesport-ott-images.ssl.cdn.cra.cz\/r1200xfq60\/1281e6d9-677e-4bcc-b5e8-48bf2927112a.jpg 1200w\" type=\"image\/jpeg\" sizes=\"(max-width: 1047px) 100vw, 614px\" \/><img decoding=\"async\" class=\"ui-media__image ui-media__image--loaded\" title=\"As estat\u00edsticas de Am\u00e9rica-MG 2x1 Atl\u00e9tico-MG\" src=\"https:\/\/livesport-ott-images.ssl.cdn.cra.cz\/r900xfq60\/1281e6d9-677e-4bcc-b5e8-48bf2927112a.jpg\" alt=\"As estat\u00edsticas de Am\u00e9rica-MG 2x1 Atl\u00e9tico-MG\" \/><\/picture><figcaption class=\"ui-media__caption fsNewsArticle__provider\">\n<div class=\"fsNewsArticle__label\">As estat\u00edsticas de Am\u00e9rica-MG 2&#215;1 Atl\u00e9tico-MG<\/div>\n<p>Flashscore<\/figcaption><\/figure>\n<\/div>\n<\/div>\n<h2>Coelho come\u00e7a muito bem<\/h2>\n<p>Precisando se recuperar da derrota na Arena MRV,\u00a0<b>o Am\u00e9rica armou um esquema muito desconfort\u00e1vel ao Atl\u00e9tico nos primeiros minutos de jogo<\/b>. Com marca\u00e7\u00e3o press\u00e3o, o Coelho retomava a bola perto do gol advers\u00e1rio e chegava na cara de\u00a0<a href=\"https:\/\/www.flashscore.com.br\/jogador\/everson\/EF7GKauI\/\">\u00c9verson<\/a>\u00a0com frequ\u00eancia. O primeiro gol saiu antes dos 10,\u00a0<b>em lance que\u00a0<a href=\"https:\/\/www.flashscore.com.br\/jogador\/brenner-marlos\/MLlCqOlB\/\">Brenner<\/a>\u00a0foi oportunista para vencer\u00a0<a href=\"https:\/\/www.flashscore.com.br\/jogador\/bruno-fuchs\/zFmeR5Xp\/\">Bruno Fuchs<\/a>\u00a0e estufar a rede<\/b>.<\/p>\n<div class=\"imageContainer\">\n<div class=\"imageContainer__element\">\n<figure class=\"ui-media ui-media--article ui-media--preview\"><picture class=\"ui-media__placeholder\"><source srcset=\"https:\/\/livesport-ott-images.ssl.cdn.cra.cz\/r120xfq60\/e3717dc4-103a-4a91-b242-85ba44c1fd3a.avif 120w, https:\/\/livesport-ott-images.ssl.cdn.cra.cz\/r300xfq60\/e3717dc4-103a-4a91-b242-85ba44c1fd3a.avif 300w, https:\/\/livesport-ott-images.ssl.cdn.cra.cz\/r600xfq60\/e3717dc4-103a-4a91-b242-85ba44c1fd3a.avif 600w, https:\/\/livesport-ott-images.ssl.cdn.cra.cz\/r900xfq60\/e3717dc4-103a-4a91-b242-85ba44c1fd3a.avif 900w, https:\/\/livesport-ott-images.ssl.cdn.cra.cz\/r1200xfq60\/e3717dc4-103a-4a91-b242-85ba44c1fd3a.avif 1200w\" type=\"image\/avif\" sizes=\"(max-width: 1047px) 100vw, 614px\" \/><source srcset=\"https:\/\/livesport-ott-images.ssl.cdn.cra.cz\/r120xfq60\/e3717dc4-103a-4a91-b242-85ba44c1fd3a.webp 120w, https:\/\/livesport-ott-images.ssl.cdn.cra.cz\/r300xfq60\/e3717dc4-103a-4a91-b242-85ba44c1fd3a.webp 300w, https:\/\/livesport-ott-images.ssl.cdn.cra.cz\/r600xfq60\/e3717dc4-103a-4a91-b242-85ba44c1fd3a.webp 600w, https:\/\/livesport-ott-images.ssl.cdn.cra.cz\/r900xfq60\/e3717dc4-103a-4a91-b242-85ba44c1fd3a.webp 900w, https:\/\/livesport-ott-images.ssl.cdn.cra.cz\/r1200xfq60\/e3717dc4-103a-4a91-b242-85ba44c1fd3a.webp 1200w\" type=\"image\/webp\" sizes=\"(max-width: 1047px) 100vw, 614px\" \/><source srcset=\"https:\/\/livesport-ott-images.ssl.cdn.cra.cz\/r120xfq60\/e3717dc4-103a-4a91-b242-85ba44c1fd3a.jpg 120w, https:\/\/livesport-ott-images.ssl.cdn.cra.cz\/r300xfq60\/e3717dc4-103a-4a91-b242-85ba44c1fd3a.jpg 300w, https:\/\/livesport-ott-images.ssl.cdn.cra.cz\/r600xfq60\/e3717dc4-103a-4a91-b242-85ba44c1fd3a.jpg 600w, https:\/\/livesport-ott-images.ssl.cdn.cra.cz\/r900xfq60\/e3717dc4-103a-4a91-b242-85ba44c1fd3a.jpg 900w, https:\/\/livesport-ott-images.ssl.cdn.cra.cz\/r1200xfq60\/e3717dc4-103a-4a91-b242-85ba44c1fd3a.jpg 1200w\" type=\"image\/jpeg\" sizes=\"(max-width: 1047px) 100vw, 614px\" \/><img decoding=\"async\" class=\"ui-media__image ui-media__image--loaded\" title=\"Brenner fez o primeiro do Coelho no in\u00edcio do jogo\" src=\"https:\/\/livesport-ott-images.ssl.cdn.cra.cz\/r900xfq60\/e3717dc4-103a-4a91-b242-85ba44c1fd3a.jpg\" alt=\"Brenner fez o primeiro do Coelho no in\u00edcio do jogo\" \/><\/picture><figcaption class=\"ui-media__caption fsNewsArticle__provider\">\n<div class=\"fsNewsArticle__label\">Brenner fez o primeiro do Coelho no in\u00edcio do jogo<\/div>\n<p>Mour\u00e3o Panda\/Am\u00e9rica<\/figcaption><\/figure>\n<\/div>\n<\/div>\n<p>O Galo reagiu r\u00e1pido e\u00a0<a href=\"https:\/\/www.flashscore.com.br\/jogador\/hulk\/lKBIrwVE\/\">Hulk<\/a>\u00a0s\u00f3 n\u00e3o empatou porque\u00a0<a href=\"https:\/\/www.flashscore.com.br\/jogador\/eder-ferreira\/I7AWgzQo\/\">\u00c9der<\/a>\u00a0salvou em cinha da linha. Mas parou por a\u00ed, os donos da casa voltaram para o comando e ficara muito perto de fazer o segundo.\u00a0<b><a href=\"https:\/\/www.flashscore.com.br\/jogador\/moises\/4Shdv7Vr\/\">Mois\u00e9s<\/a>\u00a0obrigou \u00c9verson a fazer grande defesa e\u00a0<a href=\"https:\/\/www.flashscore.com.br\/jogador\/mateus-henrique\/6q2pEBAP\/\">Mateus Henrique<\/a>\u00a0explodiu bola na trave<\/b>.<\/p>\n<h2>Um para cada lado<\/h2>\n<p>Depois de um fim de primeiro tempo morno, a volta do intervalo foi movimentada e com dom\u00ednio do Atl\u00e9tico-MG.\u00a0<b><a href=\"https:\/\/www.flashscore.com.br\/jogador\/paulinho\/GExeArGJ\/\">Paulinho<\/a>\u00a0logo aproveitou corte mal feito da zaga e empatou o jogo<\/b>. Foi a segunda partida seguida em que ele marcou, depois de longo jejum.<\/p>\n<div class=\"imageContainer\">\n<div class=\"imageContainer__element\">\n<figure class=\"ui-media ui-media--article ui-media--preview\"><picture class=\"ui-media__placeholder\"><source srcset=\"https:\/\/livesport-ott-images.ssl.cdn.cra.cz\/r120xfq60\/1fc56c9c-1496-4c3d-98e4-f7943d50ecbc.avif 120w, https:\/\/livesport-ott-images.ssl.cdn.cra.cz\/r300xfq60\/1fc56c9c-1496-4c3d-98e4-f7943d50ecbc.avif 300w, https:\/\/livesport-ott-images.ssl.cdn.cra.cz\/r600xfq60\/1fc56c9c-1496-4c3d-98e4-f7943d50ecbc.avif 600w, https:\/\/livesport-ott-images.ssl.cdn.cra.cz\/r900xfq60\/1fc56c9c-1496-4c3d-98e4-f7943d50ecbc.avif 900w, https:\/\/livesport-ott-images.ssl.cdn.cra.cz\/r1200xfq60\/1fc56c9c-1496-4c3d-98e4-f7943d50ecbc.avif 1200w\" type=\"image\/avif\" sizes=\"(max-width: 1047px) 100vw, 614px\" \/><source srcset=\"https:\/\/livesport-ott-images.ssl.cdn.cra.cz\/r120xfq60\/1fc56c9c-1496-4c3d-98e4-f7943d50ecbc.webp 120w, https:\/\/livesport-ott-images.ssl.cdn.cra.cz\/r300xfq60\/1fc56c9c-1496-4c3d-98e4-f7943d50ecbc.webp 300w, https:\/\/livesport-ott-images.ssl.cdn.cra.cz\/r600xfq60\/1fc56c9c-1496-4c3d-98e4-f7943d50ecbc.webp 600w, https:\/\/livesport-ott-images.ssl.cdn.cra.cz\/r900xfq60\/1fc56c9c-1496-4c3d-98e4-f7943d50ecbc.webp 900w, https:\/\/livesport-ott-images.ssl.cdn.cra.cz\/r1200xfq60\/1fc56c9c-1496-4c3d-98e4-f7943d50ecbc.webp 1200w\" type=\"image\/webp\" sizes=\"(max-width: 1047px) 100vw, 614px\" \/><source srcset=\"https:\/\/livesport-ott-images.ssl.cdn.cra.cz\/r120xfq60\/1fc56c9c-1496-4c3d-98e4-f7943d50ecbc.jpg 120w, https:\/\/livesport-ott-images.ssl.cdn.cra.cz\/r300xfq60\/1fc56c9c-1496-4c3d-98e4-f7943d50ecbc.jpg 300w, https:\/\/livesport-ott-images.ssl.cdn.cra.cz\/r600xfq60\/1fc56c9c-1496-4c3d-98e4-f7943d50ecbc.jpg 600w, https:\/\/livesport-ott-images.ssl.cdn.cra.cz\/r900xfq60\/1fc56c9c-1496-4c3d-98e4-f7943d50ecbc.jpg 900w, https:\/\/livesport-ott-images.ssl.cdn.cra.cz\/r1200xfq60\/1fc56c9c-1496-4c3d-98e4-f7943d50ecbc.jpg 1200w\" type=\"image\/jpeg\" sizes=\"(max-width: 1047px) 100vw, 614px\" \/><img decoding=\"async\" class=\"ui-media__image ui-media__image--loaded\" title=\"Paulinho fez gol decisivo para o Galo\" src=\"https:\/\/livesport-ott-images.ssl.cdn.cra.cz\/r900xfq60\/1fc56c9c-1496-4c3d-98e4-f7943d50ecbc.jpg\" alt=\"Paulinho fez gol decisivo para o Galo\" \/><\/picture><figcaption class=\"ui-media__caption fsNewsArticle__provider\">\n<div class=\"fsNewsArticle__label\">Paulinho fez gol decisivo para o Galo<\/div>\n<p>Pedro Souza\/Atl\u00e9tico<\/figcaption><\/figure>\n<\/div>\n<\/div>\n<p>O duelo se abriu a partir do empate, e as equipes tiveram chances de marcar \u2014 Galo nos contra-ataques e o Coelho naquele abafa de quem precisava do resultado.\u00a0<b>At\u00e9 que, em chute impresssionante de fora da \u00e1rea,\u00a0<a href=\"https:\/\/www.flashscore.com.br\/jogador\/vitor-jacare\/GlNeDIMu\/\">V\u00edtor Jacar\u00e9<\/a>\u00a0fez para o Am\u00e9rica<\/b>.<\/p>\n<div class=\"imageContainer\">\n<div class=\"imageContainer__element\">\n<figure class=\"ui-media ui-media--article ui-media--preview\"><picture class=\"ui-media__placeholder\"><source srcset=\"https:\/\/livesport-ott-images.ssl.cdn.cra.cz\/r120xfq60\/43253e5f-ad5e-4cbe-81a3-1ae82a9b2550.avif 120w, https:\/\/livesport-ott-images.ssl.cdn.cra.cz\/r300xfq60\/43253e5f-ad5e-4cbe-81a3-1ae82a9b2550.avif 300w, https:\/\/livesport-ott-images.ssl.cdn.cra.cz\/r600xfq60\/43253e5f-ad5e-4cbe-81a3-1ae82a9b2550.avif 600w, https:\/\/livesport-ott-images.ssl.cdn.cra.cz\/r900xfq60\/43253e5f-ad5e-4cbe-81a3-1ae82a9b2550.avif 900w, https:\/\/livesport-ott-images.ssl.cdn.cra.cz\/r1200xfq60\/43253e5f-ad5e-4cbe-81a3-1ae82a9b2550.avif 1200w\" type=\"image\/avif\" sizes=\"(max-width: 1047px) 100vw, 614px\" \/><source srcset=\"https:\/\/livesport-ott-images.ssl.cdn.cra.cz\/r120xfq60\/43253e5f-ad5e-4cbe-81a3-1ae82a9b2550.webp 120w, https:\/\/livesport-ott-images.ssl.cdn.cra.cz\/r300xfq60\/43253e5f-ad5e-4cbe-81a3-1ae82a9b2550.webp 300w, https:\/\/livesport-ott-images.ssl.cdn.cra.cz\/r600xfq60\/43253e5f-ad5e-4cbe-81a3-1ae82a9b2550.webp 600w, https:\/\/livesport-ott-images.ssl.cdn.cra.cz\/r900xfq60\/43253e5f-ad5e-4cbe-81a3-1ae82a9b2550.webp 900w, https:\/\/livesport-ott-images.ssl.cdn.cra.cz\/r1200xfq60\/43253e5f-ad5e-4cbe-81a3-1ae82a9b2550.webp 1200w\" type=\"image\/webp\" sizes=\"(max-width: 1047px) 100vw, 614px\" \/><source srcset=\"https:\/\/livesport-ott-images.ssl.cdn.cra.cz\/r120xfq60\/43253e5f-ad5e-4cbe-81a3-1ae82a9b2550.jpg 120w, https:\/\/livesport-ott-images.ssl.cdn.cra.cz\/r300xfq60\/43253e5f-ad5e-4cbe-81a3-1ae82a9b2550.jpg 300w, https:\/\/livesport-ott-images.ssl.cdn.cra.cz\/r600xfq60\/43253e5f-ad5e-4cbe-81a3-1ae82a9b2550.jpg 600w, https:\/\/livesport-ott-images.ssl.cdn.cra.cz\/r900xfq60\/43253e5f-ad5e-4cbe-81a3-1ae82a9b2550.jpg 900w, https:\/\/livesport-ott-images.ssl.cdn.cra.cz\/r1200xfq60\/43253e5f-ad5e-4cbe-81a3-1ae82a9b2550.jpg 1200w\" type=\"image\/jpeg\" sizes=\"(max-width: 1047px) 100vw, 614px\" \/><img decoding=\"async\" class=\"ui-media__image ui-media__image--loaded\" title=\"O Am\u00e9rica-MG vendeu muito caro a classifica\u00e7\u00e3o ao Atl\u00e9tico-MG\" src=\"https:\/\/livesport-ott-images.ssl.cdn.cra.cz\/r900xfq60\/43253e5f-ad5e-4cbe-81a3-1ae82a9b2550.jpg\" alt=\"O Am\u00e9rica-MG vendeu muito caro a classifica\u00e7\u00e3o ao Atl\u00e9tico-MG\" \/><\/picture><figcaption class=\"ui-media__caption fsNewsArticle__provider\">\n<div class=\"fsNewsArticle__label\">O Am\u00e9rica-MG vendeu muito caro a classifica\u00e7\u00e3o ao Atl\u00e9tico-MG<\/div>\n<p>Mour\u00e3o Panda\/Am\u00e9rica<\/figcaption><\/figure>\n<\/div>\n<\/div>\n<p><b>O clima de tens\u00e3o se instalou no Independ\u00eancia e s\u00f3 terminou com o apito final<\/b>. Os minutos de acr\u00e9scimo, por\u00e9m, foram todos controlados pelos visitantes, que souberam gastar tempo com muita experi\u00eancia at\u00e9 garantir a classifica\u00e7\u00e3o.<\/p>\n<\/div>\n<div class=\"fsNewsArticle__mentions\">\n<div class=\"fsNewsArticle__mentionTitle\">FLASHSCORE<\/div>\n<\/div>\n","protected":false},"excerpt":{"rendered":"<p>Atual tetracampe\u00e3o estadual, o\u00a0Atl\u00e9tico-MG\u00a0chegou \u00e0 impressionante marca de\u00a018 finais seguidas de Campeonato Mineiro. A \u00faltima vez que o Galo n\u00e3o esteve na decis\u00e3o estadual foi em 2006. Essa \u00e9 a maior marca entre todos os torneios do futebol brasileiro. Veja a tabela completa do Campeonato Mineiro As finais do Mineiro est\u00e3o marcadas para os dias &hellip;<\/p>\n","protected":false},"author":2,"featured_media":71940,"comment_status":"open","ping_status":"open","sticky":false,"template":"","format":"standard","meta":{"content-type":"","rop_custom_images_group":[],"rop_custom_messages_group":[],"rop_publish_now":"initial","rop_publish_now_accounts":{"facebook_2648258775420054_1618374048415101":""},"rop_publish_now_history":[],"rop_publish_now_status":"pending","footnotes":"","_jetpack_memberships_contains_paid_content":false},"categories":[108],"tags":[12828,11837,2044,143,3045,3128,12279,911,852,15592,161],"yoast_head":"<!-- This site is optimized with the Yoast SEO plugin v22.3 - https:\/\/yoast.com\/wordpress\/plugins\/seo\/ -->\n<title>Atl\u00e9tico-MG perde para Am\u00e9rica-MG, mas avan\u00e7a e pegar\u00e1 Cruzeiro na final do Mineiro - Portal NPM<\/title>\n<meta name=\"robots\" content=\"index, follow, max-snippet:-1, max-image-preview:large, max-video-preview:-1\" \/>\n<link rel=\"canonical\" href=\"https:\/\/portalnpm.com\/index.php\/2024\/03\/18\/atletico-mg-perde-para-america-mg-mas-avanca-e-pegara-cruzeiro-na-final-do-mineiro\/\" \/>\n<meta property=\"og:locale\" content=\"pt_BR\" \/>\n<meta property=\"og:type\" content=\"article\" \/>\n<meta property=\"og:title\" content=\"Atl\u00e9tico-MG perde para Am\u00e9rica-MG, mas avan\u00e7a e pegar\u00e1 Cruzeiro na final do Mineiro - Portal NPM\" \/>\n<meta property=\"og:description\" content=\"Atual tetracampe\u00e3o estadual, o\u00a0Atl\u00e9tico-MG\u00a0chegou \u00e0 impressionante marca de\u00a018 finais seguidas de Campeonato Mineiro. A \u00faltima vez que o Galo n\u00e3o esteve na decis\u00e3o estadual foi em 2006. Essa \u00e9 a maior marca entre todos os torneios do futebol brasileiro. Veja a tabela completa do Campeonato Mineiro As finais do Mineiro est\u00e3o marcadas para os dias &hellip;\" \/>\n<meta property=\"og:url\" content=\"https:\/\/portalnpm.com\/index.php\/2024\/03\/18\/atletico-mg-perde-para-america-mg-mas-avanca-e-pegara-cruzeiro-na-final-do-mineiro\/\" \/>\n<meta property=\"og:site_name\" content=\"Portal NPM\" \/>\n<meta property=\"article:published_time\" content=\"2024-03-18T10:28:12+00:00\" \/>\n<meta property=\"og:image\" content=\"https:\/\/portalnpm.com\/wp-content\/uploads\/2024\/03\/IMG-20240317-WA4332.jpg\" \/>\n\t<meta property=\"og:image:width\" content=\"1200\" \/>\n\t<meta property=\"og:image:height\" content=\"799\" \/>\n\t<meta property=\"og:image:type\" content=\"image\/jpeg\" \/>\n<meta name=\"author\" content=\"Genival Barbosa\" \/>\n<meta name=\"twitter:card\" content=\"summary_large_image\" \/>\n<meta name=\"twitter:label1\" content=\"Escrito por\" \/>\n\t<meta name=\"twitter:data1\" content=\"Genival Barbosa\" \/>\n\t<meta name=\"twitter:label2\" content=\"Est. tempo de leitura\" \/>\n\t<meta name=\"twitter:data2\" content=\"4 minutos\" \/>\n<script type=\"application\/ld+json\" class=\"yoast-schema-graph\">{\"@context\":\"https:\/\/schema.org\",\"@graph\":[{\"@type\":\"WebPage\",\"@id\":\"https:\/\/portalnpm.com\/index.php\/2024\/03\/18\/atletico-mg-perde-para-america-mg-mas-avanca-e-pegara-cruzeiro-na-final-do-mineiro\/\",\"url\":\"https:\/\/portalnpm.com\/index.php\/2024\/03\/18\/atletico-mg-perde-para-america-mg-mas-avanca-e-pegara-cruzeiro-na-final-do-mineiro\/\",\"name\":\"Atl\u00e9tico-MG perde para Am\u00e9rica-MG, mas avan\u00e7a e pegar\u00e1 Cruzeiro na final do Mineiro - Portal NPM\",\"isPartOf\":{\"@id\":\"https:\/\/portalnpm.com\/#website\"},\"primaryImageOfPage\":{\"@id\":\"https:\/\/portalnpm.com\/index.php\/2024\/03\/18\/atletico-mg-perde-para-america-mg-mas-avanca-e-pegara-cruzeiro-na-final-do-mineiro\/#primaryimage\"},\"image\":{\"@id\":\"https:\/\/portalnpm.com\/index.php\/2024\/03\/18\/atletico-mg-perde-para-america-mg-mas-avanca-e-pegara-cruzeiro-na-final-do-mineiro\/#primaryimage\"},\"thumbnailUrl\":\"https:\/\/portalnpm.com\/wp-content\/uploads\/2024\/03\/IMG-20240317-WA4332.jpg\",\"datePublished\":\"2024-03-18T10:28:12+00:00\",\"dateModified\":\"2024-03-18T10:28:12+00:00\",\"author\":{\"@id\":\"https:\/\/portalnpm.com\/#\/schema\/person\/49313e563cfdefcc167f1ee4c017c294\"},\"breadcrumb\":{\"@id\":\"https:\/\/portalnpm.com\/index.php\/2024\/03\/18\/atletico-mg-perde-para-america-mg-mas-avanca-e-pegara-cruzeiro-na-final-do-mineiro\/#breadcrumb\"},\"inLanguage\":\"pt-BR\",\"potentialAction\":[{\"@type\":\"ReadAction\",\"target\":[\"https:\/\/portalnpm.com\/index.php\/2024\/03\/18\/atletico-mg-perde-para-america-mg-mas-avanca-e-pegara-cruzeiro-na-final-do-mineiro\/\"]}]},{\"@type\":\"ImageObject\",\"inLanguage\":\"pt-BR\",\"@id\":\"https:\/\/portalnpm.com\/index.php\/2024\/03\/18\/atletico-mg-perde-para-america-mg-mas-avanca-e-pegara-cruzeiro-na-final-do-mineiro\/#primaryimage\",\"url\":\"https:\/\/portalnpm.com\/wp-content\/uploads\/2024\/03\/IMG-20240317-WA4332.jpg\",\"contentUrl\":\"https:\/\/portalnpm.com\/wp-content\/uploads\/2024\/03\/IMG-20240317-WA4332.jpg\",\"width\":1200,\"height\":799},{\"@type\":\"BreadcrumbList\",\"@id\":\"https:\/\/portalnpm.com\/index.php\/2024\/03\/18\/atletico-mg-perde-para-america-mg-mas-avanca-e-pegara-cruzeiro-na-final-do-mineiro\/#breadcrumb\",\"itemListElement\":[{\"@type\":\"ListItem\",\"position\":1,\"name\":\"In\u00edcio\",\"item\":\"https:\/\/portalnpm.com\/\"},{\"@type\":\"ListItem\",\"position\":2,\"name\":\"Atl\u00e9tico-MG perde para Am\u00e9rica-MG, mas avan\u00e7a e pegar\u00e1 Cruzeiro na final do Mineiro\"}]},{\"@type\":\"WebSite\",\"@id\":\"https:\/\/portalnpm.com\/#website\",\"url\":\"https:\/\/portalnpm.com\/\",\"name\":\"Portal NPM\",\"description\":\"Not\u00edcias em Primeira M\u00e3o\",\"potentialAction\":[{\"@type\":\"SearchAction\",\"target\":{\"@type\":\"EntryPoint\",\"urlTemplate\":\"https:\/\/portalnpm.com\/?s={search_term_string}\"},\"query-input\":\"required name=search_term_string\"}],\"inLanguage\":\"pt-BR\"},{\"@type\":\"Person\",\"@id\":\"https:\/\/portalnpm.com\/#\/schema\/person\/49313e563cfdefcc167f1ee4c017c294\",\"name\":\"Genival Barbosa\",\"image\":{\"@type\":\"ImageObject\",\"inLanguage\":\"pt-BR\",\"@id\":\"https:\/\/portalnpm.com\/#\/schema\/person\/image\/\",\"url\":\"https:\/\/portalnpm.com\/wp-content\/uploads\/2024\/02\/avatar_user_2_1707743258-96x96.jpeg\",\"contentUrl\":\"https:\/\/portalnpm.com\/wp-content\/uploads\/2024\/02\/avatar_user_2_1707743258-96x96.jpeg\",\"caption\":\"Genival Barbosa\"},\"url\":\"https:\/\/portalnpm.com\/index.php\/author\/genival\/\"}]}<\/script>\n<!-- \/ Yoast SEO plugin. -->","yoast_head_json":{"title":"Atl\u00e9tico-MG perde para Am\u00e9rica-MG, mas avan\u00e7a e pegar\u00e1 Cruzeiro na final do Mineiro - Portal NPM","robots":{"index":"index","follow":"follow","max-snippet":"max-snippet:-1","max-image-preview":"max-image-preview:large","max-video-preview":"max-video-preview:-1"},"canonical":"https:\/\/portalnpm.com\/index.php\/2024\/03\/18\/atletico-mg-perde-para-america-mg-mas-avanca-e-pegara-cruzeiro-na-final-do-mineiro\/","og_locale":"pt_BR","og_type":"article","og_title":"Atl\u00e9tico-MG perde para Am\u00e9rica-MG, mas avan\u00e7a e pegar\u00e1 Cruzeiro na final do Mineiro - Portal NPM","og_description":"Atual tetracampe\u00e3o estadual, o\u00a0Atl\u00e9tico-MG\u00a0chegou \u00e0 impressionante marca de\u00a018 finais seguidas de Campeonato Mineiro. A \u00faltima vez que o Galo n\u00e3o esteve na decis\u00e3o estadual foi em 2006. Essa \u00e9 a maior marca entre todos os torneios do futebol brasileiro. Veja a tabela completa do Campeonato Mineiro As finais do Mineiro est\u00e3o marcadas para os dias &hellip;","og_url":"https:\/\/portalnpm.com\/index.php\/2024\/03\/18\/atletico-mg-perde-para-america-mg-mas-avanca-e-pegara-cruzeiro-na-final-do-mineiro\/","og_site_name":"Portal NPM","article_published_time":"2024-03-18T10:28:12+00:00","og_image":[{"width":1200,"height":799,"url":"https:\/\/portalnpm.com\/wp-content\/uploads\/2024\/03\/IMG-20240317-WA4332.jpg","type":"image\/jpeg"}],"author":"Genival Barbosa","twitter_card":"summary_large_image","twitter_misc":{"Escrito por":"Genival Barbosa","Est. tempo de leitura":"4 minutos"},"schema":{"@context":"https:\/\/schema.org","@graph":[{"@type":"WebPage","@id":"https:\/\/portalnpm.com\/index.php\/2024\/03\/18\/atletico-mg-perde-para-america-mg-mas-avanca-e-pegara-cruzeiro-na-final-do-mineiro\/","url":"https:\/\/portalnpm.com\/index.php\/2024\/03\/18\/atletico-mg-perde-para-america-mg-mas-avanca-e-pegara-cruzeiro-na-final-do-mineiro\/","name":"Atl\u00e9tico-MG perde para Am\u00e9rica-MG, mas avan\u00e7a e pegar\u00e1 Cruzeiro na final do Mineiro - Portal NPM","isPartOf":{"@id":"https:\/\/portalnpm.com\/#website"},"primaryImageOfPage":{"@id":"https:\/\/portalnpm.com\/index.php\/2024\/03\/18\/atletico-mg-perde-para-america-mg-mas-avanca-e-pegara-cruzeiro-na-final-do-mineiro\/#primaryimage"},"image":{"@id":"https:\/\/portalnpm.com\/index.php\/2024\/03\/18\/atletico-mg-perde-para-america-mg-mas-avanca-e-pegara-cruzeiro-na-final-do-mineiro\/#primaryimage"},"thumbnailUrl":"https:\/\/portalnpm.com\/wp-content\/uploads\/2024\/03\/IMG-20240317-WA4332.jpg","datePublished":"2024-03-18T10:28:12+00:00","dateModified":"2024-03-18T10:28:12+00:00","author":{"@id":"https:\/\/portalnpm.com\/#\/schema\/person\/49313e563cfdefcc167f1ee4c017c294"},"breadcrumb":{"@id":"https:\/\/portalnpm.com\/index.php\/2024\/03\/18\/atletico-mg-perde-para-america-mg-mas-avanca-e-pegara-cruzeiro-na-final-do-mineiro\/#breadcrumb"},"inLanguage":"pt-BR","potentialAction":[{"@type":"ReadAction","target":["https:\/\/portalnpm.com\/index.php\/2024\/03\/18\/atletico-mg-perde-para-america-mg-mas-avanca-e-pegara-cruzeiro-na-final-do-mineiro\/"]}]},{"@type":"ImageObject","inLanguage":"pt-BR","@id":"https:\/\/portalnpm.com\/index.php\/2024\/03\/18\/atletico-mg-perde-para-america-mg-mas-avanca-e-pegara-cruzeiro-na-final-do-mineiro\/#primaryimage","url":"https:\/\/portalnpm.com\/wp-content\/uploads\/2024\/03\/IMG-20240317-WA4332.jpg","contentUrl":"https:\/\/portalnpm.com\/wp-content\/uploads\/2024\/03\/IMG-20240317-WA4332.jpg","width":1200,"height":799},{"@type":"BreadcrumbList","@id":"https:\/\/portalnpm.com\/index.php\/2024\/03\/18\/atletico-mg-perde-para-america-mg-mas-avanca-e-pegara-cruzeiro-na-final-do-mineiro\/#breadcrumb","itemListElement":[{"@type":"ListItem","position":1,"name":"In\u00edcio","item":"https:\/\/portalnpm.com\/"},{"@type":"ListItem","position":2,"name":"Atl\u00e9tico-MG perde para Am\u00e9rica-MG, mas avan\u00e7a e pegar\u00e1 Cruzeiro na final do Mineiro"}]},{"@type":"WebSite","@id":"https:\/\/portalnpm.com\/#website","url":"https:\/\/portalnpm.com\/","name":"Portal NPM","description":"Not\u00edcias em Primeira M\u00e3o","potentialAction":[{"@type":"SearchAction","target":{"@type":"EntryPoint","urlTemplate":"https:\/\/portalnpm.com\/?s={search_term_string}"},"query-input":"required name=search_term_string"}],"inLanguage":"pt-BR"},{"@type":"Person","@id":"https:\/\/portalnpm.com\/#\/schema\/person\/49313e563cfdefcc167f1ee4c017c294","name":"Genival Barbosa","image":{"@type":"ImageObject","inLanguage":"pt-BR","@id":"https:\/\/portalnpm.com\/#\/schema\/person\/image\/","url":"https:\/\/portalnpm.com\/wp-content\/uploads\/2024\/02\/avatar_user_2_1707743258-96x96.jpeg","contentUrl":"https:\/\/portalnpm.com\/wp-content\/uploads\/2024\/02\/avatar_user_2_1707743258-96x96.jpeg","caption":"Genival Barbosa"},"url":"https:\/\/portalnpm.com\/index.php\/author\/genival\/"}]}},"jetpack_sharing_enabled":true,"jetpack_featured_media_url":"https:\/\/portalnpm.com\/wp-content\/uploads\/2024\/03\/IMG-20240317-WA4332.jpg","_links":{"self":[{"href":"https:\/\/portalnpm.com\/index.php\/wp-json\/wp\/v2\/posts\/71939"}],"collection":[{"href":"https:\/\/portalnpm.com\/index.php\/wp-json\/wp\/v2\/posts"}],"about":[{"href":"https:\/\/portalnpm.com\/index.php\/wp-json\/wp\/v2\/types\/post"}],"author":[{"embeddable":true,"href":"https:\/\/portalnpm.com\/index.php\/wp-json\/wp\/v2\/users\/2"}],"replies":[{"embeddable":true,"href":"https:\/\/portalnpm.com\/index.php\/wp-json\/wp\/v2\/comments?post=71939"}],"version-history":[{"count":1,"href":"https:\/\/portalnpm.com\/index.php\/wp-json\/wp\/v2\/posts\/71939\/revisions"}],"predecessor-version":[{"id":71941,"href":"https:\/\/portalnpm.com\/index.php\/wp-json\/wp\/v2\/posts\/71939\/revisions\/71941"}],"wp:featuredmedia":[{"embeddable":true,"href":"https:\/\/portalnpm.com\/index.php\/wp-json\/wp\/v2\/media\/71940"}],"wp:attachment":[{"href":"https:\/\/portalnpm.com\/index.php\/wp-json\/wp\/v2\/media?parent=71939"}],"wp:term":[{"taxonomy":"category","embeddable":true,"href":"https:\/\/portalnpm.com\/index.php\/wp-json\/wp\/v2\/categories?post=71939"},{"taxonomy":"post_tag","embeddable":true,"href":"https:\/\/portalnpm.com\/index.php\/wp-json\/wp\/v2\/tags?post=71939"}],"curies":[{"name":"wp","href":"https:\/\/api.w.org\/{rel}","templated":true}]}}