{"id":71945,"date":"2024-03-18T19:11:59","date_gmt":"2024-03-18T22:11:59","guid":{"rendered":"https:\/\/portalnpm.com\/?p=71945"},"modified":"2024-03-18T19:11:59","modified_gmt":"2024-03-18T22:11:59","slug":"dr-geronimo-assina-ficha-de-filiacao-ao-mdb-partido-pelo-qual-disputara-a-prefeitura-de-vila-nova-do-piaui","status":"publish","type":"post","link":"https:\/\/portalnpm.com\/index.php\/2024\/03\/18\/dr-geronimo-assina-ficha-de-filiacao-ao-mdb-partido-pelo-qual-disputara-a-prefeitura-de-vila-nova-do-piaui\/","title":{"rendered":"Dr. Ger\u00f4nimo assina ficha de filia\u00e7\u00e3o ao MDB, partido pelo qual  disputar\u00e1 a prefeitura de Vila Nova do Piau\u00ed"},"content":{"rendered":"<p>No \u00faltimo s\u00e1bado, 16 de mar\u00e7o, o m\u00e9dico e l\u00edder pol\u00edtico <strong>Dr. Ger\u00f4nimo Manoel<\/strong>, de<strong> Vila Nova do Piau\u00ed<\/strong>, assinou a ficha de filia\u00e7\u00e3o partid\u00e1ria ao <strong>MDB<\/strong> (Movimento Democr\u00e1tico Brasileiro), partido pelo qual disputar\u00e1 a prefeitura da cidade no campo da oposi\u00e7\u00e3o.<\/p>\n<p><img fetchpriority=\"high\" decoding=\"async\" class=\"alignnone size-medium wp-image-71947\" src=\"https:\/\/portalnpm.com\/wp-content\/uploads\/2024\/03\/IMG-20240318-WA0475-300x225.jpg\" alt=\"\" width=\"300\" height=\"225\" srcset=\"https:\/\/portalnpm.com\/wp-content\/uploads\/2024\/03\/IMG-20240318-WA0475-300x225.jpg 300w, https:\/\/portalnpm.com\/wp-content\/uploads\/2024\/03\/IMG-20240318-WA0475-1024x768.jpg 1024w, https:\/\/portalnpm.com\/wp-content\/uploads\/2024\/03\/IMG-20240318-WA0475-768x576.jpg 768w, https:\/\/portalnpm.com\/wp-content\/uploads\/2024\/03\/IMG-20240318-WA0475-1536x1152.jpg 1536w, https:\/\/portalnpm.com\/wp-content\/uploads\/2024\/03\/IMG-20240318-WA0475.jpg 1600w\" sizes=\"(max-width: 300px) 100vw, 300px\" \/><\/p>\n<p>Dr. Ger\u00f4nimo como \u00e9 mais conhecido na &#8216;Cidade Poesia&#8217;, esteve presente no ato das filia\u00e7\u00f5es partid\u00e1rias do MDB na cidade de Marcol\u00e2ndia, ocasi\u00e3o onde junto com os pr\u00e9-candidatos \u00e0 vereadores e o vereador Roberto Moura e outras lideran\u00e7as pol\u00edticas assinaram as fichas de filia\u00e7\u00e3o nos quadros do MDB. No mesmo ato pol\u00edtico, o prefeito de Marcol\u00e2ndia, Dr. Corinto Matos deixou os quadros do PP e tamb\u00e9m se filiou ao MDB, de olho na sua reelei\u00e7\u00e3o. O evento contou com a presen\u00e7a de diversas lideran\u00e7as pol\u00edticas regionais e estaduais, entre eles, o deputado federal Castro Neto, o deputado estadual Dr. Thales e o suplente de deputado estadual Thiago Vasconcelos.<\/p>\n<p>Dr. Ger\u00f4nimo foi candidato a prefeito nas elei\u00e7\u00f5es municipais de 2020 pelo PP, n\u00e3o tendo logrado \u00eaxito por uma diferen\u00e7a de apenas 46 votos. Nas elei\u00e7\u00f5es deste ano, o l\u00edder pol\u00edtico juntamente com Dr. Hugo Leal disputar\u00e3o novamente o poder p\u00fablico local, repetindo a mesma chapa da elei\u00e7\u00e3o de 2020, reafirmando os objetivos e coer\u00eancia de car\u00e1ter e id\u00e9ias que os mant\u00e9m unidos e trabalhando pelo bom \u00eaxito da oposi\u00e7\u00e3o em Vila Nova.<\/p>\n<p>Os bastidores da pol\u00edtica da cidade de Vila Nova do Piau\u00ed apontam para uma disputa bem acirrada, j\u00e1 que o sentimento de mudan\u00e7as e altern\u00e2ncia de poder tem tomado conta dos moradores da cidade e com a torcida da popula\u00e7\u00e3o dos munic\u00edpios circunvizinhos.<\/p>\n","protected":false},"excerpt":{"rendered":"<p>No \u00faltimo s\u00e1bado, 16 de mar\u00e7o, o m\u00e9dico e l\u00edder pol\u00edtico Dr. Ger\u00f4nimo Manoel, de Vila Nova do Piau\u00ed, assinou a ficha de filia\u00e7\u00e3o partid\u00e1ria ao MDB (Movimento Democr\u00e1tico Brasileiro), partido pelo qual disputar\u00e1 a prefeitura da cidade no campo da oposi\u00e7\u00e3o. Dr. Ger\u00f4nimo como \u00e9 mais conhecido na &#8216;Cidade Poesia&#8217;, esteve presente no ato &hellip;<\/p>\n","protected":false},"author":3,"featured_media":71949,"comment_status":"open","ping_status":"open","sticky":false,"template":"","format":"standard","meta":{"content-type":"","rop_custom_images_group":[],"rop_custom_messages_group":[],"rop_publish_now":"initial","rop_publish_now_accounts":{"facebook_2648258775420054_1618374048415101":""},"rop_publish_now_history":[],"rop_publish_now_status":"pending","footnotes":"","_jetpack_memberships_contains_paid_content":false},"categories":[113,109,4315],"tags":[12869,15490],"yoast_head":"<!-- This site is optimized with the Yoast SEO plugin v22.3 - https:\/\/yoast.com\/wordpress\/plugins\/seo\/ -->\n<title>Dr. Ger\u00f4nimo assina ficha de filia\u00e7\u00e3o ao MDB, partido pelo qual disputar\u00e1 a prefeitura de Vila Nova do Piau\u00ed - Portal NPM<\/title>\n<meta name=\"robots\" content=\"index, follow, max-snippet:-1, max-image-preview:large, max-video-preview:-1\" \/>\n<link rel=\"canonical\" href=\"https:\/\/portalnpm.com\/index.php\/2024\/03\/18\/dr-geronimo-assina-ficha-de-filiacao-ao-mdb-partido-pelo-qual-disputara-a-prefeitura-de-vila-nova-do-piaui\/\" \/>\n<meta property=\"og:locale\" content=\"pt_BR\" \/>\n<meta property=\"og:type\" content=\"article\" \/>\n<meta property=\"og:title\" content=\"Dr. Ger\u00f4nimo assina ficha de filia\u00e7\u00e3o ao MDB, partido pelo qual disputar\u00e1 a prefeitura de Vila Nova do Piau\u00ed - Portal NPM\" \/>\n<meta property=\"og:description\" content=\"No \u00faltimo s\u00e1bado, 16 de mar\u00e7o, o m\u00e9dico e l\u00edder pol\u00edtico Dr. Ger\u00f4nimo Manoel, de Vila Nova do Piau\u00ed, assinou a ficha de filia\u00e7\u00e3o partid\u00e1ria ao MDB (Movimento Democr\u00e1tico Brasileiro), partido pelo qual disputar\u00e1 a prefeitura da cidade no campo da oposi\u00e7\u00e3o. Dr. Ger\u00f4nimo como \u00e9 mais conhecido na &#8216;Cidade Poesia&#8217;, esteve presente no ato &hellip;\" \/>\n<meta property=\"og:url\" content=\"https:\/\/portalnpm.com\/index.php\/2024\/03\/18\/dr-geronimo-assina-ficha-de-filiacao-ao-mdb-partido-pelo-qual-disputara-a-prefeitura-de-vila-nova-do-piaui\/\" \/>\n<meta property=\"og:site_name\" content=\"Portal NPM\" \/>\n<meta property=\"article:published_time\" content=\"2024-03-18T22:11:59+00:00\" \/>\n<meta property=\"og:image\" content=\"https:\/\/portalnpm.com\/wp-content\/uploads\/2024\/03\/IMG-20240318-WA0476.jpg\" \/>\n\t<meta property=\"og:image:width\" content=\"1094\" \/>\n\t<meta property=\"og:image:height\" content=\"1500\" \/>\n\t<meta property=\"og:image:type\" content=\"image\/jpeg\" \/>\n<meta name=\"author\" content=\"Luis Alberto\" \/>\n<meta name=\"twitter:card\" content=\"summary_large_image\" \/>\n<meta name=\"twitter:label1\" content=\"Escrito por\" \/>\n\t<meta name=\"twitter:data1\" content=\"Luis Alberto\" \/>\n\t<meta name=\"twitter:label2\" content=\"Est. tempo de leitura\" \/>\n\t<meta name=\"twitter:data2\" content=\"2 minutos\" \/>\n<script type=\"application\/ld+json\" class=\"yoast-schema-graph\">{\"@context\":\"https:\/\/schema.org\",\"@graph\":[{\"@type\":\"WebPage\",\"@id\":\"https:\/\/portalnpm.com\/index.php\/2024\/03\/18\/dr-geronimo-assina-ficha-de-filiacao-ao-mdb-partido-pelo-qual-disputara-a-prefeitura-de-vila-nova-do-piaui\/\",\"url\":\"https:\/\/portalnpm.com\/index.php\/2024\/03\/18\/dr-geronimo-assina-ficha-de-filiacao-ao-mdb-partido-pelo-qual-disputara-a-prefeitura-de-vila-nova-do-piaui\/\",\"name\":\"Dr. Ger\u00f4nimo assina ficha de filia\u00e7\u00e3o ao MDB, partido pelo qual disputar\u00e1 a prefeitura de Vila Nova do Piau\u00ed - Portal NPM\",\"isPartOf\":{\"@id\":\"https:\/\/portalnpm.com\/#website\"},\"primaryImageOfPage\":{\"@id\":\"https:\/\/portalnpm.com\/index.php\/2024\/03\/18\/dr-geronimo-assina-ficha-de-filiacao-ao-mdb-partido-pelo-qual-disputara-a-prefeitura-de-vila-nova-do-piaui\/#primaryimage\"},\"image\":{\"@id\":\"https:\/\/portalnpm.com\/index.php\/2024\/03\/18\/dr-geronimo-assina-ficha-de-filiacao-ao-mdb-partido-pelo-qual-disputara-a-prefeitura-de-vila-nova-do-piaui\/#primaryimage\"},\"thumbnailUrl\":\"https:\/\/portalnpm.com\/wp-content\/uploads\/2024\/03\/IMG-20240318-WA0476.jpg\",\"datePublished\":\"2024-03-18T22:11:59+00:00\",\"dateModified\":\"2024-03-18T22:11:59+00:00\",\"author\":{\"@id\":\"https:\/\/portalnpm.com\/#\/schema\/person\/5c8006acdf71774cd4e7a5ab98482152\"},\"breadcrumb\":{\"@id\":\"https:\/\/portalnpm.com\/index.php\/2024\/03\/18\/dr-geronimo-assina-ficha-de-filiacao-ao-mdb-partido-pelo-qual-disputara-a-prefeitura-de-vila-nova-do-piaui\/#breadcrumb\"},\"inLanguage\":\"pt-BR\",\"potentialAction\":[{\"@type\":\"ReadAction\",\"target\":[\"https:\/\/portalnpm.com\/index.php\/2024\/03\/18\/dr-geronimo-assina-ficha-de-filiacao-ao-mdb-partido-pelo-qual-disputara-a-prefeitura-de-vila-nova-do-piaui\/\"]}]},{\"@type\":\"ImageObject\",\"inLanguage\":\"pt-BR\",\"@id\":\"https:\/\/portalnpm.com\/index.php\/2024\/03\/18\/dr-geronimo-assina-ficha-de-filiacao-ao-mdb-partido-pelo-qual-disputara-a-prefeitura-de-vila-nova-do-piaui\/#primaryimage\",\"url\":\"https:\/\/portalnpm.com\/wp-content\/uploads\/2024\/03\/IMG-20240318-WA0476.jpg\",\"contentUrl\":\"https:\/\/portalnpm.com\/wp-content\/uploads\/2024\/03\/IMG-20240318-WA0476.jpg\",\"width\":1094,\"height\":1500},{\"@type\":\"BreadcrumbList\",\"@id\":\"https:\/\/portalnpm.com\/index.php\/2024\/03\/18\/dr-geronimo-assina-ficha-de-filiacao-ao-mdb-partido-pelo-qual-disputara-a-prefeitura-de-vila-nova-do-piaui\/#breadcrumb\",\"itemListElement\":[{\"@type\":\"ListItem\",\"position\":1,\"name\":\"In\u00edcio\",\"item\":\"https:\/\/portalnpm.com\/\"},{\"@type\":\"ListItem\",\"position\":2,\"name\":\"Dr. Ger\u00f4nimo assina ficha de filia\u00e7\u00e3o ao MDB, partido pelo qual disputar\u00e1 a prefeitura de Vila Nova do Piau\u00ed\"}]},{\"@type\":\"WebSite\",\"@id\":\"https:\/\/portalnpm.com\/#website\",\"url\":\"https:\/\/portalnpm.com\/\",\"name\":\"Portal NPM\",\"description\":\"Not\u00edcias em Primeira M\u00e3o\",\"potentialAction\":[{\"@type\":\"SearchAction\",\"target\":{\"@type\":\"EntryPoint\",\"urlTemplate\":\"https:\/\/portalnpm.com\/?s={search_term_string}\"},\"query-input\":\"required name=search_term_string\"}],\"inLanguage\":\"pt-BR\"},{\"@type\":\"Person\",\"@id\":\"https:\/\/portalnpm.com\/#\/schema\/person\/5c8006acdf71774cd4e7a5ab98482152\",\"name\":\"Luis Alberto\",\"image\":{\"@type\":\"ImageObject\",\"inLanguage\":\"pt-BR\",\"@id\":\"https:\/\/portalnpm.com\/#\/schema\/person\/image\/\",\"url\":\"https:\/\/portalnpm.com\/wp-content\/uploads\/2024\/12\/avatar_user_3_1734699769-96x96.jpeg\",\"contentUrl\":\"https:\/\/portalnpm.com\/wp-content\/uploads\/2024\/12\/avatar_user_3_1734699769-96x96.jpeg\",\"caption\":\"Luis Alberto\"},\"description\":\"Editor-geral do Portal NPM, \u00e9 formado como T\u00e9cnico em Seguran\u00e7a do Trabalho pela Escola Metropolitana de Cursos T\u00e9cnicos. Det\u00e9m ainda licenciatura em Educa\u00e7\u00e3o F\u00edsica e bacharelado em Ci\u00eancias Pol\u00edticas, ambos obtidos pela institui\u00e7\u00e3o Anhanguera\/UNOPAR.\",\"url\":\"https:\/\/portalnpm.com\/index.php\/author\/pereira\/\"}]}<\/script>\n<!-- \/ Yoast SEO plugin. -->","yoast_head_json":{"title":"Dr. Ger\u00f4nimo assina ficha de filia\u00e7\u00e3o ao MDB, partido pelo qual disputar\u00e1 a prefeitura de Vila Nova do Piau\u00ed - Portal NPM","robots":{"index":"index","follow":"follow","max-snippet":"max-snippet:-1","max-image-preview":"max-image-preview:large","max-video-preview":"max-video-preview:-1"},"canonical":"https:\/\/portalnpm.com\/index.php\/2024\/03\/18\/dr-geronimo-assina-ficha-de-filiacao-ao-mdb-partido-pelo-qual-disputara-a-prefeitura-de-vila-nova-do-piaui\/","og_locale":"pt_BR","og_type":"article","og_title":"Dr. Ger\u00f4nimo assina ficha de filia\u00e7\u00e3o ao MDB, partido pelo qual disputar\u00e1 a prefeitura de Vila Nova do Piau\u00ed - Portal NPM","og_description":"No \u00faltimo s\u00e1bado, 16 de mar\u00e7o, o m\u00e9dico e l\u00edder pol\u00edtico Dr. Ger\u00f4nimo Manoel, de Vila Nova do Piau\u00ed, assinou a ficha de filia\u00e7\u00e3o partid\u00e1ria ao MDB (Movimento Democr\u00e1tico Brasileiro), partido pelo qual disputar\u00e1 a prefeitura da cidade no campo da oposi\u00e7\u00e3o. Dr. Ger\u00f4nimo como \u00e9 mais conhecido na &#8216;Cidade Poesia&#8217;, esteve presente no ato &hellip;","og_url":"https:\/\/portalnpm.com\/index.php\/2024\/03\/18\/dr-geronimo-assina-ficha-de-filiacao-ao-mdb-partido-pelo-qual-disputara-a-prefeitura-de-vila-nova-do-piaui\/","og_site_name":"Portal NPM","article_published_time":"2024-03-18T22:11:59+00:00","og_image":[{"width":1094,"height":1500,"url":"https:\/\/portalnpm.com\/wp-content\/uploads\/2024\/03\/IMG-20240318-WA0476.jpg","type":"image\/jpeg"}],"author":"Luis Alberto","twitter_card":"summary_large_image","twitter_misc":{"Escrito por":"Luis Alberto","Est. tempo de leitura":"2 minutos"},"schema":{"@context":"https:\/\/schema.org","@graph":[{"@type":"WebPage","@id":"https:\/\/portalnpm.com\/index.php\/2024\/03\/18\/dr-geronimo-assina-ficha-de-filiacao-ao-mdb-partido-pelo-qual-disputara-a-prefeitura-de-vila-nova-do-piaui\/","url":"https:\/\/portalnpm.com\/index.php\/2024\/03\/18\/dr-geronimo-assina-ficha-de-filiacao-ao-mdb-partido-pelo-qual-disputara-a-prefeitura-de-vila-nova-do-piaui\/","name":"Dr. Ger\u00f4nimo assina ficha de filia\u00e7\u00e3o ao MDB, partido pelo qual disputar\u00e1 a prefeitura de Vila Nova do Piau\u00ed - Portal NPM","isPartOf":{"@id":"https:\/\/portalnpm.com\/#website"},"primaryImageOfPage":{"@id":"https:\/\/portalnpm.com\/index.php\/2024\/03\/18\/dr-geronimo-assina-ficha-de-filiacao-ao-mdb-partido-pelo-qual-disputara-a-prefeitura-de-vila-nova-do-piaui\/#primaryimage"},"image":{"@id":"https:\/\/portalnpm.com\/index.php\/2024\/03\/18\/dr-geronimo-assina-ficha-de-filiacao-ao-mdb-partido-pelo-qual-disputara-a-prefeitura-de-vila-nova-do-piaui\/#primaryimage"},"thumbnailUrl":"https:\/\/portalnpm.com\/wp-content\/uploads\/2024\/03\/IMG-20240318-WA0476.jpg","datePublished":"2024-03-18T22:11:59+00:00","dateModified":"2024-03-18T22:11:59+00:00","author":{"@id":"https:\/\/portalnpm.com\/#\/schema\/person\/5c8006acdf71774cd4e7a5ab98482152"},"breadcrumb":{"@id":"https:\/\/portalnpm.com\/index.php\/2024\/03\/18\/dr-geronimo-assina-ficha-de-filiacao-ao-mdb-partido-pelo-qual-disputara-a-prefeitura-de-vila-nova-do-piaui\/#breadcrumb"},"inLanguage":"pt-BR","potentialAction":[{"@type":"ReadAction","target":["https:\/\/portalnpm.com\/index.php\/2024\/03\/18\/dr-geronimo-assina-ficha-de-filiacao-ao-mdb-partido-pelo-qual-disputara-a-prefeitura-de-vila-nova-do-piaui\/"]}]},{"@type":"ImageObject","inLanguage":"pt-BR","@id":"https:\/\/portalnpm.com\/index.php\/2024\/03\/18\/dr-geronimo-assina-ficha-de-filiacao-ao-mdb-partido-pelo-qual-disputara-a-prefeitura-de-vila-nova-do-piaui\/#primaryimage","url":"https:\/\/portalnpm.com\/wp-content\/uploads\/2024\/03\/IMG-20240318-WA0476.jpg","contentUrl":"https:\/\/portalnpm.com\/wp-content\/uploads\/2024\/03\/IMG-20240318-WA0476.jpg","width":1094,"height":1500},{"@type":"BreadcrumbList","@id":"https:\/\/portalnpm.com\/index.php\/2024\/03\/18\/dr-geronimo-assina-ficha-de-filiacao-ao-mdb-partido-pelo-qual-disputara-a-prefeitura-de-vila-nova-do-piaui\/#breadcrumb","itemListElement":[{"@type":"ListItem","position":1,"name":"In\u00edcio","item":"https:\/\/portalnpm.com\/"},{"@type":"ListItem","position":2,"name":"Dr. Ger\u00f4nimo assina ficha de filia\u00e7\u00e3o ao MDB, partido pelo qual disputar\u00e1 a prefeitura de Vila Nova do Piau\u00ed"}]},{"@type":"WebSite","@id":"https:\/\/portalnpm.com\/#website","url":"https:\/\/portalnpm.com\/","name":"Portal NPM","description":"Not\u00edcias em Primeira M\u00e3o","potentialAction":[{"@type":"SearchAction","target":{"@type":"EntryPoint","urlTemplate":"https:\/\/portalnpm.com\/?s={search_term_string}"},"query-input":"required name=search_term_string"}],"inLanguage":"pt-BR"},{"@type":"Person","@id":"https:\/\/portalnpm.com\/#\/schema\/person\/5c8006acdf71774cd4e7a5ab98482152","name":"Luis Alberto","image":{"@type":"ImageObject","inLanguage":"pt-BR","@id":"https:\/\/portalnpm.com\/#\/schema\/person\/image\/","url":"https:\/\/portalnpm.com\/wp-content\/uploads\/2024\/12\/avatar_user_3_1734699769-96x96.jpeg","contentUrl":"https:\/\/portalnpm.com\/wp-content\/uploads\/2024\/12\/avatar_user_3_1734699769-96x96.jpeg","caption":"Luis Alberto"},"description":"Editor-geral do Portal NPM, \u00e9 formado como T\u00e9cnico em Seguran\u00e7a do Trabalho pela Escola Metropolitana de Cursos T\u00e9cnicos. Det\u00e9m ainda licenciatura em Educa\u00e7\u00e3o F\u00edsica e bacharelado em Ci\u00eancias Pol\u00edticas, ambos obtidos pela institui\u00e7\u00e3o Anhanguera\/UNOPAR.","url":"https:\/\/portalnpm.com\/index.php\/author\/pereira\/"}]}},"jetpack_sharing_enabled":true,"jetpack_featured_media_url":"https:\/\/portalnpm.com\/wp-content\/uploads\/2024\/03\/IMG-20240318-WA0476.jpg","_links":{"self":[{"href":"https:\/\/portalnpm.com\/index.php\/wp-json\/wp\/v2\/posts\/71945"}],"collection":[{"href":"https:\/\/portalnpm.com\/index.php\/wp-json\/wp\/v2\/posts"}],"about":[{"href":"https:\/\/portalnpm.com\/index.php\/wp-json\/wp\/v2\/types\/post"}],"author":[{"embeddable":true,"href":"https:\/\/portalnpm.com\/index.php\/wp-json\/wp\/v2\/users\/3"}],"replies":[{"embeddable":true,"href":"https:\/\/portalnpm.com\/index.php\/wp-json\/wp\/v2\/comments?post=71945"}],"version-history":[{"count":2,"href":"https:\/\/portalnpm.com\/index.php\/wp-json\/wp\/v2\/posts\/71945\/revisions"}],"predecessor-version":[{"id":71948,"href":"https:\/\/portalnpm.com\/index.php\/wp-json\/wp\/v2\/posts\/71945\/revisions\/71948"}],"wp:featuredmedia":[{"embeddable":true,"href":"https:\/\/portalnpm.com\/index.php\/wp-json\/wp\/v2\/media\/71949"}],"wp:attachment":[{"href":"https:\/\/portalnpm.com\/index.php\/wp-json\/wp\/v2\/media?parent=71945"}],"wp:term":[{"taxonomy":"category","embeddable":true,"href":"https:\/\/portalnpm.com\/index.php\/wp-json\/wp\/v2\/categories?post=71945"},{"taxonomy":"post_tag","embeddable":true,"href":"https:\/\/portalnpm.com\/index.php\/wp-json\/wp\/v2\/tags?post=71945"}],"curies":[{"name":"wp","href":"https:\/\/api.w.org\/{rel}","templated":true}]}}