{"id":71997,"date":"2024-03-19T19:28:09","date_gmt":"2024-03-19T22:28:09","guid":{"rendered":"https:\/\/portalnpm.com\/?p=71997"},"modified":"2024-03-19T19:28:09","modified_gmt":"2024-03-19T22:28:09","slug":"vera-mendes-estreia-com-vitoria-no-campeonato-regional-de-bela-vista-do-piaui","status":"publish","type":"post","link":"https:\/\/portalnpm.com\/index.php\/2024\/03\/19\/vera-mendes-estreia-com-vitoria-no-campeonato-regional-de-bela-vista-do-piaui\/","title":{"rendered":"Vera Mendes estreia com vit\u00f3ria no Campeonato Regional de Bela Vista do Piau\u00ed"},"content":{"rendered":"<div class=\"td_block_wrap tdb_single_content tdi_103 td-pb-border-top td_block_template_1 td-post-content tagdiv-type\" data-td-block-uid=\"tdi_103\">\n<div class=\"tdb-block-inner td-fix-index\">\n<div class=\"td-a-ad id_top_ad \"><\/div>\n<p>A Sele\u00e7\u00e3o Municipal de futebol amador do munic\u00edpio de Vera Mendes \u2013 PI, deu um grande passo em sua jornada no Campeonato Regional de Futebol de Bela Vista do Piau\u00ed \u2014 2024, ao estrear com uma vit\u00f3ria vibrante. O certame, promovido pela prefeitura de Bela Vista do Piau\u00ed, atrav\u00e9s da Secretaria de Esportes, re\u00fane 10 munic\u00edpios da regi\u00e3o em uma emocionante batalha pelo t\u00edtulo.<\/p>\n<p>A abertura oficial do campeonato ocorreu neste s\u00e1bado, dia 16 de mar\u00e7o, mas foi neste domingo, dia 17, que Vera Mendes entrou em campo para enfrentar a equipe dos Mercen\u00e1rios de Simpl\u00edcio Mendes. O Est\u00e1dio Municipal Caetano Coelho Rodrigues foi palco de um duelo intenso, onde as duas equipes demonstraram determina\u00e7\u00e3o e habilidade.<\/p>\n<p><a class=\"td-modal-image\" href=\"https:\/\/infonewss.com\/wp-content\/uploads\/2024\/03\/Vera-Mendes-estreia-com-vitoria-no-Campeonato-Regional-de-Bela-Vista-do-Piaui-WhatsApp-Image-2024-03-18-at-2.55.14-PM.jpeg\"><img fetchpriority=\"high\" decoding=\"async\" class=\"alignnone size-full wp-image-494444 lazyloaded\" src=\"https:\/\/infonewss.com\/wp-content\/uploads\/2024\/03\/Vera-Mendes-estreia-com-vitoria-no-Campeonato-Regional-de-Bela-Vista-do-Piaui-WhatsApp-Image-2024-03-18-at-2.55.14-PM.jpeg\" sizes=\"(max-width: 900px) 100vw, 900px\" srcset=\"https:\/\/infonewss.com\/wp-content\/uploads\/2024\/03\/Vera-Mendes-estreia-com-vitoria-no-Campeonato-Regional-de-Bela-Vista-do-Piaui-WhatsApp-Image-2024-03-18-at-2.55.14-PM.jpeg 900w, https:\/\/infonewss.com\/wp-content\/uploads\/2024\/03\/Vera-Mendes-estreia-com-vitoria-no-Campeonato-Regional-de-Bela-Vista-do-Piaui-WhatsApp-Image-2024-03-18-at-2.55.14-PM-300x169.jpeg 300w, https:\/\/infonewss.com\/wp-content\/uploads\/2024\/03\/Vera-Mendes-estreia-com-vitoria-no-Campeonato-Regional-de-Bela-Vista-do-Piaui-WhatsApp-Image-2024-03-18-at-2.55.14-PM-768x432.jpeg 768w, https:\/\/infonewss.com\/wp-content\/uploads\/2024\/03\/Vera-Mendes-estreia-com-vitoria-no-Campeonato-Regional-de-Bela-Vista-do-Piaui-WhatsApp-Image-2024-03-18-at-2.55.14-PM-150x84.jpeg 150w, https:\/\/infonewss.com\/wp-content\/uploads\/2024\/03\/Vera-Mendes-estreia-com-vitoria-no-Campeonato-Regional-de-Bela-Vista-do-Piaui-WhatsApp-Image-2024-03-18-at-2.55.14-PM-696x391.jpeg 696w\" alt=\"\" width=\"900\" height=\"506\" data-srcset=\"https:\/\/infonewss.com\/wp-content\/uploads\/2024\/03\/Vera-Mendes-estreia-com-vitoria-no-Campeonato-Regional-de-Bela-Vista-do-Piaui-WhatsApp-Image-2024-03-18-at-2.55.14-PM.jpeg 900w, https:\/\/infonewss.com\/wp-content\/uploads\/2024\/03\/Vera-Mendes-estreia-com-vitoria-no-Campeonato-Regional-de-Bela-Vista-do-Piaui-WhatsApp-Image-2024-03-18-at-2.55.14-PM-300x169.jpeg 300w, https:\/\/infonewss.com\/wp-content\/uploads\/2024\/03\/Vera-Mendes-estreia-com-vitoria-no-Campeonato-Regional-de-Bela-Vista-do-Piaui-WhatsApp-Image-2024-03-18-at-2.55.14-PM-768x432.jpeg 768w, https:\/\/infonewss.com\/wp-content\/uploads\/2024\/03\/Vera-Mendes-estreia-com-vitoria-no-Campeonato-Regional-de-Bela-Vista-do-Piaui-WhatsApp-Image-2024-03-18-at-2.55.14-PM-150x84.jpeg 150w, https:\/\/infonewss.com\/wp-content\/uploads\/2024\/03\/Vera-Mendes-estreia-com-vitoria-no-Campeonato-Regional-de-Bela-Vista-do-Piaui-WhatsApp-Image-2024-03-18-at-2.55.14-PM-696x391.jpeg 696w\" data-src=\"https:\/\/infonewss.com\/wp-content\/uploads\/2024\/03\/Vera-Mendes-estreia-com-vitoria-no-Campeonato-Regional-de-Bela-Vista-do-Piaui-WhatsApp-Image-2024-03-18-at-2.55.14-PM.jpeg\" data-sizes=\"(max-width: 900px) 100vw, 900px\" \/><\/a><\/p>\n<p>Com a presen\u00e7a de autoridades locais, incluindo os prefeitos de Bela Vista e Vera Mendes, Neto e Dr. Carlim, respectivamente, e diversas personalidades regionais, o est\u00e1dio recebeu uma multid\u00e3o de torcedores empolgados, que proporcionaram um clima vibrante e contagiante ao evento.<\/p>\n<p><a class=\"td-modal-image\" href=\"data:image\/gif;base64,R0lGODlhAQABAAAAACH5BAEKAAEALAAAAAABAAEAAAICTAEAOw==\"><img decoding=\"async\" class=\"alignnone size-full wp-image-494438 lazyloaded\" src=\"https:\/\/infonewss.com\/wp-content\/uploads\/2024\/03\/Vera-Mendes-estreia-com-vitoria-no-Campeonato-Regional-de-Bela-Vista-do-Piaui-IMG_8131.jpg\" sizes=\"(max-width: 900px) 100vw, 900px\" srcset=\"https:\/\/infonewss.com\/wp-content\/uploads\/2024\/03\/Vera-Mendes-estreia-com-vitoria-no-Campeonato-Regional-de-Bela-Vista-do-Piaui-IMG_8131.jpg 900w, https:\/\/infonewss.com\/wp-content\/uploads\/2024\/03\/Vera-Mendes-estreia-com-vitoria-no-Campeonato-Regional-de-Bela-Vista-do-Piaui-IMG_8131-300x200.jpg 300w, https:\/\/infonewss.com\/wp-content\/uploads\/2024\/03\/Vera-Mendes-estreia-com-vitoria-no-Campeonato-Regional-de-Bela-Vista-do-Piaui-IMG_8131-768x512.jpg 768w, https:\/\/infonewss.com\/wp-content\/uploads\/2024\/03\/Vera-Mendes-estreia-com-vitoria-no-Campeonato-Regional-de-Bela-Vista-do-Piaui-IMG_8131-150x100.jpg 150w, https:\/\/infonewss.com\/wp-content\/uploads\/2024\/03\/Vera-Mendes-estreia-com-vitoria-no-Campeonato-Regional-de-Bela-Vista-do-Piaui-IMG_8131-696x464.jpg 696w\" alt=\"\" width=\"900\" height=\"600\" data-srcset=\"https:\/\/infonewss.com\/wp-content\/uploads\/2024\/03\/Vera-Mendes-estreia-com-vitoria-no-Campeonato-Regional-de-Bela-Vista-do-Piaui-IMG_8131.jpg 900w, https:\/\/infonewss.com\/wp-content\/uploads\/2024\/03\/Vera-Mendes-estreia-com-vitoria-no-Campeonato-Regional-de-Bela-Vista-do-Piaui-IMG_8131-300x200.jpg 300w, https:\/\/infonewss.com\/wp-content\/uploads\/2024\/03\/Vera-Mendes-estreia-com-vitoria-no-Campeonato-Regional-de-Bela-Vista-do-Piaui-IMG_8131-768x512.jpg 768w, https:\/\/infonewss.com\/wp-content\/uploads\/2024\/03\/Vera-Mendes-estreia-com-vitoria-no-Campeonato-Regional-de-Bela-Vista-do-Piaui-IMG_8131-150x100.jpg 150w, https:\/\/infonewss.com\/wp-content\/uploads\/2024\/03\/Vera-Mendes-estreia-com-vitoria-no-Campeonato-Regional-de-Bela-Vista-do-Piaui-IMG_8131-696x464.jpg 696w\" data-src=\"https:\/\/infonewss.com\/wp-content\/uploads\/2024\/03\/Vera-Mendes-estreia-com-vitoria-no-Campeonato-Regional-de-Bela-Vista-do-Piaui-IMG_8131.jpg\" data-sizes=\"(max-width: 900px) 100vw, 900px\" \/><\/a><\/p>\n<p>No primeiro tempo, o confronto foi equilibrado, com ambos os lados buscando o gol. No entanto, Vera Mendes mostrou uma leve superioridade, controlando o jogo e criando oportunidades.<\/p>\n<p><a class=\"td-modal-image\" href=\"data:image\/gif;base64,R0lGODlhAQABAAAAACH5BAEKAAEALAAAAAABAAEAAAICTAEAOw==\"><img decoding=\"async\" class=\"alignnone size-full wp-image-494364 lazyloaded\" src=\"https:\/\/infonewss.com\/wp-content\/uploads\/2024\/03\/Vera-Mendes-estreia-com-vitoria-no-Campeonato-Regional-de-Bela-Vista-do-Piaui-IMG_7980.jpg\" sizes=\"(max-width: 900px) 100vw, 900px\" srcset=\"https:\/\/infonewss.com\/wp-content\/uploads\/2024\/03\/Vera-Mendes-estreia-com-vitoria-no-Campeonato-Regional-de-Bela-Vista-do-Piaui-IMG_7980.jpg 900w, https:\/\/infonewss.com\/wp-content\/uploads\/2024\/03\/Vera-Mendes-estreia-com-vitoria-no-Campeonato-Regional-de-Bela-Vista-do-Piaui-IMG_7980-300x200.jpg 300w, https:\/\/infonewss.com\/wp-content\/uploads\/2024\/03\/Vera-Mendes-estreia-com-vitoria-no-Campeonato-Regional-de-Bela-Vista-do-Piaui-IMG_7980-768x512.jpg 768w, https:\/\/infonewss.com\/wp-content\/uploads\/2024\/03\/Vera-Mendes-estreia-com-vitoria-no-Campeonato-Regional-de-Bela-Vista-do-Piaui-IMG_7980-150x100.jpg 150w, https:\/\/infonewss.com\/wp-content\/uploads\/2024\/03\/Vera-Mendes-estreia-com-vitoria-no-Campeonato-Regional-de-Bela-Vista-do-Piaui-IMG_7980-696x464.jpg 696w\" alt=\"\" width=\"900\" height=\"600\" data-srcset=\"https:\/\/infonewss.com\/wp-content\/uploads\/2024\/03\/Vera-Mendes-estreia-com-vitoria-no-Campeonato-Regional-de-Bela-Vista-do-Piaui-IMG_7980.jpg 900w, https:\/\/infonewss.com\/wp-content\/uploads\/2024\/03\/Vera-Mendes-estreia-com-vitoria-no-Campeonato-Regional-de-Bela-Vista-do-Piaui-IMG_7980-300x200.jpg 300w, https:\/\/infonewss.com\/wp-content\/uploads\/2024\/03\/Vera-Mendes-estreia-com-vitoria-no-Campeonato-Regional-de-Bela-Vista-do-Piaui-IMG_7980-768x512.jpg 768w, https:\/\/infonewss.com\/wp-content\/uploads\/2024\/03\/Vera-Mendes-estreia-com-vitoria-no-Campeonato-Regional-de-Bela-Vista-do-Piaui-IMG_7980-150x100.jpg 150w, https:\/\/infonewss.com\/wp-content\/uploads\/2024\/03\/Vera-Mendes-estreia-com-vitoria-no-Campeonato-Regional-de-Bela-Vista-do-Piaui-IMG_7980-696x464.jpg 696w\" data-src=\"https:\/\/infonewss.com\/wp-content\/uploads\/2024\/03\/Vera-Mendes-estreia-com-vitoria-no-Campeonato-Regional-de-Bela-Vista-do-Piaui-IMG_7980.jpg\" data-sizes=\"(max-width: 900px) 100vw, 900px\" \/><\/a><\/p>\n<p>Foi no segundo tempo que a equipe de Vera Mendes brilhou ainda mais, aproveitando as chances e encontrando o caminho para o gol. O momento decisivo veio com Gen\u00e1rio Alberto, que marcou o gol da vit\u00f3ria, levando os torcedores ao del\u00edrio.<\/p>\n<p><a class=\"td-modal-image\" href=\"data:image\/gif;base64,R0lGODlhAQABAAAAACH5BAEKAAEALAAAAAABAAEAAAICTAEAOw==\"><img loading=\"lazy\" decoding=\"async\" class=\"alignnone size-full wp-image-494350 lazyloaded\" src=\"https:\/\/infonewss.com\/wp-content\/uploads\/2024\/03\/Vera-Mendes-estreia-com-vitoria-no-Campeonato-Regional-de-Bela-Vista-do-Piaui-IMG_7961.jpg\" sizes=\"(max-width: 900px) 100vw, 900px\" srcset=\"https:\/\/infonewss.com\/wp-content\/uploads\/2024\/03\/Vera-Mendes-estreia-com-vitoria-no-Campeonato-Regional-de-Bela-Vista-do-Piaui-IMG_7961.jpg 900w, https:\/\/infonewss.com\/wp-content\/uploads\/2024\/03\/Vera-Mendes-estreia-com-vitoria-no-Campeonato-Regional-de-Bela-Vista-do-Piaui-IMG_7961-200x300.jpg 200w, https:\/\/infonewss.com\/wp-content\/uploads\/2024\/03\/Vera-Mendes-estreia-com-vitoria-no-Campeonato-Regional-de-Bela-Vista-do-Piaui-IMG_7961-683x1024.jpg 683w, https:\/\/infonewss.com\/wp-content\/uploads\/2024\/03\/Vera-Mendes-estreia-com-vitoria-no-Campeonato-Regional-de-Bela-Vista-do-Piaui-IMG_7961-768x1152.jpg 768w, https:\/\/infonewss.com\/wp-content\/uploads\/2024\/03\/Vera-Mendes-estreia-com-vitoria-no-Campeonato-Regional-de-Bela-Vista-do-Piaui-IMG_7961-150x225.jpg 150w, https:\/\/infonewss.com\/wp-content\/uploads\/2024\/03\/Vera-Mendes-estreia-com-vitoria-no-Campeonato-Regional-de-Bela-Vista-do-Piaui-IMG_7961-300x450.jpg 300w, https:\/\/infonewss.com\/wp-content\/uploads\/2024\/03\/Vera-Mendes-estreia-com-vitoria-no-Campeonato-Regional-de-Bela-Vista-do-Piaui-IMG_7961-696x1044.jpg 696w\" alt=\"\" width=\"900\" height=\"1350\" data-srcset=\"https:\/\/infonewss.com\/wp-content\/uploads\/2024\/03\/Vera-Mendes-estreia-com-vitoria-no-Campeonato-Regional-de-Bela-Vista-do-Piaui-IMG_7961.jpg 900w, https:\/\/infonewss.com\/wp-content\/uploads\/2024\/03\/Vera-Mendes-estreia-com-vitoria-no-Campeonato-Regional-de-Bela-Vista-do-Piaui-IMG_7961-200x300.jpg 200w, https:\/\/infonewss.com\/wp-content\/uploads\/2024\/03\/Vera-Mendes-estreia-com-vitoria-no-Campeonato-Regional-de-Bela-Vista-do-Piaui-IMG_7961-683x1024.jpg 683w, https:\/\/infonewss.com\/wp-content\/uploads\/2024\/03\/Vera-Mendes-estreia-com-vitoria-no-Campeonato-Regional-de-Bela-Vista-do-Piaui-IMG_7961-768x1152.jpg 768w, https:\/\/infonewss.com\/wp-content\/uploads\/2024\/03\/Vera-Mendes-estreia-com-vitoria-no-Campeonato-Regional-de-Bela-Vista-do-Piaui-IMG_7961-150x225.jpg 150w, https:\/\/infonewss.com\/wp-content\/uploads\/2024\/03\/Vera-Mendes-estreia-com-vitoria-no-Campeonato-Regional-de-Bela-Vista-do-Piaui-IMG_7961-300x450.jpg 300w, https:\/\/infonewss.com\/wp-content\/uploads\/2024\/03\/Vera-Mendes-estreia-com-vitoria-no-Campeonato-Regional-de-Bela-Vista-do-Piaui-IMG_7961-696x1044.jpg 696w\" data-src=\"https:\/\/infonewss.com\/wp-content\/uploads\/2024\/03\/Vera-Mendes-estreia-com-vitoria-no-Campeonato-Regional-de-Bela-Vista-do-Piaui-IMG_7961.jpg\" data-sizes=\"(max-width: 900px) 100vw, 900px\" \/><\/a><\/p>\n<p>O prefeito de Vera Mendes, que esteve presente na partida, expressou sua satisfa\u00e7\u00e3o em ver a equipe representando o munic\u00edpio com tanto empenho e dedica\u00e7\u00e3o. \u201cEstamos muito orgulhosos do desempenho da nossa sele\u00e7\u00e3o neste primeiro jogo. \u00c9 gratificante ver nossos atletas dando o seu melhor em campo e conquistando resultados positivos. Para mim \u00e9 uma satisfa\u00e7\u00e3o est\u00e1 na cidade de Bela Vista, participando juntamente com a nossa sele\u00e7\u00e3o desse grande campeonato, promovido pela gest\u00e3o prefeito Neto\u201d, declarou o prefeito.<\/p>\n<p><a class=\"td-modal-image\" href=\"data:image\/gif;base64,R0lGODlhAQABAAAAACH5BAEKAAEALAAAAAABAAEAAAICTAEAOw==\"><img loading=\"lazy\" decoding=\"async\" class=\"alignnone size-full wp-image-494384 lazyloaded\" src=\"https:\/\/infonewss.com\/wp-content\/uploads\/2024\/03\/Vera-Mendes-estreia-com-vitoria-no-Campeonato-Regional-de-Bela-Vista-do-Piaui-IMG_8025.jpg\" sizes=\"(max-width: 900px) 100vw, 900px\" srcset=\"https:\/\/infonewss.com\/wp-content\/uploads\/2024\/03\/Vera-Mendes-estreia-com-vitoria-no-Campeonato-Regional-de-Bela-Vista-do-Piaui-IMG_8025.jpg 900w, https:\/\/infonewss.com\/wp-content\/uploads\/2024\/03\/Vera-Mendes-estreia-com-vitoria-no-Campeonato-Regional-de-Bela-Vista-do-Piaui-IMG_8025-300x200.jpg 300w, https:\/\/infonewss.com\/wp-content\/uploads\/2024\/03\/Vera-Mendes-estreia-com-vitoria-no-Campeonato-Regional-de-Bela-Vista-do-Piaui-IMG_8025-768x512.jpg 768w, https:\/\/infonewss.com\/wp-content\/uploads\/2024\/03\/Vera-Mendes-estreia-com-vitoria-no-Campeonato-Regional-de-Bela-Vista-do-Piaui-IMG_8025-150x100.jpg 150w, https:\/\/infonewss.com\/wp-content\/uploads\/2024\/03\/Vera-Mendes-estreia-com-vitoria-no-Campeonato-Regional-de-Bela-Vista-do-Piaui-IMG_8025-696x464.jpg 696w\" alt=\"\" width=\"900\" height=\"600\" data-srcset=\"https:\/\/infonewss.com\/wp-content\/uploads\/2024\/03\/Vera-Mendes-estreia-com-vitoria-no-Campeonato-Regional-de-Bela-Vista-do-Piaui-IMG_8025.jpg 900w, https:\/\/infonewss.com\/wp-content\/uploads\/2024\/03\/Vera-Mendes-estreia-com-vitoria-no-Campeonato-Regional-de-Bela-Vista-do-Piaui-IMG_8025-300x200.jpg 300w, https:\/\/infonewss.com\/wp-content\/uploads\/2024\/03\/Vera-Mendes-estreia-com-vitoria-no-Campeonato-Regional-de-Bela-Vista-do-Piaui-IMG_8025-768x512.jpg 768w, https:\/\/infonewss.com\/wp-content\/uploads\/2024\/03\/Vera-Mendes-estreia-com-vitoria-no-Campeonato-Regional-de-Bela-Vista-do-Piaui-IMG_8025-150x100.jpg 150w, https:\/\/infonewss.com\/wp-content\/uploads\/2024\/03\/Vera-Mendes-estreia-com-vitoria-no-Campeonato-Regional-de-Bela-Vista-do-Piaui-IMG_8025-696x464.jpg 696w\" data-src=\"https:\/\/infonewss.com\/wp-content\/uploads\/2024\/03\/Vera-Mendes-estreia-com-vitoria-no-Campeonato-Regional-de-Bela-Vista-do-Piaui-IMG_8025.jpg\" data-sizes=\"(max-width: 900px) 100vw, 900px\" \/><\/a><\/p>\n<p>Neto, prefeito de Bela Vista do Piau\u00ed, falou sobre a partida e a competi\u00e7\u00e3o. \u201cFoi mais uma grande partida desse grande campeonato que proporciona a integra\u00e7\u00e3o entre os munic\u00edpios, hoje com a vit\u00f3ria do time de Vera Mendes, onde eu gostaria de parabenizar os atletas, e o prefeito Dr. Carlim pelo apoio.\u201d Disse.<\/p>\n<p><a class=\"td-modal-image\" href=\"data:image\/gif;base64,R0lGODlhAQABAAAAACH5BAEKAAEALAAAAAABAAEAAAICTAEAOw==\"><img loading=\"lazy\" decoding=\"async\" class=\"alignnone size-full wp-image-494442 lazyloaded\" src=\"https:\/\/infonewss.com\/wp-content\/uploads\/2024\/03\/Vera-Mendes-estreia-com-vitoria-no-Campeonato-Regional-de-Bela-Vista-do-Piaui-IMG_8150.jpg\" sizes=\"(max-width: 900px) 100vw, 900px\" srcset=\"https:\/\/infonewss.com\/wp-content\/uploads\/2024\/03\/Vera-Mendes-estreia-com-vitoria-no-Campeonato-Regional-de-Bela-Vista-do-Piaui-IMG_8150.jpg 900w, https:\/\/infonewss.com\/wp-content\/uploads\/2024\/03\/Vera-Mendes-estreia-com-vitoria-no-Campeonato-Regional-de-Bela-Vista-do-Piaui-IMG_8150-300x200.jpg 300w, https:\/\/infonewss.com\/wp-content\/uploads\/2024\/03\/Vera-Mendes-estreia-com-vitoria-no-Campeonato-Regional-de-Bela-Vista-do-Piaui-IMG_8150-768x512.jpg 768w, https:\/\/infonewss.com\/wp-content\/uploads\/2024\/03\/Vera-Mendes-estreia-com-vitoria-no-Campeonato-Regional-de-Bela-Vista-do-Piaui-IMG_8150-150x100.jpg 150w, https:\/\/infonewss.com\/wp-content\/uploads\/2024\/03\/Vera-Mendes-estreia-com-vitoria-no-Campeonato-Regional-de-Bela-Vista-do-Piaui-IMG_8150-696x464.jpg 696w\" alt=\"\" width=\"900\" height=\"600\" data-srcset=\"https:\/\/infonewss.com\/wp-content\/uploads\/2024\/03\/Vera-Mendes-estreia-com-vitoria-no-Campeonato-Regional-de-Bela-Vista-do-Piaui-IMG_8150.jpg 900w, https:\/\/infonewss.com\/wp-content\/uploads\/2024\/03\/Vera-Mendes-estreia-com-vitoria-no-Campeonato-Regional-de-Bela-Vista-do-Piaui-IMG_8150-300x200.jpg 300w, https:\/\/infonewss.com\/wp-content\/uploads\/2024\/03\/Vera-Mendes-estreia-com-vitoria-no-Campeonato-Regional-de-Bela-Vista-do-Piaui-IMG_8150-768x512.jpg 768w, https:\/\/infonewss.com\/wp-content\/uploads\/2024\/03\/Vera-Mendes-estreia-com-vitoria-no-Campeonato-Regional-de-Bela-Vista-do-Piaui-IMG_8150-150x100.jpg 150w, https:\/\/infonewss.com\/wp-content\/uploads\/2024\/03\/Vera-Mendes-estreia-com-vitoria-no-Campeonato-Regional-de-Bela-Vista-do-Piaui-IMG_8150-696x464.jpg 696w\" data-src=\"https:\/\/infonewss.com\/wp-content\/uploads\/2024\/03\/Vera-Mendes-estreia-com-vitoria-no-Campeonato-Regional-de-Bela-Vista-do-Piaui-IMG_8150.jpg\" data-sizes=\"(max-width: 900px) 100vw, 900px\" \/><\/a><\/p>\n<p><strong>Campeonato<\/strong><\/p>\n<p>O Campeonato Regional de Futebol de Bela Vista do Piau\u00ed objetiva desenvolver o setor esportivo do munic\u00edpio, proporcionando oportunidades e momentos de lazer para a popula\u00e7\u00e3o. Com in\u00edcio neste s\u00e1bado (16), os jogos ser\u00e3o realizados aos s\u00e1bados e domingos.<\/p>\n<p><a class=\"td-modal-image\" href=\"data:image\/gif;base64,R0lGODlhAQABAAAAACH5BAEKAAEALAAAAAABAAEAAAICTAEAOw==\"><img loading=\"lazy\" decoding=\"async\" class=\"alignnone size-full wp-image-494415 lazyloaded\" src=\"https:\/\/infonewss.com\/wp-content\/uploads\/2024\/03\/Vera-Mendes-estreia-com-vitoria-no-Campeonato-Regional-de-Bela-Vista-do-Piaui-IMG_8090.jpg\" sizes=\"(max-width: 900px) 100vw, 900px\" srcset=\"https:\/\/infonewss.com\/wp-content\/uploads\/2024\/03\/Vera-Mendes-estreia-com-vitoria-no-Campeonato-Regional-de-Bela-Vista-do-Piaui-IMG_8090.jpg 900w, https:\/\/infonewss.com\/wp-content\/uploads\/2024\/03\/Vera-Mendes-estreia-com-vitoria-no-Campeonato-Regional-de-Bela-Vista-do-Piaui-IMG_8090-200x300.jpg 200w, https:\/\/infonewss.com\/wp-content\/uploads\/2024\/03\/Vera-Mendes-estreia-com-vitoria-no-Campeonato-Regional-de-Bela-Vista-do-Piaui-IMG_8090-683x1024.jpg 683w, https:\/\/infonewss.com\/wp-content\/uploads\/2024\/03\/Vera-Mendes-estreia-com-vitoria-no-Campeonato-Regional-de-Bela-Vista-do-Piaui-IMG_8090-768x1152.jpg 768w, https:\/\/infonewss.com\/wp-content\/uploads\/2024\/03\/Vera-Mendes-estreia-com-vitoria-no-Campeonato-Regional-de-Bela-Vista-do-Piaui-IMG_8090-150x225.jpg 150w, https:\/\/infonewss.com\/wp-content\/uploads\/2024\/03\/Vera-Mendes-estreia-com-vitoria-no-Campeonato-Regional-de-Bela-Vista-do-Piaui-IMG_8090-300x450.jpg 300w, https:\/\/infonewss.com\/wp-content\/uploads\/2024\/03\/Vera-Mendes-estreia-com-vitoria-no-Campeonato-Regional-de-Bela-Vista-do-Piaui-IMG_8090-696x1044.jpg 696w\" alt=\"\" width=\"900\" height=\"1350\" data-srcset=\"https:\/\/infonewss.com\/wp-content\/uploads\/2024\/03\/Vera-Mendes-estreia-com-vitoria-no-Campeonato-Regional-de-Bela-Vista-do-Piaui-IMG_8090.jpg 900w, https:\/\/infonewss.com\/wp-content\/uploads\/2024\/03\/Vera-Mendes-estreia-com-vitoria-no-Campeonato-Regional-de-Bela-Vista-do-Piaui-IMG_8090-200x300.jpg 200w, https:\/\/infonewss.com\/wp-content\/uploads\/2024\/03\/Vera-Mendes-estreia-com-vitoria-no-Campeonato-Regional-de-Bela-Vista-do-Piaui-IMG_8090-683x1024.jpg 683w, https:\/\/infonewss.com\/wp-content\/uploads\/2024\/03\/Vera-Mendes-estreia-com-vitoria-no-Campeonato-Regional-de-Bela-Vista-do-Piaui-IMG_8090-768x1152.jpg 768w, https:\/\/infonewss.com\/wp-content\/uploads\/2024\/03\/Vera-Mendes-estreia-com-vitoria-no-Campeonato-Regional-de-Bela-Vista-do-Piaui-IMG_8090-150x225.jpg 150w, https:\/\/infonewss.com\/wp-content\/uploads\/2024\/03\/Vera-Mendes-estreia-com-vitoria-no-Campeonato-Regional-de-Bela-Vista-do-Piaui-IMG_8090-300x450.jpg 300w, https:\/\/infonewss.com\/wp-content\/uploads\/2024\/03\/Vera-Mendes-estreia-com-vitoria-no-Campeonato-Regional-de-Bela-Vista-do-Piaui-IMG_8090-696x1044.jpg 696w\" data-src=\"https:\/\/infonewss.com\/wp-content\/uploads\/2024\/03\/Vera-Mendes-estreia-com-vitoria-no-Campeonato-Regional-de-Bela-Vista-do-Piaui-IMG_8090.jpg\" data-sizes=\"(max-width: 900px) 100vw, 900px\" \/><\/a><\/p>\n<p>Ao todo, o torneio contar\u00e1 com a participa\u00e7\u00e3o de 10 munic\u00edpios, sendo eles: Bela Vista do Piau\u00ed, Campinas do Piau\u00ed, Isa\u00edas Coelho, Jacobina do Piau\u00ed, Campo Alegre do Fidalgo, Simpl\u00edcio Mendes, Nova Santa Rita, Paes Landim, Concei\u00e7\u00e3o do Canind\u00e9 e Vera Mendes.<\/p>\n<p>Como forma de incentivo, ser\u00e1 ofertada uma premia\u00e7\u00e3o de R$ 12.000,00 (Doze Mil Reais) ao Campe\u00e3o, R$ 8.000,00 (Oito Mil Reais) ao Vice-campe\u00e3o, e R$ 300,00 (Trezentos Reais) ao Artilheiro, Melhor goleiro e Melhor jogador, al\u00e9m de trof\u00e9us e medalhas definitivos.<\/p>\n<p><a class=\"td-modal-image\" href=\"data:image\/gif;base64,R0lGODlhAQABAAAAACH5BAEKAAEALAAAAAABAAEAAAICTAEAOw==\"><img loading=\"lazy\" decoding=\"async\" class=\"alignnone size-full wp-image-494431 lazyloaded\" src=\"https:\/\/infonewss.com\/wp-content\/uploads\/2024\/03\/Vera-Mendes-estreia-com-vitoria-no-Campeonato-Regional-de-Bela-Vista-do-Piaui-IMG_8118.jpg\" sizes=\"(max-width: 900px) 100vw, 900px\" srcset=\"https:\/\/infonewss.com\/wp-content\/uploads\/2024\/03\/Vera-Mendes-estreia-com-vitoria-no-Campeonato-Regional-de-Bela-Vista-do-Piaui-IMG_8118.jpg 900w, https:\/\/infonewss.com\/wp-content\/uploads\/2024\/03\/Vera-Mendes-estreia-com-vitoria-no-Campeonato-Regional-de-Bela-Vista-do-Piaui-IMG_8118-300x200.jpg 300w, https:\/\/infonewss.com\/wp-content\/uploads\/2024\/03\/Vera-Mendes-estreia-com-vitoria-no-Campeonato-Regional-de-Bela-Vista-do-Piaui-IMG_8118-768x512.jpg 768w, https:\/\/infonewss.com\/wp-content\/uploads\/2024\/03\/Vera-Mendes-estreia-com-vitoria-no-Campeonato-Regional-de-Bela-Vista-do-Piaui-IMG_8118-150x100.jpg 150w, https:\/\/infonewss.com\/wp-content\/uploads\/2024\/03\/Vera-Mendes-estreia-com-vitoria-no-Campeonato-Regional-de-Bela-Vista-do-Piaui-IMG_8118-696x464.jpg 696w\" alt=\"\" width=\"900\" height=\"600\" data-srcset=\"https:\/\/infonewss.com\/wp-content\/uploads\/2024\/03\/Vera-Mendes-estreia-com-vitoria-no-Campeonato-Regional-de-Bela-Vista-do-Piaui-IMG_8118.jpg 900w, https:\/\/infonewss.com\/wp-content\/uploads\/2024\/03\/Vera-Mendes-estreia-com-vitoria-no-Campeonato-Regional-de-Bela-Vista-do-Piaui-IMG_8118-300x200.jpg 300w, https:\/\/infonewss.com\/wp-content\/uploads\/2024\/03\/Vera-Mendes-estreia-com-vitoria-no-Campeonato-Regional-de-Bela-Vista-do-Piaui-IMG_8118-768x512.jpg 768w, https:\/\/infonewss.com\/wp-content\/uploads\/2024\/03\/Vera-Mendes-estreia-com-vitoria-no-Campeonato-Regional-de-Bela-Vista-do-Piaui-IMG_8118-150x100.jpg 150w, https:\/\/infonewss.com\/wp-content\/uploads\/2024\/03\/Vera-Mendes-estreia-com-vitoria-no-Campeonato-Regional-de-Bela-Vista-do-Piaui-IMG_8118-696x464.jpg 696w\" data-src=\"https:\/\/infonewss.com\/wp-content\/uploads\/2024\/03\/Vera-Mendes-estreia-com-vitoria-no-Campeonato-Regional-de-Bela-Vista-do-Piaui-IMG_8118.jpg\" data-sizes=\"(max-width: 900px) 100vw, 900px\" \/><\/a><\/p>\n<p>Mais fotos;<\/p>\n<div id=\"gallery-1\" class=\"gallery galleryid-494330 gallery-columns-2 gallery-size-medium\">\n<figure class=\"gallery-item\">\n<div class=\"gallery-icon landscape\"><a href=\"https:\/\/infonewss.com\/wp-content\/uploads\/2024\/03\/Vera-Mendes-estreia-com-vitoria-no-Campeonato-Regional-de-Bela-Vista-do-Piaui-IMG_7939.jpg\"><img loading=\"lazy\" decoding=\"async\" class=\"attachment-medium size-medium lazyloaded\" src=\"https:\/\/infonewss.com\/wp-content\/uploads\/2024\/03\/Vera-Mendes-estreia-com-vitoria-no-Campeonato-Regional-de-Bela-Vista-do-Piaui-IMG_7939-300x200.jpg\" sizes=\"(max-width: 300px) 100vw, 300px\" srcset=\"https:\/\/infonewss.com\/wp-content\/uploads\/2024\/03\/Vera-Mendes-estreia-com-vitoria-no-Campeonato-Regional-de-Bela-Vista-do-Piaui-IMG_7939-300x200.jpg 300w, https:\/\/infonewss.com\/wp-content\/uploads\/2024\/03\/Vera-Mendes-estreia-com-vitoria-no-Campeonato-Regional-de-Bela-Vista-do-Piaui-IMG_7939-768x512.jpg 768w, https:\/\/infonewss.com\/wp-content\/uploads\/2024\/03\/Vera-Mendes-estreia-com-vitoria-no-Campeonato-Regional-de-Bela-Vista-do-Piaui-IMG_7939-150x100.jpg 150w, https:\/\/infonewss.com\/wp-content\/uploads\/2024\/03\/Vera-Mendes-estreia-com-vitoria-no-Campeonato-Regional-de-Bela-Vista-do-Piaui-IMG_7939-696x464.jpg 696w, https:\/\/infonewss.com\/wp-content\/uploads\/2024\/03\/Vera-Mendes-estreia-com-vitoria-no-Campeonato-Regional-de-Bela-Vista-do-Piaui-IMG_7939.jpg 900w\" alt=\"\" width=\"300\" height=\"200\" data-srcset=\"https:\/\/infonewss.com\/wp-content\/uploads\/2024\/03\/Vera-Mendes-estreia-com-vitoria-no-Campeonato-Regional-de-Bela-Vista-do-Piaui-IMG_7939-300x200.jpg 300w, https:\/\/infonewss.com\/wp-content\/uploads\/2024\/03\/Vera-Mendes-estreia-com-vitoria-no-Campeonato-Regional-de-Bela-Vista-do-Piaui-IMG_7939-768x512.jpg 768w, https:\/\/infonewss.com\/wp-content\/uploads\/2024\/03\/Vera-Mendes-estreia-com-vitoria-no-Campeonato-Regional-de-Bela-Vista-do-Piaui-IMG_7939-150x100.jpg 150w, https:\/\/infonewss.com\/wp-content\/uploads\/2024\/03\/Vera-Mendes-estreia-com-vitoria-no-Campeonato-Regional-de-Bela-Vista-do-Piaui-IMG_7939-696x464.jpg 696w, https:\/\/infonewss.com\/wp-content\/uploads\/2024\/03\/Vera-Mendes-estreia-com-vitoria-no-Campeonato-Regional-de-Bela-Vista-do-Piaui-IMG_7939.jpg 900w\" data-src=\"https:\/\/infonewss.com\/wp-content\/uploads\/2024\/03\/Vera-Mendes-estreia-com-vitoria-no-Campeonato-Regional-de-Bela-Vista-do-Piaui-IMG_7939-300x200.jpg\" data-sizes=\"(max-width: 300px) 100vw, 300px\" \/><\/a><\/div>\n<\/figure>\n<figure class=\"gallery-item\">\n<div class=\"gallery-icon landscape\"><a href=\"https:\/\/infonewss.com\/wp-content\/uploads\/2024\/03\/Vera-Mendes-estreia-com-vitoria-no-Campeonato-Regional-de-Bela-Vista-do-Piaui-IMG_7941.jpg\"><img loading=\"lazy\" decoding=\"async\" class=\"attachment-medium size-medium lazyloaded\" src=\"https:\/\/infonewss.com\/wp-content\/uploads\/2024\/03\/Vera-Mendes-estreia-com-vitoria-no-Campeonato-Regional-de-Bela-Vista-do-Piaui-IMG_7941-300x200.jpg\" sizes=\"(max-width: 300px) 100vw, 300px\" srcset=\"https:\/\/infonewss.com\/wp-content\/uploads\/2024\/03\/Vera-Mendes-estreia-com-vitoria-no-Campeonato-Regional-de-Bela-Vista-do-Piaui-IMG_7941-300x200.jpg 300w, https:\/\/infonewss.com\/wp-content\/uploads\/2024\/03\/Vera-Mendes-estreia-com-vitoria-no-Campeonato-Regional-de-Bela-Vista-do-Piaui-IMG_7941-768x512.jpg 768w, https:\/\/infonewss.com\/wp-content\/uploads\/2024\/03\/Vera-Mendes-estreia-com-vitoria-no-Campeonato-Regional-de-Bela-Vista-do-Piaui-IMG_7941-150x100.jpg 150w, https:\/\/infonewss.com\/wp-content\/uploads\/2024\/03\/Vera-Mendes-estreia-com-vitoria-no-Campeonato-Regional-de-Bela-Vista-do-Piaui-IMG_7941-696x464.jpg 696w, https:\/\/infonewss.com\/wp-content\/uploads\/2024\/03\/Vera-Mendes-estreia-com-vitoria-no-Campeonato-Regional-de-Bela-Vista-do-Piaui-IMG_7941.jpg 900w\" alt=\"\" width=\"300\" height=\"200\" data-srcset=\"https:\/\/infonewss.com\/wp-content\/uploads\/2024\/03\/Vera-Mendes-estreia-com-vitoria-no-Campeonato-Regional-de-Bela-Vista-do-Piaui-IMG_7941-300x200.jpg 300w, https:\/\/infonewss.com\/wp-content\/uploads\/2024\/03\/Vera-Mendes-estreia-com-vitoria-no-Campeonato-Regional-de-Bela-Vista-do-Piaui-IMG_7941-768x512.jpg 768w, https:\/\/infonewss.com\/wp-content\/uploads\/2024\/03\/Vera-Mendes-estreia-com-vitoria-no-Campeonato-Regional-de-Bela-Vista-do-Piaui-IMG_7941-150x100.jpg 150w, https:\/\/infonewss.com\/wp-content\/uploads\/2024\/03\/Vera-Mendes-estreia-com-vitoria-no-Campeonato-Regional-de-Bela-Vista-do-Piaui-IMG_7941-696x464.jpg 696w, https:\/\/infonewss.com\/wp-content\/uploads\/2024\/03\/Vera-Mendes-estreia-com-vitoria-no-Campeonato-Regional-de-Bela-Vista-do-Piaui-IMG_7941.jpg 900w\" data-src=\"https:\/\/infonewss.com\/wp-content\/uploads\/2024\/03\/Vera-Mendes-estreia-com-vitoria-no-Campeonato-Regional-de-Bela-Vista-do-Piaui-IMG_7941-300x200.jpg\" data-sizes=\"(max-width: 300px) 100vw, 300px\" \/><\/a><\/div>\n<\/figure>\n<figure class=\"gallery-item\">\n<div class=\"gallery-icon landscape\"><a href=\"https:\/\/infonewss.com\/wp-content\/uploads\/2024\/03\/Vera-Mendes-estreia-com-vitoria-no-Campeonato-Regional-de-Bela-Vista-do-Piaui-IMG_7944.jpg\"><img loading=\"lazy\" decoding=\"async\" class=\"attachment-medium size-medium lazyloaded\" src=\"https:\/\/infonewss.com\/wp-content\/uploads\/2024\/03\/Vera-Mendes-estreia-com-vitoria-no-Campeonato-Regional-de-Bela-Vista-do-Piaui-IMG_7944-300x200.jpg\" sizes=\"(max-width: 300px) 100vw, 300px\" srcset=\"https:\/\/infonewss.com\/wp-content\/uploads\/2024\/03\/Vera-Mendes-estreia-com-vitoria-no-Campeonato-Regional-de-Bela-Vista-do-Piaui-IMG_7944-300x200.jpg 300w, https:\/\/infonewss.com\/wp-content\/uploads\/2024\/03\/Vera-Mendes-estreia-com-vitoria-no-Campeonato-Regional-de-Bela-Vista-do-Piaui-IMG_7944-768x512.jpg 768w, https:\/\/infonewss.com\/wp-content\/uploads\/2024\/03\/Vera-Mendes-estreia-com-vitoria-no-Campeonato-Regional-de-Bela-Vista-do-Piaui-IMG_7944-150x100.jpg 150w, https:\/\/infonewss.com\/wp-content\/uploads\/2024\/03\/Vera-Mendes-estreia-com-vitoria-no-Campeonato-Regional-de-Bela-Vista-do-Piaui-IMG_7944-696x464.jpg 696w, https:\/\/infonewss.com\/wp-content\/uploads\/2024\/03\/Vera-Mendes-estreia-com-vitoria-no-Campeonato-Regional-de-Bela-Vista-do-Piaui-IMG_7944.jpg 900w\" alt=\"\" width=\"300\" height=\"200\" data-srcset=\"https:\/\/infonewss.com\/wp-content\/uploads\/2024\/03\/Vera-Mendes-estreia-com-vitoria-no-Campeonato-Regional-de-Bela-Vista-do-Piaui-IMG_7944-300x200.jpg 300w, https:\/\/infonewss.com\/wp-content\/uploads\/2024\/03\/Vera-Mendes-estreia-com-vitoria-no-Campeonato-Regional-de-Bela-Vista-do-Piaui-IMG_7944-768x512.jpg 768w, https:\/\/infonewss.com\/wp-content\/uploads\/2024\/03\/Vera-Mendes-estreia-com-vitoria-no-Campeonato-Regional-de-Bela-Vista-do-Piaui-IMG_7944-150x100.jpg 150w, https:\/\/infonewss.com\/wp-content\/uploads\/2024\/03\/Vera-Mendes-estreia-com-vitoria-no-Campeonato-Regional-de-Bela-Vista-do-Piaui-IMG_7944-696x464.jpg 696w, https:\/\/infonewss.com\/wp-content\/uploads\/2024\/03\/Vera-Mendes-estreia-com-vitoria-no-Campeonato-Regional-de-Bela-Vista-do-Piaui-IMG_7944.jpg 900w\" data-src=\"https:\/\/infonewss.com\/wp-content\/uploads\/2024\/03\/Vera-Mendes-estreia-com-vitoria-no-Campeonato-Regional-de-Bela-Vista-do-Piaui-IMG_7944-300x200.jpg\" data-sizes=\"(max-width: 300px) 100vw, 300px\" \/><\/a><\/div>\n<\/figure>\n<figure class=\"gallery-item\">\n<div class=\"gallery-icon landscape\"><a href=\"https:\/\/infonewss.com\/wp-content\/uploads\/2024\/03\/Vera-Mendes-estreia-com-vitoria-no-Campeonato-Regional-de-Bela-Vista-do-Piaui-IMG_7938.jpg\"><img loading=\"lazy\" decoding=\"async\" class=\"attachment-medium size-medium lazyloaded\" src=\"https:\/\/infonewss.com\/wp-content\/uploads\/2024\/03\/Vera-Mendes-estreia-com-vitoria-no-Campeonato-Regional-de-Bela-Vista-do-Piaui-IMG_7938-300x200.jpg\" sizes=\"(max-width: 300px) 100vw, 300px\" srcset=\"https:\/\/infonewss.com\/wp-content\/uploads\/2024\/03\/Vera-Mendes-estreia-com-vitoria-no-Campeonato-Regional-de-Bela-Vista-do-Piaui-IMG_7938-300x200.jpg 300w, https:\/\/infonewss.com\/wp-content\/uploads\/2024\/03\/Vera-Mendes-estreia-com-vitoria-no-Campeonato-Regional-de-Bela-Vista-do-Piaui-IMG_7938-768x512.jpg 768w, https:\/\/infonewss.com\/wp-content\/uploads\/2024\/03\/Vera-Mendes-estreia-com-vitoria-no-Campeonato-Regional-de-Bela-Vista-do-Piaui-IMG_7938-150x100.jpg 150w, https:\/\/infonewss.com\/wp-content\/uploads\/2024\/03\/Vera-Mendes-estreia-com-vitoria-no-Campeonato-Regional-de-Bela-Vista-do-Piaui-IMG_7938-696x464.jpg 696w, https:\/\/infonewss.com\/wp-content\/uploads\/2024\/03\/Vera-Mendes-estreia-com-vitoria-no-Campeonato-Regional-de-Bela-Vista-do-Piaui-IMG_7938.jpg 900w\" alt=\"\" width=\"300\" height=\"200\" data-srcset=\"https:\/\/infonewss.com\/wp-content\/uploads\/2024\/03\/Vera-Mendes-estreia-com-vitoria-no-Campeonato-Regional-de-Bela-Vista-do-Piaui-IMG_7938-300x200.jpg 300w, https:\/\/infonewss.com\/wp-content\/uploads\/2024\/03\/Vera-Mendes-estreia-com-vitoria-no-Campeonato-Regional-de-Bela-Vista-do-Piaui-IMG_7938-768x512.jpg 768w, https:\/\/infonewss.com\/wp-content\/uploads\/2024\/03\/Vera-Mendes-estreia-com-vitoria-no-Campeonato-Regional-de-Bela-Vista-do-Piaui-IMG_7938-150x100.jpg 150w, https:\/\/infonewss.com\/wp-content\/uploads\/2024\/03\/Vera-Mendes-estreia-com-vitoria-no-Campeonato-Regional-de-Bela-Vista-do-Piaui-IMG_7938-696x464.jpg 696w, https:\/\/infonewss.com\/wp-content\/uploads\/2024\/03\/Vera-Mendes-estreia-com-vitoria-no-Campeonato-Regional-de-Bela-Vista-do-Piaui-IMG_7938.jpg 900w\" data-src=\"https:\/\/infonewss.com\/wp-content\/uploads\/2024\/03\/Vera-Mendes-estreia-com-vitoria-no-Campeonato-Regional-de-Bela-Vista-do-Piaui-IMG_7938-300x200.jpg\" data-sizes=\"(max-width: 300px) 100vw, 300px\" \/><\/a><\/div>\n<\/figure>\n<figure class=\"gallery-item\">\n<div class=\"gallery-icon portrait\"><a href=\"https:\/\/infonewss.com\/wp-content\/uploads\/2024\/03\/Vera-Mendes-estreia-com-vitoria-no-Campeonato-Regional-de-Bela-Vista-do-Piaui-IMG_7945.jpg\"><img loading=\"lazy\" decoding=\"async\" class=\"attachment-medium size-medium lazyloaded\" src=\"https:\/\/infonewss.com\/wp-content\/uploads\/2024\/03\/Vera-Mendes-estreia-com-vitoria-no-Campeonato-Regional-de-Bela-Vista-do-Piaui-IMG_7945-200x300.jpg\" sizes=\"(max-width: 200px) 100vw, 200px\" srcset=\"https:\/\/infonewss.com\/wp-content\/uploads\/2024\/03\/Vera-Mendes-estreia-com-vitoria-no-Campeonato-Regional-de-Bela-Vista-do-Piaui-IMG_7945-200x300.jpg 200w, https:\/\/infonewss.com\/wp-content\/uploads\/2024\/03\/Vera-Mendes-estreia-com-vitoria-no-Campeonato-Regional-de-Bela-Vista-do-Piaui-IMG_7945-683x1024.jpg 683w, https:\/\/infonewss.com\/wp-content\/uploads\/2024\/03\/Vera-Mendes-estreia-com-vitoria-no-Campeonato-Regional-de-Bela-Vista-do-Piaui-IMG_7945-768x1152.jpg 768w, https:\/\/infonewss.com\/wp-content\/uploads\/2024\/03\/Vera-Mendes-estreia-com-vitoria-no-Campeonato-Regional-de-Bela-Vista-do-Piaui-IMG_7945-150x225.jpg 150w, https:\/\/infonewss.com\/wp-content\/uploads\/2024\/03\/Vera-Mendes-estreia-com-vitoria-no-Campeonato-Regional-de-Bela-Vista-do-Piaui-IMG_7945-300x450.jpg 300w, https:\/\/infonewss.com\/wp-content\/uploads\/2024\/03\/Vera-Mendes-estreia-com-vitoria-no-Campeonato-Regional-de-Bela-Vista-do-Piaui-IMG_7945-696x1044.jpg 696w, https:\/\/infonewss.com\/wp-content\/uploads\/2024\/03\/Vera-Mendes-estreia-com-vitoria-no-Campeonato-Regional-de-Bela-Vista-do-Piaui-IMG_7945.jpg 900w\" alt=\"\" width=\"200\" height=\"300\" data-srcset=\"https:\/\/infonewss.com\/wp-content\/uploads\/2024\/03\/Vera-Mendes-estreia-com-vitoria-no-Campeonato-Regional-de-Bela-Vista-do-Piaui-IMG_7945-200x300.jpg 200w, https:\/\/infonewss.com\/wp-content\/uploads\/2024\/03\/Vera-Mendes-estreia-com-vitoria-no-Campeonato-Regional-de-Bela-Vista-do-Piaui-IMG_7945-683x1024.jpg 683w, https:\/\/infonewss.com\/wp-content\/uploads\/2024\/03\/Vera-Mendes-estreia-com-vitoria-no-Campeonato-Regional-de-Bela-Vista-do-Piaui-IMG_7945-768x1152.jpg 768w, https:\/\/infonewss.com\/wp-content\/uploads\/2024\/03\/Vera-Mendes-estreia-com-vitoria-no-Campeonato-Regional-de-Bela-Vista-do-Piaui-IMG_7945-150x225.jpg 150w, https:\/\/infonewss.com\/wp-content\/uploads\/2024\/03\/Vera-Mendes-estreia-com-vitoria-no-Campeonato-Regional-de-Bela-Vista-do-Piaui-IMG_7945-300x450.jpg 300w, https:\/\/infonewss.com\/wp-content\/uploads\/2024\/03\/Vera-Mendes-estreia-com-vitoria-no-Campeonato-Regional-de-Bela-Vista-do-Piaui-IMG_7945-696x1044.jpg 696w, https:\/\/infonewss.com\/wp-content\/uploads\/2024\/03\/Vera-Mendes-estreia-com-vitoria-no-Campeonato-Regional-de-Bela-Vista-do-Piaui-IMG_7945.jpg 900w\" data-src=\"https:\/\/infonewss.com\/wp-content\/uploads\/2024\/03\/Vera-Mendes-estreia-com-vitoria-no-Campeonato-Regional-de-Bela-Vista-do-Piaui-IMG_7945-200x300.jpg\" data-sizes=\"(max-width: 200px) 100vw, 200px\" \/><\/a><\/div>\n<\/figure>\n<figure class=\"gallery-item\">\n<div class=\"gallery-icon portrait\"><a href=\"https:\/\/infonewss.com\/wp-content\/uploads\/2024\/03\/Vera-Mendes-estreia-com-vitoria-no-Campeonato-Regional-de-Bela-Vista-do-Piaui-IMG_7946.jpg\"><img loading=\"lazy\" decoding=\"async\" class=\"attachment-medium size-medium lazyloaded\" src=\"https:\/\/infonewss.com\/wp-content\/uploads\/2024\/03\/Vera-Mendes-estreia-com-vitoria-no-Campeonato-Regional-de-Bela-Vista-do-Piaui-IMG_7946-200x300.jpg\" sizes=\"(max-width: 200px) 100vw, 200px\" srcset=\"https:\/\/infonewss.com\/wp-content\/uploads\/2024\/03\/Vera-Mendes-estreia-com-vitoria-no-Campeonato-Regional-de-Bela-Vista-do-Piaui-IMG_7946-200x300.jpg 200w, https:\/\/infonewss.com\/wp-content\/uploads\/2024\/03\/Vera-Mendes-estreia-com-vitoria-no-Campeonato-Regional-de-Bela-Vista-do-Piaui-IMG_7946-683x1024.jpg 683w, https:\/\/infonewss.com\/wp-content\/uploads\/2024\/03\/Vera-Mendes-estreia-com-vitoria-no-Campeonato-Regional-de-Bela-Vista-do-Piaui-IMG_7946-768x1152.jpg 768w, https:\/\/infonewss.com\/wp-content\/uploads\/2024\/03\/Vera-Mendes-estreia-com-vitoria-no-Campeonato-Regional-de-Bela-Vista-do-Piaui-IMG_7946-150x225.jpg 150w, https:\/\/infonewss.com\/wp-content\/uploads\/2024\/03\/Vera-Mendes-estreia-com-vitoria-no-Campeonato-Regional-de-Bela-Vista-do-Piaui-IMG_7946-300x450.jpg 300w, https:\/\/infonewss.com\/wp-content\/uploads\/2024\/03\/Vera-Mendes-estreia-com-vitoria-no-Campeonato-Regional-de-Bela-Vista-do-Piaui-IMG_7946-696x1044.jpg 696w, https:\/\/infonewss.com\/wp-content\/uploads\/2024\/03\/Vera-Mendes-estreia-com-vitoria-no-Campeonato-Regional-de-Bela-Vista-do-Piaui-IMG_7946.jpg 900w\" alt=\"\" width=\"200\" height=\"300\" data-srcset=\"https:\/\/infonewss.com\/wp-content\/uploads\/2024\/03\/Vera-Mendes-estreia-com-vitoria-no-Campeonato-Regional-de-Bela-Vista-do-Piaui-IMG_7946-200x300.jpg 200w, https:\/\/infonewss.com\/wp-content\/uploads\/2024\/03\/Vera-Mendes-estreia-com-vitoria-no-Campeonato-Regional-de-Bela-Vista-do-Piaui-IMG_7946-683x1024.jpg 683w, https:\/\/infonewss.com\/wp-content\/uploads\/2024\/03\/Vera-Mendes-estreia-com-vitoria-no-Campeonato-Regional-de-Bela-Vista-do-Piaui-IMG_7946-768x1152.jpg 768w, https:\/\/infonewss.com\/wp-content\/uploads\/2024\/03\/Vera-Mendes-estreia-com-vitoria-no-Campeonato-Regional-de-Bela-Vista-do-Piaui-IMG_7946-150x225.jpg 150w, https:\/\/infonewss.com\/wp-content\/uploads\/2024\/03\/Vera-Mendes-estreia-com-vitoria-no-Campeonato-Regional-de-Bela-Vista-do-Piaui-IMG_7946-300x450.jpg 300w, https:\/\/infonewss.com\/wp-content\/uploads\/2024\/03\/Vera-Mendes-estreia-com-vitoria-no-Campeonato-Regional-de-Bela-Vista-do-Piaui-IMG_7946-696x1044.jpg 696w, https:\/\/infonewss.com\/wp-content\/uploads\/2024\/03\/Vera-Mendes-estreia-com-vitoria-no-Campeonato-Regional-de-Bela-Vista-do-Piaui-IMG_7946.jpg 900w\" data-src=\"https:\/\/infonewss.com\/wp-content\/uploads\/2024\/03\/Vera-Mendes-estreia-com-vitoria-no-Campeonato-Regional-de-Bela-Vista-do-Piaui-IMG_7946-200x300.jpg\" data-sizes=\"(max-width: 200px) 100vw, 200px\" \/><\/a><\/div>\n<\/figure>\n<figure class=\"gallery-item\">\n<div class=\"gallery-icon portrait\"><a href=\"https:\/\/infonewss.com\/wp-content\/uploads\/2024\/03\/Vera-Mendes-estreia-com-vitoria-no-Campeonato-Regional-de-Bela-Vista-do-Piaui-IMG_7949.jpg\"><img loading=\"lazy\" decoding=\"async\" class=\"attachment-medium size-medium lazyloaded\" src=\"https:\/\/infonewss.com\/wp-content\/uploads\/2024\/03\/Vera-Mendes-estreia-com-vitoria-no-Campeonato-Regional-de-Bela-Vista-do-Piaui-IMG_7949-200x300.jpg\" sizes=\"(max-width: 200px) 100vw, 200px\" srcset=\"https:\/\/infonewss.com\/wp-content\/uploads\/2024\/03\/Vera-Mendes-estreia-com-vitoria-no-Campeonato-Regional-de-Bela-Vista-do-Piaui-IMG_7949-200x300.jpg 200w, https:\/\/infonewss.com\/wp-content\/uploads\/2024\/03\/Vera-Mendes-estreia-com-vitoria-no-Campeonato-Regional-de-Bela-Vista-do-Piaui-IMG_7949-683x1024.jpg 683w, https:\/\/infonewss.com\/wp-content\/uploads\/2024\/03\/Vera-Mendes-estreia-com-vitoria-no-Campeonato-Regional-de-Bela-Vista-do-Piaui-IMG_7949-768x1152.jpg 768w, https:\/\/infonewss.com\/wp-content\/uploads\/2024\/03\/Vera-Mendes-estreia-com-vitoria-no-Campeonato-Regional-de-Bela-Vista-do-Piaui-IMG_7949-150x225.jpg 150w, https:\/\/infonewss.com\/wp-content\/uploads\/2024\/03\/Vera-Mendes-estreia-com-vitoria-no-Campeonato-Regional-de-Bela-Vista-do-Piaui-IMG_7949-300x450.jpg 300w, https:\/\/infonewss.com\/wp-content\/uploads\/2024\/03\/Vera-Mendes-estreia-com-vitoria-no-Campeonato-Regional-de-Bela-Vista-do-Piaui-IMG_7949-696x1044.jpg 696w, https:\/\/infonewss.com\/wp-content\/uploads\/2024\/03\/Vera-Mendes-estreia-com-vitoria-no-Campeonato-Regional-de-Bela-Vista-do-Piaui-IMG_7949.jpg 900w\" alt=\"\" width=\"200\" height=\"300\" data-srcset=\"https:\/\/infonewss.com\/wp-content\/uploads\/2024\/03\/Vera-Mendes-estreia-com-vitoria-no-Campeonato-Regional-de-Bela-Vista-do-Piaui-IMG_7949-200x300.jpg 200w, https:\/\/infonewss.com\/wp-content\/uploads\/2024\/03\/Vera-Mendes-estreia-com-vitoria-no-Campeonato-Regional-de-Bela-Vista-do-Piaui-IMG_7949-683x1024.jpg 683w, https:\/\/infonewss.com\/wp-content\/uploads\/2024\/03\/Vera-Mendes-estreia-com-vitoria-no-Campeonato-Regional-de-Bela-Vista-do-Piaui-IMG_7949-768x1152.jpg 768w, https:\/\/infonewss.com\/wp-content\/uploads\/2024\/03\/Vera-Mendes-estreia-com-vitoria-no-Campeonato-Regional-de-Bela-Vista-do-Piaui-IMG_7949-150x225.jpg 150w, https:\/\/infonewss.com\/wp-content\/uploads\/2024\/03\/Vera-Mendes-estreia-com-vitoria-no-Campeonato-Regional-de-Bela-Vista-do-Piaui-IMG_7949-300x450.jpg 300w, https:\/\/infonewss.com\/wp-content\/uploads\/2024\/03\/Vera-Mendes-estreia-com-vitoria-no-Campeonato-Regional-de-Bela-Vista-do-Piaui-IMG_7949-696x1044.jpg 696w, https:\/\/infonewss.com\/wp-content\/uploads\/2024\/03\/Vera-Mendes-estreia-com-vitoria-no-Campeonato-Regional-de-Bela-Vista-do-Piaui-IMG_7949.jpg 900w\" data-src=\"https:\/\/infonewss.com\/wp-content\/uploads\/2024\/03\/Vera-Mendes-estreia-com-vitoria-no-Campeonato-Regional-de-Bela-Vista-do-Piaui-IMG_7949-200x300.jpg\" data-sizes=\"(max-width: 200px) 100vw, 200px\" \/><\/a><\/div>\n<\/figure>\n<figure class=\"gallery-item\">\n<div class=\"gallery-icon portrait\"><a href=\"https:\/\/infonewss.com\/wp-content\/uploads\/2024\/03\/Vera-Mendes-estreia-com-vitoria-no-Campeonato-Regional-de-Bela-Vista-do-Piaui-IMG_7951.jpg\"><img loading=\"lazy\" decoding=\"async\" class=\"attachment-medium size-medium lazyloaded\" src=\"https:\/\/infonewss.com\/wp-content\/uploads\/2024\/03\/Vera-Mendes-estreia-com-vitoria-no-Campeonato-Regional-de-Bela-Vista-do-Piaui-IMG_7951-200x300.jpg\" sizes=\"(max-width: 200px) 100vw, 200px\" srcset=\"https:\/\/infonewss.com\/wp-content\/uploads\/2024\/03\/Vera-Mendes-estreia-com-vitoria-no-Campeonato-Regional-de-Bela-Vista-do-Piaui-IMG_7951-200x300.jpg 200w, https:\/\/infonewss.com\/wp-content\/uploads\/2024\/03\/Vera-Mendes-estreia-com-vitoria-no-Campeonato-Regional-de-Bela-Vista-do-Piaui-IMG_7951-683x1024.jpg 683w, https:\/\/infonewss.com\/wp-content\/uploads\/2024\/03\/Vera-Mendes-estreia-com-vitoria-no-Campeonato-Regional-de-Bela-Vista-do-Piaui-IMG_7951-768x1152.jpg 768w, https:\/\/infonewss.com\/wp-content\/uploads\/2024\/03\/Vera-Mendes-estreia-com-vitoria-no-Campeonato-Regional-de-Bela-Vista-do-Piaui-IMG_7951-150x225.jpg 150w, https:\/\/infonewss.com\/wp-content\/uploads\/2024\/03\/Vera-Mendes-estreia-com-vitoria-no-Campeonato-Regional-de-Bela-Vista-do-Piaui-IMG_7951-300x450.jpg 300w, https:\/\/infonewss.com\/wp-content\/uploads\/2024\/03\/Vera-Mendes-estreia-com-vitoria-no-Campeonato-Regional-de-Bela-Vista-do-Piaui-IMG_7951-696x1044.jpg 696w, https:\/\/infonewss.com\/wp-content\/uploads\/2024\/03\/Vera-Mendes-estreia-com-vitoria-no-Campeonato-Regional-de-Bela-Vista-do-Piaui-IMG_7951.jpg 900w\" alt=\"\" width=\"200\" height=\"300\" data-srcset=\"https:\/\/infonewss.com\/wp-content\/uploads\/2024\/03\/Vera-Mendes-estreia-com-vitoria-no-Campeonato-Regional-de-Bela-Vista-do-Piaui-IMG_7951-200x300.jpg 200w, https:\/\/infonewss.com\/wp-content\/uploads\/2024\/03\/Vera-Mendes-estreia-com-vitoria-no-Campeonato-Regional-de-Bela-Vista-do-Piaui-IMG_7951-683x1024.jpg 683w, https:\/\/infonewss.com\/wp-content\/uploads\/2024\/03\/Vera-Mendes-estreia-com-vitoria-no-Campeonato-Regional-de-Bela-Vista-do-Piaui-IMG_7951-768x1152.jpg 768w, https:\/\/infonewss.com\/wp-content\/uploads\/2024\/03\/Vera-Mendes-estreia-com-vitoria-no-Campeonato-Regional-de-Bela-Vista-do-Piaui-IMG_7951-150x225.jpg 150w, https:\/\/infonewss.com\/wp-content\/uploads\/2024\/03\/Vera-Mendes-estreia-com-vitoria-no-Campeonato-Regional-de-Bela-Vista-do-Piaui-IMG_7951-300x450.jpg 300w, https:\/\/infonewss.com\/wp-content\/uploads\/2024\/03\/Vera-Mendes-estreia-com-vitoria-no-Campeonato-Regional-de-Bela-Vista-do-Piaui-IMG_7951-696x1044.jpg 696w, https:\/\/infonewss.com\/wp-content\/uploads\/2024\/03\/Vera-Mendes-estreia-com-vitoria-no-Campeonato-Regional-de-Bela-Vista-do-Piaui-IMG_7951.jpg 900w\" data-src=\"https:\/\/infonewss.com\/wp-content\/uploads\/2024\/03\/Vera-Mendes-estreia-com-vitoria-no-Campeonato-Regional-de-Bela-Vista-do-Piaui-IMG_7951-200x300.jpg\" data-sizes=\"(max-width: 200px) 100vw, 200px\" \/><\/a><\/div>\n<\/figure>\n<figure class=\"gallery-item\">\n<div class=\"gallery-icon portrait\"><a href=\"https:\/\/infonewss.com\/wp-content\/uploads\/2024\/03\/Vera-Mendes-estreia-com-vitoria-no-Campeonato-Regional-de-Bela-Vista-do-Piaui-IMG_7952.jpg\"><img loading=\"lazy\" decoding=\"async\" class=\"attachment-medium size-medium lazyloaded\" src=\"https:\/\/infonewss.com\/wp-content\/uploads\/2024\/03\/Vera-Mendes-estreia-com-vitoria-no-Campeonato-Regional-de-Bela-Vista-do-Piaui-IMG_7952-200x300.jpg\" sizes=\"(max-width: 200px) 100vw, 200px\" srcset=\"https:\/\/infonewss.com\/wp-content\/uploads\/2024\/03\/Vera-Mendes-estreia-com-vitoria-no-Campeonato-Regional-de-Bela-Vista-do-Piaui-IMG_7952-200x300.jpg 200w, https:\/\/infonewss.com\/wp-content\/uploads\/2024\/03\/Vera-Mendes-estreia-com-vitoria-no-Campeonato-Regional-de-Bela-Vista-do-Piaui-IMG_7952-683x1024.jpg 683w, https:\/\/infonewss.com\/wp-content\/uploads\/2024\/03\/Vera-Mendes-estreia-com-vitoria-no-Campeonato-Regional-de-Bela-Vista-do-Piaui-IMG_7952-768x1152.jpg 768w, https:\/\/infonewss.com\/wp-content\/uploads\/2024\/03\/Vera-Mendes-estreia-com-vitoria-no-Campeonato-Regional-de-Bela-Vista-do-Piaui-IMG_7952-150x225.jpg 150w, https:\/\/infonewss.com\/wp-content\/uploads\/2024\/03\/Vera-Mendes-estreia-com-vitoria-no-Campeonato-Regional-de-Bela-Vista-do-Piaui-IMG_7952-300x450.jpg 300w, https:\/\/infonewss.com\/wp-content\/uploads\/2024\/03\/Vera-Mendes-estreia-com-vitoria-no-Campeonato-Regional-de-Bela-Vista-do-Piaui-IMG_7952-696x1044.jpg 696w, https:\/\/infonewss.com\/wp-content\/uploads\/2024\/03\/Vera-Mendes-estreia-com-vitoria-no-Campeonato-Regional-de-Bela-Vista-do-Piaui-IMG_7952.jpg 900w\" alt=\"\" width=\"200\" height=\"300\" data-srcset=\"https:\/\/infonewss.com\/wp-content\/uploads\/2024\/03\/Vera-Mendes-estreia-com-vitoria-no-Campeonato-Regional-de-Bela-Vista-do-Piaui-IMG_7952-200x300.jpg 200w, https:\/\/infonewss.com\/wp-content\/uploads\/2024\/03\/Vera-Mendes-estreia-com-vitoria-no-Campeonato-Regional-de-Bela-Vista-do-Piaui-IMG_7952-683x1024.jpg 683w, https:\/\/infonewss.com\/wp-content\/uploads\/2024\/03\/Vera-Mendes-estreia-com-vitoria-no-Campeonato-Regional-de-Bela-Vista-do-Piaui-IMG_7952-768x1152.jpg 768w, https:\/\/infonewss.com\/wp-content\/uploads\/2024\/03\/Vera-Mendes-estreia-com-vitoria-no-Campeonato-Regional-de-Bela-Vista-do-Piaui-IMG_7952-150x225.jpg 150w, https:\/\/infonewss.com\/wp-content\/uploads\/2024\/03\/Vera-Mendes-estreia-com-vitoria-no-Campeonato-Regional-de-Bela-Vista-do-Piaui-IMG_7952-300x450.jpg 300w, https:\/\/infonewss.com\/wp-content\/uploads\/2024\/03\/Vera-Mendes-estreia-com-vitoria-no-Campeonato-Regional-de-Bela-Vista-do-Piaui-IMG_7952-696x1044.jpg 696w, https:\/\/infonewss.com\/wp-content\/uploads\/2024\/03\/Vera-Mendes-estreia-com-vitoria-no-Campeonato-Regional-de-Bela-Vista-do-Piaui-IMG_7952.jpg 900w\" data-src=\"https:\/\/infonewss.com\/wp-content\/uploads\/2024\/03\/Vera-Mendes-estreia-com-vitoria-no-Campeonato-Regional-de-Bela-Vista-do-Piaui-IMG_7952-200x300.jpg\" data-sizes=\"(max-width: 200px) 100vw, 200px\" \/><\/a><\/div>\n<\/figure>\n<figure class=\"gallery-item\">\n<div class=\"gallery-icon portrait\"><a href=\"https:\/\/infonewss.com\/wp-content\/uploads\/2024\/03\/Vera-Mendes-estreia-com-vitoria-no-Campeonato-Regional-de-Bela-Vista-do-Piaui-IMG_7953.jpg\"><img loading=\"lazy\" decoding=\"async\" class=\"attachment-medium size-medium lazyloaded\" src=\"https:\/\/infonewss.com\/wp-content\/uploads\/2024\/03\/Vera-Mendes-estreia-com-vitoria-no-Campeonato-Regional-de-Bela-Vista-do-Piaui-IMG_7953-200x300.jpg\" sizes=\"(max-width: 200px) 100vw, 200px\" srcset=\"https:\/\/infonewss.com\/wp-content\/uploads\/2024\/03\/Vera-Mendes-estreia-com-vitoria-no-Campeonato-Regional-de-Bela-Vista-do-Piaui-IMG_7953-200x300.jpg 200w, https:\/\/infonewss.com\/wp-content\/uploads\/2024\/03\/Vera-Mendes-estreia-com-vitoria-no-Campeonato-Regional-de-Bela-Vista-do-Piaui-IMG_7953-683x1024.jpg 683w, https:\/\/infonewss.com\/wp-content\/uploads\/2024\/03\/Vera-Mendes-estreia-com-vitoria-no-Campeonato-Regional-de-Bela-Vista-do-Piaui-IMG_7953-768x1152.jpg 768w, https:\/\/infonewss.com\/wp-content\/uploads\/2024\/03\/Vera-Mendes-estreia-com-vitoria-no-Campeonato-Regional-de-Bela-Vista-do-Piaui-IMG_7953-150x225.jpg 150w, https:\/\/infonewss.com\/wp-content\/uploads\/2024\/03\/Vera-Mendes-estreia-com-vitoria-no-Campeonato-Regional-de-Bela-Vista-do-Piaui-IMG_7953-300x450.jpg 300w, https:\/\/infonewss.com\/wp-content\/uploads\/2024\/03\/Vera-Mendes-estreia-com-vitoria-no-Campeonato-Regional-de-Bela-Vista-do-Piaui-IMG_7953-696x1044.jpg 696w, https:\/\/infonewss.com\/wp-content\/uploads\/2024\/03\/Vera-Mendes-estreia-com-vitoria-no-Campeonato-Regional-de-Bela-Vista-do-Piaui-IMG_7953.jpg 900w\" alt=\"\" width=\"200\" height=\"300\" data-srcset=\"https:\/\/infonewss.com\/wp-content\/uploads\/2024\/03\/Vera-Mendes-estreia-com-vitoria-no-Campeonato-Regional-de-Bela-Vista-do-Piaui-IMG_7953-200x300.jpg 200w, https:\/\/infonewss.com\/wp-content\/uploads\/2024\/03\/Vera-Mendes-estreia-com-vitoria-no-Campeonato-Regional-de-Bela-Vista-do-Piaui-IMG_7953-683x1024.jpg 683w, https:\/\/infonewss.com\/wp-content\/uploads\/2024\/03\/Vera-Mendes-estreia-com-vitoria-no-Campeonato-Regional-de-Bela-Vista-do-Piaui-IMG_7953-768x1152.jpg 768w, https:\/\/infonewss.com\/wp-content\/uploads\/2024\/03\/Vera-Mendes-estreia-com-vitoria-no-Campeonato-Regional-de-Bela-Vista-do-Piaui-IMG_7953-150x225.jpg 150w, https:\/\/infonewss.com\/wp-content\/uploads\/2024\/03\/Vera-Mendes-estreia-com-vitoria-no-Campeonato-Regional-de-Bela-Vista-do-Piaui-IMG_7953-300x450.jpg 300w, https:\/\/infonewss.com\/wp-content\/uploads\/2024\/03\/Vera-Mendes-estreia-com-vitoria-no-Campeonato-Regional-de-Bela-Vista-do-Piaui-IMG_7953-696x1044.jpg 696w, https:\/\/infonewss.com\/wp-content\/uploads\/2024\/03\/Vera-Mendes-estreia-com-vitoria-no-Campeonato-Regional-de-Bela-Vista-do-Piaui-IMG_7953.jpg 900w\" data-src=\"https:\/\/infonewss.com\/wp-content\/uploads\/2024\/03\/Vera-Mendes-estreia-com-vitoria-no-Campeonato-Regional-de-Bela-Vista-do-Piaui-IMG_7953-200x300.jpg\" data-sizes=\"(max-width: 200px) 100vw, 200px\" \/><\/a><\/div>\n<\/figure>\n<figure class=\"gallery-item\">\n<div class=\"gallery-icon portrait\"><a href=\"https:\/\/infonewss.com\/wp-content\/uploads\/2024\/03\/Vera-Mendes-estreia-com-vitoria-no-Campeonato-Regional-de-Bela-Vista-do-Piaui-IMG_7955.jpg\"><img loading=\"lazy\" decoding=\"async\" class=\"attachment-medium size-medium lazyloaded\" src=\"https:\/\/infonewss.com\/wp-content\/uploads\/2024\/03\/Vera-Mendes-estreia-com-vitoria-no-Campeonato-Regional-de-Bela-Vista-do-Piaui-IMG_7955-200x300.jpg\" sizes=\"(max-width: 200px) 100vw, 200px\" srcset=\"https:\/\/infonewss.com\/wp-content\/uploads\/2024\/03\/Vera-Mendes-estreia-com-vitoria-no-Campeonato-Regional-de-Bela-Vista-do-Piaui-IMG_7955-200x300.jpg 200w, https:\/\/infonewss.com\/wp-content\/uploads\/2024\/03\/Vera-Mendes-estreia-com-vitoria-no-Campeonato-Regional-de-Bela-Vista-do-Piaui-IMG_7955-683x1024.jpg 683w, https:\/\/infonewss.com\/wp-content\/uploads\/2024\/03\/Vera-Mendes-estreia-com-vitoria-no-Campeonato-Regional-de-Bela-Vista-do-Piaui-IMG_7955-768x1152.jpg 768w, https:\/\/infonewss.com\/wp-content\/uploads\/2024\/03\/Vera-Mendes-estreia-com-vitoria-no-Campeonato-Regional-de-Bela-Vista-do-Piaui-IMG_7955-150x225.jpg 150w, https:\/\/infonewss.com\/wp-content\/uploads\/2024\/03\/Vera-Mendes-estreia-com-vitoria-no-Campeonato-Regional-de-Bela-Vista-do-Piaui-IMG_7955-300x450.jpg 300w, https:\/\/infonewss.com\/wp-content\/uploads\/2024\/03\/Vera-Mendes-estreia-com-vitoria-no-Campeonato-Regional-de-Bela-Vista-do-Piaui-IMG_7955-696x1044.jpg 696w, https:\/\/infonewss.com\/wp-content\/uploads\/2024\/03\/Vera-Mendes-estreia-com-vitoria-no-Campeonato-Regional-de-Bela-Vista-do-Piaui-IMG_7955.jpg 900w\" alt=\"\" width=\"200\" height=\"300\" data-srcset=\"https:\/\/infonewss.com\/wp-content\/uploads\/2024\/03\/Vera-Mendes-estreia-com-vitoria-no-Campeonato-Regional-de-Bela-Vista-do-Piaui-IMG_7955-200x300.jpg 200w, https:\/\/infonewss.com\/wp-content\/uploads\/2024\/03\/Vera-Mendes-estreia-com-vitoria-no-Campeonato-Regional-de-Bela-Vista-do-Piaui-IMG_7955-683x1024.jpg 683w, https:\/\/infonewss.com\/wp-content\/uploads\/2024\/03\/Vera-Mendes-estreia-com-vitoria-no-Campeonato-Regional-de-Bela-Vista-do-Piaui-IMG_7955-768x1152.jpg 768w, https:\/\/infonewss.com\/wp-content\/uploads\/2024\/03\/Vera-Mendes-estreia-com-vitoria-no-Campeonato-Regional-de-Bela-Vista-do-Piaui-IMG_7955-150x225.jpg 150w, https:\/\/infonewss.com\/wp-content\/uploads\/2024\/03\/Vera-Mendes-estreia-com-vitoria-no-Campeonato-Regional-de-Bela-Vista-do-Piaui-IMG_7955-300x450.jpg 300w, https:\/\/infonewss.com\/wp-content\/uploads\/2024\/03\/Vera-Mendes-estreia-com-vitoria-no-Campeonato-Regional-de-Bela-Vista-do-Piaui-IMG_7955-696x1044.jpg 696w, https:\/\/infonewss.com\/wp-content\/uploads\/2024\/03\/Vera-Mendes-estreia-com-vitoria-no-Campeonato-Regional-de-Bela-Vista-do-Piaui-IMG_7955.jpg 900w\" data-src=\"https:\/\/infonewss.com\/wp-content\/uploads\/2024\/03\/Vera-Mendes-estreia-com-vitoria-no-Campeonato-Regional-de-Bela-Vista-do-Piaui-IMG_7955-200x300.jpg\" data-sizes=\"(max-width: 200px) 100vw, 200px\" \/><\/a><\/div>\n<\/figure>\n<figure class=\"gallery-item\">\n<div class=\"gallery-icon portrait\"><a href=\"https:\/\/infonewss.com\/wp-content\/uploads\/2024\/03\/Vera-Mendes-estreia-com-vitoria-no-Campeonato-Regional-de-Bela-Vista-do-Piaui-IMG_7956.jpg\"><img loading=\"lazy\" decoding=\"async\" class=\"attachment-medium size-medium lazyloaded\" src=\"https:\/\/infonewss.com\/wp-content\/uploads\/2024\/03\/Vera-Mendes-estreia-com-vitoria-no-Campeonato-Regional-de-Bela-Vista-do-Piaui-IMG_7956-200x300.jpg\" sizes=\"(max-width: 200px) 100vw, 200px\" srcset=\"https:\/\/infonewss.com\/wp-content\/uploads\/2024\/03\/Vera-Mendes-estreia-com-vitoria-no-Campeonato-Regional-de-Bela-Vista-do-Piaui-IMG_7956-200x300.jpg 200w, https:\/\/infonewss.com\/wp-content\/uploads\/2024\/03\/Vera-Mendes-estreia-com-vitoria-no-Campeonato-Regional-de-Bela-Vista-do-Piaui-IMG_7956-683x1024.jpg 683w, https:\/\/infonewss.com\/wp-content\/uploads\/2024\/03\/Vera-Mendes-estreia-com-vitoria-no-Campeonato-Regional-de-Bela-Vista-do-Piaui-IMG_7956-768x1152.jpg 768w, https:\/\/infonewss.com\/wp-content\/uploads\/2024\/03\/Vera-Mendes-estreia-com-vitoria-no-Campeonato-Regional-de-Bela-Vista-do-Piaui-IMG_7956-150x225.jpg 150w, https:\/\/infonewss.com\/wp-content\/uploads\/2024\/03\/Vera-Mendes-estreia-com-vitoria-no-Campeonato-Regional-de-Bela-Vista-do-Piaui-IMG_7956-300x450.jpg 300w, https:\/\/infonewss.com\/wp-content\/uploads\/2024\/03\/Vera-Mendes-estreia-com-vitoria-no-Campeonato-Regional-de-Bela-Vista-do-Piaui-IMG_7956-696x1044.jpg 696w, https:\/\/infonewss.com\/wp-content\/uploads\/2024\/03\/Vera-Mendes-estreia-com-vitoria-no-Campeonato-Regional-de-Bela-Vista-do-Piaui-IMG_7956.jpg 900w\" alt=\"\" width=\"200\" height=\"300\" data-srcset=\"https:\/\/infonewss.com\/wp-content\/uploads\/2024\/03\/Vera-Mendes-estreia-com-vitoria-no-Campeonato-Regional-de-Bela-Vista-do-Piaui-IMG_7956-200x300.jpg 200w, https:\/\/infonewss.com\/wp-content\/uploads\/2024\/03\/Vera-Mendes-estreia-com-vitoria-no-Campeonato-Regional-de-Bela-Vista-do-Piaui-IMG_7956-683x1024.jpg 683w, https:\/\/infonewss.com\/wp-content\/uploads\/2024\/03\/Vera-Mendes-estreia-com-vitoria-no-Campeonato-Regional-de-Bela-Vista-do-Piaui-IMG_7956-768x1152.jpg 768w, https:\/\/infonewss.com\/wp-content\/uploads\/2024\/03\/Vera-Mendes-estreia-com-vitoria-no-Campeonato-Regional-de-Bela-Vista-do-Piaui-IMG_7956-150x225.jpg 150w, https:\/\/infonewss.com\/wp-content\/uploads\/2024\/03\/Vera-Mendes-estreia-com-vitoria-no-Campeonato-Regional-de-Bela-Vista-do-Piaui-IMG_7956-300x450.jpg 300w, https:\/\/infonewss.com\/wp-content\/uploads\/2024\/03\/Vera-Mendes-estreia-com-vitoria-no-Campeonato-Regional-de-Bela-Vista-do-Piaui-IMG_7956-696x1044.jpg 696w, https:\/\/infonewss.com\/wp-content\/uploads\/2024\/03\/Vera-Mendes-estreia-com-vitoria-no-Campeonato-Regional-de-Bela-Vista-do-Piaui-IMG_7956.jpg 900w\" data-src=\"https:\/\/infonewss.com\/wp-content\/uploads\/2024\/03\/Vera-Mendes-estreia-com-vitoria-no-Campeonato-Regional-de-Bela-Vista-do-Piaui-IMG_7956-200x300.jpg\" data-sizes=\"(max-width: 200px) 100vw, 200px\" \/><\/a><\/div>\n<\/figure>\n<figure class=\"gallery-item\">\n<div class=\"gallery-icon portrait\"><a href=\"https:\/\/infonewss.com\/wp-content\/uploads\/2024\/03\/Vera-Mendes-estreia-com-vitoria-no-Campeonato-Regional-de-Bela-Vista-do-Piaui-IMG_7957.jpg\"><img loading=\"lazy\" decoding=\"async\" class=\"attachment-medium size-medium lazyloaded\" src=\"https:\/\/infonewss.com\/wp-content\/uploads\/2024\/03\/Vera-Mendes-estreia-com-vitoria-no-Campeonato-Regional-de-Bela-Vista-do-Piaui-IMG_7957-200x300.jpg\" sizes=\"(max-width: 200px) 100vw, 200px\" srcset=\"https:\/\/infonewss.com\/wp-content\/uploads\/2024\/03\/Vera-Mendes-estreia-com-vitoria-no-Campeonato-Regional-de-Bela-Vista-do-Piaui-IMG_7957-200x300.jpg 200w, https:\/\/infonewss.com\/wp-content\/uploads\/2024\/03\/Vera-Mendes-estreia-com-vitoria-no-Campeonato-Regional-de-Bela-Vista-do-Piaui-IMG_7957-683x1024.jpg 683w, https:\/\/infonewss.com\/wp-content\/uploads\/2024\/03\/Vera-Mendes-estreia-com-vitoria-no-Campeonato-Regional-de-Bela-Vista-do-Piaui-IMG_7957-768x1152.jpg 768w, https:\/\/infonewss.com\/wp-content\/uploads\/2024\/03\/Vera-Mendes-estreia-com-vitoria-no-Campeonato-Regional-de-Bela-Vista-do-Piaui-IMG_7957-150x225.jpg 150w, https:\/\/infonewss.com\/wp-content\/uploads\/2024\/03\/Vera-Mendes-estreia-com-vitoria-no-Campeonato-Regional-de-Bela-Vista-do-Piaui-IMG_7957-300x450.jpg 300w, https:\/\/infonewss.com\/wp-content\/uploads\/2024\/03\/Vera-Mendes-estreia-com-vitoria-no-Campeonato-Regional-de-Bela-Vista-do-Piaui-IMG_7957-696x1044.jpg 696w, https:\/\/infonewss.com\/wp-content\/uploads\/2024\/03\/Vera-Mendes-estreia-com-vitoria-no-Campeonato-Regional-de-Bela-Vista-do-Piaui-IMG_7957.jpg 900w\" alt=\"\" width=\"200\" height=\"300\" data-srcset=\"https:\/\/infonewss.com\/wp-content\/uploads\/2024\/03\/Vera-Mendes-estreia-com-vitoria-no-Campeonato-Regional-de-Bela-Vista-do-Piaui-IMG_7957-200x300.jpg 200w, https:\/\/infonewss.com\/wp-content\/uploads\/2024\/03\/Vera-Mendes-estreia-com-vitoria-no-Campeonato-Regional-de-Bela-Vista-do-Piaui-IMG_7957-683x1024.jpg 683w, https:\/\/infonewss.com\/wp-content\/uploads\/2024\/03\/Vera-Mendes-estreia-com-vitoria-no-Campeonato-Regional-de-Bela-Vista-do-Piaui-IMG_7957-768x1152.jpg 768w, https:\/\/infonewss.com\/wp-content\/uploads\/2024\/03\/Vera-Mendes-estreia-com-vitoria-no-Campeonato-Regional-de-Bela-Vista-do-Piaui-IMG_7957-150x225.jpg 150w, https:\/\/infonewss.com\/wp-content\/uploads\/2024\/03\/Vera-Mendes-estreia-com-vitoria-no-Campeonato-Regional-de-Bela-Vista-do-Piaui-IMG_7957-300x450.jpg 300w, https:\/\/infonewss.com\/wp-content\/uploads\/2024\/03\/Vera-Mendes-estreia-com-vitoria-no-Campeonato-Regional-de-Bela-Vista-do-Piaui-IMG_7957-696x1044.jpg 696w, https:\/\/infonewss.com\/wp-content\/uploads\/2024\/03\/Vera-Mendes-estreia-com-vitoria-no-Campeonato-Regional-de-Bela-Vista-do-Piaui-IMG_7957.jpg 900w\" data-src=\"https:\/\/infonewss.com\/wp-content\/uploads\/2024\/03\/Vera-Mendes-estreia-com-vitoria-no-Campeonato-Regional-de-Bela-Vista-do-Piaui-IMG_7957-200x300.jpg\" data-sizes=\"(max-width: 200px) 100vw, 200px\" \/><\/a><\/div>\n<\/figure>\n<figure class=\"gallery-item\">\n<div class=\"gallery-icon portrait\"><a href=\"https:\/\/infonewss.com\/wp-content\/uploads\/2024\/03\/Vera-Mendes-estreia-com-vitoria-no-Campeonato-Regional-de-Bela-Vista-do-Piaui-IMG_7958.jpg\"><img loading=\"lazy\" decoding=\"async\" class=\"attachment-medium size-medium lazyloaded\" src=\"https:\/\/infonewss.com\/wp-content\/uploads\/2024\/03\/Vera-Mendes-estreia-com-vitoria-no-Campeonato-Regional-de-Bela-Vista-do-Piaui-IMG_7958-200x300.jpg\" sizes=\"(max-width: 200px) 100vw, 200px\" srcset=\"https:\/\/infonewss.com\/wp-content\/uploads\/2024\/03\/Vera-Mendes-estreia-com-vitoria-no-Campeonato-Regional-de-Bela-Vista-do-Piaui-IMG_7958-200x300.jpg 200w, https:\/\/infonewss.com\/wp-content\/uploads\/2024\/03\/Vera-Mendes-estreia-com-vitoria-no-Campeonato-Regional-de-Bela-Vista-do-Piaui-IMG_7958-683x1024.jpg 683w, https:\/\/infonewss.com\/wp-content\/uploads\/2024\/03\/Vera-Mendes-estreia-com-vitoria-no-Campeonato-Regional-de-Bela-Vista-do-Piaui-IMG_7958-768x1152.jpg 768w, https:\/\/infonewss.com\/wp-content\/uploads\/2024\/03\/Vera-Mendes-estreia-com-vitoria-no-Campeonato-Regional-de-Bela-Vista-do-Piaui-IMG_7958-150x225.jpg 150w, https:\/\/infonewss.com\/wp-content\/uploads\/2024\/03\/Vera-Mendes-estreia-com-vitoria-no-Campeonato-Regional-de-Bela-Vista-do-Piaui-IMG_7958-300x450.jpg 300w, https:\/\/infonewss.com\/wp-content\/uploads\/2024\/03\/Vera-Mendes-estreia-com-vitoria-no-Campeonato-Regional-de-Bela-Vista-do-Piaui-IMG_7958-696x1044.jpg 696w, https:\/\/infonewss.com\/wp-content\/uploads\/2024\/03\/Vera-Mendes-estreia-com-vitoria-no-Campeonato-Regional-de-Bela-Vista-do-Piaui-IMG_7958.jpg 900w\" alt=\"\" width=\"200\" height=\"300\" data-srcset=\"https:\/\/infonewss.com\/wp-content\/uploads\/2024\/03\/Vera-Mendes-estreia-com-vitoria-no-Campeonato-Regional-de-Bela-Vista-do-Piaui-IMG_7958-200x300.jpg 200w, https:\/\/infonewss.com\/wp-content\/uploads\/2024\/03\/Vera-Mendes-estreia-com-vitoria-no-Campeonato-Regional-de-Bela-Vista-do-Piaui-IMG_7958-683x1024.jpg 683w, https:\/\/infonewss.com\/wp-content\/uploads\/2024\/03\/Vera-Mendes-estreia-com-vitoria-no-Campeonato-Regional-de-Bela-Vista-do-Piaui-IMG_7958-768x1152.jpg 768w, https:\/\/infonewss.com\/wp-content\/uploads\/2024\/03\/Vera-Mendes-estreia-com-vitoria-no-Campeonato-Regional-de-Bela-Vista-do-Piaui-IMG_7958-150x225.jpg 150w, https:\/\/infonewss.com\/wp-content\/uploads\/2024\/03\/Vera-Mendes-estreia-com-vitoria-no-Campeonato-Regional-de-Bela-Vista-do-Piaui-IMG_7958-300x450.jpg 300w, https:\/\/infonewss.com\/wp-content\/uploads\/2024\/03\/Vera-Mendes-estreia-com-vitoria-no-Campeonato-Regional-de-Bela-Vista-do-Piaui-IMG_7958-696x1044.jpg 696w, https:\/\/infonewss.com\/wp-content\/uploads\/2024\/03\/Vera-Mendes-estreia-com-vitoria-no-Campeonato-Regional-de-Bela-Vista-do-Piaui-IMG_7958.jpg 900w\" data-src=\"https:\/\/infonewss.com\/wp-content\/uploads\/2024\/03\/Vera-Mendes-estreia-com-vitoria-no-Campeonato-Regional-de-Bela-Vista-do-Piaui-IMG_7958-200x300.jpg\" data-sizes=\"(max-width: 200px) 100vw, 200px\" \/><\/a><\/div>\n<\/figure>\n<figure class=\"gallery-item\">\n<div class=\"gallery-icon portrait\"><a href=\"https:\/\/infonewss.com\/wp-content\/uploads\/2024\/03\/Vera-Mendes-estreia-com-vitoria-no-Campeonato-Regional-de-Bela-Vista-do-Piaui-IMG_7959.jpg\"><img loading=\"lazy\" decoding=\"async\" class=\"attachment-medium size-medium ls-is-cached lazyloaded\" src=\"https:\/\/infonewss.com\/wp-content\/uploads\/2024\/03\/Vera-Mendes-estreia-com-vitoria-no-Campeonato-Regional-de-Bela-Vista-do-Piaui-IMG_7959-200x300.jpg\" sizes=\"(max-width: 200px) 100vw, 200px\" srcset=\"https:\/\/infonewss.com\/wp-content\/uploads\/2024\/03\/Vera-Mendes-estreia-com-vitoria-no-Campeonato-Regional-de-Bela-Vista-do-Piaui-IMG_7959-200x300.jpg 200w, https:\/\/infonewss.com\/wp-content\/uploads\/2024\/03\/Vera-Mendes-estreia-com-vitoria-no-Campeonato-Regional-de-Bela-Vista-do-Piaui-IMG_7959-683x1024.jpg 683w, https:\/\/infonewss.com\/wp-content\/uploads\/2024\/03\/Vera-Mendes-estreia-com-vitoria-no-Campeonato-Regional-de-Bela-Vista-do-Piaui-IMG_7959-768x1152.jpg 768w, https:\/\/infonewss.com\/wp-content\/uploads\/2024\/03\/Vera-Mendes-estreia-com-vitoria-no-Campeonato-Regional-de-Bela-Vista-do-Piaui-IMG_7959-150x225.jpg 150w, https:\/\/infonewss.com\/wp-content\/uploads\/2024\/03\/Vera-Mendes-estreia-com-vitoria-no-Campeonato-Regional-de-Bela-Vista-do-Piaui-IMG_7959-300x450.jpg 300w, https:\/\/infonewss.com\/wp-content\/uploads\/2024\/03\/Vera-Mendes-estreia-com-vitoria-no-Campeonato-Regional-de-Bela-Vista-do-Piaui-IMG_7959-696x1044.jpg 696w, https:\/\/infonewss.com\/wp-content\/uploads\/2024\/03\/Vera-Mendes-estreia-com-vitoria-no-Campeonato-Regional-de-Bela-Vista-do-Piaui-IMG_7959.jpg 900w\" alt=\"\" width=\"200\" height=\"300\" data-srcset=\"https:\/\/infonewss.com\/wp-content\/uploads\/2024\/03\/Vera-Mendes-estreia-com-vitoria-no-Campeonato-Regional-de-Bela-Vista-do-Piaui-IMG_7959-200x300.jpg 200w, https:\/\/infonewss.com\/wp-content\/uploads\/2024\/03\/Vera-Mendes-estreia-com-vitoria-no-Campeonato-Regional-de-Bela-Vista-do-Piaui-IMG_7959-683x1024.jpg 683w, https:\/\/infonewss.com\/wp-content\/uploads\/2024\/03\/Vera-Mendes-estreia-com-vitoria-no-Campeonato-Regional-de-Bela-Vista-do-Piaui-IMG_7959-768x1152.jpg 768w, https:\/\/infonewss.com\/wp-content\/uploads\/2024\/03\/Vera-Mendes-estreia-com-vitoria-no-Campeonato-Regional-de-Bela-Vista-do-Piaui-IMG_7959-150x225.jpg 150w, https:\/\/infonewss.com\/wp-content\/uploads\/2024\/03\/Vera-Mendes-estreia-com-vitoria-no-Campeonato-Regional-de-Bela-Vista-do-Piaui-IMG_7959-300x450.jpg 300w, https:\/\/infonewss.com\/wp-content\/uploads\/2024\/03\/Vera-Mendes-estreia-com-vitoria-no-Campeonato-Regional-de-Bela-Vista-do-Piaui-IMG_7959-696x1044.jpg 696w, https:\/\/infonewss.com\/wp-content\/uploads\/2024\/03\/Vera-Mendes-estreia-com-vitoria-no-Campeonato-Regional-de-Bela-Vista-do-Piaui-IMG_7959.jpg 900w\" data-src=\"https:\/\/infonewss.com\/wp-content\/uploads\/2024\/03\/Vera-Mendes-estreia-com-vitoria-no-Campeonato-Regional-de-Bela-Vista-do-Piaui-IMG_7959-200x300.jpg\" data-sizes=\"(max-width: 200px) 100vw, 200px\" \/><\/a><\/div>\n<\/figure>\n<figure class=\"gallery-item\">\n<div class=\"gallery-icon portrait\"><a href=\"https:\/\/infonewss.com\/wp-content\/uploads\/2024\/03\/Vera-Mendes-estreia-com-vitoria-no-Campeonato-Regional-de-Bela-Vista-do-Piaui-IMG_7960.jpg\"><img loading=\"lazy\" decoding=\"async\" class=\"attachment-medium size-medium lazyloaded\" src=\"https:\/\/infonewss.com\/wp-content\/uploads\/2024\/03\/Vera-Mendes-estreia-com-vitoria-no-Campeonato-Regional-de-Bela-Vista-do-Piaui-IMG_7960-200x300.jpg\" sizes=\"(max-width: 200px) 100vw, 200px\" srcset=\"https:\/\/infonewss.com\/wp-content\/uploads\/2024\/03\/Vera-Mendes-estreia-com-vitoria-no-Campeonato-Regional-de-Bela-Vista-do-Piaui-IMG_7960-200x300.jpg 200w, https:\/\/infonewss.com\/wp-content\/uploads\/2024\/03\/Vera-Mendes-estreia-com-vitoria-no-Campeonato-Regional-de-Bela-Vista-do-Piaui-IMG_7960-683x1024.jpg 683w, https:\/\/infonewss.com\/wp-content\/uploads\/2024\/03\/Vera-Mendes-estreia-com-vitoria-no-Campeonato-Regional-de-Bela-Vista-do-Piaui-IMG_7960-768x1152.jpg 768w, https:\/\/infonewss.com\/wp-content\/uploads\/2024\/03\/Vera-Mendes-estreia-com-vitoria-no-Campeonato-Regional-de-Bela-Vista-do-Piaui-IMG_7960-150x225.jpg 150w, https:\/\/infonewss.com\/wp-content\/uploads\/2024\/03\/Vera-Mendes-estreia-com-vitoria-no-Campeonato-Regional-de-Bela-Vista-do-Piaui-IMG_7960-300x450.jpg 300w, https:\/\/infonewss.com\/wp-content\/uploads\/2024\/03\/Vera-Mendes-estreia-com-vitoria-no-Campeonato-Regional-de-Bela-Vista-do-Piaui-IMG_7960-696x1044.jpg 696w, https:\/\/infonewss.com\/wp-content\/uploads\/2024\/03\/Vera-Mendes-estreia-com-vitoria-no-Campeonato-Regional-de-Bela-Vista-do-Piaui-IMG_7960.jpg 900w\" alt=\"\" width=\"200\" height=\"300\" data-srcset=\"https:\/\/infonewss.com\/wp-content\/uploads\/2024\/03\/Vera-Mendes-estreia-com-vitoria-no-Campeonato-Regional-de-Bela-Vista-do-Piaui-IMG_7960-200x300.jpg 200w, https:\/\/infonewss.com\/wp-content\/uploads\/2024\/03\/Vera-Mendes-estreia-com-vitoria-no-Campeonato-Regional-de-Bela-Vista-do-Piaui-IMG_7960-683x1024.jpg 683w, https:\/\/infonewss.com\/wp-content\/uploads\/2024\/03\/Vera-Mendes-estreia-com-vitoria-no-Campeonato-Regional-de-Bela-Vista-do-Piaui-IMG_7960-768x1152.jpg 768w, https:\/\/infonewss.com\/wp-content\/uploads\/2024\/03\/Vera-Mendes-estreia-com-vitoria-no-Campeonato-Regional-de-Bela-Vista-do-Piaui-IMG_7960-150x225.jpg 150w, https:\/\/infonewss.com\/wp-content\/uploads\/2024\/03\/Vera-Mendes-estreia-com-vitoria-no-Campeonato-Regional-de-Bela-Vista-do-Piaui-IMG_7960-300x450.jpg 300w, https:\/\/infonewss.com\/wp-content\/uploads\/2024\/03\/Vera-Mendes-estreia-com-vitoria-no-Campeonato-Regional-de-Bela-Vista-do-Piaui-IMG_7960-696x1044.jpg 696w, https:\/\/infonewss.com\/wp-content\/uploads\/2024\/03\/Vera-Mendes-estreia-com-vitoria-no-Campeonato-Regional-de-Bela-Vista-do-Piaui-IMG_7960.jpg 900w\" data-src=\"https:\/\/infonewss.com\/wp-content\/uploads\/2024\/03\/Vera-Mendes-estreia-com-vitoria-no-Campeonato-Regional-de-Bela-Vista-do-Piaui-IMG_7960-200x300.jpg\" data-sizes=\"(max-width: 200px) 100vw, 200px\" \/><\/a><\/div>\n<\/figure>\n<figure class=\"gallery-item\">\n<div class=\"gallery-icon portrait\"><a href=\"https:\/\/infonewss.com\/wp-content\/uploads\/2024\/03\/Vera-Mendes-estreia-com-vitoria-no-Campeonato-Regional-de-Bela-Vista-do-Piaui-IMG_7961.jpg\"><img loading=\"lazy\" decoding=\"async\" class=\"attachment-medium size-medium ls-is-cached lazyloaded\" src=\"https:\/\/infonewss.com\/wp-content\/uploads\/2024\/03\/Vera-Mendes-estreia-com-vitoria-no-Campeonato-Regional-de-Bela-Vista-do-Piaui-IMG_7961-200x300.jpg\" sizes=\"(max-width: 200px) 100vw, 200px\" srcset=\"https:\/\/infonewss.com\/wp-content\/uploads\/2024\/03\/Vera-Mendes-estreia-com-vitoria-no-Campeonato-Regional-de-Bela-Vista-do-Piaui-IMG_7961-200x300.jpg 200w, https:\/\/infonewss.com\/wp-content\/uploads\/2024\/03\/Vera-Mendes-estreia-com-vitoria-no-Campeonato-Regional-de-Bela-Vista-do-Piaui-IMG_7961-683x1024.jpg 683w, https:\/\/infonewss.com\/wp-content\/uploads\/2024\/03\/Vera-Mendes-estreia-com-vitoria-no-Campeonato-Regional-de-Bela-Vista-do-Piaui-IMG_7961-768x1152.jpg 768w, https:\/\/infonewss.com\/wp-content\/uploads\/2024\/03\/Vera-Mendes-estreia-com-vitoria-no-Campeonato-Regional-de-Bela-Vista-do-Piaui-IMG_7961-150x225.jpg 150w, https:\/\/infonewss.com\/wp-content\/uploads\/2024\/03\/Vera-Mendes-estreia-com-vitoria-no-Campeonato-Regional-de-Bela-Vista-do-Piaui-IMG_7961-300x450.jpg 300w, https:\/\/infonewss.com\/wp-content\/uploads\/2024\/03\/Vera-Mendes-estreia-com-vitoria-no-Campeonato-Regional-de-Bela-Vista-do-Piaui-IMG_7961-696x1044.jpg 696w, https:\/\/infonewss.com\/wp-content\/uploads\/2024\/03\/Vera-Mendes-estreia-com-vitoria-no-Campeonato-Regional-de-Bela-Vista-do-Piaui-IMG_7961.jpg 900w\" alt=\"\" width=\"200\" height=\"300\" data-srcset=\"https:\/\/infonewss.com\/wp-content\/uploads\/2024\/03\/Vera-Mendes-estreia-com-vitoria-no-Campeonato-Regional-de-Bela-Vista-do-Piaui-IMG_7961-200x300.jpg 200w, https:\/\/infonewss.com\/wp-content\/uploads\/2024\/03\/Vera-Mendes-estreia-com-vitoria-no-Campeonato-Regional-de-Bela-Vista-do-Piaui-IMG_7961-683x1024.jpg 683w, https:\/\/infonewss.com\/wp-content\/uploads\/2024\/03\/Vera-Mendes-estreia-com-vitoria-no-Campeonato-Regional-de-Bela-Vista-do-Piaui-IMG_7961-768x1152.jpg 768w, https:\/\/infonewss.com\/wp-content\/uploads\/2024\/03\/Vera-Mendes-estreia-com-vitoria-no-Campeonato-Regional-de-Bela-Vista-do-Piaui-IMG_7961-150x225.jpg 150w, https:\/\/infonewss.com\/wp-content\/uploads\/2024\/03\/Vera-Mendes-estreia-com-vitoria-no-Campeonato-Regional-de-Bela-Vista-do-Piaui-IMG_7961-300x450.jpg 300w, https:\/\/infonewss.com\/wp-content\/uploads\/2024\/03\/Vera-Mendes-estreia-com-vitoria-no-Campeonato-Regional-de-Bela-Vista-do-Piaui-IMG_7961-696x1044.jpg 696w, https:\/\/infonewss.com\/wp-content\/uploads\/2024\/03\/Vera-Mendes-estreia-com-vitoria-no-Campeonato-Regional-de-Bela-Vista-do-Piaui-IMG_7961.jpg 900w\" data-src=\"https:\/\/infonewss.com\/wp-content\/uploads\/2024\/03\/Vera-Mendes-estreia-com-vitoria-no-Campeonato-Regional-de-Bela-Vista-do-Piaui-IMG_7961-200x300.jpg\" data-sizes=\"(max-width: 200px) 100vw, 200px\" \/><\/a><\/div>\n<\/figure>\n<figure class=\"gallery-item\">\n<div class=\"gallery-icon portrait\"><a href=\"https:\/\/infonewss.com\/wp-content\/uploads\/2024\/03\/Vera-Mendes-estreia-com-vitoria-no-Campeonato-Regional-de-Bela-Vista-do-Piaui-IMG_7962.jpg\"><img loading=\"lazy\" decoding=\"async\" class=\"attachment-medium size-medium lazyloaded\" src=\"https:\/\/infonewss.com\/wp-content\/uploads\/2024\/03\/Vera-Mendes-estreia-com-vitoria-no-Campeonato-Regional-de-Bela-Vista-do-Piaui-IMG_7962-200x300.jpg\" sizes=\"(max-width: 200px) 100vw, 200px\" srcset=\"https:\/\/infonewss.com\/wp-content\/uploads\/2024\/03\/Vera-Mendes-estreia-com-vitoria-no-Campeonato-Regional-de-Bela-Vista-do-Piaui-IMG_7962-200x300.jpg 200w, https:\/\/infonewss.com\/wp-content\/uploads\/2024\/03\/Vera-Mendes-estreia-com-vitoria-no-Campeonato-Regional-de-Bela-Vista-do-Piaui-IMG_7962-683x1024.jpg 683w, https:\/\/infonewss.com\/wp-content\/uploads\/2024\/03\/Vera-Mendes-estreia-com-vitoria-no-Campeonato-Regional-de-Bela-Vista-do-Piaui-IMG_7962-768x1152.jpg 768w, https:\/\/infonewss.com\/wp-content\/uploads\/2024\/03\/Vera-Mendes-estreia-com-vitoria-no-Campeonato-Regional-de-Bela-Vista-do-Piaui-IMG_7962-150x225.jpg 150w, https:\/\/infonewss.com\/wp-content\/uploads\/2024\/03\/Vera-Mendes-estreia-com-vitoria-no-Campeonato-Regional-de-Bela-Vista-do-Piaui-IMG_7962-300x450.jpg 300w, https:\/\/infonewss.com\/wp-content\/uploads\/2024\/03\/Vera-Mendes-estreia-com-vitoria-no-Campeonato-Regional-de-Bela-Vista-do-Piaui-IMG_7962-696x1044.jpg 696w, https:\/\/infonewss.com\/wp-content\/uploads\/2024\/03\/Vera-Mendes-estreia-com-vitoria-no-Campeonato-Regional-de-Bela-Vista-do-Piaui-IMG_7962.jpg 900w\" alt=\"\" width=\"200\" height=\"300\" data-srcset=\"https:\/\/infonewss.com\/wp-content\/uploads\/2024\/03\/Vera-Mendes-estreia-com-vitoria-no-Campeonato-Regional-de-Bela-Vista-do-Piaui-IMG_7962-200x300.jpg 200w, https:\/\/infonewss.com\/wp-content\/uploads\/2024\/03\/Vera-Mendes-estreia-com-vitoria-no-Campeonato-Regional-de-Bela-Vista-do-Piaui-IMG_7962-683x1024.jpg 683w, https:\/\/infonewss.com\/wp-content\/uploads\/2024\/03\/Vera-Mendes-estreia-com-vitoria-no-Campeonato-Regional-de-Bela-Vista-do-Piaui-IMG_7962-768x1152.jpg 768w, https:\/\/infonewss.com\/wp-content\/uploads\/2024\/03\/Vera-Mendes-estreia-com-vitoria-no-Campeonato-Regional-de-Bela-Vista-do-Piaui-IMG_7962-150x225.jpg 150w, https:\/\/infonewss.com\/wp-content\/uploads\/2024\/03\/Vera-Mendes-estreia-com-vitoria-no-Campeonato-Regional-de-Bela-Vista-do-Piaui-IMG_7962-300x450.jpg 300w, https:\/\/infonewss.com\/wp-content\/uploads\/2024\/03\/Vera-Mendes-estreia-com-vitoria-no-Campeonato-Regional-de-Bela-Vista-do-Piaui-IMG_7962-696x1044.jpg 696w, https:\/\/infonewss.com\/wp-content\/uploads\/2024\/03\/Vera-Mendes-estreia-com-vitoria-no-Campeonato-Regional-de-Bela-Vista-do-Piaui-IMG_7962.jpg 900w\" data-src=\"https:\/\/infonewss.com\/wp-content\/uploads\/2024\/03\/Vera-Mendes-estreia-com-vitoria-no-Campeonato-Regional-de-Bela-Vista-do-Piaui-IMG_7962-200x300.jpg\" data-sizes=\"(max-width: 200px) 100vw, 200px\" \/><\/a><\/div>\n<\/figure>\n<figure class=\"gallery-item\">\n<div class=\"gallery-icon portrait\"><a href=\"https:\/\/infonewss.com\/wp-content\/uploads\/2024\/03\/Vera-Mendes-estreia-com-vitoria-no-Campeonato-Regional-de-Bela-Vista-do-Piaui-IMG_7964.jpg\"><img loading=\"lazy\" decoding=\"async\" class=\"attachment-medium size-medium lazyloaded\" src=\"https:\/\/infonewss.com\/wp-content\/uploads\/2024\/03\/Vera-Mendes-estreia-com-vitoria-no-Campeonato-Regional-de-Bela-Vista-do-Piaui-IMG_7964-200x300.jpg\" sizes=\"(max-width: 200px) 100vw, 200px\" srcset=\"https:\/\/infonewss.com\/wp-content\/uploads\/2024\/03\/Vera-Mendes-estreia-com-vitoria-no-Campeonato-Regional-de-Bela-Vista-do-Piaui-IMG_7964-200x300.jpg 200w, https:\/\/infonewss.com\/wp-content\/uploads\/2024\/03\/Vera-Mendes-estreia-com-vitoria-no-Campeonato-Regional-de-Bela-Vista-do-Piaui-IMG_7964-683x1024.jpg 683w, https:\/\/infonewss.com\/wp-content\/uploads\/2024\/03\/Vera-Mendes-estreia-com-vitoria-no-Campeonato-Regional-de-Bela-Vista-do-Piaui-IMG_7964-768x1152.jpg 768w, https:\/\/infonewss.com\/wp-content\/uploads\/2024\/03\/Vera-Mendes-estreia-com-vitoria-no-Campeonato-Regional-de-Bela-Vista-do-Piaui-IMG_7964-150x225.jpg 150w, https:\/\/infonewss.com\/wp-content\/uploads\/2024\/03\/Vera-Mendes-estreia-com-vitoria-no-Campeonato-Regional-de-Bela-Vista-do-Piaui-IMG_7964-300x450.jpg 300w, https:\/\/infonewss.com\/wp-content\/uploads\/2024\/03\/Vera-Mendes-estreia-com-vitoria-no-Campeonato-Regional-de-Bela-Vista-do-Piaui-IMG_7964-696x1044.jpg 696w, https:\/\/infonewss.com\/wp-content\/uploads\/2024\/03\/Vera-Mendes-estreia-com-vitoria-no-Campeonato-Regional-de-Bela-Vista-do-Piaui-IMG_7964.jpg 900w\" alt=\"\" width=\"200\" height=\"300\" data-srcset=\"https:\/\/infonewss.com\/wp-content\/uploads\/2024\/03\/Vera-Mendes-estreia-com-vitoria-no-Campeonato-Regional-de-Bela-Vista-do-Piaui-IMG_7964-200x300.jpg 200w, https:\/\/infonewss.com\/wp-content\/uploads\/2024\/03\/Vera-Mendes-estreia-com-vitoria-no-Campeonato-Regional-de-Bela-Vista-do-Piaui-IMG_7964-683x1024.jpg 683w, https:\/\/infonewss.com\/wp-content\/uploads\/2024\/03\/Vera-Mendes-estreia-com-vitoria-no-Campeonato-Regional-de-Bela-Vista-do-Piaui-IMG_7964-768x1152.jpg 768w, https:\/\/infonewss.com\/wp-content\/uploads\/2024\/03\/Vera-Mendes-estreia-com-vitoria-no-Campeonato-Regional-de-Bela-Vista-do-Piaui-IMG_7964-150x225.jpg 150w, https:\/\/infonewss.com\/wp-content\/uploads\/2024\/03\/Vera-Mendes-estreia-com-vitoria-no-Campeonato-Regional-de-Bela-Vista-do-Piaui-IMG_7964-300x450.jpg 300w, https:\/\/infonewss.com\/wp-content\/uploads\/2024\/03\/Vera-Mendes-estreia-com-vitoria-no-Campeonato-Regional-de-Bela-Vista-do-Piaui-IMG_7964-696x1044.jpg 696w, https:\/\/infonewss.com\/wp-content\/uploads\/2024\/03\/Vera-Mendes-estreia-com-vitoria-no-Campeonato-Regional-de-Bela-Vista-do-Piaui-IMG_7964.jpg 900w\" data-src=\"https:\/\/infonewss.com\/wp-content\/uploads\/2024\/03\/Vera-Mendes-estreia-com-vitoria-no-Campeonato-Regional-de-Bela-Vista-do-Piaui-IMG_7964-200x300.jpg\" data-sizes=\"(max-width: 200px) 100vw, 200px\" \/><\/a><\/div>\n<\/figure>\n<figure class=\"gallery-item\">\n<div class=\"gallery-icon portrait\"><a href=\"https:\/\/infonewss.com\/wp-content\/uploads\/2024\/03\/Vera-Mendes-estreia-com-vitoria-no-Campeonato-Regional-de-Bela-Vista-do-Piaui-IMG_7967.jpg\"><img loading=\"lazy\" decoding=\"async\" class=\"attachment-medium size-medium lazyloaded\" src=\"https:\/\/infonewss.com\/wp-content\/uploads\/2024\/03\/Vera-Mendes-estreia-com-vitoria-no-Campeonato-Regional-de-Bela-Vista-do-Piaui-IMG_7967-200x300.jpg\" sizes=\"(max-width: 200px) 100vw, 200px\" srcset=\"https:\/\/infonewss.com\/wp-content\/uploads\/2024\/03\/Vera-Mendes-estreia-com-vitoria-no-Campeonato-Regional-de-Bela-Vista-do-Piaui-IMG_7967-200x300.jpg 200w, https:\/\/infonewss.com\/wp-content\/uploads\/2024\/03\/Vera-Mendes-estreia-com-vitoria-no-Campeonato-Regional-de-Bela-Vista-do-Piaui-IMG_7967-683x1024.jpg 683w, https:\/\/infonewss.com\/wp-content\/uploads\/2024\/03\/Vera-Mendes-estreia-com-vitoria-no-Campeonato-Regional-de-Bela-Vista-do-Piaui-IMG_7967-768x1152.jpg 768w, https:\/\/infonewss.com\/wp-content\/uploads\/2024\/03\/Vera-Mendes-estreia-com-vitoria-no-Campeonato-Regional-de-Bela-Vista-do-Piaui-IMG_7967-150x225.jpg 150w, https:\/\/infonewss.com\/wp-content\/uploads\/2024\/03\/Vera-Mendes-estreia-com-vitoria-no-Campeonato-Regional-de-Bela-Vista-do-Piaui-IMG_7967-300x450.jpg 300w, https:\/\/infonewss.com\/wp-content\/uploads\/2024\/03\/Vera-Mendes-estreia-com-vitoria-no-Campeonato-Regional-de-Bela-Vista-do-Piaui-IMG_7967-696x1044.jpg 696w, https:\/\/infonewss.com\/wp-content\/uploads\/2024\/03\/Vera-Mendes-estreia-com-vitoria-no-Campeonato-Regional-de-Bela-Vista-do-Piaui-IMG_7967.jpg 900w\" alt=\"\" width=\"200\" height=\"300\" data-srcset=\"https:\/\/infonewss.com\/wp-content\/uploads\/2024\/03\/Vera-Mendes-estreia-com-vitoria-no-Campeonato-Regional-de-Bela-Vista-do-Piaui-IMG_7967-200x300.jpg 200w, https:\/\/infonewss.com\/wp-content\/uploads\/2024\/03\/Vera-Mendes-estreia-com-vitoria-no-Campeonato-Regional-de-Bela-Vista-do-Piaui-IMG_7967-683x1024.jpg 683w, https:\/\/infonewss.com\/wp-content\/uploads\/2024\/03\/Vera-Mendes-estreia-com-vitoria-no-Campeonato-Regional-de-Bela-Vista-do-Piaui-IMG_7967-768x1152.jpg 768w, https:\/\/infonewss.com\/wp-content\/uploads\/2024\/03\/Vera-Mendes-estreia-com-vitoria-no-Campeonato-Regional-de-Bela-Vista-do-Piaui-IMG_7967-150x225.jpg 150w, https:\/\/infonewss.com\/wp-content\/uploads\/2024\/03\/Vera-Mendes-estreia-com-vitoria-no-Campeonato-Regional-de-Bela-Vista-do-Piaui-IMG_7967-300x450.jpg 300w, https:\/\/infonewss.com\/wp-content\/uploads\/2024\/03\/Vera-Mendes-estreia-com-vitoria-no-Campeonato-Regional-de-Bela-Vista-do-Piaui-IMG_7967-696x1044.jpg 696w, https:\/\/infonewss.com\/wp-content\/uploads\/2024\/03\/Vera-Mendes-estreia-com-vitoria-no-Campeonato-Regional-de-Bela-Vista-do-Piaui-IMG_7967.jpg 900w\" data-src=\"https:\/\/infonewss.com\/wp-content\/uploads\/2024\/03\/Vera-Mendes-estreia-com-vitoria-no-Campeonato-Regional-de-Bela-Vista-do-Piaui-IMG_7967-200x300.jpg\" data-sizes=\"(max-width: 200px) 100vw, 200px\" \/><\/a><\/div>\n<\/figure>\n<figure class=\"gallery-item\">\n<div class=\"gallery-icon landscape\"><a href=\"https:\/\/infonewss.com\/wp-content\/uploads\/2024\/03\/Vera-Mendes-estreia-com-vitoria-no-Campeonato-Regional-de-Bela-Vista-do-Piaui-IMG_7968.jpg\"><img loading=\"lazy\" decoding=\"async\" class=\"attachment-medium size-medium lazyloaded\" src=\"https:\/\/infonewss.com\/wp-content\/uploads\/2024\/03\/Vera-Mendes-estreia-com-vitoria-no-Campeonato-Regional-de-Bela-Vista-do-Piaui-IMG_7968-300x200.jpg\" sizes=\"(max-width: 300px) 100vw, 300px\" srcset=\"https:\/\/infonewss.com\/wp-content\/uploads\/2024\/03\/Vera-Mendes-estreia-com-vitoria-no-Campeonato-Regional-de-Bela-Vista-do-Piaui-IMG_7968-300x200.jpg 300w, https:\/\/infonewss.com\/wp-content\/uploads\/2024\/03\/Vera-Mendes-estreia-com-vitoria-no-Campeonato-Regional-de-Bela-Vista-do-Piaui-IMG_7968-768x512.jpg 768w, https:\/\/infonewss.com\/wp-content\/uploads\/2024\/03\/Vera-Mendes-estreia-com-vitoria-no-Campeonato-Regional-de-Bela-Vista-do-Piaui-IMG_7968-150x100.jpg 150w, https:\/\/infonewss.com\/wp-content\/uploads\/2024\/03\/Vera-Mendes-estreia-com-vitoria-no-Campeonato-Regional-de-Bela-Vista-do-Piaui-IMG_7968-696x464.jpg 696w, https:\/\/infonewss.com\/wp-content\/uploads\/2024\/03\/Vera-Mendes-estreia-com-vitoria-no-Campeonato-Regional-de-Bela-Vista-do-Piaui-IMG_7968.jpg 900w\" alt=\"\" width=\"300\" height=\"200\" data-srcset=\"https:\/\/infonewss.com\/wp-content\/uploads\/2024\/03\/Vera-Mendes-estreia-com-vitoria-no-Campeonato-Regional-de-Bela-Vista-do-Piaui-IMG_7968-300x200.jpg 300w, https:\/\/infonewss.com\/wp-content\/uploads\/2024\/03\/Vera-Mendes-estreia-com-vitoria-no-Campeonato-Regional-de-Bela-Vista-do-Piaui-IMG_7968-768x512.jpg 768w, https:\/\/infonewss.com\/wp-content\/uploads\/2024\/03\/Vera-Mendes-estreia-com-vitoria-no-Campeonato-Regional-de-Bela-Vista-do-Piaui-IMG_7968-150x100.jpg 150w, https:\/\/infonewss.com\/wp-content\/uploads\/2024\/03\/Vera-Mendes-estreia-com-vitoria-no-Campeonato-Regional-de-Bela-Vista-do-Piaui-IMG_7968-696x464.jpg 696w, https:\/\/infonewss.com\/wp-content\/uploads\/2024\/03\/Vera-Mendes-estreia-com-vitoria-no-Campeonato-Regional-de-Bela-Vista-do-Piaui-IMG_7968.jpg 900w\" data-src=\"https:\/\/infonewss.com\/wp-content\/uploads\/2024\/03\/Vera-Mendes-estreia-com-vitoria-no-Campeonato-Regional-de-Bela-Vista-do-Piaui-IMG_7968-300x200.jpg\" data-sizes=\"(max-width: 300px) 100vw, 300px\" \/><\/a><\/div>\n<\/figure>\n<figure class=\"gallery-item\">\n<div class=\"gallery-icon portrait\"><a href=\"https:\/\/infonewss.com\/wp-content\/uploads\/2024\/03\/Vera-Mendes-estreia-com-vitoria-no-Campeonato-Regional-de-Bela-Vista-do-Piaui-IMG_7969.jpg\"><img loading=\"lazy\" decoding=\"async\" class=\"attachment-medium size-medium lazyloaded\" src=\"https:\/\/infonewss.com\/wp-content\/uploads\/2024\/03\/Vera-Mendes-estreia-com-vitoria-no-Campeonato-Regional-de-Bela-Vista-do-Piaui-IMG_7969-200x300.jpg\" sizes=\"(max-width: 200px) 100vw, 200px\" srcset=\"https:\/\/infonewss.com\/wp-content\/uploads\/2024\/03\/Vera-Mendes-estreia-com-vitoria-no-Campeonato-Regional-de-Bela-Vista-do-Piaui-IMG_7969-200x300.jpg 200w, https:\/\/infonewss.com\/wp-content\/uploads\/2024\/03\/Vera-Mendes-estreia-com-vitoria-no-Campeonato-Regional-de-Bela-Vista-do-Piaui-IMG_7969-683x1024.jpg 683w, https:\/\/infonewss.com\/wp-content\/uploads\/2024\/03\/Vera-Mendes-estreia-com-vitoria-no-Campeonato-Regional-de-Bela-Vista-do-Piaui-IMG_7969-768x1152.jpg 768w, https:\/\/infonewss.com\/wp-content\/uploads\/2024\/03\/Vera-Mendes-estreia-com-vitoria-no-Campeonato-Regional-de-Bela-Vista-do-Piaui-IMG_7969-150x225.jpg 150w, https:\/\/infonewss.com\/wp-content\/uploads\/2024\/03\/Vera-Mendes-estreia-com-vitoria-no-Campeonato-Regional-de-Bela-Vista-do-Piaui-IMG_7969-300x450.jpg 300w, https:\/\/infonewss.com\/wp-content\/uploads\/2024\/03\/Vera-Mendes-estreia-com-vitoria-no-Campeonato-Regional-de-Bela-Vista-do-Piaui-IMG_7969-696x1044.jpg 696w, https:\/\/infonewss.com\/wp-content\/uploads\/2024\/03\/Vera-Mendes-estreia-com-vitoria-no-Campeonato-Regional-de-Bela-Vista-do-Piaui-IMG_7969.jpg 900w\" alt=\"\" width=\"200\" height=\"300\" data-srcset=\"https:\/\/infonewss.com\/wp-content\/uploads\/2024\/03\/Vera-Mendes-estreia-com-vitoria-no-Campeonato-Regional-de-Bela-Vista-do-Piaui-IMG_7969-200x300.jpg 200w, https:\/\/infonewss.com\/wp-content\/uploads\/2024\/03\/Vera-Mendes-estreia-com-vitoria-no-Campeonato-Regional-de-Bela-Vista-do-Piaui-IMG_7969-683x1024.jpg 683w, https:\/\/infonewss.com\/wp-content\/uploads\/2024\/03\/Vera-Mendes-estreia-com-vitoria-no-Campeonato-Regional-de-Bela-Vista-do-Piaui-IMG_7969-768x1152.jpg 768w, https:\/\/infonewss.com\/wp-content\/uploads\/2024\/03\/Vera-Mendes-estreia-com-vitoria-no-Campeonato-Regional-de-Bela-Vista-do-Piaui-IMG_7969-150x225.jpg 150w, https:\/\/infonewss.com\/wp-content\/uploads\/2024\/03\/Vera-Mendes-estreia-com-vitoria-no-Campeonato-Regional-de-Bela-Vista-do-Piaui-IMG_7969-300x450.jpg 300w, https:\/\/infonewss.com\/wp-content\/uploads\/2024\/03\/Vera-Mendes-estreia-com-vitoria-no-Campeonato-Regional-de-Bela-Vista-do-Piaui-IMG_7969-696x1044.jpg 696w, https:\/\/infonewss.com\/wp-content\/uploads\/2024\/03\/Vera-Mendes-estreia-com-vitoria-no-Campeonato-Regional-de-Bela-Vista-do-Piaui-IMG_7969.jpg 900w\" data-src=\"https:\/\/infonewss.com\/wp-content\/uploads\/2024\/03\/Vera-Mendes-estreia-com-vitoria-no-Campeonato-Regional-de-Bela-Vista-do-Piaui-IMG_7969-200x300.jpg\" data-sizes=\"(max-width: 200px) 100vw, 200px\" \/><\/a><\/div>\n<\/figure>\n<figure class=\"gallery-item\">\n<div class=\"gallery-icon portrait\"><a href=\"https:\/\/infonewss.com\/wp-content\/uploads\/2024\/03\/Vera-Mendes-estreia-com-vitoria-no-Campeonato-Regional-de-Bela-Vista-do-Piaui-IMG_7970.jpg\"><img loading=\"lazy\" decoding=\"async\" class=\"attachment-medium size-medium lazyloaded\" src=\"https:\/\/infonewss.com\/wp-content\/uploads\/2024\/03\/Vera-Mendes-estreia-com-vitoria-no-Campeonato-Regional-de-Bela-Vista-do-Piaui-IMG_7970-200x300.jpg\" sizes=\"(max-width: 200px) 100vw, 200px\" srcset=\"https:\/\/infonewss.com\/wp-content\/uploads\/2024\/03\/Vera-Mendes-estreia-com-vitoria-no-Campeonato-Regional-de-Bela-Vista-do-Piaui-IMG_7970-200x300.jpg 200w, https:\/\/infonewss.com\/wp-content\/uploads\/2024\/03\/Vera-Mendes-estreia-com-vitoria-no-Campeonato-Regional-de-Bela-Vista-do-Piaui-IMG_7970-683x1024.jpg 683w, https:\/\/infonewss.com\/wp-content\/uploads\/2024\/03\/Vera-Mendes-estreia-com-vitoria-no-Campeonato-Regional-de-Bela-Vista-do-Piaui-IMG_7970-768x1152.jpg 768w, https:\/\/infonewss.com\/wp-content\/uploads\/2024\/03\/Vera-Mendes-estreia-com-vitoria-no-Campeonato-Regional-de-Bela-Vista-do-Piaui-IMG_7970-150x225.jpg 150w, https:\/\/infonewss.com\/wp-content\/uploads\/2024\/03\/Vera-Mendes-estreia-com-vitoria-no-Campeonato-Regional-de-Bela-Vista-do-Piaui-IMG_7970-300x450.jpg 300w, https:\/\/infonewss.com\/wp-content\/uploads\/2024\/03\/Vera-Mendes-estreia-com-vitoria-no-Campeonato-Regional-de-Bela-Vista-do-Piaui-IMG_7970-696x1044.jpg 696w, https:\/\/infonewss.com\/wp-content\/uploads\/2024\/03\/Vera-Mendes-estreia-com-vitoria-no-Campeonato-Regional-de-Bela-Vista-do-Piaui-IMG_7970.jpg 900w\" alt=\"\" width=\"200\" height=\"300\" data-srcset=\"https:\/\/infonewss.com\/wp-content\/uploads\/2024\/03\/Vera-Mendes-estreia-com-vitoria-no-Campeonato-Regional-de-Bela-Vista-do-Piaui-IMG_7970-200x300.jpg 200w, https:\/\/infonewss.com\/wp-content\/uploads\/2024\/03\/Vera-Mendes-estreia-com-vitoria-no-Campeonato-Regional-de-Bela-Vista-do-Piaui-IMG_7970-683x1024.jpg 683w, https:\/\/infonewss.com\/wp-content\/uploads\/2024\/03\/Vera-Mendes-estreia-com-vitoria-no-Campeonato-Regional-de-Bela-Vista-do-Piaui-IMG_7970-768x1152.jpg 768w, https:\/\/infonewss.com\/wp-content\/uploads\/2024\/03\/Vera-Mendes-estreia-com-vitoria-no-Campeonato-Regional-de-Bela-Vista-do-Piaui-IMG_7970-150x225.jpg 150w, https:\/\/infonewss.com\/wp-content\/uploads\/2024\/03\/Vera-Mendes-estreia-com-vitoria-no-Campeonato-Regional-de-Bela-Vista-do-Piaui-IMG_7970-300x450.jpg 300w, https:\/\/infonewss.com\/wp-content\/uploads\/2024\/03\/Vera-Mendes-estreia-com-vitoria-no-Campeonato-Regional-de-Bela-Vista-do-Piaui-IMG_7970-696x1044.jpg 696w, https:\/\/infonewss.com\/wp-content\/uploads\/2024\/03\/Vera-Mendes-estreia-com-vitoria-no-Campeonato-Regional-de-Bela-Vista-do-Piaui-IMG_7970.jpg 900w\" data-src=\"https:\/\/infonewss.com\/wp-content\/uploads\/2024\/03\/Vera-Mendes-estreia-com-vitoria-no-Campeonato-Regional-de-Bela-Vista-do-Piaui-IMG_7970-200x300.jpg\" data-sizes=\"(max-width: 200px) 100vw, 200px\" \/><\/a><\/div>\n<\/figure>\n<figure class=\"gallery-item\">\n<div class=\"gallery-icon portrait\"><a href=\"https:\/\/infonewss.com\/wp-content\/uploads\/2024\/03\/Vera-Mendes-estreia-com-vitoria-no-Campeonato-Regional-de-Bela-Vista-do-Piaui-IMG_7972.jpg\"><img loading=\"lazy\" decoding=\"async\" class=\"attachment-medium size-medium lazyloaded\" src=\"https:\/\/infonewss.com\/wp-content\/uploads\/2024\/03\/Vera-Mendes-estreia-com-vitoria-no-Campeonato-Regional-de-Bela-Vista-do-Piaui-IMG_7972-200x300.jpg\" sizes=\"(max-width: 200px) 100vw, 200px\" srcset=\"https:\/\/infonewss.com\/wp-content\/uploads\/2024\/03\/Vera-Mendes-estreia-com-vitoria-no-Campeonato-Regional-de-Bela-Vista-do-Piaui-IMG_7972-200x300.jpg 200w, https:\/\/infonewss.com\/wp-content\/uploads\/2024\/03\/Vera-Mendes-estreia-com-vitoria-no-Campeonato-Regional-de-Bela-Vista-do-Piaui-IMG_7972-683x1024.jpg 683w, https:\/\/infonewss.com\/wp-content\/uploads\/2024\/03\/Vera-Mendes-estreia-com-vitoria-no-Campeonato-Regional-de-Bela-Vista-do-Piaui-IMG_7972-768x1152.jpg 768w, https:\/\/infonewss.com\/wp-content\/uploads\/2024\/03\/Vera-Mendes-estreia-com-vitoria-no-Campeonato-Regional-de-Bela-Vista-do-Piaui-IMG_7972-150x225.jpg 150w, https:\/\/infonewss.com\/wp-content\/uploads\/2024\/03\/Vera-Mendes-estreia-com-vitoria-no-Campeonato-Regional-de-Bela-Vista-do-Piaui-IMG_7972-300x450.jpg 300w, https:\/\/infonewss.com\/wp-content\/uploads\/2024\/03\/Vera-Mendes-estreia-com-vitoria-no-Campeonato-Regional-de-Bela-Vista-do-Piaui-IMG_7972-696x1044.jpg 696w, https:\/\/infonewss.com\/wp-content\/uploads\/2024\/03\/Vera-Mendes-estreia-com-vitoria-no-Campeonato-Regional-de-Bela-Vista-do-Piaui-IMG_7972.jpg 900w\" alt=\"\" width=\"200\" height=\"300\" data-srcset=\"https:\/\/infonewss.com\/wp-content\/uploads\/2024\/03\/Vera-Mendes-estreia-com-vitoria-no-Campeonato-Regional-de-Bela-Vista-do-Piaui-IMG_7972-200x300.jpg 200w, https:\/\/infonewss.com\/wp-content\/uploads\/2024\/03\/Vera-Mendes-estreia-com-vitoria-no-Campeonato-Regional-de-Bela-Vista-do-Piaui-IMG_7972-683x1024.jpg 683w, https:\/\/infonewss.com\/wp-content\/uploads\/2024\/03\/Vera-Mendes-estreia-com-vitoria-no-Campeonato-Regional-de-Bela-Vista-do-Piaui-IMG_7972-768x1152.jpg 768w, https:\/\/infonewss.com\/wp-content\/uploads\/2024\/03\/Vera-Mendes-estreia-com-vitoria-no-Campeonato-Regional-de-Bela-Vista-do-Piaui-IMG_7972-150x225.jpg 150w, https:\/\/infonewss.com\/wp-content\/uploads\/2024\/03\/Vera-Mendes-estreia-com-vitoria-no-Campeonato-Regional-de-Bela-Vista-do-Piaui-IMG_7972-300x450.jpg 300w, https:\/\/infonewss.com\/wp-content\/uploads\/2024\/03\/Vera-Mendes-estreia-com-vitoria-no-Campeonato-Regional-de-Bela-Vista-do-Piaui-IMG_7972-696x1044.jpg 696w, https:\/\/infonewss.com\/wp-content\/uploads\/2024\/03\/Vera-Mendes-estreia-com-vitoria-no-Campeonato-Regional-de-Bela-Vista-do-Piaui-IMG_7972.jpg 900w\" data-src=\"https:\/\/infonewss.com\/wp-content\/uploads\/2024\/03\/Vera-Mendes-estreia-com-vitoria-no-Campeonato-Regional-de-Bela-Vista-do-Piaui-IMG_7972-200x300.jpg\" data-sizes=\"(max-width: 200px) 100vw, 200px\" \/><\/a><\/div>\n<\/figure>\n<figure class=\"gallery-item\">\n<div class=\"gallery-icon portrait\"><a href=\"https:\/\/infonewss.com\/wp-content\/uploads\/2024\/03\/Vera-Mendes-estreia-com-vitoria-no-Campeonato-Regional-de-Bela-Vista-do-Piaui-IMG_7973.jpg\"><img loading=\"lazy\" decoding=\"async\" class=\"attachment-medium size-medium lazyloaded\" src=\"https:\/\/infonewss.com\/wp-content\/uploads\/2024\/03\/Vera-Mendes-estreia-com-vitoria-no-Campeonato-Regional-de-Bela-Vista-do-Piaui-IMG_7973-200x300.jpg\" sizes=\"(max-width: 200px) 100vw, 200px\" srcset=\"https:\/\/infonewss.com\/wp-content\/uploads\/2024\/03\/Vera-Mendes-estreia-com-vitoria-no-Campeonato-Regional-de-Bela-Vista-do-Piaui-IMG_7973-200x300.jpg 200w, https:\/\/infonewss.com\/wp-content\/uploads\/2024\/03\/Vera-Mendes-estreia-com-vitoria-no-Campeonato-Regional-de-Bela-Vista-do-Piaui-IMG_7973-683x1024.jpg 683w, https:\/\/infonewss.com\/wp-content\/uploads\/2024\/03\/Vera-Mendes-estreia-com-vitoria-no-Campeonato-Regional-de-Bela-Vista-do-Piaui-IMG_7973-768x1152.jpg 768w, https:\/\/infonewss.com\/wp-content\/uploads\/2024\/03\/Vera-Mendes-estreia-com-vitoria-no-Campeonato-Regional-de-Bela-Vista-do-Piaui-IMG_7973-150x225.jpg 150w, https:\/\/infonewss.com\/wp-content\/uploads\/2024\/03\/Vera-Mendes-estreia-com-vitoria-no-Campeonato-Regional-de-Bela-Vista-do-Piaui-IMG_7973-300x450.jpg 300w, https:\/\/infonewss.com\/wp-content\/uploads\/2024\/03\/Vera-Mendes-estreia-com-vitoria-no-Campeonato-Regional-de-Bela-Vista-do-Piaui-IMG_7973-696x1044.jpg 696w, https:\/\/infonewss.com\/wp-content\/uploads\/2024\/03\/Vera-Mendes-estreia-com-vitoria-no-Campeonato-Regional-de-Bela-Vista-do-Piaui-IMG_7973.jpg 900w\" alt=\"\" width=\"200\" height=\"300\" data-srcset=\"https:\/\/infonewss.com\/wp-content\/uploads\/2024\/03\/Vera-Mendes-estreia-com-vitoria-no-Campeonato-Regional-de-Bela-Vista-do-Piaui-IMG_7973-200x300.jpg 200w, https:\/\/infonewss.com\/wp-content\/uploads\/2024\/03\/Vera-Mendes-estreia-com-vitoria-no-Campeonato-Regional-de-Bela-Vista-do-Piaui-IMG_7973-683x1024.jpg 683w, https:\/\/infonewss.com\/wp-content\/uploads\/2024\/03\/Vera-Mendes-estreia-com-vitoria-no-Campeonato-Regional-de-Bela-Vista-do-Piaui-IMG_7973-768x1152.jpg 768w, https:\/\/infonewss.com\/wp-content\/uploads\/2024\/03\/Vera-Mendes-estreia-com-vitoria-no-Campeonato-Regional-de-Bela-Vista-do-Piaui-IMG_7973-150x225.jpg 150w, https:\/\/infonewss.com\/wp-content\/uploads\/2024\/03\/Vera-Mendes-estreia-com-vitoria-no-Campeonato-Regional-de-Bela-Vista-do-Piaui-IMG_7973-300x450.jpg 300w, https:\/\/infonewss.com\/wp-content\/uploads\/2024\/03\/Vera-Mendes-estreia-com-vitoria-no-Campeonato-Regional-de-Bela-Vista-do-Piaui-IMG_7973-696x1044.jpg 696w, https:\/\/infonewss.com\/wp-content\/uploads\/2024\/03\/Vera-Mendes-estreia-com-vitoria-no-Campeonato-Regional-de-Bela-Vista-do-Piaui-IMG_7973.jpg 900w\" data-src=\"https:\/\/infonewss.com\/wp-content\/uploads\/2024\/03\/Vera-Mendes-estreia-com-vitoria-no-Campeonato-Regional-de-Bela-Vista-do-Piaui-IMG_7973-200x300.jpg\" data-sizes=\"(max-width: 200px) 100vw, 200px\" \/><\/a><\/div>\n<\/figure>\n<figure class=\"gallery-item\">\n<div class=\"gallery-icon landscape\"><a href=\"https:\/\/infonewss.com\/wp-content\/uploads\/2024\/03\/Vera-Mendes-estreia-com-vitoria-no-Campeonato-Regional-de-Bela-Vista-do-Piaui-IMG_7975.jpg\"><img loading=\"lazy\" decoding=\"async\" class=\"attachment-medium size-medium lazyloaded\" src=\"https:\/\/infonewss.com\/wp-content\/uploads\/2024\/03\/Vera-Mendes-estreia-com-vitoria-no-Campeonato-Regional-de-Bela-Vista-do-Piaui-IMG_7975-300x200.jpg\" sizes=\"(max-width: 300px) 100vw, 300px\" srcset=\"https:\/\/infonewss.com\/wp-content\/uploads\/2024\/03\/Vera-Mendes-estreia-com-vitoria-no-Campeonato-Regional-de-Bela-Vista-do-Piaui-IMG_7975-300x200.jpg 300w, https:\/\/infonewss.com\/wp-content\/uploads\/2024\/03\/Vera-Mendes-estreia-com-vitoria-no-Campeonato-Regional-de-Bela-Vista-do-Piaui-IMG_7975-768x512.jpg 768w, https:\/\/infonewss.com\/wp-content\/uploads\/2024\/03\/Vera-Mendes-estreia-com-vitoria-no-Campeonato-Regional-de-Bela-Vista-do-Piaui-IMG_7975-150x100.jpg 150w, https:\/\/infonewss.com\/wp-content\/uploads\/2024\/03\/Vera-Mendes-estreia-com-vitoria-no-Campeonato-Regional-de-Bela-Vista-do-Piaui-IMG_7975-696x464.jpg 696w, https:\/\/infonewss.com\/wp-content\/uploads\/2024\/03\/Vera-Mendes-estreia-com-vitoria-no-Campeonato-Regional-de-Bela-Vista-do-Piaui-IMG_7975.jpg 900w\" alt=\"\" width=\"300\" height=\"200\" data-srcset=\"https:\/\/infonewss.com\/wp-content\/uploads\/2024\/03\/Vera-Mendes-estreia-com-vitoria-no-Campeonato-Regional-de-Bela-Vista-do-Piaui-IMG_7975-300x200.jpg 300w, https:\/\/infonewss.com\/wp-content\/uploads\/2024\/03\/Vera-Mendes-estreia-com-vitoria-no-Campeonato-Regional-de-Bela-Vista-do-Piaui-IMG_7975-768x512.jpg 768w, https:\/\/infonewss.com\/wp-content\/uploads\/2024\/03\/Vera-Mendes-estreia-com-vitoria-no-Campeonato-Regional-de-Bela-Vista-do-Piaui-IMG_7975-150x100.jpg 150w, https:\/\/infonewss.com\/wp-content\/uploads\/2024\/03\/Vera-Mendes-estreia-com-vitoria-no-Campeonato-Regional-de-Bela-Vista-do-Piaui-IMG_7975-696x464.jpg 696w, https:\/\/infonewss.com\/wp-content\/uploads\/2024\/03\/Vera-Mendes-estreia-com-vitoria-no-Campeonato-Regional-de-Bela-Vista-do-Piaui-IMG_7975.jpg 900w\" data-src=\"https:\/\/infonewss.com\/wp-content\/uploads\/2024\/03\/Vera-Mendes-estreia-com-vitoria-no-Campeonato-Regional-de-Bela-Vista-do-Piaui-IMG_7975-300x200.jpg\" data-sizes=\"(max-width: 300px) 100vw, 300px\" \/><\/a><\/div>\n<\/figure>\n<figure class=\"gallery-item\">\n<div class=\"gallery-icon landscape\"><a href=\"https:\/\/infonewss.com\/wp-content\/uploads\/2024\/03\/Vera-Mendes-estreia-com-vitoria-no-Campeonato-Regional-de-Bela-Vista-do-Piaui-IMG_7976.jpg\"><img loading=\"lazy\" decoding=\"async\" class=\"attachment-medium size-medium lazyloaded\" src=\"https:\/\/infonewss.com\/wp-content\/uploads\/2024\/03\/Vera-Mendes-estreia-com-vitoria-no-Campeonato-Regional-de-Bela-Vista-do-Piaui-IMG_7976-300x200.jpg\" sizes=\"(max-width: 300px) 100vw, 300px\" srcset=\"https:\/\/infonewss.com\/wp-content\/uploads\/2024\/03\/Vera-Mendes-estreia-com-vitoria-no-Campeonato-Regional-de-Bela-Vista-do-Piaui-IMG_7976-300x200.jpg 300w, https:\/\/infonewss.com\/wp-content\/uploads\/2024\/03\/Vera-Mendes-estreia-com-vitoria-no-Campeonato-Regional-de-Bela-Vista-do-Piaui-IMG_7976-768x512.jpg 768w, https:\/\/infonewss.com\/wp-content\/uploads\/2024\/03\/Vera-Mendes-estreia-com-vitoria-no-Campeonato-Regional-de-Bela-Vista-do-Piaui-IMG_7976-150x100.jpg 150w, https:\/\/infonewss.com\/wp-content\/uploads\/2024\/03\/Vera-Mendes-estreia-com-vitoria-no-Campeonato-Regional-de-Bela-Vista-do-Piaui-IMG_7976-696x464.jpg 696w, https:\/\/infonewss.com\/wp-content\/uploads\/2024\/03\/Vera-Mendes-estreia-com-vitoria-no-Campeonato-Regional-de-Bela-Vista-do-Piaui-IMG_7976.jpg 900w\" alt=\"\" width=\"300\" height=\"200\" data-srcset=\"https:\/\/infonewss.com\/wp-content\/uploads\/2024\/03\/Vera-Mendes-estreia-com-vitoria-no-Campeonato-Regional-de-Bela-Vista-do-Piaui-IMG_7976-300x200.jpg 300w, https:\/\/infonewss.com\/wp-content\/uploads\/2024\/03\/Vera-Mendes-estreia-com-vitoria-no-Campeonato-Regional-de-Bela-Vista-do-Piaui-IMG_7976-768x512.jpg 768w, https:\/\/infonewss.com\/wp-content\/uploads\/2024\/03\/Vera-Mendes-estreia-com-vitoria-no-Campeonato-Regional-de-Bela-Vista-do-Piaui-IMG_7976-150x100.jpg 150w, https:\/\/infonewss.com\/wp-content\/uploads\/2024\/03\/Vera-Mendes-estreia-com-vitoria-no-Campeonato-Regional-de-Bela-Vista-do-Piaui-IMG_7976-696x464.jpg 696w, https:\/\/infonewss.com\/wp-content\/uploads\/2024\/03\/Vera-Mendes-estreia-com-vitoria-no-Campeonato-Regional-de-Bela-Vista-do-Piaui-IMG_7976.jpg 900w\" data-src=\"https:\/\/infonewss.com\/wp-content\/uploads\/2024\/03\/Vera-Mendes-estreia-com-vitoria-no-Campeonato-Regional-de-Bela-Vista-do-Piaui-IMG_7976-300x200.jpg\" data-sizes=\"(max-width: 300px) 100vw, 300px\" \/><\/a><\/div>\n<\/figure>\n<figure class=\"gallery-item\">\n<div class=\"gallery-icon portrait\"><a href=\"https:\/\/infonewss.com\/wp-content\/uploads\/2024\/03\/Vera-Mendes-estreia-com-vitoria-no-Campeonato-Regional-de-Bela-Vista-do-Piaui-IMG_7977.jpg\"><img loading=\"lazy\" decoding=\"async\" class=\"attachment-medium size-medium lazyloaded\" src=\"https:\/\/infonewss.com\/wp-content\/uploads\/2024\/03\/Vera-Mendes-estreia-com-vitoria-no-Campeonato-Regional-de-Bela-Vista-do-Piaui-IMG_7977-200x300.jpg\" sizes=\"(max-width: 200px) 100vw, 200px\" srcset=\"https:\/\/infonewss.com\/wp-content\/uploads\/2024\/03\/Vera-Mendes-estreia-com-vitoria-no-Campeonato-Regional-de-Bela-Vista-do-Piaui-IMG_7977-200x300.jpg 200w, https:\/\/infonewss.com\/wp-content\/uploads\/2024\/03\/Vera-Mendes-estreia-com-vitoria-no-Campeonato-Regional-de-Bela-Vista-do-Piaui-IMG_7977-683x1024.jpg 683w, https:\/\/infonewss.com\/wp-content\/uploads\/2024\/03\/Vera-Mendes-estreia-com-vitoria-no-Campeonato-Regional-de-Bela-Vista-do-Piaui-IMG_7977-768x1152.jpg 768w, https:\/\/infonewss.com\/wp-content\/uploads\/2024\/03\/Vera-Mendes-estreia-com-vitoria-no-Campeonato-Regional-de-Bela-Vista-do-Piaui-IMG_7977-150x225.jpg 150w, https:\/\/infonewss.com\/wp-content\/uploads\/2024\/03\/Vera-Mendes-estreia-com-vitoria-no-Campeonato-Regional-de-Bela-Vista-do-Piaui-IMG_7977-300x450.jpg 300w, https:\/\/infonewss.com\/wp-content\/uploads\/2024\/03\/Vera-Mendes-estreia-com-vitoria-no-Campeonato-Regional-de-Bela-Vista-do-Piaui-IMG_7977-696x1044.jpg 696w, https:\/\/infonewss.com\/wp-content\/uploads\/2024\/03\/Vera-Mendes-estreia-com-vitoria-no-Campeonato-Regional-de-Bela-Vista-do-Piaui-IMG_7977.jpg 900w\" alt=\"\" width=\"200\" height=\"300\" data-srcset=\"https:\/\/infonewss.com\/wp-content\/uploads\/2024\/03\/Vera-Mendes-estreia-com-vitoria-no-Campeonato-Regional-de-Bela-Vista-do-Piaui-IMG_7977-200x300.jpg 200w, https:\/\/infonewss.com\/wp-content\/uploads\/2024\/03\/Vera-Mendes-estreia-com-vitoria-no-Campeonato-Regional-de-Bela-Vista-do-Piaui-IMG_7977-683x1024.jpg 683w, https:\/\/infonewss.com\/wp-content\/uploads\/2024\/03\/Vera-Mendes-estreia-com-vitoria-no-Campeonato-Regional-de-Bela-Vista-do-Piaui-IMG_7977-768x1152.jpg 768w, https:\/\/infonewss.com\/wp-content\/uploads\/2024\/03\/Vera-Mendes-estreia-com-vitoria-no-Campeonato-Regional-de-Bela-Vista-do-Piaui-IMG_7977-150x225.jpg 150w, https:\/\/infonewss.com\/wp-content\/uploads\/2024\/03\/Vera-Mendes-estreia-com-vitoria-no-Campeonato-Regional-de-Bela-Vista-do-Piaui-IMG_7977-300x450.jpg 300w, https:\/\/infonewss.com\/wp-content\/uploads\/2024\/03\/Vera-Mendes-estreia-com-vitoria-no-Campeonato-Regional-de-Bela-Vista-do-Piaui-IMG_7977-696x1044.jpg 696w, https:\/\/infonewss.com\/wp-content\/uploads\/2024\/03\/Vera-Mendes-estreia-com-vitoria-no-Campeonato-Regional-de-Bela-Vista-do-Piaui-IMG_7977.jpg 900w\" data-src=\"https:\/\/infonewss.com\/wp-content\/uploads\/2024\/03\/Vera-Mendes-estreia-com-vitoria-no-Campeonato-Regional-de-Bela-Vista-do-Piaui-IMG_7977-200x300.jpg\" data-sizes=\"(max-width: 200px) 100vw, 200px\" \/><\/a><\/div>\n<\/figure>\n<figure class=\"gallery-item\">\n<div class=\"gallery-icon portrait\"><a href=\"https:\/\/infonewss.com\/wp-content\/uploads\/2024\/03\/Vera-Mendes-estreia-com-vitoria-no-Campeonato-Regional-de-Bela-Vista-do-Piaui-IMG_7978.jpg\"><img loading=\"lazy\" decoding=\"async\" class=\"attachment-medium size-medium lazyloaded\" src=\"https:\/\/infonewss.com\/wp-content\/uploads\/2024\/03\/Vera-Mendes-estreia-com-vitoria-no-Campeonato-Regional-de-Bela-Vista-do-Piaui-IMG_7978-200x300.jpg\" sizes=\"(max-width: 200px) 100vw, 200px\" srcset=\"https:\/\/infonewss.com\/wp-content\/uploads\/2024\/03\/Vera-Mendes-estreia-com-vitoria-no-Campeonato-Regional-de-Bela-Vista-do-Piaui-IMG_7978-200x300.jpg 200w, https:\/\/infonewss.com\/wp-content\/uploads\/2024\/03\/Vera-Mendes-estreia-com-vitoria-no-Campeonato-Regional-de-Bela-Vista-do-Piaui-IMG_7978-683x1024.jpg 683w, https:\/\/infonewss.com\/wp-content\/uploads\/2024\/03\/Vera-Mendes-estreia-com-vitoria-no-Campeonato-Regional-de-Bela-Vista-do-Piaui-IMG_7978-768x1152.jpg 768w, https:\/\/infonewss.com\/wp-content\/uploads\/2024\/03\/Vera-Mendes-estreia-com-vitoria-no-Campeonato-Regional-de-Bela-Vista-do-Piaui-IMG_7978-150x225.jpg 150w, https:\/\/infonewss.com\/wp-content\/uploads\/2024\/03\/Vera-Mendes-estreia-com-vitoria-no-Campeonato-Regional-de-Bela-Vista-do-Piaui-IMG_7978-300x450.jpg 300w, https:\/\/infonewss.com\/wp-content\/uploads\/2024\/03\/Vera-Mendes-estreia-com-vitoria-no-Campeonato-Regional-de-Bela-Vista-do-Piaui-IMG_7978-696x1044.jpg 696w, https:\/\/infonewss.com\/wp-content\/uploads\/2024\/03\/Vera-Mendes-estreia-com-vitoria-no-Campeonato-Regional-de-Bela-Vista-do-Piaui-IMG_7978.jpg 900w\" alt=\"\" width=\"200\" height=\"300\" data-srcset=\"https:\/\/infonewss.com\/wp-content\/uploads\/2024\/03\/Vera-Mendes-estreia-com-vitoria-no-Campeonato-Regional-de-Bela-Vista-do-Piaui-IMG_7978-200x300.jpg 200w, https:\/\/infonewss.com\/wp-content\/uploads\/2024\/03\/Vera-Mendes-estreia-com-vitoria-no-Campeonato-Regional-de-Bela-Vista-do-Piaui-IMG_7978-683x1024.jpg 683w, https:\/\/infonewss.com\/wp-content\/uploads\/2024\/03\/Vera-Mendes-estreia-com-vitoria-no-Campeonato-Regional-de-Bela-Vista-do-Piaui-IMG_7978-768x1152.jpg 768w, https:\/\/infonewss.com\/wp-content\/uploads\/2024\/03\/Vera-Mendes-estreia-com-vitoria-no-Campeonato-Regional-de-Bela-Vista-do-Piaui-IMG_7978-150x225.jpg 150w, https:\/\/infonewss.com\/wp-content\/uploads\/2024\/03\/Vera-Mendes-estreia-com-vitoria-no-Campeonato-Regional-de-Bela-Vista-do-Piaui-IMG_7978-300x450.jpg 300w, https:\/\/infonewss.com\/wp-content\/uploads\/2024\/03\/Vera-Mendes-estreia-com-vitoria-no-Campeonato-Regional-de-Bela-Vista-do-Piaui-IMG_7978-696x1044.jpg 696w, https:\/\/infonewss.com\/wp-content\/uploads\/2024\/03\/Vera-Mendes-estreia-com-vitoria-no-Campeonato-Regional-de-Bela-Vista-do-Piaui-IMG_7978.jpg 900w\" data-src=\"https:\/\/infonewss.com\/wp-content\/uploads\/2024\/03\/Vera-Mendes-estreia-com-vitoria-no-Campeonato-Regional-de-Bela-Vista-do-Piaui-IMG_7978-200x300.jpg\" data-sizes=\"(max-width: 200px) 100vw, 200px\" \/><\/a><\/div>\n<\/figure>\n<figure class=\"gallery-item\">\n<div class=\"gallery-icon portrait\"><a href=\"https:\/\/infonewss.com\/wp-content\/uploads\/2024\/03\/Vera-Mendes-estreia-com-vitoria-no-Campeonato-Regional-de-Bela-Vista-do-Piaui-IMG_7979.jpg\"><img loading=\"lazy\" decoding=\"async\" class=\"attachment-medium size-medium lazyloaded\" src=\"https:\/\/infonewss.com\/wp-content\/uploads\/2024\/03\/Vera-Mendes-estreia-com-vitoria-no-Campeonato-Regional-de-Bela-Vista-do-Piaui-IMG_7979-200x300.jpg\" sizes=\"(max-width: 200px) 100vw, 200px\" srcset=\"https:\/\/infonewss.com\/wp-content\/uploads\/2024\/03\/Vera-Mendes-estreia-com-vitoria-no-Campeonato-Regional-de-Bela-Vista-do-Piaui-IMG_7979-200x300.jpg 200w, https:\/\/infonewss.com\/wp-content\/uploads\/2024\/03\/Vera-Mendes-estreia-com-vitoria-no-Campeonato-Regional-de-Bela-Vista-do-Piaui-IMG_7979-683x1024.jpg 683w, https:\/\/infonewss.com\/wp-content\/uploads\/2024\/03\/Vera-Mendes-estreia-com-vitoria-no-Campeonato-Regional-de-Bela-Vista-do-Piaui-IMG_7979-768x1152.jpg 768w, https:\/\/infonewss.com\/wp-content\/uploads\/2024\/03\/Vera-Mendes-estreia-com-vitoria-no-Campeonato-Regional-de-Bela-Vista-do-Piaui-IMG_7979-150x225.jpg 150w, https:\/\/infonewss.com\/wp-content\/uploads\/2024\/03\/Vera-Mendes-estreia-com-vitoria-no-Campeonato-Regional-de-Bela-Vista-do-Piaui-IMG_7979-300x450.jpg 300w, https:\/\/infonewss.com\/wp-content\/uploads\/2024\/03\/Vera-Mendes-estreia-com-vitoria-no-Campeonato-Regional-de-Bela-Vista-do-Piaui-IMG_7979-696x1044.jpg 696w, https:\/\/infonewss.com\/wp-content\/uploads\/2024\/03\/Vera-Mendes-estreia-com-vitoria-no-Campeonato-Regional-de-Bela-Vista-do-Piaui-IMG_7979.jpg 900w\" alt=\"\" width=\"200\" height=\"300\" data-srcset=\"https:\/\/infonewss.com\/wp-content\/uploads\/2024\/03\/Vera-Mendes-estreia-com-vitoria-no-Campeonato-Regional-de-Bela-Vista-do-Piaui-IMG_7979-200x300.jpg 200w, https:\/\/infonewss.com\/wp-content\/uploads\/2024\/03\/Vera-Mendes-estreia-com-vitoria-no-Campeonato-Regional-de-Bela-Vista-do-Piaui-IMG_7979-683x1024.jpg 683w, https:\/\/infonewss.com\/wp-content\/uploads\/2024\/03\/Vera-Mendes-estreia-com-vitoria-no-Campeonato-Regional-de-Bela-Vista-do-Piaui-IMG_7979-768x1152.jpg 768w, https:\/\/infonewss.com\/wp-content\/uploads\/2024\/03\/Vera-Mendes-estreia-com-vitoria-no-Campeonato-Regional-de-Bela-Vista-do-Piaui-IMG_7979-150x225.jpg 150w, https:\/\/infonewss.com\/wp-content\/uploads\/2024\/03\/Vera-Mendes-estreia-com-vitoria-no-Campeonato-Regional-de-Bela-Vista-do-Piaui-IMG_7979-300x450.jpg 300w, https:\/\/infonewss.com\/wp-content\/uploads\/2024\/03\/Vera-Mendes-estreia-com-vitoria-no-Campeonato-Regional-de-Bela-Vista-do-Piaui-IMG_7979-696x1044.jpg 696w, https:\/\/infonewss.com\/wp-content\/uploads\/2024\/03\/Vera-Mendes-estreia-com-vitoria-no-Campeonato-Regional-de-Bela-Vista-do-Piaui-IMG_7979.jpg 900w\" data-src=\"https:\/\/infonewss.com\/wp-content\/uploads\/2024\/03\/Vera-Mendes-estreia-com-vitoria-no-Campeonato-Regional-de-Bela-Vista-do-Piaui-IMG_7979-200x300.jpg\" data-sizes=\"(max-width: 200px) 100vw, 200px\" \/><\/a><\/div>\n<\/figure>\n<figure class=\"gallery-item\">\n<div class=\"gallery-icon landscape\"><a href=\"https:\/\/infonewss.com\/wp-content\/uploads\/2024\/03\/Vera-Mendes-estreia-com-vitoria-no-Campeonato-Regional-de-Bela-Vista-do-Piaui-IMG_7980.jpg\"><img loading=\"lazy\" decoding=\"async\" class=\"attachment-medium size-medium ls-is-cached lazyloaded\" src=\"https:\/\/infonewss.com\/wp-content\/uploads\/2024\/03\/Vera-Mendes-estreia-com-vitoria-no-Campeonato-Regional-de-Bela-Vista-do-Piaui-IMG_7980-300x200.jpg\" sizes=\"(max-width: 300px) 100vw, 300px\" srcset=\"https:\/\/infonewss.com\/wp-content\/uploads\/2024\/03\/Vera-Mendes-estreia-com-vitoria-no-Campeonato-Regional-de-Bela-Vista-do-Piaui-IMG_7980-300x200.jpg 300w, https:\/\/infonewss.com\/wp-content\/uploads\/2024\/03\/Vera-Mendes-estreia-com-vitoria-no-Campeonato-Regional-de-Bela-Vista-do-Piaui-IMG_7980-768x512.jpg 768w, https:\/\/infonewss.com\/wp-content\/uploads\/2024\/03\/Vera-Mendes-estreia-com-vitoria-no-Campeonato-Regional-de-Bela-Vista-do-Piaui-IMG_7980-150x100.jpg 150w, https:\/\/infonewss.com\/wp-content\/uploads\/2024\/03\/Vera-Mendes-estreia-com-vitoria-no-Campeonato-Regional-de-Bela-Vista-do-Piaui-IMG_7980-696x464.jpg 696w, https:\/\/infonewss.com\/wp-content\/uploads\/2024\/03\/Vera-Mendes-estreia-com-vitoria-no-Campeonato-Regional-de-Bela-Vista-do-Piaui-IMG_7980.jpg 900w\" alt=\"\" width=\"300\" height=\"200\" data-srcset=\"https:\/\/infonewss.com\/wp-content\/uploads\/2024\/03\/Vera-Mendes-estreia-com-vitoria-no-Campeonato-Regional-de-Bela-Vista-do-Piaui-IMG_7980-300x200.jpg 300w, https:\/\/infonewss.com\/wp-content\/uploads\/2024\/03\/Vera-Mendes-estreia-com-vitoria-no-Campeonato-Regional-de-Bela-Vista-do-Piaui-IMG_7980-768x512.jpg 768w, https:\/\/infonewss.com\/wp-content\/uploads\/2024\/03\/Vera-Mendes-estreia-com-vitoria-no-Campeonato-Regional-de-Bela-Vista-do-Piaui-IMG_7980-150x100.jpg 150w, https:\/\/infonewss.com\/wp-content\/uploads\/2024\/03\/Vera-Mendes-estreia-com-vitoria-no-Campeonato-Regional-de-Bela-Vista-do-Piaui-IMG_7980-696x464.jpg 696w, https:\/\/infonewss.com\/wp-content\/uploads\/2024\/03\/Vera-Mendes-estreia-com-vitoria-no-Campeonato-Regional-de-Bela-Vista-do-Piaui-IMG_7980.jpg 900w\" data-src=\"https:\/\/infonewss.com\/wp-content\/uploads\/2024\/03\/Vera-Mendes-estreia-com-vitoria-no-Campeonato-Regional-de-Bela-Vista-do-Piaui-IMG_7980-300x200.jpg\" data-sizes=\"(max-width: 300px) 100vw, 300px\" \/><\/a><\/div>\n<\/figure>\n<figure class=\"gallery-item\">\n<div class=\"gallery-icon landscape\"><a href=\"https:\/\/infonewss.com\/wp-content\/uploads\/2024\/03\/Vera-Mendes-estreia-com-vitoria-no-Campeonato-Regional-de-Bela-Vista-do-Piaui-IMG_7984.jpg\"><img loading=\"lazy\" decoding=\"async\" class=\"attachment-medium size-medium lazyloaded\" src=\"https:\/\/infonewss.com\/wp-content\/uploads\/2024\/03\/Vera-Mendes-estreia-com-vitoria-no-Campeonato-Regional-de-Bela-Vista-do-Piaui-IMG_7984-300x200.jpg\" sizes=\"(max-width: 300px) 100vw, 300px\" srcset=\"https:\/\/infonewss.com\/wp-content\/uploads\/2024\/03\/Vera-Mendes-estreia-com-vitoria-no-Campeonato-Regional-de-Bela-Vista-do-Piaui-IMG_7984-300x200.jpg 300w, https:\/\/infonewss.com\/wp-content\/uploads\/2024\/03\/Vera-Mendes-estreia-com-vitoria-no-Campeonato-Regional-de-Bela-Vista-do-Piaui-IMG_7984-768x512.jpg 768w, https:\/\/infonewss.com\/wp-content\/uploads\/2024\/03\/Vera-Mendes-estreia-com-vitoria-no-Campeonato-Regional-de-Bela-Vista-do-Piaui-IMG_7984-150x100.jpg 150w, https:\/\/infonewss.com\/wp-content\/uploads\/2024\/03\/Vera-Mendes-estreia-com-vitoria-no-Campeonato-Regional-de-Bela-Vista-do-Piaui-IMG_7984-696x464.jpg 696w, https:\/\/infonewss.com\/wp-content\/uploads\/2024\/03\/Vera-Mendes-estreia-com-vitoria-no-Campeonato-Regional-de-Bela-Vista-do-Piaui-IMG_7984.jpg 900w\" alt=\"\" width=\"300\" height=\"200\" data-srcset=\"https:\/\/infonewss.com\/wp-content\/uploads\/2024\/03\/Vera-Mendes-estreia-com-vitoria-no-Campeonato-Regional-de-Bela-Vista-do-Piaui-IMG_7984-300x200.jpg 300w, https:\/\/infonewss.com\/wp-content\/uploads\/2024\/03\/Vera-Mendes-estreia-com-vitoria-no-Campeonato-Regional-de-Bela-Vista-do-Piaui-IMG_7984-768x512.jpg 768w, https:\/\/infonewss.com\/wp-content\/uploads\/2024\/03\/Vera-Mendes-estreia-com-vitoria-no-Campeonato-Regional-de-Bela-Vista-do-Piaui-IMG_7984-150x100.jpg 150w, https:\/\/infonewss.com\/wp-content\/uploads\/2024\/03\/Vera-Mendes-estreia-com-vitoria-no-Campeonato-Regional-de-Bela-Vista-do-Piaui-IMG_7984-696x464.jpg 696w, https:\/\/infonewss.com\/wp-content\/uploads\/2024\/03\/Vera-Mendes-estreia-com-vitoria-no-Campeonato-Regional-de-Bela-Vista-do-Piaui-IMG_7984.jpg 900w\" data-src=\"https:\/\/infonewss.com\/wp-content\/uploads\/2024\/03\/Vera-Mendes-estreia-com-vitoria-no-Campeonato-Regional-de-Bela-Vista-do-Piaui-IMG_7984-300x200.jpg\" data-sizes=\"(max-width: 300px) 100vw, 300px\" \/><\/a><\/div>\n<\/figure>\n<figure class=\"gallery-item\">\n<div class=\"gallery-icon landscape\"><a href=\"https:\/\/infonewss.com\/wp-content\/uploads\/2024\/03\/Vera-Mendes-estreia-com-vitoria-no-Campeonato-Regional-de-Bela-Vista-do-Piaui-IMG_7986.jpg\"><img loading=\"lazy\" decoding=\"async\" class=\"attachment-medium size-medium lazyloaded\" src=\"https:\/\/infonewss.com\/wp-content\/uploads\/2024\/03\/Vera-Mendes-estreia-com-vitoria-no-Campeonato-Regional-de-Bela-Vista-do-Piaui-IMG_7986-300x200.jpg\" sizes=\"(max-width: 300px) 100vw, 300px\" srcset=\"https:\/\/infonewss.com\/wp-content\/uploads\/2024\/03\/Vera-Mendes-estreia-com-vitoria-no-Campeonato-Regional-de-Bela-Vista-do-Piaui-IMG_7986-300x200.jpg 300w, https:\/\/infonewss.com\/wp-content\/uploads\/2024\/03\/Vera-Mendes-estreia-com-vitoria-no-Campeonato-Regional-de-Bela-Vista-do-Piaui-IMG_7986-768x512.jpg 768w, https:\/\/infonewss.com\/wp-content\/uploads\/2024\/03\/Vera-Mendes-estreia-com-vitoria-no-Campeonato-Regional-de-Bela-Vista-do-Piaui-IMG_7986-150x100.jpg 150w, https:\/\/infonewss.com\/wp-content\/uploads\/2024\/03\/Vera-Mendes-estreia-com-vitoria-no-Campeonato-Regional-de-Bela-Vista-do-Piaui-IMG_7986-696x464.jpg 696w, https:\/\/infonewss.com\/wp-content\/uploads\/2024\/03\/Vera-Mendes-estreia-com-vitoria-no-Campeonato-Regional-de-Bela-Vista-do-Piaui-IMG_7986.jpg 900w\" alt=\"\" width=\"300\" height=\"200\" data-srcset=\"https:\/\/infonewss.com\/wp-content\/uploads\/2024\/03\/Vera-Mendes-estreia-com-vitoria-no-Campeonato-Regional-de-Bela-Vista-do-Piaui-IMG_7986-300x200.jpg 300w, https:\/\/infonewss.com\/wp-content\/uploads\/2024\/03\/Vera-Mendes-estreia-com-vitoria-no-Campeonato-Regional-de-Bela-Vista-do-Piaui-IMG_7986-768x512.jpg 768w, https:\/\/infonewss.com\/wp-content\/uploads\/2024\/03\/Vera-Mendes-estreia-com-vitoria-no-Campeonato-Regional-de-Bela-Vista-do-Piaui-IMG_7986-150x100.jpg 150w, https:\/\/infonewss.com\/wp-content\/uploads\/2024\/03\/Vera-Mendes-estreia-com-vitoria-no-Campeonato-Regional-de-Bela-Vista-do-Piaui-IMG_7986-696x464.jpg 696w, https:\/\/infonewss.com\/wp-content\/uploads\/2024\/03\/Vera-Mendes-estreia-com-vitoria-no-Campeonato-Regional-de-Bela-Vista-do-Piaui-IMG_7986.jpg 900w\" data-src=\"https:\/\/infonewss.com\/wp-content\/uploads\/2024\/03\/Vera-Mendes-estreia-com-vitoria-no-Campeonato-Regional-de-Bela-Vista-do-Piaui-IMG_7986-300x200.jpg\" data-sizes=\"(max-width: 300px) 100vw, 300px\" \/><\/a><\/div>\n<\/figure>\n<figure class=\"gallery-item\">\n<div class=\"gallery-icon portrait\"><a href=\"https:\/\/infonewss.com\/wp-content\/uploads\/2024\/03\/Vera-Mendes-estreia-com-vitoria-no-Campeonato-Regional-de-Bela-Vista-do-Piaui-IMG_7988.jpg\"><img loading=\"lazy\" decoding=\"async\" class=\"attachment-medium size-medium lazyloaded\" src=\"https:\/\/infonewss.com\/wp-content\/uploads\/2024\/03\/Vera-Mendes-estreia-com-vitoria-no-Campeonato-Regional-de-Bela-Vista-do-Piaui-IMG_7988-200x300.jpg\" sizes=\"(max-width: 200px) 100vw, 200px\" srcset=\"https:\/\/infonewss.com\/wp-content\/uploads\/2024\/03\/Vera-Mendes-estreia-com-vitoria-no-Campeonato-Regional-de-Bela-Vista-do-Piaui-IMG_7988-200x300.jpg 200w, https:\/\/infonewss.com\/wp-content\/uploads\/2024\/03\/Vera-Mendes-estreia-com-vitoria-no-Campeonato-Regional-de-Bela-Vista-do-Piaui-IMG_7988-683x1024.jpg 683w, https:\/\/infonewss.com\/wp-content\/uploads\/2024\/03\/Vera-Mendes-estreia-com-vitoria-no-Campeonato-Regional-de-Bela-Vista-do-Piaui-IMG_7988-768x1152.jpg 768w, https:\/\/infonewss.com\/wp-content\/uploads\/2024\/03\/Vera-Mendes-estreia-com-vitoria-no-Campeonato-Regional-de-Bela-Vista-do-Piaui-IMG_7988-150x225.jpg 150w, https:\/\/infonewss.com\/wp-content\/uploads\/2024\/03\/Vera-Mendes-estreia-com-vitoria-no-Campeonato-Regional-de-Bela-Vista-do-Piaui-IMG_7988-300x450.jpg 300w, https:\/\/infonewss.com\/wp-content\/uploads\/2024\/03\/Vera-Mendes-estreia-com-vitoria-no-Campeonato-Regional-de-Bela-Vista-do-Piaui-IMG_7988-696x1044.jpg 696w, https:\/\/infonewss.com\/wp-content\/uploads\/2024\/03\/Vera-Mendes-estreia-com-vitoria-no-Campeonato-Regional-de-Bela-Vista-do-Piaui-IMG_7988.jpg 900w\" alt=\"\" width=\"200\" height=\"300\" data-srcset=\"https:\/\/infonewss.com\/wp-content\/uploads\/2024\/03\/Vera-Mendes-estreia-com-vitoria-no-Campeonato-Regional-de-Bela-Vista-do-Piaui-IMG_7988-200x300.jpg 200w, https:\/\/infonewss.com\/wp-content\/uploads\/2024\/03\/Vera-Mendes-estreia-com-vitoria-no-Campeonato-Regional-de-Bela-Vista-do-Piaui-IMG_7988-683x1024.jpg 683w, https:\/\/infonewss.com\/wp-content\/uploads\/2024\/03\/Vera-Mendes-estreia-com-vitoria-no-Campeonato-Regional-de-Bela-Vista-do-Piaui-IMG_7988-768x1152.jpg 768w, https:\/\/infonewss.com\/wp-content\/uploads\/2024\/03\/Vera-Mendes-estreia-com-vitoria-no-Campeonato-Regional-de-Bela-Vista-do-Piaui-IMG_7988-150x225.jpg 150w, https:\/\/infonewss.com\/wp-content\/uploads\/2024\/03\/Vera-Mendes-estreia-com-vitoria-no-Campeonato-Regional-de-Bela-Vista-do-Piaui-IMG_7988-300x450.jpg 300w, https:\/\/infonewss.com\/wp-content\/uploads\/2024\/03\/Vera-Mendes-estreia-com-vitoria-no-Campeonato-Regional-de-Bela-Vista-do-Piaui-IMG_7988-696x1044.jpg 696w, https:\/\/infonewss.com\/wp-content\/uploads\/2024\/03\/Vera-Mendes-estreia-com-vitoria-no-Campeonato-Regional-de-Bela-Vista-do-Piaui-IMG_7988.jpg 900w\" data-src=\"https:\/\/infonewss.com\/wp-content\/uploads\/2024\/03\/Vera-Mendes-estreia-com-vitoria-no-Campeonato-Regional-de-Bela-Vista-do-Piaui-IMG_7988-200x300.jpg\" data-sizes=\"(max-width: 200px) 100vw, 200px\" \/><\/a><\/div>\n<\/figure>\n<figure class=\"gallery-item\">\n<div class=\"gallery-icon landscape\"><a href=\"https:\/\/infonewss.com\/wp-content\/uploads\/2024\/03\/Vera-Mendes-estreia-com-vitoria-no-Campeonato-Regional-de-Bela-Vista-do-Piaui-IMG_7990.jpg\"><img loading=\"lazy\" decoding=\"async\" class=\"attachment-medium size-medium lazyloaded\" src=\"https:\/\/infonewss.com\/wp-content\/uploads\/2024\/03\/Vera-Mendes-estreia-com-vitoria-no-Campeonato-Regional-de-Bela-Vista-do-Piaui-IMG_7990-300x200.jpg\" sizes=\"(max-width: 300px) 100vw, 300px\" srcset=\"https:\/\/infonewss.com\/wp-content\/uploads\/2024\/03\/Vera-Mendes-estreia-com-vitoria-no-Campeonato-Regional-de-Bela-Vista-do-Piaui-IMG_7990-300x200.jpg 300w, https:\/\/infonewss.com\/wp-content\/uploads\/2024\/03\/Vera-Mendes-estreia-com-vitoria-no-Campeonato-Regional-de-Bela-Vista-do-Piaui-IMG_7990-768x512.jpg 768w, https:\/\/infonewss.com\/wp-content\/uploads\/2024\/03\/Vera-Mendes-estreia-com-vitoria-no-Campeonato-Regional-de-Bela-Vista-do-Piaui-IMG_7990-150x100.jpg 150w, https:\/\/infonewss.com\/wp-content\/uploads\/2024\/03\/Vera-Mendes-estreia-com-vitoria-no-Campeonato-Regional-de-Bela-Vista-do-Piaui-IMG_7990-696x464.jpg 696w, https:\/\/infonewss.com\/wp-content\/uploads\/2024\/03\/Vera-Mendes-estreia-com-vitoria-no-Campeonato-Regional-de-Bela-Vista-do-Piaui-IMG_7990.jpg 900w\" alt=\"\" width=\"300\" height=\"200\" data-srcset=\"https:\/\/infonewss.com\/wp-content\/uploads\/2024\/03\/Vera-Mendes-estreia-com-vitoria-no-Campeonato-Regional-de-Bela-Vista-do-Piaui-IMG_7990-300x200.jpg 300w, https:\/\/infonewss.com\/wp-content\/uploads\/2024\/03\/Vera-Mendes-estreia-com-vitoria-no-Campeonato-Regional-de-Bela-Vista-do-Piaui-IMG_7990-768x512.jpg 768w, https:\/\/infonewss.com\/wp-content\/uploads\/2024\/03\/Vera-Mendes-estreia-com-vitoria-no-Campeonato-Regional-de-Bela-Vista-do-Piaui-IMG_7990-150x100.jpg 150w, https:\/\/infonewss.com\/wp-content\/uploads\/2024\/03\/Vera-Mendes-estreia-com-vitoria-no-Campeonato-Regional-de-Bela-Vista-do-Piaui-IMG_7990-696x464.jpg 696w, https:\/\/infonewss.com\/wp-content\/uploads\/2024\/03\/Vera-Mendes-estreia-com-vitoria-no-Campeonato-Regional-de-Bela-Vista-do-Piaui-IMG_7990.jpg 900w\" data-src=\"https:\/\/infonewss.com\/wp-content\/uploads\/2024\/03\/Vera-Mendes-estreia-com-vitoria-no-Campeonato-Regional-de-Bela-Vista-do-Piaui-IMG_7990-300x200.jpg\" data-sizes=\"(max-width: 300px) 100vw, 300px\" \/><\/a><\/div>\n<\/figure>\n<figure class=\"gallery-item\">\n<div class=\"gallery-icon landscape\"><a href=\"https:\/\/infonewss.com\/wp-content\/uploads\/2024\/03\/Vera-Mendes-estreia-com-vitoria-no-Campeonato-Regional-de-Bela-Vista-do-Piaui-IMG_7991.jpg\"><img loading=\"lazy\" decoding=\"async\" class=\"attachment-medium size-medium lazyloaded\" src=\"https:\/\/infonewss.com\/wp-content\/uploads\/2024\/03\/Vera-Mendes-estreia-com-vitoria-no-Campeonato-Regional-de-Bela-Vista-do-Piaui-IMG_7991-300x200.jpg\" sizes=\"(max-width: 300px) 100vw, 300px\" srcset=\"https:\/\/infonewss.com\/wp-content\/uploads\/2024\/03\/Vera-Mendes-estreia-com-vitoria-no-Campeonato-Regional-de-Bela-Vista-do-Piaui-IMG_7991-300x200.jpg 300w, https:\/\/infonewss.com\/wp-content\/uploads\/2024\/03\/Vera-Mendes-estreia-com-vitoria-no-Campeonato-Regional-de-Bela-Vista-do-Piaui-IMG_7991-768x512.jpg 768w, https:\/\/infonewss.com\/wp-content\/uploads\/2024\/03\/Vera-Mendes-estreia-com-vitoria-no-Campeonato-Regional-de-Bela-Vista-do-Piaui-IMG_7991-150x100.jpg 150w, https:\/\/infonewss.com\/wp-content\/uploads\/2024\/03\/Vera-Mendes-estreia-com-vitoria-no-Campeonato-Regional-de-Bela-Vista-do-Piaui-IMG_7991-696x464.jpg 696w, https:\/\/infonewss.com\/wp-content\/uploads\/2024\/03\/Vera-Mendes-estreia-com-vitoria-no-Campeonato-Regional-de-Bela-Vista-do-Piaui-IMG_7991.jpg 900w\" alt=\"\" width=\"300\" height=\"200\" data-srcset=\"https:\/\/infonewss.com\/wp-content\/uploads\/2024\/03\/Vera-Mendes-estreia-com-vitoria-no-Campeonato-Regional-de-Bela-Vista-do-Piaui-IMG_7991-300x200.jpg 300w, https:\/\/infonewss.com\/wp-content\/uploads\/2024\/03\/Vera-Mendes-estreia-com-vitoria-no-Campeonato-Regional-de-Bela-Vista-do-Piaui-IMG_7991-768x512.jpg 768w, https:\/\/infonewss.com\/wp-content\/uploads\/2024\/03\/Vera-Mendes-estreia-com-vitoria-no-Campeonato-Regional-de-Bela-Vista-do-Piaui-IMG_7991-150x100.jpg 150w, https:\/\/infonewss.com\/wp-content\/uploads\/2024\/03\/Vera-Mendes-estreia-com-vitoria-no-Campeonato-Regional-de-Bela-Vista-do-Piaui-IMG_7991-696x464.jpg 696w, https:\/\/infonewss.com\/wp-content\/uploads\/2024\/03\/Vera-Mendes-estreia-com-vitoria-no-Campeonato-Regional-de-Bela-Vista-do-Piaui-IMG_7991.jpg 900w\" data-src=\"https:\/\/infonewss.com\/wp-content\/uploads\/2024\/03\/Vera-Mendes-estreia-com-vitoria-no-Campeonato-Regional-de-Bela-Vista-do-Piaui-IMG_7991-300x200.jpg\" data-sizes=\"(max-width: 300px) 100vw, 300px\" \/><\/a><\/div>\n<\/figure>\n<figure class=\"gallery-item\">\n<div class=\"gallery-icon portrait\"><a href=\"https:\/\/infonewss.com\/wp-content\/uploads\/2024\/03\/Vera-Mendes-estreia-com-vitoria-no-Campeonato-Regional-de-Bela-Vista-do-Piaui-IMG_7992.jpg\"><img loading=\"lazy\" decoding=\"async\" class=\"attachment-medium size-medium lazyloaded\" src=\"https:\/\/infonewss.com\/wp-content\/uploads\/2024\/03\/Vera-Mendes-estreia-com-vitoria-no-Campeonato-Regional-de-Bela-Vista-do-Piaui-IMG_7992-200x300.jpg\" sizes=\"(max-width: 200px) 100vw, 200px\" srcset=\"https:\/\/infonewss.com\/wp-content\/uploads\/2024\/03\/Vera-Mendes-estreia-com-vitoria-no-Campeonato-Regional-de-Bela-Vista-do-Piaui-IMG_7992-200x300.jpg 200w, https:\/\/infonewss.com\/wp-content\/uploads\/2024\/03\/Vera-Mendes-estreia-com-vitoria-no-Campeonato-Regional-de-Bela-Vista-do-Piaui-IMG_7992-683x1024.jpg 683w, https:\/\/infonewss.com\/wp-content\/uploads\/2024\/03\/Vera-Mendes-estreia-com-vitoria-no-Campeonato-Regional-de-Bela-Vista-do-Piaui-IMG_7992-768x1152.jpg 768w, https:\/\/infonewss.com\/wp-content\/uploads\/2024\/03\/Vera-Mendes-estreia-com-vitoria-no-Campeonato-Regional-de-Bela-Vista-do-Piaui-IMG_7992-150x225.jpg 150w, https:\/\/infonewss.com\/wp-content\/uploads\/2024\/03\/Vera-Mendes-estreia-com-vitoria-no-Campeonato-Regional-de-Bela-Vista-do-Piaui-IMG_7992-300x450.jpg 300w, https:\/\/infonewss.com\/wp-content\/uploads\/2024\/03\/Vera-Mendes-estreia-com-vitoria-no-Campeonato-Regional-de-Bela-Vista-do-Piaui-IMG_7992-696x1044.jpg 696w, https:\/\/infonewss.com\/wp-content\/uploads\/2024\/03\/Vera-Mendes-estreia-com-vitoria-no-Campeonato-Regional-de-Bela-Vista-do-Piaui-IMG_7992.jpg 900w\" alt=\"\" width=\"200\" height=\"300\" data-srcset=\"https:\/\/infonewss.com\/wp-content\/uploads\/2024\/03\/Vera-Mendes-estreia-com-vitoria-no-Campeonato-Regional-de-Bela-Vista-do-Piaui-IMG_7992-200x300.jpg 200w, https:\/\/infonewss.com\/wp-content\/uploads\/2024\/03\/Vera-Mendes-estreia-com-vitoria-no-Campeonato-Regional-de-Bela-Vista-do-Piaui-IMG_7992-683x1024.jpg 683w, https:\/\/infonewss.com\/wp-content\/uploads\/2024\/03\/Vera-Mendes-estreia-com-vitoria-no-Campeonato-Regional-de-Bela-Vista-do-Piaui-IMG_7992-768x1152.jpg 768w, https:\/\/infonewss.com\/wp-content\/uploads\/2024\/03\/Vera-Mendes-estreia-com-vitoria-no-Campeonato-Regional-de-Bela-Vista-do-Piaui-IMG_7992-150x225.jpg 150w, https:\/\/infonewss.com\/wp-content\/uploads\/2024\/03\/Vera-Mendes-estreia-com-vitoria-no-Campeonato-Regional-de-Bela-Vista-do-Piaui-IMG_7992-300x450.jpg 300w, https:\/\/infonewss.com\/wp-content\/uploads\/2024\/03\/Vera-Mendes-estreia-com-vitoria-no-Campeonato-Regional-de-Bela-Vista-do-Piaui-IMG_7992-696x1044.jpg 696w, https:\/\/infonewss.com\/wp-content\/uploads\/2024\/03\/Vera-Mendes-estreia-com-vitoria-no-Campeonato-Regional-de-Bela-Vista-do-Piaui-IMG_7992.jpg 900w\" data-src=\"https:\/\/infonewss.com\/wp-content\/uploads\/2024\/03\/Vera-Mendes-estreia-com-vitoria-no-Campeonato-Regional-de-Bela-Vista-do-Piaui-IMG_7992-200x300.jpg\" data-sizes=\"(max-width: 200px) 100vw, 200px\" \/><\/a><\/div>\n<\/figure>\n<figure class=\"gallery-item\">\n<div class=\"gallery-icon landscape\"><a href=\"https:\/\/infonewss.com\/wp-content\/uploads\/2024\/03\/Vera-Mendes-estreia-com-vitoria-no-Campeonato-Regional-de-Bela-Vista-do-Piaui-IMG_7994.jpg\"><img loading=\"lazy\" decoding=\"async\" class=\"attachment-medium size-medium lazyloaded\" src=\"https:\/\/infonewss.com\/wp-content\/uploads\/2024\/03\/Vera-Mendes-estreia-com-vitoria-no-Campeonato-Regional-de-Bela-Vista-do-Piaui-IMG_7994-300x200.jpg\" sizes=\"(max-width: 300px) 100vw, 300px\" srcset=\"https:\/\/infonewss.com\/wp-content\/uploads\/2024\/03\/Vera-Mendes-estreia-com-vitoria-no-Campeonato-Regional-de-Bela-Vista-do-Piaui-IMG_7994-300x200.jpg 300w, https:\/\/infonewss.com\/wp-content\/uploads\/2024\/03\/Vera-Mendes-estreia-com-vitoria-no-Campeonato-Regional-de-Bela-Vista-do-Piaui-IMG_7994-768x512.jpg 768w, https:\/\/infonewss.com\/wp-content\/uploads\/2024\/03\/Vera-Mendes-estreia-com-vitoria-no-Campeonato-Regional-de-Bela-Vista-do-Piaui-IMG_7994-150x100.jpg 150w, https:\/\/infonewss.com\/wp-content\/uploads\/2024\/03\/Vera-Mendes-estreia-com-vitoria-no-Campeonato-Regional-de-Bela-Vista-do-Piaui-IMG_7994-696x464.jpg 696w, https:\/\/infonewss.com\/wp-content\/uploads\/2024\/03\/Vera-Mendes-estreia-com-vitoria-no-Campeonato-Regional-de-Bela-Vista-do-Piaui-IMG_7994.jpg 900w\" alt=\"\" width=\"300\" height=\"200\" data-srcset=\"https:\/\/infonewss.com\/wp-content\/uploads\/2024\/03\/Vera-Mendes-estreia-com-vitoria-no-Campeonato-Regional-de-Bela-Vista-do-Piaui-IMG_7994-300x200.jpg 300w, https:\/\/infonewss.com\/wp-content\/uploads\/2024\/03\/Vera-Mendes-estreia-com-vitoria-no-Campeonato-Regional-de-Bela-Vista-do-Piaui-IMG_7994-768x512.jpg 768w, https:\/\/infonewss.com\/wp-content\/uploads\/2024\/03\/Vera-Mendes-estreia-com-vitoria-no-Campeonato-Regional-de-Bela-Vista-do-Piaui-IMG_7994-150x100.jpg 150w, https:\/\/infonewss.com\/wp-content\/uploads\/2024\/03\/Vera-Mendes-estreia-com-vitoria-no-Campeonato-Regional-de-Bela-Vista-do-Piaui-IMG_7994-696x464.jpg 696w, https:\/\/infonewss.com\/wp-content\/uploads\/2024\/03\/Vera-Mendes-estreia-com-vitoria-no-Campeonato-Regional-de-Bela-Vista-do-Piaui-IMG_7994.jpg 900w\" data-src=\"https:\/\/infonewss.com\/wp-content\/uploads\/2024\/03\/Vera-Mendes-estreia-com-vitoria-no-Campeonato-Regional-de-Bela-Vista-do-Piaui-IMG_7994-300x200.jpg\" data-sizes=\"(max-width: 300px) 100vw, 300px\" \/><\/a><\/div>\n<\/figure>\n<figure class=\"gallery-item\">\n<div class=\"gallery-icon landscape\"><a href=\"https:\/\/infonewss.com\/wp-content\/uploads\/2024\/03\/Vera-Mendes-estreia-com-vitoria-no-Campeonato-Regional-de-Bela-Vista-do-Piaui-IMG_7997.jpg\"><img loading=\"lazy\" decoding=\"async\" class=\"attachment-medium size-medium lazyloaded\" src=\"https:\/\/infonewss.com\/wp-content\/uploads\/2024\/03\/Vera-Mendes-estreia-com-vitoria-no-Campeonato-Regional-de-Bela-Vista-do-Piaui-IMG_7997-300x200.jpg\" sizes=\"(max-width: 300px) 100vw, 300px\" srcset=\"https:\/\/infonewss.com\/wp-content\/uploads\/2024\/03\/Vera-Mendes-estreia-com-vitoria-no-Campeonato-Regional-de-Bela-Vista-do-Piaui-IMG_7997-300x200.jpg 300w, https:\/\/infonewss.com\/wp-content\/uploads\/2024\/03\/Vera-Mendes-estreia-com-vitoria-no-Campeonato-Regional-de-Bela-Vista-do-Piaui-IMG_7997-768x512.jpg 768w, https:\/\/infonewss.com\/wp-content\/uploads\/2024\/03\/Vera-Mendes-estreia-com-vitoria-no-Campeonato-Regional-de-Bela-Vista-do-Piaui-IMG_7997-150x100.jpg 150w, https:\/\/infonewss.com\/wp-content\/uploads\/2024\/03\/Vera-Mendes-estreia-com-vitoria-no-Campeonato-Regional-de-Bela-Vista-do-Piaui-IMG_7997-696x464.jpg 696w, https:\/\/infonewss.com\/wp-content\/uploads\/2024\/03\/Vera-Mendes-estreia-com-vitoria-no-Campeonato-Regional-de-Bela-Vista-do-Piaui-IMG_7997.jpg 900w\" alt=\"\" width=\"300\" height=\"200\" data-srcset=\"https:\/\/infonewss.com\/wp-content\/uploads\/2024\/03\/Vera-Mendes-estreia-com-vitoria-no-Campeonato-Regional-de-Bela-Vista-do-Piaui-IMG_7997-300x200.jpg 300w, https:\/\/infonewss.com\/wp-content\/uploads\/2024\/03\/Vera-Mendes-estreia-com-vitoria-no-Campeonato-Regional-de-Bela-Vista-do-Piaui-IMG_7997-768x512.jpg 768w, https:\/\/infonewss.com\/wp-content\/uploads\/2024\/03\/Vera-Mendes-estreia-com-vitoria-no-Campeonato-Regional-de-Bela-Vista-do-Piaui-IMG_7997-150x100.jpg 150w, https:\/\/infonewss.com\/wp-content\/uploads\/2024\/03\/Vera-Mendes-estreia-com-vitoria-no-Campeonato-Regional-de-Bela-Vista-do-Piaui-IMG_7997-696x464.jpg 696w, https:\/\/infonewss.com\/wp-content\/uploads\/2024\/03\/Vera-Mendes-estreia-com-vitoria-no-Campeonato-Regional-de-Bela-Vista-do-Piaui-IMG_7997.jpg 900w\" data-src=\"https:\/\/infonewss.com\/wp-content\/uploads\/2024\/03\/Vera-Mendes-estreia-com-vitoria-no-Campeonato-Regional-de-Bela-Vista-do-Piaui-IMG_7997-300x200.jpg\" data-sizes=\"(max-width: 300px) 100vw, 300px\" \/><\/a><\/div>\n<\/figure>\n<figure class=\"gallery-item\">\n<div class=\"gallery-icon landscape\"><a href=\"https:\/\/infonewss.com\/wp-content\/uploads\/2024\/03\/Vera-Mendes-estreia-com-vitoria-no-Campeonato-Regional-de-Bela-Vista-do-Piaui-IMG_7999.jpg\"><img loading=\"lazy\" decoding=\"async\" class=\"attachment-medium size-medium lazyloaded\" src=\"https:\/\/infonewss.com\/wp-content\/uploads\/2024\/03\/Vera-Mendes-estreia-com-vitoria-no-Campeonato-Regional-de-Bela-Vista-do-Piaui-IMG_7999-300x200.jpg\" sizes=\"(max-width: 300px) 100vw, 300px\" srcset=\"https:\/\/infonewss.com\/wp-content\/uploads\/2024\/03\/Vera-Mendes-estreia-com-vitoria-no-Campeonato-Regional-de-Bela-Vista-do-Piaui-IMG_7999-300x200.jpg 300w, https:\/\/infonewss.com\/wp-content\/uploads\/2024\/03\/Vera-Mendes-estreia-com-vitoria-no-Campeonato-Regional-de-Bela-Vista-do-Piaui-IMG_7999-768x512.jpg 768w, https:\/\/infonewss.com\/wp-content\/uploads\/2024\/03\/Vera-Mendes-estreia-com-vitoria-no-Campeonato-Regional-de-Bela-Vista-do-Piaui-IMG_7999-150x100.jpg 150w, https:\/\/infonewss.com\/wp-content\/uploads\/2024\/03\/Vera-Mendes-estreia-com-vitoria-no-Campeonato-Regional-de-Bela-Vista-do-Piaui-IMG_7999-696x464.jpg 696w, https:\/\/infonewss.com\/wp-content\/uploads\/2024\/03\/Vera-Mendes-estreia-com-vitoria-no-Campeonato-Regional-de-Bela-Vista-do-Piaui-IMG_7999.jpg 900w\" alt=\"\" width=\"300\" height=\"200\" data-srcset=\"https:\/\/infonewss.com\/wp-content\/uploads\/2024\/03\/Vera-Mendes-estreia-com-vitoria-no-Campeonato-Regional-de-Bela-Vista-do-Piaui-IMG_7999-300x200.jpg 300w, https:\/\/infonewss.com\/wp-content\/uploads\/2024\/03\/Vera-Mendes-estreia-com-vitoria-no-Campeonato-Regional-de-Bela-Vista-do-Piaui-IMG_7999-768x512.jpg 768w, https:\/\/infonewss.com\/wp-content\/uploads\/2024\/03\/Vera-Mendes-estreia-com-vitoria-no-Campeonato-Regional-de-Bela-Vista-do-Piaui-IMG_7999-150x100.jpg 150w, https:\/\/infonewss.com\/wp-content\/uploads\/2024\/03\/Vera-Mendes-estreia-com-vitoria-no-Campeonato-Regional-de-Bela-Vista-do-Piaui-IMG_7999-696x464.jpg 696w, https:\/\/infonewss.com\/wp-content\/uploads\/2024\/03\/Vera-Mendes-estreia-com-vitoria-no-Campeonato-Regional-de-Bela-Vista-do-Piaui-IMG_7999.jpg 900w\" data-src=\"https:\/\/infonewss.com\/wp-content\/uploads\/2024\/03\/Vera-Mendes-estreia-com-vitoria-no-Campeonato-Regional-de-Bela-Vista-do-Piaui-IMG_7999-300x200.jpg\" data-sizes=\"(max-width: 300px) 100vw, 300px\" \/><\/a><\/div>\n<\/figure>\n<figure class=\"gallery-item\">\n<div class=\"gallery-icon landscape\"><a href=\"https:\/\/infonewss.com\/wp-content\/uploads\/2024\/03\/Vera-Mendes-estreia-com-vitoria-no-Campeonato-Regional-de-Bela-Vista-do-Piaui-IMG_8002.jpg\"><img loading=\"lazy\" decoding=\"async\" class=\"attachment-medium size-medium lazyloaded\" src=\"https:\/\/infonewss.com\/wp-content\/uploads\/2024\/03\/Vera-Mendes-estreia-com-vitoria-no-Campeonato-Regional-de-Bela-Vista-do-Piaui-IMG_8002-300x200.jpg\" sizes=\"(max-width: 300px) 100vw, 300px\" srcset=\"https:\/\/infonewss.com\/wp-content\/uploads\/2024\/03\/Vera-Mendes-estreia-com-vitoria-no-Campeonato-Regional-de-Bela-Vista-do-Piaui-IMG_8002-300x200.jpg 300w, https:\/\/infonewss.com\/wp-content\/uploads\/2024\/03\/Vera-Mendes-estreia-com-vitoria-no-Campeonato-Regional-de-Bela-Vista-do-Piaui-IMG_8002-768x512.jpg 768w, https:\/\/infonewss.com\/wp-content\/uploads\/2024\/03\/Vera-Mendes-estreia-com-vitoria-no-Campeonato-Regional-de-Bela-Vista-do-Piaui-IMG_8002-150x100.jpg 150w, https:\/\/infonewss.com\/wp-content\/uploads\/2024\/03\/Vera-Mendes-estreia-com-vitoria-no-Campeonato-Regional-de-Bela-Vista-do-Piaui-IMG_8002-696x464.jpg 696w, https:\/\/infonewss.com\/wp-content\/uploads\/2024\/03\/Vera-Mendes-estreia-com-vitoria-no-Campeonato-Regional-de-Bela-Vista-do-Piaui-IMG_8002.jpg 900w\" alt=\"\" width=\"300\" height=\"200\" data-srcset=\"https:\/\/infonewss.com\/wp-content\/uploads\/2024\/03\/Vera-Mendes-estreia-com-vitoria-no-Campeonato-Regional-de-Bela-Vista-do-Piaui-IMG_8002-300x200.jpg 300w, https:\/\/infonewss.com\/wp-content\/uploads\/2024\/03\/Vera-Mendes-estreia-com-vitoria-no-Campeonato-Regional-de-Bela-Vista-do-Piaui-IMG_8002-768x512.jpg 768w, https:\/\/infonewss.com\/wp-content\/uploads\/2024\/03\/Vera-Mendes-estreia-com-vitoria-no-Campeonato-Regional-de-Bela-Vista-do-Piaui-IMG_8002-150x100.jpg 150w, https:\/\/infonewss.com\/wp-content\/uploads\/2024\/03\/Vera-Mendes-estreia-com-vitoria-no-Campeonato-Regional-de-Bela-Vista-do-Piaui-IMG_8002-696x464.jpg 696w, https:\/\/infonewss.com\/wp-content\/uploads\/2024\/03\/Vera-Mendes-estreia-com-vitoria-no-Campeonato-Regional-de-Bela-Vista-do-Piaui-IMG_8002.jpg 900w\" data-src=\"https:\/\/infonewss.com\/wp-content\/uploads\/2024\/03\/Vera-Mendes-estreia-com-vitoria-no-Campeonato-Regional-de-Bela-Vista-do-Piaui-IMG_8002-300x200.jpg\" data-sizes=\"(max-width: 300px) 100vw, 300px\" \/><\/a><\/div>\n<\/figure>\n<figure class=\"gallery-item\">\n<div class=\"gallery-icon landscape\"><a href=\"https:\/\/infonewss.com\/wp-content\/uploads\/2024\/03\/Vera-Mendes-estreia-com-vitoria-no-Campeonato-Regional-de-Bela-Vista-do-Piaui-IMG_8003.jpg\"><img loading=\"lazy\" decoding=\"async\" class=\"attachment-medium size-medium lazyloaded\" src=\"https:\/\/infonewss.com\/wp-content\/uploads\/2024\/03\/Vera-Mendes-estreia-com-vitoria-no-Campeonato-Regional-de-Bela-Vista-do-Piaui-IMG_8003-300x200.jpg\" sizes=\"(max-width: 300px) 100vw, 300px\" srcset=\"https:\/\/infonewss.com\/wp-content\/uploads\/2024\/03\/Vera-Mendes-estreia-com-vitoria-no-Campeonato-Regional-de-Bela-Vista-do-Piaui-IMG_8003-300x200.jpg 300w, https:\/\/infonewss.com\/wp-content\/uploads\/2024\/03\/Vera-Mendes-estreia-com-vitoria-no-Campeonato-Regional-de-Bela-Vista-do-Piaui-IMG_8003-768x512.jpg 768w, https:\/\/infonewss.com\/wp-content\/uploads\/2024\/03\/Vera-Mendes-estreia-com-vitoria-no-Campeonato-Regional-de-Bela-Vista-do-Piaui-IMG_8003-150x100.jpg 150w, https:\/\/infonewss.com\/wp-content\/uploads\/2024\/03\/Vera-Mendes-estreia-com-vitoria-no-Campeonato-Regional-de-Bela-Vista-do-Piaui-IMG_8003-696x464.jpg 696w, https:\/\/infonewss.com\/wp-content\/uploads\/2024\/03\/Vera-Mendes-estreia-com-vitoria-no-Campeonato-Regional-de-Bela-Vista-do-Piaui-IMG_8003.jpg 900w\" alt=\"\" width=\"300\" height=\"200\" data-srcset=\"https:\/\/infonewss.com\/wp-content\/uploads\/2024\/03\/Vera-Mendes-estreia-com-vitoria-no-Campeonato-Regional-de-Bela-Vista-do-Piaui-IMG_8003-300x200.jpg 300w, https:\/\/infonewss.com\/wp-content\/uploads\/2024\/03\/Vera-Mendes-estreia-com-vitoria-no-Campeonato-Regional-de-Bela-Vista-do-Piaui-IMG_8003-768x512.jpg 768w, https:\/\/infonewss.com\/wp-content\/uploads\/2024\/03\/Vera-Mendes-estreia-com-vitoria-no-Campeonato-Regional-de-Bela-Vista-do-Piaui-IMG_8003-150x100.jpg 150w, https:\/\/infonewss.com\/wp-content\/uploads\/2024\/03\/Vera-Mendes-estreia-com-vitoria-no-Campeonato-Regional-de-Bela-Vista-do-Piaui-IMG_8003-696x464.jpg 696w, https:\/\/infonewss.com\/wp-content\/uploads\/2024\/03\/Vera-Mendes-estreia-com-vitoria-no-Campeonato-Regional-de-Bela-Vista-do-Piaui-IMG_8003.jpg 900w\" data-src=\"https:\/\/infonewss.com\/wp-content\/uploads\/2024\/03\/Vera-Mendes-estreia-com-vitoria-no-Campeonato-Regional-de-Bela-Vista-do-Piaui-IMG_8003-300x200.jpg\" data-sizes=\"(max-width: 300px) 100vw, 300px\" \/><\/a><\/div>\n<\/figure>\n<figure class=\"gallery-item\">\n<div class=\"gallery-icon landscape\"><a href=\"https:\/\/infonewss.com\/wp-content\/uploads\/2024\/03\/Vera-Mendes-estreia-com-vitoria-no-Campeonato-Regional-de-Bela-Vista-do-Piaui-IMG_8008.jpg\"><img loading=\"lazy\" decoding=\"async\" class=\"attachment-medium size-medium lazyloaded\" src=\"https:\/\/infonewss.com\/wp-content\/uploads\/2024\/03\/Vera-Mendes-estreia-com-vitoria-no-Campeonato-Regional-de-Bela-Vista-do-Piaui-IMG_8008-300x200.jpg\" sizes=\"(max-width: 300px) 100vw, 300px\" srcset=\"https:\/\/infonewss.com\/wp-content\/uploads\/2024\/03\/Vera-Mendes-estreia-com-vitoria-no-Campeonato-Regional-de-Bela-Vista-do-Piaui-IMG_8008-300x200.jpg 300w, https:\/\/infonewss.com\/wp-content\/uploads\/2024\/03\/Vera-Mendes-estreia-com-vitoria-no-Campeonato-Regional-de-Bela-Vista-do-Piaui-IMG_8008-768x512.jpg 768w, https:\/\/infonewss.com\/wp-content\/uploads\/2024\/03\/Vera-Mendes-estreia-com-vitoria-no-Campeonato-Regional-de-Bela-Vista-do-Piaui-IMG_8008-150x100.jpg 150w, https:\/\/infonewss.com\/wp-content\/uploads\/2024\/03\/Vera-Mendes-estreia-com-vitoria-no-Campeonato-Regional-de-Bela-Vista-do-Piaui-IMG_8008-696x464.jpg 696w, https:\/\/infonewss.com\/wp-content\/uploads\/2024\/03\/Vera-Mendes-estreia-com-vitoria-no-Campeonato-Regional-de-Bela-Vista-do-Piaui-IMG_8008.jpg 900w\" alt=\"\" width=\"300\" height=\"200\" data-srcset=\"https:\/\/infonewss.com\/wp-content\/uploads\/2024\/03\/Vera-Mendes-estreia-com-vitoria-no-Campeonato-Regional-de-Bela-Vista-do-Piaui-IMG_8008-300x200.jpg 300w, https:\/\/infonewss.com\/wp-content\/uploads\/2024\/03\/Vera-Mendes-estreia-com-vitoria-no-Campeonato-Regional-de-Bela-Vista-do-Piaui-IMG_8008-768x512.jpg 768w, https:\/\/infonewss.com\/wp-content\/uploads\/2024\/03\/Vera-Mendes-estreia-com-vitoria-no-Campeonato-Regional-de-Bela-Vista-do-Piaui-IMG_8008-150x100.jpg 150w, https:\/\/infonewss.com\/wp-content\/uploads\/2024\/03\/Vera-Mendes-estreia-com-vitoria-no-Campeonato-Regional-de-Bela-Vista-do-Piaui-IMG_8008-696x464.jpg 696w, https:\/\/infonewss.com\/wp-content\/uploads\/2024\/03\/Vera-Mendes-estreia-com-vitoria-no-Campeonato-Regional-de-Bela-Vista-do-Piaui-IMG_8008.jpg 900w\" data-src=\"https:\/\/infonewss.com\/wp-content\/uploads\/2024\/03\/Vera-Mendes-estreia-com-vitoria-no-Campeonato-Regional-de-Bela-Vista-do-Piaui-IMG_8008-300x200.jpg\" data-sizes=\"(max-width: 300px) 100vw, 300px\" \/><\/a><\/div>\n<\/figure>\n<figure class=\"gallery-item\">\n<div class=\"gallery-icon landscape\"><a href=\"https:\/\/infonewss.com\/wp-content\/uploads\/2024\/03\/Vera-Mendes-estreia-com-vitoria-no-Campeonato-Regional-de-Bela-Vista-do-Piaui-IMG_8010.jpg\"><img loading=\"lazy\" decoding=\"async\" class=\"attachment-medium size-medium lazyloaded\" src=\"https:\/\/infonewss.com\/wp-content\/uploads\/2024\/03\/Vera-Mendes-estreia-com-vitoria-no-Campeonato-Regional-de-Bela-Vista-do-Piaui-IMG_8010-300x200.jpg\" sizes=\"(max-width: 300px) 100vw, 300px\" srcset=\"https:\/\/infonewss.com\/wp-content\/uploads\/2024\/03\/Vera-Mendes-estreia-com-vitoria-no-Campeonato-Regional-de-Bela-Vista-do-Piaui-IMG_8010-300x200.jpg 300w, https:\/\/infonewss.com\/wp-content\/uploads\/2024\/03\/Vera-Mendes-estreia-com-vitoria-no-Campeonato-Regional-de-Bela-Vista-do-Piaui-IMG_8010-768x512.jpg 768w, https:\/\/infonewss.com\/wp-content\/uploads\/2024\/03\/Vera-Mendes-estreia-com-vitoria-no-Campeonato-Regional-de-Bela-Vista-do-Piaui-IMG_8010-150x100.jpg 150w, https:\/\/infonewss.com\/wp-content\/uploads\/2024\/03\/Vera-Mendes-estreia-com-vitoria-no-Campeonato-Regional-de-Bela-Vista-do-Piaui-IMG_8010-696x464.jpg 696w, https:\/\/infonewss.com\/wp-content\/uploads\/2024\/03\/Vera-Mendes-estreia-com-vitoria-no-Campeonato-Regional-de-Bela-Vista-do-Piaui-IMG_8010.jpg 900w\" alt=\"\" width=\"300\" height=\"200\" data-srcset=\"https:\/\/infonewss.com\/wp-content\/uploads\/2024\/03\/Vera-Mendes-estreia-com-vitoria-no-Campeonato-Regional-de-Bela-Vista-do-Piaui-IMG_8010-300x200.jpg 300w, https:\/\/infonewss.com\/wp-content\/uploads\/2024\/03\/Vera-Mendes-estreia-com-vitoria-no-Campeonato-Regional-de-Bela-Vista-do-Piaui-IMG_8010-768x512.jpg 768w, https:\/\/infonewss.com\/wp-content\/uploads\/2024\/03\/Vera-Mendes-estreia-com-vitoria-no-Campeonato-Regional-de-Bela-Vista-do-Piaui-IMG_8010-150x100.jpg 150w, https:\/\/infonewss.com\/wp-content\/uploads\/2024\/03\/Vera-Mendes-estreia-com-vitoria-no-Campeonato-Regional-de-Bela-Vista-do-Piaui-IMG_8010-696x464.jpg 696w, https:\/\/infonewss.com\/wp-content\/uploads\/2024\/03\/Vera-Mendes-estreia-com-vitoria-no-Campeonato-Regional-de-Bela-Vista-do-Piaui-IMG_8010.jpg 900w\" data-src=\"https:\/\/infonewss.com\/wp-content\/uploads\/2024\/03\/Vera-Mendes-estreia-com-vitoria-no-Campeonato-Regional-de-Bela-Vista-do-Piaui-IMG_8010-300x200.jpg\" data-sizes=\"(max-width: 300px) 100vw, 300px\" \/><\/a><\/div>\n<\/figure>\n<figure class=\"gallery-item\">\n<div class=\"gallery-icon landscape\"><a href=\"https:\/\/infonewss.com\/wp-content\/uploads\/2024\/03\/Vera-Mendes-estreia-com-vitoria-no-Campeonato-Regional-de-Bela-Vista-do-Piaui-IMG_8012.jpg\"><img loading=\"lazy\" decoding=\"async\" class=\"attachment-medium size-medium lazyloaded\" src=\"https:\/\/infonewss.com\/wp-content\/uploads\/2024\/03\/Vera-Mendes-estreia-com-vitoria-no-Campeonato-Regional-de-Bela-Vista-do-Piaui-IMG_8012-300x200.jpg\" sizes=\"(max-width: 300px) 100vw, 300px\" srcset=\"https:\/\/infonewss.com\/wp-content\/uploads\/2024\/03\/Vera-Mendes-estreia-com-vitoria-no-Campeonato-Regional-de-Bela-Vista-do-Piaui-IMG_8012-300x200.jpg 300w, https:\/\/infonewss.com\/wp-content\/uploads\/2024\/03\/Vera-Mendes-estreia-com-vitoria-no-Campeonato-Regional-de-Bela-Vista-do-Piaui-IMG_8012-768x512.jpg 768w, https:\/\/infonewss.com\/wp-content\/uploads\/2024\/03\/Vera-Mendes-estreia-com-vitoria-no-Campeonato-Regional-de-Bela-Vista-do-Piaui-IMG_8012-150x100.jpg 150w, https:\/\/infonewss.com\/wp-content\/uploads\/2024\/03\/Vera-Mendes-estreia-com-vitoria-no-Campeonato-Regional-de-Bela-Vista-do-Piaui-IMG_8012-696x464.jpg 696w, https:\/\/infonewss.com\/wp-content\/uploads\/2024\/03\/Vera-Mendes-estreia-com-vitoria-no-Campeonato-Regional-de-Bela-Vista-do-Piaui-IMG_8012.jpg 900w\" alt=\"\" width=\"300\" height=\"200\" data-srcset=\"https:\/\/infonewss.com\/wp-content\/uploads\/2024\/03\/Vera-Mendes-estreia-com-vitoria-no-Campeonato-Regional-de-Bela-Vista-do-Piaui-IMG_8012-300x200.jpg 300w, https:\/\/infonewss.com\/wp-content\/uploads\/2024\/03\/Vera-Mendes-estreia-com-vitoria-no-Campeonato-Regional-de-Bela-Vista-do-Piaui-IMG_8012-768x512.jpg 768w, https:\/\/infonewss.com\/wp-content\/uploads\/2024\/03\/Vera-Mendes-estreia-com-vitoria-no-Campeonato-Regional-de-Bela-Vista-do-Piaui-IMG_8012-150x100.jpg 150w, https:\/\/infonewss.com\/wp-content\/uploads\/2024\/03\/Vera-Mendes-estreia-com-vitoria-no-Campeonato-Regional-de-Bela-Vista-do-Piaui-IMG_8012-696x464.jpg 696w, https:\/\/infonewss.com\/wp-content\/uploads\/2024\/03\/Vera-Mendes-estreia-com-vitoria-no-Campeonato-Regional-de-Bela-Vista-do-Piaui-IMG_8012.jpg 900w\" data-src=\"https:\/\/infonewss.com\/wp-content\/uploads\/2024\/03\/Vera-Mendes-estreia-com-vitoria-no-Campeonato-Regional-de-Bela-Vista-do-Piaui-IMG_8012-300x200.jpg\" data-sizes=\"(max-width: 300px) 100vw, 300px\" \/><\/a><\/div>\n<\/figure>\n<figure class=\"gallery-item\">\n<div class=\"gallery-icon landscape\"><a href=\"https:\/\/infonewss.com\/wp-content\/uploads\/2024\/03\/Vera-Mendes-estreia-com-vitoria-no-Campeonato-Regional-de-Bela-Vista-do-Piaui-IMG_8013.jpg\"><img loading=\"lazy\" decoding=\"async\" class=\"attachment-medium size-medium lazyloaded\" src=\"https:\/\/infonewss.com\/wp-content\/uploads\/2024\/03\/Vera-Mendes-estreia-com-vitoria-no-Campeonato-Regional-de-Bela-Vista-do-Piaui-IMG_8013-300x200.jpg\" sizes=\"(max-width: 300px) 100vw, 300px\" srcset=\"https:\/\/infonewss.com\/wp-content\/uploads\/2024\/03\/Vera-Mendes-estreia-com-vitoria-no-Campeonato-Regional-de-Bela-Vista-do-Piaui-IMG_8013-300x200.jpg 300w, https:\/\/infonewss.com\/wp-content\/uploads\/2024\/03\/Vera-Mendes-estreia-com-vitoria-no-Campeonato-Regional-de-Bela-Vista-do-Piaui-IMG_8013-768x512.jpg 768w, https:\/\/infonewss.com\/wp-content\/uploads\/2024\/03\/Vera-Mendes-estreia-com-vitoria-no-Campeonato-Regional-de-Bela-Vista-do-Piaui-IMG_8013-150x100.jpg 150w, https:\/\/infonewss.com\/wp-content\/uploads\/2024\/03\/Vera-Mendes-estreia-com-vitoria-no-Campeonato-Regional-de-Bela-Vista-do-Piaui-IMG_8013-696x464.jpg 696w, https:\/\/infonewss.com\/wp-content\/uploads\/2024\/03\/Vera-Mendes-estreia-com-vitoria-no-Campeonato-Regional-de-Bela-Vista-do-Piaui-IMG_8013.jpg 900w\" alt=\"\" width=\"300\" height=\"200\" data-srcset=\"https:\/\/infonewss.com\/wp-content\/uploads\/2024\/03\/Vera-Mendes-estreia-com-vitoria-no-Campeonato-Regional-de-Bela-Vista-do-Piaui-IMG_8013-300x200.jpg 300w, https:\/\/infonewss.com\/wp-content\/uploads\/2024\/03\/Vera-Mendes-estreia-com-vitoria-no-Campeonato-Regional-de-Bela-Vista-do-Piaui-IMG_8013-768x512.jpg 768w, https:\/\/infonewss.com\/wp-content\/uploads\/2024\/03\/Vera-Mendes-estreia-com-vitoria-no-Campeonato-Regional-de-Bela-Vista-do-Piaui-IMG_8013-150x100.jpg 150w, https:\/\/infonewss.com\/wp-content\/uploads\/2024\/03\/Vera-Mendes-estreia-com-vitoria-no-Campeonato-Regional-de-Bela-Vista-do-Piaui-IMG_8013-696x464.jpg 696w, https:\/\/infonewss.com\/wp-content\/uploads\/2024\/03\/Vera-Mendes-estreia-com-vitoria-no-Campeonato-Regional-de-Bela-Vista-do-Piaui-IMG_8013.jpg 900w\" data-src=\"https:\/\/infonewss.com\/wp-content\/uploads\/2024\/03\/Vera-Mendes-estreia-com-vitoria-no-Campeonato-Regional-de-Bela-Vista-do-Piaui-IMG_8013-300x200.jpg\" data-sizes=\"(max-width: 300px) 100vw, 300px\" \/><\/a><\/div>\n<\/figure>\n<figure class=\"gallery-item\">\n<div class=\"gallery-icon portrait\"><a href=\"https:\/\/infonewss.com\/wp-content\/uploads\/2024\/03\/Vera-Mendes-estreia-com-vitoria-no-Campeonato-Regional-de-Bela-Vista-do-Piaui-IMG_8015.jpg\"><img loading=\"lazy\" decoding=\"async\" class=\"attachment-medium size-medium lazyloaded\" src=\"https:\/\/infonewss.com\/wp-content\/uploads\/2024\/03\/Vera-Mendes-estreia-com-vitoria-no-Campeonato-Regional-de-Bela-Vista-do-Piaui-IMG_8015-200x300.jpg\" sizes=\"(max-width: 200px) 100vw, 200px\" srcset=\"https:\/\/infonewss.com\/wp-content\/uploads\/2024\/03\/Vera-Mendes-estreia-com-vitoria-no-Campeonato-Regional-de-Bela-Vista-do-Piaui-IMG_8015-200x300.jpg 200w, https:\/\/infonewss.com\/wp-content\/uploads\/2024\/03\/Vera-Mendes-estreia-com-vitoria-no-Campeonato-Regional-de-Bela-Vista-do-Piaui-IMG_8015-683x1024.jpg 683w, https:\/\/infonewss.com\/wp-content\/uploads\/2024\/03\/Vera-Mendes-estreia-com-vitoria-no-Campeonato-Regional-de-Bela-Vista-do-Piaui-IMG_8015-768x1152.jpg 768w, https:\/\/infonewss.com\/wp-content\/uploads\/2024\/03\/Vera-Mendes-estreia-com-vitoria-no-Campeonato-Regional-de-Bela-Vista-do-Piaui-IMG_8015-150x225.jpg 150w, https:\/\/infonewss.com\/wp-content\/uploads\/2024\/03\/Vera-Mendes-estreia-com-vitoria-no-Campeonato-Regional-de-Bela-Vista-do-Piaui-IMG_8015-300x450.jpg 300w, https:\/\/infonewss.com\/wp-content\/uploads\/2024\/03\/Vera-Mendes-estreia-com-vitoria-no-Campeonato-Regional-de-Bela-Vista-do-Piaui-IMG_8015-696x1044.jpg 696w, https:\/\/infonewss.com\/wp-content\/uploads\/2024\/03\/Vera-Mendes-estreia-com-vitoria-no-Campeonato-Regional-de-Bela-Vista-do-Piaui-IMG_8015.jpg 900w\" alt=\"\" width=\"200\" height=\"300\" data-srcset=\"https:\/\/infonewss.com\/wp-content\/uploads\/2024\/03\/Vera-Mendes-estreia-com-vitoria-no-Campeonato-Regional-de-Bela-Vista-do-Piaui-IMG_8015-200x300.jpg 200w, https:\/\/infonewss.com\/wp-content\/uploads\/2024\/03\/Vera-Mendes-estreia-com-vitoria-no-Campeonato-Regional-de-Bela-Vista-do-Piaui-IMG_8015-683x1024.jpg 683w, https:\/\/infonewss.com\/wp-content\/uploads\/2024\/03\/Vera-Mendes-estreia-com-vitoria-no-Campeonato-Regional-de-Bela-Vista-do-Piaui-IMG_8015-768x1152.jpg 768w, https:\/\/infonewss.com\/wp-content\/uploads\/2024\/03\/Vera-Mendes-estreia-com-vitoria-no-Campeonato-Regional-de-Bela-Vista-do-Piaui-IMG_8015-150x225.jpg 150w, https:\/\/infonewss.com\/wp-content\/uploads\/2024\/03\/Vera-Mendes-estreia-com-vitoria-no-Campeonato-Regional-de-Bela-Vista-do-Piaui-IMG_8015-300x450.jpg 300w, https:\/\/infonewss.com\/wp-content\/uploads\/2024\/03\/Vera-Mendes-estreia-com-vitoria-no-Campeonato-Regional-de-Bela-Vista-do-Piaui-IMG_8015-696x1044.jpg 696w, https:\/\/infonewss.com\/wp-content\/uploads\/2024\/03\/Vera-Mendes-estreia-com-vitoria-no-Campeonato-Regional-de-Bela-Vista-do-Piaui-IMG_8015.jpg 900w\" data-src=\"https:\/\/infonewss.com\/wp-content\/uploads\/2024\/03\/Vera-Mendes-estreia-com-vitoria-no-Campeonato-Regional-de-Bela-Vista-do-Piaui-IMG_8015-200x300.jpg\" data-sizes=\"(max-width: 200px) 100vw, 200px\" \/><\/a><\/div>\n<\/figure>\n<figure class=\"gallery-item\">\n<div class=\"gallery-icon landscape\"><a href=\"https:\/\/infonewss.com\/wp-content\/uploads\/2024\/03\/Vera-Mendes-estreia-com-vitoria-no-Campeonato-Regional-de-Bela-Vista-do-Piaui-IMG_8016.jpg\"><img loading=\"lazy\" decoding=\"async\" class=\"attachment-medium size-medium lazyloaded\" src=\"https:\/\/infonewss.com\/wp-content\/uploads\/2024\/03\/Vera-Mendes-estreia-com-vitoria-no-Campeonato-Regional-de-Bela-Vista-do-Piaui-IMG_8016-300x200.jpg\" sizes=\"(max-width: 300px) 100vw, 300px\" srcset=\"https:\/\/infonewss.com\/wp-content\/uploads\/2024\/03\/Vera-Mendes-estreia-com-vitoria-no-Campeonato-Regional-de-Bela-Vista-do-Piaui-IMG_8016-300x200.jpg 300w, https:\/\/infonewss.com\/wp-content\/uploads\/2024\/03\/Vera-Mendes-estreia-com-vitoria-no-Campeonato-Regional-de-Bela-Vista-do-Piaui-IMG_8016-768x512.jpg 768w, https:\/\/infonewss.com\/wp-content\/uploads\/2024\/03\/Vera-Mendes-estreia-com-vitoria-no-Campeonato-Regional-de-Bela-Vista-do-Piaui-IMG_8016-150x100.jpg 150w, https:\/\/infonewss.com\/wp-content\/uploads\/2024\/03\/Vera-Mendes-estreia-com-vitoria-no-Campeonato-Regional-de-Bela-Vista-do-Piaui-IMG_8016-696x464.jpg 696w, https:\/\/infonewss.com\/wp-content\/uploads\/2024\/03\/Vera-Mendes-estreia-com-vitoria-no-Campeonato-Regional-de-Bela-Vista-do-Piaui-IMG_8016.jpg 900w\" alt=\"\" width=\"300\" height=\"200\" data-srcset=\"https:\/\/infonewss.com\/wp-content\/uploads\/2024\/03\/Vera-Mendes-estreia-com-vitoria-no-Campeonato-Regional-de-Bela-Vista-do-Piaui-IMG_8016-300x200.jpg 300w, https:\/\/infonewss.com\/wp-content\/uploads\/2024\/03\/Vera-Mendes-estreia-com-vitoria-no-Campeonato-Regional-de-Bela-Vista-do-Piaui-IMG_8016-768x512.jpg 768w, https:\/\/infonewss.com\/wp-content\/uploads\/2024\/03\/Vera-Mendes-estreia-com-vitoria-no-Campeonato-Regional-de-Bela-Vista-do-Piaui-IMG_8016-150x100.jpg 150w, https:\/\/infonewss.com\/wp-content\/uploads\/2024\/03\/Vera-Mendes-estreia-com-vitoria-no-Campeonato-Regional-de-Bela-Vista-do-Piaui-IMG_8016-696x464.jpg 696w, https:\/\/infonewss.com\/wp-content\/uploads\/2024\/03\/Vera-Mendes-estreia-com-vitoria-no-Campeonato-Regional-de-Bela-Vista-do-Piaui-IMG_8016.jpg 900w\" data-src=\"https:\/\/infonewss.com\/wp-content\/uploads\/2024\/03\/Vera-Mendes-estreia-com-vitoria-no-Campeonato-Regional-de-Bela-Vista-do-Piaui-IMG_8016-300x200.jpg\" data-sizes=\"(max-width: 300px) 100vw, 300px\" \/><\/a><\/div>\n<\/figure>\n<figure class=\"gallery-item\">\n<div class=\"gallery-icon landscape\"><a href=\"https:\/\/infonewss.com\/wp-content\/uploads\/2024\/03\/Vera-Mendes-estreia-com-vitoria-no-Campeonato-Regional-de-Bela-Vista-do-Piaui-IMG_8019.jpg\"><img loading=\"lazy\" decoding=\"async\" class=\"attachment-medium size-medium lazyloaded\" src=\"https:\/\/infonewss.com\/wp-content\/uploads\/2024\/03\/Vera-Mendes-estreia-com-vitoria-no-Campeonato-Regional-de-Bela-Vista-do-Piaui-IMG_8019-300x200.jpg\" sizes=\"(max-width: 300px) 100vw, 300px\" srcset=\"https:\/\/infonewss.com\/wp-content\/uploads\/2024\/03\/Vera-Mendes-estreia-com-vitoria-no-Campeonato-Regional-de-Bela-Vista-do-Piaui-IMG_8019-300x200.jpg 300w, https:\/\/infonewss.com\/wp-content\/uploads\/2024\/03\/Vera-Mendes-estreia-com-vitoria-no-Campeonato-Regional-de-Bela-Vista-do-Piaui-IMG_8019-768x512.jpg 768w, https:\/\/infonewss.com\/wp-content\/uploads\/2024\/03\/Vera-Mendes-estreia-com-vitoria-no-Campeonato-Regional-de-Bela-Vista-do-Piaui-IMG_8019-150x100.jpg 150w, https:\/\/infonewss.com\/wp-content\/uploads\/2024\/03\/Vera-Mendes-estreia-com-vitoria-no-Campeonato-Regional-de-Bela-Vista-do-Piaui-IMG_8019-696x464.jpg 696w, https:\/\/infonewss.com\/wp-content\/uploads\/2024\/03\/Vera-Mendes-estreia-com-vitoria-no-Campeonato-Regional-de-Bela-Vista-do-Piaui-IMG_8019.jpg 900w\" alt=\"\" width=\"300\" height=\"200\" data-srcset=\"https:\/\/infonewss.com\/wp-content\/uploads\/2024\/03\/Vera-Mendes-estreia-com-vitoria-no-Campeonato-Regional-de-Bela-Vista-do-Piaui-IMG_8019-300x200.jpg 300w, https:\/\/infonewss.com\/wp-content\/uploads\/2024\/03\/Vera-Mendes-estreia-com-vitoria-no-Campeonato-Regional-de-Bela-Vista-do-Piaui-IMG_8019-768x512.jpg 768w, https:\/\/infonewss.com\/wp-content\/uploads\/2024\/03\/Vera-Mendes-estreia-com-vitoria-no-Campeonato-Regional-de-Bela-Vista-do-Piaui-IMG_8019-150x100.jpg 150w, https:\/\/infonewss.com\/wp-content\/uploads\/2024\/03\/Vera-Mendes-estreia-com-vitoria-no-Campeonato-Regional-de-Bela-Vista-do-Piaui-IMG_8019-696x464.jpg 696w, https:\/\/infonewss.com\/wp-content\/uploads\/2024\/03\/Vera-Mendes-estreia-com-vitoria-no-Campeonato-Regional-de-Bela-Vista-do-Piaui-IMG_8019.jpg 900w\" data-src=\"https:\/\/infonewss.com\/wp-content\/uploads\/2024\/03\/Vera-Mendes-estreia-com-vitoria-no-Campeonato-Regional-de-Bela-Vista-do-Piaui-IMG_8019-300x200.jpg\" data-sizes=\"(max-width: 300px) 100vw, 300px\" \/><\/a><\/div>\n<\/figure>\n<figure class=\"gallery-item\">\n<div class=\"gallery-icon landscape\"><a href=\"https:\/\/infonewss.com\/wp-content\/uploads\/2024\/03\/Vera-Mendes-estreia-com-vitoria-no-Campeonato-Regional-de-Bela-Vista-do-Piaui-IMG_8021.jpg\"><img loading=\"lazy\" decoding=\"async\" class=\"attachment-medium size-medium lazyloaded\" src=\"https:\/\/infonewss.com\/wp-content\/uploads\/2024\/03\/Vera-Mendes-estreia-com-vitoria-no-Campeonato-Regional-de-Bela-Vista-do-Piaui-IMG_8021-300x200.jpg\" sizes=\"(max-width: 300px) 100vw, 300px\" srcset=\"https:\/\/infonewss.com\/wp-content\/uploads\/2024\/03\/Vera-Mendes-estreia-com-vitoria-no-Campeonato-Regional-de-Bela-Vista-do-Piaui-IMG_8021-300x200.jpg 300w, https:\/\/infonewss.com\/wp-content\/uploads\/2024\/03\/Vera-Mendes-estreia-com-vitoria-no-Campeonato-Regional-de-Bela-Vista-do-Piaui-IMG_8021-768x512.jpg 768w, https:\/\/infonewss.com\/wp-content\/uploads\/2024\/03\/Vera-Mendes-estreia-com-vitoria-no-Campeonato-Regional-de-Bela-Vista-do-Piaui-IMG_8021-150x100.jpg 150w, https:\/\/infonewss.com\/wp-content\/uploads\/2024\/03\/Vera-Mendes-estreia-com-vitoria-no-Campeonato-Regional-de-Bela-Vista-do-Piaui-IMG_8021-696x464.jpg 696w, https:\/\/infonewss.com\/wp-content\/uploads\/2024\/03\/Vera-Mendes-estreia-com-vitoria-no-Campeonato-Regional-de-Bela-Vista-do-Piaui-IMG_8021.jpg 900w\" alt=\"\" width=\"300\" height=\"200\" data-srcset=\"https:\/\/infonewss.com\/wp-content\/uploads\/2024\/03\/Vera-Mendes-estreia-com-vitoria-no-Campeonato-Regional-de-Bela-Vista-do-Piaui-IMG_8021-300x200.jpg 300w, https:\/\/infonewss.com\/wp-content\/uploads\/2024\/03\/Vera-Mendes-estreia-com-vitoria-no-Campeonato-Regional-de-Bela-Vista-do-Piaui-IMG_8021-768x512.jpg 768w, https:\/\/infonewss.com\/wp-content\/uploads\/2024\/03\/Vera-Mendes-estreia-com-vitoria-no-Campeonato-Regional-de-Bela-Vista-do-Piaui-IMG_8021-150x100.jpg 150w, https:\/\/infonewss.com\/wp-content\/uploads\/2024\/03\/Vera-Mendes-estreia-com-vitoria-no-Campeonato-Regional-de-Bela-Vista-do-Piaui-IMG_8021-696x464.jpg 696w, https:\/\/infonewss.com\/wp-content\/uploads\/2024\/03\/Vera-Mendes-estreia-com-vitoria-no-Campeonato-Regional-de-Bela-Vista-do-Piaui-IMG_8021.jpg 900w\" data-src=\"https:\/\/infonewss.com\/wp-content\/uploads\/2024\/03\/Vera-Mendes-estreia-com-vitoria-no-Campeonato-Regional-de-Bela-Vista-do-Piaui-IMG_8021-300x200.jpg\" data-sizes=\"(max-width: 300px) 100vw, 300px\" \/><\/a><\/div>\n<\/figure>\n<figure class=\"gallery-item\">\n<div class=\"gallery-icon landscape\"><a href=\"https:\/\/infonewss.com\/wp-content\/uploads\/2024\/03\/Vera-Mendes-estreia-com-vitoria-no-Campeonato-Regional-de-Bela-Vista-do-Piaui-IMG_8025.jpg\"><img loading=\"lazy\" decoding=\"async\" class=\"attachment-medium size-medium ls-is-cached lazyloaded\" src=\"https:\/\/infonewss.com\/wp-content\/uploads\/2024\/03\/Vera-Mendes-estreia-com-vitoria-no-Campeonato-Regional-de-Bela-Vista-do-Piaui-IMG_8025-300x200.jpg\" sizes=\"(max-width: 300px) 100vw, 300px\" srcset=\"https:\/\/infonewss.com\/wp-content\/uploads\/2024\/03\/Vera-Mendes-estreia-com-vitoria-no-Campeonato-Regional-de-Bela-Vista-do-Piaui-IMG_8025-300x200.jpg 300w, https:\/\/infonewss.com\/wp-content\/uploads\/2024\/03\/Vera-Mendes-estreia-com-vitoria-no-Campeonato-Regional-de-Bela-Vista-do-Piaui-IMG_8025-768x512.jpg 768w, https:\/\/infonewss.com\/wp-content\/uploads\/2024\/03\/Vera-Mendes-estreia-com-vitoria-no-Campeonato-Regional-de-Bela-Vista-do-Piaui-IMG_8025-150x100.jpg 150w, https:\/\/infonewss.com\/wp-content\/uploads\/2024\/03\/Vera-Mendes-estreia-com-vitoria-no-Campeonato-Regional-de-Bela-Vista-do-Piaui-IMG_8025-696x464.jpg 696w, https:\/\/infonewss.com\/wp-content\/uploads\/2024\/03\/Vera-Mendes-estreia-com-vitoria-no-Campeonato-Regional-de-Bela-Vista-do-Piaui-IMG_8025.jpg 900w\" alt=\"\" width=\"300\" height=\"200\" data-srcset=\"https:\/\/infonewss.com\/wp-content\/uploads\/2024\/03\/Vera-Mendes-estreia-com-vitoria-no-Campeonato-Regional-de-Bela-Vista-do-Piaui-IMG_8025-300x200.jpg 300w, https:\/\/infonewss.com\/wp-content\/uploads\/2024\/03\/Vera-Mendes-estreia-com-vitoria-no-Campeonato-Regional-de-Bela-Vista-do-Piaui-IMG_8025-768x512.jpg 768w, https:\/\/infonewss.com\/wp-content\/uploads\/2024\/03\/Vera-Mendes-estreia-com-vitoria-no-Campeonato-Regional-de-Bela-Vista-do-Piaui-IMG_8025-150x100.jpg 150w, https:\/\/infonewss.com\/wp-content\/uploads\/2024\/03\/Vera-Mendes-estreia-com-vitoria-no-Campeonato-Regional-de-Bela-Vista-do-Piaui-IMG_8025-696x464.jpg 696w, https:\/\/infonewss.com\/wp-content\/uploads\/2024\/03\/Vera-Mendes-estreia-com-vitoria-no-Campeonato-Regional-de-Bela-Vista-do-Piaui-IMG_8025.jpg 900w\" data-src=\"https:\/\/infonewss.com\/wp-content\/uploads\/2024\/03\/Vera-Mendes-estreia-com-vitoria-no-Campeonato-Regional-de-Bela-Vista-do-Piaui-IMG_8025-300x200.jpg\" data-sizes=\"(max-width: 300px) 100vw, 300px\" \/><\/a><\/div>\n<\/figure>\n<figure class=\"gallery-item\">\n<div class=\"gallery-icon landscape\"><a href=\"https:\/\/infonewss.com\/wp-content\/uploads\/2024\/03\/Vera-Mendes-estreia-com-vitoria-no-Campeonato-Regional-de-Bela-Vista-do-Piaui-IMG_8027.jpg\"><img loading=\"lazy\" decoding=\"async\" class=\"attachment-medium size-medium lazyloaded\" src=\"https:\/\/infonewss.com\/wp-content\/uploads\/2024\/03\/Vera-Mendes-estreia-com-vitoria-no-Campeonato-Regional-de-Bela-Vista-do-Piaui-IMG_8027-300x200.jpg\" sizes=\"(max-width: 300px) 100vw, 300px\" srcset=\"https:\/\/infonewss.com\/wp-content\/uploads\/2024\/03\/Vera-Mendes-estreia-com-vitoria-no-Campeonato-Regional-de-Bela-Vista-do-Piaui-IMG_8027-300x200.jpg 300w, https:\/\/infonewss.com\/wp-content\/uploads\/2024\/03\/Vera-Mendes-estreia-com-vitoria-no-Campeonato-Regional-de-Bela-Vista-do-Piaui-IMG_8027-768x512.jpg 768w, https:\/\/infonewss.com\/wp-content\/uploads\/2024\/03\/Vera-Mendes-estreia-com-vitoria-no-Campeonato-Regional-de-Bela-Vista-do-Piaui-IMG_8027-150x100.jpg 150w, https:\/\/infonewss.com\/wp-content\/uploads\/2024\/03\/Vera-Mendes-estreia-com-vitoria-no-Campeonato-Regional-de-Bela-Vista-do-Piaui-IMG_8027-696x464.jpg 696w, https:\/\/infonewss.com\/wp-content\/uploads\/2024\/03\/Vera-Mendes-estreia-com-vitoria-no-Campeonato-Regional-de-Bela-Vista-do-Piaui-IMG_8027.jpg 900w\" alt=\"\" width=\"300\" height=\"200\" data-srcset=\"https:\/\/infonewss.com\/wp-content\/uploads\/2024\/03\/Vera-Mendes-estreia-com-vitoria-no-Campeonato-Regional-de-Bela-Vista-do-Piaui-IMG_8027-300x200.jpg 300w, https:\/\/infonewss.com\/wp-content\/uploads\/2024\/03\/Vera-Mendes-estreia-com-vitoria-no-Campeonato-Regional-de-Bela-Vista-do-Piaui-IMG_8027-768x512.jpg 768w, https:\/\/infonewss.com\/wp-content\/uploads\/2024\/03\/Vera-Mendes-estreia-com-vitoria-no-Campeonato-Regional-de-Bela-Vista-do-Piaui-IMG_8027-150x100.jpg 150w, https:\/\/infonewss.com\/wp-content\/uploads\/2024\/03\/Vera-Mendes-estreia-com-vitoria-no-Campeonato-Regional-de-Bela-Vista-do-Piaui-IMG_8027-696x464.jpg 696w, https:\/\/infonewss.com\/wp-content\/uploads\/2024\/03\/Vera-Mendes-estreia-com-vitoria-no-Campeonato-Regional-de-Bela-Vista-do-Piaui-IMG_8027.jpg 900w\" data-src=\"https:\/\/infonewss.com\/wp-content\/uploads\/2024\/03\/Vera-Mendes-estreia-com-vitoria-no-Campeonato-Regional-de-Bela-Vista-do-Piaui-IMG_8027-300x200.jpg\" data-sizes=\"(max-width: 300px) 100vw, 300px\" \/><\/a><\/div>\n<\/figure>\n<figure class=\"gallery-item\">\n<div class=\"gallery-icon landscape\"><a href=\"https:\/\/infonewss.com\/wp-content\/uploads\/2024\/03\/Vera-Mendes-estreia-com-vitoria-no-Campeonato-Regional-de-Bela-Vista-do-Piaui-IMG_8029.jpg\"><img loading=\"lazy\" decoding=\"async\" class=\"attachment-medium size-medium lazyloaded\" src=\"https:\/\/infonewss.com\/wp-content\/uploads\/2024\/03\/Vera-Mendes-estreia-com-vitoria-no-Campeonato-Regional-de-Bela-Vista-do-Piaui-IMG_8029-300x200.jpg\" sizes=\"(max-width: 300px) 100vw, 300px\" srcset=\"https:\/\/infonewss.com\/wp-content\/uploads\/2024\/03\/Vera-Mendes-estreia-com-vitoria-no-Campeonato-Regional-de-Bela-Vista-do-Piaui-IMG_8029-300x200.jpg 300w, https:\/\/infonewss.com\/wp-content\/uploads\/2024\/03\/Vera-Mendes-estreia-com-vitoria-no-Campeonato-Regional-de-Bela-Vista-do-Piaui-IMG_8029-768x512.jpg 768w, https:\/\/infonewss.com\/wp-content\/uploads\/2024\/03\/Vera-Mendes-estreia-com-vitoria-no-Campeonato-Regional-de-Bela-Vista-do-Piaui-IMG_8029-150x100.jpg 150w, https:\/\/infonewss.com\/wp-content\/uploads\/2024\/03\/Vera-Mendes-estreia-com-vitoria-no-Campeonato-Regional-de-Bela-Vista-do-Piaui-IMG_8029-696x464.jpg 696w, https:\/\/infonewss.com\/wp-content\/uploads\/2024\/03\/Vera-Mendes-estreia-com-vitoria-no-Campeonato-Regional-de-Bela-Vista-do-Piaui-IMG_8029.jpg 900w\" alt=\"\" width=\"300\" height=\"200\" data-srcset=\"https:\/\/infonewss.com\/wp-content\/uploads\/2024\/03\/Vera-Mendes-estreia-com-vitoria-no-Campeonato-Regional-de-Bela-Vista-do-Piaui-IMG_8029-300x200.jpg 300w, https:\/\/infonewss.com\/wp-content\/uploads\/2024\/03\/Vera-Mendes-estreia-com-vitoria-no-Campeonato-Regional-de-Bela-Vista-do-Piaui-IMG_8029-768x512.jpg 768w, https:\/\/infonewss.com\/wp-content\/uploads\/2024\/03\/Vera-Mendes-estreia-com-vitoria-no-Campeonato-Regional-de-Bela-Vista-do-Piaui-IMG_8029-150x100.jpg 150w, https:\/\/infonewss.com\/wp-content\/uploads\/2024\/03\/Vera-Mendes-estreia-com-vitoria-no-Campeonato-Regional-de-Bela-Vista-do-Piaui-IMG_8029-696x464.jpg 696w, https:\/\/infonewss.com\/wp-content\/uploads\/2024\/03\/Vera-Mendes-estreia-com-vitoria-no-Campeonato-Regional-de-Bela-Vista-do-Piaui-IMG_8029.jpg 900w\" data-src=\"https:\/\/infonewss.com\/wp-content\/uploads\/2024\/03\/Vera-Mendes-estreia-com-vitoria-no-Campeonato-Regional-de-Bela-Vista-do-Piaui-IMG_8029-300x200.jpg\" data-sizes=\"(max-width: 300px) 100vw, 300px\" \/><\/a><\/div>\n<\/figure>\n<figure class=\"gallery-item\">\n<div class=\"gallery-icon landscape\"><a href=\"https:\/\/infonewss.com\/wp-content\/uploads\/2024\/03\/Vera-Mendes-estreia-com-vitoria-no-Campeonato-Regional-de-Bela-Vista-do-Piaui-IMG_8032.jpg\"><img loading=\"lazy\" decoding=\"async\" class=\"attachment-medium size-medium lazyloaded\" src=\"https:\/\/infonewss.com\/wp-content\/uploads\/2024\/03\/Vera-Mendes-estreia-com-vitoria-no-Campeonato-Regional-de-Bela-Vista-do-Piaui-IMG_8032-300x200.jpg\" sizes=\"(max-width: 300px) 100vw, 300px\" srcset=\"https:\/\/infonewss.com\/wp-content\/uploads\/2024\/03\/Vera-Mendes-estreia-com-vitoria-no-Campeonato-Regional-de-Bela-Vista-do-Piaui-IMG_8032-300x200.jpg 300w, https:\/\/infonewss.com\/wp-content\/uploads\/2024\/03\/Vera-Mendes-estreia-com-vitoria-no-Campeonato-Regional-de-Bela-Vista-do-Piaui-IMG_8032-768x512.jpg 768w, https:\/\/infonewss.com\/wp-content\/uploads\/2024\/03\/Vera-Mendes-estreia-com-vitoria-no-Campeonato-Regional-de-Bela-Vista-do-Piaui-IMG_8032-150x100.jpg 150w, https:\/\/infonewss.com\/wp-content\/uploads\/2024\/03\/Vera-Mendes-estreia-com-vitoria-no-Campeonato-Regional-de-Bela-Vista-do-Piaui-IMG_8032-696x464.jpg 696w, https:\/\/infonewss.com\/wp-content\/uploads\/2024\/03\/Vera-Mendes-estreia-com-vitoria-no-Campeonato-Regional-de-Bela-Vista-do-Piaui-IMG_8032.jpg 900w\" alt=\"\" width=\"300\" height=\"200\" data-srcset=\"https:\/\/infonewss.com\/wp-content\/uploads\/2024\/03\/Vera-Mendes-estreia-com-vitoria-no-Campeonato-Regional-de-Bela-Vista-do-Piaui-IMG_8032-300x200.jpg 300w, https:\/\/infonewss.com\/wp-content\/uploads\/2024\/03\/Vera-Mendes-estreia-com-vitoria-no-Campeonato-Regional-de-Bela-Vista-do-Piaui-IMG_8032-768x512.jpg 768w, https:\/\/infonewss.com\/wp-content\/uploads\/2024\/03\/Vera-Mendes-estreia-com-vitoria-no-Campeonato-Regional-de-Bela-Vista-do-Piaui-IMG_8032-150x100.jpg 150w, https:\/\/infonewss.com\/wp-content\/uploads\/2024\/03\/Vera-Mendes-estreia-com-vitoria-no-Campeonato-Regional-de-Bela-Vista-do-Piaui-IMG_8032-696x464.jpg 696w, https:\/\/infonewss.com\/wp-content\/uploads\/2024\/03\/Vera-Mendes-estreia-com-vitoria-no-Campeonato-Regional-de-Bela-Vista-do-Piaui-IMG_8032.jpg 900w\" data-src=\"https:\/\/infonewss.com\/wp-content\/uploads\/2024\/03\/Vera-Mendes-estreia-com-vitoria-no-Campeonato-Regional-de-Bela-Vista-do-Piaui-IMG_8032-300x200.jpg\" data-sizes=\"(max-width: 300px) 100vw, 300px\" \/><\/a><\/div>\n<\/figure>\n<figure class=\"gallery-item\">\n<div class=\"gallery-icon landscape\"><a href=\"https:\/\/infonewss.com\/wp-content\/uploads\/2024\/03\/Vera-Mendes-estreia-com-vitoria-no-Campeonato-Regional-de-Bela-Vista-do-Piaui-IMG_8034.jpg\"><img loading=\"lazy\" decoding=\"async\" class=\"attachment-medium size-medium lazyloaded\" src=\"https:\/\/infonewss.com\/wp-content\/uploads\/2024\/03\/Vera-Mendes-estreia-com-vitoria-no-Campeonato-Regional-de-Bela-Vista-do-Piaui-IMG_8034-300x200.jpg\" sizes=\"(max-width: 300px) 100vw, 300px\" srcset=\"https:\/\/infonewss.com\/wp-content\/uploads\/2024\/03\/Vera-Mendes-estreia-com-vitoria-no-Campeonato-Regional-de-Bela-Vista-do-Piaui-IMG_8034-300x200.jpg 300w, https:\/\/infonewss.com\/wp-content\/uploads\/2024\/03\/Vera-Mendes-estreia-com-vitoria-no-Campeonato-Regional-de-Bela-Vista-do-Piaui-IMG_8034-768x512.jpg 768w, https:\/\/infonewss.com\/wp-content\/uploads\/2024\/03\/Vera-Mendes-estreia-com-vitoria-no-Campeonato-Regional-de-Bela-Vista-do-Piaui-IMG_8034-150x100.jpg 150w, https:\/\/infonewss.com\/wp-content\/uploads\/2024\/03\/Vera-Mendes-estreia-com-vitoria-no-Campeonato-Regional-de-Bela-Vista-do-Piaui-IMG_8034-696x464.jpg 696w, https:\/\/infonewss.com\/wp-content\/uploads\/2024\/03\/Vera-Mendes-estreia-com-vitoria-no-Campeonato-Regional-de-Bela-Vista-do-Piaui-IMG_8034.jpg 900w\" alt=\"\" width=\"300\" height=\"200\" data-srcset=\"https:\/\/infonewss.com\/wp-content\/uploads\/2024\/03\/Vera-Mendes-estreia-com-vitoria-no-Campeonato-Regional-de-Bela-Vista-do-Piaui-IMG_8034-300x200.jpg 300w, https:\/\/infonewss.com\/wp-content\/uploads\/2024\/03\/Vera-Mendes-estreia-com-vitoria-no-Campeonato-Regional-de-Bela-Vista-do-Piaui-IMG_8034-768x512.jpg 768w, https:\/\/infonewss.com\/wp-content\/uploads\/2024\/03\/Vera-Mendes-estreia-com-vitoria-no-Campeonato-Regional-de-Bela-Vista-do-Piaui-IMG_8034-150x100.jpg 150w, https:\/\/infonewss.com\/wp-content\/uploads\/2024\/03\/Vera-Mendes-estreia-com-vitoria-no-Campeonato-Regional-de-Bela-Vista-do-Piaui-IMG_8034-696x464.jpg 696w, https:\/\/infonewss.com\/wp-content\/uploads\/2024\/03\/Vera-Mendes-estreia-com-vitoria-no-Campeonato-Regional-de-Bela-Vista-do-Piaui-IMG_8034.jpg 900w\" data-src=\"https:\/\/infonewss.com\/wp-content\/uploads\/2024\/03\/Vera-Mendes-estreia-com-vitoria-no-Campeonato-Regional-de-Bela-Vista-do-Piaui-IMG_8034-300x200.jpg\" data-sizes=\"(max-width: 300px) 100vw, 300px\" \/><\/a><\/div>\n<\/figure>\n<figure class=\"gallery-item\">\n<div class=\"gallery-icon portrait\"><a href=\"https:\/\/infonewss.com\/wp-content\/uploads\/2024\/03\/Vera-Mendes-estreia-com-vitoria-no-Campeonato-Regional-de-Bela-Vista-do-Piaui-IMG_8035.jpg\"><img loading=\"lazy\" decoding=\"async\" class=\"attachment-medium size-medium lazyloaded\" src=\"https:\/\/infonewss.com\/wp-content\/uploads\/2024\/03\/Vera-Mendes-estreia-com-vitoria-no-Campeonato-Regional-de-Bela-Vista-do-Piaui-IMG_8035-200x300.jpg\" sizes=\"(max-width: 200px) 100vw, 200px\" srcset=\"https:\/\/infonewss.com\/wp-content\/uploads\/2024\/03\/Vera-Mendes-estreia-com-vitoria-no-Campeonato-Regional-de-Bela-Vista-do-Piaui-IMG_8035-200x300.jpg 200w, https:\/\/infonewss.com\/wp-content\/uploads\/2024\/03\/Vera-Mendes-estreia-com-vitoria-no-Campeonato-Regional-de-Bela-Vista-do-Piaui-IMG_8035-683x1024.jpg 683w, https:\/\/infonewss.com\/wp-content\/uploads\/2024\/03\/Vera-Mendes-estreia-com-vitoria-no-Campeonato-Regional-de-Bela-Vista-do-Piaui-IMG_8035-768x1152.jpg 768w, https:\/\/infonewss.com\/wp-content\/uploads\/2024\/03\/Vera-Mendes-estreia-com-vitoria-no-Campeonato-Regional-de-Bela-Vista-do-Piaui-IMG_8035-150x225.jpg 150w, https:\/\/infonewss.com\/wp-content\/uploads\/2024\/03\/Vera-Mendes-estreia-com-vitoria-no-Campeonato-Regional-de-Bela-Vista-do-Piaui-IMG_8035-300x450.jpg 300w, https:\/\/infonewss.com\/wp-content\/uploads\/2024\/03\/Vera-Mendes-estreia-com-vitoria-no-Campeonato-Regional-de-Bela-Vista-do-Piaui-IMG_8035-696x1044.jpg 696w, https:\/\/infonewss.com\/wp-content\/uploads\/2024\/03\/Vera-Mendes-estreia-com-vitoria-no-Campeonato-Regional-de-Bela-Vista-do-Piaui-IMG_8035.jpg 900w\" alt=\"\" width=\"200\" height=\"300\" data-srcset=\"https:\/\/infonewss.com\/wp-content\/uploads\/2024\/03\/Vera-Mendes-estreia-com-vitoria-no-Campeonato-Regional-de-Bela-Vista-do-Piaui-IMG_8035-200x300.jpg 200w, https:\/\/infonewss.com\/wp-content\/uploads\/2024\/03\/Vera-Mendes-estreia-com-vitoria-no-Campeonato-Regional-de-Bela-Vista-do-Piaui-IMG_8035-683x1024.jpg 683w, https:\/\/infonewss.com\/wp-content\/uploads\/2024\/03\/Vera-Mendes-estreia-com-vitoria-no-Campeonato-Regional-de-Bela-Vista-do-Piaui-IMG_8035-768x1152.jpg 768w, https:\/\/infonewss.com\/wp-content\/uploads\/2024\/03\/Vera-Mendes-estreia-com-vitoria-no-Campeonato-Regional-de-Bela-Vista-do-Piaui-IMG_8035-150x225.jpg 150w, https:\/\/infonewss.com\/wp-content\/uploads\/2024\/03\/Vera-Mendes-estreia-com-vitoria-no-Campeonato-Regional-de-Bela-Vista-do-Piaui-IMG_8035-300x450.jpg 300w, https:\/\/infonewss.com\/wp-content\/uploads\/2024\/03\/Vera-Mendes-estreia-com-vitoria-no-Campeonato-Regional-de-Bela-Vista-do-Piaui-IMG_8035-696x1044.jpg 696w, https:\/\/infonewss.com\/wp-content\/uploads\/2024\/03\/Vera-Mendes-estreia-com-vitoria-no-Campeonato-Regional-de-Bela-Vista-do-Piaui-IMG_8035.jpg 900w\" data-src=\"https:\/\/infonewss.com\/wp-content\/uploads\/2024\/03\/Vera-Mendes-estreia-com-vitoria-no-Campeonato-Regional-de-Bela-Vista-do-Piaui-IMG_8035-200x300.jpg\" data-sizes=\"(max-width: 200px) 100vw, 200px\" \/><\/a><\/div>\n<\/figure>\n<figure class=\"gallery-item\">\n<div class=\"gallery-icon landscape\"><a href=\"https:\/\/infonewss.com\/wp-content\/uploads\/2024\/03\/Vera-Mendes-estreia-com-vitoria-no-Campeonato-Regional-de-Bela-Vista-do-Piaui-IMG_8042.jpg\"><img loading=\"lazy\" decoding=\"async\" class=\"attachment-medium size-medium lazyloaded\" src=\"https:\/\/infonewss.com\/wp-content\/uploads\/2024\/03\/Vera-Mendes-estreia-com-vitoria-no-Campeonato-Regional-de-Bela-Vista-do-Piaui-IMG_8042-300x200.jpg\" sizes=\"(max-width: 300px) 100vw, 300px\" srcset=\"https:\/\/infonewss.com\/wp-content\/uploads\/2024\/03\/Vera-Mendes-estreia-com-vitoria-no-Campeonato-Regional-de-Bela-Vista-do-Piaui-IMG_8042-300x200.jpg 300w, https:\/\/infonewss.com\/wp-content\/uploads\/2024\/03\/Vera-Mendes-estreia-com-vitoria-no-Campeonato-Regional-de-Bela-Vista-do-Piaui-IMG_8042-768x512.jpg 768w, https:\/\/infonewss.com\/wp-content\/uploads\/2024\/03\/Vera-Mendes-estreia-com-vitoria-no-Campeonato-Regional-de-Bela-Vista-do-Piaui-IMG_8042-150x100.jpg 150w, https:\/\/infonewss.com\/wp-content\/uploads\/2024\/03\/Vera-Mendes-estreia-com-vitoria-no-Campeonato-Regional-de-Bela-Vista-do-Piaui-IMG_8042-696x464.jpg 696w, https:\/\/infonewss.com\/wp-content\/uploads\/2024\/03\/Vera-Mendes-estreia-com-vitoria-no-Campeonato-Regional-de-Bela-Vista-do-Piaui-IMG_8042.jpg 900w\" alt=\"\" width=\"300\" height=\"200\" data-srcset=\"https:\/\/infonewss.com\/wp-content\/uploads\/2024\/03\/Vera-Mendes-estreia-com-vitoria-no-Campeonato-Regional-de-Bela-Vista-do-Piaui-IMG_8042-300x200.jpg 300w, https:\/\/infonewss.com\/wp-content\/uploads\/2024\/03\/Vera-Mendes-estreia-com-vitoria-no-Campeonato-Regional-de-Bela-Vista-do-Piaui-IMG_8042-768x512.jpg 768w, https:\/\/infonewss.com\/wp-content\/uploads\/2024\/03\/Vera-Mendes-estreia-com-vitoria-no-Campeonato-Regional-de-Bela-Vista-do-Piaui-IMG_8042-150x100.jpg 150w, https:\/\/infonewss.com\/wp-content\/uploads\/2024\/03\/Vera-Mendes-estreia-com-vitoria-no-Campeonato-Regional-de-Bela-Vista-do-Piaui-IMG_8042-696x464.jpg 696w, https:\/\/infonewss.com\/wp-content\/uploads\/2024\/03\/Vera-Mendes-estreia-com-vitoria-no-Campeonato-Regional-de-Bela-Vista-do-Piaui-IMG_8042.jpg 900w\" data-src=\"https:\/\/infonewss.com\/wp-content\/uploads\/2024\/03\/Vera-Mendes-estreia-com-vitoria-no-Campeonato-Regional-de-Bela-Vista-do-Piaui-IMG_8042-300x200.jpg\" data-sizes=\"(max-width: 300px) 100vw, 300px\" \/><\/a><\/div>\n<\/figure>\n<figure class=\"gallery-item\">\n<div class=\"gallery-icon landscape\"><a href=\"https:\/\/infonewss.com\/wp-content\/uploads\/2024\/03\/Vera-Mendes-estreia-com-vitoria-no-Campeonato-Regional-de-Bela-Vista-do-Piaui-IMG_8047.jpg\"><img loading=\"lazy\" decoding=\"async\" class=\"attachment-medium size-medium lazyloaded\" src=\"https:\/\/infonewss.com\/wp-content\/uploads\/2024\/03\/Vera-Mendes-estreia-com-vitoria-no-Campeonato-Regional-de-Bela-Vista-do-Piaui-IMG_8047-300x200.jpg\" sizes=\"(max-width: 300px) 100vw, 300px\" srcset=\"https:\/\/infonewss.com\/wp-content\/uploads\/2024\/03\/Vera-Mendes-estreia-com-vitoria-no-Campeonato-Regional-de-Bela-Vista-do-Piaui-IMG_8047-300x200.jpg 300w, https:\/\/infonewss.com\/wp-content\/uploads\/2024\/03\/Vera-Mendes-estreia-com-vitoria-no-Campeonato-Regional-de-Bela-Vista-do-Piaui-IMG_8047-768x512.jpg 768w, https:\/\/infonewss.com\/wp-content\/uploads\/2024\/03\/Vera-Mendes-estreia-com-vitoria-no-Campeonato-Regional-de-Bela-Vista-do-Piaui-IMG_8047-150x100.jpg 150w, https:\/\/infonewss.com\/wp-content\/uploads\/2024\/03\/Vera-Mendes-estreia-com-vitoria-no-Campeonato-Regional-de-Bela-Vista-do-Piaui-IMG_8047-696x464.jpg 696w, https:\/\/infonewss.com\/wp-content\/uploads\/2024\/03\/Vera-Mendes-estreia-com-vitoria-no-Campeonato-Regional-de-Bela-Vista-do-Piaui-IMG_8047.jpg 900w\" alt=\"\" width=\"300\" height=\"200\" data-srcset=\"https:\/\/infonewss.com\/wp-content\/uploads\/2024\/03\/Vera-Mendes-estreia-com-vitoria-no-Campeonato-Regional-de-Bela-Vista-do-Piaui-IMG_8047-300x200.jpg 300w, https:\/\/infonewss.com\/wp-content\/uploads\/2024\/03\/Vera-Mendes-estreia-com-vitoria-no-Campeonato-Regional-de-Bela-Vista-do-Piaui-IMG_8047-768x512.jpg 768w, https:\/\/infonewss.com\/wp-content\/uploads\/2024\/03\/Vera-Mendes-estreia-com-vitoria-no-Campeonato-Regional-de-Bela-Vista-do-Piaui-IMG_8047-150x100.jpg 150w, https:\/\/infonewss.com\/wp-content\/uploads\/2024\/03\/Vera-Mendes-estreia-com-vitoria-no-Campeonato-Regional-de-Bela-Vista-do-Piaui-IMG_8047-696x464.jpg 696w, https:\/\/infonewss.com\/wp-content\/uploads\/2024\/03\/Vera-Mendes-estreia-com-vitoria-no-Campeonato-Regional-de-Bela-Vista-do-Piaui-IMG_8047.jpg 900w\" data-src=\"https:\/\/infonewss.com\/wp-content\/uploads\/2024\/03\/Vera-Mendes-estreia-com-vitoria-no-Campeonato-Regional-de-Bela-Vista-do-Piaui-IMG_8047-300x200.jpg\" data-sizes=\"(max-width: 300px) 100vw, 300px\" \/><\/a><\/div>\n<\/figure>\n<figure class=\"gallery-item\">\n<div class=\"gallery-icon landscape\"><a href=\"https:\/\/infonewss.com\/wp-content\/uploads\/2024\/03\/Vera-Mendes-estreia-com-vitoria-no-Campeonato-Regional-de-Bela-Vista-do-Piaui-IMG_8049.jpg\"><img loading=\"lazy\" decoding=\"async\" class=\"attachment-medium size-medium lazyloaded\" src=\"https:\/\/infonewss.com\/wp-content\/uploads\/2024\/03\/Vera-Mendes-estreia-com-vitoria-no-Campeonato-Regional-de-Bela-Vista-do-Piaui-IMG_8049-300x200.jpg\" sizes=\"(max-width: 300px) 100vw, 300px\" srcset=\"https:\/\/infonewss.com\/wp-content\/uploads\/2024\/03\/Vera-Mendes-estreia-com-vitoria-no-Campeonato-Regional-de-Bela-Vista-do-Piaui-IMG_8049-300x200.jpg 300w, https:\/\/infonewss.com\/wp-content\/uploads\/2024\/03\/Vera-Mendes-estreia-com-vitoria-no-Campeonato-Regional-de-Bela-Vista-do-Piaui-IMG_8049-768x512.jpg 768w, https:\/\/infonewss.com\/wp-content\/uploads\/2024\/03\/Vera-Mendes-estreia-com-vitoria-no-Campeonato-Regional-de-Bela-Vista-do-Piaui-IMG_8049-150x100.jpg 150w, https:\/\/infonewss.com\/wp-content\/uploads\/2024\/03\/Vera-Mendes-estreia-com-vitoria-no-Campeonato-Regional-de-Bela-Vista-do-Piaui-IMG_8049-696x464.jpg 696w, https:\/\/infonewss.com\/wp-content\/uploads\/2024\/03\/Vera-Mendes-estreia-com-vitoria-no-Campeonato-Regional-de-Bela-Vista-do-Piaui-IMG_8049.jpg 900w\" alt=\"\" width=\"300\" height=\"200\" data-srcset=\"https:\/\/infonewss.com\/wp-content\/uploads\/2024\/03\/Vera-Mendes-estreia-com-vitoria-no-Campeonato-Regional-de-Bela-Vista-do-Piaui-IMG_8049-300x200.jpg 300w, https:\/\/infonewss.com\/wp-content\/uploads\/2024\/03\/Vera-Mendes-estreia-com-vitoria-no-Campeonato-Regional-de-Bela-Vista-do-Piaui-IMG_8049-768x512.jpg 768w, https:\/\/infonewss.com\/wp-content\/uploads\/2024\/03\/Vera-Mendes-estreia-com-vitoria-no-Campeonato-Regional-de-Bela-Vista-do-Piaui-IMG_8049-150x100.jpg 150w, https:\/\/infonewss.com\/wp-content\/uploads\/2024\/03\/Vera-Mendes-estreia-com-vitoria-no-Campeonato-Regional-de-Bela-Vista-do-Piaui-IMG_8049-696x464.jpg 696w, https:\/\/infonewss.com\/wp-content\/uploads\/2024\/03\/Vera-Mendes-estreia-com-vitoria-no-Campeonato-Regional-de-Bela-Vista-do-Piaui-IMG_8049.jpg 900w\" data-src=\"https:\/\/infonewss.com\/wp-content\/uploads\/2024\/03\/Vera-Mendes-estreia-com-vitoria-no-Campeonato-Regional-de-Bela-Vista-do-Piaui-IMG_8049-300x200.jpg\" data-sizes=\"(max-width: 300px) 100vw, 300px\" \/><\/a><\/div>\n<\/figure>\n<figure class=\"gallery-item\">\n<div class=\"gallery-icon landscape\"><a href=\"https:\/\/infonewss.com\/wp-content\/uploads\/2024\/03\/Vera-Mendes-estreia-com-vitoria-no-Campeonato-Regional-de-Bela-Vista-do-Piaui-IMG_8052.jpg\"><img loading=\"lazy\" decoding=\"async\" class=\"attachment-medium size-medium lazyloaded\" src=\"https:\/\/infonewss.com\/wp-content\/uploads\/2024\/03\/Vera-Mendes-estreia-com-vitoria-no-Campeonato-Regional-de-Bela-Vista-do-Piaui-IMG_8052-300x200.jpg\" sizes=\"(max-width: 300px) 100vw, 300px\" srcset=\"https:\/\/infonewss.com\/wp-content\/uploads\/2024\/03\/Vera-Mendes-estreia-com-vitoria-no-Campeonato-Regional-de-Bela-Vista-do-Piaui-IMG_8052-300x200.jpg 300w, https:\/\/infonewss.com\/wp-content\/uploads\/2024\/03\/Vera-Mendes-estreia-com-vitoria-no-Campeonato-Regional-de-Bela-Vista-do-Piaui-IMG_8052-768x512.jpg 768w, https:\/\/infonewss.com\/wp-content\/uploads\/2024\/03\/Vera-Mendes-estreia-com-vitoria-no-Campeonato-Regional-de-Bela-Vista-do-Piaui-IMG_8052-150x100.jpg 150w, https:\/\/infonewss.com\/wp-content\/uploads\/2024\/03\/Vera-Mendes-estreia-com-vitoria-no-Campeonato-Regional-de-Bela-Vista-do-Piaui-IMG_8052-696x464.jpg 696w, https:\/\/infonewss.com\/wp-content\/uploads\/2024\/03\/Vera-Mendes-estreia-com-vitoria-no-Campeonato-Regional-de-Bela-Vista-do-Piaui-IMG_8052.jpg 900w\" alt=\"\" width=\"300\" height=\"200\" data-srcset=\"https:\/\/infonewss.com\/wp-content\/uploads\/2024\/03\/Vera-Mendes-estreia-com-vitoria-no-Campeonato-Regional-de-Bela-Vista-do-Piaui-IMG_8052-300x200.jpg 300w, https:\/\/infonewss.com\/wp-content\/uploads\/2024\/03\/Vera-Mendes-estreia-com-vitoria-no-Campeonato-Regional-de-Bela-Vista-do-Piaui-IMG_8052-768x512.jpg 768w, https:\/\/infonewss.com\/wp-content\/uploads\/2024\/03\/Vera-Mendes-estreia-com-vitoria-no-Campeonato-Regional-de-Bela-Vista-do-Piaui-IMG_8052-150x100.jpg 150w, https:\/\/infonewss.com\/wp-content\/uploads\/2024\/03\/Vera-Mendes-estreia-com-vitoria-no-Campeonato-Regional-de-Bela-Vista-do-Piaui-IMG_8052-696x464.jpg 696w, https:\/\/infonewss.com\/wp-content\/uploads\/2024\/03\/Vera-Mendes-estreia-com-vitoria-no-Campeonato-Regional-de-Bela-Vista-do-Piaui-IMG_8052.jpg 900w\" data-src=\"https:\/\/infonewss.com\/wp-content\/uploads\/2024\/03\/Vera-Mendes-estreia-com-vitoria-no-Campeonato-Regional-de-Bela-Vista-do-Piaui-IMG_8052-300x200.jpg\" data-sizes=\"(max-width: 300px) 100vw, 300px\" \/><\/a><\/div>\n<\/figure>\n<figure class=\"gallery-item\">\n<div class=\"gallery-icon portrait\"><a href=\"https:\/\/infonewss.com\/wp-content\/uploads\/2024\/03\/Vera-Mendes-estreia-com-vitoria-no-Campeonato-Regional-de-Bela-Vista-do-Piaui-IMG_8053.jpg\"><img loading=\"lazy\" decoding=\"async\" class=\"attachment-medium size-medium lazyloaded\" src=\"https:\/\/infonewss.com\/wp-content\/uploads\/2024\/03\/Vera-Mendes-estreia-com-vitoria-no-Campeonato-Regional-de-Bela-Vista-do-Piaui-IMG_8053-200x300.jpg\" sizes=\"(max-width: 200px) 100vw, 200px\" srcset=\"https:\/\/infonewss.com\/wp-content\/uploads\/2024\/03\/Vera-Mendes-estreia-com-vitoria-no-Campeonato-Regional-de-Bela-Vista-do-Piaui-IMG_8053-200x300.jpg 200w, https:\/\/infonewss.com\/wp-content\/uploads\/2024\/03\/Vera-Mendes-estreia-com-vitoria-no-Campeonato-Regional-de-Bela-Vista-do-Piaui-IMG_8053-683x1024.jpg 683w, https:\/\/infonewss.com\/wp-content\/uploads\/2024\/03\/Vera-Mendes-estreia-com-vitoria-no-Campeonato-Regional-de-Bela-Vista-do-Piaui-IMG_8053-768x1152.jpg 768w, https:\/\/infonewss.com\/wp-content\/uploads\/2024\/03\/Vera-Mendes-estreia-com-vitoria-no-Campeonato-Regional-de-Bela-Vista-do-Piaui-IMG_8053-150x225.jpg 150w, https:\/\/infonewss.com\/wp-content\/uploads\/2024\/03\/Vera-Mendes-estreia-com-vitoria-no-Campeonato-Regional-de-Bela-Vista-do-Piaui-IMG_8053-300x450.jpg 300w, https:\/\/infonewss.com\/wp-content\/uploads\/2024\/03\/Vera-Mendes-estreia-com-vitoria-no-Campeonato-Regional-de-Bela-Vista-do-Piaui-IMG_8053-696x1044.jpg 696w, https:\/\/infonewss.com\/wp-content\/uploads\/2024\/03\/Vera-Mendes-estreia-com-vitoria-no-Campeonato-Regional-de-Bela-Vista-do-Piaui-IMG_8053.jpg 900w\" alt=\"\" width=\"200\" height=\"300\" data-srcset=\"https:\/\/infonewss.com\/wp-content\/uploads\/2024\/03\/Vera-Mendes-estreia-com-vitoria-no-Campeonato-Regional-de-Bela-Vista-do-Piaui-IMG_8053-200x300.jpg 200w, https:\/\/infonewss.com\/wp-content\/uploads\/2024\/03\/Vera-Mendes-estreia-com-vitoria-no-Campeonato-Regional-de-Bela-Vista-do-Piaui-IMG_8053-683x1024.jpg 683w, https:\/\/infonewss.com\/wp-content\/uploads\/2024\/03\/Vera-Mendes-estreia-com-vitoria-no-Campeonato-Regional-de-Bela-Vista-do-Piaui-IMG_8053-768x1152.jpg 768w, https:\/\/infonewss.com\/wp-content\/uploads\/2024\/03\/Vera-Mendes-estreia-com-vitoria-no-Campeonato-Regional-de-Bela-Vista-do-Piaui-IMG_8053-150x225.jpg 150w, https:\/\/infonewss.com\/wp-content\/uploads\/2024\/03\/Vera-Mendes-estreia-com-vitoria-no-Campeonato-Regional-de-Bela-Vista-do-Piaui-IMG_8053-300x450.jpg 300w, https:\/\/infonewss.com\/wp-content\/uploads\/2024\/03\/Vera-Mendes-estreia-com-vitoria-no-Campeonato-Regional-de-Bela-Vista-do-Piaui-IMG_8053-696x1044.jpg 696w, https:\/\/infonewss.com\/wp-content\/uploads\/2024\/03\/Vera-Mendes-estreia-com-vitoria-no-Campeonato-Regional-de-Bela-Vista-do-Piaui-IMG_8053.jpg 900w\" data-src=\"https:\/\/infonewss.com\/wp-content\/uploads\/2024\/03\/Vera-Mendes-estreia-com-vitoria-no-Campeonato-Regional-de-Bela-Vista-do-Piaui-IMG_8053-200x300.jpg\" data-sizes=\"(max-width: 200px) 100vw, 200px\" \/><\/a><\/div>\n<\/figure>\n<figure class=\"gallery-item\">\n<div class=\"gallery-icon portrait\"><a href=\"https:\/\/infonewss.com\/wp-content\/uploads\/2024\/03\/Vera-Mendes-estreia-com-vitoria-no-Campeonato-Regional-de-Bela-Vista-do-Piaui-IMG_8055.jpg\"><img loading=\"lazy\" decoding=\"async\" class=\"attachment-medium size-medium lazyloaded\" src=\"https:\/\/infonewss.com\/wp-content\/uploads\/2024\/03\/Vera-Mendes-estreia-com-vitoria-no-Campeonato-Regional-de-Bela-Vista-do-Piaui-IMG_8055-200x300.jpg\" sizes=\"(max-width: 200px) 100vw, 200px\" srcset=\"https:\/\/infonewss.com\/wp-content\/uploads\/2024\/03\/Vera-Mendes-estreia-com-vitoria-no-Campeonato-Regional-de-Bela-Vista-do-Piaui-IMG_8055-200x300.jpg 200w, https:\/\/infonewss.com\/wp-content\/uploads\/2024\/03\/Vera-Mendes-estreia-com-vitoria-no-Campeonato-Regional-de-Bela-Vista-do-Piaui-IMG_8055-683x1024.jpg 683w, https:\/\/infonewss.com\/wp-content\/uploads\/2024\/03\/Vera-Mendes-estreia-com-vitoria-no-Campeonato-Regional-de-Bela-Vista-do-Piaui-IMG_8055-768x1152.jpg 768w, https:\/\/infonewss.com\/wp-content\/uploads\/2024\/03\/Vera-Mendes-estreia-com-vitoria-no-Campeonato-Regional-de-Bela-Vista-do-Piaui-IMG_8055-150x225.jpg 150w, https:\/\/infonewss.com\/wp-content\/uploads\/2024\/03\/Vera-Mendes-estreia-com-vitoria-no-Campeonato-Regional-de-Bela-Vista-do-Piaui-IMG_8055-300x450.jpg 300w, https:\/\/infonewss.com\/wp-content\/uploads\/2024\/03\/Vera-Mendes-estreia-com-vitoria-no-Campeonato-Regional-de-Bela-Vista-do-Piaui-IMG_8055-696x1044.jpg 696w, https:\/\/infonewss.com\/wp-content\/uploads\/2024\/03\/Vera-Mendes-estreia-com-vitoria-no-Campeonato-Regional-de-Bela-Vista-do-Piaui-IMG_8055.jpg 900w\" alt=\"\" width=\"200\" height=\"300\" data-srcset=\"https:\/\/infonewss.com\/wp-content\/uploads\/2024\/03\/Vera-Mendes-estreia-com-vitoria-no-Campeonato-Regional-de-Bela-Vista-do-Piaui-IMG_8055-200x300.jpg 200w, https:\/\/infonewss.com\/wp-content\/uploads\/2024\/03\/Vera-Mendes-estreia-com-vitoria-no-Campeonato-Regional-de-Bela-Vista-do-Piaui-IMG_8055-683x1024.jpg 683w, https:\/\/infonewss.com\/wp-content\/uploads\/2024\/03\/Vera-Mendes-estreia-com-vitoria-no-Campeonato-Regional-de-Bela-Vista-do-Piaui-IMG_8055-768x1152.jpg 768w, https:\/\/infonewss.com\/wp-content\/uploads\/2024\/03\/Vera-Mendes-estreia-com-vitoria-no-Campeonato-Regional-de-Bela-Vista-do-Piaui-IMG_8055-150x225.jpg 150w, https:\/\/infonewss.com\/wp-content\/uploads\/2024\/03\/Vera-Mendes-estreia-com-vitoria-no-Campeonato-Regional-de-Bela-Vista-do-Piaui-IMG_8055-300x450.jpg 300w, https:\/\/infonewss.com\/wp-content\/uploads\/2024\/03\/Vera-Mendes-estreia-com-vitoria-no-Campeonato-Regional-de-Bela-Vista-do-Piaui-IMG_8055-696x1044.jpg 696w, https:\/\/infonewss.com\/wp-content\/uploads\/2024\/03\/Vera-Mendes-estreia-com-vitoria-no-Campeonato-Regional-de-Bela-Vista-do-Piaui-IMG_8055.jpg 900w\" data-src=\"https:\/\/infonewss.com\/wp-content\/uploads\/2024\/03\/Vera-Mendes-estreia-com-vitoria-no-Campeonato-Regional-de-Bela-Vista-do-Piaui-IMG_8055-200x300.jpg\" data-sizes=\"(max-width: 200px) 100vw, 200px\" \/><\/a><\/div>\n<\/figure>\n<figure class=\"gallery-item\">\n<div class=\"gallery-icon landscape\"><a href=\"https:\/\/infonewss.com\/wp-content\/uploads\/2024\/03\/Vera-Mendes-estreia-com-vitoria-no-Campeonato-Regional-de-Bela-Vista-do-Piaui-IMG_8056.jpg\"><img loading=\"lazy\" decoding=\"async\" class=\"attachment-medium size-medium lazyloaded\" src=\"https:\/\/infonewss.com\/wp-content\/uploads\/2024\/03\/Vera-Mendes-estreia-com-vitoria-no-Campeonato-Regional-de-Bela-Vista-do-Piaui-IMG_8056-300x200.jpg\" sizes=\"(max-width: 300px) 100vw, 300px\" srcset=\"https:\/\/infonewss.com\/wp-content\/uploads\/2024\/03\/Vera-Mendes-estreia-com-vitoria-no-Campeonato-Regional-de-Bela-Vista-do-Piaui-IMG_8056-300x200.jpg 300w, https:\/\/infonewss.com\/wp-content\/uploads\/2024\/03\/Vera-Mendes-estreia-com-vitoria-no-Campeonato-Regional-de-Bela-Vista-do-Piaui-IMG_8056-768x512.jpg 768w, https:\/\/infonewss.com\/wp-content\/uploads\/2024\/03\/Vera-Mendes-estreia-com-vitoria-no-Campeonato-Regional-de-Bela-Vista-do-Piaui-IMG_8056-150x100.jpg 150w, https:\/\/infonewss.com\/wp-content\/uploads\/2024\/03\/Vera-Mendes-estreia-com-vitoria-no-Campeonato-Regional-de-Bela-Vista-do-Piaui-IMG_8056-696x464.jpg 696w, https:\/\/infonewss.com\/wp-content\/uploads\/2024\/03\/Vera-Mendes-estreia-com-vitoria-no-Campeonato-Regional-de-Bela-Vista-do-Piaui-IMG_8056.jpg 900w\" alt=\"\" width=\"300\" height=\"200\" data-srcset=\"https:\/\/infonewss.com\/wp-content\/uploads\/2024\/03\/Vera-Mendes-estreia-com-vitoria-no-Campeonato-Regional-de-Bela-Vista-do-Piaui-IMG_8056-300x200.jpg 300w, https:\/\/infonewss.com\/wp-content\/uploads\/2024\/03\/Vera-Mendes-estreia-com-vitoria-no-Campeonato-Regional-de-Bela-Vista-do-Piaui-IMG_8056-768x512.jpg 768w, https:\/\/infonewss.com\/wp-content\/uploads\/2024\/03\/Vera-Mendes-estreia-com-vitoria-no-Campeonato-Regional-de-Bela-Vista-do-Piaui-IMG_8056-150x100.jpg 150w, https:\/\/infonewss.com\/wp-content\/uploads\/2024\/03\/Vera-Mendes-estreia-com-vitoria-no-Campeonato-Regional-de-Bela-Vista-do-Piaui-IMG_8056-696x464.jpg 696w, https:\/\/infonewss.com\/wp-content\/uploads\/2024\/03\/Vera-Mendes-estreia-com-vitoria-no-Campeonato-Regional-de-Bela-Vista-do-Piaui-IMG_8056.jpg 900w\" data-src=\"https:\/\/infonewss.com\/wp-content\/uploads\/2024\/03\/Vera-Mendes-estreia-com-vitoria-no-Campeonato-Regional-de-Bela-Vista-do-Piaui-IMG_8056-300x200.jpg\" data-sizes=\"(max-width: 300px) 100vw, 300px\" \/><\/a><\/div>\n<\/figure>\n<figure class=\"gallery-item\">\n<div class=\"gallery-icon portrait\"><a href=\"https:\/\/infonewss.com\/wp-content\/uploads\/2024\/03\/Vera-Mendes-estreia-com-vitoria-no-Campeonato-Regional-de-Bela-Vista-do-Piaui-IMG_8057.jpg\"><img loading=\"lazy\" decoding=\"async\" class=\"attachment-medium size-medium lazyloaded\" src=\"https:\/\/infonewss.com\/wp-content\/uploads\/2024\/03\/Vera-Mendes-estreia-com-vitoria-no-Campeonato-Regional-de-Bela-Vista-do-Piaui-IMG_8057-200x300.jpg\" sizes=\"(max-width: 200px) 100vw, 200px\" srcset=\"https:\/\/infonewss.com\/wp-content\/uploads\/2024\/03\/Vera-Mendes-estreia-com-vitoria-no-Campeonato-Regional-de-Bela-Vista-do-Piaui-IMG_8057-200x300.jpg 200w, https:\/\/infonewss.com\/wp-content\/uploads\/2024\/03\/Vera-Mendes-estreia-com-vitoria-no-Campeonato-Regional-de-Bela-Vista-do-Piaui-IMG_8057-683x1024.jpg 683w, https:\/\/infonewss.com\/wp-content\/uploads\/2024\/03\/Vera-Mendes-estreia-com-vitoria-no-Campeonato-Regional-de-Bela-Vista-do-Piaui-IMG_8057-768x1152.jpg 768w, https:\/\/infonewss.com\/wp-content\/uploads\/2024\/03\/Vera-Mendes-estreia-com-vitoria-no-Campeonato-Regional-de-Bela-Vista-do-Piaui-IMG_8057-150x225.jpg 150w, https:\/\/infonewss.com\/wp-content\/uploads\/2024\/03\/Vera-Mendes-estreia-com-vitoria-no-Campeonato-Regional-de-Bela-Vista-do-Piaui-IMG_8057-300x450.jpg 300w, https:\/\/infonewss.com\/wp-content\/uploads\/2024\/03\/Vera-Mendes-estreia-com-vitoria-no-Campeonato-Regional-de-Bela-Vista-do-Piaui-IMG_8057-696x1044.jpg 696w, https:\/\/infonewss.com\/wp-content\/uploads\/2024\/03\/Vera-Mendes-estreia-com-vitoria-no-Campeonato-Regional-de-Bela-Vista-do-Piaui-IMG_8057.jpg 900w\" alt=\"\" width=\"200\" height=\"300\" data-srcset=\"https:\/\/infonewss.com\/wp-content\/uploads\/2024\/03\/Vera-Mendes-estreia-com-vitoria-no-Campeonato-Regional-de-Bela-Vista-do-Piaui-IMG_8057-200x300.jpg 200w, https:\/\/infonewss.com\/wp-content\/uploads\/2024\/03\/Vera-Mendes-estreia-com-vitoria-no-Campeonato-Regional-de-Bela-Vista-do-Piaui-IMG_8057-683x1024.jpg 683w, https:\/\/infonewss.com\/wp-content\/uploads\/2024\/03\/Vera-Mendes-estreia-com-vitoria-no-Campeonato-Regional-de-Bela-Vista-do-Piaui-IMG_8057-768x1152.jpg 768w, https:\/\/infonewss.com\/wp-content\/uploads\/2024\/03\/Vera-Mendes-estreia-com-vitoria-no-Campeonato-Regional-de-Bela-Vista-do-Piaui-IMG_8057-150x225.jpg 150w, https:\/\/infonewss.com\/wp-content\/uploads\/2024\/03\/Vera-Mendes-estreia-com-vitoria-no-Campeonato-Regional-de-Bela-Vista-do-Piaui-IMG_8057-300x450.jpg 300w, https:\/\/infonewss.com\/wp-content\/uploads\/2024\/03\/Vera-Mendes-estreia-com-vitoria-no-Campeonato-Regional-de-Bela-Vista-do-Piaui-IMG_8057-696x1044.jpg 696w, https:\/\/infonewss.com\/wp-content\/uploads\/2024\/03\/Vera-Mendes-estreia-com-vitoria-no-Campeonato-Regional-de-Bela-Vista-do-Piaui-IMG_8057.jpg 900w\" data-src=\"https:\/\/infonewss.com\/wp-content\/uploads\/2024\/03\/Vera-Mendes-estreia-com-vitoria-no-Campeonato-Regional-de-Bela-Vista-do-Piaui-IMG_8057-200x300.jpg\" data-sizes=\"(max-width: 200px) 100vw, 200px\" \/><\/a><\/div>\n<\/figure>\n<figure class=\"gallery-item\">\n<div class=\"gallery-icon portrait\"><a href=\"https:\/\/infonewss.com\/wp-content\/uploads\/2024\/03\/Vera-Mendes-estreia-com-vitoria-no-Campeonato-Regional-de-Bela-Vista-do-Piaui-IMG_8058.jpg\"><img loading=\"lazy\" decoding=\"async\" class=\"attachment-medium size-medium lazyloaded\" src=\"https:\/\/infonewss.com\/wp-content\/uploads\/2024\/03\/Vera-Mendes-estreia-com-vitoria-no-Campeonato-Regional-de-Bela-Vista-do-Piaui-IMG_8058-200x300.jpg\" sizes=\"(max-width: 200px) 100vw, 200px\" srcset=\"https:\/\/infonewss.com\/wp-content\/uploads\/2024\/03\/Vera-Mendes-estreia-com-vitoria-no-Campeonato-Regional-de-Bela-Vista-do-Piaui-IMG_8058-200x300.jpg 200w, https:\/\/infonewss.com\/wp-content\/uploads\/2024\/03\/Vera-Mendes-estreia-com-vitoria-no-Campeonato-Regional-de-Bela-Vista-do-Piaui-IMG_8058-683x1024.jpg 683w, https:\/\/infonewss.com\/wp-content\/uploads\/2024\/03\/Vera-Mendes-estreia-com-vitoria-no-Campeonato-Regional-de-Bela-Vista-do-Piaui-IMG_8058-768x1152.jpg 768w, https:\/\/infonewss.com\/wp-content\/uploads\/2024\/03\/Vera-Mendes-estreia-com-vitoria-no-Campeonato-Regional-de-Bela-Vista-do-Piaui-IMG_8058-150x225.jpg 150w, https:\/\/infonewss.com\/wp-content\/uploads\/2024\/03\/Vera-Mendes-estreia-com-vitoria-no-Campeonato-Regional-de-Bela-Vista-do-Piaui-IMG_8058-300x450.jpg 300w, https:\/\/infonewss.com\/wp-content\/uploads\/2024\/03\/Vera-Mendes-estreia-com-vitoria-no-Campeonato-Regional-de-Bela-Vista-do-Piaui-IMG_8058-696x1044.jpg 696w, https:\/\/infonewss.com\/wp-content\/uploads\/2024\/03\/Vera-Mendes-estreia-com-vitoria-no-Campeonato-Regional-de-Bela-Vista-do-Piaui-IMG_8058.jpg 900w\" alt=\"\" width=\"200\" height=\"300\" data-srcset=\"https:\/\/infonewss.com\/wp-content\/uploads\/2024\/03\/Vera-Mendes-estreia-com-vitoria-no-Campeonato-Regional-de-Bela-Vista-do-Piaui-IMG_8058-200x300.jpg 200w, https:\/\/infonewss.com\/wp-content\/uploads\/2024\/03\/Vera-Mendes-estreia-com-vitoria-no-Campeonato-Regional-de-Bela-Vista-do-Piaui-IMG_8058-683x1024.jpg 683w, https:\/\/infonewss.com\/wp-content\/uploads\/2024\/03\/Vera-Mendes-estreia-com-vitoria-no-Campeonato-Regional-de-Bela-Vista-do-Piaui-IMG_8058-768x1152.jpg 768w, https:\/\/infonewss.com\/wp-content\/uploads\/2024\/03\/Vera-Mendes-estreia-com-vitoria-no-Campeonato-Regional-de-Bela-Vista-do-Piaui-IMG_8058-150x225.jpg 150w, https:\/\/infonewss.com\/wp-content\/uploads\/2024\/03\/Vera-Mendes-estreia-com-vitoria-no-Campeonato-Regional-de-Bela-Vista-do-Piaui-IMG_8058-300x450.jpg 300w, https:\/\/infonewss.com\/wp-content\/uploads\/2024\/03\/Vera-Mendes-estreia-com-vitoria-no-Campeonato-Regional-de-Bela-Vista-do-Piaui-IMG_8058-696x1044.jpg 696w, https:\/\/infonewss.com\/wp-content\/uploads\/2024\/03\/Vera-Mendes-estreia-com-vitoria-no-Campeonato-Regional-de-Bela-Vista-do-Piaui-IMG_8058.jpg 900w\" data-src=\"https:\/\/infonewss.com\/wp-content\/uploads\/2024\/03\/Vera-Mendes-estreia-com-vitoria-no-Campeonato-Regional-de-Bela-Vista-do-Piaui-IMG_8058-200x300.jpg\" data-sizes=\"(max-width: 200px) 100vw, 200px\" \/><\/a><\/div>\n<\/figure>\n<figure class=\"gallery-item\">\n<div class=\"gallery-icon portrait\"><a href=\"https:\/\/infonewss.com\/wp-content\/uploads\/2024\/03\/Vera-Mendes-estreia-com-vitoria-no-Campeonato-Regional-de-Bela-Vista-do-Piaui-IMG_8060.jpg\"><img loading=\"lazy\" decoding=\"async\" class=\"attachment-medium size-medium lazyloaded\" src=\"https:\/\/infonewss.com\/wp-content\/uploads\/2024\/03\/Vera-Mendes-estreia-com-vitoria-no-Campeonato-Regional-de-Bela-Vista-do-Piaui-IMG_8060-200x300.jpg\" sizes=\"(max-width: 200px) 100vw, 200px\" srcset=\"https:\/\/infonewss.com\/wp-content\/uploads\/2024\/03\/Vera-Mendes-estreia-com-vitoria-no-Campeonato-Regional-de-Bela-Vista-do-Piaui-IMG_8060-200x300.jpg 200w, https:\/\/infonewss.com\/wp-content\/uploads\/2024\/03\/Vera-Mendes-estreia-com-vitoria-no-Campeonato-Regional-de-Bela-Vista-do-Piaui-IMG_8060-683x1024.jpg 683w, https:\/\/infonewss.com\/wp-content\/uploads\/2024\/03\/Vera-Mendes-estreia-com-vitoria-no-Campeonato-Regional-de-Bela-Vista-do-Piaui-IMG_8060-768x1152.jpg 768w, https:\/\/infonewss.com\/wp-content\/uploads\/2024\/03\/Vera-Mendes-estreia-com-vitoria-no-Campeonato-Regional-de-Bela-Vista-do-Piaui-IMG_8060-150x225.jpg 150w, https:\/\/infonewss.com\/wp-content\/uploads\/2024\/03\/Vera-Mendes-estreia-com-vitoria-no-Campeonato-Regional-de-Bela-Vista-do-Piaui-IMG_8060-300x450.jpg 300w, https:\/\/infonewss.com\/wp-content\/uploads\/2024\/03\/Vera-Mendes-estreia-com-vitoria-no-Campeonato-Regional-de-Bela-Vista-do-Piaui-IMG_8060-696x1044.jpg 696w, https:\/\/infonewss.com\/wp-content\/uploads\/2024\/03\/Vera-Mendes-estreia-com-vitoria-no-Campeonato-Regional-de-Bela-Vista-do-Piaui-IMG_8060.jpg 900w\" alt=\"\" width=\"200\" height=\"300\" data-srcset=\"https:\/\/infonewss.com\/wp-content\/uploads\/2024\/03\/Vera-Mendes-estreia-com-vitoria-no-Campeonato-Regional-de-Bela-Vista-do-Piaui-IMG_8060-200x300.jpg 200w, https:\/\/infonewss.com\/wp-content\/uploads\/2024\/03\/Vera-Mendes-estreia-com-vitoria-no-Campeonato-Regional-de-Bela-Vista-do-Piaui-IMG_8060-683x1024.jpg 683w, https:\/\/infonewss.com\/wp-content\/uploads\/2024\/03\/Vera-Mendes-estreia-com-vitoria-no-Campeonato-Regional-de-Bela-Vista-do-Piaui-IMG_8060-768x1152.jpg 768w, https:\/\/infonewss.com\/wp-content\/uploads\/2024\/03\/Vera-Mendes-estreia-com-vitoria-no-Campeonato-Regional-de-Bela-Vista-do-Piaui-IMG_8060-150x225.jpg 150w, https:\/\/infonewss.com\/wp-content\/uploads\/2024\/03\/Vera-Mendes-estreia-com-vitoria-no-Campeonato-Regional-de-Bela-Vista-do-Piaui-IMG_8060-300x450.jpg 300w, https:\/\/infonewss.com\/wp-content\/uploads\/2024\/03\/Vera-Mendes-estreia-com-vitoria-no-Campeonato-Regional-de-Bela-Vista-do-Piaui-IMG_8060-696x1044.jpg 696w, https:\/\/infonewss.com\/wp-content\/uploads\/2024\/03\/Vera-Mendes-estreia-com-vitoria-no-Campeonato-Regional-de-Bela-Vista-do-Piaui-IMG_8060.jpg 900w\" data-src=\"https:\/\/infonewss.com\/wp-content\/uploads\/2024\/03\/Vera-Mendes-estreia-com-vitoria-no-Campeonato-Regional-de-Bela-Vista-do-Piaui-IMG_8060-200x300.jpg\" data-sizes=\"(max-width: 200px) 100vw, 200px\" \/><\/a><\/div>\n<\/figure>\n<figure class=\"gallery-item\">\n<div class=\"gallery-icon portrait\"><a href=\"https:\/\/infonewss.com\/wp-content\/uploads\/2024\/03\/Vera-Mendes-estreia-com-vitoria-no-Campeonato-Regional-de-Bela-Vista-do-Piaui-IMG_8061.jpg\"><img loading=\"lazy\" decoding=\"async\" class=\"attachment-medium size-medium lazyloaded\" src=\"https:\/\/infonewss.com\/wp-content\/uploads\/2024\/03\/Vera-Mendes-estreia-com-vitoria-no-Campeonato-Regional-de-Bela-Vista-do-Piaui-IMG_8061-200x300.jpg\" sizes=\"(max-width: 200px) 100vw, 200px\" srcset=\"https:\/\/infonewss.com\/wp-content\/uploads\/2024\/03\/Vera-Mendes-estreia-com-vitoria-no-Campeonato-Regional-de-Bela-Vista-do-Piaui-IMG_8061-200x300.jpg 200w, https:\/\/infonewss.com\/wp-content\/uploads\/2024\/03\/Vera-Mendes-estreia-com-vitoria-no-Campeonato-Regional-de-Bela-Vista-do-Piaui-IMG_8061-683x1024.jpg 683w, https:\/\/infonewss.com\/wp-content\/uploads\/2024\/03\/Vera-Mendes-estreia-com-vitoria-no-Campeonato-Regional-de-Bela-Vista-do-Piaui-IMG_8061-768x1152.jpg 768w, https:\/\/infonewss.com\/wp-content\/uploads\/2024\/03\/Vera-Mendes-estreia-com-vitoria-no-Campeonato-Regional-de-Bela-Vista-do-Piaui-IMG_8061-150x225.jpg 150w, https:\/\/infonewss.com\/wp-content\/uploads\/2024\/03\/Vera-Mendes-estreia-com-vitoria-no-Campeonato-Regional-de-Bela-Vista-do-Piaui-IMG_8061-300x450.jpg 300w, https:\/\/infonewss.com\/wp-content\/uploads\/2024\/03\/Vera-Mendes-estreia-com-vitoria-no-Campeonato-Regional-de-Bela-Vista-do-Piaui-IMG_8061-696x1044.jpg 696w, https:\/\/infonewss.com\/wp-content\/uploads\/2024\/03\/Vera-Mendes-estreia-com-vitoria-no-Campeonato-Regional-de-Bela-Vista-do-Piaui-IMG_8061.jpg 900w\" alt=\"\" width=\"200\" height=\"300\" data-srcset=\"https:\/\/infonewss.com\/wp-content\/uploads\/2024\/03\/Vera-Mendes-estreia-com-vitoria-no-Campeonato-Regional-de-Bela-Vista-do-Piaui-IMG_8061-200x300.jpg 200w, https:\/\/infonewss.com\/wp-content\/uploads\/2024\/03\/Vera-Mendes-estreia-com-vitoria-no-Campeonato-Regional-de-Bela-Vista-do-Piaui-IMG_8061-683x1024.jpg 683w, https:\/\/infonewss.com\/wp-content\/uploads\/2024\/03\/Vera-Mendes-estreia-com-vitoria-no-Campeonato-Regional-de-Bela-Vista-do-Piaui-IMG_8061-768x1152.jpg 768w, https:\/\/infonewss.com\/wp-content\/uploads\/2024\/03\/Vera-Mendes-estreia-com-vitoria-no-Campeonato-Regional-de-Bela-Vista-do-Piaui-IMG_8061-150x225.jpg 150w, https:\/\/infonewss.com\/wp-content\/uploads\/2024\/03\/Vera-Mendes-estreia-com-vitoria-no-Campeonato-Regional-de-Bela-Vista-do-Piaui-IMG_8061-300x450.jpg 300w, https:\/\/infonewss.com\/wp-content\/uploads\/2024\/03\/Vera-Mendes-estreia-com-vitoria-no-Campeonato-Regional-de-Bela-Vista-do-Piaui-IMG_8061-696x1044.jpg 696w, https:\/\/infonewss.com\/wp-content\/uploads\/2024\/03\/Vera-Mendes-estreia-com-vitoria-no-Campeonato-Regional-de-Bela-Vista-do-Piaui-IMG_8061.jpg 900w\" data-src=\"https:\/\/infonewss.com\/wp-content\/uploads\/2024\/03\/Vera-Mendes-estreia-com-vitoria-no-Campeonato-Regional-de-Bela-Vista-do-Piaui-IMG_8061-200x300.jpg\" data-sizes=\"(max-width: 200px) 100vw, 200px\" \/><\/a><\/div>\n<\/figure>\n<figure class=\"gallery-item\">\n<div class=\"gallery-icon portrait\"><a href=\"https:\/\/infonewss.com\/wp-content\/uploads\/2024\/03\/Vera-Mendes-estreia-com-vitoria-no-Campeonato-Regional-de-Bela-Vista-do-Piaui-IMG_8063.jpg\"><img loading=\"lazy\" decoding=\"async\" class=\"attachment-medium size-medium lazyloaded\" src=\"https:\/\/infonewss.com\/wp-content\/uploads\/2024\/03\/Vera-Mendes-estreia-com-vitoria-no-Campeonato-Regional-de-Bela-Vista-do-Piaui-IMG_8063-200x300.jpg\" sizes=\"(max-width: 200px) 100vw, 200px\" srcset=\"https:\/\/infonewss.com\/wp-content\/uploads\/2024\/03\/Vera-Mendes-estreia-com-vitoria-no-Campeonato-Regional-de-Bela-Vista-do-Piaui-IMG_8063-200x300.jpg 200w, https:\/\/infonewss.com\/wp-content\/uploads\/2024\/03\/Vera-Mendes-estreia-com-vitoria-no-Campeonato-Regional-de-Bela-Vista-do-Piaui-IMG_8063-683x1024.jpg 683w, https:\/\/infonewss.com\/wp-content\/uploads\/2024\/03\/Vera-Mendes-estreia-com-vitoria-no-Campeonato-Regional-de-Bela-Vista-do-Piaui-IMG_8063-768x1152.jpg 768w, https:\/\/infonewss.com\/wp-content\/uploads\/2024\/03\/Vera-Mendes-estreia-com-vitoria-no-Campeonato-Regional-de-Bela-Vista-do-Piaui-IMG_8063-150x225.jpg 150w, https:\/\/infonewss.com\/wp-content\/uploads\/2024\/03\/Vera-Mendes-estreia-com-vitoria-no-Campeonato-Regional-de-Bela-Vista-do-Piaui-IMG_8063-300x450.jpg 300w, https:\/\/infonewss.com\/wp-content\/uploads\/2024\/03\/Vera-Mendes-estreia-com-vitoria-no-Campeonato-Regional-de-Bela-Vista-do-Piaui-IMG_8063-696x1044.jpg 696w, https:\/\/infonewss.com\/wp-content\/uploads\/2024\/03\/Vera-Mendes-estreia-com-vitoria-no-Campeonato-Regional-de-Bela-Vista-do-Piaui-IMG_8063.jpg 900w\" alt=\"\" width=\"200\" height=\"300\" data-srcset=\"https:\/\/infonewss.com\/wp-content\/uploads\/2024\/03\/Vera-Mendes-estreia-com-vitoria-no-Campeonato-Regional-de-Bela-Vista-do-Piaui-IMG_8063-200x300.jpg 200w, https:\/\/infonewss.com\/wp-content\/uploads\/2024\/03\/Vera-Mendes-estreia-com-vitoria-no-Campeonato-Regional-de-Bela-Vista-do-Piaui-IMG_8063-683x1024.jpg 683w, https:\/\/infonewss.com\/wp-content\/uploads\/2024\/03\/Vera-Mendes-estreia-com-vitoria-no-Campeonato-Regional-de-Bela-Vista-do-Piaui-IMG_8063-768x1152.jpg 768w, https:\/\/infonewss.com\/wp-content\/uploads\/2024\/03\/Vera-Mendes-estreia-com-vitoria-no-Campeonato-Regional-de-Bela-Vista-do-Piaui-IMG_8063-150x225.jpg 150w, https:\/\/infonewss.com\/wp-content\/uploads\/2024\/03\/Vera-Mendes-estreia-com-vitoria-no-Campeonato-Regional-de-Bela-Vista-do-Piaui-IMG_8063-300x450.jpg 300w, https:\/\/infonewss.com\/wp-content\/uploads\/2024\/03\/Vera-Mendes-estreia-com-vitoria-no-Campeonato-Regional-de-Bela-Vista-do-Piaui-IMG_8063-696x1044.jpg 696w, https:\/\/infonewss.com\/wp-content\/uploads\/2024\/03\/Vera-Mendes-estreia-com-vitoria-no-Campeonato-Regional-de-Bela-Vista-do-Piaui-IMG_8063.jpg 900w\" data-src=\"https:\/\/infonewss.com\/wp-content\/uploads\/2024\/03\/Vera-Mendes-estreia-com-vitoria-no-Campeonato-Regional-de-Bela-Vista-do-Piaui-IMG_8063-200x300.jpg\" data-sizes=\"(max-width: 200px) 100vw, 200px\" \/><\/a><\/div>\n<\/figure>\n<figure class=\"gallery-item\">\n<div class=\"gallery-icon portrait\"><a href=\"https:\/\/infonewss.com\/wp-content\/uploads\/2024\/03\/Vera-Mendes-estreia-com-vitoria-no-Campeonato-Regional-de-Bela-Vista-do-Piaui-IMG_8065.jpg\"><img loading=\"lazy\" decoding=\"async\" class=\"attachment-medium size-medium lazyloaded\" src=\"https:\/\/infonewss.com\/wp-content\/uploads\/2024\/03\/Vera-Mendes-estreia-com-vitoria-no-Campeonato-Regional-de-Bela-Vista-do-Piaui-IMG_8065-200x300.jpg\" sizes=\"(max-width: 200px) 100vw, 200px\" srcset=\"https:\/\/infonewss.com\/wp-content\/uploads\/2024\/03\/Vera-Mendes-estreia-com-vitoria-no-Campeonato-Regional-de-Bela-Vista-do-Piaui-IMG_8065-200x300.jpg 200w, https:\/\/infonewss.com\/wp-content\/uploads\/2024\/03\/Vera-Mendes-estreia-com-vitoria-no-Campeonato-Regional-de-Bela-Vista-do-Piaui-IMG_8065-683x1024.jpg 683w, https:\/\/infonewss.com\/wp-content\/uploads\/2024\/03\/Vera-Mendes-estreia-com-vitoria-no-Campeonato-Regional-de-Bela-Vista-do-Piaui-IMG_8065-768x1152.jpg 768w, https:\/\/infonewss.com\/wp-content\/uploads\/2024\/03\/Vera-Mendes-estreia-com-vitoria-no-Campeonato-Regional-de-Bela-Vista-do-Piaui-IMG_8065-150x225.jpg 150w, https:\/\/infonewss.com\/wp-content\/uploads\/2024\/03\/Vera-Mendes-estreia-com-vitoria-no-Campeonato-Regional-de-Bela-Vista-do-Piaui-IMG_8065-300x450.jpg 300w, https:\/\/infonewss.com\/wp-content\/uploads\/2024\/03\/Vera-Mendes-estreia-com-vitoria-no-Campeonato-Regional-de-Bela-Vista-do-Piaui-IMG_8065-696x1044.jpg 696w, https:\/\/infonewss.com\/wp-content\/uploads\/2024\/03\/Vera-Mendes-estreia-com-vitoria-no-Campeonato-Regional-de-Bela-Vista-do-Piaui-IMG_8065.jpg 900w\" alt=\"\" width=\"200\" height=\"300\" data-srcset=\"https:\/\/infonewss.com\/wp-content\/uploads\/2024\/03\/Vera-Mendes-estreia-com-vitoria-no-Campeonato-Regional-de-Bela-Vista-do-Piaui-IMG_8065-200x300.jpg 200w, https:\/\/infonewss.com\/wp-content\/uploads\/2024\/03\/Vera-Mendes-estreia-com-vitoria-no-Campeonato-Regional-de-Bela-Vista-do-Piaui-IMG_8065-683x1024.jpg 683w, https:\/\/infonewss.com\/wp-content\/uploads\/2024\/03\/Vera-Mendes-estreia-com-vitoria-no-Campeonato-Regional-de-Bela-Vista-do-Piaui-IMG_8065-768x1152.jpg 768w, https:\/\/infonewss.com\/wp-content\/uploads\/2024\/03\/Vera-Mendes-estreia-com-vitoria-no-Campeonato-Regional-de-Bela-Vista-do-Piaui-IMG_8065-150x225.jpg 150w, https:\/\/infonewss.com\/wp-content\/uploads\/2024\/03\/Vera-Mendes-estreia-com-vitoria-no-Campeonato-Regional-de-Bela-Vista-do-Piaui-IMG_8065-300x450.jpg 300w, https:\/\/infonewss.com\/wp-content\/uploads\/2024\/03\/Vera-Mendes-estreia-com-vitoria-no-Campeonato-Regional-de-Bela-Vista-do-Piaui-IMG_8065-696x1044.jpg 696w, https:\/\/infonewss.com\/wp-content\/uploads\/2024\/03\/Vera-Mendes-estreia-com-vitoria-no-Campeonato-Regional-de-Bela-Vista-do-Piaui-IMG_8065.jpg 900w\" data-src=\"https:\/\/infonewss.com\/wp-content\/uploads\/2024\/03\/Vera-Mendes-estreia-com-vitoria-no-Campeonato-Regional-de-Bela-Vista-do-Piaui-IMG_8065-200x300.jpg\" data-sizes=\"(max-width: 200px) 100vw, 200px\" \/><\/a><\/div>\n<\/figure>\n<figure class=\"gallery-item\">\n<div class=\"gallery-icon portrait\"><a href=\"https:\/\/infonewss.com\/wp-content\/uploads\/2024\/03\/Vera-Mendes-estreia-com-vitoria-no-Campeonato-Regional-de-Bela-Vista-do-Piaui-IMG_8070.jpg\"><img loading=\"lazy\" decoding=\"async\" class=\"attachment-medium size-medium lazyloaded\" src=\"https:\/\/infonewss.com\/wp-content\/uploads\/2024\/03\/Vera-Mendes-estreia-com-vitoria-no-Campeonato-Regional-de-Bela-Vista-do-Piaui-IMG_8070-200x300.jpg\" sizes=\"(max-width: 200px) 100vw, 200px\" srcset=\"https:\/\/infonewss.com\/wp-content\/uploads\/2024\/03\/Vera-Mendes-estreia-com-vitoria-no-Campeonato-Regional-de-Bela-Vista-do-Piaui-IMG_8070-200x300.jpg 200w, https:\/\/infonewss.com\/wp-content\/uploads\/2024\/03\/Vera-Mendes-estreia-com-vitoria-no-Campeonato-Regional-de-Bela-Vista-do-Piaui-IMG_8070-683x1024.jpg 683w, https:\/\/infonewss.com\/wp-content\/uploads\/2024\/03\/Vera-Mendes-estreia-com-vitoria-no-Campeonato-Regional-de-Bela-Vista-do-Piaui-IMG_8070-768x1152.jpg 768w, https:\/\/infonewss.com\/wp-content\/uploads\/2024\/03\/Vera-Mendes-estreia-com-vitoria-no-Campeonato-Regional-de-Bela-Vista-do-Piaui-IMG_8070-150x225.jpg 150w, https:\/\/infonewss.com\/wp-content\/uploads\/2024\/03\/Vera-Mendes-estreia-com-vitoria-no-Campeonato-Regional-de-Bela-Vista-do-Piaui-IMG_8070-300x450.jpg 300w, https:\/\/infonewss.com\/wp-content\/uploads\/2024\/03\/Vera-Mendes-estreia-com-vitoria-no-Campeonato-Regional-de-Bela-Vista-do-Piaui-IMG_8070-696x1044.jpg 696w, https:\/\/infonewss.com\/wp-content\/uploads\/2024\/03\/Vera-Mendes-estreia-com-vitoria-no-Campeonato-Regional-de-Bela-Vista-do-Piaui-IMG_8070.jpg 900w\" alt=\"\" width=\"200\" height=\"300\" data-srcset=\"https:\/\/infonewss.com\/wp-content\/uploads\/2024\/03\/Vera-Mendes-estreia-com-vitoria-no-Campeonato-Regional-de-Bela-Vista-do-Piaui-IMG_8070-200x300.jpg 200w, https:\/\/infonewss.com\/wp-content\/uploads\/2024\/03\/Vera-Mendes-estreia-com-vitoria-no-Campeonato-Regional-de-Bela-Vista-do-Piaui-IMG_8070-683x1024.jpg 683w, https:\/\/infonewss.com\/wp-content\/uploads\/2024\/03\/Vera-Mendes-estreia-com-vitoria-no-Campeonato-Regional-de-Bela-Vista-do-Piaui-IMG_8070-768x1152.jpg 768w, https:\/\/infonewss.com\/wp-content\/uploads\/2024\/03\/Vera-Mendes-estreia-com-vitoria-no-Campeonato-Regional-de-Bela-Vista-do-Piaui-IMG_8070-150x225.jpg 150w, https:\/\/infonewss.com\/wp-content\/uploads\/2024\/03\/Vera-Mendes-estreia-com-vitoria-no-Campeonato-Regional-de-Bela-Vista-do-Piaui-IMG_8070-300x450.jpg 300w, https:\/\/infonewss.com\/wp-content\/uploads\/2024\/03\/Vera-Mendes-estreia-com-vitoria-no-Campeonato-Regional-de-Bela-Vista-do-Piaui-IMG_8070-696x1044.jpg 696w, https:\/\/infonewss.com\/wp-content\/uploads\/2024\/03\/Vera-Mendes-estreia-com-vitoria-no-Campeonato-Regional-de-Bela-Vista-do-Piaui-IMG_8070.jpg 900w\" data-src=\"https:\/\/infonewss.com\/wp-content\/uploads\/2024\/03\/Vera-Mendes-estreia-com-vitoria-no-Campeonato-Regional-de-Bela-Vista-do-Piaui-IMG_8070-200x300.jpg\" data-sizes=\"(max-width: 200px) 100vw, 200px\" \/><\/a><\/div>\n<\/figure>\n<figure class=\"gallery-item\">\n<div class=\"gallery-icon portrait\"><a href=\"https:\/\/infonewss.com\/wp-content\/uploads\/2024\/03\/Vera-Mendes-estreia-com-vitoria-no-Campeonato-Regional-de-Bela-Vista-do-Piaui-IMG_8072.jpg\"><img loading=\"lazy\" decoding=\"async\" class=\"attachment-medium size-medium lazyloaded\" src=\"https:\/\/infonewss.com\/wp-content\/uploads\/2024\/03\/Vera-Mendes-estreia-com-vitoria-no-Campeonato-Regional-de-Bela-Vista-do-Piaui-IMG_8072-200x300.jpg\" sizes=\"(max-width: 200px) 100vw, 200px\" srcset=\"https:\/\/infonewss.com\/wp-content\/uploads\/2024\/03\/Vera-Mendes-estreia-com-vitoria-no-Campeonato-Regional-de-Bela-Vista-do-Piaui-IMG_8072-200x300.jpg 200w, https:\/\/infonewss.com\/wp-content\/uploads\/2024\/03\/Vera-Mendes-estreia-com-vitoria-no-Campeonato-Regional-de-Bela-Vista-do-Piaui-IMG_8072-683x1024.jpg 683w, https:\/\/infonewss.com\/wp-content\/uploads\/2024\/03\/Vera-Mendes-estreia-com-vitoria-no-Campeonato-Regional-de-Bela-Vista-do-Piaui-IMG_8072-768x1152.jpg 768w, https:\/\/infonewss.com\/wp-content\/uploads\/2024\/03\/Vera-Mendes-estreia-com-vitoria-no-Campeonato-Regional-de-Bela-Vista-do-Piaui-IMG_8072-150x225.jpg 150w, https:\/\/infonewss.com\/wp-content\/uploads\/2024\/03\/Vera-Mendes-estreia-com-vitoria-no-Campeonato-Regional-de-Bela-Vista-do-Piaui-IMG_8072-300x450.jpg 300w, https:\/\/infonewss.com\/wp-content\/uploads\/2024\/03\/Vera-Mendes-estreia-com-vitoria-no-Campeonato-Regional-de-Bela-Vista-do-Piaui-IMG_8072-696x1044.jpg 696w, https:\/\/infonewss.com\/wp-content\/uploads\/2024\/03\/Vera-Mendes-estreia-com-vitoria-no-Campeonato-Regional-de-Bela-Vista-do-Piaui-IMG_8072.jpg 900w\" alt=\"\" width=\"200\" height=\"300\" data-srcset=\"https:\/\/infonewss.com\/wp-content\/uploads\/2024\/03\/Vera-Mendes-estreia-com-vitoria-no-Campeonato-Regional-de-Bela-Vista-do-Piaui-IMG_8072-200x300.jpg 200w, https:\/\/infonewss.com\/wp-content\/uploads\/2024\/03\/Vera-Mendes-estreia-com-vitoria-no-Campeonato-Regional-de-Bela-Vista-do-Piaui-IMG_8072-683x1024.jpg 683w, https:\/\/infonewss.com\/wp-content\/uploads\/2024\/03\/Vera-Mendes-estreia-com-vitoria-no-Campeonato-Regional-de-Bela-Vista-do-Piaui-IMG_8072-768x1152.jpg 768w, https:\/\/infonewss.com\/wp-content\/uploads\/2024\/03\/Vera-Mendes-estreia-com-vitoria-no-Campeonato-Regional-de-Bela-Vista-do-Piaui-IMG_8072-150x225.jpg 150w, https:\/\/infonewss.com\/wp-content\/uploads\/2024\/03\/Vera-Mendes-estreia-com-vitoria-no-Campeonato-Regional-de-Bela-Vista-do-Piaui-IMG_8072-300x450.jpg 300w, https:\/\/infonewss.com\/wp-content\/uploads\/2024\/03\/Vera-Mendes-estreia-com-vitoria-no-Campeonato-Regional-de-Bela-Vista-do-Piaui-IMG_8072-696x1044.jpg 696w, https:\/\/infonewss.com\/wp-content\/uploads\/2024\/03\/Vera-Mendes-estreia-com-vitoria-no-Campeonato-Regional-de-Bela-Vista-do-Piaui-IMG_8072.jpg 900w\" data-src=\"https:\/\/infonewss.com\/wp-content\/uploads\/2024\/03\/Vera-Mendes-estreia-com-vitoria-no-Campeonato-Regional-de-Bela-Vista-do-Piaui-IMG_8072-200x300.jpg\" data-sizes=\"(max-width: 200px) 100vw, 200px\" \/><\/a><\/div>\n<\/figure>\n<figure class=\"gallery-item\">\n<div class=\"gallery-icon portrait\"><a href=\"https:\/\/infonewss.com\/wp-content\/uploads\/2024\/03\/Vera-Mendes-estreia-com-vitoria-no-Campeonato-Regional-de-Bela-Vista-do-Piaui-IMG_8077.jpg\"><img loading=\"lazy\" decoding=\"async\" class=\"attachment-medium size-medium lazyloaded\" src=\"https:\/\/infonewss.com\/wp-content\/uploads\/2024\/03\/Vera-Mendes-estreia-com-vitoria-no-Campeonato-Regional-de-Bela-Vista-do-Piaui-IMG_8077-200x300.jpg\" sizes=\"(max-width: 200px) 100vw, 200px\" srcset=\"https:\/\/infonewss.com\/wp-content\/uploads\/2024\/03\/Vera-Mendes-estreia-com-vitoria-no-Campeonato-Regional-de-Bela-Vista-do-Piaui-IMG_8077-200x300.jpg 200w, https:\/\/infonewss.com\/wp-content\/uploads\/2024\/03\/Vera-Mendes-estreia-com-vitoria-no-Campeonato-Regional-de-Bela-Vista-do-Piaui-IMG_8077-683x1024.jpg 683w, https:\/\/infonewss.com\/wp-content\/uploads\/2024\/03\/Vera-Mendes-estreia-com-vitoria-no-Campeonato-Regional-de-Bela-Vista-do-Piaui-IMG_8077-768x1152.jpg 768w, https:\/\/infonewss.com\/wp-content\/uploads\/2024\/03\/Vera-Mendes-estreia-com-vitoria-no-Campeonato-Regional-de-Bela-Vista-do-Piaui-IMG_8077-150x225.jpg 150w, https:\/\/infonewss.com\/wp-content\/uploads\/2024\/03\/Vera-Mendes-estreia-com-vitoria-no-Campeonato-Regional-de-Bela-Vista-do-Piaui-IMG_8077-300x450.jpg 300w, https:\/\/infonewss.com\/wp-content\/uploads\/2024\/03\/Vera-Mendes-estreia-com-vitoria-no-Campeonato-Regional-de-Bela-Vista-do-Piaui-IMG_8077-696x1044.jpg 696w, https:\/\/infonewss.com\/wp-content\/uploads\/2024\/03\/Vera-Mendes-estreia-com-vitoria-no-Campeonato-Regional-de-Bela-Vista-do-Piaui-IMG_8077.jpg 900w\" alt=\"\" width=\"200\" height=\"300\" data-srcset=\"https:\/\/infonewss.com\/wp-content\/uploads\/2024\/03\/Vera-Mendes-estreia-com-vitoria-no-Campeonato-Regional-de-Bela-Vista-do-Piaui-IMG_8077-200x300.jpg 200w, https:\/\/infonewss.com\/wp-content\/uploads\/2024\/03\/Vera-Mendes-estreia-com-vitoria-no-Campeonato-Regional-de-Bela-Vista-do-Piaui-IMG_8077-683x1024.jpg 683w, https:\/\/infonewss.com\/wp-content\/uploads\/2024\/03\/Vera-Mendes-estreia-com-vitoria-no-Campeonato-Regional-de-Bela-Vista-do-Piaui-IMG_8077-768x1152.jpg 768w, https:\/\/infonewss.com\/wp-content\/uploads\/2024\/03\/Vera-Mendes-estreia-com-vitoria-no-Campeonato-Regional-de-Bela-Vista-do-Piaui-IMG_8077-150x225.jpg 150w, https:\/\/infonewss.com\/wp-content\/uploads\/2024\/03\/Vera-Mendes-estreia-com-vitoria-no-Campeonato-Regional-de-Bela-Vista-do-Piaui-IMG_8077-300x450.jpg 300w, https:\/\/infonewss.com\/wp-content\/uploads\/2024\/03\/Vera-Mendes-estreia-com-vitoria-no-Campeonato-Regional-de-Bela-Vista-do-Piaui-IMG_8077-696x1044.jpg 696w, https:\/\/infonewss.com\/wp-content\/uploads\/2024\/03\/Vera-Mendes-estreia-com-vitoria-no-Campeonato-Regional-de-Bela-Vista-do-Piaui-IMG_8077.jpg 900w\" data-src=\"https:\/\/infonewss.com\/wp-content\/uploads\/2024\/03\/Vera-Mendes-estreia-com-vitoria-no-Campeonato-Regional-de-Bela-Vista-do-Piaui-IMG_8077-200x300.jpg\" data-sizes=\"(max-width: 200px) 100vw, 200px\" \/><\/a><\/div>\n<\/figure>\n<figure class=\"gallery-item\">\n<div class=\"gallery-icon portrait\"><a href=\"https:\/\/infonewss.com\/wp-content\/uploads\/2024\/03\/Vera-Mendes-estreia-com-vitoria-no-Campeonato-Regional-de-Bela-Vista-do-Piaui-IMG_8079.jpg\"><img loading=\"lazy\" decoding=\"async\" class=\"attachment-medium size-medium lazyloaded\" src=\"https:\/\/infonewss.com\/wp-content\/uploads\/2024\/03\/Vera-Mendes-estreia-com-vitoria-no-Campeonato-Regional-de-Bela-Vista-do-Piaui-IMG_8079-200x300.jpg\" sizes=\"(max-width: 200px) 100vw, 200px\" srcset=\"https:\/\/infonewss.com\/wp-content\/uploads\/2024\/03\/Vera-Mendes-estreia-com-vitoria-no-Campeonato-Regional-de-Bela-Vista-do-Piaui-IMG_8079-200x300.jpg 200w, https:\/\/infonewss.com\/wp-content\/uploads\/2024\/03\/Vera-Mendes-estreia-com-vitoria-no-Campeonato-Regional-de-Bela-Vista-do-Piaui-IMG_8079-683x1024.jpg 683w, https:\/\/infonewss.com\/wp-content\/uploads\/2024\/03\/Vera-Mendes-estreia-com-vitoria-no-Campeonato-Regional-de-Bela-Vista-do-Piaui-IMG_8079-768x1152.jpg 768w, https:\/\/infonewss.com\/wp-content\/uploads\/2024\/03\/Vera-Mendes-estreia-com-vitoria-no-Campeonato-Regional-de-Bela-Vista-do-Piaui-IMG_8079-150x225.jpg 150w, https:\/\/infonewss.com\/wp-content\/uploads\/2024\/03\/Vera-Mendes-estreia-com-vitoria-no-Campeonato-Regional-de-Bela-Vista-do-Piaui-IMG_8079-300x450.jpg 300w, https:\/\/infonewss.com\/wp-content\/uploads\/2024\/03\/Vera-Mendes-estreia-com-vitoria-no-Campeonato-Regional-de-Bela-Vista-do-Piaui-IMG_8079-696x1044.jpg 696w, https:\/\/infonewss.com\/wp-content\/uploads\/2024\/03\/Vera-Mendes-estreia-com-vitoria-no-Campeonato-Regional-de-Bela-Vista-do-Piaui-IMG_8079.jpg 900w\" alt=\"\" width=\"200\" height=\"300\" data-srcset=\"https:\/\/infonewss.com\/wp-content\/uploads\/2024\/03\/Vera-Mendes-estreia-com-vitoria-no-Campeonato-Regional-de-Bela-Vista-do-Piaui-IMG_8079-200x300.jpg 200w, https:\/\/infonewss.com\/wp-content\/uploads\/2024\/03\/Vera-Mendes-estreia-com-vitoria-no-Campeonato-Regional-de-Bela-Vista-do-Piaui-IMG_8079-683x1024.jpg 683w, https:\/\/infonewss.com\/wp-content\/uploads\/2024\/03\/Vera-Mendes-estreia-com-vitoria-no-Campeonato-Regional-de-Bela-Vista-do-Piaui-IMG_8079-768x1152.jpg 768w, https:\/\/infonewss.com\/wp-content\/uploads\/2024\/03\/Vera-Mendes-estreia-com-vitoria-no-Campeonato-Regional-de-Bela-Vista-do-Piaui-IMG_8079-150x225.jpg 150w, https:\/\/infonewss.com\/wp-content\/uploads\/2024\/03\/Vera-Mendes-estreia-com-vitoria-no-Campeonato-Regional-de-Bela-Vista-do-Piaui-IMG_8079-300x450.jpg 300w, https:\/\/infonewss.com\/wp-content\/uploads\/2024\/03\/Vera-Mendes-estreia-com-vitoria-no-Campeonato-Regional-de-Bela-Vista-do-Piaui-IMG_8079-696x1044.jpg 696w, https:\/\/infonewss.com\/wp-content\/uploads\/2024\/03\/Vera-Mendes-estreia-com-vitoria-no-Campeonato-Regional-de-Bela-Vista-do-Piaui-IMG_8079.jpg 900w\" data-src=\"https:\/\/infonewss.com\/wp-content\/uploads\/2024\/03\/Vera-Mendes-estreia-com-vitoria-no-Campeonato-Regional-de-Bela-Vista-do-Piaui-IMG_8079-200x300.jpg\" data-sizes=\"(max-width: 200px) 100vw, 200px\" \/><\/a><\/div>\n<\/figure>\n<figure class=\"gallery-item\">\n<div class=\"gallery-icon landscape\"><a href=\"https:\/\/infonewss.com\/wp-content\/uploads\/2024\/03\/Vera-Mendes-estreia-com-vitoria-no-Campeonato-Regional-de-Bela-Vista-do-Piaui-IMG_8080.jpg\"><img loading=\"lazy\" decoding=\"async\" class=\"attachment-medium size-medium lazyloaded\" src=\"https:\/\/infonewss.com\/wp-content\/uploads\/2024\/03\/Vera-Mendes-estreia-com-vitoria-no-Campeonato-Regional-de-Bela-Vista-do-Piaui-IMG_8080-300x200.jpg\" sizes=\"(max-width: 300px) 100vw, 300px\" srcset=\"https:\/\/infonewss.com\/wp-content\/uploads\/2024\/03\/Vera-Mendes-estreia-com-vitoria-no-Campeonato-Regional-de-Bela-Vista-do-Piaui-IMG_8080-300x200.jpg 300w, https:\/\/infonewss.com\/wp-content\/uploads\/2024\/03\/Vera-Mendes-estreia-com-vitoria-no-Campeonato-Regional-de-Bela-Vista-do-Piaui-IMG_8080-768x512.jpg 768w, https:\/\/infonewss.com\/wp-content\/uploads\/2024\/03\/Vera-Mendes-estreia-com-vitoria-no-Campeonato-Regional-de-Bela-Vista-do-Piaui-IMG_8080-150x100.jpg 150w, https:\/\/infonewss.com\/wp-content\/uploads\/2024\/03\/Vera-Mendes-estreia-com-vitoria-no-Campeonato-Regional-de-Bela-Vista-do-Piaui-IMG_8080-696x464.jpg 696w, https:\/\/infonewss.com\/wp-content\/uploads\/2024\/03\/Vera-Mendes-estreia-com-vitoria-no-Campeonato-Regional-de-Bela-Vista-do-Piaui-IMG_8080.jpg 900w\" alt=\"\" width=\"300\" height=\"200\" data-srcset=\"https:\/\/infonewss.com\/wp-content\/uploads\/2024\/03\/Vera-Mendes-estreia-com-vitoria-no-Campeonato-Regional-de-Bela-Vista-do-Piaui-IMG_8080-300x200.jpg 300w, https:\/\/infonewss.com\/wp-content\/uploads\/2024\/03\/Vera-Mendes-estreia-com-vitoria-no-Campeonato-Regional-de-Bela-Vista-do-Piaui-IMG_8080-768x512.jpg 768w, https:\/\/infonewss.com\/wp-content\/uploads\/2024\/03\/Vera-Mendes-estreia-com-vitoria-no-Campeonato-Regional-de-Bela-Vista-do-Piaui-IMG_8080-150x100.jpg 150w, https:\/\/infonewss.com\/wp-content\/uploads\/2024\/03\/Vera-Mendes-estreia-com-vitoria-no-Campeonato-Regional-de-Bela-Vista-do-Piaui-IMG_8080-696x464.jpg 696w, https:\/\/infonewss.com\/wp-content\/uploads\/2024\/03\/Vera-Mendes-estreia-com-vitoria-no-Campeonato-Regional-de-Bela-Vista-do-Piaui-IMG_8080.jpg 900w\" data-src=\"https:\/\/infonewss.com\/wp-content\/uploads\/2024\/03\/Vera-Mendes-estreia-com-vitoria-no-Campeonato-Regional-de-Bela-Vista-do-Piaui-IMG_8080-300x200.jpg\" data-sizes=\"(max-width: 300px) 100vw, 300px\" \/><\/a><\/div>\n<\/figure>\n<figure class=\"gallery-item\">\n<div class=\"gallery-icon landscape\"><a href=\"https:\/\/infonewss.com\/wp-content\/uploads\/2024\/03\/Vera-Mendes-estreia-com-vitoria-no-Campeonato-Regional-de-Bela-Vista-do-Piaui-IMG_8083.jpg\"><img loading=\"lazy\" decoding=\"async\" class=\"attachment-medium size-medium lazyloaded\" src=\"https:\/\/infonewss.com\/wp-content\/uploads\/2024\/03\/Vera-Mendes-estreia-com-vitoria-no-Campeonato-Regional-de-Bela-Vista-do-Piaui-IMG_8083-300x200.jpg\" sizes=\"(max-width: 300px) 100vw, 300px\" srcset=\"https:\/\/infonewss.com\/wp-content\/uploads\/2024\/03\/Vera-Mendes-estreia-com-vitoria-no-Campeonato-Regional-de-Bela-Vista-do-Piaui-IMG_8083-300x200.jpg 300w, https:\/\/infonewss.com\/wp-content\/uploads\/2024\/03\/Vera-Mendes-estreia-com-vitoria-no-Campeonato-Regional-de-Bela-Vista-do-Piaui-IMG_8083-768x512.jpg 768w, https:\/\/infonewss.com\/wp-content\/uploads\/2024\/03\/Vera-Mendes-estreia-com-vitoria-no-Campeonato-Regional-de-Bela-Vista-do-Piaui-IMG_8083-150x100.jpg 150w, https:\/\/infonewss.com\/wp-content\/uploads\/2024\/03\/Vera-Mendes-estreia-com-vitoria-no-Campeonato-Regional-de-Bela-Vista-do-Piaui-IMG_8083-696x464.jpg 696w, https:\/\/infonewss.com\/wp-content\/uploads\/2024\/03\/Vera-Mendes-estreia-com-vitoria-no-Campeonato-Regional-de-Bela-Vista-do-Piaui-IMG_8083.jpg 900w\" alt=\"\" width=\"300\" height=\"200\" data-srcset=\"https:\/\/infonewss.com\/wp-content\/uploads\/2024\/03\/Vera-Mendes-estreia-com-vitoria-no-Campeonato-Regional-de-Bela-Vista-do-Piaui-IMG_8083-300x200.jpg 300w, https:\/\/infonewss.com\/wp-content\/uploads\/2024\/03\/Vera-Mendes-estreia-com-vitoria-no-Campeonato-Regional-de-Bela-Vista-do-Piaui-IMG_8083-768x512.jpg 768w, https:\/\/infonewss.com\/wp-content\/uploads\/2024\/03\/Vera-Mendes-estreia-com-vitoria-no-Campeonato-Regional-de-Bela-Vista-do-Piaui-IMG_8083-150x100.jpg 150w, https:\/\/infonewss.com\/wp-content\/uploads\/2024\/03\/Vera-Mendes-estreia-com-vitoria-no-Campeonato-Regional-de-Bela-Vista-do-Piaui-IMG_8083-696x464.jpg 696w, https:\/\/infonewss.com\/wp-content\/uploads\/2024\/03\/Vera-Mendes-estreia-com-vitoria-no-Campeonato-Regional-de-Bela-Vista-do-Piaui-IMG_8083.jpg 900w\" data-src=\"https:\/\/infonewss.com\/wp-content\/uploads\/2024\/03\/Vera-Mendes-estreia-com-vitoria-no-Campeonato-Regional-de-Bela-Vista-do-Piaui-IMG_8083-300x200.jpg\" data-sizes=\"(max-width: 300px) 100vw, 300px\" \/><\/a><\/div>\n<\/figure>\n<figure class=\"gallery-item\">\n<div class=\"gallery-icon landscape\"><a href=\"https:\/\/infonewss.com\/wp-content\/uploads\/2024\/03\/Vera-Mendes-estreia-com-vitoria-no-Campeonato-Regional-de-Bela-Vista-do-Piaui-IMG_8084.jpg\"><img loading=\"lazy\" decoding=\"async\" class=\"attachment-medium size-medium lazyloaded\" src=\"https:\/\/infonewss.com\/wp-content\/uploads\/2024\/03\/Vera-Mendes-estreia-com-vitoria-no-Campeonato-Regional-de-Bela-Vista-do-Piaui-IMG_8084-300x200.jpg\" sizes=\"(max-width: 300px) 100vw, 300px\" srcset=\"https:\/\/infonewss.com\/wp-content\/uploads\/2024\/03\/Vera-Mendes-estreia-com-vitoria-no-Campeonato-Regional-de-Bela-Vista-do-Piaui-IMG_8084-300x200.jpg 300w, https:\/\/infonewss.com\/wp-content\/uploads\/2024\/03\/Vera-Mendes-estreia-com-vitoria-no-Campeonato-Regional-de-Bela-Vista-do-Piaui-IMG_8084-768x512.jpg 768w, https:\/\/infonewss.com\/wp-content\/uploads\/2024\/03\/Vera-Mendes-estreia-com-vitoria-no-Campeonato-Regional-de-Bela-Vista-do-Piaui-IMG_8084-150x100.jpg 150w, https:\/\/infonewss.com\/wp-content\/uploads\/2024\/03\/Vera-Mendes-estreia-com-vitoria-no-Campeonato-Regional-de-Bela-Vista-do-Piaui-IMG_8084-696x464.jpg 696w, https:\/\/infonewss.com\/wp-content\/uploads\/2024\/03\/Vera-Mendes-estreia-com-vitoria-no-Campeonato-Regional-de-Bela-Vista-do-Piaui-IMG_8084.jpg 900w\" alt=\"\" width=\"300\" height=\"200\" data-srcset=\"https:\/\/infonewss.com\/wp-content\/uploads\/2024\/03\/Vera-Mendes-estreia-com-vitoria-no-Campeonato-Regional-de-Bela-Vista-do-Piaui-IMG_8084-300x200.jpg 300w, https:\/\/infonewss.com\/wp-content\/uploads\/2024\/03\/Vera-Mendes-estreia-com-vitoria-no-Campeonato-Regional-de-Bela-Vista-do-Piaui-IMG_8084-768x512.jpg 768w, https:\/\/infonewss.com\/wp-content\/uploads\/2024\/03\/Vera-Mendes-estreia-com-vitoria-no-Campeonato-Regional-de-Bela-Vista-do-Piaui-IMG_8084-150x100.jpg 150w, https:\/\/infonewss.com\/wp-content\/uploads\/2024\/03\/Vera-Mendes-estreia-com-vitoria-no-Campeonato-Regional-de-Bela-Vista-do-Piaui-IMG_8084-696x464.jpg 696w, https:\/\/infonewss.com\/wp-content\/uploads\/2024\/03\/Vera-Mendes-estreia-com-vitoria-no-Campeonato-Regional-de-Bela-Vista-do-Piaui-IMG_8084.jpg 900w\" data-src=\"https:\/\/infonewss.com\/wp-content\/uploads\/2024\/03\/Vera-Mendes-estreia-com-vitoria-no-Campeonato-Regional-de-Bela-Vista-do-Piaui-IMG_8084-300x200.jpg\" data-sizes=\"(max-width: 300px) 100vw, 300px\" \/><\/a><\/div>\n<\/figure>\n<figure class=\"gallery-item\">\n<div class=\"gallery-icon landscape\"><a href=\"https:\/\/infonewss.com\/wp-content\/uploads\/2024\/03\/Vera-Mendes-estreia-com-vitoria-no-Campeonato-Regional-de-Bela-Vista-do-Piaui-IMG_8085.jpg\"><img loading=\"lazy\" decoding=\"async\" class=\"attachment-medium size-medium lazyloaded\" src=\"https:\/\/infonewss.com\/wp-content\/uploads\/2024\/03\/Vera-Mendes-estreia-com-vitoria-no-Campeonato-Regional-de-Bela-Vista-do-Piaui-IMG_8085-300x200.jpg\" sizes=\"(max-width: 300px) 100vw, 300px\" srcset=\"https:\/\/infonewss.com\/wp-content\/uploads\/2024\/03\/Vera-Mendes-estreia-com-vitoria-no-Campeonato-Regional-de-Bela-Vista-do-Piaui-IMG_8085-300x200.jpg 300w, https:\/\/infonewss.com\/wp-content\/uploads\/2024\/03\/Vera-Mendes-estreia-com-vitoria-no-Campeonato-Regional-de-Bela-Vista-do-Piaui-IMG_8085-768x512.jpg 768w, https:\/\/infonewss.com\/wp-content\/uploads\/2024\/03\/Vera-Mendes-estreia-com-vitoria-no-Campeonato-Regional-de-Bela-Vista-do-Piaui-IMG_8085-150x100.jpg 150w, https:\/\/infonewss.com\/wp-content\/uploads\/2024\/03\/Vera-Mendes-estreia-com-vitoria-no-Campeonato-Regional-de-Bela-Vista-do-Piaui-IMG_8085-696x464.jpg 696w, https:\/\/infonewss.com\/wp-content\/uploads\/2024\/03\/Vera-Mendes-estreia-com-vitoria-no-Campeonato-Regional-de-Bela-Vista-do-Piaui-IMG_8085.jpg 900w\" alt=\"\" width=\"300\" height=\"200\" data-srcset=\"https:\/\/infonewss.com\/wp-content\/uploads\/2024\/03\/Vera-Mendes-estreia-com-vitoria-no-Campeonato-Regional-de-Bela-Vista-do-Piaui-IMG_8085-300x200.jpg 300w, https:\/\/infonewss.com\/wp-content\/uploads\/2024\/03\/Vera-Mendes-estreia-com-vitoria-no-Campeonato-Regional-de-Bela-Vista-do-Piaui-IMG_8085-768x512.jpg 768w, https:\/\/infonewss.com\/wp-content\/uploads\/2024\/03\/Vera-Mendes-estreia-com-vitoria-no-Campeonato-Regional-de-Bela-Vista-do-Piaui-IMG_8085-150x100.jpg 150w, https:\/\/infonewss.com\/wp-content\/uploads\/2024\/03\/Vera-Mendes-estreia-com-vitoria-no-Campeonato-Regional-de-Bela-Vista-do-Piaui-IMG_8085-696x464.jpg 696w, https:\/\/infonewss.com\/wp-content\/uploads\/2024\/03\/Vera-Mendes-estreia-com-vitoria-no-Campeonato-Regional-de-Bela-Vista-do-Piaui-IMG_8085.jpg 900w\" data-src=\"https:\/\/infonewss.com\/wp-content\/uploads\/2024\/03\/Vera-Mendes-estreia-com-vitoria-no-Campeonato-Regional-de-Bela-Vista-do-Piaui-IMG_8085-300x200.jpg\" data-sizes=\"(max-width: 300px) 100vw, 300px\" \/><\/a><\/div>\n<\/figure>\n<figure class=\"gallery-item\">\n<div class=\"gallery-icon portrait\"><a href=\"https:\/\/infonewss.com\/wp-content\/uploads\/2024\/03\/Vera-Mendes-estreia-com-vitoria-no-Campeonato-Regional-de-Bela-Vista-do-Piaui-IMG_8086.jpg\"><img loading=\"lazy\" decoding=\"async\" class=\"attachment-medium size-medium lazyloaded\" src=\"https:\/\/infonewss.com\/wp-content\/uploads\/2024\/03\/Vera-Mendes-estreia-com-vitoria-no-Campeonato-Regional-de-Bela-Vista-do-Piaui-IMG_8086-200x300.jpg\" sizes=\"(max-width: 200px) 100vw, 200px\" srcset=\"https:\/\/infonewss.com\/wp-content\/uploads\/2024\/03\/Vera-Mendes-estreia-com-vitoria-no-Campeonato-Regional-de-Bela-Vista-do-Piaui-IMG_8086-200x300.jpg 200w, https:\/\/infonewss.com\/wp-content\/uploads\/2024\/03\/Vera-Mendes-estreia-com-vitoria-no-Campeonato-Regional-de-Bela-Vista-do-Piaui-IMG_8086-683x1024.jpg 683w, https:\/\/infonewss.com\/wp-content\/uploads\/2024\/03\/Vera-Mendes-estreia-com-vitoria-no-Campeonato-Regional-de-Bela-Vista-do-Piaui-IMG_8086-768x1152.jpg 768w, https:\/\/infonewss.com\/wp-content\/uploads\/2024\/03\/Vera-Mendes-estreia-com-vitoria-no-Campeonato-Regional-de-Bela-Vista-do-Piaui-IMG_8086-150x225.jpg 150w, https:\/\/infonewss.com\/wp-content\/uploads\/2024\/03\/Vera-Mendes-estreia-com-vitoria-no-Campeonato-Regional-de-Bela-Vista-do-Piaui-IMG_8086-300x450.jpg 300w, https:\/\/infonewss.com\/wp-content\/uploads\/2024\/03\/Vera-Mendes-estreia-com-vitoria-no-Campeonato-Regional-de-Bela-Vista-do-Piaui-IMG_8086-696x1044.jpg 696w, https:\/\/infonewss.com\/wp-content\/uploads\/2024\/03\/Vera-Mendes-estreia-com-vitoria-no-Campeonato-Regional-de-Bela-Vista-do-Piaui-IMG_8086.jpg 900w\" alt=\"\" width=\"200\" height=\"300\" data-srcset=\"https:\/\/infonewss.com\/wp-content\/uploads\/2024\/03\/Vera-Mendes-estreia-com-vitoria-no-Campeonato-Regional-de-Bela-Vista-do-Piaui-IMG_8086-200x300.jpg 200w, https:\/\/infonewss.com\/wp-content\/uploads\/2024\/03\/Vera-Mendes-estreia-com-vitoria-no-Campeonato-Regional-de-Bela-Vista-do-Piaui-IMG_8086-683x1024.jpg 683w, https:\/\/infonewss.com\/wp-content\/uploads\/2024\/03\/Vera-Mendes-estreia-com-vitoria-no-Campeonato-Regional-de-Bela-Vista-do-Piaui-IMG_8086-768x1152.jpg 768w, https:\/\/infonewss.com\/wp-content\/uploads\/2024\/03\/Vera-Mendes-estreia-com-vitoria-no-Campeonato-Regional-de-Bela-Vista-do-Piaui-IMG_8086-150x225.jpg 150w, https:\/\/infonewss.com\/wp-content\/uploads\/2024\/03\/Vera-Mendes-estreia-com-vitoria-no-Campeonato-Regional-de-Bela-Vista-do-Piaui-IMG_8086-300x450.jpg 300w, https:\/\/infonewss.com\/wp-content\/uploads\/2024\/03\/Vera-Mendes-estreia-com-vitoria-no-Campeonato-Regional-de-Bela-Vista-do-Piaui-IMG_8086-696x1044.jpg 696w, https:\/\/infonewss.com\/wp-content\/uploads\/2024\/03\/Vera-Mendes-estreia-com-vitoria-no-Campeonato-Regional-de-Bela-Vista-do-Piaui-IMG_8086.jpg 900w\" data-src=\"https:\/\/infonewss.com\/wp-content\/uploads\/2024\/03\/Vera-Mendes-estreia-com-vitoria-no-Campeonato-Regional-de-Bela-Vista-do-Piaui-IMG_8086-200x300.jpg\" data-sizes=\"(max-width: 200px) 100vw, 200px\" \/><\/a><\/div>\n<\/figure>\n<figure class=\"gallery-item\">\n<div class=\"gallery-icon portrait\"><a href=\"https:\/\/infonewss.com\/wp-content\/uploads\/2024\/03\/Vera-Mendes-estreia-com-vitoria-no-Campeonato-Regional-de-Bela-Vista-do-Piaui-IMG_8089.jpg\"><img loading=\"lazy\" decoding=\"async\" class=\"attachment-medium size-medium lazyloaded\" src=\"https:\/\/infonewss.com\/wp-content\/uploads\/2024\/03\/Vera-Mendes-estreia-com-vitoria-no-Campeonato-Regional-de-Bela-Vista-do-Piaui-IMG_8089-200x300.jpg\" sizes=\"(max-width: 200px) 100vw, 200px\" srcset=\"https:\/\/infonewss.com\/wp-content\/uploads\/2024\/03\/Vera-Mendes-estreia-com-vitoria-no-Campeonato-Regional-de-Bela-Vista-do-Piaui-IMG_8089-200x300.jpg 200w, https:\/\/infonewss.com\/wp-content\/uploads\/2024\/03\/Vera-Mendes-estreia-com-vitoria-no-Campeonato-Regional-de-Bela-Vista-do-Piaui-IMG_8089-683x1024.jpg 683w, https:\/\/infonewss.com\/wp-content\/uploads\/2024\/03\/Vera-Mendes-estreia-com-vitoria-no-Campeonato-Regional-de-Bela-Vista-do-Piaui-IMG_8089-768x1152.jpg 768w, https:\/\/infonewss.com\/wp-content\/uploads\/2024\/03\/Vera-Mendes-estreia-com-vitoria-no-Campeonato-Regional-de-Bela-Vista-do-Piaui-IMG_8089-150x225.jpg 150w, https:\/\/infonewss.com\/wp-content\/uploads\/2024\/03\/Vera-Mendes-estreia-com-vitoria-no-Campeonato-Regional-de-Bela-Vista-do-Piaui-IMG_8089-300x450.jpg 300w, https:\/\/infonewss.com\/wp-content\/uploads\/2024\/03\/Vera-Mendes-estreia-com-vitoria-no-Campeonato-Regional-de-Bela-Vista-do-Piaui-IMG_8089-696x1044.jpg 696w, https:\/\/infonewss.com\/wp-content\/uploads\/2024\/03\/Vera-Mendes-estreia-com-vitoria-no-Campeonato-Regional-de-Bela-Vista-do-Piaui-IMG_8089.jpg 900w\" alt=\"\" width=\"200\" height=\"300\" data-srcset=\"https:\/\/infonewss.com\/wp-content\/uploads\/2024\/03\/Vera-Mendes-estreia-com-vitoria-no-Campeonato-Regional-de-Bela-Vista-do-Piaui-IMG_8089-200x300.jpg 200w, https:\/\/infonewss.com\/wp-content\/uploads\/2024\/03\/Vera-Mendes-estreia-com-vitoria-no-Campeonato-Regional-de-Bela-Vista-do-Piaui-IMG_8089-683x1024.jpg 683w, https:\/\/infonewss.com\/wp-content\/uploads\/2024\/03\/Vera-Mendes-estreia-com-vitoria-no-Campeonato-Regional-de-Bela-Vista-do-Piaui-IMG_8089-768x1152.jpg 768w, https:\/\/infonewss.com\/wp-content\/uploads\/2024\/03\/Vera-Mendes-estreia-com-vitoria-no-Campeonato-Regional-de-Bela-Vista-do-Piaui-IMG_8089-150x225.jpg 150w, https:\/\/infonewss.com\/wp-content\/uploads\/2024\/03\/Vera-Mendes-estreia-com-vitoria-no-Campeonato-Regional-de-Bela-Vista-do-Piaui-IMG_8089-300x450.jpg 300w, https:\/\/infonewss.com\/wp-content\/uploads\/2024\/03\/Vera-Mendes-estreia-com-vitoria-no-Campeonato-Regional-de-Bela-Vista-do-Piaui-IMG_8089-696x1044.jpg 696w, https:\/\/infonewss.com\/wp-content\/uploads\/2024\/03\/Vera-Mendes-estreia-com-vitoria-no-Campeonato-Regional-de-Bela-Vista-do-Piaui-IMG_8089.jpg 900w\" data-src=\"https:\/\/infonewss.com\/wp-content\/uploads\/2024\/03\/Vera-Mendes-estreia-com-vitoria-no-Campeonato-Regional-de-Bela-Vista-do-Piaui-IMG_8089-200x300.jpg\" data-sizes=\"(max-width: 200px) 100vw, 200px\" \/><\/a><\/div>\n<\/figure>\n<figure class=\"gallery-item\">\n<div class=\"gallery-icon portrait\"><a href=\"https:\/\/infonewss.com\/wp-content\/uploads\/2024\/03\/Vera-Mendes-estreia-com-vitoria-no-Campeonato-Regional-de-Bela-Vista-do-Piaui-IMG_8090.jpg\"><img loading=\"lazy\" decoding=\"async\" class=\"attachment-medium size-medium ls-is-cached lazyloaded\" src=\"https:\/\/infonewss.com\/wp-content\/uploads\/2024\/03\/Vera-Mendes-estreia-com-vitoria-no-Campeonato-Regional-de-Bela-Vista-do-Piaui-IMG_8090-200x300.jpg\" sizes=\"(max-width: 200px) 100vw, 200px\" srcset=\"https:\/\/infonewss.com\/wp-content\/uploads\/2024\/03\/Vera-Mendes-estreia-com-vitoria-no-Campeonato-Regional-de-Bela-Vista-do-Piaui-IMG_8090-200x300.jpg 200w, https:\/\/infonewss.com\/wp-content\/uploads\/2024\/03\/Vera-Mendes-estreia-com-vitoria-no-Campeonato-Regional-de-Bela-Vista-do-Piaui-IMG_8090-683x1024.jpg 683w, https:\/\/infonewss.com\/wp-content\/uploads\/2024\/03\/Vera-Mendes-estreia-com-vitoria-no-Campeonato-Regional-de-Bela-Vista-do-Piaui-IMG_8090-768x1152.jpg 768w, https:\/\/infonewss.com\/wp-content\/uploads\/2024\/03\/Vera-Mendes-estreia-com-vitoria-no-Campeonato-Regional-de-Bela-Vista-do-Piaui-IMG_8090-150x225.jpg 150w, https:\/\/infonewss.com\/wp-content\/uploads\/2024\/03\/Vera-Mendes-estreia-com-vitoria-no-Campeonato-Regional-de-Bela-Vista-do-Piaui-IMG_8090-300x450.jpg 300w, https:\/\/infonewss.com\/wp-content\/uploads\/2024\/03\/Vera-Mendes-estreia-com-vitoria-no-Campeonato-Regional-de-Bela-Vista-do-Piaui-IMG_8090-696x1044.jpg 696w, https:\/\/infonewss.com\/wp-content\/uploads\/2024\/03\/Vera-Mendes-estreia-com-vitoria-no-Campeonato-Regional-de-Bela-Vista-do-Piaui-IMG_8090.jpg 900w\" alt=\"\" width=\"200\" height=\"300\" data-srcset=\"https:\/\/infonewss.com\/wp-content\/uploads\/2024\/03\/Vera-Mendes-estreia-com-vitoria-no-Campeonato-Regional-de-Bela-Vista-do-Piaui-IMG_8090-200x300.jpg 200w, https:\/\/infonewss.com\/wp-content\/uploads\/2024\/03\/Vera-Mendes-estreia-com-vitoria-no-Campeonato-Regional-de-Bela-Vista-do-Piaui-IMG_8090-683x1024.jpg 683w, https:\/\/infonewss.com\/wp-content\/uploads\/2024\/03\/Vera-Mendes-estreia-com-vitoria-no-Campeonato-Regional-de-Bela-Vista-do-Piaui-IMG_8090-768x1152.jpg 768w, https:\/\/infonewss.com\/wp-content\/uploads\/2024\/03\/Vera-Mendes-estreia-com-vitoria-no-Campeonato-Regional-de-Bela-Vista-do-Piaui-IMG_8090-150x225.jpg 150w, https:\/\/infonewss.com\/wp-content\/uploads\/2024\/03\/Vera-Mendes-estreia-com-vitoria-no-Campeonato-Regional-de-Bela-Vista-do-Piaui-IMG_8090-300x450.jpg 300w, https:\/\/infonewss.com\/wp-content\/uploads\/2024\/03\/Vera-Mendes-estreia-com-vitoria-no-Campeonato-Regional-de-Bela-Vista-do-Piaui-IMG_8090-696x1044.jpg 696w, https:\/\/infonewss.com\/wp-content\/uploads\/2024\/03\/Vera-Mendes-estreia-com-vitoria-no-Campeonato-Regional-de-Bela-Vista-do-Piaui-IMG_8090.jpg 900w\" data-src=\"https:\/\/infonewss.com\/wp-content\/uploads\/2024\/03\/Vera-Mendes-estreia-com-vitoria-no-Campeonato-Regional-de-Bela-Vista-do-Piaui-IMG_8090-200x300.jpg\" data-sizes=\"(max-width: 200px) 100vw, 200px\" \/><\/a><\/div>\n<\/figure>\n<figure class=\"gallery-item\">\n<div class=\"gallery-icon portrait\"><a href=\"https:\/\/infonewss.com\/wp-content\/uploads\/2024\/03\/Vera-Mendes-estreia-com-vitoria-no-Campeonato-Regional-de-Bela-Vista-do-Piaui-IMG_8094.jpg\"><img loading=\"lazy\" decoding=\"async\" class=\"attachment-medium size-medium lazyloaded\" src=\"https:\/\/infonewss.com\/wp-content\/uploads\/2024\/03\/Vera-Mendes-estreia-com-vitoria-no-Campeonato-Regional-de-Bela-Vista-do-Piaui-IMG_8094-200x300.jpg\" sizes=\"(max-width: 200px) 100vw, 200px\" srcset=\"https:\/\/infonewss.com\/wp-content\/uploads\/2024\/03\/Vera-Mendes-estreia-com-vitoria-no-Campeonato-Regional-de-Bela-Vista-do-Piaui-IMG_8094-200x300.jpg 200w, https:\/\/infonewss.com\/wp-content\/uploads\/2024\/03\/Vera-Mendes-estreia-com-vitoria-no-Campeonato-Regional-de-Bela-Vista-do-Piaui-IMG_8094-683x1024.jpg 683w, https:\/\/infonewss.com\/wp-content\/uploads\/2024\/03\/Vera-Mendes-estreia-com-vitoria-no-Campeonato-Regional-de-Bela-Vista-do-Piaui-IMG_8094-768x1152.jpg 768w, https:\/\/infonewss.com\/wp-content\/uploads\/2024\/03\/Vera-Mendes-estreia-com-vitoria-no-Campeonato-Regional-de-Bela-Vista-do-Piaui-IMG_8094-150x225.jpg 150w, https:\/\/infonewss.com\/wp-content\/uploads\/2024\/03\/Vera-Mendes-estreia-com-vitoria-no-Campeonato-Regional-de-Bela-Vista-do-Piaui-IMG_8094-300x450.jpg 300w, https:\/\/infonewss.com\/wp-content\/uploads\/2024\/03\/Vera-Mendes-estreia-com-vitoria-no-Campeonato-Regional-de-Bela-Vista-do-Piaui-IMG_8094-696x1044.jpg 696w, https:\/\/infonewss.com\/wp-content\/uploads\/2024\/03\/Vera-Mendes-estreia-com-vitoria-no-Campeonato-Regional-de-Bela-Vista-do-Piaui-IMG_8094.jpg 900w\" alt=\"\" width=\"200\" height=\"300\" data-srcset=\"https:\/\/infonewss.com\/wp-content\/uploads\/2024\/03\/Vera-Mendes-estreia-com-vitoria-no-Campeonato-Regional-de-Bela-Vista-do-Piaui-IMG_8094-200x300.jpg 200w, https:\/\/infonewss.com\/wp-content\/uploads\/2024\/03\/Vera-Mendes-estreia-com-vitoria-no-Campeonato-Regional-de-Bela-Vista-do-Piaui-IMG_8094-683x1024.jpg 683w, https:\/\/infonewss.com\/wp-content\/uploads\/2024\/03\/Vera-Mendes-estreia-com-vitoria-no-Campeonato-Regional-de-Bela-Vista-do-Piaui-IMG_8094-768x1152.jpg 768w, https:\/\/infonewss.com\/wp-content\/uploads\/2024\/03\/Vera-Mendes-estreia-com-vitoria-no-Campeonato-Regional-de-Bela-Vista-do-Piaui-IMG_8094-150x225.jpg 150w, https:\/\/infonewss.com\/wp-content\/uploads\/2024\/03\/Vera-Mendes-estreia-com-vitoria-no-Campeonato-Regional-de-Bela-Vista-do-Piaui-IMG_8094-300x450.jpg 300w, https:\/\/infonewss.com\/wp-content\/uploads\/2024\/03\/Vera-Mendes-estreia-com-vitoria-no-Campeonato-Regional-de-Bela-Vista-do-Piaui-IMG_8094-696x1044.jpg 696w, https:\/\/infonewss.com\/wp-content\/uploads\/2024\/03\/Vera-Mendes-estreia-com-vitoria-no-Campeonato-Regional-de-Bela-Vista-do-Piaui-IMG_8094.jpg 900w\" data-src=\"https:\/\/infonewss.com\/wp-content\/uploads\/2024\/03\/Vera-Mendes-estreia-com-vitoria-no-Campeonato-Regional-de-Bela-Vista-do-Piaui-IMG_8094-200x300.jpg\" data-sizes=\"(max-width: 200px) 100vw, 200px\" \/><\/a><\/div>\n<\/figure>\n<figure class=\"gallery-item\">\n<div class=\"gallery-icon landscape\"><a href=\"https:\/\/infonewss.com\/wp-content\/uploads\/2024\/03\/Vera-Mendes-estreia-com-vitoria-no-Campeonato-Regional-de-Bela-Vista-do-Piaui-IMG_8097.jpg\"><img loading=\"lazy\" decoding=\"async\" class=\"attachment-medium size-medium lazyloaded\" src=\"https:\/\/infonewss.com\/wp-content\/uploads\/2024\/03\/Vera-Mendes-estreia-com-vitoria-no-Campeonato-Regional-de-Bela-Vista-do-Piaui-IMG_8097-300x200.jpg\" sizes=\"(max-width: 300px) 100vw, 300px\" srcset=\"https:\/\/infonewss.com\/wp-content\/uploads\/2024\/03\/Vera-Mendes-estreia-com-vitoria-no-Campeonato-Regional-de-Bela-Vista-do-Piaui-IMG_8097-300x200.jpg 300w, https:\/\/infonewss.com\/wp-content\/uploads\/2024\/03\/Vera-Mendes-estreia-com-vitoria-no-Campeonato-Regional-de-Bela-Vista-do-Piaui-IMG_8097-768x512.jpg 768w, https:\/\/infonewss.com\/wp-content\/uploads\/2024\/03\/Vera-Mendes-estreia-com-vitoria-no-Campeonato-Regional-de-Bela-Vista-do-Piaui-IMG_8097-150x100.jpg 150w, https:\/\/infonewss.com\/wp-content\/uploads\/2024\/03\/Vera-Mendes-estreia-com-vitoria-no-Campeonato-Regional-de-Bela-Vista-do-Piaui-IMG_8097-696x464.jpg 696w, https:\/\/infonewss.com\/wp-content\/uploads\/2024\/03\/Vera-Mendes-estreia-com-vitoria-no-Campeonato-Regional-de-Bela-Vista-do-Piaui-IMG_8097.jpg 900w\" alt=\"\" width=\"300\" height=\"200\" data-srcset=\"https:\/\/infonewss.com\/wp-content\/uploads\/2024\/03\/Vera-Mendes-estreia-com-vitoria-no-Campeonato-Regional-de-Bela-Vista-do-Piaui-IMG_8097-300x200.jpg 300w, https:\/\/infonewss.com\/wp-content\/uploads\/2024\/03\/Vera-Mendes-estreia-com-vitoria-no-Campeonato-Regional-de-Bela-Vista-do-Piaui-IMG_8097-768x512.jpg 768w, https:\/\/infonewss.com\/wp-content\/uploads\/2024\/03\/Vera-Mendes-estreia-com-vitoria-no-Campeonato-Regional-de-Bela-Vista-do-Piaui-IMG_8097-150x100.jpg 150w, https:\/\/infonewss.com\/wp-content\/uploads\/2024\/03\/Vera-Mendes-estreia-com-vitoria-no-Campeonato-Regional-de-Bela-Vista-do-Piaui-IMG_8097-696x464.jpg 696w, https:\/\/infonewss.com\/wp-content\/uploads\/2024\/03\/Vera-Mendes-estreia-com-vitoria-no-Campeonato-Regional-de-Bela-Vista-do-Piaui-IMG_8097.jpg 900w\" data-src=\"https:\/\/infonewss.com\/wp-content\/uploads\/2024\/03\/Vera-Mendes-estreia-com-vitoria-no-Campeonato-Regional-de-Bela-Vista-do-Piaui-IMG_8097-300x200.jpg\" data-sizes=\"(max-width: 300px) 100vw, 300px\" \/><\/a><\/div>\n<\/figure>\n<figure class=\"gallery-item\">\n<div class=\"gallery-icon landscape\"><a href=\"https:\/\/infonewss.com\/wp-content\/uploads\/2024\/03\/Vera-Mendes-estreia-com-vitoria-no-Campeonato-Regional-de-Bela-Vista-do-Piaui-IMG_8098.jpg\"><img loading=\"lazy\" decoding=\"async\" class=\"attachment-medium size-medium lazyloaded\" src=\"https:\/\/infonewss.com\/wp-content\/uploads\/2024\/03\/Vera-Mendes-estreia-com-vitoria-no-Campeonato-Regional-de-Bela-Vista-do-Piaui-IMG_8098-300x200.jpg\" sizes=\"(max-width: 300px) 100vw, 300px\" srcset=\"https:\/\/infonewss.com\/wp-content\/uploads\/2024\/03\/Vera-Mendes-estreia-com-vitoria-no-Campeonato-Regional-de-Bela-Vista-do-Piaui-IMG_8098-300x200.jpg 300w, https:\/\/infonewss.com\/wp-content\/uploads\/2024\/03\/Vera-Mendes-estreia-com-vitoria-no-Campeonato-Regional-de-Bela-Vista-do-Piaui-IMG_8098-768x512.jpg 768w, https:\/\/infonewss.com\/wp-content\/uploads\/2024\/03\/Vera-Mendes-estreia-com-vitoria-no-Campeonato-Regional-de-Bela-Vista-do-Piaui-IMG_8098-150x100.jpg 150w, https:\/\/infonewss.com\/wp-content\/uploads\/2024\/03\/Vera-Mendes-estreia-com-vitoria-no-Campeonato-Regional-de-Bela-Vista-do-Piaui-IMG_8098-696x464.jpg 696w, https:\/\/infonewss.com\/wp-content\/uploads\/2024\/03\/Vera-Mendes-estreia-com-vitoria-no-Campeonato-Regional-de-Bela-Vista-do-Piaui-IMG_8098.jpg 900w\" alt=\"\" width=\"300\" height=\"200\" data-srcset=\"https:\/\/infonewss.com\/wp-content\/uploads\/2024\/03\/Vera-Mendes-estreia-com-vitoria-no-Campeonato-Regional-de-Bela-Vista-do-Piaui-IMG_8098-300x200.jpg 300w, https:\/\/infonewss.com\/wp-content\/uploads\/2024\/03\/Vera-Mendes-estreia-com-vitoria-no-Campeonato-Regional-de-Bela-Vista-do-Piaui-IMG_8098-768x512.jpg 768w, https:\/\/infonewss.com\/wp-content\/uploads\/2024\/03\/Vera-Mendes-estreia-com-vitoria-no-Campeonato-Regional-de-Bela-Vista-do-Piaui-IMG_8098-150x100.jpg 150w, https:\/\/infonewss.com\/wp-content\/uploads\/2024\/03\/Vera-Mendes-estreia-com-vitoria-no-Campeonato-Regional-de-Bela-Vista-do-Piaui-IMG_8098-696x464.jpg 696w, https:\/\/infonewss.com\/wp-content\/uploads\/2024\/03\/Vera-Mendes-estreia-com-vitoria-no-Campeonato-Regional-de-Bela-Vista-do-Piaui-IMG_8098.jpg 900w\" data-src=\"https:\/\/infonewss.com\/wp-content\/uploads\/2024\/03\/Vera-Mendes-estreia-com-vitoria-no-Campeonato-Regional-de-Bela-Vista-do-Piaui-IMG_8098-300x200.jpg\" data-sizes=\"(max-width: 300px) 100vw, 300px\" \/><\/a><\/div>\n<\/figure>\n<figure class=\"gallery-item\">\n<div class=\"gallery-icon landscape\"><a href=\"https:\/\/infonewss.com\/wp-content\/uploads\/2024\/03\/Vera-Mendes-estreia-com-vitoria-no-Campeonato-Regional-de-Bela-Vista-do-Piaui-IMG_8099.jpg\"><img loading=\"lazy\" decoding=\"async\" class=\"attachment-medium size-medium lazyloaded\" src=\"https:\/\/infonewss.com\/wp-content\/uploads\/2024\/03\/Vera-Mendes-estreia-com-vitoria-no-Campeonato-Regional-de-Bela-Vista-do-Piaui-IMG_8099-300x200.jpg\" sizes=\"(max-width: 300px) 100vw, 300px\" srcset=\"https:\/\/infonewss.com\/wp-content\/uploads\/2024\/03\/Vera-Mendes-estreia-com-vitoria-no-Campeonato-Regional-de-Bela-Vista-do-Piaui-IMG_8099-300x200.jpg 300w, https:\/\/infonewss.com\/wp-content\/uploads\/2024\/03\/Vera-Mendes-estreia-com-vitoria-no-Campeonato-Regional-de-Bela-Vista-do-Piaui-IMG_8099-768x512.jpg 768w, https:\/\/infonewss.com\/wp-content\/uploads\/2024\/03\/Vera-Mendes-estreia-com-vitoria-no-Campeonato-Regional-de-Bela-Vista-do-Piaui-IMG_8099-150x100.jpg 150w, https:\/\/infonewss.com\/wp-content\/uploads\/2024\/03\/Vera-Mendes-estreia-com-vitoria-no-Campeonato-Regional-de-Bela-Vista-do-Piaui-IMG_8099-696x464.jpg 696w, https:\/\/infonewss.com\/wp-content\/uploads\/2024\/03\/Vera-Mendes-estreia-com-vitoria-no-Campeonato-Regional-de-Bela-Vista-do-Piaui-IMG_8099.jpg 900w\" alt=\"\" width=\"300\" height=\"200\" data-srcset=\"https:\/\/infonewss.com\/wp-content\/uploads\/2024\/03\/Vera-Mendes-estreia-com-vitoria-no-Campeonato-Regional-de-Bela-Vista-do-Piaui-IMG_8099-300x200.jpg 300w, https:\/\/infonewss.com\/wp-content\/uploads\/2024\/03\/Vera-Mendes-estreia-com-vitoria-no-Campeonato-Regional-de-Bela-Vista-do-Piaui-IMG_8099-768x512.jpg 768w, https:\/\/infonewss.com\/wp-content\/uploads\/2024\/03\/Vera-Mendes-estreia-com-vitoria-no-Campeonato-Regional-de-Bela-Vista-do-Piaui-IMG_8099-150x100.jpg 150w, https:\/\/infonewss.com\/wp-content\/uploads\/2024\/03\/Vera-Mendes-estreia-com-vitoria-no-Campeonato-Regional-de-Bela-Vista-do-Piaui-IMG_8099-696x464.jpg 696w, https:\/\/infonewss.com\/wp-content\/uploads\/2024\/03\/Vera-Mendes-estreia-com-vitoria-no-Campeonato-Regional-de-Bela-Vista-do-Piaui-IMG_8099.jpg 900w\" data-src=\"https:\/\/infonewss.com\/wp-content\/uploads\/2024\/03\/Vera-Mendes-estreia-com-vitoria-no-Campeonato-Regional-de-Bela-Vista-do-Piaui-IMG_8099-300x200.jpg\" data-sizes=\"(max-width: 300px) 100vw, 300px\" \/><\/a><\/div>\n<\/figure>\n<figure class=\"gallery-item\">\n<div class=\"gallery-icon landscape\"><a href=\"https:\/\/infonewss.com\/wp-content\/uploads\/2024\/03\/Vera-Mendes-estreia-com-vitoria-no-Campeonato-Regional-de-Bela-Vista-do-Piaui-IMG_8100.jpg\"><img loading=\"lazy\" decoding=\"async\" class=\"attachment-medium size-medium lazyloaded\" src=\"https:\/\/infonewss.com\/wp-content\/uploads\/2024\/03\/Vera-Mendes-estreia-com-vitoria-no-Campeonato-Regional-de-Bela-Vista-do-Piaui-IMG_8100-300x200.jpg\" sizes=\"(max-width: 300px) 100vw, 300px\" srcset=\"https:\/\/infonewss.com\/wp-content\/uploads\/2024\/03\/Vera-Mendes-estreia-com-vitoria-no-Campeonato-Regional-de-Bela-Vista-do-Piaui-IMG_8100-300x200.jpg 300w, https:\/\/infonewss.com\/wp-content\/uploads\/2024\/03\/Vera-Mendes-estreia-com-vitoria-no-Campeonato-Regional-de-Bela-Vista-do-Piaui-IMG_8100-768x512.jpg 768w, https:\/\/infonewss.com\/wp-content\/uploads\/2024\/03\/Vera-Mendes-estreia-com-vitoria-no-Campeonato-Regional-de-Bela-Vista-do-Piaui-IMG_8100-150x100.jpg 150w, https:\/\/infonewss.com\/wp-content\/uploads\/2024\/03\/Vera-Mendes-estreia-com-vitoria-no-Campeonato-Regional-de-Bela-Vista-do-Piaui-IMG_8100-696x464.jpg 696w, https:\/\/infonewss.com\/wp-content\/uploads\/2024\/03\/Vera-Mendes-estreia-com-vitoria-no-Campeonato-Regional-de-Bela-Vista-do-Piaui-IMG_8100.jpg 900w\" alt=\"\" width=\"300\" height=\"200\" data-srcset=\"https:\/\/infonewss.com\/wp-content\/uploads\/2024\/03\/Vera-Mendes-estreia-com-vitoria-no-Campeonato-Regional-de-Bela-Vista-do-Piaui-IMG_8100-300x200.jpg 300w, https:\/\/infonewss.com\/wp-content\/uploads\/2024\/03\/Vera-Mendes-estreia-com-vitoria-no-Campeonato-Regional-de-Bela-Vista-do-Piaui-IMG_8100-768x512.jpg 768w, https:\/\/infonewss.com\/wp-content\/uploads\/2024\/03\/Vera-Mendes-estreia-com-vitoria-no-Campeonato-Regional-de-Bela-Vista-do-Piaui-IMG_8100-150x100.jpg 150w, https:\/\/infonewss.com\/wp-content\/uploads\/2024\/03\/Vera-Mendes-estreia-com-vitoria-no-Campeonato-Regional-de-Bela-Vista-do-Piaui-IMG_8100-696x464.jpg 696w, https:\/\/infonewss.com\/wp-content\/uploads\/2024\/03\/Vera-Mendes-estreia-com-vitoria-no-Campeonato-Regional-de-Bela-Vista-do-Piaui-IMG_8100.jpg 900w\" data-src=\"https:\/\/infonewss.com\/wp-content\/uploads\/2024\/03\/Vera-Mendes-estreia-com-vitoria-no-Campeonato-Regional-de-Bela-Vista-do-Piaui-IMG_8100-300x200.jpg\" data-sizes=\"(max-width: 300px) 100vw, 300px\" \/><\/a><\/div>\n<\/figure>\n<figure class=\"gallery-item\">\n<div class=\"gallery-icon landscape\"><a href=\"https:\/\/infonewss.com\/wp-content\/uploads\/2024\/03\/Vera-Mendes-estreia-com-vitoria-no-Campeonato-Regional-de-Bela-Vista-do-Piaui-IMG_8101.jpg\"><img loading=\"lazy\" decoding=\"async\" class=\"attachment-medium size-medium lazyloaded\" src=\"https:\/\/infonewss.com\/wp-content\/uploads\/2024\/03\/Vera-Mendes-estreia-com-vitoria-no-Campeonato-Regional-de-Bela-Vista-do-Piaui-IMG_8101-300x200.jpg\" sizes=\"(max-width: 300px) 100vw, 300px\" srcset=\"https:\/\/infonewss.com\/wp-content\/uploads\/2024\/03\/Vera-Mendes-estreia-com-vitoria-no-Campeonato-Regional-de-Bela-Vista-do-Piaui-IMG_8101-300x200.jpg 300w, https:\/\/infonewss.com\/wp-content\/uploads\/2024\/03\/Vera-Mendes-estreia-com-vitoria-no-Campeonato-Regional-de-Bela-Vista-do-Piaui-IMG_8101-768x512.jpg 768w, https:\/\/infonewss.com\/wp-content\/uploads\/2024\/03\/Vera-Mendes-estreia-com-vitoria-no-Campeonato-Regional-de-Bela-Vista-do-Piaui-IMG_8101-150x100.jpg 150w, https:\/\/infonewss.com\/wp-content\/uploads\/2024\/03\/Vera-Mendes-estreia-com-vitoria-no-Campeonato-Regional-de-Bela-Vista-do-Piaui-IMG_8101-696x464.jpg 696w, https:\/\/infonewss.com\/wp-content\/uploads\/2024\/03\/Vera-Mendes-estreia-com-vitoria-no-Campeonato-Regional-de-Bela-Vista-do-Piaui-IMG_8101.jpg 900w\" alt=\"\" width=\"300\" height=\"200\" data-srcset=\"https:\/\/infonewss.com\/wp-content\/uploads\/2024\/03\/Vera-Mendes-estreia-com-vitoria-no-Campeonato-Regional-de-Bela-Vista-do-Piaui-IMG_8101-300x200.jpg 300w, https:\/\/infonewss.com\/wp-content\/uploads\/2024\/03\/Vera-Mendes-estreia-com-vitoria-no-Campeonato-Regional-de-Bela-Vista-do-Piaui-IMG_8101-768x512.jpg 768w, https:\/\/infonewss.com\/wp-content\/uploads\/2024\/03\/Vera-Mendes-estreia-com-vitoria-no-Campeonato-Regional-de-Bela-Vista-do-Piaui-IMG_8101-150x100.jpg 150w, https:\/\/infonewss.com\/wp-content\/uploads\/2024\/03\/Vera-Mendes-estreia-com-vitoria-no-Campeonato-Regional-de-Bela-Vista-do-Piaui-IMG_8101-696x464.jpg 696w, https:\/\/infonewss.com\/wp-content\/uploads\/2024\/03\/Vera-Mendes-estreia-com-vitoria-no-Campeonato-Regional-de-Bela-Vista-do-Piaui-IMG_8101.jpg 900w\" data-src=\"https:\/\/infonewss.com\/wp-content\/uploads\/2024\/03\/Vera-Mendes-estreia-com-vitoria-no-Campeonato-Regional-de-Bela-Vista-do-Piaui-IMG_8101-300x200.jpg\" data-sizes=\"(max-width: 300px) 100vw, 300px\" \/><\/a><\/div>\n<\/figure>\n<figure class=\"gallery-item\">\n<div class=\"gallery-icon landscape\"><a href=\"https:\/\/infonewss.com\/wp-content\/uploads\/2024\/03\/Vera-Mendes-estreia-com-vitoria-no-Campeonato-Regional-de-Bela-Vista-do-Piaui-IMG_8102.jpg\"><img loading=\"lazy\" decoding=\"async\" class=\"attachment-medium size-medium lazyloaded\" src=\"https:\/\/infonewss.com\/wp-content\/uploads\/2024\/03\/Vera-Mendes-estreia-com-vitoria-no-Campeonato-Regional-de-Bela-Vista-do-Piaui-IMG_8102-300x200.jpg\" sizes=\"(max-width: 300px) 100vw, 300px\" srcset=\"https:\/\/infonewss.com\/wp-content\/uploads\/2024\/03\/Vera-Mendes-estreia-com-vitoria-no-Campeonato-Regional-de-Bela-Vista-do-Piaui-IMG_8102-300x200.jpg 300w, https:\/\/infonewss.com\/wp-content\/uploads\/2024\/03\/Vera-Mendes-estreia-com-vitoria-no-Campeonato-Regional-de-Bela-Vista-do-Piaui-IMG_8102-768x512.jpg 768w, https:\/\/infonewss.com\/wp-content\/uploads\/2024\/03\/Vera-Mendes-estreia-com-vitoria-no-Campeonato-Regional-de-Bela-Vista-do-Piaui-IMG_8102-150x100.jpg 150w, https:\/\/infonewss.com\/wp-content\/uploads\/2024\/03\/Vera-Mendes-estreia-com-vitoria-no-Campeonato-Regional-de-Bela-Vista-do-Piaui-IMG_8102-696x464.jpg 696w, https:\/\/infonewss.com\/wp-content\/uploads\/2024\/03\/Vera-Mendes-estreia-com-vitoria-no-Campeonato-Regional-de-Bela-Vista-do-Piaui-IMG_8102.jpg 900w\" alt=\"\" width=\"300\" height=\"200\" data-srcset=\"https:\/\/infonewss.com\/wp-content\/uploads\/2024\/03\/Vera-Mendes-estreia-com-vitoria-no-Campeonato-Regional-de-Bela-Vista-do-Piaui-IMG_8102-300x200.jpg 300w, https:\/\/infonewss.com\/wp-content\/uploads\/2024\/03\/Vera-Mendes-estreia-com-vitoria-no-Campeonato-Regional-de-Bela-Vista-do-Piaui-IMG_8102-768x512.jpg 768w, https:\/\/infonewss.com\/wp-content\/uploads\/2024\/03\/Vera-Mendes-estreia-com-vitoria-no-Campeonato-Regional-de-Bela-Vista-do-Piaui-IMG_8102-150x100.jpg 150w, https:\/\/infonewss.com\/wp-content\/uploads\/2024\/03\/Vera-Mendes-estreia-com-vitoria-no-Campeonato-Regional-de-Bela-Vista-do-Piaui-IMG_8102-696x464.jpg 696w, https:\/\/infonewss.com\/wp-content\/uploads\/2024\/03\/Vera-Mendes-estreia-com-vitoria-no-Campeonato-Regional-de-Bela-Vista-do-Piaui-IMG_8102.jpg 900w\" data-src=\"https:\/\/infonewss.com\/wp-content\/uploads\/2024\/03\/Vera-Mendes-estreia-com-vitoria-no-Campeonato-Regional-de-Bela-Vista-do-Piaui-IMG_8102-300x200.jpg\" data-sizes=\"(max-width: 300px) 100vw, 300px\" \/><\/a><\/div>\n<\/figure>\n<figure class=\"gallery-item\">\n<div class=\"gallery-icon landscape\"><a href=\"https:\/\/infonewss.com\/wp-content\/uploads\/2024\/03\/Vera-Mendes-estreia-com-vitoria-no-Campeonato-Regional-de-Bela-Vista-do-Piaui-IMG_8103.jpg\"><img loading=\"lazy\" decoding=\"async\" class=\"attachment-medium size-medium lazyloaded\" src=\"https:\/\/infonewss.com\/wp-content\/uploads\/2024\/03\/Vera-Mendes-estreia-com-vitoria-no-Campeonato-Regional-de-Bela-Vista-do-Piaui-IMG_8103-300x200.jpg\" sizes=\"(max-width: 300px) 100vw, 300px\" srcset=\"https:\/\/infonewss.com\/wp-content\/uploads\/2024\/03\/Vera-Mendes-estreia-com-vitoria-no-Campeonato-Regional-de-Bela-Vista-do-Piaui-IMG_8103-300x200.jpg 300w, https:\/\/infonewss.com\/wp-content\/uploads\/2024\/03\/Vera-Mendes-estreia-com-vitoria-no-Campeonato-Regional-de-Bela-Vista-do-Piaui-IMG_8103-768x512.jpg 768w, https:\/\/infonewss.com\/wp-content\/uploads\/2024\/03\/Vera-Mendes-estreia-com-vitoria-no-Campeonato-Regional-de-Bela-Vista-do-Piaui-IMG_8103-150x100.jpg 150w, https:\/\/infonewss.com\/wp-content\/uploads\/2024\/03\/Vera-Mendes-estreia-com-vitoria-no-Campeonato-Regional-de-Bela-Vista-do-Piaui-IMG_8103-696x464.jpg 696w, https:\/\/infonewss.com\/wp-content\/uploads\/2024\/03\/Vera-Mendes-estreia-com-vitoria-no-Campeonato-Regional-de-Bela-Vista-do-Piaui-IMG_8103.jpg 900w\" alt=\"\" width=\"300\" height=\"200\" data-srcset=\"https:\/\/infonewss.com\/wp-content\/uploads\/2024\/03\/Vera-Mendes-estreia-com-vitoria-no-Campeonato-Regional-de-Bela-Vista-do-Piaui-IMG_8103-300x200.jpg 300w, https:\/\/infonewss.com\/wp-content\/uploads\/2024\/03\/Vera-Mendes-estreia-com-vitoria-no-Campeonato-Regional-de-Bela-Vista-do-Piaui-IMG_8103-768x512.jpg 768w, https:\/\/infonewss.com\/wp-content\/uploads\/2024\/03\/Vera-Mendes-estreia-com-vitoria-no-Campeonato-Regional-de-Bela-Vista-do-Piaui-IMG_8103-150x100.jpg 150w, https:\/\/infonewss.com\/wp-content\/uploads\/2024\/03\/Vera-Mendes-estreia-com-vitoria-no-Campeonato-Regional-de-Bela-Vista-do-Piaui-IMG_8103-696x464.jpg 696w, https:\/\/infonewss.com\/wp-content\/uploads\/2024\/03\/Vera-Mendes-estreia-com-vitoria-no-Campeonato-Regional-de-Bela-Vista-do-Piaui-IMG_8103.jpg 900w\" data-src=\"https:\/\/infonewss.com\/wp-content\/uploads\/2024\/03\/Vera-Mendes-estreia-com-vitoria-no-Campeonato-Regional-de-Bela-Vista-do-Piaui-IMG_8103-300x200.jpg\" data-sizes=\"(max-width: 300px) 100vw, 300px\" \/><\/a><\/div>\n<\/figure>\n<figure class=\"gallery-item\">\n<div class=\"gallery-icon portrait\"><a href=\"https:\/\/infonewss.com\/wp-content\/uploads\/2024\/03\/Vera-Mendes-estreia-com-vitoria-no-Campeonato-Regional-de-Bela-Vista-do-Piaui-IMG_8106.jpg\"><img loading=\"lazy\" decoding=\"async\" class=\"attachment-medium size-medium lazyloaded\" src=\"https:\/\/infonewss.com\/wp-content\/uploads\/2024\/03\/Vera-Mendes-estreia-com-vitoria-no-Campeonato-Regional-de-Bela-Vista-do-Piaui-IMG_8106-200x300.jpg\" sizes=\"(max-width: 200px) 100vw, 200px\" srcset=\"https:\/\/infonewss.com\/wp-content\/uploads\/2024\/03\/Vera-Mendes-estreia-com-vitoria-no-Campeonato-Regional-de-Bela-Vista-do-Piaui-IMG_8106-200x300.jpg 200w, https:\/\/infonewss.com\/wp-content\/uploads\/2024\/03\/Vera-Mendes-estreia-com-vitoria-no-Campeonato-Regional-de-Bela-Vista-do-Piaui-IMG_8106-683x1024.jpg 683w, https:\/\/infonewss.com\/wp-content\/uploads\/2024\/03\/Vera-Mendes-estreia-com-vitoria-no-Campeonato-Regional-de-Bela-Vista-do-Piaui-IMG_8106-768x1152.jpg 768w, https:\/\/infonewss.com\/wp-content\/uploads\/2024\/03\/Vera-Mendes-estreia-com-vitoria-no-Campeonato-Regional-de-Bela-Vista-do-Piaui-IMG_8106-150x225.jpg 150w, https:\/\/infonewss.com\/wp-content\/uploads\/2024\/03\/Vera-Mendes-estreia-com-vitoria-no-Campeonato-Regional-de-Bela-Vista-do-Piaui-IMG_8106-300x450.jpg 300w, https:\/\/infonewss.com\/wp-content\/uploads\/2024\/03\/Vera-Mendes-estreia-com-vitoria-no-Campeonato-Regional-de-Bela-Vista-do-Piaui-IMG_8106-696x1044.jpg 696w, https:\/\/infonewss.com\/wp-content\/uploads\/2024\/03\/Vera-Mendes-estreia-com-vitoria-no-Campeonato-Regional-de-Bela-Vista-do-Piaui-IMG_8106.jpg 900w\" alt=\"\" width=\"200\" height=\"300\" data-srcset=\"https:\/\/infonewss.com\/wp-content\/uploads\/2024\/03\/Vera-Mendes-estreia-com-vitoria-no-Campeonato-Regional-de-Bela-Vista-do-Piaui-IMG_8106-200x300.jpg 200w, https:\/\/infonewss.com\/wp-content\/uploads\/2024\/03\/Vera-Mendes-estreia-com-vitoria-no-Campeonato-Regional-de-Bela-Vista-do-Piaui-IMG_8106-683x1024.jpg 683w, https:\/\/infonewss.com\/wp-content\/uploads\/2024\/03\/Vera-Mendes-estreia-com-vitoria-no-Campeonato-Regional-de-Bela-Vista-do-Piaui-IMG_8106-768x1152.jpg 768w, https:\/\/infonewss.com\/wp-content\/uploads\/2024\/03\/Vera-Mendes-estreia-com-vitoria-no-Campeonato-Regional-de-Bela-Vista-do-Piaui-IMG_8106-150x225.jpg 150w, https:\/\/infonewss.com\/wp-content\/uploads\/2024\/03\/Vera-Mendes-estreia-com-vitoria-no-Campeonato-Regional-de-Bela-Vista-do-Piaui-IMG_8106-300x450.jpg 300w, https:\/\/infonewss.com\/wp-content\/uploads\/2024\/03\/Vera-Mendes-estreia-com-vitoria-no-Campeonato-Regional-de-Bela-Vista-do-Piaui-IMG_8106-696x1044.jpg 696w, https:\/\/infonewss.com\/wp-content\/uploads\/2024\/03\/Vera-Mendes-estreia-com-vitoria-no-Campeonato-Regional-de-Bela-Vista-do-Piaui-IMG_8106.jpg 900w\" data-src=\"https:\/\/infonewss.com\/wp-content\/uploads\/2024\/03\/Vera-Mendes-estreia-com-vitoria-no-Campeonato-Regional-de-Bela-Vista-do-Piaui-IMG_8106-200x300.jpg\" data-sizes=\"(max-width: 200px) 100vw, 200px\" \/><\/a><\/div>\n<\/figure>\n<figure class=\"gallery-item\">\n<div class=\"gallery-icon landscape\"><a href=\"https:\/\/infonewss.com\/wp-content\/uploads\/2024\/03\/Vera-Mendes-estreia-com-vitoria-no-Campeonato-Regional-de-Bela-Vista-do-Piaui-IMG_8107.jpg\"><img loading=\"lazy\" decoding=\"async\" class=\"attachment-medium size-medium lazyloaded\" src=\"https:\/\/infonewss.com\/wp-content\/uploads\/2024\/03\/Vera-Mendes-estreia-com-vitoria-no-Campeonato-Regional-de-Bela-Vista-do-Piaui-IMG_8107-300x200.jpg\" sizes=\"(max-width: 300px) 100vw, 300px\" srcset=\"https:\/\/infonewss.com\/wp-content\/uploads\/2024\/03\/Vera-Mendes-estreia-com-vitoria-no-Campeonato-Regional-de-Bela-Vista-do-Piaui-IMG_8107-300x200.jpg 300w, https:\/\/infonewss.com\/wp-content\/uploads\/2024\/03\/Vera-Mendes-estreia-com-vitoria-no-Campeonato-Regional-de-Bela-Vista-do-Piaui-IMG_8107-768x512.jpg 768w, https:\/\/infonewss.com\/wp-content\/uploads\/2024\/03\/Vera-Mendes-estreia-com-vitoria-no-Campeonato-Regional-de-Bela-Vista-do-Piaui-IMG_8107-150x100.jpg 150w, https:\/\/infonewss.com\/wp-content\/uploads\/2024\/03\/Vera-Mendes-estreia-com-vitoria-no-Campeonato-Regional-de-Bela-Vista-do-Piaui-IMG_8107-696x464.jpg 696w, https:\/\/infonewss.com\/wp-content\/uploads\/2024\/03\/Vera-Mendes-estreia-com-vitoria-no-Campeonato-Regional-de-Bela-Vista-do-Piaui-IMG_8107.jpg 900w\" alt=\"\" width=\"300\" height=\"200\" data-srcset=\"https:\/\/infonewss.com\/wp-content\/uploads\/2024\/03\/Vera-Mendes-estreia-com-vitoria-no-Campeonato-Regional-de-Bela-Vista-do-Piaui-IMG_8107-300x200.jpg 300w, https:\/\/infonewss.com\/wp-content\/uploads\/2024\/03\/Vera-Mendes-estreia-com-vitoria-no-Campeonato-Regional-de-Bela-Vista-do-Piaui-IMG_8107-768x512.jpg 768w, https:\/\/infonewss.com\/wp-content\/uploads\/2024\/03\/Vera-Mendes-estreia-com-vitoria-no-Campeonato-Regional-de-Bela-Vista-do-Piaui-IMG_8107-150x100.jpg 150w, https:\/\/infonewss.com\/wp-content\/uploads\/2024\/03\/Vera-Mendes-estreia-com-vitoria-no-Campeonato-Regional-de-Bela-Vista-do-Piaui-IMG_8107-696x464.jpg 696w, https:\/\/infonewss.com\/wp-content\/uploads\/2024\/03\/Vera-Mendes-estreia-com-vitoria-no-Campeonato-Regional-de-Bela-Vista-do-Piaui-IMG_8107.jpg 900w\" data-src=\"https:\/\/infonewss.com\/wp-content\/uploads\/2024\/03\/Vera-Mendes-estreia-com-vitoria-no-Campeonato-Regional-de-Bela-Vista-do-Piaui-IMG_8107-300x200.jpg\" data-sizes=\"(max-width: 300px) 100vw, 300px\" \/><\/a><\/div>\n<\/figure>\n<figure class=\"gallery-item\">\n<div class=\"gallery-icon portrait\"><a href=\"https:\/\/infonewss.com\/wp-content\/uploads\/2024\/03\/Vera-Mendes-estreia-com-vitoria-no-Campeonato-Regional-de-Bela-Vista-do-Piaui-IMG_8109.jpg\"><img loading=\"lazy\" decoding=\"async\" class=\"attachment-medium size-medium lazyloaded\" src=\"https:\/\/infonewss.com\/wp-content\/uploads\/2024\/03\/Vera-Mendes-estreia-com-vitoria-no-Campeonato-Regional-de-Bela-Vista-do-Piaui-IMG_8109-200x300.jpg\" sizes=\"(max-width: 200px) 100vw, 200px\" srcset=\"https:\/\/infonewss.com\/wp-content\/uploads\/2024\/03\/Vera-Mendes-estreia-com-vitoria-no-Campeonato-Regional-de-Bela-Vista-do-Piaui-IMG_8109-200x300.jpg 200w, https:\/\/infonewss.com\/wp-content\/uploads\/2024\/03\/Vera-Mendes-estreia-com-vitoria-no-Campeonato-Regional-de-Bela-Vista-do-Piaui-IMG_8109-683x1024.jpg 683w, https:\/\/infonewss.com\/wp-content\/uploads\/2024\/03\/Vera-Mendes-estreia-com-vitoria-no-Campeonato-Regional-de-Bela-Vista-do-Piaui-IMG_8109-768x1152.jpg 768w, https:\/\/infonewss.com\/wp-content\/uploads\/2024\/03\/Vera-Mendes-estreia-com-vitoria-no-Campeonato-Regional-de-Bela-Vista-do-Piaui-IMG_8109-150x225.jpg 150w, https:\/\/infonewss.com\/wp-content\/uploads\/2024\/03\/Vera-Mendes-estreia-com-vitoria-no-Campeonato-Regional-de-Bela-Vista-do-Piaui-IMG_8109-300x450.jpg 300w, https:\/\/infonewss.com\/wp-content\/uploads\/2024\/03\/Vera-Mendes-estreia-com-vitoria-no-Campeonato-Regional-de-Bela-Vista-do-Piaui-IMG_8109-696x1044.jpg 696w, https:\/\/infonewss.com\/wp-content\/uploads\/2024\/03\/Vera-Mendes-estreia-com-vitoria-no-Campeonato-Regional-de-Bela-Vista-do-Piaui-IMG_8109.jpg 900w\" alt=\"\" width=\"200\" height=\"300\" data-srcset=\"https:\/\/infonewss.com\/wp-content\/uploads\/2024\/03\/Vera-Mendes-estreia-com-vitoria-no-Campeonato-Regional-de-Bela-Vista-do-Piaui-IMG_8109-200x300.jpg 200w, https:\/\/infonewss.com\/wp-content\/uploads\/2024\/03\/Vera-Mendes-estreia-com-vitoria-no-Campeonato-Regional-de-Bela-Vista-do-Piaui-IMG_8109-683x1024.jpg 683w, https:\/\/infonewss.com\/wp-content\/uploads\/2024\/03\/Vera-Mendes-estreia-com-vitoria-no-Campeonato-Regional-de-Bela-Vista-do-Piaui-IMG_8109-768x1152.jpg 768w, https:\/\/infonewss.com\/wp-content\/uploads\/2024\/03\/Vera-Mendes-estreia-com-vitoria-no-Campeonato-Regional-de-Bela-Vista-do-Piaui-IMG_8109-150x225.jpg 150w, https:\/\/infonewss.com\/wp-content\/uploads\/2024\/03\/Vera-Mendes-estreia-com-vitoria-no-Campeonato-Regional-de-Bela-Vista-do-Piaui-IMG_8109-300x450.jpg 300w, https:\/\/infonewss.com\/wp-content\/uploads\/2024\/03\/Vera-Mendes-estreia-com-vitoria-no-Campeonato-Regional-de-Bela-Vista-do-Piaui-IMG_8109-696x1044.jpg 696w, https:\/\/infonewss.com\/wp-content\/uploads\/2024\/03\/Vera-Mendes-estreia-com-vitoria-no-Campeonato-Regional-de-Bela-Vista-do-Piaui-IMG_8109.jpg 900w\" data-src=\"https:\/\/infonewss.com\/wp-content\/uploads\/2024\/03\/Vera-Mendes-estreia-com-vitoria-no-Campeonato-Regional-de-Bela-Vista-do-Piaui-IMG_8109-200x300.jpg\" data-sizes=\"(max-width: 200px) 100vw, 200px\" \/><\/a><\/div>\n<\/figure>\n<figure class=\"gallery-item\">\n<div class=\"gallery-icon portrait\"><a href=\"https:\/\/infonewss.com\/wp-content\/uploads\/2024\/03\/Vera-Mendes-estreia-com-vitoria-no-Campeonato-Regional-de-Bela-Vista-do-Piaui-IMG_8110.jpg\"><img loading=\"lazy\" decoding=\"async\" class=\"attachment-medium size-medium lazyloaded\" src=\"https:\/\/infonewss.com\/wp-content\/uploads\/2024\/03\/Vera-Mendes-estreia-com-vitoria-no-Campeonato-Regional-de-Bela-Vista-do-Piaui-IMG_8110-200x300.jpg\" sizes=\"(max-width: 200px) 100vw, 200px\" srcset=\"https:\/\/infonewss.com\/wp-content\/uploads\/2024\/03\/Vera-Mendes-estreia-com-vitoria-no-Campeonato-Regional-de-Bela-Vista-do-Piaui-IMG_8110-200x300.jpg 200w, https:\/\/infonewss.com\/wp-content\/uploads\/2024\/03\/Vera-Mendes-estreia-com-vitoria-no-Campeonato-Regional-de-Bela-Vista-do-Piaui-IMG_8110-683x1024.jpg 683w, https:\/\/infonewss.com\/wp-content\/uploads\/2024\/03\/Vera-Mendes-estreia-com-vitoria-no-Campeonato-Regional-de-Bela-Vista-do-Piaui-IMG_8110-768x1152.jpg 768w, https:\/\/infonewss.com\/wp-content\/uploads\/2024\/03\/Vera-Mendes-estreia-com-vitoria-no-Campeonato-Regional-de-Bela-Vista-do-Piaui-IMG_8110-150x225.jpg 150w, https:\/\/infonewss.com\/wp-content\/uploads\/2024\/03\/Vera-Mendes-estreia-com-vitoria-no-Campeonato-Regional-de-Bela-Vista-do-Piaui-IMG_8110-300x450.jpg 300w, https:\/\/infonewss.com\/wp-content\/uploads\/2024\/03\/Vera-Mendes-estreia-com-vitoria-no-Campeonato-Regional-de-Bela-Vista-do-Piaui-IMG_8110-696x1044.jpg 696w, https:\/\/infonewss.com\/wp-content\/uploads\/2024\/03\/Vera-Mendes-estreia-com-vitoria-no-Campeonato-Regional-de-Bela-Vista-do-Piaui-IMG_8110.jpg 900w\" alt=\"\" width=\"200\" height=\"300\" data-srcset=\"https:\/\/infonewss.com\/wp-content\/uploads\/2024\/03\/Vera-Mendes-estreia-com-vitoria-no-Campeonato-Regional-de-Bela-Vista-do-Piaui-IMG_8110-200x300.jpg 200w, https:\/\/infonewss.com\/wp-content\/uploads\/2024\/03\/Vera-Mendes-estreia-com-vitoria-no-Campeonato-Regional-de-Bela-Vista-do-Piaui-IMG_8110-683x1024.jpg 683w, https:\/\/infonewss.com\/wp-content\/uploads\/2024\/03\/Vera-Mendes-estreia-com-vitoria-no-Campeonato-Regional-de-Bela-Vista-do-Piaui-IMG_8110-768x1152.jpg 768w, https:\/\/infonewss.com\/wp-content\/uploads\/2024\/03\/Vera-Mendes-estreia-com-vitoria-no-Campeonato-Regional-de-Bela-Vista-do-Piaui-IMG_8110-150x225.jpg 150w, https:\/\/infonewss.com\/wp-content\/uploads\/2024\/03\/Vera-Mendes-estreia-com-vitoria-no-Campeonato-Regional-de-Bela-Vista-do-Piaui-IMG_8110-300x450.jpg 300w, https:\/\/infonewss.com\/wp-content\/uploads\/2024\/03\/Vera-Mendes-estreia-com-vitoria-no-Campeonato-Regional-de-Bela-Vista-do-Piaui-IMG_8110-696x1044.jpg 696w, https:\/\/infonewss.com\/wp-content\/uploads\/2024\/03\/Vera-Mendes-estreia-com-vitoria-no-Campeonato-Regional-de-Bela-Vista-do-Piaui-IMG_8110.jpg 900w\" data-src=\"https:\/\/infonewss.com\/wp-content\/uploads\/2024\/03\/Vera-Mendes-estreia-com-vitoria-no-Campeonato-Regional-de-Bela-Vista-do-Piaui-IMG_8110-200x300.jpg\" data-sizes=\"(max-width: 200px) 100vw, 200px\" \/><\/a><\/div>\n<\/figure>\n<figure class=\"gallery-item\">\n<div class=\"gallery-icon portrait\"><a href=\"https:\/\/infonewss.com\/wp-content\/uploads\/2024\/03\/Vera-Mendes-estreia-com-vitoria-no-Campeonato-Regional-de-Bela-Vista-do-Piaui-IMG_8112.jpg\"><img loading=\"lazy\" decoding=\"async\" class=\"attachment-medium size-medium lazyloaded\" src=\"https:\/\/infonewss.com\/wp-content\/uploads\/2024\/03\/Vera-Mendes-estreia-com-vitoria-no-Campeonato-Regional-de-Bela-Vista-do-Piaui-IMG_8112-200x300.jpg\" sizes=\"(max-width: 200px) 100vw, 200px\" srcset=\"https:\/\/infonewss.com\/wp-content\/uploads\/2024\/03\/Vera-Mendes-estreia-com-vitoria-no-Campeonato-Regional-de-Bela-Vista-do-Piaui-IMG_8112-200x300.jpg 200w, https:\/\/infonewss.com\/wp-content\/uploads\/2024\/03\/Vera-Mendes-estreia-com-vitoria-no-Campeonato-Regional-de-Bela-Vista-do-Piaui-IMG_8112-683x1024.jpg 683w, https:\/\/infonewss.com\/wp-content\/uploads\/2024\/03\/Vera-Mendes-estreia-com-vitoria-no-Campeonato-Regional-de-Bela-Vista-do-Piaui-IMG_8112-768x1152.jpg 768w, https:\/\/infonewss.com\/wp-content\/uploads\/2024\/03\/Vera-Mendes-estreia-com-vitoria-no-Campeonato-Regional-de-Bela-Vista-do-Piaui-IMG_8112-150x225.jpg 150w, https:\/\/infonewss.com\/wp-content\/uploads\/2024\/03\/Vera-Mendes-estreia-com-vitoria-no-Campeonato-Regional-de-Bela-Vista-do-Piaui-IMG_8112-300x450.jpg 300w, https:\/\/infonewss.com\/wp-content\/uploads\/2024\/03\/Vera-Mendes-estreia-com-vitoria-no-Campeonato-Regional-de-Bela-Vista-do-Piaui-IMG_8112-696x1044.jpg 696w, https:\/\/infonewss.com\/wp-content\/uploads\/2024\/03\/Vera-Mendes-estreia-com-vitoria-no-Campeonato-Regional-de-Bela-Vista-do-Piaui-IMG_8112.jpg 900w\" alt=\"\" width=\"200\" height=\"300\" data-srcset=\"https:\/\/infonewss.com\/wp-content\/uploads\/2024\/03\/Vera-Mendes-estreia-com-vitoria-no-Campeonato-Regional-de-Bela-Vista-do-Piaui-IMG_8112-200x300.jpg 200w, https:\/\/infonewss.com\/wp-content\/uploads\/2024\/03\/Vera-Mendes-estreia-com-vitoria-no-Campeonato-Regional-de-Bela-Vista-do-Piaui-IMG_8112-683x1024.jpg 683w, https:\/\/infonewss.com\/wp-content\/uploads\/2024\/03\/Vera-Mendes-estreia-com-vitoria-no-Campeonato-Regional-de-Bela-Vista-do-Piaui-IMG_8112-768x1152.jpg 768w, https:\/\/infonewss.com\/wp-content\/uploads\/2024\/03\/Vera-Mendes-estreia-com-vitoria-no-Campeonato-Regional-de-Bela-Vista-do-Piaui-IMG_8112-150x225.jpg 150w, https:\/\/infonewss.com\/wp-content\/uploads\/2024\/03\/Vera-Mendes-estreia-com-vitoria-no-Campeonato-Regional-de-Bela-Vista-do-Piaui-IMG_8112-300x450.jpg 300w, https:\/\/infonewss.com\/wp-content\/uploads\/2024\/03\/Vera-Mendes-estreia-com-vitoria-no-Campeonato-Regional-de-Bela-Vista-do-Piaui-IMG_8112-696x1044.jpg 696w, https:\/\/infonewss.com\/wp-content\/uploads\/2024\/03\/Vera-Mendes-estreia-com-vitoria-no-Campeonato-Regional-de-Bela-Vista-do-Piaui-IMG_8112.jpg 900w\" data-src=\"https:\/\/infonewss.com\/wp-content\/uploads\/2024\/03\/Vera-Mendes-estreia-com-vitoria-no-Campeonato-Regional-de-Bela-Vista-do-Piaui-IMG_8112-200x300.jpg\" data-sizes=\"(max-width: 200px) 100vw, 200px\" \/><\/a><\/div>\n<\/figure>\n<figure class=\"gallery-item\">\n<div class=\"gallery-icon landscape\"><a href=\"https:\/\/infonewss.com\/wp-content\/uploads\/2024\/03\/Vera-Mendes-estreia-com-vitoria-no-Campeonato-Regional-de-Bela-Vista-do-Piaui-IMG_8115.jpg\"><img loading=\"lazy\" decoding=\"async\" class=\"attachment-medium size-medium lazyloaded\" src=\"https:\/\/infonewss.com\/wp-content\/uploads\/2024\/03\/Vera-Mendes-estreia-com-vitoria-no-Campeonato-Regional-de-Bela-Vista-do-Piaui-IMG_8115-300x200.jpg\" sizes=\"(max-width: 300px) 100vw, 300px\" srcset=\"https:\/\/infonewss.com\/wp-content\/uploads\/2024\/03\/Vera-Mendes-estreia-com-vitoria-no-Campeonato-Regional-de-Bela-Vista-do-Piaui-IMG_8115-300x200.jpg 300w, https:\/\/infonewss.com\/wp-content\/uploads\/2024\/03\/Vera-Mendes-estreia-com-vitoria-no-Campeonato-Regional-de-Bela-Vista-do-Piaui-IMG_8115-768x512.jpg 768w, https:\/\/infonewss.com\/wp-content\/uploads\/2024\/03\/Vera-Mendes-estreia-com-vitoria-no-Campeonato-Regional-de-Bela-Vista-do-Piaui-IMG_8115-150x100.jpg 150w, https:\/\/infonewss.com\/wp-content\/uploads\/2024\/03\/Vera-Mendes-estreia-com-vitoria-no-Campeonato-Regional-de-Bela-Vista-do-Piaui-IMG_8115-696x464.jpg 696w, https:\/\/infonewss.com\/wp-content\/uploads\/2024\/03\/Vera-Mendes-estreia-com-vitoria-no-Campeonato-Regional-de-Bela-Vista-do-Piaui-IMG_8115.jpg 900w\" alt=\"\" width=\"300\" height=\"200\" data-srcset=\"https:\/\/infonewss.com\/wp-content\/uploads\/2024\/03\/Vera-Mendes-estreia-com-vitoria-no-Campeonato-Regional-de-Bela-Vista-do-Piaui-IMG_8115-300x200.jpg 300w, https:\/\/infonewss.com\/wp-content\/uploads\/2024\/03\/Vera-Mendes-estreia-com-vitoria-no-Campeonato-Regional-de-Bela-Vista-do-Piaui-IMG_8115-768x512.jpg 768w, https:\/\/infonewss.com\/wp-content\/uploads\/2024\/03\/Vera-Mendes-estreia-com-vitoria-no-Campeonato-Regional-de-Bela-Vista-do-Piaui-IMG_8115-150x100.jpg 150w, https:\/\/infonewss.com\/wp-content\/uploads\/2024\/03\/Vera-Mendes-estreia-com-vitoria-no-Campeonato-Regional-de-Bela-Vista-do-Piaui-IMG_8115-696x464.jpg 696w, https:\/\/infonewss.com\/wp-content\/uploads\/2024\/03\/Vera-Mendes-estreia-com-vitoria-no-Campeonato-Regional-de-Bela-Vista-do-Piaui-IMG_8115.jpg 900w\" data-src=\"https:\/\/infonewss.com\/wp-content\/uploads\/2024\/03\/Vera-Mendes-estreia-com-vitoria-no-Campeonato-Regional-de-Bela-Vista-do-Piaui-IMG_8115-300x200.jpg\" data-sizes=\"(max-width: 300px) 100vw, 300px\" \/><\/a><\/div>\n<\/figure>\n<figure class=\"gallery-item\">\n<div class=\"gallery-icon landscape\"><a href=\"https:\/\/infonewss.com\/wp-content\/uploads\/2024\/03\/Vera-Mendes-estreia-com-vitoria-no-Campeonato-Regional-de-Bela-Vista-do-Piaui-IMG_8116.jpg\"><img loading=\"lazy\" decoding=\"async\" class=\"attachment-medium size-medium lazyloaded\" src=\"https:\/\/infonewss.com\/wp-content\/uploads\/2024\/03\/Vera-Mendes-estreia-com-vitoria-no-Campeonato-Regional-de-Bela-Vista-do-Piaui-IMG_8116-300x200.jpg\" sizes=\"(max-width: 300px) 100vw, 300px\" srcset=\"https:\/\/infonewss.com\/wp-content\/uploads\/2024\/03\/Vera-Mendes-estreia-com-vitoria-no-Campeonato-Regional-de-Bela-Vista-do-Piaui-IMG_8116-300x200.jpg 300w, https:\/\/infonewss.com\/wp-content\/uploads\/2024\/03\/Vera-Mendes-estreia-com-vitoria-no-Campeonato-Regional-de-Bela-Vista-do-Piaui-IMG_8116-768x512.jpg 768w, https:\/\/infonewss.com\/wp-content\/uploads\/2024\/03\/Vera-Mendes-estreia-com-vitoria-no-Campeonato-Regional-de-Bela-Vista-do-Piaui-IMG_8116-150x100.jpg 150w, https:\/\/infonewss.com\/wp-content\/uploads\/2024\/03\/Vera-Mendes-estreia-com-vitoria-no-Campeonato-Regional-de-Bela-Vista-do-Piaui-IMG_8116-696x464.jpg 696w, https:\/\/infonewss.com\/wp-content\/uploads\/2024\/03\/Vera-Mendes-estreia-com-vitoria-no-Campeonato-Regional-de-Bela-Vista-do-Piaui-IMG_8116.jpg 900w\" alt=\"\" width=\"300\" height=\"200\" data-srcset=\"https:\/\/infonewss.com\/wp-content\/uploads\/2024\/03\/Vera-Mendes-estreia-com-vitoria-no-Campeonato-Regional-de-Bela-Vista-do-Piaui-IMG_8116-300x200.jpg 300w, https:\/\/infonewss.com\/wp-content\/uploads\/2024\/03\/Vera-Mendes-estreia-com-vitoria-no-Campeonato-Regional-de-Bela-Vista-do-Piaui-IMG_8116-768x512.jpg 768w, https:\/\/infonewss.com\/wp-content\/uploads\/2024\/03\/Vera-Mendes-estreia-com-vitoria-no-Campeonato-Regional-de-Bela-Vista-do-Piaui-IMG_8116-150x100.jpg 150w, https:\/\/infonewss.com\/wp-content\/uploads\/2024\/03\/Vera-Mendes-estreia-com-vitoria-no-Campeonato-Regional-de-Bela-Vista-do-Piaui-IMG_8116-696x464.jpg 696w, https:\/\/infonewss.com\/wp-content\/uploads\/2024\/03\/Vera-Mendes-estreia-com-vitoria-no-Campeonato-Regional-de-Bela-Vista-do-Piaui-IMG_8116.jpg 900w\" data-src=\"https:\/\/infonewss.com\/wp-content\/uploads\/2024\/03\/Vera-Mendes-estreia-com-vitoria-no-Campeonato-Regional-de-Bela-Vista-do-Piaui-IMG_8116-300x200.jpg\" data-sizes=\"(max-width: 300px) 100vw, 300px\" \/><\/a><\/div>\n<\/figure>\n<figure class=\"gallery-item\">\n<div class=\"gallery-icon landscape\"><a href=\"https:\/\/infonewss.com\/wp-content\/uploads\/2024\/03\/Vera-Mendes-estreia-com-vitoria-no-Campeonato-Regional-de-Bela-Vista-do-Piaui-IMG_8118.jpg\"><img loading=\"lazy\" decoding=\"async\" class=\"attachment-medium size-medium ls-is-cached lazyloaded\" src=\"https:\/\/infonewss.com\/wp-content\/uploads\/2024\/03\/Vera-Mendes-estreia-com-vitoria-no-Campeonato-Regional-de-Bela-Vista-do-Piaui-IMG_8118-300x200.jpg\" sizes=\"(max-width: 300px) 100vw, 300px\" srcset=\"https:\/\/infonewss.com\/wp-content\/uploads\/2024\/03\/Vera-Mendes-estreia-com-vitoria-no-Campeonato-Regional-de-Bela-Vista-do-Piaui-IMG_8118-300x200.jpg 300w, https:\/\/infonewss.com\/wp-content\/uploads\/2024\/03\/Vera-Mendes-estreia-com-vitoria-no-Campeonato-Regional-de-Bela-Vista-do-Piaui-IMG_8118-768x512.jpg 768w, https:\/\/infonewss.com\/wp-content\/uploads\/2024\/03\/Vera-Mendes-estreia-com-vitoria-no-Campeonato-Regional-de-Bela-Vista-do-Piaui-IMG_8118-150x100.jpg 150w, https:\/\/infonewss.com\/wp-content\/uploads\/2024\/03\/Vera-Mendes-estreia-com-vitoria-no-Campeonato-Regional-de-Bela-Vista-do-Piaui-IMG_8118-696x464.jpg 696w, https:\/\/infonewss.com\/wp-content\/uploads\/2024\/03\/Vera-Mendes-estreia-com-vitoria-no-Campeonato-Regional-de-Bela-Vista-do-Piaui-IMG_8118.jpg 900w\" alt=\"\" width=\"300\" height=\"200\" data-srcset=\"https:\/\/infonewss.com\/wp-content\/uploads\/2024\/03\/Vera-Mendes-estreia-com-vitoria-no-Campeonato-Regional-de-Bela-Vista-do-Piaui-IMG_8118-300x200.jpg 300w, https:\/\/infonewss.com\/wp-content\/uploads\/2024\/03\/Vera-Mendes-estreia-com-vitoria-no-Campeonato-Regional-de-Bela-Vista-do-Piaui-IMG_8118-768x512.jpg 768w, https:\/\/infonewss.com\/wp-content\/uploads\/2024\/03\/Vera-Mendes-estreia-com-vitoria-no-Campeonato-Regional-de-Bela-Vista-do-Piaui-IMG_8118-150x100.jpg 150w, https:\/\/infonewss.com\/wp-content\/uploads\/2024\/03\/Vera-Mendes-estreia-com-vitoria-no-Campeonato-Regional-de-Bela-Vista-do-Piaui-IMG_8118-696x464.jpg 696w, https:\/\/infonewss.com\/wp-content\/uploads\/2024\/03\/Vera-Mendes-estreia-com-vitoria-no-Campeonato-Regional-de-Bela-Vista-do-Piaui-IMG_8118.jpg 900w\" data-src=\"https:\/\/infonewss.com\/wp-content\/uploads\/2024\/03\/Vera-Mendes-estreia-com-vitoria-no-Campeonato-Regional-de-Bela-Vista-do-Piaui-IMG_8118-300x200.jpg\" data-sizes=\"(max-width: 300px) 100vw, 300px\" \/><\/a><\/div>\n<\/figure>\n<figure class=\"gallery-item\">\n<div class=\"gallery-icon portrait\"><a href=\"https:\/\/infonewss.com\/wp-content\/uploads\/2024\/03\/Vera-Mendes-estreia-com-vitoria-no-Campeonato-Regional-de-Bela-Vista-do-Piaui-IMG_8120.jpg\"><img loading=\"lazy\" decoding=\"async\" class=\"attachment-medium size-medium lazyloaded\" src=\"https:\/\/infonewss.com\/wp-content\/uploads\/2024\/03\/Vera-Mendes-estreia-com-vitoria-no-Campeonato-Regional-de-Bela-Vista-do-Piaui-IMG_8120-200x300.jpg\" sizes=\"(max-width: 200px) 100vw, 200px\" srcset=\"https:\/\/infonewss.com\/wp-content\/uploads\/2024\/03\/Vera-Mendes-estreia-com-vitoria-no-Campeonato-Regional-de-Bela-Vista-do-Piaui-IMG_8120-200x300.jpg 200w, https:\/\/infonewss.com\/wp-content\/uploads\/2024\/03\/Vera-Mendes-estreia-com-vitoria-no-Campeonato-Regional-de-Bela-Vista-do-Piaui-IMG_8120-683x1024.jpg 683w, https:\/\/infonewss.com\/wp-content\/uploads\/2024\/03\/Vera-Mendes-estreia-com-vitoria-no-Campeonato-Regional-de-Bela-Vista-do-Piaui-IMG_8120-768x1152.jpg 768w, https:\/\/infonewss.com\/wp-content\/uploads\/2024\/03\/Vera-Mendes-estreia-com-vitoria-no-Campeonato-Regional-de-Bela-Vista-do-Piaui-IMG_8120-150x225.jpg 150w, https:\/\/infonewss.com\/wp-content\/uploads\/2024\/03\/Vera-Mendes-estreia-com-vitoria-no-Campeonato-Regional-de-Bela-Vista-do-Piaui-IMG_8120-300x450.jpg 300w, https:\/\/infonewss.com\/wp-content\/uploads\/2024\/03\/Vera-Mendes-estreia-com-vitoria-no-Campeonato-Regional-de-Bela-Vista-do-Piaui-IMG_8120-696x1044.jpg 696w, https:\/\/infonewss.com\/wp-content\/uploads\/2024\/03\/Vera-Mendes-estreia-com-vitoria-no-Campeonato-Regional-de-Bela-Vista-do-Piaui-IMG_8120.jpg 900w\" alt=\"\" width=\"200\" height=\"300\" data-srcset=\"https:\/\/infonewss.com\/wp-content\/uploads\/2024\/03\/Vera-Mendes-estreia-com-vitoria-no-Campeonato-Regional-de-Bela-Vista-do-Piaui-IMG_8120-200x300.jpg 200w, https:\/\/infonewss.com\/wp-content\/uploads\/2024\/03\/Vera-Mendes-estreia-com-vitoria-no-Campeonato-Regional-de-Bela-Vista-do-Piaui-IMG_8120-683x1024.jpg 683w, https:\/\/infonewss.com\/wp-content\/uploads\/2024\/03\/Vera-Mendes-estreia-com-vitoria-no-Campeonato-Regional-de-Bela-Vista-do-Piaui-IMG_8120-768x1152.jpg 768w, https:\/\/infonewss.com\/wp-content\/uploads\/2024\/03\/Vera-Mendes-estreia-com-vitoria-no-Campeonato-Regional-de-Bela-Vista-do-Piaui-IMG_8120-150x225.jpg 150w, https:\/\/infonewss.com\/wp-content\/uploads\/2024\/03\/Vera-Mendes-estreia-com-vitoria-no-Campeonato-Regional-de-Bela-Vista-do-Piaui-IMG_8120-300x450.jpg 300w, https:\/\/infonewss.com\/wp-content\/uploads\/2024\/03\/Vera-Mendes-estreia-com-vitoria-no-Campeonato-Regional-de-Bela-Vista-do-Piaui-IMG_8120-696x1044.jpg 696w, https:\/\/infonewss.com\/wp-content\/uploads\/2024\/03\/Vera-Mendes-estreia-com-vitoria-no-Campeonato-Regional-de-Bela-Vista-do-Piaui-IMG_8120.jpg 900w\" data-src=\"https:\/\/infonewss.com\/wp-content\/uploads\/2024\/03\/Vera-Mendes-estreia-com-vitoria-no-Campeonato-Regional-de-Bela-Vista-do-Piaui-IMG_8120-200x300.jpg\" data-sizes=\"(max-width: 200px) 100vw, 200px\" \/><\/a><\/div>\n<\/figure>\n<figure class=\"gallery-item\">\n<div class=\"gallery-icon landscape\"><a href=\"https:\/\/infonewss.com\/wp-content\/uploads\/2024\/03\/Vera-Mendes-estreia-com-vitoria-no-Campeonato-Regional-de-Bela-Vista-do-Piaui-IMG_8122.jpg\"><img loading=\"lazy\" decoding=\"async\" class=\"attachment-medium size-medium lazyloaded\" src=\"https:\/\/infonewss.com\/wp-content\/uploads\/2024\/03\/Vera-Mendes-estreia-com-vitoria-no-Campeonato-Regional-de-Bela-Vista-do-Piaui-IMG_8122-300x200.jpg\" sizes=\"(max-width: 300px) 100vw, 300px\" srcset=\"https:\/\/infonewss.com\/wp-content\/uploads\/2024\/03\/Vera-Mendes-estreia-com-vitoria-no-Campeonato-Regional-de-Bela-Vista-do-Piaui-IMG_8122-300x200.jpg 300w, https:\/\/infonewss.com\/wp-content\/uploads\/2024\/03\/Vera-Mendes-estreia-com-vitoria-no-Campeonato-Regional-de-Bela-Vista-do-Piaui-IMG_8122-768x512.jpg 768w, https:\/\/infonewss.com\/wp-content\/uploads\/2024\/03\/Vera-Mendes-estreia-com-vitoria-no-Campeonato-Regional-de-Bela-Vista-do-Piaui-IMG_8122-150x100.jpg 150w, https:\/\/infonewss.com\/wp-content\/uploads\/2024\/03\/Vera-Mendes-estreia-com-vitoria-no-Campeonato-Regional-de-Bela-Vista-do-Piaui-IMG_8122-696x464.jpg 696w, https:\/\/infonewss.com\/wp-content\/uploads\/2024\/03\/Vera-Mendes-estreia-com-vitoria-no-Campeonato-Regional-de-Bela-Vista-do-Piaui-IMG_8122.jpg 900w\" alt=\"\" width=\"300\" height=\"200\" data-srcset=\"https:\/\/infonewss.com\/wp-content\/uploads\/2024\/03\/Vera-Mendes-estreia-com-vitoria-no-Campeonato-Regional-de-Bela-Vista-do-Piaui-IMG_8122-300x200.jpg 300w, https:\/\/infonewss.com\/wp-content\/uploads\/2024\/03\/Vera-Mendes-estreia-com-vitoria-no-Campeonato-Regional-de-Bela-Vista-do-Piaui-IMG_8122-768x512.jpg 768w, https:\/\/infonewss.com\/wp-content\/uploads\/2024\/03\/Vera-Mendes-estreia-com-vitoria-no-Campeonato-Regional-de-Bela-Vista-do-Piaui-IMG_8122-150x100.jpg 150w, https:\/\/infonewss.com\/wp-content\/uploads\/2024\/03\/Vera-Mendes-estreia-com-vitoria-no-Campeonato-Regional-de-Bela-Vista-do-Piaui-IMG_8122-696x464.jpg 696w, https:\/\/infonewss.com\/wp-content\/uploads\/2024\/03\/Vera-Mendes-estreia-com-vitoria-no-Campeonato-Regional-de-Bela-Vista-do-Piaui-IMG_8122.jpg 900w\" data-src=\"https:\/\/infonewss.com\/wp-content\/uploads\/2024\/03\/Vera-Mendes-estreia-com-vitoria-no-Campeonato-Regional-de-Bela-Vista-do-Piaui-IMG_8122-300x200.jpg\" data-sizes=\"(max-width: 300px) 100vw, 300px\" \/><\/a><\/div>\n<\/figure>\n<figure class=\"gallery-item\">\n<div class=\"gallery-icon landscape\"><a href=\"https:\/\/infonewss.com\/wp-content\/uploads\/2024\/03\/Vera-Mendes-estreia-com-vitoria-no-Campeonato-Regional-de-Bela-Vista-do-Piaui-IMG_8123.jpg\"><img loading=\"lazy\" decoding=\"async\" class=\"attachment-medium size-medium lazyloaded\" src=\"https:\/\/infonewss.com\/wp-content\/uploads\/2024\/03\/Vera-Mendes-estreia-com-vitoria-no-Campeonato-Regional-de-Bela-Vista-do-Piaui-IMG_8123-300x200.jpg\" sizes=\"(max-width: 300px) 100vw, 300px\" srcset=\"https:\/\/infonewss.com\/wp-content\/uploads\/2024\/03\/Vera-Mendes-estreia-com-vitoria-no-Campeonato-Regional-de-Bela-Vista-do-Piaui-IMG_8123-300x200.jpg 300w, https:\/\/infonewss.com\/wp-content\/uploads\/2024\/03\/Vera-Mendes-estreia-com-vitoria-no-Campeonato-Regional-de-Bela-Vista-do-Piaui-IMG_8123-768x512.jpg 768w, https:\/\/infonewss.com\/wp-content\/uploads\/2024\/03\/Vera-Mendes-estreia-com-vitoria-no-Campeonato-Regional-de-Bela-Vista-do-Piaui-IMG_8123-150x100.jpg 150w, https:\/\/infonewss.com\/wp-content\/uploads\/2024\/03\/Vera-Mendes-estreia-com-vitoria-no-Campeonato-Regional-de-Bela-Vista-do-Piaui-IMG_8123-696x464.jpg 696w, https:\/\/infonewss.com\/wp-content\/uploads\/2024\/03\/Vera-Mendes-estreia-com-vitoria-no-Campeonato-Regional-de-Bela-Vista-do-Piaui-IMG_8123.jpg 900w\" alt=\"\" width=\"300\" height=\"200\" data-srcset=\"https:\/\/infonewss.com\/wp-content\/uploads\/2024\/03\/Vera-Mendes-estreia-com-vitoria-no-Campeonato-Regional-de-Bela-Vista-do-Piaui-IMG_8123-300x200.jpg 300w, https:\/\/infonewss.com\/wp-content\/uploads\/2024\/03\/Vera-Mendes-estreia-com-vitoria-no-Campeonato-Regional-de-Bela-Vista-do-Piaui-IMG_8123-768x512.jpg 768w, https:\/\/infonewss.com\/wp-content\/uploads\/2024\/03\/Vera-Mendes-estreia-com-vitoria-no-Campeonato-Regional-de-Bela-Vista-do-Piaui-IMG_8123-150x100.jpg 150w, https:\/\/infonewss.com\/wp-content\/uploads\/2024\/03\/Vera-Mendes-estreia-com-vitoria-no-Campeonato-Regional-de-Bela-Vista-do-Piaui-IMG_8123-696x464.jpg 696w, https:\/\/infonewss.com\/wp-content\/uploads\/2024\/03\/Vera-Mendes-estreia-com-vitoria-no-Campeonato-Regional-de-Bela-Vista-do-Piaui-IMG_8123.jpg 900w\" data-src=\"https:\/\/infonewss.com\/wp-content\/uploads\/2024\/03\/Vera-Mendes-estreia-com-vitoria-no-Campeonato-Regional-de-Bela-Vista-do-Piaui-IMG_8123-300x200.jpg\" data-sizes=\"(max-width: 300px) 100vw, 300px\" \/><\/a><\/div>\n<\/figure>\n<figure class=\"gallery-item\">\n<div class=\"gallery-icon landscape\"><a href=\"https:\/\/infonewss.com\/wp-content\/uploads\/2024\/03\/Vera-Mendes-estreia-com-vitoria-no-Campeonato-Regional-de-Bela-Vista-do-Piaui-IMG_8126.jpg\"><img loading=\"lazy\" decoding=\"async\" class=\"attachment-medium size-medium lazyloaded\" src=\"https:\/\/infonewss.com\/wp-content\/uploads\/2024\/03\/Vera-Mendes-estreia-com-vitoria-no-Campeonato-Regional-de-Bela-Vista-do-Piaui-IMG_8126-300x200.jpg\" sizes=\"(max-width: 300px) 100vw, 300px\" srcset=\"https:\/\/infonewss.com\/wp-content\/uploads\/2024\/03\/Vera-Mendes-estreia-com-vitoria-no-Campeonato-Regional-de-Bela-Vista-do-Piaui-IMG_8126-300x200.jpg 300w, https:\/\/infonewss.com\/wp-content\/uploads\/2024\/03\/Vera-Mendes-estreia-com-vitoria-no-Campeonato-Regional-de-Bela-Vista-do-Piaui-IMG_8126-768x512.jpg 768w, https:\/\/infonewss.com\/wp-content\/uploads\/2024\/03\/Vera-Mendes-estreia-com-vitoria-no-Campeonato-Regional-de-Bela-Vista-do-Piaui-IMG_8126-150x100.jpg 150w, https:\/\/infonewss.com\/wp-content\/uploads\/2024\/03\/Vera-Mendes-estreia-com-vitoria-no-Campeonato-Regional-de-Bela-Vista-do-Piaui-IMG_8126-696x464.jpg 696w, https:\/\/infonewss.com\/wp-content\/uploads\/2024\/03\/Vera-Mendes-estreia-com-vitoria-no-Campeonato-Regional-de-Bela-Vista-do-Piaui-IMG_8126.jpg 900w\" alt=\"\" width=\"300\" height=\"200\" data-srcset=\"https:\/\/infonewss.com\/wp-content\/uploads\/2024\/03\/Vera-Mendes-estreia-com-vitoria-no-Campeonato-Regional-de-Bela-Vista-do-Piaui-IMG_8126-300x200.jpg 300w, https:\/\/infonewss.com\/wp-content\/uploads\/2024\/03\/Vera-Mendes-estreia-com-vitoria-no-Campeonato-Regional-de-Bela-Vista-do-Piaui-IMG_8126-768x512.jpg 768w, https:\/\/infonewss.com\/wp-content\/uploads\/2024\/03\/Vera-Mendes-estreia-com-vitoria-no-Campeonato-Regional-de-Bela-Vista-do-Piaui-IMG_8126-150x100.jpg 150w, https:\/\/infonewss.com\/wp-content\/uploads\/2024\/03\/Vera-Mendes-estreia-com-vitoria-no-Campeonato-Regional-de-Bela-Vista-do-Piaui-IMG_8126-696x464.jpg 696w, https:\/\/infonewss.com\/wp-content\/uploads\/2024\/03\/Vera-Mendes-estreia-com-vitoria-no-Campeonato-Regional-de-Bela-Vista-do-Piaui-IMG_8126.jpg 900w\" data-src=\"https:\/\/infonewss.com\/wp-content\/uploads\/2024\/03\/Vera-Mendes-estreia-com-vitoria-no-Campeonato-Regional-de-Bela-Vista-do-Piaui-IMG_8126-300x200.jpg\" data-sizes=\"(max-width: 300px) 100vw, 300px\" \/><\/a><\/div>\n<\/figure>\n<figure class=\"gallery-item\">\n<div class=\"gallery-icon landscape\"><a href=\"https:\/\/infonewss.com\/wp-content\/uploads\/2024\/03\/Vera-Mendes-estreia-com-vitoria-no-Campeonato-Regional-de-Bela-Vista-do-Piaui-IMG_8127.jpg\"><img loading=\"lazy\" decoding=\"async\" class=\"attachment-medium size-medium lazyloaded\" src=\"https:\/\/infonewss.com\/wp-content\/uploads\/2024\/03\/Vera-Mendes-estreia-com-vitoria-no-Campeonato-Regional-de-Bela-Vista-do-Piaui-IMG_8127-300x200.jpg\" sizes=\"(max-width: 300px) 100vw, 300px\" srcset=\"https:\/\/infonewss.com\/wp-content\/uploads\/2024\/03\/Vera-Mendes-estreia-com-vitoria-no-Campeonato-Regional-de-Bela-Vista-do-Piaui-IMG_8127-300x200.jpg 300w, https:\/\/infonewss.com\/wp-content\/uploads\/2024\/03\/Vera-Mendes-estreia-com-vitoria-no-Campeonato-Regional-de-Bela-Vista-do-Piaui-IMG_8127-768x512.jpg 768w, https:\/\/infonewss.com\/wp-content\/uploads\/2024\/03\/Vera-Mendes-estreia-com-vitoria-no-Campeonato-Regional-de-Bela-Vista-do-Piaui-IMG_8127-150x100.jpg 150w, https:\/\/infonewss.com\/wp-content\/uploads\/2024\/03\/Vera-Mendes-estreia-com-vitoria-no-Campeonato-Regional-de-Bela-Vista-do-Piaui-IMG_8127-696x464.jpg 696w, https:\/\/infonewss.com\/wp-content\/uploads\/2024\/03\/Vera-Mendes-estreia-com-vitoria-no-Campeonato-Regional-de-Bela-Vista-do-Piaui-IMG_8127.jpg 900w\" alt=\"\" width=\"300\" height=\"200\" data-srcset=\"https:\/\/infonewss.com\/wp-content\/uploads\/2024\/03\/Vera-Mendes-estreia-com-vitoria-no-Campeonato-Regional-de-Bela-Vista-do-Piaui-IMG_8127-300x200.jpg 300w, https:\/\/infonewss.com\/wp-content\/uploads\/2024\/03\/Vera-Mendes-estreia-com-vitoria-no-Campeonato-Regional-de-Bela-Vista-do-Piaui-IMG_8127-768x512.jpg 768w, https:\/\/infonewss.com\/wp-content\/uploads\/2024\/03\/Vera-Mendes-estreia-com-vitoria-no-Campeonato-Regional-de-Bela-Vista-do-Piaui-IMG_8127-150x100.jpg 150w, https:\/\/infonewss.com\/wp-content\/uploads\/2024\/03\/Vera-Mendes-estreia-com-vitoria-no-Campeonato-Regional-de-Bela-Vista-do-Piaui-IMG_8127-696x464.jpg 696w, https:\/\/infonewss.com\/wp-content\/uploads\/2024\/03\/Vera-Mendes-estreia-com-vitoria-no-Campeonato-Regional-de-Bela-Vista-do-Piaui-IMG_8127.jpg 900w\" data-src=\"https:\/\/infonewss.com\/wp-content\/uploads\/2024\/03\/Vera-Mendes-estreia-com-vitoria-no-Campeonato-Regional-de-Bela-Vista-do-Piaui-IMG_8127-300x200.jpg\" data-sizes=\"(max-width: 300px) 100vw, 300px\" \/><\/a><\/div>\n<\/figure>\n<figure class=\"gallery-item\">\n<div class=\"gallery-icon landscape\"><a href=\"https:\/\/infonewss.com\/wp-content\/uploads\/2024\/03\/Vera-Mendes-estreia-com-vitoria-no-Campeonato-Regional-de-Bela-Vista-do-Piaui-IMG_8128.jpg\"><img loading=\"lazy\" decoding=\"async\" class=\"attachment-medium size-medium lazyloaded\" src=\"https:\/\/infonewss.com\/wp-content\/uploads\/2024\/03\/Vera-Mendes-estreia-com-vitoria-no-Campeonato-Regional-de-Bela-Vista-do-Piaui-IMG_8128-300x200.jpg\" sizes=\"(max-width: 300px) 100vw, 300px\" srcset=\"https:\/\/infonewss.com\/wp-content\/uploads\/2024\/03\/Vera-Mendes-estreia-com-vitoria-no-Campeonato-Regional-de-Bela-Vista-do-Piaui-IMG_8128-300x200.jpg 300w, https:\/\/infonewss.com\/wp-content\/uploads\/2024\/03\/Vera-Mendes-estreia-com-vitoria-no-Campeonato-Regional-de-Bela-Vista-do-Piaui-IMG_8128-768x512.jpg 768w, https:\/\/infonewss.com\/wp-content\/uploads\/2024\/03\/Vera-Mendes-estreia-com-vitoria-no-Campeonato-Regional-de-Bela-Vista-do-Piaui-IMG_8128-150x100.jpg 150w, https:\/\/infonewss.com\/wp-content\/uploads\/2024\/03\/Vera-Mendes-estreia-com-vitoria-no-Campeonato-Regional-de-Bela-Vista-do-Piaui-IMG_8128-696x464.jpg 696w, https:\/\/infonewss.com\/wp-content\/uploads\/2024\/03\/Vera-Mendes-estreia-com-vitoria-no-Campeonato-Regional-de-Bela-Vista-do-Piaui-IMG_8128.jpg 900w\" alt=\"\" width=\"300\" height=\"200\" data-srcset=\"https:\/\/infonewss.com\/wp-content\/uploads\/2024\/03\/Vera-Mendes-estreia-com-vitoria-no-Campeonato-Regional-de-Bela-Vista-do-Piaui-IMG_8128-300x200.jpg 300w, https:\/\/infonewss.com\/wp-content\/uploads\/2024\/03\/Vera-Mendes-estreia-com-vitoria-no-Campeonato-Regional-de-Bela-Vista-do-Piaui-IMG_8128-768x512.jpg 768w, https:\/\/infonewss.com\/wp-content\/uploads\/2024\/03\/Vera-Mendes-estreia-com-vitoria-no-Campeonato-Regional-de-Bela-Vista-do-Piaui-IMG_8128-150x100.jpg 150w, https:\/\/infonewss.com\/wp-content\/uploads\/2024\/03\/Vera-Mendes-estreia-com-vitoria-no-Campeonato-Regional-de-Bela-Vista-do-Piaui-IMG_8128-696x464.jpg 696w, https:\/\/infonewss.com\/wp-content\/uploads\/2024\/03\/Vera-Mendes-estreia-com-vitoria-no-Campeonato-Regional-de-Bela-Vista-do-Piaui-IMG_8128.jpg 900w\" data-src=\"https:\/\/infonewss.com\/wp-content\/uploads\/2024\/03\/Vera-Mendes-estreia-com-vitoria-no-Campeonato-Regional-de-Bela-Vista-do-Piaui-IMG_8128-300x200.jpg\" data-sizes=\"(max-width: 300px) 100vw, 300px\" \/><\/a><\/div>\n<\/figure>\n<figure class=\"gallery-item\">\n<div class=\"gallery-icon landscape\"><a href=\"https:\/\/infonewss.com\/wp-content\/uploads\/2024\/03\/Vera-Mendes-estreia-com-vitoria-no-Campeonato-Regional-de-Bela-Vista-do-Piaui-IMG_8131.jpg\"><img loading=\"lazy\" decoding=\"async\" class=\"attachment-medium size-medium ls-is-cached lazyloaded\" src=\"https:\/\/infonewss.com\/wp-content\/uploads\/2024\/03\/Vera-Mendes-estreia-com-vitoria-no-Campeonato-Regional-de-Bela-Vista-do-Piaui-IMG_8131-300x200.jpg\" sizes=\"(max-width: 300px) 100vw, 300px\" srcset=\"https:\/\/infonewss.com\/wp-content\/uploads\/2024\/03\/Vera-Mendes-estreia-com-vitoria-no-Campeonato-Regional-de-Bela-Vista-do-Piaui-IMG_8131-300x200.jpg 300w, https:\/\/infonewss.com\/wp-content\/uploads\/2024\/03\/Vera-Mendes-estreia-com-vitoria-no-Campeonato-Regional-de-Bela-Vista-do-Piaui-IMG_8131-768x512.jpg 768w, https:\/\/infonewss.com\/wp-content\/uploads\/2024\/03\/Vera-Mendes-estreia-com-vitoria-no-Campeonato-Regional-de-Bela-Vista-do-Piaui-IMG_8131-150x100.jpg 150w, https:\/\/infonewss.com\/wp-content\/uploads\/2024\/03\/Vera-Mendes-estreia-com-vitoria-no-Campeonato-Regional-de-Bela-Vista-do-Piaui-IMG_8131-696x464.jpg 696w, https:\/\/infonewss.com\/wp-content\/uploads\/2024\/03\/Vera-Mendes-estreia-com-vitoria-no-Campeonato-Regional-de-Bela-Vista-do-Piaui-IMG_8131.jpg 900w\" alt=\"\" width=\"300\" height=\"200\" data-srcset=\"https:\/\/infonewss.com\/wp-content\/uploads\/2024\/03\/Vera-Mendes-estreia-com-vitoria-no-Campeonato-Regional-de-Bela-Vista-do-Piaui-IMG_8131-300x200.jpg 300w, https:\/\/infonewss.com\/wp-content\/uploads\/2024\/03\/Vera-Mendes-estreia-com-vitoria-no-Campeonato-Regional-de-Bela-Vista-do-Piaui-IMG_8131-768x512.jpg 768w, https:\/\/infonewss.com\/wp-content\/uploads\/2024\/03\/Vera-Mendes-estreia-com-vitoria-no-Campeonato-Regional-de-Bela-Vista-do-Piaui-IMG_8131-150x100.jpg 150w, https:\/\/infonewss.com\/wp-content\/uploads\/2024\/03\/Vera-Mendes-estreia-com-vitoria-no-Campeonato-Regional-de-Bela-Vista-do-Piaui-IMG_8131-696x464.jpg 696w, https:\/\/infonewss.com\/wp-content\/uploads\/2024\/03\/Vera-Mendes-estreia-com-vitoria-no-Campeonato-Regional-de-Bela-Vista-do-Piaui-IMG_8131.jpg 900w\" data-src=\"https:\/\/infonewss.com\/wp-content\/uploads\/2024\/03\/Vera-Mendes-estreia-com-vitoria-no-Campeonato-Regional-de-Bela-Vista-do-Piaui-IMG_8131-300x200.jpg\" data-sizes=\"(max-width: 300px) 100vw, 300px\" \/><\/a><\/div>\n<\/figure>\n<figure class=\"gallery-item\">\n<div class=\"gallery-icon landscape\"><a href=\"https:\/\/infonewss.com\/wp-content\/uploads\/2024\/03\/Vera-Mendes-estreia-com-vitoria-no-Campeonato-Regional-de-Bela-Vista-do-Piaui-IMG_8132.jpg\"><img loading=\"lazy\" decoding=\"async\" class=\"attachment-medium size-medium lazyloaded\" src=\"https:\/\/infonewss.com\/wp-content\/uploads\/2024\/03\/Vera-Mendes-estreia-com-vitoria-no-Campeonato-Regional-de-Bela-Vista-do-Piaui-IMG_8132-300x200.jpg\" sizes=\"(max-width: 300px) 100vw, 300px\" srcset=\"https:\/\/infonewss.com\/wp-content\/uploads\/2024\/03\/Vera-Mendes-estreia-com-vitoria-no-Campeonato-Regional-de-Bela-Vista-do-Piaui-IMG_8132-300x200.jpg 300w, https:\/\/infonewss.com\/wp-content\/uploads\/2024\/03\/Vera-Mendes-estreia-com-vitoria-no-Campeonato-Regional-de-Bela-Vista-do-Piaui-IMG_8132-768x512.jpg 768w, https:\/\/infonewss.com\/wp-content\/uploads\/2024\/03\/Vera-Mendes-estreia-com-vitoria-no-Campeonato-Regional-de-Bela-Vista-do-Piaui-IMG_8132-150x100.jpg 150w, https:\/\/infonewss.com\/wp-content\/uploads\/2024\/03\/Vera-Mendes-estreia-com-vitoria-no-Campeonato-Regional-de-Bela-Vista-do-Piaui-IMG_8132-696x464.jpg 696w, https:\/\/infonewss.com\/wp-content\/uploads\/2024\/03\/Vera-Mendes-estreia-com-vitoria-no-Campeonato-Regional-de-Bela-Vista-do-Piaui-IMG_8132.jpg 900w\" alt=\"\" width=\"300\" height=\"200\" data-srcset=\"https:\/\/infonewss.com\/wp-content\/uploads\/2024\/03\/Vera-Mendes-estreia-com-vitoria-no-Campeonato-Regional-de-Bela-Vista-do-Piaui-IMG_8132-300x200.jpg 300w, https:\/\/infonewss.com\/wp-content\/uploads\/2024\/03\/Vera-Mendes-estreia-com-vitoria-no-Campeonato-Regional-de-Bela-Vista-do-Piaui-IMG_8132-768x512.jpg 768w, https:\/\/infonewss.com\/wp-content\/uploads\/2024\/03\/Vera-Mendes-estreia-com-vitoria-no-Campeonato-Regional-de-Bela-Vista-do-Piaui-IMG_8132-150x100.jpg 150w, https:\/\/infonewss.com\/wp-content\/uploads\/2024\/03\/Vera-Mendes-estreia-com-vitoria-no-Campeonato-Regional-de-Bela-Vista-do-Piaui-IMG_8132-696x464.jpg 696w, https:\/\/infonewss.com\/wp-content\/uploads\/2024\/03\/Vera-Mendes-estreia-com-vitoria-no-Campeonato-Regional-de-Bela-Vista-do-Piaui-IMG_8132.jpg 900w\" data-src=\"https:\/\/infonewss.com\/wp-content\/uploads\/2024\/03\/Vera-Mendes-estreia-com-vitoria-no-Campeonato-Regional-de-Bela-Vista-do-Piaui-IMG_8132-300x200.jpg\" data-sizes=\"(max-width: 300px) 100vw, 300px\" \/><\/a><\/div>\n<\/figure>\n<figure class=\"gallery-item\">\n<div class=\"gallery-icon landscape\"><a href=\"https:\/\/infonewss.com\/wp-content\/uploads\/2024\/03\/Vera-Mendes-estreia-com-vitoria-no-Campeonato-Regional-de-Bela-Vista-do-Piaui-IMG_8133.jpg\"><img loading=\"lazy\" decoding=\"async\" class=\"attachment-medium size-medium lazyloaded\" src=\"https:\/\/infonewss.com\/wp-content\/uploads\/2024\/03\/Vera-Mendes-estreia-com-vitoria-no-Campeonato-Regional-de-Bela-Vista-do-Piaui-IMG_8133-300x200.jpg\" sizes=\"(max-width: 300px) 100vw, 300px\" srcset=\"https:\/\/infonewss.com\/wp-content\/uploads\/2024\/03\/Vera-Mendes-estreia-com-vitoria-no-Campeonato-Regional-de-Bela-Vista-do-Piaui-IMG_8133-300x200.jpg 300w, https:\/\/infonewss.com\/wp-content\/uploads\/2024\/03\/Vera-Mendes-estreia-com-vitoria-no-Campeonato-Regional-de-Bela-Vista-do-Piaui-IMG_8133-768x512.jpg 768w, https:\/\/infonewss.com\/wp-content\/uploads\/2024\/03\/Vera-Mendes-estreia-com-vitoria-no-Campeonato-Regional-de-Bela-Vista-do-Piaui-IMG_8133-150x100.jpg 150w, https:\/\/infonewss.com\/wp-content\/uploads\/2024\/03\/Vera-Mendes-estreia-com-vitoria-no-Campeonato-Regional-de-Bela-Vista-do-Piaui-IMG_8133-696x464.jpg 696w, https:\/\/infonewss.com\/wp-content\/uploads\/2024\/03\/Vera-Mendes-estreia-com-vitoria-no-Campeonato-Regional-de-Bela-Vista-do-Piaui-IMG_8133.jpg 900w\" alt=\"\" width=\"300\" height=\"200\" data-srcset=\"https:\/\/infonewss.com\/wp-content\/uploads\/2024\/03\/Vera-Mendes-estreia-com-vitoria-no-Campeonato-Regional-de-Bela-Vista-do-Piaui-IMG_8133-300x200.jpg 300w, https:\/\/infonewss.com\/wp-content\/uploads\/2024\/03\/Vera-Mendes-estreia-com-vitoria-no-Campeonato-Regional-de-Bela-Vista-do-Piaui-IMG_8133-768x512.jpg 768w, https:\/\/infonewss.com\/wp-content\/uploads\/2024\/03\/Vera-Mendes-estreia-com-vitoria-no-Campeonato-Regional-de-Bela-Vista-do-Piaui-IMG_8133-150x100.jpg 150w, https:\/\/infonewss.com\/wp-content\/uploads\/2024\/03\/Vera-Mendes-estreia-com-vitoria-no-Campeonato-Regional-de-Bela-Vista-do-Piaui-IMG_8133-696x464.jpg 696w, https:\/\/infonewss.com\/wp-content\/uploads\/2024\/03\/Vera-Mendes-estreia-com-vitoria-no-Campeonato-Regional-de-Bela-Vista-do-Piaui-IMG_8133.jpg 900w\" data-src=\"https:\/\/infonewss.com\/wp-content\/uploads\/2024\/03\/Vera-Mendes-estreia-com-vitoria-no-Campeonato-Regional-de-Bela-Vista-do-Piaui-IMG_8133-300x200.jpg\" data-sizes=\"(max-width: 300px) 100vw, 300px\" \/><\/a><\/div>\n<\/figure>\n<figure class=\"gallery-item\">\n<div class=\"gallery-icon landscape\"><a href=\"https:\/\/infonewss.com\/wp-content\/uploads\/2024\/03\/Vera-Mendes-estreia-com-vitoria-no-Campeonato-Regional-de-Bela-Vista-do-Piaui-IMG_8143.jpg\"><img loading=\"lazy\" decoding=\"async\" class=\"attachment-medium size-medium lazyloaded\" src=\"https:\/\/infonewss.com\/wp-content\/uploads\/2024\/03\/Vera-Mendes-estreia-com-vitoria-no-Campeonato-Regional-de-Bela-Vista-do-Piaui-IMG_8143-300x200.jpg\" sizes=\"(max-width: 300px) 100vw, 300px\" srcset=\"https:\/\/infonewss.com\/wp-content\/uploads\/2024\/03\/Vera-Mendes-estreia-com-vitoria-no-Campeonato-Regional-de-Bela-Vista-do-Piaui-IMG_8143-300x200.jpg 300w, https:\/\/infonewss.com\/wp-content\/uploads\/2024\/03\/Vera-Mendes-estreia-com-vitoria-no-Campeonato-Regional-de-Bela-Vista-do-Piaui-IMG_8143-768x512.jpg 768w, https:\/\/infonewss.com\/wp-content\/uploads\/2024\/03\/Vera-Mendes-estreia-com-vitoria-no-Campeonato-Regional-de-Bela-Vista-do-Piaui-IMG_8143-150x100.jpg 150w, https:\/\/infonewss.com\/wp-content\/uploads\/2024\/03\/Vera-Mendes-estreia-com-vitoria-no-Campeonato-Regional-de-Bela-Vista-do-Piaui-IMG_8143-696x464.jpg 696w, https:\/\/infonewss.com\/wp-content\/uploads\/2024\/03\/Vera-Mendes-estreia-com-vitoria-no-Campeonato-Regional-de-Bela-Vista-do-Piaui-IMG_8143.jpg 900w\" alt=\"\" width=\"300\" height=\"200\" data-srcset=\"https:\/\/infonewss.com\/wp-content\/uploads\/2024\/03\/Vera-Mendes-estreia-com-vitoria-no-Campeonato-Regional-de-Bela-Vista-do-Piaui-IMG_8143-300x200.jpg 300w, https:\/\/infonewss.com\/wp-content\/uploads\/2024\/03\/Vera-Mendes-estreia-com-vitoria-no-Campeonato-Regional-de-Bela-Vista-do-Piaui-IMG_8143-768x512.jpg 768w, https:\/\/infonewss.com\/wp-content\/uploads\/2024\/03\/Vera-Mendes-estreia-com-vitoria-no-Campeonato-Regional-de-Bela-Vista-do-Piaui-IMG_8143-150x100.jpg 150w, https:\/\/infonewss.com\/wp-content\/uploads\/2024\/03\/Vera-Mendes-estreia-com-vitoria-no-Campeonato-Regional-de-Bela-Vista-do-Piaui-IMG_8143-696x464.jpg 696w, https:\/\/infonewss.com\/wp-content\/uploads\/2024\/03\/Vera-Mendes-estreia-com-vitoria-no-Campeonato-Regional-de-Bela-Vista-do-Piaui-IMG_8143.jpg 900w\" data-src=\"https:\/\/infonewss.com\/wp-content\/uploads\/2024\/03\/Vera-Mendes-estreia-com-vitoria-no-Campeonato-Regional-de-Bela-Vista-do-Piaui-IMG_8143-300x200.jpg\" data-sizes=\"(max-width: 300px) 100vw, 300px\" \/><\/a><\/div>\n<\/figure>\n<figure class=\"gallery-item\">\n<div class=\"gallery-icon landscape\"><a href=\"https:\/\/infonewss.com\/wp-content\/uploads\/2024\/03\/Vera-Mendes-estreia-com-vitoria-no-Campeonato-Regional-de-Bela-Vista-do-Piaui-IMG_8150.jpg\"><img loading=\"lazy\" decoding=\"async\" class=\"attachment-medium size-medium ls-is-cached lazyloaded\" src=\"https:\/\/infonewss.com\/wp-content\/uploads\/2024\/03\/Vera-Mendes-estreia-com-vitoria-no-Campeonato-Regional-de-Bela-Vista-do-Piaui-IMG_8150-300x200.jpg\" sizes=\"(max-width: 300px) 100vw, 300px\" srcset=\"https:\/\/infonewss.com\/wp-content\/uploads\/2024\/03\/Vera-Mendes-estreia-com-vitoria-no-Campeonato-Regional-de-Bela-Vista-do-Piaui-IMG_8150-300x200.jpg 300w, https:\/\/infonewss.com\/wp-content\/uploads\/2024\/03\/Vera-Mendes-estreia-com-vitoria-no-Campeonato-Regional-de-Bela-Vista-do-Piaui-IMG_8150-768x512.jpg 768w, https:\/\/infonewss.com\/wp-content\/uploads\/2024\/03\/Vera-Mendes-estreia-com-vitoria-no-Campeonato-Regional-de-Bela-Vista-do-Piaui-IMG_8150-150x100.jpg 150w, https:\/\/infonewss.com\/wp-content\/uploads\/2024\/03\/Vera-Mendes-estreia-com-vitoria-no-Campeonato-Regional-de-Bela-Vista-do-Piaui-IMG_8150-696x464.jpg 696w, https:\/\/infonewss.com\/wp-content\/uploads\/2024\/03\/Vera-Mendes-estreia-com-vitoria-no-Campeonato-Regional-de-Bela-Vista-do-Piaui-IMG_8150.jpg 900w\" alt=\"\" width=\"300\" height=\"200\" data-srcset=\"https:\/\/infonewss.com\/wp-content\/uploads\/2024\/03\/Vera-Mendes-estreia-com-vitoria-no-Campeonato-Regional-de-Bela-Vista-do-Piaui-IMG_8150-300x200.jpg 300w, https:\/\/infonewss.com\/wp-content\/uploads\/2024\/03\/Vera-Mendes-estreia-com-vitoria-no-Campeonato-Regional-de-Bela-Vista-do-Piaui-IMG_8150-768x512.jpg 768w, https:\/\/infonewss.com\/wp-content\/uploads\/2024\/03\/Vera-Mendes-estreia-com-vitoria-no-Campeonato-Regional-de-Bela-Vista-do-Piaui-IMG_8150-150x100.jpg 150w, https:\/\/infonewss.com\/wp-content\/uploads\/2024\/03\/Vera-Mendes-estreia-com-vitoria-no-Campeonato-Regional-de-Bela-Vista-do-Piaui-IMG_8150-696x464.jpg 696w, https:\/\/infonewss.com\/wp-content\/uploads\/2024\/03\/Vera-Mendes-estreia-com-vitoria-no-Campeonato-Regional-de-Bela-Vista-do-Piaui-IMG_8150.jpg 900w\" data-src=\"https:\/\/infonewss.com\/wp-content\/uploads\/2024\/03\/Vera-Mendes-estreia-com-vitoria-no-Campeonato-Regional-de-Bela-Vista-do-Piaui-IMG_8150-300x200.jpg\" data-sizes=\"(max-width: 300px) 100vw, 300px\" \/><\/a><\/div>\n<\/figure>\n<\/div>\n<div class=\"addtoany_share_save_container addtoany_content addtoany_content_bottom\">\n<div data-a2a-url=\"https:\/\/infonewss.com\/vera-mendes-estreia-com-vitoria-no-campeonato-regional-de-bela-vista-do-piaui\/\" data-a2a-title=\"Vera Mendes estreia com vit\u00f3ria no Campeonato Regional de Bela Vista do Piau\u00ed\"><\/div>\n<div data-a2a-url=\"https:\/\/infonewss.com\/vera-mendes-estreia-com-vitoria-no-campeonato-regional-de-bela-vista-do-piaui\/\" data-a2a-title=\"Vera Mendes estreia com vit\u00f3ria no Campeonato Regional de Bela Vista do Piau\u00ed\">Fonte: Infonewss<\/div>\n<\/div>\n<\/div>\n<\/div>\n","protected":false},"excerpt":{"rendered":"<p>A Sele\u00e7\u00e3o Municipal de futebol amador do munic\u00edpio de Vera Mendes \u2013 PI, deu um grande passo em sua jornada no Campeonato Regional de Futebol de Bela Vista do Piau\u00ed \u2014 2024, ao estrear com uma vit\u00f3ria vibrante. O certame, promovido pela prefeitura de Bela Vista do Piau\u00ed, atrav\u00e9s da Secretaria de Esportes, re\u00fane 10 &hellip;<\/p>\n","protected":false},"author":2,"featured_media":71995,"comment_status":"open","ping_status":"open","sticky":false,"template":"","format":"standard","meta":{"content-type":"","rop_custom_images_group":[],"rop_custom_messages_group":[],"rop_publish_now":"initial","rop_publish_now_accounts":{"facebook_2648258775420054_1618374048415101":""},"rop_publish_now_history":[],"rop_publish_now_status":"pending","footnotes":"","_jetpack_memberships_contains_paid_content":false},"categories":[108],"tags":[13620,107,230,2025,1189,187,2544,15596,13540,7239],"yoast_head":"<!-- This site is optimized with the Yoast SEO plugin v22.3 - https:\/\/yoast.com\/wordpress\/plugins\/seo\/ -->\n<title>Vera Mendes estreia com vit\u00f3ria no Campeonato Regional de Bela Vista do Piau\u00ed - Portal NPM<\/title>\n<meta name=\"robots\" content=\"index, follow, max-snippet:-1, max-image-preview:large, max-video-preview:-1\" \/>\n<link rel=\"canonical\" href=\"https:\/\/portalnpm.com\/index.php\/2024\/03\/19\/vera-mendes-estreia-com-vitoria-no-campeonato-regional-de-bela-vista-do-piaui\/\" \/>\n<meta property=\"og:locale\" content=\"pt_BR\" \/>\n<meta property=\"og:type\" content=\"article\" \/>\n<meta property=\"og:title\" content=\"Vera Mendes estreia com vit\u00f3ria no Campeonato Regional de Bela Vista do Piau\u00ed - Portal NPM\" \/>\n<meta property=\"og:description\" content=\"A Sele\u00e7\u00e3o Municipal de futebol amador do munic\u00edpio de Vera Mendes \u2013 PI, deu um grande passo em sua jornada no Campeonato Regional de Futebol de Bela Vista do Piau\u00ed \u2014 2024, ao estrear com uma vit\u00f3ria vibrante. O certame, promovido pela prefeitura de Bela Vista do Piau\u00ed, atrav\u00e9s da Secretaria de Esportes, re\u00fane 10 &hellip;\" \/>\n<meta property=\"og:url\" content=\"https:\/\/portalnpm.com\/index.php\/2024\/03\/19\/vera-mendes-estreia-com-vitoria-no-campeonato-regional-de-bela-vista-do-piaui\/\" \/>\n<meta property=\"og:site_name\" content=\"Portal NPM\" \/>\n<meta property=\"article:published_time\" content=\"2024-03-19T22:28:09+00:00\" \/>\n<meta property=\"og:image\" content=\"https:\/\/portalnpm.com\/wp-content\/uploads\/2024\/03\/Vera-Mendes-estreia-com-vitoria-no-Campeonato-Regional-de-Bela-Vista-do-Piaui-IMG_7939.jpg\" \/>\n\t<meta property=\"og:image:width\" content=\"900\" \/>\n\t<meta property=\"og:image:height\" content=\"600\" \/>\n\t<meta property=\"og:image:type\" content=\"image\/jpeg\" \/>\n<meta name=\"author\" content=\"Genival Barbosa\" \/>\n<meta name=\"twitter:card\" content=\"summary_large_image\" \/>\n<meta name=\"twitter:label1\" content=\"Escrito por\" \/>\n\t<meta name=\"twitter:data1\" content=\"Genival Barbosa\" \/>\n\t<meta name=\"twitter:label2\" content=\"Est. tempo de leitura\" \/>\n\t<meta name=\"twitter:data2\" content=\"26 minutos\" \/>\n<script type=\"application\/ld+json\" class=\"yoast-schema-graph\">{\"@context\":\"https:\/\/schema.org\",\"@graph\":[{\"@type\":\"WebPage\",\"@id\":\"https:\/\/portalnpm.com\/index.php\/2024\/03\/19\/vera-mendes-estreia-com-vitoria-no-campeonato-regional-de-bela-vista-do-piaui\/\",\"url\":\"https:\/\/portalnpm.com\/index.php\/2024\/03\/19\/vera-mendes-estreia-com-vitoria-no-campeonato-regional-de-bela-vista-do-piaui\/\",\"name\":\"Vera Mendes estreia com vit\u00f3ria no Campeonato Regional de Bela Vista do Piau\u00ed - Portal NPM\",\"isPartOf\":{\"@id\":\"https:\/\/portalnpm.com\/#website\"},\"primaryImageOfPage\":{\"@id\":\"https:\/\/portalnpm.com\/index.php\/2024\/03\/19\/vera-mendes-estreia-com-vitoria-no-campeonato-regional-de-bela-vista-do-piaui\/#primaryimage\"},\"image\":{\"@id\":\"https:\/\/portalnpm.com\/index.php\/2024\/03\/19\/vera-mendes-estreia-com-vitoria-no-campeonato-regional-de-bela-vista-do-piaui\/#primaryimage\"},\"thumbnailUrl\":\"https:\/\/portalnpm.com\/wp-content\/uploads\/2024\/03\/Vera-Mendes-estreia-com-vitoria-no-Campeonato-Regional-de-Bela-Vista-do-Piaui-IMG_7939.jpg\",\"datePublished\":\"2024-03-19T22:28:09+00:00\",\"dateModified\":\"2024-03-19T22:28:09+00:00\",\"author\":{\"@id\":\"https:\/\/portalnpm.com\/#\/schema\/person\/49313e563cfdefcc167f1ee4c017c294\"},\"breadcrumb\":{\"@id\":\"https:\/\/portalnpm.com\/index.php\/2024\/03\/19\/vera-mendes-estreia-com-vitoria-no-campeonato-regional-de-bela-vista-do-piaui\/#breadcrumb\"},\"inLanguage\":\"pt-BR\",\"potentialAction\":[{\"@type\":\"ReadAction\",\"target\":[\"https:\/\/portalnpm.com\/index.php\/2024\/03\/19\/vera-mendes-estreia-com-vitoria-no-campeonato-regional-de-bela-vista-do-piaui\/\"]}]},{\"@type\":\"ImageObject\",\"inLanguage\":\"pt-BR\",\"@id\":\"https:\/\/portalnpm.com\/index.php\/2024\/03\/19\/vera-mendes-estreia-com-vitoria-no-campeonato-regional-de-bela-vista-do-piaui\/#primaryimage\",\"url\":\"https:\/\/portalnpm.com\/wp-content\/uploads\/2024\/03\/Vera-Mendes-estreia-com-vitoria-no-Campeonato-Regional-de-Bela-Vista-do-Piaui-IMG_7939.jpg\",\"contentUrl\":\"https:\/\/portalnpm.com\/wp-content\/uploads\/2024\/03\/Vera-Mendes-estreia-com-vitoria-no-Campeonato-Regional-de-Bela-Vista-do-Piaui-IMG_7939.jpg\",\"width\":900,\"height\":600},{\"@type\":\"BreadcrumbList\",\"@id\":\"https:\/\/portalnpm.com\/index.php\/2024\/03\/19\/vera-mendes-estreia-com-vitoria-no-campeonato-regional-de-bela-vista-do-piaui\/#breadcrumb\",\"itemListElement\":[{\"@type\":\"ListItem\",\"position\":1,\"name\":\"In\u00edcio\",\"item\":\"https:\/\/portalnpm.com\/\"},{\"@type\":\"ListItem\",\"position\":2,\"name\":\"Vera Mendes estreia com vit\u00f3ria no Campeonato Regional de Bela Vista do Piau\u00ed\"}]},{\"@type\":\"WebSite\",\"@id\":\"https:\/\/portalnpm.com\/#website\",\"url\":\"https:\/\/portalnpm.com\/\",\"name\":\"Portal NPM\",\"description\":\"Not\u00edcias em Primeira M\u00e3o\",\"potentialAction\":[{\"@type\":\"SearchAction\",\"target\":{\"@type\":\"EntryPoint\",\"urlTemplate\":\"https:\/\/portalnpm.com\/?s={search_term_string}\"},\"query-input\":\"required name=search_term_string\"}],\"inLanguage\":\"pt-BR\"},{\"@type\":\"Person\",\"@id\":\"https:\/\/portalnpm.com\/#\/schema\/person\/49313e563cfdefcc167f1ee4c017c294\",\"name\":\"Genival Barbosa\",\"image\":{\"@type\":\"ImageObject\",\"inLanguage\":\"pt-BR\",\"@id\":\"https:\/\/portalnpm.com\/#\/schema\/person\/image\/\",\"url\":\"https:\/\/portalnpm.com\/wp-content\/uploads\/2024\/02\/avatar_user_2_1707743258-96x96.jpeg\",\"contentUrl\":\"https:\/\/portalnpm.com\/wp-content\/uploads\/2024\/02\/avatar_user_2_1707743258-96x96.jpeg\",\"caption\":\"Genival Barbosa\"},\"url\":\"https:\/\/portalnpm.com\/index.php\/author\/genival\/\"}]}<\/script>\n<!-- \/ Yoast SEO plugin. -->","yoast_head_json":{"title":"Vera Mendes estreia com vit\u00f3ria no Campeonato Regional de Bela Vista do Piau\u00ed - Portal NPM","robots":{"index":"index","follow":"follow","max-snippet":"max-snippet:-1","max-image-preview":"max-image-preview:large","max-video-preview":"max-video-preview:-1"},"canonical":"https:\/\/portalnpm.com\/index.php\/2024\/03\/19\/vera-mendes-estreia-com-vitoria-no-campeonato-regional-de-bela-vista-do-piaui\/","og_locale":"pt_BR","og_type":"article","og_title":"Vera Mendes estreia com vit\u00f3ria no Campeonato Regional de Bela Vista do Piau\u00ed - Portal NPM","og_description":"A Sele\u00e7\u00e3o Municipal de futebol amador do munic\u00edpio de Vera Mendes \u2013 PI, deu um grande passo em sua jornada no Campeonato Regional de Futebol de Bela Vista do Piau\u00ed \u2014 2024, ao estrear com uma vit\u00f3ria vibrante. O certame, promovido pela prefeitura de Bela Vista do Piau\u00ed, atrav\u00e9s da Secretaria de Esportes, re\u00fane 10 &hellip;","og_url":"https:\/\/portalnpm.com\/index.php\/2024\/03\/19\/vera-mendes-estreia-com-vitoria-no-campeonato-regional-de-bela-vista-do-piaui\/","og_site_name":"Portal NPM","article_published_time":"2024-03-19T22:28:09+00:00","og_image":[{"width":900,"height":600,"url":"https:\/\/portalnpm.com\/wp-content\/uploads\/2024\/03\/Vera-Mendes-estreia-com-vitoria-no-Campeonato-Regional-de-Bela-Vista-do-Piaui-IMG_7939.jpg","type":"image\/jpeg"}],"author":"Genival Barbosa","twitter_card":"summary_large_image","twitter_misc":{"Escrito por":"Genival Barbosa","Est. tempo de leitura":"26 minutos"},"schema":{"@context":"https:\/\/schema.org","@graph":[{"@type":"WebPage","@id":"https:\/\/portalnpm.com\/index.php\/2024\/03\/19\/vera-mendes-estreia-com-vitoria-no-campeonato-regional-de-bela-vista-do-piaui\/","url":"https:\/\/portalnpm.com\/index.php\/2024\/03\/19\/vera-mendes-estreia-com-vitoria-no-campeonato-regional-de-bela-vista-do-piaui\/","name":"Vera Mendes estreia com vit\u00f3ria no Campeonato Regional de Bela Vista do Piau\u00ed - Portal NPM","isPartOf":{"@id":"https:\/\/portalnpm.com\/#website"},"primaryImageOfPage":{"@id":"https:\/\/portalnpm.com\/index.php\/2024\/03\/19\/vera-mendes-estreia-com-vitoria-no-campeonato-regional-de-bela-vista-do-piaui\/#primaryimage"},"image":{"@id":"https:\/\/portalnpm.com\/index.php\/2024\/03\/19\/vera-mendes-estreia-com-vitoria-no-campeonato-regional-de-bela-vista-do-piaui\/#primaryimage"},"thumbnailUrl":"https:\/\/portalnpm.com\/wp-content\/uploads\/2024\/03\/Vera-Mendes-estreia-com-vitoria-no-Campeonato-Regional-de-Bela-Vista-do-Piaui-IMG_7939.jpg","datePublished":"2024-03-19T22:28:09+00:00","dateModified":"2024-03-19T22:28:09+00:00","author":{"@id":"https:\/\/portalnpm.com\/#\/schema\/person\/49313e563cfdefcc167f1ee4c017c294"},"breadcrumb":{"@id":"https:\/\/portalnpm.com\/index.php\/2024\/03\/19\/vera-mendes-estreia-com-vitoria-no-campeonato-regional-de-bela-vista-do-piaui\/#breadcrumb"},"inLanguage":"pt-BR","potentialAction":[{"@type":"ReadAction","target":["https:\/\/portalnpm.com\/index.php\/2024\/03\/19\/vera-mendes-estreia-com-vitoria-no-campeonato-regional-de-bela-vista-do-piaui\/"]}]},{"@type":"ImageObject","inLanguage":"pt-BR","@id":"https:\/\/portalnpm.com\/index.php\/2024\/03\/19\/vera-mendes-estreia-com-vitoria-no-campeonato-regional-de-bela-vista-do-piaui\/#primaryimage","url":"https:\/\/portalnpm.com\/wp-content\/uploads\/2024\/03\/Vera-Mendes-estreia-com-vitoria-no-Campeonato-Regional-de-Bela-Vista-do-Piaui-IMG_7939.jpg","contentUrl":"https:\/\/portalnpm.com\/wp-content\/uploads\/2024\/03\/Vera-Mendes-estreia-com-vitoria-no-Campeonato-Regional-de-Bela-Vista-do-Piaui-IMG_7939.jpg","width":900,"height":600},{"@type":"BreadcrumbList","@id":"https:\/\/portalnpm.com\/index.php\/2024\/03\/19\/vera-mendes-estreia-com-vitoria-no-campeonato-regional-de-bela-vista-do-piaui\/#breadcrumb","itemListElement":[{"@type":"ListItem","position":1,"name":"In\u00edcio","item":"https:\/\/portalnpm.com\/"},{"@type":"ListItem","position":2,"name":"Vera Mendes estreia com vit\u00f3ria no Campeonato Regional de Bela Vista do Piau\u00ed"}]},{"@type":"WebSite","@id":"https:\/\/portalnpm.com\/#website","url":"https:\/\/portalnpm.com\/","name":"Portal NPM","description":"Not\u00edcias em Primeira M\u00e3o","potentialAction":[{"@type":"SearchAction","target":{"@type":"EntryPoint","urlTemplate":"https:\/\/portalnpm.com\/?s={search_term_string}"},"query-input":"required name=search_term_string"}],"inLanguage":"pt-BR"},{"@type":"Person","@id":"https:\/\/portalnpm.com\/#\/schema\/person\/49313e563cfdefcc167f1ee4c017c294","name":"Genival Barbosa","image":{"@type":"ImageObject","inLanguage":"pt-BR","@id":"https:\/\/portalnpm.com\/#\/schema\/person\/image\/","url":"https:\/\/portalnpm.com\/wp-content\/uploads\/2024\/02\/avatar_user_2_1707743258-96x96.jpeg","contentUrl":"https:\/\/portalnpm.com\/wp-content\/uploads\/2024\/02\/avatar_user_2_1707743258-96x96.jpeg","caption":"Genival Barbosa"},"url":"https:\/\/portalnpm.com\/index.php\/author\/genival\/"}]}},"jetpack_sharing_enabled":true,"jetpack_featured_media_url":"https:\/\/portalnpm.com\/wp-content\/uploads\/2024\/03\/Vera-Mendes-estreia-com-vitoria-no-Campeonato-Regional-de-Bela-Vista-do-Piaui-IMG_7939.jpg","_links":{"self":[{"href":"https:\/\/portalnpm.com\/index.php\/wp-json\/wp\/v2\/posts\/71997"}],"collection":[{"href":"https:\/\/portalnpm.com\/index.php\/wp-json\/wp\/v2\/posts"}],"about":[{"href":"https:\/\/portalnpm.com\/index.php\/wp-json\/wp\/v2\/types\/post"}],"author":[{"embeddable":true,"href":"https:\/\/portalnpm.com\/index.php\/wp-json\/wp\/v2\/users\/2"}],"replies":[{"embeddable":true,"href":"https:\/\/portalnpm.com\/index.php\/wp-json\/wp\/v2\/comments?post=71997"}],"version-history":[{"count":1,"href":"https:\/\/portalnpm.com\/index.php\/wp-json\/wp\/v2\/posts\/71997\/revisions"}],"predecessor-version":[{"id":71999,"href":"https:\/\/portalnpm.com\/index.php\/wp-json\/wp\/v2\/posts\/71997\/revisions\/71999"}],"wp:featuredmedia":[{"embeddable":true,"href":"https:\/\/portalnpm.com\/index.php\/wp-json\/wp\/v2\/media\/71995"}],"wp:attachment":[{"href":"https:\/\/portalnpm.com\/index.php\/wp-json\/wp\/v2\/media?parent=71997"}],"wp:term":[{"taxonomy":"category","embeddable":true,"href":"https:\/\/portalnpm.com\/index.php\/wp-json\/wp\/v2\/categories?post=71997"},{"taxonomy":"post_tag","embeddable":true,"href":"https:\/\/portalnpm.com\/index.php\/wp-json\/wp\/v2\/tags?post=71997"}],"curies":[{"name":"wp","href":"https:\/\/api.w.org\/{rel}","templated":true}]}}