{"id":72027,"date":"2024-03-22T17:24:31","date_gmt":"2024-03-22T20:24:31","guid":{"rendered":"https:\/\/portalnpm.com\/?p=72027"},"modified":"2024-03-22T17:24:31","modified_gmt":"2024-03-22T20:24:31","slug":"edisaldo-rocha-presidente-da-camara-de-vereadores-de-sao-juliao-filia-se-o-pt","status":"publish","type":"post","link":"https:\/\/portalnpm.com\/index.php\/2024\/03\/22\/edisaldo-rocha-presidente-da-camara-de-vereadores-de-sao-juliao-filia-se-o-pt\/","title":{"rendered":"Edisaldo Rocha, presidente da C\u00e2mara de Vereadores de S\u00e3o Juli\u00e3o filia-se o PT"},"content":{"rendered":"<p>O vereador Edisaldo Rocha, presidente da C\u00e2mara Municipal de S\u00e3o Juli\u00e3o &#8211; PI, cidade localizada na regi\u00e3o de Picos, deixou os quadros do PSB e filiou-se ao PT, Partido dos Trabalhadores, visando o processo pol\u00edtico-eleitoral no munic\u00edpio.<\/p>\n<p><img fetchpriority=\"high\" decoding=\"async\" class=\"alignnone size-medium wp-image-72031\" src=\"https:\/\/portalnpm.com\/wp-content\/uploads\/2024\/03\/IMG-20240322-WA0131-300x209.jpg\" alt=\"\" width=\"300\" height=\"209\" srcset=\"https:\/\/portalnpm.com\/wp-content\/uploads\/2024\/03\/IMG-20240322-WA0131-300x209.jpg 300w, https:\/\/portalnpm.com\/wp-content\/uploads\/2024\/03\/IMG-20240322-WA0131-1024x715.jpg 1024w, https:\/\/portalnpm.com\/wp-content\/uploads\/2024\/03\/IMG-20240322-WA0131-768x536.jpg 768w, https:\/\/portalnpm.com\/wp-content\/uploads\/2024\/03\/IMG-20240322-WA0131.jpg 1080w\" sizes=\"(max-width: 300px) 100vw, 300px\" \/><\/p>\n<p>Edisaldo Rocha, como bem apurou nossa coluna de not\u00edcias, \u00e9 um veterano da pol\u00edtica local, sendo um dos mais estrategistas l\u00edderes do cen\u00e1rio pol\u00edtico de S\u00e3o Juli\u00e3o. Foi eleito vereador pela primeira vez em 1996 e desde ent\u00e3o faz pol\u00edtica no munic\u00edpio.<\/p>\n<p>Edisaldo Rocha tem suas ra\u00edzes em partidos de esquerda e centro-esquerda, sendo um dos defensores do presidente Lula e do governador Rafael Fonteles. O parlamentar faz parte do grupo de oposi\u00e7\u00e3o em S\u00e3o Juli\u00e3o, e \u00e9 considerado o maior advers\u00e1rio pol\u00edtico do atual prefeito, Dr. Samuel Alencar (MDB). Edisaldo teve papel fundamental na articula\u00e7\u00e3o da chapa da oposi\u00e7\u00e3o no munic\u00edpio, liderada pelo vereador Renaldinho e pelo ex-prefeito Jos\u00e9 Neci, pr\u00e9-candidatos a prefeito e vice, respectivamente, nas elei\u00e7\u00f5es de 06 de outubro de 2024.<\/p>\n<p>Com informa\u00e7\u00f5es de Zezinho Santos &#8211; via Revista Virtual, parceiro do Portal NPM<\/p>\n","protected":false},"excerpt":{"rendered":"<p>O vereador Edisaldo Rocha, presidente da C\u00e2mara Municipal de S\u00e3o Juli\u00e3o &#8211; PI, cidade localizada na regi\u00e3o de Picos, deixou os quadros do PSB e filiou-se ao PT, Partido dos Trabalhadores, visando o processo pol\u00edtico-eleitoral no munic\u00edpio. Edisaldo Rocha, como bem apurou nossa coluna de not\u00edcias, \u00e9 um veterano da pol\u00edtica local, sendo um dos &hellip;<\/p>\n","protected":false},"author":3,"featured_media":72030,"comment_status":"open","ping_status":"open","sticky":false,"template":"","format":"standard","meta":{"content-type":"","rop_custom_images_group":[],"rop_custom_messages_group":[],"rop_publish_now":"initial","rop_publish_now_accounts":{"facebook_2648258775420054_1618374048415101":""},"rop_publish_now_history":[],"rop_publish_now_status":"pending","footnotes":"","_jetpack_memberships_contains_paid_content":false},"categories":[113,109,3998],"tags":[526,836,230,14652,4005,1197,702,403,4417,1196,3337],"yoast_head":"<!-- This site is optimized with the Yoast SEO plugin v22.3 - https:\/\/yoast.com\/wordpress\/plugins\/seo\/ -->\n<title>Edisaldo Rocha, presidente da C\u00e2mara de Vereadores de S\u00e3o Juli\u00e3o filia-se o PT - Portal NPM<\/title>\n<meta name=\"robots\" content=\"index, follow, max-snippet:-1, max-image-preview:large, max-video-preview:-1\" \/>\n<link rel=\"canonical\" href=\"https:\/\/portalnpm.com\/index.php\/2024\/03\/22\/edisaldo-rocha-presidente-da-camara-de-vereadores-de-sao-juliao-filia-se-o-pt\/\" \/>\n<meta property=\"og:locale\" content=\"pt_BR\" \/>\n<meta property=\"og:type\" content=\"article\" \/>\n<meta property=\"og:title\" content=\"Edisaldo Rocha, presidente da C\u00e2mara de Vereadores de S\u00e3o Juli\u00e3o filia-se o PT - Portal NPM\" \/>\n<meta property=\"og:description\" content=\"O vereador Edisaldo Rocha, presidente da C\u00e2mara Municipal de S\u00e3o Juli\u00e3o &#8211; PI, cidade localizada na regi\u00e3o de Picos, deixou os quadros do PSB e filiou-se ao PT, Partido dos Trabalhadores, visando o processo pol\u00edtico-eleitoral no munic\u00edpio. Edisaldo Rocha, como bem apurou nossa coluna de not\u00edcias, \u00e9 um veterano da pol\u00edtica local, sendo um dos &hellip;\" \/>\n<meta property=\"og:url\" content=\"https:\/\/portalnpm.com\/index.php\/2024\/03\/22\/edisaldo-rocha-presidente-da-camara-de-vereadores-de-sao-juliao-filia-se-o-pt\/\" \/>\n<meta property=\"og:site_name\" content=\"Portal NPM\" \/>\n<meta property=\"article:published_time\" content=\"2024-03-22T20:24:31+00:00\" \/>\n<meta property=\"og:image\" content=\"https:\/\/portalnpm.com\/wp-content\/uploads\/2024\/03\/IMG-20240322-WA0132.jpg\" \/>\n\t<meta property=\"og:image:width\" content=\"1080\" \/>\n\t<meta property=\"og:image:height\" content=\"856\" \/>\n\t<meta property=\"og:image:type\" content=\"image\/jpeg\" \/>\n<meta name=\"author\" content=\"Luis Alberto\" \/>\n<meta name=\"twitter:card\" content=\"summary_large_image\" \/>\n<meta name=\"twitter:label1\" content=\"Escrito por\" \/>\n\t<meta name=\"twitter:data1\" content=\"Luis Alberto\" \/>\n\t<meta name=\"twitter:label2\" content=\"Est. tempo de leitura\" \/>\n\t<meta name=\"twitter:data2\" content=\"2 minutos\" \/>\n<script type=\"application\/ld+json\" class=\"yoast-schema-graph\">{\"@context\":\"https:\/\/schema.org\",\"@graph\":[{\"@type\":\"WebPage\",\"@id\":\"https:\/\/portalnpm.com\/index.php\/2024\/03\/22\/edisaldo-rocha-presidente-da-camara-de-vereadores-de-sao-juliao-filia-se-o-pt\/\",\"url\":\"https:\/\/portalnpm.com\/index.php\/2024\/03\/22\/edisaldo-rocha-presidente-da-camara-de-vereadores-de-sao-juliao-filia-se-o-pt\/\",\"name\":\"Edisaldo Rocha, presidente da C\u00e2mara de Vereadores de S\u00e3o Juli\u00e3o filia-se o PT - Portal NPM\",\"isPartOf\":{\"@id\":\"https:\/\/portalnpm.com\/#website\"},\"primaryImageOfPage\":{\"@id\":\"https:\/\/portalnpm.com\/index.php\/2024\/03\/22\/edisaldo-rocha-presidente-da-camara-de-vereadores-de-sao-juliao-filia-se-o-pt\/#primaryimage\"},\"image\":{\"@id\":\"https:\/\/portalnpm.com\/index.php\/2024\/03\/22\/edisaldo-rocha-presidente-da-camara-de-vereadores-de-sao-juliao-filia-se-o-pt\/#primaryimage\"},\"thumbnailUrl\":\"https:\/\/portalnpm.com\/wp-content\/uploads\/2024\/03\/IMG-20240322-WA0132.jpg\",\"datePublished\":\"2024-03-22T20:24:31+00:00\",\"dateModified\":\"2024-03-22T20:24:31+00:00\",\"author\":{\"@id\":\"https:\/\/portalnpm.com\/#\/schema\/person\/5c8006acdf71774cd4e7a5ab98482152\"},\"breadcrumb\":{\"@id\":\"https:\/\/portalnpm.com\/index.php\/2024\/03\/22\/edisaldo-rocha-presidente-da-camara-de-vereadores-de-sao-juliao-filia-se-o-pt\/#breadcrumb\"},\"inLanguage\":\"pt-BR\",\"potentialAction\":[{\"@type\":\"ReadAction\",\"target\":[\"https:\/\/portalnpm.com\/index.php\/2024\/03\/22\/edisaldo-rocha-presidente-da-camara-de-vereadores-de-sao-juliao-filia-se-o-pt\/\"]}]},{\"@type\":\"ImageObject\",\"inLanguage\":\"pt-BR\",\"@id\":\"https:\/\/portalnpm.com\/index.php\/2024\/03\/22\/edisaldo-rocha-presidente-da-camara-de-vereadores-de-sao-juliao-filia-se-o-pt\/#primaryimage\",\"url\":\"https:\/\/portalnpm.com\/wp-content\/uploads\/2024\/03\/IMG-20240322-WA0132.jpg\",\"contentUrl\":\"https:\/\/portalnpm.com\/wp-content\/uploads\/2024\/03\/IMG-20240322-WA0132.jpg\",\"width\":1080,\"height\":856},{\"@type\":\"BreadcrumbList\",\"@id\":\"https:\/\/portalnpm.com\/index.php\/2024\/03\/22\/edisaldo-rocha-presidente-da-camara-de-vereadores-de-sao-juliao-filia-se-o-pt\/#breadcrumb\",\"itemListElement\":[{\"@type\":\"ListItem\",\"position\":1,\"name\":\"In\u00edcio\",\"item\":\"https:\/\/portalnpm.com\/\"},{\"@type\":\"ListItem\",\"position\":2,\"name\":\"Edisaldo Rocha, presidente da C\u00e2mara de Vereadores de S\u00e3o Juli\u00e3o filia-se o PT\"}]},{\"@type\":\"WebSite\",\"@id\":\"https:\/\/portalnpm.com\/#website\",\"url\":\"https:\/\/portalnpm.com\/\",\"name\":\"Portal NPM\",\"description\":\"Not\u00edcias em Primeira M\u00e3o\",\"potentialAction\":[{\"@type\":\"SearchAction\",\"target\":{\"@type\":\"EntryPoint\",\"urlTemplate\":\"https:\/\/portalnpm.com\/?s={search_term_string}\"},\"query-input\":\"required name=search_term_string\"}],\"inLanguage\":\"pt-BR\"},{\"@type\":\"Person\",\"@id\":\"https:\/\/portalnpm.com\/#\/schema\/person\/5c8006acdf71774cd4e7a5ab98482152\",\"name\":\"Luis Alberto\",\"image\":{\"@type\":\"ImageObject\",\"inLanguage\":\"pt-BR\",\"@id\":\"https:\/\/portalnpm.com\/#\/schema\/person\/image\/\",\"url\":\"https:\/\/portalnpm.com\/wp-content\/uploads\/2024\/12\/avatar_user_3_1734699769-96x96.jpeg\",\"contentUrl\":\"https:\/\/portalnpm.com\/wp-content\/uploads\/2024\/12\/avatar_user_3_1734699769-96x96.jpeg\",\"caption\":\"Luis Alberto\"},\"description\":\"Editor-geral do Portal NPM, \u00e9 formado como T\u00e9cnico em Seguran\u00e7a do Trabalho pela Escola Metropolitana de Cursos T\u00e9cnicos. Det\u00e9m ainda licenciatura em Educa\u00e7\u00e3o F\u00edsica e bacharelado em Ci\u00eancias Pol\u00edticas, ambos obtidos pela institui\u00e7\u00e3o Anhanguera\/UNOPAR.\",\"url\":\"https:\/\/portalnpm.com\/index.php\/author\/pereira\/\"}]}<\/script>\n<!-- \/ Yoast SEO plugin. -->","yoast_head_json":{"title":"Edisaldo Rocha, presidente da C\u00e2mara de Vereadores de S\u00e3o Juli\u00e3o filia-se o PT - Portal NPM","robots":{"index":"index","follow":"follow","max-snippet":"max-snippet:-1","max-image-preview":"max-image-preview:large","max-video-preview":"max-video-preview:-1"},"canonical":"https:\/\/portalnpm.com\/index.php\/2024\/03\/22\/edisaldo-rocha-presidente-da-camara-de-vereadores-de-sao-juliao-filia-se-o-pt\/","og_locale":"pt_BR","og_type":"article","og_title":"Edisaldo Rocha, presidente da C\u00e2mara de Vereadores de S\u00e3o Juli\u00e3o filia-se o PT - Portal NPM","og_description":"O vereador Edisaldo Rocha, presidente da C\u00e2mara Municipal de S\u00e3o Juli\u00e3o &#8211; PI, cidade localizada na regi\u00e3o de Picos, deixou os quadros do PSB e filiou-se ao PT, Partido dos Trabalhadores, visando o processo pol\u00edtico-eleitoral no munic\u00edpio. Edisaldo Rocha, como bem apurou nossa coluna de not\u00edcias, \u00e9 um veterano da pol\u00edtica local, sendo um dos &hellip;","og_url":"https:\/\/portalnpm.com\/index.php\/2024\/03\/22\/edisaldo-rocha-presidente-da-camara-de-vereadores-de-sao-juliao-filia-se-o-pt\/","og_site_name":"Portal NPM","article_published_time":"2024-03-22T20:24:31+00:00","og_image":[{"width":1080,"height":856,"url":"https:\/\/portalnpm.com\/wp-content\/uploads\/2024\/03\/IMG-20240322-WA0132.jpg","type":"image\/jpeg"}],"author":"Luis Alberto","twitter_card":"summary_large_image","twitter_misc":{"Escrito por":"Luis Alberto","Est. tempo de leitura":"2 minutos"},"schema":{"@context":"https:\/\/schema.org","@graph":[{"@type":"WebPage","@id":"https:\/\/portalnpm.com\/index.php\/2024\/03\/22\/edisaldo-rocha-presidente-da-camara-de-vereadores-de-sao-juliao-filia-se-o-pt\/","url":"https:\/\/portalnpm.com\/index.php\/2024\/03\/22\/edisaldo-rocha-presidente-da-camara-de-vereadores-de-sao-juliao-filia-se-o-pt\/","name":"Edisaldo Rocha, presidente da C\u00e2mara de Vereadores de S\u00e3o Juli\u00e3o filia-se o PT - Portal NPM","isPartOf":{"@id":"https:\/\/portalnpm.com\/#website"},"primaryImageOfPage":{"@id":"https:\/\/portalnpm.com\/index.php\/2024\/03\/22\/edisaldo-rocha-presidente-da-camara-de-vereadores-de-sao-juliao-filia-se-o-pt\/#primaryimage"},"image":{"@id":"https:\/\/portalnpm.com\/index.php\/2024\/03\/22\/edisaldo-rocha-presidente-da-camara-de-vereadores-de-sao-juliao-filia-se-o-pt\/#primaryimage"},"thumbnailUrl":"https:\/\/portalnpm.com\/wp-content\/uploads\/2024\/03\/IMG-20240322-WA0132.jpg","datePublished":"2024-03-22T20:24:31+00:00","dateModified":"2024-03-22T20:24:31+00:00","author":{"@id":"https:\/\/portalnpm.com\/#\/schema\/person\/5c8006acdf71774cd4e7a5ab98482152"},"breadcrumb":{"@id":"https:\/\/portalnpm.com\/index.php\/2024\/03\/22\/edisaldo-rocha-presidente-da-camara-de-vereadores-de-sao-juliao-filia-se-o-pt\/#breadcrumb"},"inLanguage":"pt-BR","potentialAction":[{"@type":"ReadAction","target":["https:\/\/portalnpm.com\/index.php\/2024\/03\/22\/edisaldo-rocha-presidente-da-camara-de-vereadores-de-sao-juliao-filia-se-o-pt\/"]}]},{"@type":"ImageObject","inLanguage":"pt-BR","@id":"https:\/\/portalnpm.com\/index.php\/2024\/03\/22\/edisaldo-rocha-presidente-da-camara-de-vereadores-de-sao-juliao-filia-se-o-pt\/#primaryimage","url":"https:\/\/portalnpm.com\/wp-content\/uploads\/2024\/03\/IMG-20240322-WA0132.jpg","contentUrl":"https:\/\/portalnpm.com\/wp-content\/uploads\/2024\/03\/IMG-20240322-WA0132.jpg","width":1080,"height":856},{"@type":"BreadcrumbList","@id":"https:\/\/portalnpm.com\/index.php\/2024\/03\/22\/edisaldo-rocha-presidente-da-camara-de-vereadores-de-sao-juliao-filia-se-o-pt\/#breadcrumb","itemListElement":[{"@type":"ListItem","position":1,"name":"In\u00edcio","item":"https:\/\/portalnpm.com\/"},{"@type":"ListItem","position":2,"name":"Edisaldo Rocha, presidente da C\u00e2mara de Vereadores de S\u00e3o Juli\u00e3o filia-se o PT"}]},{"@type":"WebSite","@id":"https:\/\/portalnpm.com\/#website","url":"https:\/\/portalnpm.com\/","name":"Portal NPM","description":"Not\u00edcias em Primeira M\u00e3o","potentialAction":[{"@type":"SearchAction","target":{"@type":"EntryPoint","urlTemplate":"https:\/\/portalnpm.com\/?s={search_term_string}"},"query-input":"required name=search_term_string"}],"inLanguage":"pt-BR"},{"@type":"Person","@id":"https:\/\/portalnpm.com\/#\/schema\/person\/5c8006acdf71774cd4e7a5ab98482152","name":"Luis Alberto","image":{"@type":"ImageObject","inLanguage":"pt-BR","@id":"https:\/\/portalnpm.com\/#\/schema\/person\/image\/","url":"https:\/\/portalnpm.com\/wp-content\/uploads\/2024\/12\/avatar_user_3_1734699769-96x96.jpeg","contentUrl":"https:\/\/portalnpm.com\/wp-content\/uploads\/2024\/12\/avatar_user_3_1734699769-96x96.jpeg","caption":"Luis Alberto"},"description":"Editor-geral do Portal NPM, \u00e9 formado como T\u00e9cnico em Seguran\u00e7a do Trabalho pela Escola Metropolitana de Cursos T\u00e9cnicos. Det\u00e9m ainda licenciatura em Educa\u00e7\u00e3o F\u00edsica e bacharelado em Ci\u00eancias Pol\u00edticas, ambos obtidos pela institui\u00e7\u00e3o Anhanguera\/UNOPAR.","url":"https:\/\/portalnpm.com\/index.php\/author\/pereira\/"}]}},"jetpack_sharing_enabled":true,"jetpack_featured_media_url":"https:\/\/portalnpm.com\/wp-content\/uploads\/2024\/03\/IMG-20240322-WA0132.jpg","_links":{"self":[{"href":"https:\/\/portalnpm.com\/index.php\/wp-json\/wp\/v2\/posts\/72027"}],"collection":[{"href":"https:\/\/portalnpm.com\/index.php\/wp-json\/wp\/v2\/posts"}],"about":[{"href":"https:\/\/portalnpm.com\/index.php\/wp-json\/wp\/v2\/types\/post"}],"author":[{"embeddable":true,"href":"https:\/\/portalnpm.com\/index.php\/wp-json\/wp\/v2\/users\/3"}],"replies":[{"embeddable":true,"href":"https:\/\/portalnpm.com\/index.php\/wp-json\/wp\/v2\/comments?post=72027"}],"version-history":[{"count":3,"href":"https:\/\/portalnpm.com\/index.php\/wp-json\/wp\/v2\/posts\/72027\/revisions"}],"predecessor-version":[{"id":72032,"href":"https:\/\/portalnpm.com\/index.php\/wp-json\/wp\/v2\/posts\/72027\/revisions\/72032"}],"wp:featuredmedia":[{"embeddable":true,"href":"https:\/\/portalnpm.com\/index.php\/wp-json\/wp\/v2\/media\/72030"}],"wp:attachment":[{"href":"https:\/\/portalnpm.com\/index.php\/wp-json\/wp\/v2\/media?parent=72027"}],"wp:term":[{"taxonomy":"category","embeddable":true,"href":"https:\/\/portalnpm.com\/index.php\/wp-json\/wp\/v2\/categories?post=72027"},{"taxonomy":"post_tag","embeddable":true,"href":"https:\/\/portalnpm.com\/index.php\/wp-json\/wp\/v2\/tags?post=72027"}],"curies":[{"name":"wp","href":"https:\/\/api.w.org\/{rel}","templated":true}]}}