{"id":7208,"date":"2019-04-11T09:15:13","date_gmt":"2019-04-11T12:15:13","guid":{"rendered":"http:\/\/srv.portalnpm.com.br\/?p=7208"},"modified":"2019-04-11T09:15:13","modified_gmt":"2019-04-11T12:15:13","slug":"em-pio-ix-alunos-protestam-com-guarda-chuvas-pedindo-cobertura-de-quadra-exposta-a-sol-e-chuva","status":"publish","type":"post","link":"https:\/\/portalnpm.com\/index.php\/2019\/04\/11\/em-pio-ix-alunos-protestam-com-guarda-chuvas-pedindo-cobertura-de-quadra-exposta-a-sol-e-chuva\/","title":{"rendered":"Em Pio IX, alunos protestam com guarda-chuvas pedindo cobertura de quadra exposta a sol e chuva"},"content":{"rendered":"<p class=\"content-text__container \" style=\"text-align: justify;\" data-track-category=\"Link no Texto\" data-track-links=\"\">Mais de 200 alunos da Unidade Escolar Francisco Suassuna De Melo, localizada no munic\u00edpio de\u00a0Pio IX, Sul do\u00a0Piau\u00ed, fizeram um protesto usando guarda-chuva para mostrar que a quadra esportiva da escola n\u00e3o tem cobertura e eles s\u00e3o obrigados a praticar atividades f\u00edsicas expostos ao sol. Al\u00e9m da falta de cobertura, os estudantes reivindicam por reforma no setor de esportes.<\/p>\n<p class=\"content-text__container \" style=\"text-align: justify;\" data-track-category=\"Link no Texto\" data-track-links=\"\">Os estudantes tamb\u00e9m reclamam do matagal que \u00e9 formado no entorno da quadra e fizeram uma \u2018vaquinha\u2019 para arrecadar dinheiro e pagar a trabalhadores para capinar o mato.A Secretaria de Estado da Educa\u00e7\u00e3o (Seduc) comunicou que o processo de licita\u00e7\u00e3o para a reforma da Unidade Escolar Francisco Suassuna de Melo est\u00e1 em andamento, bem como a constru\u00e7\u00e3o da quadra.<\/p>\n<p style=\"text-align: justify;\" data-track-category=\"Link no Texto\" data-track-links=\"\">Segundo a coordenadora da unidade, Regilene Carvalho, os alunos praticavam atividades no pr\u00f3prio pr\u00e9dio da escola Francisco Suassuna de Melo, que atendia as necessidades deles. No entanto, ano passado o Governo do Estado transferiu o alunado para a Unidade Escolar Nossa Senhora do Patroc\u00ednio, onde h\u00e1 os problemas de estrutura e prometeu reformar a quadra dentro de um ano, mas nada foi feito.<\/p>\n<figure id=\"attachment_7209\" aria-describedby=\"caption-attachment-7209\" style=\"width: 300px\" class=\"wp-caption aligncenter\"><img fetchpriority=\"high\" decoding=\"async\" class=\"size-medium wp-image-7209\" src=\"http:\/\/portalnpm.com\/wp-content\/uploads\/2019\/04\/pioixescolaprot-390x220-300x169.jpg\" alt=\"\" width=\"300\" height=\"169\" \/><figcaption id=\"caption-attachment-7209\" class=\"wp-caption-text\">Alunos protestam com guarda-chuva falta de cobertura de quadra \u2014 Foto: Reprodu\u00e7\u00e3o\/Redes Sociais<\/figcaption><\/figure>\n<p class=\"content-text__container \" style=\"text-align: justify;\" data-track-category=\"Link no Texto\" data-track-links=\"\">\u201cJ\u00e1 enviamos um encaminhamento e equipes j\u00e1 vieram para avaliar o pr\u00e9dio, mas at\u00e9 agora estamos aguardando. \u00c9 ruim para eles, porque os hor\u00e1rios das aulas pr\u00e1ticas vai de 7h \u00e0s 11h no turno da manh\u00e3 e na tarde fica ainda mais invi\u00e1vel, pois as aulas s\u00e3o das 13h \u00e0s 17h. N\u00e3o tem como praticar atividades\u201d, disse a coordenadora.<\/p>\n<p class=\"content-text__container \" style=\"text-align: justify;\" data-track-category=\"Link no Texto\" data-track-links=\"\">O\u00a0G1\u00a0conversou com uma m\u00e3e de um dos alunos e ela falou que a iniciativa do protesto foi da professora de Educa\u00e7\u00e3o F\u00edsica. Os estudantes Sebasti\u00e3o Neto e Ana Vit\u00f3ria aparecem no v\u00eddeo feito pelos estudantes para mostrar que a pr\u00e1tica das atividades acontece debaixo do \u2018sol muito forte\u2019 e de chuva.<\/p>\n<p class=\"content-text__container \" style=\"text-align: justify;\" data-track-category=\"Link no Texto\" data-track-links=\"\">\u201cA professora, juntamente com os alunos, que precisavam de aulas pr\u00e1ticas em educa\u00e7\u00e3o f\u00edsica, tiveram essa ideia de mobiliza\u00e7\u00e3o para pedir melhorias na estrutura da escola\u201d, falou Ivanda Pinheiro.<\/p>\n<p class=\"content-text__container \" style=\"text-align: justify;\" data-track-category=\"Link no Texto\" data-track-links=\"\"><strong>FONTE: G1 Piau\u00ed<\/strong><\/p>\n","protected":false},"excerpt":{"rendered":"<p>Mais de 200 alunos da Unidade Escolar Francisco Suassuna De Melo, localizada no munic\u00edpio de\u00a0Pio IX, Sul do\u00a0Piau\u00ed, fizeram um protesto usando guarda-chuva para mostrar que a quadra esportiva da escola n\u00e3o tem cobertura e eles s\u00e3o obrigados a praticar atividades f\u00edsicas expostos ao sol. Al\u00e9m da falta de cobertura, os estudantes reivindicam por reforma &hellip;<\/p>\n","protected":false},"author":8,"featured_media":7210,"comment_status":"open","ping_status":"open","sticky":false,"template":"","format":"standard","meta":{"content-type":"","rop_custom_images_group":[],"rop_custom_messages_group":[],"rop_publish_now":"initial","rop_publish_now_accounts":{"facebook_2648258775420054_1618374048415101":""},"rop_publish_now_history":[],"rop_publish_now_status":"pending","footnotes":"","_jetpack_memberships_contains_paid_content":false},"categories":[109,439],"tags":[1484,679,2530],"yoast_head":"<!-- This site is optimized with the Yoast SEO plugin v22.3 - https:\/\/yoast.com\/wordpress\/plugins\/seo\/ -->\n<title>Em Pio IX, alunos protestam com guarda-chuvas pedindo cobertura de quadra exposta a sol e chuva - Portal NPM<\/title>\n<meta name=\"robots\" content=\"index, follow, max-snippet:-1, max-image-preview:large, max-video-preview:-1\" \/>\n<link rel=\"canonical\" href=\"https:\/\/portalnpm.com\/index.php\/2019\/04\/11\/em-pio-ix-alunos-protestam-com-guarda-chuvas-pedindo-cobertura-de-quadra-exposta-a-sol-e-chuva\/\" \/>\n<meta property=\"og:locale\" content=\"pt_BR\" \/>\n<meta property=\"og:type\" content=\"article\" \/>\n<meta property=\"og:title\" content=\"Em Pio IX, alunos protestam com guarda-chuvas pedindo cobertura de quadra exposta a sol e chuva - Portal NPM\" \/>\n<meta property=\"og:description\" content=\"Mais de 200 alunos da Unidade Escolar Francisco Suassuna De Melo, localizada no munic\u00edpio de\u00a0Pio IX, Sul do\u00a0Piau\u00ed, fizeram um protesto usando guarda-chuva para mostrar que a quadra esportiva da escola n\u00e3o tem cobertura e eles s\u00e3o obrigados a praticar atividades f\u00edsicas expostos ao sol. Al\u00e9m da falta de cobertura, os estudantes reivindicam por reforma &hellip;\" \/>\n<meta property=\"og:url\" content=\"https:\/\/portalnpm.com\/index.php\/2019\/04\/11\/em-pio-ix-alunos-protestam-com-guarda-chuvas-pedindo-cobertura-de-quadra-exposta-a-sol-e-chuva\/\" \/>\n<meta property=\"og:site_name\" content=\"Portal NPM\" \/>\n<meta property=\"article:published_time\" content=\"2019-04-11T12:15:13+00:00\" \/>\n<meta name=\"author\" content=\"Zenilton Lima\" \/>\n<meta name=\"twitter:card\" content=\"summary_large_image\" \/>\n<meta name=\"twitter:label1\" content=\"Escrito por\" \/>\n\t<meta name=\"twitter:data1\" content=\"Zenilton Lima\" \/>\n\t<meta name=\"twitter:label2\" content=\"Est. tempo de leitura\" \/>\n\t<meta name=\"twitter:data2\" content=\"2 minutos\" \/>\n<script type=\"application\/ld+json\" class=\"yoast-schema-graph\">{\"@context\":\"https:\/\/schema.org\",\"@graph\":[{\"@type\":\"WebPage\",\"@id\":\"https:\/\/portalnpm.com\/index.php\/2019\/04\/11\/em-pio-ix-alunos-protestam-com-guarda-chuvas-pedindo-cobertura-de-quadra-exposta-a-sol-e-chuva\/\",\"url\":\"https:\/\/portalnpm.com\/index.php\/2019\/04\/11\/em-pio-ix-alunos-protestam-com-guarda-chuvas-pedindo-cobertura-de-quadra-exposta-a-sol-e-chuva\/\",\"name\":\"Em Pio IX, alunos protestam com guarda-chuvas pedindo cobertura de quadra exposta a sol e chuva - Portal NPM\",\"isPartOf\":{\"@id\":\"https:\/\/portalnpm.com\/#website\"},\"primaryImageOfPage\":{\"@id\":\"https:\/\/portalnpm.com\/index.php\/2019\/04\/11\/em-pio-ix-alunos-protestam-com-guarda-chuvas-pedindo-cobertura-de-quadra-exposta-a-sol-e-chuva\/#primaryimage\"},\"image\":{\"@id\":\"https:\/\/portalnpm.com\/index.php\/2019\/04\/11\/em-pio-ix-alunos-protestam-com-guarda-chuvas-pedindo-cobertura-de-quadra-exposta-a-sol-e-chuva\/#primaryimage\"},\"thumbnailUrl\":\"\",\"datePublished\":\"2019-04-11T12:15:13+00:00\",\"dateModified\":\"2019-04-11T12:15:13+00:00\",\"author\":{\"@id\":\"https:\/\/portalnpm.com\/#\/schema\/person\/35cb55186eae3f074b6783da6d35591e\"},\"breadcrumb\":{\"@id\":\"https:\/\/portalnpm.com\/index.php\/2019\/04\/11\/em-pio-ix-alunos-protestam-com-guarda-chuvas-pedindo-cobertura-de-quadra-exposta-a-sol-e-chuva\/#breadcrumb\"},\"inLanguage\":\"pt-BR\",\"potentialAction\":[{\"@type\":\"ReadAction\",\"target\":[\"https:\/\/portalnpm.com\/index.php\/2019\/04\/11\/em-pio-ix-alunos-protestam-com-guarda-chuvas-pedindo-cobertura-de-quadra-exposta-a-sol-e-chuva\/\"]}]},{\"@type\":\"ImageObject\",\"inLanguage\":\"pt-BR\",\"@id\":\"https:\/\/portalnpm.com\/index.php\/2019\/04\/11\/em-pio-ix-alunos-protestam-com-guarda-chuvas-pedindo-cobertura-de-quadra-exposta-a-sol-e-chuva\/#primaryimage\",\"url\":\"\",\"contentUrl\":\"\"},{\"@type\":\"BreadcrumbList\",\"@id\":\"https:\/\/portalnpm.com\/index.php\/2019\/04\/11\/em-pio-ix-alunos-protestam-com-guarda-chuvas-pedindo-cobertura-de-quadra-exposta-a-sol-e-chuva\/#breadcrumb\",\"itemListElement\":[{\"@type\":\"ListItem\",\"position\":1,\"name\":\"In\u00edcio\",\"item\":\"https:\/\/portalnpm.com\/\"},{\"@type\":\"ListItem\",\"position\":2,\"name\":\"Em Pio IX, alunos protestam com guarda-chuvas pedindo cobertura de quadra exposta a sol e chuva\"}]},{\"@type\":\"WebSite\",\"@id\":\"https:\/\/portalnpm.com\/#website\",\"url\":\"https:\/\/portalnpm.com\/\",\"name\":\"Portal NPM\",\"description\":\"Not\u00edcias em Primeira M\u00e3o\",\"potentialAction\":[{\"@type\":\"SearchAction\",\"target\":{\"@type\":\"EntryPoint\",\"urlTemplate\":\"https:\/\/portalnpm.com\/?s={search_term_string}\"},\"query-input\":\"required name=search_term_string\"}],\"inLanguage\":\"pt-BR\"},{\"@type\":\"Person\",\"@id\":\"https:\/\/portalnpm.com\/#\/schema\/person\/35cb55186eae3f074b6783da6d35591e\",\"name\":\"Zenilton Lima\",\"image\":{\"@type\":\"ImageObject\",\"inLanguage\":\"pt-BR\",\"@id\":\"https:\/\/portalnpm.com\/#\/schema\/person\/image\/\",\"url\":\"https:\/\/portalnpm.com\/wp-content\/uploads\/2024\/12\/avatar_user_8_1733658137-96x96.jpeg\",\"contentUrl\":\"https:\/\/portalnpm.com\/wp-content\/uploads\/2024\/12\/avatar_user_8_1733658137-96x96.jpeg\",\"caption\":\"Zenilton Lima\"},\"url\":\"https:\/\/portalnpm.com\/index.php\/author\/zenilton\/\"}]}<\/script>\n<!-- \/ Yoast SEO plugin. -->","yoast_head_json":{"title":"Em Pio IX, alunos protestam com guarda-chuvas pedindo cobertura de quadra exposta a sol e chuva - Portal NPM","robots":{"index":"index","follow":"follow","max-snippet":"max-snippet:-1","max-image-preview":"max-image-preview:large","max-video-preview":"max-video-preview:-1"},"canonical":"https:\/\/portalnpm.com\/index.php\/2019\/04\/11\/em-pio-ix-alunos-protestam-com-guarda-chuvas-pedindo-cobertura-de-quadra-exposta-a-sol-e-chuva\/","og_locale":"pt_BR","og_type":"article","og_title":"Em Pio IX, alunos protestam com guarda-chuvas pedindo cobertura de quadra exposta a sol e chuva - Portal NPM","og_description":"Mais de 200 alunos da Unidade Escolar Francisco Suassuna De Melo, localizada no munic\u00edpio de\u00a0Pio IX, Sul do\u00a0Piau\u00ed, fizeram um protesto usando guarda-chuva para mostrar que a quadra esportiva da escola n\u00e3o tem cobertura e eles s\u00e3o obrigados a praticar atividades f\u00edsicas expostos ao sol. Al\u00e9m da falta de cobertura, os estudantes reivindicam por reforma &hellip;","og_url":"https:\/\/portalnpm.com\/index.php\/2019\/04\/11\/em-pio-ix-alunos-protestam-com-guarda-chuvas-pedindo-cobertura-de-quadra-exposta-a-sol-e-chuva\/","og_site_name":"Portal NPM","article_published_time":"2019-04-11T12:15:13+00:00","author":"Zenilton Lima","twitter_card":"summary_large_image","twitter_misc":{"Escrito por":"Zenilton Lima","Est. tempo de leitura":"2 minutos"},"schema":{"@context":"https:\/\/schema.org","@graph":[{"@type":"WebPage","@id":"https:\/\/portalnpm.com\/index.php\/2019\/04\/11\/em-pio-ix-alunos-protestam-com-guarda-chuvas-pedindo-cobertura-de-quadra-exposta-a-sol-e-chuva\/","url":"https:\/\/portalnpm.com\/index.php\/2019\/04\/11\/em-pio-ix-alunos-protestam-com-guarda-chuvas-pedindo-cobertura-de-quadra-exposta-a-sol-e-chuva\/","name":"Em Pio IX, alunos protestam com guarda-chuvas pedindo cobertura de quadra exposta a sol e chuva - Portal NPM","isPartOf":{"@id":"https:\/\/portalnpm.com\/#website"},"primaryImageOfPage":{"@id":"https:\/\/portalnpm.com\/index.php\/2019\/04\/11\/em-pio-ix-alunos-protestam-com-guarda-chuvas-pedindo-cobertura-de-quadra-exposta-a-sol-e-chuva\/#primaryimage"},"image":{"@id":"https:\/\/portalnpm.com\/index.php\/2019\/04\/11\/em-pio-ix-alunos-protestam-com-guarda-chuvas-pedindo-cobertura-de-quadra-exposta-a-sol-e-chuva\/#primaryimage"},"thumbnailUrl":"","datePublished":"2019-04-11T12:15:13+00:00","dateModified":"2019-04-11T12:15:13+00:00","author":{"@id":"https:\/\/portalnpm.com\/#\/schema\/person\/35cb55186eae3f074b6783da6d35591e"},"breadcrumb":{"@id":"https:\/\/portalnpm.com\/index.php\/2019\/04\/11\/em-pio-ix-alunos-protestam-com-guarda-chuvas-pedindo-cobertura-de-quadra-exposta-a-sol-e-chuva\/#breadcrumb"},"inLanguage":"pt-BR","potentialAction":[{"@type":"ReadAction","target":["https:\/\/portalnpm.com\/index.php\/2019\/04\/11\/em-pio-ix-alunos-protestam-com-guarda-chuvas-pedindo-cobertura-de-quadra-exposta-a-sol-e-chuva\/"]}]},{"@type":"ImageObject","inLanguage":"pt-BR","@id":"https:\/\/portalnpm.com\/index.php\/2019\/04\/11\/em-pio-ix-alunos-protestam-com-guarda-chuvas-pedindo-cobertura-de-quadra-exposta-a-sol-e-chuva\/#primaryimage","url":"","contentUrl":""},{"@type":"BreadcrumbList","@id":"https:\/\/portalnpm.com\/index.php\/2019\/04\/11\/em-pio-ix-alunos-protestam-com-guarda-chuvas-pedindo-cobertura-de-quadra-exposta-a-sol-e-chuva\/#breadcrumb","itemListElement":[{"@type":"ListItem","position":1,"name":"In\u00edcio","item":"https:\/\/portalnpm.com\/"},{"@type":"ListItem","position":2,"name":"Em Pio IX, alunos protestam com guarda-chuvas pedindo cobertura de quadra exposta a sol e chuva"}]},{"@type":"WebSite","@id":"https:\/\/portalnpm.com\/#website","url":"https:\/\/portalnpm.com\/","name":"Portal NPM","description":"Not\u00edcias em Primeira M\u00e3o","potentialAction":[{"@type":"SearchAction","target":{"@type":"EntryPoint","urlTemplate":"https:\/\/portalnpm.com\/?s={search_term_string}"},"query-input":"required name=search_term_string"}],"inLanguage":"pt-BR"},{"@type":"Person","@id":"https:\/\/portalnpm.com\/#\/schema\/person\/35cb55186eae3f074b6783da6d35591e","name":"Zenilton Lima","image":{"@type":"ImageObject","inLanguage":"pt-BR","@id":"https:\/\/portalnpm.com\/#\/schema\/person\/image\/","url":"https:\/\/portalnpm.com\/wp-content\/uploads\/2024\/12\/avatar_user_8_1733658137-96x96.jpeg","contentUrl":"https:\/\/portalnpm.com\/wp-content\/uploads\/2024\/12\/avatar_user_8_1733658137-96x96.jpeg","caption":"Zenilton Lima"},"url":"https:\/\/portalnpm.com\/index.php\/author\/zenilton\/"}]}},"jetpack_sharing_enabled":true,"jetpack_featured_media_url":"","_links":{"self":[{"href":"https:\/\/portalnpm.com\/index.php\/wp-json\/wp\/v2\/posts\/7208"}],"collection":[{"href":"https:\/\/portalnpm.com\/index.php\/wp-json\/wp\/v2\/posts"}],"about":[{"href":"https:\/\/portalnpm.com\/index.php\/wp-json\/wp\/v2\/types\/post"}],"author":[{"embeddable":true,"href":"https:\/\/portalnpm.com\/index.php\/wp-json\/wp\/v2\/users\/8"}],"replies":[{"embeddable":true,"href":"https:\/\/portalnpm.com\/index.php\/wp-json\/wp\/v2\/comments?post=7208"}],"version-history":[{"count":0,"href":"https:\/\/portalnpm.com\/index.php\/wp-json\/wp\/v2\/posts\/7208\/revisions"}],"wp:featuredmedia":[{"embeddable":true,"href":"https:\/\/portalnpm.com\/index.php\/wp-json\/"}],"wp:attachment":[{"href":"https:\/\/portalnpm.com\/index.php\/wp-json\/wp\/v2\/media?parent=7208"}],"wp:term":[{"taxonomy":"category","embeddable":true,"href":"https:\/\/portalnpm.com\/index.php\/wp-json\/wp\/v2\/categories?post=7208"},{"taxonomy":"post_tag","embeddable":true,"href":"https:\/\/portalnpm.com\/index.php\/wp-json\/wp\/v2\/tags?post=7208"}],"curies":[{"name":"wp","href":"https:\/\/api.w.org\/{rel}","templated":true}]}}