{"id":72126,"date":"2024-03-28T10:33:02","date_gmt":"2024-03-28T13:33:02","guid":{"rendered":"https:\/\/portalnpm.com\/?p=72126"},"modified":"2024-03-28T10:33:02","modified_gmt":"2024-03-28T13:33:02","slug":"luis-valente-e-empossado-como-novo-vereador-de-sao-juliao","status":"publish","type":"post","link":"https:\/\/portalnpm.com\/index.php\/2024\/03\/28\/luis-valente-e-empossado-como-novo-vereador-de-sao-juliao\/","title":{"rendered":"Luis Valente \u00e9 empossado como novo vereador de S\u00e3o Juli\u00e3o"},"content":{"rendered":"<p>O primeiro suplente do PT de S\u00e3o Juli\u00e3o &#8211; PI, Luis Francisco de Sousa, conhecido como Luis Valente, foi empossado na manh\u00e3 de hoje (28\/03), em sess\u00e3o especial na C\u00e2mara Municipal de Vereadores.<\/p>\n<figure id=\"attachment_72129\" aria-describedby=\"caption-attachment-72129\" style=\"width: 300px\" class=\"wp-caption alignnone\"><img fetchpriority=\"high\" decoding=\"async\" class=\"size-medium wp-image-72129\" src=\"https:\/\/portalnpm.com\/wp-content\/uploads\/2024\/03\/posseluisvalente2024-4-300x197.jpg\" alt=\"\" width=\"300\" height=\"197\" srcset=\"https:\/\/portalnpm.com\/wp-content\/uploads\/2024\/03\/posseluisvalente2024-4-300x197.jpg 300w, https:\/\/portalnpm.com\/wp-content\/uploads\/2024\/03\/posseluisvalente2024-4-768x504.jpg 768w, https:\/\/portalnpm.com\/wp-content\/uploads\/2024\/03\/posseluisvalente2024-4.jpg 1024w\" sizes=\"(max-width: 300px) 100vw, 300px\" \/><figcaption id=\"caption-attachment-72129\" class=\"wp-caption-text\">Luis Valente ao lado dos vereadores da base aliada ao prefeito<br \/>Foto: Portal \u00c9 Not\u00edcias<\/figcaption><\/figure>\n<p>A sess\u00e3o foi r\u00e1pida e contou com a presen\u00e7a de familiares e simpatizantes do novo parlamentar. Em seu r\u00e1pido discurso, o vereador agradeceu a Deus e a todos que estiveram com ele nesta caminhada.<\/p>\n<p>Luis Valente assumiu uma vaga no parlamento local ap\u00f3s uma decis\u00e3o da justi\u00e7a que lhe assegurou um assento no poder legislativo municipal. O pol\u00edtico alegou falsifica\u00e7\u00e3o em sua assinatura junto ao um documento de desfilia\u00e7\u00e3o partid\u00e1ria do PT, que o impediu de assumir a vaga, ap\u00f3s a renuncia do titular, o hoje ex-vereador Tico dos Pipas. Contudo, no \u00faltimo fim de semana, a justi\u00e7a concedeu o direito de assumir a vaga de vereador.<\/p>\n<p>Com a posse do agora vereador Luis Valente, a C\u00e2mara Municipal de Vereadores de S\u00e3o Juli\u00e3o ficar\u00e1 agora com cinco vereadores na oposi\u00e7\u00e3o, que antes eram seis, e a situa\u00e7\u00e3o que anteriormente eram tr\u00eas, sobe para quatro vereadores.<\/p>\n<figure id=\"attachment_72130\" aria-describedby=\"caption-attachment-72130\" style=\"width: 300px\" class=\"wp-caption alignnone\"><img decoding=\"async\" class=\"size-medium wp-image-72130\" src=\"https:\/\/portalnpm.com\/wp-content\/uploads\/2024\/03\/posseluisvalente2024-18-300x200.jpg\" alt=\"\" width=\"300\" height=\"200\" srcset=\"https:\/\/portalnpm.com\/wp-content\/uploads\/2024\/03\/posseluisvalente2024-18-300x200.jpg 300w, https:\/\/portalnpm.com\/wp-content\/uploads\/2024\/03\/posseluisvalente2024-18-768x512.jpg 768w, https:\/\/portalnpm.com\/wp-content\/uploads\/2024\/03\/posseluisvalente2024-18.jpg 1024w\" sizes=\"(max-width: 300px) 100vw, 300px\" \/><figcaption id=\"caption-attachment-72130\" class=\"wp-caption-text\">Familiares e apoiadores do vereador Luis Valente<br \/>Foto: Portal \u00c9 Not\u00edcias<\/figcaption><\/figure>\n","protected":false},"excerpt":{"rendered":"<p>O primeiro suplente do PT de S\u00e3o Juli\u00e3o &#8211; PI, Luis Francisco de Sousa, conhecido como Luis Valente, foi empossado na manh\u00e3 de hoje (28\/03), em sess\u00e3o especial na C\u00e2mara Municipal de Vereadores. A sess\u00e3o foi r\u00e1pida e contou com a presen\u00e7a de familiares e simpatizantes do novo parlamentar. Em seu r\u00e1pido discurso, o vereador &hellip;<\/p>\n","protected":false},"author":3,"featured_media":72128,"comment_status":"open","ping_status":"open","sticky":false,"template":"","format":"standard","meta":{"content-type":"","rop_custom_images_group":[],"rop_custom_messages_group":[],"rop_publish_now":"initial","rop_publish_now_accounts":{"facebook_2648258775420054_1618374048415101":""},"rop_publish_now_history":[],"rop_publish_now_status":"pending","footnotes":"","_jetpack_memberships_contains_paid_content":false},"categories":[109,3998],"tags":[1151,230,925,5972,1197,6249,1105,1196,15620,194],"yoast_head":"<!-- This site is optimized with the Yoast SEO plugin v22.3 - https:\/\/yoast.com\/wordpress\/plugins\/seo\/ -->\n<title>Luis Valente \u00e9 empossado como novo vereador de S\u00e3o Juli\u00e3o - Portal NPM<\/title>\n<meta name=\"robots\" content=\"index, follow, max-snippet:-1, max-image-preview:large, max-video-preview:-1\" \/>\n<link rel=\"canonical\" href=\"https:\/\/portalnpm.com\/index.php\/2024\/03\/28\/luis-valente-e-empossado-como-novo-vereador-de-sao-juliao\/\" \/>\n<meta property=\"og:locale\" content=\"pt_BR\" \/>\n<meta property=\"og:type\" content=\"article\" \/>\n<meta property=\"og:title\" content=\"Luis Valente \u00e9 empossado como novo vereador de S\u00e3o Juli\u00e3o - Portal NPM\" \/>\n<meta property=\"og:description\" content=\"O primeiro suplente do PT de S\u00e3o Juli\u00e3o &#8211; PI, Luis Francisco de Sousa, conhecido como Luis Valente, foi empossado na manh\u00e3 de hoje (28\/03), em sess\u00e3o especial na C\u00e2mara Municipal de Vereadores. A sess\u00e3o foi r\u00e1pida e contou com a presen\u00e7a de familiares e simpatizantes do novo parlamentar. Em seu r\u00e1pido discurso, o vereador &hellip;\" \/>\n<meta property=\"og:url\" content=\"https:\/\/portalnpm.com\/index.php\/2024\/03\/28\/luis-valente-e-empossado-como-novo-vereador-de-sao-juliao\/\" \/>\n<meta property=\"og:site_name\" content=\"Portal NPM\" \/>\n<meta property=\"article:published_time\" content=\"2024-03-28T13:33:02+00:00\" \/>\n<meta property=\"og:image\" content=\"https:\/\/portalnpm.com\/wp-content\/uploads\/2024\/03\/63950539-9a3d-45b7-ae5b-e3f1207edd6d.jpg\" \/>\n\t<meta property=\"og:image:width\" content=\"800\" \/>\n\t<meta property=\"og:image:height\" content=\"704\" \/>\n\t<meta property=\"og:image:type\" content=\"image\/jpeg\" \/>\n<meta name=\"author\" content=\"Luis Alberto\" \/>\n<meta name=\"twitter:card\" content=\"summary_large_image\" \/>\n<meta name=\"twitter:label1\" content=\"Escrito por\" \/>\n\t<meta name=\"twitter:data1\" content=\"Luis Alberto\" \/>\n\t<meta name=\"twitter:label2\" content=\"Est. tempo de leitura\" \/>\n\t<meta name=\"twitter:data2\" content=\"2 minutos\" \/>\n<script type=\"application\/ld+json\" class=\"yoast-schema-graph\">{\"@context\":\"https:\/\/schema.org\",\"@graph\":[{\"@type\":\"WebPage\",\"@id\":\"https:\/\/portalnpm.com\/index.php\/2024\/03\/28\/luis-valente-e-empossado-como-novo-vereador-de-sao-juliao\/\",\"url\":\"https:\/\/portalnpm.com\/index.php\/2024\/03\/28\/luis-valente-e-empossado-como-novo-vereador-de-sao-juliao\/\",\"name\":\"Luis Valente \u00e9 empossado como novo vereador de S\u00e3o Juli\u00e3o - Portal NPM\",\"isPartOf\":{\"@id\":\"https:\/\/portalnpm.com\/#website\"},\"primaryImageOfPage\":{\"@id\":\"https:\/\/portalnpm.com\/index.php\/2024\/03\/28\/luis-valente-e-empossado-como-novo-vereador-de-sao-juliao\/#primaryimage\"},\"image\":{\"@id\":\"https:\/\/portalnpm.com\/index.php\/2024\/03\/28\/luis-valente-e-empossado-como-novo-vereador-de-sao-juliao\/#primaryimage\"},\"thumbnailUrl\":\"https:\/\/portalnpm.com\/wp-content\/uploads\/2024\/03\/63950539-9a3d-45b7-ae5b-e3f1207edd6d.jpg\",\"datePublished\":\"2024-03-28T13:33:02+00:00\",\"dateModified\":\"2024-03-28T13:33:02+00:00\",\"author\":{\"@id\":\"https:\/\/portalnpm.com\/#\/schema\/person\/5c8006acdf71774cd4e7a5ab98482152\"},\"breadcrumb\":{\"@id\":\"https:\/\/portalnpm.com\/index.php\/2024\/03\/28\/luis-valente-e-empossado-como-novo-vereador-de-sao-juliao\/#breadcrumb\"},\"inLanguage\":\"pt-BR\",\"potentialAction\":[{\"@type\":\"ReadAction\",\"target\":[\"https:\/\/portalnpm.com\/index.php\/2024\/03\/28\/luis-valente-e-empossado-como-novo-vereador-de-sao-juliao\/\"]}]},{\"@type\":\"ImageObject\",\"inLanguage\":\"pt-BR\",\"@id\":\"https:\/\/portalnpm.com\/index.php\/2024\/03\/28\/luis-valente-e-empossado-como-novo-vereador-de-sao-juliao\/#primaryimage\",\"url\":\"https:\/\/portalnpm.com\/wp-content\/uploads\/2024\/03\/63950539-9a3d-45b7-ae5b-e3f1207edd6d.jpg\",\"contentUrl\":\"https:\/\/portalnpm.com\/wp-content\/uploads\/2024\/03\/63950539-9a3d-45b7-ae5b-e3f1207edd6d.jpg\",\"width\":800,\"height\":704},{\"@type\":\"BreadcrumbList\",\"@id\":\"https:\/\/portalnpm.com\/index.php\/2024\/03\/28\/luis-valente-e-empossado-como-novo-vereador-de-sao-juliao\/#breadcrumb\",\"itemListElement\":[{\"@type\":\"ListItem\",\"position\":1,\"name\":\"In\u00edcio\",\"item\":\"https:\/\/portalnpm.com\/\"},{\"@type\":\"ListItem\",\"position\":2,\"name\":\"Luis Valente \u00e9 empossado como novo vereador de S\u00e3o Juli\u00e3o\"}]},{\"@type\":\"WebSite\",\"@id\":\"https:\/\/portalnpm.com\/#website\",\"url\":\"https:\/\/portalnpm.com\/\",\"name\":\"Portal NPM\",\"description\":\"Not\u00edcias em Primeira M\u00e3o\",\"potentialAction\":[{\"@type\":\"SearchAction\",\"target\":{\"@type\":\"EntryPoint\",\"urlTemplate\":\"https:\/\/portalnpm.com\/?s={search_term_string}\"},\"query-input\":\"required name=search_term_string\"}],\"inLanguage\":\"pt-BR\"},{\"@type\":\"Person\",\"@id\":\"https:\/\/portalnpm.com\/#\/schema\/person\/5c8006acdf71774cd4e7a5ab98482152\",\"name\":\"Luis Alberto\",\"image\":{\"@type\":\"ImageObject\",\"inLanguage\":\"pt-BR\",\"@id\":\"https:\/\/portalnpm.com\/#\/schema\/person\/image\/\",\"url\":\"https:\/\/portalnpm.com\/wp-content\/uploads\/2024\/12\/avatar_user_3_1734699769-96x96.jpeg\",\"contentUrl\":\"https:\/\/portalnpm.com\/wp-content\/uploads\/2024\/12\/avatar_user_3_1734699769-96x96.jpeg\",\"caption\":\"Luis Alberto\"},\"description\":\"Editor-geral do Portal NPM, \u00e9 formado como T\u00e9cnico em Seguran\u00e7a do Trabalho pela Escola Metropolitana de Cursos T\u00e9cnicos. Det\u00e9m ainda licenciatura em Educa\u00e7\u00e3o F\u00edsica e bacharelado em Ci\u00eancias Pol\u00edticas, ambos obtidos pela institui\u00e7\u00e3o Anhanguera\/UNOPAR.\",\"url\":\"https:\/\/portalnpm.com\/index.php\/author\/pereira\/\"}]}<\/script>\n<!-- \/ Yoast SEO plugin. -->","yoast_head_json":{"title":"Luis Valente \u00e9 empossado como novo vereador de S\u00e3o Juli\u00e3o - Portal NPM","robots":{"index":"index","follow":"follow","max-snippet":"max-snippet:-1","max-image-preview":"max-image-preview:large","max-video-preview":"max-video-preview:-1"},"canonical":"https:\/\/portalnpm.com\/index.php\/2024\/03\/28\/luis-valente-e-empossado-como-novo-vereador-de-sao-juliao\/","og_locale":"pt_BR","og_type":"article","og_title":"Luis Valente \u00e9 empossado como novo vereador de S\u00e3o Juli\u00e3o - Portal NPM","og_description":"O primeiro suplente do PT de S\u00e3o Juli\u00e3o &#8211; PI, Luis Francisco de Sousa, conhecido como Luis Valente, foi empossado na manh\u00e3 de hoje (28\/03), em sess\u00e3o especial na C\u00e2mara Municipal de Vereadores. A sess\u00e3o foi r\u00e1pida e contou com a presen\u00e7a de familiares e simpatizantes do novo parlamentar. Em seu r\u00e1pido discurso, o vereador &hellip;","og_url":"https:\/\/portalnpm.com\/index.php\/2024\/03\/28\/luis-valente-e-empossado-como-novo-vereador-de-sao-juliao\/","og_site_name":"Portal NPM","article_published_time":"2024-03-28T13:33:02+00:00","og_image":[{"width":800,"height":704,"url":"https:\/\/portalnpm.com\/wp-content\/uploads\/2024\/03\/63950539-9a3d-45b7-ae5b-e3f1207edd6d.jpg","type":"image\/jpeg"}],"author":"Luis Alberto","twitter_card":"summary_large_image","twitter_misc":{"Escrito por":"Luis Alberto","Est. tempo de leitura":"2 minutos"},"schema":{"@context":"https:\/\/schema.org","@graph":[{"@type":"WebPage","@id":"https:\/\/portalnpm.com\/index.php\/2024\/03\/28\/luis-valente-e-empossado-como-novo-vereador-de-sao-juliao\/","url":"https:\/\/portalnpm.com\/index.php\/2024\/03\/28\/luis-valente-e-empossado-como-novo-vereador-de-sao-juliao\/","name":"Luis Valente \u00e9 empossado como novo vereador de S\u00e3o Juli\u00e3o - Portal NPM","isPartOf":{"@id":"https:\/\/portalnpm.com\/#website"},"primaryImageOfPage":{"@id":"https:\/\/portalnpm.com\/index.php\/2024\/03\/28\/luis-valente-e-empossado-como-novo-vereador-de-sao-juliao\/#primaryimage"},"image":{"@id":"https:\/\/portalnpm.com\/index.php\/2024\/03\/28\/luis-valente-e-empossado-como-novo-vereador-de-sao-juliao\/#primaryimage"},"thumbnailUrl":"https:\/\/portalnpm.com\/wp-content\/uploads\/2024\/03\/63950539-9a3d-45b7-ae5b-e3f1207edd6d.jpg","datePublished":"2024-03-28T13:33:02+00:00","dateModified":"2024-03-28T13:33:02+00:00","author":{"@id":"https:\/\/portalnpm.com\/#\/schema\/person\/5c8006acdf71774cd4e7a5ab98482152"},"breadcrumb":{"@id":"https:\/\/portalnpm.com\/index.php\/2024\/03\/28\/luis-valente-e-empossado-como-novo-vereador-de-sao-juliao\/#breadcrumb"},"inLanguage":"pt-BR","potentialAction":[{"@type":"ReadAction","target":["https:\/\/portalnpm.com\/index.php\/2024\/03\/28\/luis-valente-e-empossado-como-novo-vereador-de-sao-juliao\/"]}]},{"@type":"ImageObject","inLanguage":"pt-BR","@id":"https:\/\/portalnpm.com\/index.php\/2024\/03\/28\/luis-valente-e-empossado-como-novo-vereador-de-sao-juliao\/#primaryimage","url":"https:\/\/portalnpm.com\/wp-content\/uploads\/2024\/03\/63950539-9a3d-45b7-ae5b-e3f1207edd6d.jpg","contentUrl":"https:\/\/portalnpm.com\/wp-content\/uploads\/2024\/03\/63950539-9a3d-45b7-ae5b-e3f1207edd6d.jpg","width":800,"height":704},{"@type":"BreadcrumbList","@id":"https:\/\/portalnpm.com\/index.php\/2024\/03\/28\/luis-valente-e-empossado-como-novo-vereador-de-sao-juliao\/#breadcrumb","itemListElement":[{"@type":"ListItem","position":1,"name":"In\u00edcio","item":"https:\/\/portalnpm.com\/"},{"@type":"ListItem","position":2,"name":"Luis Valente \u00e9 empossado como novo vereador de S\u00e3o Juli\u00e3o"}]},{"@type":"WebSite","@id":"https:\/\/portalnpm.com\/#website","url":"https:\/\/portalnpm.com\/","name":"Portal NPM","description":"Not\u00edcias em Primeira M\u00e3o","potentialAction":[{"@type":"SearchAction","target":{"@type":"EntryPoint","urlTemplate":"https:\/\/portalnpm.com\/?s={search_term_string}"},"query-input":"required name=search_term_string"}],"inLanguage":"pt-BR"},{"@type":"Person","@id":"https:\/\/portalnpm.com\/#\/schema\/person\/5c8006acdf71774cd4e7a5ab98482152","name":"Luis Alberto","image":{"@type":"ImageObject","inLanguage":"pt-BR","@id":"https:\/\/portalnpm.com\/#\/schema\/person\/image\/","url":"https:\/\/portalnpm.com\/wp-content\/uploads\/2024\/12\/avatar_user_3_1734699769-96x96.jpeg","contentUrl":"https:\/\/portalnpm.com\/wp-content\/uploads\/2024\/12\/avatar_user_3_1734699769-96x96.jpeg","caption":"Luis Alberto"},"description":"Editor-geral do Portal NPM, \u00e9 formado como T\u00e9cnico em Seguran\u00e7a do Trabalho pela Escola Metropolitana de Cursos T\u00e9cnicos. Det\u00e9m ainda licenciatura em Educa\u00e7\u00e3o F\u00edsica e bacharelado em Ci\u00eancias Pol\u00edticas, ambos obtidos pela institui\u00e7\u00e3o Anhanguera\/UNOPAR.","url":"https:\/\/portalnpm.com\/index.php\/author\/pereira\/"}]}},"jetpack_sharing_enabled":true,"jetpack_featured_media_url":"https:\/\/portalnpm.com\/wp-content\/uploads\/2024\/03\/63950539-9a3d-45b7-ae5b-e3f1207edd6d.jpg","_links":{"self":[{"href":"https:\/\/portalnpm.com\/index.php\/wp-json\/wp\/v2\/posts\/72126"}],"collection":[{"href":"https:\/\/portalnpm.com\/index.php\/wp-json\/wp\/v2\/posts"}],"about":[{"href":"https:\/\/portalnpm.com\/index.php\/wp-json\/wp\/v2\/types\/post"}],"author":[{"embeddable":true,"href":"https:\/\/portalnpm.com\/index.php\/wp-json\/wp\/v2\/users\/3"}],"replies":[{"embeddable":true,"href":"https:\/\/portalnpm.com\/index.php\/wp-json\/wp\/v2\/comments?post=72126"}],"version-history":[{"count":3,"href":"https:\/\/portalnpm.com\/index.php\/wp-json\/wp\/v2\/posts\/72126\/revisions"}],"predecessor-version":[{"id":72132,"href":"https:\/\/portalnpm.com\/index.php\/wp-json\/wp\/v2\/posts\/72126\/revisions\/72132"}],"wp:featuredmedia":[{"embeddable":true,"href":"https:\/\/portalnpm.com\/index.php\/wp-json\/wp\/v2\/media\/72128"}],"wp:attachment":[{"href":"https:\/\/portalnpm.com\/index.php\/wp-json\/wp\/v2\/media?parent=72126"}],"wp:term":[{"taxonomy":"category","embeddable":true,"href":"https:\/\/portalnpm.com\/index.php\/wp-json\/wp\/v2\/categories?post=72126"},{"taxonomy":"post_tag","embeddable":true,"href":"https:\/\/portalnpm.com\/index.php\/wp-json\/wp\/v2\/tags?post=72126"}],"curies":[{"name":"wp","href":"https:\/\/api.w.org\/{rel}","templated":true}]}}