{"id":72183,"date":"2024-03-28T20:55:02","date_gmt":"2024-03-28T23:55:02","guid":{"rendered":"https:\/\/portalnpm.com\/?p=72183"},"modified":"2024-03-28T20:55:02","modified_gmt":"2024-03-28T23:55:02","slug":"entenda-por-que-a-pascoa-e-a-semana-santa-mudam-de-data-a-cada-ano","status":"publish","type":"post","link":"https:\/\/portalnpm.com\/index.php\/2024\/03\/28\/entenda-por-que-a-pascoa-e-a-semana-santa-mudam-de-data-a-cada-ano\/","title":{"rendered":"Entenda por que a P\u00e1scoa e a Semana Santa mudam de data a cada ano"},"content":{"rendered":"<p>&nbsp;<\/p>\n<p>Ao contr\u00e1rio do Natal, que \u00e9 sempre em 25 de dezembro, P\u00e1scoa e Corpus Christi s\u00e3o festas m\u00f3veis e mudam de data todo ano. Isso ocorre porque essas datas seguem a P\u00e1scoa judaica, que, por sua vez, segue o calend\u00e1rio lunissolar, baseado nos movimentos do Sol e da Lua, que possui meses e anos com dura\u00e7\u00e3o vari\u00e1vel.<\/p>\n<p>A P\u00e1scoa crist\u00e3, por exemplo, acontece aqui no Brasil no primeiro domingo depois da primeira lua cheia de outono (no hemisf\u00e9rio sul), que cai de 22 de mar\u00e7o a 25 de abril<\/p>\n<p>Segundo o juda\u00edsmo, os hebreus celebram a festa da P\u00e1scoa durante uma semana inteira, entre os dias 14 e 21 do m\u00eas de nissan, o primeiro m\u00eas do calend\u00e1rio hebraico b\u00edblico, que marca a liberta\u00e7\u00e3o do povo hebreu da escravid\u00e3o no Egito, atravessando o Mar Vermelho rumo \u00e0 Terra Prometida.<\/p>\n<p>E esse per\u00edodo se inicia com a primeira lua cheia da primavera no hemisf\u00e9rio Norte e do outono, no Sul. De acordo com o judaismo, Mois\u00e9s liderou o povo hebreu justamente nesta primeira lua cheia, chamada de equin\u00f3cio de primavera no hemisf\u00e9rio norte (outono no sul).<\/p>\n<p>A rela\u00e7\u00e3o com a P\u00e1scoa do catolicismo \u00e9 que na \u00daltima Ceia, realizada na Quinta-Feira Santa, os ap\u00f3stolos celebraram com Jesus a P\u00e1scoa judaica ?chamada de Pessach ou Passover?, comemorando o \u00eaxodo do povo de Israel. Assim, a primeira Quinta-Feira Santa da hist\u00f3ria ocorreu numa noite de lua cheia.<\/p>\n<p>Antigamente, a P\u00e1scoa era celebrada no mesmo dia da P\u00e1scoa judaica, na quinta-feira. No entanto, no ano de 325, o Conc\u00edlio de Niceia determinou que a P\u00e1scoa crist\u00e3 fosse celebrada no domingo posterior, ou seja, no dia da ressurrei\u00e7\u00e3o de Jesus. Como a \u00daltima Ceia foi na quinta-feira, Cristo foi crucificado na sexta-feira e ressuscitou no domingo.<\/p>\n<p>A P\u00e1scoa \u00e9 antecedida pela Quaresma, um ritual que dura 40 dias e tem in\u00edcio na Quarta-feira de Cinzas, terminando no Domingo de Ramos ?uma semana antes do feriado. Durante esse per\u00edodo, segundo a tradi\u00e7\u00e3o religiosa, a purifica\u00e7\u00e3o deve ser alcan\u00e7ada por meio de penit\u00eancia, como o jejum, que promoveria a liberta\u00e7\u00e3o dos pecados.<\/p>\n<p>\u00c9 a partir da data da P\u00e1scoa que se define tamb\u00e9m quando come\u00e7a a folia ?a ter\u00e7a-feira de Carnaval acontece exatamente 40 dias antes do Domingo de Ramos.<\/p>\n<p><strong>SEMANA SANTA E OS RITUAIS DA IGREJA CAT\u00d3LICA<\/strong><\/p>\n<ul>\n<li><strong>Domingo de Ramos &#8211;\u00a0<\/strong>Celebra a entrada de Jesus em Jerusal\u00e9m para o festejo da P\u00e1scoa. Os ramos s\u00e3o levados \u00e0 igreja para serem aben\u00e7oados pelo padre. Seu ramo simboliza voc\u00ea, que \u00e9 parte da videira, \u00e1rvore que representa Jesus. Depois da cerim\u00f4nia, os ramos s\u00e3o queimados para serem usados na Quarta-feira de Cinzas do pr\u00f3ximo ano.<\/li>\n<li><strong>Quinta-Feira Santa &#8211;<\/strong>\u00a0Neste dia acontece a cerim\u00f4nia do lava-p\u00e9s, lembrando a \u00daltima Ceia, quando Jesus lavou os p\u00e9s dos ap\u00f3stolos. Essa liturgia simboliza a humildade.<\/li>\n<li><strong>Sexta-Feira da Paix\u00e3o &#8211;<\/strong>\u00a0\u00danico dia do ano em que n\u00e3o h\u00e1 missa, acontecendo apenas a Celebra\u00e7\u00e3o da Palavra. \u00c9 quando acontece a prociss\u00e3o que reproduz a via-sacra.<\/li>\n<li><strong>S\u00e1bado de Aleluia &#8211;<\/strong>\u00a0Dia em que se acende o C\u00edrio Pascal, s\u00edmbolo da luz de Cristo, que ilumina o mundo. Acontece tamb\u00e9m a Vig\u00edlia Pascal.<\/li>\n<li><strong>Domingo de P\u00e1scoa &#8211;\u00a0<\/strong>Dia final da Semana Santa, o domingo celebra a ressurrei\u00e7\u00e3o de Cristo. Al\u00e9m da tradicional missa, costuma acontecer uma encena\u00e7\u00e3o da ressurrei\u00e7\u00e3o.<\/li>\n<\/ul>\n<p>No s\u00e9culo 13, na It\u00e1lia, um sacerdote chamado Pedro de Praga vivia angustiado com d\u00favidas sobre a presen\u00e7a real de Cristo no p\u00e3o consagrado. Por isso, segundo a f\u00e9 cat\u00f3lica, saiu em peregrina\u00e7\u00e3o ao t\u00famulo dos ap\u00f3stolos Pedro e Paulo em Roma.<\/p>\n<p>Ao cruzar a cidade de Bolsena, foi tomado pela d\u00favida novamente enquanto celebrava a Santa Missa. Por\u00e9m, no momento da consagra\u00e7\u00e3o, um milagre teria sido enviado, de acordo com a Igreja Cat\u00f3lica, como uma resposta \u00e0s suas d\u00favidas.<\/p>\n<p>A h\u00f3stia sagrada teria se transformado em carne viva, ainda segundo a f\u00e9 cat\u00f3lica, pingando sangue, manchando o pano branco onde elas s\u00e3o colocadas, o pano de limpar o c\u00e1lice e a toalha do altar.<\/p>\n<p>Esses objetos, a pedido do papa Urbano 4\u00ba, foram para Orviedo em prociss\u00e3o. Esta foi a primeira prociss\u00e3o do corporal Eucar\u00edstico. Em 11 de Agosto de 1264, o papa lan\u00e7ou de Orviedo a nova festa.<\/p>\n<p>Al\u00e9m de ser s\u00edmbolo da fertilidade, o coelho tem a ver com o renascimento da vida. Na Europa, a P\u00e1scoa coincide com o in\u00edcio da primavera, quando toda a neve derrete e a vida ressurge, ap\u00f3s o per\u00edodo de frio. Esse \u00e9 o momento em que os coelhos, depois da hiberna\u00e7\u00e3o de inverno, deixam suas tocas.<\/p>\n<p>No in\u00edcio do cristianismo, presenteava-se com alimentos. O ovo passou a ter duplo significado: al\u00e9m de ser um presente era o s\u00edmbolo de uma nova vida, lembrando o sepulcro de Jesus, que ressurgiu no dia de P\u00e1scoa. O chocolate foi introduzido na tradi\u00e7\u00e3o na Inglaterra, quando a ind\u00fastria do doce come\u00e7ou a se desenvolver. O costume chegou ao Brasil com os colonizadores portugueses.<\/p>\n<p>Saber quando ser\u00e1 a P\u00e1scoa \u00e9 simples: divida o ano por 19. Ao resto da divis\u00e3o, some 1. Com isso, voc\u00ea consegue o n\u00famero que mostra a data da lua cheia pascal. Procure o n\u00famero na tabela abaixo, v\u00e1lida de 1900 a 2199. A P\u00e1scoa cair\u00e1 no domingo seguinte.<\/p>\n<p>Exemplo: 2024 dividido por 19 d\u00e1 106 e resto 10 que, somando 1, obt\u00e9m-se 11. O n\u00famero 11 remete ao dia 25 de mar\u00e7o, o que faz com que a P\u00e1scoa caia no dia 31 de mar\u00e7o.<\/p>\n<p>1 &#8211; 14 de abril<br \/>\n2 &#8211; 3 de abril<br \/>\n3 &#8211; 23 de mar\u00e7o<br \/>\n4 &#8211; 11 de abril<br \/>\n5 &#8211; 31 de mar\u00e7o<br \/>\n6 &#8211; 18 de abril<br \/>\n7 &#8211; 8 de abril<br \/>\n8 &#8211; 28 de mar\u00e7o<br \/>\n9 &#8211; 16 de abril<br \/>\n10 &#8211; 5 de abril<br \/>\n11 &#8211; 25 de mar\u00e7o<br \/>\n12 &#8211; 13 de abril<br \/>\n13 &#8211; 2 de abril<br \/>\n14 &#8211; 22 de mar\u00e7o<br \/>\n15 &#8211; 10 de abril<br \/>\n16 &#8211; 30 de mar\u00e7o<br \/>\n17 &#8211; 17 de abril<br \/>\n18 &#8211; 7 de abril<br \/>\n19 &#8211; 27 de mar\u00e7o<\/p>\n<p>&nbsp;<\/p>\n<p><em>Fonte: Folhapress<\/em><\/p>\n","protected":false},"excerpt":{"rendered":"<p>&nbsp; Ao contr\u00e1rio do Natal, que \u00e9 sempre em 25 de dezembro, P\u00e1scoa e Corpus Christi s\u00e3o festas m\u00f3veis e mudam de data todo ano. Isso ocorre porque essas datas seguem a P\u00e1scoa judaica, que, por sua vez, segue o calend\u00e1rio lunissolar, baseado nos movimentos do Sol e da Lua, que possui meses e anos &hellip;<\/p>\n","protected":false},"author":2,"featured_media":72184,"comment_status":"open","ping_status":"open","sticky":false,"template":"","format":"standard","meta":{"content-type":"","rop_custom_images_group":[],"rop_custom_messages_group":[],"rop_publish_now":"initial","rop_publish_now_accounts":{"facebook_2648258775420054_1618374048415101":""},"rop_publish_now_history":[],"rop_publish_now_status":"pending","footnotes":"","_jetpack_memberships_contains_paid_content":false},"categories":[118],"tags":[1507,1588,300,230,822,10835,15622,1167,2558,2559],"yoast_head":"<!-- This site is optimized with the Yoast SEO plugin v22.3 - https:\/\/yoast.com\/wordpress\/plugins\/seo\/ -->\n<title>Entenda por que a P\u00e1scoa e a Semana Santa mudam de data a cada ano - Portal NPM<\/title>\n<meta name=\"robots\" content=\"index, follow, max-snippet:-1, max-image-preview:large, max-video-preview:-1\" \/>\n<link rel=\"canonical\" href=\"https:\/\/portalnpm.com\/index.php\/2024\/03\/28\/entenda-por-que-a-pascoa-e-a-semana-santa-mudam-de-data-a-cada-ano\/\" \/>\n<meta property=\"og:locale\" content=\"pt_BR\" \/>\n<meta property=\"og:type\" content=\"article\" \/>\n<meta property=\"og:title\" content=\"Entenda por que a P\u00e1scoa e a Semana Santa mudam de data a cada ano - Portal NPM\" \/>\n<meta property=\"og:description\" content=\"&nbsp; Ao contr\u00e1rio do Natal, que \u00e9 sempre em 25 de dezembro, P\u00e1scoa e Corpus Christi s\u00e3o festas m\u00f3veis e mudam de data todo ano. Isso ocorre porque essas datas seguem a P\u00e1scoa judaica, que, por sua vez, segue o calend\u00e1rio lunissolar, baseado nos movimentos do Sol e da Lua, que possui meses e anos &hellip;\" \/>\n<meta property=\"og:url\" content=\"https:\/\/portalnpm.com\/index.php\/2024\/03\/28\/entenda-por-que-a-pascoa-e-a-semana-santa-mudam-de-data-a-cada-ano\/\" \/>\n<meta property=\"og:site_name\" content=\"Portal NPM\" \/>\n<meta property=\"article:published_time\" content=\"2024-03-28T23:55:02+00:00\" \/>\n<meta property=\"og:image\" content=\"https:\/\/portalnpm.com\/wp-content\/uploads\/2024\/03\/39d42662669d36fc25c8bc33b6336724.jpg\" \/>\n\t<meta property=\"og:image:width\" content=\"790\" \/>\n\t<meta property=\"og:image:height\" content=\"480\" \/>\n\t<meta property=\"og:image:type\" content=\"image\/jpeg\" \/>\n<meta name=\"author\" content=\"Genival Barbosa\" \/>\n<meta name=\"twitter:card\" content=\"summary_large_image\" \/>\n<meta name=\"twitter:label1\" content=\"Escrito por\" \/>\n\t<meta name=\"twitter:data1\" content=\"Genival Barbosa\" \/>\n\t<meta name=\"twitter:label2\" content=\"Est. tempo de leitura\" \/>\n\t<meta name=\"twitter:data2\" content=\"6 minutos\" \/>\n<script type=\"application\/ld+json\" class=\"yoast-schema-graph\">{\"@context\":\"https:\/\/schema.org\",\"@graph\":[{\"@type\":\"WebPage\",\"@id\":\"https:\/\/portalnpm.com\/index.php\/2024\/03\/28\/entenda-por-que-a-pascoa-e-a-semana-santa-mudam-de-data-a-cada-ano\/\",\"url\":\"https:\/\/portalnpm.com\/index.php\/2024\/03\/28\/entenda-por-que-a-pascoa-e-a-semana-santa-mudam-de-data-a-cada-ano\/\",\"name\":\"Entenda por que a P\u00e1scoa e a Semana Santa mudam de data a cada ano - Portal NPM\",\"isPartOf\":{\"@id\":\"https:\/\/portalnpm.com\/#website\"},\"primaryImageOfPage\":{\"@id\":\"https:\/\/portalnpm.com\/index.php\/2024\/03\/28\/entenda-por-que-a-pascoa-e-a-semana-santa-mudam-de-data-a-cada-ano\/#primaryimage\"},\"image\":{\"@id\":\"https:\/\/portalnpm.com\/index.php\/2024\/03\/28\/entenda-por-que-a-pascoa-e-a-semana-santa-mudam-de-data-a-cada-ano\/#primaryimage\"},\"thumbnailUrl\":\"https:\/\/portalnpm.com\/wp-content\/uploads\/2024\/03\/39d42662669d36fc25c8bc33b6336724.jpg\",\"datePublished\":\"2024-03-28T23:55:02+00:00\",\"dateModified\":\"2024-03-28T23:55:02+00:00\",\"author\":{\"@id\":\"https:\/\/portalnpm.com\/#\/schema\/person\/49313e563cfdefcc167f1ee4c017c294\"},\"breadcrumb\":{\"@id\":\"https:\/\/portalnpm.com\/index.php\/2024\/03\/28\/entenda-por-que-a-pascoa-e-a-semana-santa-mudam-de-data-a-cada-ano\/#breadcrumb\"},\"inLanguage\":\"pt-BR\",\"potentialAction\":[{\"@type\":\"ReadAction\",\"target\":[\"https:\/\/portalnpm.com\/index.php\/2024\/03\/28\/entenda-por-que-a-pascoa-e-a-semana-santa-mudam-de-data-a-cada-ano\/\"]}]},{\"@type\":\"ImageObject\",\"inLanguage\":\"pt-BR\",\"@id\":\"https:\/\/portalnpm.com\/index.php\/2024\/03\/28\/entenda-por-que-a-pascoa-e-a-semana-santa-mudam-de-data-a-cada-ano\/#primaryimage\",\"url\":\"https:\/\/portalnpm.com\/wp-content\/uploads\/2024\/03\/39d42662669d36fc25c8bc33b6336724.jpg\",\"contentUrl\":\"https:\/\/portalnpm.com\/wp-content\/uploads\/2024\/03\/39d42662669d36fc25c8bc33b6336724.jpg\",\"width\":790,\"height\":480},{\"@type\":\"BreadcrumbList\",\"@id\":\"https:\/\/portalnpm.com\/index.php\/2024\/03\/28\/entenda-por-que-a-pascoa-e-a-semana-santa-mudam-de-data-a-cada-ano\/#breadcrumb\",\"itemListElement\":[{\"@type\":\"ListItem\",\"position\":1,\"name\":\"In\u00edcio\",\"item\":\"https:\/\/portalnpm.com\/\"},{\"@type\":\"ListItem\",\"position\":2,\"name\":\"Entenda por que a P\u00e1scoa e a Semana Santa mudam de data a cada ano\"}]},{\"@type\":\"WebSite\",\"@id\":\"https:\/\/portalnpm.com\/#website\",\"url\":\"https:\/\/portalnpm.com\/\",\"name\":\"Portal NPM\",\"description\":\"Not\u00edcias em Primeira M\u00e3o\",\"potentialAction\":[{\"@type\":\"SearchAction\",\"target\":{\"@type\":\"EntryPoint\",\"urlTemplate\":\"https:\/\/portalnpm.com\/?s={search_term_string}\"},\"query-input\":\"required name=search_term_string\"}],\"inLanguage\":\"pt-BR\"},{\"@type\":\"Person\",\"@id\":\"https:\/\/portalnpm.com\/#\/schema\/person\/49313e563cfdefcc167f1ee4c017c294\",\"name\":\"Genival Barbosa\",\"image\":{\"@type\":\"ImageObject\",\"inLanguage\":\"pt-BR\",\"@id\":\"https:\/\/portalnpm.com\/#\/schema\/person\/image\/\",\"url\":\"https:\/\/portalnpm.com\/wp-content\/uploads\/2024\/02\/avatar_user_2_1707743258-96x96.jpeg\",\"contentUrl\":\"https:\/\/portalnpm.com\/wp-content\/uploads\/2024\/02\/avatar_user_2_1707743258-96x96.jpeg\",\"caption\":\"Genival Barbosa\"},\"url\":\"https:\/\/portalnpm.com\/index.php\/author\/genival\/\"}]}<\/script>\n<!-- \/ Yoast SEO plugin. -->","yoast_head_json":{"title":"Entenda por que a P\u00e1scoa e a Semana Santa mudam de data a cada ano - Portal NPM","robots":{"index":"index","follow":"follow","max-snippet":"max-snippet:-1","max-image-preview":"max-image-preview:large","max-video-preview":"max-video-preview:-1"},"canonical":"https:\/\/portalnpm.com\/index.php\/2024\/03\/28\/entenda-por-que-a-pascoa-e-a-semana-santa-mudam-de-data-a-cada-ano\/","og_locale":"pt_BR","og_type":"article","og_title":"Entenda por que a P\u00e1scoa e a Semana Santa mudam de data a cada ano - Portal NPM","og_description":"&nbsp; Ao contr\u00e1rio do Natal, que \u00e9 sempre em 25 de dezembro, P\u00e1scoa e Corpus Christi s\u00e3o festas m\u00f3veis e mudam de data todo ano. Isso ocorre porque essas datas seguem a P\u00e1scoa judaica, que, por sua vez, segue o calend\u00e1rio lunissolar, baseado nos movimentos do Sol e da Lua, que possui meses e anos &hellip;","og_url":"https:\/\/portalnpm.com\/index.php\/2024\/03\/28\/entenda-por-que-a-pascoa-e-a-semana-santa-mudam-de-data-a-cada-ano\/","og_site_name":"Portal NPM","article_published_time":"2024-03-28T23:55:02+00:00","og_image":[{"width":790,"height":480,"url":"https:\/\/portalnpm.com\/wp-content\/uploads\/2024\/03\/39d42662669d36fc25c8bc33b6336724.jpg","type":"image\/jpeg"}],"author":"Genival Barbosa","twitter_card":"summary_large_image","twitter_misc":{"Escrito por":"Genival Barbosa","Est. tempo de leitura":"6 minutos"},"schema":{"@context":"https:\/\/schema.org","@graph":[{"@type":"WebPage","@id":"https:\/\/portalnpm.com\/index.php\/2024\/03\/28\/entenda-por-que-a-pascoa-e-a-semana-santa-mudam-de-data-a-cada-ano\/","url":"https:\/\/portalnpm.com\/index.php\/2024\/03\/28\/entenda-por-que-a-pascoa-e-a-semana-santa-mudam-de-data-a-cada-ano\/","name":"Entenda por que a P\u00e1scoa e a Semana Santa mudam de data a cada ano - Portal NPM","isPartOf":{"@id":"https:\/\/portalnpm.com\/#website"},"primaryImageOfPage":{"@id":"https:\/\/portalnpm.com\/index.php\/2024\/03\/28\/entenda-por-que-a-pascoa-e-a-semana-santa-mudam-de-data-a-cada-ano\/#primaryimage"},"image":{"@id":"https:\/\/portalnpm.com\/index.php\/2024\/03\/28\/entenda-por-que-a-pascoa-e-a-semana-santa-mudam-de-data-a-cada-ano\/#primaryimage"},"thumbnailUrl":"https:\/\/portalnpm.com\/wp-content\/uploads\/2024\/03\/39d42662669d36fc25c8bc33b6336724.jpg","datePublished":"2024-03-28T23:55:02+00:00","dateModified":"2024-03-28T23:55:02+00:00","author":{"@id":"https:\/\/portalnpm.com\/#\/schema\/person\/49313e563cfdefcc167f1ee4c017c294"},"breadcrumb":{"@id":"https:\/\/portalnpm.com\/index.php\/2024\/03\/28\/entenda-por-que-a-pascoa-e-a-semana-santa-mudam-de-data-a-cada-ano\/#breadcrumb"},"inLanguage":"pt-BR","potentialAction":[{"@type":"ReadAction","target":["https:\/\/portalnpm.com\/index.php\/2024\/03\/28\/entenda-por-que-a-pascoa-e-a-semana-santa-mudam-de-data-a-cada-ano\/"]}]},{"@type":"ImageObject","inLanguage":"pt-BR","@id":"https:\/\/portalnpm.com\/index.php\/2024\/03\/28\/entenda-por-que-a-pascoa-e-a-semana-santa-mudam-de-data-a-cada-ano\/#primaryimage","url":"https:\/\/portalnpm.com\/wp-content\/uploads\/2024\/03\/39d42662669d36fc25c8bc33b6336724.jpg","contentUrl":"https:\/\/portalnpm.com\/wp-content\/uploads\/2024\/03\/39d42662669d36fc25c8bc33b6336724.jpg","width":790,"height":480},{"@type":"BreadcrumbList","@id":"https:\/\/portalnpm.com\/index.php\/2024\/03\/28\/entenda-por-que-a-pascoa-e-a-semana-santa-mudam-de-data-a-cada-ano\/#breadcrumb","itemListElement":[{"@type":"ListItem","position":1,"name":"In\u00edcio","item":"https:\/\/portalnpm.com\/"},{"@type":"ListItem","position":2,"name":"Entenda por que a P\u00e1scoa e a Semana Santa mudam de data a cada ano"}]},{"@type":"WebSite","@id":"https:\/\/portalnpm.com\/#website","url":"https:\/\/portalnpm.com\/","name":"Portal NPM","description":"Not\u00edcias em Primeira M\u00e3o","potentialAction":[{"@type":"SearchAction","target":{"@type":"EntryPoint","urlTemplate":"https:\/\/portalnpm.com\/?s={search_term_string}"},"query-input":"required name=search_term_string"}],"inLanguage":"pt-BR"},{"@type":"Person","@id":"https:\/\/portalnpm.com\/#\/schema\/person\/49313e563cfdefcc167f1ee4c017c294","name":"Genival Barbosa","image":{"@type":"ImageObject","inLanguage":"pt-BR","@id":"https:\/\/portalnpm.com\/#\/schema\/person\/image\/","url":"https:\/\/portalnpm.com\/wp-content\/uploads\/2024\/02\/avatar_user_2_1707743258-96x96.jpeg","contentUrl":"https:\/\/portalnpm.com\/wp-content\/uploads\/2024\/02\/avatar_user_2_1707743258-96x96.jpeg","caption":"Genival Barbosa"},"url":"https:\/\/portalnpm.com\/index.php\/author\/genival\/"}]}},"jetpack_sharing_enabled":true,"jetpack_featured_media_url":"https:\/\/portalnpm.com\/wp-content\/uploads\/2024\/03\/39d42662669d36fc25c8bc33b6336724.jpg","_links":{"self":[{"href":"https:\/\/portalnpm.com\/index.php\/wp-json\/wp\/v2\/posts\/72183"}],"collection":[{"href":"https:\/\/portalnpm.com\/index.php\/wp-json\/wp\/v2\/posts"}],"about":[{"href":"https:\/\/portalnpm.com\/index.php\/wp-json\/wp\/v2\/types\/post"}],"author":[{"embeddable":true,"href":"https:\/\/portalnpm.com\/index.php\/wp-json\/wp\/v2\/users\/2"}],"replies":[{"embeddable":true,"href":"https:\/\/portalnpm.com\/index.php\/wp-json\/wp\/v2\/comments?post=72183"}],"version-history":[{"count":1,"href":"https:\/\/portalnpm.com\/index.php\/wp-json\/wp\/v2\/posts\/72183\/revisions"}],"predecessor-version":[{"id":72185,"href":"https:\/\/portalnpm.com\/index.php\/wp-json\/wp\/v2\/posts\/72183\/revisions\/72185"}],"wp:featuredmedia":[{"embeddable":true,"href":"https:\/\/portalnpm.com\/index.php\/wp-json\/wp\/v2\/media\/72184"}],"wp:attachment":[{"href":"https:\/\/portalnpm.com\/index.php\/wp-json\/wp\/v2\/media?parent=72183"}],"wp:term":[{"taxonomy":"category","embeddable":true,"href":"https:\/\/portalnpm.com\/index.php\/wp-json\/wp\/v2\/categories?post=72183"},{"taxonomy":"post_tag","embeddable":true,"href":"https:\/\/portalnpm.com\/index.php\/wp-json\/wp\/v2\/tags?post=72183"}],"curies":[{"name":"wp","href":"https:\/\/api.w.org\/{rel}","templated":true}]}}