{"id":7221,"date":"2019-04-12T15:34:30","date_gmt":"2019-04-12T18:34:30","guid":{"rendered":"http:\/\/srv.portalnpm.com.br\/?p=7221"},"modified":"2019-04-12T15:34:30","modified_gmt":"2019-04-12T18:34:30","slug":"governo-anuncia-nomeacao-de-mil-aprovados-no-concurso-da-policia-federal","status":"publish","type":"post","link":"https:\/\/portalnpm.com\/index.php\/2019\/04\/12\/governo-anuncia-nomeacao-de-mil-aprovados-no-concurso-da-policia-federal\/","title":{"rendered":"Governo anuncia nomea\u00e7\u00e3o de mil aprovados no concurso da Pol\u00edcia Federal"},"content":{"rendered":"<p style=\"text-align: justify;\">O ministro-chefe da Casa Civil, Onyx Lorenzoni (DEM), anunciou a nomea\u00e7\u00e3o de mil candidatos aprovados no \u00faltimo concurso da Pol\u00edcia Federal, realizado em 2018. A not\u00edcia foi divulgada nesta quinta-feira (11), durante a cerim\u00f4nia de balan\u00e7o das a\u00e7\u00f5es governamentais nos primeiros 100 dias de gest\u00e3o.<\/p>\n<p style=\"text-align: justify;\">Lorenzoni afirmou que a medida faz parte de uma a\u00e7\u00e3o de combate \u00e0 criminalidade e corrup\u00e7\u00e3o, junto ao pacote anticrime de S\u00e9rgio Moro, ministro da Justi\u00e7a e Seguran\u00e7a P\u00fablica. \u201cEst\u00e1 a\u00ed ajustado o aproveitamento de mil novos policiais federais que foram aprovados em concurso p\u00fablico e que est\u00e3o em fase de refor\u00e7ar a nossa Pol\u00edcia Federal, no que diz respeito ao combate ao crime organizado e \u00e0 corrup\u00e7\u00e3o\u201d, disse Lorenzoni.<\/p>\n<p style=\"text-align: justify;\">O certame ofereceu 500 vagas para cargos de n\u00edvel superior, al\u00e9m de cadastro de reserva. Entre as oportunidades, 150 para delegados, 60 destinadas ao posto de perito criminal federal, 80 referentes ao cargo de escriv\u00e3o, 30 de papiloscopista e 180 de agente.<\/p>\n<p style=\"text-align: justify;\">O ministro da Justi\u00e7a e Seguran\u00e7a P\u00fablica, Sergio Moro, enviou o pedido de contrata\u00e7\u00e3o na semana passada ao Minist\u00e9rio da Economia para an\u00e1lise or\u00e7ament\u00e1ria. A medida deve ser autorizada pelo chefe da pasta, Paulo Gudes. A inten\u00e7\u00e3o do governo \u00e9 que os agentes assumam seus cargos ainda em 2019.<\/p>\n<p style=\"text-align: justify;\">Ao todo, cerca de dois mil candidatos aguardam a convoca\u00e7\u00e3o, segundo dados da Federa\u00e7\u00e3o Nacional dos Policiais Federais (Fenapef). S\u00e3o delegados, agentes, escriv\u00e3es, papiloscopistas e peritos.<\/p>\n<p style=\"text-align: justify;\">O principal impedimento para a convoca\u00e7\u00e3o era o or\u00e7amento, que exige um rearranjo para efetivar s contrata\u00e7\u00f5es. Contudo, ap\u00f3s an\u00e1lise de t\u00e9cnicos do Minist\u00e9rio da Economia conclu\u00edram que o impacto seria menor ao abrir uma turma de convoca\u00e7\u00e3o que iniciar uma nova sele\u00e7\u00e3o.<\/p>\n<p style=\"text-align: justify;\">Luciano Leiro, vice presidente da Associa\u00e7\u00e3o Nacional dos Delegados de Pol\u00edcia Federal (ADPF), considera o an\u00fancio como \u201cexcepcional\u201d, mas cobra outros investimentos. \u201cPrecisamos que novos concursos\u00a0 sejam programados, pois o d\u00e9ficit atual no quadro da pol\u00edcia federal \u00e9 de quase 4,5mil policiais\u201d, destaca.<\/p>\n<p style=\"text-align: justify;\">Para ele, o servi\u00e7o prestado pela PF \u00e0 popula\u00e7\u00e3o justifica o gasto. \u201c\u00c9 preciso entender que qualquer aporte financeiro na Pol\u00edcia Federal n\u00e3o \u00e9\u00a0 gasto \u00e9 investimento e com retorno. S\u00f3 em 2018 as opera\u00e7\u00f5es da PF evitaram um preju\u00edzo de 11 bilh\u00f5es de reais\u201d, conclui.<\/p>\n<p style=\"text-align: justify;\">A nomea\u00e7\u00e3o dos candidatos j\u00e1 era aguardada. Em fevereiro deste ano, o presidente da Associa\u00e7\u00e3o Nacional dos Delegados da PF (ADPF), Edvandir Pereira, publicou um v\u00eddeo nas redes sociais falando sobre o assunto.<\/p>\n<p style=\"text-align: justify;\">Ele destacou que o Minist\u00e9rio da Justi\u00e7a e a Pol\u00edcia Federal trabalhavam para aprovar or\u00e7amento e, assim, chamarem 500 aprovados em junho deste ano e outros 500 no primeiro semestre de 2020.<\/p>\n<p style=\"text-align: justify;\"><strong>FONTE:\u00a0<\/strong>Metr\u00f3poles<\/p>\n","protected":false},"excerpt":{"rendered":"<p>O ministro-chefe da Casa Civil, Onyx Lorenzoni (DEM), anunciou a nomea\u00e7\u00e3o de mil candidatos aprovados no \u00faltimo concurso da Pol\u00edcia Federal, realizado em 2018. A not\u00edcia foi divulgada nesta quinta-feira (11), durante a cerim\u00f4nia de balan\u00e7o das a\u00e7\u00f5es governamentais nos primeiros 100 dias de gest\u00e3o. Lorenzoni afirmou que a medida faz parte de uma a\u00e7\u00e3o &hellip;<\/p>\n","protected":false},"author":8,"featured_media":7222,"comment_status":"open","ping_status":"open","sticky":false,"template":"","format":"standard","meta":{"content-type":"","rop_custom_images_group":[],"rop_custom_messages_group":[],"rop_publish_now":"initial","rop_publish_now_accounts":{"facebook_2648258775420054_1618374048415101":""},"rop_publish_now_history":[],"rop_publish_now_status":"pending","footnotes":"","_jetpack_memberships_contains_paid_content":false},"categories":[145],"tags":[223,524,2006],"yoast_head":"<!-- This site is optimized with the Yoast SEO plugin v22.3 - https:\/\/yoast.com\/wordpress\/plugins\/seo\/ -->\n<title>Governo anuncia nomea\u00e7\u00e3o de mil aprovados no concurso da Pol\u00edcia Federal - Portal NPM<\/title>\n<meta name=\"robots\" content=\"index, follow, max-snippet:-1, max-image-preview:large, max-video-preview:-1\" \/>\n<link rel=\"canonical\" href=\"https:\/\/portalnpm.com\/index.php\/2019\/04\/12\/governo-anuncia-nomeacao-de-mil-aprovados-no-concurso-da-policia-federal\/\" \/>\n<meta property=\"og:locale\" content=\"pt_BR\" \/>\n<meta property=\"og:type\" content=\"article\" \/>\n<meta property=\"og:title\" content=\"Governo anuncia nomea\u00e7\u00e3o de mil aprovados no concurso da Pol\u00edcia Federal - Portal NPM\" \/>\n<meta property=\"og:description\" content=\"O ministro-chefe da Casa Civil, Onyx Lorenzoni (DEM), anunciou a nomea\u00e7\u00e3o de mil candidatos aprovados no \u00faltimo concurso da Pol\u00edcia Federal, realizado em 2018. A not\u00edcia foi divulgada nesta quinta-feira (11), durante a cerim\u00f4nia de balan\u00e7o das a\u00e7\u00f5es governamentais nos primeiros 100 dias de gest\u00e3o. Lorenzoni afirmou que a medida faz parte de uma a\u00e7\u00e3o &hellip;\" \/>\n<meta property=\"og:url\" content=\"https:\/\/portalnpm.com\/index.php\/2019\/04\/12\/governo-anuncia-nomeacao-de-mil-aprovados-no-concurso-da-policia-federal\/\" \/>\n<meta property=\"og:site_name\" content=\"Portal NPM\" \/>\n<meta property=\"article:published_time\" content=\"2019-04-12T18:34:30+00:00\" \/>\n<meta name=\"author\" content=\"Zenilton Lima\" \/>\n<meta name=\"twitter:card\" content=\"summary_large_image\" \/>\n<meta name=\"twitter:label1\" content=\"Escrito por\" \/>\n\t<meta name=\"twitter:data1\" content=\"Zenilton Lima\" \/>\n\t<meta name=\"twitter:label2\" content=\"Est. tempo de leitura\" \/>\n\t<meta name=\"twitter:data2\" content=\"2 minutos\" \/>\n<script type=\"application\/ld+json\" class=\"yoast-schema-graph\">{\"@context\":\"https:\/\/schema.org\",\"@graph\":[{\"@type\":\"WebPage\",\"@id\":\"https:\/\/portalnpm.com\/index.php\/2019\/04\/12\/governo-anuncia-nomeacao-de-mil-aprovados-no-concurso-da-policia-federal\/\",\"url\":\"https:\/\/portalnpm.com\/index.php\/2019\/04\/12\/governo-anuncia-nomeacao-de-mil-aprovados-no-concurso-da-policia-federal\/\",\"name\":\"Governo anuncia nomea\u00e7\u00e3o de mil aprovados no concurso da Pol\u00edcia Federal - Portal NPM\",\"isPartOf\":{\"@id\":\"https:\/\/portalnpm.com\/#website\"},\"primaryImageOfPage\":{\"@id\":\"https:\/\/portalnpm.com\/index.php\/2019\/04\/12\/governo-anuncia-nomeacao-de-mil-aprovados-no-concurso-da-policia-federal\/#primaryimage\"},\"image\":{\"@id\":\"https:\/\/portalnpm.com\/index.php\/2019\/04\/12\/governo-anuncia-nomeacao-de-mil-aprovados-no-concurso-da-policia-federal\/#primaryimage\"},\"thumbnailUrl\":\"\",\"datePublished\":\"2019-04-12T18:34:30+00:00\",\"dateModified\":\"2019-04-12T18:34:30+00:00\",\"author\":{\"@id\":\"https:\/\/portalnpm.com\/#\/schema\/person\/35cb55186eae3f074b6783da6d35591e\"},\"breadcrumb\":{\"@id\":\"https:\/\/portalnpm.com\/index.php\/2019\/04\/12\/governo-anuncia-nomeacao-de-mil-aprovados-no-concurso-da-policia-federal\/#breadcrumb\"},\"inLanguage\":\"pt-BR\",\"potentialAction\":[{\"@type\":\"ReadAction\",\"target\":[\"https:\/\/portalnpm.com\/index.php\/2019\/04\/12\/governo-anuncia-nomeacao-de-mil-aprovados-no-concurso-da-policia-federal\/\"]}]},{\"@type\":\"ImageObject\",\"inLanguage\":\"pt-BR\",\"@id\":\"https:\/\/portalnpm.com\/index.php\/2019\/04\/12\/governo-anuncia-nomeacao-de-mil-aprovados-no-concurso-da-policia-federal\/#primaryimage\",\"url\":\"\",\"contentUrl\":\"\"},{\"@type\":\"BreadcrumbList\",\"@id\":\"https:\/\/portalnpm.com\/index.php\/2019\/04\/12\/governo-anuncia-nomeacao-de-mil-aprovados-no-concurso-da-policia-federal\/#breadcrumb\",\"itemListElement\":[{\"@type\":\"ListItem\",\"position\":1,\"name\":\"In\u00edcio\",\"item\":\"https:\/\/portalnpm.com\/\"},{\"@type\":\"ListItem\",\"position\":2,\"name\":\"Governo anuncia nomea\u00e7\u00e3o de mil aprovados no concurso da Pol\u00edcia Federal\"}]},{\"@type\":\"WebSite\",\"@id\":\"https:\/\/portalnpm.com\/#website\",\"url\":\"https:\/\/portalnpm.com\/\",\"name\":\"Portal NPM\",\"description\":\"Not\u00edcias em Primeira M\u00e3o\",\"potentialAction\":[{\"@type\":\"SearchAction\",\"target\":{\"@type\":\"EntryPoint\",\"urlTemplate\":\"https:\/\/portalnpm.com\/?s={search_term_string}\"},\"query-input\":\"required name=search_term_string\"}],\"inLanguage\":\"pt-BR\"},{\"@type\":\"Person\",\"@id\":\"https:\/\/portalnpm.com\/#\/schema\/person\/35cb55186eae3f074b6783da6d35591e\",\"name\":\"Zenilton Lima\",\"image\":{\"@type\":\"ImageObject\",\"inLanguage\":\"pt-BR\",\"@id\":\"https:\/\/portalnpm.com\/#\/schema\/person\/image\/\",\"url\":\"https:\/\/portalnpm.com\/wp-content\/uploads\/2024\/12\/avatar_user_8_1733658137-96x96.jpeg\",\"contentUrl\":\"https:\/\/portalnpm.com\/wp-content\/uploads\/2024\/12\/avatar_user_8_1733658137-96x96.jpeg\",\"caption\":\"Zenilton Lima\"},\"url\":\"https:\/\/portalnpm.com\/index.php\/author\/zenilton\/\"}]}<\/script>\n<!-- \/ Yoast SEO plugin. -->","yoast_head_json":{"title":"Governo anuncia nomea\u00e7\u00e3o de mil aprovados no concurso da Pol\u00edcia Federal - Portal NPM","robots":{"index":"index","follow":"follow","max-snippet":"max-snippet:-1","max-image-preview":"max-image-preview:large","max-video-preview":"max-video-preview:-1"},"canonical":"https:\/\/portalnpm.com\/index.php\/2019\/04\/12\/governo-anuncia-nomeacao-de-mil-aprovados-no-concurso-da-policia-federal\/","og_locale":"pt_BR","og_type":"article","og_title":"Governo anuncia nomea\u00e7\u00e3o de mil aprovados no concurso da Pol\u00edcia Federal - Portal NPM","og_description":"O ministro-chefe da Casa Civil, Onyx Lorenzoni (DEM), anunciou a nomea\u00e7\u00e3o de mil candidatos aprovados no \u00faltimo concurso da Pol\u00edcia Federal, realizado em 2018. A not\u00edcia foi divulgada nesta quinta-feira (11), durante a cerim\u00f4nia de balan\u00e7o das a\u00e7\u00f5es governamentais nos primeiros 100 dias de gest\u00e3o. Lorenzoni afirmou que a medida faz parte de uma a\u00e7\u00e3o &hellip;","og_url":"https:\/\/portalnpm.com\/index.php\/2019\/04\/12\/governo-anuncia-nomeacao-de-mil-aprovados-no-concurso-da-policia-federal\/","og_site_name":"Portal NPM","article_published_time":"2019-04-12T18:34:30+00:00","author":"Zenilton Lima","twitter_card":"summary_large_image","twitter_misc":{"Escrito por":"Zenilton Lima","Est. tempo de leitura":"2 minutos"},"schema":{"@context":"https:\/\/schema.org","@graph":[{"@type":"WebPage","@id":"https:\/\/portalnpm.com\/index.php\/2019\/04\/12\/governo-anuncia-nomeacao-de-mil-aprovados-no-concurso-da-policia-federal\/","url":"https:\/\/portalnpm.com\/index.php\/2019\/04\/12\/governo-anuncia-nomeacao-de-mil-aprovados-no-concurso-da-policia-federal\/","name":"Governo anuncia nomea\u00e7\u00e3o de mil aprovados no concurso da Pol\u00edcia Federal - Portal NPM","isPartOf":{"@id":"https:\/\/portalnpm.com\/#website"},"primaryImageOfPage":{"@id":"https:\/\/portalnpm.com\/index.php\/2019\/04\/12\/governo-anuncia-nomeacao-de-mil-aprovados-no-concurso-da-policia-federal\/#primaryimage"},"image":{"@id":"https:\/\/portalnpm.com\/index.php\/2019\/04\/12\/governo-anuncia-nomeacao-de-mil-aprovados-no-concurso-da-policia-federal\/#primaryimage"},"thumbnailUrl":"","datePublished":"2019-04-12T18:34:30+00:00","dateModified":"2019-04-12T18:34:30+00:00","author":{"@id":"https:\/\/portalnpm.com\/#\/schema\/person\/35cb55186eae3f074b6783da6d35591e"},"breadcrumb":{"@id":"https:\/\/portalnpm.com\/index.php\/2019\/04\/12\/governo-anuncia-nomeacao-de-mil-aprovados-no-concurso-da-policia-federal\/#breadcrumb"},"inLanguage":"pt-BR","potentialAction":[{"@type":"ReadAction","target":["https:\/\/portalnpm.com\/index.php\/2019\/04\/12\/governo-anuncia-nomeacao-de-mil-aprovados-no-concurso-da-policia-federal\/"]}]},{"@type":"ImageObject","inLanguage":"pt-BR","@id":"https:\/\/portalnpm.com\/index.php\/2019\/04\/12\/governo-anuncia-nomeacao-de-mil-aprovados-no-concurso-da-policia-federal\/#primaryimage","url":"","contentUrl":""},{"@type":"BreadcrumbList","@id":"https:\/\/portalnpm.com\/index.php\/2019\/04\/12\/governo-anuncia-nomeacao-de-mil-aprovados-no-concurso-da-policia-federal\/#breadcrumb","itemListElement":[{"@type":"ListItem","position":1,"name":"In\u00edcio","item":"https:\/\/portalnpm.com\/"},{"@type":"ListItem","position":2,"name":"Governo anuncia nomea\u00e7\u00e3o de mil aprovados no concurso da Pol\u00edcia Federal"}]},{"@type":"WebSite","@id":"https:\/\/portalnpm.com\/#website","url":"https:\/\/portalnpm.com\/","name":"Portal NPM","description":"Not\u00edcias em Primeira M\u00e3o","potentialAction":[{"@type":"SearchAction","target":{"@type":"EntryPoint","urlTemplate":"https:\/\/portalnpm.com\/?s={search_term_string}"},"query-input":"required name=search_term_string"}],"inLanguage":"pt-BR"},{"@type":"Person","@id":"https:\/\/portalnpm.com\/#\/schema\/person\/35cb55186eae3f074b6783da6d35591e","name":"Zenilton Lima","image":{"@type":"ImageObject","inLanguage":"pt-BR","@id":"https:\/\/portalnpm.com\/#\/schema\/person\/image\/","url":"https:\/\/portalnpm.com\/wp-content\/uploads\/2024\/12\/avatar_user_8_1733658137-96x96.jpeg","contentUrl":"https:\/\/portalnpm.com\/wp-content\/uploads\/2024\/12\/avatar_user_8_1733658137-96x96.jpeg","caption":"Zenilton Lima"},"url":"https:\/\/portalnpm.com\/index.php\/author\/zenilton\/"}]}},"jetpack_sharing_enabled":true,"jetpack_featured_media_url":"","_links":{"self":[{"href":"https:\/\/portalnpm.com\/index.php\/wp-json\/wp\/v2\/posts\/7221"}],"collection":[{"href":"https:\/\/portalnpm.com\/index.php\/wp-json\/wp\/v2\/posts"}],"about":[{"href":"https:\/\/portalnpm.com\/index.php\/wp-json\/wp\/v2\/types\/post"}],"author":[{"embeddable":true,"href":"https:\/\/portalnpm.com\/index.php\/wp-json\/wp\/v2\/users\/8"}],"replies":[{"embeddable":true,"href":"https:\/\/portalnpm.com\/index.php\/wp-json\/wp\/v2\/comments?post=7221"}],"version-history":[{"count":0,"href":"https:\/\/portalnpm.com\/index.php\/wp-json\/wp\/v2\/posts\/7221\/revisions"}],"wp:featuredmedia":[{"embeddable":true,"href":"https:\/\/portalnpm.com\/index.php\/wp-json\/"}],"wp:attachment":[{"href":"https:\/\/portalnpm.com\/index.php\/wp-json\/wp\/v2\/media?parent=7221"}],"wp:term":[{"taxonomy":"category","embeddable":true,"href":"https:\/\/portalnpm.com\/index.php\/wp-json\/wp\/v2\/categories?post=7221"},{"taxonomy":"post_tag","embeddable":true,"href":"https:\/\/portalnpm.com\/index.php\/wp-json\/wp\/v2\/tags?post=7221"}],"curies":[{"name":"wp","href":"https:\/\/api.w.org\/{rel}","templated":true}]}}