{"id":72232,"date":"2024-03-30T23:05:10","date_gmt":"2024-03-31T02:05:10","guid":{"rendered":"https:\/\/portalnpm.com\/?p=72232"},"modified":"2024-03-30T23:07:52","modified_gmt":"2024-03-31T02:07:52","slug":"sao-juliao-carlos-thadeu-estudante-do-a-p-b-concede-entrevista-e-ressalta-a-importancia-dos-estudos-veja-a-integra","status":"publish","type":"post","link":"https:\/\/portalnpm.com\/index.php\/2024\/03\/30\/sao-juliao-carlos-thadeu-estudante-do-a-p-b-concede-entrevista-e-ressalta-a-importancia-dos-estudos-veja-a-integra\/","title":{"rendered":"S\u00e3o Juli\u00e3o | Carlos Thadeu, estudante do A.P.B. concede entrevista e ressalta a import\u00e2ncia dos estudos; veja a \u00edntegra!"},"content":{"rendered":"<p><strong>EXCLUSIVO: ENTREVISTA<\/strong><\/p>\n<p>Em meados de mar\u00e7o de 2024, o estudante da escola p\u00fablica, Carlos Thadeu da Rocha, de 16 anos, concedeu uma entrevista exclusiva ao rep\u00f3rter Francisco Oliveira, falando um pouco do ensino m\u00e9dio no C.E.T.I Apr\u00edgio Pereira Bezerra, em S\u00e3o Juli\u00e3o-PI. O estudante ressaltou a import\u00e2ncia dos estudos e da escola como base para o futuro e por fim, avaliou os professores e a institui\u00e7\u00e3o de ensino.<\/p>\n<p><strong><em>Veja a entrevista a seguir:<\/em><\/strong><\/p>\n<p><strong>ENTREVISTA<\/strong><\/p>\n<p>Questionado como ele avalia o C.E.T.I Apr\u00edgio Pereira Bezerra, o estudante Carlos Thadeu, que cursa o segundo ano do ensino m\u00e9dio, resumiu: &#8220;<em>Eu avalio o ensino na escola APB, como um excelente ensino, porque h\u00e1 grandes profissionais nas \u00e1reas de ensino e que sempre buscam ajudar os alunos nas dificuldades, e sempre d\u00e3o o melhor de si<\/em>&#8220;, frisou o aluno.<\/p>\n<p>Segundo o estudante, j\u00e1 pensando no futuro em se formar em medicina, ele faz uma avalia\u00e7\u00e3o dos professores da rede estadual. Segundo ele, s\u00e3o professores muito capacitados (&#8230;) que, segundo o estudante, eles ajudam aqueles alunos que tem mais dificuldade em algumas mat\u00e9rias,e de modo geral, buscando o melhor pra cada aluno. Destacou o estudante.<\/p>\n<p>Segundo o estudante da rede p\u00fablica estadual, j\u00e1 visa estudar para passar em e cursar medicina, assim que concluir o ensino m\u00e9dio.<\/p>\n<p>Em outro trecho da entrevista, Carlos Thadeu, disse:<br \/>\n&#8220;<em>Me sinto muito orgulhoso em fazer parte dessa escola&#8221;.<\/em><br \/>\n<em>Segundo ele, considera a &#8220;fam\u00edlia APB&#8221; como uma excelente escola p\u00fablica, que j\u00e1 abriu portas para v\u00e1rios alunos, onde muitos j\u00e1 se formaram em cursos concorridos como direito e outros cursos, como fisioterapia, jornalismo, medicina e outras \u00e1reas.<\/em> <em>Essa institui\u00e7\u00e3o j\u00e1 fez muitos alunos crescerem na vida&#8221;<\/em>.<br \/>\nAinda sobre o assunto, o estudante ressaltou as principais cobran\u00e7as para o col\u00e9gio, dentre estas, falta de central de ar nas salas, forro. Uma cobran\u00e7a antiga dos alunos pra melhorar o conforto da coletividade. Ainda sobre a perspectiva o aluno, hoje em dia vivemos um tempo de altas temperaturas, principalmente no segundo semestre, em que a onda de calor aumenta, e os alunos sentem a falta de central de ar. No geral essa \u00e9 uma das principais cobran\u00e7as, relatou o estudante.<\/p>\n<p>Carlos Thadeu da Rocha, nas horas<br \/>\nvagas trabalha como fot\u00f3grafo no Portal de not\u00edcias Piau\u00ed em Foco.<\/p>\n<p><strong>Fonte: Francisco Oliveira, Reda\u00e7\u00e3o do A.P.B. News\u00a0<\/strong><\/p>\n","protected":false},"excerpt":{"rendered":"<p>EXCLUSIVO: ENTREVISTA Em meados de mar\u00e7o de 2024, o estudante da escola p\u00fablica, Carlos Thadeu da Rocha, de 16 anos, concedeu uma entrevista exclusiva ao rep\u00f3rter Francisco Oliveira, falando um pouco do ensino m\u00e9dio no C.E.T.I Apr\u00edgio Pereira Bezerra, em S\u00e3o Juli\u00e3o-PI. O estudante ressaltou a import\u00e2ncia dos estudos e da escola como base para &hellip;<\/p>\n","protected":false},"author":3,"featured_media":72236,"comment_status":"open","ping_status":"open","sticky":false,"template":"","format":"standard","meta":{"content-type":"","rop_custom_images_group":[],"rop_custom_messages_group":[],"rop_publish_now":"initial","rop_publish_now_accounts":{"facebook_2648258775420054_1618374048415101":""},"rop_publish_now_history":[],"rop_publish_now_status":"pending","footnotes":"","_jetpack_memberships_contains_paid_content":false},"categories":[198,109,3998],"tags":[3474,4849,1079,926,605,606,13462,15628,11917,1197,13829,1196,15627,842],"yoast_head":"<!-- This site is optimized with the Yoast SEO plugin v22.3 - https:\/\/yoast.com\/wordpress\/plugins\/seo\/ -->\n<title>S\u00e3o Juli\u00e3o | Carlos Thadeu, estudante do A.P.B. concede entrevista e ressalta a import\u00e2ncia dos estudos; veja a \u00edntegra! - Portal NPM<\/title>\n<meta name=\"robots\" content=\"index, follow, max-snippet:-1, max-image-preview:large, max-video-preview:-1\" \/>\n<link rel=\"canonical\" href=\"https:\/\/portalnpm.com\/index.php\/2024\/03\/30\/sao-juliao-carlos-thadeu-estudante-do-a-p-b-concede-entrevista-e-ressalta-a-importancia-dos-estudos-veja-a-integra\/\" \/>\n<meta property=\"og:locale\" content=\"pt_BR\" \/>\n<meta property=\"og:type\" content=\"article\" \/>\n<meta property=\"og:title\" content=\"S\u00e3o Juli\u00e3o | Carlos Thadeu, estudante do A.P.B. concede entrevista e ressalta a import\u00e2ncia dos estudos; veja a \u00edntegra! - Portal NPM\" \/>\n<meta property=\"og:description\" content=\"EXCLUSIVO: ENTREVISTA Em meados de mar\u00e7o de 2024, o estudante da escola p\u00fablica, Carlos Thadeu da Rocha, de 16 anos, concedeu uma entrevista exclusiva ao rep\u00f3rter Francisco Oliveira, falando um pouco do ensino m\u00e9dio no C.E.T.I Apr\u00edgio Pereira Bezerra, em S\u00e3o Juli\u00e3o-PI. O estudante ressaltou a import\u00e2ncia dos estudos e da escola como base para &hellip;\" \/>\n<meta property=\"og:url\" content=\"https:\/\/portalnpm.com\/index.php\/2024\/03\/30\/sao-juliao-carlos-thadeu-estudante-do-a-p-b-concede-entrevista-e-ressalta-a-importancia-dos-estudos-veja-a-integra\/\" \/>\n<meta property=\"og:site_name\" content=\"Portal NPM\" \/>\n<meta property=\"article:published_time\" content=\"2024-03-31T02:05:10+00:00\" \/>\n<meta property=\"article:modified_time\" content=\"2024-03-31T02:07:52+00:00\" \/>\n<meta property=\"og:image\" content=\"https:\/\/portalnpm.com\/wp-content\/uploads\/2024\/03\/IMG-20240330-WA0675.jpg\" \/>\n\t<meta property=\"og:image:width\" content=\"404\" \/>\n\t<meta property=\"og:image:height\" content=\"346\" \/>\n\t<meta property=\"og:image:type\" content=\"image\/jpeg\" \/>\n<meta name=\"author\" content=\"Luis Alberto\" \/>\n<meta name=\"twitter:card\" content=\"summary_large_image\" \/>\n<meta name=\"twitter:label1\" content=\"Escrito por\" \/>\n\t<meta name=\"twitter:data1\" content=\"Luis Alberto\" \/>\n\t<meta name=\"twitter:label2\" content=\"Est. tempo de leitura\" \/>\n\t<meta name=\"twitter:data2\" content=\"3 minutos\" \/>\n<script type=\"application\/ld+json\" class=\"yoast-schema-graph\">{\"@context\":\"https:\/\/schema.org\",\"@graph\":[{\"@type\":\"WebPage\",\"@id\":\"https:\/\/portalnpm.com\/index.php\/2024\/03\/30\/sao-juliao-carlos-thadeu-estudante-do-a-p-b-concede-entrevista-e-ressalta-a-importancia-dos-estudos-veja-a-integra\/\",\"url\":\"https:\/\/portalnpm.com\/index.php\/2024\/03\/30\/sao-juliao-carlos-thadeu-estudante-do-a-p-b-concede-entrevista-e-ressalta-a-importancia-dos-estudos-veja-a-integra\/\",\"name\":\"S\u00e3o Juli\u00e3o | Carlos Thadeu, estudante do A.P.B. concede entrevista e ressalta a import\u00e2ncia dos estudos; veja a \u00edntegra! - Portal NPM\",\"isPartOf\":{\"@id\":\"https:\/\/portalnpm.com\/#website\"},\"primaryImageOfPage\":{\"@id\":\"https:\/\/portalnpm.com\/index.php\/2024\/03\/30\/sao-juliao-carlos-thadeu-estudante-do-a-p-b-concede-entrevista-e-ressalta-a-importancia-dos-estudos-veja-a-integra\/#primaryimage\"},\"image\":{\"@id\":\"https:\/\/portalnpm.com\/index.php\/2024\/03\/30\/sao-juliao-carlos-thadeu-estudante-do-a-p-b-concede-entrevista-e-ressalta-a-importancia-dos-estudos-veja-a-integra\/#primaryimage\"},\"thumbnailUrl\":\"https:\/\/portalnpm.com\/wp-content\/uploads\/2024\/03\/IMG-20240330-WA0675.jpg\",\"datePublished\":\"2024-03-31T02:05:10+00:00\",\"dateModified\":\"2024-03-31T02:07:52+00:00\",\"author\":{\"@id\":\"https:\/\/portalnpm.com\/#\/schema\/person\/5c8006acdf71774cd4e7a5ab98482152\"},\"breadcrumb\":{\"@id\":\"https:\/\/portalnpm.com\/index.php\/2024\/03\/30\/sao-juliao-carlos-thadeu-estudante-do-a-p-b-concede-entrevista-e-ressalta-a-importancia-dos-estudos-veja-a-integra\/#breadcrumb\"},\"inLanguage\":\"pt-BR\",\"potentialAction\":[{\"@type\":\"ReadAction\",\"target\":[\"https:\/\/portalnpm.com\/index.php\/2024\/03\/30\/sao-juliao-carlos-thadeu-estudante-do-a-p-b-concede-entrevista-e-ressalta-a-importancia-dos-estudos-veja-a-integra\/\"]}]},{\"@type\":\"ImageObject\",\"inLanguage\":\"pt-BR\",\"@id\":\"https:\/\/portalnpm.com\/index.php\/2024\/03\/30\/sao-juliao-carlos-thadeu-estudante-do-a-p-b-concede-entrevista-e-ressalta-a-importancia-dos-estudos-veja-a-integra\/#primaryimage\",\"url\":\"https:\/\/portalnpm.com\/wp-content\/uploads\/2024\/03\/IMG-20240330-WA0675.jpg\",\"contentUrl\":\"https:\/\/portalnpm.com\/wp-content\/uploads\/2024\/03\/IMG-20240330-WA0675.jpg\",\"width\":404,\"height\":346},{\"@type\":\"BreadcrumbList\",\"@id\":\"https:\/\/portalnpm.com\/index.php\/2024\/03\/30\/sao-juliao-carlos-thadeu-estudante-do-a-p-b-concede-entrevista-e-ressalta-a-importancia-dos-estudos-veja-a-integra\/#breadcrumb\",\"itemListElement\":[{\"@type\":\"ListItem\",\"position\":1,\"name\":\"In\u00edcio\",\"item\":\"https:\/\/portalnpm.com\/\"},{\"@type\":\"ListItem\",\"position\":2,\"name\":\"S\u00e3o Juli\u00e3o | Carlos Thadeu, estudante do A.P.B. concede entrevista e ressalta a import\u00e2ncia dos estudos; veja a \u00edntegra!\"}]},{\"@type\":\"WebSite\",\"@id\":\"https:\/\/portalnpm.com\/#website\",\"url\":\"https:\/\/portalnpm.com\/\",\"name\":\"Portal NPM\",\"description\":\"Not\u00edcias em Primeira M\u00e3o\",\"potentialAction\":[{\"@type\":\"SearchAction\",\"target\":{\"@type\":\"EntryPoint\",\"urlTemplate\":\"https:\/\/portalnpm.com\/?s={search_term_string}\"},\"query-input\":\"required name=search_term_string\"}],\"inLanguage\":\"pt-BR\"},{\"@type\":\"Person\",\"@id\":\"https:\/\/portalnpm.com\/#\/schema\/person\/5c8006acdf71774cd4e7a5ab98482152\",\"name\":\"Luis Alberto\",\"image\":{\"@type\":\"ImageObject\",\"inLanguage\":\"pt-BR\",\"@id\":\"https:\/\/portalnpm.com\/#\/schema\/person\/image\/\",\"url\":\"https:\/\/portalnpm.com\/wp-content\/uploads\/2024\/12\/avatar_user_3_1734699769-96x96.jpeg\",\"contentUrl\":\"https:\/\/portalnpm.com\/wp-content\/uploads\/2024\/12\/avatar_user_3_1734699769-96x96.jpeg\",\"caption\":\"Luis Alberto\"},\"description\":\"Editor-geral do Portal NPM, \u00e9 formado como T\u00e9cnico em Seguran\u00e7a do Trabalho pela Escola Metropolitana de Cursos T\u00e9cnicos. Det\u00e9m ainda licenciatura em Educa\u00e7\u00e3o F\u00edsica e bacharelado em Ci\u00eancias Pol\u00edticas, ambos obtidos pela institui\u00e7\u00e3o Anhanguera\/UNOPAR.\",\"url\":\"https:\/\/portalnpm.com\/index.php\/author\/pereira\/\"}]}<\/script>\n<!-- \/ Yoast SEO plugin. -->","yoast_head_json":{"title":"S\u00e3o Juli\u00e3o | Carlos Thadeu, estudante do A.P.B. concede entrevista e ressalta a import\u00e2ncia dos estudos; veja a \u00edntegra! - Portal NPM","robots":{"index":"index","follow":"follow","max-snippet":"max-snippet:-1","max-image-preview":"max-image-preview:large","max-video-preview":"max-video-preview:-1"},"canonical":"https:\/\/portalnpm.com\/index.php\/2024\/03\/30\/sao-juliao-carlos-thadeu-estudante-do-a-p-b-concede-entrevista-e-ressalta-a-importancia-dos-estudos-veja-a-integra\/","og_locale":"pt_BR","og_type":"article","og_title":"S\u00e3o Juli\u00e3o | Carlos Thadeu, estudante do A.P.B. concede entrevista e ressalta a import\u00e2ncia dos estudos; veja a \u00edntegra! - Portal NPM","og_description":"EXCLUSIVO: ENTREVISTA Em meados de mar\u00e7o de 2024, o estudante da escola p\u00fablica, Carlos Thadeu da Rocha, de 16 anos, concedeu uma entrevista exclusiva ao rep\u00f3rter Francisco Oliveira, falando um pouco do ensino m\u00e9dio no C.E.T.I Apr\u00edgio Pereira Bezerra, em S\u00e3o Juli\u00e3o-PI. O estudante ressaltou a import\u00e2ncia dos estudos e da escola como base para &hellip;","og_url":"https:\/\/portalnpm.com\/index.php\/2024\/03\/30\/sao-juliao-carlos-thadeu-estudante-do-a-p-b-concede-entrevista-e-ressalta-a-importancia-dos-estudos-veja-a-integra\/","og_site_name":"Portal NPM","article_published_time":"2024-03-31T02:05:10+00:00","article_modified_time":"2024-03-31T02:07:52+00:00","og_image":[{"width":404,"height":346,"url":"https:\/\/portalnpm.com\/wp-content\/uploads\/2024\/03\/IMG-20240330-WA0675.jpg","type":"image\/jpeg"}],"author":"Luis Alberto","twitter_card":"summary_large_image","twitter_misc":{"Escrito por":"Luis Alberto","Est. tempo de leitura":"3 minutos"},"schema":{"@context":"https:\/\/schema.org","@graph":[{"@type":"WebPage","@id":"https:\/\/portalnpm.com\/index.php\/2024\/03\/30\/sao-juliao-carlos-thadeu-estudante-do-a-p-b-concede-entrevista-e-ressalta-a-importancia-dos-estudos-veja-a-integra\/","url":"https:\/\/portalnpm.com\/index.php\/2024\/03\/30\/sao-juliao-carlos-thadeu-estudante-do-a-p-b-concede-entrevista-e-ressalta-a-importancia-dos-estudos-veja-a-integra\/","name":"S\u00e3o Juli\u00e3o | Carlos Thadeu, estudante do A.P.B. concede entrevista e ressalta a import\u00e2ncia dos estudos; veja a \u00edntegra! - Portal NPM","isPartOf":{"@id":"https:\/\/portalnpm.com\/#website"},"primaryImageOfPage":{"@id":"https:\/\/portalnpm.com\/index.php\/2024\/03\/30\/sao-juliao-carlos-thadeu-estudante-do-a-p-b-concede-entrevista-e-ressalta-a-importancia-dos-estudos-veja-a-integra\/#primaryimage"},"image":{"@id":"https:\/\/portalnpm.com\/index.php\/2024\/03\/30\/sao-juliao-carlos-thadeu-estudante-do-a-p-b-concede-entrevista-e-ressalta-a-importancia-dos-estudos-veja-a-integra\/#primaryimage"},"thumbnailUrl":"https:\/\/portalnpm.com\/wp-content\/uploads\/2024\/03\/IMG-20240330-WA0675.jpg","datePublished":"2024-03-31T02:05:10+00:00","dateModified":"2024-03-31T02:07:52+00:00","author":{"@id":"https:\/\/portalnpm.com\/#\/schema\/person\/5c8006acdf71774cd4e7a5ab98482152"},"breadcrumb":{"@id":"https:\/\/portalnpm.com\/index.php\/2024\/03\/30\/sao-juliao-carlos-thadeu-estudante-do-a-p-b-concede-entrevista-e-ressalta-a-importancia-dos-estudos-veja-a-integra\/#breadcrumb"},"inLanguage":"pt-BR","potentialAction":[{"@type":"ReadAction","target":["https:\/\/portalnpm.com\/index.php\/2024\/03\/30\/sao-juliao-carlos-thadeu-estudante-do-a-p-b-concede-entrevista-e-ressalta-a-importancia-dos-estudos-veja-a-integra\/"]}]},{"@type":"ImageObject","inLanguage":"pt-BR","@id":"https:\/\/portalnpm.com\/index.php\/2024\/03\/30\/sao-juliao-carlos-thadeu-estudante-do-a-p-b-concede-entrevista-e-ressalta-a-importancia-dos-estudos-veja-a-integra\/#primaryimage","url":"https:\/\/portalnpm.com\/wp-content\/uploads\/2024\/03\/IMG-20240330-WA0675.jpg","contentUrl":"https:\/\/portalnpm.com\/wp-content\/uploads\/2024\/03\/IMG-20240330-WA0675.jpg","width":404,"height":346},{"@type":"BreadcrumbList","@id":"https:\/\/portalnpm.com\/index.php\/2024\/03\/30\/sao-juliao-carlos-thadeu-estudante-do-a-p-b-concede-entrevista-e-ressalta-a-importancia-dos-estudos-veja-a-integra\/#breadcrumb","itemListElement":[{"@type":"ListItem","position":1,"name":"In\u00edcio","item":"https:\/\/portalnpm.com\/"},{"@type":"ListItem","position":2,"name":"S\u00e3o Juli\u00e3o | Carlos Thadeu, estudante do A.P.B. concede entrevista e ressalta a import\u00e2ncia dos estudos; veja a \u00edntegra!"}]},{"@type":"WebSite","@id":"https:\/\/portalnpm.com\/#website","url":"https:\/\/portalnpm.com\/","name":"Portal NPM","description":"Not\u00edcias em Primeira M\u00e3o","potentialAction":[{"@type":"SearchAction","target":{"@type":"EntryPoint","urlTemplate":"https:\/\/portalnpm.com\/?s={search_term_string}"},"query-input":"required name=search_term_string"}],"inLanguage":"pt-BR"},{"@type":"Person","@id":"https:\/\/portalnpm.com\/#\/schema\/person\/5c8006acdf71774cd4e7a5ab98482152","name":"Luis Alberto","image":{"@type":"ImageObject","inLanguage":"pt-BR","@id":"https:\/\/portalnpm.com\/#\/schema\/person\/image\/","url":"https:\/\/portalnpm.com\/wp-content\/uploads\/2024\/12\/avatar_user_3_1734699769-96x96.jpeg","contentUrl":"https:\/\/portalnpm.com\/wp-content\/uploads\/2024\/12\/avatar_user_3_1734699769-96x96.jpeg","caption":"Luis Alberto"},"description":"Editor-geral do Portal NPM, \u00e9 formado como T\u00e9cnico em Seguran\u00e7a do Trabalho pela Escola Metropolitana de Cursos T\u00e9cnicos. Det\u00e9m ainda licenciatura em Educa\u00e7\u00e3o F\u00edsica e bacharelado em Ci\u00eancias Pol\u00edticas, ambos obtidos pela institui\u00e7\u00e3o Anhanguera\/UNOPAR.","url":"https:\/\/portalnpm.com\/index.php\/author\/pereira\/"}]}},"jetpack_sharing_enabled":true,"jetpack_featured_media_url":"https:\/\/portalnpm.com\/wp-content\/uploads\/2024\/03\/IMG-20240330-WA0675.jpg","_links":{"self":[{"href":"https:\/\/portalnpm.com\/index.php\/wp-json\/wp\/v2\/posts\/72232"}],"collection":[{"href":"https:\/\/portalnpm.com\/index.php\/wp-json\/wp\/v2\/posts"}],"about":[{"href":"https:\/\/portalnpm.com\/index.php\/wp-json\/wp\/v2\/types\/post"}],"author":[{"embeddable":true,"href":"https:\/\/portalnpm.com\/index.php\/wp-json\/wp\/v2\/users\/3"}],"replies":[{"embeddable":true,"href":"https:\/\/portalnpm.com\/index.php\/wp-json\/wp\/v2\/comments?post=72232"}],"version-history":[{"count":3,"href":"https:\/\/portalnpm.com\/index.php\/wp-json\/wp\/v2\/posts\/72232\/revisions"}],"predecessor-version":[{"id":72237,"href":"https:\/\/portalnpm.com\/index.php\/wp-json\/wp\/v2\/posts\/72232\/revisions\/72237"}],"wp:featuredmedia":[{"embeddable":true,"href":"https:\/\/portalnpm.com\/index.php\/wp-json\/wp\/v2\/media\/72236"}],"wp:attachment":[{"href":"https:\/\/portalnpm.com\/index.php\/wp-json\/wp\/v2\/media?parent=72232"}],"wp:term":[{"taxonomy":"category","embeddable":true,"href":"https:\/\/portalnpm.com\/index.php\/wp-json\/wp\/v2\/categories?post=72232"},{"taxonomy":"post_tag","embeddable":true,"href":"https:\/\/portalnpm.com\/index.php\/wp-json\/wp\/v2\/tags?post=72232"}],"curies":[{"name":"wp","href":"https:\/\/api.w.org\/{rel}","templated":true}]}}