{"id":72448,"date":"2024-04-09T13:06:22","date_gmt":"2024-04-09T16:06:22","guid":{"rendered":"https:\/\/portalnpm.com\/?p=72448"},"modified":"2024-04-09T13:06:22","modified_gmt":"2024-04-09T16:06:22","slug":"corpo-de-homem-de-belem-que-desapareceu-na-barragem-do-caboclo-e-localizado","status":"publish","type":"post","link":"https:\/\/portalnpm.com\/index.php\/2024\/04\/09\/corpo-de-homem-de-belem-que-desapareceu-na-barragem-do-caboclo-e-localizado\/","title":{"rendered":"Corpo de homem de Bel\u00e9m que desapareceu na Barragem do Caboclo \u00e9 localizado"},"content":{"rendered":"<div id=\"td-mobile-nav\">\n<div class=\"td-mobile-container\">\n<div class=\"td-menu-socials-wrap\"><\/div>\n<\/div>\n<\/div>\n<div id=\"td-outer-wrap\" class=\"td-theme-wrap\">\n<div id=\"tdb-autoload-article\" data-autoload=\"off\" data-autoload-org-post-id=\"498726\" data-autoload-type=\"\" data-autoload-count=\"5\">\n<div class=\"td-main-content-wrap td-container-wrap\">\n<div class=\"tdc-content-wrap\">\n<article id=\"template-id-226975\" class=\"post-226975 tdb_templates type-tdb_templates status-publish post\">\n<div id=\"tdi_46\" class=\"tdc-zone\">\n<div class=\"tdc_zone tdi_47  wpb_row td-pb-row\">\n<div id=\"tdi_97\" class=\"tdc-row\">\n<div class=\"vc_row tdi_98  wpb_row td-pb-row\">\n<div class=\"vc_column tdi_100  wpb_column vc_column_container tdc-column td-pb-span8\">\n<div class=\"wpb_wrapper\">\n<div class=\"td_block_wrap tdb_single_content tdi_103 td-pb-border-top td_block_template_1 td-post-content tagdiv-type\" data-td-block-uid=\"tdi_103\">\n<div class=\"tdb-block-inner td-fix-index\">\n<div class=\"td-a-ad id_top_ad\"><\/div>\n<p>Ap\u00f3s intensas buscas, o corpo de Manoel L\u00facio da Concei\u00e7\u00e3o, de 58 anos, conhecido como Manelinho, que havia desaparecido enquanto banhava na Barragem do Caboclo, foi encontrado por um sobrinho. O tr\u00e1gico desfecho foi confirmado na manh\u00e3 desta ter\u00e7a-feira, dia 9 de abril, por volta das 10h, gerando profunda como\u00e7\u00e3o na comunidade.<\/p>\n<p>Manelinho desapareceu na tarde da \u00faltima segunda-feira, quando estava na represa acompanhado por outras cinco pessoas. O grupo desfrutava de um dia ensolarado quando, repentinamente, Manelinho desapareceu enquanto estava na \u00e1gua, deixando os presentes em desespero.<\/p>\n<p><img decoding=\"async\" class=\" lazyloaded\" src=\"https:\/\/infonewss.com\/wp-content\/webp-express\/webp-images\/uploads\/2024\/04\/Populares-procuram-por-homem-de-Belem-que-supostamente-desapareceu-na-Barragem-do-Caboclo-WhatsApp-Image-2024-04-08-at-16.19.17-1.jpeg.webp\" data-src=\"https:\/\/infonewss.com\/wp-content\/webp-express\/webp-images\/uploads\/2024\/04\/Populares-procuram-por-homem-de-Belem-que-supostamente-desapareceu-na-Barragem-do-Caboclo-WhatsApp-Image-2024-04-08-at-16.19.17-1.jpeg.webp\" \/>As equipes de resgate, compostas pelo Corpo de Bombeiros de Picos, com o apoio de mergulhadores do Corpo de Bombeiros de Teresina e da Pol\u00edcia Militar, realizaram uma opera\u00e7\u00e3o de busca intensiva na tentativa de localizar o homem desaparecido.<\/p>\n<p><img decoding=\"async\" class=\" lazyloaded\" src=\"https:\/\/infonewss.com\/wp-content\/webp-express\/webp-images\/uploads\/2024\/04\/bombeiros-9993b8eb-8663-4b49-9985-d75d7a00ab63.jpg.webp\" data-src=\"https:\/\/infonewss.com\/wp-content\/webp-express\/webp-images\/uploads\/2024\/04\/bombeiros-9993b8eb-8663-4b49-9985-d75d7a00ab63.jpg.webp\" \/>O corpo de Manelinho foi localizado por um sobrinho, nas proximidades da \u00e1rea onde foi visto pela \u00faltima vez, e socorrido pelo Corpo de Bombeiros, tendo a\u00a0identifica\u00e7\u00e3o foi confirmada pelas autoridades competentes. A not\u00edcia do falecimento de Manelinho abalou a comunidade de Bel\u00e9m do Piau\u00ed, que se une em solidariedade \u00e0 fam\u00edlia enlutada neste momento de dor.<\/p>\n<p><a class=\"td-modal-image\" href=\"https:\/\/infonewss.com\/wp-content\/webp-express\/webp-images\/uploads\/2024\/04\/batch_WhatsApp-Image-2024-04-09-at-10.06.18.jpeg.webp\"><img fetchpriority=\"high\" decoding=\"async\" class=\"alignnone size-full wp-image-498730 ls-is-cached lazyloaded\" src=\"https:\/\/infonewss.com\/wp-content\/webp-express\/webp-images\/uploads\/2024\/04\/batch_WhatsApp-Image-2024-04-09-at-10.06.18.jpeg.webp\" sizes=\"(max-width: 900px) 100vw, 900px\" srcset=\"https:\/\/infonewss.com\/wp-content\/webp-express\/webp-images\/uploads\/2024\/04\/batch_WhatsApp-Image-2024-04-09-at-10.06.18.jpeg.webp 900w,  https:\/\/infonewss.com\/wp-content\/webp-express\/webp-images\/uploads\/2024\/04\/batch_WhatsApp-Image-2024-04-09-at-10.06.18-300x189.jpeg.webp 300w,  https:\/\/infonewss.com\/wp-content\/webp-express\/webp-images\/uploads\/2024\/04\/batch_WhatsApp-Image-2024-04-09-at-10.06.18-768x484.jpeg.webp 768w,  https:\/\/infonewss.com\/wp-content\/webp-express\/webp-images\/uploads\/2024\/04\/batch_WhatsApp-Image-2024-04-09-at-10.06.18-150x95.jpeg.webp 150w,  https:\/\/infonewss.com\/wp-content\/webp-express\/webp-images\/uploads\/2024\/04\/batch_WhatsApp-Image-2024-04-09-at-10.06.18-696x438.jpeg.webp 696w\" alt=\"\" width=\"900\" height=\"567\" data-srcset=\"https:\/\/infonewss.com\/wp-content\/webp-express\/webp-images\/uploads\/2024\/04\/batch_WhatsApp-Image-2024-04-09-at-10.06.18.jpeg.webp 900w,  https:\/\/infonewss.com\/wp-content\/webp-express\/webp-images\/uploads\/2024\/04\/batch_WhatsApp-Image-2024-04-09-at-10.06.18-300x189.jpeg.webp 300w,  https:\/\/infonewss.com\/wp-content\/webp-express\/webp-images\/uploads\/2024\/04\/batch_WhatsApp-Image-2024-04-09-at-10.06.18-768x484.jpeg.webp 768w,  https:\/\/infonewss.com\/wp-content\/webp-express\/webp-images\/uploads\/2024\/04\/batch_WhatsApp-Image-2024-04-09-at-10.06.18-150x95.jpeg.webp 150w,  https:\/\/infonewss.com\/wp-content\/webp-express\/webp-images\/uploads\/2024\/04\/batch_WhatsApp-Image-2024-04-09-at-10.06.18-696x438.jpeg.webp 696w\" data-src=\"https:\/\/infonewss.com\/wp-content\/webp-express\/webp-images\/uploads\/2024\/04\/batch_WhatsApp-Image-2024-04-09-at-10.06.18.jpeg.webp\" data-sizes=\"(max-width: 900px) 100vw, 900px\" \/><\/a><\/p>\n<p>Em entrevista, o tenente do Corpo de Bombeiros, Valter, informou que o corpo foi encontrado em um buraco de aproximadamente 2 metros. \u201cA dificuldade em localizar o corpo surgiu devido \u00e0 disparidade de informa\u00e7\u00f5es dispon\u00edveis. No entanto, ao longo do tempo, conseguimos reunir mais dados e, finalmente, alcan\u00e7amos sucesso na localiza\u00e7\u00e3o.\u201d Disse.<\/p>\n<p><a class=\"td-modal-image\" href=\"data:image\/gif;base64,R0lGODlhAQABAAAAACH5BAEKAAEALAAAAAABAAEAAAICTAEAOw==\"><img decoding=\"async\" class=\"alignnone size-full wp-image-498736 lazyloaded\" src=\"https:\/\/infonewss.com\/wp-content\/webp-express\/webp-images\/uploads\/2024\/04\/batch_WhatsApp-Image-2024-04-09-at-10.27.19.jpeg.webp\" sizes=\"(max-width: 900px) 100vw, 900px\" srcset=\"https:\/\/infonewss.com\/wp-content\/webp-express\/webp-images\/uploads\/2024\/04\/batch_WhatsApp-Image-2024-04-09-at-10.27.19.jpeg.webp 900w,  https:\/\/infonewss.com\/wp-content\/webp-express\/webp-images\/uploads\/2024\/04\/batch_WhatsApp-Image-2024-04-09-at-10.27.19-300x225.jpeg.webp 300w,  https:\/\/infonewss.com\/wp-content\/webp-express\/webp-images\/uploads\/2024\/04\/batch_WhatsApp-Image-2024-04-09-at-10.27.19-768x576.jpeg.webp 768w,  https:\/\/infonewss.com\/wp-content\/webp-express\/webp-images\/uploads\/2024\/04\/batch_WhatsApp-Image-2024-04-09-at-10.27.19-150x113.jpeg.webp 150w,  https:\/\/infonewss.com\/wp-content\/webp-express\/webp-images\/uploads\/2024\/04\/batch_WhatsApp-Image-2024-04-09-at-10.27.19-696x522.jpeg.webp 696w\" alt=\"\" width=\"900\" height=\"675\" data-srcset=\"https:\/\/infonewss.com\/wp-content\/webp-express\/webp-images\/uploads\/2024\/04\/batch_WhatsApp-Image-2024-04-09-at-10.27.19.jpeg.webp 900w,  https:\/\/infonewss.com\/wp-content\/webp-express\/webp-images\/uploads\/2024\/04\/batch_WhatsApp-Image-2024-04-09-at-10.27.19-300x225.jpeg.webp 300w,  https:\/\/infonewss.com\/wp-content\/webp-express\/webp-images\/uploads\/2024\/04\/batch_WhatsApp-Image-2024-04-09-at-10.27.19-768x576.jpeg.webp 768w,  https:\/\/infonewss.com\/wp-content\/webp-express\/webp-images\/uploads\/2024\/04\/batch_WhatsApp-Image-2024-04-09-at-10.27.19-150x113.jpeg.webp 150w,  https:\/\/infonewss.com\/wp-content\/webp-express\/webp-images\/uploads\/2024\/04\/batch_WhatsApp-Image-2024-04-09-at-10.27.19-696x522.jpeg.webp 696w\" data-src=\"https:\/\/infonewss.com\/wp-content\/webp-express\/webp-images\/uploads\/2024\/04\/batch_WhatsApp-Image-2024-04-09-at-10.27.19.jpeg.webp\" data-sizes=\"(max-width: 900px) 100vw, 900px\" \/><\/a><\/p>\n<p>O 2\u00ba sargento Gleison, comandante do GPM de Bel\u00e9m do Piau\u00ed, relatou sobre o procedimento a ser adotado ap\u00f3s a localiza\u00e7\u00e3o do corpo, destacando que a \u00e1rea permanece isolada at\u00e9 a chegada da Pol\u00edcia Civil. \u201cO procedimento da per\u00edcia envolve examinar o corpo, como neste caso de afogamento, para determinar se h\u00e1 evid\u00eancias de agress\u00e3o ou les\u00f5es. Se forem identificadas les\u00f5es, o caso \u00e9 encaminhado \u00e0 Delegacia de Pol\u00edcia Civil para investiga\u00e7\u00e3o, se n\u00e3o forem encontradas les\u00f5es, a causa da morte ser\u00e1 considerada afogamento por causas naturais.\u201d Frisou.<\/p>\n<p><a class=\"td-modal-image\" href=\"data:image\/gif;base64,R0lGODlhAQABAAAAACH5BAEKAAEALAAAAAABAAEAAAICTAEAOw==\"><img decoding=\"async\" class=\"alignnone wp-image-498758 size-full lazyloaded\" src=\"https:\/\/infonewss.com\/wp-content\/webp-express\/webp-images\/uploads\/2024\/04\/bombeiros-WhatsApp-Image-2024-04-09-at-10.43.10.jpeg.webp\" sizes=\"(max-width: 900px) 100vw, 900px\" srcset=\"https:\/\/infonewss.com\/wp-content\/webp-express\/webp-images\/uploads\/2024\/04\/bombeiros-WhatsApp-Image-2024-04-09-at-10.43.10.jpeg.webp 900w,  https:\/\/infonewss.com\/wp-content\/webp-express\/webp-images\/uploads\/2024\/04\/bombeiros-WhatsApp-Image-2024-04-09-at-10.43.10-300x225.jpeg.webp 300w,  https:\/\/infonewss.com\/wp-content\/webp-express\/webp-images\/uploads\/2024\/04\/bombeiros-WhatsApp-Image-2024-04-09-at-10.43.10-768x576.jpeg.webp 768w,  https:\/\/infonewss.com\/wp-content\/webp-express\/webp-images\/uploads\/2024\/04\/bombeiros-WhatsApp-Image-2024-04-09-at-10.43.10-150x113.jpeg.webp 150w,  https:\/\/infonewss.com\/wp-content\/webp-express\/webp-images\/uploads\/2024\/04\/bombeiros-WhatsApp-Image-2024-04-09-at-10.43.10-696x522.jpeg.webp 696w\" alt=\"\" width=\"900\" height=\"675\" data-srcset=\"https:\/\/infonewss.com\/wp-content\/webp-express\/webp-images\/uploads\/2024\/04\/bombeiros-WhatsApp-Image-2024-04-09-at-10.43.10.jpeg.webp 900w,  https:\/\/infonewss.com\/wp-content\/webp-express\/webp-images\/uploads\/2024\/04\/bombeiros-WhatsApp-Image-2024-04-09-at-10.43.10-300x225.jpeg.webp 300w,  https:\/\/infonewss.com\/wp-content\/webp-express\/webp-images\/uploads\/2024\/04\/bombeiros-WhatsApp-Image-2024-04-09-at-10.43.10-768x576.jpeg.webp 768w,  https:\/\/infonewss.com\/wp-content\/webp-express\/webp-images\/uploads\/2024\/04\/bombeiros-WhatsApp-Image-2024-04-09-at-10.43.10-150x113.jpeg.webp 150w,  https:\/\/infonewss.com\/wp-content\/webp-express\/webp-images\/uploads\/2024\/04\/bombeiros-WhatsApp-Image-2024-04-09-at-10.43.10-696x522.jpeg.webp 696w\" data-src=\"https:\/\/infonewss.com\/wp-content\/webp-express\/webp-images\/uploads\/2024\/04\/bombeiros-WhatsApp-Image-2024-04-09-at-10.43.10.jpeg.webp\" data-sizes=\"(max-width: 900px) 100vw, 900px\" \/><\/a><\/p>\n<p>Em entrevista, o sobrinho de Manelinho, Geyser Santos, participante ativo nas buscas pelo corpo desde as primeiras horas da manh\u00e3, compartilhou suas experi\u00eancias e perspectivas sobre o processo de busca. \u201cAs informa\u00e7\u00f5es eram conflitantes, o que contribuiu para o atraso na localiza\u00e7\u00e3o. Al\u00e9m disso, o corpo estava em um buraco com 2 metros de profundidade, o que tornou a busca ainda mais dif\u00edcil.\u201d Destacou.<\/p>\n<p><a class=\"td-modal-image\" href=\"data:image\/gif;base64,R0lGODlhAQABAAAAACH5BAEKAAEALAAAAAABAAEAAAICTAEAOw==\"><img loading=\"lazy\" decoding=\"async\" class=\"alignnone wp-image-498745 size-full lazyloaded\" src=\"https:\/\/infonewss.com\/wp-content\/webp-express\/webp-images\/uploads\/2024\/04\/bombeiros-WhatsApp-Image-2024-04-09-at-10.43.06.jpeg.webp\" sizes=\"(max-width: 900px) 100vw, 900px\" srcset=\"https:\/\/infonewss.com\/wp-content\/webp-express\/webp-images\/uploads\/2024\/04\/bombeiros-WhatsApp-Image-2024-04-09-at-10.43.06.jpeg.webp 900w,  https:\/\/infonewss.com\/wp-content\/webp-express\/webp-images\/uploads\/2024\/04\/bombeiros-WhatsApp-Image-2024-04-09-at-10.43.06-300x225.jpeg.webp 300w,  https:\/\/infonewss.com\/wp-content\/webp-express\/webp-images\/uploads\/2024\/04\/bombeiros-WhatsApp-Image-2024-04-09-at-10.43.06-768x576.jpeg.webp 768w,  https:\/\/infonewss.com\/wp-content\/webp-express\/webp-images\/uploads\/2024\/04\/bombeiros-WhatsApp-Image-2024-04-09-at-10.43.06-150x113.jpeg.webp 150w,  https:\/\/infonewss.com\/wp-content\/webp-express\/webp-images\/uploads\/2024\/04\/bombeiros-WhatsApp-Image-2024-04-09-at-10.43.06-696x522.jpeg.webp 696w\" alt=\"\" width=\"900\" height=\"675\" data-srcset=\"https:\/\/infonewss.com\/wp-content\/webp-express\/webp-images\/uploads\/2024\/04\/bombeiros-WhatsApp-Image-2024-04-09-at-10.43.06.jpeg.webp 900w,  https:\/\/infonewss.com\/wp-content\/webp-express\/webp-images\/uploads\/2024\/04\/bombeiros-WhatsApp-Image-2024-04-09-at-10.43.06-300x225.jpeg.webp 300w,  https:\/\/infonewss.com\/wp-content\/webp-express\/webp-images\/uploads\/2024\/04\/bombeiros-WhatsApp-Image-2024-04-09-at-10.43.06-768x576.jpeg.webp 768w,  https:\/\/infonewss.com\/wp-content\/webp-express\/webp-images\/uploads\/2024\/04\/bombeiros-WhatsApp-Image-2024-04-09-at-10.43.06-150x113.jpeg.webp 150w,  https:\/\/infonewss.com\/wp-content\/webp-express\/webp-images\/uploads\/2024\/04\/bombeiros-WhatsApp-Image-2024-04-09-at-10.43.06-696x522.jpeg.webp 696w\" data-src=\"https:\/\/infonewss.com\/wp-content\/webp-express\/webp-images\/uploads\/2024\/04\/bombeiros-WhatsApp-Image-2024-04-09-at-10.43.06.jpeg.webp\" data-sizes=\"(max-width: 900px) 100vw, 900px\" \/><\/a><\/p>\n<p>v\u00eddeo;<\/p>\n<p><iframe id=\"instagram-embed-0\" class=\"instagram-media instagram-media-rendered\" src=\"https:\/\/www.instagram.com\/reel\/C5iw4NHLgTj\/embed\/captioned\/?cr=1&amp;v=14&amp;wp=1372&amp;rd=https%3A%2F%2Finfonewss.com&amp;rp=%2Fcorpo-de-homem-de-belem-que-desapareceu-na-barragem-do-caboclo-e-localizado%2F#%7B%22ci%22%3A0%2C%22os%22%3A1887.1999999284744%2C%22ls%22%3A1181.3999999761581%2C%22le%22%3A1578.2999999523163%7D\" height=\"1409\" frameborder=\"0\" scrolling=\"no\" allowfullscreen=\"allowfullscreen\" data-instgrm-payload-id=\"instagram-media-payload-0\" data-mce-fragment=\"1\"><\/iframe>&nbsp;<\/p>\n<p><strong>Fonte: Portal Infonewss <\/strong><\/p>\n<div id=\"gallery-1\" class=\"gallery galleryid-498726 gallery-columns-1 gallery-size-full\">\n<figure class=\"gallery-item\">\n<div class=\"gallery-icon landscape\"><\/div>\n<\/figure>\n<\/div>\n<\/div>\n<\/div>\n<\/div>\n<\/div>\n<\/div>\n<\/div>\n<\/div>\n<\/div>\n<\/article>\n<\/div>\n<\/div>\n<\/div>\n<\/div>\n","protected":false},"excerpt":{"rendered":"<p>Ap\u00f3s intensas buscas, o corpo de Manoel L\u00facio da Concei\u00e7\u00e3o, de 58 anos, conhecido como Manelinho, que havia desaparecido enquanto banhava na Barragem do Caboclo, foi encontrado por um sobrinho. O tr\u00e1gico desfecho foi confirmado na manh\u00e3 desta ter\u00e7a-feira, dia 9 de abril, por volta das 10h, gerando profunda como\u00e7\u00e3o na comunidade. Manelinho desapareceu na &hellip;<\/p>\n","protected":false},"author":2,"featured_media":72449,"comment_status":"open","ping_status":"open","sticky":false,"template":"","format":"standard","meta":{"content-type":"","rop_custom_images_group":[],"rop_custom_messages_group":[],"rop_publish_now":"yes","rop_publish_now_accounts":{"facebook_2648258775420054_1618374048415101":""},"rop_publish_now_history":[],"rop_publish_now_status":"pending","footnotes":"","_jetpack_memberships_contains_paid_content":false},"categories":[4308,109],"tags":[1608,105,3956,1989,230,4363,925,459,4365,911],"yoast_head":"<!-- This site is optimized with the Yoast SEO plugin v22.3 - https:\/\/yoast.com\/wordpress\/plugins\/seo\/ -->\n<title>Corpo de homem de Bel\u00e9m que desapareceu na Barragem do Caboclo \u00e9 localizado - Portal NPM<\/title>\n<meta name=\"robots\" content=\"index, follow, max-snippet:-1, max-image-preview:large, max-video-preview:-1\" \/>\n<link rel=\"canonical\" href=\"https:\/\/portalnpm.com\/index.php\/2024\/04\/09\/corpo-de-homem-de-belem-que-desapareceu-na-barragem-do-caboclo-e-localizado\/\" \/>\n<meta property=\"og:locale\" content=\"pt_BR\" \/>\n<meta property=\"og:type\" content=\"article\" \/>\n<meta property=\"og:title\" content=\"Corpo de homem de Bel\u00e9m que desapareceu na Barragem do Caboclo \u00e9 localizado - Portal NPM\" \/>\n<meta property=\"og:description\" content=\"Ap\u00f3s intensas buscas, o corpo de Manoel L\u00facio da Concei\u00e7\u00e3o, de 58 anos, conhecido como Manelinho, que havia desaparecido enquanto banhava na Barragem do Caboclo, foi encontrado por um sobrinho. O tr\u00e1gico desfecho foi confirmado na manh\u00e3 desta ter\u00e7a-feira, dia 9 de abril, por volta das 10h, gerando profunda como\u00e7\u00e3o na comunidade. Manelinho desapareceu na &hellip;\" \/>\n<meta property=\"og:url\" content=\"https:\/\/portalnpm.com\/index.php\/2024\/04\/09\/corpo-de-homem-de-belem-que-desapareceu-na-barragem-do-caboclo-e-localizado\/\" \/>\n<meta property=\"og:site_name\" content=\"Portal NPM\" \/>\n<meta property=\"article:published_time\" content=\"2024-04-09T16:06:22+00:00\" \/>\n<meta property=\"og:image\" content=\"https:\/\/portalnpm.com\/wp-content\/uploads\/2024\/04\/batch_WhatsApp-Image-2024-04-09-at-10.06.18.jpeg.webp\" \/>\n\t<meta property=\"og:image:width\" content=\"900\" \/>\n\t<meta property=\"og:image:height\" content=\"567\" \/>\n\t<meta property=\"og:image:type\" content=\"image\/webp\" \/>\n<meta name=\"author\" content=\"Genival Barbosa\" \/>\n<meta name=\"twitter:card\" content=\"summary_large_image\" \/>\n<meta name=\"twitter:label1\" content=\"Escrito por\" \/>\n\t<meta name=\"twitter:data1\" content=\"Genival Barbosa\" \/>\n\t<meta name=\"twitter:label2\" content=\"Est. tempo de leitura\" \/>\n\t<meta name=\"twitter:data2\" content=\"4 minutos\" \/>\n<script type=\"application\/ld+json\" class=\"yoast-schema-graph\">{\"@context\":\"https:\/\/schema.org\",\"@graph\":[{\"@type\":\"WebPage\",\"@id\":\"https:\/\/portalnpm.com\/index.php\/2024\/04\/09\/corpo-de-homem-de-belem-que-desapareceu-na-barragem-do-caboclo-e-localizado\/\",\"url\":\"https:\/\/portalnpm.com\/index.php\/2024\/04\/09\/corpo-de-homem-de-belem-que-desapareceu-na-barragem-do-caboclo-e-localizado\/\",\"name\":\"Corpo de homem de Bel\u00e9m que desapareceu na Barragem do Caboclo \u00e9 localizado - Portal NPM\",\"isPartOf\":{\"@id\":\"https:\/\/portalnpm.com\/#website\"},\"primaryImageOfPage\":{\"@id\":\"https:\/\/portalnpm.com\/index.php\/2024\/04\/09\/corpo-de-homem-de-belem-que-desapareceu-na-barragem-do-caboclo-e-localizado\/#primaryimage\"},\"image\":{\"@id\":\"https:\/\/portalnpm.com\/index.php\/2024\/04\/09\/corpo-de-homem-de-belem-que-desapareceu-na-barragem-do-caboclo-e-localizado\/#primaryimage\"},\"thumbnailUrl\":\"https:\/\/portalnpm.com\/wp-content\/uploads\/2024\/04\/batch_WhatsApp-Image-2024-04-09-at-10.06.18.jpeg.webp\",\"datePublished\":\"2024-04-09T16:06:22+00:00\",\"dateModified\":\"2024-04-09T16:06:22+00:00\",\"author\":{\"@id\":\"https:\/\/portalnpm.com\/#\/schema\/person\/49313e563cfdefcc167f1ee4c017c294\"},\"breadcrumb\":{\"@id\":\"https:\/\/portalnpm.com\/index.php\/2024\/04\/09\/corpo-de-homem-de-belem-que-desapareceu-na-barragem-do-caboclo-e-localizado\/#breadcrumb\"},\"inLanguage\":\"pt-BR\",\"potentialAction\":[{\"@type\":\"ReadAction\",\"target\":[\"https:\/\/portalnpm.com\/index.php\/2024\/04\/09\/corpo-de-homem-de-belem-que-desapareceu-na-barragem-do-caboclo-e-localizado\/\"]}]},{\"@type\":\"ImageObject\",\"inLanguage\":\"pt-BR\",\"@id\":\"https:\/\/portalnpm.com\/index.php\/2024\/04\/09\/corpo-de-homem-de-belem-que-desapareceu-na-barragem-do-caboclo-e-localizado\/#primaryimage\",\"url\":\"https:\/\/portalnpm.com\/wp-content\/uploads\/2024\/04\/batch_WhatsApp-Image-2024-04-09-at-10.06.18.jpeg.webp\",\"contentUrl\":\"https:\/\/portalnpm.com\/wp-content\/uploads\/2024\/04\/batch_WhatsApp-Image-2024-04-09-at-10.06.18.jpeg.webp\",\"width\":900,\"height\":567},{\"@type\":\"BreadcrumbList\",\"@id\":\"https:\/\/portalnpm.com\/index.php\/2024\/04\/09\/corpo-de-homem-de-belem-que-desapareceu-na-barragem-do-caboclo-e-localizado\/#breadcrumb\",\"itemListElement\":[{\"@type\":\"ListItem\",\"position\":1,\"name\":\"In\u00edcio\",\"item\":\"https:\/\/portalnpm.com\/\"},{\"@type\":\"ListItem\",\"position\":2,\"name\":\"Corpo de homem de Bel\u00e9m que desapareceu na Barragem do Caboclo \u00e9 localizado\"}]},{\"@type\":\"WebSite\",\"@id\":\"https:\/\/portalnpm.com\/#website\",\"url\":\"https:\/\/portalnpm.com\/\",\"name\":\"Portal NPM\",\"description\":\"Not\u00edcias em Primeira M\u00e3o\",\"potentialAction\":[{\"@type\":\"SearchAction\",\"target\":{\"@type\":\"EntryPoint\",\"urlTemplate\":\"https:\/\/portalnpm.com\/?s={search_term_string}\"},\"query-input\":\"required name=search_term_string\"}],\"inLanguage\":\"pt-BR\"},{\"@type\":\"Person\",\"@id\":\"https:\/\/portalnpm.com\/#\/schema\/person\/49313e563cfdefcc167f1ee4c017c294\",\"name\":\"Genival Barbosa\",\"image\":{\"@type\":\"ImageObject\",\"inLanguage\":\"pt-BR\",\"@id\":\"https:\/\/portalnpm.com\/#\/schema\/person\/image\/\",\"url\":\"https:\/\/portalnpm.com\/wp-content\/uploads\/2024\/02\/avatar_user_2_1707743258-96x96.jpeg\",\"contentUrl\":\"https:\/\/portalnpm.com\/wp-content\/uploads\/2024\/02\/avatar_user_2_1707743258-96x96.jpeg\",\"caption\":\"Genival Barbosa\"},\"url\":\"https:\/\/portalnpm.com\/index.php\/author\/genival\/\"}]}<\/script>\n<!-- \/ Yoast SEO plugin. -->","yoast_head_json":{"title":"Corpo de homem de Bel\u00e9m que desapareceu na Barragem do Caboclo \u00e9 localizado - Portal NPM","robots":{"index":"index","follow":"follow","max-snippet":"max-snippet:-1","max-image-preview":"max-image-preview:large","max-video-preview":"max-video-preview:-1"},"canonical":"https:\/\/portalnpm.com\/index.php\/2024\/04\/09\/corpo-de-homem-de-belem-que-desapareceu-na-barragem-do-caboclo-e-localizado\/","og_locale":"pt_BR","og_type":"article","og_title":"Corpo de homem de Bel\u00e9m que desapareceu na Barragem do Caboclo \u00e9 localizado - Portal NPM","og_description":"Ap\u00f3s intensas buscas, o corpo de Manoel L\u00facio da Concei\u00e7\u00e3o, de 58 anos, conhecido como Manelinho, que havia desaparecido enquanto banhava na Barragem do Caboclo, foi encontrado por um sobrinho. O tr\u00e1gico desfecho foi confirmado na manh\u00e3 desta ter\u00e7a-feira, dia 9 de abril, por volta das 10h, gerando profunda como\u00e7\u00e3o na comunidade. Manelinho desapareceu na &hellip;","og_url":"https:\/\/portalnpm.com\/index.php\/2024\/04\/09\/corpo-de-homem-de-belem-que-desapareceu-na-barragem-do-caboclo-e-localizado\/","og_site_name":"Portal NPM","article_published_time":"2024-04-09T16:06:22+00:00","og_image":[{"width":900,"height":567,"url":"https:\/\/portalnpm.com\/wp-content\/uploads\/2024\/04\/batch_WhatsApp-Image-2024-04-09-at-10.06.18.jpeg.webp","type":"image\/webp"}],"author":"Genival Barbosa","twitter_card":"summary_large_image","twitter_misc":{"Escrito por":"Genival Barbosa","Est. tempo de leitura":"4 minutos"},"schema":{"@context":"https:\/\/schema.org","@graph":[{"@type":"WebPage","@id":"https:\/\/portalnpm.com\/index.php\/2024\/04\/09\/corpo-de-homem-de-belem-que-desapareceu-na-barragem-do-caboclo-e-localizado\/","url":"https:\/\/portalnpm.com\/index.php\/2024\/04\/09\/corpo-de-homem-de-belem-que-desapareceu-na-barragem-do-caboclo-e-localizado\/","name":"Corpo de homem de Bel\u00e9m que desapareceu na Barragem do Caboclo \u00e9 localizado - Portal NPM","isPartOf":{"@id":"https:\/\/portalnpm.com\/#website"},"primaryImageOfPage":{"@id":"https:\/\/portalnpm.com\/index.php\/2024\/04\/09\/corpo-de-homem-de-belem-que-desapareceu-na-barragem-do-caboclo-e-localizado\/#primaryimage"},"image":{"@id":"https:\/\/portalnpm.com\/index.php\/2024\/04\/09\/corpo-de-homem-de-belem-que-desapareceu-na-barragem-do-caboclo-e-localizado\/#primaryimage"},"thumbnailUrl":"https:\/\/portalnpm.com\/wp-content\/uploads\/2024\/04\/batch_WhatsApp-Image-2024-04-09-at-10.06.18.jpeg.webp","datePublished":"2024-04-09T16:06:22+00:00","dateModified":"2024-04-09T16:06:22+00:00","author":{"@id":"https:\/\/portalnpm.com\/#\/schema\/person\/49313e563cfdefcc167f1ee4c017c294"},"breadcrumb":{"@id":"https:\/\/portalnpm.com\/index.php\/2024\/04\/09\/corpo-de-homem-de-belem-que-desapareceu-na-barragem-do-caboclo-e-localizado\/#breadcrumb"},"inLanguage":"pt-BR","potentialAction":[{"@type":"ReadAction","target":["https:\/\/portalnpm.com\/index.php\/2024\/04\/09\/corpo-de-homem-de-belem-que-desapareceu-na-barragem-do-caboclo-e-localizado\/"]}]},{"@type":"ImageObject","inLanguage":"pt-BR","@id":"https:\/\/portalnpm.com\/index.php\/2024\/04\/09\/corpo-de-homem-de-belem-que-desapareceu-na-barragem-do-caboclo-e-localizado\/#primaryimage","url":"https:\/\/portalnpm.com\/wp-content\/uploads\/2024\/04\/batch_WhatsApp-Image-2024-04-09-at-10.06.18.jpeg.webp","contentUrl":"https:\/\/portalnpm.com\/wp-content\/uploads\/2024\/04\/batch_WhatsApp-Image-2024-04-09-at-10.06.18.jpeg.webp","width":900,"height":567},{"@type":"BreadcrumbList","@id":"https:\/\/portalnpm.com\/index.php\/2024\/04\/09\/corpo-de-homem-de-belem-que-desapareceu-na-barragem-do-caboclo-e-localizado\/#breadcrumb","itemListElement":[{"@type":"ListItem","position":1,"name":"In\u00edcio","item":"https:\/\/portalnpm.com\/"},{"@type":"ListItem","position":2,"name":"Corpo de homem de Bel\u00e9m que desapareceu na Barragem do Caboclo \u00e9 localizado"}]},{"@type":"WebSite","@id":"https:\/\/portalnpm.com\/#website","url":"https:\/\/portalnpm.com\/","name":"Portal NPM","description":"Not\u00edcias em Primeira M\u00e3o","potentialAction":[{"@type":"SearchAction","target":{"@type":"EntryPoint","urlTemplate":"https:\/\/portalnpm.com\/?s={search_term_string}"},"query-input":"required name=search_term_string"}],"inLanguage":"pt-BR"},{"@type":"Person","@id":"https:\/\/portalnpm.com\/#\/schema\/person\/49313e563cfdefcc167f1ee4c017c294","name":"Genival Barbosa","image":{"@type":"ImageObject","inLanguage":"pt-BR","@id":"https:\/\/portalnpm.com\/#\/schema\/person\/image\/","url":"https:\/\/portalnpm.com\/wp-content\/uploads\/2024\/02\/avatar_user_2_1707743258-96x96.jpeg","contentUrl":"https:\/\/portalnpm.com\/wp-content\/uploads\/2024\/02\/avatar_user_2_1707743258-96x96.jpeg","caption":"Genival Barbosa"},"url":"https:\/\/portalnpm.com\/index.php\/author\/genival\/"}]}},"jetpack_sharing_enabled":true,"jetpack_featured_media_url":"https:\/\/portalnpm.com\/wp-content\/uploads\/2024\/04\/batch_WhatsApp-Image-2024-04-09-at-10.06.18.jpeg.webp","_links":{"self":[{"href":"https:\/\/portalnpm.com\/index.php\/wp-json\/wp\/v2\/posts\/72448"}],"collection":[{"href":"https:\/\/portalnpm.com\/index.php\/wp-json\/wp\/v2\/posts"}],"about":[{"href":"https:\/\/portalnpm.com\/index.php\/wp-json\/wp\/v2\/types\/post"}],"author":[{"embeddable":true,"href":"https:\/\/portalnpm.com\/index.php\/wp-json\/wp\/v2\/users\/2"}],"replies":[{"embeddable":true,"href":"https:\/\/portalnpm.com\/index.php\/wp-json\/wp\/v2\/comments?post=72448"}],"version-history":[{"count":1,"href":"https:\/\/portalnpm.com\/index.php\/wp-json\/wp\/v2\/posts\/72448\/revisions"}],"predecessor-version":[{"id":72450,"href":"https:\/\/portalnpm.com\/index.php\/wp-json\/wp\/v2\/posts\/72448\/revisions\/72450"}],"wp:featuredmedia":[{"embeddable":true,"href":"https:\/\/portalnpm.com\/index.php\/wp-json\/wp\/v2\/media\/72449"}],"wp:attachment":[{"href":"https:\/\/portalnpm.com\/index.php\/wp-json\/wp\/v2\/media?parent=72448"}],"wp:term":[{"taxonomy":"category","embeddable":true,"href":"https:\/\/portalnpm.com\/index.php\/wp-json\/wp\/v2\/categories?post=72448"},{"taxonomy":"post_tag","embeddable":true,"href":"https:\/\/portalnpm.com\/index.php\/wp-json\/wp\/v2\/tags?post=72448"}],"curies":[{"name":"wp","href":"https:\/\/api.w.org\/{rel}","templated":true}]}}