{"id":72463,"date":"2024-04-09T13:27:38","date_gmt":"2024-04-09T16:27:38","guid":{"rendered":"https:\/\/portalnpm.com\/?p=72463"},"modified":"2024-04-09T13:27:38","modified_gmt":"2024-04-09T16:27:38","slug":"prefeito-novim-de-francisco-macedo-oficializa-filiacao-ao-mdb-em-preparacao-para-eleicoes-de-2024","status":"publish","type":"post","link":"https:\/\/portalnpm.com\/index.php\/2024\/04\/09\/prefeito-novim-de-francisco-macedo-oficializa-filiacao-ao-mdb-em-preparacao-para-eleicoes-de-2024\/","title":{"rendered":"Prefeito Novim de Francisco Macedo oficializa filia\u00e7\u00e3o ao MDB em prepara\u00e7\u00e3o para elei\u00e7\u00f5es de 2024"},"content":{"rendered":"<p>No cen\u00e1rio pol\u00edtico de Francisco Macedo \u2013 PI, uma movimenta\u00e7\u00e3o importante ocorreu nesta segunda-feira, dia 08 de abril, com o an\u00fancio oficial de filia\u00e7\u00e3o do atual prefeito, Adeilson Carvalho, popularmente conhecido como Novim, ao Movimento Democr\u00e1tico Brasileiro (MDB). O passo estrat\u00e9gico visa consolidar sua posi\u00e7\u00e3o para o pleito eleitoral de 2024, conforme as regras estabelecidas para janelas partid\u00e1rias e filia\u00e7\u00f5es na legisla\u00e7\u00e3o eleitoral vigente.<\/p>\n<p>Conforme o prefeito Novim, que tamb\u00e9m \u00e9 pr\u00e9-candidato \u00e0 reelei\u00e7\u00e3o, a filia\u00e7\u00e3o foi formalizada desde o dia 05 de abril do corrente ano, justificada e de grande notoriedade pela popula\u00e7\u00e3o de Francisco Macedo, em virtude de um alinhamento pol\u00edtico com representantes dos poderes Estaduais e Federais.<\/p>\n<p><img decoding=\"async\" class=\" lazyloaded\" src=\"https:\/\/infonewss.com\/wp-content\/uploads\/2022\/12\/Vereador-Domingos-Diniz-e-eleito-e-empossado-presidente-da-Camara-Municipal-de-Francisco-Macedo-%E2%80%94-PI-DSC_0821.jpg\" alt=\"FRANCISCO MACEDO | Iniciamos 2023 com mais de R$ 1 milh\u00e3o em recursos, diz prefeito  Novim - Info Newss\" data-src=\"https:\/\/infonewss.com\/wp-content\/uploads\/2022\/12\/Vereador-Domingos-Diniz-e-eleito-e-empossado-presidente-da-Camara-Municipal-de-Francisco-Macedo-%E2%80%94-PI-DSC_0821.jpg\" \/><\/p>\n<p>\u201cUm gestor precisa sempre estar atento, pensando no progresso da popula\u00e7\u00e3o e na evolu\u00e7\u00e3o da administra\u00e7\u00e3o p\u00fablica. Carregando dentro de si, a for\u00e7a de vontade e o esp\u00edrito de cada dia servir mais ao seu povo.\u201d Disse o prefeito.<\/p>\n<p>Novim deixa os Progressistas (PP) e marchar\u00e1 pelo partido do senador Marcelo Castro, do deputado federal Castro Neto e do Deputado Estadual Dr. Pablo Santos, com o intuito de fortalecer apoios, expandir o grupo em prol do desenvolvimento do munic\u00edpio.<\/p>\n<p><a class=\"td-modal-image\" href=\"https:\/\/infonewss.com\/wp-content\/webp-express\/webp-images\/uploads\/2024\/04\/IMG_6889.jpeg.webp\"><img fetchpriority=\"high\" decoding=\"async\" class=\"alignnone size-full wp-image-498626 lazyloaded\" src=\"https:\/\/infonewss.com\/wp-content\/webp-express\/webp-images\/uploads\/2024\/04\/IMG_6889.jpeg.webp\" sizes=\"(max-width: 1284px) 100vw, 1284px\" srcset=\"https:\/\/infonewss.com\/wp-content\/webp-express\/webp-images\/uploads\/2024\/04\/IMG_6889.jpeg.webp 1284w,  https:\/\/infonewss.com\/wp-content\/webp-express\/webp-images\/uploads\/2024\/04\/IMG_6889-300x213.jpeg.webp 300w,  https:\/\/infonewss.com\/wp-content\/webp-express\/webp-images\/uploads\/2024\/04\/IMG_6889-1024x728.jpeg.webp 1024w,  https:\/\/infonewss.com\/wp-content\/webp-express\/webp-images\/uploads\/2024\/04\/IMG_6889-768x546.jpeg.webp 768w,  https:\/\/infonewss.com\/wp-content\/webp-express\/webp-images\/uploads\/2024\/04\/IMG_6889-150x107.jpeg.webp 150w,  https:\/\/infonewss.com\/wp-content\/webp-express\/webp-images\/uploads\/2024\/04\/IMG_6889-696x495.jpeg.webp 696w,  https:\/\/infonewss.com\/wp-content\/webp-express\/webp-images\/uploads\/2024\/04\/IMG_6889-1068x759.jpeg.webp 1068w\" alt=\"\" width=\"1284\" height=\"913\" data-srcset=\"https:\/\/infonewss.com\/wp-content\/webp-express\/webp-images\/uploads\/2024\/04\/IMG_6889.jpeg.webp 1284w,  https:\/\/infonewss.com\/wp-content\/webp-express\/webp-images\/uploads\/2024\/04\/IMG_6889-300x213.jpeg.webp 300w,  https:\/\/infonewss.com\/wp-content\/webp-express\/webp-images\/uploads\/2024\/04\/IMG_6889-1024x728.jpeg.webp 1024w,  https:\/\/infonewss.com\/wp-content\/webp-express\/webp-images\/uploads\/2024\/04\/IMG_6889-768x546.jpeg.webp 768w,  https:\/\/infonewss.com\/wp-content\/webp-express\/webp-images\/uploads\/2024\/04\/IMG_6889-150x107.jpeg.webp 150w,  https:\/\/infonewss.com\/wp-content\/webp-express\/webp-images\/uploads\/2024\/04\/IMG_6889-696x495.jpeg.webp 696w,  https:\/\/infonewss.com\/wp-content\/webp-express\/webp-images\/uploads\/2024\/04\/IMG_6889-1068x759.jpeg.webp 1068w\" data-src=\"https:\/\/infonewss.com\/wp-content\/webp-express\/webp-images\/uploads\/2024\/04\/IMG_6889.jpeg.webp\" data-sizes=\"(max-width: 1284px) 100vw, 1284px\" \/><\/a><\/p>\n<p>\u00c9 importante ressaltar que esta n\u00e3o \u00e9 a primeira vez que Novim se filia ao Movimento Democr\u00e1tico Brasileiro. No ano de 2016, o partido j\u00e1 havia sido adotado por ele para o pleito eleitoral daquele ano, demonstrando uma rela\u00e7\u00e3o anterior com a legenda.<\/p>\n<p>O prefeito Novim tamb\u00e9m expressou sua gratid\u00e3o pela parceria estabelecida com o Senador Ciro Nogueira, a ex-deputada Federal Margarete Coelho e todo o grupo Progressista. \u201cQuero tamb\u00e9m agradecer de forma especial ao partido progressista, pela parceria que tive com os nossos representantes, durante todo o tempo que tive filiado a esta agremia\u00e7\u00e3o partid\u00e1ria. Per\u00edodo este marcado por uma forte converg\u00eancia de trabalho em prol do nosso munic\u00edpio.\u201d Destacou.<\/p>\n<p>&nbsp;<\/p>\n<p>Fonte: Infonewss<\/p>\n","protected":false},"excerpt":{"rendered":"<p>No cen\u00e1rio pol\u00edtico de Francisco Macedo \u2013 PI, uma movimenta\u00e7\u00e3o importante ocorreu nesta segunda-feira, dia 08 de abril, com o an\u00fancio oficial de filia\u00e7\u00e3o do atual prefeito, Adeilson Carvalho, popularmente conhecido como Novim, ao Movimento Democr\u00e1tico Brasileiro (MDB). O passo estrat\u00e9gico visa consolidar sua posi\u00e7\u00e3o para o pleito eleitoral de 2024, conforme as regras estabelecidas &hellip;<\/p>\n","protected":false},"author":2,"featured_media":72464,"comment_status":"open","ping_status":"open","sticky":false,"template":"","format":"standard","meta":{"content-type":"","rop_custom_images_group":[],"rop_custom_messages_group":[],"rop_publish_now":"yes","rop_publish_now_accounts":{"facebook_2648258775420054_1618374048415101":""},"rop_publish_now_history":[],"rop_publish_now_status":"pending","footnotes":"","_jetpack_memberships_contains_paid_content":false},"categories":[4099,109],"tags":[14573,1204,230,382,855,1447,4107,4108,1265,4521,4621,852,135,12413],"yoast_head":"<!-- This site is optimized with the Yoast SEO plugin v22.3 - https:\/\/yoast.com\/wordpress\/plugins\/seo\/ -->\n<title>Prefeito Novim de Francisco Macedo oficializa filia\u00e7\u00e3o ao MDB em prepara\u00e7\u00e3o para elei\u00e7\u00f5es de 2024 - Portal NPM<\/title>\n<meta name=\"robots\" content=\"index, follow, max-snippet:-1, max-image-preview:large, max-video-preview:-1\" \/>\n<link rel=\"canonical\" href=\"https:\/\/portalnpm.com\/index.php\/2024\/04\/09\/prefeito-novim-de-francisco-macedo-oficializa-filiacao-ao-mdb-em-preparacao-para-eleicoes-de-2024\/\" \/>\n<meta property=\"og:locale\" content=\"pt_BR\" \/>\n<meta property=\"og:type\" content=\"article\" \/>\n<meta property=\"og:title\" content=\"Prefeito Novim de Francisco Macedo oficializa filia\u00e7\u00e3o ao MDB em prepara\u00e7\u00e3o para elei\u00e7\u00f5es de 2024 - Portal NPM\" \/>\n<meta property=\"og:description\" content=\"No cen\u00e1rio pol\u00edtico de Francisco Macedo \u2013 PI, uma movimenta\u00e7\u00e3o importante ocorreu nesta segunda-feira, dia 08 de abril, com o an\u00fancio oficial de filia\u00e7\u00e3o do atual prefeito, Adeilson Carvalho, popularmente conhecido como Novim, ao Movimento Democr\u00e1tico Brasileiro (MDB). O passo estrat\u00e9gico visa consolidar sua posi\u00e7\u00e3o para o pleito eleitoral de 2024, conforme as regras estabelecidas &hellip;\" \/>\n<meta property=\"og:url\" content=\"https:\/\/portalnpm.com\/index.php\/2024\/04\/09\/prefeito-novim-de-francisco-macedo-oficializa-filiacao-ao-mdb-em-preparacao-para-eleicoes-de-2024\/\" \/>\n<meta property=\"og:site_name\" content=\"Portal NPM\" \/>\n<meta property=\"article:published_time\" content=\"2024-04-09T16:27:38+00:00\" \/>\n<meta property=\"og:image\" content=\"https:\/\/portalnpm.com\/wp-content\/uploads\/2024\/04\/WhatsApp-Image-2024-04-08-at-13.12.36.jpeg.webp\" \/>\n\t<meta property=\"og:image:width\" content=\"1284\" \/>\n\t<meta property=\"og:image:height\" content=\"763\" \/>\n\t<meta property=\"og:image:type\" content=\"image\/webp\" \/>\n<meta name=\"author\" content=\"Genival Barbosa\" \/>\n<meta name=\"twitter:card\" content=\"summary_large_image\" \/>\n<meta name=\"twitter:label1\" content=\"Escrito por\" \/>\n\t<meta name=\"twitter:data1\" content=\"Genival Barbosa\" \/>\n\t<meta name=\"twitter:label2\" content=\"Est. tempo de leitura\" \/>\n\t<meta name=\"twitter:data2\" content=\"3 minutos\" \/>\n<script type=\"application\/ld+json\" class=\"yoast-schema-graph\">{\"@context\":\"https:\/\/schema.org\",\"@graph\":[{\"@type\":\"WebPage\",\"@id\":\"https:\/\/portalnpm.com\/index.php\/2024\/04\/09\/prefeito-novim-de-francisco-macedo-oficializa-filiacao-ao-mdb-em-preparacao-para-eleicoes-de-2024\/\",\"url\":\"https:\/\/portalnpm.com\/index.php\/2024\/04\/09\/prefeito-novim-de-francisco-macedo-oficializa-filiacao-ao-mdb-em-preparacao-para-eleicoes-de-2024\/\",\"name\":\"Prefeito Novim de Francisco Macedo oficializa filia\u00e7\u00e3o ao MDB em prepara\u00e7\u00e3o para elei\u00e7\u00f5es de 2024 - Portal NPM\",\"isPartOf\":{\"@id\":\"https:\/\/portalnpm.com\/#website\"},\"primaryImageOfPage\":{\"@id\":\"https:\/\/portalnpm.com\/index.php\/2024\/04\/09\/prefeito-novim-de-francisco-macedo-oficializa-filiacao-ao-mdb-em-preparacao-para-eleicoes-de-2024\/#primaryimage\"},\"image\":{\"@id\":\"https:\/\/portalnpm.com\/index.php\/2024\/04\/09\/prefeito-novim-de-francisco-macedo-oficializa-filiacao-ao-mdb-em-preparacao-para-eleicoes-de-2024\/#primaryimage\"},\"thumbnailUrl\":\"https:\/\/portalnpm.com\/wp-content\/uploads\/2024\/04\/WhatsApp-Image-2024-04-08-at-13.12.36.jpeg.webp\",\"datePublished\":\"2024-04-09T16:27:38+00:00\",\"dateModified\":\"2024-04-09T16:27:38+00:00\",\"author\":{\"@id\":\"https:\/\/portalnpm.com\/#\/schema\/person\/49313e563cfdefcc167f1ee4c017c294\"},\"breadcrumb\":{\"@id\":\"https:\/\/portalnpm.com\/index.php\/2024\/04\/09\/prefeito-novim-de-francisco-macedo-oficializa-filiacao-ao-mdb-em-preparacao-para-eleicoes-de-2024\/#breadcrumb\"},\"inLanguage\":\"pt-BR\",\"potentialAction\":[{\"@type\":\"ReadAction\",\"target\":[\"https:\/\/portalnpm.com\/index.php\/2024\/04\/09\/prefeito-novim-de-francisco-macedo-oficializa-filiacao-ao-mdb-em-preparacao-para-eleicoes-de-2024\/\"]}]},{\"@type\":\"ImageObject\",\"inLanguage\":\"pt-BR\",\"@id\":\"https:\/\/portalnpm.com\/index.php\/2024\/04\/09\/prefeito-novim-de-francisco-macedo-oficializa-filiacao-ao-mdb-em-preparacao-para-eleicoes-de-2024\/#primaryimage\",\"url\":\"https:\/\/portalnpm.com\/wp-content\/uploads\/2024\/04\/WhatsApp-Image-2024-04-08-at-13.12.36.jpeg.webp\",\"contentUrl\":\"https:\/\/portalnpm.com\/wp-content\/uploads\/2024\/04\/WhatsApp-Image-2024-04-08-at-13.12.36.jpeg.webp\",\"width\":1284,\"height\":763},{\"@type\":\"BreadcrumbList\",\"@id\":\"https:\/\/portalnpm.com\/index.php\/2024\/04\/09\/prefeito-novim-de-francisco-macedo-oficializa-filiacao-ao-mdb-em-preparacao-para-eleicoes-de-2024\/#breadcrumb\",\"itemListElement\":[{\"@type\":\"ListItem\",\"position\":1,\"name\":\"In\u00edcio\",\"item\":\"https:\/\/portalnpm.com\/\"},{\"@type\":\"ListItem\",\"position\":2,\"name\":\"Prefeito Novim de Francisco Macedo oficializa filia\u00e7\u00e3o ao MDB em prepara\u00e7\u00e3o para elei\u00e7\u00f5es de 2024\"}]},{\"@type\":\"WebSite\",\"@id\":\"https:\/\/portalnpm.com\/#website\",\"url\":\"https:\/\/portalnpm.com\/\",\"name\":\"Portal NPM\",\"description\":\"Not\u00edcias em Primeira M\u00e3o\",\"potentialAction\":[{\"@type\":\"SearchAction\",\"target\":{\"@type\":\"EntryPoint\",\"urlTemplate\":\"https:\/\/portalnpm.com\/?s={search_term_string}\"},\"query-input\":\"required name=search_term_string\"}],\"inLanguage\":\"pt-BR\"},{\"@type\":\"Person\",\"@id\":\"https:\/\/portalnpm.com\/#\/schema\/person\/49313e563cfdefcc167f1ee4c017c294\",\"name\":\"Genival Barbosa\",\"image\":{\"@type\":\"ImageObject\",\"inLanguage\":\"pt-BR\",\"@id\":\"https:\/\/portalnpm.com\/#\/schema\/person\/image\/\",\"url\":\"https:\/\/portalnpm.com\/wp-content\/uploads\/2024\/02\/avatar_user_2_1707743258-96x96.jpeg\",\"contentUrl\":\"https:\/\/portalnpm.com\/wp-content\/uploads\/2024\/02\/avatar_user_2_1707743258-96x96.jpeg\",\"caption\":\"Genival Barbosa\"},\"url\":\"https:\/\/portalnpm.com\/index.php\/author\/genival\/\"}]}<\/script>\n<!-- \/ Yoast SEO plugin. -->","yoast_head_json":{"title":"Prefeito Novim de Francisco Macedo oficializa filia\u00e7\u00e3o ao MDB em prepara\u00e7\u00e3o para elei\u00e7\u00f5es de 2024 - Portal NPM","robots":{"index":"index","follow":"follow","max-snippet":"max-snippet:-1","max-image-preview":"max-image-preview:large","max-video-preview":"max-video-preview:-1"},"canonical":"https:\/\/portalnpm.com\/index.php\/2024\/04\/09\/prefeito-novim-de-francisco-macedo-oficializa-filiacao-ao-mdb-em-preparacao-para-eleicoes-de-2024\/","og_locale":"pt_BR","og_type":"article","og_title":"Prefeito Novim de Francisco Macedo oficializa filia\u00e7\u00e3o ao MDB em prepara\u00e7\u00e3o para elei\u00e7\u00f5es de 2024 - Portal NPM","og_description":"No cen\u00e1rio pol\u00edtico de Francisco Macedo \u2013 PI, uma movimenta\u00e7\u00e3o importante ocorreu nesta segunda-feira, dia 08 de abril, com o an\u00fancio oficial de filia\u00e7\u00e3o do atual prefeito, Adeilson Carvalho, popularmente conhecido como Novim, ao Movimento Democr\u00e1tico Brasileiro (MDB). O passo estrat\u00e9gico visa consolidar sua posi\u00e7\u00e3o para o pleito eleitoral de 2024, conforme as regras estabelecidas &hellip;","og_url":"https:\/\/portalnpm.com\/index.php\/2024\/04\/09\/prefeito-novim-de-francisco-macedo-oficializa-filiacao-ao-mdb-em-preparacao-para-eleicoes-de-2024\/","og_site_name":"Portal NPM","article_published_time":"2024-04-09T16:27:38+00:00","og_image":[{"width":1284,"height":763,"url":"https:\/\/portalnpm.com\/wp-content\/uploads\/2024\/04\/WhatsApp-Image-2024-04-08-at-13.12.36.jpeg.webp","type":"image\/webp"}],"author":"Genival Barbosa","twitter_card":"summary_large_image","twitter_misc":{"Escrito por":"Genival Barbosa","Est. tempo de leitura":"3 minutos"},"schema":{"@context":"https:\/\/schema.org","@graph":[{"@type":"WebPage","@id":"https:\/\/portalnpm.com\/index.php\/2024\/04\/09\/prefeito-novim-de-francisco-macedo-oficializa-filiacao-ao-mdb-em-preparacao-para-eleicoes-de-2024\/","url":"https:\/\/portalnpm.com\/index.php\/2024\/04\/09\/prefeito-novim-de-francisco-macedo-oficializa-filiacao-ao-mdb-em-preparacao-para-eleicoes-de-2024\/","name":"Prefeito Novim de Francisco Macedo oficializa filia\u00e7\u00e3o ao MDB em prepara\u00e7\u00e3o para elei\u00e7\u00f5es de 2024 - Portal NPM","isPartOf":{"@id":"https:\/\/portalnpm.com\/#website"},"primaryImageOfPage":{"@id":"https:\/\/portalnpm.com\/index.php\/2024\/04\/09\/prefeito-novim-de-francisco-macedo-oficializa-filiacao-ao-mdb-em-preparacao-para-eleicoes-de-2024\/#primaryimage"},"image":{"@id":"https:\/\/portalnpm.com\/index.php\/2024\/04\/09\/prefeito-novim-de-francisco-macedo-oficializa-filiacao-ao-mdb-em-preparacao-para-eleicoes-de-2024\/#primaryimage"},"thumbnailUrl":"https:\/\/portalnpm.com\/wp-content\/uploads\/2024\/04\/WhatsApp-Image-2024-04-08-at-13.12.36.jpeg.webp","datePublished":"2024-04-09T16:27:38+00:00","dateModified":"2024-04-09T16:27:38+00:00","author":{"@id":"https:\/\/portalnpm.com\/#\/schema\/person\/49313e563cfdefcc167f1ee4c017c294"},"breadcrumb":{"@id":"https:\/\/portalnpm.com\/index.php\/2024\/04\/09\/prefeito-novim-de-francisco-macedo-oficializa-filiacao-ao-mdb-em-preparacao-para-eleicoes-de-2024\/#breadcrumb"},"inLanguage":"pt-BR","potentialAction":[{"@type":"ReadAction","target":["https:\/\/portalnpm.com\/index.php\/2024\/04\/09\/prefeito-novim-de-francisco-macedo-oficializa-filiacao-ao-mdb-em-preparacao-para-eleicoes-de-2024\/"]}]},{"@type":"ImageObject","inLanguage":"pt-BR","@id":"https:\/\/portalnpm.com\/index.php\/2024\/04\/09\/prefeito-novim-de-francisco-macedo-oficializa-filiacao-ao-mdb-em-preparacao-para-eleicoes-de-2024\/#primaryimage","url":"https:\/\/portalnpm.com\/wp-content\/uploads\/2024\/04\/WhatsApp-Image-2024-04-08-at-13.12.36.jpeg.webp","contentUrl":"https:\/\/portalnpm.com\/wp-content\/uploads\/2024\/04\/WhatsApp-Image-2024-04-08-at-13.12.36.jpeg.webp","width":1284,"height":763},{"@type":"BreadcrumbList","@id":"https:\/\/portalnpm.com\/index.php\/2024\/04\/09\/prefeito-novim-de-francisco-macedo-oficializa-filiacao-ao-mdb-em-preparacao-para-eleicoes-de-2024\/#breadcrumb","itemListElement":[{"@type":"ListItem","position":1,"name":"In\u00edcio","item":"https:\/\/portalnpm.com\/"},{"@type":"ListItem","position":2,"name":"Prefeito Novim de Francisco Macedo oficializa filia\u00e7\u00e3o ao MDB em prepara\u00e7\u00e3o para elei\u00e7\u00f5es de 2024"}]},{"@type":"WebSite","@id":"https:\/\/portalnpm.com\/#website","url":"https:\/\/portalnpm.com\/","name":"Portal NPM","description":"Not\u00edcias em Primeira M\u00e3o","potentialAction":[{"@type":"SearchAction","target":{"@type":"EntryPoint","urlTemplate":"https:\/\/portalnpm.com\/?s={search_term_string}"},"query-input":"required name=search_term_string"}],"inLanguage":"pt-BR"},{"@type":"Person","@id":"https:\/\/portalnpm.com\/#\/schema\/person\/49313e563cfdefcc167f1ee4c017c294","name":"Genival Barbosa","image":{"@type":"ImageObject","inLanguage":"pt-BR","@id":"https:\/\/portalnpm.com\/#\/schema\/person\/image\/","url":"https:\/\/portalnpm.com\/wp-content\/uploads\/2024\/02\/avatar_user_2_1707743258-96x96.jpeg","contentUrl":"https:\/\/portalnpm.com\/wp-content\/uploads\/2024\/02\/avatar_user_2_1707743258-96x96.jpeg","caption":"Genival Barbosa"},"url":"https:\/\/portalnpm.com\/index.php\/author\/genival\/"}]}},"jetpack_sharing_enabled":true,"jetpack_featured_media_url":"https:\/\/portalnpm.com\/wp-content\/uploads\/2024\/04\/WhatsApp-Image-2024-04-08-at-13.12.36.jpeg.webp","_links":{"self":[{"href":"https:\/\/portalnpm.com\/index.php\/wp-json\/wp\/v2\/posts\/72463"}],"collection":[{"href":"https:\/\/portalnpm.com\/index.php\/wp-json\/wp\/v2\/posts"}],"about":[{"href":"https:\/\/portalnpm.com\/index.php\/wp-json\/wp\/v2\/types\/post"}],"author":[{"embeddable":true,"href":"https:\/\/portalnpm.com\/index.php\/wp-json\/wp\/v2\/users\/2"}],"replies":[{"embeddable":true,"href":"https:\/\/portalnpm.com\/index.php\/wp-json\/wp\/v2\/comments?post=72463"}],"version-history":[{"count":1,"href":"https:\/\/portalnpm.com\/index.php\/wp-json\/wp\/v2\/posts\/72463\/revisions"}],"predecessor-version":[{"id":72465,"href":"https:\/\/portalnpm.com\/index.php\/wp-json\/wp\/v2\/posts\/72463\/revisions\/72465"}],"wp:featuredmedia":[{"embeddable":true,"href":"https:\/\/portalnpm.com\/index.php\/wp-json\/wp\/v2\/media\/72464"}],"wp:attachment":[{"href":"https:\/\/portalnpm.com\/index.php\/wp-json\/wp\/v2\/media?parent=72463"}],"wp:term":[{"taxonomy":"category","embeddable":true,"href":"https:\/\/portalnpm.com\/index.php\/wp-json\/wp\/v2\/categories?post=72463"},{"taxonomy":"post_tag","embeddable":true,"href":"https:\/\/portalnpm.com\/index.php\/wp-json\/wp\/v2\/tags?post=72463"}],"curies":[{"name":"wp","href":"https:\/\/api.w.org\/{rel}","templated":true}]}}