{"id":72715,"date":"2024-04-27T07:34:46","date_gmt":"2024-04-27T10:34:46","guid":{"rendered":"https:\/\/portalnpm.com\/?p=72715"},"modified":"2024-04-27T07:34:46","modified_gmt":"2024-04-27T10:34:46","slug":"sao-juliao-de-luto-colaborador-do-trecho-josue-brito-falece-aos-36-anos-e-comove-o-municipio","status":"publish","type":"post","link":"https:\/\/portalnpm.com\/index.php\/2024\/04\/27\/sao-juliao-de-luto-colaborador-do-trecho-josue-brito-falece-aos-36-anos-e-comove-o-municipio\/","title":{"rendered":"S\u00e3o Juli\u00e3o de luto: colaborador do trecho Josu\u00e9 Brito falece aos 36 anos e comove o munic\u00edpio"},"content":{"rendered":"<p data-wpmeteor-touchmove=\"true\">O munic\u00edpio de S\u00e3o Juli\u00e3o \u2013 PI encontra-se de luto. Faleceu na madrugada deste s\u00e1bado, 27 de abril, o colaborador do trecho\u00a0<strong>Josu\u00e9 Jos\u00e9 de Brito.<\/strong><\/p>\n<p>O \u00f3bito foi confirmado pela fam\u00edlia e atribu\u00eddo a complica\u00e7\u00f5es de cirrose, decorrentes do consumo excessivo de bebidas alco\u00f3licas.<\/p>\n<p>Seu falecimento comoveu todo o munic\u00edpio de S\u00e3o Juli\u00e3o \u2013 PI. Josu\u00e9 Brito tinha 36 anos e era irm\u00e3o do suplente de vereador Idalece Brito. Separado, ele deixa um filho menor de idade.<\/p>\n<figure id=\"attachment_160100\" class=\"wp-caption alignnone\" aria-describedby=\"caption-attachment-160100\"><img fetchpriority=\"high\" decoding=\"async\" class=\"wp-image-160100 size-full entered lazyloaded\" src=\"https:\/\/i0.wp.com\/www.portalenoticias.com.br\/wp-content\/uploads\/2024\/04\/ec5e5743-2d24-441b-92a5-5534d9ba0976.jpg?fit=720%2C1207&amp;ssl=1\" sizes=\"(max-width: 720px) 100vw, 720px\" srcset=\"https:\/\/i0.wp.com\/www.portalenoticias.com.br\/wp-content\/uploads\/2024\/04\/ec5e5743-2d24-441b-92a5-5534d9ba0976.jpg?fit=179%2C300&amp;ssl=1 179w, https:\/\/i0.wp.com\/www.portalenoticias.com.br\/wp-content\/uploads\/2024\/04\/ec5e5743-2d24-441b-92a5-5534d9ba0976.jpg?fit=611%2C1024&amp;ssl=1 611w, https:\/\/i0.wp.com\/www.portalenoticias.com.br\/wp-content\/uploads\/2024\/04\/ec5e5743-2d24-441b-92a5-5534d9ba0976.jpg?fit=720%2C1207&amp;ssl=1 720w\" alt=\"\" width=\"708\" height=\"1187\" data-lazy-srcset=\"https:\/\/i0.wp.com\/www.portalenoticias.com.br\/wp-content\/uploads\/2024\/04\/ec5e5743-2d24-441b-92a5-5534d9ba0976.jpg?fit=179%2C300&amp;ssl=1 179w, https:\/\/i0.wp.com\/www.portalenoticias.com.br\/wp-content\/uploads\/2024\/04\/ec5e5743-2d24-441b-92a5-5534d9ba0976.jpg?fit=611%2C1024&amp;ssl=1 611w, https:\/\/i0.wp.com\/www.portalenoticias.com.br\/wp-content\/uploads\/2024\/04\/ec5e5743-2d24-441b-92a5-5534d9ba0976.jpg?fit=720%2C1207&amp;ssl=1 720w\" data-lazy-sizes=\"(max-width: 720px) 100vw, 720px\" data-lazy-src=\"https:\/\/i0.wp.com\/www.portalenoticias.com.br\/wp-content\/uploads\/2024\/04\/ec5e5743-2d24-441b-92a5-5534d9ba0976.jpg?fit=720%2C1207&amp;ssl=1\" data-ll-status=\"loaded\" \/><figcaption id=\"caption-attachment-160100\" class=\"wp-caption-text\">S\u00e3o Juli\u00e3o de luto: colaborador do trecho Josu\u00e9 Brito falece aos 36 anos e comove o munic\u00edpio<\/figcaption><\/figure>\n<p>&nbsp;<\/p>\n<div id=\"wpdevar_comment_1\"><em><strong>Fonte: Portal \u00e9 Not\u00edcias<\/strong><\/em><\/div>\n","protected":false},"excerpt":{"rendered":"<p>O munic\u00edpio de S\u00e3o Juli\u00e3o \u2013 PI encontra-se de luto. Faleceu na madrugada deste s\u00e1bado, 27 de abril, o colaborador do trecho\u00a0Josu\u00e9 Jos\u00e9 de Brito. O \u00f3bito foi confirmado pela fam\u00edlia e atribu\u00eddo a complica\u00e7\u00f5es de cirrose, decorrentes do consumo excessivo de bebidas alco\u00f3licas. Seu falecimento comoveu todo o munic\u00edpio de S\u00e3o Juli\u00e3o \u2013 PI. &hellip;<\/p>\n","protected":false},"author":2,"featured_media":72716,"comment_status":"open","ping_status":"open","sticky":false,"template":"","format":"standard","meta":{"content-type":"","rop_custom_images_group":[],"rop_custom_messages_group":[],"rop_publish_now":"yes","rop_publish_now_accounts":{"facebook_2648258775420054_1618374048415101":""},"rop_publish_now_history":[],"rop_publish_now_status":"pending","footnotes":"","_jetpack_memberships_contains_paid_content":false},"categories":[113,109,3998],"tags":[4641,221,953,5064,11459,2977,230,725,15706,1197,717,602,1196,149],"yoast_head":"<!-- This site is optimized with the Yoast SEO plugin v22.3 - https:\/\/yoast.com\/wordpress\/plugins\/seo\/ -->\n<title>S\u00e3o Juli\u00e3o de luto: colaborador do trecho Josu\u00e9 Brito falece aos 36 anos e comove o munic\u00edpio - Portal NPM<\/title>\n<meta name=\"robots\" content=\"index, follow, max-snippet:-1, max-image-preview:large, max-video-preview:-1\" \/>\n<link rel=\"canonical\" href=\"https:\/\/portalnpm.com\/index.php\/2024\/04\/27\/sao-juliao-de-luto-colaborador-do-trecho-josue-brito-falece-aos-36-anos-e-comove-o-municipio\/\" \/>\n<meta property=\"og:locale\" content=\"pt_BR\" \/>\n<meta property=\"og:type\" content=\"article\" \/>\n<meta property=\"og:title\" content=\"S\u00e3o Juli\u00e3o de luto: colaborador do trecho Josu\u00e9 Brito falece aos 36 anos e comove o munic\u00edpio - Portal NPM\" \/>\n<meta property=\"og:description\" content=\"O munic\u00edpio de S\u00e3o Juli\u00e3o \u2013 PI encontra-se de luto. Faleceu na madrugada deste s\u00e1bado, 27 de abril, o colaborador do trecho\u00a0Josu\u00e9 Jos\u00e9 de Brito. O \u00f3bito foi confirmado pela fam\u00edlia e atribu\u00eddo a complica\u00e7\u00f5es de cirrose, decorrentes do consumo excessivo de bebidas alco\u00f3licas. Seu falecimento comoveu todo o munic\u00edpio de S\u00e3o Juli\u00e3o \u2013 PI. &hellip;\" \/>\n<meta property=\"og:url\" content=\"https:\/\/portalnpm.com\/index.php\/2024\/04\/27\/sao-juliao-de-luto-colaborador-do-trecho-josue-brito-falece-aos-36-anos-e-comove-o-municipio\/\" \/>\n<meta property=\"og:site_name\" content=\"Portal NPM\" \/>\n<meta property=\"article:published_time\" content=\"2024-04-27T10:34:46+00:00\" \/>\n<meta property=\"og:image\" content=\"https:\/\/portalnpm.com\/wp-content\/uploads\/2024\/04\/b8d21c5d-68a3-4c16-9c29-9d89ac5e88b0.jpg\" \/>\n\t<meta property=\"og:image:width\" content=\"707\" \/>\n\t<meta property=\"og:image:height\" content=\"551\" \/>\n\t<meta property=\"og:image:type\" content=\"image\/jpeg\" \/>\n<meta name=\"author\" content=\"Genival Barbosa\" \/>\n<meta name=\"twitter:card\" content=\"summary_large_image\" \/>\n<meta name=\"twitter:label1\" content=\"Escrito por\" \/>\n\t<meta name=\"twitter:data1\" content=\"Genival Barbosa\" \/>\n\t<meta name=\"twitter:label2\" content=\"Est. tempo de leitura\" \/>\n\t<meta name=\"twitter:data2\" content=\"1 minuto\" \/>\n<script type=\"application\/ld+json\" class=\"yoast-schema-graph\">{\"@context\":\"https:\/\/schema.org\",\"@graph\":[{\"@type\":\"WebPage\",\"@id\":\"https:\/\/portalnpm.com\/index.php\/2024\/04\/27\/sao-juliao-de-luto-colaborador-do-trecho-josue-brito-falece-aos-36-anos-e-comove-o-municipio\/\",\"url\":\"https:\/\/portalnpm.com\/index.php\/2024\/04\/27\/sao-juliao-de-luto-colaborador-do-trecho-josue-brito-falece-aos-36-anos-e-comove-o-municipio\/\",\"name\":\"S\u00e3o Juli\u00e3o de luto: colaborador do trecho Josu\u00e9 Brito falece aos 36 anos e comove o munic\u00edpio - Portal NPM\",\"isPartOf\":{\"@id\":\"https:\/\/portalnpm.com\/#website\"},\"primaryImageOfPage\":{\"@id\":\"https:\/\/portalnpm.com\/index.php\/2024\/04\/27\/sao-juliao-de-luto-colaborador-do-trecho-josue-brito-falece-aos-36-anos-e-comove-o-municipio\/#primaryimage\"},\"image\":{\"@id\":\"https:\/\/portalnpm.com\/index.php\/2024\/04\/27\/sao-juliao-de-luto-colaborador-do-trecho-josue-brito-falece-aos-36-anos-e-comove-o-municipio\/#primaryimage\"},\"thumbnailUrl\":\"https:\/\/portalnpm.com\/wp-content\/uploads\/2024\/04\/b8d21c5d-68a3-4c16-9c29-9d89ac5e88b0.jpg\",\"datePublished\":\"2024-04-27T10:34:46+00:00\",\"dateModified\":\"2024-04-27T10:34:46+00:00\",\"author\":{\"@id\":\"https:\/\/portalnpm.com\/#\/schema\/person\/49313e563cfdefcc167f1ee4c017c294\"},\"breadcrumb\":{\"@id\":\"https:\/\/portalnpm.com\/index.php\/2024\/04\/27\/sao-juliao-de-luto-colaborador-do-trecho-josue-brito-falece-aos-36-anos-e-comove-o-municipio\/#breadcrumb\"},\"inLanguage\":\"pt-BR\",\"potentialAction\":[{\"@type\":\"ReadAction\",\"target\":[\"https:\/\/portalnpm.com\/index.php\/2024\/04\/27\/sao-juliao-de-luto-colaborador-do-trecho-josue-brito-falece-aos-36-anos-e-comove-o-municipio\/\"]}]},{\"@type\":\"ImageObject\",\"inLanguage\":\"pt-BR\",\"@id\":\"https:\/\/portalnpm.com\/index.php\/2024\/04\/27\/sao-juliao-de-luto-colaborador-do-trecho-josue-brito-falece-aos-36-anos-e-comove-o-municipio\/#primaryimage\",\"url\":\"https:\/\/portalnpm.com\/wp-content\/uploads\/2024\/04\/b8d21c5d-68a3-4c16-9c29-9d89ac5e88b0.jpg\",\"contentUrl\":\"https:\/\/portalnpm.com\/wp-content\/uploads\/2024\/04\/b8d21c5d-68a3-4c16-9c29-9d89ac5e88b0.jpg\",\"width\":707,\"height\":551},{\"@type\":\"BreadcrumbList\",\"@id\":\"https:\/\/portalnpm.com\/index.php\/2024\/04\/27\/sao-juliao-de-luto-colaborador-do-trecho-josue-brito-falece-aos-36-anos-e-comove-o-municipio\/#breadcrumb\",\"itemListElement\":[{\"@type\":\"ListItem\",\"position\":1,\"name\":\"In\u00edcio\",\"item\":\"https:\/\/portalnpm.com\/\"},{\"@type\":\"ListItem\",\"position\":2,\"name\":\"S\u00e3o Juli\u00e3o de luto: colaborador do trecho Josu\u00e9 Brito falece aos 36 anos e comove o munic\u00edpio\"}]},{\"@type\":\"WebSite\",\"@id\":\"https:\/\/portalnpm.com\/#website\",\"url\":\"https:\/\/portalnpm.com\/\",\"name\":\"Portal NPM\",\"description\":\"Not\u00edcias em Primeira M\u00e3o\",\"potentialAction\":[{\"@type\":\"SearchAction\",\"target\":{\"@type\":\"EntryPoint\",\"urlTemplate\":\"https:\/\/portalnpm.com\/?s={search_term_string}\"},\"query-input\":\"required name=search_term_string\"}],\"inLanguage\":\"pt-BR\"},{\"@type\":\"Person\",\"@id\":\"https:\/\/portalnpm.com\/#\/schema\/person\/49313e563cfdefcc167f1ee4c017c294\",\"name\":\"Genival Barbosa\",\"image\":{\"@type\":\"ImageObject\",\"inLanguage\":\"pt-BR\",\"@id\":\"https:\/\/portalnpm.com\/#\/schema\/person\/image\/\",\"url\":\"https:\/\/portalnpm.com\/wp-content\/uploads\/2024\/02\/avatar_user_2_1707743258-96x96.jpeg\",\"contentUrl\":\"https:\/\/portalnpm.com\/wp-content\/uploads\/2024\/02\/avatar_user_2_1707743258-96x96.jpeg\",\"caption\":\"Genival Barbosa\"},\"url\":\"https:\/\/portalnpm.com\/index.php\/author\/genival\/\"}]}<\/script>\n<!-- \/ Yoast SEO plugin. -->","yoast_head_json":{"title":"S\u00e3o Juli\u00e3o de luto: colaborador do trecho Josu\u00e9 Brito falece aos 36 anos e comove o munic\u00edpio - Portal NPM","robots":{"index":"index","follow":"follow","max-snippet":"max-snippet:-1","max-image-preview":"max-image-preview:large","max-video-preview":"max-video-preview:-1"},"canonical":"https:\/\/portalnpm.com\/index.php\/2024\/04\/27\/sao-juliao-de-luto-colaborador-do-trecho-josue-brito-falece-aos-36-anos-e-comove-o-municipio\/","og_locale":"pt_BR","og_type":"article","og_title":"S\u00e3o Juli\u00e3o de luto: colaborador do trecho Josu\u00e9 Brito falece aos 36 anos e comove o munic\u00edpio - Portal NPM","og_description":"O munic\u00edpio de S\u00e3o Juli\u00e3o \u2013 PI encontra-se de luto. Faleceu na madrugada deste s\u00e1bado, 27 de abril, o colaborador do trecho\u00a0Josu\u00e9 Jos\u00e9 de Brito. O \u00f3bito foi confirmado pela fam\u00edlia e atribu\u00eddo a complica\u00e7\u00f5es de cirrose, decorrentes do consumo excessivo de bebidas alco\u00f3licas. Seu falecimento comoveu todo o munic\u00edpio de S\u00e3o Juli\u00e3o \u2013 PI. &hellip;","og_url":"https:\/\/portalnpm.com\/index.php\/2024\/04\/27\/sao-juliao-de-luto-colaborador-do-trecho-josue-brito-falece-aos-36-anos-e-comove-o-municipio\/","og_site_name":"Portal NPM","article_published_time":"2024-04-27T10:34:46+00:00","og_image":[{"width":707,"height":551,"url":"https:\/\/portalnpm.com\/wp-content\/uploads\/2024\/04\/b8d21c5d-68a3-4c16-9c29-9d89ac5e88b0.jpg","type":"image\/jpeg"}],"author":"Genival Barbosa","twitter_card":"summary_large_image","twitter_misc":{"Escrito por":"Genival Barbosa","Est. tempo de leitura":"1 minuto"},"schema":{"@context":"https:\/\/schema.org","@graph":[{"@type":"WebPage","@id":"https:\/\/portalnpm.com\/index.php\/2024\/04\/27\/sao-juliao-de-luto-colaborador-do-trecho-josue-brito-falece-aos-36-anos-e-comove-o-municipio\/","url":"https:\/\/portalnpm.com\/index.php\/2024\/04\/27\/sao-juliao-de-luto-colaborador-do-trecho-josue-brito-falece-aos-36-anos-e-comove-o-municipio\/","name":"S\u00e3o Juli\u00e3o de luto: colaborador do trecho Josu\u00e9 Brito falece aos 36 anos e comove o munic\u00edpio - Portal NPM","isPartOf":{"@id":"https:\/\/portalnpm.com\/#website"},"primaryImageOfPage":{"@id":"https:\/\/portalnpm.com\/index.php\/2024\/04\/27\/sao-juliao-de-luto-colaborador-do-trecho-josue-brito-falece-aos-36-anos-e-comove-o-municipio\/#primaryimage"},"image":{"@id":"https:\/\/portalnpm.com\/index.php\/2024\/04\/27\/sao-juliao-de-luto-colaborador-do-trecho-josue-brito-falece-aos-36-anos-e-comove-o-municipio\/#primaryimage"},"thumbnailUrl":"https:\/\/portalnpm.com\/wp-content\/uploads\/2024\/04\/b8d21c5d-68a3-4c16-9c29-9d89ac5e88b0.jpg","datePublished":"2024-04-27T10:34:46+00:00","dateModified":"2024-04-27T10:34:46+00:00","author":{"@id":"https:\/\/portalnpm.com\/#\/schema\/person\/49313e563cfdefcc167f1ee4c017c294"},"breadcrumb":{"@id":"https:\/\/portalnpm.com\/index.php\/2024\/04\/27\/sao-juliao-de-luto-colaborador-do-trecho-josue-brito-falece-aos-36-anos-e-comove-o-municipio\/#breadcrumb"},"inLanguage":"pt-BR","potentialAction":[{"@type":"ReadAction","target":["https:\/\/portalnpm.com\/index.php\/2024\/04\/27\/sao-juliao-de-luto-colaborador-do-trecho-josue-brito-falece-aos-36-anos-e-comove-o-municipio\/"]}]},{"@type":"ImageObject","inLanguage":"pt-BR","@id":"https:\/\/portalnpm.com\/index.php\/2024\/04\/27\/sao-juliao-de-luto-colaborador-do-trecho-josue-brito-falece-aos-36-anos-e-comove-o-municipio\/#primaryimage","url":"https:\/\/portalnpm.com\/wp-content\/uploads\/2024\/04\/b8d21c5d-68a3-4c16-9c29-9d89ac5e88b0.jpg","contentUrl":"https:\/\/portalnpm.com\/wp-content\/uploads\/2024\/04\/b8d21c5d-68a3-4c16-9c29-9d89ac5e88b0.jpg","width":707,"height":551},{"@type":"BreadcrumbList","@id":"https:\/\/portalnpm.com\/index.php\/2024\/04\/27\/sao-juliao-de-luto-colaborador-do-trecho-josue-brito-falece-aos-36-anos-e-comove-o-municipio\/#breadcrumb","itemListElement":[{"@type":"ListItem","position":1,"name":"In\u00edcio","item":"https:\/\/portalnpm.com\/"},{"@type":"ListItem","position":2,"name":"S\u00e3o Juli\u00e3o de luto: colaborador do trecho Josu\u00e9 Brito falece aos 36 anos e comove o munic\u00edpio"}]},{"@type":"WebSite","@id":"https:\/\/portalnpm.com\/#website","url":"https:\/\/portalnpm.com\/","name":"Portal NPM","description":"Not\u00edcias em Primeira M\u00e3o","potentialAction":[{"@type":"SearchAction","target":{"@type":"EntryPoint","urlTemplate":"https:\/\/portalnpm.com\/?s={search_term_string}"},"query-input":"required name=search_term_string"}],"inLanguage":"pt-BR"},{"@type":"Person","@id":"https:\/\/portalnpm.com\/#\/schema\/person\/49313e563cfdefcc167f1ee4c017c294","name":"Genival Barbosa","image":{"@type":"ImageObject","inLanguage":"pt-BR","@id":"https:\/\/portalnpm.com\/#\/schema\/person\/image\/","url":"https:\/\/portalnpm.com\/wp-content\/uploads\/2024\/02\/avatar_user_2_1707743258-96x96.jpeg","contentUrl":"https:\/\/portalnpm.com\/wp-content\/uploads\/2024\/02\/avatar_user_2_1707743258-96x96.jpeg","caption":"Genival Barbosa"},"url":"https:\/\/portalnpm.com\/index.php\/author\/genival\/"}]}},"jetpack_sharing_enabled":true,"jetpack_featured_media_url":"https:\/\/portalnpm.com\/wp-content\/uploads\/2024\/04\/b8d21c5d-68a3-4c16-9c29-9d89ac5e88b0.jpg","_links":{"self":[{"href":"https:\/\/portalnpm.com\/index.php\/wp-json\/wp\/v2\/posts\/72715"}],"collection":[{"href":"https:\/\/portalnpm.com\/index.php\/wp-json\/wp\/v2\/posts"}],"about":[{"href":"https:\/\/portalnpm.com\/index.php\/wp-json\/wp\/v2\/types\/post"}],"author":[{"embeddable":true,"href":"https:\/\/portalnpm.com\/index.php\/wp-json\/wp\/v2\/users\/2"}],"replies":[{"embeddable":true,"href":"https:\/\/portalnpm.com\/index.php\/wp-json\/wp\/v2\/comments?post=72715"}],"version-history":[{"count":1,"href":"https:\/\/portalnpm.com\/index.php\/wp-json\/wp\/v2\/posts\/72715\/revisions"}],"predecessor-version":[{"id":72717,"href":"https:\/\/portalnpm.com\/index.php\/wp-json\/wp\/v2\/posts\/72715\/revisions\/72717"}],"wp:featuredmedia":[{"embeddable":true,"href":"https:\/\/portalnpm.com\/index.php\/wp-json\/wp\/v2\/media\/72716"}],"wp:attachment":[{"href":"https:\/\/portalnpm.com\/index.php\/wp-json\/wp\/v2\/media?parent=72715"}],"wp:term":[{"taxonomy":"category","embeddable":true,"href":"https:\/\/portalnpm.com\/index.php\/wp-json\/wp\/v2\/categories?post=72715"},{"taxonomy":"post_tag","embeddable":true,"href":"https:\/\/portalnpm.com\/index.php\/wp-json\/wp\/v2\/tags?post=72715"}],"curies":[{"name":"wp","href":"https:\/\/api.w.org\/{rel}","templated":true}]}}