{"id":72808,"date":"2024-05-09T19:52:22","date_gmt":"2024-05-09T22:52:22","guid":{"rendered":"https:\/\/portalnpm.com\/?p=72808"},"modified":"2024-05-09T19:55:19","modified_gmt":"2024-05-09T22:55:19","slug":"saiba-o-que-fazer-se-perdeu-prazo-para-tirar-ou-regularizar-o-titulo","status":"publish","type":"post","link":"https:\/\/portalnpm.com\/index.php\/2024\/05\/09\/saiba-o-que-fazer-se-perdeu-prazo-para-tirar-ou-regularizar-o-titulo\/","title":{"rendered":"Saiba o que fazer se perdeu prazo para tirar ou regularizar o t\u00edtulo"},"content":{"rendered":"<p>Encerrado o prazo para tirar ou regularizar o t\u00edtulo de eleitor na quarta-feira (8), quem n\u00e3o realizou os procedimentos para votar nas elei\u00e7\u00f5es 2024 n\u00e3o poder\u00e1 ir \u00e0s urnas e s\u00f3 poder\u00e1 normalizar sua situa\u00e7\u00e3o ap\u00f3s o pleito, ou seja, a partir de novembro.<\/p>\n<p>Para evitar a perda de direitos como a emiss\u00e3o de passaporte, o ingresso em vagas de universidades ou em cargos p\u00fablicos, ou at\u00e9 mesmo pedir empr\u00e9stimo em bancos p\u00fablicos, o eleitor deve pedir \u00e0 Justi\u00e7a Eleitoral uma certid\u00e3o circunstanciada.<\/p>\n<p>O documento atesta a impossibilidade do interessado regularizar sua situa\u00e7\u00e3o devido ao fechamento obrigat\u00f3rio do cadastro a 150 dias da elei\u00e7\u00e3o.<\/p>\n<p>Quem n\u00e3o votou e n\u00e3o justificou apenas em 2022 pode votar em 2024 mesmo sem ter regularizado sua situa\u00e7\u00e3o.<\/p>\n<p><strong>SAIBA MAIS SOBRE A CERTID\u00c3O E COMO REGULARIZAR SUA SITUA\u00c7\u00c3O ELEITORAL<\/strong><\/p>\n<p>O eleitor que tem 18 anos ou mais e precisava obrigatoriamente emitir seu t\u00edtulo de eleitor tamb\u00e9m pode ter dificuldades para exercer direitos como o ingresso em vagas de emprego ou de universidades, por exemplo.<\/p>\n<p>A certid\u00e3o circunstanciada pode ser solicitada presencialmente, em um cart\u00f3rio eleitoral de sua regi\u00e3o, ou pela internet, via email ou WhatsApp do cart\u00f3rio eleitoral. A solicita\u00e7\u00e3o \u00e9 gratuita.<\/p>\n<p>Essa certid\u00e3o, no entanto, n\u00e3o significa a regulariza\u00e7\u00e3o da situa\u00e7\u00e3o eleitoral nem permite o voto, ou seja, as pend\u00eancias ainda precisam ser resolvidas ap\u00f3s o pleito.<\/p>\n<p>Eleitor que n\u00e3o votou e nem justificou apenas em 2022<br \/>\nO eleitor que n\u00e3o votou nem justificou apenas em 2022, ou seja, estava regular at\u00e9 o pleito passado, n\u00e3o est\u00e1 com o t\u00edtulo cancelado e pode votar nas elei\u00e7\u00f5es deste ano.<\/p>\n<p>Segundo a Justi\u00e7a Eleitoral, s\u00f3 tem o t\u00edtulo cancelado quem deixou de votar, justificar e pagar multa por tr\u00eas turnos consecutivos de elei\u00e7\u00e3o. Isso significa que um documento s\u00f3 seria cancelado se uma determinada pessoa deixasse de votar, por exemplo, no segundo turno de 2020, e nos dois turnos de 2022.<\/p>\n<p>Quem n\u00e3o votou apenas em 2022 pode, inclusive, pagar a multa mesmo com o cadastro eleitoral fechado e quitar as pend\u00eancias.<br \/>\nEleitor irregular<\/p>\n<p>Para o eleitor irregular, ou seja, que est\u00e1 com o t\u00edtulo cancelado por n\u00e3o votar em tr\u00eas turnos seguidos, ser\u00e1 necess\u00e1rio requerer a certid\u00e3o circunstanciada, presencialmente ou pela internet.<\/p>\n<p>O que fazer ap\u00f3s as elei\u00e7\u00f5es<\/p>\n<p>Ap\u00f3s as elei\u00e7\u00f5es deste ano, quando o sistema de cadastro eleitoral for reaberto, quem n\u00e3o tirou o t\u00edtulo poder\u00e1 fazer seu alistamento no cart\u00f3rio eleitoral ou em postos autorizados pela Justi\u00e7a Eleitoral.<\/p>\n<p>J\u00e1 os irregulares poder\u00e3o iniciar seu processo pela internet, no autoatendimento dispon\u00edvel nas p\u00e1ginas do TSE (Tribunal Superior Eleitoral) ou do TRE (Tribunal Regional Eleitoral) do estado de resid\u00eancia.<\/p>\n<p>Fonte: Cidade Verde<\/p>\n","protected":false},"excerpt":{"rendered":"<p>Encerrado o prazo para tirar ou regularizar o t\u00edtulo de eleitor na quarta-feira (8), quem n\u00e3o realizou os procedimentos para votar nas elei\u00e7\u00f5es 2024 n\u00e3o poder\u00e1 ir \u00e0s urnas e s\u00f3 poder\u00e1 normalizar sua situa\u00e7\u00e3o ap\u00f3s o pleito, ou seja, a partir de novembro. Para evitar a perda de direitos como a emiss\u00e3o de passaporte, &hellip;<\/p>\n","protected":false},"author":2,"featured_media":72811,"comment_status":"open","ping_status":"open","sticky":false,"template":"","format":"standard","meta":{"content-type":"","rop_custom_images_group":[],"rop_custom_messages_group":[],"rop_publish_now":"yes","rop_publish_now_accounts":{"facebook_2648258775420054_1618374048415101":""},"rop_publish_now_history":[],"rop_publish_now_status":"pending","footnotes":"","_jetpack_memberships_contains_paid_content":false},"categories":[118],"tags":[1140,4446,852,1135,1136,1141,1139,3994,12369,1159],"yoast_head":"<!-- This site is optimized with the Yoast SEO plugin v22.3 - https:\/\/yoast.com\/wordpress\/plugins\/seo\/ -->\n<title>Saiba o que fazer se perdeu prazo para tirar ou regularizar o t\u00edtulo - Portal NPM<\/title>\n<meta name=\"robots\" content=\"index, follow, max-snippet:-1, max-image-preview:large, max-video-preview:-1\" \/>\n<link rel=\"canonical\" href=\"https:\/\/portalnpm.com\/index.php\/2024\/05\/09\/saiba-o-que-fazer-se-perdeu-prazo-para-tirar-ou-regularizar-o-titulo\/\" \/>\n<meta property=\"og:locale\" content=\"pt_BR\" \/>\n<meta property=\"og:type\" content=\"article\" \/>\n<meta property=\"og:title\" content=\"Saiba o que fazer se perdeu prazo para tirar ou regularizar o t\u00edtulo - Portal NPM\" \/>\n<meta property=\"og:description\" content=\"Encerrado o prazo para tirar ou regularizar o t\u00edtulo de eleitor na quarta-feira (8), quem n\u00e3o realizou os procedimentos para votar nas elei\u00e7\u00f5es 2024 n\u00e3o poder\u00e1 ir \u00e0s urnas e s\u00f3 poder\u00e1 normalizar sua situa\u00e7\u00e3o ap\u00f3s o pleito, ou seja, a partir de novembro. Para evitar a perda de direitos como a emiss\u00e3o de passaporte, &hellip;\" \/>\n<meta property=\"og:url\" content=\"https:\/\/portalnpm.com\/index.php\/2024\/05\/09\/saiba-o-que-fazer-se-perdeu-prazo-para-tirar-ou-regularizar-o-titulo\/\" \/>\n<meta property=\"og:site_name\" content=\"Portal NPM\" \/>\n<meta property=\"article:published_time\" content=\"2024-05-09T22:52:22+00:00\" \/>\n<meta property=\"article:modified_time\" content=\"2024-05-09T22:55:19+00:00\" \/>\n<meta property=\"og:image\" content=\"https:\/\/portalnpm.com\/wp-content\/uploads\/2024\/05\/mega1-60-1.jpg\" \/>\n\t<meta property=\"og:image:width\" content=\"797\" \/>\n\t<meta property=\"og:image:height\" content=\"441\" \/>\n\t<meta property=\"og:image:type\" content=\"image\/jpeg\" \/>\n<meta name=\"author\" content=\"Genival Barbosa\" \/>\n<meta name=\"twitter:card\" content=\"summary_large_image\" \/>\n<meta name=\"twitter:label1\" content=\"Escrito por\" \/>\n\t<meta name=\"twitter:data1\" content=\"Genival Barbosa\" \/>\n\t<meta name=\"twitter:label2\" content=\"Est. tempo de leitura\" \/>\n\t<meta name=\"twitter:data2\" content=\"3 minutos\" \/>\n<script type=\"application\/ld+json\" class=\"yoast-schema-graph\">{\"@context\":\"https:\/\/schema.org\",\"@graph\":[{\"@type\":\"WebPage\",\"@id\":\"https:\/\/portalnpm.com\/index.php\/2024\/05\/09\/saiba-o-que-fazer-se-perdeu-prazo-para-tirar-ou-regularizar-o-titulo\/\",\"url\":\"https:\/\/portalnpm.com\/index.php\/2024\/05\/09\/saiba-o-que-fazer-se-perdeu-prazo-para-tirar-ou-regularizar-o-titulo\/\",\"name\":\"Saiba o que fazer se perdeu prazo para tirar ou regularizar o t\u00edtulo - Portal NPM\",\"isPartOf\":{\"@id\":\"https:\/\/portalnpm.com\/#website\"},\"primaryImageOfPage\":{\"@id\":\"https:\/\/portalnpm.com\/index.php\/2024\/05\/09\/saiba-o-que-fazer-se-perdeu-prazo-para-tirar-ou-regularizar-o-titulo\/#primaryimage\"},\"image\":{\"@id\":\"https:\/\/portalnpm.com\/index.php\/2024\/05\/09\/saiba-o-que-fazer-se-perdeu-prazo-para-tirar-ou-regularizar-o-titulo\/#primaryimage\"},\"thumbnailUrl\":\"https:\/\/portalnpm.com\/wp-content\/uploads\/2024\/05\/mega1-60-1.jpg\",\"datePublished\":\"2024-05-09T22:52:22+00:00\",\"dateModified\":\"2024-05-09T22:55:19+00:00\",\"author\":{\"@id\":\"https:\/\/portalnpm.com\/#\/schema\/person\/49313e563cfdefcc167f1ee4c017c294\"},\"breadcrumb\":{\"@id\":\"https:\/\/portalnpm.com\/index.php\/2024\/05\/09\/saiba-o-que-fazer-se-perdeu-prazo-para-tirar-ou-regularizar-o-titulo\/#breadcrumb\"},\"inLanguage\":\"pt-BR\",\"potentialAction\":[{\"@type\":\"ReadAction\",\"target\":[\"https:\/\/portalnpm.com\/index.php\/2024\/05\/09\/saiba-o-que-fazer-se-perdeu-prazo-para-tirar-ou-regularizar-o-titulo\/\"]}]},{\"@type\":\"ImageObject\",\"inLanguage\":\"pt-BR\",\"@id\":\"https:\/\/portalnpm.com\/index.php\/2024\/05\/09\/saiba-o-que-fazer-se-perdeu-prazo-para-tirar-ou-regularizar-o-titulo\/#primaryimage\",\"url\":\"https:\/\/portalnpm.com\/wp-content\/uploads\/2024\/05\/mega1-60-1.jpg\",\"contentUrl\":\"https:\/\/portalnpm.com\/wp-content\/uploads\/2024\/05\/mega1-60-1.jpg\",\"width\":797,\"height\":441},{\"@type\":\"BreadcrumbList\",\"@id\":\"https:\/\/portalnpm.com\/index.php\/2024\/05\/09\/saiba-o-que-fazer-se-perdeu-prazo-para-tirar-ou-regularizar-o-titulo\/#breadcrumb\",\"itemListElement\":[{\"@type\":\"ListItem\",\"position\":1,\"name\":\"In\u00edcio\",\"item\":\"https:\/\/portalnpm.com\/\"},{\"@type\":\"ListItem\",\"position\":2,\"name\":\"Saiba o que fazer se perdeu prazo para tirar ou regularizar o t\u00edtulo\"}]},{\"@type\":\"WebSite\",\"@id\":\"https:\/\/portalnpm.com\/#website\",\"url\":\"https:\/\/portalnpm.com\/\",\"name\":\"Portal NPM\",\"description\":\"Not\u00edcias em Primeira M\u00e3o\",\"potentialAction\":[{\"@type\":\"SearchAction\",\"target\":{\"@type\":\"EntryPoint\",\"urlTemplate\":\"https:\/\/portalnpm.com\/?s={search_term_string}\"},\"query-input\":\"required name=search_term_string\"}],\"inLanguage\":\"pt-BR\"},{\"@type\":\"Person\",\"@id\":\"https:\/\/portalnpm.com\/#\/schema\/person\/49313e563cfdefcc167f1ee4c017c294\",\"name\":\"Genival Barbosa\",\"image\":{\"@type\":\"ImageObject\",\"inLanguage\":\"pt-BR\",\"@id\":\"https:\/\/portalnpm.com\/#\/schema\/person\/image\/\",\"url\":\"https:\/\/portalnpm.com\/wp-content\/uploads\/2024\/02\/avatar_user_2_1707743258-96x96.jpeg\",\"contentUrl\":\"https:\/\/portalnpm.com\/wp-content\/uploads\/2024\/02\/avatar_user_2_1707743258-96x96.jpeg\",\"caption\":\"Genival Barbosa\"},\"url\":\"https:\/\/portalnpm.com\/index.php\/author\/genival\/\"}]}<\/script>\n<!-- \/ Yoast SEO plugin. -->","yoast_head_json":{"title":"Saiba o que fazer se perdeu prazo para tirar ou regularizar o t\u00edtulo - Portal NPM","robots":{"index":"index","follow":"follow","max-snippet":"max-snippet:-1","max-image-preview":"max-image-preview:large","max-video-preview":"max-video-preview:-1"},"canonical":"https:\/\/portalnpm.com\/index.php\/2024\/05\/09\/saiba-o-que-fazer-se-perdeu-prazo-para-tirar-ou-regularizar-o-titulo\/","og_locale":"pt_BR","og_type":"article","og_title":"Saiba o que fazer se perdeu prazo para tirar ou regularizar o t\u00edtulo - Portal NPM","og_description":"Encerrado o prazo para tirar ou regularizar o t\u00edtulo de eleitor na quarta-feira (8), quem n\u00e3o realizou os procedimentos para votar nas elei\u00e7\u00f5es 2024 n\u00e3o poder\u00e1 ir \u00e0s urnas e s\u00f3 poder\u00e1 normalizar sua situa\u00e7\u00e3o ap\u00f3s o pleito, ou seja, a partir de novembro. Para evitar a perda de direitos como a emiss\u00e3o de passaporte, &hellip;","og_url":"https:\/\/portalnpm.com\/index.php\/2024\/05\/09\/saiba-o-que-fazer-se-perdeu-prazo-para-tirar-ou-regularizar-o-titulo\/","og_site_name":"Portal NPM","article_published_time":"2024-05-09T22:52:22+00:00","article_modified_time":"2024-05-09T22:55:19+00:00","og_image":[{"width":797,"height":441,"url":"https:\/\/portalnpm.com\/wp-content\/uploads\/2024\/05\/mega1-60-1.jpg","type":"image\/jpeg"}],"author":"Genival Barbosa","twitter_card":"summary_large_image","twitter_misc":{"Escrito por":"Genival Barbosa","Est. tempo de leitura":"3 minutos"},"schema":{"@context":"https:\/\/schema.org","@graph":[{"@type":"WebPage","@id":"https:\/\/portalnpm.com\/index.php\/2024\/05\/09\/saiba-o-que-fazer-se-perdeu-prazo-para-tirar-ou-regularizar-o-titulo\/","url":"https:\/\/portalnpm.com\/index.php\/2024\/05\/09\/saiba-o-que-fazer-se-perdeu-prazo-para-tirar-ou-regularizar-o-titulo\/","name":"Saiba o que fazer se perdeu prazo para tirar ou regularizar o t\u00edtulo - Portal NPM","isPartOf":{"@id":"https:\/\/portalnpm.com\/#website"},"primaryImageOfPage":{"@id":"https:\/\/portalnpm.com\/index.php\/2024\/05\/09\/saiba-o-que-fazer-se-perdeu-prazo-para-tirar-ou-regularizar-o-titulo\/#primaryimage"},"image":{"@id":"https:\/\/portalnpm.com\/index.php\/2024\/05\/09\/saiba-o-que-fazer-se-perdeu-prazo-para-tirar-ou-regularizar-o-titulo\/#primaryimage"},"thumbnailUrl":"https:\/\/portalnpm.com\/wp-content\/uploads\/2024\/05\/mega1-60-1.jpg","datePublished":"2024-05-09T22:52:22+00:00","dateModified":"2024-05-09T22:55:19+00:00","author":{"@id":"https:\/\/portalnpm.com\/#\/schema\/person\/49313e563cfdefcc167f1ee4c017c294"},"breadcrumb":{"@id":"https:\/\/portalnpm.com\/index.php\/2024\/05\/09\/saiba-o-que-fazer-se-perdeu-prazo-para-tirar-ou-regularizar-o-titulo\/#breadcrumb"},"inLanguage":"pt-BR","potentialAction":[{"@type":"ReadAction","target":["https:\/\/portalnpm.com\/index.php\/2024\/05\/09\/saiba-o-que-fazer-se-perdeu-prazo-para-tirar-ou-regularizar-o-titulo\/"]}]},{"@type":"ImageObject","inLanguage":"pt-BR","@id":"https:\/\/portalnpm.com\/index.php\/2024\/05\/09\/saiba-o-que-fazer-se-perdeu-prazo-para-tirar-ou-regularizar-o-titulo\/#primaryimage","url":"https:\/\/portalnpm.com\/wp-content\/uploads\/2024\/05\/mega1-60-1.jpg","contentUrl":"https:\/\/portalnpm.com\/wp-content\/uploads\/2024\/05\/mega1-60-1.jpg","width":797,"height":441},{"@type":"BreadcrumbList","@id":"https:\/\/portalnpm.com\/index.php\/2024\/05\/09\/saiba-o-que-fazer-se-perdeu-prazo-para-tirar-ou-regularizar-o-titulo\/#breadcrumb","itemListElement":[{"@type":"ListItem","position":1,"name":"In\u00edcio","item":"https:\/\/portalnpm.com\/"},{"@type":"ListItem","position":2,"name":"Saiba o que fazer se perdeu prazo para tirar ou regularizar o t\u00edtulo"}]},{"@type":"WebSite","@id":"https:\/\/portalnpm.com\/#website","url":"https:\/\/portalnpm.com\/","name":"Portal NPM","description":"Not\u00edcias em Primeira M\u00e3o","potentialAction":[{"@type":"SearchAction","target":{"@type":"EntryPoint","urlTemplate":"https:\/\/portalnpm.com\/?s={search_term_string}"},"query-input":"required name=search_term_string"}],"inLanguage":"pt-BR"},{"@type":"Person","@id":"https:\/\/portalnpm.com\/#\/schema\/person\/49313e563cfdefcc167f1ee4c017c294","name":"Genival Barbosa","image":{"@type":"ImageObject","inLanguage":"pt-BR","@id":"https:\/\/portalnpm.com\/#\/schema\/person\/image\/","url":"https:\/\/portalnpm.com\/wp-content\/uploads\/2024\/02\/avatar_user_2_1707743258-96x96.jpeg","contentUrl":"https:\/\/portalnpm.com\/wp-content\/uploads\/2024\/02\/avatar_user_2_1707743258-96x96.jpeg","caption":"Genival Barbosa"},"url":"https:\/\/portalnpm.com\/index.php\/author\/genival\/"}]}},"jetpack_sharing_enabled":true,"jetpack_featured_media_url":"https:\/\/portalnpm.com\/wp-content\/uploads\/2024\/05\/mega1-60-1.jpg","_links":{"self":[{"href":"https:\/\/portalnpm.com\/index.php\/wp-json\/wp\/v2\/posts\/72808"}],"collection":[{"href":"https:\/\/portalnpm.com\/index.php\/wp-json\/wp\/v2\/posts"}],"about":[{"href":"https:\/\/portalnpm.com\/index.php\/wp-json\/wp\/v2\/types\/post"}],"author":[{"embeddable":true,"href":"https:\/\/portalnpm.com\/index.php\/wp-json\/wp\/v2\/users\/2"}],"replies":[{"embeddable":true,"href":"https:\/\/portalnpm.com\/index.php\/wp-json\/wp\/v2\/comments?post=72808"}],"version-history":[{"count":1,"href":"https:\/\/portalnpm.com\/index.php\/wp-json\/wp\/v2\/posts\/72808\/revisions"}],"predecessor-version":[{"id":72810,"href":"https:\/\/portalnpm.com\/index.php\/wp-json\/wp\/v2\/posts\/72808\/revisions\/72810"}],"wp:featuredmedia":[{"embeddable":true,"href":"https:\/\/portalnpm.com\/index.php\/wp-json\/wp\/v2\/media\/72811"}],"wp:attachment":[{"href":"https:\/\/portalnpm.com\/index.php\/wp-json\/wp\/v2\/media?parent=72808"}],"wp:term":[{"taxonomy":"category","embeddable":true,"href":"https:\/\/portalnpm.com\/index.php\/wp-json\/wp\/v2\/categories?post=72808"},{"taxonomy":"post_tag","embeddable":true,"href":"https:\/\/portalnpm.com\/index.php\/wp-json\/wp\/v2\/tags?post=72808"}],"curies":[{"name":"wp","href":"https:\/\/api.w.org\/{rel}","templated":true}]}}