{"id":72850,"date":"2024-05-17T18:41:52","date_gmt":"2024-05-17T21:41:52","guid":{"rendered":"https:\/\/portalnpm.com\/?p=72850"},"modified":"2024-05-17T18:41:52","modified_gmt":"2024-05-17T21:41:52","slug":"brasil-sera-a-sede-da-copa-do-mundo-feminina-de-2027","status":"publish","type":"post","link":"https:\/\/portalnpm.com\/index.php\/2024\/05\/17\/brasil-sera-a-sede-da-copa-do-mundo-feminina-de-2027\/","title":{"rendered":"Brasil ser\u00e1 a sede da Copa do Mundo Feminina de 2027"},"content":{"rendered":"<p>O Brasil foi escolhido na madrugada desta sexta-feira (17) para receber a Copa do Mundo Feminina de 2027. No Queen Sirikit National Convention Center lotado, o presidente da Fifa, Gianni Infantino, anunciou que o pa\u00eds vai sediar, pela primeira vez na hist\u00f3ria, o Mundial Feminino.<\/p>\n<p>O Brasil obteve 119 votos na elei\u00e7\u00e3o promovida no 74\u00aa Congresso da Fifa. A candidatura tripla formada por Alemanha, Holanda e B\u00e9lgica conseguiu 78 votos.<\/p>\n<p><em>\u201cAgrade\u00e7o a confian\u00e7a de todos que participaram do Congresso da Fifa pela escolha do Brasil para sediar a Copa do Mundo Feminina de 2027. Vivemos hoje um dia hist\u00f3rico em Bangkok.<\/em><\/p>\n<p><em>Essa \u00e9 uma vit\u00f3ria do futebol feminino mundial. Garanto a todos voc\u00eas que o Brasil far\u00e1 a melhor Copa do Mundo Feminina da hist\u00f3ria\u201d<\/em>, comemorou o presidente da CBF, Ednaldo Rodrigues, principal respons\u00e1vel pelo sucesso da candidatura brasileira.<\/p>\n<p>A Copa do Mundo Feminina ser\u00e1 realizada pela primeira vez que a Am\u00e9rica do Sul. Antes, o Brasil organizou o Mundial masculino de 1950 e o de 2014. Por ser a anfitri\u00e3, a Sele\u00e7\u00e3o Brasileira j\u00e1 est\u00e1 classificada. A 10 \u00aa edi\u00e7\u00e3o da Copa do Mundo Feminina ter\u00e1 32 pa\u00edses e ser\u00e1 disputada em dez cidades.<\/p>\n<p><img decoding=\"async\" class=\" lazyloaded\" src=\"https:\/\/cidadeverde.com\/assets\/uploads\/noticias\/442afca69ff4051e8d2b851a23f2e5bb.jpg\" data-src=\"https:\/\/cidadeverde.com\/assets\/uploads\/noticias\/442afca69ff4051e8d2b851a23f2e5bb.jpg\" \/><\/p>\n<p>Em Bangkok, a comitiva brasileira contou com o presidente da CBF, Ednaldo Rodrigues, o ministro do Esporte, Andr\u00e9 Fufuca, Aline Pellegrino (vice-campe\u00e3 mundial em 20027 e gerente de Competi\u00e7\u00f5es Femininas da CBF), Kerolin (atacante da Sele\u00e7\u00e3o Brasileira), Formiga (\u00fanica atleta a disputar sete Copas do Mundo da FIFA), as consultoras Valesca Ara\u00fajo, Jacqueline Barros, Manuela Biz e o consultor Ricardo Trade.<\/p>\n<p><em>\u201cEssa decis\u00e3o da Fifa anunciada nesta noite ter\u00e1 um grande impacto positivo no futebol feminino brasileiro e na vida de milh\u00f5es de mulheres do Brasil.<\/em><\/p>\n<p><em>Al\u00e9m de investir na realiza\u00e7\u00e3o da Copa do Mundo, toda a cadeia produtiva do futebol feminino no Brasil e na Am\u00e9rica do Sul dar\u00e1 um imenso salto de desenvolvimento\u201d<\/em>, acrescentou Rodrigues, que, ao ser eleito em 2022, decidiu que o desenvolvimento do futebol feminino no pa\u00eds seria uma das prioridades da sua gest\u00e3o.<\/p>\n<p>Logo no in\u00edcio do discurso da vit\u00f3ria, Ednaldo Rodrigues fez quest\u00e3o de prestar solidariedade aos ga\u00fachos.<\/p>\n<p><em>\u201cApesar da euforia neste momento hist\u00f3rico, antes de tudo, gostaria de prestar minha solidariedade a milh\u00f5es de brasileiros que vivem no Rio Grande do Sul e passam por uma trag\u00e9dia clim\u00e1tica sem precedentes. Toda for\u00e7a ao povo ga\u00facho\u201d<\/em>, afirmou Ednaldo Rodrigues.<\/p>\n<p>Ele tamb\u00e9m agradeceu o apoio do governo federal e o trabalho de todos os integrantes do comit\u00ea de candidatura.<\/p>\n<p><strong>Vit\u00f3ria por 41 votos de diferen\u00e7a<\/strong><\/p>\n<p>Pela primeira vez na hist\u00f3ria, a escolha da sede foi realizada da forma mais democr\u00e1tica. Desta vez, todas as mais de 200 federa\u00e7\u00f5es nacionais tiveram direito a participar da elei\u00e7\u00e3o eletr\u00f4nica.<\/p>\n<p>Antes, a decis\u00e3o era tomada apenas por 36 integrantes do antigo Comit\u00ea Executivo. Na Tail\u00e2ndia, 207 pa\u00edses votaram nesta sexta-feira. Apenas os quatro pa\u00edses candidatos n\u00e3o votaram.<\/p>\n<p>Desde o in\u00edcio da semana, o presidente da CBF e os integrantes da delega\u00e7\u00e3o brasileira fizeram o corpo a corpo com os eleitores na tentativa de conseguir o maior n\u00famero de votos.<\/p>\n<p>O Brasil come\u00e7ou a campanha com o apoio da Conmebol (Confedera\u00e7\u00e3o Sul-Americana de Futebol) que tem apenas nove votos, excluindo o voto do Brasil. J\u00e1 a candidatura europ\u00e9ia partiu com o apoio do continente, que t\u00eam 55 pa\u00edses.<\/p>\n<p>Apesar da desvantagem inicial, o Brasil desenvolveu em um ano um projeto que convenceu os eleitores.<\/p>\n<p>Sob o slogan Uma Escolha Natural (A Natural Choice), o pa\u00eds se apresentou na Tail\u00e2ndia como pot\u00eancia mundial e contou com o apoio de representantes de todos os continentes para que a Copa do Mundo Feminina da FIFA seja um catalisador de oportunidades para mulheres dentro e fora dos campos.<\/p>\n<p>O Mundial trar\u00e1 um legado duradouro no que diz respeito ao uso dos equipamentos esportivos para fortalecer o futebol feminino, \u00e0 capacita\u00e7\u00e3o de profissionais do esporte e aos programas sociais vinculados com o evento em todas as regi\u00f5es do Brasil.<\/p>\n<p><strong>Brasil obteve a melhor nota na avalia\u00e7\u00e3o da Fifa<\/strong><\/p>\n<p>Antes da elei\u00e7\u00e3o, o Brasil j\u00e1 mostrava que estava no caminho certo. A candidatura nacional obteve a melhor nota na avalia\u00e7\u00e3o dos t\u00e9cnicos da Fifa, realizada em fevereiro. O Brasil conseguiu nota 4 enquanto a candidatura advers\u00e1ria atingiu a pontua\u00e7\u00e3o de 3,7. A nota m\u00e1xima da avalia\u00e7\u00e3o era 5.<\/p>\n<p>No relat\u00f3rio de quase 100 p\u00e1ginas, divulgado no in\u00edcio do m\u00eas, os integrantes da delega\u00e7\u00e3o da Fifa que inspecionou o Brasil elogiaram os est\u00e1dios escolhidos pelo Brasil para sediar o evento e destacaram o potencial comercial do pa\u00eds.<\/p>\n<p>Os integrantes da delega\u00e7\u00e3o levaram tamb\u00e9m em considera\u00e7\u00e3o o apoio governamental \u00e0 candidatura brasileira<\/p>\n<p>O relat\u00f3rio avalia uma s\u00e9rie de crit\u00e9rios como infraestrutura, servi\u00e7os, aspectos comerciais, sustentabilidade e direitos humanos.<\/p>\n<p><strong>Apresenta\u00e7\u00f5es<\/strong><\/p>\n<p>Antes da vota\u00e7\u00e3o, as duas candidaturas tiveram 15 minutos para apresentar os seus trunfos. O Brasil optou fazer declara\u00e7\u00e3o visual comandada pela apresentadora Duda Pav\u00e3o, que contracenou com uma assistente virtual.<\/p>\n<p>As refer\u00eancias \u00e0 cultura brasileira, \u00e0s riquezas naturais do continente e aos povos origin\u00e1rios s\u00e3o os pontos fortes do roteiro, que ainda inclui mensagens de apoio de personalidades do mundo do futebol e de ministras de Estado.<\/p>\n<p><em>\u201cSomos excelentes anfitri\u00f5es. Temos um legado forte, j\u00e1 temos toda a infraestrutura necess\u00e1ria para dar ao p\u00fablico uma excelente experi\u00eancia. N\u00f3s iremos receber as jogadoras nos melhores est\u00e1dios. que j\u00e1 est\u00e3o prontos. Sendo assim, vamos reduzir os custos financeiros e o impacto ambiental.\u00a0\u00a0<\/em><\/p>\n<p><em>Na terra do futebol, vamos garantir que a paz ser\u00e1 celebrada e que a Copa do Mundo Feminina de 2027 ser\u00e1 inesquec\u00edvel<\/em>\u201c, disse Duda Pav\u00e3o na sua apresenta\u00e7\u00e3o no audit\u00f3rio lotado em Bangkok.<\/p>\n<p><em>\u201cPara encerrar, fa\u00e7o um convite a todo o mundo do futebol. Sejam bem vindo a Copa do Mundo do Brasil Feminina, a melhor competi\u00e7\u00e3o da hist\u00f3ria. Estamos de bra\u00e7os abertos para receb\u00ea-los em 2027\u201d<\/em>, completou.<\/p>\n<p><strong>Fonte:<\/strong>\u00a0CBF<\/p>\n","protected":false},"excerpt":{"rendered":"<p>O Brasil foi escolhido na madrugada desta sexta-feira (17) para receber a Copa do Mundo Feminina de 2027. No Queen Sirikit National Convention Center lotado, o presidente da Fifa, Gianni Infantino, anunciou que o pa\u00eds vai sediar, pela primeira vez na hist\u00f3ria, o Mundial Feminino. O Brasil obteve 119 votos na elei\u00e7\u00e3o promovida no 74\u00aa &hellip;<\/p>\n","protected":false},"author":2,"featured_media":72851,"comment_status":"open","ping_status":"open","sticky":false,"template":"","format":"standard","meta":{"content-type":"","rop_custom_images_group":[],"rop_custom_messages_group":[],"rop_publish_now":"yes","rop_publish_now_accounts":{"facebook_2648258775420054_1618374048415101":""},"rop_publish_now_history":[],"rop_publish_now_status":"pending","footnotes":"","_jetpack_memberships_contains_paid_content":false},"categories":[118],"tags":[15731,674,837,836,230,7699,3138,1687,1734],"yoast_head":"<!-- This site is optimized with the Yoast SEO plugin v22.3 - https:\/\/yoast.com\/wordpress\/plugins\/seo\/ -->\n<title>Brasil ser\u00e1 a sede da Copa do Mundo Feminina de 2027 - Portal NPM<\/title>\n<meta name=\"robots\" content=\"index, follow, max-snippet:-1, max-image-preview:large, max-video-preview:-1\" \/>\n<link rel=\"canonical\" href=\"https:\/\/portalnpm.com\/index.php\/2024\/05\/17\/brasil-sera-a-sede-da-copa-do-mundo-feminina-de-2027\/\" \/>\n<meta property=\"og:locale\" content=\"pt_BR\" \/>\n<meta property=\"og:type\" content=\"article\" \/>\n<meta property=\"og:title\" content=\"Brasil ser\u00e1 a sede da Copa do Mundo Feminina de 2027 - Portal NPM\" \/>\n<meta property=\"og:description\" content=\"O Brasil foi escolhido na madrugada desta sexta-feira (17) para receber a Copa do Mundo Feminina de 2027. No Queen Sirikit National Convention Center lotado, o presidente da Fifa, Gianni Infantino, anunciou que o pa\u00eds vai sediar, pela primeira vez na hist\u00f3ria, o Mundial Feminino. O Brasil obteve 119 votos na elei\u00e7\u00e3o promovida no 74\u00aa &hellip;\" \/>\n<meta property=\"og:url\" content=\"https:\/\/portalnpm.com\/index.php\/2024\/05\/17\/brasil-sera-a-sede-da-copa-do-mundo-feminina-de-2027\/\" \/>\n<meta property=\"og:site_name\" content=\"Portal NPM\" \/>\n<meta property=\"article:published_time\" content=\"2024-05-17T21:41:52+00:00\" \/>\n<meta property=\"og:image\" content=\"https:\/\/portalnpm.com\/wp-content\/uploads\/2024\/05\/Brasil-sera-a-sede-da-Copa-do-Mundo-Feminina-de-2027.jpg.webp\" \/>\n\t<meta property=\"og:image:width\" content=\"750\" \/>\n\t<meta property=\"og:image:height\" content=\"500\" \/>\n\t<meta property=\"og:image:type\" content=\"image\/webp\" \/>\n<meta name=\"author\" content=\"Genival Barbosa\" \/>\n<meta name=\"twitter:card\" content=\"summary_large_image\" \/>\n<meta name=\"twitter:label1\" content=\"Escrito por\" \/>\n\t<meta name=\"twitter:data1\" content=\"Genival Barbosa\" \/>\n\t<meta name=\"twitter:label2\" content=\"Est. tempo de leitura\" \/>\n\t<meta name=\"twitter:data2\" content=\"6 minutos\" \/>\n<script type=\"application\/ld+json\" class=\"yoast-schema-graph\">{\"@context\":\"https:\/\/schema.org\",\"@graph\":[{\"@type\":\"WebPage\",\"@id\":\"https:\/\/portalnpm.com\/index.php\/2024\/05\/17\/brasil-sera-a-sede-da-copa-do-mundo-feminina-de-2027\/\",\"url\":\"https:\/\/portalnpm.com\/index.php\/2024\/05\/17\/brasil-sera-a-sede-da-copa-do-mundo-feminina-de-2027\/\",\"name\":\"Brasil ser\u00e1 a sede da Copa do Mundo Feminina de 2027 - Portal NPM\",\"isPartOf\":{\"@id\":\"https:\/\/portalnpm.com\/#website\"},\"primaryImageOfPage\":{\"@id\":\"https:\/\/portalnpm.com\/index.php\/2024\/05\/17\/brasil-sera-a-sede-da-copa-do-mundo-feminina-de-2027\/#primaryimage\"},\"image\":{\"@id\":\"https:\/\/portalnpm.com\/index.php\/2024\/05\/17\/brasil-sera-a-sede-da-copa-do-mundo-feminina-de-2027\/#primaryimage\"},\"thumbnailUrl\":\"https:\/\/portalnpm.com\/wp-content\/uploads\/2024\/05\/Brasil-sera-a-sede-da-Copa-do-Mundo-Feminina-de-2027.jpg.webp\",\"datePublished\":\"2024-05-17T21:41:52+00:00\",\"dateModified\":\"2024-05-17T21:41:52+00:00\",\"author\":{\"@id\":\"https:\/\/portalnpm.com\/#\/schema\/person\/49313e563cfdefcc167f1ee4c017c294\"},\"breadcrumb\":{\"@id\":\"https:\/\/portalnpm.com\/index.php\/2024\/05\/17\/brasil-sera-a-sede-da-copa-do-mundo-feminina-de-2027\/#breadcrumb\"},\"inLanguage\":\"pt-BR\",\"potentialAction\":[{\"@type\":\"ReadAction\",\"target\":[\"https:\/\/portalnpm.com\/index.php\/2024\/05\/17\/brasil-sera-a-sede-da-copa-do-mundo-feminina-de-2027\/\"]}]},{\"@type\":\"ImageObject\",\"inLanguage\":\"pt-BR\",\"@id\":\"https:\/\/portalnpm.com\/index.php\/2024\/05\/17\/brasil-sera-a-sede-da-copa-do-mundo-feminina-de-2027\/#primaryimage\",\"url\":\"https:\/\/portalnpm.com\/wp-content\/uploads\/2024\/05\/Brasil-sera-a-sede-da-Copa-do-Mundo-Feminina-de-2027.jpg.webp\",\"contentUrl\":\"https:\/\/portalnpm.com\/wp-content\/uploads\/2024\/05\/Brasil-sera-a-sede-da-Copa-do-Mundo-Feminina-de-2027.jpg.webp\",\"width\":750,\"height\":500},{\"@type\":\"BreadcrumbList\",\"@id\":\"https:\/\/portalnpm.com\/index.php\/2024\/05\/17\/brasil-sera-a-sede-da-copa-do-mundo-feminina-de-2027\/#breadcrumb\",\"itemListElement\":[{\"@type\":\"ListItem\",\"position\":1,\"name\":\"In\u00edcio\",\"item\":\"https:\/\/portalnpm.com\/\"},{\"@type\":\"ListItem\",\"position\":2,\"name\":\"Brasil ser\u00e1 a sede da Copa do Mundo Feminina de 2027\"}]},{\"@type\":\"WebSite\",\"@id\":\"https:\/\/portalnpm.com\/#website\",\"url\":\"https:\/\/portalnpm.com\/\",\"name\":\"Portal NPM\",\"description\":\"Not\u00edcias em Primeira M\u00e3o\",\"potentialAction\":[{\"@type\":\"SearchAction\",\"target\":{\"@type\":\"EntryPoint\",\"urlTemplate\":\"https:\/\/portalnpm.com\/?s={search_term_string}\"},\"query-input\":\"required name=search_term_string\"}],\"inLanguage\":\"pt-BR\"},{\"@type\":\"Person\",\"@id\":\"https:\/\/portalnpm.com\/#\/schema\/person\/49313e563cfdefcc167f1ee4c017c294\",\"name\":\"Genival Barbosa\",\"image\":{\"@type\":\"ImageObject\",\"inLanguage\":\"pt-BR\",\"@id\":\"https:\/\/portalnpm.com\/#\/schema\/person\/image\/\",\"url\":\"https:\/\/portalnpm.com\/wp-content\/uploads\/2024\/02\/avatar_user_2_1707743258-96x96.jpeg\",\"contentUrl\":\"https:\/\/portalnpm.com\/wp-content\/uploads\/2024\/02\/avatar_user_2_1707743258-96x96.jpeg\",\"caption\":\"Genival Barbosa\"},\"url\":\"https:\/\/portalnpm.com\/index.php\/author\/genival\/\"}]}<\/script>\n<!-- \/ Yoast SEO plugin. -->","yoast_head_json":{"title":"Brasil ser\u00e1 a sede da Copa do Mundo Feminina de 2027 - Portal NPM","robots":{"index":"index","follow":"follow","max-snippet":"max-snippet:-1","max-image-preview":"max-image-preview:large","max-video-preview":"max-video-preview:-1"},"canonical":"https:\/\/portalnpm.com\/index.php\/2024\/05\/17\/brasil-sera-a-sede-da-copa-do-mundo-feminina-de-2027\/","og_locale":"pt_BR","og_type":"article","og_title":"Brasil ser\u00e1 a sede da Copa do Mundo Feminina de 2027 - Portal NPM","og_description":"O Brasil foi escolhido na madrugada desta sexta-feira (17) para receber a Copa do Mundo Feminina de 2027. No Queen Sirikit National Convention Center lotado, o presidente da Fifa, Gianni Infantino, anunciou que o pa\u00eds vai sediar, pela primeira vez na hist\u00f3ria, o Mundial Feminino. O Brasil obteve 119 votos na elei\u00e7\u00e3o promovida no 74\u00aa &hellip;","og_url":"https:\/\/portalnpm.com\/index.php\/2024\/05\/17\/brasil-sera-a-sede-da-copa-do-mundo-feminina-de-2027\/","og_site_name":"Portal NPM","article_published_time":"2024-05-17T21:41:52+00:00","og_image":[{"width":750,"height":500,"url":"https:\/\/portalnpm.com\/wp-content\/uploads\/2024\/05\/Brasil-sera-a-sede-da-Copa-do-Mundo-Feminina-de-2027.jpg.webp","type":"image\/webp"}],"author":"Genival Barbosa","twitter_card":"summary_large_image","twitter_misc":{"Escrito por":"Genival Barbosa","Est. tempo de leitura":"6 minutos"},"schema":{"@context":"https:\/\/schema.org","@graph":[{"@type":"WebPage","@id":"https:\/\/portalnpm.com\/index.php\/2024\/05\/17\/brasil-sera-a-sede-da-copa-do-mundo-feminina-de-2027\/","url":"https:\/\/portalnpm.com\/index.php\/2024\/05\/17\/brasil-sera-a-sede-da-copa-do-mundo-feminina-de-2027\/","name":"Brasil ser\u00e1 a sede da Copa do Mundo Feminina de 2027 - Portal NPM","isPartOf":{"@id":"https:\/\/portalnpm.com\/#website"},"primaryImageOfPage":{"@id":"https:\/\/portalnpm.com\/index.php\/2024\/05\/17\/brasil-sera-a-sede-da-copa-do-mundo-feminina-de-2027\/#primaryimage"},"image":{"@id":"https:\/\/portalnpm.com\/index.php\/2024\/05\/17\/brasil-sera-a-sede-da-copa-do-mundo-feminina-de-2027\/#primaryimage"},"thumbnailUrl":"https:\/\/portalnpm.com\/wp-content\/uploads\/2024\/05\/Brasil-sera-a-sede-da-Copa-do-Mundo-Feminina-de-2027.jpg.webp","datePublished":"2024-05-17T21:41:52+00:00","dateModified":"2024-05-17T21:41:52+00:00","author":{"@id":"https:\/\/portalnpm.com\/#\/schema\/person\/49313e563cfdefcc167f1ee4c017c294"},"breadcrumb":{"@id":"https:\/\/portalnpm.com\/index.php\/2024\/05\/17\/brasil-sera-a-sede-da-copa-do-mundo-feminina-de-2027\/#breadcrumb"},"inLanguage":"pt-BR","potentialAction":[{"@type":"ReadAction","target":["https:\/\/portalnpm.com\/index.php\/2024\/05\/17\/brasil-sera-a-sede-da-copa-do-mundo-feminina-de-2027\/"]}]},{"@type":"ImageObject","inLanguage":"pt-BR","@id":"https:\/\/portalnpm.com\/index.php\/2024\/05\/17\/brasil-sera-a-sede-da-copa-do-mundo-feminina-de-2027\/#primaryimage","url":"https:\/\/portalnpm.com\/wp-content\/uploads\/2024\/05\/Brasil-sera-a-sede-da-Copa-do-Mundo-Feminina-de-2027.jpg.webp","contentUrl":"https:\/\/portalnpm.com\/wp-content\/uploads\/2024\/05\/Brasil-sera-a-sede-da-Copa-do-Mundo-Feminina-de-2027.jpg.webp","width":750,"height":500},{"@type":"BreadcrumbList","@id":"https:\/\/portalnpm.com\/index.php\/2024\/05\/17\/brasil-sera-a-sede-da-copa-do-mundo-feminina-de-2027\/#breadcrumb","itemListElement":[{"@type":"ListItem","position":1,"name":"In\u00edcio","item":"https:\/\/portalnpm.com\/"},{"@type":"ListItem","position":2,"name":"Brasil ser\u00e1 a sede da Copa do Mundo Feminina de 2027"}]},{"@type":"WebSite","@id":"https:\/\/portalnpm.com\/#website","url":"https:\/\/portalnpm.com\/","name":"Portal NPM","description":"Not\u00edcias em Primeira M\u00e3o","potentialAction":[{"@type":"SearchAction","target":{"@type":"EntryPoint","urlTemplate":"https:\/\/portalnpm.com\/?s={search_term_string}"},"query-input":"required name=search_term_string"}],"inLanguage":"pt-BR"},{"@type":"Person","@id":"https:\/\/portalnpm.com\/#\/schema\/person\/49313e563cfdefcc167f1ee4c017c294","name":"Genival Barbosa","image":{"@type":"ImageObject","inLanguage":"pt-BR","@id":"https:\/\/portalnpm.com\/#\/schema\/person\/image\/","url":"https:\/\/portalnpm.com\/wp-content\/uploads\/2024\/02\/avatar_user_2_1707743258-96x96.jpeg","contentUrl":"https:\/\/portalnpm.com\/wp-content\/uploads\/2024\/02\/avatar_user_2_1707743258-96x96.jpeg","caption":"Genival Barbosa"},"url":"https:\/\/portalnpm.com\/index.php\/author\/genival\/"}]}},"jetpack_sharing_enabled":true,"jetpack_featured_media_url":"https:\/\/portalnpm.com\/wp-content\/uploads\/2024\/05\/Brasil-sera-a-sede-da-Copa-do-Mundo-Feminina-de-2027.jpg.webp","_links":{"self":[{"href":"https:\/\/portalnpm.com\/index.php\/wp-json\/wp\/v2\/posts\/72850"}],"collection":[{"href":"https:\/\/portalnpm.com\/index.php\/wp-json\/wp\/v2\/posts"}],"about":[{"href":"https:\/\/portalnpm.com\/index.php\/wp-json\/wp\/v2\/types\/post"}],"author":[{"embeddable":true,"href":"https:\/\/portalnpm.com\/index.php\/wp-json\/wp\/v2\/users\/2"}],"replies":[{"embeddable":true,"href":"https:\/\/portalnpm.com\/index.php\/wp-json\/wp\/v2\/comments?post=72850"}],"version-history":[{"count":1,"href":"https:\/\/portalnpm.com\/index.php\/wp-json\/wp\/v2\/posts\/72850\/revisions"}],"predecessor-version":[{"id":72852,"href":"https:\/\/portalnpm.com\/index.php\/wp-json\/wp\/v2\/posts\/72850\/revisions\/72852"}],"wp:featuredmedia":[{"embeddable":true,"href":"https:\/\/portalnpm.com\/index.php\/wp-json\/wp\/v2\/media\/72851"}],"wp:attachment":[{"href":"https:\/\/portalnpm.com\/index.php\/wp-json\/wp\/v2\/media?parent=72850"}],"wp:term":[{"taxonomy":"category","embeddable":true,"href":"https:\/\/portalnpm.com\/index.php\/wp-json\/wp\/v2\/categories?post=72850"},{"taxonomy":"post_tag","embeddable":true,"href":"https:\/\/portalnpm.com\/index.php\/wp-json\/wp\/v2\/tags?post=72850"}],"curies":[{"name":"wp","href":"https:\/\/api.w.org\/{rel}","templated":true}]}}