{"id":7288,"date":"2019-04-15T12:17:11","date_gmt":"2019-04-15T15:17:11","guid":{"rendered":"http:\/\/srv.portalnpm.com.br\/?p=7288"},"modified":"2019-04-15T12:17:11","modified_gmt":"2019-04-15T15:17:11","slug":"quase-900-familias-devem-regularizar-dados-para-nao-perder-o-bolsa-familia","status":"publish","type":"post","link":"https:\/\/portalnpm.com\/index.php\/2019\/04\/15\/quase-900-familias-devem-regularizar-dados-para-nao-perder-o-bolsa-familia\/","title":{"rendered":"Quase 900 fam\u00edlias devem regularizar dados para n\u00e3o perder o Bolsa Fam\u00edlia"},"content":{"rendered":"<p style=\"text-align: justify;\">A Secretaria Municipal de Cidadania, Assist\u00eancia Social e Pol\u00edticas Integradas (Semcaspi) divulgou nesta segunda-feira (15) os dados dos acompanhamento da condicionalidade da educa\u00e7\u00e3o, no Bolsa Fam\u00edlia. Segundo o \u00f3rg\u00e3o, 884 fam\u00edlias de crian\u00e7as e jovens benefici\u00e1rios do programa que est\u00e3o em idade escolar \u2013 entre 6 e 17 anos -, devem regularizar os dados escolares no Cad\u00danico at\u00e9 o dia 25 de abril.<\/p>\n<p style=\"text-align: justify;\">Estudantes que foram transferidos entre escolas, mudaram de endere\u00e7o, mudaram de unidade b\u00e1sica de sa\u00fade ou passaram por alguma altera\u00e7\u00e3o de cotidiano devem buscar o Centro de Refer\u00eancia em Assist\u00eancia Social (CRAS) mais pr\u00f3ximo e solicitar atualiza\u00e7\u00e3o dos registros, para evitar a suspens\u00e3o benef\u00edcio.<\/p>\n<p style=\"text-align: justify;\">O recebimento do Bolsa Fam\u00edlia se mant\u00e9m pela comprova\u00e7\u00e3o da frequ\u00eancia do estudante na institui\u00e7\u00e3o educacional em que o Cad\u00danico o registra como matriculado. Caso haja informa\u00e7\u00e3o diferente nos registros, o aluno pode se tornar desconhecido no sistema, o que pode acarretar o bloqueio. Segundo Jovina S\u00e9rvulo, coordenadora das condicionalidades do Bolsa Fam\u00edlia em Teresina, as fam\u00edlias precisam comparecer aos CRAS pelo menos a cada dois anos.<\/p>\n<p style=\"text-align: justify;\">\u201c\u00c9 imprescind\u00edvel que essas fam\u00edlias busquem os CRAS da sua regi\u00e3o o mais r\u00e1pido poss\u00edvel. O Cadastro \u00danico alimenta o Sistema \u201cPresen\u00e7a\u201d com a frequ\u00eancia escolar do aluno, e precisa ter a informa\u00e7\u00e3o de onde essa crian\u00e7a ou adolescente est\u00e1 estudando, para qual escola foi transferida, onde foi matriculada, para que ele encaminhe para o Cad\u00danico. At\u00e9 o presente momento, o Cadastro n\u00e3o tem essa no\u00e7\u00e3o, que \u00e9 imprescind\u00edvel, sobre a vida escolar desses estudantes e principalmente, de onde eles est\u00e3o. Onde est\u00e3o os n\u00e3o localizados da educa\u00e7\u00e3o, para que o benef\u00edcio seja mantido\u201d, refor\u00e7a a coordenadora.<\/p>\n<p style=\"text-align: justify;\"><strong>Sobre o Cad\u00danico<\/strong><\/p>\n<p style=\"text-align: justify;\">O Cadastro \u00danico para Programas Sociais do Governo Federal (Cadastro \u00danico) \u00e9 um instrumento que identifica e caracteriza as fam\u00edlias de baixa renda, permitindo que o governo conhe\u00e7a melhor a realidade socioecon\u00f4mica dessa popula\u00e7\u00e3o. Nele s\u00e3o registradas informa\u00e7\u00f5es como: caracter\u00edsticas da resid\u00eancia, identifica\u00e7\u00e3o de cada pessoa, escolaridade, situa\u00e7\u00e3o de trabalho e renda, entre outras.<\/p>\n<p style=\"text-align: justify;\">A partir de 2003, o Cadastro \u00danico se tornou o principal instrumento do Estado brasileiro para a sele\u00e7\u00e3o e a inclus\u00e3o de fam\u00edlias de baixa renda em programas federais, sendo usado obrigatoriamente para a concess\u00e3o dos benef\u00edcios do Programa Bolsa Fam\u00edlia, da Tarifa Social de Energia El\u00e9trica, do Programa Minha Casa Minha Vida, da Bolsa Verde, entre outros. Tamb\u00e9m pode ser utilizado para a sele\u00e7\u00e3o de benefici\u00e1rios de programas ofertados pelos governos estaduais e municipais. Por isso, ele \u00e9 funciona como uma porta de entrada para as fam\u00edlias acessarem diversas pol\u00edticas p\u00fablicas.<\/p>\n<div style=\"text-align: justify;\"><\/div>\n<div style=\"text-align: justify;\"><\/div>\n<div style=\"text-align: justify;\"><\/div>\n<div class=\"sourceContainer\" style=\"text-align: justify;\"><strong><span class=\"source\">FONTE: <\/span><\/strong><strong><span class=\"sourceContent\">AsCom\/Semcaspi<\/span><\/strong><\/div>\n","protected":false},"excerpt":{"rendered":"<p>A Secretaria Municipal de Cidadania, Assist\u00eancia Social e Pol\u00edticas Integradas (Semcaspi) divulgou nesta segunda-feira (15) os dados dos acompanhamento da condicionalidade da educa\u00e7\u00e3o, no Bolsa Fam\u00edlia. Segundo o \u00f3rg\u00e3o, 884 fam\u00edlias de crian\u00e7as e jovens benefici\u00e1rios do programa que est\u00e3o em idade escolar \u2013 entre 6 e 17 anos -, devem regularizar os dados escolares &hellip;<\/p>\n","protected":false},"author":4,"featured_media":7289,"comment_status":"open","ping_status":"open","sticky":false,"template":"","format":"standard","meta":{"content-type":"","rop_custom_images_group":[],"rop_custom_messages_group":[],"rop_publish_now":"initial","rop_publish_now_accounts":{"facebook_2648258775420054_1618374048415101":""},"rop_publish_now_history":[],"rop_publish_now_status":"pending","footnotes":"","_jetpack_memberships_contains_paid_content":false},"categories":[125],"tags":[2618,1825,2619,657,1141],"yoast_head":"<!-- This site is optimized with the Yoast SEO plugin v22.3 - https:\/\/yoast.com\/wordpress\/plugins\/seo\/ -->\n<title>Quase 900 fam\u00edlias devem regularizar dados para n\u00e3o perder o Bolsa Fam\u00edlia - Portal NPM<\/title>\n<meta name=\"robots\" content=\"index, follow, max-snippet:-1, max-image-preview:large, max-video-preview:-1\" \/>\n<link rel=\"canonical\" href=\"https:\/\/portalnpm.com\/index.php\/2019\/04\/15\/quase-900-familias-devem-regularizar-dados-para-nao-perder-o-bolsa-familia\/\" \/>\n<meta property=\"og:locale\" content=\"pt_BR\" \/>\n<meta property=\"og:type\" content=\"article\" \/>\n<meta property=\"og:title\" content=\"Quase 900 fam\u00edlias devem regularizar dados para n\u00e3o perder o Bolsa Fam\u00edlia - Portal NPM\" \/>\n<meta property=\"og:description\" content=\"A Secretaria Municipal de Cidadania, Assist\u00eancia Social e Pol\u00edticas Integradas (Semcaspi) divulgou nesta segunda-feira (15) os dados dos acompanhamento da condicionalidade da educa\u00e7\u00e3o, no Bolsa Fam\u00edlia. Segundo o \u00f3rg\u00e3o, 884 fam\u00edlias de crian\u00e7as e jovens benefici\u00e1rios do programa que est\u00e3o em idade escolar \u2013 entre 6 e 17 anos -, devem regularizar os dados escolares &hellip;\" \/>\n<meta property=\"og:url\" content=\"https:\/\/portalnpm.com\/index.php\/2019\/04\/15\/quase-900-familias-devem-regularizar-dados-para-nao-perder-o-bolsa-familia\/\" \/>\n<meta property=\"og:site_name\" content=\"Portal NPM\" \/>\n<meta property=\"article:published_time\" content=\"2019-04-15T15:17:11+00:00\" \/>\n<meta name=\"author\" content=\"Reda\u00e7\u00e3o\" \/>\n<meta name=\"twitter:card\" content=\"summary_large_image\" \/>\n<meta name=\"twitter:label1\" content=\"Escrito por\" \/>\n\t<meta name=\"twitter:data1\" content=\"Reda\u00e7\u00e3o\" \/>\n\t<meta name=\"twitter:label2\" content=\"Est. tempo de leitura\" \/>\n\t<meta name=\"twitter:data2\" content=\"2 minutos\" \/>\n<script type=\"application\/ld+json\" class=\"yoast-schema-graph\">{\"@context\":\"https:\/\/schema.org\",\"@graph\":[{\"@type\":\"WebPage\",\"@id\":\"https:\/\/portalnpm.com\/index.php\/2019\/04\/15\/quase-900-familias-devem-regularizar-dados-para-nao-perder-o-bolsa-familia\/\",\"url\":\"https:\/\/portalnpm.com\/index.php\/2019\/04\/15\/quase-900-familias-devem-regularizar-dados-para-nao-perder-o-bolsa-familia\/\",\"name\":\"Quase 900 fam\u00edlias devem regularizar dados para n\u00e3o perder o Bolsa Fam\u00edlia - Portal NPM\",\"isPartOf\":{\"@id\":\"https:\/\/portalnpm.com\/#website\"},\"primaryImageOfPage\":{\"@id\":\"https:\/\/portalnpm.com\/index.php\/2019\/04\/15\/quase-900-familias-devem-regularizar-dados-para-nao-perder-o-bolsa-familia\/#primaryimage\"},\"image\":{\"@id\":\"https:\/\/portalnpm.com\/index.php\/2019\/04\/15\/quase-900-familias-devem-regularizar-dados-para-nao-perder-o-bolsa-familia\/#primaryimage\"},\"thumbnailUrl\":\"\",\"datePublished\":\"2019-04-15T15:17:11+00:00\",\"dateModified\":\"2019-04-15T15:17:11+00:00\",\"author\":{\"@id\":\"https:\/\/portalnpm.com\/#\/schema\/person\/0b5f230ec96cee25504fa328e7f2b733\"},\"breadcrumb\":{\"@id\":\"https:\/\/portalnpm.com\/index.php\/2019\/04\/15\/quase-900-familias-devem-regularizar-dados-para-nao-perder-o-bolsa-familia\/#breadcrumb\"},\"inLanguage\":\"pt-BR\",\"potentialAction\":[{\"@type\":\"ReadAction\",\"target\":[\"https:\/\/portalnpm.com\/index.php\/2019\/04\/15\/quase-900-familias-devem-regularizar-dados-para-nao-perder-o-bolsa-familia\/\"]}]},{\"@type\":\"ImageObject\",\"inLanguage\":\"pt-BR\",\"@id\":\"https:\/\/portalnpm.com\/index.php\/2019\/04\/15\/quase-900-familias-devem-regularizar-dados-para-nao-perder-o-bolsa-familia\/#primaryimage\",\"url\":\"\",\"contentUrl\":\"\"},{\"@type\":\"BreadcrumbList\",\"@id\":\"https:\/\/portalnpm.com\/index.php\/2019\/04\/15\/quase-900-familias-devem-regularizar-dados-para-nao-perder-o-bolsa-familia\/#breadcrumb\",\"itemListElement\":[{\"@type\":\"ListItem\",\"position\":1,\"name\":\"In\u00edcio\",\"item\":\"https:\/\/portalnpm.com\/\"},{\"@type\":\"ListItem\",\"position\":2,\"name\":\"Quase 900 fam\u00edlias devem regularizar dados para n\u00e3o perder o Bolsa Fam\u00edlia\"}]},{\"@type\":\"WebSite\",\"@id\":\"https:\/\/portalnpm.com\/#website\",\"url\":\"https:\/\/portalnpm.com\/\",\"name\":\"Portal NPM\",\"description\":\"Not\u00edcias em Primeira M\u00e3o\",\"potentialAction\":[{\"@type\":\"SearchAction\",\"target\":{\"@type\":\"EntryPoint\",\"urlTemplate\":\"https:\/\/portalnpm.com\/?s={search_term_string}\"},\"query-input\":\"required name=search_term_string\"}],\"inLanguage\":\"pt-BR\"},{\"@type\":\"Person\",\"@id\":\"https:\/\/portalnpm.com\/#\/schema\/person\/0b5f230ec96cee25504fa328e7f2b733\",\"name\":\"Reda\u00e7\u00e3o\",\"image\":{\"@type\":\"ImageObject\",\"inLanguage\":\"pt-BR\",\"@id\":\"https:\/\/portalnpm.com\/#\/schema\/person\/image\/\",\"url\":\"https:\/\/portalnpm.com\/wp-content\/uploads\/2024\/03\/avatar_user_4_1710097212-96x96.png\",\"contentUrl\":\"https:\/\/portalnpm.com\/wp-content\/uploads\/2024\/03\/avatar_user_4_1710097212-96x96.png\",\"caption\":\"Reda\u00e7\u00e3o\"},\"url\":\"https:\/\/portalnpm.com\/index.php\/author\/redacao\/\"}]}<\/script>\n<!-- \/ Yoast SEO plugin. -->","yoast_head_json":{"title":"Quase 900 fam\u00edlias devem regularizar dados para n\u00e3o perder o Bolsa Fam\u00edlia - Portal NPM","robots":{"index":"index","follow":"follow","max-snippet":"max-snippet:-1","max-image-preview":"max-image-preview:large","max-video-preview":"max-video-preview:-1"},"canonical":"https:\/\/portalnpm.com\/index.php\/2019\/04\/15\/quase-900-familias-devem-regularizar-dados-para-nao-perder-o-bolsa-familia\/","og_locale":"pt_BR","og_type":"article","og_title":"Quase 900 fam\u00edlias devem regularizar dados para n\u00e3o perder o Bolsa Fam\u00edlia - Portal NPM","og_description":"A Secretaria Municipal de Cidadania, Assist\u00eancia Social e Pol\u00edticas Integradas (Semcaspi) divulgou nesta segunda-feira (15) os dados dos acompanhamento da condicionalidade da educa\u00e7\u00e3o, no Bolsa Fam\u00edlia. Segundo o \u00f3rg\u00e3o, 884 fam\u00edlias de crian\u00e7as e jovens benefici\u00e1rios do programa que est\u00e3o em idade escolar \u2013 entre 6 e 17 anos -, devem regularizar os dados escolares &hellip;","og_url":"https:\/\/portalnpm.com\/index.php\/2019\/04\/15\/quase-900-familias-devem-regularizar-dados-para-nao-perder-o-bolsa-familia\/","og_site_name":"Portal NPM","article_published_time":"2019-04-15T15:17:11+00:00","author":"Reda\u00e7\u00e3o","twitter_card":"summary_large_image","twitter_misc":{"Escrito por":"Reda\u00e7\u00e3o","Est. tempo de leitura":"2 minutos"},"schema":{"@context":"https:\/\/schema.org","@graph":[{"@type":"WebPage","@id":"https:\/\/portalnpm.com\/index.php\/2019\/04\/15\/quase-900-familias-devem-regularizar-dados-para-nao-perder-o-bolsa-familia\/","url":"https:\/\/portalnpm.com\/index.php\/2019\/04\/15\/quase-900-familias-devem-regularizar-dados-para-nao-perder-o-bolsa-familia\/","name":"Quase 900 fam\u00edlias devem regularizar dados para n\u00e3o perder o Bolsa Fam\u00edlia - Portal NPM","isPartOf":{"@id":"https:\/\/portalnpm.com\/#website"},"primaryImageOfPage":{"@id":"https:\/\/portalnpm.com\/index.php\/2019\/04\/15\/quase-900-familias-devem-regularizar-dados-para-nao-perder-o-bolsa-familia\/#primaryimage"},"image":{"@id":"https:\/\/portalnpm.com\/index.php\/2019\/04\/15\/quase-900-familias-devem-regularizar-dados-para-nao-perder-o-bolsa-familia\/#primaryimage"},"thumbnailUrl":"","datePublished":"2019-04-15T15:17:11+00:00","dateModified":"2019-04-15T15:17:11+00:00","author":{"@id":"https:\/\/portalnpm.com\/#\/schema\/person\/0b5f230ec96cee25504fa328e7f2b733"},"breadcrumb":{"@id":"https:\/\/portalnpm.com\/index.php\/2019\/04\/15\/quase-900-familias-devem-regularizar-dados-para-nao-perder-o-bolsa-familia\/#breadcrumb"},"inLanguage":"pt-BR","potentialAction":[{"@type":"ReadAction","target":["https:\/\/portalnpm.com\/index.php\/2019\/04\/15\/quase-900-familias-devem-regularizar-dados-para-nao-perder-o-bolsa-familia\/"]}]},{"@type":"ImageObject","inLanguage":"pt-BR","@id":"https:\/\/portalnpm.com\/index.php\/2019\/04\/15\/quase-900-familias-devem-regularizar-dados-para-nao-perder-o-bolsa-familia\/#primaryimage","url":"","contentUrl":""},{"@type":"BreadcrumbList","@id":"https:\/\/portalnpm.com\/index.php\/2019\/04\/15\/quase-900-familias-devem-regularizar-dados-para-nao-perder-o-bolsa-familia\/#breadcrumb","itemListElement":[{"@type":"ListItem","position":1,"name":"In\u00edcio","item":"https:\/\/portalnpm.com\/"},{"@type":"ListItem","position":2,"name":"Quase 900 fam\u00edlias devem regularizar dados para n\u00e3o perder o Bolsa Fam\u00edlia"}]},{"@type":"WebSite","@id":"https:\/\/portalnpm.com\/#website","url":"https:\/\/portalnpm.com\/","name":"Portal NPM","description":"Not\u00edcias em Primeira M\u00e3o","potentialAction":[{"@type":"SearchAction","target":{"@type":"EntryPoint","urlTemplate":"https:\/\/portalnpm.com\/?s={search_term_string}"},"query-input":"required name=search_term_string"}],"inLanguage":"pt-BR"},{"@type":"Person","@id":"https:\/\/portalnpm.com\/#\/schema\/person\/0b5f230ec96cee25504fa328e7f2b733","name":"Reda\u00e7\u00e3o","image":{"@type":"ImageObject","inLanguage":"pt-BR","@id":"https:\/\/portalnpm.com\/#\/schema\/person\/image\/","url":"https:\/\/portalnpm.com\/wp-content\/uploads\/2024\/03\/avatar_user_4_1710097212-96x96.png","contentUrl":"https:\/\/portalnpm.com\/wp-content\/uploads\/2024\/03\/avatar_user_4_1710097212-96x96.png","caption":"Reda\u00e7\u00e3o"},"url":"https:\/\/portalnpm.com\/index.php\/author\/redacao\/"}]}},"jetpack_sharing_enabled":true,"jetpack_featured_media_url":"","_links":{"self":[{"href":"https:\/\/portalnpm.com\/index.php\/wp-json\/wp\/v2\/posts\/7288"}],"collection":[{"href":"https:\/\/portalnpm.com\/index.php\/wp-json\/wp\/v2\/posts"}],"about":[{"href":"https:\/\/portalnpm.com\/index.php\/wp-json\/wp\/v2\/types\/post"}],"author":[{"embeddable":true,"href":"https:\/\/portalnpm.com\/index.php\/wp-json\/wp\/v2\/users\/4"}],"replies":[{"embeddable":true,"href":"https:\/\/portalnpm.com\/index.php\/wp-json\/wp\/v2\/comments?post=7288"}],"version-history":[{"count":0,"href":"https:\/\/portalnpm.com\/index.php\/wp-json\/wp\/v2\/posts\/7288\/revisions"}],"wp:featuredmedia":[{"embeddable":true,"href":"https:\/\/portalnpm.com\/index.php\/wp-json\/"}],"wp:attachment":[{"href":"https:\/\/portalnpm.com\/index.php\/wp-json\/wp\/v2\/media?parent=7288"}],"wp:term":[{"taxonomy":"category","embeddable":true,"href":"https:\/\/portalnpm.com\/index.php\/wp-json\/wp\/v2\/categories?post=7288"},{"taxonomy":"post_tag","embeddable":true,"href":"https:\/\/portalnpm.com\/index.php\/wp-json\/wp\/v2\/tags?post=7288"}],"curies":[{"name":"wp","href":"https:\/\/api.w.org\/{rel}","templated":true}]}}