{"id":72895,"date":"2024-05-18T17:15:36","date_gmt":"2024-05-18T20:15:36","guid":{"rendered":"https:\/\/portalnpm.com\/?p=72895"},"modified":"2024-05-18T17:15:36","modified_gmt":"2024-05-18T20:15:36","slug":"em-sao-juliao-ex-candidato-a-vereador-deixa-a-base-do-prefeito-e-adere-a-oposicao-veja","status":"publish","type":"post","link":"https:\/\/portalnpm.com\/index.php\/2024\/05\/18\/em-sao-juliao-ex-candidato-a-vereador-deixa-a-base-do-prefeito-e-adere-a-oposicao-veja\/","title":{"rendered":"Em S\u00e3o Juli\u00e3o, ex-candidato a vereador deixa a base do prefeito e adere a oposi\u00e7\u00e3o; veja!"},"content":{"rendered":"<p>A oposi\u00e7\u00e3o de S\u00e3o Juli\u00e3o &#8211; PI vem ganhando novas ades\u00f5es, visando o processo pol\u00edtico-eleitoral de 06 de outubro no munic\u00edpio.<\/p>\n<figure id=\"attachment_72898\" aria-describedby=\"caption-attachment-72898\" style=\"width: 300px\" class=\"wp-caption alignnone\"><img fetchpriority=\"high\" decoding=\"async\" class=\"size-medium wp-image-72898\" src=\"https:\/\/portalnpm.com\/wp-content\/uploads\/2024\/05\/IMG-20240518-WA0232-300x226.jpg\" alt=\"\" width=\"300\" height=\"226\" srcset=\"https:\/\/portalnpm.com\/wp-content\/uploads\/2024\/05\/IMG-20240518-WA0232-300x226.jpg 300w, https:\/\/portalnpm.com\/wp-content\/uploads\/2024\/05\/IMG-20240518-WA0232-1024x771.jpg 1024w, https:\/\/portalnpm.com\/wp-content\/uploads\/2024\/05\/IMG-20240518-WA0232-768x578.jpg 768w, https:\/\/portalnpm.com\/wp-content\/uploads\/2024\/05\/IMG-20240518-WA0232-1536x1156.jpg 1536w, https:\/\/portalnpm.com\/wp-content\/uploads\/2024\/05\/IMG-20240518-WA0232.jpg 1600w\" sizes=\"(max-width: 300px) 100vw, 300px\" \/><figcaption id=\"caption-attachment-72898\" class=\"wp-caption-text\">Edimilson Biano juntamente com a fam\u00edlia adere a oposi\u00e7\u00e3o<\/figcaption><\/figure>\n<p>Na manh\u00e3 deste s\u00e1bado, 18 de maio, o grupo oposicionista de S\u00e3o Juli\u00e3o recebeu ades\u00e3o do ex-candidato a vereador Edimilson Biano, que deixou o grupo da situa\u00e7\u00e3o e aderiu para o campo oposicionista, que tem como pr\u00e9-candidato a prefeito, o vereador Renaldinho (PDT) e o pr\u00e9-candidato a vice Jos\u00e9 Neci (PT).<\/p>\n<p>Edimilson Biano foi candidato a vereador em 2016, pelo PP, contudo, em 2020, aderiu para o grupo do atual prefeito, Dr. Samuel Alencar (MDB), deixando agora o grupo situacionista e aderindo para a oposi\u00e7\u00e3o.<\/p>\n<p>Nos \u00faltimos dias tem sido intensa a movimenta\u00e7\u00e3o de pessoas que t\u00eam aderido \u00e0 pr\u00e9-candidatura do vereador Renaldinho ao Pa\u00e7o Municipal, fortalecendo o grupo para \u00e0s elei\u00e7\u00f5es municipais.<\/p>\n","protected":false},"excerpt":{"rendered":"<p>A oposi\u00e7\u00e3o de S\u00e3o Juli\u00e3o &#8211; PI vem ganhando novas ades\u00f5es, visando o processo pol\u00edtico-eleitoral de 06 de outubro no munic\u00edpio. Na manh\u00e3 deste s\u00e1bado, 18 de maio, o grupo oposicionista de S\u00e3o Juli\u00e3o recebeu ades\u00e3o do ex-candidato a vereador Edimilson Biano, que deixou o grupo da situa\u00e7\u00e3o e aderiu para o campo oposicionista, que &hellip;<\/p>\n","protected":false},"author":4,"featured_media":72896,"comment_status":"open","ping_status":"open","sticky":false,"template":"","format":"standard","meta":{"content-type":"","rop_custom_images_group":[],"rop_custom_messages_group":[],"rop_publish_now":"yes","rop_publish_now_accounts":{"facebook_2648258775420054_1618374048415101":""},"rop_publish_now_history":[],"rop_publish_now_status":"pending","footnotes":"","_jetpack_memberships_contains_paid_content":false},"categories":[113,109,3998],"tags":[15418,2202,894,855,4026,1197,176,135,1196,842,194],"yoast_head":"<!-- This site is optimized with the Yoast SEO plugin v22.3 - https:\/\/yoast.com\/wordpress\/plugins\/seo\/ -->\n<title>Em S\u00e3o Juli\u00e3o, ex-candidato a vereador deixa a base do prefeito e adere a oposi\u00e7\u00e3o; veja! - Portal NPM<\/title>\n<meta name=\"robots\" content=\"index, follow, max-snippet:-1, max-image-preview:large, max-video-preview:-1\" \/>\n<link rel=\"canonical\" href=\"https:\/\/portalnpm.com\/index.php\/2024\/05\/18\/em-sao-juliao-ex-candidato-a-vereador-deixa-a-base-do-prefeito-e-adere-a-oposicao-veja\/\" \/>\n<meta property=\"og:locale\" content=\"pt_BR\" \/>\n<meta property=\"og:type\" content=\"article\" \/>\n<meta property=\"og:title\" content=\"Em S\u00e3o Juli\u00e3o, ex-candidato a vereador deixa a base do prefeito e adere a oposi\u00e7\u00e3o; veja! - Portal NPM\" \/>\n<meta property=\"og:description\" content=\"A oposi\u00e7\u00e3o de S\u00e3o Juli\u00e3o &#8211; PI vem ganhando novas ades\u00f5es, visando o processo pol\u00edtico-eleitoral de 06 de outubro no munic\u00edpio. Na manh\u00e3 deste s\u00e1bado, 18 de maio, o grupo oposicionista de S\u00e3o Juli\u00e3o recebeu ades\u00e3o do ex-candidato a vereador Edimilson Biano, que deixou o grupo da situa\u00e7\u00e3o e aderiu para o campo oposicionista, que &hellip;\" \/>\n<meta property=\"og:url\" content=\"https:\/\/portalnpm.com\/index.php\/2024\/05\/18\/em-sao-juliao-ex-candidato-a-vereador-deixa-a-base-do-prefeito-e-adere-a-oposicao-veja\/\" \/>\n<meta property=\"og:site_name\" content=\"Portal NPM\" \/>\n<meta property=\"article:published_time\" content=\"2024-05-18T20:15:36+00:00\" \/>\n<meta property=\"og:image\" content=\"https:\/\/portalnpm.com\/wp-content\/uploads\/2024\/05\/IMG-20240518-WA0586.jpg\" \/>\n\t<meta property=\"og:image:width\" content=\"1200\" \/>\n\t<meta property=\"og:image:height\" content=\"1600\" \/>\n\t<meta property=\"og:image:type\" content=\"image\/jpeg\" \/>\n<meta name=\"author\" content=\"Reda\u00e7\u00e3o\" \/>\n<meta name=\"twitter:card\" content=\"summary_large_image\" \/>\n<meta name=\"twitter:label1\" content=\"Escrito por\" \/>\n\t<meta name=\"twitter:data1\" content=\"Reda\u00e7\u00e3o\" \/>\n\t<meta name=\"twitter:label2\" content=\"Est. tempo de leitura\" \/>\n\t<meta name=\"twitter:data2\" content=\"2 minutos\" \/>\n<script type=\"application\/ld+json\" class=\"yoast-schema-graph\">{\"@context\":\"https:\/\/schema.org\",\"@graph\":[{\"@type\":\"WebPage\",\"@id\":\"https:\/\/portalnpm.com\/index.php\/2024\/05\/18\/em-sao-juliao-ex-candidato-a-vereador-deixa-a-base-do-prefeito-e-adere-a-oposicao-veja\/\",\"url\":\"https:\/\/portalnpm.com\/index.php\/2024\/05\/18\/em-sao-juliao-ex-candidato-a-vereador-deixa-a-base-do-prefeito-e-adere-a-oposicao-veja\/\",\"name\":\"Em S\u00e3o Juli\u00e3o, ex-candidato a vereador deixa a base do prefeito e adere a oposi\u00e7\u00e3o; veja! - Portal NPM\",\"isPartOf\":{\"@id\":\"https:\/\/portalnpm.com\/#website\"},\"primaryImageOfPage\":{\"@id\":\"https:\/\/portalnpm.com\/index.php\/2024\/05\/18\/em-sao-juliao-ex-candidato-a-vereador-deixa-a-base-do-prefeito-e-adere-a-oposicao-veja\/#primaryimage\"},\"image\":{\"@id\":\"https:\/\/portalnpm.com\/index.php\/2024\/05\/18\/em-sao-juliao-ex-candidato-a-vereador-deixa-a-base-do-prefeito-e-adere-a-oposicao-veja\/#primaryimage\"},\"thumbnailUrl\":\"https:\/\/portalnpm.com\/wp-content\/uploads\/2024\/05\/IMG-20240518-WA0586.jpg\",\"datePublished\":\"2024-05-18T20:15:36+00:00\",\"dateModified\":\"2024-05-18T20:15:36+00:00\",\"author\":{\"@id\":\"https:\/\/portalnpm.com\/#\/schema\/person\/0b5f230ec96cee25504fa328e7f2b733\"},\"breadcrumb\":{\"@id\":\"https:\/\/portalnpm.com\/index.php\/2024\/05\/18\/em-sao-juliao-ex-candidato-a-vereador-deixa-a-base-do-prefeito-e-adere-a-oposicao-veja\/#breadcrumb\"},\"inLanguage\":\"pt-BR\",\"potentialAction\":[{\"@type\":\"ReadAction\",\"target\":[\"https:\/\/portalnpm.com\/index.php\/2024\/05\/18\/em-sao-juliao-ex-candidato-a-vereador-deixa-a-base-do-prefeito-e-adere-a-oposicao-veja\/\"]}]},{\"@type\":\"ImageObject\",\"inLanguage\":\"pt-BR\",\"@id\":\"https:\/\/portalnpm.com\/index.php\/2024\/05\/18\/em-sao-juliao-ex-candidato-a-vereador-deixa-a-base-do-prefeito-e-adere-a-oposicao-veja\/#primaryimage\",\"url\":\"https:\/\/portalnpm.com\/wp-content\/uploads\/2024\/05\/IMG-20240518-WA0586.jpg\",\"contentUrl\":\"https:\/\/portalnpm.com\/wp-content\/uploads\/2024\/05\/IMG-20240518-WA0586.jpg\",\"width\":1200,\"height\":1600},{\"@type\":\"BreadcrumbList\",\"@id\":\"https:\/\/portalnpm.com\/index.php\/2024\/05\/18\/em-sao-juliao-ex-candidato-a-vereador-deixa-a-base-do-prefeito-e-adere-a-oposicao-veja\/#breadcrumb\",\"itemListElement\":[{\"@type\":\"ListItem\",\"position\":1,\"name\":\"In\u00edcio\",\"item\":\"https:\/\/portalnpm.com\/\"},{\"@type\":\"ListItem\",\"position\":2,\"name\":\"Em S\u00e3o Juli\u00e3o, ex-candidato a vereador deixa a base do prefeito e adere a oposi\u00e7\u00e3o; veja!\"}]},{\"@type\":\"WebSite\",\"@id\":\"https:\/\/portalnpm.com\/#website\",\"url\":\"https:\/\/portalnpm.com\/\",\"name\":\"Portal NPM\",\"description\":\"Not\u00edcias em Primeira M\u00e3o\",\"potentialAction\":[{\"@type\":\"SearchAction\",\"target\":{\"@type\":\"EntryPoint\",\"urlTemplate\":\"https:\/\/portalnpm.com\/?s={search_term_string}\"},\"query-input\":\"required name=search_term_string\"}],\"inLanguage\":\"pt-BR\"},{\"@type\":\"Person\",\"@id\":\"https:\/\/portalnpm.com\/#\/schema\/person\/0b5f230ec96cee25504fa328e7f2b733\",\"name\":\"Reda\u00e7\u00e3o\",\"image\":{\"@type\":\"ImageObject\",\"inLanguage\":\"pt-BR\",\"@id\":\"https:\/\/portalnpm.com\/#\/schema\/person\/image\/\",\"url\":\"https:\/\/portalnpm.com\/wp-content\/uploads\/2024\/03\/avatar_user_4_1710097212-96x96.png\",\"contentUrl\":\"https:\/\/portalnpm.com\/wp-content\/uploads\/2024\/03\/avatar_user_4_1710097212-96x96.png\",\"caption\":\"Reda\u00e7\u00e3o\"},\"url\":\"https:\/\/portalnpm.com\/index.php\/author\/redacao\/\"}]}<\/script>\n<!-- \/ Yoast SEO plugin. -->","yoast_head_json":{"title":"Em S\u00e3o Juli\u00e3o, ex-candidato a vereador deixa a base do prefeito e adere a oposi\u00e7\u00e3o; veja! - Portal NPM","robots":{"index":"index","follow":"follow","max-snippet":"max-snippet:-1","max-image-preview":"max-image-preview:large","max-video-preview":"max-video-preview:-1"},"canonical":"https:\/\/portalnpm.com\/index.php\/2024\/05\/18\/em-sao-juliao-ex-candidato-a-vereador-deixa-a-base-do-prefeito-e-adere-a-oposicao-veja\/","og_locale":"pt_BR","og_type":"article","og_title":"Em S\u00e3o Juli\u00e3o, ex-candidato a vereador deixa a base do prefeito e adere a oposi\u00e7\u00e3o; veja! - Portal NPM","og_description":"A oposi\u00e7\u00e3o de S\u00e3o Juli\u00e3o &#8211; PI vem ganhando novas ades\u00f5es, visando o processo pol\u00edtico-eleitoral de 06 de outubro no munic\u00edpio. Na manh\u00e3 deste s\u00e1bado, 18 de maio, o grupo oposicionista de S\u00e3o Juli\u00e3o recebeu ades\u00e3o do ex-candidato a vereador Edimilson Biano, que deixou o grupo da situa\u00e7\u00e3o e aderiu para o campo oposicionista, que &hellip;","og_url":"https:\/\/portalnpm.com\/index.php\/2024\/05\/18\/em-sao-juliao-ex-candidato-a-vereador-deixa-a-base-do-prefeito-e-adere-a-oposicao-veja\/","og_site_name":"Portal NPM","article_published_time":"2024-05-18T20:15:36+00:00","og_image":[{"width":1200,"height":1600,"url":"https:\/\/portalnpm.com\/wp-content\/uploads\/2024\/05\/IMG-20240518-WA0586.jpg","type":"image\/jpeg"}],"author":"Reda\u00e7\u00e3o","twitter_card":"summary_large_image","twitter_misc":{"Escrito por":"Reda\u00e7\u00e3o","Est. tempo de leitura":"2 minutos"},"schema":{"@context":"https:\/\/schema.org","@graph":[{"@type":"WebPage","@id":"https:\/\/portalnpm.com\/index.php\/2024\/05\/18\/em-sao-juliao-ex-candidato-a-vereador-deixa-a-base-do-prefeito-e-adere-a-oposicao-veja\/","url":"https:\/\/portalnpm.com\/index.php\/2024\/05\/18\/em-sao-juliao-ex-candidato-a-vereador-deixa-a-base-do-prefeito-e-adere-a-oposicao-veja\/","name":"Em S\u00e3o Juli\u00e3o, ex-candidato a vereador deixa a base do prefeito e adere a oposi\u00e7\u00e3o; veja! - Portal NPM","isPartOf":{"@id":"https:\/\/portalnpm.com\/#website"},"primaryImageOfPage":{"@id":"https:\/\/portalnpm.com\/index.php\/2024\/05\/18\/em-sao-juliao-ex-candidato-a-vereador-deixa-a-base-do-prefeito-e-adere-a-oposicao-veja\/#primaryimage"},"image":{"@id":"https:\/\/portalnpm.com\/index.php\/2024\/05\/18\/em-sao-juliao-ex-candidato-a-vereador-deixa-a-base-do-prefeito-e-adere-a-oposicao-veja\/#primaryimage"},"thumbnailUrl":"https:\/\/portalnpm.com\/wp-content\/uploads\/2024\/05\/IMG-20240518-WA0586.jpg","datePublished":"2024-05-18T20:15:36+00:00","dateModified":"2024-05-18T20:15:36+00:00","author":{"@id":"https:\/\/portalnpm.com\/#\/schema\/person\/0b5f230ec96cee25504fa328e7f2b733"},"breadcrumb":{"@id":"https:\/\/portalnpm.com\/index.php\/2024\/05\/18\/em-sao-juliao-ex-candidato-a-vereador-deixa-a-base-do-prefeito-e-adere-a-oposicao-veja\/#breadcrumb"},"inLanguage":"pt-BR","potentialAction":[{"@type":"ReadAction","target":["https:\/\/portalnpm.com\/index.php\/2024\/05\/18\/em-sao-juliao-ex-candidato-a-vereador-deixa-a-base-do-prefeito-e-adere-a-oposicao-veja\/"]}]},{"@type":"ImageObject","inLanguage":"pt-BR","@id":"https:\/\/portalnpm.com\/index.php\/2024\/05\/18\/em-sao-juliao-ex-candidato-a-vereador-deixa-a-base-do-prefeito-e-adere-a-oposicao-veja\/#primaryimage","url":"https:\/\/portalnpm.com\/wp-content\/uploads\/2024\/05\/IMG-20240518-WA0586.jpg","contentUrl":"https:\/\/portalnpm.com\/wp-content\/uploads\/2024\/05\/IMG-20240518-WA0586.jpg","width":1200,"height":1600},{"@type":"BreadcrumbList","@id":"https:\/\/portalnpm.com\/index.php\/2024\/05\/18\/em-sao-juliao-ex-candidato-a-vereador-deixa-a-base-do-prefeito-e-adere-a-oposicao-veja\/#breadcrumb","itemListElement":[{"@type":"ListItem","position":1,"name":"In\u00edcio","item":"https:\/\/portalnpm.com\/"},{"@type":"ListItem","position":2,"name":"Em S\u00e3o Juli\u00e3o, ex-candidato a vereador deixa a base do prefeito e adere a oposi\u00e7\u00e3o; veja!"}]},{"@type":"WebSite","@id":"https:\/\/portalnpm.com\/#website","url":"https:\/\/portalnpm.com\/","name":"Portal NPM","description":"Not\u00edcias em Primeira M\u00e3o","potentialAction":[{"@type":"SearchAction","target":{"@type":"EntryPoint","urlTemplate":"https:\/\/portalnpm.com\/?s={search_term_string}"},"query-input":"required name=search_term_string"}],"inLanguage":"pt-BR"},{"@type":"Person","@id":"https:\/\/portalnpm.com\/#\/schema\/person\/0b5f230ec96cee25504fa328e7f2b733","name":"Reda\u00e7\u00e3o","image":{"@type":"ImageObject","inLanguage":"pt-BR","@id":"https:\/\/portalnpm.com\/#\/schema\/person\/image\/","url":"https:\/\/portalnpm.com\/wp-content\/uploads\/2024\/03\/avatar_user_4_1710097212-96x96.png","contentUrl":"https:\/\/portalnpm.com\/wp-content\/uploads\/2024\/03\/avatar_user_4_1710097212-96x96.png","caption":"Reda\u00e7\u00e3o"},"url":"https:\/\/portalnpm.com\/index.php\/author\/redacao\/"}]}},"jetpack_sharing_enabled":true,"jetpack_featured_media_url":"https:\/\/portalnpm.com\/wp-content\/uploads\/2024\/05\/IMG-20240518-WA0586.jpg","_links":{"self":[{"href":"https:\/\/portalnpm.com\/index.php\/wp-json\/wp\/v2\/posts\/72895"}],"collection":[{"href":"https:\/\/portalnpm.com\/index.php\/wp-json\/wp\/v2\/posts"}],"about":[{"href":"https:\/\/portalnpm.com\/index.php\/wp-json\/wp\/v2\/types\/post"}],"author":[{"embeddable":true,"href":"https:\/\/portalnpm.com\/index.php\/wp-json\/wp\/v2\/users\/4"}],"replies":[{"embeddable":true,"href":"https:\/\/portalnpm.com\/index.php\/wp-json\/wp\/v2\/comments?post=72895"}],"version-history":[{"count":2,"href":"https:\/\/portalnpm.com\/index.php\/wp-json\/wp\/v2\/posts\/72895\/revisions"}],"predecessor-version":[{"id":72901,"href":"https:\/\/portalnpm.com\/index.php\/wp-json\/wp\/v2\/posts\/72895\/revisions\/72901"}],"wp:featuredmedia":[{"embeddable":true,"href":"https:\/\/portalnpm.com\/index.php\/wp-json\/wp\/v2\/media\/72896"}],"wp:attachment":[{"href":"https:\/\/portalnpm.com\/index.php\/wp-json\/wp\/v2\/media?parent=72895"}],"wp:term":[{"taxonomy":"category","embeddable":true,"href":"https:\/\/portalnpm.com\/index.php\/wp-json\/wp\/v2\/categories?post=72895"},{"taxonomy":"post_tag","embeddable":true,"href":"https:\/\/portalnpm.com\/index.php\/wp-json\/wp\/v2\/tags?post=72895"}],"curies":[{"name":"wp","href":"https:\/\/api.w.org\/{rel}","templated":true}]}}