{"id":72967,"date":"2024-05-25T09:33:00","date_gmt":"2024-05-25T12:33:00","guid":{"rendered":"https:\/\/portalnpm.com\/?p=72967"},"modified":"2024-05-25T10:48:43","modified_gmt":"2024-05-25T13:48:43","slug":"camara-municipal-de-vereadores-de-sao-juliao-realiza-setima-sessao-ordinaria-veja","status":"publish","type":"post","link":"https:\/\/portalnpm.com\/index.php\/2024\/05\/25\/camara-municipal-de-vereadores-de-sao-juliao-realiza-setima-sessao-ordinaria-veja\/","title":{"rendered":"C\u00e2mara Municipal de Vereadores de S\u00e3o Juli\u00e3o realiza S\u00e9tima Sess\u00e3o Ordin\u00e1ria; veja!"},"content":{"rendered":"<p>Na noite desta sexta-feira, 24 de maio, aconteceu a S\u00e9tima Sess\u00e3o Ordin\u00e1ria da C\u00e2mara Municipal de Vereadores de S\u00e3o Juli\u00e3o &#8211; PI, que tem \u00e0 frente o vereador Edisaldo Rocha (PT).<\/p>\n<p><strong><em>Segue o link da Sess\u00e3o:\u00a0<\/em><\/strong><\/p>\n<p><iframe title=\"S\u00c9TIMA SESS\u00c3O ORDIN\u00c1RIA DO LEGISLATIVO DA C\u00c2MARA DE S\u00c3O JULI\u00c3O - PI 2024.\" width=\"500\" height=\"375\" src=\"https:\/\/www.youtube.com\/embed\/TDVXPdUcVZ4?feature=oembed\" frameborder=\"0\" allow=\"accelerometer; autoplay; clipboard-write; encrypted-media; gyroscope; picture-in-picture; web-share\" referrerpolicy=\"strict-origin-when-cross-origin\" allowfullscreen><\/iframe><\/p>\n<p>A Sess\u00e3o foi presidida pelo vice-presidente da casa, vereador Guaran\u00e1 (PDT), e contou com a presen\u00e7a de sete vereadores.<\/p>\n<figure id=\"attachment_72971\" aria-describedby=\"caption-attachment-72971\" style=\"width: 300px\" class=\"wp-caption alignnone\"><img fetchpriority=\"high\" decoding=\"async\" class=\"size-medium wp-image-72971\" src=\"https:\/\/portalnpm.com\/wp-content\/uploads\/2024\/05\/IMG-20240524-WA0478-300x300.jpg\" alt=\"\" width=\"300\" height=\"300\" srcset=\"https:\/\/portalnpm.com\/wp-content\/uploads\/2024\/05\/IMG-20240524-WA0478-300x300.jpg 300w, https:\/\/portalnpm.com\/wp-content\/uploads\/2024\/05\/IMG-20240524-WA0478-150x150.jpg 150w, https:\/\/portalnpm.com\/wp-content\/uploads\/2024\/05\/IMG-20240524-WA0478-768x768.jpg 768w, https:\/\/portalnpm.com\/wp-content\/uploads\/2024\/05\/IMG-20240524-WA0478.jpg 1000w\" sizes=\"(max-width: 300px) 100vw, 300px\" \/><figcaption id=\"caption-attachment-72971\" class=\"wp-caption-text\">Guaran\u00e1 (PDT), vice-presidente da C\u00e2mara Municipal<\/figcaption><\/figure>\n<p>Os vereadores Guaran\u00e1, Acelino da Regina e N\u00e9 Rocha cobraram da gest\u00e3o p\u00fablica municipal a manuten\u00e7\u00e3o das passagens molhadas, destaque para a passagem molhada do matadouro, que d\u00e1 acesso ao centro da cidade, que segundo os parlamentares, est\u00e1 se deteriorando. Os vereadores cobraram tamb\u00e9m em rela\u00e7\u00e3o aos ro\u00e7os nas estradas vicinais, que est\u00e3o sendo feitos pela m\u00e1quina ro\u00e7adeira, por\u00e9m deixando restos de galhos de \u00e1rvores no meio das estradas e interferindo na passagem das pessoas.<\/p>\n<p>O vereador Jo\u00e3o Neto (MDB), l\u00edder do prefeito na c\u00e2mara municipal, destacou a obra no bairro S\u00e3o Vicente, pr\u00f3ximo ao col\u00e9gio Apr\u00edgio Pereira Bezerra. Segundo o parlamentar, a obra est\u00e1 sendo feita por etapas, contudo, ser\u00e1 conclu\u00edda sem deixar danos e em perfeito estado. Jo\u00e3o Neto ainda enfatizou\u00a0 sobre os precat\u00f3rios e ressaltou que o processo est\u00e1 seguindo os tr\u00e2mites legais.<\/p>\n<p>A sess\u00e3o foi transmitida ao vivo pela plataforma YouTube, no canal da C\u00e2mara Municipal.<\/p>\n<figure id=\"attachment_72979\" aria-describedby=\"caption-attachment-72979\" style=\"width: 300px\" class=\"wp-caption alignnone\"><img decoding=\"async\" class=\"size-medium wp-image-72979\" src=\"https:\/\/portalnpm.com\/wp-content\/uploads\/2024\/05\/IMG-20240524-WA0549-300x300.jpg\" alt=\"\" width=\"300\" height=\"300\" srcset=\"https:\/\/portalnpm.com\/wp-content\/uploads\/2024\/05\/IMG-20240524-WA0549-300x300.jpg 300w, https:\/\/portalnpm.com\/wp-content\/uploads\/2024\/05\/IMG-20240524-WA0549-1024x1024.jpg 1024w, https:\/\/portalnpm.com\/wp-content\/uploads\/2024\/05\/IMG-20240524-WA0549-150x150.jpg 150w, https:\/\/portalnpm.com\/wp-content\/uploads\/2024\/05\/IMG-20240524-WA0549-768x768.jpg 768w, https:\/\/portalnpm.com\/wp-content\/uploads\/2024\/05\/IMG-20240524-WA0549-1536x1536.jpg 1536w, https:\/\/portalnpm.com\/wp-content\/uploads\/2024\/05\/IMG-20240524-WA0549-2048x2048.jpg 2048w\" sizes=\"(max-width: 300px) 100vw, 300px\" \/><figcaption id=\"caption-attachment-72979\" class=\"wp-caption-text\">Legislativo municipal de S\u00e3o Juli\u00e3o realiza S\u00e9tima Sess\u00e3o Ordin\u00e1ria<\/figcaption><\/figure>\n<p><img decoding=\"async\" class=\"alignnone size-medium wp-image-72972\" src=\"https:\/\/portalnpm.com\/wp-content\/uploads\/2024\/05\/IMG-20240524-WA0482-300x300.jpg\" alt=\"\" width=\"300\" height=\"300\" srcset=\"https:\/\/portalnpm.com\/wp-content\/uploads\/2024\/05\/IMG-20240524-WA0482-300x300.jpg 300w, https:\/\/portalnpm.com\/wp-content\/uploads\/2024\/05\/IMG-20240524-WA0482-150x150.jpg 150w, https:\/\/portalnpm.com\/wp-content\/uploads\/2024\/05\/IMG-20240524-WA0482-768x768.jpg 768w, https:\/\/portalnpm.com\/wp-content\/uploads\/2024\/05\/IMG-20240524-WA0482.jpg 1000w\" sizes=\"(max-width: 300px) 100vw, 300px\" \/> <img loading=\"lazy\" decoding=\"async\" class=\"alignnone size-medium wp-image-72973\" src=\"https:\/\/portalnpm.com\/wp-content\/uploads\/2024\/05\/IMG-20240524-WA0481-300x300.jpg\" alt=\"\" width=\"300\" height=\"300\" srcset=\"https:\/\/portalnpm.com\/wp-content\/uploads\/2024\/05\/IMG-20240524-WA0481-300x300.jpg 300w, https:\/\/portalnpm.com\/wp-content\/uploads\/2024\/05\/IMG-20240524-WA0481-150x150.jpg 150w, https:\/\/portalnpm.com\/wp-content\/uploads\/2024\/05\/IMG-20240524-WA0481-768x768.jpg 768w, https:\/\/portalnpm.com\/wp-content\/uploads\/2024\/05\/IMG-20240524-WA0481.jpg 1000w\" sizes=\"(max-width: 300px) 100vw, 300px\" \/> <img loading=\"lazy\" decoding=\"async\" class=\"alignnone size-medium wp-image-72974\" src=\"https:\/\/portalnpm.com\/wp-content\/uploads\/2024\/05\/IMG-20240524-WA0480-300x300.jpg\" alt=\"\" width=\"300\" height=\"300\" srcset=\"https:\/\/portalnpm.com\/wp-content\/uploads\/2024\/05\/IMG-20240524-WA0480-300x300.jpg 300w, https:\/\/portalnpm.com\/wp-content\/uploads\/2024\/05\/IMG-20240524-WA0480-150x150.jpg 150w, https:\/\/portalnpm.com\/wp-content\/uploads\/2024\/05\/IMG-20240524-WA0480-768x768.jpg 768w, https:\/\/portalnpm.com\/wp-content\/uploads\/2024\/05\/IMG-20240524-WA0480.jpg 1000w\" sizes=\"(max-width: 300px) 100vw, 300px\" \/> <img loading=\"lazy\" decoding=\"async\" class=\"alignnone size-medium wp-image-72975\" src=\"https:\/\/portalnpm.com\/wp-content\/uploads\/2024\/05\/IMG-20240524-WA0479-300x300.jpg\" alt=\"\" width=\"300\" height=\"300\" srcset=\"https:\/\/portalnpm.com\/wp-content\/uploads\/2024\/05\/IMG-20240524-WA0479-300x300.jpg 300w, https:\/\/portalnpm.com\/wp-content\/uploads\/2024\/05\/IMG-20240524-WA0479-150x150.jpg 150w, https:\/\/portalnpm.com\/wp-content\/uploads\/2024\/05\/IMG-20240524-WA0479-768x768.jpg 768w, https:\/\/portalnpm.com\/wp-content\/uploads\/2024\/05\/IMG-20240524-WA0479.jpg 1000w\" sizes=\"(max-width: 300px) 100vw, 300px\" \/> <img loading=\"lazy\" decoding=\"async\" class=\"alignnone size-medium wp-image-72976\" src=\"https:\/\/portalnpm.com\/wp-content\/uploads\/2024\/05\/IMG-20240524-WA0477-300x300.jpg\" alt=\"\" width=\"300\" height=\"300\" srcset=\"https:\/\/portalnpm.com\/wp-content\/uploads\/2024\/05\/IMG-20240524-WA0477-300x300.jpg 300w, https:\/\/portalnpm.com\/wp-content\/uploads\/2024\/05\/IMG-20240524-WA0477-150x150.jpg 150w, https:\/\/portalnpm.com\/wp-content\/uploads\/2024\/05\/IMG-20240524-WA0477-768x768.jpg 768w, https:\/\/portalnpm.com\/wp-content\/uploads\/2024\/05\/IMG-20240524-WA0477.jpg 1000w\" sizes=\"(max-width: 300px) 100vw, 300px\" \/><\/p>\n<p><strong><em>Fotos: Carlos Thadeu<\/em><\/strong><\/p>\n<p><strong><em>Reda\u00e7\u00e3o do Portal NPM\u00a0<\/em><\/strong><\/p>\n","protected":false},"excerpt":{"rendered":"<p>Na noite desta sexta-feira, 24 de maio, aconteceu a S\u00e9tima Sess\u00e3o Ordin\u00e1ria da C\u00e2mara Municipal de Vereadores de S\u00e3o Juli\u00e3o &#8211; PI, que tem \u00e0 frente o vereador Edisaldo Rocha (PT). Segue o link da Sess\u00e3o:\u00a0 A Sess\u00e3o foi presidida pelo vice-presidente da casa, vereador Guaran\u00e1 (PDT), e contou com a presen\u00e7a de sete vereadores. &hellip;<\/p>\n","protected":false},"author":4,"featured_media":72983,"comment_status":"open","ping_status":"open","sticky":false,"template":"","format":"standard","meta":{"content-type":"","rop_custom_images_group":[],"rop_custom_messages_group":[],"rop_publish_now":"yes","rop_publish_now_accounts":{"facebook_2648258775420054_1618374048415101":""},"rop_publish_now_history":[],"rop_publish_now_status":"pending","footnotes":"","_jetpack_memberships_contains_paid_content":false},"categories":[113,109,3998],"tags":[526,230,1197,1923,14664,1143,1196,4183,4733,842,3337],"yoast_head":"<!-- This site is optimized with the Yoast SEO plugin v22.3 - https:\/\/yoast.com\/wordpress\/plugins\/seo\/ -->\n<title>C\u00e2mara Municipal de Vereadores de S\u00e3o Juli\u00e3o realiza S\u00e9tima Sess\u00e3o Ordin\u00e1ria; veja! - Portal NPM<\/title>\n<meta name=\"robots\" content=\"index, follow, max-snippet:-1, max-image-preview:large, max-video-preview:-1\" \/>\n<link rel=\"canonical\" href=\"https:\/\/portalnpm.com\/index.php\/2024\/05\/25\/camara-municipal-de-vereadores-de-sao-juliao-realiza-setima-sessao-ordinaria-veja\/\" \/>\n<meta property=\"og:locale\" content=\"pt_BR\" \/>\n<meta property=\"og:type\" content=\"article\" \/>\n<meta property=\"og:title\" content=\"C\u00e2mara Municipal de Vereadores de S\u00e3o Juli\u00e3o realiza S\u00e9tima Sess\u00e3o Ordin\u00e1ria; veja! - Portal NPM\" \/>\n<meta property=\"og:description\" content=\"Na noite desta sexta-feira, 24 de maio, aconteceu a S\u00e9tima Sess\u00e3o Ordin\u00e1ria da C\u00e2mara Municipal de Vereadores de S\u00e3o Juli\u00e3o &#8211; PI, que tem \u00e0 frente o vereador Edisaldo Rocha (PT). Segue o link da Sess\u00e3o:\u00a0 A Sess\u00e3o foi presidida pelo vice-presidente da casa, vereador Guaran\u00e1 (PDT), e contou com a presen\u00e7a de sete vereadores. &hellip;\" \/>\n<meta property=\"og:url\" content=\"https:\/\/portalnpm.com\/index.php\/2024\/05\/25\/camara-municipal-de-vereadores-de-sao-juliao-realiza-setima-sessao-ordinaria-veja\/\" \/>\n<meta property=\"og:site_name\" content=\"Portal NPM\" \/>\n<meta property=\"article:published_time\" content=\"2024-05-25T12:33:00+00:00\" \/>\n<meta property=\"article:modified_time\" content=\"2024-05-25T13:48:43+00:00\" \/>\n<meta property=\"og:image\" content=\"https:\/\/portalnpm.com\/wp-content\/uploads\/2024\/05\/IMG-20240524-WA0564-1.jpg\" \/>\n\t<meta property=\"og:image:width\" content=\"1024\" \/>\n\t<meta property=\"og:image:height\" content=\"536\" \/>\n\t<meta property=\"og:image:type\" content=\"image\/jpeg\" \/>\n<meta name=\"author\" content=\"Reda\u00e7\u00e3o\" \/>\n<meta name=\"twitter:card\" content=\"summary_large_image\" \/>\n<meta name=\"twitter:label1\" content=\"Escrito por\" \/>\n\t<meta name=\"twitter:data1\" content=\"Reda\u00e7\u00e3o\" \/>\n\t<meta name=\"twitter:label2\" content=\"Est. tempo de leitura\" \/>\n\t<meta name=\"twitter:data2\" content=\"3 minutos\" \/>\n<script type=\"application\/ld+json\" class=\"yoast-schema-graph\">{\"@context\":\"https:\/\/schema.org\",\"@graph\":[{\"@type\":\"WebPage\",\"@id\":\"https:\/\/portalnpm.com\/index.php\/2024\/05\/25\/camara-municipal-de-vereadores-de-sao-juliao-realiza-setima-sessao-ordinaria-veja\/\",\"url\":\"https:\/\/portalnpm.com\/index.php\/2024\/05\/25\/camara-municipal-de-vereadores-de-sao-juliao-realiza-setima-sessao-ordinaria-veja\/\",\"name\":\"C\u00e2mara Municipal de Vereadores de S\u00e3o Juli\u00e3o realiza S\u00e9tima Sess\u00e3o Ordin\u00e1ria; veja! - Portal NPM\",\"isPartOf\":{\"@id\":\"https:\/\/portalnpm.com\/#website\"},\"primaryImageOfPage\":{\"@id\":\"https:\/\/portalnpm.com\/index.php\/2024\/05\/25\/camara-municipal-de-vereadores-de-sao-juliao-realiza-setima-sessao-ordinaria-veja\/#primaryimage\"},\"image\":{\"@id\":\"https:\/\/portalnpm.com\/index.php\/2024\/05\/25\/camara-municipal-de-vereadores-de-sao-juliao-realiza-setima-sessao-ordinaria-veja\/#primaryimage\"},\"thumbnailUrl\":\"https:\/\/portalnpm.com\/wp-content\/uploads\/2024\/05\/IMG-20240524-WA0564-1.jpg\",\"datePublished\":\"2024-05-25T12:33:00+00:00\",\"dateModified\":\"2024-05-25T13:48:43+00:00\",\"author\":{\"@id\":\"https:\/\/portalnpm.com\/#\/schema\/person\/0b5f230ec96cee25504fa328e7f2b733\"},\"breadcrumb\":{\"@id\":\"https:\/\/portalnpm.com\/index.php\/2024\/05\/25\/camara-municipal-de-vereadores-de-sao-juliao-realiza-setima-sessao-ordinaria-veja\/#breadcrumb\"},\"inLanguage\":\"pt-BR\",\"potentialAction\":[{\"@type\":\"ReadAction\",\"target\":[\"https:\/\/portalnpm.com\/index.php\/2024\/05\/25\/camara-municipal-de-vereadores-de-sao-juliao-realiza-setima-sessao-ordinaria-veja\/\"]}]},{\"@type\":\"ImageObject\",\"inLanguage\":\"pt-BR\",\"@id\":\"https:\/\/portalnpm.com\/index.php\/2024\/05\/25\/camara-municipal-de-vereadores-de-sao-juliao-realiza-setima-sessao-ordinaria-veja\/#primaryimage\",\"url\":\"https:\/\/portalnpm.com\/wp-content\/uploads\/2024\/05\/IMG-20240524-WA0564-1.jpg\",\"contentUrl\":\"https:\/\/portalnpm.com\/wp-content\/uploads\/2024\/05\/IMG-20240524-WA0564-1.jpg\",\"width\":1024,\"height\":536,\"caption\":\"Legislativo municipal de S\u00e3o Juli\u00e3o realiza S\u00e9tima Sess\u00e3o Ordin\u00e1ria\"},{\"@type\":\"BreadcrumbList\",\"@id\":\"https:\/\/portalnpm.com\/index.php\/2024\/05\/25\/camara-municipal-de-vereadores-de-sao-juliao-realiza-setima-sessao-ordinaria-veja\/#breadcrumb\",\"itemListElement\":[{\"@type\":\"ListItem\",\"position\":1,\"name\":\"In\u00edcio\",\"item\":\"https:\/\/portalnpm.com\/\"},{\"@type\":\"ListItem\",\"position\":2,\"name\":\"C\u00e2mara Municipal de Vereadores de S\u00e3o Juli\u00e3o realiza S\u00e9tima Sess\u00e3o Ordin\u00e1ria; veja!\"}]},{\"@type\":\"WebSite\",\"@id\":\"https:\/\/portalnpm.com\/#website\",\"url\":\"https:\/\/portalnpm.com\/\",\"name\":\"Portal NPM\",\"description\":\"Not\u00edcias em Primeira M\u00e3o\",\"potentialAction\":[{\"@type\":\"SearchAction\",\"target\":{\"@type\":\"EntryPoint\",\"urlTemplate\":\"https:\/\/portalnpm.com\/?s={search_term_string}\"},\"query-input\":\"required name=search_term_string\"}],\"inLanguage\":\"pt-BR\"},{\"@type\":\"Person\",\"@id\":\"https:\/\/portalnpm.com\/#\/schema\/person\/0b5f230ec96cee25504fa328e7f2b733\",\"name\":\"Reda\u00e7\u00e3o\",\"image\":{\"@type\":\"ImageObject\",\"inLanguage\":\"pt-BR\",\"@id\":\"https:\/\/portalnpm.com\/#\/schema\/person\/image\/\",\"url\":\"https:\/\/portalnpm.com\/wp-content\/uploads\/2024\/03\/avatar_user_4_1710097212-96x96.png\",\"contentUrl\":\"https:\/\/portalnpm.com\/wp-content\/uploads\/2024\/03\/avatar_user_4_1710097212-96x96.png\",\"caption\":\"Reda\u00e7\u00e3o\"},\"url\":\"https:\/\/portalnpm.com\/index.php\/author\/redacao\/\"}]}<\/script>\n<!-- \/ Yoast SEO plugin. -->","yoast_head_json":{"title":"C\u00e2mara Municipal de Vereadores de S\u00e3o Juli\u00e3o realiza S\u00e9tima Sess\u00e3o Ordin\u00e1ria; veja! - Portal NPM","robots":{"index":"index","follow":"follow","max-snippet":"max-snippet:-1","max-image-preview":"max-image-preview:large","max-video-preview":"max-video-preview:-1"},"canonical":"https:\/\/portalnpm.com\/index.php\/2024\/05\/25\/camara-municipal-de-vereadores-de-sao-juliao-realiza-setima-sessao-ordinaria-veja\/","og_locale":"pt_BR","og_type":"article","og_title":"C\u00e2mara Municipal de Vereadores de S\u00e3o Juli\u00e3o realiza S\u00e9tima Sess\u00e3o Ordin\u00e1ria; veja! - Portal NPM","og_description":"Na noite desta sexta-feira, 24 de maio, aconteceu a S\u00e9tima Sess\u00e3o Ordin\u00e1ria da C\u00e2mara Municipal de Vereadores de S\u00e3o Juli\u00e3o &#8211; PI, que tem \u00e0 frente o vereador Edisaldo Rocha (PT). Segue o link da Sess\u00e3o:\u00a0 A Sess\u00e3o foi presidida pelo vice-presidente da casa, vereador Guaran\u00e1 (PDT), e contou com a presen\u00e7a de sete vereadores. &hellip;","og_url":"https:\/\/portalnpm.com\/index.php\/2024\/05\/25\/camara-municipal-de-vereadores-de-sao-juliao-realiza-setima-sessao-ordinaria-veja\/","og_site_name":"Portal NPM","article_published_time":"2024-05-25T12:33:00+00:00","article_modified_time":"2024-05-25T13:48:43+00:00","og_image":[{"width":1024,"height":536,"url":"https:\/\/portalnpm.com\/wp-content\/uploads\/2024\/05\/IMG-20240524-WA0564-1.jpg","type":"image\/jpeg"}],"author":"Reda\u00e7\u00e3o","twitter_card":"summary_large_image","twitter_misc":{"Escrito por":"Reda\u00e7\u00e3o","Est. tempo de leitura":"3 minutos"},"schema":{"@context":"https:\/\/schema.org","@graph":[{"@type":"WebPage","@id":"https:\/\/portalnpm.com\/index.php\/2024\/05\/25\/camara-municipal-de-vereadores-de-sao-juliao-realiza-setima-sessao-ordinaria-veja\/","url":"https:\/\/portalnpm.com\/index.php\/2024\/05\/25\/camara-municipal-de-vereadores-de-sao-juliao-realiza-setima-sessao-ordinaria-veja\/","name":"C\u00e2mara Municipal de Vereadores de S\u00e3o Juli\u00e3o realiza S\u00e9tima Sess\u00e3o Ordin\u00e1ria; veja! - Portal NPM","isPartOf":{"@id":"https:\/\/portalnpm.com\/#website"},"primaryImageOfPage":{"@id":"https:\/\/portalnpm.com\/index.php\/2024\/05\/25\/camara-municipal-de-vereadores-de-sao-juliao-realiza-setima-sessao-ordinaria-veja\/#primaryimage"},"image":{"@id":"https:\/\/portalnpm.com\/index.php\/2024\/05\/25\/camara-municipal-de-vereadores-de-sao-juliao-realiza-setima-sessao-ordinaria-veja\/#primaryimage"},"thumbnailUrl":"https:\/\/portalnpm.com\/wp-content\/uploads\/2024\/05\/IMG-20240524-WA0564-1.jpg","datePublished":"2024-05-25T12:33:00+00:00","dateModified":"2024-05-25T13:48:43+00:00","author":{"@id":"https:\/\/portalnpm.com\/#\/schema\/person\/0b5f230ec96cee25504fa328e7f2b733"},"breadcrumb":{"@id":"https:\/\/portalnpm.com\/index.php\/2024\/05\/25\/camara-municipal-de-vereadores-de-sao-juliao-realiza-setima-sessao-ordinaria-veja\/#breadcrumb"},"inLanguage":"pt-BR","potentialAction":[{"@type":"ReadAction","target":["https:\/\/portalnpm.com\/index.php\/2024\/05\/25\/camara-municipal-de-vereadores-de-sao-juliao-realiza-setima-sessao-ordinaria-veja\/"]}]},{"@type":"ImageObject","inLanguage":"pt-BR","@id":"https:\/\/portalnpm.com\/index.php\/2024\/05\/25\/camara-municipal-de-vereadores-de-sao-juliao-realiza-setima-sessao-ordinaria-veja\/#primaryimage","url":"https:\/\/portalnpm.com\/wp-content\/uploads\/2024\/05\/IMG-20240524-WA0564-1.jpg","contentUrl":"https:\/\/portalnpm.com\/wp-content\/uploads\/2024\/05\/IMG-20240524-WA0564-1.jpg","width":1024,"height":536,"caption":"Legislativo municipal de S\u00e3o Juli\u00e3o realiza S\u00e9tima Sess\u00e3o Ordin\u00e1ria"},{"@type":"BreadcrumbList","@id":"https:\/\/portalnpm.com\/index.php\/2024\/05\/25\/camara-municipal-de-vereadores-de-sao-juliao-realiza-setima-sessao-ordinaria-veja\/#breadcrumb","itemListElement":[{"@type":"ListItem","position":1,"name":"In\u00edcio","item":"https:\/\/portalnpm.com\/"},{"@type":"ListItem","position":2,"name":"C\u00e2mara Municipal de Vereadores de S\u00e3o Juli\u00e3o realiza S\u00e9tima Sess\u00e3o Ordin\u00e1ria; veja!"}]},{"@type":"WebSite","@id":"https:\/\/portalnpm.com\/#website","url":"https:\/\/portalnpm.com\/","name":"Portal NPM","description":"Not\u00edcias em Primeira M\u00e3o","potentialAction":[{"@type":"SearchAction","target":{"@type":"EntryPoint","urlTemplate":"https:\/\/portalnpm.com\/?s={search_term_string}"},"query-input":"required name=search_term_string"}],"inLanguage":"pt-BR"},{"@type":"Person","@id":"https:\/\/portalnpm.com\/#\/schema\/person\/0b5f230ec96cee25504fa328e7f2b733","name":"Reda\u00e7\u00e3o","image":{"@type":"ImageObject","inLanguage":"pt-BR","@id":"https:\/\/portalnpm.com\/#\/schema\/person\/image\/","url":"https:\/\/portalnpm.com\/wp-content\/uploads\/2024\/03\/avatar_user_4_1710097212-96x96.png","contentUrl":"https:\/\/portalnpm.com\/wp-content\/uploads\/2024\/03\/avatar_user_4_1710097212-96x96.png","caption":"Reda\u00e7\u00e3o"},"url":"https:\/\/portalnpm.com\/index.php\/author\/redacao\/"}]}},"jetpack_sharing_enabled":true,"jetpack_featured_media_url":"https:\/\/portalnpm.com\/wp-content\/uploads\/2024\/05\/IMG-20240524-WA0564-1.jpg","_links":{"self":[{"href":"https:\/\/portalnpm.com\/index.php\/wp-json\/wp\/v2\/posts\/72967"}],"collection":[{"href":"https:\/\/portalnpm.com\/index.php\/wp-json\/wp\/v2\/posts"}],"about":[{"href":"https:\/\/portalnpm.com\/index.php\/wp-json\/wp\/v2\/types\/post"}],"author":[{"embeddable":true,"href":"https:\/\/portalnpm.com\/index.php\/wp-json\/wp\/v2\/users\/4"}],"replies":[{"embeddable":true,"href":"https:\/\/portalnpm.com\/index.php\/wp-json\/wp\/v2\/comments?post=72967"}],"version-history":[{"count":8,"href":"https:\/\/portalnpm.com\/index.php\/wp-json\/wp\/v2\/posts\/72967\/revisions"}],"predecessor-version":[{"id":72987,"href":"https:\/\/portalnpm.com\/index.php\/wp-json\/wp\/v2\/posts\/72967\/revisions\/72987"}],"wp:featuredmedia":[{"embeddable":true,"href":"https:\/\/portalnpm.com\/index.php\/wp-json\/wp\/v2\/media\/72983"}],"wp:attachment":[{"href":"https:\/\/portalnpm.com\/index.php\/wp-json\/wp\/v2\/media?parent=72967"}],"wp:term":[{"taxonomy":"category","embeddable":true,"href":"https:\/\/portalnpm.com\/index.php\/wp-json\/wp\/v2\/categories?post=72967"},{"taxonomy":"post_tag","embeddable":true,"href":"https:\/\/portalnpm.com\/index.php\/wp-json\/wp\/v2\/tags?post=72967"}],"curies":[{"name":"wp","href":"https:\/\/api.w.org\/{rel}","templated":true}]}}