{"id":72995,"date":"2024-05-25T20:17:47","date_gmt":"2024-05-25T23:17:47","guid":{"rendered":"https:\/\/portalnpm.com\/?p=72995"},"modified":"2024-05-25T20:17:47","modified_gmt":"2024-05-25T23:17:47","slug":"onibus-com-passageiros-se-envolve-em-acidente-e-colide-com-arvore-no-piaui","status":"publish","type":"post","link":"https:\/\/portalnpm.com\/index.php\/2024\/05\/25\/onibus-com-passageiros-se-envolve-em-acidente-e-colide-com-arvore-no-piaui\/","title":{"rendered":"\u00d4nibus com passageiros se envolve em acidente e colide com \u00e1rvore no Piau\u00ed"},"content":{"rendered":"<p>&nbsp;<\/p>\n<div class=\"post-body\">\n<p>Um \u00f4nibus se envolveu em um acidente, na noite do s\u00e1bado (25) na BR 135, km 476, no munic\u00edpio de Monte Alegre, 587 distante de Teresina. O incidente, do tipo sa\u00edda de leito carro\u00e7\u00e1vel, deixou passageiros lesionados.<\/p>\n<p>Segundo informa\u00e7\u00f5es da Pol\u00edcia Rodovi\u00e1ria Federal (PRF-PI), o ve\u00edculo era conduzido por um homem de 37 anos, que j\u00e1 havia deixado o local no momento em que as autoridades chegaram.<\/p>\n<p>De acordo com informa\u00e7\u00f5es preliminares, o \u00f4nibus saiu da pista, deslocou-se de r\u00e9, tombou e colidiu com uma \u00e1rvore.<\/p>\n<p>As causas do acidente ainda est\u00e3o sob investiga\u00e7\u00e3o.<\/p>\n<p>Equipes da PRF-PI e atendimento m\u00e9dico foram rapidamente acionadas e prestaram os primeiros socorros \u00e0s v\u00edtimas.<\/p>\n<p>&nbsp;<\/p>\n<p><em>Via Cidade Verde &#8211; Com informa\u00e7\u00f5es da PRF-PI<\/em><\/p>\n<\/div>\n","protected":false},"excerpt":{"rendered":"<p>&nbsp; Um \u00f4nibus se envolveu em um acidente, na noite do s\u00e1bado (25) na BR 135, km 476, no munic\u00edpio de Monte Alegre, 587 distante de Teresina. O incidente, do tipo sa\u00edda de leito carro\u00e7\u00e1vel, deixou passageiros lesionados. Segundo informa\u00e7\u00f5es da Pol\u00edcia Rodovi\u00e1ria Federal (PRF-PI), o ve\u00edculo era conduzido por um homem de 37 anos, &hellip;<\/p>\n","protected":false},"author":2,"featured_media":72996,"comment_status":"open","ping_status":"open","sticky":false,"template":"","format":"standard","meta":{"content-type":"","rop_custom_images_group":[],"rop_custom_messages_group":[],"rop_publish_now":"yes","rop_publish_now_accounts":{"facebook_2648258775420054_1618374048415101":""},"rop_publish_now_history":[],"rop_publish_now_status":"pending","footnotes":"","_jetpack_memberships_contains_paid_content":false},"categories":[118],"tags":[154,1914,2348,855,1444,806,641,187,3994],"yoast_head":"<!-- This site is optimized with the Yoast SEO plugin v22.3 - https:\/\/yoast.com\/wordpress\/plugins\/seo\/ -->\n<title>\u00d4nibus com passageiros se envolve em acidente e colide com \u00e1rvore no Piau\u00ed - Portal NPM<\/title>\n<meta name=\"robots\" content=\"index, follow, max-snippet:-1, max-image-preview:large, max-video-preview:-1\" \/>\n<link rel=\"canonical\" href=\"https:\/\/portalnpm.com\/index.php\/2024\/05\/25\/onibus-com-passageiros-se-envolve-em-acidente-e-colide-com-arvore-no-piaui\/\" \/>\n<meta property=\"og:locale\" content=\"pt_BR\" \/>\n<meta property=\"og:type\" content=\"article\" \/>\n<meta property=\"og:title\" content=\"\u00d4nibus com passageiros se envolve em acidente e colide com \u00e1rvore no Piau\u00ed - Portal NPM\" \/>\n<meta property=\"og:description\" content=\"&nbsp; Um \u00f4nibus se envolveu em um acidente, na noite do s\u00e1bado (25) na BR 135, km 476, no munic\u00edpio de Monte Alegre, 587 distante de Teresina. O incidente, do tipo sa\u00edda de leito carro\u00e7\u00e1vel, deixou passageiros lesionados. Segundo informa\u00e7\u00f5es da Pol\u00edcia Rodovi\u00e1ria Federal (PRF-PI), o ve\u00edculo era conduzido por um homem de 37 anos, &hellip;\" \/>\n<meta property=\"og:url\" content=\"https:\/\/portalnpm.com\/index.php\/2024\/05\/25\/onibus-com-passageiros-se-envolve-em-acidente-e-colide-com-arvore-no-piaui\/\" \/>\n<meta property=\"og:site_name\" content=\"Portal NPM\" \/>\n<meta property=\"article:published_time\" content=\"2024-05-25T23:17:47+00:00\" \/>\n<meta property=\"og:image\" content=\"https:\/\/portalnpm.com\/wp-content\/uploads\/2024\/05\/337c3ac508917b46328fc3d22cf0492d.jpg\" \/>\n\t<meta property=\"og:image:width\" content=\"790\" \/>\n\t<meta property=\"og:image:height\" content=\"519\" \/>\n\t<meta property=\"og:image:type\" content=\"image\/jpeg\" \/>\n<meta name=\"author\" content=\"Genival Barbosa\" \/>\n<meta name=\"twitter:card\" content=\"summary_large_image\" \/>\n<meta name=\"twitter:label1\" content=\"Escrito por\" \/>\n\t<meta name=\"twitter:data1\" content=\"Genival Barbosa\" \/>\n\t<meta name=\"twitter:label2\" content=\"Est. tempo de leitura\" \/>\n\t<meta name=\"twitter:data2\" content=\"1 minuto\" \/>\n<script type=\"application\/ld+json\" class=\"yoast-schema-graph\">{\"@context\":\"https:\/\/schema.org\",\"@graph\":[{\"@type\":\"WebPage\",\"@id\":\"https:\/\/portalnpm.com\/index.php\/2024\/05\/25\/onibus-com-passageiros-se-envolve-em-acidente-e-colide-com-arvore-no-piaui\/\",\"url\":\"https:\/\/portalnpm.com\/index.php\/2024\/05\/25\/onibus-com-passageiros-se-envolve-em-acidente-e-colide-com-arvore-no-piaui\/\",\"name\":\"\u00d4nibus com passageiros se envolve em acidente e colide com \u00e1rvore no Piau\u00ed - Portal NPM\",\"isPartOf\":{\"@id\":\"https:\/\/portalnpm.com\/#website\"},\"primaryImageOfPage\":{\"@id\":\"https:\/\/portalnpm.com\/index.php\/2024\/05\/25\/onibus-com-passageiros-se-envolve-em-acidente-e-colide-com-arvore-no-piaui\/#primaryimage\"},\"image\":{\"@id\":\"https:\/\/portalnpm.com\/index.php\/2024\/05\/25\/onibus-com-passageiros-se-envolve-em-acidente-e-colide-com-arvore-no-piaui\/#primaryimage\"},\"thumbnailUrl\":\"https:\/\/portalnpm.com\/wp-content\/uploads\/2024\/05\/337c3ac508917b46328fc3d22cf0492d.jpg\",\"datePublished\":\"2024-05-25T23:17:47+00:00\",\"dateModified\":\"2024-05-25T23:17:47+00:00\",\"author\":{\"@id\":\"https:\/\/portalnpm.com\/#\/schema\/person\/49313e563cfdefcc167f1ee4c017c294\"},\"breadcrumb\":{\"@id\":\"https:\/\/portalnpm.com\/index.php\/2024\/05\/25\/onibus-com-passageiros-se-envolve-em-acidente-e-colide-com-arvore-no-piaui\/#breadcrumb\"},\"inLanguage\":\"pt-BR\",\"potentialAction\":[{\"@type\":\"ReadAction\",\"target\":[\"https:\/\/portalnpm.com\/index.php\/2024\/05\/25\/onibus-com-passageiros-se-envolve-em-acidente-e-colide-com-arvore-no-piaui\/\"]}]},{\"@type\":\"ImageObject\",\"inLanguage\":\"pt-BR\",\"@id\":\"https:\/\/portalnpm.com\/index.php\/2024\/05\/25\/onibus-com-passageiros-se-envolve-em-acidente-e-colide-com-arvore-no-piaui\/#primaryimage\",\"url\":\"https:\/\/portalnpm.com\/wp-content\/uploads\/2024\/05\/337c3ac508917b46328fc3d22cf0492d.jpg\",\"contentUrl\":\"https:\/\/portalnpm.com\/wp-content\/uploads\/2024\/05\/337c3ac508917b46328fc3d22cf0492d.jpg\",\"width\":790,\"height\":519},{\"@type\":\"BreadcrumbList\",\"@id\":\"https:\/\/portalnpm.com\/index.php\/2024\/05\/25\/onibus-com-passageiros-se-envolve-em-acidente-e-colide-com-arvore-no-piaui\/#breadcrumb\",\"itemListElement\":[{\"@type\":\"ListItem\",\"position\":1,\"name\":\"In\u00edcio\",\"item\":\"https:\/\/portalnpm.com\/\"},{\"@type\":\"ListItem\",\"position\":2,\"name\":\"\u00d4nibus com passageiros se envolve em acidente e colide com \u00e1rvore no Piau\u00ed\"}]},{\"@type\":\"WebSite\",\"@id\":\"https:\/\/portalnpm.com\/#website\",\"url\":\"https:\/\/portalnpm.com\/\",\"name\":\"Portal NPM\",\"description\":\"Not\u00edcias em Primeira M\u00e3o\",\"potentialAction\":[{\"@type\":\"SearchAction\",\"target\":{\"@type\":\"EntryPoint\",\"urlTemplate\":\"https:\/\/portalnpm.com\/?s={search_term_string}\"},\"query-input\":\"required name=search_term_string\"}],\"inLanguage\":\"pt-BR\"},{\"@type\":\"Person\",\"@id\":\"https:\/\/portalnpm.com\/#\/schema\/person\/49313e563cfdefcc167f1ee4c017c294\",\"name\":\"Genival Barbosa\",\"image\":{\"@type\":\"ImageObject\",\"inLanguage\":\"pt-BR\",\"@id\":\"https:\/\/portalnpm.com\/#\/schema\/person\/image\/\",\"url\":\"https:\/\/portalnpm.com\/wp-content\/uploads\/2024\/02\/avatar_user_2_1707743258-96x96.jpeg\",\"contentUrl\":\"https:\/\/portalnpm.com\/wp-content\/uploads\/2024\/02\/avatar_user_2_1707743258-96x96.jpeg\",\"caption\":\"Genival Barbosa\"},\"url\":\"https:\/\/portalnpm.com\/index.php\/author\/genival\/\"}]}<\/script>\n<!-- \/ Yoast SEO plugin. -->","yoast_head_json":{"title":"\u00d4nibus com passageiros se envolve em acidente e colide com \u00e1rvore no Piau\u00ed - Portal NPM","robots":{"index":"index","follow":"follow","max-snippet":"max-snippet:-1","max-image-preview":"max-image-preview:large","max-video-preview":"max-video-preview:-1"},"canonical":"https:\/\/portalnpm.com\/index.php\/2024\/05\/25\/onibus-com-passageiros-se-envolve-em-acidente-e-colide-com-arvore-no-piaui\/","og_locale":"pt_BR","og_type":"article","og_title":"\u00d4nibus com passageiros se envolve em acidente e colide com \u00e1rvore no Piau\u00ed - Portal NPM","og_description":"&nbsp; Um \u00f4nibus se envolveu em um acidente, na noite do s\u00e1bado (25) na BR 135, km 476, no munic\u00edpio de Monte Alegre, 587 distante de Teresina. O incidente, do tipo sa\u00edda de leito carro\u00e7\u00e1vel, deixou passageiros lesionados. Segundo informa\u00e7\u00f5es da Pol\u00edcia Rodovi\u00e1ria Federal (PRF-PI), o ve\u00edculo era conduzido por um homem de 37 anos, &hellip;","og_url":"https:\/\/portalnpm.com\/index.php\/2024\/05\/25\/onibus-com-passageiros-se-envolve-em-acidente-e-colide-com-arvore-no-piaui\/","og_site_name":"Portal NPM","article_published_time":"2024-05-25T23:17:47+00:00","og_image":[{"width":790,"height":519,"url":"https:\/\/portalnpm.com\/wp-content\/uploads\/2024\/05\/337c3ac508917b46328fc3d22cf0492d.jpg","type":"image\/jpeg"}],"author":"Genival Barbosa","twitter_card":"summary_large_image","twitter_misc":{"Escrito por":"Genival Barbosa","Est. tempo de leitura":"1 minuto"},"schema":{"@context":"https:\/\/schema.org","@graph":[{"@type":"WebPage","@id":"https:\/\/portalnpm.com\/index.php\/2024\/05\/25\/onibus-com-passageiros-se-envolve-em-acidente-e-colide-com-arvore-no-piaui\/","url":"https:\/\/portalnpm.com\/index.php\/2024\/05\/25\/onibus-com-passageiros-se-envolve-em-acidente-e-colide-com-arvore-no-piaui\/","name":"\u00d4nibus com passageiros se envolve em acidente e colide com \u00e1rvore no Piau\u00ed - Portal NPM","isPartOf":{"@id":"https:\/\/portalnpm.com\/#website"},"primaryImageOfPage":{"@id":"https:\/\/portalnpm.com\/index.php\/2024\/05\/25\/onibus-com-passageiros-se-envolve-em-acidente-e-colide-com-arvore-no-piaui\/#primaryimage"},"image":{"@id":"https:\/\/portalnpm.com\/index.php\/2024\/05\/25\/onibus-com-passageiros-se-envolve-em-acidente-e-colide-com-arvore-no-piaui\/#primaryimage"},"thumbnailUrl":"https:\/\/portalnpm.com\/wp-content\/uploads\/2024\/05\/337c3ac508917b46328fc3d22cf0492d.jpg","datePublished":"2024-05-25T23:17:47+00:00","dateModified":"2024-05-25T23:17:47+00:00","author":{"@id":"https:\/\/portalnpm.com\/#\/schema\/person\/49313e563cfdefcc167f1ee4c017c294"},"breadcrumb":{"@id":"https:\/\/portalnpm.com\/index.php\/2024\/05\/25\/onibus-com-passageiros-se-envolve-em-acidente-e-colide-com-arvore-no-piaui\/#breadcrumb"},"inLanguage":"pt-BR","potentialAction":[{"@type":"ReadAction","target":["https:\/\/portalnpm.com\/index.php\/2024\/05\/25\/onibus-com-passageiros-se-envolve-em-acidente-e-colide-com-arvore-no-piaui\/"]}]},{"@type":"ImageObject","inLanguage":"pt-BR","@id":"https:\/\/portalnpm.com\/index.php\/2024\/05\/25\/onibus-com-passageiros-se-envolve-em-acidente-e-colide-com-arvore-no-piaui\/#primaryimage","url":"https:\/\/portalnpm.com\/wp-content\/uploads\/2024\/05\/337c3ac508917b46328fc3d22cf0492d.jpg","contentUrl":"https:\/\/portalnpm.com\/wp-content\/uploads\/2024\/05\/337c3ac508917b46328fc3d22cf0492d.jpg","width":790,"height":519},{"@type":"BreadcrumbList","@id":"https:\/\/portalnpm.com\/index.php\/2024\/05\/25\/onibus-com-passageiros-se-envolve-em-acidente-e-colide-com-arvore-no-piaui\/#breadcrumb","itemListElement":[{"@type":"ListItem","position":1,"name":"In\u00edcio","item":"https:\/\/portalnpm.com\/"},{"@type":"ListItem","position":2,"name":"\u00d4nibus com passageiros se envolve em acidente e colide com \u00e1rvore no Piau\u00ed"}]},{"@type":"WebSite","@id":"https:\/\/portalnpm.com\/#website","url":"https:\/\/portalnpm.com\/","name":"Portal NPM","description":"Not\u00edcias em Primeira M\u00e3o","potentialAction":[{"@type":"SearchAction","target":{"@type":"EntryPoint","urlTemplate":"https:\/\/portalnpm.com\/?s={search_term_string}"},"query-input":"required name=search_term_string"}],"inLanguage":"pt-BR"},{"@type":"Person","@id":"https:\/\/portalnpm.com\/#\/schema\/person\/49313e563cfdefcc167f1ee4c017c294","name":"Genival Barbosa","image":{"@type":"ImageObject","inLanguage":"pt-BR","@id":"https:\/\/portalnpm.com\/#\/schema\/person\/image\/","url":"https:\/\/portalnpm.com\/wp-content\/uploads\/2024\/02\/avatar_user_2_1707743258-96x96.jpeg","contentUrl":"https:\/\/portalnpm.com\/wp-content\/uploads\/2024\/02\/avatar_user_2_1707743258-96x96.jpeg","caption":"Genival Barbosa"},"url":"https:\/\/portalnpm.com\/index.php\/author\/genival\/"}]}},"jetpack_sharing_enabled":true,"jetpack_featured_media_url":"https:\/\/portalnpm.com\/wp-content\/uploads\/2024\/05\/337c3ac508917b46328fc3d22cf0492d.jpg","_links":{"self":[{"href":"https:\/\/portalnpm.com\/index.php\/wp-json\/wp\/v2\/posts\/72995"}],"collection":[{"href":"https:\/\/portalnpm.com\/index.php\/wp-json\/wp\/v2\/posts"}],"about":[{"href":"https:\/\/portalnpm.com\/index.php\/wp-json\/wp\/v2\/types\/post"}],"author":[{"embeddable":true,"href":"https:\/\/portalnpm.com\/index.php\/wp-json\/wp\/v2\/users\/2"}],"replies":[{"embeddable":true,"href":"https:\/\/portalnpm.com\/index.php\/wp-json\/wp\/v2\/comments?post=72995"}],"version-history":[{"count":1,"href":"https:\/\/portalnpm.com\/index.php\/wp-json\/wp\/v2\/posts\/72995\/revisions"}],"predecessor-version":[{"id":72997,"href":"https:\/\/portalnpm.com\/index.php\/wp-json\/wp\/v2\/posts\/72995\/revisions\/72997"}],"wp:featuredmedia":[{"embeddable":true,"href":"https:\/\/portalnpm.com\/index.php\/wp-json\/wp\/v2\/media\/72996"}],"wp:attachment":[{"href":"https:\/\/portalnpm.com\/index.php\/wp-json\/wp\/v2\/media?parent=72995"}],"wp:term":[{"taxonomy":"category","embeddable":true,"href":"https:\/\/portalnpm.com\/index.php\/wp-json\/wp\/v2\/categories?post=72995"},{"taxonomy":"post_tag","embeddable":true,"href":"https:\/\/portalnpm.com\/index.php\/wp-json\/wp\/v2\/tags?post=72995"}],"curies":[{"name":"wp","href":"https:\/\/api.w.org\/{rel}","templated":true}]}}