{"id":73488,"date":"2024-06-01T22:29:23","date_gmt":"2024-06-02T01:29:23","guid":{"rendered":"https:\/\/portalnpm.com\/?p=73488"},"modified":"2024-06-01T22:29:23","modified_gmt":"2024-06-02T01:29:23","slug":"edisaldo-rocha-presidente-da-camara-de-vereadores-de-sao-juliao-participou-da-reuniao-da-oposicao-e-destacou-parcerias-com-os-governos-estadual-e-nacional","status":"publish","type":"post","link":"https:\/\/portalnpm.com\/index.php\/2024\/06\/01\/edisaldo-rocha-presidente-da-camara-de-vereadores-de-sao-juliao-participou-da-reuniao-da-oposicao-e-destacou-parcerias-com-os-governos-estadual-e-nacional\/","title":{"rendered":"Edisaldo Rocha, presidente da C\u00e2mara de Vereadores de S\u00e3o Juli\u00e3o, participou da reuni\u00e3o da oposi\u00e7\u00e3o e destacou parcerias com os governos estadual e nacional"},"content":{"rendered":"<p>O presidente da C\u00e2mara Municipal de Vereadores de S\u00e3o Juli\u00e3o &#8211; PI, <strong>Edisaldo Rocha<\/strong> (PT), participou da reuni\u00e3o da oposi\u00e7\u00e3o, que aconteceu na manh\u00e3 deste s\u00e1bado, 1\u00b0 de junho, no Recanto do Lazer, onde reuniu os pr\u00e9-candidatos do grupo formado por <strong>PDT<\/strong> e <strong>PT,\u00a0<\/strong>al\u00e9m de amigos e simpatizantes.<\/p>\n<figure id=\"attachment_73381\" aria-describedby=\"caption-attachment-73381\" style=\"width: 300px\" class=\"wp-caption alignnone\"><img fetchpriority=\"high\" decoding=\"async\" class=\"size-medium wp-image-73381\" src=\"https:\/\/portalnpm.com\/wp-content\/uploads\/2024\/06\/01062024-DSC_0110-300x200.jpg\" alt=\"\" width=\"300\" height=\"200\" srcset=\"https:\/\/portalnpm.com\/wp-content\/uploads\/2024\/06\/01062024-DSC_0110-300x200.jpg 300w, https:\/\/portalnpm.com\/wp-content\/uploads\/2024\/06\/01062024-DSC_0110-1024x683.jpg 1024w, https:\/\/portalnpm.com\/wp-content\/uploads\/2024\/06\/01062024-DSC_0110-768x512.jpg 768w, https:\/\/portalnpm.com\/wp-content\/uploads\/2024\/06\/01062024-DSC_0110-1536x1024.jpg 1536w, https:\/\/portalnpm.com\/wp-content\/uploads\/2024\/06\/01062024-DSC_0110-2048x1365.jpg 2048w\" sizes=\"(max-width: 300px) 100vw, 300px\" \/><figcaption id=\"caption-attachment-73381\" class=\"wp-caption-text\">Reuni\u00e3o dos pr\u00e9-candidatos da oposi\u00e7\u00e3o de S\u00e3o Juli\u00e3o &#8211; PI<\/figcaption><\/figure>\n<p>De acordo com o vereador Edisaldo, S\u00e3o Juli\u00e3o precisa de uma gest\u00e3o que seja parceira dos governos estadual e nacional, que tem \u00e0 frente Rafael Fonteles e Lula, respectivamente. &#8220;<em>Nossa cidade precisa de uma gest\u00e3o que seja parceira do nosso governador e do nosso presidente, que trabalhem em uni\u00e3o, buscando investimento em obras para nosso munic\u00edpio, tenho certeza que Renaldinho far\u00e1 essa grande parceria<\/em>&#8220;, disse Edisaldo Rocha.<\/p>\n<p>Edisaldo \u00e9 considerado um dos maiores articuladores da pol\u00edtica de S\u00e3o Juli\u00e3o, sendo uma lideran\u00e7a de fundamental import\u00e2ncia no grupo, e uma voz ativa da oposi\u00e7\u00e3o no legislativo municipal.<\/p>\n","protected":false},"excerpt":{"rendered":"<p>O presidente da C\u00e2mara Municipal de Vereadores de S\u00e3o Juli\u00e3o &#8211; PI, Edisaldo Rocha (PT), participou da reuni\u00e3o da oposi\u00e7\u00e3o, que aconteceu na manh\u00e3 deste s\u00e1bado, 1\u00b0 de junho, no Recanto do Lazer, onde reuniu os pr\u00e9-candidatos do grupo formado por PDT e PT,\u00a0al\u00e9m de amigos e simpatizantes. De acordo com o vereador Edisaldo, S\u00e3o &hellip;<\/p>\n","protected":false},"author":4,"featured_media":73296,"comment_status":"open","ping_status":"open","sticky":false,"template":"","format":"standard","meta":{"content-type":"","rop_custom_images_group":[],"rop_custom_messages_group":[],"rop_publish_now":"yes","rop_publish_now_accounts":{"facebook_2648258775420054_1618374048415101":""},"rop_publish_now_history":[],"rop_publish_now_status":"pending","footnotes":"","_jetpack_memberships_contains_paid_content":false},"categories":[113,109,130,3998],"tags":[526,836,230,15756,14652,1197,176,10981,702,1406,4417,1196,3337],"yoast_head":"<!-- This site is optimized with the Yoast SEO plugin v22.3 - https:\/\/yoast.com\/wordpress\/plugins\/seo\/ -->\n<title>Edisaldo Rocha, presidente da C\u00e2mara de Vereadores de S\u00e3o Juli\u00e3o, participou da reuni\u00e3o da oposi\u00e7\u00e3o e destacou parcerias com os governos estadual e nacional - Portal NPM<\/title>\n<meta name=\"robots\" content=\"index, follow, max-snippet:-1, max-image-preview:large, max-video-preview:-1\" \/>\n<link rel=\"canonical\" href=\"https:\/\/portalnpm.com\/index.php\/2024\/06\/01\/edisaldo-rocha-presidente-da-camara-de-vereadores-de-sao-juliao-participou-da-reuniao-da-oposicao-e-destacou-parcerias-com-os-governos-estadual-e-nacional\/\" \/>\n<meta property=\"og:locale\" content=\"pt_BR\" \/>\n<meta property=\"og:type\" content=\"article\" \/>\n<meta property=\"og:title\" content=\"Edisaldo Rocha, presidente da C\u00e2mara de Vereadores de S\u00e3o Juli\u00e3o, participou da reuni\u00e3o da oposi\u00e7\u00e3o e destacou parcerias com os governos estadual e nacional - Portal NPM\" \/>\n<meta property=\"og:description\" content=\"O presidente da C\u00e2mara Municipal de Vereadores de S\u00e3o Juli\u00e3o &#8211; PI, Edisaldo Rocha (PT), participou da reuni\u00e3o da oposi\u00e7\u00e3o, que aconteceu na manh\u00e3 deste s\u00e1bado, 1\u00b0 de junho, no Recanto do Lazer, onde reuniu os pr\u00e9-candidatos do grupo formado por PDT e PT,\u00a0al\u00e9m de amigos e simpatizantes. De acordo com o vereador Edisaldo, S\u00e3o &hellip;\" \/>\n<meta property=\"og:url\" content=\"https:\/\/portalnpm.com\/index.php\/2024\/06\/01\/edisaldo-rocha-presidente-da-camara-de-vereadores-de-sao-juliao-participou-da-reuniao-da-oposicao-e-destacou-parcerias-com-os-governos-estadual-e-nacional\/\" \/>\n<meta property=\"og:site_name\" content=\"Portal NPM\" \/>\n<meta property=\"article:published_time\" content=\"2024-06-02T01:29:23+00:00\" \/>\n<meta property=\"og:image\" content=\"https:\/\/portalnpm.com\/wp-content\/uploads\/2024\/06\/01062024-DSC_0021-scaled.jpg\" \/>\n\t<meta property=\"og:image:width\" content=\"2560\" \/>\n\t<meta property=\"og:image:height\" content=\"1707\" \/>\n\t<meta property=\"og:image:type\" content=\"image\/jpeg\" \/>\n<meta name=\"author\" content=\"Reda\u00e7\u00e3o\" \/>\n<meta name=\"twitter:card\" content=\"summary_large_image\" \/>\n<meta name=\"twitter:label1\" content=\"Escrito por\" \/>\n\t<meta name=\"twitter:data1\" content=\"Reda\u00e7\u00e3o\" \/>\n\t<meta name=\"twitter:label2\" content=\"Est. tempo de leitura\" \/>\n\t<meta name=\"twitter:data2\" content=\"2 minutos\" \/>\n<script type=\"application\/ld+json\" class=\"yoast-schema-graph\">{\"@context\":\"https:\/\/schema.org\",\"@graph\":[{\"@type\":\"WebPage\",\"@id\":\"https:\/\/portalnpm.com\/index.php\/2024\/06\/01\/edisaldo-rocha-presidente-da-camara-de-vereadores-de-sao-juliao-participou-da-reuniao-da-oposicao-e-destacou-parcerias-com-os-governos-estadual-e-nacional\/\",\"url\":\"https:\/\/portalnpm.com\/index.php\/2024\/06\/01\/edisaldo-rocha-presidente-da-camara-de-vereadores-de-sao-juliao-participou-da-reuniao-da-oposicao-e-destacou-parcerias-com-os-governos-estadual-e-nacional\/\",\"name\":\"Edisaldo Rocha, presidente da C\u00e2mara de Vereadores de S\u00e3o Juli\u00e3o, participou da reuni\u00e3o da oposi\u00e7\u00e3o e destacou parcerias com os governos estadual e nacional - Portal NPM\",\"isPartOf\":{\"@id\":\"https:\/\/portalnpm.com\/#website\"},\"primaryImageOfPage\":{\"@id\":\"https:\/\/portalnpm.com\/index.php\/2024\/06\/01\/edisaldo-rocha-presidente-da-camara-de-vereadores-de-sao-juliao-participou-da-reuniao-da-oposicao-e-destacou-parcerias-com-os-governos-estadual-e-nacional\/#primaryimage\"},\"image\":{\"@id\":\"https:\/\/portalnpm.com\/index.php\/2024\/06\/01\/edisaldo-rocha-presidente-da-camara-de-vereadores-de-sao-juliao-participou-da-reuniao-da-oposicao-e-destacou-parcerias-com-os-governos-estadual-e-nacional\/#primaryimage\"},\"thumbnailUrl\":\"https:\/\/portalnpm.com\/wp-content\/uploads\/2024\/06\/01062024-DSC_0021-scaled.jpg\",\"datePublished\":\"2024-06-02T01:29:23+00:00\",\"dateModified\":\"2024-06-02T01:29:23+00:00\",\"author\":{\"@id\":\"https:\/\/portalnpm.com\/#\/schema\/person\/0b5f230ec96cee25504fa328e7f2b733\"},\"breadcrumb\":{\"@id\":\"https:\/\/portalnpm.com\/index.php\/2024\/06\/01\/edisaldo-rocha-presidente-da-camara-de-vereadores-de-sao-juliao-participou-da-reuniao-da-oposicao-e-destacou-parcerias-com-os-governos-estadual-e-nacional\/#breadcrumb\"},\"inLanguage\":\"pt-BR\",\"potentialAction\":[{\"@type\":\"ReadAction\",\"target\":[\"https:\/\/portalnpm.com\/index.php\/2024\/06\/01\/edisaldo-rocha-presidente-da-camara-de-vereadores-de-sao-juliao-participou-da-reuniao-da-oposicao-e-destacou-parcerias-com-os-governos-estadual-e-nacional\/\"]}]},{\"@type\":\"ImageObject\",\"inLanguage\":\"pt-BR\",\"@id\":\"https:\/\/portalnpm.com\/index.php\/2024\/06\/01\/edisaldo-rocha-presidente-da-camara-de-vereadores-de-sao-juliao-participou-da-reuniao-da-oposicao-e-destacou-parcerias-com-os-governos-estadual-e-nacional\/#primaryimage\",\"url\":\"https:\/\/portalnpm.com\/wp-content\/uploads\/2024\/06\/01062024-DSC_0021-scaled.jpg\",\"contentUrl\":\"https:\/\/portalnpm.com\/wp-content\/uploads\/2024\/06\/01062024-DSC_0021-scaled.jpg\",\"width\":2560,\"height\":1707},{\"@type\":\"BreadcrumbList\",\"@id\":\"https:\/\/portalnpm.com\/index.php\/2024\/06\/01\/edisaldo-rocha-presidente-da-camara-de-vereadores-de-sao-juliao-participou-da-reuniao-da-oposicao-e-destacou-parcerias-com-os-governos-estadual-e-nacional\/#breadcrumb\",\"itemListElement\":[{\"@type\":\"ListItem\",\"position\":1,\"name\":\"In\u00edcio\",\"item\":\"https:\/\/portalnpm.com\/\"},{\"@type\":\"ListItem\",\"position\":2,\"name\":\"Edisaldo Rocha, presidente da C\u00e2mara de Vereadores de S\u00e3o Juli\u00e3o, participou da reuni\u00e3o da oposi\u00e7\u00e3o e destacou parcerias com os governos estadual e nacional\"}]},{\"@type\":\"WebSite\",\"@id\":\"https:\/\/portalnpm.com\/#website\",\"url\":\"https:\/\/portalnpm.com\/\",\"name\":\"Portal NPM\",\"description\":\"Not\u00edcias em Primeira M\u00e3o\",\"potentialAction\":[{\"@type\":\"SearchAction\",\"target\":{\"@type\":\"EntryPoint\",\"urlTemplate\":\"https:\/\/portalnpm.com\/?s={search_term_string}\"},\"query-input\":\"required name=search_term_string\"}],\"inLanguage\":\"pt-BR\"},{\"@type\":\"Person\",\"@id\":\"https:\/\/portalnpm.com\/#\/schema\/person\/0b5f230ec96cee25504fa328e7f2b733\",\"name\":\"Reda\u00e7\u00e3o\",\"image\":{\"@type\":\"ImageObject\",\"inLanguage\":\"pt-BR\",\"@id\":\"https:\/\/portalnpm.com\/#\/schema\/person\/image\/\",\"url\":\"https:\/\/portalnpm.com\/wp-content\/uploads\/2024\/03\/avatar_user_4_1710097212-96x96.png\",\"contentUrl\":\"https:\/\/portalnpm.com\/wp-content\/uploads\/2024\/03\/avatar_user_4_1710097212-96x96.png\",\"caption\":\"Reda\u00e7\u00e3o\"},\"url\":\"https:\/\/portalnpm.com\/index.php\/author\/redacao\/\"}]}<\/script>\n<!-- \/ Yoast SEO plugin. -->","yoast_head_json":{"title":"Edisaldo Rocha, presidente da C\u00e2mara de Vereadores de S\u00e3o Juli\u00e3o, participou da reuni\u00e3o da oposi\u00e7\u00e3o e destacou parcerias com os governos estadual e nacional - Portal NPM","robots":{"index":"index","follow":"follow","max-snippet":"max-snippet:-1","max-image-preview":"max-image-preview:large","max-video-preview":"max-video-preview:-1"},"canonical":"https:\/\/portalnpm.com\/index.php\/2024\/06\/01\/edisaldo-rocha-presidente-da-camara-de-vereadores-de-sao-juliao-participou-da-reuniao-da-oposicao-e-destacou-parcerias-com-os-governos-estadual-e-nacional\/","og_locale":"pt_BR","og_type":"article","og_title":"Edisaldo Rocha, presidente da C\u00e2mara de Vereadores de S\u00e3o Juli\u00e3o, participou da reuni\u00e3o da oposi\u00e7\u00e3o e destacou parcerias com os governos estadual e nacional - Portal NPM","og_description":"O presidente da C\u00e2mara Municipal de Vereadores de S\u00e3o Juli\u00e3o &#8211; PI, Edisaldo Rocha (PT), participou da reuni\u00e3o da oposi\u00e7\u00e3o, que aconteceu na manh\u00e3 deste s\u00e1bado, 1\u00b0 de junho, no Recanto do Lazer, onde reuniu os pr\u00e9-candidatos do grupo formado por PDT e PT,\u00a0al\u00e9m de amigos e simpatizantes. De acordo com o vereador Edisaldo, S\u00e3o &hellip;","og_url":"https:\/\/portalnpm.com\/index.php\/2024\/06\/01\/edisaldo-rocha-presidente-da-camara-de-vereadores-de-sao-juliao-participou-da-reuniao-da-oposicao-e-destacou-parcerias-com-os-governos-estadual-e-nacional\/","og_site_name":"Portal NPM","article_published_time":"2024-06-02T01:29:23+00:00","og_image":[{"width":2560,"height":1707,"url":"https:\/\/portalnpm.com\/wp-content\/uploads\/2024\/06\/01062024-DSC_0021-scaled.jpg","type":"image\/jpeg"}],"author":"Reda\u00e7\u00e3o","twitter_card":"summary_large_image","twitter_misc":{"Escrito por":"Reda\u00e7\u00e3o","Est. tempo de leitura":"2 minutos"},"schema":{"@context":"https:\/\/schema.org","@graph":[{"@type":"WebPage","@id":"https:\/\/portalnpm.com\/index.php\/2024\/06\/01\/edisaldo-rocha-presidente-da-camara-de-vereadores-de-sao-juliao-participou-da-reuniao-da-oposicao-e-destacou-parcerias-com-os-governos-estadual-e-nacional\/","url":"https:\/\/portalnpm.com\/index.php\/2024\/06\/01\/edisaldo-rocha-presidente-da-camara-de-vereadores-de-sao-juliao-participou-da-reuniao-da-oposicao-e-destacou-parcerias-com-os-governos-estadual-e-nacional\/","name":"Edisaldo Rocha, presidente da C\u00e2mara de Vereadores de S\u00e3o Juli\u00e3o, participou da reuni\u00e3o da oposi\u00e7\u00e3o e destacou parcerias com os governos estadual e nacional - Portal NPM","isPartOf":{"@id":"https:\/\/portalnpm.com\/#website"},"primaryImageOfPage":{"@id":"https:\/\/portalnpm.com\/index.php\/2024\/06\/01\/edisaldo-rocha-presidente-da-camara-de-vereadores-de-sao-juliao-participou-da-reuniao-da-oposicao-e-destacou-parcerias-com-os-governos-estadual-e-nacional\/#primaryimage"},"image":{"@id":"https:\/\/portalnpm.com\/index.php\/2024\/06\/01\/edisaldo-rocha-presidente-da-camara-de-vereadores-de-sao-juliao-participou-da-reuniao-da-oposicao-e-destacou-parcerias-com-os-governos-estadual-e-nacional\/#primaryimage"},"thumbnailUrl":"https:\/\/portalnpm.com\/wp-content\/uploads\/2024\/06\/01062024-DSC_0021-scaled.jpg","datePublished":"2024-06-02T01:29:23+00:00","dateModified":"2024-06-02T01:29:23+00:00","author":{"@id":"https:\/\/portalnpm.com\/#\/schema\/person\/0b5f230ec96cee25504fa328e7f2b733"},"breadcrumb":{"@id":"https:\/\/portalnpm.com\/index.php\/2024\/06\/01\/edisaldo-rocha-presidente-da-camara-de-vereadores-de-sao-juliao-participou-da-reuniao-da-oposicao-e-destacou-parcerias-com-os-governos-estadual-e-nacional\/#breadcrumb"},"inLanguage":"pt-BR","potentialAction":[{"@type":"ReadAction","target":["https:\/\/portalnpm.com\/index.php\/2024\/06\/01\/edisaldo-rocha-presidente-da-camara-de-vereadores-de-sao-juliao-participou-da-reuniao-da-oposicao-e-destacou-parcerias-com-os-governos-estadual-e-nacional\/"]}]},{"@type":"ImageObject","inLanguage":"pt-BR","@id":"https:\/\/portalnpm.com\/index.php\/2024\/06\/01\/edisaldo-rocha-presidente-da-camara-de-vereadores-de-sao-juliao-participou-da-reuniao-da-oposicao-e-destacou-parcerias-com-os-governos-estadual-e-nacional\/#primaryimage","url":"https:\/\/portalnpm.com\/wp-content\/uploads\/2024\/06\/01062024-DSC_0021-scaled.jpg","contentUrl":"https:\/\/portalnpm.com\/wp-content\/uploads\/2024\/06\/01062024-DSC_0021-scaled.jpg","width":2560,"height":1707},{"@type":"BreadcrumbList","@id":"https:\/\/portalnpm.com\/index.php\/2024\/06\/01\/edisaldo-rocha-presidente-da-camara-de-vereadores-de-sao-juliao-participou-da-reuniao-da-oposicao-e-destacou-parcerias-com-os-governos-estadual-e-nacional\/#breadcrumb","itemListElement":[{"@type":"ListItem","position":1,"name":"In\u00edcio","item":"https:\/\/portalnpm.com\/"},{"@type":"ListItem","position":2,"name":"Edisaldo Rocha, presidente da C\u00e2mara de Vereadores de S\u00e3o Juli\u00e3o, participou da reuni\u00e3o da oposi\u00e7\u00e3o e destacou parcerias com os governos estadual e nacional"}]},{"@type":"WebSite","@id":"https:\/\/portalnpm.com\/#website","url":"https:\/\/portalnpm.com\/","name":"Portal NPM","description":"Not\u00edcias em Primeira M\u00e3o","potentialAction":[{"@type":"SearchAction","target":{"@type":"EntryPoint","urlTemplate":"https:\/\/portalnpm.com\/?s={search_term_string}"},"query-input":"required name=search_term_string"}],"inLanguage":"pt-BR"},{"@type":"Person","@id":"https:\/\/portalnpm.com\/#\/schema\/person\/0b5f230ec96cee25504fa328e7f2b733","name":"Reda\u00e7\u00e3o","image":{"@type":"ImageObject","inLanguage":"pt-BR","@id":"https:\/\/portalnpm.com\/#\/schema\/person\/image\/","url":"https:\/\/portalnpm.com\/wp-content\/uploads\/2024\/03\/avatar_user_4_1710097212-96x96.png","contentUrl":"https:\/\/portalnpm.com\/wp-content\/uploads\/2024\/03\/avatar_user_4_1710097212-96x96.png","caption":"Reda\u00e7\u00e3o"},"url":"https:\/\/portalnpm.com\/index.php\/author\/redacao\/"}]}},"jetpack_sharing_enabled":true,"jetpack_featured_media_url":"https:\/\/portalnpm.com\/wp-content\/uploads\/2024\/06\/01062024-DSC_0021-scaled.jpg","_links":{"self":[{"href":"https:\/\/portalnpm.com\/index.php\/wp-json\/wp\/v2\/posts\/73488"}],"collection":[{"href":"https:\/\/portalnpm.com\/index.php\/wp-json\/wp\/v2\/posts"}],"about":[{"href":"https:\/\/portalnpm.com\/index.php\/wp-json\/wp\/v2\/types\/post"}],"author":[{"embeddable":true,"href":"https:\/\/portalnpm.com\/index.php\/wp-json\/wp\/v2\/users\/4"}],"replies":[{"embeddable":true,"href":"https:\/\/portalnpm.com\/index.php\/wp-json\/wp\/v2\/comments?post=73488"}],"version-history":[{"count":3,"href":"https:\/\/portalnpm.com\/index.php\/wp-json\/wp\/v2\/posts\/73488\/revisions"}],"predecessor-version":[{"id":73491,"href":"https:\/\/portalnpm.com\/index.php\/wp-json\/wp\/v2\/posts\/73488\/revisions\/73491"}],"wp:featuredmedia":[{"embeddable":true,"href":"https:\/\/portalnpm.com\/index.php\/wp-json\/wp\/v2\/media\/73296"}],"wp:attachment":[{"href":"https:\/\/portalnpm.com\/index.php\/wp-json\/wp\/v2\/media?parent=73488"}],"wp:term":[{"taxonomy":"category","embeddable":true,"href":"https:\/\/portalnpm.com\/index.php\/wp-json\/wp\/v2\/categories?post=73488"},{"taxonomy":"post_tag","embeddable":true,"href":"https:\/\/portalnpm.com\/index.php\/wp-json\/wp\/v2\/tags?post=73488"}],"curies":[{"name":"wp","href":"https:\/\/api.w.org\/{rel}","templated":true}]}}