{"id":73639,"date":"2024-06-04T19:59:25","date_gmt":"2024-06-04T22:59:25","guid":{"rendered":"https:\/\/portalnpm.com\/?p=73639"},"modified":"2024-06-04T19:59:25","modified_gmt":"2024-06-04T22:59:25","slug":"prefeitura-de-padre-marcos-divulga-programacao-oficial-do-vi-arraia-boa-esperanca","status":"publish","type":"post","link":"https:\/\/portalnpm.com\/index.php\/2024\/06\/04\/prefeitura-de-padre-marcos-divulga-programacao-oficial-do-vi-arraia-boa-esperanca\/","title":{"rendered":"Prefeitura de Padre Marcos divulga programa\u00e7\u00e3o oficial do VI Arrai\u00e1 Boa Esperan\u00e7a"},"content":{"rendered":"<p>A Prefeitura de Padre Marcos \u2013 PI, sob a gest\u00e3o do prefeito Jos\u00e9 Valdinar da Silva, anunciou na \u00faltima ter\u00e7a-feira, dia 28 de maio, a aguardada programa\u00e7\u00e3o do VI Arrai\u00e1 Boa Esperan\u00e7a. O evento cultural, que faz parte das festividades em homenagem ao padroeiro da cidade, Santo Ant\u00f4nio, com uma s\u00e9rie de atividades para envolver e entreter tanto os moradores quanto os visitantes da cidade.<\/p>\n<p><strong>Programa\u00e7\u00e3o do VI Arrai\u00e1 Boa Esperan\u00e7a<\/strong><\/p>\n<p>A abertura oficial do evento acontecer\u00e1 no dia 11 de junho, com a cerim\u00f4nia de entrega de t\u00edtulos REURB no Centro Social, marcada para as 17h. Este ato inicial visa refor\u00e7ar o compromisso da administra\u00e7\u00e3o municipal com a regulariza\u00e7\u00e3o fundi\u00e1ria e o desenvolvimento da cidade.<\/p>\n<p><a class=\"td-modal-image\" href=\"https:\/\/infonewss.com\/wp-content\/uploads\/2024\/06\/WhatsApp-Image-2024-06-04-at-14.56.55.jpeg\"><img fetchpriority=\"high\" decoding=\"async\" class=\"alignnone size-full wp-image-517513\" src=\"https:\/\/infonewss.com\/wp-content\/uploads\/2024\/06\/WhatsApp-Image-2024-06-04-at-14.56.55.jpeg\" sizes=\"(max-width: 880px) 100vw, 880px\" srcset=\"https:\/\/infonewss.com\/wp-content\/uploads\/2024\/06\/WhatsApp-Image-2024-06-04-at-14.56.55.jpeg 880w, https:\/\/infonewss.com\/wp-content\/uploads\/2024\/06\/WhatsApp-Image-2024-06-04-at-14.56.55-300x206.jpeg 300w, https:\/\/infonewss.com\/wp-content\/uploads\/2024\/06\/WhatsApp-Image-2024-06-04-at-14.56.55-768x527.jpeg 768w, https:\/\/infonewss.com\/wp-content\/uploads\/2024\/06\/WhatsApp-Image-2024-06-04-at-14.56.55-150x103.jpeg 150w, https:\/\/infonewss.com\/wp-content\/uploads\/2024\/06\/WhatsApp-Image-2024-06-04-at-14.56.55-218x150.jpeg 218w, https:\/\/infonewss.com\/wp-content\/uploads\/2024\/06\/WhatsApp-Image-2024-06-04-at-14.56.55-696x478.jpeg 696w\" alt=\"\" width=\"880\" height=\"604\" \/><\/a><\/p>\n<p>No dia seguinte, 12 de junho, a partir das 20h30 a Pra\u00e7a do Abrigo ser\u00e1 o cen\u00e1rio do Festival de Quadrilhas. Al\u00e9m das tradicionais dan\u00e7as juninas, a noite contar\u00e1 com o I Festival de Sanfona, que reunir\u00e1 talentosos sanfoneiros da regi\u00e3o, entre outras apresenta\u00e7\u00f5es culturais que destacam a riqueza e a diversidade da cultura local.<\/p>\n<p>J\u00e1 no dia 13 de junho, as festividades come\u00e7am \u00e0s 17h com a inaugura\u00e7\u00e3o de obras importantes para a comunidade, seguida pela entrega de um ve\u00edculo novo, simbolizando os avan\u00e7os e investimentos da administra\u00e7\u00e3o municipal em infraestrutura e mobilidade. \u00c0s 19h, ser\u00e1 lan\u00e7ado o livro \u201cPadre Marcos da Boa Esperan\u00e7a; Educa\u00e7\u00e3o, Mem\u00f3ria e F\u00e9 \u2014 Seu legado nos sert\u00f5es de dentro\u201d, escrito pelo vice-prefeito Valdo Benedito. Este lan\u00e7amento ser\u00e1 um momento de celebra\u00e7\u00e3o da hist\u00f3ria e da identidade cultural do munic\u00edpio.<\/p>\n<p>Encerrando as festividades do dia, a partir das 23h, a Pra\u00e7a do Abrigo se transformar\u00e1 em um grande palco para shows art\u00edsticos. Os cantores Lamarck Macedo, Mara Pavanelly e Rey Vaqueiro prometem animar a noite com performances vibrantes, trazendo muita m\u00fasica e alegria para os participantes.<\/p>\n<p><img decoding=\"async\" class=\"lazyloaded\" src=\"https:\/\/infonewss.com\/wp-content\/uploads\/2024\/06\/WhatsApp-Image-2024-06-04-at-14.56.55-1-819x1024.jpeg\" alt=\"O atributo alt desta imagem est\u00e1 vazio. O nome do arquivo \u00e9 WhatsApp-Image-2024-06-04-at-14.56.55-1-819x1024.jpeg\" data-src=\"https:\/\/infonewss.com\/wp-content\/uploads\/2024\/06\/WhatsApp-Image-2024-06-04-at-14.56.55-1-819x1024.jpeg\" \/><\/p>\n<p><strong>Apoio e Valoriza\u00e7\u00e3o Cultural<\/strong><\/p>\n<p>O VI Arrai\u00e1 Boa Esperan\u00e7a \u00e9 realizado pela Prefeitura Municipal com o apoio do deputado estadual Georgiano Neto, refor\u00e7ando a import\u00e2ncia de eventos como este para a valoriza\u00e7\u00e3o da cultura local e para a promo\u00e7\u00e3o do turismo na regi\u00e3o.<\/p>\n<p>O prefeito Valdinar Silva destaca que a programa\u00e7\u00e3o foi cuidadosamente elaborada para atender a todos os p\u00fablicos, celebrando a f\u00e9, a tradi\u00e7\u00e3o e a cultura de Padre Marcos.<\/p>\n<p>&nbsp;<\/p>\n<p>Fonte: Portal Infonewss<\/p>\n","protected":false},"excerpt":{"rendered":"<p>A Prefeitura de Padre Marcos \u2013 PI, sob a gest\u00e3o do prefeito Jos\u00e9 Valdinar da Silva, anunciou na \u00faltima ter\u00e7a-feira, dia 28 de maio, a aguardada programa\u00e7\u00e3o do VI Arrai\u00e1 Boa Esperan\u00e7a. O evento cultural, que faz parte das festividades em homenagem ao padroeiro da cidade, Santo Ant\u00f4nio, com uma s\u00e9rie de atividades para envolver &hellip;<\/p>\n","protected":false},"author":2,"featured_media":73640,"comment_status":"open","ping_status":"open","sticky":false,"template":"","format":"standard","meta":{"content-type":"","rop_custom_images_group":[],"rop_custom_messages_group":[],"rop_publish_now":"yes","rop_publish_now_accounts":{"facebook_2648258775420054_1618374048415101":""},"rop_publish_now_history":[],"rop_publish_now_status":"pending","footnotes":"","_jetpack_memberships_contains_paid_content":false},"categories":[4071,109,4094],"tags":[14442,5214,230,1294,13376,4196,3417,397,222,1323,12318],"yoast_head":"<!-- This site is optimized with the Yoast SEO plugin v22.3 - https:\/\/yoast.com\/wordpress\/plugins\/seo\/ -->\n<title>Prefeitura de Padre Marcos divulga programa\u00e7\u00e3o oficial do VI Arrai\u00e1 Boa Esperan\u00e7a - Portal NPM<\/title>\n<meta name=\"robots\" content=\"index, follow, max-snippet:-1, max-image-preview:large, max-video-preview:-1\" \/>\n<link rel=\"canonical\" href=\"https:\/\/portalnpm.com\/index.php\/2024\/06\/04\/prefeitura-de-padre-marcos-divulga-programacao-oficial-do-vi-arraia-boa-esperanca\/\" \/>\n<meta property=\"og:locale\" content=\"pt_BR\" \/>\n<meta property=\"og:type\" content=\"article\" \/>\n<meta property=\"og:title\" content=\"Prefeitura de Padre Marcos divulga programa\u00e7\u00e3o oficial do VI Arrai\u00e1 Boa Esperan\u00e7a - Portal NPM\" \/>\n<meta property=\"og:description\" content=\"A Prefeitura de Padre Marcos \u2013 PI, sob a gest\u00e3o do prefeito Jos\u00e9 Valdinar da Silva, anunciou na \u00faltima ter\u00e7a-feira, dia 28 de maio, a aguardada programa\u00e7\u00e3o do VI Arrai\u00e1 Boa Esperan\u00e7a. O evento cultural, que faz parte das festividades em homenagem ao padroeiro da cidade, Santo Ant\u00f4nio, com uma s\u00e9rie de atividades para envolver &hellip;\" \/>\n<meta property=\"og:url\" content=\"https:\/\/portalnpm.com\/index.php\/2024\/06\/04\/prefeitura-de-padre-marcos-divulga-programacao-oficial-do-vi-arraia-boa-esperanca\/\" \/>\n<meta property=\"og:site_name\" content=\"Portal NPM\" \/>\n<meta property=\"article:published_time\" content=\"2024-06-04T22:59:25+00:00\" \/>\n<meta property=\"og:image\" content=\"https:\/\/portalnpm.com\/wp-content\/uploads\/2024\/06\/WhatsApp-Image-2024-06-04-at-14.56.55-1.jpeg\" \/>\n\t<meta property=\"og:image:width\" content=\"1280\" \/>\n\t<meta property=\"og:image:height\" content=\"1600\" \/>\n\t<meta property=\"og:image:type\" content=\"image\/jpeg\" \/>\n<meta name=\"author\" content=\"Genival Barbosa\" \/>\n<meta name=\"twitter:card\" content=\"summary_large_image\" \/>\n<meta name=\"twitter:label1\" content=\"Escrito por\" \/>\n\t<meta name=\"twitter:data1\" content=\"Genival Barbosa\" \/>\n\t<meta name=\"twitter:label2\" content=\"Est. tempo de leitura\" \/>\n\t<meta name=\"twitter:data2\" content=\"3 minutos\" \/>\n<script type=\"application\/ld+json\" class=\"yoast-schema-graph\">{\"@context\":\"https:\/\/schema.org\",\"@graph\":[{\"@type\":\"WebPage\",\"@id\":\"https:\/\/portalnpm.com\/index.php\/2024\/06\/04\/prefeitura-de-padre-marcos-divulga-programacao-oficial-do-vi-arraia-boa-esperanca\/\",\"url\":\"https:\/\/portalnpm.com\/index.php\/2024\/06\/04\/prefeitura-de-padre-marcos-divulga-programacao-oficial-do-vi-arraia-boa-esperanca\/\",\"name\":\"Prefeitura de Padre Marcos divulga programa\u00e7\u00e3o oficial do VI Arrai\u00e1 Boa Esperan\u00e7a - Portal NPM\",\"isPartOf\":{\"@id\":\"https:\/\/portalnpm.com\/#website\"},\"primaryImageOfPage\":{\"@id\":\"https:\/\/portalnpm.com\/index.php\/2024\/06\/04\/prefeitura-de-padre-marcos-divulga-programacao-oficial-do-vi-arraia-boa-esperanca\/#primaryimage\"},\"image\":{\"@id\":\"https:\/\/portalnpm.com\/index.php\/2024\/06\/04\/prefeitura-de-padre-marcos-divulga-programacao-oficial-do-vi-arraia-boa-esperanca\/#primaryimage\"},\"thumbnailUrl\":\"https:\/\/portalnpm.com\/wp-content\/uploads\/2024\/06\/WhatsApp-Image-2024-06-04-at-14.56.55-1.jpeg\",\"datePublished\":\"2024-06-04T22:59:25+00:00\",\"dateModified\":\"2024-06-04T22:59:25+00:00\",\"author\":{\"@id\":\"https:\/\/portalnpm.com\/#\/schema\/person\/49313e563cfdefcc167f1ee4c017c294\"},\"breadcrumb\":{\"@id\":\"https:\/\/portalnpm.com\/index.php\/2024\/06\/04\/prefeitura-de-padre-marcos-divulga-programacao-oficial-do-vi-arraia-boa-esperanca\/#breadcrumb\"},\"inLanguage\":\"pt-BR\",\"potentialAction\":[{\"@type\":\"ReadAction\",\"target\":[\"https:\/\/portalnpm.com\/index.php\/2024\/06\/04\/prefeitura-de-padre-marcos-divulga-programacao-oficial-do-vi-arraia-boa-esperanca\/\"]}]},{\"@type\":\"ImageObject\",\"inLanguage\":\"pt-BR\",\"@id\":\"https:\/\/portalnpm.com\/index.php\/2024\/06\/04\/prefeitura-de-padre-marcos-divulga-programacao-oficial-do-vi-arraia-boa-esperanca\/#primaryimage\",\"url\":\"https:\/\/portalnpm.com\/wp-content\/uploads\/2024\/06\/WhatsApp-Image-2024-06-04-at-14.56.55-1.jpeg\",\"contentUrl\":\"https:\/\/portalnpm.com\/wp-content\/uploads\/2024\/06\/WhatsApp-Image-2024-06-04-at-14.56.55-1.jpeg\",\"width\":1280,\"height\":1600},{\"@type\":\"BreadcrumbList\",\"@id\":\"https:\/\/portalnpm.com\/index.php\/2024\/06\/04\/prefeitura-de-padre-marcos-divulga-programacao-oficial-do-vi-arraia-boa-esperanca\/#breadcrumb\",\"itemListElement\":[{\"@type\":\"ListItem\",\"position\":1,\"name\":\"In\u00edcio\",\"item\":\"https:\/\/portalnpm.com\/\"},{\"@type\":\"ListItem\",\"position\":2,\"name\":\"Prefeitura de Padre Marcos divulga programa\u00e7\u00e3o oficial do VI Arrai\u00e1 Boa Esperan\u00e7a\"}]},{\"@type\":\"WebSite\",\"@id\":\"https:\/\/portalnpm.com\/#website\",\"url\":\"https:\/\/portalnpm.com\/\",\"name\":\"Portal NPM\",\"description\":\"Not\u00edcias em Primeira M\u00e3o\",\"potentialAction\":[{\"@type\":\"SearchAction\",\"target\":{\"@type\":\"EntryPoint\",\"urlTemplate\":\"https:\/\/portalnpm.com\/?s={search_term_string}\"},\"query-input\":\"required name=search_term_string\"}],\"inLanguage\":\"pt-BR\"},{\"@type\":\"Person\",\"@id\":\"https:\/\/portalnpm.com\/#\/schema\/person\/49313e563cfdefcc167f1ee4c017c294\",\"name\":\"Genival Barbosa\",\"image\":{\"@type\":\"ImageObject\",\"inLanguage\":\"pt-BR\",\"@id\":\"https:\/\/portalnpm.com\/#\/schema\/person\/image\/\",\"url\":\"https:\/\/portalnpm.com\/wp-content\/uploads\/2024\/02\/avatar_user_2_1707743258-96x96.jpeg\",\"contentUrl\":\"https:\/\/portalnpm.com\/wp-content\/uploads\/2024\/02\/avatar_user_2_1707743258-96x96.jpeg\",\"caption\":\"Genival Barbosa\"},\"url\":\"https:\/\/portalnpm.com\/index.php\/author\/genival\/\"}]}<\/script>\n<!-- \/ Yoast SEO plugin. -->","yoast_head_json":{"title":"Prefeitura de Padre Marcos divulga programa\u00e7\u00e3o oficial do VI Arrai\u00e1 Boa Esperan\u00e7a - Portal NPM","robots":{"index":"index","follow":"follow","max-snippet":"max-snippet:-1","max-image-preview":"max-image-preview:large","max-video-preview":"max-video-preview:-1"},"canonical":"https:\/\/portalnpm.com\/index.php\/2024\/06\/04\/prefeitura-de-padre-marcos-divulga-programacao-oficial-do-vi-arraia-boa-esperanca\/","og_locale":"pt_BR","og_type":"article","og_title":"Prefeitura de Padre Marcos divulga programa\u00e7\u00e3o oficial do VI Arrai\u00e1 Boa Esperan\u00e7a - Portal NPM","og_description":"A Prefeitura de Padre Marcos \u2013 PI, sob a gest\u00e3o do prefeito Jos\u00e9 Valdinar da Silva, anunciou na \u00faltima ter\u00e7a-feira, dia 28 de maio, a aguardada programa\u00e7\u00e3o do VI Arrai\u00e1 Boa Esperan\u00e7a. O evento cultural, que faz parte das festividades em homenagem ao padroeiro da cidade, Santo Ant\u00f4nio, com uma s\u00e9rie de atividades para envolver &hellip;","og_url":"https:\/\/portalnpm.com\/index.php\/2024\/06\/04\/prefeitura-de-padre-marcos-divulga-programacao-oficial-do-vi-arraia-boa-esperanca\/","og_site_name":"Portal NPM","article_published_time":"2024-06-04T22:59:25+00:00","og_image":[{"width":1280,"height":1600,"url":"https:\/\/portalnpm.com\/wp-content\/uploads\/2024\/06\/WhatsApp-Image-2024-06-04-at-14.56.55-1.jpeg","type":"image\/jpeg"}],"author":"Genival Barbosa","twitter_card":"summary_large_image","twitter_misc":{"Escrito por":"Genival Barbosa","Est. tempo de leitura":"3 minutos"},"schema":{"@context":"https:\/\/schema.org","@graph":[{"@type":"WebPage","@id":"https:\/\/portalnpm.com\/index.php\/2024\/06\/04\/prefeitura-de-padre-marcos-divulga-programacao-oficial-do-vi-arraia-boa-esperanca\/","url":"https:\/\/portalnpm.com\/index.php\/2024\/06\/04\/prefeitura-de-padre-marcos-divulga-programacao-oficial-do-vi-arraia-boa-esperanca\/","name":"Prefeitura de Padre Marcos divulga programa\u00e7\u00e3o oficial do VI Arrai\u00e1 Boa Esperan\u00e7a - Portal NPM","isPartOf":{"@id":"https:\/\/portalnpm.com\/#website"},"primaryImageOfPage":{"@id":"https:\/\/portalnpm.com\/index.php\/2024\/06\/04\/prefeitura-de-padre-marcos-divulga-programacao-oficial-do-vi-arraia-boa-esperanca\/#primaryimage"},"image":{"@id":"https:\/\/portalnpm.com\/index.php\/2024\/06\/04\/prefeitura-de-padre-marcos-divulga-programacao-oficial-do-vi-arraia-boa-esperanca\/#primaryimage"},"thumbnailUrl":"https:\/\/portalnpm.com\/wp-content\/uploads\/2024\/06\/WhatsApp-Image-2024-06-04-at-14.56.55-1.jpeg","datePublished":"2024-06-04T22:59:25+00:00","dateModified":"2024-06-04T22:59:25+00:00","author":{"@id":"https:\/\/portalnpm.com\/#\/schema\/person\/49313e563cfdefcc167f1ee4c017c294"},"breadcrumb":{"@id":"https:\/\/portalnpm.com\/index.php\/2024\/06\/04\/prefeitura-de-padre-marcos-divulga-programacao-oficial-do-vi-arraia-boa-esperanca\/#breadcrumb"},"inLanguage":"pt-BR","potentialAction":[{"@type":"ReadAction","target":["https:\/\/portalnpm.com\/index.php\/2024\/06\/04\/prefeitura-de-padre-marcos-divulga-programacao-oficial-do-vi-arraia-boa-esperanca\/"]}]},{"@type":"ImageObject","inLanguage":"pt-BR","@id":"https:\/\/portalnpm.com\/index.php\/2024\/06\/04\/prefeitura-de-padre-marcos-divulga-programacao-oficial-do-vi-arraia-boa-esperanca\/#primaryimage","url":"https:\/\/portalnpm.com\/wp-content\/uploads\/2024\/06\/WhatsApp-Image-2024-06-04-at-14.56.55-1.jpeg","contentUrl":"https:\/\/portalnpm.com\/wp-content\/uploads\/2024\/06\/WhatsApp-Image-2024-06-04-at-14.56.55-1.jpeg","width":1280,"height":1600},{"@type":"BreadcrumbList","@id":"https:\/\/portalnpm.com\/index.php\/2024\/06\/04\/prefeitura-de-padre-marcos-divulga-programacao-oficial-do-vi-arraia-boa-esperanca\/#breadcrumb","itemListElement":[{"@type":"ListItem","position":1,"name":"In\u00edcio","item":"https:\/\/portalnpm.com\/"},{"@type":"ListItem","position":2,"name":"Prefeitura de Padre Marcos divulga programa\u00e7\u00e3o oficial do VI Arrai\u00e1 Boa Esperan\u00e7a"}]},{"@type":"WebSite","@id":"https:\/\/portalnpm.com\/#website","url":"https:\/\/portalnpm.com\/","name":"Portal NPM","description":"Not\u00edcias em Primeira M\u00e3o","potentialAction":[{"@type":"SearchAction","target":{"@type":"EntryPoint","urlTemplate":"https:\/\/portalnpm.com\/?s={search_term_string}"},"query-input":"required name=search_term_string"}],"inLanguage":"pt-BR"},{"@type":"Person","@id":"https:\/\/portalnpm.com\/#\/schema\/person\/49313e563cfdefcc167f1ee4c017c294","name":"Genival Barbosa","image":{"@type":"ImageObject","inLanguage":"pt-BR","@id":"https:\/\/portalnpm.com\/#\/schema\/person\/image\/","url":"https:\/\/portalnpm.com\/wp-content\/uploads\/2024\/02\/avatar_user_2_1707743258-96x96.jpeg","contentUrl":"https:\/\/portalnpm.com\/wp-content\/uploads\/2024\/02\/avatar_user_2_1707743258-96x96.jpeg","caption":"Genival Barbosa"},"url":"https:\/\/portalnpm.com\/index.php\/author\/genival\/"}]}},"jetpack_sharing_enabled":true,"jetpack_featured_media_url":"https:\/\/portalnpm.com\/wp-content\/uploads\/2024\/06\/WhatsApp-Image-2024-06-04-at-14.56.55-1.jpeg","_links":{"self":[{"href":"https:\/\/portalnpm.com\/index.php\/wp-json\/wp\/v2\/posts\/73639"}],"collection":[{"href":"https:\/\/portalnpm.com\/index.php\/wp-json\/wp\/v2\/posts"}],"about":[{"href":"https:\/\/portalnpm.com\/index.php\/wp-json\/wp\/v2\/types\/post"}],"author":[{"embeddable":true,"href":"https:\/\/portalnpm.com\/index.php\/wp-json\/wp\/v2\/users\/2"}],"replies":[{"embeddable":true,"href":"https:\/\/portalnpm.com\/index.php\/wp-json\/wp\/v2\/comments?post=73639"}],"version-history":[{"count":1,"href":"https:\/\/portalnpm.com\/index.php\/wp-json\/wp\/v2\/posts\/73639\/revisions"}],"predecessor-version":[{"id":73641,"href":"https:\/\/portalnpm.com\/index.php\/wp-json\/wp\/v2\/posts\/73639\/revisions\/73641"}],"wp:featuredmedia":[{"embeddable":true,"href":"https:\/\/portalnpm.com\/index.php\/wp-json\/wp\/v2\/media\/73640"}],"wp:attachment":[{"href":"https:\/\/portalnpm.com\/index.php\/wp-json\/wp\/v2\/media?parent=73639"}],"wp:term":[{"taxonomy":"category","embeddable":true,"href":"https:\/\/portalnpm.com\/index.php\/wp-json\/wp\/v2\/categories?post=73639"},{"taxonomy":"post_tag","embeddable":true,"href":"https:\/\/portalnpm.com\/index.php\/wp-json\/wp\/v2\/tags?post=73639"}],"curies":[{"name":"wp","href":"https:\/\/api.w.org\/{rel}","templated":true}]}}