{"id":73780,"date":"2024-06-10T20:04:39","date_gmt":"2024-06-10T23:04:39","guid":{"rendered":"https:\/\/portalnpm.com\/?p=73780"},"modified":"2024-06-10T20:04:39","modified_gmt":"2024-06-10T23:04:39","slug":"piaui-nao-registra-casos-de-sarampo-ha-cinco-anos-diz-ministerio-da-saude","status":"publish","type":"post","link":"https:\/\/portalnpm.com\/index.php\/2024\/06\/10\/piaui-nao-registra-casos-de-sarampo-ha-cinco-anos-diz-ministerio-da-saude\/","title":{"rendered":"Piau\u00ed n\u00e3o registra casos de sarampo h\u00e1 cinco anos, diz Minist\u00e9rio da Sa\u00fade"},"content":{"rendered":"<p>Na \u00faltima semana, o Brasil alcan\u00e7ou o marco de dois anos sem casos de sarampo. O estado do Piau\u00ed n\u00e3o registra nenhuma ocorr\u00eancia da doen\u00e7a desde 2019, quando foram identificados tr\u00eas casos, informou o Minist\u00e9rio da Sa\u00fade.<\/p>\n<p>Os dados marcam um importante passo na luta contra essa doen\u00e7a altamente infecciosa. O per\u00edodo sem registros locais do v\u00edrus coloca o Brasil mais pr\u00f3ximo de recuperar sua certifica\u00e7\u00e3o como \u2018pa\u00eds livre de sarampo\u2019, t\u00edtulo conquistado em 2016 e temporariamente perdido em 2018 devido a fatores como o intenso fluxo migrat\u00f3rio de pa\u00edses vizinhos e a queda nas taxas de vacina\u00e7\u00e3o em diversas regi\u00f5es.<\/p>\n<p>Em 2022, o pa\u00eds reportou apenas 41 casos de sarampo, uma queda significativa em rela\u00e7\u00e3o aos 20.901 registros em 2019. O \u00faltimo caso confirmado foi registrado no Amap\u00e1, em 5 de junho de 2022.<\/p>\n<p>Ainda neste ano, a Organiza\u00e7\u00e3o Mundial da Sa\u00fade (OMS) classificou o aumento de casos da doen\u00e7a na Europa como \u201calarmante\u201d. Foram mais de 58 mil infec\u00e7\u00f5es pelo v\u00edrus em 41 pa\u00edses ao longo de 2023, um aumento em rela\u00e7\u00e3o aos \u00faltimos tr\u00eas anos.<\/p>\n<p><span data-darkreader-inline-color=\"\">\u201cPara que o Brasil possa continuar sem casos, \u00e9 fundamental alcan\u00e7ar coberturas vacinais de, no m\u00ednimo, 95% de forma homog\u00eanea, visando a prote\u00e7\u00e3o da nossa popula\u00e7\u00e3o diante da possibilidade de ocorr\u00eancia de casos importados do v\u00edrus e reduzindo assim o risco de introdu\u00e7\u00e3o da doen\u00e7a. Al\u00e9m do que, garante a seguran\u00e7a at\u00e9 mesmo das pessoas que n\u00e3o podem se vacinar\u201d, explica o diretor do Programa Nacional de Imuniza\u00e7\u00f5es (PNI), Eder Gatti.\u00a0<\/span><\/p>\n<p>Ele destaca, ainda, a import\u00e2ncia da continuidade da estrat\u00e9gia de microplanejamento que, em 2023, repassou R$ 151 milh\u00f5es para estados e munic\u00edpios. O m\u00e9todo, que \u00e9 recomendado pela OMS, consiste em diversas atividades com foco na realidade local e em fortalecer e ampliar o acesso da popula\u00e7\u00e3o \u00e0 vacina\u00e7\u00e3o, durante todo o ano.<\/p>\n<p><strong>Tr\u00edplice viral\u00a0<\/strong><\/p>\n<p>A tr\u00edplice viral \u00e9 uma das vacinas ofertadas no Calend\u00e1rio Nacional de Vacina\u00e7\u00e3o, cujo esquema vacinal corresponde a duas doses para pessoas de 12 meses at\u00e9 29 anos de idade, e uma dose para adultos de 30 a 59 anos. Esse imunizante protege contra o sarampo, a caxumba e a rub\u00e9ola \u2013 tr\u00eas doen\u00e7as altamente infecciosas que podem causar sequelas graves e foram respons\u00e1veis por epidemias no passado. A cobertura da primeira dose dessa vacina aumentou de 80,7% em 2022 para 87% em 2023. Os dados de 2023 ainda s\u00e3o preliminares e podem subir, j\u00e1 que alguns estados t\u00eam bases pr\u00f3prias e as atualiza\u00e7\u00f5es podem demorar a chegar \u00e0 rede nacional.<\/p>\n<p><strong>Fonte:<\/strong>\u00a0Cidade Verde<\/p>\n","protected":false},"excerpt":{"rendered":"<p>Na \u00faltima semana, o Brasil alcan\u00e7ou o marco de dois anos sem casos de sarampo. O estado do Piau\u00ed n\u00e3o registra nenhuma ocorr\u00eancia da doen\u00e7a desde 2019, quando foram identificados tr\u00eas casos, informou o Minist\u00e9rio da Sa\u00fade. Os dados marcam um importante passo na luta contra essa doen\u00e7a altamente infecciosa. O per\u00edodo sem registros locais &hellip;<\/p>\n","protected":false},"author":2,"featured_media":73781,"comment_status":"open","ping_status":"open","sticky":false,"template":"","format":"standard","meta":{"content-type":"","rop_custom_images_group":[],"rop_custom_messages_group":[],"rop_publish_now":"yes","rop_publish_now_accounts":{"facebook_2648258775420054_1618374048415101":""},"rop_publish_now_history":[],"rop_publish_now_status":"pending","footnotes":"","_jetpack_memberships_contains_paid_content":false},"categories":[118],"tags":[221,857,3281,836,230,880,4238,542,2183,187,540,558,417],"yoast_head":"<!-- This site is optimized with the Yoast SEO plugin v22.3 - https:\/\/yoast.com\/wordpress\/plugins\/seo\/ -->\n<title>Piau\u00ed n\u00e3o registra casos de sarampo h\u00e1 cinco anos, diz Minist\u00e9rio da Sa\u00fade - Portal NPM<\/title>\n<meta name=\"robots\" content=\"index, follow, max-snippet:-1, max-image-preview:large, max-video-preview:-1\" \/>\n<link rel=\"canonical\" href=\"https:\/\/portalnpm.com\/index.php\/2024\/06\/10\/piaui-nao-registra-casos-de-sarampo-ha-cinco-anos-diz-ministerio-da-saude\/\" \/>\n<meta property=\"og:locale\" content=\"pt_BR\" \/>\n<meta property=\"og:type\" content=\"article\" \/>\n<meta property=\"og:title\" content=\"Piau\u00ed n\u00e3o registra casos de sarampo h\u00e1 cinco anos, diz Minist\u00e9rio da Sa\u00fade - Portal NPM\" \/>\n<meta property=\"og:description\" content=\"Na \u00faltima semana, o Brasil alcan\u00e7ou o marco de dois anos sem casos de sarampo. O estado do Piau\u00ed n\u00e3o registra nenhuma ocorr\u00eancia da doen\u00e7a desde 2019, quando foram identificados tr\u00eas casos, informou o Minist\u00e9rio da Sa\u00fade. Os dados marcam um importante passo na luta contra essa doen\u00e7a altamente infecciosa. O per\u00edodo sem registros locais &hellip;\" \/>\n<meta property=\"og:url\" content=\"https:\/\/portalnpm.com\/index.php\/2024\/06\/10\/piaui-nao-registra-casos-de-sarampo-ha-cinco-anos-diz-ministerio-da-saude\/\" \/>\n<meta property=\"og:site_name\" content=\"Portal NPM\" \/>\n<meta property=\"article:published_time\" content=\"2024-06-10T23:04:39+00:00\" \/>\n<meta property=\"og:image\" content=\"https:\/\/portalnpm.com\/wp-content\/uploads\/2024\/06\/Criancas-e-jovens-devem-se-vacinar-contra-Sarampo-antes-do-carnaval.jpg\" \/>\n\t<meta property=\"og:image:width\" content=\"700\" \/>\n\t<meta property=\"og:image:height\" content=\"423\" \/>\n\t<meta property=\"og:image:type\" content=\"image\/jpeg\" \/>\n<meta name=\"author\" content=\"Genival Barbosa\" \/>\n<meta name=\"twitter:card\" content=\"summary_large_image\" \/>\n<meta name=\"twitter:label1\" content=\"Escrito por\" \/>\n\t<meta name=\"twitter:data1\" content=\"Genival Barbosa\" \/>\n\t<meta name=\"twitter:label2\" content=\"Est. tempo de leitura\" \/>\n\t<meta name=\"twitter:data2\" content=\"3 minutos\" \/>\n<script type=\"application\/ld+json\" class=\"yoast-schema-graph\">{\"@context\":\"https:\/\/schema.org\",\"@graph\":[{\"@type\":\"WebPage\",\"@id\":\"https:\/\/portalnpm.com\/index.php\/2024\/06\/10\/piaui-nao-registra-casos-de-sarampo-ha-cinco-anos-diz-ministerio-da-saude\/\",\"url\":\"https:\/\/portalnpm.com\/index.php\/2024\/06\/10\/piaui-nao-registra-casos-de-sarampo-ha-cinco-anos-diz-ministerio-da-saude\/\",\"name\":\"Piau\u00ed n\u00e3o registra casos de sarampo h\u00e1 cinco anos, diz Minist\u00e9rio da Sa\u00fade - Portal NPM\",\"isPartOf\":{\"@id\":\"https:\/\/portalnpm.com\/#website\"},\"primaryImageOfPage\":{\"@id\":\"https:\/\/portalnpm.com\/index.php\/2024\/06\/10\/piaui-nao-registra-casos-de-sarampo-ha-cinco-anos-diz-ministerio-da-saude\/#primaryimage\"},\"image\":{\"@id\":\"https:\/\/portalnpm.com\/index.php\/2024\/06\/10\/piaui-nao-registra-casos-de-sarampo-ha-cinco-anos-diz-ministerio-da-saude\/#primaryimage\"},\"thumbnailUrl\":\"https:\/\/portalnpm.com\/wp-content\/uploads\/2024\/06\/Criancas-e-jovens-devem-se-vacinar-contra-Sarampo-antes-do-carnaval.jpg\",\"datePublished\":\"2024-06-10T23:04:39+00:00\",\"dateModified\":\"2024-06-10T23:04:39+00:00\",\"author\":{\"@id\":\"https:\/\/portalnpm.com\/#\/schema\/person\/49313e563cfdefcc167f1ee4c017c294\"},\"breadcrumb\":{\"@id\":\"https:\/\/portalnpm.com\/index.php\/2024\/06\/10\/piaui-nao-registra-casos-de-sarampo-ha-cinco-anos-diz-ministerio-da-saude\/#breadcrumb\"},\"inLanguage\":\"pt-BR\",\"potentialAction\":[{\"@type\":\"ReadAction\",\"target\":[\"https:\/\/portalnpm.com\/index.php\/2024\/06\/10\/piaui-nao-registra-casos-de-sarampo-ha-cinco-anos-diz-ministerio-da-saude\/\"]}]},{\"@type\":\"ImageObject\",\"inLanguage\":\"pt-BR\",\"@id\":\"https:\/\/portalnpm.com\/index.php\/2024\/06\/10\/piaui-nao-registra-casos-de-sarampo-ha-cinco-anos-diz-ministerio-da-saude\/#primaryimage\",\"url\":\"https:\/\/portalnpm.com\/wp-content\/uploads\/2024\/06\/Criancas-e-jovens-devem-se-vacinar-contra-Sarampo-antes-do-carnaval.jpg\",\"contentUrl\":\"https:\/\/portalnpm.com\/wp-content\/uploads\/2024\/06\/Criancas-e-jovens-devem-se-vacinar-contra-Sarampo-antes-do-carnaval.jpg\",\"width\":700,\"height\":423},{\"@type\":\"BreadcrumbList\",\"@id\":\"https:\/\/portalnpm.com\/index.php\/2024\/06\/10\/piaui-nao-registra-casos-de-sarampo-ha-cinco-anos-diz-ministerio-da-saude\/#breadcrumb\",\"itemListElement\":[{\"@type\":\"ListItem\",\"position\":1,\"name\":\"In\u00edcio\",\"item\":\"https:\/\/portalnpm.com\/\"},{\"@type\":\"ListItem\",\"position\":2,\"name\":\"Piau\u00ed n\u00e3o registra casos de sarampo h\u00e1 cinco anos, diz Minist\u00e9rio da Sa\u00fade\"}]},{\"@type\":\"WebSite\",\"@id\":\"https:\/\/portalnpm.com\/#website\",\"url\":\"https:\/\/portalnpm.com\/\",\"name\":\"Portal NPM\",\"description\":\"Not\u00edcias em Primeira M\u00e3o\",\"potentialAction\":[{\"@type\":\"SearchAction\",\"target\":{\"@type\":\"EntryPoint\",\"urlTemplate\":\"https:\/\/portalnpm.com\/?s={search_term_string}\"},\"query-input\":\"required name=search_term_string\"}],\"inLanguage\":\"pt-BR\"},{\"@type\":\"Person\",\"@id\":\"https:\/\/portalnpm.com\/#\/schema\/person\/49313e563cfdefcc167f1ee4c017c294\",\"name\":\"Genival Barbosa\",\"image\":{\"@type\":\"ImageObject\",\"inLanguage\":\"pt-BR\",\"@id\":\"https:\/\/portalnpm.com\/#\/schema\/person\/image\/\",\"url\":\"https:\/\/portalnpm.com\/wp-content\/uploads\/2024\/02\/avatar_user_2_1707743258-96x96.jpeg\",\"contentUrl\":\"https:\/\/portalnpm.com\/wp-content\/uploads\/2024\/02\/avatar_user_2_1707743258-96x96.jpeg\",\"caption\":\"Genival Barbosa\"},\"url\":\"https:\/\/portalnpm.com\/index.php\/author\/genival\/\"}]}<\/script>\n<!-- \/ Yoast SEO plugin. -->","yoast_head_json":{"title":"Piau\u00ed n\u00e3o registra casos de sarampo h\u00e1 cinco anos, diz Minist\u00e9rio da Sa\u00fade - Portal NPM","robots":{"index":"index","follow":"follow","max-snippet":"max-snippet:-1","max-image-preview":"max-image-preview:large","max-video-preview":"max-video-preview:-1"},"canonical":"https:\/\/portalnpm.com\/index.php\/2024\/06\/10\/piaui-nao-registra-casos-de-sarampo-ha-cinco-anos-diz-ministerio-da-saude\/","og_locale":"pt_BR","og_type":"article","og_title":"Piau\u00ed n\u00e3o registra casos de sarampo h\u00e1 cinco anos, diz Minist\u00e9rio da Sa\u00fade - Portal NPM","og_description":"Na \u00faltima semana, o Brasil alcan\u00e7ou o marco de dois anos sem casos de sarampo. O estado do Piau\u00ed n\u00e3o registra nenhuma ocorr\u00eancia da doen\u00e7a desde 2019, quando foram identificados tr\u00eas casos, informou o Minist\u00e9rio da Sa\u00fade. Os dados marcam um importante passo na luta contra essa doen\u00e7a altamente infecciosa. O per\u00edodo sem registros locais &hellip;","og_url":"https:\/\/portalnpm.com\/index.php\/2024\/06\/10\/piaui-nao-registra-casos-de-sarampo-ha-cinco-anos-diz-ministerio-da-saude\/","og_site_name":"Portal NPM","article_published_time":"2024-06-10T23:04:39+00:00","og_image":[{"width":700,"height":423,"url":"https:\/\/portalnpm.com\/wp-content\/uploads\/2024\/06\/Criancas-e-jovens-devem-se-vacinar-contra-Sarampo-antes-do-carnaval.jpg","type":"image\/jpeg"}],"author":"Genival Barbosa","twitter_card":"summary_large_image","twitter_misc":{"Escrito por":"Genival Barbosa","Est. tempo de leitura":"3 minutos"},"schema":{"@context":"https:\/\/schema.org","@graph":[{"@type":"WebPage","@id":"https:\/\/portalnpm.com\/index.php\/2024\/06\/10\/piaui-nao-registra-casos-de-sarampo-ha-cinco-anos-diz-ministerio-da-saude\/","url":"https:\/\/portalnpm.com\/index.php\/2024\/06\/10\/piaui-nao-registra-casos-de-sarampo-ha-cinco-anos-diz-ministerio-da-saude\/","name":"Piau\u00ed n\u00e3o registra casos de sarampo h\u00e1 cinco anos, diz Minist\u00e9rio da Sa\u00fade - Portal NPM","isPartOf":{"@id":"https:\/\/portalnpm.com\/#website"},"primaryImageOfPage":{"@id":"https:\/\/portalnpm.com\/index.php\/2024\/06\/10\/piaui-nao-registra-casos-de-sarampo-ha-cinco-anos-diz-ministerio-da-saude\/#primaryimage"},"image":{"@id":"https:\/\/portalnpm.com\/index.php\/2024\/06\/10\/piaui-nao-registra-casos-de-sarampo-ha-cinco-anos-diz-ministerio-da-saude\/#primaryimage"},"thumbnailUrl":"https:\/\/portalnpm.com\/wp-content\/uploads\/2024\/06\/Criancas-e-jovens-devem-se-vacinar-contra-Sarampo-antes-do-carnaval.jpg","datePublished":"2024-06-10T23:04:39+00:00","dateModified":"2024-06-10T23:04:39+00:00","author":{"@id":"https:\/\/portalnpm.com\/#\/schema\/person\/49313e563cfdefcc167f1ee4c017c294"},"breadcrumb":{"@id":"https:\/\/portalnpm.com\/index.php\/2024\/06\/10\/piaui-nao-registra-casos-de-sarampo-ha-cinco-anos-diz-ministerio-da-saude\/#breadcrumb"},"inLanguage":"pt-BR","potentialAction":[{"@type":"ReadAction","target":["https:\/\/portalnpm.com\/index.php\/2024\/06\/10\/piaui-nao-registra-casos-de-sarampo-ha-cinco-anos-diz-ministerio-da-saude\/"]}]},{"@type":"ImageObject","inLanguage":"pt-BR","@id":"https:\/\/portalnpm.com\/index.php\/2024\/06\/10\/piaui-nao-registra-casos-de-sarampo-ha-cinco-anos-diz-ministerio-da-saude\/#primaryimage","url":"https:\/\/portalnpm.com\/wp-content\/uploads\/2024\/06\/Criancas-e-jovens-devem-se-vacinar-contra-Sarampo-antes-do-carnaval.jpg","contentUrl":"https:\/\/portalnpm.com\/wp-content\/uploads\/2024\/06\/Criancas-e-jovens-devem-se-vacinar-contra-Sarampo-antes-do-carnaval.jpg","width":700,"height":423},{"@type":"BreadcrumbList","@id":"https:\/\/portalnpm.com\/index.php\/2024\/06\/10\/piaui-nao-registra-casos-de-sarampo-ha-cinco-anos-diz-ministerio-da-saude\/#breadcrumb","itemListElement":[{"@type":"ListItem","position":1,"name":"In\u00edcio","item":"https:\/\/portalnpm.com\/"},{"@type":"ListItem","position":2,"name":"Piau\u00ed n\u00e3o registra casos de sarampo h\u00e1 cinco anos, diz Minist\u00e9rio da Sa\u00fade"}]},{"@type":"WebSite","@id":"https:\/\/portalnpm.com\/#website","url":"https:\/\/portalnpm.com\/","name":"Portal NPM","description":"Not\u00edcias em Primeira M\u00e3o","potentialAction":[{"@type":"SearchAction","target":{"@type":"EntryPoint","urlTemplate":"https:\/\/portalnpm.com\/?s={search_term_string}"},"query-input":"required name=search_term_string"}],"inLanguage":"pt-BR"},{"@type":"Person","@id":"https:\/\/portalnpm.com\/#\/schema\/person\/49313e563cfdefcc167f1ee4c017c294","name":"Genival Barbosa","image":{"@type":"ImageObject","inLanguage":"pt-BR","@id":"https:\/\/portalnpm.com\/#\/schema\/person\/image\/","url":"https:\/\/portalnpm.com\/wp-content\/uploads\/2024\/02\/avatar_user_2_1707743258-96x96.jpeg","contentUrl":"https:\/\/portalnpm.com\/wp-content\/uploads\/2024\/02\/avatar_user_2_1707743258-96x96.jpeg","caption":"Genival Barbosa"},"url":"https:\/\/portalnpm.com\/index.php\/author\/genival\/"}]}},"jetpack_sharing_enabled":true,"jetpack_featured_media_url":"https:\/\/portalnpm.com\/wp-content\/uploads\/2024\/06\/Criancas-e-jovens-devem-se-vacinar-contra-Sarampo-antes-do-carnaval.jpg","_links":{"self":[{"href":"https:\/\/portalnpm.com\/index.php\/wp-json\/wp\/v2\/posts\/73780"}],"collection":[{"href":"https:\/\/portalnpm.com\/index.php\/wp-json\/wp\/v2\/posts"}],"about":[{"href":"https:\/\/portalnpm.com\/index.php\/wp-json\/wp\/v2\/types\/post"}],"author":[{"embeddable":true,"href":"https:\/\/portalnpm.com\/index.php\/wp-json\/wp\/v2\/users\/2"}],"replies":[{"embeddable":true,"href":"https:\/\/portalnpm.com\/index.php\/wp-json\/wp\/v2\/comments?post=73780"}],"version-history":[{"count":1,"href":"https:\/\/portalnpm.com\/index.php\/wp-json\/wp\/v2\/posts\/73780\/revisions"}],"predecessor-version":[{"id":73782,"href":"https:\/\/portalnpm.com\/index.php\/wp-json\/wp\/v2\/posts\/73780\/revisions\/73782"}],"wp:featuredmedia":[{"embeddable":true,"href":"https:\/\/portalnpm.com\/index.php\/wp-json\/wp\/v2\/media\/73781"}],"wp:attachment":[{"href":"https:\/\/portalnpm.com\/index.php\/wp-json\/wp\/v2\/media?parent=73780"}],"wp:term":[{"taxonomy":"category","embeddable":true,"href":"https:\/\/portalnpm.com\/index.php\/wp-json\/wp\/v2\/categories?post=73780"},{"taxonomy":"post_tag","embeddable":true,"href":"https:\/\/portalnpm.com\/index.php\/wp-json\/wp\/v2\/tags?post=73780"}],"curies":[{"name":"wp","href":"https:\/\/api.w.org\/{rel}","templated":true}]}}