{"id":73855,"date":"2024-06-22T13:15:45","date_gmt":"2024-06-22T16:15:45","guid":{"rendered":"https:\/\/portalnpm.com\/?p=73855"},"modified":"2024-06-22T13:15:45","modified_gmt":"2024-06-22T16:15:45","slug":"araripina-ocupa-o-2o-lugar-em-gastos-com-shows-e-caches-de-artistas-durante-festas-juninas-em-pe","status":"publish","type":"post","link":"https:\/\/portalnpm.com\/index.php\/2024\/06\/22\/araripina-ocupa-o-2o-lugar-em-gastos-com-shows-e-caches-de-artistas-durante-festas-juninas-em-pe\/","title":{"rendered":"Araripina ocupa o 2\u00ba lugar em gastos com shows e cach\u00eas de artistas durante festas juninas em PE"},"content":{"rendered":"<div id=\"tdi_69\" class=\"tdc-row stretch_row_1200 td-stretch-content\">\n<div class=\"vc_row tdi_70  wpb_row td-pb-row\">\n<div class=\"vc_column tdi_72  wpb_column vc_column_container tdc-column td-pb-span12\">\n<div class=\"wpb_wrapper\">\n<div class=\"td_block_wrap tdb_title tdi_73 tdb-single-title td-pb-border-top td_block_template_1\" data-td-block-uid=\"tdi_73\">\n<div class=\"tdb-block-inner td-fix-index\"><\/div>\n<\/div>\n<div class=\"vc_row_inner tdi_85  vc_row vc_inner wpb_row td-pb-row tdc-row-content-vert-center\">\n<div class=\"vc_column_inner tdi_90  wpb_column vc_column_container tdc-inner-column td-pb-span8\">\n<div class=\"vc_column-inner\">\n<div class=\"wpb_wrapper\">\n<div class=\"td_block_wrap tdb_single_post_share tdi_91  td-pb-border-top td_block_template_1\" data-td-block-uid=\"tdi_91\">\n<div id=\"tdi_91\" class=\"td-post-sharing tdb-block td-ps-bg td-ps-notext td-post-sharing-style1 \">\n<div class=\"td-post-sharing-visible\">\n<div class=\"td-social-sharing-button td-social-sharing-button-js td-social-handler td-social-share-text\">\n<div class=\"td-social-but-text\"><\/div>\n<\/div>\n<\/div>\n<\/div>\n<\/div>\n<\/div>\n<\/div>\n<\/div>\n<\/div>\n<\/div>\n<\/div>\n<\/div>\n<\/div>\n<div id=\"tdi_97\" class=\"tdc-row\">\n<div class=\"vc_row tdi_98  wpb_row td-pb-row\">\n<div class=\"vc_column tdi_100  wpb_column vc_column_container tdc-column td-pb-span8\">\n<div class=\"wpb_wrapper\">\n<div class=\"td_block_wrap tdb_single_content tdi_103 td-pb-border-top td_block_template_1 td-post-content tagdiv-type\" data-td-block-uid=\"tdi_103\">\n<div class=\"tdb-block-inner td-fix-index\">\n<div id=\"chunk-ckm4s\">\n<div data-block-type=\"unstyled\" data-block-weight=\"75\" data-block-id=\"2\">\n<p data-track-category=\"Link no Texto\" data-track-links=\"\" data-mrf-recirculation=\"Article links\">Pensando em tornar mais transparente para a popula\u00e7\u00e3o como s\u00e3o feitos os gastos p\u00fablicos dos munic\u00edpios durante os festejos juninos, o Minist\u00e9rio P\u00fablico de Pernambuco (MPPE) lan\u00e7ou uma plataforma para que as prefeituras insiram de forma volunt\u00e1ria informa\u00e7\u00f5es sobre o or\u00e7amento das festas, como custos de shows e contrata\u00e7\u00e3o dos artistas.<\/p>\n<p data-track-category=\"Link no Texto\" data-track-links=\"\" data-mrf-recirculation=\"Article links\">At\u00e9 agora, o MPPE identificou mais de 1.200 apresenta\u00e7\u00f5es, de 776 artistas no estado, totalizando at\u00e9 o momento R$ 90 milh\u00f5es destinados aos eventos.<\/p>\n<\/div>\n<\/div>\n<div>\n<div id=\"chunk-1f5b1\">\n<div data-block-type=\"unstyled\" data-block-weight=\"27\" data-block-id=\"5\">\n<p data-track-category=\"Link no Texto\" data-track-links=\"\" data-mrf-recirculation=\"Article links\">Dos 184 munic\u00edpios pernambucanos, 112 aderiram ao\u00a0<strong><a href=\"https:\/\/portal.mppe.mp.br\/web\/festejos-juninos\/\" target=\"_blank\" rel=\"noopener\" data-mrf-link=\"https:\/\/portal.mppe.mp.br\/web\/festejos-juninos\/\">Painel dos Festejos Juninos<\/a><\/strong>. De cada 10 cidades pernambucanas, quatro informaram que n\u00e3o gastaram com a programa\u00e7\u00e3o junina de 2024.<\/p>\n<\/div>\n<\/div>\n<div id=\"chunk-9vkut\">\n<div data-block-type=\"unstyled\" data-block-weight=\"28\" data-block-id=\"7\">\n<p data-track-category=\"Link no Texto\" data-track-links=\"\" data-mrf-recirculation=\"Article links\">O procurador-geral de Justi\u00e7a, Marcos Carvalho, disse que a ferramenta foi criada para ser uma maneira de o cidad\u00e3o acompanhar os gastos dos munic\u00edpios com o S\u00e3o Jo\u00e3o.<\/p>\n<\/div>\n<\/div>\n<div id=\"chunk-aj8pp\">\n<div data-block-type=\"unstyled\" data-block-weight=\"52\" data-block-id=\"8\">\n<p data-track-category=\"Link no Texto\" data-track-links=\"\" data-mrf-recirculation=\"Article links\"><em>\u201cN\u00e3o faz sentido um munic\u00edpio que tenha, por exemplo, um posto de sa\u00fade que precise de uma reforma, ou uma escola importante que precise de uma reforma, gaste milh\u00f5es numa festa, em detrimento dessas obras; em vez de fazer uma festa de S\u00e3o Jo\u00e3o de acordo com sua realidade\u201d,<\/em>\u00a0considerou o procurador.<\/p>\n<\/div>\n<\/div>\n<div id=\"chunk-a5fdo\">\n<div data-block-type=\"unstyled\" data-block-weight=\"30\" data-block-id=\"9\">\n<p data-track-category=\"Link no Texto\" data-track-links=\"\" data-mrf-recirculation=\"Article links\">No topo do ranking de valores est\u00e1 o S\u00e3o Jo\u00e3o mais tradicional do estado, em\u00a0Caruaru, no Agreste. As contrata\u00e7\u00f5es para a programa\u00e7\u00e3o deste ano superaram os R$ 14 milh\u00f5es.<\/p>\n<\/div>\n<\/div>\n<div id=\"chunk-5l11l\">\n<div data-block-type=\"unstyled\" data-block-weight=\"44\" data-block-id=\"10\">\n<p data-track-category=\"Link no Texto\" data-track-links=\"\" data-mrf-recirculation=\"Article links\">O segundo maior valor investido \u00e9 de\u00a0Araripina, no Sert\u00e3o, que gastou R$ 6,7 milh\u00f5es com atra\u00e7\u00f5es para o S\u00e3o Jo\u00e3o deste ano. Outra cidade com tradi\u00e7\u00e3o festeira no m\u00eas de junho \u00e9 Petrolina, que apresentou o terceiro maior gasto, de R$ 6,3 milh\u00f5es.<\/p>\n<div id=\"chunk-6jsql\">\n<div data-block-type=\"unstyled\" data-block-weight=\"38\" data-block-id=\"13\">\n<p data-track-category=\"Link no Texto\" data-track-links=\"\" data-mrf-recirculation=\"Article links\">Quase 20% do total foi gasto com cach\u00eas de duas duplas sertanejas: Z\u00e9 Neto e Cristiano, e Maiara e Mara\u00edsa. As duas atra\u00e7\u00f5es foram os cach\u00eas mais altos registrados em Pernambuco, entre os munic\u00edpios que aderiram \u00e0 plataforma.<\/p>\n<\/div>\n<\/div>\n<div id=\"chunk-apo3j\">\n<div data-block-type=\"unstyled\" data-block-weight=\"33\" data-block-id=\"14\">\n<p data-track-category=\"Link no Texto\" data-track-links=\"\" data-mrf-recirculation=\"Article links\">Considerando o n\u00famero de atra\u00e7\u00f5es, Araripina contratou 26. J\u00e1\u00a0Vit\u00f3ria de Santo Ant\u00e3o, na Zona da Mata Sul, contratou 61 \u2013 mais que o dobro, e pagou metade do valor gasto por Araripina.<\/p>\n<\/div>\n<\/div>\n<div id=\"chunk-6ps8r\">\n<div data-block-type=\"unstyled\" data-block-weight=\"32\" data-block-id=\"15\">\n<p data-track-category=\"Link no Texto\" data-track-links=\"\" data-mrf-recirculation=\"Article links\">A Comiss\u00e3o de Direito Administrativo da Ordem dos Advogados do Brasil em Pernambuco (OAB-PE) analisou os dados e refor\u00e7ou que todo o gasto p\u00fablico precisa levar em considera\u00e7\u00e3o as prioridades da popula\u00e7\u00e3o.<\/p>\n<\/div>\n<\/div>\n<div id=\"chunk-4b09k\">\n<div data-block-type=\"unstyled\" data-block-weight=\"67\" data-block-id=\"16\">\n<p data-track-category=\"Link no Texto\" data-track-links=\"\" data-mrf-recirculation=\"Article links\">\u201c\u00c9 fundamental que o gestor municipal analise e fa\u00e7a inclusive uma an\u00e1lise de proporcionalidade a respeito dos gastos que est\u00e3o sendo feitos nas principais necessidades da popula\u00e7\u00e3o local. A gente sabe que todos os atos administrativos s\u00e3o preparados com base no interesse p\u00fablico. Ent\u00e3o resta saber, estes gastos foram realizados com a finalidade do interesse p\u00fablico?\u201d, analisou Leonardo Aguiar, presidente da Comiss\u00e3o de Direito Administrativo da OAB-PE.<\/p>\n<\/div>\n<\/div>\n<div id=\"chunk-fd9uk\">\n<div data-block-type=\"unstyled\" data-block-weight=\"21\" data-block-id=\"17\">\n<p data-track-category=\"Link no Texto\" data-track-links=\"\" data-mrf-recirculation=\"Article links\">A\u00a0TV Globo\u00a0n\u00e3o conseguiu contato com a prefeitura de Araripina para comentar os gastos com o S\u00e3o Jo\u00e3o de 2024.<\/p>\n<p data-track-category=\"Link no Texto\" data-track-links=\"\" data-mrf-recirculation=\"Article links\"><strong>Fonte:<\/strong>\u00a0g1 PE (por Gustavo Ferreira, TV Globo<\/p>\n<\/div>\n<\/div>\n<\/div>\n<\/div>\n<\/div>\n<\/div>\n<\/div>\n<\/div>\n<\/div>\n<\/div>\n<\/div>\n","protected":false},"excerpt":{"rendered":"<p>Pensando em tornar mais transparente para a popula\u00e7\u00e3o como s\u00e3o feitos os gastos p\u00fablicos dos munic\u00edpios durante os festejos juninos, o Minist\u00e9rio P\u00fablico de Pernambuco (MPPE) lan\u00e7ou uma plataforma para que as prefeituras insiram de forma volunt\u00e1ria informa\u00e7\u00f5es sobre o or\u00e7amento das festas, como custos de shows e contrata\u00e7\u00e3o dos artistas. At\u00e9 agora, o MPPE &hellip;<\/p>\n","protected":false},"author":2,"featured_media":73856,"comment_status":"open","ping_status":"open","sticky":false,"template":"","format":"standard","meta":{"content-type":"","rop_custom_images_group":[],"rop_custom_messages_group":[],"rop_publish_now":"yes","rop_publish_now_accounts":{"facebook_2648258775420054_1618374048415101":""},"rop_publish_now_history":[],"rop_publish_now_status":"pending","footnotes":"","_jetpack_memberships_contains_paid_content":false},"categories":[147],"tags":[12006,667,6027,887,230,956,855,2228,408,15800,5156,5475,6473,224],"yoast_head":"<!-- This site is optimized with the Yoast SEO plugin v22.3 - https:\/\/yoast.com\/wordpress\/plugins\/seo\/ -->\n<title>Araripina ocupa o 2\u00ba lugar em gastos com shows e cach\u00eas de artistas durante festas juninas em PE - Portal NPM<\/title>\n<meta name=\"robots\" content=\"index, follow, max-snippet:-1, max-image-preview:large, max-video-preview:-1\" \/>\n<link rel=\"canonical\" href=\"https:\/\/portalnpm.com\/index.php\/2024\/06\/22\/araripina-ocupa-o-2o-lugar-em-gastos-com-shows-e-caches-de-artistas-durante-festas-juninas-em-pe\/\" \/>\n<meta property=\"og:locale\" content=\"pt_BR\" \/>\n<meta property=\"og:type\" content=\"article\" \/>\n<meta property=\"og:title\" content=\"Araripina ocupa o 2\u00ba lugar em gastos com shows e cach\u00eas de artistas durante festas juninas em PE - Portal NPM\" \/>\n<meta property=\"og:description\" content=\"Pensando em tornar mais transparente para a popula\u00e7\u00e3o como s\u00e3o feitos os gastos p\u00fablicos dos munic\u00edpios durante os festejos juninos, o Minist\u00e9rio P\u00fablico de Pernambuco (MPPE) lan\u00e7ou uma plataforma para que as prefeituras insiram de forma volunt\u00e1ria informa\u00e7\u00f5es sobre o or\u00e7amento das festas, como custos de shows e contrata\u00e7\u00e3o dos artistas. At\u00e9 agora, o MPPE &hellip;\" \/>\n<meta property=\"og:url\" content=\"https:\/\/portalnpm.com\/index.php\/2024\/06\/22\/araripina-ocupa-o-2o-lugar-em-gastos-com-shows-e-caches-de-artistas-durante-festas-juninas-em-pe\/\" \/>\n<meta property=\"og:site_name\" content=\"Portal NPM\" \/>\n<meta property=\"article:published_time\" content=\"2024-06-22T16:15:45+00:00\" \/>\n<meta property=\"og:image\" content=\"https:\/\/portalnpm.com\/wp-content\/uploads\/2024\/06\/Sao-Joao-de-Araripina.jpeg\" \/>\n\t<meta property=\"og:image:width\" content=\"984\" \/>\n\t<meta property=\"og:image:height\" content=\"655\" \/>\n\t<meta property=\"og:image:type\" content=\"image\/jpeg\" \/>\n<meta name=\"author\" content=\"Genival Barbosa\" \/>\n<meta name=\"twitter:card\" content=\"summary_large_image\" \/>\n<meta name=\"twitter:label1\" content=\"Escrito por\" \/>\n\t<meta name=\"twitter:data1\" content=\"Genival Barbosa\" \/>\n\t<meta name=\"twitter:label2\" content=\"Est. tempo de leitura\" \/>\n\t<meta name=\"twitter:data2\" content=\"3 minutos\" \/>\n<script type=\"application\/ld+json\" class=\"yoast-schema-graph\">{\"@context\":\"https:\/\/schema.org\",\"@graph\":[{\"@type\":\"WebPage\",\"@id\":\"https:\/\/portalnpm.com\/index.php\/2024\/06\/22\/araripina-ocupa-o-2o-lugar-em-gastos-com-shows-e-caches-de-artistas-durante-festas-juninas-em-pe\/\",\"url\":\"https:\/\/portalnpm.com\/index.php\/2024\/06\/22\/araripina-ocupa-o-2o-lugar-em-gastos-com-shows-e-caches-de-artistas-durante-festas-juninas-em-pe\/\",\"name\":\"Araripina ocupa o 2\u00ba lugar em gastos com shows e cach\u00eas de artistas durante festas juninas em PE - Portal NPM\",\"isPartOf\":{\"@id\":\"https:\/\/portalnpm.com\/#website\"},\"primaryImageOfPage\":{\"@id\":\"https:\/\/portalnpm.com\/index.php\/2024\/06\/22\/araripina-ocupa-o-2o-lugar-em-gastos-com-shows-e-caches-de-artistas-durante-festas-juninas-em-pe\/#primaryimage\"},\"image\":{\"@id\":\"https:\/\/portalnpm.com\/index.php\/2024\/06\/22\/araripina-ocupa-o-2o-lugar-em-gastos-com-shows-e-caches-de-artistas-durante-festas-juninas-em-pe\/#primaryimage\"},\"thumbnailUrl\":\"https:\/\/portalnpm.com\/wp-content\/uploads\/2024\/06\/Sao-Joao-de-Araripina.jpeg\",\"datePublished\":\"2024-06-22T16:15:45+00:00\",\"dateModified\":\"2024-06-22T16:15:45+00:00\",\"author\":{\"@id\":\"https:\/\/portalnpm.com\/#\/schema\/person\/49313e563cfdefcc167f1ee4c017c294\"},\"breadcrumb\":{\"@id\":\"https:\/\/portalnpm.com\/index.php\/2024\/06\/22\/araripina-ocupa-o-2o-lugar-em-gastos-com-shows-e-caches-de-artistas-durante-festas-juninas-em-pe\/#breadcrumb\"},\"inLanguage\":\"pt-BR\",\"potentialAction\":[{\"@type\":\"ReadAction\",\"target\":[\"https:\/\/portalnpm.com\/index.php\/2024\/06\/22\/araripina-ocupa-o-2o-lugar-em-gastos-com-shows-e-caches-de-artistas-durante-festas-juninas-em-pe\/\"]}]},{\"@type\":\"ImageObject\",\"inLanguage\":\"pt-BR\",\"@id\":\"https:\/\/portalnpm.com\/index.php\/2024\/06\/22\/araripina-ocupa-o-2o-lugar-em-gastos-com-shows-e-caches-de-artistas-durante-festas-juninas-em-pe\/#primaryimage\",\"url\":\"https:\/\/portalnpm.com\/wp-content\/uploads\/2024\/06\/Sao-Joao-de-Araripina.jpeg\",\"contentUrl\":\"https:\/\/portalnpm.com\/wp-content\/uploads\/2024\/06\/Sao-Joao-de-Araripina.jpeg\",\"width\":984,\"height\":655},{\"@type\":\"BreadcrumbList\",\"@id\":\"https:\/\/portalnpm.com\/index.php\/2024\/06\/22\/araripina-ocupa-o-2o-lugar-em-gastos-com-shows-e-caches-de-artistas-durante-festas-juninas-em-pe\/#breadcrumb\",\"itemListElement\":[{\"@type\":\"ListItem\",\"position\":1,\"name\":\"In\u00edcio\",\"item\":\"https:\/\/portalnpm.com\/\"},{\"@type\":\"ListItem\",\"position\":2,\"name\":\"Araripina ocupa o 2\u00ba lugar em gastos com shows e cach\u00eas de artistas durante festas juninas em PE\"}]},{\"@type\":\"WebSite\",\"@id\":\"https:\/\/portalnpm.com\/#website\",\"url\":\"https:\/\/portalnpm.com\/\",\"name\":\"Portal NPM\",\"description\":\"Not\u00edcias em Primeira M\u00e3o\",\"potentialAction\":[{\"@type\":\"SearchAction\",\"target\":{\"@type\":\"EntryPoint\",\"urlTemplate\":\"https:\/\/portalnpm.com\/?s={search_term_string}\"},\"query-input\":\"required name=search_term_string\"}],\"inLanguage\":\"pt-BR\"},{\"@type\":\"Person\",\"@id\":\"https:\/\/portalnpm.com\/#\/schema\/person\/49313e563cfdefcc167f1ee4c017c294\",\"name\":\"Genival Barbosa\",\"image\":{\"@type\":\"ImageObject\",\"inLanguage\":\"pt-BR\",\"@id\":\"https:\/\/portalnpm.com\/#\/schema\/person\/image\/\",\"url\":\"https:\/\/portalnpm.com\/wp-content\/uploads\/2024\/02\/avatar_user_2_1707743258-96x96.jpeg\",\"contentUrl\":\"https:\/\/portalnpm.com\/wp-content\/uploads\/2024\/02\/avatar_user_2_1707743258-96x96.jpeg\",\"caption\":\"Genival Barbosa\"},\"url\":\"https:\/\/portalnpm.com\/index.php\/author\/genival\/\"}]}<\/script>\n<!-- \/ Yoast SEO plugin. -->","yoast_head_json":{"title":"Araripina ocupa o 2\u00ba lugar em gastos com shows e cach\u00eas de artistas durante festas juninas em PE - Portal NPM","robots":{"index":"index","follow":"follow","max-snippet":"max-snippet:-1","max-image-preview":"max-image-preview:large","max-video-preview":"max-video-preview:-1"},"canonical":"https:\/\/portalnpm.com\/index.php\/2024\/06\/22\/araripina-ocupa-o-2o-lugar-em-gastos-com-shows-e-caches-de-artistas-durante-festas-juninas-em-pe\/","og_locale":"pt_BR","og_type":"article","og_title":"Araripina ocupa o 2\u00ba lugar em gastos com shows e cach\u00eas de artistas durante festas juninas em PE - Portal NPM","og_description":"Pensando em tornar mais transparente para a popula\u00e7\u00e3o como s\u00e3o feitos os gastos p\u00fablicos dos munic\u00edpios durante os festejos juninos, o Minist\u00e9rio P\u00fablico de Pernambuco (MPPE) lan\u00e7ou uma plataforma para que as prefeituras insiram de forma volunt\u00e1ria informa\u00e7\u00f5es sobre o or\u00e7amento das festas, como custos de shows e contrata\u00e7\u00e3o dos artistas. At\u00e9 agora, o MPPE &hellip;","og_url":"https:\/\/portalnpm.com\/index.php\/2024\/06\/22\/araripina-ocupa-o-2o-lugar-em-gastos-com-shows-e-caches-de-artistas-durante-festas-juninas-em-pe\/","og_site_name":"Portal NPM","article_published_time":"2024-06-22T16:15:45+00:00","og_image":[{"width":984,"height":655,"url":"https:\/\/portalnpm.com\/wp-content\/uploads\/2024\/06\/Sao-Joao-de-Araripina.jpeg","type":"image\/jpeg"}],"author":"Genival Barbosa","twitter_card":"summary_large_image","twitter_misc":{"Escrito por":"Genival Barbosa","Est. tempo de leitura":"3 minutos"},"schema":{"@context":"https:\/\/schema.org","@graph":[{"@type":"WebPage","@id":"https:\/\/portalnpm.com\/index.php\/2024\/06\/22\/araripina-ocupa-o-2o-lugar-em-gastos-com-shows-e-caches-de-artistas-durante-festas-juninas-em-pe\/","url":"https:\/\/portalnpm.com\/index.php\/2024\/06\/22\/araripina-ocupa-o-2o-lugar-em-gastos-com-shows-e-caches-de-artistas-durante-festas-juninas-em-pe\/","name":"Araripina ocupa o 2\u00ba lugar em gastos com shows e cach\u00eas de artistas durante festas juninas em PE - Portal NPM","isPartOf":{"@id":"https:\/\/portalnpm.com\/#website"},"primaryImageOfPage":{"@id":"https:\/\/portalnpm.com\/index.php\/2024\/06\/22\/araripina-ocupa-o-2o-lugar-em-gastos-com-shows-e-caches-de-artistas-durante-festas-juninas-em-pe\/#primaryimage"},"image":{"@id":"https:\/\/portalnpm.com\/index.php\/2024\/06\/22\/araripina-ocupa-o-2o-lugar-em-gastos-com-shows-e-caches-de-artistas-durante-festas-juninas-em-pe\/#primaryimage"},"thumbnailUrl":"https:\/\/portalnpm.com\/wp-content\/uploads\/2024\/06\/Sao-Joao-de-Araripina.jpeg","datePublished":"2024-06-22T16:15:45+00:00","dateModified":"2024-06-22T16:15:45+00:00","author":{"@id":"https:\/\/portalnpm.com\/#\/schema\/person\/49313e563cfdefcc167f1ee4c017c294"},"breadcrumb":{"@id":"https:\/\/portalnpm.com\/index.php\/2024\/06\/22\/araripina-ocupa-o-2o-lugar-em-gastos-com-shows-e-caches-de-artistas-durante-festas-juninas-em-pe\/#breadcrumb"},"inLanguage":"pt-BR","potentialAction":[{"@type":"ReadAction","target":["https:\/\/portalnpm.com\/index.php\/2024\/06\/22\/araripina-ocupa-o-2o-lugar-em-gastos-com-shows-e-caches-de-artistas-durante-festas-juninas-em-pe\/"]}]},{"@type":"ImageObject","inLanguage":"pt-BR","@id":"https:\/\/portalnpm.com\/index.php\/2024\/06\/22\/araripina-ocupa-o-2o-lugar-em-gastos-com-shows-e-caches-de-artistas-durante-festas-juninas-em-pe\/#primaryimage","url":"https:\/\/portalnpm.com\/wp-content\/uploads\/2024\/06\/Sao-Joao-de-Araripina.jpeg","contentUrl":"https:\/\/portalnpm.com\/wp-content\/uploads\/2024\/06\/Sao-Joao-de-Araripina.jpeg","width":984,"height":655},{"@type":"BreadcrumbList","@id":"https:\/\/portalnpm.com\/index.php\/2024\/06\/22\/araripina-ocupa-o-2o-lugar-em-gastos-com-shows-e-caches-de-artistas-durante-festas-juninas-em-pe\/#breadcrumb","itemListElement":[{"@type":"ListItem","position":1,"name":"In\u00edcio","item":"https:\/\/portalnpm.com\/"},{"@type":"ListItem","position":2,"name":"Araripina ocupa o 2\u00ba lugar em gastos com shows e cach\u00eas de artistas durante festas juninas em PE"}]},{"@type":"WebSite","@id":"https:\/\/portalnpm.com\/#website","url":"https:\/\/portalnpm.com\/","name":"Portal NPM","description":"Not\u00edcias em Primeira M\u00e3o","potentialAction":[{"@type":"SearchAction","target":{"@type":"EntryPoint","urlTemplate":"https:\/\/portalnpm.com\/?s={search_term_string}"},"query-input":"required name=search_term_string"}],"inLanguage":"pt-BR"},{"@type":"Person","@id":"https:\/\/portalnpm.com\/#\/schema\/person\/49313e563cfdefcc167f1ee4c017c294","name":"Genival Barbosa","image":{"@type":"ImageObject","inLanguage":"pt-BR","@id":"https:\/\/portalnpm.com\/#\/schema\/person\/image\/","url":"https:\/\/portalnpm.com\/wp-content\/uploads\/2024\/02\/avatar_user_2_1707743258-96x96.jpeg","contentUrl":"https:\/\/portalnpm.com\/wp-content\/uploads\/2024\/02\/avatar_user_2_1707743258-96x96.jpeg","caption":"Genival Barbosa"},"url":"https:\/\/portalnpm.com\/index.php\/author\/genival\/"}]}},"jetpack_sharing_enabled":true,"jetpack_featured_media_url":"https:\/\/portalnpm.com\/wp-content\/uploads\/2024\/06\/Sao-Joao-de-Araripina.jpeg","_links":{"self":[{"href":"https:\/\/portalnpm.com\/index.php\/wp-json\/wp\/v2\/posts\/73855"}],"collection":[{"href":"https:\/\/portalnpm.com\/index.php\/wp-json\/wp\/v2\/posts"}],"about":[{"href":"https:\/\/portalnpm.com\/index.php\/wp-json\/wp\/v2\/types\/post"}],"author":[{"embeddable":true,"href":"https:\/\/portalnpm.com\/index.php\/wp-json\/wp\/v2\/users\/2"}],"replies":[{"embeddable":true,"href":"https:\/\/portalnpm.com\/index.php\/wp-json\/wp\/v2\/comments?post=73855"}],"version-history":[{"count":1,"href":"https:\/\/portalnpm.com\/index.php\/wp-json\/wp\/v2\/posts\/73855\/revisions"}],"predecessor-version":[{"id":73857,"href":"https:\/\/portalnpm.com\/index.php\/wp-json\/wp\/v2\/posts\/73855\/revisions\/73857"}],"wp:featuredmedia":[{"embeddable":true,"href":"https:\/\/portalnpm.com\/index.php\/wp-json\/wp\/v2\/media\/73856"}],"wp:attachment":[{"href":"https:\/\/portalnpm.com\/index.php\/wp-json\/wp\/v2\/media?parent=73855"}],"wp:term":[{"taxonomy":"category","embeddable":true,"href":"https:\/\/portalnpm.com\/index.php\/wp-json\/wp\/v2\/categories?post=73855"},{"taxonomy":"post_tag","embeddable":true,"href":"https:\/\/portalnpm.com\/index.php\/wp-json\/wp\/v2\/tags?post=73855"}],"curies":[{"name":"wp","href":"https:\/\/api.w.org\/{rel}","templated":true}]}}