{"id":7388,"date":"2019-04-16T15:43:02","date_gmt":"2019-04-16T18:43:02","guid":{"rendered":"http:\/\/srv.portalnpm.com.br\/?p=7388"},"modified":"2019-04-16T15:43:02","modified_gmt":"2019-04-16T18:43:02","slug":"eleicao-terminou-diz-o-governador-sobre-conversas-com-lideres-da-oposicao","status":"publish","type":"post","link":"https:\/\/portalnpm.com\/index.php\/2019\/04\/16\/eleicao-terminou-diz-o-governador-sobre-conversas-com-lideres-da-oposicao\/","title":{"rendered":"\u201cElei\u00e7\u00e3o terminou\u201d, diz o governador sobre conversas com l\u00edderes da oposi\u00e7\u00e3o"},"content":{"rendered":"<p>O governador Wellington Dias (PT) fez um balan\u00e7o da conversa com o ex-senador Jo\u00e3o Vicente Claudino, que assume a presid\u00eancia do PTB. Segundo o governador, a elei\u00e7\u00e3o passou e todos os l\u00edderes pol\u00edticos devem\u00a0 se unir em torno dos interesses do Estado.<\/p>\n<section class=\"more-links\"><\/section>\n<p>Wellington afirma que conta com a presen\u00e7a do PTB na base aliada. \u201cUma reuni\u00e3o muito importante. Ele apenas me comunicou que assume a presid\u00eancia do PTB. \u00c9 um parceiro e vamos continuar nessa dire\u00e7\u00e3o trabalhando muito. Fiquei muito feliz. Tive o privil\u00e9gio de conviver com ele como senador, quando ajudou muito o Piau\u00ed. Com o retorno dele \u00e0 pol\u00edtica, quem ganha \u00e9 o Piau\u00ed. O PTB prossegue na base\u201d, destacou.<\/p>\n<p>Sobre a aproxima\u00e7\u00e3o com l\u00edderes da oposi\u00e7\u00e3o, o governador falou sobre declara\u00e7\u00e3o do ex-deputado Robert Rios. O ex-deputado chegou a afirma que caso o prefeito Firmino Filho (PSDB) assuma a lideran\u00e7a da oposi\u00e7\u00e3o no Estado, ele n\u00e3o descartaria voltar ao governo.<\/p>\n<p>Para o governador,\u00a0 a reaproxima\u00e7\u00e3o n\u00e3o seria imposs\u00edvel. Ele destaca a necessidade de di\u00e1logo.<\/p>\n<p>\u201cAcho que todos os l\u00edderes tem a obriga\u00e7\u00e3o. A realidade brasileira n\u00e3o est\u00e1 f\u00e1cil. Ningu\u00e9m de bom senso \u00e9 oposi\u00e7\u00e3o aos interesses maiores nem do pa\u00eds, muito menos do nosso Estado.Vejo uma atitude madura e importante. Da nossa parte temos interesse de trabalhar em sintonia com os interesses do Piau\u00ed. Procuro agir com essa responsabilidade com rela\u00e7\u00e3o aos interesses do Piau\u00ed. A elei\u00e7\u00e3o terminou e temos os mandat\u00e1rios com obriga\u00e7\u00f5es de cada um cumprir com sua miss\u00e3o e trabalhar\u201d, destacou.<\/p>\n<p>&nbsp;<\/p>\n<p><strong>FONTE: Cidade Verde\u00a0<\/strong><\/p>\n","protected":false},"excerpt":{"rendered":"<p>O governador Wellington Dias (PT) fez um balan\u00e7o da conversa com o ex-senador Jo\u00e3o Vicente Claudino, que assume a presid\u00eancia do PTB. Segundo o governador, a elei\u00e7\u00e3o passou e todos os l\u00edderes pol\u00edticos devem\u00a0 se unir em torno dos interesses do Estado. Wellington afirma que conta com a presen\u00e7a do PTB na base aliada. \u201cUma &hellip;<\/p>\n","protected":false},"author":4,"featured_media":7386,"comment_status":"open","ping_status":"open","sticky":false,"template":"","format":"standard","meta":{"content-type":"","rop_custom_images_group":[],"rop_custom_messages_group":[],"rop_publish_now":"initial","rop_publish_now_accounts":{"facebook_2648258775420054_1618374048415101":""},"rop_publish_now_history":[],"rop_publish_now_status":"pending","footnotes":"","_jetpack_memberships_contains_paid_content":false},"categories":[130],"tags":[884,524,2656,176],"yoast_head":"<!-- This site is optimized with the Yoast SEO plugin v22.3 - https:\/\/yoast.com\/wordpress\/plugins\/seo\/ -->\n<title>\u201cElei\u00e7\u00e3o terminou\u201d, diz o governador sobre conversas com l\u00edderes da oposi\u00e7\u00e3o - Portal NPM<\/title>\n<meta name=\"robots\" content=\"index, follow, max-snippet:-1, max-image-preview:large, max-video-preview:-1\" \/>\n<link rel=\"canonical\" href=\"https:\/\/portalnpm.com\/index.php\/2019\/04\/16\/eleicao-terminou-diz-o-governador-sobre-conversas-com-lideres-da-oposicao\/\" \/>\n<meta property=\"og:locale\" content=\"pt_BR\" \/>\n<meta property=\"og:type\" content=\"article\" \/>\n<meta property=\"og:title\" content=\"\u201cElei\u00e7\u00e3o terminou\u201d, diz o governador sobre conversas com l\u00edderes da oposi\u00e7\u00e3o - Portal NPM\" \/>\n<meta property=\"og:description\" content=\"O governador Wellington Dias (PT) fez um balan\u00e7o da conversa com o ex-senador Jo\u00e3o Vicente Claudino, que assume a presid\u00eancia do PTB. Segundo o governador, a elei\u00e7\u00e3o passou e todos os l\u00edderes pol\u00edticos devem\u00a0 se unir em torno dos interesses do Estado. Wellington afirma que conta com a presen\u00e7a do PTB na base aliada. \u201cUma &hellip;\" \/>\n<meta property=\"og:url\" content=\"https:\/\/portalnpm.com\/index.php\/2019\/04\/16\/eleicao-terminou-diz-o-governador-sobre-conversas-com-lideres-da-oposicao\/\" \/>\n<meta property=\"og:site_name\" content=\"Portal NPM\" \/>\n<meta property=\"article:published_time\" content=\"2019-04-16T18:43:02+00:00\" \/>\n<meta name=\"author\" content=\"Reda\u00e7\u00e3o\" \/>\n<meta name=\"twitter:card\" content=\"summary_large_image\" \/>\n<meta name=\"twitter:label1\" content=\"Escrito por\" \/>\n\t<meta name=\"twitter:data1\" content=\"Reda\u00e7\u00e3o\" \/>\n\t<meta name=\"twitter:label2\" content=\"Est. tempo de leitura\" \/>\n\t<meta name=\"twitter:data2\" content=\"1 minuto\" \/>\n<script type=\"application\/ld+json\" class=\"yoast-schema-graph\">{\"@context\":\"https:\/\/schema.org\",\"@graph\":[{\"@type\":\"WebPage\",\"@id\":\"https:\/\/portalnpm.com\/index.php\/2019\/04\/16\/eleicao-terminou-diz-o-governador-sobre-conversas-com-lideres-da-oposicao\/\",\"url\":\"https:\/\/portalnpm.com\/index.php\/2019\/04\/16\/eleicao-terminou-diz-o-governador-sobre-conversas-com-lideres-da-oposicao\/\",\"name\":\"\u201cElei\u00e7\u00e3o terminou\u201d, diz o governador sobre conversas com l\u00edderes da oposi\u00e7\u00e3o - Portal NPM\",\"isPartOf\":{\"@id\":\"https:\/\/portalnpm.com\/#website\"},\"primaryImageOfPage\":{\"@id\":\"https:\/\/portalnpm.com\/index.php\/2019\/04\/16\/eleicao-terminou-diz-o-governador-sobre-conversas-com-lideres-da-oposicao\/#primaryimage\"},\"image\":{\"@id\":\"https:\/\/portalnpm.com\/index.php\/2019\/04\/16\/eleicao-terminou-diz-o-governador-sobre-conversas-com-lideres-da-oposicao\/#primaryimage\"},\"thumbnailUrl\":\"\",\"datePublished\":\"2019-04-16T18:43:02+00:00\",\"dateModified\":\"2019-04-16T18:43:02+00:00\",\"author\":{\"@id\":\"https:\/\/portalnpm.com\/#\/schema\/person\/0b5f230ec96cee25504fa328e7f2b733\"},\"breadcrumb\":{\"@id\":\"https:\/\/portalnpm.com\/index.php\/2019\/04\/16\/eleicao-terminou-diz-o-governador-sobre-conversas-com-lideres-da-oposicao\/#breadcrumb\"},\"inLanguage\":\"pt-BR\",\"potentialAction\":[{\"@type\":\"ReadAction\",\"target\":[\"https:\/\/portalnpm.com\/index.php\/2019\/04\/16\/eleicao-terminou-diz-o-governador-sobre-conversas-com-lideres-da-oposicao\/\"]}]},{\"@type\":\"ImageObject\",\"inLanguage\":\"pt-BR\",\"@id\":\"https:\/\/portalnpm.com\/index.php\/2019\/04\/16\/eleicao-terminou-diz-o-governador-sobre-conversas-com-lideres-da-oposicao\/#primaryimage\",\"url\":\"\",\"contentUrl\":\"\"},{\"@type\":\"BreadcrumbList\",\"@id\":\"https:\/\/portalnpm.com\/index.php\/2019\/04\/16\/eleicao-terminou-diz-o-governador-sobre-conversas-com-lideres-da-oposicao\/#breadcrumb\",\"itemListElement\":[{\"@type\":\"ListItem\",\"position\":1,\"name\":\"In\u00edcio\",\"item\":\"https:\/\/portalnpm.com\/\"},{\"@type\":\"ListItem\",\"position\":2,\"name\":\"\u201cElei\u00e7\u00e3o terminou\u201d, diz o governador sobre conversas com l\u00edderes da oposi\u00e7\u00e3o\"}]},{\"@type\":\"WebSite\",\"@id\":\"https:\/\/portalnpm.com\/#website\",\"url\":\"https:\/\/portalnpm.com\/\",\"name\":\"Portal NPM\",\"description\":\"Not\u00edcias em Primeira M\u00e3o\",\"potentialAction\":[{\"@type\":\"SearchAction\",\"target\":{\"@type\":\"EntryPoint\",\"urlTemplate\":\"https:\/\/portalnpm.com\/?s={search_term_string}\"},\"query-input\":\"required name=search_term_string\"}],\"inLanguage\":\"pt-BR\"},{\"@type\":\"Person\",\"@id\":\"https:\/\/portalnpm.com\/#\/schema\/person\/0b5f230ec96cee25504fa328e7f2b733\",\"name\":\"Reda\u00e7\u00e3o\",\"image\":{\"@type\":\"ImageObject\",\"inLanguage\":\"pt-BR\",\"@id\":\"https:\/\/portalnpm.com\/#\/schema\/person\/image\/\",\"url\":\"https:\/\/portalnpm.com\/wp-content\/uploads\/2024\/03\/avatar_user_4_1710097212-96x96.png\",\"contentUrl\":\"https:\/\/portalnpm.com\/wp-content\/uploads\/2024\/03\/avatar_user_4_1710097212-96x96.png\",\"caption\":\"Reda\u00e7\u00e3o\"},\"url\":\"https:\/\/portalnpm.com\/index.php\/author\/redacao\/\"}]}<\/script>\n<!-- \/ Yoast SEO plugin. -->","yoast_head_json":{"title":"\u201cElei\u00e7\u00e3o terminou\u201d, diz o governador sobre conversas com l\u00edderes da oposi\u00e7\u00e3o - Portal NPM","robots":{"index":"index","follow":"follow","max-snippet":"max-snippet:-1","max-image-preview":"max-image-preview:large","max-video-preview":"max-video-preview:-1"},"canonical":"https:\/\/portalnpm.com\/index.php\/2019\/04\/16\/eleicao-terminou-diz-o-governador-sobre-conversas-com-lideres-da-oposicao\/","og_locale":"pt_BR","og_type":"article","og_title":"\u201cElei\u00e7\u00e3o terminou\u201d, diz o governador sobre conversas com l\u00edderes da oposi\u00e7\u00e3o - Portal NPM","og_description":"O governador Wellington Dias (PT) fez um balan\u00e7o da conversa com o ex-senador Jo\u00e3o Vicente Claudino, que assume a presid\u00eancia do PTB. Segundo o governador, a elei\u00e7\u00e3o passou e todos os l\u00edderes pol\u00edticos devem\u00a0 se unir em torno dos interesses do Estado. Wellington afirma que conta com a presen\u00e7a do PTB na base aliada. \u201cUma &hellip;","og_url":"https:\/\/portalnpm.com\/index.php\/2019\/04\/16\/eleicao-terminou-diz-o-governador-sobre-conversas-com-lideres-da-oposicao\/","og_site_name":"Portal NPM","article_published_time":"2019-04-16T18:43:02+00:00","author":"Reda\u00e7\u00e3o","twitter_card":"summary_large_image","twitter_misc":{"Escrito por":"Reda\u00e7\u00e3o","Est. tempo de leitura":"1 minuto"},"schema":{"@context":"https:\/\/schema.org","@graph":[{"@type":"WebPage","@id":"https:\/\/portalnpm.com\/index.php\/2019\/04\/16\/eleicao-terminou-diz-o-governador-sobre-conversas-com-lideres-da-oposicao\/","url":"https:\/\/portalnpm.com\/index.php\/2019\/04\/16\/eleicao-terminou-diz-o-governador-sobre-conversas-com-lideres-da-oposicao\/","name":"\u201cElei\u00e7\u00e3o terminou\u201d, diz o governador sobre conversas com l\u00edderes da oposi\u00e7\u00e3o - Portal NPM","isPartOf":{"@id":"https:\/\/portalnpm.com\/#website"},"primaryImageOfPage":{"@id":"https:\/\/portalnpm.com\/index.php\/2019\/04\/16\/eleicao-terminou-diz-o-governador-sobre-conversas-com-lideres-da-oposicao\/#primaryimage"},"image":{"@id":"https:\/\/portalnpm.com\/index.php\/2019\/04\/16\/eleicao-terminou-diz-o-governador-sobre-conversas-com-lideres-da-oposicao\/#primaryimage"},"thumbnailUrl":"","datePublished":"2019-04-16T18:43:02+00:00","dateModified":"2019-04-16T18:43:02+00:00","author":{"@id":"https:\/\/portalnpm.com\/#\/schema\/person\/0b5f230ec96cee25504fa328e7f2b733"},"breadcrumb":{"@id":"https:\/\/portalnpm.com\/index.php\/2019\/04\/16\/eleicao-terminou-diz-o-governador-sobre-conversas-com-lideres-da-oposicao\/#breadcrumb"},"inLanguage":"pt-BR","potentialAction":[{"@type":"ReadAction","target":["https:\/\/portalnpm.com\/index.php\/2019\/04\/16\/eleicao-terminou-diz-o-governador-sobre-conversas-com-lideres-da-oposicao\/"]}]},{"@type":"ImageObject","inLanguage":"pt-BR","@id":"https:\/\/portalnpm.com\/index.php\/2019\/04\/16\/eleicao-terminou-diz-o-governador-sobre-conversas-com-lideres-da-oposicao\/#primaryimage","url":"","contentUrl":""},{"@type":"BreadcrumbList","@id":"https:\/\/portalnpm.com\/index.php\/2019\/04\/16\/eleicao-terminou-diz-o-governador-sobre-conversas-com-lideres-da-oposicao\/#breadcrumb","itemListElement":[{"@type":"ListItem","position":1,"name":"In\u00edcio","item":"https:\/\/portalnpm.com\/"},{"@type":"ListItem","position":2,"name":"\u201cElei\u00e7\u00e3o terminou\u201d, diz o governador sobre conversas com l\u00edderes da oposi\u00e7\u00e3o"}]},{"@type":"WebSite","@id":"https:\/\/portalnpm.com\/#website","url":"https:\/\/portalnpm.com\/","name":"Portal NPM","description":"Not\u00edcias em Primeira M\u00e3o","potentialAction":[{"@type":"SearchAction","target":{"@type":"EntryPoint","urlTemplate":"https:\/\/portalnpm.com\/?s={search_term_string}"},"query-input":"required name=search_term_string"}],"inLanguage":"pt-BR"},{"@type":"Person","@id":"https:\/\/portalnpm.com\/#\/schema\/person\/0b5f230ec96cee25504fa328e7f2b733","name":"Reda\u00e7\u00e3o","image":{"@type":"ImageObject","inLanguage":"pt-BR","@id":"https:\/\/portalnpm.com\/#\/schema\/person\/image\/","url":"https:\/\/portalnpm.com\/wp-content\/uploads\/2024\/03\/avatar_user_4_1710097212-96x96.png","contentUrl":"https:\/\/portalnpm.com\/wp-content\/uploads\/2024\/03\/avatar_user_4_1710097212-96x96.png","caption":"Reda\u00e7\u00e3o"},"url":"https:\/\/portalnpm.com\/index.php\/author\/redacao\/"}]}},"jetpack_sharing_enabled":true,"jetpack_featured_media_url":"","_links":{"self":[{"href":"https:\/\/portalnpm.com\/index.php\/wp-json\/wp\/v2\/posts\/7388"}],"collection":[{"href":"https:\/\/portalnpm.com\/index.php\/wp-json\/wp\/v2\/posts"}],"about":[{"href":"https:\/\/portalnpm.com\/index.php\/wp-json\/wp\/v2\/types\/post"}],"author":[{"embeddable":true,"href":"https:\/\/portalnpm.com\/index.php\/wp-json\/wp\/v2\/users\/4"}],"replies":[{"embeddable":true,"href":"https:\/\/portalnpm.com\/index.php\/wp-json\/wp\/v2\/comments?post=7388"}],"version-history":[{"count":0,"href":"https:\/\/portalnpm.com\/index.php\/wp-json\/wp\/v2\/posts\/7388\/revisions"}],"wp:featuredmedia":[{"embeddable":true,"href":"https:\/\/portalnpm.com\/index.php\/wp-json\/"}],"wp:attachment":[{"href":"https:\/\/portalnpm.com\/index.php\/wp-json\/wp\/v2\/media?parent=7388"}],"wp:term":[{"taxonomy":"category","embeddable":true,"href":"https:\/\/portalnpm.com\/index.php\/wp-json\/wp\/v2\/categories?post=7388"},{"taxonomy":"post_tag","embeddable":true,"href":"https:\/\/portalnpm.com\/index.php\/wp-json\/wp\/v2\/tags?post=7388"}],"curies":[{"name":"wp","href":"https:\/\/api.w.org\/{rel}","templated":true}]}}