{"id":73921,"date":"2024-06-26T20:57:35","date_gmt":"2024-06-26T23:57:35","guid":{"rendered":"https:\/\/portalnpm.com\/?p=73921"},"modified":"2024-06-26T20:57:35","modified_gmt":"2024-06-26T23:57:35","slug":"em-sao-juliao-prefeitura-divulga-atracoes-do-26o-arraia-de-sao-pedro-do-povoado-fujona-veja","status":"publish","type":"post","link":"https:\/\/portalnpm.com\/index.php\/2024\/06\/26\/em-sao-juliao-prefeitura-divulga-atracoes-do-26o-arraia-de-sao-pedro-do-povoado-fujona-veja\/","title":{"rendered":"Em S\u00e3o Juli\u00e3o, prefeitura divulga atra\u00e7\u00f5es do 26\u00ba Arrai\u00e1 de S\u00e3o Pedro do povoado Fujona; veja!"},"content":{"rendered":"<p>A <strong>Prefeitura de S\u00e3o Juli\u00e3o \u2013 PI<\/strong>, atrav\u00e9s da gest\u00e3o\u00a0<strong>\u201cO Povo \u00e9 o poder\u201d<\/strong>, do\u00a0<strong><em>Prefeito Dr. Samuel Alencar e do vice Dr. Leonardo Rocha<\/em><\/strong>, acaba de divulgar as atra\u00e7\u00f5es do\u00a0<strong>26\u00ba Arrai\u00e1 de S\u00e3o Pedro do Povoado Fujona.<\/strong><\/p>\n<p><img fetchpriority=\"high\" decoding=\"async\" class=\"alignnone size-medium wp-image-73924\" src=\"https:\/\/portalnpm.com\/wp-content\/uploads\/2024\/06\/e7bc5966-7529-4048-8e5b-142a62414825-240x300.jpg\" alt=\"\" width=\"240\" height=\"300\" srcset=\"https:\/\/portalnpm.com\/wp-content\/uploads\/2024\/06\/e7bc5966-7529-4048-8e5b-142a62414825-240x300.jpg 240w, https:\/\/portalnpm.com\/wp-content\/uploads\/2024\/06\/e7bc5966-7529-4048-8e5b-142a62414825.jpg 708w\" sizes=\"(max-width: 240px) 100vw, 240px\" \/><\/p>\n<p>Este ano, o evento de cunho religioso e cultural tem como tema:\u00a0<strong><em>\u201cArrai\u00e1 de todos os tempos\u201d<\/em><\/strong>\u00a0e acontecer\u00e1 no s\u00e1bado, dia 6 de julho, em parceria com as secretarias de Cultura e Educa\u00e7\u00e3o e contar\u00e1 com uma vasta programa\u00e7\u00e3o cultural, decora\u00e7\u00e3o junina e ainda atividades esportivas.<\/p>\n<p>As festividades iniciam na parte da tarde onde haver\u00e1 o tradicional\u00a0<em><strong>Torneio de S\u00e3o Pedro<\/strong><\/em>\u00a0envolvendo seis equipes.\u00a0<em><strong>Veja tabela abaixo!<\/strong><\/em><\/p>\n<p><img decoding=\"async\" class=\"alignnone size-medium_large wp-image-164734\" src=\"https:\/\/i0.wp.com\/www.portalenoticias.com.br\/wp-content\/uploads\/2024\/06\/a8f011d0-0656-426f-9290-1de9d848ce0c.jpg?fit=708%2C885&amp;ssl=1\" sizes=\"(max-width: 768px) 100vw, 768px\" srcset=\"https:\/\/i0.wp.com\/www.portalenoticias.com.br\/wp-content\/uploads\/2024\/06\/a8f011d0-0656-426f-9290-1de9d848ce0c.jpg?fit=240%2C300&amp;ssl=1 240w, https:\/\/i0.wp.com\/www.portalenoticias.com.br\/wp-content\/uploads\/2024\/06\/a8f011d0-0656-426f-9290-1de9d848ce0c.jpg?fit=708%2C885&amp;ssl=1 768w\" alt=\"\" width=\"708\" height=\"885\" data-recalc-dims=\"1\" \/><\/p>\n<p>O\u00a0<em><strong>26\u00ba Arrai\u00e1 de S\u00e3o Pedro do Povoado Fujona 2024<\/strong>\u00a0<\/em>contar\u00e1 tamb\u00e9m com um palco montado no centro do povoado com uma mega estrutura de som e luz para os shows musicais com o cantor\u00a0<em><strong>Robson Rocha, Painel de Controle e Forroz\u00e3o Classe A.<\/strong><\/em><\/p>\n<p>A programa\u00e7\u00e3o completa do\u00a0<em><strong>26\u00ba Arrai\u00e1 de S\u00e3o Pedro do povoado Fujona<\/strong>\u00a0<\/em>ser\u00e1 divulgada nos pr\u00f3ximos dias!<\/p>\n<div id=\"nbtioout\">\n<figure id=\"attachment_164735\" class=\"wp-caption alignnone\" aria-describedby=\"caption-attachment-164735\">\n<div id=\"nbtio\"><strong><em>Fonte: Portal \u00c9 Not\u00edcias\u00a0<\/em><\/strong><\/div>\n<\/figure>\n<\/div>\n","protected":false},"excerpt":{"rendered":"<p>A Prefeitura de S\u00e3o Juli\u00e3o \u2013 PI, atrav\u00e9s da gest\u00e3o\u00a0\u201cO Povo \u00e9 o poder\u201d, do\u00a0Prefeito Dr. Samuel Alencar e do vice Dr. Leonardo Rocha, acaba de divulgar as atra\u00e7\u00f5es do\u00a026\u00ba Arrai\u00e1 de S\u00e3o Pedro do Povoado Fujona. Este ano, o evento de cunho religioso e cultural tem como tema:\u00a0\u201cArrai\u00e1 de todos os tempos\u201d\u00a0e acontecer\u00e1 no &hellip;<\/p>\n","protected":false},"author":3,"featured_media":73924,"comment_status":"open","ping_status":"open","sticky":false,"template":"","format":"standard","meta":{"content-type":"","rop_custom_images_group":[],"rop_custom_messages_group":[],"rop_publish_now":"yes","rop_publish_now_accounts":{"facebook_2648258775420054_1618374048415101":""},"rop_publish_now_history":[],"rop_publish_now_status":"pending","footnotes":"","_jetpack_memberships_contains_paid_content":false},"categories":[147,109,3998],"tags":[15815,14442,437,230,1294,855,3056,1197,4205,4705,222,1196,842],"yoast_head":"<!-- This site is optimized with the Yoast SEO plugin v22.3 - https:\/\/yoast.com\/wordpress\/plugins\/seo\/ -->\n<title>Em S\u00e3o Juli\u00e3o, prefeitura divulga atra\u00e7\u00f5es do 26\u00ba Arrai\u00e1 de S\u00e3o Pedro do povoado Fujona; veja! - Portal NPM<\/title>\n<meta name=\"robots\" content=\"index, follow, max-snippet:-1, max-image-preview:large, max-video-preview:-1\" \/>\n<link rel=\"canonical\" href=\"https:\/\/portalnpm.com\/index.php\/2024\/06\/26\/em-sao-juliao-prefeitura-divulga-atracoes-do-26o-arraia-de-sao-pedro-do-povoado-fujona-veja\/\" \/>\n<meta property=\"og:locale\" content=\"pt_BR\" \/>\n<meta property=\"og:type\" content=\"article\" \/>\n<meta property=\"og:title\" content=\"Em S\u00e3o Juli\u00e3o, prefeitura divulga atra\u00e7\u00f5es do 26\u00ba Arrai\u00e1 de S\u00e3o Pedro do povoado Fujona; veja! - Portal NPM\" \/>\n<meta property=\"og:description\" content=\"A Prefeitura de S\u00e3o Juli\u00e3o \u2013 PI, atrav\u00e9s da gest\u00e3o\u00a0\u201cO Povo \u00e9 o poder\u201d, do\u00a0Prefeito Dr. Samuel Alencar e do vice Dr. Leonardo Rocha, acaba de divulgar as atra\u00e7\u00f5es do\u00a026\u00ba Arrai\u00e1 de S\u00e3o Pedro do Povoado Fujona. Este ano, o evento de cunho religioso e cultural tem como tema:\u00a0\u201cArrai\u00e1 de todos os tempos\u201d\u00a0e acontecer\u00e1 no &hellip;\" \/>\n<meta property=\"og:url\" content=\"https:\/\/portalnpm.com\/index.php\/2024\/06\/26\/em-sao-juliao-prefeitura-divulga-atracoes-do-26o-arraia-de-sao-pedro-do-povoado-fujona-veja\/\" \/>\n<meta property=\"og:site_name\" content=\"Portal NPM\" \/>\n<meta property=\"article:published_time\" content=\"2024-06-26T23:57:35+00:00\" \/>\n<meta property=\"og:image\" content=\"https:\/\/portalnpm.com\/wp-content\/uploads\/2024\/06\/e7bc5966-7529-4048-8e5b-142a62414825.jpg\" \/>\n\t<meta property=\"og:image:width\" content=\"708\" \/>\n\t<meta property=\"og:image:height\" content=\"885\" \/>\n\t<meta property=\"og:image:type\" content=\"image\/jpeg\" \/>\n<meta name=\"author\" content=\"Luis Alberto\" \/>\n<meta name=\"twitter:card\" content=\"summary_large_image\" \/>\n<meta name=\"twitter:label1\" content=\"Escrito por\" \/>\n\t<meta name=\"twitter:data1\" content=\"Luis Alberto\" \/>\n\t<meta name=\"twitter:label2\" content=\"Est. tempo de leitura\" \/>\n\t<meta name=\"twitter:data2\" content=\"2 minutos\" \/>\n<script type=\"application\/ld+json\" class=\"yoast-schema-graph\">{\"@context\":\"https:\/\/schema.org\",\"@graph\":[{\"@type\":\"WebPage\",\"@id\":\"https:\/\/portalnpm.com\/index.php\/2024\/06\/26\/em-sao-juliao-prefeitura-divulga-atracoes-do-26o-arraia-de-sao-pedro-do-povoado-fujona-veja\/\",\"url\":\"https:\/\/portalnpm.com\/index.php\/2024\/06\/26\/em-sao-juliao-prefeitura-divulga-atracoes-do-26o-arraia-de-sao-pedro-do-povoado-fujona-veja\/\",\"name\":\"Em S\u00e3o Juli\u00e3o, prefeitura divulga atra\u00e7\u00f5es do 26\u00ba Arrai\u00e1 de S\u00e3o Pedro do povoado Fujona; veja! - Portal NPM\",\"isPartOf\":{\"@id\":\"https:\/\/portalnpm.com\/#website\"},\"primaryImageOfPage\":{\"@id\":\"https:\/\/portalnpm.com\/index.php\/2024\/06\/26\/em-sao-juliao-prefeitura-divulga-atracoes-do-26o-arraia-de-sao-pedro-do-povoado-fujona-veja\/#primaryimage\"},\"image\":{\"@id\":\"https:\/\/portalnpm.com\/index.php\/2024\/06\/26\/em-sao-juliao-prefeitura-divulga-atracoes-do-26o-arraia-de-sao-pedro-do-povoado-fujona-veja\/#primaryimage\"},\"thumbnailUrl\":\"https:\/\/portalnpm.com\/wp-content\/uploads\/2024\/06\/e7bc5966-7529-4048-8e5b-142a62414825.jpg\",\"datePublished\":\"2024-06-26T23:57:35+00:00\",\"dateModified\":\"2024-06-26T23:57:35+00:00\",\"author\":{\"@id\":\"https:\/\/portalnpm.com\/#\/schema\/person\/5c8006acdf71774cd4e7a5ab98482152\"},\"breadcrumb\":{\"@id\":\"https:\/\/portalnpm.com\/index.php\/2024\/06\/26\/em-sao-juliao-prefeitura-divulga-atracoes-do-26o-arraia-de-sao-pedro-do-povoado-fujona-veja\/#breadcrumb\"},\"inLanguage\":\"pt-BR\",\"potentialAction\":[{\"@type\":\"ReadAction\",\"target\":[\"https:\/\/portalnpm.com\/index.php\/2024\/06\/26\/em-sao-juliao-prefeitura-divulga-atracoes-do-26o-arraia-de-sao-pedro-do-povoado-fujona-veja\/\"]}]},{\"@type\":\"ImageObject\",\"inLanguage\":\"pt-BR\",\"@id\":\"https:\/\/portalnpm.com\/index.php\/2024\/06\/26\/em-sao-juliao-prefeitura-divulga-atracoes-do-26o-arraia-de-sao-pedro-do-povoado-fujona-veja\/#primaryimage\",\"url\":\"https:\/\/portalnpm.com\/wp-content\/uploads\/2024\/06\/e7bc5966-7529-4048-8e5b-142a62414825.jpg\",\"contentUrl\":\"https:\/\/portalnpm.com\/wp-content\/uploads\/2024\/06\/e7bc5966-7529-4048-8e5b-142a62414825.jpg\",\"width\":708,\"height\":885},{\"@type\":\"BreadcrumbList\",\"@id\":\"https:\/\/portalnpm.com\/index.php\/2024\/06\/26\/em-sao-juliao-prefeitura-divulga-atracoes-do-26o-arraia-de-sao-pedro-do-povoado-fujona-veja\/#breadcrumb\",\"itemListElement\":[{\"@type\":\"ListItem\",\"position\":1,\"name\":\"In\u00edcio\",\"item\":\"https:\/\/portalnpm.com\/\"},{\"@type\":\"ListItem\",\"position\":2,\"name\":\"Em S\u00e3o Juli\u00e3o, prefeitura divulga atra\u00e7\u00f5es do 26\u00ba Arrai\u00e1 de S\u00e3o Pedro do povoado Fujona; veja!\"}]},{\"@type\":\"WebSite\",\"@id\":\"https:\/\/portalnpm.com\/#website\",\"url\":\"https:\/\/portalnpm.com\/\",\"name\":\"Portal NPM\",\"description\":\"Not\u00edcias em Primeira M\u00e3o\",\"potentialAction\":[{\"@type\":\"SearchAction\",\"target\":{\"@type\":\"EntryPoint\",\"urlTemplate\":\"https:\/\/portalnpm.com\/?s={search_term_string}\"},\"query-input\":\"required name=search_term_string\"}],\"inLanguage\":\"pt-BR\"},{\"@type\":\"Person\",\"@id\":\"https:\/\/portalnpm.com\/#\/schema\/person\/5c8006acdf71774cd4e7a5ab98482152\",\"name\":\"Luis Alberto\",\"image\":{\"@type\":\"ImageObject\",\"inLanguage\":\"pt-BR\",\"@id\":\"https:\/\/portalnpm.com\/#\/schema\/person\/image\/\",\"url\":\"https:\/\/portalnpm.com\/wp-content\/uploads\/2024\/12\/avatar_user_3_1734699769-96x96.jpeg\",\"contentUrl\":\"https:\/\/portalnpm.com\/wp-content\/uploads\/2024\/12\/avatar_user_3_1734699769-96x96.jpeg\",\"caption\":\"Luis Alberto\"},\"description\":\"Editor-geral do Portal NPM, \u00e9 formado como T\u00e9cnico em Seguran\u00e7a do Trabalho pela Escola Metropolitana de Cursos T\u00e9cnicos. Det\u00e9m ainda licenciatura em Educa\u00e7\u00e3o F\u00edsica e bacharelado em Ci\u00eancias Pol\u00edticas, ambos obtidos pela institui\u00e7\u00e3o Anhanguera\/UNOPAR.\",\"url\":\"https:\/\/portalnpm.com\/index.php\/author\/pereira\/\"}]}<\/script>\n<!-- \/ Yoast SEO plugin. -->","yoast_head_json":{"title":"Em S\u00e3o Juli\u00e3o, prefeitura divulga atra\u00e7\u00f5es do 26\u00ba Arrai\u00e1 de S\u00e3o Pedro do povoado Fujona; veja! - Portal NPM","robots":{"index":"index","follow":"follow","max-snippet":"max-snippet:-1","max-image-preview":"max-image-preview:large","max-video-preview":"max-video-preview:-1"},"canonical":"https:\/\/portalnpm.com\/index.php\/2024\/06\/26\/em-sao-juliao-prefeitura-divulga-atracoes-do-26o-arraia-de-sao-pedro-do-povoado-fujona-veja\/","og_locale":"pt_BR","og_type":"article","og_title":"Em S\u00e3o Juli\u00e3o, prefeitura divulga atra\u00e7\u00f5es do 26\u00ba Arrai\u00e1 de S\u00e3o Pedro do povoado Fujona; veja! - Portal NPM","og_description":"A Prefeitura de S\u00e3o Juli\u00e3o \u2013 PI, atrav\u00e9s da gest\u00e3o\u00a0\u201cO Povo \u00e9 o poder\u201d, do\u00a0Prefeito Dr. Samuel Alencar e do vice Dr. Leonardo Rocha, acaba de divulgar as atra\u00e7\u00f5es do\u00a026\u00ba Arrai\u00e1 de S\u00e3o Pedro do Povoado Fujona. Este ano, o evento de cunho religioso e cultural tem como tema:\u00a0\u201cArrai\u00e1 de todos os tempos\u201d\u00a0e acontecer\u00e1 no &hellip;","og_url":"https:\/\/portalnpm.com\/index.php\/2024\/06\/26\/em-sao-juliao-prefeitura-divulga-atracoes-do-26o-arraia-de-sao-pedro-do-povoado-fujona-veja\/","og_site_name":"Portal NPM","article_published_time":"2024-06-26T23:57:35+00:00","og_image":[{"width":708,"height":885,"url":"https:\/\/portalnpm.com\/wp-content\/uploads\/2024\/06\/e7bc5966-7529-4048-8e5b-142a62414825.jpg","type":"image\/jpeg"}],"author":"Luis Alberto","twitter_card":"summary_large_image","twitter_misc":{"Escrito por":"Luis Alberto","Est. tempo de leitura":"2 minutos"},"schema":{"@context":"https:\/\/schema.org","@graph":[{"@type":"WebPage","@id":"https:\/\/portalnpm.com\/index.php\/2024\/06\/26\/em-sao-juliao-prefeitura-divulga-atracoes-do-26o-arraia-de-sao-pedro-do-povoado-fujona-veja\/","url":"https:\/\/portalnpm.com\/index.php\/2024\/06\/26\/em-sao-juliao-prefeitura-divulga-atracoes-do-26o-arraia-de-sao-pedro-do-povoado-fujona-veja\/","name":"Em S\u00e3o Juli\u00e3o, prefeitura divulga atra\u00e7\u00f5es do 26\u00ba Arrai\u00e1 de S\u00e3o Pedro do povoado Fujona; veja! - Portal NPM","isPartOf":{"@id":"https:\/\/portalnpm.com\/#website"},"primaryImageOfPage":{"@id":"https:\/\/portalnpm.com\/index.php\/2024\/06\/26\/em-sao-juliao-prefeitura-divulga-atracoes-do-26o-arraia-de-sao-pedro-do-povoado-fujona-veja\/#primaryimage"},"image":{"@id":"https:\/\/portalnpm.com\/index.php\/2024\/06\/26\/em-sao-juliao-prefeitura-divulga-atracoes-do-26o-arraia-de-sao-pedro-do-povoado-fujona-veja\/#primaryimage"},"thumbnailUrl":"https:\/\/portalnpm.com\/wp-content\/uploads\/2024\/06\/e7bc5966-7529-4048-8e5b-142a62414825.jpg","datePublished":"2024-06-26T23:57:35+00:00","dateModified":"2024-06-26T23:57:35+00:00","author":{"@id":"https:\/\/portalnpm.com\/#\/schema\/person\/5c8006acdf71774cd4e7a5ab98482152"},"breadcrumb":{"@id":"https:\/\/portalnpm.com\/index.php\/2024\/06\/26\/em-sao-juliao-prefeitura-divulga-atracoes-do-26o-arraia-de-sao-pedro-do-povoado-fujona-veja\/#breadcrumb"},"inLanguage":"pt-BR","potentialAction":[{"@type":"ReadAction","target":["https:\/\/portalnpm.com\/index.php\/2024\/06\/26\/em-sao-juliao-prefeitura-divulga-atracoes-do-26o-arraia-de-sao-pedro-do-povoado-fujona-veja\/"]}]},{"@type":"ImageObject","inLanguage":"pt-BR","@id":"https:\/\/portalnpm.com\/index.php\/2024\/06\/26\/em-sao-juliao-prefeitura-divulga-atracoes-do-26o-arraia-de-sao-pedro-do-povoado-fujona-veja\/#primaryimage","url":"https:\/\/portalnpm.com\/wp-content\/uploads\/2024\/06\/e7bc5966-7529-4048-8e5b-142a62414825.jpg","contentUrl":"https:\/\/portalnpm.com\/wp-content\/uploads\/2024\/06\/e7bc5966-7529-4048-8e5b-142a62414825.jpg","width":708,"height":885},{"@type":"BreadcrumbList","@id":"https:\/\/portalnpm.com\/index.php\/2024\/06\/26\/em-sao-juliao-prefeitura-divulga-atracoes-do-26o-arraia-de-sao-pedro-do-povoado-fujona-veja\/#breadcrumb","itemListElement":[{"@type":"ListItem","position":1,"name":"In\u00edcio","item":"https:\/\/portalnpm.com\/"},{"@type":"ListItem","position":2,"name":"Em S\u00e3o Juli\u00e3o, prefeitura divulga atra\u00e7\u00f5es do 26\u00ba Arrai\u00e1 de S\u00e3o Pedro do povoado Fujona; veja!"}]},{"@type":"WebSite","@id":"https:\/\/portalnpm.com\/#website","url":"https:\/\/portalnpm.com\/","name":"Portal NPM","description":"Not\u00edcias em Primeira M\u00e3o","potentialAction":[{"@type":"SearchAction","target":{"@type":"EntryPoint","urlTemplate":"https:\/\/portalnpm.com\/?s={search_term_string}"},"query-input":"required name=search_term_string"}],"inLanguage":"pt-BR"},{"@type":"Person","@id":"https:\/\/portalnpm.com\/#\/schema\/person\/5c8006acdf71774cd4e7a5ab98482152","name":"Luis Alberto","image":{"@type":"ImageObject","inLanguage":"pt-BR","@id":"https:\/\/portalnpm.com\/#\/schema\/person\/image\/","url":"https:\/\/portalnpm.com\/wp-content\/uploads\/2024\/12\/avatar_user_3_1734699769-96x96.jpeg","contentUrl":"https:\/\/portalnpm.com\/wp-content\/uploads\/2024\/12\/avatar_user_3_1734699769-96x96.jpeg","caption":"Luis Alberto"},"description":"Editor-geral do Portal NPM, \u00e9 formado como T\u00e9cnico em Seguran\u00e7a do Trabalho pela Escola Metropolitana de Cursos T\u00e9cnicos. Det\u00e9m ainda licenciatura em Educa\u00e7\u00e3o F\u00edsica e bacharelado em Ci\u00eancias Pol\u00edticas, ambos obtidos pela institui\u00e7\u00e3o Anhanguera\/UNOPAR.","url":"https:\/\/portalnpm.com\/index.php\/author\/pereira\/"}]}},"jetpack_sharing_enabled":true,"jetpack_featured_media_url":"https:\/\/portalnpm.com\/wp-content\/uploads\/2024\/06\/e7bc5966-7529-4048-8e5b-142a62414825.jpg","_links":{"self":[{"href":"https:\/\/portalnpm.com\/index.php\/wp-json\/wp\/v2\/posts\/73921"}],"collection":[{"href":"https:\/\/portalnpm.com\/index.php\/wp-json\/wp\/v2\/posts"}],"about":[{"href":"https:\/\/portalnpm.com\/index.php\/wp-json\/wp\/v2\/types\/post"}],"author":[{"embeddable":true,"href":"https:\/\/portalnpm.com\/index.php\/wp-json\/wp\/v2\/users\/3"}],"replies":[{"embeddable":true,"href":"https:\/\/portalnpm.com\/index.php\/wp-json\/wp\/v2\/comments?post=73921"}],"version-history":[{"count":2,"href":"https:\/\/portalnpm.com\/index.php\/wp-json\/wp\/v2\/posts\/73921\/revisions"}],"predecessor-version":[{"id":73926,"href":"https:\/\/portalnpm.com\/index.php\/wp-json\/wp\/v2\/posts\/73921\/revisions\/73926"}],"wp:featuredmedia":[{"embeddable":true,"href":"https:\/\/portalnpm.com\/index.php\/wp-json\/wp\/v2\/media\/73924"}],"wp:attachment":[{"href":"https:\/\/portalnpm.com\/index.php\/wp-json\/wp\/v2\/media?parent=73921"}],"wp:term":[{"taxonomy":"category","embeddable":true,"href":"https:\/\/portalnpm.com\/index.php\/wp-json\/wp\/v2\/categories?post=73921"},{"taxonomy":"post_tag","embeddable":true,"href":"https:\/\/portalnpm.com\/index.php\/wp-json\/wp\/v2\/tags?post=73921"}],"curies":[{"name":"wp","href":"https:\/\/api.w.org\/{rel}","templated":true}]}}