{"id":741,"date":"2018-08-19T14:57:45","date_gmt":"2018-08-19T17:57:45","guid":{"rendered":"http:\/\/srv.portalnpm.com.br\/?p=741"},"modified":"2018-08-19T14:57:45","modified_gmt":"2018-08-19T17:57:45","slug":"governador-do-ceara-camilo-santana-declara-apoio-ao-presidenciavel-ciro-gomes","status":"publish","type":"post","link":"https:\/\/portalnpm.com\/index.php\/2018\/08\/19\/governador-do-ceara-camilo-santana-declara-apoio-ao-presidenciavel-ciro-gomes\/","title":{"rendered":"Governador do Cear\u00e1 Camilo Santana declara apoio ao presidenci\u00e1vel Ciro Gomes"},"content":{"rendered":"<blockquote><p>Declara\u00e7\u00e3o de apoio \u00e0 candidatura do pedetista \u00e0 presidente da Rep\u00fablica foi dada neste s\u00e1bado (18), em inaugura\u00e7\u00e3o de comit\u00ea do deputado federal Andr\u00e9 Figueiredo (PDT)<\/p><\/blockquote>\n<p style=\"text-align: justify;\">O governador Camilo Santana (PT) declarou apoio ao candidato \u00e0 Presid\u00eancia da Rep\u00fablica Ciro Gomes (PDT) neste s\u00e1bado (18), durante inaugura\u00e7\u00e3o do comit\u00ea do deputado federal Andr\u00e9 Figueiredo (PDT). Em discurso, o petista n\u00e3o poupou elogios ao presidenci\u00e1vel: \u201c<strong>quero dizer ao meu amigo Ciro que tenho uma forte admira\u00e7\u00e3o por ele<\/strong>, uma pessoa que estimulou todos n\u00f3s dessa nova gera\u00e7\u00e3o da pol\u00edtica (\u2026) Ciro, n\u00f3s estamos juntos\u201d.<\/p>\n<p style=\"text-align: justify;\">A declara\u00e7\u00e3o vai de encontro ao que o governador havia dito em julho, no Encontro de T\u00e1tica do PT. Na ocasi\u00e3o, Camilo informou que<a href=\"http:\/\/tribunadoceara.uol.com.br\/noticias\/eleicoes-2018\/em-qualquer-circunstancia-eu-estarei-ao-lado-de-lula-declara-camilo-em-encontro-do-pt\/\" target=\"_blank\" rel=\"noopener\"><strong>\u00a0\u201cem qualquer circunst\u00e2ncia\u201d<\/strong><\/a>\u00a0estaria ao lado de Lula, cuja candidatura \u00e0 Presid\u00eancia da Rep\u00fablica foi oficializada no in\u00edcio de agosto, em S\u00e3o Paulo, apesar de estar preso por crime de corrup\u00e7\u00e3o passiva e lavagem de dinheiro. Em outro evento, na homologa\u00e7\u00e3o da candidatura de Camilo ao governo do estado, no in\u00edcio do m\u00eas, o petista havia citado Lula e Ciro no discurso,\u00a0<a href=\"http:\/\/tribunadoceara.uol.com.br\/noticias\/eleicoes-2018\/sem-citar-lula-ou-ciro-camilo-santana-tem-candidatura-a-reeleicao-homologada\/\" target=\"_blank\" rel=\"noopener\"><strong>mas sem mencionar apoio a nenhum dos dois<\/strong><\/a>.<\/p>\n<p style=\"text-align: justify;\">J\u00e1 no discurso deste s\u00e1bado, o governador exaltou as atua\u00e7\u00f5es de Ciro, como governador, prefeito, deputado federal e Ministro da Fazenda. \u201cAgora d\u00e1 uma grande contribui\u00e7\u00e3o ao processo important\u00edssimo, democr\u00e1tico, que \u00e9 o processo eleitoral que estamos vivendo em 2018. Quero dizer a voc\u00ea, que representa a esperan\u00e7a: \u2018a esperan\u00e7a tem duas filhas: primeiro a indigna\u00e7\u00e3o, depois a coragem\u2019.\u00a0<strong>Quero desejar toda a sorte do mundo<\/strong>, que Deus aben\u00e7oe a sua miss\u00e3o, para que voc\u00ea possa cumprir essa miss\u00e3o pelo povo brasileiro\u201d.<\/p>\n<p style=\"text-align: justify;\">O governador lidera as pesquisas para o governo do estado com 64%, vencendo a disputa j\u00e1 no primeiro turno, segundo pesquisa do Ibope divulgada recentemente.<\/p>\n<p style=\"text-align: justify;\"><strong>Fonte: Tribuna do Cear\u00e1\/UOL\u00a0<\/strong><\/p>\n","protected":false},"excerpt":{"rendered":"<p>Declara\u00e7\u00e3o de apoio \u00e0 candidatura do pedetista \u00e0 presidente da Rep\u00fablica foi dada neste s\u00e1bado (18), em inaugura\u00e7\u00e3o de comit\u00ea do deputado federal Andr\u00e9 Figueiredo (PDT) O governador Camilo Santana (PT) declarou apoio ao candidato \u00e0 Presid\u00eancia da Rep\u00fablica Ciro Gomes (PDT) neste s\u00e1bado (18), durante inaugura\u00e7\u00e3o do comit\u00ea do deputado federal Andr\u00e9 Figueiredo (PDT). &hellip;<\/p>\n","protected":false},"author":3,"featured_media":742,"comment_status":"open","ping_status":"open","sticky":false,"template":"","format":"standard","meta":{"content-type":"","rop_custom_images_group":[],"rop_custom_messages_group":[],"rop_publish_now":"initial","rop_publish_now_accounts":{"facebook_2648258775420054_1618374048415101":""},"rop_publish_now_history":[],"rop_publish_now_status":"pending","footnotes":"","_jetpack_memberships_contains_paid_content":false},"categories":[113,130],"tags":[576,577,473],"yoast_head":"<!-- This site is optimized with the Yoast SEO plugin v22.3 - https:\/\/yoast.com\/wordpress\/plugins\/seo\/ -->\n<title>Governador do Cear\u00e1 Camilo Santana declara apoio ao presidenci\u00e1vel Ciro Gomes - Portal NPM<\/title>\n<meta name=\"robots\" content=\"index, follow, max-snippet:-1, max-image-preview:large, max-video-preview:-1\" \/>\n<link rel=\"canonical\" href=\"https:\/\/portalnpm.com\/index.php\/2018\/08\/19\/governador-do-ceara-camilo-santana-declara-apoio-ao-presidenciavel-ciro-gomes\/\" \/>\n<meta property=\"og:locale\" content=\"pt_BR\" \/>\n<meta property=\"og:type\" content=\"article\" \/>\n<meta property=\"og:title\" content=\"Governador do Cear\u00e1 Camilo Santana declara apoio ao presidenci\u00e1vel Ciro Gomes - Portal NPM\" \/>\n<meta property=\"og:description\" content=\"Declara\u00e7\u00e3o de apoio \u00e0 candidatura do pedetista \u00e0 presidente da Rep\u00fablica foi dada neste s\u00e1bado (18), em inaugura\u00e7\u00e3o de comit\u00ea do deputado federal Andr\u00e9 Figueiredo (PDT) O governador Camilo Santana (PT) declarou apoio ao candidato \u00e0 Presid\u00eancia da Rep\u00fablica Ciro Gomes (PDT) neste s\u00e1bado (18), durante inaugura\u00e7\u00e3o do comit\u00ea do deputado federal Andr\u00e9 Figueiredo (PDT). &hellip;\" \/>\n<meta property=\"og:url\" content=\"https:\/\/portalnpm.com\/index.php\/2018\/08\/19\/governador-do-ceara-camilo-santana-declara-apoio-ao-presidenciavel-ciro-gomes\/\" \/>\n<meta property=\"og:site_name\" content=\"Portal NPM\" \/>\n<meta property=\"article:published_time\" content=\"2018-08-19T17:57:45+00:00\" \/>\n<meta property=\"og:image\" content=\"https:\/\/portalnpm.com\/wp-content\/uploads\/2018\/08\/camilo-e-ciro.jpg\" \/>\n\t<meta property=\"og:image:width\" content=\"850\" \/>\n\t<meta property=\"og:image:height\" content=\"550\" \/>\n\t<meta property=\"og:image:type\" content=\"image\/jpeg\" \/>\n<meta name=\"author\" content=\"Luis Alberto\" \/>\n<meta name=\"twitter:card\" content=\"summary_large_image\" \/>\n<meta name=\"twitter:label1\" content=\"Escrito por\" \/>\n\t<meta name=\"twitter:data1\" content=\"Luis Alberto\" \/>\n\t<meta name=\"twitter:label2\" content=\"Est. tempo de leitura\" \/>\n\t<meta name=\"twitter:data2\" content=\"2 minutos\" \/>\n<script type=\"application\/ld+json\" class=\"yoast-schema-graph\">{\"@context\":\"https:\/\/schema.org\",\"@graph\":[{\"@type\":\"WebPage\",\"@id\":\"https:\/\/portalnpm.com\/index.php\/2018\/08\/19\/governador-do-ceara-camilo-santana-declara-apoio-ao-presidenciavel-ciro-gomes\/\",\"url\":\"https:\/\/portalnpm.com\/index.php\/2018\/08\/19\/governador-do-ceara-camilo-santana-declara-apoio-ao-presidenciavel-ciro-gomes\/\",\"name\":\"Governador do Cear\u00e1 Camilo Santana declara apoio ao presidenci\u00e1vel Ciro Gomes - Portal NPM\",\"isPartOf\":{\"@id\":\"https:\/\/portalnpm.com\/#website\"},\"primaryImageOfPage\":{\"@id\":\"https:\/\/portalnpm.com\/index.php\/2018\/08\/19\/governador-do-ceara-camilo-santana-declara-apoio-ao-presidenciavel-ciro-gomes\/#primaryimage\"},\"image\":{\"@id\":\"https:\/\/portalnpm.com\/index.php\/2018\/08\/19\/governador-do-ceara-camilo-santana-declara-apoio-ao-presidenciavel-ciro-gomes\/#primaryimage\"},\"thumbnailUrl\":\"https:\/\/portalnpm.com\/wp-content\/uploads\/2018\/08\/camilo-e-ciro.jpg\",\"datePublished\":\"2018-08-19T17:57:45+00:00\",\"dateModified\":\"2018-08-19T17:57:45+00:00\",\"author\":{\"@id\":\"https:\/\/portalnpm.com\/#\/schema\/person\/5c8006acdf71774cd4e7a5ab98482152\"},\"breadcrumb\":{\"@id\":\"https:\/\/portalnpm.com\/index.php\/2018\/08\/19\/governador-do-ceara-camilo-santana-declara-apoio-ao-presidenciavel-ciro-gomes\/#breadcrumb\"},\"inLanguage\":\"pt-BR\",\"potentialAction\":[{\"@type\":\"ReadAction\",\"target\":[\"https:\/\/portalnpm.com\/index.php\/2018\/08\/19\/governador-do-ceara-camilo-santana-declara-apoio-ao-presidenciavel-ciro-gomes\/\"]}]},{\"@type\":\"ImageObject\",\"inLanguage\":\"pt-BR\",\"@id\":\"https:\/\/portalnpm.com\/index.php\/2018\/08\/19\/governador-do-ceara-camilo-santana-declara-apoio-ao-presidenciavel-ciro-gomes\/#primaryimage\",\"url\":\"https:\/\/portalnpm.com\/wp-content\/uploads\/2018\/08\/camilo-e-ciro.jpg\",\"contentUrl\":\"https:\/\/portalnpm.com\/wp-content\/uploads\/2018\/08\/camilo-e-ciro.jpg\",\"width\":850,\"height\":550},{\"@type\":\"BreadcrumbList\",\"@id\":\"https:\/\/portalnpm.com\/index.php\/2018\/08\/19\/governador-do-ceara-camilo-santana-declara-apoio-ao-presidenciavel-ciro-gomes\/#breadcrumb\",\"itemListElement\":[{\"@type\":\"ListItem\",\"position\":1,\"name\":\"In\u00edcio\",\"item\":\"https:\/\/portalnpm.com\/\"},{\"@type\":\"ListItem\",\"position\":2,\"name\":\"Governador do Cear\u00e1 Camilo Santana declara apoio ao presidenci\u00e1vel Ciro Gomes\"}]},{\"@type\":\"WebSite\",\"@id\":\"https:\/\/portalnpm.com\/#website\",\"url\":\"https:\/\/portalnpm.com\/\",\"name\":\"Portal NPM\",\"description\":\"Not\u00edcias em Primeira M\u00e3o\",\"potentialAction\":[{\"@type\":\"SearchAction\",\"target\":{\"@type\":\"EntryPoint\",\"urlTemplate\":\"https:\/\/portalnpm.com\/?s={search_term_string}\"},\"query-input\":\"required name=search_term_string\"}],\"inLanguage\":\"pt-BR\"},{\"@type\":\"Person\",\"@id\":\"https:\/\/portalnpm.com\/#\/schema\/person\/5c8006acdf71774cd4e7a5ab98482152\",\"name\":\"Luis Alberto\",\"image\":{\"@type\":\"ImageObject\",\"inLanguage\":\"pt-BR\",\"@id\":\"https:\/\/portalnpm.com\/#\/schema\/person\/image\/\",\"url\":\"https:\/\/portalnpm.com\/wp-content\/uploads\/2024\/12\/avatar_user_3_1734699769-96x96.jpeg\",\"contentUrl\":\"https:\/\/portalnpm.com\/wp-content\/uploads\/2024\/12\/avatar_user_3_1734699769-96x96.jpeg\",\"caption\":\"Luis Alberto\"},\"description\":\"Editor-geral do Portal NPM, \u00e9 formado como T\u00e9cnico em Seguran\u00e7a do Trabalho pela Escola Metropolitana de Cursos T\u00e9cnicos. Det\u00e9m ainda licenciatura em Educa\u00e7\u00e3o F\u00edsica e bacharelado em Ci\u00eancias Pol\u00edticas, ambos obtidos pela institui\u00e7\u00e3o Anhanguera\/UNOPAR.\",\"url\":\"https:\/\/portalnpm.com\/index.php\/author\/pereira\/\"}]}<\/script>\n<!-- \/ Yoast SEO plugin. -->","yoast_head_json":{"title":"Governador do Cear\u00e1 Camilo Santana declara apoio ao presidenci\u00e1vel Ciro Gomes - Portal NPM","robots":{"index":"index","follow":"follow","max-snippet":"max-snippet:-1","max-image-preview":"max-image-preview:large","max-video-preview":"max-video-preview:-1"},"canonical":"https:\/\/portalnpm.com\/index.php\/2018\/08\/19\/governador-do-ceara-camilo-santana-declara-apoio-ao-presidenciavel-ciro-gomes\/","og_locale":"pt_BR","og_type":"article","og_title":"Governador do Cear\u00e1 Camilo Santana declara apoio ao presidenci\u00e1vel Ciro Gomes - Portal NPM","og_description":"Declara\u00e7\u00e3o de apoio \u00e0 candidatura do pedetista \u00e0 presidente da Rep\u00fablica foi dada neste s\u00e1bado (18), em inaugura\u00e7\u00e3o de comit\u00ea do deputado federal Andr\u00e9 Figueiredo (PDT) O governador Camilo Santana (PT) declarou apoio ao candidato \u00e0 Presid\u00eancia da Rep\u00fablica Ciro Gomes (PDT) neste s\u00e1bado (18), durante inaugura\u00e7\u00e3o do comit\u00ea do deputado federal Andr\u00e9 Figueiredo (PDT). &hellip;","og_url":"https:\/\/portalnpm.com\/index.php\/2018\/08\/19\/governador-do-ceara-camilo-santana-declara-apoio-ao-presidenciavel-ciro-gomes\/","og_site_name":"Portal NPM","article_published_time":"2018-08-19T17:57:45+00:00","og_image":[{"width":850,"height":550,"url":"https:\/\/portalnpm.com\/wp-content\/uploads\/2018\/08\/camilo-e-ciro.jpg","type":"image\/jpeg"}],"author":"Luis Alberto","twitter_card":"summary_large_image","twitter_misc":{"Escrito por":"Luis Alberto","Est. tempo de leitura":"2 minutos"},"schema":{"@context":"https:\/\/schema.org","@graph":[{"@type":"WebPage","@id":"https:\/\/portalnpm.com\/index.php\/2018\/08\/19\/governador-do-ceara-camilo-santana-declara-apoio-ao-presidenciavel-ciro-gomes\/","url":"https:\/\/portalnpm.com\/index.php\/2018\/08\/19\/governador-do-ceara-camilo-santana-declara-apoio-ao-presidenciavel-ciro-gomes\/","name":"Governador do Cear\u00e1 Camilo Santana declara apoio ao presidenci\u00e1vel Ciro Gomes - Portal NPM","isPartOf":{"@id":"https:\/\/portalnpm.com\/#website"},"primaryImageOfPage":{"@id":"https:\/\/portalnpm.com\/index.php\/2018\/08\/19\/governador-do-ceara-camilo-santana-declara-apoio-ao-presidenciavel-ciro-gomes\/#primaryimage"},"image":{"@id":"https:\/\/portalnpm.com\/index.php\/2018\/08\/19\/governador-do-ceara-camilo-santana-declara-apoio-ao-presidenciavel-ciro-gomes\/#primaryimage"},"thumbnailUrl":"https:\/\/portalnpm.com\/wp-content\/uploads\/2018\/08\/camilo-e-ciro.jpg","datePublished":"2018-08-19T17:57:45+00:00","dateModified":"2018-08-19T17:57:45+00:00","author":{"@id":"https:\/\/portalnpm.com\/#\/schema\/person\/5c8006acdf71774cd4e7a5ab98482152"},"breadcrumb":{"@id":"https:\/\/portalnpm.com\/index.php\/2018\/08\/19\/governador-do-ceara-camilo-santana-declara-apoio-ao-presidenciavel-ciro-gomes\/#breadcrumb"},"inLanguage":"pt-BR","potentialAction":[{"@type":"ReadAction","target":["https:\/\/portalnpm.com\/index.php\/2018\/08\/19\/governador-do-ceara-camilo-santana-declara-apoio-ao-presidenciavel-ciro-gomes\/"]}]},{"@type":"ImageObject","inLanguage":"pt-BR","@id":"https:\/\/portalnpm.com\/index.php\/2018\/08\/19\/governador-do-ceara-camilo-santana-declara-apoio-ao-presidenciavel-ciro-gomes\/#primaryimage","url":"https:\/\/portalnpm.com\/wp-content\/uploads\/2018\/08\/camilo-e-ciro.jpg","contentUrl":"https:\/\/portalnpm.com\/wp-content\/uploads\/2018\/08\/camilo-e-ciro.jpg","width":850,"height":550},{"@type":"BreadcrumbList","@id":"https:\/\/portalnpm.com\/index.php\/2018\/08\/19\/governador-do-ceara-camilo-santana-declara-apoio-ao-presidenciavel-ciro-gomes\/#breadcrumb","itemListElement":[{"@type":"ListItem","position":1,"name":"In\u00edcio","item":"https:\/\/portalnpm.com\/"},{"@type":"ListItem","position":2,"name":"Governador do Cear\u00e1 Camilo Santana declara apoio ao presidenci\u00e1vel Ciro Gomes"}]},{"@type":"WebSite","@id":"https:\/\/portalnpm.com\/#website","url":"https:\/\/portalnpm.com\/","name":"Portal NPM","description":"Not\u00edcias em Primeira M\u00e3o","potentialAction":[{"@type":"SearchAction","target":{"@type":"EntryPoint","urlTemplate":"https:\/\/portalnpm.com\/?s={search_term_string}"},"query-input":"required name=search_term_string"}],"inLanguage":"pt-BR"},{"@type":"Person","@id":"https:\/\/portalnpm.com\/#\/schema\/person\/5c8006acdf71774cd4e7a5ab98482152","name":"Luis Alberto","image":{"@type":"ImageObject","inLanguage":"pt-BR","@id":"https:\/\/portalnpm.com\/#\/schema\/person\/image\/","url":"https:\/\/portalnpm.com\/wp-content\/uploads\/2024\/12\/avatar_user_3_1734699769-96x96.jpeg","contentUrl":"https:\/\/portalnpm.com\/wp-content\/uploads\/2024\/12\/avatar_user_3_1734699769-96x96.jpeg","caption":"Luis Alberto"},"description":"Editor-geral do Portal NPM, \u00e9 formado como T\u00e9cnico em Seguran\u00e7a do Trabalho pela Escola Metropolitana de Cursos T\u00e9cnicos. Det\u00e9m ainda licenciatura em Educa\u00e7\u00e3o F\u00edsica e bacharelado em Ci\u00eancias Pol\u00edticas, ambos obtidos pela institui\u00e7\u00e3o Anhanguera\/UNOPAR.","url":"https:\/\/portalnpm.com\/index.php\/author\/pereira\/"}]}},"jetpack_sharing_enabled":true,"jetpack_featured_media_url":"https:\/\/portalnpm.com\/wp-content\/uploads\/2018\/08\/camilo-e-ciro.jpg","_links":{"self":[{"href":"https:\/\/portalnpm.com\/index.php\/wp-json\/wp\/v2\/posts\/741"}],"collection":[{"href":"https:\/\/portalnpm.com\/index.php\/wp-json\/wp\/v2\/posts"}],"about":[{"href":"https:\/\/portalnpm.com\/index.php\/wp-json\/wp\/v2\/types\/post"}],"author":[{"embeddable":true,"href":"https:\/\/portalnpm.com\/index.php\/wp-json\/wp\/v2\/users\/3"}],"replies":[{"embeddable":true,"href":"https:\/\/portalnpm.com\/index.php\/wp-json\/wp\/v2\/comments?post=741"}],"version-history":[{"count":0,"href":"https:\/\/portalnpm.com\/index.php\/wp-json\/wp\/v2\/posts\/741\/revisions"}],"wp:featuredmedia":[{"embeddable":true,"href":"https:\/\/portalnpm.com\/index.php\/wp-json\/wp\/v2\/media\/742"}],"wp:attachment":[{"href":"https:\/\/portalnpm.com\/index.php\/wp-json\/wp\/v2\/media?parent=741"}],"wp:term":[{"taxonomy":"category","embeddable":true,"href":"https:\/\/portalnpm.com\/index.php\/wp-json\/wp\/v2\/categories?post=741"},{"taxonomy":"post_tag","embeddable":true,"href":"https:\/\/portalnpm.com\/index.php\/wp-json\/wp\/v2\/tags?post=741"}],"curies":[{"name":"wp","href":"https:\/\/api.w.org\/{rel}","templated":true}]}}