{"id":74286,"date":"2024-07-13T12:43:03","date_gmt":"2024-07-13T15:43:03","guid":{"rendered":"https:\/\/portalnpm.com\/?p=74286"},"modified":"2024-07-13T12:56:05","modified_gmt":"2024-07-13T15:56:05","slug":"camara-municipal-de-vereadores-de-sao-juliao-realiza-decima-sessao-ordinaria-veja-pautas","status":"publish","type":"post","link":"https:\/\/portalnpm.com\/index.php\/2024\/07\/13\/camara-municipal-de-vereadores-de-sao-juliao-realiza-decima-sessao-ordinaria-veja-pautas\/","title":{"rendered":"C\u00e2mara Municipal de Vereadores de S\u00e3o Juli\u00e3o realiza D\u00e9cima Sess\u00e3o Ordin\u00e1ria; veja pautas!"},"content":{"rendered":"<p>Foi realizada na noite desta sexta-feira, 12 de julho , a D\u00e9cima Sess\u00e3o Ordin\u00e1ria da C\u00e2mara Municipal de Vereadores de S\u00e3o Juli\u00e3o &#8211; PI do ano de 2024, que tem \u00e0 frente o vereador Edisaldo Rocha (PT). A sess\u00e3o contou com a presen\u00e7a de oito dos nove vereadores.<\/p>\n<p><strong>Assista a sess\u00e3o completa:<\/strong><\/p>\n<p><iframe title=\"D\u00c9CIMA SESS\u00c3O ORDIN\u00c1RIA DO LEGISLATIVO DA C\u00c2MARA DE S\u00c3O JULI\u00c3O - PI 2024.\" width=\"500\" height=\"281\" src=\"https:\/\/www.youtube.com\/embed\/cuAlEQhMCdg?feature=oembed\" frameborder=\"0\" allow=\"accelerometer; autoplay; clipboard-write; encrypted-media; gyroscope; picture-in-picture; web-share\" referrerpolicy=\"strict-origin-when-cross-origin\" allowfullscreen><\/iframe><\/p>\n<p>Na pauta da sess\u00e3o, um requerimento do vereador Eurimar Cezar (PDT), aprovado por unanimidade pelos vereadores presentes, al\u00e9m da presen\u00e7a dos professores que mais uma vez estavam reivindicando seus direitos a respeito dos precat\u00f3rios do FUNDEF.<\/p>\n<figure id=\"attachment_74316\" aria-describedby=\"caption-attachment-74316\" style=\"width: 300px\" class=\"wp-caption alignnone\"><img fetchpriority=\"high\" decoding=\"async\" class=\"size-medium wp-image-74316\" src=\"https:\/\/portalnpm.com\/wp-content\/uploads\/2024\/07\/IMG-20240713-WA0133-300x200.jpg\" alt=\"\" width=\"300\" height=\"200\" srcset=\"https:\/\/portalnpm.com\/wp-content\/uploads\/2024\/07\/IMG-20240713-WA0133-300x200.jpg 300w, https:\/\/portalnpm.com\/wp-content\/uploads\/2024\/07\/IMG-20240713-WA0133-1024x683.jpg 1024w, https:\/\/portalnpm.com\/wp-content\/uploads\/2024\/07\/IMG-20240713-WA0133-768x512.jpg 768w, https:\/\/portalnpm.com\/wp-content\/uploads\/2024\/07\/IMG-20240713-WA0133-1536x1024.jpg 1536w, https:\/\/portalnpm.com\/wp-content\/uploads\/2024\/07\/IMG-20240713-WA0133-2048x1365.jpg 2048w\" sizes=\"(max-width: 300px) 100vw, 300px\" \/><figcaption id=\"caption-attachment-74316\" class=\"wp-caption-text\">Vereador Eurimar Cezar (PDT)<\/figcaption><\/figure>\n<p>O vereador Eurimar Cezar apresentou um requerimento solicitando a limpeza do a\u00e7ude do povoado Mandacaru. O parlamentar ainda reivindicou a limpeza da avenida Francelino Franco Pereira e a revitaliza\u00e7\u00e3o dos canteiros no sentido da Cohab, al\u00e9m da substitui\u00e7\u00e3o dos tambores de lixo atuais por tambores maiores.<\/p>\n<figure id=\"attachment_74317\" aria-describedby=\"caption-attachment-74317\" style=\"width: 300px\" class=\"wp-caption alignnone\"><img decoding=\"async\" class=\"size-medium wp-image-74317\" src=\"https:\/\/portalnpm.com\/wp-content\/uploads\/2024\/07\/IMG-20240713-WA0152-300x200.jpg\" alt=\"\" width=\"300\" height=\"200\" srcset=\"https:\/\/portalnpm.com\/wp-content\/uploads\/2024\/07\/IMG-20240713-WA0152-300x200.jpg 300w, https:\/\/portalnpm.com\/wp-content\/uploads\/2024\/07\/IMG-20240713-WA0152-1024x683.jpg 1024w, https:\/\/portalnpm.com\/wp-content\/uploads\/2024\/07\/IMG-20240713-WA0152-768x512.jpg 768w, https:\/\/portalnpm.com\/wp-content\/uploads\/2024\/07\/IMG-20240713-WA0152-1536x1024.jpg 1536w, https:\/\/portalnpm.com\/wp-content\/uploads\/2024\/07\/IMG-20240713-WA0152-2048x1365.jpg 2048w\" sizes=\"(max-width: 300px) 100vw, 300px\" \/><figcaption id=\"caption-attachment-74317\" class=\"wp-caption-text\">Vereador Acelino da Regina (PDT)<\/figcaption><\/figure>\n<p>O vereador Acelino da Regina (PDT) cobrou do poder p\u00fablico local a manuten\u00e7\u00e3o das estradas vicinais do munic\u00edpio, que segundo o parlamentar, muitas delas ainda encontram-se em p\u00e9ssimas condi\u00e7\u00f5es.<\/p>\n<figure id=\"attachment_74318\" aria-describedby=\"caption-attachment-74318\" style=\"width: 300px\" class=\"wp-caption alignnone\"><img decoding=\"async\" class=\"size-medium wp-image-74318\" src=\"https:\/\/portalnpm.com\/wp-content\/uploads\/2024\/07\/IMG-20240713-WA0154-300x200.jpg\" alt=\"\" width=\"300\" height=\"200\" srcset=\"https:\/\/portalnpm.com\/wp-content\/uploads\/2024\/07\/IMG-20240713-WA0154-300x200.jpg 300w, https:\/\/portalnpm.com\/wp-content\/uploads\/2024\/07\/IMG-20240713-WA0154-1024x683.jpg 1024w, https:\/\/portalnpm.com\/wp-content\/uploads\/2024\/07\/IMG-20240713-WA0154-768x512.jpg 768w, https:\/\/portalnpm.com\/wp-content\/uploads\/2024\/07\/IMG-20240713-WA0154-1536x1024.jpg 1536w, https:\/\/portalnpm.com\/wp-content\/uploads\/2024\/07\/IMG-20240713-WA0154-2048x1365.jpg 2048w\" sizes=\"(max-width: 300px) 100vw, 300px\" \/><figcaption id=\"caption-attachment-74318\" class=\"wp-caption-text\">Vereador Guaran\u00e1 (PDT)<\/figcaption><\/figure>\n<p>O vereador Guaran\u00e1 (PDT), cobrou do poder p\u00fablico municipal a limpeza do barreiro da localidade Cansan\u00e7\u00e3o, que segundo o parlamentar, no ano passado foi aprovado um requerimento de sua autoria, contudo, at\u00e9 hoje nada foi feito.<\/p>\n<figure id=\"attachment_74319\" aria-describedby=\"caption-attachment-74319\" style=\"width: 300px\" class=\"wp-caption alignnone\"><img loading=\"lazy\" decoding=\"async\" class=\"size-medium wp-image-74319\" src=\"https:\/\/portalnpm.com\/wp-content\/uploads\/2024\/07\/IMG-20240713-WA0134-300x200.jpg\" alt=\"\" width=\"300\" height=\"200\" srcset=\"https:\/\/portalnpm.com\/wp-content\/uploads\/2024\/07\/IMG-20240713-WA0134-300x200.jpg 300w, https:\/\/portalnpm.com\/wp-content\/uploads\/2024\/07\/IMG-20240713-WA0134-1024x683.jpg 1024w, https:\/\/portalnpm.com\/wp-content\/uploads\/2024\/07\/IMG-20240713-WA0134-768x512.jpg 768w, https:\/\/portalnpm.com\/wp-content\/uploads\/2024\/07\/IMG-20240713-WA0134-1536x1024.jpg 1536w, https:\/\/portalnpm.com\/wp-content\/uploads\/2024\/07\/IMG-20240713-WA0134-2048x1365.jpg 2048w\" sizes=\"(max-width: 300px) 100vw, 300px\" \/><figcaption id=\"caption-attachment-74319\" class=\"wp-caption-text\">Professora Oleania<\/figcaption><\/figure>\n<p>A professora Oleania, em seu pronunciamento representando os professores, ressaltou que os 60% dos precat\u00f3rios do FUNDEF s\u00e3o dos professores e 40% da prefeitura, seguindo a lei, com isso, n\u00e3o h\u00e1 outro tipo de acordo. A professora pediu ainda aos vereadores, especialmente os parlamentares da situa\u00e7\u00e3o, para que fa\u00e7am essa ponto entre professores e a gest\u00e3o municipal para que a lei seja cumprida, evitando assim problemas judiciais entre ambos. Ainda segundo a professora, o dinheiro est\u00e1 na conta desde fevereiro.<\/p>\n<figure id=\"attachment_73952\" aria-describedby=\"caption-attachment-73952\" style=\"width: 300px\" class=\"wp-caption alignnone\"><img loading=\"lazy\" decoding=\"async\" class=\"size-medium wp-image-73952\" src=\"https:\/\/portalnpm.com\/wp-content\/uploads\/2024\/06\/IMG-20240628-WA0038-300x300.jpg\" alt=\"\" width=\"300\" height=\"300\" srcset=\"https:\/\/portalnpm.com\/wp-content\/uploads\/2024\/06\/IMG-20240628-WA0038-300x300.jpg 300w, https:\/\/portalnpm.com\/wp-content\/uploads\/2024\/06\/IMG-20240628-WA0038-1024x1024.jpg 1024w, https:\/\/portalnpm.com\/wp-content\/uploads\/2024\/06\/IMG-20240628-WA0038-150x150.jpg 150w, https:\/\/portalnpm.com\/wp-content\/uploads\/2024\/06\/IMG-20240628-WA0038-768x768.jpg 768w, https:\/\/portalnpm.com\/wp-content\/uploads\/2024\/06\/IMG-20240628-WA0038-1536x1536.jpg 1536w, https:\/\/portalnpm.com\/wp-content\/uploads\/2024\/06\/IMG-20240628-WA0038-2048x2048.jpg 2048w\" sizes=\"(max-width: 300px) 100vw, 300px\" \/><figcaption id=\"caption-attachment-73952\" class=\"wp-caption-text\">Edisaldo Rocha presidente da C\u00e2mara Municipal de Vereadores de S\u00e3o Juli\u00e3o<\/figcaption><\/figure>\n<p>O vereador e presidente da C\u00e2mara, Edisaldo Rocha (PT), ressaltou a respeito do subs\u00eddio dos vereadores aprovados no ano passado. Com isso, a partir do ano de 2025 ter\u00e1 um reajuste seguindo os par\u00e2metros legais. O parlamentar ainda fez a leitura dos precat\u00f3rios e destacou a import\u00e2ncia de pagar os 60% aos professores, sendo, dessa forma, um direito de todos os educadores.<\/p>\n<p>A sess\u00e3o foi transmitida ao vivo pela plataforma YouTube, no canal da C\u00e2mara Municipal.<\/p>\n<p><img loading=\"lazy\" decoding=\"async\" class=\"alignnone size-medium wp-image-74322\" src=\"https:\/\/portalnpm.com\/wp-content\/uploads\/2024\/07\/IMG-20240713-WA0136-300x200.jpg\" alt=\"\" width=\"300\" height=\"200\" srcset=\"https:\/\/portalnpm.com\/wp-content\/uploads\/2024\/07\/IMG-20240713-WA0136-300x200.jpg 300w, https:\/\/portalnpm.com\/wp-content\/uploads\/2024\/07\/IMG-20240713-WA0136-1024x683.jpg 1024w, https:\/\/portalnpm.com\/wp-content\/uploads\/2024\/07\/IMG-20240713-WA0136-768x512.jpg 768w, https:\/\/portalnpm.com\/wp-content\/uploads\/2024\/07\/IMG-20240713-WA0136-1536x1024.jpg 1536w, https:\/\/portalnpm.com\/wp-content\/uploads\/2024\/07\/IMG-20240713-WA0136-2048x1365.jpg 2048w\" sizes=\"(max-width: 300px) 100vw, 300px\" \/> <img loading=\"lazy\" decoding=\"async\" class=\"alignnone size-medium wp-image-74324\" src=\"https:\/\/portalnpm.com\/wp-content\/uploads\/2024\/07\/IMG-20240713-WA0158-300x200.jpg\" alt=\"\" width=\"300\" height=\"200\" srcset=\"https:\/\/portalnpm.com\/wp-content\/uploads\/2024\/07\/IMG-20240713-WA0158-300x200.jpg 300w, https:\/\/portalnpm.com\/wp-content\/uploads\/2024\/07\/IMG-20240713-WA0158-1024x683.jpg 1024w, https:\/\/portalnpm.com\/wp-content\/uploads\/2024\/07\/IMG-20240713-WA0158-768x512.jpg 768w, https:\/\/portalnpm.com\/wp-content\/uploads\/2024\/07\/IMG-20240713-WA0158-1536x1024.jpg 1536w, https:\/\/portalnpm.com\/wp-content\/uploads\/2024\/07\/IMG-20240713-WA0158-2048x1365.jpg 2048w\" sizes=\"(max-width: 300px) 100vw, 300px\" \/> <img loading=\"lazy\" decoding=\"async\" class=\"alignnone size-medium wp-image-74326\" src=\"https:\/\/portalnpm.com\/wp-content\/uploads\/2024\/07\/IMG-20240713-WA0148-300x200.jpg\" alt=\"\" width=\"300\" height=\"200\" srcset=\"https:\/\/portalnpm.com\/wp-content\/uploads\/2024\/07\/IMG-20240713-WA0148-300x200.jpg 300w, https:\/\/portalnpm.com\/wp-content\/uploads\/2024\/07\/IMG-20240713-WA0148-1024x683.jpg 1024w, https:\/\/portalnpm.com\/wp-content\/uploads\/2024\/07\/IMG-20240713-WA0148-768x512.jpg 768w, https:\/\/portalnpm.com\/wp-content\/uploads\/2024\/07\/IMG-20240713-WA0148-1536x1024.jpg 1536w, https:\/\/portalnpm.com\/wp-content\/uploads\/2024\/07\/IMG-20240713-WA0148-2048x1365.jpg 2048w\" sizes=\"(max-width: 300px) 100vw, 300px\" \/> <img loading=\"lazy\" decoding=\"async\" class=\"alignnone size-medium wp-image-74327\" src=\"https:\/\/portalnpm.com\/wp-content\/uploads\/2024\/07\/IMG-20240713-WA0146-300x200.jpg\" alt=\"\" width=\"300\" height=\"200\" srcset=\"https:\/\/portalnpm.com\/wp-content\/uploads\/2024\/07\/IMG-20240713-WA0146-300x200.jpg 300w, https:\/\/portalnpm.com\/wp-content\/uploads\/2024\/07\/IMG-20240713-WA0146-1024x683.jpg 1024w, https:\/\/portalnpm.com\/wp-content\/uploads\/2024\/07\/IMG-20240713-WA0146-768x512.jpg 768w, https:\/\/portalnpm.com\/wp-content\/uploads\/2024\/07\/IMG-20240713-WA0146-1536x1024.jpg 1536w, https:\/\/portalnpm.com\/wp-content\/uploads\/2024\/07\/IMG-20240713-WA0146-2048x1365.jpg 2048w\" sizes=\"(max-width: 300px) 100vw, 300px\" \/> <img loading=\"lazy\" decoding=\"async\" class=\"alignnone size-medium wp-image-74328\" src=\"https:\/\/portalnpm.com\/wp-content\/uploads\/2024\/07\/IMG-20240713-WA0144-300x200.jpg\" alt=\"\" width=\"300\" height=\"200\" srcset=\"https:\/\/portalnpm.com\/wp-content\/uploads\/2024\/07\/IMG-20240713-WA0144-300x200.jpg 300w, https:\/\/portalnpm.com\/wp-content\/uploads\/2024\/07\/IMG-20240713-WA0144-1024x683.jpg 1024w, https:\/\/portalnpm.com\/wp-content\/uploads\/2024\/07\/IMG-20240713-WA0144-768x512.jpg 768w, https:\/\/portalnpm.com\/wp-content\/uploads\/2024\/07\/IMG-20240713-WA0144-1536x1024.jpg 1536w, https:\/\/portalnpm.com\/wp-content\/uploads\/2024\/07\/IMG-20240713-WA0144-2048x1365.jpg 2048w\" sizes=\"(max-width: 300px) 100vw, 300px\" \/> <img loading=\"lazy\" decoding=\"async\" class=\"alignnone size-medium wp-image-74329\" src=\"https:\/\/portalnpm.com\/wp-content\/uploads\/2024\/07\/IMG-20240713-WA0156-300x200.jpg\" alt=\"\" width=\"300\" height=\"200\" srcset=\"https:\/\/portalnpm.com\/wp-content\/uploads\/2024\/07\/IMG-20240713-WA0156-300x200.jpg 300w, https:\/\/portalnpm.com\/wp-content\/uploads\/2024\/07\/IMG-20240713-WA0156-1024x683.jpg 1024w, https:\/\/portalnpm.com\/wp-content\/uploads\/2024\/07\/IMG-20240713-WA0156-768x512.jpg 768w, https:\/\/portalnpm.com\/wp-content\/uploads\/2024\/07\/IMG-20240713-WA0156-1536x1024.jpg 1536w, https:\/\/portalnpm.com\/wp-content\/uploads\/2024\/07\/IMG-20240713-WA0156-2048x1365.jpg 2048w\" sizes=\"(max-width: 300px) 100vw, 300px\" \/> <img loading=\"lazy\" decoding=\"async\" class=\"alignnone size-medium wp-image-74330\" src=\"https:\/\/portalnpm.com\/wp-content\/uploads\/2024\/07\/IMG-20240713-WA0139-300x200.jpg\" alt=\"\" width=\"300\" height=\"200\" srcset=\"https:\/\/portalnpm.com\/wp-content\/uploads\/2024\/07\/IMG-20240713-WA0139-300x200.jpg 300w, https:\/\/portalnpm.com\/wp-content\/uploads\/2024\/07\/IMG-20240713-WA0139-1024x683.jpg 1024w, https:\/\/portalnpm.com\/wp-content\/uploads\/2024\/07\/IMG-20240713-WA0139-768x512.jpg 768w, https:\/\/portalnpm.com\/wp-content\/uploads\/2024\/07\/IMG-20240713-WA0139-1536x1024.jpg 1536w, https:\/\/portalnpm.com\/wp-content\/uploads\/2024\/07\/IMG-20240713-WA0139-2048x1365.jpg 2048w\" sizes=\"(max-width: 300px) 100vw, 300px\" \/> <img loading=\"lazy\" decoding=\"async\" class=\"alignnone size-medium wp-image-74331\" src=\"https:\/\/portalnpm.com\/wp-content\/uploads\/2024\/07\/IMG-20240713-WA0141-300x200.jpg\" alt=\"\" width=\"300\" height=\"200\" srcset=\"https:\/\/portalnpm.com\/wp-content\/uploads\/2024\/07\/IMG-20240713-WA0141-300x200.jpg 300w, https:\/\/portalnpm.com\/wp-content\/uploads\/2024\/07\/IMG-20240713-WA0141-1024x683.jpg 1024w, https:\/\/portalnpm.com\/wp-content\/uploads\/2024\/07\/IMG-20240713-WA0141-768x512.jpg 768w, https:\/\/portalnpm.com\/wp-content\/uploads\/2024\/07\/IMG-20240713-WA0141-1536x1024.jpg 1536w, https:\/\/portalnpm.com\/wp-content\/uploads\/2024\/07\/IMG-20240713-WA0141-2048x1365.jpg 2048w\" sizes=\"(max-width: 300px) 100vw, 300px\" \/> <img loading=\"lazy\" decoding=\"async\" class=\"alignnone size-medium wp-image-74332\" src=\"https:\/\/portalnpm.com\/wp-content\/uploads\/2024\/07\/IMG-20240713-WA0143-300x200.jpg\" alt=\"\" width=\"300\" height=\"200\" srcset=\"https:\/\/portalnpm.com\/wp-content\/uploads\/2024\/07\/IMG-20240713-WA0143-300x200.jpg 300w, https:\/\/portalnpm.com\/wp-content\/uploads\/2024\/07\/IMG-20240713-WA0143-1024x683.jpg 1024w, https:\/\/portalnpm.com\/wp-content\/uploads\/2024\/07\/IMG-20240713-WA0143-768x512.jpg 768w, https:\/\/portalnpm.com\/wp-content\/uploads\/2024\/07\/IMG-20240713-WA0143-1536x1024.jpg 1536w, https:\/\/portalnpm.com\/wp-content\/uploads\/2024\/07\/IMG-20240713-WA0143-2048x1365.jpg 2048w\" sizes=\"(max-width: 300px) 100vw, 300px\" \/><\/p>\n","protected":false},"excerpt":{"rendered":"<p>Foi realizada na noite desta sexta-feira, 12 de julho , a D\u00e9cima Sess\u00e3o Ordin\u00e1ria da C\u00e2mara Municipal de Vereadores de S\u00e3o Juli\u00e3o &#8211; PI do ano de 2024, que tem \u00e0 frente o vereador Edisaldo Rocha (PT). A sess\u00e3o contou com a presen\u00e7a de oito dos nove vereadores. Assista a sess\u00e3o completa: Na pauta da &hellip;<\/p>\n","protected":false},"author":4,"featured_media":74333,"comment_status":"open","ping_status":"open","sticky":false,"template":"","format":"standard","meta":{"content-type":"","rop_custom_images_group":[],"rop_custom_messages_group":[],"rop_publish_now":"yes","rop_publish_now_accounts":{"facebook_2648258775420054_1618374048415101":""},"rop_publish_now_history":[],"rop_publish_now_status":"pending","footnotes":"","_jetpack_memberships_contains_paid_content":false},"categories":[113,109,3998],"tags":[526,230,4807,1197,1923,14664,15832,1143,1196,4183,842,3337],"yoast_head":"<!-- This site is optimized with the Yoast SEO plugin v22.3 - https:\/\/yoast.com\/wordpress\/plugins\/seo\/ -->\n<title>C\u00e2mara Municipal de Vereadores de S\u00e3o Juli\u00e3o realiza D\u00e9cima Sess\u00e3o Ordin\u00e1ria; veja pautas! - Portal NPM<\/title>\n<meta name=\"robots\" content=\"index, follow, max-snippet:-1, max-image-preview:large, max-video-preview:-1\" \/>\n<link rel=\"canonical\" href=\"https:\/\/portalnpm.com\/index.php\/2024\/07\/13\/camara-municipal-de-vereadores-de-sao-juliao-realiza-decima-sessao-ordinaria-veja-pautas\/\" \/>\n<meta property=\"og:locale\" content=\"pt_BR\" \/>\n<meta property=\"og:type\" content=\"article\" \/>\n<meta property=\"og:title\" content=\"C\u00e2mara Municipal de Vereadores de S\u00e3o Juli\u00e3o realiza D\u00e9cima Sess\u00e3o Ordin\u00e1ria; veja pautas! - Portal NPM\" \/>\n<meta property=\"og:description\" content=\"Foi realizada na noite desta sexta-feira, 12 de julho , a D\u00e9cima Sess\u00e3o Ordin\u00e1ria da C\u00e2mara Municipal de Vereadores de S\u00e3o Juli\u00e3o &#8211; PI do ano de 2024, que tem \u00e0 frente o vereador Edisaldo Rocha (PT). A sess\u00e3o contou com a presen\u00e7a de oito dos nove vereadores. Assista a sess\u00e3o completa: Na pauta da &hellip;\" \/>\n<meta property=\"og:url\" content=\"https:\/\/portalnpm.com\/index.php\/2024\/07\/13\/camara-municipal-de-vereadores-de-sao-juliao-realiza-decima-sessao-ordinaria-veja-pautas\/\" \/>\n<meta property=\"og:site_name\" content=\"Portal NPM\" \/>\n<meta property=\"article:published_time\" content=\"2024-07-13T15:43:03+00:00\" \/>\n<meta property=\"article:modified_time\" content=\"2024-07-13T15:56:05+00:00\" \/>\n<meta property=\"og:image\" content=\"https:\/\/portalnpm.com\/wp-content\/uploads\/2024\/07\/IMG-20240713-WA0150-scaled.jpg\" \/>\n\t<meta property=\"og:image:width\" content=\"2560\" \/>\n\t<meta property=\"og:image:height\" content=\"1706\" \/>\n\t<meta property=\"og:image:type\" content=\"image\/jpeg\" \/>\n<meta name=\"author\" content=\"Reda\u00e7\u00e3o\" \/>\n<meta name=\"twitter:card\" content=\"summary_large_image\" \/>\n<meta name=\"twitter:label1\" content=\"Escrito por\" \/>\n\t<meta name=\"twitter:data1\" content=\"Reda\u00e7\u00e3o\" \/>\n\t<meta name=\"twitter:label2\" content=\"Est. tempo de leitura\" \/>\n\t<meta name=\"twitter:data2\" content=\"6 minutos\" \/>\n<script type=\"application\/ld+json\" class=\"yoast-schema-graph\">{\"@context\":\"https:\/\/schema.org\",\"@graph\":[{\"@type\":\"WebPage\",\"@id\":\"https:\/\/portalnpm.com\/index.php\/2024\/07\/13\/camara-municipal-de-vereadores-de-sao-juliao-realiza-decima-sessao-ordinaria-veja-pautas\/\",\"url\":\"https:\/\/portalnpm.com\/index.php\/2024\/07\/13\/camara-municipal-de-vereadores-de-sao-juliao-realiza-decima-sessao-ordinaria-veja-pautas\/\",\"name\":\"C\u00e2mara Municipal de Vereadores de S\u00e3o Juli\u00e3o realiza D\u00e9cima Sess\u00e3o Ordin\u00e1ria; veja pautas! - Portal NPM\",\"isPartOf\":{\"@id\":\"https:\/\/portalnpm.com\/#website\"},\"primaryImageOfPage\":{\"@id\":\"https:\/\/portalnpm.com\/index.php\/2024\/07\/13\/camara-municipal-de-vereadores-de-sao-juliao-realiza-decima-sessao-ordinaria-veja-pautas\/#primaryimage\"},\"image\":{\"@id\":\"https:\/\/portalnpm.com\/index.php\/2024\/07\/13\/camara-municipal-de-vereadores-de-sao-juliao-realiza-decima-sessao-ordinaria-veja-pautas\/#primaryimage\"},\"thumbnailUrl\":\"https:\/\/portalnpm.com\/wp-content\/uploads\/2024\/07\/IMG-20240713-WA0150-scaled.jpg\",\"datePublished\":\"2024-07-13T15:43:03+00:00\",\"dateModified\":\"2024-07-13T15:56:05+00:00\",\"author\":{\"@id\":\"https:\/\/portalnpm.com\/#\/schema\/person\/0b5f230ec96cee25504fa328e7f2b733\"},\"breadcrumb\":{\"@id\":\"https:\/\/portalnpm.com\/index.php\/2024\/07\/13\/camara-municipal-de-vereadores-de-sao-juliao-realiza-decima-sessao-ordinaria-veja-pautas\/#breadcrumb\"},\"inLanguage\":\"pt-BR\",\"potentialAction\":[{\"@type\":\"ReadAction\",\"target\":[\"https:\/\/portalnpm.com\/index.php\/2024\/07\/13\/camara-municipal-de-vereadores-de-sao-juliao-realiza-decima-sessao-ordinaria-veja-pautas\/\"]}]},{\"@type\":\"ImageObject\",\"inLanguage\":\"pt-BR\",\"@id\":\"https:\/\/portalnpm.com\/index.php\/2024\/07\/13\/camara-municipal-de-vereadores-de-sao-juliao-realiza-decima-sessao-ordinaria-veja-pautas\/#primaryimage\",\"url\":\"https:\/\/portalnpm.com\/wp-content\/uploads\/2024\/07\/IMG-20240713-WA0150-scaled.jpg\",\"contentUrl\":\"https:\/\/portalnpm.com\/wp-content\/uploads\/2024\/07\/IMG-20240713-WA0150-scaled.jpg\",\"width\":2560,\"height\":1706},{\"@type\":\"BreadcrumbList\",\"@id\":\"https:\/\/portalnpm.com\/index.php\/2024\/07\/13\/camara-municipal-de-vereadores-de-sao-juliao-realiza-decima-sessao-ordinaria-veja-pautas\/#breadcrumb\",\"itemListElement\":[{\"@type\":\"ListItem\",\"position\":1,\"name\":\"In\u00edcio\",\"item\":\"https:\/\/portalnpm.com\/\"},{\"@type\":\"ListItem\",\"position\":2,\"name\":\"C\u00e2mara Municipal de Vereadores de S\u00e3o Juli\u00e3o realiza D\u00e9cima Sess\u00e3o Ordin\u00e1ria; veja pautas!\"}]},{\"@type\":\"WebSite\",\"@id\":\"https:\/\/portalnpm.com\/#website\",\"url\":\"https:\/\/portalnpm.com\/\",\"name\":\"Portal NPM\",\"description\":\"Not\u00edcias em Primeira M\u00e3o\",\"potentialAction\":[{\"@type\":\"SearchAction\",\"target\":{\"@type\":\"EntryPoint\",\"urlTemplate\":\"https:\/\/portalnpm.com\/?s={search_term_string}\"},\"query-input\":\"required name=search_term_string\"}],\"inLanguage\":\"pt-BR\"},{\"@type\":\"Person\",\"@id\":\"https:\/\/portalnpm.com\/#\/schema\/person\/0b5f230ec96cee25504fa328e7f2b733\",\"name\":\"Reda\u00e7\u00e3o\",\"image\":{\"@type\":\"ImageObject\",\"inLanguage\":\"pt-BR\",\"@id\":\"https:\/\/portalnpm.com\/#\/schema\/person\/image\/\",\"url\":\"https:\/\/portalnpm.com\/wp-content\/uploads\/2024\/03\/avatar_user_4_1710097212-96x96.png\",\"contentUrl\":\"https:\/\/portalnpm.com\/wp-content\/uploads\/2024\/03\/avatar_user_4_1710097212-96x96.png\",\"caption\":\"Reda\u00e7\u00e3o\"},\"url\":\"https:\/\/portalnpm.com\/index.php\/author\/redacao\/\"}]}<\/script>\n<!-- \/ Yoast SEO plugin. -->","yoast_head_json":{"title":"C\u00e2mara Municipal de Vereadores de S\u00e3o Juli\u00e3o realiza D\u00e9cima Sess\u00e3o Ordin\u00e1ria; veja pautas! - Portal NPM","robots":{"index":"index","follow":"follow","max-snippet":"max-snippet:-1","max-image-preview":"max-image-preview:large","max-video-preview":"max-video-preview:-1"},"canonical":"https:\/\/portalnpm.com\/index.php\/2024\/07\/13\/camara-municipal-de-vereadores-de-sao-juliao-realiza-decima-sessao-ordinaria-veja-pautas\/","og_locale":"pt_BR","og_type":"article","og_title":"C\u00e2mara Municipal de Vereadores de S\u00e3o Juli\u00e3o realiza D\u00e9cima Sess\u00e3o Ordin\u00e1ria; veja pautas! - Portal NPM","og_description":"Foi realizada na noite desta sexta-feira, 12 de julho , a D\u00e9cima Sess\u00e3o Ordin\u00e1ria da C\u00e2mara Municipal de Vereadores de S\u00e3o Juli\u00e3o &#8211; PI do ano de 2024, que tem \u00e0 frente o vereador Edisaldo Rocha (PT). A sess\u00e3o contou com a presen\u00e7a de oito dos nove vereadores. Assista a sess\u00e3o completa: Na pauta da &hellip;","og_url":"https:\/\/portalnpm.com\/index.php\/2024\/07\/13\/camara-municipal-de-vereadores-de-sao-juliao-realiza-decima-sessao-ordinaria-veja-pautas\/","og_site_name":"Portal NPM","article_published_time":"2024-07-13T15:43:03+00:00","article_modified_time":"2024-07-13T15:56:05+00:00","og_image":[{"width":2560,"height":1706,"url":"https:\/\/portalnpm.com\/wp-content\/uploads\/2024\/07\/IMG-20240713-WA0150-scaled.jpg","type":"image\/jpeg"}],"author":"Reda\u00e7\u00e3o","twitter_card":"summary_large_image","twitter_misc":{"Escrito por":"Reda\u00e7\u00e3o","Est. tempo de leitura":"6 minutos"},"schema":{"@context":"https:\/\/schema.org","@graph":[{"@type":"WebPage","@id":"https:\/\/portalnpm.com\/index.php\/2024\/07\/13\/camara-municipal-de-vereadores-de-sao-juliao-realiza-decima-sessao-ordinaria-veja-pautas\/","url":"https:\/\/portalnpm.com\/index.php\/2024\/07\/13\/camara-municipal-de-vereadores-de-sao-juliao-realiza-decima-sessao-ordinaria-veja-pautas\/","name":"C\u00e2mara Municipal de Vereadores de S\u00e3o Juli\u00e3o realiza D\u00e9cima Sess\u00e3o Ordin\u00e1ria; veja pautas! - Portal NPM","isPartOf":{"@id":"https:\/\/portalnpm.com\/#website"},"primaryImageOfPage":{"@id":"https:\/\/portalnpm.com\/index.php\/2024\/07\/13\/camara-municipal-de-vereadores-de-sao-juliao-realiza-decima-sessao-ordinaria-veja-pautas\/#primaryimage"},"image":{"@id":"https:\/\/portalnpm.com\/index.php\/2024\/07\/13\/camara-municipal-de-vereadores-de-sao-juliao-realiza-decima-sessao-ordinaria-veja-pautas\/#primaryimage"},"thumbnailUrl":"https:\/\/portalnpm.com\/wp-content\/uploads\/2024\/07\/IMG-20240713-WA0150-scaled.jpg","datePublished":"2024-07-13T15:43:03+00:00","dateModified":"2024-07-13T15:56:05+00:00","author":{"@id":"https:\/\/portalnpm.com\/#\/schema\/person\/0b5f230ec96cee25504fa328e7f2b733"},"breadcrumb":{"@id":"https:\/\/portalnpm.com\/index.php\/2024\/07\/13\/camara-municipal-de-vereadores-de-sao-juliao-realiza-decima-sessao-ordinaria-veja-pautas\/#breadcrumb"},"inLanguage":"pt-BR","potentialAction":[{"@type":"ReadAction","target":["https:\/\/portalnpm.com\/index.php\/2024\/07\/13\/camara-municipal-de-vereadores-de-sao-juliao-realiza-decima-sessao-ordinaria-veja-pautas\/"]}]},{"@type":"ImageObject","inLanguage":"pt-BR","@id":"https:\/\/portalnpm.com\/index.php\/2024\/07\/13\/camara-municipal-de-vereadores-de-sao-juliao-realiza-decima-sessao-ordinaria-veja-pautas\/#primaryimage","url":"https:\/\/portalnpm.com\/wp-content\/uploads\/2024\/07\/IMG-20240713-WA0150-scaled.jpg","contentUrl":"https:\/\/portalnpm.com\/wp-content\/uploads\/2024\/07\/IMG-20240713-WA0150-scaled.jpg","width":2560,"height":1706},{"@type":"BreadcrumbList","@id":"https:\/\/portalnpm.com\/index.php\/2024\/07\/13\/camara-municipal-de-vereadores-de-sao-juliao-realiza-decima-sessao-ordinaria-veja-pautas\/#breadcrumb","itemListElement":[{"@type":"ListItem","position":1,"name":"In\u00edcio","item":"https:\/\/portalnpm.com\/"},{"@type":"ListItem","position":2,"name":"C\u00e2mara Municipal de Vereadores de S\u00e3o Juli\u00e3o realiza D\u00e9cima Sess\u00e3o Ordin\u00e1ria; veja pautas!"}]},{"@type":"WebSite","@id":"https:\/\/portalnpm.com\/#website","url":"https:\/\/portalnpm.com\/","name":"Portal NPM","description":"Not\u00edcias em Primeira M\u00e3o","potentialAction":[{"@type":"SearchAction","target":{"@type":"EntryPoint","urlTemplate":"https:\/\/portalnpm.com\/?s={search_term_string}"},"query-input":"required name=search_term_string"}],"inLanguage":"pt-BR"},{"@type":"Person","@id":"https:\/\/portalnpm.com\/#\/schema\/person\/0b5f230ec96cee25504fa328e7f2b733","name":"Reda\u00e7\u00e3o","image":{"@type":"ImageObject","inLanguage":"pt-BR","@id":"https:\/\/portalnpm.com\/#\/schema\/person\/image\/","url":"https:\/\/portalnpm.com\/wp-content\/uploads\/2024\/03\/avatar_user_4_1710097212-96x96.png","contentUrl":"https:\/\/portalnpm.com\/wp-content\/uploads\/2024\/03\/avatar_user_4_1710097212-96x96.png","caption":"Reda\u00e7\u00e3o"},"url":"https:\/\/portalnpm.com\/index.php\/author\/redacao\/"}]}},"jetpack_sharing_enabled":true,"jetpack_featured_media_url":"https:\/\/portalnpm.com\/wp-content\/uploads\/2024\/07\/IMG-20240713-WA0150-scaled.jpg","_links":{"self":[{"href":"https:\/\/portalnpm.com\/index.php\/wp-json\/wp\/v2\/posts\/74286"}],"collection":[{"href":"https:\/\/portalnpm.com\/index.php\/wp-json\/wp\/v2\/posts"}],"about":[{"href":"https:\/\/portalnpm.com\/index.php\/wp-json\/wp\/v2\/types\/post"}],"author":[{"embeddable":true,"href":"https:\/\/portalnpm.com\/index.php\/wp-json\/wp\/v2\/users\/4"}],"replies":[{"embeddable":true,"href":"https:\/\/portalnpm.com\/index.php\/wp-json\/wp\/v2\/comments?post=74286"}],"version-history":[{"count":5,"href":"https:\/\/portalnpm.com\/index.php\/wp-json\/wp\/v2\/posts\/74286\/revisions"}],"predecessor-version":[{"id":74335,"href":"https:\/\/portalnpm.com\/index.php\/wp-json\/wp\/v2\/posts\/74286\/revisions\/74335"}],"wp:featuredmedia":[{"embeddable":true,"href":"https:\/\/portalnpm.com\/index.php\/wp-json\/wp\/v2\/media\/74333"}],"wp:attachment":[{"href":"https:\/\/portalnpm.com\/index.php\/wp-json\/wp\/v2\/media?parent=74286"}],"wp:term":[{"taxonomy":"category","embeddable":true,"href":"https:\/\/portalnpm.com\/index.php\/wp-json\/wp\/v2\/categories?post=74286"},{"taxonomy":"post_tag","embeddable":true,"href":"https:\/\/portalnpm.com\/index.php\/wp-json\/wp\/v2\/tags?post=74286"}],"curies":[{"name":"wp","href":"https:\/\/api.w.org\/{rel}","templated":true}]}}