{"id":74314,"date":"2024-07-13T12:21:48","date_gmt":"2024-07-13T15:21:48","guid":{"rendered":"https:\/\/portalnpm.com\/?p=74314"},"modified":"2024-07-13T12:21:48","modified_gmt":"2024-07-13T15:21:48","slug":"convencao-do-psd-vai-homologar-candidaturas-de-williane-kelly-e-irmao-adao-em-padre-marcos","status":"publish","type":"post","link":"https:\/\/portalnpm.com\/index.php\/2024\/07\/13\/convencao-do-psd-vai-homologar-candidaturas-de-williane-kelly-e-irmao-adao-em-padre-marcos\/","title":{"rendered":"Conven\u00e7\u00e3o do PSD vai homologar candidaturas de Williane Kelly e Irm\u00e3o Ad\u00e3o em Padre Marcos"},"content":{"rendered":"<p><img fetchpriority=\"high\" decoding=\"async\" class=\"alignnone size-large wp-image-329267\" src=\"https:\/\/www.piauiemfoco.com.br\/wp-content\/uploads\/2024\/07\/IMG-20240711-WA0039-819x1024.jpg\" sizes=\"(max-width: 819px) 100vw, 819px\" srcset=\"https:\/\/www.piauiemfoco.com.br\/wp-content\/uploads\/2024\/07\/IMG-20240711-WA0039-819x1024.jpg 819w, https:\/\/www.piauiemfoco.com.br\/wp-content\/uploads\/2024\/07\/IMG-20240711-WA0039-240x300.jpg 240w, https:\/\/www.piauiemfoco.com.br\/wp-content\/uploads\/2024\/07\/IMG-20240711-WA0039-768x960.jpg 768w, https:\/\/www.piauiemfoco.com.br\/wp-content\/uploads\/2024\/07\/IMG-20240711-WA0039-640x800.jpg 640w, https:\/\/www.piauiemfoco.com.br\/wp-content\/uploads\/2024\/07\/IMG-20240711-WA0039.jpg 1080w\" alt=\"\" width=\"819\" height=\"1024\" \/><\/p>\n<p>Em Padre Marcos, o Partido Social Democr\u00e1tico \u2013 PSD, que tem \u00e0 frente da presid\u00eancia, o atual prefeito Valdinar Silva, vai realizar no dia 27 deste m\u00eas de julho, a conven\u00e7\u00e3o partid\u00e1ria, onde ser\u00e3o homologadas as pr\u00e9-candidaturas \u00e0 prefeito, vice e vereadores.<\/p>\n<p>A conven\u00e7\u00e3o partid\u00e1ria vai acontecer a partir das 17:30h, no Centro Social Urbano, que fica localizado na Avenida Jos\u00e9 de Moura Leal, no Centro de Padre Marcos.<\/p>\n<p>At\u00e9 o presente momento, a chapa \u00e9 composta pela pr\u00e9-candidata a prefeita, a engenheira civil, Williane Kelly, pelo pr\u00e9-candidato a vice-prefeito, o vereador Irm\u00e3o Ad\u00e3o.<\/p>\n<p>Na oportunidade, ser\u00e3o homologadas as pr\u00e9-candidaturas dos seguintes vereadores: Anat\u00e1lia; Ant\u00f4nio Chiquinho; Bonif\u00e1cio; Helton; Hilda de Mac\u00e1rio; Iranildo; Leomir; Maninha de Roberval; Marlon e Neli.<\/p>\n<p><img decoding=\"async\" class=\"alignnone size-large wp-image-329266\" src=\"https:\/\/www.piauiemfoco.com.br\/wp-content\/uploads\/2024\/07\/IMG-20240711-WA0025-1024x1024.jpg\" sizes=\"(max-width: 1024px) 100vw, 1024px\" srcset=\"https:\/\/www.piauiemfoco.com.br\/wp-content\/uploads\/2024\/07\/IMG-20240711-WA0025-1024x1024.jpg 1024w, https:\/\/www.piauiemfoco.com.br\/wp-content\/uploads\/2024\/07\/IMG-20240711-WA0025-300x300.jpg 300w, https:\/\/www.piauiemfoco.com.br\/wp-content\/uploads\/2024\/07\/IMG-20240711-WA0025-768x768.jpg 768w, https:\/\/www.piauiemfoco.com.br\/wp-content\/uploads\/2024\/07\/IMG-20240711-WA0025-640x640.jpg 640w, https:\/\/www.piauiemfoco.com.br\/wp-content\/uploads\/2024\/07\/IMG-20240711-WA0025.jpg 1080w\" alt=\"\" width=\"1024\" height=\"1024\" \/><\/p>\n<p>Durante a conven\u00e7\u00e3o ser\u00e1 deliberado tamb\u00e9m sobre as coliga\u00e7\u00f5es que ser\u00e3o feitas pelo partido.<\/p>\n<p>Fonte: Piau\u00ed em Foco<\/p>\n","protected":false},"excerpt":{"rendered":"<p>Em Padre Marcos, o Partido Social Democr\u00e1tico \u2013 PSD, que tem \u00e0 frente da presid\u00eancia, o atual prefeito Valdinar Silva, vai realizar no dia 27 deste m\u00eas de julho, a conven\u00e7\u00e3o partid\u00e1ria, onde ser\u00e3o homologadas as pr\u00e9-candidaturas \u00e0 prefeito, vice e vereadores. A conven\u00e7\u00e3o partid\u00e1ria vai acontecer a partir das 17:30h, no Centro Social Urbano, &hellip;<\/p>\n","protected":false},"author":2,"featured_media":0,"comment_status":"open","ping_status":"open","sticky":false,"template":"","format":"standard","meta":{"content-type":"","rop_custom_images_group":[],"rop_custom_messages_group":[],"rop_publish_now":"yes","rop_publish_now_accounts":{"facebook_2648258775420054_1618374048415101":""},"rop_publish_now_history":[],"rop_publish_now_status":"pending","footnotes":"","_jetpack_memberships_contains_paid_content":false},"categories":[109,4094,130],"tags":[15841,671,5989,230,855,6201,2126,15840,4196,397,799,833,15839],"yoast_head":"<!-- This site is optimized with the Yoast SEO plugin v22.3 - https:\/\/yoast.com\/wordpress\/plugins\/seo\/ -->\n<title>Conven\u00e7\u00e3o do PSD vai homologar candidaturas de Williane Kelly e Irm\u00e3o Ad\u00e3o em Padre Marcos - Portal NPM<\/title>\n<meta name=\"robots\" content=\"index, follow, max-snippet:-1, max-image-preview:large, max-video-preview:-1\" \/>\n<link rel=\"canonical\" href=\"https:\/\/portalnpm.com\/index.php\/2024\/07\/13\/convencao-do-psd-vai-homologar-candidaturas-de-williane-kelly-e-irmao-adao-em-padre-marcos\/\" \/>\n<meta property=\"og:locale\" content=\"pt_BR\" \/>\n<meta property=\"og:type\" content=\"article\" \/>\n<meta property=\"og:title\" content=\"Conven\u00e7\u00e3o do PSD vai homologar candidaturas de Williane Kelly e Irm\u00e3o Ad\u00e3o em Padre Marcos - Portal NPM\" \/>\n<meta property=\"og:description\" content=\"Em Padre Marcos, o Partido Social Democr\u00e1tico \u2013 PSD, que tem \u00e0 frente da presid\u00eancia, o atual prefeito Valdinar Silva, vai realizar no dia 27 deste m\u00eas de julho, a conven\u00e7\u00e3o partid\u00e1ria, onde ser\u00e3o homologadas as pr\u00e9-candidaturas \u00e0 prefeito, vice e vereadores. A conven\u00e7\u00e3o partid\u00e1ria vai acontecer a partir das 17:30h, no Centro Social Urbano, &hellip;\" \/>\n<meta property=\"og:url\" content=\"https:\/\/portalnpm.com\/index.php\/2024\/07\/13\/convencao-do-psd-vai-homologar-candidaturas-de-williane-kelly-e-irmao-adao-em-padre-marcos\/\" \/>\n<meta property=\"og:site_name\" content=\"Portal NPM\" \/>\n<meta property=\"article:published_time\" content=\"2024-07-13T15:21:48+00:00\" \/>\n<meta property=\"og:image\" content=\"https:\/\/www.piauiemfoco.com.br\/wp-content\/uploads\/2024\/07\/IMG-20240711-WA0039-819x1024.jpg\" \/>\n<meta name=\"author\" content=\"Genival Barbosa\" \/>\n<meta name=\"twitter:card\" content=\"summary_large_image\" \/>\n<meta name=\"twitter:label1\" content=\"Escrito por\" \/>\n\t<meta name=\"twitter:data1\" content=\"Genival Barbosa\" \/>\n\t<meta name=\"twitter:label2\" content=\"Est. tempo de leitura\" \/>\n\t<meta name=\"twitter:data2\" content=\"2 minutos\" \/>\n<script type=\"application\/ld+json\" class=\"yoast-schema-graph\">{\"@context\":\"https:\/\/schema.org\",\"@graph\":[{\"@type\":\"WebPage\",\"@id\":\"https:\/\/portalnpm.com\/index.php\/2024\/07\/13\/convencao-do-psd-vai-homologar-candidaturas-de-williane-kelly-e-irmao-adao-em-padre-marcos\/\",\"url\":\"https:\/\/portalnpm.com\/index.php\/2024\/07\/13\/convencao-do-psd-vai-homologar-candidaturas-de-williane-kelly-e-irmao-adao-em-padre-marcos\/\",\"name\":\"Conven\u00e7\u00e3o do PSD vai homologar candidaturas de Williane Kelly e Irm\u00e3o Ad\u00e3o em Padre Marcos - Portal NPM\",\"isPartOf\":{\"@id\":\"https:\/\/portalnpm.com\/#website\"},\"primaryImageOfPage\":{\"@id\":\"https:\/\/portalnpm.com\/index.php\/2024\/07\/13\/convencao-do-psd-vai-homologar-candidaturas-de-williane-kelly-e-irmao-adao-em-padre-marcos\/#primaryimage\"},\"image\":{\"@id\":\"https:\/\/portalnpm.com\/index.php\/2024\/07\/13\/convencao-do-psd-vai-homologar-candidaturas-de-williane-kelly-e-irmao-adao-em-padre-marcos\/#primaryimage\"},\"thumbnailUrl\":\"https:\/\/www.piauiemfoco.com.br\/wp-content\/uploads\/2024\/07\/IMG-20240711-WA0039-819x1024.jpg\",\"datePublished\":\"2024-07-13T15:21:48+00:00\",\"dateModified\":\"2024-07-13T15:21:48+00:00\",\"author\":{\"@id\":\"https:\/\/portalnpm.com\/#\/schema\/person\/49313e563cfdefcc167f1ee4c017c294\"},\"breadcrumb\":{\"@id\":\"https:\/\/portalnpm.com\/index.php\/2024\/07\/13\/convencao-do-psd-vai-homologar-candidaturas-de-williane-kelly-e-irmao-adao-em-padre-marcos\/#breadcrumb\"},\"inLanguage\":\"pt-BR\",\"potentialAction\":[{\"@type\":\"ReadAction\",\"target\":[\"https:\/\/portalnpm.com\/index.php\/2024\/07\/13\/convencao-do-psd-vai-homologar-candidaturas-de-williane-kelly-e-irmao-adao-em-padre-marcos\/\"]}]},{\"@type\":\"ImageObject\",\"inLanguage\":\"pt-BR\",\"@id\":\"https:\/\/portalnpm.com\/index.php\/2024\/07\/13\/convencao-do-psd-vai-homologar-candidaturas-de-williane-kelly-e-irmao-adao-em-padre-marcos\/#primaryimage\",\"url\":\"https:\/\/www.piauiemfoco.com.br\/wp-content\/uploads\/2024\/07\/IMG-20240711-WA0039-819x1024.jpg\",\"contentUrl\":\"https:\/\/www.piauiemfoco.com.br\/wp-content\/uploads\/2024\/07\/IMG-20240711-WA0039-819x1024.jpg\"},{\"@type\":\"BreadcrumbList\",\"@id\":\"https:\/\/portalnpm.com\/index.php\/2024\/07\/13\/convencao-do-psd-vai-homologar-candidaturas-de-williane-kelly-e-irmao-adao-em-padre-marcos\/#breadcrumb\",\"itemListElement\":[{\"@type\":\"ListItem\",\"position\":1,\"name\":\"In\u00edcio\",\"item\":\"https:\/\/portalnpm.com\/\"},{\"@type\":\"ListItem\",\"position\":2,\"name\":\"Conven\u00e7\u00e3o do PSD vai homologar candidaturas de Williane Kelly e Irm\u00e3o Ad\u00e3o em Padre Marcos\"}]},{\"@type\":\"WebSite\",\"@id\":\"https:\/\/portalnpm.com\/#website\",\"url\":\"https:\/\/portalnpm.com\/\",\"name\":\"Portal NPM\",\"description\":\"Not\u00edcias em Primeira M\u00e3o\",\"potentialAction\":[{\"@type\":\"SearchAction\",\"target\":{\"@type\":\"EntryPoint\",\"urlTemplate\":\"https:\/\/portalnpm.com\/?s={search_term_string}\"},\"query-input\":\"required name=search_term_string\"}],\"inLanguage\":\"pt-BR\"},{\"@type\":\"Person\",\"@id\":\"https:\/\/portalnpm.com\/#\/schema\/person\/49313e563cfdefcc167f1ee4c017c294\",\"name\":\"Genival Barbosa\",\"image\":{\"@type\":\"ImageObject\",\"inLanguage\":\"pt-BR\",\"@id\":\"https:\/\/portalnpm.com\/#\/schema\/person\/image\/\",\"url\":\"https:\/\/portalnpm.com\/wp-content\/uploads\/2024\/02\/avatar_user_2_1707743258-96x96.jpeg\",\"contentUrl\":\"https:\/\/portalnpm.com\/wp-content\/uploads\/2024\/02\/avatar_user_2_1707743258-96x96.jpeg\",\"caption\":\"Genival Barbosa\"},\"url\":\"https:\/\/portalnpm.com\/index.php\/author\/genival\/\"}]}<\/script>\n<!-- \/ Yoast SEO plugin. -->","yoast_head_json":{"title":"Conven\u00e7\u00e3o do PSD vai homologar candidaturas de Williane Kelly e Irm\u00e3o Ad\u00e3o em Padre Marcos - Portal NPM","robots":{"index":"index","follow":"follow","max-snippet":"max-snippet:-1","max-image-preview":"max-image-preview:large","max-video-preview":"max-video-preview:-1"},"canonical":"https:\/\/portalnpm.com\/index.php\/2024\/07\/13\/convencao-do-psd-vai-homologar-candidaturas-de-williane-kelly-e-irmao-adao-em-padre-marcos\/","og_locale":"pt_BR","og_type":"article","og_title":"Conven\u00e7\u00e3o do PSD vai homologar candidaturas de Williane Kelly e Irm\u00e3o Ad\u00e3o em Padre Marcos - Portal NPM","og_description":"Em Padre Marcos, o Partido Social Democr\u00e1tico \u2013 PSD, que tem \u00e0 frente da presid\u00eancia, o atual prefeito Valdinar Silva, vai realizar no dia 27 deste m\u00eas de julho, a conven\u00e7\u00e3o partid\u00e1ria, onde ser\u00e3o homologadas as pr\u00e9-candidaturas \u00e0 prefeito, vice e vereadores. A conven\u00e7\u00e3o partid\u00e1ria vai acontecer a partir das 17:30h, no Centro Social Urbano, &hellip;","og_url":"https:\/\/portalnpm.com\/index.php\/2024\/07\/13\/convencao-do-psd-vai-homologar-candidaturas-de-williane-kelly-e-irmao-adao-em-padre-marcos\/","og_site_name":"Portal NPM","article_published_time":"2024-07-13T15:21:48+00:00","og_image":[{"url":"https:\/\/www.piauiemfoco.com.br\/wp-content\/uploads\/2024\/07\/IMG-20240711-WA0039-819x1024.jpg"}],"author":"Genival Barbosa","twitter_card":"summary_large_image","twitter_misc":{"Escrito por":"Genival Barbosa","Est. tempo de leitura":"2 minutos"},"schema":{"@context":"https:\/\/schema.org","@graph":[{"@type":"WebPage","@id":"https:\/\/portalnpm.com\/index.php\/2024\/07\/13\/convencao-do-psd-vai-homologar-candidaturas-de-williane-kelly-e-irmao-adao-em-padre-marcos\/","url":"https:\/\/portalnpm.com\/index.php\/2024\/07\/13\/convencao-do-psd-vai-homologar-candidaturas-de-williane-kelly-e-irmao-adao-em-padre-marcos\/","name":"Conven\u00e7\u00e3o do PSD vai homologar candidaturas de Williane Kelly e Irm\u00e3o Ad\u00e3o em Padre Marcos - Portal NPM","isPartOf":{"@id":"https:\/\/portalnpm.com\/#website"},"primaryImageOfPage":{"@id":"https:\/\/portalnpm.com\/index.php\/2024\/07\/13\/convencao-do-psd-vai-homologar-candidaturas-de-williane-kelly-e-irmao-adao-em-padre-marcos\/#primaryimage"},"image":{"@id":"https:\/\/portalnpm.com\/index.php\/2024\/07\/13\/convencao-do-psd-vai-homologar-candidaturas-de-williane-kelly-e-irmao-adao-em-padre-marcos\/#primaryimage"},"thumbnailUrl":"https:\/\/www.piauiemfoco.com.br\/wp-content\/uploads\/2024\/07\/IMG-20240711-WA0039-819x1024.jpg","datePublished":"2024-07-13T15:21:48+00:00","dateModified":"2024-07-13T15:21:48+00:00","author":{"@id":"https:\/\/portalnpm.com\/#\/schema\/person\/49313e563cfdefcc167f1ee4c017c294"},"breadcrumb":{"@id":"https:\/\/portalnpm.com\/index.php\/2024\/07\/13\/convencao-do-psd-vai-homologar-candidaturas-de-williane-kelly-e-irmao-adao-em-padre-marcos\/#breadcrumb"},"inLanguage":"pt-BR","potentialAction":[{"@type":"ReadAction","target":["https:\/\/portalnpm.com\/index.php\/2024\/07\/13\/convencao-do-psd-vai-homologar-candidaturas-de-williane-kelly-e-irmao-adao-em-padre-marcos\/"]}]},{"@type":"ImageObject","inLanguage":"pt-BR","@id":"https:\/\/portalnpm.com\/index.php\/2024\/07\/13\/convencao-do-psd-vai-homologar-candidaturas-de-williane-kelly-e-irmao-adao-em-padre-marcos\/#primaryimage","url":"https:\/\/www.piauiemfoco.com.br\/wp-content\/uploads\/2024\/07\/IMG-20240711-WA0039-819x1024.jpg","contentUrl":"https:\/\/www.piauiemfoco.com.br\/wp-content\/uploads\/2024\/07\/IMG-20240711-WA0039-819x1024.jpg"},{"@type":"BreadcrumbList","@id":"https:\/\/portalnpm.com\/index.php\/2024\/07\/13\/convencao-do-psd-vai-homologar-candidaturas-de-williane-kelly-e-irmao-adao-em-padre-marcos\/#breadcrumb","itemListElement":[{"@type":"ListItem","position":1,"name":"In\u00edcio","item":"https:\/\/portalnpm.com\/"},{"@type":"ListItem","position":2,"name":"Conven\u00e7\u00e3o do PSD vai homologar candidaturas de Williane Kelly e Irm\u00e3o Ad\u00e3o em Padre Marcos"}]},{"@type":"WebSite","@id":"https:\/\/portalnpm.com\/#website","url":"https:\/\/portalnpm.com\/","name":"Portal NPM","description":"Not\u00edcias em Primeira M\u00e3o","potentialAction":[{"@type":"SearchAction","target":{"@type":"EntryPoint","urlTemplate":"https:\/\/portalnpm.com\/?s={search_term_string}"},"query-input":"required name=search_term_string"}],"inLanguage":"pt-BR"},{"@type":"Person","@id":"https:\/\/portalnpm.com\/#\/schema\/person\/49313e563cfdefcc167f1ee4c017c294","name":"Genival Barbosa","image":{"@type":"ImageObject","inLanguage":"pt-BR","@id":"https:\/\/portalnpm.com\/#\/schema\/person\/image\/","url":"https:\/\/portalnpm.com\/wp-content\/uploads\/2024\/02\/avatar_user_2_1707743258-96x96.jpeg","contentUrl":"https:\/\/portalnpm.com\/wp-content\/uploads\/2024\/02\/avatar_user_2_1707743258-96x96.jpeg","caption":"Genival Barbosa"},"url":"https:\/\/portalnpm.com\/index.php\/author\/genival\/"}]}},"jetpack_sharing_enabled":true,"jetpack_featured_media_url":"","_links":{"self":[{"href":"https:\/\/portalnpm.com\/index.php\/wp-json\/wp\/v2\/posts\/74314"}],"collection":[{"href":"https:\/\/portalnpm.com\/index.php\/wp-json\/wp\/v2\/posts"}],"about":[{"href":"https:\/\/portalnpm.com\/index.php\/wp-json\/wp\/v2\/types\/post"}],"author":[{"embeddable":true,"href":"https:\/\/portalnpm.com\/index.php\/wp-json\/wp\/v2\/users\/2"}],"replies":[{"embeddable":true,"href":"https:\/\/portalnpm.com\/index.php\/wp-json\/wp\/v2\/comments?post=74314"}],"version-history":[{"count":1,"href":"https:\/\/portalnpm.com\/index.php\/wp-json\/wp\/v2\/posts\/74314\/revisions"}],"predecessor-version":[{"id":74315,"href":"https:\/\/portalnpm.com\/index.php\/wp-json\/wp\/v2\/posts\/74314\/revisions\/74315"}],"wp:attachment":[{"href":"https:\/\/portalnpm.com\/index.php\/wp-json\/wp\/v2\/media?parent=74314"}],"wp:term":[{"taxonomy":"category","embeddable":true,"href":"https:\/\/portalnpm.com\/index.php\/wp-json\/wp\/v2\/categories?post=74314"},{"taxonomy":"post_tag","embeddable":true,"href":"https:\/\/portalnpm.com\/index.php\/wp-json\/wp\/v2\/tags?post=74314"}],"curies":[{"name":"wp","href":"https:\/\/api.w.org\/{rel}","templated":true}]}}