{"id":74409,"date":"2024-07-20T23:41:02","date_gmt":"2024-07-21T02:41:02","guid":{"rendered":"https:\/\/portalnpm.com\/?p=74409"},"modified":"2024-07-20T23:41:02","modified_gmt":"2024-07-21T02:41:02","slug":"fronteiras-no-dia-27-de-julho-genilson-sobrinho-e-ze-odon-serao-homologados-prefeito-e-vice-na-convencao-municipal-veja","status":"publish","type":"post","link":"https:\/\/portalnpm.com\/index.php\/2024\/07\/20\/fronteiras-no-dia-27-de-julho-genilson-sobrinho-e-ze-odon-serao-homologados-prefeito-e-vice-na-convencao-municipal-veja\/","title":{"rendered":"Fronteiras | No dia 27 de julho, Genilson Sobrinho e Z\u00e9 Odon ser\u00e3o homologados prefeito e vice na Conven\u00e7\u00e3o Municipal; veja!"},"content":{"rendered":"<p>No pr\u00f3ximo s\u00e1bado, 27 de julho de 2024, os partidos <strong>PT<\/strong> e <strong>MDB<\/strong> de Fronteiras &#8211; PI homologar\u00e1 \u00e0s candidaturas do l\u00edder pol\u00edtico <strong>Genilson Sobrinho<\/strong> e do vereador <strong>Z\u00e9 Odon<\/strong>, prefeito e vice, respectivamente, al\u00e9m de 10 candidatos a vereadores pelo PT.<\/p>\n<p><img fetchpriority=\"high\" decoding=\"async\" class=\"alignnone wp-image-74410 size-large\" src=\"https:\/\/portalnpm.com\/wp-content\/uploads\/2024\/07\/IMG-20240719-WA0636-576x1024.jpg\" alt=\"\" width=\"576\" height=\"1024\" srcset=\"https:\/\/portalnpm.com\/wp-content\/uploads\/2024\/07\/IMG-20240719-WA0636-576x1024.jpg 576w, https:\/\/portalnpm.com\/wp-content\/uploads\/2024\/07\/IMG-20240719-WA0636-169x300.jpg 169w, https:\/\/portalnpm.com\/wp-content\/uploads\/2024\/07\/IMG-20240719-WA0636-768x1365.jpg 768w, https:\/\/portalnpm.com\/wp-content\/uploads\/2024\/07\/IMG-20240719-WA0636-864x1536.jpg 864w, https:\/\/portalnpm.com\/wp-content\/uploads\/2024\/07\/IMG-20240719-WA0636.jpg 900w\" sizes=\"(max-width: 576px) 100vw, 576px\" \/><\/p>\n<p>Genilson Sobrinho disputar\u00e1 sua primeira elei\u00e7\u00e3o para prefeito de Fronteiras pelo campo oposicionista. O l\u00edder pol\u00edtico tem respaldo e apoio popular, polarizando, assim, a disputa pelo poder executivo local.<\/p>\n<p>Z\u00e9 Odon \u00e9 vereador pelo MDB, sendo o segundo mais bem votado nas elei\u00e7\u00f5es de 2020. Foi uma voz ativa da oposi\u00e7\u00e3o na C\u00e2mara Municipal e nestas elei\u00e7\u00f5es disputar\u00e1 o cargo de vice-prefeito.<\/p>\n<p>A Conven\u00e7\u00e3o Municipal da oposi\u00e7\u00e3o ser\u00e1 realizada no Clube Recreativo, a partir das 08h da manh\u00e3, em Fronteiras.<\/p>\n","protected":false},"excerpt":{"rendered":"<p>No pr\u00f3ximo s\u00e1bado, 27 de julho de 2024, os partidos PT e MDB de Fronteiras &#8211; PI homologar\u00e1 \u00e0s candidaturas do l\u00edder pol\u00edtico Genilson Sobrinho e do vereador Z\u00e9 Odon, prefeito e vice, respectivamente, al\u00e9m de 10 candidatos a vereadores pelo PT. Genilson Sobrinho disputar\u00e1 sua primeira elei\u00e7\u00e3o para prefeito de Fronteiras pelo campo oposicionista. &hellip;<\/p>\n","protected":false},"author":3,"featured_media":74415,"comment_status":"open","ping_status":"open","sticky":false,"template":"","format":"standard","meta":{"content-type":"","rop_custom_images_group":[],"rop_custom_messages_group":[],"rop_publish_now":"yes","rop_publish_now_accounts":{"facebook_2648258775420054_1618374048415101":""},"rop_publish_now_history":[],"rop_publish_now_status":"pending","footnotes":"","_jetpack_memberships_contains_paid_content":false},"categories":[113,4036,109],"tags":[961,5989,230,1178,150,8824,6507,4847,1923,911,15519,135,7945,2178,842,476,4523],"yoast_head":"<!-- This site is optimized with the Yoast SEO plugin v22.3 - https:\/\/yoast.com\/wordpress\/plugins\/seo\/ -->\n<title>Fronteiras | No dia 27 de julho, Genilson Sobrinho e Z\u00e9 Odon ser\u00e3o homologados prefeito e vice na Conven\u00e7\u00e3o Municipal; veja! - Portal NPM<\/title>\n<meta name=\"robots\" content=\"index, follow, max-snippet:-1, max-image-preview:large, max-video-preview:-1\" \/>\n<link rel=\"canonical\" href=\"https:\/\/portalnpm.com\/index.php\/2024\/07\/20\/fronteiras-no-dia-27-de-julho-genilson-sobrinho-e-ze-odon-serao-homologados-prefeito-e-vice-na-convencao-municipal-veja\/\" \/>\n<meta property=\"og:locale\" content=\"pt_BR\" \/>\n<meta property=\"og:type\" content=\"article\" \/>\n<meta property=\"og:title\" content=\"Fronteiras | No dia 27 de julho, Genilson Sobrinho e Z\u00e9 Odon ser\u00e3o homologados prefeito e vice na Conven\u00e7\u00e3o Municipal; veja! - Portal NPM\" \/>\n<meta property=\"og:description\" content=\"No pr\u00f3ximo s\u00e1bado, 27 de julho de 2024, os partidos PT e MDB de Fronteiras &#8211; PI homologar\u00e1 \u00e0s candidaturas do l\u00edder pol\u00edtico Genilson Sobrinho e do vereador Z\u00e9 Odon, prefeito e vice, respectivamente, al\u00e9m de 10 candidatos a vereadores pelo PT. Genilson Sobrinho disputar\u00e1 sua primeira elei\u00e7\u00e3o para prefeito de Fronteiras pelo campo oposicionista. &hellip;\" \/>\n<meta property=\"og:url\" content=\"https:\/\/portalnpm.com\/index.php\/2024\/07\/20\/fronteiras-no-dia-27-de-julho-genilson-sobrinho-e-ze-odon-serao-homologados-prefeito-e-vice-na-convencao-municipal-veja\/\" \/>\n<meta property=\"og:site_name\" content=\"Portal NPM\" \/>\n<meta property=\"article:published_time\" content=\"2024-07-21T02:41:02+00:00\" \/>\n<meta property=\"og:image\" content=\"https:\/\/portalnpm.com\/wp-content\/uploads\/2024\/07\/IMG-20240720-WA0526.jpg\" \/>\n\t<meta property=\"og:image:width\" content=\"1080\" \/>\n\t<meta property=\"og:image:height\" content=\"1167\" \/>\n\t<meta property=\"og:image:type\" content=\"image\/jpeg\" \/>\n<meta name=\"author\" content=\"Luis Alberto\" \/>\n<meta name=\"twitter:card\" content=\"summary_large_image\" \/>\n<meta name=\"twitter:label1\" content=\"Escrito por\" \/>\n\t<meta name=\"twitter:data1\" content=\"Luis Alberto\" \/>\n\t<meta name=\"twitter:label2\" content=\"Est. tempo de leitura\" \/>\n\t<meta name=\"twitter:data2\" content=\"2 minutos\" \/>\n<script type=\"application\/ld+json\" class=\"yoast-schema-graph\">{\"@context\":\"https:\/\/schema.org\",\"@graph\":[{\"@type\":\"WebPage\",\"@id\":\"https:\/\/portalnpm.com\/index.php\/2024\/07\/20\/fronteiras-no-dia-27-de-julho-genilson-sobrinho-e-ze-odon-serao-homologados-prefeito-e-vice-na-convencao-municipal-veja\/\",\"url\":\"https:\/\/portalnpm.com\/index.php\/2024\/07\/20\/fronteiras-no-dia-27-de-julho-genilson-sobrinho-e-ze-odon-serao-homologados-prefeito-e-vice-na-convencao-municipal-veja\/\",\"name\":\"Fronteiras | No dia 27 de julho, Genilson Sobrinho e Z\u00e9 Odon ser\u00e3o homologados prefeito e vice na Conven\u00e7\u00e3o Municipal; veja! - Portal NPM\",\"isPartOf\":{\"@id\":\"https:\/\/portalnpm.com\/#website\"},\"primaryImageOfPage\":{\"@id\":\"https:\/\/portalnpm.com\/index.php\/2024\/07\/20\/fronteiras-no-dia-27-de-julho-genilson-sobrinho-e-ze-odon-serao-homologados-prefeito-e-vice-na-convencao-municipal-veja\/#primaryimage\"},\"image\":{\"@id\":\"https:\/\/portalnpm.com\/index.php\/2024\/07\/20\/fronteiras-no-dia-27-de-julho-genilson-sobrinho-e-ze-odon-serao-homologados-prefeito-e-vice-na-convencao-municipal-veja\/#primaryimage\"},\"thumbnailUrl\":\"https:\/\/portalnpm.com\/wp-content\/uploads\/2024\/07\/IMG-20240720-WA0526.jpg\",\"datePublished\":\"2024-07-21T02:41:02+00:00\",\"dateModified\":\"2024-07-21T02:41:02+00:00\",\"author\":{\"@id\":\"https:\/\/portalnpm.com\/#\/schema\/person\/5c8006acdf71774cd4e7a5ab98482152\"},\"breadcrumb\":{\"@id\":\"https:\/\/portalnpm.com\/index.php\/2024\/07\/20\/fronteiras-no-dia-27-de-julho-genilson-sobrinho-e-ze-odon-serao-homologados-prefeito-e-vice-na-convencao-municipal-veja\/#breadcrumb\"},\"inLanguage\":\"pt-BR\",\"potentialAction\":[{\"@type\":\"ReadAction\",\"target\":[\"https:\/\/portalnpm.com\/index.php\/2024\/07\/20\/fronteiras-no-dia-27-de-julho-genilson-sobrinho-e-ze-odon-serao-homologados-prefeito-e-vice-na-convencao-municipal-veja\/\"]}]},{\"@type\":\"ImageObject\",\"inLanguage\":\"pt-BR\",\"@id\":\"https:\/\/portalnpm.com\/index.php\/2024\/07\/20\/fronteiras-no-dia-27-de-julho-genilson-sobrinho-e-ze-odon-serao-homologados-prefeito-e-vice-na-convencao-municipal-veja\/#primaryimage\",\"url\":\"https:\/\/portalnpm.com\/wp-content\/uploads\/2024\/07\/IMG-20240720-WA0526.jpg\",\"contentUrl\":\"https:\/\/portalnpm.com\/wp-content\/uploads\/2024\/07\/IMG-20240720-WA0526.jpg\",\"width\":1080,\"height\":1167},{\"@type\":\"BreadcrumbList\",\"@id\":\"https:\/\/portalnpm.com\/index.php\/2024\/07\/20\/fronteiras-no-dia-27-de-julho-genilson-sobrinho-e-ze-odon-serao-homologados-prefeito-e-vice-na-convencao-municipal-veja\/#breadcrumb\",\"itemListElement\":[{\"@type\":\"ListItem\",\"position\":1,\"name\":\"In\u00edcio\",\"item\":\"https:\/\/portalnpm.com\/\"},{\"@type\":\"ListItem\",\"position\":2,\"name\":\"Fronteiras | No dia 27 de julho, Genilson Sobrinho e Z\u00e9 Odon ser\u00e3o homologados prefeito e vice na Conven\u00e7\u00e3o Municipal; veja!\"}]},{\"@type\":\"WebSite\",\"@id\":\"https:\/\/portalnpm.com\/#website\",\"url\":\"https:\/\/portalnpm.com\/\",\"name\":\"Portal NPM\",\"description\":\"Not\u00edcias em Primeira M\u00e3o\",\"potentialAction\":[{\"@type\":\"SearchAction\",\"target\":{\"@type\":\"EntryPoint\",\"urlTemplate\":\"https:\/\/portalnpm.com\/?s={search_term_string}\"},\"query-input\":\"required name=search_term_string\"}],\"inLanguage\":\"pt-BR\"},{\"@type\":\"Person\",\"@id\":\"https:\/\/portalnpm.com\/#\/schema\/person\/5c8006acdf71774cd4e7a5ab98482152\",\"name\":\"Luis Alberto\",\"image\":{\"@type\":\"ImageObject\",\"inLanguage\":\"pt-BR\",\"@id\":\"https:\/\/portalnpm.com\/#\/schema\/person\/image\/\",\"url\":\"https:\/\/portalnpm.com\/wp-content\/uploads\/2024\/12\/avatar_user_3_1734699769-96x96.jpeg\",\"contentUrl\":\"https:\/\/portalnpm.com\/wp-content\/uploads\/2024\/12\/avatar_user_3_1734699769-96x96.jpeg\",\"caption\":\"Luis Alberto\"},\"description\":\"Editor-geral do Portal NPM, \u00e9 formado como T\u00e9cnico em Seguran\u00e7a do Trabalho pela Escola Metropolitana de Cursos T\u00e9cnicos. Det\u00e9m ainda licenciatura em Educa\u00e7\u00e3o F\u00edsica e bacharelado em Ci\u00eancias Pol\u00edticas, ambos obtidos pela institui\u00e7\u00e3o Anhanguera\/UNOPAR.\",\"url\":\"https:\/\/portalnpm.com\/index.php\/author\/pereira\/\"}]}<\/script>\n<!-- \/ Yoast SEO plugin. -->","yoast_head_json":{"title":"Fronteiras | No dia 27 de julho, Genilson Sobrinho e Z\u00e9 Odon ser\u00e3o homologados prefeito e vice na Conven\u00e7\u00e3o Municipal; veja! - Portal NPM","robots":{"index":"index","follow":"follow","max-snippet":"max-snippet:-1","max-image-preview":"max-image-preview:large","max-video-preview":"max-video-preview:-1"},"canonical":"https:\/\/portalnpm.com\/index.php\/2024\/07\/20\/fronteiras-no-dia-27-de-julho-genilson-sobrinho-e-ze-odon-serao-homologados-prefeito-e-vice-na-convencao-municipal-veja\/","og_locale":"pt_BR","og_type":"article","og_title":"Fronteiras | No dia 27 de julho, Genilson Sobrinho e Z\u00e9 Odon ser\u00e3o homologados prefeito e vice na Conven\u00e7\u00e3o Municipal; veja! - Portal NPM","og_description":"No pr\u00f3ximo s\u00e1bado, 27 de julho de 2024, os partidos PT e MDB de Fronteiras &#8211; PI homologar\u00e1 \u00e0s candidaturas do l\u00edder pol\u00edtico Genilson Sobrinho e do vereador Z\u00e9 Odon, prefeito e vice, respectivamente, al\u00e9m de 10 candidatos a vereadores pelo PT. Genilson Sobrinho disputar\u00e1 sua primeira elei\u00e7\u00e3o para prefeito de Fronteiras pelo campo oposicionista. &hellip;","og_url":"https:\/\/portalnpm.com\/index.php\/2024\/07\/20\/fronteiras-no-dia-27-de-julho-genilson-sobrinho-e-ze-odon-serao-homologados-prefeito-e-vice-na-convencao-municipal-veja\/","og_site_name":"Portal NPM","article_published_time":"2024-07-21T02:41:02+00:00","og_image":[{"width":1080,"height":1167,"url":"https:\/\/portalnpm.com\/wp-content\/uploads\/2024\/07\/IMG-20240720-WA0526.jpg","type":"image\/jpeg"}],"author":"Luis Alberto","twitter_card":"summary_large_image","twitter_misc":{"Escrito por":"Luis Alberto","Est. tempo de leitura":"2 minutos"},"schema":{"@context":"https:\/\/schema.org","@graph":[{"@type":"WebPage","@id":"https:\/\/portalnpm.com\/index.php\/2024\/07\/20\/fronteiras-no-dia-27-de-julho-genilson-sobrinho-e-ze-odon-serao-homologados-prefeito-e-vice-na-convencao-municipal-veja\/","url":"https:\/\/portalnpm.com\/index.php\/2024\/07\/20\/fronteiras-no-dia-27-de-julho-genilson-sobrinho-e-ze-odon-serao-homologados-prefeito-e-vice-na-convencao-municipal-veja\/","name":"Fronteiras | No dia 27 de julho, Genilson Sobrinho e Z\u00e9 Odon ser\u00e3o homologados prefeito e vice na Conven\u00e7\u00e3o Municipal; veja! - Portal NPM","isPartOf":{"@id":"https:\/\/portalnpm.com\/#website"},"primaryImageOfPage":{"@id":"https:\/\/portalnpm.com\/index.php\/2024\/07\/20\/fronteiras-no-dia-27-de-julho-genilson-sobrinho-e-ze-odon-serao-homologados-prefeito-e-vice-na-convencao-municipal-veja\/#primaryimage"},"image":{"@id":"https:\/\/portalnpm.com\/index.php\/2024\/07\/20\/fronteiras-no-dia-27-de-julho-genilson-sobrinho-e-ze-odon-serao-homologados-prefeito-e-vice-na-convencao-municipal-veja\/#primaryimage"},"thumbnailUrl":"https:\/\/portalnpm.com\/wp-content\/uploads\/2024\/07\/IMG-20240720-WA0526.jpg","datePublished":"2024-07-21T02:41:02+00:00","dateModified":"2024-07-21T02:41:02+00:00","author":{"@id":"https:\/\/portalnpm.com\/#\/schema\/person\/5c8006acdf71774cd4e7a5ab98482152"},"breadcrumb":{"@id":"https:\/\/portalnpm.com\/index.php\/2024\/07\/20\/fronteiras-no-dia-27-de-julho-genilson-sobrinho-e-ze-odon-serao-homologados-prefeito-e-vice-na-convencao-municipal-veja\/#breadcrumb"},"inLanguage":"pt-BR","potentialAction":[{"@type":"ReadAction","target":["https:\/\/portalnpm.com\/index.php\/2024\/07\/20\/fronteiras-no-dia-27-de-julho-genilson-sobrinho-e-ze-odon-serao-homologados-prefeito-e-vice-na-convencao-municipal-veja\/"]}]},{"@type":"ImageObject","inLanguage":"pt-BR","@id":"https:\/\/portalnpm.com\/index.php\/2024\/07\/20\/fronteiras-no-dia-27-de-julho-genilson-sobrinho-e-ze-odon-serao-homologados-prefeito-e-vice-na-convencao-municipal-veja\/#primaryimage","url":"https:\/\/portalnpm.com\/wp-content\/uploads\/2024\/07\/IMG-20240720-WA0526.jpg","contentUrl":"https:\/\/portalnpm.com\/wp-content\/uploads\/2024\/07\/IMG-20240720-WA0526.jpg","width":1080,"height":1167},{"@type":"BreadcrumbList","@id":"https:\/\/portalnpm.com\/index.php\/2024\/07\/20\/fronteiras-no-dia-27-de-julho-genilson-sobrinho-e-ze-odon-serao-homologados-prefeito-e-vice-na-convencao-municipal-veja\/#breadcrumb","itemListElement":[{"@type":"ListItem","position":1,"name":"In\u00edcio","item":"https:\/\/portalnpm.com\/"},{"@type":"ListItem","position":2,"name":"Fronteiras | No dia 27 de julho, Genilson Sobrinho e Z\u00e9 Odon ser\u00e3o homologados prefeito e vice na Conven\u00e7\u00e3o Municipal; veja!"}]},{"@type":"WebSite","@id":"https:\/\/portalnpm.com\/#website","url":"https:\/\/portalnpm.com\/","name":"Portal NPM","description":"Not\u00edcias em Primeira M\u00e3o","potentialAction":[{"@type":"SearchAction","target":{"@type":"EntryPoint","urlTemplate":"https:\/\/portalnpm.com\/?s={search_term_string}"},"query-input":"required name=search_term_string"}],"inLanguage":"pt-BR"},{"@type":"Person","@id":"https:\/\/portalnpm.com\/#\/schema\/person\/5c8006acdf71774cd4e7a5ab98482152","name":"Luis Alberto","image":{"@type":"ImageObject","inLanguage":"pt-BR","@id":"https:\/\/portalnpm.com\/#\/schema\/person\/image\/","url":"https:\/\/portalnpm.com\/wp-content\/uploads\/2024\/12\/avatar_user_3_1734699769-96x96.jpeg","contentUrl":"https:\/\/portalnpm.com\/wp-content\/uploads\/2024\/12\/avatar_user_3_1734699769-96x96.jpeg","caption":"Luis Alberto"},"description":"Editor-geral do Portal NPM, \u00e9 formado como T\u00e9cnico em Seguran\u00e7a do Trabalho pela Escola Metropolitana de Cursos T\u00e9cnicos. Det\u00e9m ainda licenciatura em Educa\u00e7\u00e3o F\u00edsica e bacharelado em Ci\u00eancias Pol\u00edticas, ambos obtidos pela institui\u00e7\u00e3o Anhanguera\/UNOPAR.","url":"https:\/\/portalnpm.com\/index.php\/author\/pereira\/"}]}},"jetpack_sharing_enabled":true,"jetpack_featured_media_url":"https:\/\/portalnpm.com\/wp-content\/uploads\/2024\/07\/IMG-20240720-WA0526.jpg","_links":{"self":[{"href":"https:\/\/portalnpm.com\/index.php\/wp-json\/wp\/v2\/posts\/74409"}],"collection":[{"href":"https:\/\/portalnpm.com\/index.php\/wp-json\/wp\/v2\/posts"}],"about":[{"href":"https:\/\/portalnpm.com\/index.php\/wp-json\/wp\/v2\/types\/post"}],"author":[{"embeddable":true,"href":"https:\/\/portalnpm.com\/index.php\/wp-json\/wp\/v2\/users\/3"}],"replies":[{"embeddable":true,"href":"https:\/\/portalnpm.com\/index.php\/wp-json\/wp\/v2\/comments?post=74409"}],"version-history":[{"count":2,"href":"https:\/\/portalnpm.com\/index.php\/wp-json\/wp\/v2\/posts\/74409\/revisions"}],"predecessor-version":[{"id":74412,"href":"https:\/\/portalnpm.com\/index.php\/wp-json\/wp\/v2\/posts\/74409\/revisions\/74412"}],"wp:featuredmedia":[{"embeddable":true,"href":"https:\/\/portalnpm.com\/index.php\/wp-json\/wp\/v2\/media\/74415"}],"wp:attachment":[{"href":"https:\/\/portalnpm.com\/index.php\/wp-json\/wp\/v2\/media?parent=74409"}],"wp:term":[{"taxonomy":"category","embeddable":true,"href":"https:\/\/portalnpm.com\/index.php\/wp-json\/wp\/v2\/categories?post=74409"},{"taxonomy":"post_tag","embeddable":true,"href":"https:\/\/portalnpm.com\/index.php\/wp-json\/wp\/v2\/tags?post=74409"}],"curies":[{"name":"wp","href":"https:\/\/api.w.org\/{rel}","templated":true}]}}