{"id":7441,"date":"2019-04-17T17:09:49","date_gmt":"2019-04-17T20:09:49","guid":{"rendered":"http:\/\/srv.portalnpm.com.br\/?p=7441"},"modified":"2019-04-17T17:09:49","modified_gmt":"2019-04-17T20:09:49","slug":"apos-internacao-em-teresina-pai-de-santo-bita-do-barao-esta-entre-a-vida-e-a-morte","status":"publish","type":"post","link":"https:\/\/portalnpm.com\/index.php\/2019\/04\/17\/apos-internacao-em-teresina-pai-de-santo-bita-do-barao-esta-entre-a-vida-e-a-morte\/","title":{"rendered":"Ap\u00f3s interna\u00e7\u00e3o em Teresina, pai de santo Bita do Bar\u00e3o est\u00e1 entre a vida e a morte"},"content":{"rendered":"<p style=\"text-align: justify;\">O pai de santo mais famoso do Brasil, Bita do Bar\u00e3o, esteve internado desde o \u00faltimo domingo (14\/04) no Hospital S\u00e3o Paulo, em Teresina, onde ficou na UTI em estado grav\u00edssimo. Nesta quarta-feira (17\/04) ele ser\u00e1 encaminhado para sua casa em Cod\u00f3 (MA), onde deve passar seus \u00faltimos momentos ap\u00f3s ter sido desenganado pelos m\u00e9dicos.<\/p>\n<p style=\"text-align: justify;\">Seu problema de sa\u00fade n\u00e3o foi informado, mas h\u00e1 alguns anos ele estava debilitado.<\/p>\n<p style=\"text-align: justify;\">No perfil oficial, a fam\u00edlia negou boatos de que ele havia morrido e disse ele vai passar os \u00faltimos momentos em Cod\u00f3. &#8220;Esclarecendo aqui os boatos sobre a morte do Mestre Bita. Ele n\u00e3o faleceu, mas os m\u00e9dicos a p\u00f3s a consulta desenganar\u00e3o ele e a todos n\u00f3s. Que seja feita a vontade de Deus! Quero aqui avisar aos filhos e amigos do Mestre Bita do Bar\u00e3o, quero avisar quem tiver o interesse de esta com ele com vida que amanh\u00e3 18\/04\/2019 ele j\u00e1 estar\u00e1 em sua resid\u00eancia em Cod\u00f3&#8221;, dizia a postagem.<\/p>\n<p style=\"text-align: justify;\">&#8220;Por mais que um dia a morte chegue para o Mestre Bita, seu trabalho na terra nunca ir\u00e1 parar . Seus seguidores e sua filha Jana\u00edna dar\u00e1 continuidade a tudo que ele deixar\u00e1 aqui. A o longo dos anos ele j\u00e1 a vinha preparando sua filha para permanece no seu lugar a p\u00f3s sua partida. Salve o nosso mestre Bita do Bar\u00e3o&#8221;, dizia outra postagem.<\/p>\n<p><img fetchpriority=\"high\" decoding=\"async\" class=\"aligncenter size-full wp-image-7442\" src=\"http:\/\/portalnpm.com\/wp-content\/uploads\/2019\/04\/19059127-2318194531739822-8579647402704021644-n.jpg\" alt=\"\" width=\"960\" height=\"504\" \/><\/p>\n<p><strong>Quem \u00e9 Bita do Bar\u00e3o<\/strong><\/p>\n<p style=\"text-align: justify;\">\nO babalorix\u00e1 nasceu Wilson Nonato de Sousa,no dia 10 de Julho de 1932, em Cod\u00f3 (MA).<\/p>\n<p style=\"text-align: justify;\">Seu apelido foi dado por seu padrinho pelo fato dele ser muito danado, comparado a um bode. J\u00e1 o Bar\u00e3o ganhou na Umbanda, uma homenagem a Bar\u00e3o de Guar\u00e9.<\/p>\n<p style=\"text-align: justify;\">Prestes a completar 87 anos, h\u00e1 quem acredita que ele tem 109 anos, diz ser mais novo porque quanto mais velho o pai de santo, menos poderes ele tem. Em 1954 fundou sua Tenda Esp\u00edrita de Umbanda, Rainha Iemanj\u00e1, que recebeu personalidades, entre pol\u00edticos e artistas.<\/p>\n<p style=\"text-align: justify;\">Seu poder aquisitivo tamb\u00e9m cresceu e na cidade de Cod\u00f3 e ele mant\u00e9m projetos sociais, al\u00e9m de festas religiosas que atraem pessoas do mundo todo.<\/p>\n<p style=\"text-align: justify;\"><strong>FONTE: 180graus\u00a0<\/strong><\/p>\n","protected":false},"excerpt":{"rendered":"<p>O pai de santo mais famoso do Brasil, Bita do Bar\u00e3o, esteve internado desde o \u00faltimo domingo (14\/04) no Hospital S\u00e3o Paulo, em Teresina, onde ficou na UTI em estado grav\u00edssimo. Nesta quarta-feira (17\/04) ele ser\u00e1 encaminhado para sua casa em Cod\u00f3 (MA), onde deve passar seus \u00faltimos momentos ap\u00f3s ter sido desenganado pelos m\u00e9dicos. &hellip;<\/p>\n","protected":false},"author":3,"featured_media":7443,"comment_status":"open","ping_status":"open","sticky":false,"template":"","format":"standard","meta":{"content-type":"","rop_custom_images_group":[],"rop_custom_messages_group":[],"rop_publish_now":"initial","rop_publish_now_accounts":{"facebook_2648258775420054_1618374048415101":""},"rop_publish_now_history":[],"rop_publish_now_status":"pending","footnotes":"","_jetpack_memberships_contains_paid_content":false},"categories":[125],"tags":[2663,2323,766],"yoast_head":"<!-- This site is optimized with the Yoast SEO plugin v22.3 - https:\/\/yoast.com\/wordpress\/plugins\/seo\/ -->\n<title>Ap\u00f3s interna\u00e7\u00e3o em Teresina, pai de santo Bita do Bar\u00e3o est\u00e1 entre a vida e a morte - Portal NPM<\/title>\n<meta name=\"robots\" content=\"index, follow, max-snippet:-1, max-image-preview:large, max-video-preview:-1\" \/>\n<link rel=\"canonical\" href=\"https:\/\/portalnpm.com\/index.php\/2019\/04\/17\/apos-internacao-em-teresina-pai-de-santo-bita-do-barao-esta-entre-a-vida-e-a-morte\/\" \/>\n<meta property=\"og:locale\" content=\"pt_BR\" \/>\n<meta property=\"og:type\" content=\"article\" \/>\n<meta property=\"og:title\" content=\"Ap\u00f3s interna\u00e7\u00e3o em Teresina, pai de santo Bita do Bar\u00e3o est\u00e1 entre a vida e a morte - Portal NPM\" \/>\n<meta property=\"og:description\" content=\"O pai de santo mais famoso do Brasil, Bita do Bar\u00e3o, esteve internado desde o \u00faltimo domingo (14\/04) no Hospital S\u00e3o Paulo, em Teresina, onde ficou na UTI em estado grav\u00edssimo. Nesta quarta-feira (17\/04) ele ser\u00e1 encaminhado para sua casa em Cod\u00f3 (MA), onde deve passar seus \u00faltimos momentos ap\u00f3s ter sido desenganado pelos m\u00e9dicos. &hellip;\" \/>\n<meta property=\"og:url\" content=\"https:\/\/portalnpm.com\/index.php\/2019\/04\/17\/apos-internacao-em-teresina-pai-de-santo-bita-do-barao-esta-entre-a-vida-e-a-morte\/\" \/>\n<meta property=\"og:site_name\" content=\"Portal NPM\" \/>\n<meta property=\"article:published_time\" content=\"2019-04-17T20:09:49+00:00\" \/>\n<meta name=\"author\" content=\"Luis Alberto\" \/>\n<meta name=\"twitter:card\" content=\"summary_large_image\" \/>\n<meta name=\"twitter:label1\" content=\"Escrito por\" \/>\n\t<meta name=\"twitter:data1\" content=\"Luis Alberto\" \/>\n\t<meta name=\"twitter:label2\" content=\"Est. tempo de leitura\" \/>\n\t<meta name=\"twitter:data2\" content=\"2 minutos\" \/>\n<script type=\"application\/ld+json\" class=\"yoast-schema-graph\">{\"@context\":\"https:\/\/schema.org\",\"@graph\":[{\"@type\":\"WebPage\",\"@id\":\"https:\/\/portalnpm.com\/index.php\/2019\/04\/17\/apos-internacao-em-teresina-pai-de-santo-bita-do-barao-esta-entre-a-vida-e-a-morte\/\",\"url\":\"https:\/\/portalnpm.com\/index.php\/2019\/04\/17\/apos-internacao-em-teresina-pai-de-santo-bita-do-barao-esta-entre-a-vida-e-a-morte\/\",\"name\":\"Ap\u00f3s interna\u00e7\u00e3o em Teresina, pai de santo Bita do Bar\u00e3o est\u00e1 entre a vida e a morte - Portal NPM\",\"isPartOf\":{\"@id\":\"https:\/\/portalnpm.com\/#website\"},\"primaryImageOfPage\":{\"@id\":\"https:\/\/portalnpm.com\/index.php\/2019\/04\/17\/apos-internacao-em-teresina-pai-de-santo-bita-do-barao-esta-entre-a-vida-e-a-morte\/#primaryimage\"},\"image\":{\"@id\":\"https:\/\/portalnpm.com\/index.php\/2019\/04\/17\/apos-internacao-em-teresina-pai-de-santo-bita-do-barao-esta-entre-a-vida-e-a-morte\/#primaryimage\"},\"thumbnailUrl\":\"\",\"datePublished\":\"2019-04-17T20:09:49+00:00\",\"dateModified\":\"2019-04-17T20:09:49+00:00\",\"author\":{\"@id\":\"https:\/\/portalnpm.com\/#\/schema\/person\/5c8006acdf71774cd4e7a5ab98482152\"},\"breadcrumb\":{\"@id\":\"https:\/\/portalnpm.com\/index.php\/2019\/04\/17\/apos-internacao-em-teresina-pai-de-santo-bita-do-barao-esta-entre-a-vida-e-a-morte\/#breadcrumb\"},\"inLanguage\":\"pt-BR\",\"potentialAction\":[{\"@type\":\"ReadAction\",\"target\":[\"https:\/\/portalnpm.com\/index.php\/2019\/04\/17\/apos-internacao-em-teresina-pai-de-santo-bita-do-barao-esta-entre-a-vida-e-a-morte\/\"]}]},{\"@type\":\"ImageObject\",\"inLanguage\":\"pt-BR\",\"@id\":\"https:\/\/portalnpm.com\/index.php\/2019\/04\/17\/apos-internacao-em-teresina-pai-de-santo-bita-do-barao-esta-entre-a-vida-e-a-morte\/#primaryimage\",\"url\":\"\",\"contentUrl\":\"\"},{\"@type\":\"BreadcrumbList\",\"@id\":\"https:\/\/portalnpm.com\/index.php\/2019\/04\/17\/apos-internacao-em-teresina-pai-de-santo-bita-do-barao-esta-entre-a-vida-e-a-morte\/#breadcrumb\",\"itemListElement\":[{\"@type\":\"ListItem\",\"position\":1,\"name\":\"In\u00edcio\",\"item\":\"https:\/\/portalnpm.com\/\"},{\"@type\":\"ListItem\",\"position\":2,\"name\":\"Ap\u00f3s interna\u00e7\u00e3o em Teresina, pai de santo Bita do Bar\u00e3o est\u00e1 entre a vida e a morte\"}]},{\"@type\":\"WebSite\",\"@id\":\"https:\/\/portalnpm.com\/#website\",\"url\":\"https:\/\/portalnpm.com\/\",\"name\":\"Portal NPM\",\"description\":\"Not\u00edcias em Primeira M\u00e3o\",\"potentialAction\":[{\"@type\":\"SearchAction\",\"target\":{\"@type\":\"EntryPoint\",\"urlTemplate\":\"https:\/\/portalnpm.com\/?s={search_term_string}\"},\"query-input\":\"required name=search_term_string\"}],\"inLanguage\":\"pt-BR\"},{\"@type\":\"Person\",\"@id\":\"https:\/\/portalnpm.com\/#\/schema\/person\/5c8006acdf71774cd4e7a5ab98482152\",\"name\":\"Luis Alberto\",\"image\":{\"@type\":\"ImageObject\",\"inLanguage\":\"pt-BR\",\"@id\":\"https:\/\/portalnpm.com\/#\/schema\/person\/image\/\",\"url\":\"https:\/\/portalnpm.com\/wp-content\/uploads\/2024\/12\/avatar_user_3_1734699769-96x96.jpeg\",\"contentUrl\":\"https:\/\/portalnpm.com\/wp-content\/uploads\/2024\/12\/avatar_user_3_1734699769-96x96.jpeg\",\"caption\":\"Luis Alberto\"},\"description\":\"Editor-geral do Portal NPM, \u00e9 formado como T\u00e9cnico em Seguran\u00e7a do Trabalho pela Escola Metropolitana de Cursos T\u00e9cnicos. Det\u00e9m ainda licenciatura em Educa\u00e7\u00e3o F\u00edsica e bacharelado em Ci\u00eancias Pol\u00edticas, ambos obtidos pela institui\u00e7\u00e3o Anhanguera\/UNOPAR.\",\"url\":\"https:\/\/portalnpm.com\/index.php\/author\/pereira\/\"}]}<\/script>\n<!-- \/ Yoast SEO plugin. -->","yoast_head_json":{"title":"Ap\u00f3s interna\u00e7\u00e3o em Teresina, pai de santo Bita do Bar\u00e3o est\u00e1 entre a vida e a morte - Portal NPM","robots":{"index":"index","follow":"follow","max-snippet":"max-snippet:-1","max-image-preview":"max-image-preview:large","max-video-preview":"max-video-preview:-1"},"canonical":"https:\/\/portalnpm.com\/index.php\/2019\/04\/17\/apos-internacao-em-teresina-pai-de-santo-bita-do-barao-esta-entre-a-vida-e-a-morte\/","og_locale":"pt_BR","og_type":"article","og_title":"Ap\u00f3s interna\u00e7\u00e3o em Teresina, pai de santo Bita do Bar\u00e3o est\u00e1 entre a vida e a morte - Portal NPM","og_description":"O pai de santo mais famoso do Brasil, Bita do Bar\u00e3o, esteve internado desde o \u00faltimo domingo (14\/04) no Hospital S\u00e3o Paulo, em Teresina, onde ficou na UTI em estado grav\u00edssimo. Nesta quarta-feira (17\/04) ele ser\u00e1 encaminhado para sua casa em Cod\u00f3 (MA), onde deve passar seus \u00faltimos momentos ap\u00f3s ter sido desenganado pelos m\u00e9dicos. &hellip;","og_url":"https:\/\/portalnpm.com\/index.php\/2019\/04\/17\/apos-internacao-em-teresina-pai-de-santo-bita-do-barao-esta-entre-a-vida-e-a-morte\/","og_site_name":"Portal NPM","article_published_time":"2019-04-17T20:09:49+00:00","author":"Luis Alberto","twitter_card":"summary_large_image","twitter_misc":{"Escrito por":"Luis Alberto","Est. tempo de leitura":"2 minutos"},"schema":{"@context":"https:\/\/schema.org","@graph":[{"@type":"WebPage","@id":"https:\/\/portalnpm.com\/index.php\/2019\/04\/17\/apos-internacao-em-teresina-pai-de-santo-bita-do-barao-esta-entre-a-vida-e-a-morte\/","url":"https:\/\/portalnpm.com\/index.php\/2019\/04\/17\/apos-internacao-em-teresina-pai-de-santo-bita-do-barao-esta-entre-a-vida-e-a-morte\/","name":"Ap\u00f3s interna\u00e7\u00e3o em Teresina, pai de santo Bita do Bar\u00e3o est\u00e1 entre a vida e a morte - Portal NPM","isPartOf":{"@id":"https:\/\/portalnpm.com\/#website"},"primaryImageOfPage":{"@id":"https:\/\/portalnpm.com\/index.php\/2019\/04\/17\/apos-internacao-em-teresina-pai-de-santo-bita-do-barao-esta-entre-a-vida-e-a-morte\/#primaryimage"},"image":{"@id":"https:\/\/portalnpm.com\/index.php\/2019\/04\/17\/apos-internacao-em-teresina-pai-de-santo-bita-do-barao-esta-entre-a-vida-e-a-morte\/#primaryimage"},"thumbnailUrl":"","datePublished":"2019-04-17T20:09:49+00:00","dateModified":"2019-04-17T20:09:49+00:00","author":{"@id":"https:\/\/portalnpm.com\/#\/schema\/person\/5c8006acdf71774cd4e7a5ab98482152"},"breadcrumb":{"@id":"https:\/\/portalnpm.com\/index.php\/2019\/04\/17\/apos-internacao-em-teresina-pai-de-santo-bita-do-barao-esta-entre-a-vida-e-a-morte\/#breadcrumb"},"inLanguage":"pt-BR","potentialAction":[{"@type":"ReadAction","target":["https:\/\/portalnpm.com\/index.php\/2019\/04\/17\/apos-internacao-em-teresina-pai-de-santo-bita-do-barao-esta-entre-a-vida-e-a-morte\/"]}]},{"@type":"ImageObject","inLanguage":"pt-BR","@id":"https:\/\/portalnpm.com\/index.php\/2019\/04\/17\/apos-internacao-em-teresina-pai-de-santo-bita-do-barao-esta-entre-a-vida-e-a-morte\/#primaryimage","url":"","contentUrl":""},{"@type":"BreadcrumbList","@id":"https:\/\/portalnpm.com\/index.php\/2019\/04\/17\/apos-internacao-em-teresina-pai-de-santo-bita-do-barao-esta-entre-a-vida-e-a-morte\/#breadcrumb","itemListElement":[{"@type":"ListItem","position":1,"name":"In\u00edcio","item":"https:\/\/portalnpm.com\/"},{"@type":"ListItem","position":2,"name":"Ap\u00f3s interna\u00e7\u00e3o em Teresina, pai de santo Bita do Bar\u00e3o est\u00e1 entre a vida e a morte"}]},{"@type":"WebSite","@id":"https:\/\/portalnpm.com\/#website","url":"https:\/\/portalnpm.com\/","name":"Portal NPM","description":"Not\u00edcias em Primeira M\u00e3o","potentialAction":[{"@type":"SearchAction","target":{"@type":"EntryPoint","urlTemplate":"https:\/\/portalnpm.com\/?s={search_term_string}"},"query-input":"required name=search_term_string"}],"inLanguage":"pt-BR"},{"@type":"Person","@id":"https:\/\/portalnpm.com\/#\/schema\/person\/5c8006acdf71774cd4e7a5ab98482152","name":"Luis Alberto","image":{"@type":"ImageObject","inLanguage":"pt-BR","@id":"https:\/\/portalnpm.com\/#\/schema\/person\/image\/","url":"https:\/\/portalnpm.com\/wp-content\/uploads\/2024\/12\/avatar_user_3_1734699769-96x96.jpeg","contentUrl":"https:\/\/portalnpm.com\/wp-content\/uploads\/2024\/12\/avatar_user_3_1734699769-96x96.jpeg","caption":"Luis Alberto"},"description":"Editor-geral do Portal NPM, \u00e9 formado como T\u00e9cnico em Seguran\u00e7a do Trabalho pela Escola Metropolitana de Cursos T\u00e9cnicos. Det\u00e9m ainda licenciatura em Educa\u00e7\u00e3o F\u00edsica e bacharelado em Ci\u00eancias Pol\u00edticas, ambos obtidos pela institui\u00e7\u00e3o Anhanguera\/UNOPAR.","url":"https:\/\/portalnpm.com\/index.php\/author\/pereira\/"}]}},"jetpack_sharing_enabled":true,"jetpack_featured_media_url":"","_links":{"self":[{"href":"https:\/\/portalnpm.com\/index.php\/wp-json\/wp\/v2\/posts\/7441"}],"collection":[{"href":"https:\/\/portalnpm.com\/index.php\/wp-json\/wp\/v2\/posts"}],"about":[{"href":"https:\/\/portalnpm.com\/index.php\/wp-json\/wp\/v2\/types\/post"}],"author":[{"embeddable":true,"href":"https:\/\/portalnpm.com\/index.php\/wp-json\/wp\/v2\/users\/3"}],"replies":[{"embeddable":true,"href":"https:\/\/portalnpm.com\/index.php\/wp-json\/wp\/v2\/comments?post=7441"}],"version-history":[{"count":0,"href":"https:\/\/portalnpm.com\/index.php\/wp-json\/wp\/v2\/posts\/7441\/revisions"}],"wp:featuredmedia":[{"embeddable":true,"href":"https:\/\/portalnpm.com\/index.php\/wp-json\/"}],"wp:attachment":[{"href":"https:\/\/portalnpm.com\/index.php\/wp-json\/wp\/v2\/media?parent=7441"}],"wp:term":[{"taxonomy":"category","embeddable":true,"href":"https:\/\/portalnpm.com\/index.php\/wp-json\/wp\/v2\/categories?post=7441"},{"taxonomy":"post_tag","embeddable":true,"href":"https:\/\/portalnpm.com\/index.php\/wp-json\/wp\/v2\/tags?post=7441"}],"curies":[{"name":"wp","href":"https:\/\/api.w.org\/{rel}","templated":true}]}}