{"id":74427,"date":"2024-07-22T22:57:40","date_gmt":"2024-07-23T01:57:40","guid":{"rendered":"https:\/\/portalnpm.com\/?p=74427"},"modified":"2024-07-22T22:57:40","modified_gmt":"2024-07-23T01:57:40","slug":"confraternizacao-de-aniversario-do-amigo-francisco-de-ze-armando-veja-fotos","status":"publish","type":"post","link":"https:\/\/portalnpm.com\/index.php\/2024\/07\/22\/confraternizacao-de-aniversario-do-amigo-francisco-de-ze-armando-veja-fotos\/","title":{"rendered":"Confraterniza\u00e7\u00e3o de anivers\u00e1rio do amigo Francisco de Z\u00e9 Armando; veja fotos!"},"content":{"rendered":"<p>Aconteceu na noite desta segunda-feira, 22 de julho, a confraterniza\u00e7\u00e3o de anivers\u00e1rio do amigo Francisco de Z\u00e9 Armando, 41 anos, na sua resid\u00eancia em S\u00e3o Juli\u00e3o &#8211; PI.<\/p>\n<p><img fetchpriority=\"high\" decoding=\"async\" class=\"alignnone size-medium wp-image-74434\" src=\"https:\/\/portalnpm.com\/wp-content\/uploads\/2024\/07\/GridArt_20240722_213017085-200x300.jpg\" alt=\"\" width=\"200\" height=\"300\" srcset=\"https:\/\/portalnpm.com\/wp-content\/uploads\/2024\/07\/GridArt_20240722_213017085-200x300.jpg 200w, https:\/\/portalnpm.com\/wp-content\/uploads\/2024\/07\/GridArt_20240722_213017085-682x1024.jpg 682w, https:\/\/portalnpm.com\/wp-content\/uploads\/2024\/07\/GridArt_20240722_213017085-768x1152.jpg 768w, https:\/\/portalnpm.com\/wp-content\/uploads\/2024\/07\/GridArt_20240722_213017085-1024x1536.jpg 1024w, https:\/\/portalnpm.com\/wp-content\/uploads\/2024\/07\/GridArt_20240722_213017085-1365x2048.jpg 1365w, https:\/\/portalnpm.com\/wp-content\/uploads\/2024\/07\/GridArt_20240722_213017085-scaled.jpg 1706w\" sizes=\"(max-width: 200px) 100vw, 200px\" \/><img decoding=\"async\" class=\"alignnone size-medium wp-image-74437\" src=\"https:\/\/portalnpm.com\/wp-content\/uploads\/2024\/07\/GridArt_20240722_211723770-194x300.jpg\" alt=\"\" width=\"194\" height=\"300\" srcset=\"https:\/\/portalnpm.com\/wp-content\/uploads\/2024\/07\/GridArt_20240722_211723770-194x300.jpg 194w, https:\/\/portalnpm.com\/wp-content\/uploads\/2024\/07\/GridArt_20240722_211723770-662x1024.jpg 662w, https:\/\/portalnpm.com\/wp-content\/uploads\/2024\/07\/GridArt_20240722_211723770-768x1188.jpg 768w, https:\/\/portalnpm.com\/wp-content\/uploads\/2024\/07\/GridArt_20240722_211723770-993x1536.jpg 993w, https:\/\/portalnpm.com\/wp-content\/uploads\/2024\/07\/GridArt_20240722_211723770-1324x2048.jpg 1324w, https:\/\/portalnpm.com\/wp-content\/uploads\/2024\/07\/GridArt_20240722_211723770-scaled.jpg 1656w\" sizes=\"(max-width: 194px) 100vw, 194px\" \/><\/p>\n<p>A confraterniza\u00e7\u00e3o reuniu familiares e amigos, ocasi\u00e3o onde foi servido um bolo com refrigerante a todos. Entre os presentes, esteve o vereador licenciado Renaldinho, pr\u00e9-candidato a prefeito pela oposi\u00e7\u00e3o, e o presidente da C\u00e2mara Municipal, vereador Edisaldo Rocha.<\/p>\n<p>&#8220;<em>Quero agradecer a todos os meus familiares e amigos que estiveram presentes nesta confraterniza\u00e7\u00e3o do meu anivers\u00e1rio. Agrade\u00e7o de cora\u00e7\u00e3o a presen\u00e7a e considera\u00e7\u00e3o de todos&#8221;,\u00a0<\/em>disse Francisco de Z\u00e9 Armando.<\/p>\n<p><img decoding=\"async\" class=\"alignnone size-medium wp-image-74428\" src=\"https:\/\/portalnpm.com\/wp-content\/uploads\/2024\/07\/GridArt_20240722_210919135-300x200.jpg\" alt=\"\" width=\"300\" height=\"200\" srcset=\"https:\/\/portalnpm.com\/wp-content\/uploads\/2024\/07\/GridArt_20240722_210919135-300x200.jpg 300w, https:\/\/portalnpm.com\/wp-content\/uploads\/2024\/07\/GridArt_20240722_210919135-1024x683.jpg 1024w, https:\/\/portalnpm.com\/wp-content\/uploads\/2024\/07\/GridArt_20240722_210919135-768x512.jpg 768w, https:\/\/portalnpm.com\/wp-content\/uploads\/2024\/07\/GridArt_20240722_210919135-1536x1024.jpg 1536w, https:\/\/portalnpm.com\/wp-content\/uploads\/2024\/07\/GridArt_20240722_210919135-2048x1365.jpg 2048w\" sizes=\"(max-width: 300px) 100vw, 300px\" \/> <img loading=\"lazy\" decoding=\"async\" class=\"alignnone size-medium wp-image-74429\" src=\"https:\/\/portalnpm.com\/wp-content\/uploads\/2024\/07\/GridArt_20240722_211210742-300x200.jpg\" alt=\"\" width=\"300\" height=\"200\" srcset=\"https:\/\/portalnpm.com\/wp-content\/uploads\/2024\/07\/GridArt_20240722_211210742-300x200.jpg 300w, https:\/\/portalnpm.com\/wp-content\/uploads\/2024\/07\/GridArt_20240722_211210742-1024x683.jpg 1024w, https:\/\/portalnpm.com\/wp-content\/uploads\/2024\/07\/GridArt_20240722_211210742-768x512.jpg 768w, https:\/\/portalnpm.com\/wp-content\/uploads\/2024\/07\/GridArt_20240722_211210742-1536x1024.jpg 1536w, https:\/\/portalnpm.com\/wp-content\/uploads\/2024\/07\/GridArt_20240722_211210742-2048x1365.jpg 2048w\" sizes=\"(max-width: 300px) 100vw, 300px\" \/> <img loading=\"lazy\" decoding=\"async\" class=\"alignnone size-medium wp-image-74430\" src=\"https:\/\/portalnpm.com\/wp-content\/uploads\/2024\/07\/GridArt_20240722_211335281-300x200.jpg\" alt=\"\" width=\"300\" height=\"200\" srcset=\"https:\/\/portalnpm.com\/wp-content\/uploads\/2024\/07\/GridArt_20240722_211335281-300x200.jpg 300w, https:\/\/portalnpm.com\/wp-content\/uploads\/2024\/07\/GridArt_20240722_211335281-1024x683.jpg 1024w, https:\/\/portalnpm.com\/wp-content\/uploads\/2024\/07\/GridArt_20240722_211335281-768x512.jpg 768w, https:\/\/portalnpm.com\/wp-content\/uploads\/2024\/07\/GridArt_20240722_211335281-1536x1024.jpg 1536w, https:\/\/portalnpm.com\/wp-content\/uploads\/2024\/07\/GridArt_20240722_211335281-2048x1365.jpg 2048w\" sizes=\"(max-width: 300px) 100vw, 300px\" \/> <img loading=\"lazy\" decoding=\"async\" class=\"alignnone size-medium wp-image-74431\" src=\"https:\/\/portalnpm.com\/wp-content\/uploads\/2024\/07\/GridArt_20240722_212256907-300x200.jpg\" alt=\"\" width=\"300\" height=\"200\" srcset=\"https:\/\/portalnpm.com\/wp-content\/uploads\/2024\/07\/GridArt_20240722_212256907-300x200.jpg 300w, https:\/\/portalnpm.com\/wp-content\/uploads\/2024\/07\/GridArt_20240722_212256907-1024x683.jpg 1024w, https:\/\/portalnpm.com\/wp-content\/uploads\/2024\/07\/GridArt_20240722_212256907-768x512.jpg 768w, https:\/\/portalnpm.com\/wp-content\/uploads\/2024\/07\/GridArt_20240722_212256907-1536x1024.jpg 1536w, https:\/\/portalnpm.com\/wp-content\/uploads\/2024\/07\/GridArt_20240722_212256907-2048x1365.jpg 2048w\" sizes=\"(max-width: 300px) 100vw, 300px\" \/> <img loading=\"lazy\" decoding=\"async\" class=\"alignnone size-medium wp-image-74432\" src=\"https:\/\/portalnpm.com\/wp-content\/uploads\/2024\/07\/GridArt_20240722_213732169-300x200.jpg\" alt=\"\" width=\"300\" height=\"200\" srcset=\"https:\/\/portalnpm.com\/wp-content\/uploads\/2024\/07\/GridArt_20240722_213732169-300x200.jpg 300w, https:\/\/portalnpm.com\/wp-content\/uploads\/2024\/07\/GridArt_20240722_213732169-1024x683.jpg 1024w, https:\/\/portalnpm.com\/wp-content\/uploads\/2024\/07\/GridArt_20240722_213732169-768x512.jpg 768w, https:\/\/portalnpm.com\/wp-content\/uploads\/2024\/07\/GridArt_20240722_213732169-1536x1024.jpg 1536w, https:\/\/portalnpm.com\/wp-content\/uploads\/2024\/07\/GridArt_20240722_213732169-2048x1365.jpg 2048w\" sizes=\"(max-width: 300px) 100vw, 300px\" \/><\/p>\n<p>Fotos: Carlos Thadeu<\/p>\n<p>Texto: Luis Alberto<\/p>\n","protected":false},"excerpt":{"rendered":"<p>Aconteceu na noite desta segunda-feira, 22 de julho, a confraterniza\u00e7\u00e3o de anivers\u00e1rio do amigo Francisco de Z\u00e9 Armando, 41 anos, na sua resid\u00eancia em S\u00e3o Juli\u00e3o &#8211; PI. A confraterniza\u00e7\u00e3o reuniu familiares e amigos, ocasi\u00e3o onde foi servido um bolo com refrigerante a todos. Entre os presentes, esteve o vereador licenciado Renaldinho, pr\u00e9-candidato a prefeito &hellip;<\/p>\n","protected":false},"author":3,"featured_media":74433,"comment_status":"open","ping_status":"open","sticky":false,"template":"","format":"standard","meta":{"content-type":"","rop_custom_images_group":[],"rop_custom_messages_group":[],"rop_publish_now":"yes","rop_publish_now_accounts":{"facebook_2648258775420054_1618374048415101":""},"rop_publish_now_history":[],"rop_publish_now_status":"pending","footnotes":"","_jetpack_memberships_contains_paid_content":false},"categories":[4071,3998],"tags":[11471,116,15847,3652,230,1996,4107,842,4523],"yoast_head":"<!-- This site is optimized with the Yoast SEO plugin v22.3 - https:\/\/yoast.com\/wordpress\/plugins\/seo\/ -->\n<title>Confraterniza\u00e7\u00e3o de anivers\u00e1rio do amigo Francisco de Z\u00e9 Armando; veja fotos! - Portal NPM<\/title>\n<meta name=\"robots\" content=\"index, follow, max-snippet:-1, max-image-preview:large, max-video-preview:-1\" \/>\n<link rel=\"canonical\" href=\"https:\/\/portalnpm.com\/index.php\/2024\/07\/22\/confraternizacao-de-aniversario-do-amigo-francisco-de-ze-armando-veja-fotos\/\" \/>\n<meta property=\"og:locale\" content=\"pt_BR\" \/>\n<meta property=\"og:type\" content=\"article\" \/>\n<meta property=\"og:title\" content=\"Confraterniza\u00e7\u00e3o de anivers\u00e1rio do amigo Francisco de Z\u00e9 Armando; veja fotos! - Portal NPM\" \/>\n<meta property=\"og:description\" content=\"Aconteceu na noite desta segunda-feira, 22 de julho, a confraterniza\u00e7\u00e3o de anivers\u00e1rio do amigo Francisco de Z\u00e9 Armando, 41 anos, na sua resid\u00eancia em S\u00e3o Juli\u00e3o &#8211; PI. A confraterniza\u00e7\u00e3o reuniu familiares e amigos, ocasi\u00e3o onde foi servido um bolo com refrigerante a todos. Entre os presentes, esteve o vereador licenciado Renaldinho, pr\u00e9-candidato a prefeito &hellip;\" \/>\n<meta property=\"og:url\" content=\"https:\/\/portalnpm.com\/index.php\/2024\/07\/22\/confraternizacao-de-aniversario-do-amigo-francisco-de-ze-armando-veja-fotos\/\" \/>\n<meta property=\"og:site_name\" content=\"Portal NPM\" \/>\n<meta property=\"article:published_time\" content=\"2024-07-23T01:57:40+00:00\" \/>\n<meta property=\"og:image\" content=\"https:\/\/portalnpm.com\/wp-content\/uploads\/2024\/07\/GridArt_20240722_213430176-scaled.jpg\" \/>\n\t<meta property=\"og:image:width\" content=\"2560\" \/>\n\t<meta property=\"og:image:height\" content=\"1707\" \/>\n\t<meta property=\"og:image:type\" content=\"image\/jpeg\" \/>\n<meta name=\"author\" content=\"Luis Alberto\" \/>\n<meta name=\"twitter:card\" content=\"summary_large_image\" \/>\n<meta name=\"twitter:label1\" content=\"Escrito por\" \/>\n\t<meta name=\"twitter:data1\" content=\"Luis Alberto\" \/>\n\t<meta name=\"twitter:label2\" content=\"Est. tempo de leitura\" \/>\n\t<meta name=\"twitter:data2\" content=\"3 minutos\" \/>\n<script type=\"application\/ld+json\" class=\"yoast-schema-graph\">{\"@context\":\"https:\/\/schema.org\",\"@graph\":[{\"@type\":\"WebPage\",\"@id\":\"https:\/\/portalnpm.com\/index.php\/2024\/07\/22\/confraternizacao-de-aniversario-do-amigo-francisco-de-ze-armando-veja-fotos\/\",\"url\":\"https:\/\/portalnpm.com\/index.php\/2024\/07\/22\/confraternizacao-de-aniversario-do-amigo-francisco-de-ze-armando-veja-fotos\/\",\"name\":\"Confraterniza\u00e7\u00e3o de anivers\u00e1rio do amigo Francisco de Z\u00e9 Armando; veja fotos! - Portal NPM\",\"isPartOf\":{\"@id\":\"https:\/\/portalnpm.com\/#website\"},\"primaryImageOfPage\":{\"@id\":\"https:\/\/portalnpm.com\/index.php\/2024\/07\/22\/confraternizacao-de-aniversario-do-amigo-francisco-de-ze-armando-veja-fotos\/#primaryimage\"},\"image\":{\"@id\":\"https:\/\/portalnpm.com\/index.php\/2024\/07\/22\/confraternizacao-de-aniversario-do-amigo-francisco-de-ze-armando-veja-fotos\/#primaryimage\"},\"thumbnailUrl\":\"https:\/\/portalnpm.com\/wp-content\/uploads\/2024\/07\/GridArt_20240722_213430176-scaled.jpg\",\"datePublished\":\"2024-07-23T01:57:40+00:00\",\"dateModified\":\"2024-07-23T01:57:40+00:00\",\"author\":{\"@id\":\"https:\/\/portalnpm.com\/#\/schema\/person\/5c8006acdf71774cd4e7a5ab98482152\"},\"breadcrumb\":{\"@id\":\"https:\/\/portalnpm.com\/index.php\/2024\/07\/22\/confraternizacao-de-aniversario-do-amigo-francisco-de-ze-armando-veja-fotos\/#breadcrumb\"},\"inLanguage\":\"pt-BR\",\"potentialAction\":[{\"@type\":\"ReadAction\",\"target\":[\"https:\/\/portalnpm.com\/index.php\/2024\/07\/22\/confraternizacao-de-aniversario-do-amigo-francisco-de-ze-armando-veja-fotos\/\"]}]},{\"@type\":\"ImageObject\",\"inLanguage\":\"pt-BR\",\"@id\":\"https:\/\/portalnpm.com\/index.php\/2024\/07\/22\/confraternizacao-de-aniversario-do-amigo-francisco-de-ze-armando-veja-fotos\/#primaryimage\",\"url\":\"https:\/\/portalnpm.com\/wp-content\/uploads\/2024\/07\/GridArt_20240722_213430176-scaled.jpg\",\"contentUrl\":\"https:\/\/portalnpm.com\/wp-content\/uploads\/2024\/07\/GridArt_20240722_213430176-scaled.jpg\",\"width\":2560,\"height\":1707},{\"@type\":\"BreadcrumbList\",\"@id\":\"https:\/\/portalnpm.com\/index.php\/2024\/07\/22\/confraternizacao-de-aniversario-do-amigo-francisco-de-ze-armando-veja-fotos\/#breadcrumb\",\"itemListElement\":[{\"@type\":\"ListItem\",\"position\":1,\"name\":\"In\u00edcio\",\"item\":\"https:\/\/portalnpm.com\/\"},{\"@type\":\"ListItem\",\"position\":2,\"name\":\"Confraterniza\u00e7\u00e3o de anivers\u00e1rio do amigo Francisco de Z\u00e9 Armando; veja fotos!\"}]},{\"@type\":\"WebSite\",\"@id\":\"https:\/\/portalnpm.com\/#website\",\"url\":\"https:\/\/portalnpm.com\/\",\"name\":\"Portal NPM\",\"description\":\"Not\u00edcias em Primeira M\u00e3o\",\"potentialAction\":[{\"@type\":\"SearchAction\",\"target\":{\"@type\":\"EntryPoint\",\"urlTemplate\":\"https:\/\/portalnpm.com\/?s={search_term_string}\"},\"query-input\":\"required name=search_term_string\"}],\"inLanguage\":\"pt-BR\"},{\"@type\":\"Person\",\"@id\":\"https:\/\/portalnpm.com\/#\/schema\/person\/5c8006acdf71774cd4e7a5ab98482152\",\"name\":\"Luis Alberto\",\"image\":{\"@type\":\"ImageObject\",\"inLanguage\":\"pt-BR\",\"@id\":\"https:\/\/portalnpm.com\/#\/schema\/person\/image\/\",\"url\":\"https:\/\/portalnpm.com\/wp-content\/uploads\/2024\/12\/avatar_user_3_1734699769-96x96.jpeg\",\"contentUrl\":\"https:\/\/portalnpm.com\/wp-content\/uploads\/2024\/12\/avatar_user_3_1734699769-96x96.jpeg\",\"caption\":\"Luis Alberto\"},\"description\":\"Editor-geral do Portal NPM, \u00e9 formado como T\u00e9cnico em Seguran\u00e7a do Trabalho pela Escola Metropolitana de Cursos T\u00e9cnicos. Det\u00e9m ainda licenciatura em Educa\u00e7\u00e3o F\u00edsica e bacharelado em Ci\u00eancias Pol\u00edticas, ambos obtidos pela institui\u00e7\u00e3o Anhanguera\/UNOPAR.\",\"url\":\"https:\/\/portalnpm.com\/index.php\/author\/pereira\/\"}]}<\/script>\n<!-- \/ Yoast SEO plugin. -->","yoast_head_json":{"title":"Confraterniza\u00e7\u00e3o de anivers\u00e1rio do amigo Francisco de Z\u00e9 Armando; veja fotos! - Portal NPM","robots":{"index":"index","follow":"follow","max-snippet":"max-snippet:-1","max-image-preview":"max-image-preview:large","max-video-preview":"max-video-preview:-1"},"canonical":"https:\/\/portalnpm.com\/index.php\/2024\/07\/22\/confraternizacao-de-aniversario-do-amigo-francisco-de-ze-armando-veja-fotos\/","og_locale":"pt_BR","og_type":"article","og_title":"Confraterniza\u00e7\u00e3o de anivers\u00e1rio do amigo Francisco de Z\u00e9 Armando; veja fotos! - Portal NPM","og_description":"Aconteceu na noite desta segunda-feira, 22 de julho, a confraterniza\u00e7\u00e3o de anivers\u00e1rio do amigo Francisco de Z\u00e9 Armando, 41 anos, na sua resid\u00eancia em S\u00e3o Juli\u00e3o &#8211; PI. A confraterniza\u00e7\u00e3o reuniu familiares e amigos, ocasi\u00e3o onde foi servido um bolo com refrigerante a todos. Entre os presentes, esteve o vereador licenciado Renaldinho, pr\u00e9-candidato a prefeito &hellip;","og_url":"https:\/\/portalnpm.com\/index.php\/2024\/07\/22\/confraternizacao-de-aniversario-do-amigo-francisco-de-ze-armando-veja-fotos\/","og_site_name":"Portal NPM","article_published_time":"2024-07-23T01:57:40+00:00","og_image":[{"width":2560,"height":1707,"url":"https:\/\/portalnpm.com\/wp-content\/uploads\/2024\/07\/GridArt_20240722_213430176-scaled.jpg","type":"image\/jpeg"}],"author":"Luis Alberto","twitter_card":"summary_large_image","twitter_misc":{"Escrito por":"Luis Alberto","Est. tempo de leitura":"3 minutos"},"schema":{"@context":"https:\/\/schema.org","@graph":[{"@type":"WebPage","@id":"https:\/\/portalnpm.com\/index.php\/2024\/07\/22\/confraternizacao-de-aniversario-do-amigo-francisco-de-ze-armando-veja-fotos\/","url":"https:\/\/portalnpm.com\/index.php\/2024\/07\/22\/confraternizacao-de-aniversario-do-amigo-francisco-de-ze-armando-veja-fotos\/","name":"Confraterniza\u00e7\u00e3o de anivers\u00e1rio do amigo Francisco de Z\u00e9 Armando; veja fotos! - Portal NPM","isPartOf":{"@id":"https:\/\/portalnpm.com\/#website"},"primaryImageOfPage":{"@id":"https:\/\/portalnpm.com\/index.php\/2024\/07\/22\/confraternizacao-de-aniversario-do-amigo-francisco-de-ze-armando-veja-fotos\/#primaryimage"},"image":{"@id":"https:\/\/portalnpm.com\/index.php\/2024\/07\/22\/confraternizacao-de-aniversario-do-amigo-francisco-de-ze-armando-veja-fotos\/#primaryimage"},"thumbnailUrl":"https:\/\/portalnpm.com\/wp-content\/uploads\/2024\/07\/GridArt_20240722_213430176-scaled.jpg","datePublished":"2024-07-23T01:57:40+00:00","dateModified":"2024-07-23T01:57:40+00:00","author":{"@id":"https:\/\/portalnpm.com\/#\/schema\/person\/5c8006acdf71774cd4e7a5ab98482152"},"breadcrumb":{"@id":"https:\/\/portalnpm.com\/index.php\/2024\/07\/22\/confraternizacao-de-aniversario-do-amigo-francisco-de-ze-armando-veja-fotos\/#breadcrumb"},"inLanguage":"pt-BR","potentialAction":[{"@type":"ReadAction","target":["https:\/\/portalnpm.com\/index.php\/2024\/07\/22\/confraternizacao-de-aniversario-do-amigo-francisco-de-ze-armando-veja-fotos\/"]}]},{"@type":"ImageObject","inLanguage":"pt-BR","@id":"https:\/\/portalnpm.com\/index.php\/2024\/07\/22\/confraternizacao-de-aniversario-do-amigo-francisco-de-ze-armando-veja-fotos\/#primaryimage","url":"https:\/\/portalnpm.com\/wp-content\/uploads\/2024\/07\/GridArt_20240722_213430176-scaled.jpg","contentUrl":"https:\/\/portalnpm.com\/wp-content\/uploads\/2024\/07\/GridArt_20240722_213430176-scaled.jpg","width":2560,"height":1707},{"@type":"BreadcrumbList","@id":"https:\/\/portalnpm.com\/index.php\/2024\/07\/22\/confraternizacao-de-aniversario-do-amigo-francisco-de-ze-armando-veja-fotos\/#breadcrumb","itemListElement":[{"@type":"ListItem","position":1,"name":"In\u00edcio","item":"https:\/\/portalnpm.com\/"},{"@type":"ListItem","position":2,"name":"Confraterniza\u00e7\u00e3o de anivers\u00e1rio do amigo Francisco de Z\u00e9 Armando; veja fotos!"}]},{"@type":"WebSite","@id":"https:\/\/portalnpm.com\/#website","url":"https:\/\/portalnpm.com\/","name":"Portal NPM","description":"Not\u00edcias em Primeira M\u00e3o","potentialAction":[{"@type":"SearchAction","target":{"@type":"EntryPoint","urlTemplate":"https:\/\/portalnpm.com\/?s={search_term_string}"},"query-input":"required name=search_term_string"}],"inLanguage":"pt-BR"},{"@type":"Person","@id":"https:\/\/portalnpm.com\/#\/schema\/person\/5c8006acdf71774cd4e7a5ab98482152","name":"Luis Alberto","image":{"@type":"ImageObject","inLanguage":"pt-BR","@id":"https:\/\/portalnpm.com\/#\/schema\/person\/image\/","url":"https:\/\/portalnpm.com\/wp-content\/uploads\/2024\/12\/avatar_user_3_1734699769-96x96.jpeg","contentUrl":"https:\/\/portalnpm.com\/wp-content\/uploads\/2024\/12\/avatar_user_3_1734699769-96x96.jpeg","caption":"Luis Alberto"},"description":"Editor-geral do Portal NPM, \u00e9 formado como T\u00e9cnico em Seguran\u00e7a do Trabalho pela Escola Metropolitana de Cursos T\u00e9cnicos. Det\u00e9m ainda licenciatura em Educa\u00e7\u00e3o F\u00edsica e bacharelado em Ci\u00eancias Pol\u00edticas, ambos obtidos pela institui\u00e7\u00e3o Anhanguera\/UNOPAR.","url":"https:\/\/portalnpm.com\/index.php\/author\/pereira\/"}]}},"jetpack_sharing_enabled":true,"jetpack_featured_media_url":"https:\/\/portalnpm.com\/wp-content\/uploads\/2024\/07\/GridArt_20240722_213430176-scaled.jpg","_links":{"self":[{"href":"https:\/\/portalnpm.com\/index.php\/wp-json\/wp\/v2\/posts\/74427"}],"collection":[{"href":"https:\/\/portalnpm.com\/index.php\/wp-json\/wp\/v2\/posts"}],"about":[{"href":"https:\/\/portalnpm.com\/index.php\/wp-json\/wp\/v2\/types\/post"}],"author":[{"embeddable":true,"href":"https:\/\/portalnpm.com\/index.php\/wp-json\/wp\/v2\/users\/3"}],"replies":[{"embeddable":true,"href":"https:\/\/portalnpm.com\/index.php\/wp-json\/wp\/v2\/comments?post=74427"}],"version-history":[{"count":1,"href":"https:\/\/portalnpm.com\/index.php\/wp-json\/wp\/v2\/posts\/74427\/revisions"}],"predecessor-version":[{"id":74438,"href":"https:\/\/portalnpm.com\/index.php\/wp-json\/wp\/v2\/posts\/74427\/revisions\/74438"}],"wp:featuredmedia":[{"embeddable":true,"href":"https:\/\/portalnpm.com\/index.php\/wp-json\/wp\/v2\/media\/74433"}],"wp:attachment":[{"href":"https:\/\/portalnpm.com\/index.php\/wp-json\/wp\/v2\/media?parent=74427"}],"wp:term":[{"taxonomy":"category","embeddable":true,"href":"https:\/\/portalnpm.com\/index.php\/wp-json\/wp\/v2\/categories?post=74427"},{"taxonomy":"post_tag","embeddable":true,"href":"https:\/\/portalnpm.com\/index.php\/wp-json\/wp\/v2\/tags?post=74427"}],"curies":[{"name":"wp","href":"https:\/\/api.w.org\/{rel}","templated":true}]}}