{"id":75420,"date":"2024-08-03T14:55:05","date_gmt":"2024-08-03T17:55:05","guid":{"rendered":"https:\/\/portalnpm.com\/?p=75420"},"modified":"2024-08-03T15:00:07","modified_gmt":"2024-08-03T18:00:07","slug":"em-padre-marcos-convencao-do-mdb-e-progressistas-homologara-hoje-geraldo-reis-e-deusimar-candidatos-a-prefeito-e-vice-respectivamente-veja","status":"publish","type":"post","link":"https:\/\/portalnpm.com\/index.php\/2024\/08\/03\/em-padre-marcos-convencao-do-mdb-e-progressistas-homologara-hoje-geraldo-reis-e-deusimar-candidatos-a-prefeito-e-vice-respectivamente-veja\/","title":{"rendered":"Em Padre Marcos, Conven\u00e7\u00e3o do MDB e Progressistas homologar\u00e1 (hoje) Geraldo Reis e Deusimar, candidatos a prefeito e vice, respectivamente; veja!"},"content":{"rendered":"<p>Os partidos MDB e Progressistas da cidade de Padre Marcos &#8211; PI, realizar\u00e3o hoje (03\/08), as suas respectivas Conven\u00e7\u00f5es municipais, ocasi\u00e3o onde ser\u00e1 homologadas \u00e0s candidatura de Geraldo Reis (MDB), para prefeito e Deusimar (Progressistas), vice-prefeito.<\/p>\n<p><img fetchpriority=\"high\" decoding=\"async\" class=\"alignnone wp-image-75422 size-large\" src=\"https:\/\/portalnpm.com\/wp-content\/uploads\/2024\/08\/IMG-20240801-WA09071-819x1024.jpg\" alt=\"\" width=\"819\" height=\"1024\" srcset=\"https:\/\/portalnpm.com\/wp-content\/uploads\/2024\/08\/IMG-20240801-WA09071-819x1024.jpg 819w, https:\/\/portalnpm.com\/wp-content\/uploads\/2024\/08\/IMG-20240801-WA09071-240x300.jpg 240w, https:\/\/portalnpm.com\/wp-content\/uploads\/2024\/08\/IMG-20240801-WA09071-768x960.jpg 768w, https:\/\/portalnpm.com\/wp-content\/uploads\/2024\/08\/IMG-20240801-WA09071.jpg 1024w\" sizes=\"(max-width: 819px) 100vw, 819px\" \/><\/p>\n<p>A conven\u00e7\u00e3o homologar\u00e1 tamb\u00e9m sete candidatos a vereadores, todos pelo MDB. S\u00e3o eles:<br \/>\nZ\u00e9 Melado<br \/>\nGG Macedo<br \/>\nZ\u00e9 da Barragem<br \/>\nFabim<br \/>\nSandoval<br \/>\nLora de Z\u00e9 Divino<br \/>\nMarciana<\/p>\n<p>Geraldo Reis \u00e9 farmac\u00eautico na cidade de Padre Marcos e disputar\u00e1 a sua primeira elei\u00e7\u00e3o. Deusimar \u00e9 agricultor, apicultor e j\u00e1 disputou um mandato de vereador. \u00c9 morador do povoado Riacho do Padre.<\/p>\n<p>O evento acontecer\u00e1 a partir das 17h30min, na C\u00e2mara Municipal de Vereadores de Padre Marcos, onde reuniar\u00e1 filiados e simpatizantes dos respectivos partidos.<\/p>\n","protected":false},"excerpt":{"rendered":"<p>Os partidos MDB e Progressistas da cidade de Padre Marcos &#8211; PI, realizar\u00e3o hoje (03\/08), as suas respectivas Conven\u00e7\u00f5es municipais, ocasi\u00e3o onde ser\u00e1 homologadas \u00e0s candidatura de Geraldo Reis (MDB), para prefeito e Deusimar (Progressistas), vice-prefeito. A conven\u00e7\u00e3o homologar\u00e1 tamb\u00e9m sete candidatos a vereadores, todos pelo MDB. S\u00e3o eles: Z\u00e9 Melado GG Macedo Z\u00e9 da &hellip;<\/p>\n","protected":false},"author":3,"featured_media":75424,"comment_status":"open","ping_status":"open","sticky":false,"template":"","format":"standard","meta":{"content-type":"","rop_custom_images_group":[],"rop_custom_messages_group":[],"rop_publish_now":"yes","rop_publish_now_accounts":{"facebook_2648258775420054_1618374048415101":""},"rop_publish_now_history":[],"rop_publish_now_status":"pending","footnotes":"","_jetpack_memberships_contains_paid_content":false},"categories":[113,109,4094],"tags":[523,5989,15875,855,13430,1811,6471,4196,1265,397,135,1374,7242,15876,842,476],"yoast_head":"<!-- This site is optimized with the Yoast SEO plugin v22.3 - https:\/\/yoast.com\/wordpress\/plugins\/seo\/ -->\n<title>Em Padre Marcos, Conven\u00e7\u00e3o do MDB e Progressistas homologar\u00e1 (hoje) Geraldo Reis e Deusimar, candidatos a prefeito e vice, respectivamente; veja! - Portal NPM<\/title>\n<meta name=\"robots\" content=\"index, follow, max-snippet:-1, max-image-preview:large, max-video-preview:-1\" \/>\n<link rel=\"canonical\" href=\"https:\/\/portalnpm.com\/index.php\/2024\/08\/03\/em-padre-marcos-convencao-do-mdb-e-progressistas-homologara-hoje-geraldo-reis-e-deusimar-candidatos-a-prefeito-e-vice-respectivamente-veja\/\" \/>\n<meta property=\"og:locale\" content=\"pt_BR\" \/>\n<meta property=\"og:type\" content=\"article\" \/>\n<meta property=\"og:title\" content=\"Em Padre Marcos, Conven\u00e7\u00e3o do MDB e Progressistas homologar\u00e1 (hoje) Geraldo Reis e Deusimar, candidatos a prefeito e vice, respectivamente; veja! - Portal NPM\" \/>\n<meta property=\"og:description\" content=\"Os partidos MDB e Progressistas da cidade de Padre Marcos &#8211; PI, realizar\u00e3o hoje (03\/08), as suas respectivas Conven\u00e7\u00f5es municipais, ocasi\u00e3o onde ser\u00e1 homologadas \u00e0s candidatura de Geraldo Reis (MDB), para prefeito e Deusimar (Progressistas), vice-prefeito. A conven\u00e7\u00e3o homologar\u00e1 tamb\u00e9m sete candidatos a vereadores, todos pelo MDB. S\u00e3o eles: Z\u00e9 Melado GG Macedo Z\u00e9 da &hellip;\" \/>\n<meta property=\"og:url\" content=\"https:\/\/portalnpm.com\/index.php\/2024\/08\/03\/em-padre-marcos-convencao-do-mdb-e-progressistas-homologara-hoje-geraldo-reis-e-deusimar-candidatos-a-prefeito-e-vice-respectivamente-veja\/\" \/>\n<meta property=\"og:site_name\" content=\"Portal NPM\" \/>\n<meta property=\"article:published_time\" content=\"2024-08-03T17:55:05+00:00\" \/>\n<meta property=\"article:modified_time\" content=\"2024-08-03T18:00:07+00:00\" \/>\n<meta property=\"og:image\" content=\"https:\/\/portalnpm.com\/wp-content\/uploads\/2024\/08\/IMG-20240803-WA0414.jpg\" \/>\n\t<meta property=\"og:image:width\" content=\"1080\" \/>\n\t<meta property=\"og:image:height\" content=\"1214\" \/>\n\t<meta property=\"og:image:type\" content=\"image\/jpeg\" \/>\n<meta name=\"author\" content=\"Luis Alberto\" \/>\n<meta name=\"twitter:card\" content=\"summary_large_image\" \/>\n<meta name=\"twitter:label1\" content=\"Escrito por\" \/>\n\t<meta name=\"twitter:data1\" content=\"Luis Alberto\" \/>\n\t<meta name=\"twitter:label2\" content=\"Est. tempo de leitura\" \/>\n\t<meta name=\"twitter:data2\" content=\"2 minutos\" \/>\n<script type=\"application\/ld+json\" class=\"yoast-schema-graph\">{\"@context\":\"https:\/\/schema.org\",\"@graph\":[{\"@type\":\"WebPage\",\"@id\":\"https:\/\/portalnpm.com\/index.php\/2024\/08\/03\/em-padre-marcos-convencao-do-mdb-e-progressistas-homologara-hoje-geraldo-reis-e-deusimar-candidatos-a-prefeito-e-vice-respectivamente-veja\/\",\"url\":\"https:\/\/portalnpm.com\/index.php\/2024\/08\/03\/em-padre-marcos-convencao-do-mdb-e-progressistas-homologara-hoje-geraldo-reis-e-deusimar-candidatos-a-prefeito-e-vice-respectivamente-veja\/\",\"name\":\"Em Padre Marcos, Conven\u00e7\u00e3o do MDB e Progressistas homologar\u00e1 (hoje) Geraldo Reis e Deusimar, candidatos a prefeito e vice, respectivamente; veja! - Portal NPM\",\"isPartOf\":{\"@id\":\"https:\/\/portalnpm.com\/#website\"},\"primaryImageOfPage\":{\"@id\":\"https:\/\/portalnpm.com\/index.php\/2024\/08\/03\/em-padre-marcos-convencao-do-mdb-e-progressistas-homologara-hoje-geraldo-reis-e-deusimar-candidatos-a-prefeito-e-vice-respectivamente-veja\/#primaryimage\"},\"image\":{\"@id\":\"https:\/\/portalnpm.com\/index.php\/2024\/08\/03\/em-padre-marcos-convencao-do-mdb-e-progressistas-homologara-hoje-geraldo-reis-e-deusimar-candidatos-a-prefeito-e-vice-respectivamente-veja\/#primaryimage\"},\"thumbnailUrl\":\"https:\/\/portalnpm.com\/wp-content\/uploads\/2024\/08\/IMG-20240803-WA0414.jpg\",\"datePublished\":\"2024-08-03T17:55:05+00:00\",\"dateModified\":\"2024-08-03T18:00:07+00:00\",\"author\":{\"@id\":\"https:\/\/portalnpm.com\/#\/schema\/person\/5c8006acdf71774cd4e7a5ab98482152\"},\"breadcrumb\":{\"@id\":\"https:\/\/portalnpm.com\/index.php\/2024\/08\/03\/em-padre-marcos-convencao-do-mdb-e-progressistas-homologara-hoje-geraldo-reis-e-deusimar-candidatos-a-prefeito-e-vice-respectivamente-veja\/#breadcrumb\"},\"inLanguage\":\"pt-BR\",\"potentialAction\":[{\"@type\":\"ReadAction\",\"target\":[\"https:\/\/portalnpm.com\/index.php\/2024\/08\/03\/em-padre-marcos-convencao-do-mdb-e-progressistas-homologara-hoje-geraldo-reis-e-deusimar-candidatos-a-prefeito-e-vice-respectivamente-veja\/\"]}]},{\"@type\":\"ImageObject\",\"inLanguage\":\"pt-BR\",\"@id\":\"https:\/\/portalnpm.com\/index.php\/2024\/08\/03\/em-padre-marcos-convencao-do-mdb-e-progressistas-homologara-hoje-geraldo-reis-e-deusimar-candidatos-a-prefeito-e-vice-respectivamente-veja\/#primaryimage\",\"url\":\"https:\/\/portalnpm.com\/wp-content\/uploads\/2024\/08\/IMG-20240803-WA0414.jpg\",\"contentUrl\":\"https:\/\/portalnpm.com\/wp-content\/uploads\/2024\/08\/IMG-20240803-WA0414.jpg\",\"width\":1080,\"height\":1214},{\"@type\":\"BreadcrumbList\",\"@id\":\"https:\/\/portalnpm.com\/index.php\/2024\/08\/03\/em-padre-marcos-convencao-do-mdb-e-progressistas-homologara-hoje-geraldo-reis-e-deusimar-candidatos-a-prefeito-e-vice-respectivamente-veja\/#breadcrumb\",\"itemListElement\":[{\"@type\":\"ListItem\",\"position\":1,\"name\":\"In\u00edcio\",\"item\":\"https:\/\/portalnpm.com\/\"},{\"@type\":\"ListItem\",\"position\":2,\"name\":\"Em Padre Marcos, Conven\u00e7\u00e3o do MDB e Progressistas homologar\u00e1 (hoje) Geraldo Reis e Deusimar, candidatos a prefeito e vice, respectivamente; veja!\"}]},{\"@type\":\"WebSite\",\"@id\":\"https:\/\/portalnpm.com\/#website\",\"url\":\"https:\/\/portalnpm.com\/\",\"name\":\"Portal NPM\",\"description\":\"Not\u00edcias em Primeira M\u00e3o\",\"potentialAction\":[{\"@type\":\"SearchAction\",\"target\":{\"@type\":\"EntryPoint\",\"urlTemplate\":\"https:\/\/portalnpm.com\/?s={search_term_string}\"},\"query-input\":\"required name=search_term_string\"}],\"inLanguage\":\"pt-BR\"},{\"@type\":\"Person\",\"@id\":\"https:\/\/portalnpm.com\/#\/schema\/person\/5c8006acdf71774cd4e7a5ab98482152\",\"name\":\"Luis Alberto\",\"image\":{\"@type\":\"ImageObject\",\"inLanguage\":\"pt-BR\",\"@id\":\"https:\/\/portalnpm.com\/#\/schema\/person\/image\/\",\"url\":\"https:\/\/portalnpm.com\/wp-content\/uploads\/2024\/12\/avatar_user_3_1734699769-96x96.jpeg\",\"contentUrl\":\"https:\/\/portalnpm.com\/wp-content\/uploads\/2024\/12\/avatar_user_3_1734699769-96x96.jpeg\",\"caption\":\"Luis Alberto\"},\"description\":\"Editor-geral do Portal NPM, \u00e9 formado como T\u00e9cnico em Seguran\u00e7a do Trabalho pela Escola Metropolitana de Cursos T\u00e9cnicos. Det\u00e9m ainda licenciatura em Educa\u00e7\u00e3o F\u00edsica e bacharelado em Ci\u00eancias Pol\u00edticas, ambos obtidos pela institui\u00e7\u00e3o Anhanguera\/UNOPAR.\",\"url\":\"https:\/\/portalnpm.com\/index.php\/author\/pereira\/\"}]}<\/script>\n<!-- \/ Yoast SEO plugin. -->","yoast_head_json":{"title":"Em Padre Marcos, Conven\u00e7\u00e3o do MDB e Progressistas homologar\u00e1 (hoje) Geraldo Reis e Deusimar, candidatos a prefeito e vice, respectivamente; veja! - Portal NPM","robots":{"index":"index","follow":"follow","max-snippet":"max-snippet:-1","max-image-preview":"max-image-preview:large","max-video-preview":"max-video-preview:-1"},"canonical":"https:\/\/portalnpm.com\/index.php\/2024\/08\/03\/em-padre-marcos-convencao-do-mdb-e-progressistas-homologara-hoje-geraldo-reis-e-deusimar-candidatos-a-prefeito-e-vice-respectivamente-veja\/","og_locale":"pt_BR","og_type":"article","og_title":"Em Padre Marcos, Conven\u00e7\u00e3o do MDB e Progressistas homologar\u00e1 (hoje) Geraldo Reis e Deusimar, candidatos a prefeito e vice, respectivamente; veja! - Portal NPM","og_description":"Os partidos MDB e Progressistas da cidade de Padre Marcos &#8211; PI, realizar\u00e3o hoje (03\/08), as suas respectivas Conven\u00e7\u00f5es municipais, ocasi\u00e3o onde ser\u00e1 homologadas \u00e0s candidatura de Geraldo Reis (MDB), para prefeito e Deusimar (Progressistas), vice-prefeito. A conven\u00e7\u00e3o homologar\u00e1 tamb\u00e9m sete candidatos a vereadores, todos pelo MDB. S\u00e3o eles: Z\u00e9 Melado GG Macedo Z\u00e9 da &hellip;","og_url":"https:\/\/portalnpm.com\/index.php\/2024\/08\/03\/em-padre-marcos-convencao-do-mdb-e-progressistas-homologara-hoje-geraldo-reis-e-deusimar-candidatos-a-prefeito-e-vice-respectivamente-veja\/","og_site_name":"Portal NPM","article_published_time":"2024-08-03T17:55:05+00:00","article_modified_time":"2024-08-03T18:00:07+00:00","og_image":[{"width":1080,"height":1214,"url":"https:\/\/portalnpm.com\/wp-content\/uploads\/2024\/08\/IMG-20240803-WA0414.jpg","type":"image\/jpeg"}],"author":"Luis Alberto","twitter_card":"summary_large_image","twitter_misc":{"Escrito por":"Luis Alberto","Est. tempo de leitura":"2 minutos"},"schema":{"@context":"https:\/\/schema.org","@graph":[{"@type":"WebPage","@id":"https:\/\/portalnpm.com\/index.php\/2024\/08\/03\/em-padre-marcos-convencao-do-mdb-e-progressistas-homologara-hoje-geraldo-reis-e-deusimar-candidatos-a-prefeito-e-vice-respectivamente-veja\/","url":"https:\/\/portalnpm.com\/index.php\/2024\/08\/03\/em-padre-marcos-convencao-do-mdb-e-progressistas-homologara-hoje-geraldo-reis-e-deusimar-candidatos-a-prefeito-e-vice-respectivamente-veja\/","name":"Em Padre Marcos, Conven\u00e7\u00e3o do MDB e Progressistas homologar\u00e1 (hoje) Geraldo Reis e Deusimar, candidatos a prefeito e vice, respectivamente; veja! - Portal NPM","isPartOf":{"@id":"https:\/\/portalnpm.com\/#website"},"primaryImageOfPage":{"@id":"https:\/\/portalnpm.com\/index.php\/2024\/08\/03\/em-padre-marcos-convencao-do-mdb-e-progressistas-homologara-hoje-geraldo-reis-e-deusimar-candidatos-a-prefeito-e-vice-respectivamente-veja\/#primaryimage"},"image":{"@id":"https:\/\/portalnpm.com\/index.php\/2024\/08\/03\/em-padre-marcos-convencao-do-mdb-e-progressistas-homologara-hoje-geraldo-reis-e-deusimar-candidatos-a-prefeito-e-vice-respectivamente-veja\/#primaryimage"},"thumbnailUrl":"https:\/\/portalnpm.com\/wp-content\/uploads\/2024\/08\/IMG-20240803-WA0414.jpg","datePublished":"2024-08-03T17:55:05+00:00","dateModified":"2024-08-03T18:00:07+00:00","author":{"@id":"https:\/\/portalnpm.com\/#\/schema\/person\/5c8006acdf71774cd4e7a5ab98482152"},"breadcrumb":{"@id":"https:\/\/portalnpm.com\/index.php\/2024\/08\/03\/em-padre-marcos-convencao-do-mdb-e-progressistas-homologara-hoje-geraldo-reis-e-deusimar-candidatos-a-prefeito-e-vice-respectivamente-veja\/#breadcrumb"},"inLanguage":"pt-BR","potentialAction":[{"@type":"ReadAction","target":["https:\/\/portalnpm.com\/index.php\/2024\/08\/03\/em-padre-marcos-convencao-do-mdb-e-progressistas-homologara-hoje-geraldo-reis-e-deusimar-candidatos-a-prefeito-e-vice-respectivamente-veja\/"]}]},{"@type":"ImageObject","inLanguage":"pt-BR","@id":"https:\/\/portalnpm.com\/index.php\/2024\/08\/03\/em-padre-marcos-convencao-do-mdb-e-progressistas-homologara-hoje-geraldo-reis-e-deusimar-candidatos-a-prefeito-e-vice-respectivamente-veja\/#primaryimage","url":"https:\/\/portalnpm.com\/wp-content\/uploads\/2024\/08\/IMG-20240803-WA0414.jpg","contentUrl":"https:\/\/portalnpm.com\/wp-content\/uploads\/2024\/08\/IMG-20240803-WA0414.jpg","width":1080,"height":1214},{"@type":"BreadcrumbList","@id":"https:\/\/portalnpm.com\/index.php\/2024\/08\/03\/em-padre-marcos-convencao-do-mdb-e-progressistas-homologara-hoje-geraldo-reis-e-deusimar-candidatos-a-prefeito-e-vice-respectivamente-veja\/#breadcrumb","itemListElement":[{"@type":"ListItem","position":1,"name":"In\u00edcio","item":"https:\/\/portalnpm.com\/"},{"@type":"ListItem","position":2,"name":"Em Padre Marcos, Conven\u00e7\u00e3o do MDB e Progressistas homologar\u00e1 (hoje) Geraldo Reis e Deusimar, candidatos a prefeito e vice, respectivamente; veja!"}]},{"@type":"WebSite","@id":"https:\/\/portalnpm.com\/#website","url":"https:\/\/portalnpm.com\/","name":"Portal NPM","description":"Not\u00edcias em Primeira M\u00e3o","potentialAction":[{"@type":"SearchAction","target":{"@type":"EntryPoint","urlTemplate":"https:\/\/portalnpm.com\/?s={search_term_string}"},"query-input":"required name=search_term_string"}],"inLanguage":"pt-BR"},{"@type":"Person","@id":"https:\/\/portalnpm.com\/#\/schema\/person\/5c8006acdf71774cd4e7a5ab98482152","name":"Luis Alberto","image":{"@type":"ImageObject","inLanguage":"pt-BR","@id":"https:\/\/portalnpm.com\/#\/schema\/person\/image\/","url":"https:\/\/portalnpm.com\/wp-content\/uploads\/2024\/12\/avatar_user_3_1734699769-96x96.jpeg","contentUrl":"https:\/\/portalnpm.com\/wp-content\/uploads\/2024\/12\/avatar_user_3_1734699769-96x96.jpeg","caption":"Luis Alberto"},"description":"Editor-geral do Portal NPM, \u00e9 formado como T\u00e9cnico em Seguran\u00e7a do Trabalho pela Escola Metropolitana de Cursos T\u00e9cnicos. Det\u00e9m ainda licenciatura em Educa\u00e7\u00e3o F\u00edsica e bacharelado em Ci\u00eancias Pol\u00edticas, ambos obtidos pela institui\u00e7\u00e3o Anhanguera\/UNOPAR.","url":"https:\/\/portalnpm.com\/index.php\/author\/pereira\/"}]}},"jetpack_sharing_enabled":true,"jetpack_featured_media_url":"https:\/\/portalnpm.com\/wp-content\/uploads\/2024\/08\/IMG-20240803-WA0414.jpg","_links":{"self":[{"href":"https:\/\/portalnpm.com\/index.php\/wp-json\/wp\/v2\/posts\/75420"}],"collection":[{"href":"https:\/\/portalnpm.com\/index.php\/wp-json\/wp\/v2\/posts"}],"about":[{"href":"https:\/\/portalnpm.com\/index.php\/wp-json\/wp\/v2\/types\/post"}],"author":[{"embeddable":true,"href":"https:\/\/portalnpm.com\/index.php\/wp-json\/wp\/v2\/users\/3"}],"replies":[{"embeddable":true,"href":"https:\/\/portalnpm.com\/index.php\/wp-json\/wp\/v2\/comments?post=75420"}],"version-history":[{"count":4,"href":"https:\/\/portalnpm.com\/index.php\/wp-json\/wp\/v2\/posts\/75420\/revisions"}],"predecessor-version":[{"id":75426,"href":"https:\/\/portalnpm.com\/index.php\/wp-json\/wp\/v2\/posts\/75420\/revisions\/75426"}],"wp:featuredmedia":[{"embeddable":true,"href":"https:\/\/portalnpm.com\/index.php\/wp-json\/wp\/v2\/media\/75424"}],"wp:attachment":[{"href":"https:\/\/portalnpm.com\/index.php\/wp-json\/wp\/v2\/media?parent=75420"}],"wp:term":[{"taxonomy":"category","embeddable":true,"href":"https:\/\/portalnpm.com\/index.php\/wp-json\/wp\/v2\/categories?post=75420"},{"taxonomy":"post_tag","embeddable":true,"href":"https:\/\/portalnpm.com\/index.php\/wp-json\/wp\/v2\/tags?post=75420"}],"curies":[{"name":"wp","href":"https:\/\/api.w.org\/{rel}","templated":true}]}}