{"id":76312,"date":"2024-08-13T17:01:35","date_gmt":"2024-08-13T20:01:35","guid":{"rendered":"https:\/\/portalnpm.com\/?p=76312"},"modified":"2024-08-13T17:01:35","modified_gmt":"2024-08-13T20:01:35","slug":"sao-juliao-oposicao-registra-candidatura-de-renaldinho-e-jose-neci-alem-de-17-candidatos-a-vereadores-veja","status":"publish","type":"post","link":"https:\/\/portalnpm.com\/index.php\/2024\/08\/13\/sao-juliao-oposicao-registra-candidatura-de-renaldinho-e-jose-neci-alem-de-17-candidatos-a-vereadores-veja\/","title":{"rendered":"S\u00c3O JULI\u00c3O | Oposi\u00e7\u00e3o registra candidatura de Renaldinho e Jos\u00e9 Neci, al\u00e9m de 17 candidatos a vereadores; veja!"},"content":{"rendered":"<p>Nesta segunda-feira, 12 de agosto, o vereador licenciado <strong><em>Renaldinho Ramos (PDT)<\/em> <\/strong>registrou a sua candidatura para disputar a prefeitura de S\u00e3o Juli\u00e3o &#8211; PI nas elei\u00e7\u00f5es de 06 de outubro de 2024. A chapa composta por Renaldinho como candidato a prefeito e <strong><em>Jos\u00e9 Neci (PT)<\/em> <\/strong>como vice-prefeito foi homologada no \u00faltimo s\u00e1bado (03), durante a conven\u00e7\u00e3o partid\u00e1ria realizada.<\/p>\n<p><img fetchpriority=\"high\" decoding=\"async\" class=\"alignnone wp-image-76318 size-full\" src=\"https:\/\/portalnpm.com\/wp-content\/uploads\/2024\/08\/IMG-20240812-WA0165.jpg\" alt=\"\" width=\"978\" height=\"526\" srcset=\"https:\/\/portalnpm.com\/wp-content\/uploads\/2024\/08\/IMG-20240812-WA0165.jpg 978w, https:\/\/portalnpm.com\/wp-content\/uploads\/2024\/08\/IMG-20240812-WA0165-300x161.jpg 300w, https:\/\/portalnpm.com\/wp-content\/uploads\/2024\/08\/IMG-20240812-WA0165-768x413.jpg 768w\" sizes=\"(max-width: 978px) 100vw, 978px\" \/> <img decoding=\"async\" class=\"alignnone wp-image-76319 size-full\" src=\"https:\/\/portalnpm.com\/wp-content\/uploads\/2024\/08\/IMG-20240812-WA0166.jpg\" alt=\"\" width=\"959\" height=\"488\" srcset=\"https:\/\/portalnpm.com\/wp-content\/uploads\/2024\/08\/IMG-20240812-WA0166.jpg 959w, https:\/\/portalnpm.com\/wp-content\/uploads\/2024\/08\/IMG-20240812-WA0166-300x153.jpg 300w, https:\/\/portalnpm.com\/wp-content\/uploads\/2024\/08\/IMG-20240812-WA0166-768x391.jpg 768w\" sizes=\"(max-width: 959px) 100vw, 959px\" \/><\/p>\n<p>A coliga\u00e7\u00e3o, intitulada \u201cJuntos Para Reconstruir S\u00e3o Juli\u00e3o&#8221;, foi a segunda a formalizar sua candidatura, que re\u00fane tamb\u00e9m <strong><em>17 candidatos a vereadores<\/em><\/strong>, sendo <strong><em>09<\/em><\/strong> do <strong><em>PDT<\/em><\/strong> e <strong><em>08<\/em><\/strong> do <strong><em>PT<\/em><\/strong>, em prol de um projeto de desenvolvimento e progresso para a cidade, formada pelo PDT e a Federa\u00e7\u00e3o Brasil da Esperan\u00e7a &#8211; F\u00e9 Brasil &#8211; PT\/PCdoB\/ PV.<\/p>\n<p><strong>PDT:<\/strong><\/p>\n<p>Acelino da Regina, Guaran\u00e1, Eurimar Cezar, Davi J\u00fanior, Domingo dos Piaus, Z\u00e9 Baldu\u00edno, Professora Soraia, Jaine S\u00e1 e Francinete Santos.<\/p>\n<p><strong>PT:<\/strong><\/p>\n<p>Edisaldo Rocha, N\u00e9 Rocha, Marciel do Pared\u00e3o, Z\u00e9 do Tonho, Viviany Lima, Rosileide do Carlinhos, Irm\u00e3 Mariinha e M\u00f4nica Lima.<\/p>\n<p><img decoding=\"async\" class=\"alignnone wp-image-76320 size-full\" src=\"https:\/\/portalnpm.com\/wp-content\/uploads\/2024\/08\/IMG-20240812-WA04631.jpg\" alt=\"\" width=\"1080\" height=\"1350\" srcset=\"https:\/\/portalnpm.com\/wp-content\/uploads\/2024\/08\/IMG-20240812-WA04631.jpg 1080w, https:\/\/portalnpm.com\/wp-content\/uploads\/2024\/08\/IMG-20240812-WA04631-240x300.jpg 240w, https:\/\/portalnpm.com\/wp-content\/uploads\/2024\/08\/IMG-20240812-WA04631-819x1024.jpg 819w, https:\/\/portalnpm.com\/wp-content\/uploads\/2024\/08\/IMG-20240812-WA04631-768x960.jpg 768w\" sizes=\"(max-width: 1080px) 100vw, 1080px\" \/><\/p>\n<p>\u201c<em>Estamos prontos para enfrentar os desafios e colocar S\u00e3o Juli\u00e3o no rumo do desenvolvimento sustent\u00e1vel. Nosso compromisso \u00e9 com o povo e com o futuro da nossa cidade<\/em>,\u201d afirmou Renaldinho, que ressalta a import\u00e2ncia de uma gest\u00e3o participativa e transparente.<\/p>\n<p>Segundo a assessoria de imprensa, com o registro oficial, a coliga\u00e7\u00e3o \u201cJuntos Para Reconstruir S\u00e3o Juli\u00e3o\u201d inicia sua campanha determinada a apresentar propostas inovadoras e eficazes para melhorar a qualidade de vida dos s\u00e3o juli\u00e3oenses.<\/p>\n<p><strong>Partidos t\u00eam at\u00e9 15 de agosto para registrar candidaturas<\/strong><\/p>\n<p>O per\u00edodo de conven\u00e7\u00f5es terminou na \u00faltima segunda-feira (5), e agora, as legendas t\u00eam at\u00e9 15 de agosto para registrar as candidaturas junto \u00e0 Justi\u00e7a Eleitoral. A campanha ter\u00e1 in\u00edcio oficial no dia 16 de agosto. O primeiro turno da elei\u00e7\u00e3o est\u00e1 marcado para 6 de outubro.<\/p>\n<p><strong>DivulgaCand<\/strong><\/p>\n<p>Segundo o Tribunal Superior Eleitoral, os objetivos s\u00e3o garantir a transpar\u00eancia dos dados e ajudar na escolha dos prefeitos e vereadores nas elei\u00e7\u00f5es de outubro.<\/p>\n<p>Portanto, na p\u00e1gina \u00e9 poss\u00edvel acessar informa\u00e7\u00f5es sobre os cargos, candidaturas, atas das conven\u00e7\u00f5es partid\u00e1rias e resumos das presta\u00e7\u00f5es de contas dos partidos.<\/p>\n<p>J\u00e1 nas informa\u00e7\u00f5es individuais, \u00e9 poss\u00edvel ver a situa\u00e7\u00e3o do registro do candidato, a foto, o nome e o n\u00famero dele na urna, a rela\u00e7\u00e3o de bens e as certid\u00f5es criminais. As propostas de governo dos candidatos ao cargo de prefeito tamb\u00e9m est\u00e3o no sistema do TSE.<\/p>\n<p>Renaldinho exerce o quarto mandato consecutivo de vereador, eleito nas elei\u00e7\u00f5es de 2008 e reeleito em 2012, 2016 e 2020, sendo o mais bem votado nas duas \u00faltimas. Jos\u00e9 Neci foi vereador por tr\u00eas mandatos, eleito em 1996 e reeleito em 2000 e 2004. Em 2008, foi eleito prefeito de S\u00e3o Juli\u00e3o e reeleito em 2012.<\/p>\n","protected":false},"excerpt":{"rendered":"<p>Nesta segunda-feira, 12 de agosto, o vereador licenciado Renaldinho Ramos (PDT) registrou a sua candidatura para disputar a prefeitura de S\u00e3o Juli\u00e3o &#8211; PI nas elei\u00e7\u00f5es de 06 de outubro de 2024. A chapa composta por Renaldinho como candidato a prefeito e Jos\u00e9 Neci (PT) como vice-prefeito foi homologada no \u00faltimo s\u00e1bado (03), durante a &hellip;<\/p>\n","protected":false},"author":3,"featured_media":76323,"comment_status":"open","ping_status":"open","sticky":false,"template":"","format":"standard","meta":{"content-type":"","rop_custom_images_group":[],"rop_custom_messages_group":[],"rop_publish_now":"yes","rop_publish_now_accounts":{"facebook_2648258775420054_1618374048415101":""},"rop_publish_now_history":[],"rop_publish_now_status":"pending","footnotes":"","_jetpack_memberships_contains_paid_content":false},"categories":[113,109,3998],"tags":[4702,12271,523,539,230,4150,1197,4151,176,540,2984,1196,842,3337],"yoast_head":"<!-- This site is optimized with the Yoast SEO plugin v22.3 - https:\/\/yoast.com\/wordpress\/plugins\/seo\/ -->\n<title>S\u00c3O JULI\u00c3O | Oposi\u00e7\u00e3o registra candidatura de Renaldinho e Jos\u00e9 Neci, al\u00e9m de 17 candidatos a vereadores; veja! - Portal NPM<\/title>\n<meta name=\"robots\" content=\"index, follow, max-snippet:-1, max-image-preview:large, max-video-preview:-1\" \/>\n<link rel=\"canonical\" href=\"https:\/\/portalnpm.com\/index.php\/2024\/08\/13\/sao-juliao-oposicao-registra-candidatura-de-renaldinho-e-jose-neci-alem-de-17-candidatos-a-vereadores-veja\/\" \/>\n<meta property=\"og:locale\" content=\"pt_BR\" \/>\n<meta property=\"og:type\" content=\"article\" \/>\n<meta property=\"og:title\" content=\"S\u00c3O JULI\u00c3O | Oposi\u00e7\u00e3o registra candidatura de Renaldinho e Jos\u00e9 Neci, al\u00e9m de 17 candidatos a vereadores; veja! - Portal NPM\" \/>\n<meta property=\"og:description\" content=\"Nesta segunda-feira, 12 de agosto, o vereador licenciado Renaldinho Ramos (PDT) registrou a sua candidatura para disputar a prefeitura de S\u00e3o Juli\u00e3o &#8211; PI nas elei\u00e7\u00f5es de 06 de outubro de 2024. A chapa composta por Renaldinho como candidato a prefeito e Jos\u00e9 Neci (PT) como vice-prefeito foi homologada no \u00faltimo s\u00e1bado (03), durante a &hellip;\" \/>\n<meta property=\"og:url\" content=\"https:\/\/portalnpm.com\/index.php\/2024\/08\/13\/sao-juliao-oposicao-registra-candidatura-de-renaldinho-e-jose-neci-alem-de-17-candidatos-a-vereadores-veja\/\" \/>\n<meta property=\"og:site_name\" content=\"Portal NPM\" \/>\n<meta property=\"article:published_time\" content=\"2024-08-13T20:01:35+00:00\" \/>\n<meta property=\"og:image\" content=\"https:\/\/portalnpm.com\/wp-content\/uploads\/2024\/08\/IMG-20240813-WA0386.jpg\" \/>\n\t<meta property=\"og:image:width\" content=\"1080\" \/>\n\t<meta property=\"og:image:height\" content=\"1021\" \/>\n\t<meta property=\"og:image:type\" content=\"image\/jpeg\" \/>\n<meta name=\"author\" content=\"Luis Alberto\" \/>\n<meta name=\"twitter:card\" content=\"summary_large_image\" \/>\n<meta name=\"twitter:label1\" content=\"Escrito por\" \/>\n\t<meta name=\"twitter:data1\" content=\"Luis Alberto\" \/>\n\t<meta name=\"twitter:label2\" content=\"Est. tempo de leitura\" \/>\n\t<meta name=\"twitter:data2\" content=\"4 minutos\" \/>\n<script type=\"application\/ld+json\" class=\"yoast-schema-graph\">{\"@context\":\"https:\/\/schema.org\",\"@graph\":[{\"@type\":\"WebPage\",\"@id\":\"https:\/\/portalnpm.com\/index.php\/2024\/08\/13\/sao-juliao-oposicao-registra-candidatura-de-renaldinho-e-jose-neci-alem-de-17-candidatos-a-vereadores-veja\/\",\"url\":\"https:\/\/portalnpm.com\/index.php\/2024\/08\/13\/sao-juliao-oposicao-registra-candidatura-de-renaldinho-e-jose-neci-alem-de-17-candidatos-a-vereadores-veja\/\",\"name\":\"S\u00c3O JULI\u00c3O | Oposi\u00e7\u00e3o registra candidatura de Renaldinho e Jos\u00e9 Neci, al\u00e9m de 17 candidatos a vereadores; veja! - Portal NPM\",\"isPartOf\":{\"@id\":\"https:\/\/portalnpm.com\/#website\"},\"primaryImageOfPage\":{\"@id\":\"https:\/\/portalnpm.com\/index.php\/2024\/08\/13\/sao-juliao-oposicao-registra-candidatura-de-renaldinho-e-jose-neci-alem-de-17-candidatos-a-vereadores-veja\/#primaryimage\"},\"image\":{\"@id\":\"https:\/\/portalnpm.com\/index.php\/2024\/08\/13\/sao-juliao-oposicao-registra-candidatura-de-renaldinho-e-jose-neci-alem-de-17-candidatos-a-vereadores-veja\/#primaryimage\"},\"thumbnailUrl\":\"https:\/\/portalnpm.com\/wp-content\/uploads\/2024\/08\/IMG-20240813-WA0386.jpg\",\"datePublished\":\"2024-08-13T20:01:35+00:00\",\"dateModified\":\"2024-08-13T20:01:35+00:00\",\"author\":{\"@id\":\"https:\/\/portalnpm.com\/#\/schema\/person\/5c8006acdf71774cd4e7a5ab98482152\"},\"breadcrumb\":{\"@id\":\"https:\/\/portalnpm.com\/index.php\/2024\/08\/13\/sao-juliao-oposicao-registra-candidatura-de-renaldinho-e-jose-neci-alem-de-17-candidatos-a-vereadores-veja\/#breadcrumb\"},\"inLanguage\":\"pt-BR\",\"potentialAction\":[{\"@type\":\"ReadAction\",\"target\":[\"https:\/\/portalnpm.com\/index.php\/2024\/08\/13\/sao-juliao-oposicao-registra-candidatura-de-renaldinho-e-jose-neci-alem-de-17-candidatos-a-vereadores-veja\/\"]}]},{\"@type\":\"ImageObject\",\"inLanguage\":\"pt-BR\",\"@id\":\"https:\/\/portalnpm.com\/index.php\/2024\/08\/13\/sao-juliao-oposicao-registra-candidatura-de-renaldinho-e-jose-neci-alem-de-17-candidatos-a-vereadores-veja\/#primaryimage\",\"url\":\"https:\/\/portalnpm.com\/wp-content\/uploads\/2024\/08\/IMG-20240813-WA0386.jpg\",\"contentUrl\":\"https:\/\/portalnpm.com\/wp-content\/uploads\/2024\/08\/IMG-20240813-WA0386.jpg\",\"width\":1080,\"height\":1021},{\"@type\":\"BreadcrumbList\",\"@id\":\"https:\/\/portalnpm.com\/index.php\/2024\/08\/13\/sao-juliao-oposicao-registra-candidatura-de-renaldinho-e-jose-neci-alem-de-17-candidatos-a-vereadores-veja\/#breadcrumb\",\"itemListElement\":[{\"@type\":\"ListItem\",\"position\":1,\"name\":\"In\u00edcio\",\"item\":\"https:\/\/portalnpm.com\/\"},{\"@type\":\"ListItem\",\"position\":2,\"name\":\"S\u00c3O JULI\u00c3O | Oposi\u00e7\u00e3o registra candidatura de Renaldinho e Jos\u00e9 Neci, al\u00e9m de 17 candidatos a vereadores; veja!\"}]},{\"@type\":\"WebSite\",\"@id\":\"https:\/\/portalnpm.com\/#website\",\"url\":\"https:\/\/portalnpm.com\/\",\"name\":\"Portal NPM\",\"description\":\"Not\u00edcias em Primeira M\u00e3o\",\"potentialAction\":[{\"@type\":\"SearchAction\",\"target\":{\"@type\":\"EntryPoint\",\"urlTemplate\":\"https:\/\/portalnpm.com\/?s={search_term_string}\"},\"query-input\":\"required name=search_term_string\"}],\"inLanguage\":\"pt-BR\"},{\"@type\":\"Person\",\"@id\":\"https:\/\/portalnpm.com\/#\/schema\/person\/5c8006acdf71774cd4e7a5ab98482152\",\"name\":\"Luis Alberto\",\"image\":{\"@type\":\"ImageObject\",\"inLanguage\":\"pt-BR\",\"@id\":\"https:\/\/portalnpm.com\/#\/schema\/person\/image\/\",\"url\":\"https:\/\/portalnpm.com\/wp-content\/uploads\/2024\/12\/avatar_user_3_1734699769-96x96.jpeg\",\"contentUrl\":\"https:\/\/portalnpm.com\/wp-content\/uploads\/2024\/12\/avatar_user_3_1734699769-96x96.jpeg\",\"caption\":\"Luis Alberto\"},\"description\":\"Editor-geral do Portal NPM, \u00e9 formado como T\u00e9cnico em Seguran\u00e7a do Trabalho pela Escola Metropolitana de Cursos T\u00e9cnicos. Det\u00e9m ainda licenciatura em Educa\u00e7\u00e3o F\u00edsica e bacharelado em Ci\u00eancias Pol\u00edticas, ambos obtidos pela institui\u00e7\u00e3o Anhanguera\/UNOPAR.\",\"url\":\"https:\/\/portalnpm.com\/index.php\/author\/pereira\/\"}]}<\/script>\n<!-- \/ Yoast SEO plugin. -->","yoast_head_json":{"title":"S\u00c3O JULI\u00c3O | Oposi\u00e7\u00e3o registra candidatura de Renaldinho e Jos\u00e9 Neci, al\u00e9m de 17 candidatos a vereadores; veja! - Portal NPM","robots":{"index":"index","follow":"follow","max-snippet":"max-snippet:-1","max-image-preview":"max-image-preview:large","max-video-preview":"max-video-preview:-1"},"canonical":"https:\/\/portalnpm.com\/index.php\/2024\/08\/13\/sao-juliao-oposicao-registra-candidatura-de-renaldinho-e-jose-neci-alem-de-17-candidatos-a-vereadores-veja\/","og_locale":"pt_BR","og_type":"article","og_title":"S\u00c3O JULI\u00c3O | Oposi\u00e7\u00e3o registra candidatura de Renaldinho e Jos\u00e9 Neci, al\u00e9m de 17 candidatos a vereadores; veja! - Portal NPM","og_description":"Nesta segunda-feira, 12 de agosto, o vereador licenciado Renaldinho Ramos (PDT) registrou a sua candidatura para disputar a prefeitura de S\u00e3o Juli\u00e3o &#8211; PI nas elei\u00e7\u00f5es de 06 de outubro de 2024. A chapa composta por Renaldinho como candidato a prefeito e Jos\u00e9 Neci (PT) como vice-prefeito foi homologada no \u00faltimo s\u00e1bado (03), durante a &hellip;","og_url":"https:\/\/portalnpm.com\/index.php\/2024\/08\/13\/sao-juliao-oposicao-registra-candidatura-de-renaldinho-e-jose-neci-alem-de-17-candidatos-a-vereadores-veja\/","og_site_name":"Portal NPM","article_published_time":"2024-08-13T20:01:35+00:00","og_image":[{"width":1080,"height":1021,"url":"https:\/\/portalnpm.com\/wp-content\/uploads\/2024\/08\/IMG-20240813-WA0386.jpg","type":"image\/jpeg"}],"author":"Luis Alberto","twitter_card":"summary_large_image","twitter_misc":{"Escrito por":"Luis Alberto","Est. tempo de leitura":"4 minutos"},"schema":{"@context":"https:\/\/schema.org","@graph":[{"@type":"WebPage","@id":"https:\/\/portalnpm.com\/index.php\/2024\/08\/13\/sao-juliao-oposicao-registra-candidatura-de-renaldinho-e-jose-neci-alem-de-17-candidatos-a-vereadores-veja\/","url":"https:\/\/portalnpm.com\/index.php\/2024\/08\/13\/sao-juliao-oposicao-registra-candidatura-de-renaldinho-e-jose-neci-alem-de-17-candidatos-a-vereadores-veja\/","name":"S\u00c3O JULI\u00c3O | Oposi\u00e7\u00e3o registra candidatura de Renaldinho e Jos\u00e9 Neci, al\u00e9m de 17 candidatos a vereadores; veja! - Portal NPM","isPartOf":{"@id":"https:\/\/portalnpm.com\/#website"},"primaryImageOfPage":{"@id":"https:\/\/portalnpm.com\/index.php\/2024\/08\/13\/sao-juliao-oposicao-registra-candidatura-de-renaldinho-e-jose-neci-alem-de-17-candidatos-a-vereadores-veja\/#primaryimage"},"image":{"@id":"https:\/\/portalnpm.com\/index.php\/2024\/08\/13\/sao-juliao-oposicao-registra-candidatura-de-renaldinho-e-jose-neci-alem-de-17-candidatos-a-vereadores-veja\/#primaryimage"},"thumbnailUrl":"https:\/\/portalnpm.com\/wp-content\/uploads\/2024\/08\/IMG-20240813-WA0386.jpg","datePublished":"2024-08-13T20:01:35+00:00","dateModified":"2024-08-13T20:01:35+00:00","author":{"@id":"https:\/\/portalnpm.com\/#\/schema\/person\/5c8006acdf71774cd4e7a5ab98482152"},"breadcrumb":{"@id":"https:\/\/portalnpm.com\/index.php\/2024\/08\/13\/sao-juliao-oposicao-registra-candidatura-de-renaldinho-e-jose-neci-alem-de-17-candidatos-a-vereadores-veja\/#breadcrumb"},"inLanguage":"pt-BR","potentialAction":[{"@type":"ReadAction","target":["https:\/\/portalnpm.com\/index.php\/2024\/08\/13\/sao-juliao-oposicao-registra-candidatura-de-renaldinho-e-jose-neci-alem-de-17-candidatos-a-vereadores-veja\/"]}]},{"@type":"ImageObject","inLanguage":"pt-BR","@id":"https:\/\/portalnpm.com\/index.php\/2024\/08\/13\/sao-juliao-oposicao-registra-candidatura-de-renaldinho-e-jose-neci-alem-de-17-candidatos-a-vereadores-veja\/#primaryimage","url":"https:\/\/portalnpm.com\/wp-content\/uploads\/2024\/08\/IMG-20240813-WA0386.jpg","contentUrl":"https:\/\/portalnpm.com\/wp-content\/uploads\/2024\/08\/IMG-20240813-WA0386.jpg","width":1080,"height":1021},{"@type":"BreadcrumbList","@id":"https:\/\/portalnpm.com\/index.php\/2024\/08\/13\/sao-juliao-oposicao-registra-candidatura-de-renaldinho-e-jose-neci-alem-de-17-candidatos-a-vereadores-veja\/#breadcrumb","itemListElement":[{"@type":"ListItem","position":1,"name":"In\u00edcio","item":"https:\/\/portalnpm.com\/"},{"@type":"ListItem","position":2,"name":"S\u00c3O JULI\u00c3O | Oposi\u00e7\u00e3o registra candidatura de Renaldinho e Jos\u00e9 Neci, al\u00e9m de 17 candidatos a vereadores; veja!"}]},{"@type":"WebSite","@id":"https:\/\/portalnpm.com\/#website","url":"https:\/\/portalnpm.com\/","name":"Portal NPM","description":"Not\u00edcias em Primeira M\u00e3o","potentialAction":[{"@type":"SearchAction","target":{"@type":"EntryPoint","urlTemplate":"https:\/\/portalnpm.com\/?s={search_term_string}"},"query-input":"required name=search_term_string"}],"inLanguage":"pt-BR"},{"@type":"Person","@id":"https:\/\/portalnpm.com\/#\/schema\/person\/5c8006acdf71774cd4e7a5ab98482152","name":"Luis Alberto","image":{"@type":"ImageObject","inLanguage":"pt-BR","@id":"https:\/\/portalnpm.com\/#\/schema\/person\/image\/","url":"https:\/\/portalnpm.com\/wp-content\/uploads\/2024\/12\/avatar_user_3_1734699769-96x96.jpeg","contentUrl":"https:\/\/portalnpm.com\/wp-content\/uploads\/2024\/12\/avatar_user_3_1734699769-96x96.jpeg","caption":"Luis Alberto"},"description":"Editor-geral do Portal NPM, \u00e9 formado como T\u00e9cnico em Seguran\u00e7a do Trabalho pela Escola Metropolitana de Cursos T\u00e9cnicos. Det\u00e9m ainda licenciatura em Educa\u00e7\u00e3o F\u00edsica e bacharelado em Ci\u00eancias Pol\u00edticas, ambos obtidos pela institui\u00e7\u00e3o Anhanguera\/UNOPAR.","url":"https:\/\/portalnpm.com\/index.php\/author\/pereira\/"}]}},"jetpack_sharing_enabled":true,"jetpack_featured_media_url":"https:\/\/portalnpm.com\/wp-content\/uploads\/2024\/08\/IMG-20240813-WA0386.jpg","_links":{"self":[{"href":"https:\/\/portalnpm.com\/index.php\/wp-json\/wp\/v2\/posts\/76312"}],"collection":[{"href":"https:\/\/portalnpm.com\/index.php\/wp-json\/wp\/v2\/posts"}],"about":[{"href":"https:\/\/portalnpm.com\/index.php\/wp-json\/wp\/v2\/types\/post"}],"author":[{"embeddable":true,"href":"https:\/\/portalnpm.com\/index.php\/wp-json\/wp\/v2\/users\/3"}],"replies":[{"embeddable":true,"href":"https:\/\/portalnpm.com\/index.php\/wp-json\/wp\/v2\/comments?post=76312"}],"version-history":[{"count":3,"href":"https:\/\/portalnpm.com\/index.php\/wp-json\/wp\/v2\/posts\/76312\/revisions"}],"predecessor-version":[{"id":76322,"href":"https:\/\/portalnpm.com\/index.php\/wp-json\/wp\/v2\/posts\/76312\/revisions\/76322"}],"wp:featuredmedia":[{"embeddable":true,"href":"https:\/\/portalnpm.com\/index.php\/wp-json\/wp\/v2\/media\/76323"}],"wp:attachment":[{"href":"https:\/\/portalnpm.com\/index.php\/wp-json\/wp\/v2\/media?parent=76312"}],"wp:term":[{"taxonomy":"category","embeddable":true,"href":"https:\/\/portalnpm.com\/index.php\/wp-json\/wp\/v2\/categories?post=76312"},{"taxonomy":"post_tag","embeddable":true,"href":"https:\/\/portalnpm.com\/index.php\/wp-json\/wp\/v2\/tags?post=76312"}],"curies":[{"name":"wp","href":"https:\/\/api.w.org\/{rel}","templated":true}]}}