{"id":76440,"date":"2024-08-20T23:37:00","date_gmt":"2024-08-21T02:37:00","guid":{"rendered":"https:\/\/portalnpm.com\/?p=76440"},"modified":"2024-08-20T23:37:00","modified_gmt":"2024-08-21T02:37:00","slug":"conheca-o-vereador-eurimar-cezar-e-candidato-a-reeleicao-pelo-pdt-de-sao-juliao","status":"publish","type":"post","link":"https:\/\/portalnpm.com\/index.php\/2024\/08\/20\/conheca-o-vereador-eurimar-cezar-e-candidato-a-reeleicao-pelo-pdt-de-sao-juliao\/","title":{"rendered":"Conhe\u00e7a o vereador Eurimar C\u00e9zar e candidato \u00e0 reelei\u00e7\u00e3o pelo PDT de S\u00e3o Juli\u00e3o"},"content":{"rendered":"<p>Visando o processo pol\u00edtico-eleitoral de 06 de outubro em S\u00e3o Juli\u00e3o, Piau\u00ed, o <strong>Portal NPM<\/strong> inicia uma s\u00e9rie de mat\u00e9rias onde iremos apresentar os postulantes ao legislativo local.<\/p>\n<p><img fetchpriority=\"high\" decoding=\"async\" class=\"alignnone wp-image-76443 size-large\" src=\"https:\/\/portalnpm.com\/wp-content\/uploads\/2024\/08\/IMG-20240820-WA1492-576x1024.jpg\" alt=\"\" width=\"576\" height=\"1024\" srcset=\"https:\/\/portalnpm.com\/wp-content\/uploads\/2024\/08\/IMG-20240820-WA1492-576x1024.jpg 576w, https:\/\/portalnpm.com\/wp-content\/uploads\/2024\/08\/IMG-20240820-WA1492-169x300.jpg 169w, https:\/\/portalnpm.com\/wp-content\/uploads\/2024\/08\/IMG-20240820-WA1492-768x1365.jpg 768w, https:\/\/portalnpm.com\/wp-content\/uploads\/2024\/08\/IMG-20240820-WA1492-864x1536.jpg 864w, https:\/\/portalnpm.com\/wp-content\/uploads\/2024\/08\/IMG-20240820-WA1492.jpg 900w\" sizes=\"(max-width: 576px) 100vw, 576px\" \/><\/p>\n<p>O vereador Eurimar C\u00e9zar (PDT), que ocupa atualmente um assento no legislativo local, ap\u00f3s a licen\u00e7a do titular Renaldinho, ir\u00e1 disputar novamente uma vaga no poder legislativo municipal.<\/p>\n<p>Em conversa com a nossa reda\u00e7\u00e3o, o parlamentar destacou a sua trajet\u00f3ria e ressaltou o desejo de buscar a reelei\u00e7\u00e3o.<\/p>\n<p>&#8220;<em>Sou Eurimar C\u00e9zar Lima, colaborador do trecho, atualmente ocupa o cargo de vereador na C\u00e2mara Legislativa de S\u00e3o Juli\u00e3o e sou novamente candidato a vereador pela segunda vez. Sou casado com Gildmaura Rodrigues de Brito e pai de Carlos C\u00e9zar Rodrigues Lima, sou filho de Elza Lima e Amadeus C\u00e9zar. Minha m\u00e3e \u00e9 muito conhecida aqui em S\u00e3o Juli\u00e3o e meu pai \u00e9 alagoano, mas tamb\u00e9m muitas pessoas o conhecem, principalmente as mais velhas. Venho aqui novamente colocando meu nome \u00e0 disposi\u00e7\u00e3o como candidato a vereador para que junto com o nosso candidato a prefeito Renaldinho e nosso candidato a vice-prefeito Jos\u00e9 Neci e os demais vereadores que comp\u00f5em a nossa coliga\u00e7\u00e3o, para trabalharmos por um S\u00e3o Juli\u00e3o melhor e mais justo<\/em>&#8220;, disse Eurimar.<\/p>\n<figure id=\"attachment_76297\" aria-describedby=\"caption-attachment-76297\" style=\"width: 2560px\" class=\"wp-caption alignnone\"><img decoding=\"async\" class=\"wp-image-76297 size-full\" src=\"https:\/\/portalnpm.com\/wp-content\/uploads\/2024\/08\/GridArt_20240809_231125641-scaled.jpg\" alt=\"\" width=\"2560\" height=\"1706\" srcset=\"https:\/\/portalnpm.com\/wp-content\/uploads\/2024\/08\/GridArt_20240809_231125641-scaled.jpg 2560w, https:\/\/portalnpm.com\/wp-content\/uploads\/2024\/08\/GridArt_20240809_231125641-300x200.jpg 300w, https:\/\/portalnpm.com\/wp-content\/uploads\/2024\/08\/GridArt_20240809_231125641-1024x683.jpg 1024w, https:\/\/portalnpm.com\/wp-content\/uploads\/2024\/08\/GridArt_20240809_231125641-768x512.jpg 768w, https:\/\/portalnpm.com\/wp-content\/uploads\/2024\/08\/GridArt_20240809_231125641-1536x1024.jpg 1536w, https:\/\/portalnpm.com\/wp-content\/uploads\/2024\/08\/GridArt_20240809_231125641-2048x1365.jpg 2048w\" sizes=\"(max-width: 2560px) 100vw, 2560px\" \/><figcaption id=\"caption-attachment-76297\" class=\"wp-caption-text\">Vereador Eurimar C\u00e9zar (PDT)<\/figcaption><\/figure>\n<p>Eurimar C\u00e9zar disputar\u00e1 sua segunda elei\u00e7\u00e3o para vereador. Em 2020, o parlamentar foi candidato e ficou na supl\u00eancia.<\/p>\n<p>Renaldinho (PDT) e Jos\u00e9 Neci (PT), s\u00e3o candidatos a prefeito e vice, respectivamente, pela oposi\u00e7\u00e3o.<\/p>\n","protected":false},"excerpt":{"rendered":"<p>Visando o processo pol\u00edtico-eleitoral de 06 de outubro em S\u00e3o Juli\u00e3o, Piau\u00ed, o Portal NPM inicia uma s\u00e9rie de mat\u00e9rias onde iremos apresentar os postulantes ao legislativo local. O vereador Eurimar C\u00e9zar (PDT), que ocupa atualmente um assento no legislativo local, ap\u00f3s a licen\u00e7a do titular Renaldinho, ir\u00e1 disputar novamente uma vaga no poder legislativo &hellip;<\/p>\n","protected":false},"author":4,"featured_media":76444,"comment_status":"open","ping_status":"open","sticky":false,"template":"","format":"standard","meta":{"content-type":"","rop_custom_images_group":[],"rop_custom_messages_group":[],"rop_publish_now":"yes","rop_publish_now_accounts":{"facebook_2648258775420054_1618374048415101":""},"rop_publish_now_history":[],"rop_publish_now_status":"pending","footnotes":"","_jetpack_memberships_contains_paid_content":false},"categories":[113,109,3998],"tags":[883,508,15897,1911,230,15896,1197,475,1184,4419,1196,842,194],"yoast_head":"<!-- This site is optimized with the Yoast SEO plugin v22.3 - https:\/\/yoast.com\/wordpress\/plugins\/seo\/ -->\n<title>Conhe\u00e7a o vereador Eurimar C\u00e9zar e candidato \u00e0 reelei\u00e7\u00e3o pelo PDT de S\u00e3o Juli\u00e3o - Portal NPM<\/title>\n<meta name=\"robots\" content=\"index, follow, max-snippet:-1, max-image-preview:large, max-video-preview:-1\" \/>\n<link rel=\"canonical\" href=\"https:\/\/portalnpm.com\/index.php\/2024\/08\/20\/conheca-o-vereador-eurimar-cezar-e-candidato-a-reeleicao-pelo-pdt-de-sao-juliao\/\" \/>\n<meta property=\"og:locale\" content=\"pt_BR\" \/>\n<meta property=\"og:type\" content=\"article\" \/>\n<meta property=\"og:title\" content=\"Conhe\u00e7a o vereador Eurimar C\u00e9zar e candidato \u00e0 reelei\u00e7\u00e3o pelo PDT de S\u00e3o Juli\u00e3o - Portal NPM\" \/>\n<meta property=\"og:description\" content=\"Visando o processo pol\u00edtico-eleitoral de 06 de outubro em S\u00e3o Juli\u00e3o, Piau\u00ed, o Portal NPM inicia uma s\u00e9rie de mat\u00e9rias onde iremos apresentar os postulantes ao legislativo local. O vereador Eurimar C\u00e9zar (PDT), que ocupa atualmente um assento no legislativo local, ap\u00f3s a licen\u00e7a do titular Renaldinho, ir\u00e1 disputar novamente uma vaga no poder legislativo &hellip;\" \/>\n<meta property=\"og:url\" content=\"https:\/\/portalnpm.com\/index.php\/2024\/08\/20\/conheca-o-vereador-eurimar-cezar-e-candidato-a-reeleicao-pelo-pdt-de-sao-juliao\/\" \/>\n<meta property=\"og:site_name\" content=\"Portal NPM\" \/>\n<meta property=\"article:published_time\" content=\"2024-08-21T02:37:00+00:00\" \/>\n<meta property=\"og:image\" content=\"https:\/\/portalnpm.com\/wp-content\/uploads\/2024\/08\/IMG-20240820-WA1499.jpg\" \/>\n\t<meta property=\"og:image:width\" content=\"1080\" \/>\n\t<meta property=\"og:image:height\" content=\"1012\" \/>\n\t<meta property=\"og:image:type\" content=\"image\/jpeg\" \/>\n<meta name=\"author\" content=\"Reda\u00e7\u00e3o\" \/>\n<meta name=\"twitter:card\" content=\"summary_large_image\" \/>\n<meta name=\"twitter:label1\" content=\"Escrito por\" \/>\n\t<meta name=\"twitter:data1\" content=\"Reda\u00e7\u00e3o\" \/>\n\t<meta name=\"twitter:label2\" content=\"Est. tempo de leitura\" \/>\n\t<meta name=\"twitter:data2\" content=\"2 minutos\" \/>\n<script type=\"application\/ld+json\" class=\"yoast-schema-graph\">{\"@context\":\"https:\/\/schema.org\",\"@graph\":[{\"@type\":\"WebPage\",\"@id\":\"https:\/\/portalnpm.com\/index.php\/2024\/08\/20\/conheca-o-vereador-eurimar-cezar-e-candidato-a-reeleicao-pelo-pdt-de-sao-juliao\/\",\"url\":\"https:\/\/portalnpm.com\/index.php\/2024\/08\/20\/conheca-o-vereador-eurimar-cezar-e-candidato-a-reeleicao-pelo-pdt-de-sao-juliao\/\",\"name\":\"Conhe\u00e7a o vereador Eurimar C\u00e9zar e candidato \u00e0 reelei\u00e7\u00e3o pelo PDT de S\u00e3o Juli\u00e3o - Portal NPM\",\"isPartOf\":{\"@id\":\"https:\/\/portalnpm.com\/#website\"},\"primaryImageOfPage\":{\"@id\":\"https:\/\/portalnpm.com\/index.php\/2024\/08\/20\/conheca-o-vereador-eurimar-cezar-e-candidato-a-reeleicao-pelo-pdt-de-sao-juliao\/#primaryimage\"},\"image\":{\"@id\":\"https:\/\/portalnpm.com\/index.php\/2024\/08\/20\/conheca-o-vereador-eurimar-cezar-e-candidato-a-reeleicao-pelo-pdt-de-sao-juliao\/#primaryimage\"},\"thumbnailUrl\":\"https:\/\/portalnpm.com\/wp-content\/uploads\/2024\/08\/IMG-20240820-WA1499.jpg\",\"datePublished\":\"2024-08-21T02:37:00+00:00\",\"dateModified\":\"2024-08-21T02:37:00+00:00\",\"author\":{\"@id\":\"https:\/\/portalnpm.com\/#\/schema\/person\/0b5f230ec96cee25504fa328e7f2b733\"},\"breadcrumb\":{\"@id\":\"https:\/\/portalnpm.com\/index.php\/2024\/08\/20\/conheca-o-vereador-eurimar-cezar-e-candidato-a-reeleicao-pelo-pdt-de-sao-juliao\/#breadcrumb\"},\"inLanguage\":\"pt-BR\",\"potentialAction\":[{\"@type\":\"ReadAction\",\"target\":[\"https:\/\/portalnpm.com\/index.php\/2024\/08\/20\/conheca-o-vereador-eurimar-cezar-e-candidato-a-reeleicao-pelo-pdt-de-sao-juliao\/\"]}]},{\"@type\":\"ImageObject\",\"inLanguage\":\"pt-BR\",\"@id\":\"https:\/\/portalnpm.com\/index.php\/2024\/08\/20\/conheca-o-vereador-eurimar-cezar-e-candidato-a-reeleicao-pelo-pdt-de-sao-juliao\/#primaryimage\",\"url\":\"https:\/\/portalnpm.com\/wp-content\/uploads\/2024\/08\/IMG-20240820-WA1499.jpg\",\"contentUrl\":\"https:\/\/portalnpm.com\/wp-content\/uploads\/2024\/08\/IMG-20240820-WA1499.jpg\",\"width\":1080,\"height\":1012},{\"@type\":\"BreadcrumbList\",\"@id\":\"https:\/\/portalnpm.com\/index.php\/2024\/08\/20\/conheca-o-vereador-eurimar-cezar-e-candidato-a-reeleicao-pelo-pdt-de-sao-juliao\/#breadcrumb\",\"itemListElement\":[{\"@type\":\"ListItem\",\"position\":1,\"name\":\"In\u00edcio\",\"item\":\"https:\/\/portalnpm.com\/\"},{\"@type\":\"ListItem\",\"position\":2,\"name\":\"Conhe\u00e7a o vereador Eurimar C\u00e9zar e candidato \u00e0 reelei\u00e7\u00e3o pelo PDT de S\u00e3o Juli\u00e3o\"}]},{\"@type\":\"WebSite\",\"@id\":\"https:\/\/portalnpm.com\/#website\",\"url\":\"https:\/\/portalnpm.com\/\",\"name\":\"Portal NPM\",\"description\":\"Not\u00edcias em Primeira M\u00e3o\",\"potentialAction\":[{\"@type\":\"SearchAction\",\"target\":{\"@type\":\"EntryPoint\",\"urlTemplate\":\"https:\/\/portalnpm.com\/?s={search_term_string}\"},\"query-input\":\"required name=search_term_string\"}],\"inLanguage\":\"pt-BR\"},{\"@type\":\"Person\",\"@id\":\"https:\/\/portalnpm.com\/#\/schema\/person\/0b5f230ec96cee25504fa328e7f2b733\",\"name\":\"Reda\u00e7\u00e3o\",\"image\":{\"@type\":\"ImageObject\",\"inLanguage\":\"pt-BR\",\"@id\":\"https:\/\/portalnpm.com\/#\/schema\/person\/image\/\",\"url\":\"https:\/\/portalnpm.com\/wp-content\/uploads\/2024\/03\/avatar_user_4_1710097212-96x96.png\",\"contentUrl\":\"https:\/\/portalnpm.com\/wp-content\/uploads\/2024\/03\/avatar_user_4_1710097212-96x96.png\",\"caption\":\"Reda\u00e7\u00e3o\"},\"url\":\"https:\/\/portalnpm.com\/index.php\/author\/redacao\/\"}]}<\/script>\n<!-- \/ Yoast SEO plugin. -->","yoast_head_json":{"title":"Conhe\u00e7a o vereador Eurimar C\u00e9zar e candidato \u00e0 reelei\u00e7\u00e3o pelo PDT de S\u00e3o Juli\u00e3o - Portal NPM","robots":{"index":"index","follow":"follow","max-snippet":"max-snippet:-1","max-image-preview":"max-image-preview:large","max-video-preview":"max-video-preview:-1"},"canonical":"https:\/\/portalnpm.com\/index.php\/2024\/08\/20\/conheca-o-vereador-eurimar-cezar-e-candidato-a-reeleicao-pelo-pdt-de-sao-juliao\/","og_locale":"pt_BR","og_type":"article","og_title":"Conhe\u00e7a o vereador Eurimar C\u00e9zar e candidato \u00e0 reelei\u00e7\u00e3o pelo PDT de S\u00e3o Juli\u00e3o - Portal NPM","og_description":"Visando o processo pol\u00edtico-eleitoral de 06 de outubro em S\u00e3o Juli\u00e3o, Piau\u00ed, o Portal NPM inicia uma s\u00e9rie de mat\u00e9rias onde iremos apresentar os postulantes ao legislativo local. O vereador Eurimar C\u00e9zar (PDT), que ocupa atualmente um assento no legislativo local, ap\u00f3s a licen\u00e7a do titular Renaldinho, ir\u00e1 disputar novamente uma vaga no poder legislativo &hellip;","og_url":"https:\/\/portalnpm.com\/index.php\/2024\/08\/20\/conheca-o-vereador-eurimar-cezar-e-candidato-a-reeleicao-pelo-pdt-de-sao-juliao\/","og_site_name":"Portal NPM","article_published_time":"2024-08-21T02:37:00+00:00","og_image":[{"width":1080,"height":1012,"url":"https:\/\/portalnpm.com\/wp-content\/uploads\/2024\/08\/IMG-20240820-WA1499.jpg","type":"image\/jpeg"}],"author":"Reda\u00e7\u00e3o","twitter_card":"summary_large_image","twitter_misc":{"Escrito por":"Reda\u00e7\u00e3o","Est. tempo de leitura":"2 minutos"},"schema":{"@context":"https:\/\/schema.org","@graph":[{"@type":"WebPage","@id":"https:\/\/portalnpm.com\/index.php\/2024\/08\/20\/conheca-o-vereador-eurimar-cezar-e-candidato-a-reeleicao-pelo-pdt-de-sao-juliao\/","url":"https:\/\/portalnpm.com\/index.php\/2024\/08\/20\/conheca-o-vereador-eurimar-cezar-e-candidato-a-reeleicao-pelo-pdt-de-sao-juliao\/","name":"Conhe\u00e7a o vereador Eurimar C\u00e9zar e candidato \u00e0 reelei\u00e7\u00e3o pelo PDT de S\u00e3o Juli\u00e3o - Portal NPM","isPartOf":{"@id":"https:\/\/portalnpm.com\/#website"},"primaryImageOfPage":{"@id":"https:\/\/portalnpm.com\/index.php\/2024\/08\/20\/conheca-o-vereador-eurimar-cezar-e-candidato-a-reeleicao-pelo-pdt-de-sao-juliao\/#primaryimage"},"image":{"@id":"https:\/\/portalnpm.com\/index.php\/2024\/08\/20\/conheca-o-vereador-eurimar-cezar-e-candidato-a-reeleicao-pelo-pdt-de-sao-juliao\/#primaryimage"},"thumbnailUrl":"https:\/\/portalnpm.com\/wp-content\/uploads\/2024\/08\/IMG-20240820-WA1499.jpg","datePublished":"2024-08-21T02:37:00+00:00","dateModified":"2024-08-21T02:37:00+00:00","author":{"@id":"https:\/\/portalnpm.com\/#\/schema\/person\/0b5f230ec96cee25504fa328e7f2b733"},"breadcrumb":{"@id":"https:\/\/portalnpm.com\/index.php\/2024\/08\/20\/conheca-o-vereador-eurimar-cezar-e-candidato-a-reeleicao-pelo-pdt-de-sao-juliao\/#breadcrumb"},"inLanguage":"pt-BR","potentialAction":[{"@type":"ReadAction","target":["https:\/\/portalnpm.com\/index.php\/2024\/08\/20\/conheca-o-vereador-eurimar-cezar-e-candidato-a-reeleicao-pelo-pdt-de-sao-juliao\/"]}]},{"@type":"ImageObject","inLanguage":"pt-BR","@id":"https:\/\/portalnpm.com\/index.php\/2024\/08\/20\/conheca-o-vereador-eurimar-cezar-e-candidato-a-reeleicao-pelo-pdt-de-sao-juliao\/#primaryimage","url":"https:\/\/portalnpm.com\/wp-content\/uploads\/2024\/08\/IMG-20240820-WA1499.jpg","contentUrl":"https:\/\/portalnpm.com\/wp-content\/uploads\/2024\/08\/IMG-20240820-WA1499.jpg","width":1080,"height":1012},{"@type":"BreadcrumbList","@id":"https:\/\/portalnpm.com\/index.php\/2024\/08\/20\/conheca-o-vereador-eurimar-cezar-e-candidato-a-reeleicao-pelo-pdt-de-sao-juliao\/#breadcrumb","itemListElement":[{"@type":"ListItem","position":1,"name":"In\u00edcio","item":"https:\/\/portalnpm.com\/"},{"@type":"ListItem","position":2,"name":"Conhe\u00e7a o vereador Eurimar C\u00e9zar e candidato \u00e0 reelei\u00e7\u00e3o pelo PDT de S\u00e3o Juli\u00e3o"}]},{"@type":"WebSite","@id":"https:\/\/portalnpm.com\/#website","url":"https:\/\/portalnpm.com\/","name":"Portal NPM","description":"Not\u00edcias em Primeira M\u00e3o","potentialAction":[{"@type":"SearchAction","target":{"@type":"EntryPoint","urlTemplate":"https:\/\/portalnpm.com\/?s={search_term_string}"},"query-input":"required name=search_term_string"}],"inLanguage":"pt-BR"},{"@type":"Person","@id":"https:\/\/portalnpm.com\/#\/schema\/person\/0b5f230ec96cee25504fa328e7f2b733","name":"Reda\u00e7\u00e3o","image":{"@type":"ImageObject","inLanguage":"pt-BR","@id":"https:\/\/portalnpm.com\/#\/schema\/person\/image\/","url":"https:\/\/portalnpm.com\/wp-content\/uploads\/2024\/03\/avatar_user_4_1710097212-96x96.png","contentUrl":"https:\/\/portalnpm.com\/wp-content\/uploads\/2024\/03\/avatar_user_4_1710097212-96x96.png","caption":"Reda\u00e7\u00e3o"},"url":"https:\/\/portalnpm.com\/index.php\/author\/redacao\/"}]}},"jetpack_sharing_enabled":true,"jetpack_featured_media_url":"https:\/\/portalnpm.com\/wp-content\/uploads\/2024\/08\/IMG-20240820-WA1499.jpg","_links":{"self":[{"href":"https:\/\/portalnpm.com\/index.php\/wp-json\/wp\/v2\/posts\/76440"}],"collection":[{"href":"https:\/\/portalnpm.com\/index.php\/wp-json\/wp\/v2\/posts"}],"about":[{"href":"https:\/\/portalnpm.com\/index.php\/wp-json\/wp\/v2\/types\/post"}],"author":[{"embeddable":true,"href":"https:\/\/portalnpm.com\/index.php\/wp-json\/wp\/v2\/users\/4"}],"replies":[{"embeddable":true,"href":"https:\/\/portalnpm.com\/index.php\/wp-json\/wp\/v2\/comments?post=76440"}],"version-history":[{"count":4,"href":"https:\/\/portalnpm.com\/index.php\/wp-json\/wp\/v2\/posts\/76440\/revisions"}],"predecessor-version":[{"id":76447,"href":"https:\/\/portalnpm.com\/index.php\/wp-json\/wp\/v2\/posts\/76440\/revisions\/76447"}],"wp:featuredmedia":[{"embeddable":true,"href":"https:\/\/portalnpm.com\/index.php\/wp-json\/wp\/v2\/media\/76444"}],"wp:attachment":[{"href":"https:\/\/portalnpm.com\/index.php\/wp-json\/wp\/v2\/media?parent=76440"}],"wp:term":[{"taxonomy":"category","embeddable":true,"href":"https:\/\/portalnpm.com\/index.php\/wp-json\/wp\/v2\/categories?post=76440"},{"taxonomy":"post_tag","embeddable":true,"href":"https:\/\/portalnpm.com\/index.php\/wp-json\/wp\/v2\/tags?post=76440"}],"curies":[{"name":"wp","href":"https:\/\/api.w.org\/{rel}","templated":true}]}}