{"id":76458,"date":"2024-08-21T17:19:09","date_gmt":"2024-08-21T20:19:09","guid":{"rendered":"https:\/\/portalnpm.com\/?p=76458"},"modified":"2024-08-21T17:22:17","modified_gmt":"2024-08-21T20:22:17","slug":"sao-juliao-irma-mariinha-coloca-seu-nome-na-disputa-por-uma-das-vagas-na-camara-municipal-conhece-a-candidata","status":"publish","type":"post","link":"https:\/\/portalnpm.com\/index.php\/2024\/08\/21\/sao-juliao-irma-mariinha-coloca-seu-nome-na-disputa-por-uma-das-vagas-na-camara-municipal-conhece-a-candidata\/","title":{"rendered":"S\u00e3o Juli\u00e3o | Irm\u00e3 Mari\u00ednha coloca seu nome na disputa por uma das vagas na C\u00e2mara Municipal; conhe\u00e7a a candidata!"},"content":{"rendered":"<p>Visando o processo pol\u00edtico-eleitoral de 06 de outubro em S\u00e3o Juli\u00e3o, Piau\u00ed, o Portal NPM inicia uma s\u00e9rie de mat\u00e9rias onde iremos apresentar os postulantes ao legislativo local.<\/p>\n<p>Irm\u00e3 Mari\u00ednha \u00e9 candidata a vereadora pelo PT, sendo uma filiada hist\u00f3rica do partido. Ser\u00e1 a sua primeira elei\u00e7\u00e3o na disputa por uma das nove vagas no parlamento local, representando a renova\u00e7\u00e3o no cen\u00e1rio pol\u00edtico de S\u00e3o Juli\u00e3o.<\/p>\n<p><img fetchpriority=\"high\" decoding=\"async\" class=\"alignnone wp-image-76459 size-large\" src=\"https:\/\/portalnpm.com\/wp-content\/uploads\/2024\/08\/IMG-20240821-WA0672-1024x1024.jpg\" alt=\"\" width=\"1024\" height=\"1024\" srcset=\"https:\/\/portalnpm.com\/wp-content\/uploads\/2024\/08\/IMG-20240821-WA0672-1024x1024.jpg 1024w, https:\/\/portalnpm.com\/wp-content\/uploads\/2024\/08\/IMG-20240821-WA0672-300x300.jpg 300w, https:\/\/portalnpm.com\/wp-content\/uploads\/2024\/08\/IMG-20240821-WA0672-150x150.jpg 150w, https:\/\/portalnpm.com\/wp-content\/uploads\/2024\/08\/IMG-20240821-WA0672-768x768.jpg 768w, https:\/\/portalnpm.com\/wp-content\/uploads\/2024\/08\/IMG-20240821-WA0672.jpg 1080w\" sizes=\"(max-width: 1024px) 100vw, 1024px\" \/><\/p>\n<p>Em conversa com a nossa reda\u00e7\u00e3o, a candidata ressaltou o desejo de buscar uma vaga na C\u00e2mara Municipal.<\/p>\n<p><em>Ol\u00e1, queridos s\u00e3ojuli\u00e3oenses, me chamo Maria Ana, mais conhecida como Mari\u00ednha do PT ou Irm\u00e3 Mari\u00ednha. Sou funcion\u00e1ria p\u00fablica da rede estadual, m\u00e3e, esposa, av\u00f3, amiga e cidad\u00e3 saojuli\u00e3oense. A religiosidade sempre esteve presente na minha vida, participei da igreja cat\u00f3lica durante muitos anos, ajudei em grupos como a Pastoral da Crian\u00e7a, atendendo nos bairros e comunidades, e atuei em movimentos sociais. H\u00e1 dez anos, passei a ser evang\u00e9lica, frequentando a Igreja Assembleia de Deus Minist\u00e9rio de Madureira, mas sempre mantendo o respeito por todas as religi\u00f5es. No ano de 2002, fui vice-presidente do Partido dos Trabalhadores (PT) no munic\u00edpio de S\u00e3o Juli\u00e3o ao lado da colega Rosileide, depois me tornei a presidente do partido por um per\u00edodo de 4 anos. Sou filiada ao PT com muito amor e acompanho todas as atividades, reuni\u00f5es e eventos promovidos pelo partido, juntamente com o ex-prefeito Jos\u00e9 Neci. Durante os anos de 2007 a 2016, trabalhei na Secretaria de Sa\u00fade e atuei como Agente de Sa\u00fade. Sou uma mulher simples, humilde, guerreira, temente a Deus e me sinto muito bem em ajudar e servir o pr\u00f3ximo de acordo com minhas possibilidades. Nessa nova jornada que estou iniciando, conto com a amizade e o apoio de cada um de voc\u00eas. Vamos juntos com f\u00e9 e humildade por um S\u00e3o Juli\u00e3o mais justo&#8221;,<\/em> disse Mari\u00ednha.<\/p>\n<p>Irm\u00e3 Mari\u00ednha \u00e9 bastante presente nas m\u00eddias sociais, ocasi\u00e3o que sempre debate assuntos de interesse do munic\u00edpio.<\/p>\n<p>A oposi\u00e7\u00e3o de S\u00e3o Juli\u00e3o ser\u00e1 representada na chapa majorit\u00e1ria por Renaldinho (PDT) e Jos\u00e9 Neci (PT), candidatos a prefeito e vice-prefeito, respectivamente, pela Coliga\u00e7\u00e3o &#8220;Juntos Para Reconstruir S\u00e3o Juli\u00e3o&#8221;.<\/p>\n","protected":false},"excerpt":{"rendered":"<p>Visando o processo pol\u00edtico-eleitoral de 06 de outubro em S\u00e3o Juli\u00e3o, Piau\u00ed, o Portal NPM inicia uma s\u00e9rie de mat\u00e9rias onde iremos apresentar os postulantes ao legislativo local. Irm\u00e3 Mari\u00ednha \u00e9 candidata a vereadora pelo PT, sendo uma filiada hist\u00f3rica do partido. Ser\u00e1 a sua primeira elei\u00e7\u00e3o na disputa por uma das nove vagas no &hellip;<\/p>\n","protected":false},"author":4,"featured_media":76461,"comment_status":"open","ping_status":"open","sticky":false,"template":"","format":"standard","meta":{"content-type":"","rop_custom_images_group":[],"rop_custom_messages_group":[],"rop_publish_now":"yes","rop_publish_now_accounts":{"facebook_2648258775420054_1618374048415101":""},"rop_publish_now_history":[],"rop_publish_now_status":"pending","footnotes":"","_jetpack_memberships_contains_paid_content":false},"categories":[113,109,3998],"tags":[526,764,2430,4255,838,784,3896,1197,15900,1923,911,2211,1167,1196,4006,4144,1232],"yoast_head":"<!-- This site is optimized with the Yoast SEO plugin v22.3 - https:\/\/yoast.com\/wordpress\/plugins\/seo\/ -->\n<title>S\u00e3o Juli\u00e3o | Irm\u00e3 Mari\u00ednha coloca seu nome na disputa por uma das vagas na C\u00e2mara Municipal; conhe\u00e7a a candidata! - Portal NPM<\/title>\n<meta name=\"robots\" content=\"index, follow, max-snippet:-1, max-image-preview:large, max-video-preview:-1\" \/>\n<link rel=\"canonical\" href=\"https:\/\/portalnpm.com\/index.php\/2024\/08\/21\/sao-juliao-irma-mariinha-coloca-seu-nome-na-disputa-por-uma-das-vagas-na-camara-municipal-conhece-a-candidata\/\" \/>\n<meta property=\"og:locale\" content=\"pt_BR\" \/>\n<meta property=\"og:type\" content=\"article\" \/>\n<meta property=\"og:title\" content=\"S\u00e3o Juli\u00e3o | Irm\u00e3 Mari\u00ednha coloca seu nome na disputa por uma das vagas na C\u00e2mara Municipal; conhe\u00e7a a candidata! - Portal NPM\" \/>\n<meta property=\"og:description\" content=\"Visando o processo pol\u00edtico-eleitoral de 06 de outubro em S\u00e3o Juli\u00e3o, Piau\u00ed, o Portal NPM inicia uma s\u00e9rie de mat\u00e9rias onde iremos apresentar os postulantes ao legislativo local. Irm\u00e3 Mari\u00ednha \u00e9 candidata a vereadora pelo PT, sendo uma filiada hist\u00f3rica do partido. Ser\u00e1 a sua primeira elei\u00e7\u00e3o na disputa por uma das nove vagas no &hellip;\" \/>\n<meta property=\"og:url\" content=\"https:\/\/portalnpm.com\/index.php\/2024\/08\/21\/sao-juliao-irma-mariinha-coloca-seu-nome-na-disputa-por-uma-das-vagas-na-camara-municipal-conhece-a-candidata\/\" \/>\n<meta property=\"og:site_name\" content=\"Portal NPM\" \/>\n<meta property=\"article:published_time\" content=\"2024-08-21T20:19:09+00:00\" \/>\n<meta property=\"article:modified_time\" content=\"2024-08-21T20:22:17+00:00\" \/>\n<meta property=\"og:image\" content=\"https:\/\/portalnpm.com\/wp-content\/uploads\/2024\/08\/IMG-20240821-WA0781.jpg\" \/>\n\t<meta property=\"og:image:width\" content=\"1080\" \/>\n\t<meta property=\"og:image:height\" content=\"843\" \/>\n\t<meta property=\"og:image:type\" content=\"image\/jpeg\" \/>\n<meta name=\"author\" content=\"Reda\u00e7\u00e3o\" \/>\n<meta name=\"twitter:card\" content=\"summary_large_image\" \/>\n<meta name=\"twitter:label1\" content=\"Escrito por\" \/>\n\t<meta name=\"twitter:data1\" content=\"Reda\u00e7\u00e3o\" \/>\n\t<meta name=\"twitter:label2\" content=\"Est. tempo de leitura\" \/>\n\t<meta name=\"twitter:data2\" content=\"3 minutos\" \/>\n<script type=\"application\/ld+json\" class=\"yoast-schema-graph\">{\"@context\":\"https:\/\/schema.org\",\"@graph\":[{\"@type\":\"WebPage\",\"@id\":\"https:\/\/portalnpm.com\/index.php\/2024\/08\/21\/sao-juliao-irma-mariinha-coloca-seu-nome-na-disputa-por-uma-das-vagas-na-camara-municipal-conhece-a-candidata\/\",\"url\":\"https:\/\/portalnpm.com\/index.php\/2024\/08\/21\/sao-juliao-irma-mariinha-coloca-seu-nome-na-disputa-por-uma-das-vagas-na-camara-municipal-conhece-a-candidata\/\",\"name\":\"S\u00e3o Juli\u00e3o | Irm\u00e3 Mari\u00ednha coloca seu nome na disputa por uma das vagas na C\u00e2mara Municipal; conhe\u00e7a a candidata! - Portal NPM\",\"isPartOf\":{\"@id\":\"https:\/\/portalnpm.com\/#website\"},\"primaryImageOfPage\":{\"@id\":\"https:\/\/portalnpm.com\/index.php\/2024\/08\/21\/sao-juliao-irma-mariinha-coloca-seu-nome-na-disputa-por-uma-das-vagas-na-camara-municipal-conhece-a-candidata\/#primaryimage\"},\"image\":{\"@id\":\"https:\/\/portalnpm.com\/index.php\/2024\/08\/21\/sao-juliao-irma-mariinha-coloca-seu-nome-na-disputa-por-uma-das-vagas-na-camara-municipal-conhece-a-candidata\/#primaryimage\"},\"thumbnailUrl\":\"https:\/\/portalnpm.com\/wp-content\/uploads\/2024\/08\/IMG-20240821-WA0781.jpg\",\"datePublished\":\"2024-08-21T20:19:09+00:00\",\"dateModified\":\"2024-08-21T20:22:17+00:00\",\"author\":{\"@id\":\"https:\/\/portalnpm.com\/#\/schema\/person\/0b5f230ec96cee25504fa328e7f2b733\"},\"breadcrumb\":{\"@id\":\"https:\/\/portalnpm.com\/index.php\/2024\/08\/21\/sao-juliao-irma-mariinha-coloca-seu-nome-na-disputa-por-uma-das-vagas-na-camara-municipal-conhece-a-candidata\/#breadcrumb\"},\"inLanguage\":\"pt-BR\",\"potentialAction\":[{\"@type\":\"ReadAction\",\"target\":[\"https:\/\/portalnpm.com\/index.php\/2024\/08\/21\/sao-juliao-irma-mariinha-coloca-seu-nome-na-disputa-por-uma-das-vagas-na-camara-municipal-conhece-a-candidata\/\"]}]},{\"@type\":\"ImageObject\",\"inLanguage\":\"pt-BR\",\"@id\":\"https:\/\/portalnpm.com\/index.php\/2024\/08\/21\/sao-juliao-irma-mariinha-coloca-seu-nome-na-disputa-por-uma-das-vagas-na-camara-municipal-conhece-a-candidata\/#primaryimage\",\"url\":\"https:\/\/portalnpm.com\/wp-content\/uploads\/2024\/08\/IMG-20240821-WA0781.jpg\",\"contentUrl\":\"https:\/\/portalnpm.com\/wp-content\/uploads\/2024\/08\/IMG-20240821-WA0781.jpg\",\"width\":1080,\"height\":843},{\"@type\":\"BreadcrumbList\",\"@id\":\"https:\/\/portalnpm.com\/index.php\/2024\/08\/21\/sao-juliao-irma-mariinha-coloca-seu-nome-na-disputa-por-uma-das-vagas-na-camara-municipal-conhece-a-candidata\/#breadcrumb\",\"itemListElement\":[{\"@type\":\"ListItem\",\"position\":1,\"name\":\"In\u00edcio\",\"item\":\"https:\/\/portalnpm.com\/\"},{\"@type\":\"ListItem\",\"position\":2,\"name\":\"S\u00e3o Juli\u00e3o | Irm\u00e3 Mari\u00ednha coloca seu nome na disputa por uma das vagas na C\u00e2mara Municipal; conhe\u00e7a a candidata!\"}]},{\"@type\":\"WebSite\",\"@id\":\"https:\/\/portalnpm.com\/#website\",\"url\":\"https:\/\/portalnpm.com\/\",\"name\":\"Portal NPM\",\"description\":\"Not\u00edcias em Primeira M\u00e3o\",\"potentialAction\":[{\"@type\":\"SearchAction\",\"target\":{\"@type\":\"EntryPoint\",\"urlTemplate\":\"https:\/\/portalnpm.com\/?s={search_term_string}\"},\"query-input\":\"required name=search_term_string\"}],\"inLanguage\":\"pt-BR\"},{\"@type\":\"Person\",\"@id\":\"https:\/\/portalnpm.com\/#\/schema\/person\/0b5f230ec96cee25504fa328e7f2b733\",\"name\":\"Reda\u00e7\u00e3o\",\"image\":{\"@type\":\"ImageObject\",\"inLanguage\":\"pt-BR\",\"@id\":\"https:\/\/portalnpm.com\/#\/schema\/person\/image\/\",\"url\":\"https:\/\/portalnpm.com\/wp-content\/uploads\/2024\/03\/avatar_user_4_1710097212-96x96.png\",\"contentUrl\":\"https:\/\/portalnpm.com\/wp-content\/uploads\/2024\/03\/avatar_user_4_1710097212-96x96.png\",\"caption\":\"Reda\u00e7\u00e3o\"},\"url\":\"https:\/\/portalnpm.com\/index.php\/author\/redacao\/\"}]}<\/script>\n<!-- \/ Yoast SEO plugin. -->","yoast_head_json":{"title":"S\u00e3o Juli\u00e3o | Irm\u00e3 Mari\u00ednha coloca seu nome na disputa por uma das vagas na C\u00e2mara Municipal; conhe\u00e7a a candidata! - Portal NPM","robots":{"index":"index","follow":"follow","max-snippet":"max-snippet:-1","max-image-preview":"max-image-preview:large","max-video-preview":"max-video-preview:-1"},"canonical":"https:\/\/portalnpm.com\/index.php\/2024\/08\/21\/sao-juliao-irma-mariinha-coloca-seu-nome-na-disputa-por-uma-das-vagas-na-camara-municipal-conhece-a-candidata\/","og_locale":"pt_BR","og_type":"article","og_title":"S\u00e3o Juli\u00e3o | Irm\u00e3 Mari\u00ednha coloca seu nome na disputa por uma das vagas na C\u00e2mara Municipal; conhe\u00e7a a candidata! - Portal NPM","og_description":"Visando o processo pol\u00edtico-eleitoral de 06 de outubro em S\u00e3o Juli\u00e3o, Piau\u00ed, o Portal NPM inicia uma s\u00e9rie de mat\u00e9rias onde iremos apresentar os postulantes ao legislativo local. Irm\u00e3 Mari\u00ednha \u00e9 candidata a vereadora pelo PT, sendo uma filiada hist\u00f3rica do partido. Ser\u00e1 a sua primeira elei\u00e7\u00e3o na disputa por uma das nove vagas no &hellip;","og_url":"https:\/\/portalnpm.com\/index.php\/2024\/08\/21\/sao-juliao-irma-mariinha-coloca-seu-nome-na-disputa-por-uma-das-vagas-na-camara-municipal-conhece-a-candidata\/","og_site_name":"Portal NPM","article_published_time":"2024-08-21T20:19:09+00:00","article_modified_time":"2024-08-21T20:22:17+00:00","og_image":[{"width":1080,"height":843,"url":"https:\/\/portalnpm.com\/wp-content\/uploads\/2024\/08\/IMG-20240821-WA0781.jpg","type":"image\/jpeg"}],"author":"Reda\u00e7\u00e3o","twitter_card":"summary_large_image","twitter_misc":{"Escrito por":"Reda\u00e7\u00e3o","Est. tempo de leitura":"3 minutos"},"schema":{"@context":"https:\/\/schema.org","@graph":[{"@type":"WebPage","@id":"https:\/\/portalnpm.com\/index.php\/2024\/08\/21\/sao-juliao-irma-mariinha-coloca-seu-nome-na-disputa-por-uma-das-vagas-na-camara-municipal-conhece-a-candidata\/","url":"https:\/\/portalnpm.com\/index.php\/2024\/08\/21\/sao-juliao-irma-mariinha-coloca-seu-nome-na-disputa-por-uma-das-vagas-na-camara-municipal-conhece-a-candidata\/","name":"S\u00e3o Juli\u00e3o | Irm\u00e3 Mari\u00ednha coloca seu nome na disputa por uma das vagas na C\u00e2mara Municipal; conhe\u00e7a a candidata! - Portal NPM","isPartOf":{"@id":"https:\/\/portalnpm.com\/#website"},"primaryImageOfPage":{"@id":"https:\/\/portalnpm.com\/index.php\/2024\/08\/21\/sao-juliao-irma-mariinha-coloca-seu-nome-na-disputa-por-uma-das-vagas-na-camara-municipal-conhece-a-candidata\/#primaryimage"},"image":{"@id":"https:\/\/portalnpm.com\/index.php\/2024\/08\/21\/sao-juliao-irma-mariinha-coloca-seu-nome-na-disputa-por-uma-das-vagas-na-camara-municipal-conhece-a-candidata\/#primaryimage"},"thumbnailUrl":"https:\/\/portalnpm.com\/wp-content\/uploads\/2024\/08\/IMG-20240821-WA0781.jpg","datePublished":"2024-08-21T20:19:09+00:00","dateModified":"2024-08-21T20:22:17+00:00","author":{"@id":"https:\/\/portalnpm.com\/#\/schema\/person\/0b5f230ec96cee25504fa328e7f2b733"},"breadcrumb":{"@id":"https:\/\/portalnpm.com\/index.php\/2024\/08\/21\/sao-juliao-irma-mariinha-coloca-seu-nome-na-disputa-por-uma-das-vagas-na-camara-municipal-conhece-a-candidata\/#breadcrumb"},"inLanguage":"pt-BR","potentialAction":[{"@type":"ReadAction","target":["https:\/\/portalnpm.com\/index.php\/2024\/08\/21\/sao-juliao-irma-mariinha-coloca-seu-nome-na-disputa-por-uma-das-vagas-na-camara-municipal-conhece-a-candidata\/"]}]},{"@type":"ImageObject","inLanguage":"pt-BR","@id":"https:\/\/portalnpm.com\/index.php\/2024\/08\/21\/sao-juliao-irma-mariinha-coloca-seu-nome-na-disputa-por-uma-das-vagas-na-camara-municipal-conhece-a-candidata\/#primaryimage","url":"https:\/\/portalnpm.com\/wp-content\/uploads\/2024\/08\/IMG-20240821-WA0781.jpg","contentUrl":"https:\/\/portalnpm.com\/wp-content\/uploads\/2024\/08\/IMG-20240821-WA0781.jpg","width":1080,"height":843},{"@type":"BreadcrumbList","@id":"https:\/\/portalnpm.com\/index.php\/2024\/08\/21\/sao-juliao-irma-mariinha-coloca-seu-nome-na-disputa-por-uma-das-vagas-na-camara-municipal-conhece-a-candidata\/#breadcrumb","itemListElement":[{"@type":"ListItem","position":1,"name":"In\u00edcio","item":"https:\/\/portalnpm.com\/"},{"@type":"ListItem","position":2,"name":"S\u00e3o Juli\u00e3o | Irm\u00e3 Mari\u00ednha coloca seu nome na disputa por uma das vagas na C\u00e2mara Municipal; conhe\u00e7a a candidata!"}]},{"@type":"WebSite","@id":"https:\/\/portalnpm.com\/#website","url":"https:\/\/portalnpm.com\/","name":"Portal NPM","description":"Not\u00edcias em Primeira M\u00e3o","potentialAction":[{"@type":"SearchAction","target":{"@type":"EntryPoint","urlTemplate":"https:\/\/portalnpm.com\/?s={search_term_string}"},"query-input":"required name=search_term_string"}],"inLanguage":"pt-BR"},{"@type":"Person","@id":"https:\/\/portalnpm.com\/#\/schema\/person\/0b5f230ec96cee25504fa328e7f2b733","name":"Reda\u00e7\u00e3o","image":{"@type":"ImageObject","inLanguage":"pt-BR","@id":"https:\/\/portalnpm.com\/#\/schema\/person\/image\/","url":"https:\/\/portalnpm.com\/wp-content\/uploads\/2024\/03\/avatar_user_4_1710097212-96x96.png","contentUrl":"https:\/\/portalnpm.com\/wp-content\/uploads\/2024\/03\/avatar_user_4_1710097212-96x96.png","caption":"Reda\u00e7\u00e3o"},"url":"https:\/\/portalnpm.com\/index.php\/author\/redacao\/"}]}},"jetpack_sharing_enabled":true,"jetpack_featured_media_url":"https:\/\/portalnpm.com\/wp-content\/uploads\/2024\/08\/IMG-20240821-WA0781.jpg","_links":{"self":[{"href":"https:\/\/portalnpm.com\/index.php\/wp-json\/wp\/v2\/posts\/76458"}],"collection":[{"href":"https:\/\/portalnpm.com\/index.php\/wp-json\/wp\/v2\/posts"}],"about":[{"href":"https:\/\/portalnpm.com\/index.php\/wp-json\/wp\/v2\/types\/post"}],"author":[{"embeddable":true,"href":"https:\/\/portalnpm.com\/index.php\/wp-json\/wp\/v2\/users\/4"}],"replies":[{"embeddable":true,"href":"https:\/\/portalnpm.com\/index.php\/wp-json\/wp\/v2\/comments?post=76458"}],"version-history":[{"count":2,"href":"https:\/\/portalnpm.com\/index.php\/wp-json\/wp\/v2\/posts\/76458\/revisions"}],"predecessor-version":[{"id":76462,"href":"https:\/\/portalnpm.com\/index.php\/wp-json\/wp\/v2\/posts\/76458\/revisions\/76462"}],"wp:featuredmedia":[{"embeddable":true,"href":"https:\/\/portalnpm.com\/index.php\/wp-json\/wp\/v2\/media\/76461"}],"wp:attachment":[{"href":"https:\/\/portalnpm.com\/index.php\/wp-json\/wp\/v2\/media?parent=76458"}],"wp:term":[{"taxonomy":"category","embeddable":true,"href":"https:\/\/portalnpm.com\/index.php\/wp-json\/wp\/v2\/categories?post=76458"},{"taxonomy":"post_tag","embeddable":true,"href":"https:\/\/portalnpm.com\/index.php\/wp-json\/wp\/v2\/tags?post=76458"}],"curies":[{"name":"wp","href":"https:\/\/api.w.org\/{rel}","templated":true}]}}