{"id":76464,"date":"2024-08-21T20:14:43","date_gmt":"2024-08-21T23:14:43","guid":{"rendered":"https:\/\/portalnpm.com\/?p=76464"},"modified":"2024-08-21T20:14:43","modified_gmt":"2024-08-21T23:14:43","slug":"conheca-a-candidata-a-vereadora-francinete-santos-pelo-pdt-de-sao-juliao","status":"publish","type":"post","link":"https:\/\/portalnpm.com\/index.php\/2024\/08\/21\/conheca-a-candidata-a-vereadora-francinete-santos-pelo-pdt-de-sao-juliao\/","title":{"rendered":"Conhe\u00e7a a candidata a vereadora Francinete Santos pelo PDT de S\u00e3o Juli\u00e3o"},"content":{"rendered":"<p>Visando o processo pol\u00edtico-eleitoral de 06 de outubro em S\u00e3o Juli\u00e3o, Piau\u00ed, o Portal NPM inicia uma s\u00e9rie de mat\u00e9rias onde iremos apresentar os postulantes ao legislativo local.<\/p>\n<p>Francinete Santos \u00e9 candidata a vereadora pelo PDT e disputar\u00e1 a sua primeira elei\u00e7\u00e3o visando uma das nove vagas no parlamento local, representando a renova\u00e7\u00e3o no cen\u00e1rio pol\u00edtico do munic\u00edpio.<\/p>\n<p><img fetchpriority=\"high\" decoding=\"async\" class=\"alignnone wp-image-76466 size-full\" src=\"https:\/\/portalnpm.com\/wp-content\/uploads\/2024\/08\/IMG-20240821-WA0699.jpg\" alt=\"\" width=\"1080\" height=\"1080\" srcset=\"https:\/\/portalnpm.com\/wp-content\/uploads\/2024\/08\/IMG-20240821-WA0699.jpg 1080w, https:\/\/portalnpm.com\/wp-content\/uploads\/2024\/08\/IMG-20240821-WA0699-300x300.jpg 300w, https:\/\/portalnpm.com\/wp-content\/uploads\/2024\/08\/IMG-20240821-WA0699-1024x1024.jpg 1024w, https:\/\/portalnpm.com\/wp-content\/uploads\/2024\/08\/IMG-20240821-WA0699-150x150.jpg 150w, https:\/\/portalnpm.com\/wp-content\/uploads\/2024\/08\/IMG-20240821-WA0699-768x768.jpg 768w\" sizes=\"(max-width: 1080px) 100vw, 1080px\" \/><\/p>\n<p>Em conversa com a nossa reda\u00e7\u00e3o, a candidata enfatizou o desejo de buscar uma vaga na C\u00e2mara Municipal.<\/p>\n<p>&#8220;<em>Sou francinete Santos, atualmente trabalho como frentista, sou pedagoga, m\u00e3e de quatro filhos, casada com Francisco Ronivon Sobrinho de Sousa e filha de agricultores. O meu pai \u00e9 conhecido na cidade de S\u00e3o Juli\u00e3o como &#8216;Irm\u00e3o do Cheiro Verde,&#8217; amo trabalhar na sa\u00fade e educa\u00e7\u00e3o, venho aqui colocar meu nome a disposi\u00e7\u00e3o como candidata a vereadora e pe\u00e7o uma oportunidade para mostrar o meu trabalho e contribuir para um S\u00e3o Juli\u00e3o melhor&#8221;<\/em>, disse Francinete Santos.<\/p>\n<p>Francinete Santos representa a for\u00e7a feminina na pol\u00edtica local e o desejo de mudan\u00e7a no legislativo municipal.<\/p>\n<p>A oposi\u00e7\u00e3o de S\u00e3o Juli\u00e3o ser\u00e1 representada na chapa majorit\u00e1ria por Renaldinho (PDT) e Jos\u00e9 Neci (PT), candidatos a prefeito e vice-prefeito, respectivamente, pela Coliga\u00e7\u00e3o &#8220;Juntos Para Reconstruir S\u00e3o Juli\u00e3o&#8221;.<\/p>\n","protected":false},"excerpt":{"rendered":"<p>Visando o processo pol\u00edtico-eleitoral de 06 de outubro em S\u00e3o Juli\u00e3o, Piau\u00ed, o Portal NPM inicia uma s\u00e9rie de mat\u00e9rias onde iremos apresentar os postulantes ao legislativo local. Francinete Santos \u00e9 candidata a vereadora pelo PDT e disputar\u00e1 a sua primeira elei\u00e7\u00e3o visando uma das nove vagas no parlamento local, representando a renova\u00e7\u00e3o no cen\u00e1rio &hellip;<\/p>\n","protected":false},"author":4,"featured_media":76468,"comment_status":"open","ping_status":"open","sticky":false,"template":"","format":"standard","meta":{"content-type":"","rop_custom_images_group":[],"rop_custom_messages_group":[],"rop_publish_now":"yes","rop_publish_now_accounts":{"facebook_2648258775420054_1618374048415101":""},"rop_publish_now_history":[],"rop_publish_now_status":"pending","footnotes":"","_jetpack_memberships_contains_paid_content":false},"categories":[113,109,3998],"tags":[764,1911,230,15901,1197,475,1184,166,1196,4023],"yoast_head":"<!-- This site is optimized with the Yoast SEO plugin v22.3 - https:\/\/yoast.com\/wordpress\/plugins\/seo\/ -->\n<title>Conhe\u00e7a a candidata a vereadora Francinete Santos pelo PDT de S\u00e3o Juli\u00e3o - Portal NPM<\/title>\n<meta name=\"robots\" content=\"index, follow, max-snippet:-1, max-image-preview:large, max-video-preview:-1\" \/>\n<link rel=\"canonical\" href=\"https:\/\/portalnpm.com\/index.php\/2024\/08\/21\/conheca-a-candidata-a-vereadora-francinete-santos-pelo-pdt-de-sao-juliao\/\" \/>\n<meta property=\"og:locale\" content=\"pt_BR\" \/>\n<meta property=\"og:type\" content=\"article\" \/>\n<meta property=\"og:title\" content=\"Conhe\u00e7a a candidata a vereadora Francinete Santos pelo PDT de S\u00e3o Juli\u00e3o - Portal NPM\" \/>\n<meta property=\"og:description\" content=\"Visando o processo pol\u00edtico-eleitoral de 06 de outubro em S\u00e3o Juli\u00e3o, Piau\u00ed, o Portal NPM inicia uma s\u00e9rie de mat\u00e9rias onde iremos apresentar os postulantes ao legislativo local. Francinete Santos \u00e9 candidata a vereadora pelo PDT e disputar\u00e1 a sua primeira elei\u00e7\u00e3o visando uma das nove vagas no parlamento local, representando a renova\u00e7\u00e3o no cen\u00e1rio &hellip;\" \/>\n<meta property=\"og:url\" content=\"https:\/\/portalnpm.com\/index.php\/2024\/08\/21\/conheca-a-candidata-a-vereadora-francinete-santos-pelo-pdt-de-sao-juliao\/\" \/>\n<meta property=\"og:site_name\" content=\"Portal NPM\" \/>\n<meta property=\"article:published_time\" content=\"2024-08-21T23:14:43+00:00\" \/>\n<meta property=\"og:image\" content=\"https:\/\/portalnpm.com\/wp-content\/uploads\/2024\/08\/IMG-20240821-WA1010.jpg\" \/>\n\t<meta property=\"og:image:width\" content=\"1080\" \/>\n\t<meta property=\"og:image:height\" content=\"975\" \/>\n\t<meta property=\"og:image:type\" content=\"image\/jpeg\" \/>\n<meta name=\"author\" content=\"Reda\u00e7\u00e3o\" \/>\n<meta name=\"twitter:card\" content=\"summary_large_image\" \/>\n<meta name=\"twitter:label1\" content=\"Escrito por\" \/>\n\t<meta name=\"twitter:data1\" content=\"Reda\u00e7\u00e3o\" \/>\n\t<meta name=\"twitter:label2\" content=\"Est. tempo de leitura\" \/>\n\t<meta name=\"twitter:data2\" content=\"2 minutos\" \/>\n<script type=\"application\/ld+json\" class=\"yoast-schema-graph\">{\"@context\":\"https:\/\/schema.org\",\"@graph\":[{\"@type\":\"WebPage\",\"@id\":\"https:\/\/portalnpm.com\/index.php\/2024\/08\/21\/conheca-a-candidata-a-vereadora-francinete-santos-pelo-pdt-de-sao-juliao\/\",\"url\":\"https:\/\/portalnpm.com\/index.php\/2024\/08\/21\/conheca-a-candidata-a-vereadora-francinete-santos-pelo-pdt-de-sao-juliao\/\",\"name\":\"Conhe\u00e7a a candidata a vereadora Francinete Santos pelo PDT de S\u00e3o Juli\u00e3o - Portal NPM\",\"isPartOf\":{\"@id\":\"https:\/\/portalnpm.com\/#website\"},\"primaryImageOfPage\":{\"@id\":\"https:\/\/portalnpm.com\/index.php\/2024\/08\/21\/conheca-a-candidata-a-vereadora-francinete-santos-pelo-pdt-de-sao-juliao\/#primaryimage\"},\"image\":{\"@id\":\"https:\/\/portalnpm.com\/index.php\/2024\/08\/21\/conheca-a-candidata-a-vereadora-francinete-santos-pelo-pdt-de-sao-juliao\/#primaryimage\"},\"thumbnailUrl\":\"https:\/\/portalnpm.com\/wp-content\/uploads\/2024\/08\/IMG-20240821-WA1010.jpg\",\"datePublished\":\"2024-08-21T23:14:43+00:00\",\"dateModified\":\"2024-08-21T23:14:43+00:00\",\"author\":{\"@id\":\"https:\/\/portalnpm.com\/#\/schema\/person\/0b5f230ec96cee25504fa328e7f2b733\"},\"breadcrumb\":{\"@id\":\"https:\/\/portalnpm.com\/index.php\/2024\/08\/21\/conheca-a-candidata-a-vereadora-francinete-santos-pelo-pdt-de-sao-juliao\/#breadcrumb\"},\"inLanguage\":\"pt-BR\",\"potentialAction\":[{\"@type\":\"ReadAction\",\"target\":[\"https:\/\/portalnpm.com\/index.php\/2024\/08\/21\/conheca-a-candidata-a-vereadora-francinete-santos-pelo-pdt-de-sao-juliao\/\"]}]},{\"@type\":\"ImageObject\",\"inLanguage\":\"pt-BR\",\"@id\":\"https:\/\/portalnpm.com\/index.php\/2024\/08\/21\/conheca-a-candidata-a-vereadora-francinete-santos-pelo-pdt-de-sao-juliao\/#primaryimage\",\"url\":\"https:\/\/portalnpm.com\/wp-content\/uploads\/2024\/08\/IMG-20240821-WA1010.jpg\",\"contentUrl\":\"https:\/\/portalnpm.com\/wp-content\/uploads\/2024\/08\/IMG-20240821-WA1010.jpg\",\"width\":1080,\"height\":975},{\"@type\":\"BreadcrumbList\",\"@id\":\"https:\/\/portalnpm.com\/index.php\/2024\/08\/21\/conheca-a-candidata-a-vereadora-francinete-santos-pelo-pdt-de-sao-juliao\/#breadcrumb\",\"itemListElement\":[{\"@type\":\"ListItem\",\"position\":1,\"name\":\"In\u00edcio\",\"item\":\"https:\/\/portalnpm.com\/\"},{\"@type\":\"ListItem\",\"position\":2,\"name\":\"Conhe\u00e7a a candidata a vereadora Francinete Santos pelo PDT de S\u00e3o Juli\u00e3o\"}]},{\"@type\":\"WebSite\",\"@id\":\"https:\/\/portalnpm.com\/#website\",\"url\":\"https:\/\/portalnpm.com\/\",\"name\":\"Portal NPM\",\"description\":\"Not\u00edcias em Primeira M\u00e3o\",\"potentialAction\":[{\"@type\":\"SearchAction\",\"target\":{\"@type\":\"EntryPoint\",\"urlTemplate\":\"https:\/\/portalnpm.com\/?s={search_term_string}\"},\"query-input\":\"required name=search_term_string\"}],\"inLanguage\":\"pt-BR\"},{\"@type\":\"Person\",\"@id\":\"https:\/\/portalnpm.com\/#\/schema\/person\/0b5f230ec96cee25504fa328e7f2b733\",\"name\":\"Reda\u00e7\u00e3o\",\"image\":{\"@type\":\"ImageObject\",\"inLanguage\":\"pt-BR\",\"@id\":\"https:\/\/portalnpm.com\/#\/schema\/person\/image\/\",\"url\":\"https:\/\/portalnpm.com\/wp-content\/uploads\/2024\/03\/avatar_user_4_1710097212-96x96.png\",\"contentUrl\":\"https:\/\/portalnpm.com\/wp-content\/uploads\/2024\/03\/avatar_user_4_1710097212-96x96.png\",\"caption\":\"Reda\u00e7\u00e3o\"},\"url\":\"https:\/\/portalnpm.com\/index.php\/author\/redacao\/\"}]}<\/script>\n<!-- \/ Yoast SEO plugin. -->","yoast_head_json":{"title":"Conhe\u00e7a a candidata a vereadora Francinete Santos pelo PDT de S\u00e3o Juli\u00e3o - Portal NPM","robots":{"index":"index","follow":"follow","max-snippet":"max-snippet:-1","max-image-preview":"max-image-preview:large","max-video-preview":"max-video-preview:-1"},"canonical":"https:\/\/portalnpm.com\/index.php\/2024\/08\/21\/conheca-a-candidata-a-vereadora-francinete-santos-pelo-pdt-de-sao-juliao\/","og_locale":"pt_BR","og_type":"article","og_title":"Conhe\u00e7a a candidata a vereadora Francinete Santos pelo PDT de S\u00e3o Juli\u00e3o - Portal NPM","og_description":"Visando o processo pol\u00edtico-eleitoral de 06 de outubro em S\u00e3o Juli\u00e3o, Piau\u00ed, o Portal NPM inicia uma s\u00e9rie de mat\u00e9rias onde iremos apresentar os postulantes ao legislativo local. Francinete Santos \u00e9 candidata a vereadora pelo PDT e disputar\u00e1 a sua primeira elei\u00e7\u00e3o visando uma das nove vagas no parlamento local, representando a renova\u00e7\u00e3o no cen\u00e1rio &hellip;","og_url":"https:\/\/portalnpm.com\/index.php\/2024\/08\/21\/conheca-a-candidata-a-vereadora-francinete-santos-pelo-pdt-de-sao-juliao\/","og_site_name":"Portal NPM","article_published_time":"2024-08-21T23:14:43+00:00","og_image":[{"width":1080,"height":975,"url":"https:\/\/portalnpm.com\/wp-content\/uploads\/2024\/08\/IMG-20240821-WA1010.jpg","type":"image\/jpeg"}],"author":"Reda\u00e7\u00e3o","twitter_card":"summary_large_image","twitter_misc":{"Escrito por":"Reda\u00e7\u00e3o","Est. tempo de leitura":"2 minutos"},"schema":{"@context":"https:\/\/schema.org","@graph":[{"@type":"WebPage","@id":"https:\/\/portalnpm.com\/index.php\/2024\/08\/21\/conheca-a-candidata-a-vereadora-francinete-santos-pelo-pdt-de-sao-juliao\/","url":"https:\/\/portalnpm.com\/index.php\/2024\/08\/21\/conheca-a-candidata-a-vereadora-francinete-santos-pelo-pdt-de-sao-juliao\/","name":"Conhe\u00e7a a candidata a vereadora Francinete Santos pelo PDT de S\u00e3o Juli\u00e3o - Portal NPM","isPartOf":{"@id":"https:\/\/portalnpm.com\/#website"},"primaryImageOfPage":{"@id":"https:\/\/portalnpm.com\/index.php\/2024\/08\/21\/conheca-a-candidata-a-vereadora-francinete-santos-pelo-pdt-de-sao-juliao\/#primaryimage"},"image":{"@id":"https:\/\/portalnpm.com\/index.php\/2024\/08\/21\/conheca-a-candidata-a-vereadora-francinete-santos-pelo-pdt-de-sao-juliao\/#primaryimage"},"thumbnailUrl":"https:\/\/portalnpm.com\/wp-content\/uploads\/2024\/08\/IMG-20240821-WA1010.jpg","datePublished":"2024-08-21T23:14:43+00:00","dateModified":"2024-08-21T23:14:43+00:00","author":{"@id":"https:\/\/portalnpm.com\/#\/schema\/person\/0b5f230ec96cee25504fa328e7f2b733"},"breadcrumb":{"@id":"https:\/\/portalnpm.com\/index.php\/2024\/08\/21\/conheca-a-candidata-a-vereadora-francinete-santos-pelo-pdt-de-sao-juliao\/#breadcrumb"},"inLanguage":"pt-BR","potentialAction":[{"@type":"ReadAction","target":["https:\/\/portalnpm.com\/index.php\/2024\/08\/21\/conheca-a-candidata-a-vereadora-francinete-santos-pelo-pdt-de-sao-juliao\/"]}]},{"@type":"ImageObject","inLanguage":"pt-BR","@id":"https:\/\/portalnpm.com\/index.php\/2024\/08\/21\/conheca-a-candidata-a-vereadora-francinete-santos-pelo-pdt-de-sao-juliao\/#primaryimage","url":"https:\/\/portalnpm.com\/wp-content\/uploads\/2024\/08\/IMG-20240821-WA1010.jpg","contentUrl":"https:\/\/portalnpm.com\/wp-content\/uploads\/2024\/08\/IMG-20240821-WA1010.jpg","width":1080,"height":975},{"@type":"BreadcrumbList","@id":"https:\/\/portalnpm.com\/index.php\/2024\/08\/21\/conheca-a-candidata-a-vereadora-francinete-santos-pelo-pdt-de-sao-juliao\/#breadcrumb","itemListElement":[{"@type":"ListItem","position":1,"name":"In\u00edcio","item":"https:\/\/portalnpm.com\/"},{"@type":"ListItem","position":2,"name":"Conhe\u00e7a a candidata a vereadora Francinete Santos pelo PDT de S\u00e3o Juli\u00e3o"}]},{"@type":"WebSite","@id":"https:\/\/portalnpm.com\/#website","url":"https:\/\/portalnpm.com\/","name":"Portal NPM","description":"Not\u00edcias em Primeira M\u00e3o","potentialAction":[{"@type":"SearchAction","target":{"@type":"EntryPoint","urlTemplate":"https:\/\/portalnpm.com\/?s={search_term_string}"},"query-input":"required name=search_term_string"}],"inLanguage":"pt-BR"},{"@type":"Person","@id":"https:\/\/portalnpm.com\/#\/schema\/person\/0b5f230ec96cee25504fa328e7f2b733","name":"Reda\u00e7\u00e3o","image":{"@type":"ImageObject","inLanguage":"pt-BR","@id":"https:\/\/portalnpm.com\/#\/schema\/person\/image\/","url":"https:\/\/portalnpm.com\/wp-content\/uploads\/2024\/03\/avatar_user_4_1710097212-96x96.png","contentUrl":"https:\/\/portalnpm.com\/wp-content\/uploads\/2024\/03\/avatar_user_4_1710097212-96x96.png","caption":"Reda\u00e7\u00e3o"},"url":"https:\/\/portalnpm.com\/index.php\/author\/redacao\/"}]}},"jetpack_sharing_enabled":true,"jetpack_featured_media_url":"https:\/\/portalnpm.com\/wp-content\/uploads\/2024\/08\/IMG-20240821-WA1010.jpg","_links":{"self":[{"href":"https:\/\/portalnpm.com\/index.php\/wp-json\/wp\/v2\/posts\/76464"}],"collection":[{"href":"https:\/\/portalnpm.com\/index.php\/wp-json\/wp\/v2\/posts"}],"about":[{"href":"https:\/\/portalnpm.com\/index.php\/wp-json\/wp\/v2\/types\/post"}],"author":[{"embeddable":true,"href":"https:\/\/portalnpm.com\/index.php\/wp-json\/wp\/v2\/users\/4"}],"replies":[{"embeddable":true,"href":"https:\/\/portalnpm.com\/index.php\/wp-json\/wp\/v2\/comments?post=76464"}],"version-history":[{"count":2,"href":"https:\/\/portalnpm.com\/index.php\/wp-json\/wp\/v2\/posts\/76464\/revisions"}],"predecessor-version":[{"id":76467,"href":"https:\/\/portalnpm.com\/index.php\/wp-json\/wp\/v2\/posts\/76464\/revisions\/76467"}],"wp:featuredmedia":[{"embeddable":true,"href":"https:\/\/portalnpm.com\/index.php\/wp-json\/wp\/v2\/media\/76468"}],"wp:attachment":[{"href":"https:\/\/portalnpm.com\/index.php\/wp-json\/wp\/v2\/media?parent=76464"}],"wp:term":[{"taxonomy":"category","embeddable":true,"href":"https:\/\/portalnpm.com\/index.php\/wp-json\/wp\/v2\/categories?post=76464"},{"taxonomy":"post_tag","embeddable":true,"href":"https:\/\/portalnpm.com\/index.php\/wp-json\/wp\/v2\/tags?post=76464"}],"curies":[{"name":"wp","href":"https:\/\/api.w.org\/{rel}","templated":true}]}}