{"id":76469,"date":"2024-08-21T23:21:25","date_gmt":"2024-08-22T02:21:25","guid":{"rendered":"https:\/\/portalnpm.com\/?p=76469"},"modified":"2024-08-21T23:21:25","modified_gmt":"2024-08-22T02:21:25","slug":"exercendo-o-segundo-mandato-de-vereador-em-sao-juliao-acelino-da-regina-disputara-a-reeleicao-pelo-pdt-veja","status":"publish","type":"post","link":"https:\/\/portalnpm.com\/index.php\/2024\/08\/21\/exercendo-o-segundo-mandato-de-vereador-em-sao-juliao-acelino-da-regina-disputara-a-reeleicao-pelo-pdt-veja\/","title":{"rendered":"Exercendo o segundo mandato de vereador em S\u00e3o Juli\u00e3o, Acelino da Regina disputar\u00e1 a reelei\u00e7\u00e3o pelo PDT; veja!"},"content":{"rendered":"<p>Visando o processo pol\u00edtico-eleitoral de 06 de outubro em S\u00e3o Juli\u00e3o, Piau\u00ed, o <strong>Portal NPM<\/strong> inicia uma s\u00e9rie de mat\u00e9rias onde iremos apresentar os postulantes ao legislativo local.<\/p>\n<p>Acelino da Regina \u00e9 candidato \u00e0 reelei\u00e7\u00e3o ao cargo de vereador pelo PDT. O candidato a vereador est\u00e1 disputando sua terceira elei\u00e7\u00e3o, tendo sido eleito pela primeira vez vereador em 2016 com 236 votos, ficando em s\u00e9timo lugar naquele pleito. Foi reeleito em 2020 com 271 votos, ficando em terceiro lugar como o mais votado naquela elei\u00e7\u00e3o e o segundo mais bem votado na sua ent\u00e3o coliga\u00e7\u00e3o.<\/p>\n<p><img fetchpriority=\"high\" decoding=\"async\" class=\"alignnone wp-image-76471 size-full\" src=\"https:\/\/portalnpm.com\/wp-content\/uploads\/2024\/08\/IMG-20240821-WA0695.jpg\" alt=\"\" width=\"720\" height=\"1280\" srcset=\"https:\/\/portalnpm.com\/wp-content\/uploads\/2024\/08\/IMG-20240821-WA0695.jpg 720w, https:\/\/portalnpm.com\/wp-content\/uploads\/2024\/08\/IMG-20240821-WA0695-169x300.jpg 169w, https:\/\/portalnpm.com\/wp-content\/uploads\/2024\/08\/IMG-20240821-WA0695-576x1024.jpg 576w\" sizes=\"(max-width: 720px) 100vw, 720px\" \/><\/p>\n<p>Em conversa com a nossa reda\u00e7\u00e3o, o candidato frisou o desejo de buscar mais uma vez uma vaga na C\u00e2mara Municipal de S\u00e3o Juli\u00e3o.<\/p>\n<p>&#8220;<em>Ol\u00e1, cidad\u00e3os do meu querido S\u00e3o Juli\u00e3o, me chamou Acelino Virg\u00edlio, conhecido como Acelino da Regina. Sou candidato pela terceira vez a vereador em S\u00e3o Juli\u00e3o pelo partido PDT, j\u00e1 fui vereador eleito nos anos de 2016 e em 2020, e busco continuar meu trabalho no parlamento municipal, ajudando as pessoas, principalmente aquelas que mais precisam, e lutar por um S\u00e3o Juli\u00e3o melhor e mais justo. Como candidato a vereador, tenho uma vis\u00e3o clara: construir um munic\u00edpio mais justo, onde todos tenham voz e vez. Meu foco \u00e9 lutar por melhorias na sa\u00fade, na educa\u00e7\u00e3o, na seguran\u00e7a e nas oportunidades de emprego. Estou aqui para trabalhar com honestidade e transpar\u00eancia, como tem sido nos \u00faltimos anos pelos quais atuei como vereador, ouvindo voc\u00eas e atendendo suas necessidades na C\u00e2mara Municipal. Juntos, podemos transformar nossa cidade em um lugar melhor para todos n\u00f3s e para as futuras gera\u00e7\u00f5es<\/em>&#8220;, disse Acelino.<\/p>\n<p>Acelino da Regina tem se destacado no parlamento local como um vereador atuante e tem dado assist\u00eancia ao povo do munic\u00edpio.<\/p>\n<figure id=\"attachment_76298\" aria-describedby=\"caption-attachment-76298\" style=\"width: 2560px\" class=\"wp-caption alignnone\"><img decoding=\"async\" class=\"wp-image-76298 size-full\" src=\"https:\/\/portalnpm.com\/wp-content\/uploads\/2024\/08\/GridArt_20240809_230508519-scaled.jpg\" alt=\"\" width=\"2560\" height=\"1706\" srcset=\"https:\/\/portalnpm.com\/wp-content\/uploads\/2024\/08\/GridArt_20240809_230508519-scaled.jpg 2560w, https:\/\/portalnpm.com\/wp-content\/uploads\/2024\/08\/GridArt_20240809_230508519-300x200.jpg 300w, https:\/\/portalnpm.com\/wp-content\/uploads\/2024\/08\/GridArt_20240809_230508519-1024x683.jpg 1024w, https:\/\/portalnpm.com\/wp-content\/uploads\/2024\/08\/GridArt_20240809_230508519-768x512.jpg 768w, https:\/\/portalnpm.com\/wp-content\/uploads\/2024\/08\/GridArt_20240809_230508519-1536x1024.jpg 1536w, https:\/\/portalnpm.com\/wp-content\/uploads\/2024\/08\/GridArt_20240809_230508519-2048x1365.jpg 2048w\" sizes=\"(max-width: 2560px) 100vw, 2560px\" \/><figcaption id=\"caption-attachment-76298\" class=\"wp-caption-text\">Vereador Acelino da Regina (PDT)<\/figcaption><\/figure>\n<p>A oposi\u00e7\u00e3o de S\u00e3o Juli\u00e3o ser\u00e1 representada na chapa majorit\u00e1ria por Renaldinho (PDT) e Jos\u00e9 Neci (PT), candidatos a prefeito e vice-prefeito, respectivamente, pela Coliga\u00e7\u00e3o \u201cJuntos Para Reconstruir S\u00e3o Juli\u00e3o\u201d.<\/p>\n","protected":false},"excerpt":{"rendered":"<p>Visando o processo pol\u00edtico-eleitoral de 06 de outubro em S\u00e3o Juli\u00e3o, Piau\u00ed, o Portal NPM inicia uma s\u00e9rie de mat\u00e9rias onde iremos apresentar os postulantes ao legislativo local. Acelino da Regina \u00e9 candidato \u00e0 reelei\u00e7\u00e3o ao cargo de vereador pelo PDT. O candidato a vereador est\u00e1 disputando sua terceira elei\u00e7\u00e3o, tendo sido eleito pela primeira &hellip;<\/p>\n","protected":false},"author":4,"featured_media":76473,"comment_status":"open","ping_status":"open","sticky":false,"template":"","format":"standard","meta":{"content-type":"","rop_custom_images_group":[],"rop_custom_messages_group":[],"rop_publish_now":"yes","rop_publish_now_accounts":{"facebook_2648258775420054_1618374048415101":""},"rop_publish_now_history":[],"rop_publish_now_status":"pending","footnotes":"","_jetpack_memberships_contains_paid_content":false},"categories":[113,109,3998],"tags":[14637,836,230,4124,855,15902,1197,1510,475,1184,4419,7317,1196,1158,842,194],"yoast_head":"<!-- This site is optimized with the Yoast SEO plugin v22.3 - https:\/\/yoast.com\/wordpress\/plugins\/seo\/ -->\n<title>Exercendo o segundo mandato de vereador em S\u00e3o Juli\u00e3o, Acelino da Regina disputar\u00e1 a reelei\u00e7\u00e3o pelo PDT; veja! - Portal NPM<\/title>\n<meta name=\"robots\" content=\"index, follow, max-snippet:-1, max-image-preview:large, max-video-preview:-1\" \/>\n<link rel=\"canonical\" href=\"https:\/\/portalnpm.com\/index.php\/2024\/08\/21\/exercendo-o-segundo-mandato-de-vereador-em-sao-juliao-acelino-da-regina-disputara-a-reeleicao-pelo-pdt-veja\/\" \/>\n<meta property=\"og:locale\" content=\"pt_BR\" \/>\n<meta property=\"og:type\" content=\"article\" \/>\n<meta property=\"og:title\" content=\"Exercendo o segundo mandato de vereador em S\u00e3o Juli\u00e3o, Acelino da Regina disputar\u00e1 a reelei\u00e7\u00e3o pelo PDT; veja! - Portal NPM\" \/>\n<meta property=\"og:description\" content=\"Visando o processo pol\u00edtico-eleitoral de 06 de outubro em S\u00e3o Juli\u00e3o, Piau\u00ed, o Portal NPM inicia uma s\u00e9rie de mat\u00e9rias onde iremos apresentar os postulantes ao legislativo local. Acelino da Regina \u00e9 candidato \u00e0 reelei\u00e7\u00e3o ao cargo de vereador pelo PDT. O candidato a vereador est\u00e1 disputando sua terceira elei\u00e7\u00e3o, tendo sido eleito pela primeira &hellip;\" \/>\n<meta property=\"og:url\" content=\"https:\/\/portalnpm.com\/index.php\/2024\/08\/21\/exercendo-o-segundo-mandato-de-vereador-em-sao-juliao-acelino-da-regina-disputara-a-reeleicao-pelo-pdt-veja\/\" \/>\n<meta property=\"og:site_name\" content=\"Portal NPM\" \/>\n<meta property=\"article:published_time\" content=\"2024-08-22T02:21:25+00:00\" \/>\n<meta property=\"og:image\" content=\"https:\/\/portalnpm.com\/wp-content\/uploads\/2024\/08\/IMG-20240821-WA1615.jpg\" \/>\n\t<meta property=\"og:image:width\" content=\"1080\" \/>\n\t<meta property=\"og:image:height\" content=\"1057\" \/>\n\t<meta property=\"og:image:type\" content=\"image\/jpeg\" \/>\n<meta name=\"author\" content=\"Reda\u00e7\u00e3o\" \/>\n<meta name=\"twitter:card\" content=\"summary_large_image\" \/>\n<meta name=\"twitter:label1\" content=\"Escrito por\" \/>\n\t<meta name=\"twitter:data1\" content=\"Reda\u00e7\u00e3o\" \/>\n\t<meta name=\"twitter:label2\" content=\"Est. tempo de leitura\" \/>\n\t<meta name=\"twitter:data2\" content=\"3 minutos\" \/>\n<script type=\"application\/ld+json\" class=\"yoast-schema-graph\">{\"@context\":\"https:\/\/schema.org\",\"@graph\":[{\"@type\":\"WebPage\",\"@id\":\"https:\/\/portalnpm.com\/index.php\/2024\/08\/21\/exercendo-o-segundo-mandato-de-vereador-em-sao-juliao-acelino-da-regina-disputara-a-reeleicao-pelo-pdt-veja\/\",\"url\":\"https:\/\/portalnpm.com\/index.php\/2024\/08\/21\/exercendo-o-segundo-mandato-de-vereador-em-sao-juliao-acelino-da-regina-disputara-a-reeleicao-pelo-pdt-veja\/\",\"name\":\"Exercendo o segundo mandato de vereador em S\u00e3o Juli\u00e3o, Acelino da Regina disputar\u00e1 a reelei\u00e7\u00e3o pelo PDT; veja! - Portal NPM\",\"isPartOf\":{\"@id\":\"https:\/\/portalnpm.com\/#website\"},\"primaryImageOfPage\":{\"@id\":\"https:\/\/portalnpm.com\/index.php\/2024\/08\/21\/exercendo-o-segundo-mandato-de-vereador-em-sao-juliao-acelino-da-regina-disputara-a-reeleicao-pelo-pdt-veja\/#primaryimage\"},\"image\":{\"@id\":\"https:\/\/portalnpm.com\/index.php\/2024\/08\/21\/exercendo-o-segundo-mandato-de-vereador-em-sao-juliao-acelino-da-regina-disputara-a-reeleicao-pelo-pdt-veja\/#primaryimage\"},\"thumbnailUrl\":\"https:\/\/portalnpm.com\/wp-content\/uploads\/2024\/08\/IMG-20240821-WA1615.jpg\",\"datePublished\":\"2024-08-22T02:21:25+00:00\",\"dateModified\":\"2024-08-22T02:21:25+00:00\",\"author\":{\"@id\":\"https:\/\/portalnpm.com\/#\/schema\/person\/0b5f230ec96cee25504fa328e7f2b733\"},\"breadcrumb\":{\"@id\":\"https:\/\/portalnpm.com\/index.php\/2024\/08\/21\/exercendo-o-segundo-mandato-de-vereador-em-sao-juliao-acelino-da-regina-disputara-a-reeleicao-pelo-pdt-veja\/#breadcrumb\"},\"inLanguage\":\"pt-BR\",\"potentialAction\":[{\"@type\":\"ReadAction\",\"target\":[\"https:\/\/portalnpm.com\/index.php\/2024\/08\/21\/exercendo-o-segundo-mandato-de-vereador-em-sao-juliao-acelino-da-regina-disputara-a-reeleicao-pelo-pdt-veja\/\"]}]},{\"@type\":\"ImageObject\",\"inLanguage\":\"pt-BR\",\"@id\":\"https:\/\/portalnpm.com\/index.php\/2024\/08\/21\/exercendo-o-segundo-mandato-de-vereador-em-sao-juliao-acelino-da-regina-disputara-a-reeleicao-pelo-pdt-veja\/#primaryimage\",\"url\":\"https:\/\/portalnpm.com\/wp-content\/uploads\/2024\/08\/IMG-20240821-WA1615.jpg\",\"contentUrl\":\"https:\/\/portalnpm.com\/wp-content\/uploads\/2024\/08\/IMG-20240821-WA1615.jpg\",\"width\":1080,\"height\":1057},{\"@type\":\"BreadcrumbList\",\"@id\":\"https:\/\/portalnpm.com\/index.php\/2024\/08\/21\/exercendo-o-segundo-mandato-de-vereador-em-sao-juliao-acelino-da-regina-disputara-a-reeleicao-pelo-pdt-veja\/#breadcrumb\",\"itemListElement\":[{\"@type\":\"ListItem\",\"position\":1,\"name\":\"In\u00edcio\",\"item\":\"https:\/\/portalnpm.com\/\"},{\"@type\":\"ListItem\",\"position\":2,\"name\":\"Exercendo o segundo mandato de vereador em S\u00e3o Juli\u00e3o, Acelino da Regina disputar\u00e1 a reelei\u00e7\u00e3o pelo PDT; veja!\"}]},{\"@type\":\"WebSite\",\"@id\":\"https:\/\/portalnpm.com\/#website\",\"url\":\"https:\/\/portalnpm.com\/\",\"name\":\"Portal NPM\",\"description\":\"Not\u00edcias em Primeira M\u00e3o\",\"potentialAction\":[{\"@type\":\"SearchAction\",\"target\":{\"@type\":\"EntryPoint\",\"urlTemplate\":\"https:\/\/portalnpm.com\/?s={search_term_string}\"},\"query-input\":\"required name=search_term_string\"}],\"inLanguage\":\"pt-BR\"},{\"@type\":\"Person\",\"@id\":\"https:\/\/portalnpm.com\/#\/schema\/person\/0b5f230ec96cee25504fa328e7f2b733\",\"name\":\"Reda\u00e7\u00e3o\",\"image\":{\"@type\":\"ImageObject\",\"inLanguage\":\"pt-BR\",\"@id\":\"https:\/\/portalnpm.com\/#\/schema\/person\/image\/\",\"url\":\"https:\/\/portalnpm.com\/wp-content\/uploads\/2024\/03\/avatar_user_4_1710097212-96x96.png\",\"contentUrl\":\"https:\/\/portalnpm.com\/wp-content\/uploads\/2024\/03\/avatar_user_4_1710097212-96x96.png\",\"caption\":\"Reda\u00e7\u00e3o\"},\"url\":\"https:\/\/portalnpm.com\/index.php\/author\/redacao\/\"}]}<\/script>\n<!-- \/ Yoast SEO plugin. -->","yoast_head_json":{"title":"Exercendo o segundo mandato de vereador em S\u00e3o Juli\u00e3o, Acelino da Regina disputar\u00e1 a reelei\u00e7\u00e3o pelo PDT; veja! - Portal NPM","robots":{"index":"index","follow":"follow","max-snippet":"max-snippet:-1","max-image-preview":"max-image-preview:large","max-video-preview":"max-video-preview:-1"},"canonical":"https:\/\/portalnpm.com\/index.php\/2024\/08\/21\/exercendo-o-segundo-mandato-de-vereador-em-sao-juliao-acelino-da-regina-disputara-a-reeleicao-pelo-pdt-veja\/","og_locale":"pt_BR","og_type":"article","og_title":"Exercendo o segundo mandato de vereador em S\u00e3o Juli\u00e3o, Acelino da Regina disputar\u00e1 a reelei\u00e7\u00e3o pelo PDT; veja! - Portal NPM","og_description":"Visando o processo pol\u00edtico-eleitoral de 06 de outubro em S\u00e3o Juli\u00e3o, Piau\u00ed, o Portal NPM inicia uma s\u00e9rie de mat\u00e9rias onde iremos apresentar os postulantes ao legislativo local. Acelino da Regina \u00e9 candidato \u00e0 reelei\u00e7\u00e3o ao cargo de vereador pelo PDT. O candidato a vereador est\u00e1 disputando sua terceira elei\u00e7\u00e3o, tendo sido eleito pela primeira &hellip;","og_url":"https:\/\/portalnpm.com\/index.php\/2024\/08\/21\/exercendo-o-segundo-mandato-de-vereador-em-sao-juliao-acelino-da-regina-disputara-a-reeleicao-pelo-pdt-veja\/","og_site_name":"Portal NPM","article_published_time":"2024-08-22T02:21:25+00:00","og_image":[{"width":1080,"height":1057,"url":"https:\/\/portalnpm.com\/wp-content\/uploads\/2024\/08\/IMG-20240821-WA1615.jpg","type":"image\/jpeg"}],"author":"Reda\u00e7\u00e3o","twitter_card":"summary_large_image","twitter_misc":{"Escrito por":"Reda\u00e7\u00e3o","Est. tempo de leitura":"3 minutos"},"schema":{"@context":"https:\/\/schema.org","@graph":[{"@type":"WebPage","@id":"https:\/\/portalnpm.com\/index.php\/2024\/08\/21\/exercendo-o-segundo-mandato-de-vereador-em-sao-juliao-acelino-da-regina-disputara-a-reeleicao-pelo-pdt-veja\/","url":"https:\/\/portalnpm.com\/index.php\/2024\/08\/21\/exercendo-o-segundo-mandato-de-vereador-em-sao-juliao-acelino-da-regina-disputara-a-reeleicao-pelo-pdt-veja\/","name":"Exercendo o segundo mandato de vereador em S\u00e3o Juli\u00e3o, Acelino da Regina disputar\u00e1 a reelei\u00e7\u00e3o pelo PDT; veja! - Portal NPM","isPartOf":{"@id":"https:\/\/portalnpm.com\/#website"},"primaryImageOfPage":{"@id":"https:\/\/portalnpm.com\/index.php\/2024\/08\/21\/exercendo-o-segundo-mandato-de-vereador-em-sao-juliao-acelino-da-regina-disputara-a-reeleicao-pelo-pdt-veja\/#primaryimage"},"image":{"@id":"https:\/\/portalnpm.com\/index.php\/2024\/08\/21\/exercendo-o-segundo-mandato-de-vereador-em-sao-juliao-acelino-da-regina-disputara-a-reeleicao-pelo-pdt-veja\/#primaryimage"},"thumbnailUrl":"https:\/\/portalnpm.com\/wp-content\/uploads\/2024\/08\/IMG-20240821-WA1615.jpg","datePublished":"2024-08-22T02:21:25+00:00","dateModified":"2024-08-22T02:21:25+00:00","author":{"@id":"https:\/\/portalnpm.com\/#\/schema\/person\/0b5f230ec96cee25504fa328e7f2b733"},"breadcrumb":{"@id":"https:\/\/portalnpm.com\/index.php\/2024\/08\/21\/exercendo-o-segundo-mandato-de-vereador-em-sao-juliao-acelino-da-regina-disputara-a-reeleicao-pelo-pdt-veja\/#breadcrumb"},"inLanguage":"pt-BR","potentialAction":[{"@type":"ReadAction","target":["https:\/\/portalnpm.com\/index.php\/2024\/08\/21\/exercendo-o-segundo-mandato-de-vereador-em-sao-juliao-acelino-da-regina-disputara-a-reeleicao-pelo-pdt-veja\/"]}]},{"@type":"ImageObject","inLanguage":"pt-BR","@id":"https:\/\/portalnpm.com\/index.php\/2024\/08\/21\/exercendo-o-segundo-mandato-de-vereador-em-sao-juliao-acelino-da-regina-disputara-a-reeleicao-pelo-pdt-veja\/#primaryimage","url":"https:\/\/portalnpm.com\/wp-content\/uploads\/2024\/08\/IMG-20240821-WA1615.jpg","contentUrl":"https:\/\/portalnpm.com\/wp-content\/uploads\/2024\/08\/IMG-20240821-WA1615.jpg","width":1080,"height":1057},{"@type":"BreadcrumbList","@id":"https:\/\/portalnpm.com\/index.php\/2024\/08\/21\/exercendo-o-segundo-mandato-de-vereador-em-sao-juliao-acelino-da-regina-disputara-a-reeleicao-pelo-pdt-veja\/#breadcrumb","itemListElement":[{"@type":"ListItem","position":1,"name":"In\u00edcio","item":"https:\/\/portalnpm.com\/"},{"@type":"ListItem","position":2,"name":"Exercendo o segundo mandato de vereador em S\u00e3o Juli\u00e3o, Acelino da Regina disputar\u00e1 a reelei\u00e7\u00e3o pelo PDT; veja!"}]},{"@type":"WebSite","@id":"https:\/\/portalnpm.com\/#website","url":"https:\/\/portalnpm.com\/","name":"Portal NPM","description":"Not\u00edcias em Primeira M\u00e3o","potentialAction":[{"@type":"SearchAction","target":{"@type":"EntryPoint","urlTemplate":"https:\/\/portalnpm.com\/?s={search_term_string}"},"query-input":"required name=search_term_string"}],"inLanguage":"pt-BR"},{"@type":"Person","@id":"https:\/\/portalnpm.com\/#\/schema\/person\/0b5f230ec96cee25504fa328e7f2b733","name":"Reda\u00e7\u00e3o","image":{"@type":"ImageObject","inLanguage":"pt-BR","@id":"https:\/\/portalnpm.com\/#\/schema\/person\/image\/","url":"https:\/\/portalnpm.com\/wp-content\/uploads\/2024\/03\/avatar_user_4_1710097212-96x96.png","contentUrl":"https:\/\/portalnpm.com\/wp-content\/uploads\/2024\/03\/avatar_user_4_1710097212-96x96.png","caption":"Reda\u00e7\u00e3o"},"url":"https:\/\/portalnpm.com\/index.php\/author\/redacao\/"}]}},"jetpack_sharing_enabled":true,"jetpack_featured_media_url":"https:\/\/portalnpm.com\/wp-content\/uploads\/2024\/08\/IMG-20240821-WA1615.jpg","_links":{"self":[{"href":"https:\/\/portalnpm.com\/index.php\/wp-json\/wp\/v2\/posts\/76469"}],"collection":[{"href":"https:\/\/portalnpm.com\/index.php\/wp-json\/wp\/v2\/posts"}],"about":[{"href":"https:\/\/portalnpm.com\/index.php\/wp-json\/wp\/v2\/types\/post"}],"author":[{"embeddable":true,"href":"https:\/\/portalnpm.com\/index.php\/wp-json\/wp\/v2\/users\/4"}],"replies":[{"embeddable":true,"href":"https:\/\/portalnpm.com\/index.php\/wp-json\/wp\/v2\/comments?post=76469"}],"version-history":[{"count":3,"href":"https:\/\/portalnpm.com\/index.php\/wp-json\/wp\/v2\/posts\/76469\/revisions"}],"predecessor-version":[{"id":76474,"href":"https:\/\/portalnpm.com\/index.php\/wp-json\/wp\/v2\/posts\/76469\/revisions\/76474"}],"wp:featuredmedia":[{"embeddable":true,"href":"https:\/\/portalnpm.com\/index.php\/wp-json\/wp\/v2\/media\/76473"}],"wp:attachment":[{"href":"https:\/\/portalnpm.com\/index.php\/wp-json\/wp\/v2\/media?parent=76469"}],"wp:term":[{"taxonomy":"category","embeddable":true,"href":"https:\/\/portalnpm.com\/index.php\/wp-json\/wp\/v2\/categories?post=76469"},{"taxonomy":"post_tag","embeddable":true,"href":"https:\/\/portalnpm.com\/index.php\/wp-json\/wp\/v2\/tags?post=76469"}],"curies":[{"name":"wp","href":"https:\/\/api.w.org\/{rel}","templated":true}]}}