{"id":76475,"date":"2024-08-22T00:40:04","date_gmt":"2024-08-22T03:40:04","guid":{"rendered":"https:\/\/portalnpm.com\/?p=76475"},"modified":"2024-08-22T00:40:04","modified_gmt":"2024-08-22T03:40:04","slug":"agricultor-ze-balduino-disputara-uma-vaga-na-camara-municipal-de-vereadores-de-sao-juliao-pelo-pdt-veja","status":"publish","type":"post","link":"https:\/\/portalnpm.com\/index.php\/2024\/08\/22\/agricultor-ze-balduino-disputara-uma-vaga-na-camara-municipal-de-vereadores-de-sao-juliao-pelo-pdt-veja\/","title":{"rendered":"Agricultor Z\u00e9 Baldu\u00edno disputar\u00e1 uma vaga na C\u00e2mara Municipal de Vereadores de S\u00e3o Juli\u00e3o pelo PDT; veja!"},"content":{"rendered":"<p>Visando o processo pol\u00edtico-eleitoral de 06 de outubro em S\u00e3o Juli\u00e3o, Piau\u00ed, o <strong>Portal NPM<\/strong> inicia uma s\u00e9rie de mat\u00e9rias onde iremos apresentar os postulantes ao legislativo local.<\/p>\n<p>Z\u00e9 Baldu\u00edno \u00e9 candidato a vereador pelo PDT, tornando-se a sua primeira vez na disputa por uma vaga no poder legislativo municipal. O agricultor busca se eleger e ser uma voz ativa do homem do campo na C\u00e2mara de Vereadores.<\/p>\n<p><img fetchpriority=\"high\" decoding=\"async\" class=\"alignnone wp-image-76476 size-full\" src=\"https:\/\/portalnpm.com\/wp-content\/uploads\/2024\/08\/IMG-20240821-WA0716.jpg\" alt=\"\" width=\"720\" height=\"1280\" srcset=\"https:\/\/portalnpm.com\/wp-content\/uploads\/2024\/08\/IMG-20240821-WA0716.jpg 720w, https:\/\/portalnpm.com\/wp-content\/uploads\/2024\/08\/IMG-20240821-WA0716-169x300.jpg 169w, https:\/\/portalnpm.com\/wp-content\/uploads\/2024\/08\/IMG-20240821-WA0716-576x1024.jpg 576w\" sizes=\"(max-width: 720px) 100vw, 720px\" \/><\/p>\n<p>Em conversa com nossa reda\u00e7\u00e3o, o candidato falou sobre seu desejo e empenho em buscar uma vaga como vereador na C\u00e2mara do munic\u00edpio.<\/p>\n<p>&#8220;<em>Meus amigos de S\u00e3o Juli\u00e3o, me chamo Z\u00e9 Baldu\u00edno, venho de uma fam\u00edlia humilde, de um pequeno interior do munic\u00edpio e me lan\u00e7o como candidato a vereador visando trabalhar incansavelmente para transformar nossa cidade em um lugar melhor e justo para todos n\u00f3s. Quero ajudar nossa cidade e os cidad\u00e3os dela, principalmente os mais humildes, quero fazer com que nosso munic\u00edpio evolua em todos os setores, pretendo ajudar nas \u00e1reas da educa\u00e7\u00e3o e sa\u00fade, que s\u00e3o de extrema import\u00e2ncia para todos n\u00f3s, e estarei sempre trabalhando visando o bem-estar do povo. Quero trabalhar juntamente com todos voc\u00eas em prol de uma cidade justa, que procura sempre solu\u00e7\u00f5es que beneficiem a cidade como um todo<\/em>&#8220;, disse Z\u00e9 Baldu\u00edno.<\/p>\n<p>Z\u00e9 Baldu\u00edno \u00e9 bastante conhecido em S\u00e3o Juli\u00e3o, inclusive j\u00e1 realizou a\u00e7\u00f5es solid\u00e1rias no munic\u00edpio, como, por exemplo, na \u00e9poca do Natal, com doa\u00e7\u00f5es de cestas b\u00e1sicas para as fam\u00edlias carentes.<\/p>\n<p>A oposi\u00e7\u00e3o de S\u00e3o Juli\u00e3o ser\u00e1 representada na chapa majorit\u00e1ria por Renaldinho (PDT) e Jos\u00e9 Neci (PT), candidatos a prefeito e vice-prefeito, respectivamente, pela Coliga\u00e7\u00e3o \u201cJuntos Para Reconstruir S\u00e3o Juli\u00e3o\u201d.<\/p>\n","protected":false},"excerpt":{"rendered":"<p>Visando o processo pol\u00edtico-eleitoral de 06 de outubro em S\u00e3o Juli\u00e3o, Piau\u00ed, o Portal NPM inicia uma s\u00e9rie de mat\u00e9rias onde iremos apresentar os postulantes ao legislativo local. Z\u00e9 Baldu\u00edno \u00e9 candidato a vereador pelo PDT, tornando-se a sua primeira vez na disputa por uma vaga no poder legislativo municipal. O agricultor busca se eleger &hellip;<\/p>\n","protected":false},"author":4,"featured_media":76479,"comment_status":"open","ping_status":"open","sticky":false,"template":"","format":"standard","meta":{"content-type":"","rop_custom_images_group":[],"rop_custom_messages_group":[],"rop_publish_now":"yes","rop_publish_now_accounts":{"facebook_2648258775420054_1618374048415101":""},"rop_publish_now_history":[],"rop_publish_now_status":"pending","footnotes":"","_jetpack_memberships_contains_paid_content":false},"categories":[113,109,3998],"tags":[1305,15903,526,230,4124,1197,1923,911,475,1184,1196,4144,2427,842,3337,4523],"yoast_head":"<!-- This site is optimized with the Yoast SEO plugin v22.3 - https:\/\/yoast.com\/wordpress\/plugins\/seo\/ -->\n<title>Agricultor Z\u00e9 Baldu\u00edno disputar\u00e1 uma vaga na C\u00e2mara Municipal de Vereadores de S\u00e3o Juli\u00e3o pelo PDT; veja! - Portal NPM<\/title>\n<meta name=\"robots\" content=\"index, follow, max-snippet:-1, max-image-preview:large, max-video-preview:-1\" \/>\n<link rel=\"canonical\" href=\"https:\/\/portalnpm.com\/index.php\/2024\/08\/22\/agricultor-ze-balduino-disputara-uma-vaga-na-camara-municipal-de-vereadores-de-sao-juliao-pelo-pdt-veja\/\" \/>\n<meta property=\"og:locale\" content=\"pt_BR\" \/>\n<meta property=\"og:type\" content=\"article\" \/>\n<meta property=\"og:title\" content=\"Agricultor Z\u00e9 Baldu\u00edno disputar\u00e1 uma vaga na C\u00e2mara Municipal de Vereadores de S\u00e3o Juli\u00e3o pelo PDT; veja! - Portal NPM\" \/>\n<meta property=\"og:description\" content=\"Visando o processo pol\u00edtico-eleitoral de 06 de outubro em S\u00e3o Juli\u00e3o, Piau\u00ed, o Portal NPM inicia uma s\u00e9rie de mat\u00e9rias onde iremos apresentar os postulantes ao legislativo local. Z\u00e9 Baldu\u00edno \u00e9 candidato a vereador pelo PDT, tornando-se a sua primeira vez na disputa por uma vaga no poder legislativo municipal. O agricultor busca se eleger &hellip;\" \/>\n<meta property=\"og:url\" content=\"https:\/\/portalnpm.com\/index.php\/2024\/08\/22\/agricultor-ze-balduino-disputara-uma-vaga-na-camara-municipal-de-vereadores-de-sao-juliao-pelo-pdt-veja\/\" \/>\n<meta property=\"og:site_name\" content=\"Portal NPM\" \/>\n<meta property=\"article:published_time\" content=\"2024-08-22T03:40:04+00:00\" \/>\n<meta property=\"og:image\" content=\"https:\/\/portalnpm.com\/wp-content\/uploads\/2024\/08\/IMG-20240821-WA1650.jpg\" \/>\n\t<meta property=\"og:image:width\" content=\"1080\" \/>\n\t<meta property=\"og:image:height\" content=\"934\" \/>\n\t<meta property=\"og:image:type\" content=\"image\/jpeg\" \/>\n<meta name=\"author\" content=\"Reda\u00e7\u00e3o\" \/>\n<meta name=\"twitter:card\" content=\"summary_large_image\" \/>\n<meta name=\"twitter:label1\" content=\"Escrito por\" \/>\n\t<meta name=\"twitter:data1\" content=\"Reda\u00e7\u00e3o\" \/>\n\t<meta name=\"twitter:label2\" content=\"Est. tempo de leitura\" \/>\n\t<meta name=\"twitter:data2\" content=\"2 minutos\" \/>\n<script type=\"application\/ld+json\" class=\"yoast-schema-graph\">{\"@context\":\"https:\/\/schema.org\",\"@graph\":[{\"@type\":\"WebPage\",\"@id\":\"https:\/\/portalnpm.com\/index.php\/2024\/08\/22\/agricultor-ze-balduino-disputara-uma-vaga-na-camara-municipal-de-vereadores-de-sao-juliao-pelo-pdt-veja\/\",\"url\":\"https:\/\/portalnpm.com\/index.php\/2024\/08\/22\/agricultor-ze-balduino-disputara-uma-vaga-na-camara-municipal-de-vereadores-de-sao-juliao-pelo-pdt-veja\/\",\"name\":\"Agricultor Z\u00e9 Baldu\u00edno disputar\u00e1 uma vaga na C\u00e2mara Municipal de Vereadores de S\u00e3o Juli\u00e3o pelo PDT; veja! - Portal NPM\",\"isPartOf\":{\"@id\":\"https:\/\/portalnpm.com\/#website\"},\"primaryImageOfPage\":{\"@id\":\"https:\/\/portalnpm.com\/index.php\/2024\/08\/22\/agricultor-ze-balduino-disputara-uma-vaga-na-camara-municipal-de-vereadores-de-sao-juliao-pelo-pdt-veja\/#primaryimage\"},\"image\":{\"@id\":\"https:\/\/portalnpm.com\/index.php\/2024\/08\/22\/agricultor-ze-balduino-disputara-uma-vaga-na-camara-municipal-de-vereadores-de-sao-juliao-pelo-pdt-veja\/#primaryimage\"},\"thumbnailUrl\":\"https:\/\/portalnpm.com\/wp-content\/uploads\/2024\/08\/IMG-20240821-WA1650.jpg\",\"datePublished\":\"2024-08-22T03:40:04+00:00\",\"dateModified\":\"2024-08-22T03:40:04+00:00\",\"author\":{\"@id\":\"https:\/\/portalnpm.com\/#\/schema\/person\/0b5f230ec96cee25504fa328e7f2b733\"},\"breadcrumb\":{\"@id\":\"https:\/\/portalnpm.com\/index.php\/2024\/08\/22\/agricultor-ze-balduino-disputara-uma-vaga-na-camara-municipal-de-vereadores-de-sao-juliao-pelo-pdt-veja\/#breadcrumb\"},\"inLanguage\":\"pt-BR\",\"potentialAction\":[{\"@type\":\"ReadAction\",\"target\":[\"https:\/\/portalnpm.com\/index.php\/2024\/08\/22\/agricultor-ze-balduino-disputara-uma-vaga-na-camara-municipal-de-vereadores-de-sao-juliao-pelo-pdt-veja\/\"]}]},{\"@type\":\"ImageObject\",\"inLanguage\":\"pt-BR\",\"@id\":\"https:\/\/portalnpm.com\/index.php\/2024\/08\/22\/agricultor-ze-balduino-disputara-uma-vaga-na-camara-municipal-de-vereadores-de-sao-juliao-pelo-pdt-veja\/#primaryimage\",\"url\":\"https:\/\/portalnpm.com\/wp-content\/uploads\/2024\/08\/IMG-20240821-WA1650.jpg\",\"contentUrl\":\"https:\/\/portalnpm.com\/wp-content\/uploads\/2024\/08\/IMG-20240821-WA1650.jpg\",\"width\":1080,\"height\":934},{\"@type\":\"BreadcrumbList\",\"@id\":\"https:\/\/portalnpm.com\/index.php\/2024\/08\/22\/agricultor-ze-balduino-disputara-uma-vaga-na-camara-municipal-de-vereadores-de-sao-juliao-pelo-pdt-veja\/#breadcrumb\",\"itemListElement\":[{\"@type\":\"ListItem\",\"position\":1,\"name\":\"In\u00edcio\",\"item\":\"https:\/\/portalnpm.com\/\"},{\"@type\":\"ListItem\",\"position\":2,\"name\":\"Agricultor Z\u00e9 Baldu\u00edno disputar\u00e1 uma vaga na C\u00e2mara Municipal de Vereadores de S\u00e3o Juli\u00e3o pelo PDT; veja!\"}]},{\"@type\":\"WebSite\",\"@id\":\"https:\/\/portalnpm.com\/#website\",\"url\":\"https:\/\/portalnpm.com\/\",\"name\":\"Portal NPM\",\"description\":\"Not\u00edcias em Primeira M\u00e3o\",\"potentialAction\":[{\"@type\":\"SearchAction\",\"target\":{\"@type\":\"EntryPoint\",\"urlTemplate\":\"https:\/\/portalnpm.com\/?s={search_term_string}\"},\"query-input\":\"required name=search_term_string\"}],\"inLanguage\":\"pt-BR\"},{\"@type\":\"Person\",\"@id\":\"https:\/\/portalnpm.com\/#\/schema\/person\/0b5f230ec96cee25504fa328e7f2b733\",\"name\":\"Reda\u00e7\u00e3o\",\"image\":{\"@type\":\"ImageObject\",\"inLanguage\":\"pt-BR\",\"@id\":\"https:\/\/portalnpm.com\/#\/schema\/person\/image\/\",\"url\":\"https:\/\/portalnpm.com\/wp-content\/uploads\/2024\/03\/avatar_user_4_1710097212-96x96.png\",\"contentUrl\":\"https:\/\/portalnpm.com\/wp-content\/uploads\/2024\/03\/avatar_user_4_1710097212-96x96.png\",\"caption\":\"Reda\u00e7\u00e3o\"},\"url\":\"https:\/\/portalnpm.com\/index.php\/author\/redacao\/\"}]}<\/script>\n<!-- \/ Yoast SEO plugin. -->","yoast_head_json":{"title":"Agricultor Z\u00e9 Baldu\u00edno disputar\u00e1 uma vaga na C\u00e2mara Municipal de Vereadores de S\u00e3o Juli\u00e3o pelo PDT; veja! - Portal NPM","robots":{"index":"index","follow":"follow","max-snippet":"max-snippet:-1","max-image-preview":"max-image-preview:large","max-video-preview":"max-video-preview:-1"},"canonical":"https:\/\/portalnpm.com\/index.php\/2024\/08\/22\/agricultor-ze-balduino-disputara-uma-vaga-na-camara-municipal-de-vereadores-de-sao-juliao-pelo-pdt-veja\/","og_locale":"pt_BR","og_type":"article","og_title":"Agricultor Z\u00e9 Baldu\u00edno disputar\u00e1 uma vaga na C\u00e2mara Municipal de Vereadores de S\u00e3o Juli\u00e3o pelo PDT; veja! - Portal NPM","og_description":"Visando o processo pol\u00edtico-eleitoral de 06 de outubro em S\u00e3o Juli\u00e3o, Piau\u00ed, o Portal NPM inicia uma s\u00e9rie de mat\u00e9rias onde iremos apresentar os postulantes ao legislativo local. Z\u00e9 Baldu\u00edno \u00e9 candidato a vereador pelo PDT, tornando-se a sua primeira vez na disputa por uma vaga no poder legislativo municipal. O agricultor busca se eleger &hellip;","og_url":"https:\/\/portalnpm.com\/index.php\/2024\/08\/22\/agricultor-ze-balduino-disputara-uma-vaga-na-camara-municipal-de-vereadores-de-sao-juliao-pelo-pdt-veja\/","og_site_name":"Portal NPM","article_published_time":"2024-08-22T03:40:04+00:00","og_image":[{"width":1080,"height":934,"url":"https:\/\/portalnpm.com\/wp-content\/uploads\/2024\/08\/IMG-20240821-WA1650.jpg","type":"image\/jpeg"}],"author":"Reda\u00e7\u00e3o","twitter_card":"summary_large_image","twitter_misc":{"Escrito por":"Reda\u00e7\u00e3o","Est. tempo de leitura":"2 minutos"},"schema":{"@context":"https:\/\/schema.org","@graph":[{"@type":"WebPage","@id":"https:\/\/portalnpm.com\/index.php\/2024\/08\/22\/agricultor-ze-balduino-disputara-uma-vaga-na-camara-municipal-de-vereadores-de-sao-juliao-pelo-pdt-veja\/","url":"https:\/\/portalnpm.com\/index.php\/2024\/08\/22\/agricultor-ze-balduino-disputara-uma-vaga-na-camara-municipal-de-vereadores-de-sao-juliao-pelo-pdt-veja\/","name":"Agricultor Z\u00e9 Baldu\u00edno disputar\u00e1 uma vaga na C\u00e2mara Municipal de Vereadores de S\u00e3o Juli\u00e3o pelo PDT; veja! - Portal NPM","isPartOf":{"@id":"https:\/\/portalnpm.com\/#website"},"primaryImageOfPage":{"@id":"https:\/\/portalnpm.com\/index.php\/2024\/08\/22\/agricultor-ze-balduino-disputara-uma-vaga-na-camara-municipal-de-vereadores-de-sao-juliao-pelo-pdt-veja\/#primaryimage"},"image":{"@id":"https:\/\/portalnpm.com\/index.php\/2024\/08\/22\/agricultor-ze-balduino-disputara-uma-vaga-na-camara-municipal-de-vereadores-de-sao-juliao-pelo-pdt-veja\/#primaryimage"},"thumbnailUrl":"https:\/\/portalnpm.com\/wp-content\/uploads\/2024\/08\/IMG-20240821-WA1650.jpg","datePublished":"2024-08-22T03:40:04+00:00","dateModified":"2024-08-22T03:40:04+00:00","author":{"@id":"https:\/\/portalnpm.com\/#\/schema\/person\/0b5f230ec96cee25504fa328e7f2b733"},"breadcrumb":{"@id":"https:\/\/portalnpm.com\/index.php\/2024\/08\/22\/agricultor-ze-balduino-disputara-uma-vaga-na-camara-municipal-de-vereadores-de-sao-juliao-pelo-pdt-veja\/#breadcrumb"},"inLanguage":"pt-BR","potentialAction":[{"@type":"ReadAction","target":["https:\/\/portalnpm.com\/index.php\/2024\/08\/22\/agricultor-ze-balduino-disputara-uma-vaga-na-camara-municipal-de-vereadores-de-sao-juliao-pelo-pdt-veja\/"]}]},{"@type":"ImageObject","inLanguage":"pt-BR","@id":"https:\/\/portalnpm.com\/index.php\/2024\/08\/22\/agricultor-ze-balduino-disputara-uma-vaga-na-camara-municipal-de-vereadores-de-sao-juliao-pelo-pdt-veja\/#primaryimage","url":"https:\/\/portalnpm.com\/wp-content\/uploads\/2024\/08\/IMG-20240821-WA1650.jpg","contentUrl":"https:\/\/portalnpm.com\/wp-content\/uploads\/2024\/08\/IMG-20240821-WA1650.jpg","width":1080,"height":934},{"@type":"BreadcrumbList","@id":"https:\/\/portalnpm.com\/index.php\/2024\/08\/22\/agricultor-ze-balduino-disputara-uma-vaga-na-camara-municipal-de-vereadores-de-sao-juliao-pelo-pdt-veja\/#breadcrumb","itemListElement":[{"@type":"ListItem","position":1,"name":"In\u00edcio","item":"https:\/\/portalnpm.com\/"},{"@type":"ListItem","position":2,"name":"Agricultor Z\u00e9 Baldu\u00edno disputar\u00e1 uma vaga na C\u00e2mara Municipal de Vereadores de S\u00e3o Juli\u00e3o pelo PDT; veja!"}]},{"@type":"WebSite","@id":"https:\/\/portalnpm.com\/#website","url":"https:\/\/portalnpm.com\/","name":"Portal NPM","description":"Not\u00edcias em Primeira M\u00e3o","potentialAction":[{"@type":"SearchAction","target":{"@type":"EntryPoint","urlTemplate":"https:\/\/portalnpm.com\/?s={search_term_string}"},"query-input":"required name=search_term_string"}],"inLanguage":"pt-BR"},{"@type":"Person","@id":"https:\/\/portalnpm.com\/#\/schema\/person\/0b5f230ec96cee25504fa328e7f2b733","name":"Reda\u00e7\u00e3o","image":{"@type":"ImageObject","inLanguage":"pt-BR","@id":"https:\/\/portalnpm.com\/#\/schema\/person\/image\/","url":"https:\/\/portalnpm.com\/wp-content\/uploads\/2024\/03\/avatar_user_4_1710097212-96x96.png","contentUrl":"https:\/\/portalnpm.com\/wp-content\/uploads\/2024\/03\/avatar_user_4_1710097212-96x96.png","caption":"Reda\u00e7\u00e3o"},"url":"https:\/\/portalnpm.com\/index.php\/author\/redacao\/"}]}},"jetpack_sharing_enabled":true,"jetpack_featured_media_url":"https:\/\/portalnpm.com\/wp-content\/uploads\/2024\/08\/IMG-20240821-WA1650.jpg","_links":{"self":[{"href":"https:\/\/portalnpm.com\/index.php\/wp-json\/wp\/v2\/posts\/76475"}],"collection":[{"href":"https:\/\/portalnpm.com\/index.php\/wp-json\/wp\/v2\/posts"}],"about":[{"href":"https:\/\/portalnpm.com\/index.php\/wp-json\/wp\/v2\/types\/post"}],"author":[{"embeddable":true,"href":"https:\/\/portalnpm.com\/index.php\/wp-json\/wp\/v2\/users\/4"}],"replies":[{"embeddable":true,"href":"https:\/\/portalnpm.com\/index.php\/wp-json\/wp\/v2\/comments?post=76475"}],"version-history":[{"count":3,"href":"https:\/\/portalnpm.com\/index.php\/wp-json\/wp\/v2\/posts\/76475\/revisions"}],"predecessor-version":[{"id":76480,"href":"https:\/\/portalnpm.com\/index.php\/wp-json\/wp\/v2\/posts\/76475\/revisions\/76480"}],"wp:featuredmedia":[{"embeddable":true,"href":"https:\/\/portalnpm.com\/index.php\/wp-json\/wp\/v2\/media\/76479"}],"wp:attachment":[{"href":"https:\/\/portalnpm.com\/index.php\/wp-json\/wp\/v2\/media?parent=76475"}],"wp:term":[{"taxonomy":"category","embeddable":true,"href":"https:\/\/portalnpm.com\/index.php\/wp-json\/wp\/v2\/categories?post=76475"},{"taxonomy":"post_tag","embeddable":true,"href":"https:\/\/portalnpm.com\/index.php\/wp-json\/wp\/v2\/tags?post=76475"}],"curies":[{"name":"wp","href":"https:\/\/api.w.org\/{rel}","templated":true}]}}