{"id":76505,"date":"2024-08-24T01:51:29","date_gmt":"2024-08-24T04:51:29","guid":{"rendered":"https:\/\/portalnpm.com\/?p=76505"},"modified":"2024-08-24T01:51:29","modified_gmt":"2024-08-24T04:51:29","slug":"sao-juliao-rosileide-do-carlinho-coloca-seu-nome-novamente-na-disputa-por-uma-vaga-na-camara-municipal-de-vereadores-pelo-pt-veja","status":"publish","type":"post","link":"https:\/\/portalnpm.com\/index.php\/2024\/08\/24\/sao-juliao-rosileide-do-carlinho-coloca-seu-nome-novamente-na-disputa-por-uma-vaga-na-camara-municipal-de-vereadores-pelo-pt-veja\/","title":{"rendered":"S\u00e3o Juli\u00e3o | Rosileide do Carlinho coloca seu nome novamente na disputa por uma vaga na C\u00e2mara Municipal de Vereadores pelo PT; veja!"},"content":{"rendered":"<p>Visando o processo pol\u00edtico-eleitoral de 06 de outubro em S\u00e3o Juli\u00e3o, Piau\u00ed, o <strong>Portal NPM<\/strong> inicia uma s\u00e9rie de mat\u00e9rias onde iremos apresentar os postulantes ao legislativo local.<\/p>\n<p>Rosileide disputar\u00e1 novamente uma vaga na C\u00e2mara Municipal de Vereadores de S\u00e3o Juli\u00e3o pelo PT. Em 2020, a candidata ficou na supl\u00eancia, tendo uma boa vota\u00e7\u00e3o.<\/p>\n<p><img fetchpriority=\"high\" decoding=\"async\" class=\"alignnone wp-image-76506 size-full\" src=\"https:\/\/portalnpm.com\/wp-content\/uploads\/2024\/08\/IMG-20240823-WA01691.jpg\" alt=\"\" width=\"1080\" height=\"1080\" srcset=\"https:\/\/portalnpm.com\/wp-content\/uploads\/2024\/08\/IMG-20240823-WA01691.jpg 1080w, https:\/\/portalnpm.com\/wp-content\/uploads\/2024\/08\/IMG-20240823-WA01691-300x300.jpg 300w, https:\/\/portalnpm.com\/wp-content\/uploads\/2024\/08\/IMG-20240823-WA01691-1024x1024.jpg 1024w, https:\/\/portalnpm.com\/wp-content\/uploads\/2024\/08\/IMG-20240823-WA01691-150x150.jpg 150w, https:\/\/portalnpm.com\/wp-content\/uploads\/2024\/08\/IMG-20240823-WA01691-768x768.jpg 768w\" sizes=\"(max-width: 1080px) 100vw, 1080px\" \/><\/p>\n<p>Em conversa com nossa reda\u00e7\u00e3o, a candidata falou sobre seu desejo e empenho em buscar uma vaga no poder legislativo municipal.<\/p>\n<p>&#8220;<em>Sou Rosileide Sobrinho, filiada ao Partido dos Trabalhadores h\u00e1 v\u00e1rios anos, represento a for\u00e7a da mulher na pol\u00edtica. Sou filha do casal Betinho e Toinha, casada com Carlinhos Pedreiro, m\u00e3e de 2 filhos: Rossy Carlos e Rayner Carlos. V\u00f3 de 2 meninos: Andr\u00e9 e Vin\u00edcius. Graduada em Pedagogia, j\u00e1 trabalhei na educa\u00e7\u00e3o infantil, EJA (Educa\u00e7\u00e3o de Jovens e Adultos), mas no momento n\u00e3o estou atuando em nenhum cargo. Fa\u00e7o parte do conselho comunit\u00e1rio da comunidade S\u00e3o Pedro do povoado Fujona. Pela segunda vez, coloco meu nome na disputa por uma vaga no poder legislativo de S\u00e3o Juli\u00e3o. Em 2020, na minha primeira elei\u00e7\u00e3o, fiquei na supl\u00eancia pelo PT <\/em>&#8220;,\u00a0disse Rosileide.<\/p>\n<p>Rosileide reside no povoado Fujona, onde tem sua base pol\u00edtica. A candidata representa a renova\u00e7\u00e3o em busca de uma vaga no parlamento local.<\/p>\n<p>A oposi\u00e7\u00e3o de S\u00e3o Juli\u00e3o ser\u00e1 representada na chapa majorit\u00e1ria por Renaldinho (PDT) e Jos\u00e9 Neci (PT), candidatos a prefeito e vice-prefeito, respectivamente, pela Coliga\u00e7\u00e3o \u201cJuntos Para Reconstruir S\u00e3o Juli\u00e3o\u201d.<\/p>\n","protected":false},"excerpt":{"rendered":"<p>Visando o processo pol\u00edtico-eleitoral de 06 de outubro em S\u00e3o Juli\u00e3o, Piau\u00ed, o Portal NPM inicia uma s\u00e9rie de mat\u00e9rias onde iremos apresentar os postulantes ao legislativo local. Rosileide disputar\u00e1 novamente uma vaga na C\u00e2mara Municipal de Vereadores de S\u00e3o Juli\u00e3o pelo PT. Em 2020, a candidata ficou na supl\u00eancia, tendo uma boa vota\u00e7\u00e3o. Em &hellip;<\/p>\n","protected":false},"author":4,"featured_media":76507,"comment_status":"open","ping_status":"open","sticky":false,"template":"","format":"standard","meta":{"content-type":"","rop_custom_images_group":[],"rop_custom_messages_group":[],"rop_publish_now":"yes","rop_publish_now_accounts":{"facebook_2648258775420054_1618374048415101":""},"rop_publish_now_history":[],"rop_publish_now_status":"pending","footnotes":"","_jetpack_memberships_contains_paid_content":false},"categories":[113,109,3998],"tags":[526,15918,2430,230,784,1197,1923,911,2211,12339,1184,1167,403,15917,1196,4006,4144,2427,842,3337],"yoast_head":"<!-- This site is optimized with the Yoast SEO plugin v22.3 - https:\/\/yoast.com\/wordpress\/plugins\/seo\/ -->\n<title>S\u00e3o Juli\u00e3o | Rosileide do Carlinho coloca seu nome novamente na disputa por uma vaga na C\u00e2mara Municipal de Vereadores pelo PT; veja! - Portal NPM<\/title>\n<meta name=\"robots\" content=\"index, follow, max-snippet:-1, max-image-preview:large, max-video-preview:-1\" \/>\n<link rel=\"canonical\" href=\"https:\/\/portalnpm.com\/index.php\/2024\/08\/24\/sao-juliao-rosileide-do-carlinho-coloca-seu-nome-novamente-na-disputa-por-uma-vaga-na-camara-municipal-de-vereadores-pelo-pt-veja\/\" \/>\n<meta property=\"og:locale\" content=\"pt_BR\" \/>\n<meta property=\"og:type\" content=\"article\" \/>\n<meta property=\"og:title\" content=\"S\u00e3o Juli\u00e3o | Rosileide do Carlinho coloca seu nome novamente na disputa por uma vaga na C\u00e2mara Municipal de Vereadores pelo PT; veja! - Portal NPM\" \/>\n<meta property=\"og:description\" content=\"Visando o processo pol\u00edtico-eleitoral de 06 de outubro em S\u00e3o Juli\u00e3o, Piau\u00ed, o Portal NPM inicia uma s\u00e9rie de mat\u00e9rias onde iremos apresentar os postulantes ao legislativo local. Rosileide disputar\u00e1 novamente uma vaga na C\u00e2mara Municipal de Vereadores de S\u00e3o Juli\u00e3o pelo PT. Em 2020, a candidata ficou na supl\u00eancia, tendo uma boa vota\u00e7\u00e3o. Em &hellip;\" \/>\n<meta property=\"og:url\" content=\"https:\/\/portalnpm.com\/index.php\/2024\/08\/24\/sao-juliao-rosileide-do-carlinho-coloca-seu-nome-novamente-na-disputa-por-uma-vaga-na-camara-municipal-de-vereadores-pelo-pt-veja\/\" \/>\n<meta property=\"og:site_name\" content=\"Portal NPM\" \/>\n<meta property=\"article:published_time\" content=\"2024-08-24T04:51:29+00:00\" \/>\n<meta property=\"og:image\" content=\"https:\/\/portalnpm.com\/wp-content\/uploads\/2024\/08\/IMG-20240824-WA0004.jpg\" \/>\n\t<meta property=\"og:image:width\" content=\"1080\" \/>\n\t<meta property=\"og:image:height\" content=\"948\" \/>\n\t<meta property=\"og:image:type\" content=\"image\/jpeg\" \/>\n<meta name=\"author\" content=\"Reda\u00e7\u00e3o\" \/>\n<meta name=\"twitter:card\" content=\"summary_large_image\" \/>\n<meta name=\"twitter:label1\" content=\"Escrito por\" \/>\n\t<meta name=\"twitter:data1\" content=\"Reda\u00e7\u00e3o\" \/>\n\t<meta name=\"twitter:label2\" content=\"Est. tempo de leitura\" \/>\n\t<meta name=\"twitter:data2\" content=\"2 minutos\" \/>\n<script type=\"application\/ld+json\" class=\"yoast-schema-graph\">{\"@context\":\"https:\/\/schema.org\",\"@graph\":[{\"@type\":\"WebPage\",\"@id\":\"https:\/\/portalnpm.com\/index.php\/2024\/08\/24\/sao-juliao-rosileide-do-carlinho-coloca-seu-nome-novamente-na-disputa-por-uma-vaga-na-camara-municipal-de-vereadores-pelo-pt-veja\/\",\"url\":\"https:\/\/portalnpm.com\/index.php\/2024\/08\/24\/sao-juliao-rosileide-do-carlinho-coloca-seu-nome-novamente-na-disputa-por-uma-vaga-na-camara-municipal-de-vereadores-pelo-pt-veja\/\",\"name\":\"S\u00e3o Juli\u00e3o | Rosileide do Carlinho coloca seu nome novamente na disputa por uma vaga na C\u00e2mara Municipal de Vereadores pelo PT; veja! - Portal NPM\",\"isPartOf\":{\"@id\":\"https:\/\/portalnpm.com\/#website\"},\"primaryImageOfPage\":{\"@id\":\"https:\/\/portalnpm.com\/index.php\/2024\/08\/24\/sao-juliao-rosileide-do-carlinho-coloca-seu-nome-novamente-na-disputa-por-uma-vaga-na-camara-municipal-de-vereadores-pelo-pt-veja\/#primaryimage\"},\"image\":{\"@id\":\"https:\/\/portalnpm.com\/index.php\/2024\/08\/24\/sao-juliao-rosileide-do-carlinho-coloca-seu-nome-novamente-na-disputa-por-uma-vaga-na-camara-municipal-de-vereadores-pelo-pt-veja\/#primaryimage\"},\"thumbnailUrl\":\"https:\/\/portalnpm.com\/wp-content\/uploads\/2024\/08\/IMG-20240824-WA0004.jpg\",\"datePublished\":\"2024-08-24T04:51:29+00:00\",\"dateModified\":\"2024-08-24T04:51:29+00:00\",\"author\":{\"@id\":\"https:\/\/portalnpm.com\/#\/schema\/person\/0b5f230ec96cee25504fa328e7f2b733\"},\"breadcrumb\":{\"@id\":\"https:\/\/portalnpm.com\/index.php\/2024\/08\/24\/sao-juliao-rosileide-do-carlinho-coloca-seu-nome-novamente-na-disputa-por-uma-vaga-na-camara-municipal-de-vereadores-pelo-pt-veja\/#breadcrumb\"},\"inLanguage\":\"pt-BR\",\"potentialAction\":[{\"@type\":\"ReadAction\",\"target\":[\"https:\/\/portalnpm.com\/index.php\/2024\/08\/24\/sao-juliao-rosileide-do-carlinho-coloca-seu-nome-novamente-na-disputa-por-uma-vaga-na-camara-municipal-de-vereadores-pelo-pt-veja\/\"]}]},{\"@type\":\"ImageObject\",\"inLanguage\":\"pt-BR\",\"@id\":\"https:\/\/portalnpm.com\/index.php\/2024\/08\/24\/sao-juliao-rosileide-do-carlinho-coloca-seu-nome-novamente-na-disputa-por-uma-vaga-na-camara-municipal-de-vereadores-pelo-pt-veja\/#primaryimage\",\"url\":\"https:\/\/portalnpm.com\/wp-content\/uploads\/2024\/08\/IMG-20240824-WA0004.jpg\",\"contentUrl\":\"https:\/\/portalnpm.com\/wp-content\/uploads\/2024\/08\/IMG-20240824-WA0004.jpg\",\"width\":1080,\"height\":948},{\"@type\":\"BreadcrumbList\",\"@id\":\"https:\/\/portalnpm.com\/index.php\/2024\/08\/24\/sao-juliao-rosileide-do-carlinho-coloca-seu-nome-novamente-na-disputa-por-uma-vaga-na-camara-municipal-de-vereadores-pelo-pt-veja\/#breadcrumb\",\"itemListElement\":[{\"@type\":\"ListItem\",\"position\":1,\"name\":\"In\u00edcio\",\"item\":\"https:\/\/portalnpm.com\/\"},{\"@type\":\"ListItem\",\"position\":2,\"name\":\"S\u00e3o Juli\u00e3o | Rosileide do Carlinho coloca seu nome novamente na disputa por uma vaga na C\u00e2mara Municipal de Vereadores pelo PT; veja!\"}]},{\"@type\":\"WebSite\",\"@id\":\"https:\/\/portalnpm.com\/#website\",\"url\":\"https:\/\/portalnpm.com\/\",\"name\":\"Portal NPM\",\"description\":\"Not\u00edcias em Primeira M\u00e3o\",\"potentialAction\":[{\"@type\":\"SearchAction\",\"target\":{\"@type\":\"EntryPoint\",\"urlTemplate\":\"https:\/\/portalnpm.com\/?s={search_term_string}\"},\"query-input\":\"required name=search_term_string\"}],\"inLanguage\":\"pt-BR\"},{\"@type\":\"Person\",\"@id\":\"https:\/\/portalnpm.com\/#\/schema\/person\/0b5f230ec96cee25504fa328e7f2b733\",\"name\":\"Reda\u00e7\u00e3o\",\"image\":{\"@type\":\"ImageObject\",\"inLanguage\":\"pt-BR\",\"@id\":\"https:\/\/portalnpm.com\/#\/schema\/person\/image\/\",\"url\":\"https:\/\/portalnpm.com\/wp-content\/uploads\/2024\/03\/avatar_user_4_1710097212-96x96.png\",\"contentUrl\":\"https:\/\/portalnpm.com\/wp-content\/uploads\/2024\/03\/avatar_user_4_1710097212-96x96.png\",\"caption\":\"Reda\u00e7\u00e3o\"},\"url\":\"https:\/\/portalnpm.com\/index.php\/author\/redacao\/\"}]}<\/script>\n<!-- \/ Yoast SEO plugin. -->","yoast_head_json":{"title":"S\u00e3o Juli\u00e3o | Rosileide do Carlinho coloca seu nome novamente na disputa por uma vaga na C\u00e2mara Municipal de Vereadores pelo PT; veja! - Portal NPM","robots":{"index":"index","follow":"follow","max-snippet":"max-snippet:-1","max-image-preview":"max-image-preview:large","max-video-preview":"max-video-preview:-1"},"canonical":"https:\/\/portalnpm.com\/index.php\/2024\/08\/24\/sao-juliao-rosileide-do-carlinho-coloca-seu-nome-novamente-na-disputa-por-uma-vaga-na-camara-municipal-de-vereadores-pelo-pt-veja\/","og_locale":"pt_BR","og_type":"article","og_title":"S\u00e3o Juli\u00e3o | Rosileide do Carlinho coloca seu nome novamente na disputa por uma vaga na C\u00e2mara Municipal de Vereadores pelo PT; veja! - Portal NPM","og_description":"Visando o processo pol\u00edtico-eleitoral de 06 de outubro em S\u00e3o Juli\u00e3o, Piau\u00ed, o Portal NPM inicia uma s\u00e9rie de mat\u00e9rias onde iremos apresentar os postulantes ao legislativo local. Rosileide disputar\u00e1 novamente uma vaga na C\u00e2mara Municipal de Vereadores de S\u00e3o Juli\u00e3o pelo PT. Em 2020, a candidata ficou na supl\u00eancia, tendo uma boa vota\u00e7\u00e3o. Em &hellip;","og_url":"https:\/\/portalnpm.com\/index.php\/2024\/08\/24\/sao-juliao-rosileide-do-carlinho-coloca-seu-nome-novamente-na-disputa-por-uma-vaga-na-camara-municipal-de-vereadores-pelo-pt-veja\/","og_site_name":"Portal NPM","article_published_time":"2024-08-24T04:51:29+00:00","og_image":[{"width":1080,"height":948,"url":"https:\/\/portalnpm.com\/wp-content\/uploads\/2024\/08\/IMG-20240824-WA0004.jpg","type":"image\/jpeg"}],"author":"Reda\u00e7\u00e3o","twitter_card":"summary_large_image","twitter_misc":{"Escrito por":"Reda\u00e7\u00e3o","Est. tempo de leitura":"2 minutos"},"schema":{"@context":"https:\/\/schema.org","@graph":[{"@type":"WebPage","@id":"https:\/\/portalnpm.com\/index.php\/2024\/08\/24\/sao-juliao-rosileide-do-carlinho-coloca-seu-nome-novamente-na-disputa-por-uma-vaga-na-camara-municipal-de-vereadores-pelo-pt-veja\/","url":"https:\/\/portalnpm.com\/index.php\/2024\/08\/24\/sao-juliao-rosileide-do-carlinho-coloca-seu-nome-novamente-na-disputa-por-uma-vaga-na-camara-municipal-de-vereadores-pelo-pt-veja\/","name":"S\u00e3o Juli\u00e3o | Rosileide do Carlinho coloca seu nome novamente na disputa por uma vaga na C\u00e2mara Municipal de Vereadores pelo PT; veja! - Portal NPM","isPartOf":{"@id":"https:\/\/portalnpm.com\/#website"},"primaryImageOfPage":{"@id":"https:\/\/portalnpm.com\/index.php\/2024\/08\/24\/sao-juliao-rosileide-do-carlinho-coloca-seu-nome-novamente-na-disputa-por-uma-vaga-na-camara-municipal-de-vereadores-pelo-pt-veja\/#primaryimage"},"image":{"@id":"https:\/\/portalnpm.com\/index.php\/2024\/08\/24\/sao-juliao-rosileide-do-carlinho-coloca-seu-nome-novamente-na-disputa-por-uma-vaga-na-camara-municipal-de-vereadores-pelo-pt-veja\/#primaryimage"},"thumbnailUrl":"https:\/\/portalnpm.com\/wp-content\/uploads\/2024\/08\/IMG-20240824-WA0004.jpg","datePublished":"2024-08-24T04:51:29+00:00","dateModified":"2024-08-24T04:51:29+00:00","author":{"@id":"https:\/\/portalnpm.com\/#\/schema\/person\/0b5f230ec96cee25504fa328e7f2b733"},"breadcrumb":{"@id":"https:\/\/portalnpm.com\/index.php\/2024\/08\/24\/sao-juliao-rosileide-do-carlinho-coloca-seu-nome-novamente-na-disputa-por-uma-vaga-na-camara-municipal-de-vereadores-pelo-pt-veja\/#breadcrumb"},"inLanguage":"pt-BR","potentialAction":[{"@type":"ReadAction","target":["https:\/\/portalnpm.com\/index.php\/2024\/08\/24\/sao-juliao-rosileide-do-carlinho-coloca-seu-nome-novamente-na-disputa-por-uma-vaga-na-camara-municipal-de-vereadores-pelo-pt-veja\/"]}]},{"@type":"ImageObject","inLanguage":"pt-BR","@id":"https:\/\/portalnpm.com\/index.php\/2024\/08\/24\/sao-juliao-rosileide-do-carlinho-coloca-seu-nome-novamente-na-disputa-por-uma-vaga-na-camara-municipal-de-vereadores-pelo-pt-veja\/#primaryimage","url":"https:\/\/portalnpm.com\/wp-content\/uploads\/2024\/08\/IMG-20240824-WA0004.jpg","contentUrl":"https:\/\/portalnpm.com\/wp-content\/uploads\/2024\/08\/IMG-20240824-WA0004.jpg","width":1080,"height":948},{"@type":"BreadcrumbList","@id":"https:\/\/portalnpm.com\/index.php\/2024\/08\/24\/sao-juliao-rosileide-do-carlinho-coloca-seu-nome-novamente-na-disputa-por-uma-vaga-na-camara-municipal-de-vereadores-pelo-pt-veja\/#breadcrumb","itemListElement":[{"@type":"ListItem","position":1,"name":"In\u00edcio","item":"https:\/\/portalnpm.com\/"},{"@type":"ListItem","position":2,"name":"S\u00e3o Juli\u00e3o | Rosileide do Carlinho coloca seu nome novamente na disputa por uma vaga na C\u00e2mara Municipal de Vereadores pelo PT; veja!"}]},{"@type":"WebSite","@id":"https:\/\/portalnpm.com\/#website","url":"https:\/\/portalnpm.com\/","name":"Portal NPM","description":"Not\u00edcias em Primeira M\u00e3o","potentialAction":[{"@type":"SearchAction","target":{"@type":"EntryPoint","urlTemplate":"https:\/\/portalnpm.com\/?s={search_term_string}"},"query-input":"required name=search_term_string"}],"inLanguage":"pt-BR"},{"@type":"Person","@id":"https:\/\/portalnpm.com\/#\/schema\/person\/0b5f230ec96cee25504fa328e7f2b733","name":"Reda\u00e7\u00e3o","image":{"@type":"ImageObject","inLanguage":"pt-BR","@id":"https:\/\/portalnpm.com\/#\/schema\/person\/image\/","url":"https:\/\/portalnpm.com\/wp-content\/uploads\/2024\/03\/avatar_user_4_1710097212-96x96.png","contentUrl":"https:\/\/portalnpm.com\/wp-content\/uploads\/2024\/03\/avatar_user_4_1710097212-96x96.png","caption":"Reda\u00e7\u00e3o"},"url":"https:\/\/portalnpm.com\/index.php\/author\/redacao\/"}]}},"jetpack_sharing_enabled":true,"jetpack_featured_media_url":"https:\/\/portalnpm.com\/wp-content\/uploads\/2024\/08\/IMG-20240824-WA0004.jpg","_links":{"self":[{"href":"https:\/\/portalnpm.com\/index.php\/wp-json\/wp\/v2\/posts\/76505"}],"collection":[{"href":"https:\/\/portalnpm.com\/index.php\/wp-json\/wp\/v2\/posts"}],"about":[{"href":"https:\/\/portalnpm.com\/index.php\/wp-json\/wp\/v2\/types\/post"}],"author":[{"embeddable":true,"href":"https:\/\/portalnpm.com\/index.php\/wp-json\/wp\/v2\/users\/4"}],"replies":[{"embeddable":true,"href":"https:\/\/portalnpm.com\/index.php\/wp-json\/wp\/v2\/comments?post=76505"}],"version-history":[{"count":4,"href":"https:\/\/portalnpm.com\/index.php\/wp-json\/wp\/v2\/posts\/76505\/revisions"}],"predecessor-version":[{"id":76511,"href":"https:\/\/portalnpm.com\/index.php\/wp-json\/wp\/v2\/posts\/76505\/revisions\/76511"}],"wp:featuredmedia":[{"embeddable":true,"href":"https:\/\/portalnpm.com\/index.php\/wp-json\/wp\/v2\/media\/76507"}],"wp:attachment":[{"href":"https:\/\/portalnpm.com\/index.php\/wp-json\/wp\/v2\/media?parent=76505"}],"wp:term":[{"taxonomy":"category","embeddable":true,"href":"https:\/\/portalnpm.com\/index.php\/wp-json\/wp\/v2\/categories?post=76505"},{"taxonomy":"post_tag","embeddable":true,"href":"https:\/\/portalnpm.com\/index.php\/wp-json\/wp\/v2\/tags?post=76505"}],"curies":[{"name":"wp","href":"https:\/\/api.w.org\/{rel}","templated":true}]}}