{"id":76931,"date":"2024-08-29T18:42:59","date_gmt":"2024-08-29T21:42:59","guid":{"rendered":"https:\/\/portalnpm.com\/?p=76931"},"modified":"2024-08-29T18:42:59","modified_gmt":"2024-08-29T21:42:59","slug":"veterano-na-politica-de-sao-juliao-vereador-edisaldo-rocha-disputara-a-reeleicao-pelo-pt-veja","status":"publish","type":"post","link":"https:\/\/portalnpm.com\/index.php\/2024\/08\/29\/veterano-na-politica-de-sao-juliao-vereador-edisaldo-rocha-disputara-a-reeleicao-pelo-pt-veja\/","title":{"rendered":"Veterano na pol\u00edtica de S\u00e3o Juli\u00e3o, vereador Edisaldo Rocha disputar\u00e1 a reelei\u00e7\u00e3o pelo PT; veja!"},"content":{"rendered":"<p>Visando o processo pol\u00edtico-eleitoral de 06 de outubro em S\u00e3o Juli\u00e3o, Piau\u00ed, o <strong>Portal NPM<\/strong> inicia uma s\u00e9rie de mat\u00e9rias onde iremos apresentar os postulantes ao legislativo local.<\/p>\n<p>O vereador Edisaldo Rocha disputar\u00e1 a reelei\u00e7\u00e3o nas elei\u00e7\u00f5es de 06 de outubro pelo PT. Edisaldo \u00e9 um veterano na pol\u00edtica local, tendo iniciado sua carreira pol\u00edtica em 1996 para o cargo de vereador e reeleito em 2000 e 2004. Em 2008, foi candidato a vice-prefeito de S\u00e3o Juli\u00e3o na chapa do ent\u00e3o ex-prefeito Dr. Alo\u00edsio Luz, pleito que teve o ent\u00e3o vereador Jos\u00e9 Neci como vencedor. No ano de 2012, Edisaldo tentou novamente retornar \u00e0 C\u00e2mara, ocasi\u00e3o em que ficou na supl\u00eancia. Em 2016, o pol\u00edtico n\u00e3o disputou nenhum cargo, sendo apenas apoiador. Nas elei\u00e7\u00f5es de 2020, Edisaldo Rocha colocou seu nome novamente como candidato a vereador pelo PSB, sendo eleito com 270 votos e ficando na quarta coloca\u00e7\u00e3o. Nesta legislatura, o parlamentar assumiu a presid\u00eancia da casa, cargo que ocupa at\u00e9 os dias atuais, sendo uma refer\u00eancia na C\u00e2mara Municipal e tamb\u00e9m no tabuleiro pol\u00edtico de S\u00e3o Juli\u00e3o, pela sua habilidade e articula\u00e7\u00e3o pol\u00edtica, al\u00e9m da independ\u00eancia do poder legislativo municipal.<\/p>\n<p><img fetchpriority=\"high\" decoding=\"async\" class=\"alignnone wp-image-76932 size-full\" src=\"https:\/\/portalnpm.com\/wp-content\/uploads\/2024\/08\/IMG-20240821-WA1624.jpg\" alt=\"\" width=\"1333\" height=\"1600\" srcset=\"https:\/\/portalnpm.com\/wp-content\/uploads\/2024\/08\/IMG-20240821-WA1624.jpg 1333w, https:\/\/portalnpm.com\/wp-content\/uploads\/2024\/08\/IMG-20240821-WA1624-250x300.jpg 250w, https:\/\/portalnpm.com\/wp-content\/uploads\/2024\/08\/IMG-20240821-WA1624-853x1024.jpg 853w, https:\/\/portalnpm.com\/wp-content\/uploads\/2024\/08\/IMG-20240821-WA1624-768x922.jpg 768w, https:\/\/portalnpm.com\/wp-content\/uploads\/2024\/08\/IMG-20240821-WA1624-1280x1536.jpg 1280w\" sizes=\"(max-width: 1333px) 100vw, 1333px\" \/><\/p>\n<p>Em conversa com nossa reda\u00e7\u00e3o, o parlamentar ressaltou o desejo de continuar o seu trabalho na C\u00e2mara Municipal.<\/p>\n<p>&#8220;<em>Estou novamente colocando o meu nome como candidato a vereador de S\u00e3o Juli\u00e3o pelo Partido dos Trabalhadores, para continuar o nosso trabalho dentro do poder legislativo em prol do desenvolvimento do nosso munic\u00edpio com independ\u00eancia e compromisso com nosso povo. Dentre as nossas propostas, podemos citar como, por exemplo, revitalizar o devido funcionamento da orla tur\u00edstica da cidade, lutar com o governo do estado pelo asfalto de S\u00e3o Juli\u00e3o a Alagoinha do Piau\u00ed, ilumina\u00e7\u00e3o e grama no est\u00e1dio municipal para lazer aos jovens, buscar implementar projetos de energia solar para dar empregos aos trabalhadores de S\u00e3o Juli\u00e3o e abertura do Hospital junto ao governo do estado, que se encontra fechado h\u00e1 seis anos<\/em>&#8220;, disse Edisaldo Rocha.<\/p>\n<figure id=\"attachment_73952\" aria-describedby=\"caption-attachment-73952\" style=\"width: 2560px\" class=\"wp-caption alignnone\"><img decoding=\"async\" class=\"wp-image-73952 size-full\" src=\"https:\/\/portalnpm.com\/wp-content\/uploads\/2024\/06\/IMG-20240628-WA0038-scaled.jpg\" alt=\"\" width=\"2560\" height=\"2560\" srcset=\"https:\/\/portalnpm.com\/wp-content\/uploads\/2024\/06\/IMG-20240628-WA0038-scaled.jpg 2560w, https:\/\/portalnpm.com\/wp-content\/uploads\/2024\/06\/IMG-20240628-WA0038-300x300.jpg 300w, https:\/\/portalnpm.com\/wp-content\/uploads\/2024\/06\/IMG-20240628-WA0038-1024x1024.jpg 1024w, https:\/\/portalnpm.com\/wp-content\/uploads\/2024\/06\/IMG-20240628-WA0038-150x150.jpg 150w, https:\/\/portalnpm.com\/wp-content\/uploads\/2024\/06\/IMG-20240628-WA0038-768x768.jpg 768w, https:\/\/portalnpm.com\/wp-content\/uploads\/2024\/06\/IMG-20240628-WA0038-1536x1536.jpg 1536w, https:\/\/portalnpm.com\/wp-content\/uploads\/2024\/06\/IMG-20240628-WA0038-2048x2048.jpg 2048w\" sizes=\"(max-width: 2560px) 100vw, 2560px\" \/><figcaption id=\"caption-attachment-73952\" class=\"wp-caption-text\">Edisaldo Rocha &#8211; Presidente da C\u00e2mara Municipal de Vereadores de S\u00e3o Juli\u00e3o &#8211; PI<\/figcaption><\/figure>\n<p>Edisaldo Rocha \u00e9 bi\u00f3logo, advogado e filho de S\u00e3o Juli\u00e3o. Presidente da C\u00e2mara Municipal, cargo que ocupa com determina\u00e7\u00e3o e firmeza, sendo uma voz ativa da oposi\u00e7\u00e3o no poder legislativo local.<\/p>\n<p>A oposi\u00e7\u00e3o de S\u00e3o Juli\u00e3o ser\u00e1 representada na chapa majorit\u00e1ria por Renaldinho (PDT) e Jos\u00e9 Neci (PT), candidatos a prefeito e vice-prefeito, respectivamente, pela Coliga\u00e7\u00e3o \u201cJuntos Para Reconstruir S\u00e3o Juli\u00e3o\u201d.<\/p>\n","protected":false},"excerpt":{"rendered":"<p>Visando o processo pol\u00edtico-eleitoral de 06 de outubro em S\u00e3o Juli\u00e3o, Piau\u00ed, o Portal NPM inicia uma s\u00e9rie de mat\u00e9rias onde iremos apresentar os postulantes ao legislativo local. O vereador Edisaldo Rocha disputar\u00e1 a reelei\u00e7\u00e3o nas elei\u00e7\u00f5es de 06 de outubro pelo PT. Edisaldo \u00e9 um veterano na pol\u00edtica local, tendo iniciado sua carreira pol\u00edtica &hellip;<\/p>\n","protected":false},"author":4,"featured_media":76933,"comment_status":"open","ping_status":"open","sticky":false,"template":"","format":"standard","meta":{"content-type":"","rop_custom_images_group":[],"rop_custom_messages_group":[],"rop_publish_now":"yes","rop_publish_now_accounts":{"facebook_2648258775420054_1618374048415101":""},"rop_publish_now_history":[],"rop_publish_now_status":"pending","footnotes":"","_jetpack_memberships_contains_paid_content":false},"categories":[113,109,3998],"tags":[230,4124,14652,1197,911,1184,134,403,4419,4417,1196,842,194,15922],"yoast_head":"<!-- This site is optimized with the Yoast SEO plugin v22.3 - https:\/\/yoast.com\/wordpress\/plugins\/seo\/ -->\n<title>Veterano na pol\u00edtica de S\u00e3o Juli\u00e3o, vereador Edisaldo Rocha disputar\u00e1 a reelei\u00e7\u00e3o pelo PT; veja! - Portal NPM<\/title>\n<meta name=\"robots\" content=\"index, follow, max-snippet:-1, max-image-preview:large, max-video-preview:-1\" \/>\n<link rel=\"canonical\" href=\"https:\/\/portalnpm.com\/index.php\/2024\/08\/29\/veterano-na-politica-de-sao-juliao-vereador-edisaldo-rocha-disputara-a-reeleicao-pelo-pt-veja\/\" \/>\n<meta property=\"og:locale\" content=\"pt_BR\" \/>\n<meta property=\"og:type\" content=\"article\" \/>\n<meta property=\"og:title\" content=\"Veterano na pol\u00edtica de S\u00e3o Juli\u00e3o, vereador Edisaldo Rocha disputar\u00e1 a reelei\u00e7\u00e3o pelo PT; veja! - Portal NPM\" \/>\n<meta property=\"og:description\" content=\"Visando o processo pol\u00edtico-eleitoral de 06 de outubro em S\u00e3o Juli\u00e3o, Piau\u00ed, o Portal NPM inicia uma s\u00e9rie de mat\u00e9rias onde iremos apresentar os postulantes ao legislativo local. O vereador Edisaldo Rocha disputar\u00e1 a reelei\u00e7\u00e3o nas elei\u00e7\u00f5es de 06 de outubro pelo PT. Edisaldo \u00e9 um veterano na pol\u00edtica local, tendo iniciado sua carreira pol\u00edtica &hellip;\" \/>\n<meta property=\"og:url\" content=\"https:\/\/portalnpm.com\/index.php\/2024\/08\/29\/veterano-na-politica-de-sao-juliao-vereador-edisaldo-rocha-disputara-a-reeleicao-pelo-pt-veja\/\" \/>\n<meta property=\"og:site_name\" content=\"Portal NPM\" \/>\n<meta property=\"article:published_time\" content=\"2024-08-29T21:42:59+00:00\" \/>\n<meta property=\"og:image\" content=\"https:\/\/portalnpm.com\/wp-content\/uploads\/2024\/08\/IMG-20240829-WA0878.jpg\" \/>\n\t<meta property=\"og:image:width\" content=\"1080\" \/>\n\t<meta property=\"og:image:height\" content=\"1074\" \/>\n\t<meta property=\"og:image:type\" content=\"image\/jpeg\" \/>\n<meta name=\"author\" content=\"Reda\u00e7\u00e3o\" \/>\n<meta name=\"twitter:card\" content=\"summary_large_image\" \/>\n<meta name=\"twitter:label1\" content=\"Escrito por\" \/>\n\t<meta name=\"twitter:data1\" content=\"Reda\u00e7\u00e3o\" \/>\n\t<meta name=\"twitter:label2\" content=\"Est. tempo de leitura\" \/>\n\t<meta name=\"twitter:data2\" content=\"3 minutos\" \/>\n<script type=\"application\/ld+json\" class=\"yoast-schema-graph\">{\"@context\":\"https:\/\/schema.org\",\"@graph\":[{\"@type\":\"WebPage\",\"@id\":\"https:\/\/portalnpm.com\/index.php\/2024\/08\/29\/veterano-na-politica-de-sao-juliao-vereador-edisaldo-rocha-disputara-a-reeleicao-pelo-pt-veja\/\",\"url\":\"https:\/\/portalnpm.com\/index.php\/2024\/08\/29\/veterano-na-politica-de-sao-juliao-vereador-edisaldo-rocha-disputara-a-reeleicao-pelo-pt-veja\/\",\"name\":\"Veterano na pol\u00edtica de S\u00e3o Juli\u00e3o, vereador Edisaldo Rocha disputar\u00e1 a reelei\u00e7\u00e3o pelo PT; veja! - Portal NPM\",\"isPartOf\":{\"@id\":\"https:\/\/portalnpm.com\/#website\"},\"primaryImageOfPage\":{\"@id\":\"https:\/\/portalnpm.com\/index.php\/2024\/08\/29\/veterano-na-politica-de-sao-juliao-vereador-edisaldo-rocha-disputara-a-reeleicao-pelo-pt-veja\/#primaryimage\"},\"image\":{\"@id\":\"https:\/\/portalnpm.com\/index.php\/2024\/08\/29\/veterano-na-politica-de-sao-juliao-vereador-edisaldo-rocha-disputara-a-reeleicao-pelo-pt-veja\/#primaryimage\"},\"thumbnailUrl\":\"https:\/\/portalnpm.com\/wp-content\/uploads\/2024\/08\/IMG-20240829-WA0878.jpg\",\"datePublished\":\"2024-08-29T21:42:59+00:00\",\"dateModified\":\"2024-08-29T21:42:59+00:00\",\"author\":{\"@id\":\"https:\/\/portalnpm.com\/#\/schema\/person\/0b5f230ec96cee25504fa328e7f2b733\"},\"breadcrumb\":{\"@id\":\"https:\/\/portalnpm.com\/index.php\/2024\/08\/29\/veterano-na-politica-de-sao-juliao-vereador-edisaldo-rocha-disputara-a-reeleicao-pelo-pt-veja\/#breadcrumb\"},\"inLanguage\":\"pt-BR\",\"potentialAction\":[{\"@type\":\"ReadAction\",\"target\":[\"https:\/\/portalnpm.com\/index.php\/2024\/08\/29\/veterano-na-politica-de-sao-juliao-vereador-edisaldo-rocha-disputara-a-reeleicao-pelo-pt-veja\/\"]}]},{\"@type\":\"ImageObject\",\"inLanguage\":\"pt-BR\",\"@id\":\"https:\/\/portalnpm.com\/index.php\/2024\/08\/29\/veterano-na-politica-de-sao-juliao-vereador-edisaldo-rocha-disputara-a-reeleicao-pelo-pt-veja\/#primaryimage\",\"url\":\"https:\/\/portalnpm.com\/wp-content\/uploads\/2024\/08\/IMG-20240829-WA0878.jpg\",\"contentUrl\":\"https:\/\/portalnpm.com\/wp-content\/uploads\/2024\/08\/IMG-20240829-WA0878.jpg\",\"width\":1080,\"height\":1074},{\"@type\":\"BreadcrumbList\",\"@id\":\"https:\/\/portalnpm.com\/index.php\/2024\/08\/29\/veterano-na-politica-de-sao-juliao-vereador-edisaldo-rocha-disputara-a-reeleicao-pelo-pt-veja\/#breadcrumb\",\"itemListElement\":[{\"@type\":\"ListItem\",\"position\":1,\"name\":\"In\u00edcio\",\"item\":\"https:\/\/portalnpm.com\/\"},{\"@type\":\"ListItem\",\"position\":2,\"name\":\"Veterano na pol\u00edtica de S\u00e3o Juli\u00e3o, vereador Edisaldo Rocha disputar\u00e1 a reelei\u00e7\u00e3o pelo PT; veja!\"}]},{\"@type\":\"WebSite\",\"@id\":\"https:\/\/portalnpm.com\/#website\",\"url\":\"https:\/\/portalnpm.com\/\",\"name\":\"Portal NPM\",\"description\":\"Not\u00edcias em Primeira M\u00e3o\",\"potentialAction\":[{\"@type\":\"SearchAction\",\"target\":{\"@type\":\"EntryPoint\",\"urlTemplate\":\"https:\/\/portalnpm.com\/?s={search_term_string}\"},\"query-input\":\"required name=search_term_string\"}],\"inLanguage\":\"pt-BR\"},{\"@type\":\"Person\",\"@id\":\"https:\/\/portalnpm.com\/#\/schema\/person\/0b5f230ec96cee25504fa328e7f2b733\",\"name\":\"Reda\u00e7\u00e3o\",\"image\":{\"@type\":\"ImageObject\",\"inLanguage\":\"pt-BR\",\"@id\":\"https:\/\/portalnpm.com\/#\/schema\/person\/image\/\",\"url\":\"https:\/\/portalnpm.com\/wp-content\/uploads\/2024\/03\/avatar_user_4_1710097212-96x96.png\",\"contentUrl\":\"https:\/\/portalnpm.com\/wp-content\/uploads\/2024\/03\/avatar_user_4_1710097212-96x96.png\",\"caption\":\"Reda\u00e7\u00e3o\"},\"url\":\"https:\/\/portalnpm.com\/index.php\/author\/redacao\/\"}]}<\/script>\n<!-- \/ Yoast SEO plugin. -->","yoast_head_json":{"title":"Veterano na pol\u00edtica de S\u00e3o Juli\u00e3o, vereador Edisaldo Rocha disputar\u00e1 a reelei\u00e7\u00e3o pelo PT; veja! - Portal NPM","robots":{"index":"index","follow":"follow","max-snippet":"max-snippet:-1","max-image-preview":"max-image-preview:large","max-video-preview":"max-video-preview:-1"},"canonical":"https:\/\/portalnpm.com\/index.php\/2024\/08\/29\/veterano-na-politica-de-sao-juliao-vereador-edisaldo-rocha-disputara-a-reeleicao-pelo-pt-veja\/","og_locale":"pt_BR","og_type":"article","og_title":"Veterano na pol\u00edtica de S\u00e3o Juli\u00e3o, vereador Edisaldo Rocha disputar\u00e1 a reelei\u00e7\u00e3o pelo PT; veja! - Portal NPM","og_description":"Visando o processo pol\u00edtico-eleitoral de 06 de outubro em S\u00e3o Juli\u00e3o, Piau\u00ed, o Portal NPM inicia uma s\u00e9rie de mat\u00e9rias onde iremos apresentar os postulantes ao legislativo local. O vereador Edisaldo Rocha disputar\u00e1 a reelei\u00e7\u00e3o nas elei\u00e7\u00f5es de 06 de outubro pelo PT. Edisaldo \u00e9 um veterano na pol\u00edtica local, tendo iniciado sua carreira pol\u00edtica &hellip;","og_url":"https:\/\/portalnpm.com\/index.php\/2024\/08\/29\/veterano-na-politica-de-sao-juliao-vereador-edisaldo-rocha-disputara-a-reeleicao-pelo-pt-veja\/","og_site_name":"Portal NPM","article_published_time":"2024-08-29T21:42:59+00:00","og_image":[{"width":1080,"height":1074,"url":"https:\/\/portalnpm.com\/wp-content\/uploads\/2024\/08\/IMG-20240829-WA0878.jpg","type":"image\/jpeg"}],"author":"Reda\u00e7\u00e3o","twitter_card":"summary_large_image","twitter_misc":{"Escrito por":"Reda\u00e7\u00e3o","Est. tempo de leitura":"3 minutos"},"schema":{"@context":"https:\/\/schema.org","@graph":[{"@type":"WebPage","@id":"https:\/\/portalnpm.com\/index.php\/2024\/08\/29\/veterano-na-politica-de-sao-juliao-vereador-edisaldo-rocha-disputara-a-reeleicao-pelo-pt-veja\/","url":"https:\/\/portalnpm.com\/index.php\/2024\/08\/29\/veterano-na-politica-de-sao-juliao-vereador-edisaldo-rocha-disputara-a-reeleicao-pelo-pt-veja\/","name":"Veterano na pol\u00edtica de S\u00e3o Juli\u00e3o, vereador Edisaldo Rocha disputar\u00e1 a reelei\u00e7\u00e3o pelo PT; veja! - Portal NPM","isPartOf":{"@id":"https:\/\/portalnpm.com\/#website"},"primaryImageOfPage":{"@id":"https:\/\/portalnpm.com\/index.php\/2024\/08\/29\/veterano-na-politica-de-sao-juliao-vereador-edisaldo-rocha-disputara-a-reeleicao-pelo-pt-veja\/#primaryimage"},"image":{"@id":"https:\/\/portalnpm.com\/index.php\/2024\/08\/29\/veterano-na-politica-de-sao-juliao-vereador-edisaldo-rocha-disputara-a-reeleicao-pelo-pt-veja\/#primaryimage"},"thumbnailUrl":"https:\/\/portalnpm.com\/wp-content\/uploads\/2024\/08\/IMG-20240829-WA0878.jpg","datePublished":"2024-08-29T21:42:59+00:00","dateModified":"2024-08-29T21:42:59+00:00","author":{"@id":"https:\/\/portalnpm.com\/#\/schema\/person\/0b5f230ec96cee25504fa328e7f2b733"},"breadcrumb":{"@id":"https:\/\/portalnpm.com\/index.php\/2024\/08\/29\/veterano-na-politica-de-sao-juliao-vereador-edisaldo-rocha-disputara-a-reeleicao-pelo-pt-veja\/#breadcrumb"},"inLanguage":"pt-BR","potentialAction":[{"@type":"ReadAction","target":["https:\/\/portalnpm.com\/index.php\/2024\/08\/29\/veterano-na-politica-de-sao-juliao-vereador-edisaldo-rocha-disputara-a-reeleicao-pelo-pt-veja\/"]}]},{"@type":"ImageObject","inLanguage":"pt-BR","@id":"https:\/\/portalnpm.com\/index.php\/2024\/08\/29\/veterano-na-politica-de-sao-juliao-vereador-edisaldo-rocha-disputara-a-reeleicao-pelo-pt-veja\/#primaryimage","url":"https:\/\/portalnpm.com\/wp-content\/uploads\/2024\/08\/IMG-20240829-WA0878.jpg","contentUrl":"https:\/\/portalnpm.com\/wp-content\/uploads\/2024\/08\/IMG-20240829-WA0878.jpg","width":1080,"height":1074},{"@type":"BreadcrumbList","@id":"https:\/\/portalnpm.com\/index.php\/2024\/08\/29\/veterano-na-politica-de-sao-juliao-vereador-edisaldo-rocha-disputara-a-reeleicao-pelo-pt-veja\/#breadcrumb","itemListElement":[{"@type":"ListItem","position":1,"name":"In\u00edcio","item":"https:\/\/portalnpm.com\/"},{"@type":"ListItem","position":2,"name":"Veterano na pol\u00edtica de S\u00e3o Juli\u00e3o, vereador Edisaldo Rocha disputar\u00e1 a reelei\u00e7\u00e3o pelo PT; veja!"}]},{"@type":"WebSite","@id":"https:\/\/portalnpm.com\/#website","url":"https:\/\/portalnpm.com\/","name":"Portal NPM","description":"Not\u00edcias em Primeira M\u00e3o","potentialAction":[{"@type":"SearchAction","target":{"@type":"EntryPoint","urlTemplate":"https:\/\/portalnpm.com\/?s={search_term_string}"},"query-input":"required name=search_term_string"}],"inLanguage":"pt-BR"},{"@type":"Person","@id":"https:\/\/portalnpm.com\/#\/schema\/person\/0b5f230ec96cee25504fa328e7f2b733","name":"Reda\u00e7\u00e3o","image":{"@type":"ImageObject","inLanguage":"pt-BR","@id":"https:\/\/portalnpm.com\/#\/schema\/person\/image\/","url":"https:\/\/portalnpm.com\/wp-content\/uploads\/2024\/03\/avatar_user_4_1710097212-96x96.png","contentUrl":"https:\/\/portalnpm.com\/wp-content\/uploads\/2024\/03\/avatar_user_4_1710097212-96x96.png","caption":"Reda\u00e7\u00e3o"},"url":"https:\/\/portalnpm.com\/index.php\/author\/redacao\/"}]}},"jetpack_sharing_enabled":true,"jetpack_featured_media_url":"https:\/\/portalnpm.com\/wp-content\/uploads\/2024\/08\/IMG-20240829-WA0878.jpg","_links":{"self":[{"href":"https:\/\/portalnpm.com\/index.php\/wp-json\/wp\/v2\/posts\/76931"}],"collection":[{"href":"https:\/\/portalnpm.com\/index.php\/wp-json\/wp\/v2\/posts"}],"about":[{"href":"https:\/\/portalnpm.com\/index.php\/wp-json\/wp\/v2\/types\/post"}],"author":[{"embeddable":true,"href":"https:\/\/portalnpm.com\/index.php\/wp-json\/wp\/v2\/users\/4"}],"replies":[{"embeddable":true,"href":"https:\/\/portalnpm.com\/index.php\/wp-json\/wp\/v2\/comments?post=76931"}],"version-history":[{"count":1,"href":"https:\/\/portalnpm.com\/index.php\/wp-json\/wp\/v2\/posts\/76931\/revisions"}],"predecessor-version":[{"id":76934,"href":"https:\/\/portalnpm.com\/index.php\/wp-json\/wp\/v2\/posts\/76931\/revisions\/76934"}],"wp:featuredmedia":[{"embeddable":true,"href":"https:\/\/portalnpm.com\/index.php\/wp-json\/wp\/v2\/media\/76933"}],"wp:attachment":[{"href":"https:\/\/portalnpm.com\/index.php\/wp-json\/wp\/v2\/media?parent=76931"}],"wp:term":[{"taxonomy":"category","embeddable":true,"href":"https:\/\/portalnpm.com\/index.php\/wp-json\/wp\/v2\/categories?post=76931"},{"taxonomy":"post_tag","embeddable":true,"href":"https:\/\/portalnpm.com\/index.php\/wp-json\/wp\/v2\/tags?post=76931"}],"curies":[{"name":"wp","href":"https:\/\/api.w.org\/{rel}","templated":true}]}}