{"id":77740,"date":"2024-09-08T10:51:45","date_gmt":"2024-09-08T13:51:45","guid":{"rendered":"https:\/\/portalnpm.com\/?p=77740"},"modified":"2024-09-08T10:51:45","modified_gmt":"2024-09-08T13:51:45","slug":"sao-juliao-de-familia-tradicional-na-politica-local-advogado-davi-junior-disputara-vaga-de-vereador-pelo-pdt-veja","status":"publish","type":"post","link":"https:\/\/portalnpm.com\/index.php\/2024\/09\/08\/sao-juliao-de-familia-tradicional-na-politica-local-advogado-davi-junior-disputara-vaga-de-vereador-pelo-pdt-veja\/","title":{"rendered":"S\u00e3o Juli\u00e3o | De fam\u00edlia tradicional na pol\u00edtica local, advogado Davi J\u00fanior disputar\u00e1 vaga de vereador pelo PDT; veja!"},"content":{"rendered":"<p>Visando o processo pol\u00edtico-eleitoral de 06 de outubro em S\u00e3o Juli\u00e3o, Piau\u00ed, o <strong>Portal NPM<\/strong> iniciou uma s\u00e9rie de mat\u00e9rias onde iremos apresentar os postulantes ao legislativo local.<\/p>\n<p>Davi J\u00fanior \u00e9 advogado e candidato a vereador de S\u00e3o Juli\u00e3o pela primeira vez, disputando uma vaga no parlamento municipal pelo PDT. De uma fam\u00edlia tradicional na pol\u00edtica local, Davi J\u00fanior representa a continua\u00e7\u00e3o do legado familiar de pelo menos dez mandatos na pol\u00edtica do munic\u00edpio. Entre os principais apoiadores de sua campanha, destaca-se o nome do seu primo, Leureny Sobrinho, ex-vereador e ex-candidato a vice-prefeito de S\u00e3o Juli\u00e3o em 2020 pela oposi\u00e7\u00e3o.<\/p>\n<p><img fetchpriority=\"high\" decoding=\"async\" class=\"alignnone wp-image-77745 size-full\" src=\"https:\/\/portalnpm.com\/wp-content\/uploads\/2024\/09\/IMG-20240908-WA0239.jpg\" alt=\"\" width=\"1236\" height=\"1600\" srcset=\"https:\/\/portalnpm.com\/wp-content\/uploads\/2024\/09\/IMG-20240908-WA0239.jpg 1236w, https:\/\/portalnpm.com\/wp-content\/uploads\/2024\/09\/IMG-20240908-WA0239-232x300.jpg 232w, https:\/\/portalnpm.com\/wp-content\/uploads\/2024\/09\/IMG-20240908-WA0239-791x1024.jpg 791w, https:\/\/portalnpm.com\/wp-content\/uploads\/2024\/09\/IMG-20240908-WA0239-768x994.jpg 768w, https:\/\/portalnpm.com\/wp-content\/uploads\/2024\/09\/IMG-20240908-WA0239-1187x1536.jpg 1187w\" sizes=\"(max-width: 1236px) 100vw, 1236px\" \/><\/p>\n<p>Em conversa com nossa reda\u00e7\u00e3o, o candidato enfatizou o desejo de buscar uma vaga no poder Legislativo Municipal.<\/p>\n<p>&#8220;<em>Sou David J\u00fanior, candidato a vereador pela primeira vez, nasci e morei em S\u00e3o Juli\u00e3o at\u00e9 os meus 12 anos, ocasi\u00e3o em que fui estudar fora. Sou advogado e venho de uma fam\u00edlia que possui ra\u00edzes na pol\u00edtica de S\u00e3o Juli\u00e3o, sendo 10 mandatos em defesa dos interesses da popula\u00e7\u00e3o S\u00e3o Juli\u00e3oense e estou colocando o meu nome a disposi\u00e7\u00e3o do povo de S\u00e3o Juli\u00e3o para dar continuidade ao legado pol\u00edtico da minha fam\u00edlia, dando minha parcela de contribui\u00e7\u00e3o, ajudando os mais necessitados, e se eleito for, irei defender e lutar por uma sa\u00fade e educa\u00e7\u00e3o de qualidade, cultura, lazer e esporte para os jovens<\/em>&#8221; disse David Junior.<\/p>\n<figure id=\"attachment_77743\" aria-describedby=\"caption-attachment-77743\" style=\"width: 720px\" class=\"wp-caption alignnone\"><img decoding=\"async\" class=\"wp-image-77743 size-full\" src=\"https:\/\/portalnpm.com\/wp-content\/uploads\/2024\/09\/IMG-20240908-WA0238.jpg\" alt=\"\" width=\"720\" height=\"812\" srcset=\"https:\/\/portalnpm.com\/wp-content\/uploads\/2024\/09\/IMG-20240908-WA0238.jpg 720w, https:\/\/portalnpm.com\/wp-content\/uploads\/2024\/09\/IMG-20240908-WA0238-266x300.jpg 266w\" sizes=\"(max-width: 720px) 100vw, 720px\" \/><figcaption id=\"caption-attachment-77743\" class=\"wp-caption-text\">Dr. Davi J\u00fanior candidato a vereador em S\u00e3o Juli\u00e3o pelo PDT<\/figcaption><\/figure>\n<p>A oposi\u00e7\u00e3o de S\u00e3o Juli\u00e3o ser\u00e1 representada na chapa majorit\u00e1ria por Renaldinho (PDT) e Jos\u00e9 Neci (PT), candidatos a prefeito e vice-prefeito, respectivamente, pela Coliga\u00e7\u00e3o \u201cJuntos Para Reconstruir S\u00e3o Juli\u00e3o\u201d.<\/p>\n","protected":false},"excerpt":{"rendered":"<p>Visando o processo pol\u00edtico-eleitoral de 06 de outubro em S\u00e3o Juli\u00e3o, Piau\u00ed, o Portal NPM iniciou uma s\u00e9rie de mat\u00e9rias onde iremos apresentar os postulantes ao legislativo local. Davi J\u00fanior \u00e9 advogado e candidato a vereador de S\u00e3o Juli\u00e3o pela primeira vez, disputando uma vaga no parlamento municipal pelo PDT. De uma fam\u00edlia tradicional na &hellip;<\/p>\n","protected":false},"author":4,"featured_media":77747,"comment_status":"open","ping_status":"open","sticky":false,"template":"","format":"standard","meta":{"content-type":"","rop_custom_images_group":[],"rop_custom_messages_group":[],"rop_publish_now":"yes","rop_publish_now_accounts":{"facebook_2648258775420054_1618374048415101":""},"rop_publish_now_history":[],"rop_publish_now_status":"pending","footnotes":"","_jetpack_memberships_contains_paid_content":false},"categories":[113,109,3998],"tags":[206,15462,230,4124,657,1197,6237,1978,911,475,1184,134,1196,15539,4144,2427,842,194],"yoast_head":"<!-- This site is optimized with the Yoast SEO plugin v22.3 - https:\/\/yoast.com\/wordpress\/plugins\/seo\/ -->\n<title>S\u00e3o Juli\u00e3o | De fam\u00edlia tradicional na pol\u00edtica local, advogado Davi J\u00fanior disputar\u00e1 vaga de vereador pelo PDT; veja! - Portal NPM<\/title>\n<meta name=\"robots\" content=\"index, follow, max-snippet:-1, max-image-preview:large, max-video-preview:-1\" \/>\n<link rel=\"canonical\" href=\"https:\/\/portalnpm.com\/index.php\/2024\/09\/08\/sao-juliao-de-familia-tradicional-na-politica-local-advogado-davi-junior-disputara-vaga-de-vereador-pelo-pdt-veja\/\" \/>\n<meta property=\"og:locale\" content=\"pt_BR\" \/>\n<meta property=\"og:type\" content=\"article\" \/>\n<meta property=\"og:title\" content=\"S\u00e3o Juli\u00e3o | De fam\u00edlia tradicional na pol\u00edtica local, advogado Davi J\u00fanior disputar\u00e1 vaga de vereador pelo PDT; veja! - Portal NPM\" \/>\n<meta property=\"og:description\" content=\"Visando o processo pol\u00edtico-eleitoral de 06 de outubro em S\u00e3o Juli\u00e3o, Piau\u00ed, o Portal NPM iniciou uma s\u00e9rie de mat\u00e9rias onde iremos apresentar os postulantes ao legislativo local. Davi J\u00fanior \u00e9 advogado e candidato a vereador de S\u00e3o Juli\u00e3o pela primeira vez, disputando uma vaga no parlamento municipal pelo PDT. De uma fam\u00edlia tradicional na &hellip;\" \/>\n<meta property=\"og:url\" content=\"https:\/\/portalnpm.com\/index.php\/2024\/09\/08\/sao-juliao-de-familia-tradicional-na-politica-local-advogado-davi-junior-disputara-vaga-de-vereador-pelo-pdt-veja\/\" \/>\n<meta property=\"og:site_name\" content=\"Portal NPM\" \/>\n<meta property=\"article:published_time\" content=\"2024-09-08T13:51:45+00:00\" \/>\n<meta property=\"og:image\" content=\"https:\/\/portalnpm.com\/wp-content\/uploads\/2024\/09\/IMG-20240908-WA0241.jpg\" \/>\n\t<meta property=\"og:image:width\" content=\"1080\" \/>\n\t<meta property=\"og:image:height\" content=\"803\" \/>\n\t<meta property=\"og:image:type\" content=\"image\/jpeg\" \/>\n<meta name=\"author\" content=\"Reda\u00e7\u00e3o\" \/>\n<meta name=\"twitter:card\" content=\"summary_large_image\" \/>\n<meta name=\"twitter:label1\" content=\"Escrito por\" \/>\n\t<meta name=\"twitter:data1\" content=\"Reda\u00e7\u00e3o\" \/>\n\t<meta name=\"twitter:label2\" content=\"Est. tempo de leitura\" \/>\n\t<meta name=\"twitter:data2\" content=\"3 minutos\" \/>\n<script type=\"application\/ld+json\" class=\"yoast-schema-graph\">{\"@context\":\"https:\/\/schema.org\",\"@graph\":[{\"@type\":\"WebPage\",\"@id\":\"https:\/\/portalnpm.com\/index.php\/2024\/09\/08\/sao-juliao-de-familia-tradicional-na-politica-local-advogado-davi-junior-disputara-vaga-de-vereador-pelo-pdt-veja\/\",\"url\":\"https:\/\/portalnpm.com\/index.php\/2024\/09\/08\/sao-juliao-de-familia-tradicional-na-politica-local-advogado-davi-junior-disputara-vaga-de-vereador-pelo-pdt-veja\/\",\"name\":\"S\u00e3o Juli\u00e3o | De fam\u00edlia tradicional na pol\u00edtica local, advogado Davi J\u00fanior disputar\u00e1 vaga de vereador pelo PDT; veja! - Portal NPM\",\"isPartOf\":{\"@id\":\"https:\/\/portalnpm.com\/#website\"},\"primaryImageOfPage\":{\"@id\":\"https:\/\/portalnpm.com\/index.php\/2024\/09\/08\/sao-juliao-de-familia-tradicional-na-politica-local-advogado-davi-junior-disputara-vaga-de-vereador-pelo-pdt-veja\/#primaryimage\"},\"image\":{\"@id\":\"https:\/\/portalnpm.com\/index.php\/2024\/09\/08\/sao-juliao-de-familia-tradicional-na-politica-local-advogado-davi-junior-disputara-vaga-de-vereador-pelo-pdt-veja\/#primaryimage\"},\"thumbnailUrl\":\"https:\/\/portalnpm.com\/wp-content\/uploads\/2024\/09\/IMG-20240908-WA0241.jpg\",\"datePublished\":\"2024-09-08T13:51:45+00:00\",\"dateModified\":\"2024-09-08T13:51:45+00:00\",\"author\":{\"@id\":\"https:\/\/portalnpm.com\/#\/schema\/person\/0b5f230ec96cee25504fa328e7f2b733\"},\"breadcrumb\":{\"@id\":\"https:\/\/portalnpm.com\/index.php\/2024\/09\/08\/sao-juliao-de-familia-tradicional-na-politica-local-advogado-davi-junior-disputara-vaga-de-vereador-pelo-pdt-veja\/#breadcrumb\"},\"inLanguage\":\"pt-BR\",\"potentialAction\":[{\"@type\":\"ReadAction\",\"target\":[\"https:\/\/portalnpm.com\/index.php\/2024\/09\/08\/sao-juliao-de-familia-tradicional-na-politica-local-advogado-davi-junior-disputara-vaga-de-vereador-pelo-pdt-veja\/\"]}]},{\"@type\":\"ImageObject\",\"inLanguage\":\"pt-BR\",\"@id\":\"https:\/\/portalnpm.com\/index.php\/2024\/09\/08\/sao-juliao-de-familia-tradicional-na-politica-local-advogado-davi-junior-disputara-vaga-de-vereador-pelo-pdt-veja\/#primaryimage\",\"url\":\"https:\/\/portalnpm.com\/wp-content\/uploads\/2024\/09\/IMG-20240908-WA0241.jpg\",\"contentUrl\":\"https:\/\/portalnpm.com\/wp-content\/uploads\/2024\/09\/IMG-20240908-WA0241.jpg\",\"width\":1080,\"height\":803},{\"@type\":\"BreadcrumbList\",\"@id\":\"https:\/\/portalnpm.com\/index.php\/2024\/09\/08\/sao-juliao-de-familia-tradicional-na-politica-local-advogado-davi-junior-disputara-vaga-de-vereador-pelo-pdt-veja\/#breadcrumb\",\"itemListElement\":[{\"@type\":\"ListItem\",\"position\":1,\"name\":\"In\u00edcio\",\"item\":\"https:\/\/portalnpm.com\/\"},{\"@type\":\"ListItem\",\"position\":2,\"name\":\"S\u00e3o Juli\u00e3o | De fam\u00edlia tradicional na pol\u00edtica local, advogado Davi J\u00fanior disputar\u00e1 vaga de vereador pelo PDT; veja!\"}]},{\"@type\":\"WebSite\",\"@id\":\"https:\/\/portalnpm.com\/#website\",\"url\":\"https:\/\/portalnpm.com\/\",\"name\":\"Portal NPM\",\"description\":\"Not\u00edcias em Primeira M\u00e3o\",\"potentialAction\":[{\"@type\":\"SearchAction\",\"target\":{\"@type\":\"EntryPoint\",\"urlTemplate\":\"https:\/\/portalnpm.com\/?s={search_term_string}\"},\"query-input\":\"required name=search_term_string\"}],\"inLanguage\":\"pt-BR\"},{\"@type\":\"Person\",\"@id\":\"https:\/\/portalnpm.com\/#\/schema\/person\/0b5f230ec96cee25504fa328e7f2b733\",\"name\":\"Reda\u00e7\u00e3o\",\"image\":{\"@type\":\"ImageObject\",\"inLanguage\":\"pt-BR\",\"@id\":\"https:\/\/portalnpm.com\/#\/schema\/person\/image\/\",\"url\":\"https:\/\/portalnpm.com\/wp-content\/uploads\/2024\/03\/avatar_user_4_1710097212-96x96.png\",\"contentUrl\":\"https:\/\/portalnpm.com\/wp-content\/uploads\/2024\/03\/avatar_user_4_1710097212-96x96.png\",\"caption\":\"Reda\u00e7\u00e3o\"},\"url\":\"https:\/\/portalnpm.com\/index.php\/author\/redacao\/\"}]}<\/script>\n<!-- \/ Yoast SEO plugin. -->","yoast_head_json":{"title":"S\u00e3o Juli\u00e3o | De fam\u00edlia tradicional na pol\u00edtica local, advogado Davi J\u00fanior disputar\u00e1 vaga de vereador pelo PDT; veja! - Portal NPM","robots":{"index":"index","follow":"follow","max-snippet":"max-snippet:-1","max-image-preview":"max-image-preview:large","max-video-preview":"max-video-preview:-1"},"canonical":"https:\/\/portalnpm.com\/index.php\/2024\/09\/08\/sao-juliao-de-familia-tradicional-na-politica-local-advogado-davi-junior-disputara-vaga-de-vereador-pelo-pdt-veja\/","og_locale":"pt_BR","og_type":"article","og_title":"S\u00e3o Juli\u00e3o | De fam\u00edlia tradicional na pol\u00edtica local, advogado Davi J\u00fanior disputar\u00e1 vaga de vereador pelo PDT; veja! - Portal NPM","og_description":"Visando o processo pol\u00edtico-eleitoral de 06 de outubro em S\u00e3o Juli\u00e3o, Piau\u00ed, o Portal NPM iniciou uma s\u00e9rie de mat\u00e9rias onde iremos apresentar os postulantes ao legislativo local. Davi J\u00fanior \u00e9 advogado e candidato a vereador de S\u00e3o Juli\u00e3o pela primeira vez, disputando uma vaga no parlamento municipal pelo PDT. De uma fam\u00edlia tradicional na &hellip;","og_url":"https:\/\/portalnpm.com\/index.php\/2024\/09\/08\/sao-juliao-de-familia-tradicional-na-politica-local-advogado-davi-junior-disputara-vaga-de-vereador-pelo-pdt-veja\/","og_site_name":"Portal NPM","article_published_time":"2024-09-08T13:51:45+00:00","og_image":[{"width":1080,"height":803,"url":"https:\/\/portalnpm.com\/wp-content\/uploads\/2024\/09\/IMG-20240908-WA0241.jpg","type":"image\/jpeg"}],"author":"Reda\u00e7\u00e3o","twitter_card":"summary_large_image","twitter_misc":{"Escrito por":"Reda\u00e7\u00e3o","Est. tempo de leitura":"3 minutos"},"schema":{"@context":"https:\/\/schema.org","@graph":[{"@type":"WebPage","@id":"https:\/\/portalnpm.com\/index.php\/2024\/09\/08\/sao-juliao-de-familia-tradicional-na-politica-local-advogado-davi-junior-disputara-vaga-de-vereador-pelo-pdt-veja\/","url":"https:\/\/portalnpm.com\/index.php\/2024\/09\/08\/sao-juliao-de-familia-tradicional-na-politica-local-advogado-davi-junior-disputara-vaga-de-vereador-pelo-pdt-veja\/","name":"S\u00e3o Juli\u00e3o | De fam\u00edlia tradicional na pol\u00edtica local, advogado Davi J\u00fanior disputar\u00e1 vaga de vereador pelo PDT; veja! - Portal NPM","isPartOf":{"@id":"https:\/\/portalnpm.com\/#website"},"primaryImageOfPage":{"@id":"https:\/\/portalnpm.com\/index.php\/2024\/09\/08\/sao-juliao-de-familia-tradicional-na-politica-local-advogado-davi-junior-disputara-vaga-de-vereador-pelo-pdt-veja\/#primaryimage"},"image":{"@id":"https:\/\/portalnpm.com\/index.php\/2024\/09\/08\/sao-juliao-de-familia-tradicional-na-politica-local-advogado-davi-junior-disputara-vaga-de-vereador-pelo-pdt-veja\/#primaryimage"},"thumbnailUrl":"https:\/\/portalnpm.com\/wp-content\/uploads\/2024\/09\/IMG-20240908-WA0241.jpg","datePublished":"2024-09-08T13:51:45+00:00","dateModified":"2024-09-08T13:51:45+00:00","author":{"@id":"https:\/\/portalnpm.com\/#\/schema\/person\/0b5f230ec96cee25504fa328e7f2b733"},"breadcrumb":{"@id":"https:\/\/portalnpm.com\/index.php\/2024\/09\/08\/sao-juliao-de-familia-tradicional-na-politica-local-advogado-davi-junior-disputara-vaga-de-vereador-pelo-pdt-veja\/#breadcrumb"},"inLanguage":"pt-BR","potentialAction":[{"@type":"ReadAction","target":["https:\/\/portalnpm.com\/index.php\/2024\/09\/08\/sao-juliao-de-familia-tradicional-na-politica-local-advogado-davi-junior-disputara-vaga-de-vereador-pelo-pdt-veja\/"]}]},{"@type":"ImageObject","inLanguage":"pt-BR","@id":"https:\/\/portalnpm.com\/index.php\/2024\/09\/08\/sao-juliao-de-familia-tradicional-na-politica-local-advogado-davi-junior-disputara-vaga-de-vereador-pelo-pdt-veja\/#primaryimage","url":"https:\/\/portalnpm.com\/wp-content\/uploads\/2024\/09\/IMG-20240908-WA0241.jpg","contentUrl":"https:\/\/portalnpm.com\/wp-content\/uploads\/2024\/09\/IMG-20240908-WA0241.jpg","width":1080,"height":803},{"@type":"BreadcrumbList","@id":"https:\/\/portalnpm.com\/index.php\/2024\/09\/08\/sao-juliao-de-familia-tradicional-na-politica-local-advogado-davi-junior-disputara-vaga-de-vereador-pelo-pdt-veja\/#breadcrumb","itemListElement":[{"@type":"ListItem","position":1,"name":"In\u00edcio","item":"https:\/\/portalnpm.com\/"},{"@type":"ListItem","position":2,"name":"S\u00e3o Juli\u00e3o | De fam\u00edlia tradicional na pol\u00edtica local, advogado Davi J\u00fanior disputar\u00e1 vaga de vereador pelo PDT; veja!"}]},{"@type":"WebSite","@id":"https:\/\/portalnpm.com\/#website","url":"https:\/\/portalnpm.com\/","name":"Portal NPM","description":"Not\u00edcias em Primeira M\u00e3o","potentialAction":[{"@type":"SearchAction","target":{"@type":"EntryPoint","urlTemplate":"https:\/\/portalnpm.com\/?s={search_term_string}"},"query-input":"required name=search_term_string"}],"inLanguage":"pt-BR"},{"@type":"Person","@id":"https:\/\/portalnpm.com\/#\/schema\/person\/0b5f230ec96cee25504fa328e7f2b733","name":"Reda\u00e7\u00e3o","image":{"@type":"ImageObject","inLanguage":"pt-BR","@id":"https:\/\/portalnpm.com\/#\/schema\/person\/image\/","url":"https:\/\/portalnpm.com\/wp-content\/uploads\/2024\/03\/avatar_user_4_1710097212-96x96.png","contentUrl":"https:\/\/portalnpm.com\/wp-content\/uploads\/2024\/03\/avatar_user_4_1710097212-96x96.png","caption":"Reda\u00e7\u00e3o"},"url":"https:\/\/portalnpm.com\/index.php\/author\/redacao\/"}]}},"jetpack_sharing_enabled":true,"jetpack_featured_media_url":"https:\/\/portalnpm.com\/wp-content\/uploads\/2024\/09\/IMG-20240908-WA0241.jpg","_links":{"self":[{"href":"https:\/\/portalnpm.com\/index.php\/wp-json\/wp\/v2\/posts\/77740"}],"collection":[{"href":"https:\/\/portalnpm.com\/index.php\/wp-json\/wp\/v2\/posts"}],"about":[{"href":"https:\/\/portalnpm.com\/index.php\/wp-json\/wp\/v2\/types\/post"}],"author":[{"embeddable":true,"href":"https:\/\/portalnpm.com\/index.php\/wp-json\/wp\/v2\/users\/4"}],"replies":[{"embeddable":true,"href":"https:\/\/portalnpm.com\/index.php\/wp-json\/wp\/v2\/comments?post=77740"}],"version-history":[{"count":4,"href":"https:\/\/portalnpm.com\/index.php\/wp-json\/wp\/v2\/posts\/77740\/revisions"}],"predecessor-version":[{"id":77746,"href":"https:\/\/portalnpm.com\/index.php\/wp-json\/wp\/v2\/posts\/77740\/revisions\/77746"}],"wp:featuredmedia":[{"embeddable":true,"href":"https:\/\/portalnpm.com\/index.php\/wp-json\/wp\/v2\/media\/77747"}],"wp:attachment":[{"href":"https:\/\/portalnpm.com\/index.php\/wp-json\/wp\/v2\/media?parent=77740"}],"wp:term":[{"taxonomy":"category","embeddable":true,"href":"https:\/\/portalnpm.com\/index.php\/wp-json\/wp\/v2\/categories?post=77740"},{"taxonomy":"post_tag","embeddable":true,"href":"https:\/\/portalnpm.com\/index.php\/wp-json\/wp\/v2\/tags?post=77740"}],"curies":[{"name":"wp","href":"https:\/\/api.w.org\/{rel}","templated":true}]}}